{"id":1730,"date":"2025-04-26T11:41:55","date_gmt":"2025-04-26T11:41:55","guid":{"rendered":"https:\/\/agrupacionespsoe.es\/melilla\/?p=1730"},"modified":"2025-04-26T11:41:56","modified_gmt":"2025-04-26T11:41:56","slug":"rojas-cuando-gobierna-el-psoe-a-melilla-le-va-mejor-y-lo-vamos-a-volver-hacer-con-mas-fuerza-y-diputados","status":"publish","type":"post","link":"https:\/\/agrupacionespsoe.es\/melilla\/rojas-cuando-gobierna-el-psoe-a-melilla-le-va-mejor-y-lo-vamos-a-volver-hacer-con-mas-fuerza-y-diputados\/","title":{"rendered":"Rojas: \u201cCuando gobierna el PSOE a Melilla le va mejor y lo vamos a volver hacer con m\u00e1s fuerza y diputados\u201d"},"content":{"rendered":"\n<p><strong>Escobar:&nbsp;<\/strong><strong>\u201c<\/strong><strong>V<\/strong><strong>amos a estar en primera l\u00ednea<\/strong><strong>&nbsp;<\/strong><strong>frente a ese intento de&nbsp;<\/strong><strong>algunos de&nbsp;<\/strong><strong>hacer desaparecer nuestros derechos y libertades<\/strong><strong>\u201d<\/strong><\/p>\n\n\n\n<p>\u201cMelilla necesita&nbsp;que&nbsp;el PSOE y Pedro S\u00e1nchez siga gobernando en Espa\u00f1a&nbsp;porque a nuestra ciudad,&nbsp;cuando gobierna el PSOE,&nbsp;le va mejor, pero tambi\u00e9n&nbsp;cuando lo hace en la ciudad y en&nbsp;el&nbsp;2027 lo vamos a volver a hacer con m\u00e1s diputados y&nbsp;con&nbsp;m\u00e1s fuerza\u201d.<\/p>\n\n\n\n<p>La ex Secretaria General de los socialistas locales, Gloria Rojas, en su intervenci\u00f3n en la inauguraci\u00f3n del 15 Congreso Regional&nbsp;del PSME-PSOE, ha recordado que, cuando los socialistas estuvieron en&nbsp;el Gobierno local, \u201chemos demostrado, en&nbsp;todas nuestras \u00e1reas de gesti\u00f3n, que somos capaces de gobernar para todos y todas, para el progreso de Melilla sin distinci\u00f3n de absolutamente nada\u201d.<\/p>\n\n\n\n<p>Los socialistas melillenses, bajo el lema \u2018El&nbsp;futuro de Melilla es ahora\u2019, est\u00e1 realizando su conclave en el IES \u2018Virgen de la Victoria\u2019, donde Rojas ha puesto en valor los progresos que est\u00e1 teniendo Espa\u00f1a de la mano del Ejecutivo de Pedro S\u00e1nchez. Unos avances, ha apuntado, que&nbsp;\u201ca veces lo vemos tapado con el ruido de la derecha y la ultraderecha, con este ataque e insultos al que nos vemos sometidos\u201d.<\/p>\n\n\n\n<p>Precisamente por ello, Gloria Rojas ha mando un&nbsp;abrazo enorme del PSOE de&nbsp;Cantabria, despu\u00e9s de que ayer una sede de los socialistas c\u00e1ntabros fuese atacada con el lanzamiento de botellas inflamables cuando realizaban un acto de memoria democr\u00e1tica. \u201cFrente&nbsp;a la violencia y&nbsp;el odio&nbsp;responderemos con&nbsp;memoria,&nbsp;con respeto, y&nbsp;con&nbsp;justicia\u201d, ha recalcado.<\/p>\n\n\n\n<p>Rojas ha apuntado que en este Congreso se va a elegir al equipo que va a acompa\u00f1ar a la Secretaria General, Sabrina Moh, durante los pr\u00f3ximos cuatro a\u00f1os, pero tambi\u00e9n para actualizar ideas y definir el proyecto de cara a gobernar en la pr\u00f3xima legislatura esta ciudad.<\/p>\n\n\n\n<p><strong>Progreso y libertad<\/strong><\/p>\n\n\n\n<p>El tambi\u00e9n ex Secretario General del PSOE, Gregorio Escobar, en su intervenci\u00f3n, ha recordado que, desde la fundaci\u00f3n de la formaci\u00f3n socialista en nuestra ciudad, el Partido Socialista \u201cha tenido un objetivo y una misi\u00f3n que ha sido el de trabajar por el bienestar de Melilla por el progreso de nuestra tierra y por los derechos y libertades de todas las personas\u201d.<\/p>\n\n\n\n<p>Escobar ha recordado que el PSOE es la m\u00e1s antigua organizaci\u00f3n pol\u00edtica de nuestro pa\u00eds en la defensa de los derechos y libertades. Una longevidad, ha agregado, que se debe en tener como base unos cimientos que como son valores y principios inquebrantables, tales como la igualdad, la justicia, la solidaridad\u2026 pero tambi\u00e9n al hecho de \u201cpasar de ser una simple organizaci\u00f3n pol\u00edtica a convertirse en una verdadera comunidad de ideas y afectos\u201d-<\/p>\n\n\n\n<p>En su intervenci\u00f3n el que fuera n\u00famero uno del PSOE local se ha referido a la situaci\u00f3n que se vive tanto en el \u00e1mbito nacional como internacional y \u201cc\u00f3mo veos a algunos empe\u00f1ados en ir a lomos de una nostalgia y darle hacia a tras en el reloj de la historia y hacer desaparecer lo que son nuestros derechos y libertades\u201d. Frente a ellos, ha advertido, \u201clos y las socialistas vamos a estar en primera l\u00ednea de esa batalla ideol\u00f3gica y cultural&nbsp;<a><\/a>frente a ese intento de llevarnos hacia atr\u00e1s\u201d.<\/p>\n\n\n\n<p>Y, en Melilla, ha apostillado, \u201ctambi\u00e9n estamos en un momento crucial\u201d. \u201cTenemos que volver a redefinir nuestro modelo econ\u00f3mico para garantizar el progreso y el desarrollo de Melilla, para garantizar el empleo de tantos j\u00f3venes que hoy miran con incertidumbre el futuro, y para que desaparezcan las desigualdades sociales que hoy siguen existiendo y que uno puede apreciar cuando se da una vuelta por muchos barrios de la ciudad\u201d.<\/p>\n","protected":false},"excerpt":{"rendered":"<p>Escobar:&nbsp;\u201cVamos a estar en primera l\u00ednea&nbsp;frente a ese intento de&nbsp;algunos de&nbsp;hacer desaparecer nuestros derechos y libertades\u201d \u201cMelilla necesita&nbsp;que&nbsp;el PSOE y Pedro S\u00e1nchez siga gobernando en Espa\u00f1a&nbsp;porque a nuestra ciudad,&nbsp;cuando gobierna el PSOE,&nbsp;le va mejor, pero tambi\u00e9n&nbsp;cuando lo hace en la ciudad y en&nbsp;el&nbsp;2027 lo vamos a volver a hacer con m\u00e1s diputados y&nbsp;con&nbsp;m\u00e1s fuerza\u201d. La &#8230;<\/p>\n","protected":false},"author":187,"featured_media":1731,"comment_status":"open","ping_status":"open","sticky":false,"template":"","format":"standard","meta":{"_jetpack_memberships_contains_paid_content":false,"footnotes":""},"categories":[1],"tags":[],"class_list":["post-1730","post","type-post","status-publish","format-standard","has-post-thumbnail","hentry","category-sin-categoria"],"yoast_head":"<!-- This site is optimized with the Yoast SEO plugin v24.0 - https:\/\/yoast.com\/wordpress\/plugins\/seo\/ -->\n<title>Rojas: \u201cCuando gobierna el PSOE a Melilla le va mejor y lo vamos a volver hacer con m\u00e1s fuerza y diputados\u201d - Agrupaci\u00f3n Socialista de Melilla<\/title>\n<meta name=\"robots\" content=\"index, follow, max-snippet:-1, max-image-preview:large, max-video-preview:-1\" \/>\n<link rel=\"canonical\" href=\"https:\/\/agrupacionespsoe.es\/melilla\/rojas-cuando-gobierna-el-psoe-a-melilla-le-va-mejor-y-lo-vamos-a-volver-hacer-con-mas-fuerza-y-diputados\/\" \/>\n<meta property=\"og:locale\" content=\"es_ES\" \/>\n<meta property=\"og:type\" content=\"article\" \/>\n<meta property=\"og:title\" content=\"Rojas: \u201cCuando gobierna el PSOE a Melilla le va mejor y lo vamos a volver hacer con m\u00e1s fuerza y diputados\u201d - Agrupaci\u00f3n Socialista de Melilla\" \/>\n<meta property=\"og:description\" content=\"Escobar:&nbsp;\u201cVamos a estar en primera l\u00ednea&nbsp;frente a ese intento de&nbsp;algunos de&nbsp;hacer desaparecer nuestros derechos y libertades\u201d \u201cMelilla necesita&nbsp;que&nbsp;el PSOE y Pedro S\u00e1nchez siga gobernando en Espa\u00f1a&nbsp;porque a nuestra ciudad,&nbsp;cuando gobierna el PSOE,&nbsp;le va mejor, pero tambi\u00e9n&nbsp;cuando lo hace en la ciudad y en&nbsp;el&nbsp;2027 lo vamos a volver a hacer con m\u00e1s diputados y&nbsp;con&nbsp;m\u00e1s fuerza\u201d. La ...\" \/>\n<meta property=\"og:url\" content=\"https:\/\/agrupacionespsoe.es\/melilla\/rojas-cuando-gobierna-el-psoe-a-melilla-le-va-mejor-y-lo-vamos-a-volver-hacer-con-mas-fuerza-y-diputados\/\" \/>\n<meta property=\"og:site_name\" content=\"Agrupaci\u00f3n Socialista de Melilla\" \/>\n<meta property=\"article:published_time\" content=\"2025-04-26T11:41:55+00:00\" \/>\n<meta property=\"article:modified_time\" content=\"2025-04-26T11:41:56+00:00\" \/>\n<meta property=\"og:image\" content=\"https:\/\/agrupacionespsoe.es\/melilla\/wp-content\/uploads\/sites\/120\/2025\/04\/cf9b8d82-0fde-493e-9a08-5f905ec18033-scaled.jpeg\" \/>\n\t<meta property=\"og:image:width\" content=\"2560\" \/>\n\t<meta property=\"og:image:height\" content=\"1707\" \/>\n\t<meta property=\"og:image:type\" content=\"image\/jpeg\" \/>\n<meta name=\"author\" content=\"melilla2\" \/>\n<meta name=\"twitter:card\" content=\"summary_large_image\" \/>\n<meta name=\"twitter:label1\" content=\"Escrito por\" \/>\n\t<meta name=\"twitter:data1\" content=\"melilla2\" \/>\n\t<meta name=\"twitter:label2\" content=\"Tiempo de lectura\" \/>\n\t<meta name=\"twitter:data2\" content=\"3 minutos\" \/>\n<script type=\"application\/ld+json\" class=\"yoast-schema-graph\">{\"@context\":\"https:\/\/schema.org\",\"@graph\":[{\"@type\":\"Article\",\"@id\":\"https:\/\/agrupacionespsoe.es\/melilla\/rojas-cuando-gobierna-el-psoe-a-melilla-le-va-mejor-y-lo-vamos-a-volver-hacer-con-mas-fuerza-y-diputados\/#article\",\"isPartOf\":{\"@id\":\"https:\/\/agrupacionespsoe.es\/melilla\/rojas-cuando-gobierna-el-psoe-a-melilla-le-va-mejor-y-lo-vamos-a-volver-hacer-con-mas-fuerza-y-diputados\/\"},\"author\":{\"name\":\"melilla2\",\"@id\":\"https:\/\/agrupacionespsoe.es\/melilla\/#\/schema\/person\/72bb3075a827d0ed0623682b96c92bd6\"},\"headline\":\"Rojas: \u201cCuando gobierna el PSOE a Melilla le va mejor y lo vamos a volver hacer con m\u00e1s fuerza y diputados\u201d\",\"datePublished\":\"2025-04-26T11:41:55+00:00\",\"dateModified\":\"2025-04-26T11:41:56+00:00\",\"mainEntityOfPage\":{\"@id\":\"https:\/\/agrupacionespsoe.es\/melilla\/rojas-cuando-gobierna-el-psoe-a-melilla-le-va-mejor-y-lo-vamos-a-volver-hacer-con-mas-fuerza-y-diputados\/\"},\"wordCount\":694,\"commentCount\":0,\"publisher\":{\"@id\":\"https:\/\/agrupacionespsoe.es\/melilla\/#organization\"},\"image\":{\"@id\":\"https:\/\/agrupacionespsoe.es\/melilla\/rojas-cuando-gobierna-el-psoe-a-melilla-le-va-mejor-y-lo-vamos-a-volver-hacer-con-mas-fuerza-y-diputados\/#primaryimage\"},\"thumbnailUrl\":\"https:\/\/agrupacionespsoe.es\/melilla\/wp-content\/uploads\/sites\/120\/2025\/04\/cf9b8d82-0fde-493e-9a08-5f905ec18033-scaled.jpeg\",\"inLanguage\":\"es\",\"potentialAction\":[{\"@type\":\"CommentAction\",\"name\":\"Comment\",\"target\":[\"https:\/\/agrupacionespsoe.es\/melilla\/rojas-cuando-gobierna-el-psoe-a-melilla-le-va-mejor-y-lo-vamos-a-volver-hacer-con-mas-fuerza-y-diputados\/#respond\"]}]},{\"@type\":\"WebPage\",\"@id\":\"https:\/\/agrupacionespsoe.es\/melilla\/rojas-cuando-gobierna-el-psoe-a-melilla-le-va-mejor-y-lo-vamos-a-volver-hacer-con-mas-fuerza-y-diputados\/\",\"url\":\"https:\/\/agrupacionespsoe.es\/melilla\/rojas-cuando-gobierna-el-psoe-a-melilla-le-va-mejor-y-lo-vamos-a-volver-hacer-con-mas-fuerza-y-diputados\/\",\"name\":\"Rojas: \u201cCuando gobierna el PSOE a Melilla le va mejor y lo vamos a volver hacer con m\u00e1s fuerza y diputados\u201d - Agrupaci\u00f3n Socialista de Melilla\",\"isPartOf\":{\"@id\":\"https:\/\/agrupacionespsoe.es\/melilla\/#website\"},\"primaryImageOfPage\":{\"@id\":\"https:\/\/agrupacionespsoe.es\/melilla\/rojas-cuando-gobierna-el-psoe-a-melilla-le-va-mejor-y-lo-vamos-a-volver-hacer-con-mas-fuerza-y-diputados\/#primaryimage\"},\"image\":{\"@id\":\"https:\/\/agrupacionespsoe.es\/melilla\/rojas-cuando-gobierna-el-psoe-a-melilla-le-va-mejor-y-lo-vamos-a-volver-hacer-con-mas-fuerza-y-diputados\/#primaryimage\"},\"thumbnailUrl\":\"https:\/\/agrupacionespsoe.es\/melilla\/wp-content\/uploads\/sites\/120\/2025\/04\/cf9b8d82-0fde-493e-9a08-5f905ec18033-scaled.jpeg\",\"datePublished\":\"2025-04-26T11:41:55+00:00\",\"dateModified\":\"2025-04-26T11:41:56+00:00\",\"breadcrumb\":{\"@id\":\"https:\/\/agrupacionespsoe.es\/melilla\/rojas-cuando-gobierna-el-psoe-a-melilla-le-va-mejor-y-lo-vamos-a-volver-hacer-con-mas-fuerza-y-diputados\/#breadcrumb\"},\"inLanguage\":\"es\",\"potentialAction\":[{\"@type\":\"ReadAction\",\"target\":[\"https:\/\/agrupacionespsoe.es\/melilla\/rojas-cuando-gobierna-el-psoe-a-melilla-le-va-mejor-y-lo-vamos-a-volver-hacer-con-mas-fuerza-y-diputados\/\"]}]},{\"@type\":\"ImageObject\",\"inLanguage\":\"es\",\"@id\":\"https:\/\/agrupacionespsoe.es\/melilla\/rojas-cuando-gobierna-el-psoe-a-melilla-le-va-mejor-y-lo-vamos-a-volver-hacer-con-mas-fuerza-y-diputados\/#primaryimage\",\"url\":\"https:\/\/agrupacionespsoe.es\/melilla\/wp-content\/uploads\/sites\/120\/2025\/04\/cf9b8d82-0fde-493e-9a08-5f905ec18033-scaled.jpeg\",\"contentUrl\":\"https:\/\/agrupacionespsoe.es\/melilla\/wp-content\/uploads\/sites\/120\/2025\/04\/cf9b8d82-0fde-493e-9a08-5f905ec18033-scaled.jpeg\",\"width\":2560,\"height\":1707},{\"@type\":\"BreadcrumbList\",\"@id\":\"https:\/\/agrupacionespsoe.es\/melilla\/rojas-cuando-gobierna-el-psoe-a-melilla-le-va-mejor-y-lo-vamos-a-volver-hacer-con-mas-fuerza-y-diputados\/#breadcrumb\",\"itemListElement\":[{\"@type\":\"ListItem\",\"position\":1,\"name\":\"Portada\",\"item\":\"https:\/\/agrupacionespsoe.es\/melilla\/\"},{\"@type\":\"ListItem\",\"position\":2,\"name\":\"Rojas: \u201cCuando gobierna el PSOE a Melilla le va mejor y lo vamos a volver hacer con m\u00e1s fuerza y diputados\u201d\"}]},{\"@type\":\"WebSite\",\"@id\":\"https:\/\/agrupacionespsoe.es\/melilla\/#website\",\"url\":\"https:\/\/agrupacionespsoe.es\/melilla\/\",\"name\":\"Agrupaci\u00f3n Socialista de Melilla\",\"description\":\"Agrupaci\u00f3n Socialista de Melilla\",\"publisher\":{\"@id\":\"https:\/\/agrupacionespsoe.es\/melilla\/#organization\"},\"potentialAction\":[{\"@type\":\"SearchAction\",\"target\":{\"@type\":\"EntryPoint\",\"urlTemplate\":\"https:\/\/agrupacionespsoe.es\/melilla\/?s={search_term_string}\"},\"query-input\":{\"@type\":\"PropertyValueSpecification\",\"valueRequired\":true,\"valueName\":\"search_term_string\"}}],\"inLanguage\":\"es\"},{\"@type\":\"Organization\",\"@id\":\"https:\/\/agrupacionespsoe.es\/melilla\/#organization\",\"name\":\"Agrupaci\u00f3n Socialista de Melilla\",\"url\":\"https:\/\/agrupacionespsoe.es\/melilla\/\",\"logo\":{\"@type\":\"ImageObject\",\"inLanguage\":\"es\",\"@id\":\"https:\/\/agrupacionespsoe.es\/melilla\/#\/schema\/logo\/image\/\",\"url\":\"https:\/\/agrupacionespsoe.es\/wp-content\/uploads\/2022\/07\/Logotipo_electoral_del_PSOE.png\",\"contentUrl\":\"https:\/\/agrupacionespsoe.es\/wp-content\/uploads\/2022\/07\/Logotipo_electoral_del_PSOE.png\",\"width\":422,\"height\":422,\"caption\":\"Agrupaci\u00f3n Socialista de Melilla\"},\"image\":{\"@id\":\"https:\/\/agrupacionespsoe.es\/melilla\/#\/schema\/logo\/image\/\"}},{\"@type\":\"Person\",\"@id\":\"https:\/\/agrupacionespsoe.es\/melilla\/#\/schema\/person\/72bb3075a827d0ed0623682b96c92bd6\",\"name\":\"melilla2\",\"image\":{\"@type\":\"ImageObject\",\"inLanguage\":\"es\",\"@id\":\"https:\/\/agrupacionespsoe.es\/melilla\/#\/schema\/person\/image\/\",\"url\":\"https:\/\/secure.gravatar.com\/avatar\/489a178e794e59f00db13a448aabca16?s=96&d=mm&r=g\",\"contentUrl\":\"https:\/\/secure.gravatar.com\/avatar\/489a178e794e59f00db13a448aabca16?s=96&d=mm&r=g\",\"caption\":\"melilla2\"},\"url\":\"https:\/\/agrupacionespsoe.es\/melilla\/author\/melilla2\/\"}]}<\/script>\n<!-- \/ Yoast SEO plugin. -->","yoast_head_json":{"title":"Rojas: \u201cCuando gobierna el PSOE a Melilla le va mejor y lo vamos a volver hacer con m\u00e1s fuerza y diputados\u201d - Agrupaci\u00f3n Socialista de Melilla","robots":{"index":"index","follow":"follow","max-snippet":"max-snippet:-1","max-image-preview":"max-image-preview:large","max-video-preview":"max-video-preview:-1"},"canonical":"https:\/\/agrupacionespsoe.es\/melilla\/rojas-cuando-gobierna-el-psoe-a-melilla-le-va-mejor-y-lo-vamos-a-volver-hacer-con-mas-fuerza-y-diputados\/","og_locale":"es_ES","og_type":"article","og_title":"Rojas: \u201cCuando gobierna el PSOE a Melilla le va mejor y lo vamos a volver hacer con m\u00e1s fuerza y diputados\u201d - Agrupaci\u00f3n Socialista de Melilla","og_description":"Escobar:&nbsp;\u201cVamos a estar en primera l\u00ednea&nbsp;frente a ese intento de&nbsp;algunos de&nbsp;hacer desaparecer nuestros derechos y libertades\u201d \u201cMelilla necesita&nbsp;que&nbsp;el PSOE y Pedro S\u00e1nchez siga gobernando en Espa\u00f1a&nbsp;porque a nuestra ciudad,&nbsp;cuando gobierna el PSOE,&nbsp;le va mejor, pero tambi\u00e9n&nbsp;cuando lo hace en la ciudad y en&nbsp;el&nbsp;2027 lo vamos a volver a hacer con m\u00e1s diputados y&nbsp;con&nbsp;m\u00e1s fuerza\u201d. La ...","og_url":"https:\/\/agrupacionespsoe.es\/melilla\/rojas-cuando-gobierna-el-psoe-a-melilla-le-va-mejor-y-lo-vamos-a-volver-hacer-con-mas-fuerza-y-diputados\/","og_site_name":"Agrupaci\u00f3n Socialista de Melilla","article_published_time":"2025-04-26T11:41:55+00:00","article_modified_time":"2025-04-26T11:41:56+00:00","og_image":[{"width":2560,"height":1707,"url":"https:\/\/agrupacionespsoe.es\/melilla\/wp-content\/uploads\/sites\/120\/2025\/04\/cf9b8d82-0fde-493e-9a08-5f905ec18033-scaled.jpeg","type":"image\/jpeg"}],"author":"melilla2","twitter_card":"summary_large_image","twitter_misc":{"Escrito por":"melilla2","Tiempo de lectura":"3 minutos"},"schema":{"@context":"https:\/\/schema.org","@graph":[{"@type":"Article","@id":"https:\/\/agrupacionespsoe.es\/melilla\/rojas-cuando-gobierna-el-psoe-a-melilla-le-va-mejor-y-lo-vamos-a-volver-hacer-con-mas-fuerza-y-diputados\/#article","isPartOf":{"@id":"https:\/\/agrupacionespsoe.es\/melilla\/rojas-cuando-gobierna-el-psoe-a-melilla-le-va-mejor-y-lo-vamos-a-volver-hacer-con-mas-fuerza-y-diputados\/"},"author":{"name":"melilla2","@id":"https:\/\/agrupacionespsoe.es\/melilla\/#\/schema\/person\/72bb3075a827d0ed0623682b96c92bd6"},"headline":"Rojas: \u201cCuando gobierna el PSOE a Melilla le va mejor y lo vamos a volver hacer con m\u00e1s fuerza y diputados\u201d","datePublished":"2025-04-26T11:41:55+00:00","dateModified":"2025-04-26T11:41:56+00:00","mainEntityOfPage":{"@id":"https:\/\/agrupacionespsoe.es\/melilla\/rojas-cuando-gobierna-el-psoe-a-melilla-le-va-mejor-y-lo-vamos-a-volver-hacer-con-mas-fuerza-y-diputados\/"},"wordCount":694,"commentCount":0,"publisher":{"@id":"https:\/\/agrupacionespsoe.es\/melilla\/#organization"},"image":{"@id":"https:\/\/agrupacionespsoe.es\/melilla\/rojas-cuando-gobierna-el-psoe-a-melilla-le-va-mejor-y-lo-vamos-a-volver-hacer-con-mas-fuerza-y-diputados\/#primaryimage"},"thumbnailUrl":"https:\/\/agrupacionespsoe.es\/melilla\/wp-content\/uploads\/sites\/120\/2025\/04\/cf9b8d82-0fde-493e-9a08-5f905ec18033-scaled.jpeg","inLanguage":"es","potentialAction":[{"@type":"CommentAction","name":"Comment","target":["https:\/\/agrupacionespsoe.es\/melilla\/rojas-cuando-gobierna-el-psoe-a-melilla-le-va-mejor-y-lo-vamos-a-volver-hacer-con-mas-fuerza-y-diputados\/#respond"]}]},{"@type":"WebPage","@id":"https:\/\/agrupacionespsoe.es\/melilla\/rojas-cuando-gobierna-el-psoe-a-melilla-le-va-mejor-y-lo-vamos-a-volver-hacer-con-mas-fuerza-y-diputados\/","url":"https:\/\/agrupacionespsoe.es\/melilla\/rojas-cuando-gobierna-el-psoe-a-melilla-le-va-mejor-y-lo-vamos-a-volver-hacer-con-mas-fuerza-y-diputados\/","name":"Rojas: \u201cCuando gobierna el PSOE a Melilla le va mejor y lo vamos a volver hacer con m\u00e1s fuerza y diputados\u201d - Agrupaci\u00f3n Socialista de Melilla","isPartOf":{"@id":"https:\/\/agrupacionespsoe.es\/melilla\/#website"},"primaryImageOfPage":{"@id":"https:\/\/agrupacionespsoe.es\/melilla\/rojas-cuando-gobierna-el-psoe-a-melilla-le-va-mejor-y-lo-vamos-a-volver-hacer-con-mas-fuerza-y-diputados\/#primaryimage"},"image":{"@id":"https:\/\/agrupacionespsoe.es\/melilla\/rojas-cuando-gobierna-el-psoe-a-melilla-le-va-mejor-y-lo-vamos-a-volver-hacer-con-mas-fuerza-y-diputados\/#primaryimage"},"thumbnailUrl":"https:\/\/agrupacionespsoe.es\/melilla\/wp-content\/uploads\/sites\/120\/2025\/04\/cf9b8d82-0fde-493e-9a08-5f905ec18033-scaled.jpeg","datePublished":"2025-04-26T11:41:55+00:00","dateModified":"2025-04-26T11:41:56+00:00","breadcrumb":{"@id":"https:\/\/agrupacionespsoe.es\/melilla\/rojas-cuando-gobierna-el-psoe-a-melilla-le-va-mejor-y-lo-vamos-a-volver-hacer-con-mas-fuerza-y-diputados\/#breadcrumb"},"inLanguage":"es","potentialAction":[{"@type":"ReadAction","target":["https:\/\/agrupacionespsoe.es\/melilla\/rojas-cuando-gobierna-el-psoe-a-melilla-le-va-mejor-y-lo-vamos-a-volver-hacer-con-mas-fuerza-y-diputados\/"]}]},{"@type":"ImageObject","inLanguage":"es","@id":"https:\/\/agrupacionespsoe.es\/melilla\/rojas-cuando-gobierna-el-psoe-a-melilla-le-va-mejor-y-lo-vamos-a-volver-hacer-con-mas-fuerza-y-diputados\/#primaryimage","url":"https:\/\/agrupacionespsoe.es\/melilla\/wp-content\/uploads\/sites\/120\/2025\/04\/cf9b8d82-0fde-493e-9a08-5f905ec18033-scaled.jpeg","contentUrl":"https:\/\/agrupacionespsoe.es\/melilla\/wp-content\/uploads\/sites\/120\/2025\/04\/cf9b8d82-0fde-493e-9a08-5f905ec18033-scaled.jpeg","width":2560,"height":1707},{"@type":"BreadcrumbList","@id":"https:\/\/agrupacionespsoe.es\/melilla\/rojas-cuando-gobierna-el-psoe-a-melilla-le-va-mejor-y-lo-vamos-a-volver-hacer-con-mas-fuerza-y-diputados\/#breadcrumb","itemListElement":[{"@type":"ListItem","position":1,"name":"Portada","item":"https:\/\/agrupacionespsoe.es\/melilla\/"},{"@type":"ListItem","position":2,"name":"Rojas: \u201cCuando gobierna el PSOE a Melilla le va mejor y lo vamos a volver hacer con m\u00e1s fuerza y diputados\u201d"}]},{"@type":"WebSite","@id":"https:\/\/agrupacionespsoe.es\/melilla\/#website","url":"https:\/\/agrupacionespsoe.es\/melilla\/","name":"Agrupaci\u00f3n Socialista de Melilla","description":"Agrupaci\u00f3n Socialista de Melilla","publisher":{"@id":"https:\/\/agrupacionespsoe.es\/melilla\/#organization"},"potentialAction":[{"@type":"SearchAction","target":{"@type":"EntryPoint","urlTemplate":"https:\/\/agrupacionespsoe.es\/melilla\/?s={search_term_string}"},"query-input":{"@type":"PropertyValueSpecification","valueRequired":true,"valueName":"search_term_string"}}],"inLanguage":"es"},{"@type":"Organization","@id":"https:\/\/agrupacionespsoe.es\/melilla\/#organization","name":"Agrupaci\u00f3n Socialista de Melilla","url":"https:\/\/agrupacionespsoe.es\/melilla\/","logo":{"@type":"ImageObject","inLanguage":"es","@id":"https:\/\/agrupacionespsoe.es\/melilla\/#\/schema\/logo\/image\/","url":"https:\/\/agrupacionespsoe.es\/wp-content\/uploads\/2022\/07\/Logotipo_electoral_del_PSOE.png","contentUrl":"https:\/\/agrupacionespsoe.es\/wp-content\/uploads\/2022\/07\/Logotipo_electoral_del_PSOE.png","width":422,"height":422,"caption":"Agrupaci\u00f3n Socialista de Melilla"},"image":{"@id":"https:\/\/agrupacionespsoe.es\/melilla\/#\/schema\/logo\/image\/"}},{"@type":"Person","@id":"https:\/\/agrupacionespsoe.es\/melilla\/#\/schema\/person\/72bb3075a827d0ed0623682b96c92bd6","name":"melilla2","image":{"@type":"ImageObject","inLanguage":"es","@id":"https:\/\/agrupacionespsoe.es\/melilla\/#\/schema\/person\/image\/","url":"https:\/\/secure.gravatar.com\/avatar\/489a178e794e59f00db13a448aabca16?s=96&d=mm&r=g","contentUrl":"https:\/\/secure.gravatar.com\/avatar\/489a178e794e59f00db13a448aabca16?s=96&d=mm&r=g","caption":"melilla2"},"url":"https:\/\/agrupacionespsoe.es\/melilla\/author\/melilla2\/"}]}},"jetpack_featured_media_url":"https:\/\/agrupacionespsoe.es\/melilla\/wp-content\/uploads\/sites\/120\/2025\/04\/cf9b8d82-0fde-493e-9a08-5f905ec18033-scaled.jpeg","jetpack_sharing_enabled":true,"_links":{"self":[{"href":"https:\/\/agrupacionespsoe.es\/melilla\/wp-json\/wp\/v2\/posts\/1730","targetHints":{"allow":["GET"]}}],"collection":[{"href":"https:\/\/agrupacionespsoe.es\/melilla\/wp-json\/wp\/v2\/posts"}],"about":[{"href":"https:\/\/agrupacionespsoe.es\/melilla\/wp-json\/wp\/v2\/types\/post"}],"author":[{"embeddable":true,"href":"https:\/\/agrupacionespsoe.es\/melilla\/wp-json\/wp\/v2\/users\/187"}],"replies":[{"embeddable":true,"href":"https:\/\/agrupacionespsoe.es\/melilla\/wp-json\/wp\/v2\/comments?post=1730"}],"version-history":[{"count":1,"href":"https:\/\/agrupacionespsoe.es\/melilla\/wp-json\/wp\/v2\/posts\/1730\/revisions"}],"predecessor-version":[{"id":1732,"href":"https:\/\/agrupacionespsoe.es\/melilla\/wp-json\/wp\/v2\/posts\/1730\/revisions\/1732"}],"wp:featuredmedia":[{"embeddable":true,"href":"https:\/\/agrupacionespsoe.es\/melilla\/wp-json\/wp\/v2\/media\/1731"}],"wp:attachment":[{"href":"https:\/\/agrupacionespsoe.es\/melilla\/wp-json\/wp\/v2\/media?parent=1730"}],"wp:term":[{"taxonomy":"category","embeddable":true,"href":"https:\/\/agrupacionespsoe.es\/melilla\/wp-json\/wp\/v2\/categories?post=1730"},{"taxonomy":"post_tag","embeddable":true,"href":"https:\/\/agrupacionespsoe.es\/melilla\/wp-json\/wp\/v2\/tags?post=1730"}],"curies":[{"name":"wp","href":"https:\/\/api.w.org\/{rel}","templated":true}]}}