{"id":1699,"date":"2025-04-07T08:45:04","date_gmt":"2025-04-07T08:45:04","guid":{"rendered":"https:\/\/agrupacionespsoe.es\/melilla\/?p=1699"},"modified":"2025-04-07T08:45:06","modified_gmt":"2025-04-07T08:45:06","slug":"el-psoe-reclama-mejoras-en-la-pista-de-futbol-sala-de-cabrerizas","status":"publish","type":"post","link":"https:\/\/agrupacionespsoe.es\/melilla\/el-psoe-reclama-mejoras-en-la-pista-de-futbol-sala-de-cabrerizas\/","title":{"rendered":"El PSOE reclama mejoras en la pista de f\u00fatbol sala de Cabrerizas"},"content":{"rendered":"\n<p><strong>Atendiendo a las demandas vecinales, tambi\u00e9n pide mayor seguridad vial en el barrio<\/strong><\/p>\n\n\n\n<p>El diputado del Grupo Socialista, Riduan Moh, se ha trasladado al barrio de Cabrerizas para conocer de primera mano las demandas de los vecinos, quienes llevan tiempo solicitando mejoras en su entorno sin obtener respuesta por parte del Gobierno de la Ciudad Aut\u00f3noma. En concreto, el PSOE exige a la Ciudad Aut\u00f3noma que mejore la pista de f\u00fatbol sala del barrio, una urgente petici\u00f3n de los melillenses que viven en la zona.<\/p>\n\n\n\n<p>En este sentido, Moh ha informado de que los residentes han solicitado que este espacio deportivo se convierta en una pista multiusos. La propuesta consiste en destinar la mitad de la superficie a un campo de f\u00fatbol sala, de lateral a lateral, mientras que la otra mitad se adaptar\u00eda para juegos infantiles, permitiendo as\u00ed que ni\u00f1os y ni\u00f1as de todas las edades puedan disfrutar del \u00e1rea de recreo.<\/p>\n\n\n\n<p>El diputado socialista ha subrayado que esta remodelaci\u00f3n es una demanda vecinal que ya ha sido trasladada a la Ciudad Aut\u00f3noma, pero que a\u00fan no ha recibido respuesta. \u00abUna vez m\u00e1s, nos encontramos con un Gobierno de la Ciudad que se centra en hacer obras en el centro de Melilla, pero abandona los barrios. Lo que piden estos vecinos es una remodelaci\u00f3n muy sencilla que mejorar\u00eda la calidad de vida de todos los residentes y, en especial, de los m\u00e1s peque\u00f1os\u00bb, ha criticado.<\/p>\n\n\n\n<p>Otra de las quejas vecinales es el tipo de vallado que tiene la pista deportiva, que genera mucho ruido cuando los menores est\u00e1n jugando al f\u00fatbol, molestando a los residentes y perturbando su descanso.<\/p>\n\n\n\n<p><strong>Mayor seguridad vial<\/strong><\/p>\n\n\n\n<p>Por otro lado, el PSOE tambi\u00e9n ha recogido otra de las preocupaciones principales de los vecinos de Cabrerizas: la seguridad vial. En este sentido, la formaci\u00f3n local insta a la Ciudad Aut\u00f3noma a instalar m\u00e9todos de seguridad pasivos y se\u00f1ales que recuerden el l\u00edmite m\u00e1ximo de velocidad en las calles del barrio. \u201cDe esa forma, todos los vecinos de Cabrerizas, tanto ni\u00f1os como adultos, podr\u00e1n andar por sus calles de manera tranquila y segura\u201d, ha destacado el diputado socialista.<\/p>\n\n\n\n<p>Los residentes han denunciado en m\u00faltiples ocasiones la presencia de veh\u00edculos que circulan a una velocidad fuera de la permitida en una zona residencial donde abundan los ni\u00f1os y ni\u00f1as. La falta de medidas de seguridad pone en riesgo a los peatones, especialmente a los menores.<\/p>\n\n\n\n<p>\u201cEs fundamental que todas las zonas de Melilla reciban el mismo trato y que no haya vecinos de primera y de segunda. La atenci\u00f3n a los barrios debe ser una prioridad en la agenda del Gobierno de la Ciudad\u201d, ha concluido Moh.<\/p>\n","protected":false},"excerpt":{"rendered":"<p>Atendiendo a las demandas vecinales, tambi\u00e9n pide mayor seguridad vial en el barrio El diputado del Grupo Socialista, Riduan Moh, se ha trasladado al barrio de Cabrerizas para conocer de primera mano las demandas de los vecinos, quienes llevan tiempo solicitando mejoras en su entorno sin obtener respuesta por parte del Gobierno de la Ciudad &#8230;<\/p>\n","protected":false},"author":187,"featured_media":1700,"comment_status":"open","ping_status":"open","sticky":false,"template":"","format":"standard","meta":{"_jetpack_memberships_contains_paid_content":false,"footnotes":""},"categories":[1],"tags":[],"class_list":["post-1699","post","type-post","status-publish","format-standard","has-post-thumbnail","hentry","category-sin-categoria"],"yoast_head":"<!-- This site is optimized with the Yoast SEO plugin v24.0 - https:\/\/yoast.com\/wordpress\/plugins\/seo\/ -->\n<title>El PSOE reclama mejoras en la pista de f\u00fatbol sala de Cabrerizas - Agrupaci\u00f3n Socialista de Melilla<\/title>\n<meta name=\"robots\" content=\"index, follow, max-snippet:-1, max-image-preview:large, max-video-preview:-1\" \/>\n<link rel=\"canonical\" href=\"https:\/\/agrupacionespsoe.es\/melilla\/el-psoe-reclama-mejoras-en-la-pista-de-futbol-sala-de-cabrerizas\/\" \/>\n<meta property=\"og:locale\" content=\"es_ES\" \/>\n<meta property=\"og:type\" content=\"article\" \/>\n<meta property=\"og:title\" content=\"El PSOE reclama mejoras en la pista de f\u00fatbol sala de Cabrerizas - Agrupaci\u00f3n Socialista de Melilla\" \/>\n<meta property=\"og:description\" content=\"Atendiendo a las demandas vecinales, tambi\u00e9n pide mayor seguridad vial en el barrio El diputado del Grupo Socialista, Riduan Moh, se ha trasladado al barrio de Cabrerizas para conocer de primera mano las demandas de los vecinos, quienes llevan tiempo solicitando mejoras en su entorno sin obtener respuesta por parte del Gobierno de la Ciudad ...\" \/>\n<meta property=\"og:url\" content=\"https:\/\/agrupacionespsoe.es\/melilla\/el-psoe-reclama-mejoras-en-la-pista-de-futbol-sala-de-cabrerizas\/\" \/>\n<meta property=\"og:site_name\" content=\"Agrupaci\u00f3n Socialista de Melilla\" \/>\n<meta property=\"article:published_time\" content=\"2025-04-07T08:45:04+00:00\" \/>\n<meta property=\"article:modified_time\" content=\"2025-04-07T08:45:06+00:00\" \/>\n<meta property=\"og:image\" content=\"https:\/\/agrupacionespsoe.es\/melilla\/wp-content\/uploads\/sites\/120\/2025\/04\/07_04_2025_RMoh-scaled.jpg\" \/>\n\t<meta property=\"og:image:width\" content=\"2560\" \/>\n\t<meta property=\"og:image:height\" content=\"1707\" \/>\n\t<meta property=\"og:image:type\" content=\"image\/jpeg\" \/>\n<meta name=\"author\" content=\"melilla2\" \/>\n<meta name=\"twitter:card\" content=\"summary_large_image\" \/>\n<meta name=\"twitter:label1\" content=\"Escrito por\" \/>\n\t<meta name=\"twitter:data1\" content=\"melilla2\" \/>\n\t<meta name=\"twitter:label2\" content=\"Tiempo de lectura\" \/>\n\t<meta name=\"twitter:data2\" content=\"3 minutos\" \/>\n<script type=\"application\/ld+json\" class=\"yoast-schema-graph\">{\"@context\":\"https:\/\/schema.org\",\"@graph\":[{\"@type\":\"Article\",\"@id\":\"https:\/\/agrupacionespsoe.es\/melilla\/el-psoe-reclama-mejoras-en-la-pista-de-futbol-sala-de-cabrerizas\/#article\",\"isPartOf\":{\"@id\":\"https:\/\/agrupacionespsoe.es\/melilla\/el-psoe-reclama-mejoras-en-la-pista-de-futbol-sala-de-cabrerizas\/\"},\"author\":{\"name\":\"melilla2\",\"@id\":\"https:\/\/agrupacionespsoe.es\/melilla\/#\/schema\/person\/72bb3075a827d0ed0623682b96c92bd6\"},\"headline\":\"El PSOE reclama mejoras en la pista de f\u00fatbol sala de Cabrerizas\",\"datePublished\":\"2025-04-07T08:45:04+00:00\",\"dateModified\":\"2025-04-07T08:45:06+00:00\",\"mainEntityOfPage\":{\"@id\":\"https:\/\/agrupacionespsoe.es\/melilla\/el-psoe-reclama-mejoras-en-la-pista-de-futbol-sala-de-cabrerizas\/\"},\"wordCount\":486,\"commentCount\":0,\"publisher\":{\"@id\":\"https:\/\/agrupacionespsoe.es\/melilla\/#organization\"},\"image\":{\"@id\":\"https:\/\/agrupacionespsoe.es\/melilla\/el-psoe-reclama-mejoras-en-la-pista-de-futbol-sala-de-cabrerizas\/#primaryimage\"},\"thumbnailUrl\":\"https:\/\/agrupacionespsoe.es\/melilla\/wp-content\/uploads\/sites\/120\/2025\/04\/07_04_2025_RMoh-scaled.jpg\",\"inLanguage\":\"es\",\"potentialAction\":[{\"@type\":\"CommentAction\",\"name\":\"Comment\",\"target\":[\"https:\/\/agrupacionespsoe.es\/melilla\/el-psoe-reclama-mejoras-en-la-pista-de-futbol-sala-de-cabrerizas\/#respond\"]}]},{\"@type\":\"WebPage\",\"@id\":\"https:\/\/agrupacionespsoe.es\/melilla\/el-psoe-reclama-mejoras-en-la-pista-de-futbol-sala-de-cabrerizas\/\",\"url\":\"https:\/\/agrupacionespsoe.es\/melilla\/el-psoe-reclama-mejoras-en-la-pista-de-futbol-sala-de-cabrerizas\/\",\"name\":\"El PSOE reclama mejoras en la pista de f\u00fatbol sala de Cabrerizas - Agrupaci\u00f3n Socialista de Melilla\",\"isPartOf\":{\"@id\":\"https:\/\/agrupacionespsoe.es\/melilla\/#website\"},\"primaryImageOfPage\":{\"@id\":\"https:\/\/agrupacionespsoe.es\/melilla\/el-psoe-reclama-mejoras-en-la-pista-de-futbol-sala-de-cabrerizas\/#primaryimage\"},\"image\":{\"@id\":\"https:\/\/agrupacionespsoe.es\/melilla\/el-psoe-reclama-mejoras-en-la-pista-de-futbol-sala-de-cabrerizas\/#primaryimage\"},\"thumbnailUrl\":\"https:\/\/agrupacionespsoe.es\/melilla\/wp-content\/uploads\/sites\/120\/2025\/04\/07_04_2025_RMoh-scaled.jpg\",\"datePublished\":\"2025-04-07T08:45:04+00:00\",\"dateModified\":\"2025-04-07T08:45:06+00:00\",\"breadcrumb\":{\"@id\":\"https:\/\/agrupacionespsoe.es\/melilla\/el-psoe-reclama-mejoras-en-la-pista-de-futbol-sala-de-cabrerizas\/#breadcrumb\"},\"inLanguage\":\"es\",\"potentialAction\":[{\"@type\":\"ReadAction\",\"target\":[\"https:\/\/agrupacionespsoe.es\/melilla\/el-psoe-reclama-mejoras-en-la-pista-de-futbol-sala-de-cabrerizas\/\"]}]},{\"@type\":\"ImageObject\",\"inLanguage\":\"es\",\"@id\":\"https:\/\/agrupacionespsoe.es\/melilla\/el-psoe-reclama-mejoras-en-la-pista-de-futbol-sala-de-cabrerizas\/#primaryimage\",\"url\":\"https:\/\/agrupacionespsoe.es\/melilla\/wp-content\/uploads\/sites\/120\/2025\/04\/07_04_2025_RMoh-scaled.jpg\",\"contentUrl\":\"https:\/\/agrupacionespsoe.es\/melilla\/wp-content\/uploads\/sites\/120\/2025\/04\/07_04_2025_RMoh-scaled.jpg\",\"width\":2560,\"height\":1707},{\"@type\":\"BreadcrumbList\",\"@id\":\"https:\/\/agrupacionespsoe.es\/melilla\/el-psoe-reclama-mejoras-en-la-pista-de-futbol-sala-de-cabrerizas\/#breadcrumb\",\"itemListElement\":[{\"@type\":\"ListItem\",\"position\":1,\"name\":\"Portada\",\"item\":\"https:\/\/agrupacionespsoe.es\/melilla\/\"},{\"@type\":\"ListItem\",\"position\":2,\"name\":\"El PSOE reclama mejoras en la pista de f\u00fatbol sala de Cabrerizas\"}]},{\"@type\":\"WebSite\",\"@id\":\"https:\/\/agrupacionespsoe.es\/melilla\/#website\",\"url\":\"https:\/\/agrupacionespsoe.es\/melilla\/\",\"name\":\"Agrupaci\u00f3n Socialista de Melilla\",\"description\":\"Agrupaci\u00f3n Socialista de Melilla\",\"publisher\":{\"@id\":\"https:\/\/agrupacionespsoe.es\/melilla\/#organization\"},\"potentialAction\":[{\"@type\":\"SearchAction\",\"target\":{\"@type\":\"EntryPoint\",\"urlTemplate\":\"https:\/\/agrupacionespsoe.es\/melilla\/?s={search_term_string}\"},\"query-input\":{\"@type\":\"PropertyValueSpecification\",\"valueRequired\":true,\"valueName\":\"search_term_string\"}}],\"inLanguage\":\"es\"},{\"@type\":\"Organization\",\"@id\":\"https:\/\/agrupacionespsoe.es\/melilla\/#organization\",\"name\":\"Agrupaci\u00f3n Socialista de Melilla\",\"url\":\"https:\/\/agrupacionespsoe.es\/melilla\/\",\"logo\":{\"@type\":\"ImageObject\",\"inLanguage\":\"es\",\"@id\":\"https:\/\/agrupacionespsoe.es\/melilla\/#\/schema\/logo\/image\/\",\"url\":\"https:\/\/agrupacionespsoe.es\/wp-content\/uploads\/2022\/07\/Logotipo_electoral_del_PSOE.png\",\"contentUrl\":\"https:\/\/agrupacionespsoe.es\/wp-content\/uploads\/2022\/07\/Logotipo_electoral_del_PSOE.png\",\"width\":422,\"height\":422,\"caption\":\"Agrupaci\u00f3n Socialista de Melilla\"},\"image\":{\"@id\":\"https:\/\/agrupacionespsoe.es\/melilla\/#\/schema\/logo\/image\/\"}},{\"@type\":\"Person\",\"@id\":\"https:\/\/agrupacionespsoe.es\/melilla\/#\/schema\/person\/72bb3075a827d0ed0623682b96c92bd6\",\"name\":\"melilla2\",\"image\":{\"@type\":\"ImageObject\",\"inLanguage\":\"es\",\"@id\":\"https:\/\/agrupacionespsoe.es\/melilla\/#\/schema\/person\/image\/\",\"url\":\"https:\/\/secure.gravatar.com\/avatar\/489a178e794e59f00db13a448aabca16?s=96&d=mm&r=g\",\"contentUrl\":\"https:\/\/secure.gravatar.com\/avatar\/489a178e794e59f00db13a448aabca16?s=96&d=mm&r=g\",\"caption\":\"melilla2\"},\"url\":\"https:\/\/agrupacionespsoe.es\/melilla\/author\/melilla2\/\"}]}<\/script>\n<!-- \/ Yoast SEO plugin. -->","yoast_head_json":{"title":"El PSOE reclama mejoras en la pista de f\u00fatbol sala de Cabrerizas - Agrupaci\u00f3n Socialista de Melilla","robots":{"index":"index","follow":"follow","max-snippet":"max-snippet:-1","max-image-preview":"max-image-preview:large","max-video-preview":"max-video-preview:-1"},"canonical":"https:\/\/agrupacionespsoe.es\/melilla\/el-psoe-reclama-mejoras-en-la-pista-de-futbol-sala-de-cabrerizas\/","og_locale":"es_ES","og_type":"article","og_title":"El PSOE reclama mejoras en la pista de f\u00fatbol sala de Cabrerizas - Agrupaci\u00f3n Socialista de Melilla","og_description":"Atendiendo a las demandas vecinales, tambi\u00e9n pide mayor seguridad vial en el barrio El diputado del Grupo Socialista, Riduan Moh, se ha trasladado al barrio de Cabrerizas para conocer de primera mano las demandas de los vecinos, quienes llevan tiempo solicitando mejoras en su entorno sin obtener respuesta por parte del Gobierno de la Ciudad ...","og_url":"https:\/\/agrupacionespsoe.es\/melilla\/el-psoe-reclama-mejoras-en-la-pista-de-futbol-sala-de-cabrerizas\/","og_site_name":"Agrupaci\u00f3n Socialista de Melilla","article_published_time":"2025-04-07T08:45:04+00:00","article_modified_time":"2025-04-07T08:45:06+00:00","og_image":[{"width":2560,"height":1707,"url":"https:\/\/agrupacionespsoe.es\/melilla\/wp-content\/uploads\/sites\/120\/2025\/04\/07_04_2025_RMoh-scaled.jpg","type":"image\/jpeg"}],"author":"melilla2","twitter_card":"summary_large_image","twitter_misc":{"Escrito por":"melilla2","Tiempo de lectura":"3 minutos"},"schema":{"@context":"https:\/\/schema.org","@graph":[{"@type":"Article","@id":"https:\/\/agrupacionespsoe.es\/melilla\/el-psoe-reclama-mejoras-en-la-pista-de-futbol-sala-de-cabrerizas\/#article","isPartOf":{"@id":"https:\/\/agrupacionespsoe.es\/melilla\/el-psoe-reclama-mejoras-en-la-pista-de-futbol-sala-de-cabrerizas\/"},"author":{"name":"melilla2","@id":"https:\/\/agrupacionespsoe.es\/melilla\/#\/schema\/person\/72bb3075a827d0ed0623682b96c92bd6"},"headline":"El PSOE reclama mejoras en la pista de f\u00fatbol sala de Cabrerizas","datePublished":"2025-04-07T08:45:04+00:00","dateModified":"2025-04-07T08:45:06+00:00","mainEntityOfPage":{"@id":"https:\/\/agrupacionespsoe.es\/melilla\/el-psoe-reclama-mejoras-en-la-pista-de-futbol-sala-de-cabrerizas\/"},"wordCount":486,"commentCount":0,"publisher":{"@id":"https:\/\/agrupacionespsoe.es\/melilla\/#organization"},"image":{"@id":"https:\/\/agrupacionespsoe.es\/melilla\/el-psoe-reclama-mejoras-en-la-pista-de-futbol-sala-de-cabrerizas\/#primaryimage"},"thumbnailUrl":"https:\/\/agrupacionespsoe.es\/melilla\/wp-content\/uploads\/sites\/120\/2025\/04\/07_04_2025_RMoh-scaled.jpg","inLanguage":"es","potentialAction":[{"@type":"CommentAction","name":"Comment","target":["https:\/\/agrupacionespsoe.es\/melilla\/el-psoe-reclama-mejoras-en-la-pista-de-futbol-sala-de-cabrerizas\/#respond"]}]},{"@type":"WebPage","@id":"https:\/\/agrupacionespsoe.es\/melilla\/el-psoe-reclama-mejoras-en-la-pista-de-futbol-sala-de-cabrerizas\/","url":"https:\/\/agrupacionespsoe.es\/melilla\/el-psoe-reclama-mejoras-en-la-pista-de-futbol-sala-de-cabrerizas\/","name":"El PSOE reclama mejoras en la pista de f\u00fatbol sala de Cabrerizas - Agrupaci\u00f3n Socialista de Melilla","isPartOf":{"@id":"https:\/\/agrupacionespsoe.es\/melilla\/#website"},"primaryImageOfPage":{"@id":"https:\/\/agrupacionespsoe.es\/melilla\/el-psoe-reclama-mejoras-en-la-pista-de-futbol-sala-de-cabrerizas\/#primaryimage"},"image":{"@id":"https:\/\/agrupacionespsoe.es\/melilla\/el-psoe-reclama-mejoras-en-la-pista-de-futbol-sala-de-cabrerizas\/#primaryimage"},"thumbnailUrl":"https:\/\/agrupacionespsoe.es\/melilla\/wp-content\/uploads\/sites\/120\/2025\/04\/07_04_2025_RMoh-scaled.jpg","datePublished":"2025-04-07T08:45:04+00:00","dateModified":"2025-04-07T08:45:06+00:00","breadcrumb":{"@id":"https:\/\/agrupacionespsoe.es\/melilla\/el-psoe-reclama-mejoras-en-la-pista-de-futbol-sala-de-cabrerizas\/#breadcrumb"},"inLanguage":"es","potentialAction":[{"@type":"ReadAction","target":["https:\/\/agrupacionespsoe.es\/melilla\/el-psoe-reclama-mejoras-en-la-pista-de-futbol-sala-de-cabrerizas\/"]}]},{"@type":"ImageObject","inLanguage":"es","@id":"https:\/\/agrupacionespsoe.es\/melilla\/el-psoe-reclama-mejoras-en-la-pista-de-futbol-sala-de-cabrerizas\/#primaryimage","url":"https:\/\/agrupacionespsoe.es\/melilla\/wp-content\/uploads\/sites\/120\/2025\/04\/07_04_2025_RMoh-scaled.jpg","contentUrl":"https:\/\/agrupacionespsoe.es\/melilla\/wp-content\/uploads\/sites\/120\/2025\/04\/07_04_2025_RMoh-scaled.jpg","width":2560,"height":1707},{"@type":"BreadcrumbList","@id":"https:\/\/agrupacionespsoe.es\/melilla\/el-psoe-reclama-mejoras-en-la-pista-de-futbol-sala-de-cabrerizas\/#breadcrumb","itemListElement":[{"@type":"ListItem","position":1,"name":"Portada","item":"https:\/\/agrupacionespsoe.es\/melilla\/"},{"@type":"ListItem","position":2,"name":"El PSOE reclama mejoras en la pista de f\u00fatbol sala de Cabrerizas"}]},{"@type":"WebSite","@id":"https:\/\/agrupacionespsoe.es\/melilla\/#website","url":"https:\/\/agrupacionespsoe.es\/melilla\/","name":"Agrupaci\u00f3n Socialista de Melilla","description":"Agrupaci\u00f3n Socialista de Melilla","publisher":{"@id":"https:\/\/agrupacionespsoe.es\/melilla\/#organization"},"potentialAction":[{"@type":"SearchAction","target":{"@type":"EntryPoint","urlTemplate":"https:\/\/agrupacionespsoe.es\/melilla\/?s={search_term_string}"},"query-input":{"@type":"PropertyValueSpecification","valueRequired":true,"valueName":"search_term_string"}}],"inLanguage":"es"},{"@type":"Organization","@id":"https:\/\/agrupacionespsoe.es\/melilla\/#organization","name":"Agrupaci\u00f3n Socialista de Melilla","url":"https:\/\/agrupacionespsoe.es\/melilla\/","logo":{"@type":"ImageObject","inLanguage":"es","@id":"https:\/\/agrupacionespsoe.es\/melilla\/#\/schema\/logo\/image\/","url":"https:\/\/agrupacionespsoe.es\/wp-content\/uploads\/2022\/07\/Logotipo_electoral_del_PSOE.png","contentUrl":"https:\/\/agrupacionespsoe.es\/wp-content\/uploads\/2022\/07\/Logotipo_electoral_del_PSOE.png","width":422,"height":422,"caption":"Agrupaci\u00f3n Socialista de Melilla"},"image":{"@id":"https:\/\/agrupacionespsoe.es\/melilla\/#\/schema\/logo\/image\/"}},{"@type":"Person","@id":"https:\/\/agrupacionespsoe.es\/melilla\/#\/schema\/person\/72bb3075a827d0ed0623682b96c92bd6","name":"melilla2","image":{"@type":"ImageObject","inLanguage":"es","@id":"https:\/\/agrupacionespsoe.es\/melilla\/#\/schema\/person\/image\/","url":"https:\/\/secure.gravatar.com\/avatar\/489a178e794e59f00db13a448aabca16?s=96&d=mm&r=g","contentUrl":"https:\/\/secure.gravatar.com\/avatar\/489a178e794e59f00db13a448aabca16?s=96&d=mm&r=g","caption":"melilla2"},"url":"https:\/\/agrupacionespsoe.es\/melilla\/author\/melilla2\/"}]}},"jetpack_featured_media_url":"https:\/\/agrupacionespsoe.es\/melilla\/wp-content\/uploads\/sites\/120\/2025\/04\/07_04_2025_RMoh-scaled.jpg","jetpack_sharing_enabled":true,"_links":{"self":[{"href":"https:\/\/agrupacionespsoe.es\/melilla\/wp-json\/wp\/v2\/posts\/1699","targetHints":{"allow":["GET"]}}],"collection":[{"href":"https:\/\/agrupacionespsoe.es\/melilla\/wp-json\/wp\/v2\/posts"}],"about":[{"href":"https:\/\/agrupacionespsoe.es\/melilla\/wp-json\/wp\/v2\/types\/post"}],"author":[{"embeddable":true,"href":"https:\/\/agrupacionespsoe.es\/melilla\/wp-json\/wp\/v2\/users\/187"}],"replies":[{"embeddable":true,"href":"https:\/\/agrupacionespsoe.es\/melilla\/wp-json\/wp\/v2\/comments?post=1699"}],"version-history":[{"count":1,"href":"https:\/\/agrupacionespsoe.es\/melilla\/wp-json\/wp\/v2\/posts\/1699\/revisions"}],"predecessor-version":[{"id":1701,"href":"https:\/\/agrupacionespsoe.es\/melilla\/wp-json\/wp\/v2\/posts\/1699\/revisions\/1701"}],"wp:featuredmedia":[{"embeddable":true,"href":"https:\/\/agrupacionespsoe.es\/melilla\/wp-json\/wp\/v2\/media\/1700"}],"wp:attachment":[{"href":"https:\/\/agrupacionespsoe.es\/melilla\/wp-json\/wp\/v2\/media?parent=1699"}],"wp:term":[{"taxonomy":"category","embeddable":true,"href":"https:\/\/agrupacionespsoe.es\/melilla\/wp-json\/wp\/v2\/categories?post=1699"},{"taxonomy":"post_tag","embeddable":true,"href":"https:\/\/agrupacionespsoe.es\/melilla\/wp-json\/wp\/v2\/tags?post=1699"}],"curies":[{"name":"wp","href":"https:\/\/api.w.org\/{rel}","templated":true}]}}