{"id":1696,"date":"2025-04-04T11:13:56","date_gmt":"2025-04-04T11:13:56","guid":{"rendered":"https:\/\/agrupacionespsoe.es\/melilla\/?p=1696"},"modified":"2025-04-04T11:13:57","modified_gmt":"2025-04-04T11:13:57","slug":"el-psoe-exige-la-dimision-de-moreno-mohamed-por-asumir-el-discurso-de-extrema-derecha-en-igualdad","status":"publish","type":"post","link":"https:\/\/agrupacionespsoe.es\/melilla\/el-psoe-exige-la-dimision-de-moreno-mohamed-por-asumir-el-discurso-de-extrema-derecha-en-igualdad\/","title":{"rendered":"El PSOE exige la dimisi\u00f3n de Moreno Mohamed por asumir el discurso de extrema derecha en igualdad"},"content":{"rendered":"\n<p><strong>Segura: \u201cEs inaceptable que el PP hable de adoctrinamiento cuando estamos hablando de igualdad y prevenci\u00f3n de la violencia de g\u00e9nero\u201d<\/strong><\/p>\n\n\n\n<p>\u201cEs intolerable, es totalmente inasumible que desde el Partido Popular se asuma el discurso de la extrema derecha en nuestro pa\u00eds y se cuestione la realidad de la violencia de g\u00e9nero y se hable de adoctrinamiento cuando estamos hablando de educaci\u00f3n, en igualdad y de prevenci\u00f3n de la violencia de g\u00e9nero\u201d.<\/p>\n\n\n\n<p>La Secretaria de Igualdad del PSOE de Melilla, Laura Segura, ha condenado las publicaciones de la senadora popular, Isabel Moreno Mohamed, en la red social X, arremetiendo contra una actividad organizada por el IES Enrique Nieto con motivo del 8M.<\/p>\n\n\n\n<p>M\u00e1xime, en palabras de Segura, \u201cen un d\u00eda en el que condenamos la violencia machista&nbsp; y conocemos un nuevo caso de violencia vicaria\u201d. \u201cLa senadora del PP se dedica a utilizar un post en el que se cuestiona una actividad docente, una actividad en igualdad, una actividad en prevenci\u00f3n de la violencia de g\u00e9nero, y se utiliza la actividad de un centro educativo para atacar pol\u00edticamente\u201d, ha denunciado.<\/p>\n\n\n\n<p>\u201cPor todo ello, desde el PSOE de Melilla exigimos de forma inmediata la dimisi\u00f3n de la senadora del Partido Popular y la que fuera, adem\u00e1s, Viceconsejera de Igualdad en nuestra ciudad\u201d, ha dejado claro. Para los socialistas locales, es \u201cinadmisible\u201d que Moreno&nbsp; Mohamed \u201cest\u00e9 un minuto m\u00e1s representando a la ciudadan\u00eda melillense\u201d.<\/p>\n\n\n\n<p>De hecho, la Secretaria de Igualdad ha asegurado que le llama \u201cpoderosamente la atenci\u00f3n\u201d que la senadora popular, \u201cque jam\u00e1s ha escrito un post para hacer un ataque a las violencias sobre las mujeres, para cuestionar el machismo o para condenar una v\u00edctima mortal en nuestro pa\u00eds\u201d, \u201cse dedique con tanta rapidez a hablar de la importancia de la igualdad y de la formaci\u00f3n del alumnado en los centros educativos\u201d.<\/p>\n\n\n\n<p>Laura Segura ha cuestionado que Moreno Mohamed se pronuncie \u00fanicamente para cuestionar el avance que se est\u00e1 haciendo desde los centros educativos de la ciudad en materia de igualdad y prevenci\u00f3n de la violencia.<\/p>\n\n\n\n<p><\/p>\n","protected":false},"excerpt":{"rendered":"<p>Segura: \u201cEs inaceptable que el PP hable de adoctrinamiento cuando estamos hablando de igualdad y prevenci\u00f3n de la violencia de g\u00e9nero\u201d \u201cEs intolerable, es totalmente inasumible que desde el Partido Popular se asuma el discurso de la extrema derecha en nuestro pa\u00eds y se cuestione la realidad de la violencia de g\u00e9nero y se hable &#8230;<\/p>\n","protected":false},"author":187,"featured_media":1592,"comment_status":"open","ping_status":"open","sticky":false,"template":"","format":"standard","meta":{"_jetpack_memberships_contains_paid_content":false,"footnotes":""},"categories":[1],"tags":[],"class_list":["post-1696","post","type-post","status-publish","format-standard","has-post-thumbnail","hentry","category-sin-categoria"],"yoast_head":"<!-- This site is optimized with the Yoast SEO plugin v24.0 - https:\/\/yoast.com\/wordpress\/plugins\/seo\/ -->\n<title>El PSOE exige la dimisi\u00f3n de Moreno Mohamed por asumir el discurso de extrema derecha en igualdad - Agrupaci\u00f3n Socialista de Melilla<\/title>\n<meta name=\"robots\" content=\"index, follow, max-snippet:-1, max-image-preview:large, max-video-preview:-1\" \/>\n<link rel=\"canonical\" href=\"https:\/\/agrupacionespsoe.es\/melilla\/el-psoe-exige-la-dimision-de-moreno-mohamed-por-asumir-el-discurso-de-extrema-derecha-en-igualdad\/\" \/>\n<meta property=\"og:locale\" content=\"es_ES\" \/>\n<meta property=\"og:type\" content=\"article\" \/>\n<meta property=\"og:title\" content=\"El PSOE exige la dimisi\u00f3n de Moreno Mohamed por asumir el discurso de extrema derecha en igualdad - Agrupaci\u00f3n Socialista de Melilla\" \/>\n<meta property=\"og:description\" content=\"Segura: \u201cEs inaceptable que el PP hable de adoctrinamiento cuando estamos hablando de igualdad y prevenci\u00f3n de la violencia de g\u00e9nero\u201d \u201cEs intolerable, es totalmente inasumible que desde el Partido Popular se asuma el discurso de la extrema derecha en nuestro pa\u00eds y se cuestione la realidad de la violencia de g\u00e9nero y se hable ...\" \/>\n<meta property=\"og:url\" content=\"https:\/\/agrupacionespsoe.es\/melilla\/el-psoe-exige-la-dimision-de-moreno-mohamed-por-asumir-el-discurso-de-extrema-derecha-en-igualdad\/\" \/>\n<meta property=\"og:site_name\" content=\"Agrupaci\u00f3n Socialista de Melilla\" \/>\n<meta property=\"article:published_time\" content=\"2025-04-04T11:13:56+00:00\" \/>\n<meta property=\"article:modified_time\" content=\"2025-04-04T11:13:57+00:00\" \/>\n<meta property=\"og:image\" content=\"https:\/\/agrupacionespsoe.es\/melilla\/wp-content\/uploads\/sites\/120\/2025\/02\/WhatsApp-Image-2025-02-13-at-13.05.07.jpeg\" \/>\n\t<meta property=\"og:image:width\" content=\"2560\" \/>\n\t<meta property=\"og:image:height\" content=\"1706\" \/>\n\t<meta property=\"og:image:type\" content=\"image\/jpeg\" \/>\n<meta name=\"author\" content=\"melilla2\" \/>\n<meta name=\"twitter:card\" content=\"summary_large_image\" \/>\n<meta name=\"twitter:label1\" content=\"Escrito por\" \/>\n\t<meta name=\"twitter:data1\" content=\"melilla2\" \/>\n\t<meta name=\"twitter:label2\" content=\"Tiempo de lectura\" \/>\n\t<meta name=\"twitter:data2\" content=\"2 minutos\" \/>\n<script type=\"application\/ld+json\" class=\"yoast-schema-graph\">{\"@context\":\"https:\/\/schema.org\",\"@graph\":[{\"@type\":\"Article\",\"@id\":\"https:\/\/agrupacionespsoe.es\/melilla\/el-psoe-exige-la-dimision-de-moreno-mohamed-por-asumir-el-discurso-de-extrema-derecha-en-igualdad\/#article\",\"isPartOf\":{\"@id\":\"https:\/\/agrupacionespsoe.es\/melilla\/el-psoe-exige-la-dimision-de-moreno-mohamed-por-asumir-el-discurso-de-extrema-derecha-en-igualdad\/\"},\"author\":{\"name\":\"melilla2\",\"@id\":\"https:\/\/agrupacionespsoe.es\/melilla\/#\/schema\/person\/72bb3075a827d0ed0623682b96c92bd6\"},\"headline\":\"El PSOE exige la dimisi\u00f3n de Moreno Mohamed por asumir el discurso de extrema derecha en igualdad\",\"datePublished\":\"2025-04-04T11:13:56+00:00\",\"dateModified\":\"2025-04-04T11:13:57+00:00\",\"mainEntityOfPage\":{\"@id\":\"https:\/\/agrupacionespsoe.es\/melilla\/el-psoe-exige-la-dimision-de-moreno-mohamed-por-asumir-el-discurso-de-extrema-derecha-en-igualdad\/\"},\"wordCount\":378,\"commentCount\":0,\"publisher\":{\"@id\":\"https:\/\/agrupacionespsoe.es\/melilla\/#organization\"},\"image\":{\"@id\":\"https:\/\/agrupacionespsoe.es\/melilla\/el-psoe-exige-la-dimision-de-moreno-mohamed-por-asumir-el-discurso-de-extrema-derecha-en-igualdad\/#primaryimage\"},\"thumbnailUrl\":\"https:\/\/agrupacionespsoe.es\/melilla\/wp-content\/uploads\/sites\/120\/2025\/02\/WhatsApp-Image-2025-02-13-at-13.05.07.jpeg\",\"inLanguage\":\"es\",\"potentialAction\":[{\"@type\":\"CommentAction\",\"name\":\"Comment\",\"target\":[\"https:\/\/agrupacionespsoe.es\/melilla\/el-psoe-exige-la-dimision-de-moreno-mohamed-por-asumir-el-discurso-de-extrema-derecha-en-igualdad\/#respond\"]}]},{\"@type\":\"WebPage\",\"@id\":\"https:\/\/agrupacionespsoe.es\/melilla\/el-psoe-exige-la-dimision-de-moreno-mohamed-por-asumir-el-discurso-de-extrema-derecha-en-igualdad\/\",\"url\":\"https:\/\/agrupacionespsoe.es\/melilla\/el-psoe-exige-la-dimision-de-moreno-mohamed-por-asumir-el-discurso-de-extrema-derecha-en-igualdad\/\",\"name\":\"El PSOE exige la dimisi\u00f3n de Moreno Mohamed por asumir el discurso de extrema derecha en igualdad - Agrupaci\u00f3n Socialista de Melilla\",\"isPartOf\":{\"@id\":\"https:\/\/agrupacionespsoe.es\/melilla\/#website\"},\"primaryImageOfPage\":{\"@id\":\"https:\/\/agrupacionespsoe.es\/melilla\/el-psoe-exige-la-dimision-de-moreno-mohamed-por-asumir-el-discurso-de-extrema-derecha-en-igualdad\/#primaryimage\"},\"image\":{\"@id\":\"https:\/\/agrupacionespsoe.es\/melilla\/el-psoe-exige-la-dimision-de-moreno-mohamed-por-asumir-el-discurso-de-extrema-derecha-en-igualdad\/#primaryimage\"},\"thumbnailUrl\":\"https:\/\/agrupacionespsoe.es\/melilla\/wp-content\/uploads\/sites\/120\/2025\/02\/WhatsApp-Image-2025-02-13-at-13.05.07.jpeg\",\"datePublished\":\"2025-04-04T11:13:56+00:00\",\"dateModified\":\"2025-04-04T11:13:57+00:00\",\"breadcrumb\":{\"@id\":\"https:\/\/agrupacionespsoe.es\/melilla\/el-psoe-exige-la-dimision-de-moreno-mohamed-por-asumir-el-discurso-de-extrema-derecha-en-igualdad\/#breadcrumb\"},\"inLanguage\":\"es\",\"potentialAction\":[{\"@type\":\"ReadAction\",\"target\":[\"https:\/\/agrupacionespsoe.es\/melilla\/el-psoe-exige-la-dimision-de-moreno-mohamed-por-asumir-el-discurso-de-extrema-derecha-en-igualdad\/\"]}]},{\"@type\":\"ImageObject\",\"inLanguage\":\"es\",\"@id\":\"https:\/\/agrupacionespsoe.es\/melilla\/el-psoe-exige-la-dimision-de-moreno-mohamed-por-asumir-el-discurso-de-extrema-derecha-en-igualdad\/#primaryimage\",\"url\":\"https:\/\/agrupacionespsoe.es\/melilla\/wp-content\/uploads\/sites\/120\/2025\/02\/WhatsApp-Image-2025-02-13-at-13.05.07.jpeg\",\"contentUrl\":\"https:\/\/agrupacionespsoe.es\/melilla\/wp-content\/uploads\/sites\/120\/2025\/02\/WhatsApp-Image-2025-02-13-at-13.05.07.jpeg\",\"width\":2560,\"height\":1706},{\"@type\":\"BreadcrumbList\",\"@id\":\"https:\/\/agrupacionespsoe.es\/melilla\/el-psoe-exige-la-dimision-de-moreno-mohamed-por-asumir-el-discurso-de-extrema-derecha-en-igualdad\/#breadcrumb\",\"itemListElement\":[{\"@type\":\"ListItem\",\"position\":1,\"name\":\"Portada\",\"item\":\"https:\/\/agrupacionespsoe.es\/melilla\/\"},{\"@type\":\"ListItem\",\"position\":2,\"name\":\"El PSOE exige la dimisi\u00f3n de Moreno Mohamed por asumir el discurso de extrema derecha en igualdad\"}]},{\"@type\":\"WebSite\",\"@id\":\"https:\/\/agrupacionespsoe.es\/melilla\/#website\",\"url\":\"https:\/\/agrupacionespsoe.es\/melilla\/\",\"name\":\"Agrupaci\u00f3n Socialista de Melilla\",\"description\":\"Agrupaci\u00f3n Socialista de Melilla\",\"publisher\":{\"@id\":\"https:\/\/agrupacionespsoe.es\/melilla\/#organization\"},\"potentialAction\":[{\"@type\":\"SearchAction\",\"target\":{\"@type\":\"EntryPoint\",\"urlTemplate\":\"https:\/\/agrupacionespsoe.es\/melilla\/?s={search_term_string}\"},\"query-input\":{\"@type\":\"PropertyValueSpecification\",\"valueRequired\":true,\"valueName\":\"search_term_string\"}}],\"inLanguage\":\"es\"},{\"@type\":\"Organization\",\"@id\":\"https:\/\/agrupacionespsoe.es\/melilla\/#organization\",\"name\":\"Agrupaci\u00f3n Socialista de Melilla\",\"url\":\"https:\/\/agrupacionespsoe.es\/melilla\/\",\"logo\":{\"@type\":\"ImageObject\",\"inLanguage\":\"es\",\"@id\":\"https:\/\/agrupacionespsoe.es\/melilla\/#\/schema\/logo\/image\/\",\"url\":\"https:\/\/agrupacionespsoe.es\/wp-content\/uploads\/2022\/07\/Logotipo_electoral_del_PSOE.png\",\"contentUrl\":\"https:\/\/agrupacionespsoe.es\/wp-content\/uploads\/2022\/07\/Logotipo_electoral_del_PSOE.png\",\"width\":422,\"height\":422,\"caption\":\"Agrupaci\u00f3n Socialista de Melilla\"},\"image\":{\"@id\":\"https:\/\/agrupacionespsoe.es\/melilla\/#\/schema\/logo\/image\/\"}},{\"@type\":\"Person\",\"@id\":\"https:\/\/agrupacionespsoe.es\/melilla\/#\/schema\/person\/72bb3075a827d0ed0623682b96c92bd6\",\"name\":\"melilla2\",\"image\":{\"@type\":\"ImageObject\",\"inLanguage\":\"es\",\"@id\":\"https:\/\/agrupacionespsoe.es\/melilla\/#\/schema\/person\/image\/\",\"url\":\"https:\/\/secure.gravatar.com\/avatar\/489a178e794e59f00db13a448aabca16?s=96&d=mm&r=g\",\"contentUrl\":\"https:\/\/secure.gravatar.com\/avatar\/489a178e794e59f00db13a448aabca16?s=96&d=mm&r=g\",\"caption\":\"melilla2\"},\"url\":\"https:\/\/agrupacionespsoe.es\/melilla\/author\/melilla2\/\"}]}<\/script>\n<!-- \/ Yoast SEO plugin. -->","yoast_head_json":{"title":"El PSOE exige la dimisi\u00f3n de Moreno Mohamed por asumir el discurso de extrema derecha en igualdad - Agrupaci\u00f3n Socialista de Melilla","robots":{"index":"index","follow":"follow","max-snippet":"max-snippet:-1","max-image-preview":"max-image-preview:large","max-video-preview":"max-video-preview:-1"},"canonical":"https:\/\/agrupacionespsoe.es\/melilla\/el-psoe-exige-la-dimision-de-moreno-mohamed-por-asumir-el-discurso-de-extrema-derecha-en-igualdad\/","og_locale":"es_ES","og_type":"article","og_title":"El PSOE exige la dimisi\u00f3n de Moreno Mohamed por asumir el discurso de extrema derecha en igualdad - Agrupaci\u00f3n Socialista de Melilla","og_description":"Segura: \u201cEs inaceptable que el PP hable de adoctrinamiento cuando estamos hablando de igualdad y prevenci\u00f3n de la violencia de g\u00e9nero\u201d \u201cEs intolerable, es totalmente inasumible que desde el Partido Popular se asuma el discurso de la extrema derecha en nuestro pa\u00eds y se cuestione la realidad de la violencia de g\u00e9nero y se hable ...","og_url":"https:\/\/agrupacionespsoe.es\/melilla\/el-psoe-exige-la-dimision-de-moreno-mohamed-por-asumir-el-discurso-de-extrema-derecha-en-igualdad\/","og_site_name":"Agrupaci\u00f3n Socialista de Melilla","article_published_time":"2025-04-04T11:13:56+00:00","article_modified_time":"2025-04-04T11:13:57+00:00","og_image":[{"width":2560,"height":1706,"url":"https:\/\/agrupacionespsoe.es\/melilla\/wp-content\/uploads\/sites\/120\/2025\/02\/WhatsApp-Image-2025-02-13-at-13.05.07.jpeg","type":"image\/jpeg"}],"author":"melilla2","twitter_card":"summary_large_image","twitter_misc":{"Escrito por":"melilla2","Tiempo de lectura":"2 minutos"},"schema":{"@context":"https:\/\/schema.org","@graph":[{"@type":"Article","@id":"https:\/\/agrupacionespsoe.es\/melilla\/el-psoe-exige-la-dimision-de-moreno-mohamed-por-asumir-el-discurso-de-extrema-derecha-en-igualdad\/#article","isPartOf":{"@id":"https:\/\/agrupacionespsoe.es\/melilla\/el-psoe-exige-la-dimision-de-moreno-mohamed-por-asumir-el-discurso-de-extrema-derecha-en-igualdad\/"},"author":{"name":"melilla2","@id":"https:\/\/agrupacionespsoe.es\/melilla\/#\/schema\/person\/72bb3075a827d0ed0623682b96c92bd6"},"headline":"El PSOE exige la dimisi\u00f3n de Moreno Mohamed por asumir el discurso de extrema derecha en igualdad","datePublished":"2025-04-04T11:13:56+00:00","dateModified":"2025-04-04T11:13:57+00:00","mainEntityOfPage":{"@id":"https:\/\/agrupacionespsoe.es\/melilla\/el-psoe-exige-la-dimision-de-moreno-mohamed-por-asumir-el-discurso-de-extrema-derecha-en-igualdad\/"},"wordCount":378,"commentCount":0,"publisher":{"@id":"https:\/\/agrupacionespsoe.es\/melilla\/#organization"},"image":{"@id":"https:\/\/agrupacionespsoe.es\/melilla\/el-psoe-exige-la-dimision-de-moreno-mohamed-por-asumir-el-discurso-de-extrema-derecha-en-igualdad\/#primaryimage"},"thumbnailUrl":"https:\/\/agrupacionespsoe.es\/melilla\/wp-content\/uploads\/sites\/120\/2025\/02\/WhatsApp-Image-2025-02-13-at-13.05.07.jpeg","inLanguage":"es","potentialAction":[{"@type":"CommentAction","name":"Comment","target":["https:\/\/agrupacionespsoe.es\/melilla\/el-psoe-exige-la-dimision-de-moreno-mohamed-por-asumir-el-discurso-de-extrema-derecha-en-igualdad\/#respond"]}]},{"@type":"WebPage","@id":"https:\/\/agrupacionespsoe.es\/melilla\/el-psoe-exige-la-dimision-de-moreno-mohamed-por-asumir-el-discurso-de-extrema-derecha-en-igualdad\/","url":"https:\/\/agrupacionespsoe.es\/melilla\/el-psoe-exige-la-dimision-de-moreno-mohamed-por-asumir-el-discurso-de-extrema-derecha-en-igualdad\/","name":"El PSOE exige la dimisi\u00f3n de Moreno Mohamed por asumir el discurso de extrema derecha en igualdad - Agrupaci\u00f3n Socialista de Melilla","isPartOf":{"@id":"https:\/\/agrupacionespsoe.es\/melilla\/#website"},"primaryImageOfPage":{"@id":"https:\/\/agrupacionespsoe.es\/melilla\/el-psoe-exige-la-dimision-de-moreno-mohamed-por-asumir-el-discurso-de-extrema-derecha-en-igualdad\/#primaryimage"},"image":{"@id":"https:\/\/agrupacionespsoe.es\/melilla\/el-psoe-exige-la-dimision-de-moreno-mohamed-por-asumir-el-discurso-de-extrema-derecha-en-igualdad\/#primaryimage"},"thumbnailUrl":"https:\/\/agrupacionespsoe.es\/melilla\/wp-content\/uploads\/sites\/120\/2025\/02\/WhatsApp-Image-2025-02-13-at-13.05.07.jpeg","datePublished":"2025-04-04T11:13:56+00:00","dateModified":"2025-04-04T11:13:57+00:00","breadcrumb":{"@id":"https:\/\/agrupacionespsoe.es\/melilla\/el-psoe-exige-la-dimision-de-moreno-mohamed-por-asumir-el-discurso-de-extrema-derecha-en-igualdad\/#breadcrumb"},"inLanguage":"es","potentialAction":[{"@type":"ReadAction","target":["https:\/\/agrupacionespsoe.es\/melilla\/el-psoe-exige-la-dimision-de-moreno-mohamed-por-asumir-el-discurso-de-extrema-derecha-en-igualdad\/"]}]},{"@type":"ImageObject","inLanguage":"es","@id":"https:\/\/agrupacionespsoe.es\/melilla\/el-psoe-exige-la-dimision-de-moreno-mohamed-por-asumir-el-discurso-de-extrema-derecha-en-igualdad\/#primaryimage","url":"https:\/\/agrupacionespsoe.es\/melilla\/wp-content\/uploads\/sites\/120\/2025\/02\/WhatsApp-Image-2025-02-13-at-13.05.07.jpeg","contentUrl":"https:\/\/agrupacionespsoe.es\/melilla\/wp-content\/uploads\/sites\/120\/2025\/02\/WhatsApp-Image-2025-02-13-at-13.05.07.jpeg","width":2560,"height":1706},{"@type":"BreadcrumbList","@id":"https:\/\/agrupacionespsoe.es\/melilla\/el-psoe-exige-la-dimision-de-moreno-mohamed-por-asumir-el-discurso-de-extrema-derecha-en-igualdad\/#breadcrumb","itemListElement":[{"@type":"ListItem","position":1,"name":"Portada","item":"https:\/\/agrupacionespsoe.es\/melilla\/"},{"@type":"ListItem","position":2,"name":"El PSOE exige la dimisi\u00f3n de Moreno Mohamed por asumir el discurso de extrema derecha en igualdad"}]},{"@type":"WebSite","@id":"https:\/\/agrupacionespsoe.es\/melilla\/#website","url":"https:\/\/agrupacionespsoe.es\/melilla\/","name":"Agrupaci\u00f3n Socialista de Melilla","description":"Agrupaci\u00f3n Socialista de Melilla","publisher":{"@id":"https:\/\/agrupacionespsoe.es\/melilla\/#organization"},"potentialAction":[{"@type":"SearchAction","target":{"@type":"EntryPoint","urlTemplate":"https:\/\/agrupacionespsoe.es\/melilla\/?s={search_term_string}"},"query-input":{"@type":"PropertyValueSpecification","valueRequired":true,"valueName":"search_term_string"}}],"inLanguage":"es"},{"@type":"Organization","@id":"https:\/\/agrupacionespsoe.es\/melilla\/#organization","name":"Agrupaci\u00f3n Socialista de Melilla","url":"https:\/\/agrupacionespsoe.es\/melilla\/","logo":{"@type":"ImageObject","inLanguage":"es","@id":"https:\/\/agrupacionespsoe.es\/melilla\/#\/schema\/logo\/image\/","url":"https:\/\/agrupacionespsoe.es\/wp-content\/uploads\/2022\/07\/Logotipo_electoral_del_PSOE.png","contentUrl":"https:\/\/agrupacionespsoe.es\/wp-content\/uploads\/2022\/07\/Logotipo_electoral_del_PSOE.png","width":422,"height":422,"caption":"Agrupaci\u00f3n Socialista de Melilla"},"image":{"@id":"https:\/\/agrupacionespsoe.es\/melilla\/#\/schema\/logo\/image\/"}},{"@type":"Person","@id":"https:\/\/agrupacionespsoe.es\/melilla\/#\/schema\/person\/72bb3075a827d0ed0623682b96c92bd6","name":"melilla2","image":{"@type":"ImageObject","inLanguage":"es","@id":"https:\/\/agrupacionespsoe.es\/melilla\/#\/schema\/person\/image\/","url":"https:\/\/secure.gravatar.com\/avatar\/489a178e794e59f00db13a448aabca16?s=96&d=mm&r=g","contentUrl":"https:\/\/secure.gravatar.com\/avatar\/489a178e794e59f00db13a448aabca16?s=96&d=mm&r=g","caption":"melilla2"},"url":"https:\/\/agrupacionespsoe.es\/melilla\/author\/melilla2\/"}]}},"jetpack_featured_media_url":"https:\/\/agrupacionespsoe.es\/melilla\/wp-content\/uploads\/sites\/120\/2025\/02\/WhatsApp-Image-2025-02-13-at-13.05.07.jpeg","jetpack_sharing_enabled":true,"_links":{"self":[{"href":"https:\/\/agrupacionespsoe.es\/melilla\/wp-json\/wp\/v2\/posts\/1696","targetHints":{"allow":["GET"]}}],"collection":[{"href":"https:\/\/agrupacionespsoe.es\/melilla\/wp-json\/wp\/v2\/posts"}],"about":[{"href":"https:\/\/agrupacionespsoe.es\/melilla\/wp-json\/wp\/v2\/types\/post"}],"author":[{"embeddable":true,"href":"https:\/\/agrupacionespsoe.es\/melilla\/wp-json\/wp\/v2\/users\/187"}],"replies":[{"embeddable":true,"href":"https:\/\/agrupacionespsoe.es\/melilla\/wp-json\/wp\/v2\/comments?post=1696"}],"version-history":[{"count":1,"href":"https:\/\/agrupacionespsoe.es\/melilla\/wp-json\/wp\/v2\/posts\/1696\/revisions"}],"predecessor-version":[{"id":1697,"href":"https:\/\/agrupacionespsoe.es\/melilla\/wp-json\/wp\/v2\/posts\/1696\/revisions\/1697"}],"wp:featuredmedia":[{"embeddable":true,"href":"https:\/\/agrupacionespsoe.es\/melilla\/wp-json\/wp\/v2\/media\/1592"}],"wp:attachment":[{"href":"https:\/\/agrupacionespsoe.es\/melilla\/wp-json\/wp\/v2\/media?parent=1696"}],"wp:term":[{"taxonomy":"category","embeddable":true,"href":"https:\/\/agrupacionespsoe.es\/melilla\/wp-json\/wp\/v2\/categories?post=1696"},{"taxonomy":"post_tag","embeddable":true,"href":"https:\/\/agrupacionespsoe.es\/melilla\/wp-json\/wp\/v2\/tags?post=1696"}],"curies":[{"name":"wp","href":"https:\/\/api.w.org\/{rel}","templated":true}]}}