{"id":1687,"date":"2025-04-01T11:08:34","date_gmt":"2025-04-01T11:08:34","guid":{"rendered":"https:\/\/agrupacionespsoe.es\/melilla\/?p=1687"},"modified":"2025-04-01T11:08:35","modified_gmt":"2025-04-01T11:08:35","slug":"robles-la-aprobacion-de-la-ley-de-desperdicio-alimentario-es-un-hito-y-tendra-un-impacto-economico-social-y-ambiental","status":"publish","type":"post","link":"https:\/\/agrupacionespsoe.es\/melilla\/robles-la-aprobacion-de-la-ley-de-desperdicio-alimentario-es-un-hito-y-tendra-un-impacto-economico-social-y-ambiental\/","title":{"rendered":"Robles: \u201cLa aprobaci\u00f3n de la Ley de Desperdicio Alimentario es un hito y tendr\u00e1 un impacto econ\u00f3mico, social y ambiental\u201d"},"content":{"rendered":"\n<p><strong>Recuerda que el PSOE present\u00f3 una moci\u00f3n con propuestas para que el Gobierno local pusiera en marcha medidas para este fin<\/strong><\/p>\n\n\n\n<p>El pasado 20 de marzo, el Congreso de los Diputados aprob\u00f3 de manera definitiva la Ley de Prevenci\u00f3n de las P\u00e9rdidas y el Desperdicio Alimentario. El Portavoz de la Comisi\u00f3n Ejecutiva Regional del PSOE en Melilla, Rafael Robles, ha subrayado la importancia de esta normativa, que se trata de un \u201chito\u201d legislativo impulsado por el Gobierno de Pedro S\u00e1nchez y busca reducir significativamente el desperdicio de alimentos, mejorar la reutilizaci\u00f3n de los excedentes en la hosteler\u00eda y sensibilizar a la ciudadan\u00eda.<\/p>\n\n\n\n<p>En ese sentido, Robles ha destacado la necesidad de adaptar Melilla a las exigencias de la ley de forma gradual, sin generar un impacto negativo ni para los comercios ni para los ciudadanos. \u201cDesde el PSOE venimos trabajando en este \u00e1mbito desde noviembre de 2023, buscando una soluci\u00f3n que no fuera traum\u00e1tica para los sectores productivos de la ciudad. Presentamos una moci\u00f3n al Gobierno local del PP que lamentablemente fue rechazada. De haber sido aceptada, Melilla estar\u00eda hoy mucho m\u00e1s preparada para cumplir con la nueva ley\u201d, ha explicado.<\/p>\n\n\n\n<p>La ley cuenta con el respaldo del PSOE y los grupos que apoyan al Gobierno central, mientras que el Partido Popular, que en legislaturas anteriores hab\u00eda mostrado su apoyo a estas medidas en el Congreso de los Diputados, finalmente se abstuvo en la votaci\u00f3n. Vox, por su parte, se mantuvo en su habitual postura de rechazo.<\/p>\n\n\n\n<p>Entre las principales acciones establecidas por la ley, destaca la obligaci\u00f3n para las empresas de la cadena alimentaria, como la distribuci\u00f3n de alimentos y la hosteler\u00eda, de elaborar planes de prevenci\u00f3n de p\u00e9rdidas y desperdicios. Estos planes deber\u00e1n incorporar medidas que promuevan la reducci\u00f3n de residuos, tanto desde un punto de vista t\u00e9cnico como econ\u00f3mico y ambiental, y contar con mecanismos de seguimiento peri\u00f3dico para asegurar su efectividad.<\/p>\n\n\n\n<p><strong>Propuestas locales<\/strong><strong><\/strong><\/p>\n\n\n\n<p>En el caso de Melilla, el PSOE lleva tiempo impulsando la sensibilizaci\u00f3n sobre esta problem\u00e1tica. Desde finales de 2023, los socialistas presentaron una moci\u00f3n que inclu\u00eda varias propuestas para que la administraci\u00f3n local pusiera en marcha medidas informativas y de concienciaci\u00f3n entre los comercios de hosteler\u00eda, supermercados y la ciudadan\u00eda en general.<\/p>\n\n\n\n<p>\u201cEn nuestros propios eventos, ya estamos poniendo en pr\u00e1ctica esta ley, ofreciendo a los asistentes envases para que puedan llevarse los alimentos sobrantes a casa\u201d, detall\u00f3 Robles.<\/p>\n\n\n\n<p>La moci\u00f3n del PSOE tambi\u00e9n inclu\u00eda propuestas concretas para la hosteler\u00eda y los hogares. En primer lugar, se instaba a los comercios de hosteler\u00eda a contar con un Plan de Prevenci\u00f3n y Reducci\u00f3n de P\u00e9rdidas y Desperdicio Alimentario, que permitiera, entre otras cosas, ofrecer a los clientes los sobrantes de sus men\u00fas para que los pudieran llevar a casa, la implementaci\u00f3n de men\u00fas basados en el principio de la \u2018no glotoner\u00eda\u2019, y el establecimiento de medidas para promover la econom\u00eda circular mediante la reutilizaci\u00f3n de los productos no vendidos.<\/p>\n\n\n\n<p>Por otro lado, la moci\u00f3n hac\u00eda un llamado a la concienciaci\u00f3n sobre el desperdicio en los hogares, con medidas pr\u00e1cticas como el uso adecuado del congelador y frigor\u00edfico, el aprovechamiento de las ofertas en supermercados, la correcta separaci\u00f3n de residuos y la utilizaci\u00f3n de envases de vidrio.<\/p>\n\n\n\n<p><strong>Responsabilidad colectiva<\/strong><strong><\/strong><\/p>\n\n\n\n<p>Desde el PSOE, se ha destacado la importancia de la educaci\u00f3n en esta causa. As\u00ed, las instituciones locales en manos de los socialistas, como la Delegaci\u00f3n del Gobierno y el Ministerio de Educaci\u00f3n, Formaci\u00f3n Profesional y Deportes, han organizado charlas y actividades en los colegios p\u00fablicos y concertados de la ciudad para ense\u00f1ar a los m\u00e1s j\u00f3venes la importancia de reducir y reutilizar los alimentos.<\/p>\n\n\n\n<p>\u201cEsta ley no solo tiene un impacto econ\u00f3mico, sino tambi\u00e9n social y ambiental. La lucha contra el desperdicio alimentario es una responsabilidad colectiva. Los socialistas no solo hemos impulsado esta ley a nivel nacional, sino que seguimos trabajando en Melilla para que todos los sectores est\u00e9n preparados para aplicarla\u201d, ha concluido Robles.<\/p>\n","protected":false},"excerpt":{"rendered":"<p>Recuerda que el PSOE present\u00f3 una moci\u00f3n con propuestas para que el Gobierno local pusiera en marcha medidas para este fin El pasado 20 de marzo, el Congreso de los Diputados aprob\u00f3 de manera definitiva la Ley de Prevenci\u00f3n de las P\u00e9rdidas y el Desperdicio Alimentario. El Portavoz de la Comisi\u00f3n Ejecutiva Regional del PSOE &#8230;<\/p>\n","protected":false},"author":187,"featured_media":1688,"comment_status":"open","ping_status":"open","sticky":false,"template":"","format":"standard","meta":{"_jetpack_memberships_contains_paid_content":false,"footnotes":""},"categories":[1],"tags":[],"class_list":["post-1687","post","type-post","status-publish","format-standard","has-post-thumbnail","hentry","category-sin-categoria"],"yoast_head":"<!-- This site is optimized with the Yoast SEO plugin v24.0 - https:\/\/yoast.com\/wordpress\/plugins\/seo\/ -->\n<title>Robles: \u201cLa aprobaci\u00f3n de la Ley de Desperdicio Alimentario es un hito y tendr\u00e1 un impacto econ\u00f3mico, social y ambiental\u201d - Agrupaci\u00f3n Socialista de Melilla<\/title>\n<meta name=\"robots\" content=\"index, follow, max-snippet:-1, max-image-preview:large, max-video-preview:-1\" \/>\n<link rel=\"canonical\" href=\"https:\/\/agrupacionespsoe.es\/melilla\/robles-la-aprobacion-de-la-ley-de-desperdicio-alimentario-es-un-hito-y-tendra-un-impacto-economico-social-y-ambiental\/\" \/>\n<meta property=\"og:locale\" content=\"es_ES\" \/>\n<meta property=\"og:type\" content=\"article\" \/>\n<meta property=\"og:title\" content=\"Robles: \u201cLa aprobaci\u00f3n de la Ley de Desperdicio Alimentario es un hito y tendr\u00e1 un impacto econ\u00f3mico, social y ambiental\u201d - Agrupaci\u00f3n Socialista de Melilla\" \/>\n<meta property=\"og:description\" content=\"Recuerda que el PSOE present\u00f3 una moci\u00f3n con propuestas para que el Gobierno local pusiera en marcha medidas para este fin El pasado 20 de marzo, el Congreso de los Diputados aprob\u00f3 de manera definitiva la Ley de Prevenci\u00f3n de las P\u00e9rdidas y el Desperdicio Alimentario. El Portavoz de la Comisi\u00f3n Ejecutiva Regional del PSOE ...\" \/>\n<meta property=\"og:url\" content=\"https:\/\/agrupacionespsoe.es\/melilla\/robles-la-aprobacion-de-la-ley-de-desperdicio-alimentario-es-un-hito-y-tendra-un-impacto-economico-social-y-ambiental\/\" \/>\n<meta property=\"og:site_name\" content=\"Agrupaci\u00f3n Socialista de Melilla\" \/>\n<meta property=\"article:published_time\" content=\"2025-04-01T11:08:34+00:00\" \/>\n<meta property=\"article:modified_time\" content=\"2025-04-01T11:08:35+00:00\" \/>\n<meta property=\"og:image\" content=\"https:\/\/agrupacionespsoe.es\/melilla\/wp-content\/uploads\/sites\/120\/2025\/04\/RRobles-scaled.jpg\" \/>\n\t<meta property=\"og:image:width\" content=\"2560\" \/>\n\t<meta property=\"og:image:height\" content=\"1707\" \/>\n\t<meta property=\"og:image:type\" content=\"image\/jpeg\" \/>\n<meta name=\"author\" content=\"melilla2\" \/>\n<meta name=\"twitter:card\" content=\"summary_large_image\" \/>\n<meta name=\"twitter:label1\" content=\"Escrito por\" \/>\n\t<meta name=\"twitter:data1\" content=\"melilla2\" \/>\n\t<meta name=\"twitter:label2\" content=\"Tiempo de lectura\" \/>\n\t<meta name=\"twitter:data2\" content=\"4 minutos\" \/>\n<script type=\"application\/ld+json\" class=\"yoast-schema-graph\">{\"@context\":\"https:\/\/schema.org\",\"@graph\":[{\"@type\":\"Article\",\"@id\":\"https:\/\/agrupacionespsoe.es\/melilla\/robles-la-aprobacion-de-la-ley-de-desperdicio-alimentario-es-un-hito-y-tendra-un-impacto-economico-social-y-ambiental\/#article\",\"isPartOf\":{\"@id\":\"https:\/\/agrupacionespsoe.es\/melilla\/robles-la-aprobacion-de-la-ley-de-desperdicio-alimentario-es-un-hito-y-tendra-un-impacto-economico-social-y-ambiental\/\"},\"author\":{\"name\":\"melilla2\",\"@id\":\"https:\/\/agrupacionespsoe.es\/melilla\/#\/schema\/person\/72bb3075a827d0ed0623682b96c92bd6\"},\"headline\":\"Robles: \u201cLa aprobaci\u00f3n de la Ley de Desperdicio Alimentario es un hito y tendr\u00e1 un impacto econ\u00f3mico, social y ambiental\u201d\",\"datePublished\":\"2025-04-01T11:08:34+00:00\",\"dateModified\":\"2025-04-01T11:08:35+00:00\",\"mainEntityOfPage\":{\"@id\":\"https:\/\/agrupacionespsoe.es\/melilla\/robles-la-aprobacion-de-la-ley-de-desperdicio-alimentario-es-un-hito-y-tendra-un-impacto-economico-social-y-ambiental\/\"},\"wordCount\":736,\"commentCount\":0,\"publisher\":{\"@id\":\"https:\/\/agrupacionespsoe.es\/melilla\/#organization\"},\"image\":{\"@id\":\"https:\/\/agrupacionespsoe.es\/melilla\/robles-la-aprobacion-de-la-ley-de-desperdicio-alimentario-es-un-hito-y-tendra-un-impacto-economico-social-y-ambiental\/#primaryimage\"},\"thumbnailUrl\":\"https:\/\/agrupacionespsoe.es\/melilla\/wp-content\/uploads\/sites\/120\/2025\/04\/RRobles-scaled.jpg\",\"inLanguage\":\"es\",\"potentialAction\":[{\"@type\":\"CommentAction\",\"name\":\"Comment\",\"target\":[\"https:\/\/agrupacionespsoe.es\/melilla\/robles-la-aprobacion-de-la-ley-de-desperdicio-alimentario-es-un-hito-y-tendra-un-impacto-economico-social-y-ambiental\/#respond\"]}]},{\"@type\":\"WebPage\",\"@id\":\"https:\/\/agrupacionespsoe.es\/melilla\/robles-la-aprobacion-de-la-ley-de-desperdicio-alimentario-es-un-hito-y-tendra-un-impacto-economico-social-y-ambiental\/\",\"url\":\"https:\/\/agrupacionespsoe.es\/melilla\/robles-la-aprobacion-de-la-ley-de-desperdicio-alimentario-es-un-hito-y-tendra-un-impacto-economico-social-y-ambiental\/\",\"name\":\"Robles: \u201cLa aprobaci\u00f3n de la Ley de Desperdicio Alimentario es un hito y tendr\u00e1 un impacto econ\u00f3mico, social y ambiental\u201d - Agrupaci\u00f3n Socialista de Melilla\",\"isPartOf\":{\"@id\":\"https:\/\/agrupacionespsoe.es\/melilla\/#website\"},\"primaryImageOfPage\":{\"@id\":\"https:\/\/agrupacionespsoe.es\/melilla\/robles-la-aprobacion-de-la-ley-de-desperdicio-alimentario-es-un-hito-y-tendra-un-impacto-economico-social-y-ambiental\/#primaryimage\"},\"image\":{\"@id\":\"https:\/\/agrupacionespsoe.es\/melilla\/robles-la-aprobacion-de-la-ley-de-desperdicio-alimentario-es-un-hito-y-tendra-un-impacto-economico-social-y-ambiental\/#primaryimage\"},\"thumbnailUrl\":\"https:\/\/agrupacionespsoe.es\/melilla\/wp-content\/uploads\/sites\/120\/2025\/04\/RRobles-scaled.jpg\",\"datePublished\":\"2025-04-01T11:08:34+00:00\",\"dateModified\":\"2025-04-01T11:08:35+00:00\",\"breadcrumb\":{\"@id\":\"https:\/\/agrupacionespsoe.es\/melilla\/robles-la-aprobacion-de-la-ley-de-desperdicio-alimentario-es-un-hito-y-tendra-un-impacto-economico-social-y-ambiental\/#breadcrumb\"},\"inLanguage\":\"es\",\"potentialAction\":[{\"@type\":\"ReadAction\",\"target\":[\"https:\/\/agrupacionespsoe.es\/melilla\/robles-la-aprobacion-de-la-ley-de-desperdicio-alimentario-es-un-hito-y-tendra-un-impacto-economico-social-y-ambiental\/\"]}]},{\"@type\":\"ImageObject\",\"inLanguage\":\"es\",\"@id\":\"https:\/\/agrupacionespsoe.es\/melilla\/robles-la-aprobacion-de-la-ley-de-desperdicio-alimentario-es-un-hito-y-tendra-un-impacto-economico-social-y-ambiental\/#primaryimage\",\"url\":\"https:\/\/agrupacionespsoe.es\/melilla\/wp-content\/uploads\/sites\/120\/2025\/04\/RRobles-scaled.jpg\",\"contentUrl\":\"https:\/\/agrupacionespsoe.es\/melilla\/wp-content\/uploads\/sites\/120\/2025\/04\/RRobles-scaled.jpg\",\"width\":2560,\"height\":1707},{\"@type\":\"BreadcrumbList\",\"@id\":\"https:\/\/agrupacionespsoe.es\/melilla\/robles-la-aprobacion-de-la-ley-de-desperdicio-alimentario-es-un-hito-y-tendra-un-impacto-economico-social-y-ambiental\/#breadcrumb\",\"itemListElement\":[{\"@type\":\"ListItem\",\"position\":1,\"name\":\"Portada\",\"item\":\"https:\/\/agrupacionespsoe.es\/melilla\/\"},{\"@type\":\"ListItem\",\"position\":2,\"name\":\"Robles: \u201cLa aprobaci\u00f3n de la Ley de Desperdicio Alimentario es un hito y tendr\u00e1 un impacto econ\u00f3mico, social y ambiental\u201d\"}]},{\"@type\":\"WebSite\",\"@id\":\"https:\/\/agrupacionespsoe.es\/melilla\/#website\",\"url\":\"https:\/\/agrupacionespsoe.es\/melilla\/\",\"name\":\"Agrupaci\u00f3n Socialista de Melilla\",\"description\":\"Agrupaci\u00f3n Socialista de Melilla\",\"publisher\":{\"@id\":\"https:\/\/agrupacionespsoe.es\/melilla\/#organization\"},\"potentialAction\":[{\"@type\":\"SearchAction\",\"target\":{\"@type\":\"EntryPoint\",\"urlTemplate\":\"https:\/\/agrupacionespsoe.es\/melilla\/?s={search_term_string}\"},\"query-input\":{\"@type\":\"PropertyValueSpecification\",\"valueRequired\":true,\"valueName\":\"search_term_string\"}}],\"inLanguage\":\"es\"},{\"@type\":\"Organization\",\"@id\":\"https:\/\/agrupacionespsoe.es\/melilla\/#organization\",\"name\":\"Agrupaci\u00f3n Socialista de Melilla\",\"url\":\"https:\/\/agrupacionespsoe.es\/melilla\/\",\"logo\":{\"@type\":\"ImageObject\",\"inLanguage\":\"es\",\"@id\":\"https:\/\/agrupacionespsoe.es\/melilla\/#\/schema\/logo\/image\/\",\"url\":\"https:\/\/agrupacionespsoe.es\/wp-content\/uploads\/2022\/07\/Logotipo_electoral_del_PSOE.png\",\"contentUrl\":\"https:\/\/agrupacionespsoe.es\/wp-content\/uploads\/2022\/07\/Logotipo_electoral_del_PSOE.png\",\"width\":422,\"height\":422,\"caption\":\"Agrupaci\u00f3n Socialista de Melilla\"},\"image\":{\"@id\":\"https:\/\/agrupacionespsoe.es\/melilla\/#\/schema\/logo\/image\/\"}},{\"@type\":\"Person\",\"@id\":\"https:\/\/agrupacionespsoe.es\/melilla\/#\/schema\/person\/72bb3075a827d0ed0623682b96c92bd6\",\"name\":\"melilla2\",\"image\":{\"@type\":\"ImageObject\",\"inLanguage\":\"es\",\"@id\":\"https:\/\/agrupacionespsoe.es\/melilla\/#\/schema\/person\/image\/\",\"url\":\"https:\/\/secure.gravatar.com\/avatar\/489a178e794e59f00db13a448aabca16?s=96&d=mm&r=g\",\"contentUrl\":\"https:\/\/secure.gravatar.com\/avatar\/489a178e794e59f00db13a448aabca16?s=96&d=mm&r=g\",\"caption\":\"melilla2\"},\"url\":\"https:\/\/agrupacionespsoe.es\/melilla\/author\/melilla2\/\"}]}<\/script>\n<!-- \/ Yoast SEO plugin. -->","yoast_head_json":{"title":"Robles: \u201cLa aprobaci\u00f3n de la Ley de Desperdicio Alimentario es un hito y tendr\u00e1 un impacto econ\u00f3mico, social y ambiental\u201d - Agrupaci\u00f3n Socialista de Melilla","robots":{"index":"index","follow":"follow","max-snippet":"max-snippet:-1","max-image-preview":"max-image-preview:large","max-video-preview":"max-video-preview:-1"},"canonical":"https:\/\/agrupacionespsoe.es\/melilla\/robles-la-aprobacion-de-la-ley-de-desperdicio-alimentario-es-un-hito-y-tendra-un-impacto-economico-social-y-ambiental\/","og_locale":"es_ES","og_type":"article","og_title":"Robles: \u201cLa aprobaci\u00f3n de la Ley de Desperdicio Alimentario es un hito y tendr\u00e1 un impacto econ\u00f3mico, social y ambiental\u201d - Agrupaci\u00f3n Socialista de Melilla","og_description":"Recuerda que el PSOE present\u00f3 una moci\u00f3n con propuestas para que el Gobierno local pusiera en marcha medidas para este fin El pasado 20 de marzo, el Congreso de los Diputados aprob\u00f3 de manera definitiva la Ley de Prevenci\u00f3n de las P\u00e9rdidas y el Desperdicio Alimentario. El Portavoz de la Comisi\u00f3n Ejecutiva Regional del PSOE ...","og_url":"https:\/\/agrupacionespsoe.es\/melilla\/robles-la-aprobacion-de-la-ley-de-desperdicio-alimentario-es-un-hito-y-tendra-un-impacto-economico-social-y-ambiental\/","og_site_name":"Agrupaci\u00f3n Socialista de Melilla","article_published_time":"2025-04-01T11:08:34+00:00","article_modified_time":"2025-04-01T11:08:35+00:00","og_image":[{"width":2560,"height":1707,"url":"https:\/\/agrupacionespsoe.es\/melilla\/wp-content\/uploads\/sites\/120\/2025\/04\/RRobles-scaled.jpg","type":"image\/jpeg"}],"author":"melilla2","twitter_card":"summary_large_image","twitter_misc":{"Escrito por":"melilla2","Tiempo de lectura":"4 minutos"},"schema":{"@context":"https:\/\/schema.org","@graph":[{"@type":"Article","@id":"https:\/\/agrupacionespsoe.es\/melilla\/robles-la-aprobacion-de-la-ley-de-desperdicio-alimentario-es-un-hito-y-tendra-un-impacto-economico-social-y-ambiental\/#article","isPartOf":{"@id":"https:\/\/agrupacionespsoe.es\/melilla\/robles-la-aprobacion-de-la-ley-de-desperdicio-alimentario-es-un-hito-y-tendra-un-impacto-economico-social-y-ambiental\/"},"author":{"name":"melilla2","@id":"https:\/\/agrupacionespsoe.es\/melilla\/#\/schema\/person\/72bb3075a827d0ed0623682b96c92bd6"},"headline":"Robles: \u201cLa aprobaci\u00f3n de la Ley de Desperdicio Alimentario es un hito y tendr\u00e1 un impacto econ\u00f3mico, social y ambiental\u201d","datePublished":"2025-04-01T11:08:34+00:00","dateModified":"2025-04-01T11:08:35+00:00","mainEntityOfPage":{"@id":"https:\/\/agrupacionespsoe.es\/melilla\/robles-la-aprobacion-de-la-ley-de-desperdicio-alimentario-es-un-hito-y-tendra-un-impacto-economico-social-y-ambiental\/"},"wordCount":736,"commentCount":0,"publisher":{"@id":"https:\/\/agrupacionespsoe.es\/melilla\/#organization"},"image":{"@id":"https:\/\/agrupacionespsoe.es\/melilla\/robles-la-aprobacion-de-la-ley-de-desperdicio-alimentario-es-un-hito-y-tendra-un-impacto-economico-social-y-ambiental\/#primaryimage"},"thumbnailUrl":"https:\/\/agrupacionespsoe.es\/melilla\/wp-content\/uploads\/sites\/120\/2025\/04\/RRobles-scaled.jpg","inLanguage":"es","potentialAction":[{"@type":"CommentAction","name":"Comment","target":["https:\/\/agrupacionespsoe.es\/melilla\/robles-la-aprobacion-de-la-ley-de-desperdicio-alimentario-es-un-hito-y-tendra-un-impacto-economico-social-y-ambiental\/#respond"]}]},{"@type":"WebPage","@id":"https:\/\/agrupacionespsoe.es\/melilla\/robles-la-aprobacion-de-la-ley-de-desperdicio-alimentario-es-un-hito-y-tendra-un-impacto-economico-social-y-ambiental\/","url":"https:\/\/agrupacionespsoe.es\/melilla\/robles-la-aprobacion-de-la-ley-de-desperdicio-alimentario-es-un-hito-y-tendra-un-impacto-economico-social-y-ambiental\/","name":"Robles: \u201cLa aprobaci\u00f3n de la Ley de Desperdicio Alimentario es un hito y tendr\u00e1 un impacto econ\u00f3mico, social y ambiental\u201d - Agrupaci\u00f3n Socialista de Melilla","isPartOf":{"@id":"https:\/\/agrupacionespsoe.es\/melilla\/#website"},"primaryImageOfPage":{"@id":"https:\/\/agrupacionespsoe.es\/melilla\/robles-la-aprobacion-de-la-ley-de-desperdicio-alimentario-es-un-hito-y-tendra-un-impacto-economico-social-y-ambiental\/#primaryimage"},"image":{"@id":"https:\/\/agrupacionespsoe.es\/melilla\/robles-la-aprobacion-de-la-ley-de-desperdicio-alimentario-es-un-hito-y-tendra-un-impacto-economico-social-y-ambiental\/#primaryimage"},"thumbnailUrl":"https:\/\/agrupacionespsoe.es\/melilla\/wp-content\/uploads\/sites\/120\/2025\/04\/RRobles-scaled.jpg","datePublished":"2025-04-01T11:08:34+00:00","dateModified":"2025-04-01T11:08:35+00:00","breadcrumb":{"@id":"https:\/\/agrupacionespsoe.es\/melilla\/robles-la-aprobacion-de-la-ley-de-desperdicio-alimentario-es-un-hito-y-tendra-un-impacto-economico-social-y-ambiental\/#breadcrumb"},"inLanguage":"es","potentialAction":[{"@type":"ReadAction","target":["https:\/\/agrupacionespsoe.es\/melilla\/robles-la-aprobacion-de-la-ley-de-desperdicio-alimentario-es-un-hito-y-tendra-un-impacto-economico-social-y-ambiental\/"]}]},{"@type":"ImageObject","inLanguage":"es","@id":"https:\/\/agrupacionespsoe.es\/melilla\/robles-la-aprobacion-de-la-ley-de-desperdicio-alimentario-es-un-hito-y-tendra-un-impacto-economico-social-y-ambiental\/#primaryimage","url":"https:\/\/agrupacionespsoe.es\/melilla\/wp-content\/uploads\/sites\/120\/2025\/04\/RRobles-scaled.jpg","contentUrl":"https:\/\/agrupacionespsoe.es\/melilla\/wp-content\/uploads\/sites\/120\/2025\/04\/RRobles-scaled.jpg","width":2560,"height":1707},{"@type":"BreadcrumbList","@id":"https:\/\/agrupacionespsoe.es\/melilla\/robles-la-aprobacion-de-la-ley-de-desperdicio-alimentario-es-un-hito-y-tendra-un-impacto-economico-social-y-ambiental\/#breadcrumb","itemListElement":[{"@type":"ListItem","position":1,"name":"Portada","item":"https:\/\/agrupacionespsoe.es\/melilla\/"},{"@type":"ListItem","position":2,"name":"Robles: \u201cLa aprobaci\u00f3n de la Ley de Desperdicio Alimentario es un hito y tendr\u00e1 un impacto econ\u00f3mico, social y ambiental\u201d"}]},{"@type":"WebSite","@id":"https:\/\/agrupacionespsoe.es\/melilla\/#website","url":"https:\/\/agrupacionespsoe.es\/melilla\/","name":"Agrupaci\u00f3n Socialista de Melilla","description":"Agrupaci\u00f3n Socialista de Melilla","publisher":{"@id":"https:\/\/agrupacionespsoe.es\/melilla\/#organization"},"potentialAction":[{"@type":"SearchAction","target":{"@type":"EntryPoint","urlTemplate":"https:\/\/agrupacionespsoe.es\/melilla\/?s={search_term_string}"},"query-input":{"@type":"PropertyValueSpecification","valueRequired":true,"valueName":"search_term_string"}}],"inLanguage":"es"},{"@type":"Organization","@id":"https:\/\/agrupacionespsoe.es\/melilla\/#organization","name":"Agrupaci\u00f3n Socialista de Melilla","url":"https:\/\/agrupacionespsoe.es\/melilla\/","logo":{"@type":"ImageObject","inLanguage":"es","@id":"https:\/\/agrupacionespsoe.es\/melilla\/#\/schema\/logo\/image\/","url":"https:\/\/agrupacionespsoe.es\/wp-content\/uploads\/2022\/07\/Logotipo_electoral_del_PSOE.png","contentUrl":"https:\/\/agrupacionespsoe.es\/wp-content\/uploads\/2022\/07\/Logotipo_electoral_del_PSOE.png","width":422,"height":422,"caption":"Agrupaci\u00f3n Socialista de Melilla"},"image":{"@id":"https:\/\/agrupacionespsoe.es\/melilla\/#\/schema\/logo\/image\/"}},{"@type":"Person","@id":"https:\/\/agrupacionespsoe.es\/melilla\/#\/schema\/person\/72bb3075a827d0ed0623682b96c92bd6","name":"melilla2","image":{"@type":"ImageObject","inLanguage":"es","@id":"https:\/\/agrupacionespsoe.es\/melilla\/#\/schema\/person\/image\/","url":"https:\/\/secure.gravatar.com\/avatar\/489a178e794e59f00db13a448aabca16?s=96&d=mm&r=g","contentUrl":"https:\/\/secure.gravatar.com\/avatar\/489a178e794e59f00db13a448aabca16?s=96&d=mm&r=g","caption":"melilla2"},"url":"https:\/\/agrupacionespsoe.es\/melilla\/author\/melilla2\/"}]}},"jetpack_featured_media_url":"https:\/\/agrupacionespsoe.es\/melilla\/wp-content\/uploads\/sites\/120\/2025\/04\/RRobles-scaled.jpg","jetpack_sharing_enabled":true,"_links":{"self":[{"href":"https:\/\/agrupacionespsoe.es\/melilla\/wp-json\/wp\/v2\/posts\/1687","targetHints":{"allow":["GET"]}}],"collection":[{"href":"https:\/\/agrupacionespsoe.es\/melilla\/wp-json\/wp\/v2\/posts"}],"about":[{"href":"https:\/\/agrupacionespsoe.es\/melilla\/wp-json\/wp\/v2\/types\/post"}],"author":[{"embeddable":true,"href":"https:\/\/agrupacionespsoe.es\/melilla\/wp-json\/wp\/v2\/users\/187"}],"replies":[{"embeddable":true,"href":"https:\/\/agrupacionespsoe.es\/melilla\/wp-json\/wp\/v2\/comments?post=1687"}],"version-history":[{"count":1,"href":"https:\/\/agrupacionespsoe.es\/melilla\/wp-json\/wp\/v2\/posts\/1687\/revisions"}],"predecessor-version":[{"id":1689,"href":"https:\/\/agrupacionespsoe.es\/melilla\/wp-json\/wp\/v2\/posts\/1687\/revisions\/1689"}],"wp:featuredmedia":[{"embeddable":true,"href":"https:\/\/agrupacionespsoe.es\/melilla\/wp-json\/wp\/v2\/media\/1688"}],"wp:attachment":[{"href":"https:\/\/agrupacionespsoe.es\/melilla\/wp-json\/wp\/v2\/media?parent=1687"}],"wp:term":[{"taxonomy":"category","embeddable":true,"href":"https:\/\/agrupacionespsoe.es\/melilla\/wp-json\/wp\/v2\/categories?post=1687"},{"taxonomy":"post_tag","embeddable":true,"href":"https:\/\/agrupacionespsoe.es\/melilla\/wp-json\/wp\/v2\/tags?post=1687"}],"curies":[{"name":"wp","href":"https:\/\/api.w.org\/{rel}","templated":true}]}}