{"id":1684,"date":"2025-03-31T18:36:27","date_gmt":"2025-03-31T18:36:27","guid":{"rendered":"https:\/\/agrupacionespsoe.es\/melilla\/?p=1684"},"modified":"2025-03-31T18:36:28","modified_gmt":"2025-03-31T18:36:28","slug":"robles-el-pp-continua-sin-atender-los-principales-problemas-de-la-ciudad","status":"publish","type":"post","link":"https:\/\/agrupacionespsoe.es\/melilla\/robles-el-pp-continua-sin-atender-los-principales-problemas-de-la-ciudad\/","title":{"rendered":"Robles: \u201cEl PP contin\u00faa sin atender los principales problemas de la ciudad\u201d"},"content":{"rendered":"\n<p><strong>Denuncia que el Gobierno Imbroda no contestase realmente a ninguna de las interpelaciones del PSOE<\/strong><\/p>\n\n\n\n<p>El portavoz del Grupo Municipal Socialista, Rafael Robles, ha expresado su contundente rechazo a la actitud del Gobierno de Imbroda durante el \u00faltimo Pleno de Control, celebrado el pasado viernes 28 de marzo. \u201cUna vez m\u00e1s, hemos visto c\u00f3mo el Partido Popular ha echado balones fuera, eludiendo sus responsabilidades, y sin responder verdaderamente a las interpelaciones planteadas por el Grupo Socialista\u201d, ha criticado.&nbsp;<\/p>\n\n\n\n<p>De esta manera, el socialista ha lamentado la falta de transparencia y la ausencia de un debate constructivo en la sesi\u00f3n. \u201cEl Gobierno de Imbroda no ha contestado a absolutamente ninguna de las cuestiones por las que le hemos interpelado\u201d, ha insistido Robles, se\u00f1alando que, en lugar de responder a los problemas reales que afectan a los melillenses, el Ejecutivo local contin\u00faa con su pol\u00edtica de evasi\u00f3n.<\/p>\n\n\n\n<p><strong>Estado de las calles<\/strong><\/p>\n\n\n\n<p>Una de las interpelaciones del Grupo Socialista fue sobre el estado en el que se encuentran las zonas m\u00e1s alejadas del centro de la ciudad: acerado en mal estado, mobiliario urbano muy deteriorado y la suciedad de las calles.&nbsp;<\/p>\n\n\n\n<p>Al respecto, Robles ha valorado negativamente la postura \u201cincoherente y poco proactiva\u201d del consejero de Medio Ambiente durante la sesi\u00f3n plenaria. En este sentido, destac\u00f3 que el \u00fanico mecanismo formal de colaboraci\u00f3n disponible entre el Gobierno local y los ciudadanos, \u201cm\u00e1s all\u00e1 de los plenos y comisiones\u201d, es la L\u00ednea Verde, una herramienta que lleva m\u00e1s de mes y medio fuera de servicio.<\/p>\n\n\n\n<p>\u201cLa L\u00ednea Verde es un recurso fundamental para que la ciudadan\u00eda y los diputados podamos elevar nuestras quejas y problemas medioambientales. Sin embargo, lleva m\u00e1s de un mes y medio sin funcionar, lo que demuestra una vez m\u00e1s la desidia del Gobierno local y su falta de compromiso\u201d, subray\u00f3 el socialista, quien calific\u00f3 esta situaci\u00f3n de \u00abintolerable\u00bb.<\/p>\n\n\n\n<p><strong>Problemas reales de la juventud<\/strong><\/p>\n\n\n\n<p>El portavoz del Grupo Socialista tambi\u00e9n dedic\u00f3 parte de su intervenci\u00f3n al \u00e1rea de juventud, un sector especialmente vulnerable en la ciudad. En su opini\u00f3n, el Gobierno local se limita a ofrecer soluciones superficiales relacionadas con el ocio y el deporte, mientras ignora las cuestiones realmente trascendentales para los j\u00f3venes melillenses, como son el acceso a un empleo digno y a una vivienda asequible.<\/p>\n\n\n\n<p>\u00abEl Gobierno de Imbroda sigue echando balones fuera, tambi\u00e9n en el \u00e1mbito de la juventud. Se limitan a hablar de ocio y deporte, pero no abordan los problemas que m\u00e1s afectan a nuestros j\u00f3venes: la emancipaci\u00f3n laboral y la falta de vivienda\u201d, ha se\u00f1alado Robles.&nbsp;<\/p>\n\n\n\n<p>Llegados a este punto, el diputado socialista tambi\u00e9n critic\u00f3 que el Gobierno de Imbroda dejase morir el Consejo de Juventud de Melilla, una plataforma fundamental para la participaci\u00f3n juvenil y el asociacionismo, hace m\u00e1s de una d\u00e9cada, \u201csimplemente porque no les interesa que los j\u00f3venes tengan su propia voz\u00bb.<\/p>\n\n\n\n<p>Por este motivo, Robles ha dejado claro que el PSOE seguir\u00e1 luchando por los intereses de los melillenses y por un futuro mejor para la juventud de la ciudad. \u00abDesde el PSOE vamos a seguir trabajando para que el Gobierno local deje de eludir sus responsabilidades y se comprometa de una vez por todas con los problemas de nuestra ciudad\u00bb, ha concluido.<\/p>\n","protected":false},"excerpt":{"rendered":"<p>Denuncia que el Gobierno Imbroda no contestase realmente a ninguna de las interpelaciones del PSOE El portavoz del Grupo Municipal Socialista, Rafael Robles, ha expresado su contundente rechazo a la actitud del Gobierno de Imbroda durante el \u00faltimo Pleno de Control, celebrado el pasado viernes 28 de marzo. \u201cUna vez m\u00e1s, hemos visto c\u00f3mo el &#8230;<\/p>\n","protected":false},"author":187,"featured_media":1685,"comment_status":"open","ping_status":"open","sticky":false,"template":"","format":"standard","meta":{"_jetpack_memberships_contains_paid_content":false,"footnotes":""},"categories":[1],"tags":[],"class_list":["post-1684","post","type-post","status-publish","format-standard","has-post-thumbnail","hentry","category-sin-categoria"],"yoast_head":"<!-- This site is optimized with the Yoast SEO plugin v24.0 - https:\/\/yoast.com\/wordpress\/plugins\/seo\/ -->\n<title>Robles: \u201cEl PP contin\u00faa sin atender los principales problemas de la ciudad\u201d - Agrupaci\u00f3n Socialista de Melilla<\/title>\n<meta name=\"robots\" content=\"index, follow, max-snippet:-1, max-image-preview:large, max-video-preview:-1\" \/>\n<link rel=\"canonical\" href=\"https:\/\/agrupacionespsoe.es\/melilla\/robles-el-pp-continua-sin-atender-los-principales-problemas-de-la-ciudad\/\" \/>\n<meta property=\"og:locale\" content=\"es_ES\" \/>\n<meta property=\"og:type\" content=\"article\" \/>\n<meta property=\"og:title\" content=\"Robles: \u201cEl PP contin\u00faa sin atender los principales problemas de la ciudad\u201d - Agrupaci\u00f3n Socialista de Melilla\" \/>\n<meta property=\"og:description\" content=\"Denuncia que el Gobierno Imbroda no contestase realmente a ninguna de las interpelaciones del PSOE El portavoz del Grupo Municipal Socialista, Rafael Robles, ha expresado su contundente rechazo a la actitud del Gobierno de Imbroda durante el \u00faltimo Pleno de Control, celebrado el pasado viernes 28 de marzo. \u201cUna vez m\u00e1s, hemos visto c\u00f3mo el ...\" \/>\n<meta property=\"og:url\" content=\"https:\/\/agrupacionespsoe.es\/melilla\/robles-el-pp-continua-sin-atender-los-principales-problemas-de-la-ciudad\/\" \/>\n<meta property=\"og:site_name\" content=\"Agrupaci\u00f3n Socialista de Melilla\" \/>\n<meta property=\"article:published_time\" content=\"2025-03-31T18:36:27+00:00\" \/>\n<meta property=\"article:modified_time\" content=\"2025-03-31T18:36:28+00:00\" \/>\n<meta property=\"og:image\" content=\"https:\/\/agrupacionespsoe.es\/melilla\/wp-content\/uploads\/sites\/120\/2025\/03\/WhatsApp-Image-2025-03-28-at-15.10.40.jpeg\" \/>\n\t<meta property=\"og:image:width\" content=\"1600\" \/>\n\t<meta property=\"og:image:height\" content=\"901\" \/>\n\t<meta property=\"og:image:type\" content=\"image\/jpeg\" \/>\n<meta name=\"author\" content=\"melilla2\" \/>\n<meta name=\"twitter:card\" content=\"summary_large_image\" \/>\n<meta name=\"twitter:label1\" content=\"Escrito por\" \/>\n\t<meta name=\"twitter:data1\" content=\"melilla2\" \/>\n\t<meta name=\"twitter:label2\" content=\"Tiempo de lectura\" \/>\n\t<meta name=\"twitter:data2\" content=\"3 minutos\" \/>\n<script type=\"application\/ld+json\" class=\"yoast-schema-graph\">{\"@context\":\"https:\/\/schema.org\",\"@graph\":[{\"@type\":\"Article\",\"@id\":\"https:\/\/agrupacionespsoe.es\/melilla\/robles-el-pp-continua-sin-atender-los-principales-problemas-de-la-ciudad\/#article\",\"isPartOf\":{\"@id\":\"https:\/\/agrupacionespsoe.es\/melilla\/robles-el-pp-continua-sin-atender-los-principales-problemas-de-la-ciudad\/\"},\"author\":{\"name\":\"melilla2\",\"@id\":\"https:\/\/agrupacionespsoe.es\/melilla\/#\/schema\/person\/72bb3075a827d0ed0623682b96c92bd6\"},\"headline\":\"Robles: \u201cEl PP contin\u00faa sin atender los principales problemas de la ciudad\u201d\",\"datePublished\":\"2025-03-31T18:36:27+00:00\",\"dateModified\":\"2025-03-31T18:36:28+00:00\",\"mainEntityOfPage\":{\"@id\":\"https:\/\/agrupacionespsoe.es\/melilla\/robles-el-pp-continua-sin-atender-los-principales-problemas-de-la-ciudad\/\"},\"wordCount\":580,\"commentCount\":0,\"publisher\":{\"@id\":\"https:\/\/agrupacionespsoe.es\/melilla\/#organization\"},\"image\":{\"@id\":\"https:\/\/agrupacionespsoe.es\/melilla\/robles-el-pp-continua-sin-atender-los-principales-problemas-de-la-ciudad\/#primaryimage\"},\"thumbnailUrl\":\"https:\/\/agrupacionespsoe.es\/melilla\/wp-content\/uploads\/sites\/120\/2025\/03\/WhatsApp-Image-2025-03-28-at-15.10.40.jpeg\",\"inLanguage\":\"es\",\"potentialAction\":[{\"@type\":\"CommentAction\",\"name\":\"Comment\",\"target\":[\"https:\/\/agrupacionespsoe.es\/melilla\/robles-el-pp-continua-sin-atender-los-principales-problemas-de-la-ciudad\/#respond\"]}]},{\"@type\":\"WebPage\",\"@id\":\"https:\/\/agrupacionespsoe.es\/melilla\/robles-el-pp-continua-sin-atender-los-principales-problemas-de-la-ciudad\/\",\"url\":\"https:\/\/agrupacionespsoe.es\/melilla\/robles-el-pp-continua-sin-atender-los-principales-problemas-de-la-ciudad\/\",\"name\":\"Robles: \u201cEl PP contin\u00faa sin atender los principales problemas de la ciudad\u201d - Agrupaci\u00f3n Socialista de Melilla\",\"isPartOf\":{\"@id\":\"https:\/\/agrupacionespsoe.es\/melilla\/#website\"},\"primaryImageOfPage\":{\"@id\":\"https:\/\/agrupacionespsoe.es\/melilla\/robles-el-pp-continua-sin-atender-los-principales-problemas-de-la-ciudad\/#primaryimage\"},\"image\":{\"@id\":\"https:\/\/agrupacionespsoe.es\/melilla\/robles-el-pp-continua-sin-atender-los-principales-problemas-de-la-ciudad\/#primaryimage\"},\"thumbnailUrl\":\"https:\/\/agrupacionespsoe.es\/melilla\/wp-content\/uploads\/sites\/120\/2025\/03\/WhatsApp-Image-2025-03-28-at-15.10.40.jpeg\",\"datePublished\":\"2025-03-31T18:36:27+00:00\",\"dateModified\":\"2025-03-31T18:36:28+00:00\",\"breadcrumb\":{\"@id\":\"https:\/\/agrupacionespsoe.es\/melilla\/robles-el-pp-continua-sin-atender-los-principales-problemas-de-la-ciudad\/#breadcrumb\"},\"inLanguage\":\"es\",\"potentialAction\":[{\"@type\":\"ReadAction\",\"target\":[\"https:\/\/agrupacionespsoe.es\/melilla\/robles-el-pp-continua-sin-atender-los-principales-problemas-de-la-ciudad\/\"]}]},{\"@type\":\"ImageObject\",\"inLanguage\":\"es\",\"@id\":\"https:\/\/agrupacionespsoe.es\/melilla\/robles-el-pp-continua-sin-atender-los-principales-problemas-de-la-ciudad\/#primaryimage\",\"url\":\"https:\/\/agrupacionespsoe.es\/melilla\/wp-content\/uploads\/sites\/120\/2025\/03\/WhatsApp-Image-2025-03-28-at-15.10.40.jpeg\",\"contentUrl\":\"https:\/\/agrupacionespsoe.es\/melilla\/wp-content\/uploads\/sites\/120\/2025\/03\/WhatsApp-Image-2025-03-28-at-15.10.40.jpeg\",\"width\":1600,\"height\":901},{\"@type\":\"BreadcrumbList\",\"@id\":\"https:\/\/agrupacionespsoe.es\/melilla\/robles-el-pp-continua-sin-atender-los-principales-problemas-de-la-ciudad\/#breadcrumb\",\"itemListElement\":[{\"@type\":\"ListItem\",\"position\":1,\"name\":\"Portada\",\"item\":\"https:\/\/agrupacionespsoe.es\/melilla\/\"},{\"@type\":\"ListItem\",\"position\":2,\"name\":\"Robles: \u201cEl PP contin\u00faa sin atender los principales problemas de la ciudad\u201d\"}]},{\"@type\":\"WebSite\",\"@id\":\"https:\/\/agrupacionespsoe.es\/melilla\/#website\",\"url\":\"https:\/\/agrupacionespsoe.es\/melilla\/\",\"name\":\"Agrupaci\u00f3n Socialista de Melilla\",\"description\":\"Agrupaci\u00f3n Socialista de Melilla\",\"publisher\":{\"@id\":\"https:\/\/agrupacionespsoe.es\/melilla\/#organization\"},\"potentialAction\":[{\"@type\":\"SearchAction\",\"target\":{\"@type\":\"EntryPoint\",\"urlTemplate\":\"https:\/\/agrupacionespsoe.es\/melilla\/?s={search_term_string}\"},\"query-input\":{\"@type\":\"PropertyValueSpecification\",\"valueRequired\":true,\"valueName\":\"search_term_string\"}}],\"inLanguage\":\"es\"},{\"@type\":\"Organization\",\"@id\":\"https:\/\/agrupacionespsoe.es\/melilla\/#organization\",\"name\":\"Agrupaci\u00f3n Socialista de Melilla\",\"url\":\"https:\/\/agrupacionespsoe.es\/melilla\/\",\"logo\":{\"@type\":\"ImageObject\",\"inLanguage\":\"es\",\"@id\":\"https:\/\/agrupacionespsoe.es\/melilla\/#\/schema\/logo\/image\/\",\"url\":\"https:\/\/agrupacionespsoe.es\/wp-content\/uploads\/2022\/07\/Logotipo_electoral_del_PSOE.png\",\"contentUrl\":\"https:\/\/agrupacionespsoe.es\/wp-content\/uploads\/2022\/07\/Logotipo_electoral_del_PSOE.png\",\"width\":422,\"height\":422,\"caption\":\"Agrupaci\u00f3n Socialista de Melilla\"},\"image\":{\"@id\":\"https:\/\/agrupacionespsoe.es\/melilla\/#\/schema\/logo\/image\/\"}},{\"@type\":\"Person\",\"@id\":\"https:\/\/agrupacionespsoe.es\/melilla\/#\/schema\/person\/72bb3075a827d0ed0623682b96c92bd6\",\"name\":\"melilla2\",\"image\":{\"@type\":\"ImageObject\",\"inLanguage\":\"es\",\"@id\":\"https:\/\/agrupacionespsoe.es\/melilla\/#\/schema\/person\/image\/\",\"url\":\"https:\/\/secure.gravatar.com\/avatar\/489a178e794e59f00db13a448aabca16?s=96&d=mm&r=g\",\"contentUrl\":\"https:\/\/secure.gravatar.com\/avatar\/489a178e794e59f00db13a448aabca16?s=96&d=mm&r=g\",\"caption\":\"melilla2\"},\"url\":\"https:\/\/agrupacionespsoe.es\/melilla\/author\/melilla2\/\"}]}<\/script>\n<!-- \/ Yoast SEO plugin. -->","yoast_head_json":{"title":"Robles: \u201cEl PP contin\u00faa sin atender los principales problemas de la ciudad\u201d - Agrupaci\u00f3n Socialista de Melilla","robots":{"index":"index","follow":"follow","max-snippet":"max-snippet:-1","max-image-preview":"max-image-preview:large","max-video-preview":"max-video-preview:-1"},"canonical":"https:\/\/agrupacionespsoe.es\/melilla\/robles-el-pp-continua-sin-atender-los-principales-problemas-de-la-ciudad\/","og_locale":"es_ES","og_type":"article","og_title":"Robles: \u201cEl PP contin\u00faa sin atender los principales problemas de la ciudad\u201d - Agrupaci\u00f3n Socialista de Melilla","og_description":"Denuncia que el Gobierno Imbroda no contestase realmente a ninguna de las interpelaciones del PSOE El portavoz del Grupo Municipal Socialista, Rafael Robles, ha expresado su contundente rechazo a la actitud del Gobierno de Imbroda durante el \u00faltimo Pleno de Control, celebrado el pasado viernes 28 de marzo. \u201cUna vez m\u00e1s, hemos visto c\u00f3mo el ...","og_url":"https:\/\/agrupacionespsoe.es\/melilla\/robles-el-pp-continua-sin-atender-los-principales-problemas-de-la-ciudad\/","og_site_name":"Agrupaci\u00f3n Socialista de Melilla","article_published_time":"2025-03-31T18:36:27+00:00","article_modified_time":"2025-03-31T18:36:28+00:00","og_image":[{"width":1600,"height":901,"url":"https:\/\/agrupacionespsoe.es\/melilla\/wp-content\/uploads\/sites\/120\/2025\/03\/WhatsApp-Image-2025-03-28-at-15.10.40.jpeg","type":"image\/jpeg"}],"author":"melilla2","twitter_card":"summary_large_image","twitter_misc":{"Escrito por":"melilla2","Tiempo de lectura":"3 minutos"},"schema":{"@context":"https:\/\/schema.org","@graph":[{"@type":"Article","@id":"https:\/\/agrupacionespsoe.es\/melilla\/robles-el-pp-continua-sin-atender-los-principales-problemas-de-la-ciudad\/#article","isPartOf":{"@id":"https:\/\/agrupacionespsoe.es\/melilla\/robles-el-pp-continua-sin-atender-los-principales-problemas-de-la-ciudad\/"},"author":{"name":"melilla2","@id":"https:\/\/agrupacionespsoe.es\/melilla\/#\/schema\/person\/72bb3075a827d0ed0623682b96c92bd6"},"headline":"Robles: \u201cEl PP contin\u00faa sin atender los principales problemas de la ciudad\u201d","datePublished":"2025-03-31T18:36:27+00:00","dateModified":"2025-03-31T18:36:28+00:00","mainEntityOfPage":{"@id":"https:\/\/agrupacionespsoe.es\/melilla\/robles-el-pp-continua-sin-atender-los-principales-problemas-de-la-ciudad\/"},"wordCount":580,"commentCount":0,"publisher":{"@id":"https:\/\/agrupacionespsoe.es\/melilla\/#organization"},"image":{"@id":"https:\/\/agrupacionespsoe.es\/melilla\/robles-el-pp-continua-sin-atender-los-principales-problemas-de-la-ciudad\/#primaryimage"},"thumbnailUrl":"https:\/\/agrupacionespsoe.es\/melilla\/wp-content\/uploads\/sites\/120\/2025\/03\/WhatsApp-Image-2025-03-28-at-15.10.40.jpeg","inLanguage":"es","potentialAction":[{"@type":"CommentAction","name":"Comment","target":["https:\/\/agrupacionespsoe.es\/melilla\/robles-el-pp-continua-sin-atender-los-principales-problemas-de-la-ciudad\/#respond"]}]},{"@type":"WebPage","@id":"https:\/\/agrupacionespsoe.es\/melilla\/robles-el-pp-continua-sin-atender-los-principales-problemas-de-la-ciudad\/","url":"https:\/\/agrupacionespsoe.es\/melilla\/robles-el-pp-continua-sin-atender-los-principales-problemas-de-la-ciudad\/","name":"Robles: \u201cEl PP contin\u00faa sin atender los principales problemas de la ciudad\u201d - Agrupaci\u00f3n Socialista de Melilla","isPartOf":{"@id":"https:\/\/agrupacionespsoe.es\/melilla\/#website"},"primaryImageOfPage":{"@id":"https:\/\/agrupacionespsoe.es\/melilla\/robles-el-pp-continua-sin-atender-los-principales-problemas-de-la-ciudad\/#primaryimage"},"image":{"@id":"https:\/\/agrupacionespsoe.es\/melilla\/robles-el-pp-continua-sin-atender-los-principales-problemas-de-la-ciudad\/#primaryimage"},"thumbnailUrl":"https:\/\/agrupacionespsoe.es\/melilla\/wp-content\/uploads\/sites\/120\/2025\/03\/WhatsApp-Image-2025-03-28-at-15.10.40.jpeg","datePublished":"2025-03-31T18:36:27+00:00","dateModified":"2025-03-31T18:36:28+00:00","breadcrumb":{"@id":"https:\/\/agrupacionespsoe.es\/melilla\/robles-el-pp-continua-sin-atender-los-principales-problemas-de-la-ciudad\/#breadcrumb"},"inLanguage":"es","potentialAction":[{"@type":"ReadAction","target":["https:\/\/agrupacionespsoe.es\/melilla\/robles-el-pp-continua-sin-atender-los-principales-problemas-de-la-ciudad\/"]}]},{"@type":"ImageObject","inLanguage":"es","@id":"https:\/\/agrupacionespsoe.es\/melilla\/robles-el-pp-continua-sin-atender-los-principales-problemas-de-la-ciudad\/#primaryimage","url":"https:\/\/agrupacionespsoe.es\/melilla\/wp-content\/uploads\/sites\/120\/2025\/03\/WhatsApp-Image-2025-03-28-at-15.10.40.jpeg","contentUrl":"https:\/\/agrupacionespsoe.es\/melilla\/wp-content\/uploads\/sites\/120\/2025\/03\/WhatsApp-Image-2025-03-28-at-15.10.40.jpeg","width":1600,"height":901},{"@type":"BreadcrumbList","@id":"https:\/\/agrupacionespsoe.es\/melilla\/robles-el-pp-continua-sin-atender-los-principales-problemas-de-la-ciudad\/#breadcrumb","itemListElement":[{"@type":"ListItem","position":1,"name":"Portada","item":"https:\/\/agrupacionespsoe.es\/melilla\/"},{"@type":"ListItem","position":2,"name":"Robles: \u201cEl PP contin\u00faa sin atender los principales problemas de la ciudad\u201d"}]},{"@type":"WebSite","@id":"https:\/\/agrupacionespsoe.es\/melilla\/#website","url":"https:\/\/agrupacionespsoe.es\/melilla\/","name":"Agrupaci\u00f3n Socialista de Melilla","description":"Agrupaci\u00f3n Socialista de Melilla","publisher":{"@id":"https:\/\/agrupacionespsoe.es\/melilla\/#organization"},"potentialAction":[{"@type":"SearchAction","target":{"@type":"EntryPoint","urlTemplate":"https:\/\/agrupacionespsoe.es\/melilla\/?s={search_term_string}"},"query-input":{"@type":"PropertyValueSpecification","valueRequired":true,"valueName":"search_term_string"}}],"inLanguage":"es"},{"@type":"Organization","@id":"https:\/\/agrupacionespsoe.es\/melilla\/#organization","name":"Agrupaci\u00f3n Socialista de Melilla","url":"https:\/\/agrupacionespsoe.es\/melilla\/","logo":{"@type":"ImageObject","inLanguage":"es","@id":"https:\/\/agrupacionespsoe.es\/melilla\/#\/schema\/logo\/image\/","url":"https:\/\/agrupacionespsoe.es\/wp-content\/uploads\/2022\/07\/Logotipo_electoral_del_PSOE.png","contentUrl":"https:\/\/agrupacionespsoe.es\/wp-content\/uploads\/2022\/07\/Logotipo_electoral_del_PSOE.png","width":422,"height":422,"caption":"Agrupaci\u00f3n Socialista de Melilla"},"image":{"@id":"https:\/\/agrupacionespsoe.es\/melilla\/#\/schema\/logo\/image\/"}},{"@type":"Person","@id":"https:\/\/agrupacionespsoe.es\/melilla\/#\/schema\/person\/72bb3075a827d0ed0623682b96c92bd6","name":"melilla2","image":{"@type":"ImageObject","inLanguage":"es","@id":"https:\/\/agrupacionespsoe.es\/melilla\/#\/schema\/person\/image\/","url":"https:\/\/secure.gravatar.com\/avatar\/489a178e794e59f00db13a448aabca16?s=96&d=mm&r=g","contentUrl":"https:\/\/secure.gravatar.com\/avatar\/489a178e794e59f00db13a448aabca16?s=96&d=mm&r=g","caption":"melilla2"},"url":"https:\/\/agrupacionespsoe.es\/melilla\/author\/melilla2\/"}]}},"jetpack_featured_media_url":"https:\/\/agrupacionespsoe.es\/melilla\/wp-content\/uploads\/sites\/120\/2025\/03\/WhatsApp-Image-2025-03-28-at-15.10.40.jpeg","jetpack_sharing_enabled":true,"_links":{"self":[{"href":"https:\/\/agrupacionespsoe.es\/melilla\/wp-json\/wp\/v2\/posts\/1684","targetHints":{"allow":["GET"]}}],"collection":[{"href":"https:\/\/agrupacionespsoe.es\/melilla\/wp-json\/wp\/v2\/posts"}],"about":[{"href":"https:\/\/agrupacionespsoe.es\/melilla\/wp-json\/wp\/v2\/types\/post"}],"author":[{"embeddable":true,"href":"https:\/\/agrupacionespsoe.es\/melilla\/wp-json\/wp\/v2\/users\/187"}],"replies":[{"embeddable":true,"href":"https:\/\/agrupacionespsoe.es\/melilla\/wp-json\/wp\/v2\/comments?post=1684"}],"version-history":[{"count":1,"href":"https:\/\/agrupacionespsoe.es\/melilla\/wp-json\/wp\/v2\/posts\/1684\/revisions"}],"predecessor-version":[{"id":1686,"href":"https:\/\/agrupacionespsoe.es\/melilla\/wp-json\/wp\/v2\/posts\/1684\/revisions\/1686"}],"wp:featuredmedia":[{"embeddable":true,"href":"https:\/\/agrupacionespsoe.es\/melilla\/wp-json\/wp\/v2\/media\/1685"}],"wp:attachment":[{"href":"https:\/\/agrupacionespsoe.es\/melilla\/wp-json\/wp\/v2\/media?parent=1684"}],"wp:term":[{"taxonomy":"category","embeddable":true,"href":"https:\/\/agrupacionespsoe.es\/melilla\/wp-json\/wp\/v2\/categories?post=1684"},{"taxonomy":"post_tag","embeddable":true,"href":"https:\/\/agrupacionespsoe.es\/melilla\/wp-json\/wp\/v2\/tags?post=1684"}],"curies":[{"name":"wp","href":"https:\/\/api.w.org\/{rel}","templated":true}]}}