{"id":1678,"date":"2025-03-27T14:14:08","date_gmt":"2025-03-27T14:14:08","guid":{"rendered":"https:\/\/agrupacionespsoe.es\/melilla\/?p=1678"},"modified":"2025-03-27T14:14:10","modified_gmt":"2025-03-27T14:14:10","slug":"el-psoe-pide-la-dimision-de-randa-mohamed-por-la-gestion-de-alvalop","status":"publish","type":"post","link":"https:\/\/agrupacionespsoe.es\/melilla\/el-psoe-pide-la-dimision-de-randa-mohamed-por-la-gestion-de-alvalop\/","title":{"rendered":"El PSOE pide la dimisi\u00f3n de Randa Mohamed por la gesti\u00f3n de Alvalop"},"content":{"rendered":"\n<p><strong>Robles: \u201cNo ha hecho absolutamente nada para mejorar la situaci\u00f3n deplorable de los trabajadores de las ludotecas\u201d<\/strong><\/p>\n\n\n\n<p>El Grupo Socialista ha pedido la dimisi\u00f3n de la consejera de Pol\u00edticas Sociales, Randa Mohamed, ante la nefasta gesti\u00f3n con la empresa Alvalop. Los diputados del PSOE, Rafael Robles y Paqui Maeso, han mostrado su apoyo a los trabajadores de los centros socioeducativos (ludotecas) que se han vuelto a concentrar este jueves frente a la Consejer\u00eda de Pol\u00edticas Sociales. \u201cNo ha hecho absolutamente nada para mejorar una situaci\u00f3n que es deplorable para los trabajadores\u201d, ha denunciado Robles.<\/p>\n\n\n\n<p>Desde hace meses los trabajadores de las ludotecas vienen denunciando los numerosos retrasos en sus n\u00f3minas e impagos que vienen sufriendo por culpa de Alvalop. \u201cA d\u00eda de hoy contin\u00faan debiendo los meses de octubre, noviembre y diciembre a estos trabajadores, adem\u00e1s de los 16 meses de retrasos. Y tambi\u00e9n han visto reducida su jornada laboral con su consecuente merma econ\u00f3mica\u201d, ha informado el socialista.<\/p>\n\n\n\n<p>Por este motivo, desde el PSOE piden al Gobierno local que ponga fin a esta situaci\u00f3n que viene desarroll\u00e1ndose desde hace a\u00f1o y medio. \u201cLlevan meses reuni\u00e9ndose con los trabajadores. Se comprometieron con la empresa a rescindir el contrato si no se solucionaban los problemas de impago. Y no solo no se han solucionado, sino que la empresa est\u00e1 tomando represalias\u201d, ha asegurado Robles.<\/p>\n\n\n\n<p><strong>Amenazados por defender sus derechos<\/strong><\/p>\n\n\n\n<p>De esta manera, el Portavoz del Grupo Socialista ha lamentado que los trabajadores y sus representantes sindicales est\u00e9n siendo perseguidos por la empresa adjudicataria, recibiendo constantes amenazas y represalias, desde que comenzaron a concentrarse y a denunciar su situaci\u00f3n. \u201cAhora est\u00e1n en una situaci\u00f3n mucho peor que antes cuando tan s\u00f3lo est\u00e1n reivindicando sus derechos labores y pidiendo lo que es justo\u201d.<\/p>\n\n\n\n<p>El \u00fanico culpable de esta situaci\u00f3n es el Gobierno de Imbroda, que \u201cclaramente no est\u00e1 haciendo su trabajo\u201d. Robles ha subrayado que la Administraci\u00f3n local lleva un a\u00f1o encadenando contratos menores con Alvalop, \u201cuna empresa que no era solvente y no se pod\u00eda hacer cargo de las responsabilidades que asum\u00eda\u201d.<\/p>\n\n\n\n<p>Sin embargo, a pesar de las advertencias del Grupo Socialista, el Gobierno local volvi\u00f3 a adjudicar el contrato mayor a esta empresa. \u201cHan esperado a que los lotes est\u00e9n adjudicados para abrir un expediente\u201d, ha se\u00f1alado Robles, quien considera esta gesti\u00f3n una \u201ctomadura de pelo\u201d.<\/p>\n\n\n\n<p>Es por ello que, ante la situaci\u00f3n \u201cdesesperante e indignante\u201d que vienen sufriendo estos trabajadores y trabajadores desde hace meses ante la \u201cinacci\u00f3n\u201d del Gobierno Imbroda, el PSOE exige la dimisi\u00f3n de la consejera de Pol\u00edticas Sociales. \u201cQue rescinda el contrato con Alvalop de una vez o que dimita ya\u201d, ha concluido.<\/p>\n","protected":false},"excerpt":{"rendered":"<p>Robles: \u201cNo ha hecho absolutamente nada para mejorar la situaci\u00f3n deplorable de los trabajadores de las ludotecas\u201d El Grupo Socialista ha pedido la dimisi\u00f3n de la consejera de Pol\u00edticas Sociales, Randa Mohamed, ante la nefasta gesti\u00f3n con la empresa Alvalop. Los diputados del PSOE, Rafael Robles y Paqui Maeso, han mostrado su apoyo a los &#8230;<\/p>\n","protected":false},"author":187,"featured_media":1679,"comment_status":"open","ping_status":"open","sticky":false,"template":"","format":"standard","meta":{"_jetpack_memberships_contains_paid_content":false,"footnotes":""},"categories":[1],"tags":[],"class_list":["post-1678","post","type-post","status-publish","format-standard","has-post-thumbnail","hentry","category-sin-categoria"],"yoast_head":"<!-- This site is optimized with the Yoast SEO plugin v24.0 - https:\/\/yoast.com\/wordpress\/plugins\/seo\/ -->\n<title>El PSOE pide la dimisi\u00f3n de Randa Mohamed por la gesti\u00f3n de Alvalop - Agrupaci\u00f3n Socialista de Melilla<\/title>\n<meta name=\"robots\" content=\"index, follow, max-snippet:-1, max-image-preview:large, max-video-preview:-1\" \/>\n<link rel=\"canonical\" href=\"https:\/\/agrupacionespsoe.es\/melilla\/el-psoe-pide-la-dimision-de-randa-mohamed-por-la-gestion-de-alvalop\/\" \/>\n<meta property=\"og:locale\" content=\"es_ES\" \/>\n<meta property=\"og:type\" content=\"article\" \/>\n<meta property=\"og:title\" content=\"El PSOE pide la dimisi\u00f3n de Randa Mohamed por la gesti\u00f3n de Alvalop - Agrupaci\u00f3n Socialista de Melilla\" \/>\n<meta property=\"og:description\" content=\"Robles: \u201cNo ha hecho absolutamente nada para mejorar la situaci\u00f3n deplorable de los trabajadores de las ludotecas\u201d El Grupo Socialista ha pedido la dimisi\u00f3n de la consejera de Pol\u00edticas Sociales, Randa Mohamed, ante la nefasta gesti\u00f3n con la empresa Alvalop. Los diputados del PSOE, Rafael Robles y Paqui Maeso, han mostrado su apoyo a los ...\" \/>\n<meta property=\"og:url\" content=\"https:\/\/agrupacionespsoe.es\/melilla\/el-psoe-pide-la-dimision-de-randa-mohamed-por-la-gestion-de-alvalop\/\" \/>\n<meta property=\"og:site_name\" content=\"Agrupaci\u00f3n Socialista de Melilla\" \/>\n<meta property=\"article:published_time\" content=\"2025-03-27T14:14:08+00:00\" \/>\n<meta property=\"article:modified_time\" content=\"2025-03-27T14:14:10+00:00\" \/>\n<meta property=\"og:image\" content=\"https:\/\/agrupacionespsoe.es\/melilla\/wp-content\/uploads\/sites\/120\/2025\/03\/WhatsApp-Image-2025-03-27-at-15.12.47.jpeg\" \/>\n\t<meta property=\"og:image:width\" content=\"1600\" \/>\n\t<meta property=\"og:image:height\" content=\"900\" \/>\n\t<meta property=\"og:image:type\" content=\"image\/jpeg\" \/>\n<meta name=\"author\" content=\"melilla2\" \/>\n<meta name=\"twitter:card\" content=\"summary_large_image\" \/>\n<meta name=\"twitter:label1\" content=\"Escrito por\" \/>\n\t<meta name=\"twitter:data1\" content=\"melilla2\" \/>\n\t<meta name=\"twitter:label2\" content=\"Tiempo de lectura\" \/>\n\t<meta name=\"twitter:data2\" content=\"3 minutos\" \/>\n<script type=\"application\/ld+json\" class=\"yoast-schema-graph\">{\"@context\":\"https:\/\/schema.org\",\"@graph\":[{\"@type\":\"Article\",\"@id\":\"https:\/\/agrupacionespsoe.es\/melilla\/el-psoe-pide-la-dimision-de-randa-mohamed-por-la-gestion-de-alvalop\/#article\",\"isPartOf\":{\"@id\":\"https:\/\/agrupacionespsoe.es\/melilla\/el-psoe-pide-la-dimision-de-randa-mohamed-por-la-gestion-de-alvalop\/\"},\"author\":{\"name\":\"melilla2\",\"@id\":\"https:\/\/agrupacionespsoe.es\/melilla\/#\/schema\/person\/72bb3075a827d0ed0623682b96c92bd6\"},\"headline\":\"El PSOE pide la dimisi\u00f3n de Randa Mohamed por la gesti\u00f3n de Alvalop\",\"datePublished\":\"2025-03-27T14:14:08+00:00\",\"dateModified\":\"2025-03-27T14:14:10+00:00\",\"mainEntityOfPage\":{\"@id\":\"https:\/\/agrupacionespsoe.es\/melilla\/el-psoe-pide-la-dimision-de-randa-mohamed-por-la-gestion-de-alvalop\/\"},\"wordCount\":486,\"commentCount\":0,\"publisher\":{\"@id\":\"https:\/\/agrupacionespsoe.es\/melilla\/#organization\"},\"image\":{\"@id\":\"https:\/\/agrupacionespsoe.es\/melilla\/el-psoe-pide-la-dimision-de-randa-mohamed-por-la-gestion-de-alvalop\/#primaryimage\"},\"thumbnailUrl\":\"https:\/\/agrupacionespsoe.es\/melilla\/wp-content\/uploads\/sites\/120\/2025\/03\/WhatsApp-Image-2025-03-27-at-15.12.47.jpeg\",\"inLanguage\":\"es\",\"potentialAction\":[{\"@type\":\"CommentAction\",\"name\":\"Comment\",\"target\":[\"https:\/\/agrupacionespsoe.es\/melilla\/el-psoe-pide-la-dimision-de-randa-mohamed-por-la-gestion-de-alvalop\/#respond\"]}]},{\"@type\":\"WebPage\",\"@id\":\"https:\/\/agrupacionespsoe.es\/melilla\/el-psoe-pide-la-dimision-de-randa-mohamed-por-la-gestion-de-alvalop\/\",\"url\":\"https:\/\/agrupacionespsoe.es\/melilla\/el-psoe-pide-la-dimision-de-randa-mohamed-por-la-gestion-de-alvalop\/\",\"name\":\"El PSOE pide la dimisi\u00f3n de Randa Mohamed por la gesti\u00f3n de Alvalop - Agrupaci\u00f3n Socialista de Melilla\",\"isPartOf\":{\"@id\":\"https:\/\/agrupacionespsoe.es\/melilla\/#website\"},\"primaryImageOfPage\":{\"@id\":\"https:\/\/agrupacionespsoe.es\/melilla\/el-psoe-pide-la-dimision-de-randa-mohamed-por-la-gestion-de-alvalop\/#primaryimage\"},\"image\":{\"@id\":\"https:\/\/agrupacionespsoe.es\/melilla\/el-psoe-pide-la-dimision-de-randa-mohamed-por-la-gestion-de-alvalop\/#primaryimage\"},\"thumbnailUrl\":\"https:\/\/agrupacionespsoe.es\/melilla\/wp-content\/uploads\/sites\/120\/2025\/03\/WhatsApp-Image-2025-03-27-at-15.12.47.jpeg\",\"datePublished\":\"2025-03-27T14:14:08+00:00\",\"dateModified\":\"2025-03-27T14:14:10+00:00\",\"breadcrumb\":{\"@id\":\"https:\/\/agrupacionespsoe.es\/melilla\/el-psoe-pide-la-dimision-de-randa-mohamed-por-la-gestion-de-alvalop\/#breadcrumb\"},\"inLanguage\":\"es\",\"potentialAction\":[{\"@type\":\"ReadAction\",\"target\":[\"https:\/\/agrupacionespsoe.es\/melilla\/el-psoe-pide-la-dimision-de-randa-mohamed-por-la-gestion-de-alvalop\/\"]}]},{\"@type\":\"ImageObject\",\"inLanguage\":\"es\",\"@id\":\"https:\/\/agrupacionespsoe.es\/melilla\/el-psoe-pide-la-dimision-de-randa-mohamed-por-la-gestion-de-alvalop\/#primaryimage\",\"url\":\"https:\/\/agrupacionespsoe.es\/melilla\/wp-content\/uploads\/sites\/120\/2025\/03\/WhatsApp-Image-2025-03-27-at-15.12.47.jpeg\",\"contentUrl\":\"https:\/\/agrupacionespsoe.es\/melilla\/wp-content\/uploads\/sites\/120\/2025\/03\/WhatsApp-Image-2025-03-27-at-15.12.47.jpeg\",\"width\":1600,\"height\":900},{\"@type\":\"BreadcrumbList\",\"@id\":\"https:\/\/agrupacionespsoe.es\/melilla\/el-psoe-pide-la-dimision-de-randa-mohamed-por-la-gestion-de-alvalop\/#breadcrumb\",\"itemListElement\":[{\"@type\":\"ListItem\",\"position\":1,\"name\":\"Portada\",\"item\":\"https:\/\/agrupacionespsoe.es\/melilla\/\"},{\"@type\":\"ListItem\",\"position\":2,\"name\":\"El PSOE pide la dimisi\u00f3n de Randa Mohamed por la gesti\u00f3n de Alvalop\"}]},{\"@type\":\"WebSite\",\"@id\":\"https:\/\/agrupacionespsoe.es\/melilla\/#website\",\"url\":\"https:\/\/agrupacionespsoe.es\/melilla\/\",\"name\":\"Agrupaci\u00f3n Socialista de Melilla\",\"description\":\"Agrupaci\u00f3n Socialista de Melilla\",\"publisher\":{\"@id\":\"https:\/\/agrupacionespsoe.es\/melilla\/#organization\"},\"potentialAction\":[{\"@type\":\"SearchAction\",\"target\":{\"@type\":\"EntryPoint\",\"urlTemplate\":\"https:\/\/agrupacionespsoe.es\/melilla\/?s={search_term_string}\"},\"query-input\":{\"@type\":\"PropertyValueSpecification\",\"valueRequired\":true,\"valueName\":\"search_term_string\"}}],\"inLanguage\":\"es\"},{\"@type\":\"Organization\",\"@id\":\"https:\/\/agrupacionespsoe.es\/melilla\/#organization\",\"name\":\"Agrupaci\u00f3n Socialista de Melilla\",\"url\":\"https:\/\/agrupacionespsoe.es\/melilla\/\",\"logo\":{\"@type\":\"ImageObject\",\"inLanguage\":\"es\",\"@id\":\"https:\/\/agrupacionespsoe.es\/melilla\/#\/schema\/logo\/image\/\",\"url\":\"https:\/\/agrupacionespsoe.es\/wp-content\/uploads\/2022\/07\/Logotipo_electoral_del_PSOE.png\",\"contentUrl\":\"https:\/\/agrupacionespsoe.es\/wp-content\/uploads\/2022\/07\/Logotipo_electoral_del_PSOE.png\",\"width\":422,\"height\":422,\"caption\":\"Agrupaci\u00f3n Socialista de Melilla\"},\"image\":{\"@id\":\"https:\/\/agrupacionespsoe.es\/melilla\/#\/schema\/logo\/image\/\"}},{\"@type\":\"Person\",\"@id\":\"https:\/\/agrupacionespsoe.es\/melilla\/#\/schema\/person\/72bb3075a827d0ed0623682b96c92bd6\",\"name\":\"melilla2\",\"image\":{\"@type\":\"ImageObject\",\"inLanguage\":\"es\",\"@id\":\"https:\/\/agrupacionespsoe.es\/melilla\/#\/schema\/person\/image\/\",\"url\":\"https:\/\/secure.gravatar.com\/avatar\/489a178e794e59f00db13a448aabca16?s=96&d=mm&r=g\",\"contentUrl\":\"https:\/\/secure.gravatar.com\/avatar\/489a178e794e59f00db13a448aabca16?s=96&d=mm&r=g\",\"caption\":\"melilla2\"},\"url\":\"https:\/\/agrupacionespsoe.es\/melilla\/author\/melilla2\/\"}]}<\/script>\n<!-- \/ Yoast SEO plugin. -->","yoast_head_json":{"title":"El PSOE pide la dimisi\u00f3n de Randa Mohamed por la gesti\u00f3n de Alvalop - Agrupaci\u00f3n Socialista de Melilla","robots":{"index":"index","follow":"follow","max-snippet":"max-snippet:-1","max-image-preview":"max-image-preview:large","max-video-preview":"max-video-preview:-1"},"canonical":"https:\/\/agrupacionespsoe.es\/melilla\/el-psoe-pide-la-dimision-de-randa-mohamed-por-la-gestion-de-alvalop\/","og_locale":"es_ES","og_type":"article","og_title":"El PSOE pide la dimisi\u00f3n de Randa Mohamed por la gesti\u00f3n de Alvalop - Agrupaci\u00f3n Socialista de Melilla","og_description":"Robles: \u201cNo ha hecho absolutamente nada para mejorar la situaci\u00f3n deplorable de los trabajadores de las ludotecas\u201d El Grupo Socialista ha pedido la dimisi\u00f3n de la consejera de Pol\u00edticas Sociales, Randa Mohamed, ante la nefasta gesti\u00f3n con la empresa Alvalop. Los diputados del PSOE, Rafael Robles y Paqui Maeso, han mostrado su apoyo a los ...","og_url":"https:\/\/agrupacionespsoe.es\/melilla\/el-psoe-pide-la-dimision-de-randa-mohamed-por-la-gestion-de-alvalop\/","og_site_name":"Agrupaci\u00f3n Socialista de Melilla","article_published_time":"2025-03-27T14:14:08+00:00","article_modified_time":"2025-03-27T14:14:10+00:00","og_image":[{"width":1600,"height":900,"url":"https:\/\/agrupacionespsoe.es\/melilla\/wp-content\/uploads\/sites\/120\/2025\/03\/WhatsApp-Image-2025-03-27-at-15.12.47.jpeg","type":"image\/jpeg"}],"author":"melilla2","twitter_card":"summary_large_image","twitter_misc":{"Escrito por":"melilla2","Tiempo de lectura":"3 minutos"},"schema":{"@context":"https:\/\/schema.org","@graph":[{"@type":"Article","@id":"https:\/\/agrupacionespsoe.es\/melilla\/el-psoe-pide-la-dimision-de-randa-mohamed-por-la-gestion-de-alvalop\/#article","isPartOf":{"@id":"https:\/\/agrupacionespsoe.es\/melilla\/el-psoe-pide-la-dimision-de-randa-mohamed-por-la-gestion-de-alvalop\/"},"author":{"name":"melilla2","@id":"https:\/\/agrupacionespsoe.es\/melilla\/#\/schema\/person\/72bb3075a827d0ed0623682b96c92bd6"},"headline":"El PSOE pide la dimisi\u00f3n de Randa Mohamed por la gesti\u00f3n de Alvalop","datePublished":"2025-03-27T14:14:08+00:00","dateModified":"2025-03-27T14:14:10+00:00","mainEntityOfPage":{"@id":"https:\/\/agrupacionespsoe.es\/melilla\/el-psoe-pide-la-dimision-de-randa-mohamed-por-la-gestion-de-alvalop\/"},"wordCount":486,"commentCount":0,"publisher":{"@id":"https:\/\/agrupacionespsoe.es\/melilla\/#organization"},"image":{"@id":"https:\/\/agrupacionespsoe.es\/melilla\/el-psoe-pide-la-dimision-de-randa-mohamed-por-la-gestion-de-alvalop\/#primaryimage"},"thumbnailUrl":"https:\/\/agrupacionespsoe.es\/melilla\/wp-content\/uploads\/sites\/120\/2025\/03\/WhatsApp-Image-2025-03-27-at-15.12.47.jpeg","inLanguage":"es","potentialAction":[{"@type":"CommentAction","name":"Comment","target":["https:\/\/agrupacionespsoe.es\/melilla\/el-psoe-pide-la-dimision-de-randa-mohamed-por-la-gestion-de-alvalop\/#respond"]}]},{"@type":"WebPage","@id":"https:\/\/agrupacionespsoe.es\/melilla\/el-psoe-pide-la-dimision-de-randa-mohamed-por-la-gestion-de-alvalop\/","url":"https:\/\/agrupacionespsoe.es\/melilla\/el-psoe-pide-la-dimision-de-randa-mohamed-por-la-gestion-de-alvalop\/","name":"El PSOE pide la dimisi\u00f3n de Randa Mohamed por la gesti\u00f3n de Alvalop - Agrupaci\u00f3n Socialista de Melilla","isPartOf":{"@id":"https:\/\/agrupacionespsoe.es\/melilla\/#website"},"primaryImageOfPage":{"@id":"https:\/\/agrupacionespsoe.es\/melilla\/el-psoe-pide-la-dimision-de-randa-mohamed-por-la-gestion-de-alvalop\/#primaryimage"},"image":{"@id":"https:\/\/agrupacionespsoe.es\/melilla\/el-psoe-pide-la-dimision-de-randa-mohamed-por-la-gestion-de-alvalop\/#primaryimage"},"thumbnailUrl":"https:\/\/agrupacionespsoe.es\/melilla\/wp-content\/uploads\/sites\/120\/2025\/03\/WhatsApp-Image-2025-03-27-at-15.12.47.jpeg","datePublished":"2025-03-27T14:14:08+00:00","dateModified":"2025-03-27T14:14:10+00:00","breadcrumb":{"@id":"https:\/\/agrupacionespsoe.es\/melilla\/el-psoe-pide-la-dimision-de-randa-mohamed-por-la-gestion-de-alvalop\/#breadcrumb"},"inLanguage":"es","potentialAction":[{"@type":"ReadAction","target":["https:\/\/agrupacionespsoe.es\/melilla\/el-psoe-pide-la-dimision-de-randa-mohamed-por-la-gestion-de-alvalop\/"]}]},{"@type":"ImageObject","inLanguage":"es","@id":"https:\/\/agrupacionespsoe.es\/melilla\/el-psoe-pide-la-dimision-de-randa-mohamed-por-la-gestion-de-alvalop\/#primaryimage","url":"https:\/\/agrupacionespsoe.es\/melilla\/wp-content\/uploads\/sites\/120\/2025\/03\/WhatsApp-Image-2025-03-27-at-15.12.47.jpeg","contentUrl":"https:\/\/agrupacionespsoe.es\/melilla\/wp-content\/uploads\/sites\/120\/2025\/03\/WhatsApp-Image-2025-03-27-at-15.12.47.jpeg","width":1600,"height":900},{"@type":"BreadcrumbList","@id":"https:\/\/agrupacionespsoe.es\/melilla\/el-psoe-pide-la-dimision-de-randa-mohamed-por-la-gestion-de-alvalop\/#breadcrumb","itemListElement":[{"@type":"ListItem","position":1,"name":"Portada","item":"https:\/\/agrupacionespsoe.es\/melilla\/"},{"@type":"ListItem","position":2,"name":"El PSOE pide la dimisi\u00f3n de Randa Mohamed por la gesti\u00f3n de Alvalop"}]},{"@type":"WebSite","@id":"https:\/\/agrupacionespsoe.es\/melilla\/#website","url":"https:\/\/agrupacionespsoe.es\/melilla\/","name":"Agrupaci\u00f3n Socialista de Melilla","description":"Agrupaci\u00f3n Socialista de Melilla","publisher":{"@id":"https:\/\/agrupacionespsoe.es\/melilla\/#organization"},"potentialAction":[{"@type":"SearchAction","target":{"@type":"EntryPoint","urlTemplate":"https:\/\/agrupacionespsoe.es\/melilla\/?s={search_term_string}"},"query-input":{"@type":"PropertyValueSpecification","valueRequired":true,"valueName":"search_term_string"}}],"inLanguage":"es"},{"@type":"Organization","@id":"https:\/\/agrupacionespsoe.es\/melilla\/#organization","name":"Agrupaci\u00f3n Socialista de Melilla","url":"https:\/\/agrupacionespsoe.es\/melilla\/","logo":{"@type":"ImageObject","inLanguage":"es","@id":"https:\/\/agrupacionespsoe.es\/melilla\/#\/schema\/logo\/image\/","url":"https:\/\/agrupacionespsoe.es\/wp-content\/uploads\/2022\/07\/Logotipo_electoral_del_PSOE.png","contentUrl":"https:\/\/agrupacionespsoe.es\/wp-content\/uploads\/2022\/07\/Logotipo_electoral_del_PSOE.png","width":422,"height":422,"caption":"Agrupaci\u00f3n Socialista de Melilla"},"image":{"@id":"https:\/\/agrupacionespsoe.es\/melilla\/#\/schema\/logo\/image\/"}},{"@type":"Person","@id":"https:\/\/agrupacionespsoe.es\/melilla\/#\/schema\/person\/72bb3075a827d0ed0623682b96c92bd6","name":"melilla2","image":{"@type":"ImageObject","inLanguage":"es","@id":"https:\/\/agrupacionespsoe.es\/melilla\/#\/schema\/person\/image\/","url":"https:\/\/secure.gravatar.com\/avatar\/489a178e794e59f00db13a448aabca16?s=96&d=mm&r=g","contentUrl":"https:\/\/secure.gravatar.com\/avatar\/489a178e794e59f00db13a448aabca16?s=96&d=mm&r=g","caption":"melilla2"},"url":"https:\/\/agrupacionespsoe.es\/melilla\/author\/melilla2\/"}]}},"jetpack_featured_media_url":"https:\/\/agrupacionespsoe.es\/melilla\/wp-content\/uploads\/sites\/120\/2025\/03\/WhatsApp-Image-2025-03-27-at-15.12.47.jpeg","jetpack_sharing_enabled":true,"_links":{"self":[{"href":"https:\/\/agrupacionespsoe.es\/melilla\/wp-json\/wp\/v2\/posts\/1678","targetHints":{"allow":["GET"]}}],"collection":[{"href":"https:\/\/agrupacionespsoe.es\/melilla\/wp-json\/wp\/v2\/posts"}],"about":[{"href":"https:\/\/agrupacionespsoe.es\/melilla\/wp-json\/wp\/v2\/types\/post"}],"author":[{"embeddable":true,"href":"https:\/\/agrupacionespsoe.es\/melilla\/wp-json\/wp\/v2\/users\/187"}],"replies":[{"embeddable":true,"href":"https:\/\/agrupacionespsoe.es\/melilla\/wp-json\/wp\/v2\/comments?post=1678"}],"version-history":[{"count":1,"href":"https:\/\/agrupacionespsoe.es\/melilla\/wp-json\/wp\/v2\/posts\/1678\/revisions"}],"predecessor-version":[{"id":1680,"href":"https:\/\/agrupacionespsoe.es\/melilla\/wp-json\/wp\/v2\/posts\/1678\/revisions\/1680"}],"wp:featuredmedia":[{"embeddable":true,"href":"https:\/\/agrupacionespsoe.es\/melilla\/wp-json\/wp\/v2\/media\/1679"}],"wp:attachment":[{"href":"https:\/\/agrupacionespsoe.es\/melilla\/wp-json\/wp\/v2\/media?parent=1678"}],"wp:term":[{"taxonomy":"category","embeddable":true,"href":"https:\/\/agrupacionespsoe.es\/melilla\/wp-json\/wp\/v2\/categories?post=1678"},{"taxonomy":"post_tag","embeddable":true,"href":"https:\/\/agrupacionespsoe.es\/melilla\/wp-json\/wp\/v2\/tags?post=1678"}],"curies":[{"name":"wp","href":"https:\/\/api.w.org\/{rel}","templated":true}]}}