{"id":1671,"date":"2025-03-25T12:54:29","date_gmt":"2025-03-25T12:54:29","guid":{"rendered":"https:\/\/agrupacionespsoe.es\/melilla\/?p=1671"},"modified":"2025-03-25T12:54:30","modified_gmt":"2025-03-25T12:54:30","slug":"riduan-moh-la-mayor-apuesta-en-vivienda-en-melilla-es-de-gobiernos-socialistas","status":"publish","type":"post","link":"https:\/\/agrupacionespsoe.es\/melilla\/riduan-moh-la-mayor-apuesta-en-vivienda-en-melilla-es-de-gobiernos-socialistas\/","title":{"rendered":"Riduan Moh: \u201cLa mayor apuesta en vivienda en Melilla es de Gobiernos Socialistas\u201d"},"content":{"rendered":"\n<p><strong>Defiende que fruto de este compromiso son los cientos de viviendas p\u00fablicas que hay en diferentes barrios de la ciudad<\/strong><\/p>\n\n\n\n<p>\u201cLos Gobiernos Socialistas han demostrado un compromiso constante con el acceso a la vivienda en Melilla a lo largo de los a\u00f1os\u201d. De esta manera, el diputado del Grupo Municipal Socialista, Riduan Moh, se ha referido a las importantes inversiones que el PSOE ha llevado a cabo en materia de vivienda y que han mejorado la calidad de vida de miles de melillenses.<\/p>\n\n\n\n<p>As\u00ed, el socialista ha se\u00f1alado que durante el Gobierno de Jos\u00e9 Luis Rodr\u00edguez Zapatero, el Ministerio de Vivienda invirti\u00f3 m\u00e1s de 27 millones de euros en la ciudad, lo que permiti\u00f3 la construcci\u00f3n de viviendas en diversos barrios, como Garc\u00eda Vali\u00f1o, Averroes, Donantes de Sangre, Minas del Rif, Alfonso XIII y Primo de Rivera. \u201cEstos proyectos de vivienda social han sido fundamentales para ofrecer soluciones habitacionales a muchas familias melillenses, proporcionando hogares dignos y asequibles a los sectores m\u00e1s vulnerables\u201d.<\/p>\n\n\n\n<p>De esta forma, Moh ha hecho hincapi\u00e9 en que desde el mandato de Jos\u00e9 Luis Rodr\u00edguez Zapatero hasta la actual presidencia de Pedro S\u00e1nchez, el Estado ha destinado recursos sustanciales a la construcci\u00f3n de viviendas p\u00fablicas y a la implementaci\u00f3n de medidas orientadas a facilitar el acceso a una vivienda digna para todos y todas.<\/p>\n\n\n\n<p>\u201cEl Gobierno Socialista est\u00e1 llevando a cabo la mayor apuesta de la historia por el acceso a la vivienda en Melilla\u201d, ha afirmado el diputado socialista, poniendo como ejemplo la licitaci\u00f3n de 182 nuevas viviendas p\u00fablicas que el Gobierno central llevar\u00e1 a cabo en la ciudad este mismo a\u00f1o.<\/p>\n\n\n\n<p>Y ha sido a trav\u00e9s de estas inversiones que el Gobierno central ha puesto en marcha m\u00faltiples iniciativas para garantizar el derecho constitucional a una vivienda digna. \u201cEsta labor se complementa con un esfuerzo continuo por convertir la vivienda en un derecho efectivo para todos los ciudadanos, un pilar fundamental del Estado de Bienestar\u201d.<\/p>\n\n\n\n<p><strong>La vivienda, un derecho constitucional<\/strong><\/p>\n\n\n\n<p>As\u00ed, Moh ha recordado que los socialistas dieron un paso m\u00e1s en esta direcci\u00f3n con la creaci\u00f3n de la Ley de Vivienda, impulsada por Pedro S\u00e1nchez, que est\u00e1 enfocada en la resoluci\u00f3n de los problemas derivados de los elevados precios de la vivienda y el alquiler.<\/p>\n\n\n\n<p>\u201cSe trata de una legislaci\u00f3n hist\u00f3rica cuyo objetivo es regular y estabilizar el mercado de la vivienda para que los precios sean m\u00e1s accesibles para la ciudadan\u00eda, poniendo fin a la especulaci\u00f3n inmobiliaria y garantizando que el acceso a una vivienda digna no sea un lujo, sino una necesidad b\u00e1sica\u201d, ha explicado.<\/p>\n\n\n\n<p>A diferencia de otros enfoques, como el del Partido Popular, que concibe la vivienda como un \u201cbien de lujo\u201d, el Partido Socialista defiende la vivienda como un derecho b\u00e1sico. En ese sentido, Riduan Moh ha asegurado que para los socialistas es primordial que todos los ciudadanos cuenten con una vivienda digna. \u201cEs un derecho constitucional\u201d, ha insistido.<\/p>\n\n\n\n<p><strong>Nuevas inversiones<\/strong><\/p>\n\n\n\n<p>En los \u00faltimos a\u00f1os, el Gobierno Socialista ha continuado con su apuesta por mejorar el acceso a la vivienda en Melilla mediante nuevas inversiones. El diputado del PSOE ha recordado que el Gobierno de Pedro S\u00e1nchez ha destinado 700.000 euros a la construcci\u00f3n de viviendas sociales en alquiler asequible, o 400.000 euros para el Bono de Alquiler Joven, que ha permitido a los j\u00f3venes melillenses acceder a viviendas de alquiler a precios m\u00e1s bajos.<\/p>\n\n\n\n<p>Para el socialista, estas medidas son \u201csolo un ejemplo del compromiso continuo del Gobierno central con el bienestar de los melillenses\u201d. \u201cCon estas pol\u00edticas, Melilla avanza hacia un futuro m\u00e1s justo, donde la vivienda es considerada una prioridad y un derecho para todos\u201d, ha subrayado.<\/p>\n\n\n\n<p>De esta forma, el PSOE ha recalcado l esfuerzo por mejorar la vivienda en la ciudad es parte de una visi\u00f3n a largo plazo para garantizar una Melilla m\u00e1s inclusiva y equitativa, alineada con los principios fundamentales de la justicia social.<\/p>\n","protected":false},"excerpt":{"rendered":"<p>Defiende que fruto de este compromiso son los cientos de viviendas p\u00fablicas que hay en diferentes barrios de la ciudad \u201cLos Gobiernos Socialistas han demostrado un compromiso constante con el acceso a la vivienda en Melilla a lo largo de los a\u00f1os\u201d. De esta manera, el diputado del Grupo Municipal Socialista, Riduan Moh, se ha &#8230;<\/p>\n","protected":false},"author":187,"featured_media":1672,"comment_status":"open","ping_status":"open","sticky":false,"template":"","format":"standard","meta":{"_jetpack_memberships_contains_paid_content":false,"footnotes":""},"categories":[1],"tags":[],"class_list":["post-1671","post","type-post","status-publish","format-standard","has-post-thumbnail","hentry","category-sin-categoria"],"yoast_head":"<!-- This site is optimized with the Yoast SEO plugin v24.0 - https:\/\/yoast.com\/wordpress\/plugins\/seo\/ -->\n<title>Riduan Moh: \u201cLa mayor apuesta en vivienda en Melilla es de Gobiernos Socialistas\u201d - Agrupaci\u00f3n Socialista de Melilla<\/title>\n<meta name=\"robots\" content=\"index, follow, max-snippet:-1, max-image-preview:large, max-video-preview:-1\" \/>\n<link rel=\"canonical\" href=\"https:\/\/agrupacionespsoe.es\/melilla\/riduan-moh-la-mayor-apuesta-en-vivienda-en-melilla-es-de-gobiernos-socialistas\/\" \/>\n<meta property=\"og:locale\" content=\"es_ES\" \/>\n<meta property=\"og:type\" content=\"article\" \/>\n<meta property=\"og:title\" content=\"Riduan Moh: \u201cLa mayor apuesta en vivienda en Melilla es de Gobiernos Socialistas\u201d - Agrupaci\u00f3n Socialista de Melilla\" \/>\n<meta property=\"og:description\" content=\"Defiende que fruto de este compromiso son los cientos de viviendas p\u00fablicas que hay en diferentes barrios de la ciudad \u201cLos Gobiernos Socialistas han demostrado un compromiso constante con el acceso a la vivienda en Melilla a lo largo de los a\u00f1os\u201d. De esta manera, el diputado del Grupo Municipal Socialista, Riduan Moh, se ha ...\" \/>\n<meta property=\"og:url\" content=\"https:\/\/agrupacionespsoe.es\/melilla\/riduan-moh-la-mayor-apuesta-en-vivienda-en-melilla-es-de-gobiernos-socialistas\/\" \/>\n<meta property=\"og:site_name\" content=\"Agrupaci\u00f3n Socialista de Melilla\" \/>\n<meta property=\"article:published_time\" content=\"2025-03-25T12:54:29+00:00\" \/>\n<meta property=\"article:modified_time\" content=\"2025-03-25T12:54:30+00:00\" \/>\n<meta property=\"og:image\" content=\"https:\/\/agrupacionespsoe.es\/melilla\/wp-content\/uploads\/sites\/120\/2025\/03\/25_03_2025_RMoh_ViviendaInversion-scaled.jpg\" \/>\n\t<meta property=\"og:image:width\" content=\"2560\" \/>\n\t<meta property=\"og:image:height\" content=\"1707\" \/>\n\t<meta property=\"og:image:type\" content=\"image\/jpeg\" \/>\n<meta name=\"author\" content=\"melilla2\" \/>\n<meta name=\"twitter:card\" content=\"summary_large_image\" \/>\n<meta name=\"twitter:label1\" content=\"Escrito por\" \/>\n\t<meta name=\"twitter:data1\" content=\"melilla2\" \/>\n\t<meta name=\"twitter:label2\" content=\"Tiempo de lectura\" \/>\n\t<meta name=\"twitter:data2\" content=\"4 minutos\" \/>\n<script type=\"application\/ld+json\" class=\"yoast-schema-graph\">{\"@context\":\"https:\/\/schema.org\",\"@graph\":[{\"@type\":\"Article\",\"@id\":\"https:\/\/agrupacionespsoe.es\/melilla\/riduan-moh-la-mayor-apuesta-en-vivienda-en-melilla-es-de-gobiernos-socialistas\/#article\",\"isPartOf\":{\"@id\":\"https:\/\/agrupacionespsoe.es\/melilla\/riduan-moh-la-mayor-apuesta-en-vivienda-en-melilla-es-de-gobiernos-socialistas\/\"},\"author\":{\"name\":\"melilla2\",\"@id\":\"https:\/\/agrupacionespsoe.es\/melilla\/#\/schema\/person\/72bb3075a827d0ed0623682b96c92bd6\"},\"headline\":\"Riduan Moh: \u201cLa mayor apuesta en vivienda en Melilla es de Gobiernos Socialistas\u201d\",\"datePublished\":\"2025-03-25T12:54:29+00:00\",\"dateModified\":\"2025-03-25T12:54:30+00:00\",\"mainEntityOfPage\":{\"@id\":\"https:\/\/agrupacionespsoe.es\/melilla\/riduan-moh-la-mayor-apuesta-en-vivienda-en-melilla-es-de-gobiernos-socialistas\/\"},\"wordCount\":692,\"commentCount\":0,\"publisher\":{\"@id\":\"https:\/\/agrupacionespsoe.es\/melilla\/#organization\"},\"image\":{\"@id\":\"https:\/\/agrupacionespsoe.es\/melilla\/riduan-moh-la-mayor-apuesta-en-vivienda-en-melilla-es-de-gobiernos-socialistas\/#primaryimage\"},\"thumbnailUrl\":\"https:\/\/agrupacionespsoe.es\/melilla\/wp-content\/uploads\/sites\/120\/2025\/03\/25_03_2025_RMoh_ViviendaInversion-scaled.jpg\",\"inLanguage\":\"es\",\"potentialAction\":[{\"@type\":\"CommentAction\",\"name\":\"Comment\",\"target\":[\"https:\/\/agrupacionespsoe.es\/melilla\/riduan-moh-la-mayor-apuesta-en-vivienda-en-melilla-es-de-gobiernos-socialistas\/#respond\"]}]},{\"@type\":\"WebPage\",\"@id\":\"https:\/\/agrupacionespsoe.es\/melilla\/riduan-moh-la-mayor-apuesta-en-vivienda-en-melilla-es-de-gobiernos-socialistas\/\",\"url\":\"https:\/\/agrupacionespsoe.es\/melilla\/riduan-moh-la-mayor-apuesta-en-vivienda-en-melilla-es-de-gobiernos-socialistas\/\",\"name\":\"Riduan Moh: \u201cLa mayor apuesta en vivienda en Melilla es de Gobiernos Socialistas\u201d - Agrupaci\u00f3n Socialista de Melilla\",\"isPartOf\":{\"@id\":\"https:\/\/agrupacionespsoe.es\/melilla\/#website\"},\"primaryImageOfPage\":{\"@id\":\"https:\/\/agrupacionespsoe.es\/melilla\/riduan-moh-la-mayor-apuesta-en-vivienda-en-melilla-es-de-gobiernos-socialistas\/#primaryimage\"},\"image\":{\"@id\":\"https:\/\/agrupacionespsoe.es\/melilla\/riduan-moh-la-mayor-apuesta-en-vivienda-en-melilla-es-de-gobiernos-socialistas\/#primaryimage\"},\"thumbnailUrl\":\"https:\/\/agrupacionespsoe.es\/melilla\/wp-content\/uploads\/sites\/120\/2025\/03\/25_03_2025_RMoh_ViviendaInversion-scaled.jpg\",\"datePublished\":\"2025-03-25T12:54:29+00:00\",\"dateModified\":\"2025-03-25T12:54:30+00:00\",\"breadcrumb\":{\"@id\":\"https:\/\/agrupacionespsoe.es\/melilla\/riduan-moh-la-mayor-apuesta-en-vivienda-en-melilla-es-de-gobiernos-socialistas\/#breadcrumb\"},\"inLanguage\":\"es\",\"potentialAction\":[{\"@type\":\"ReadAction\",\"target\":[\"https:\/\/agrupacionespsoe.es\/melilla\/riduan-moh-la-mayor-apuesta-en-vivienda-en-melilla-es-de-gobiernos-socialistas\/\"]}]},{\"@type\":\"ImageObject\",\"inLanguage\":\"es\",\"@id\":\"https:\/\/agrupacionespsoe.es\/melilla\/riduan-moh-la-mayor-apuesta-en-vivienda-en-melilla-es-de-gobiernos-socialistas\/#primaryimage\",\"url\":\"https:\/\/agrupacionespsoe.es\/melilla\/wp-content\/uploads\/sites\/120\/2025\/03\/25_03_2025_RMoh_ViviendaInversion-scaled.jpg\",\"contentUrl\":\"https:\/\/agrupacionespsoe.es\/melilla\/wp-content\/uploads\/sites\/120\/2025\/03\/25_03_2025_RMoh_ViviendaInversion-scaled.jpg\",\"width\":2560,\"height\":1707},{\"@type\":\"BreadcrumbList\",\"@id\":\"https:\/\/agrupacionespsoe.es\/melilla\/riduan-moh-la-mayor-apuesta-en-vivienda-en-melilla-es-de-gobiernos-socialistas\/#breadcrumb\",\"itemListElement\":[{\"@type\":\"ListItem\",\"position\":1,\"name\":\"Portada\",\"item\":\"https:\/\/agrupacionespsoe.es\/melilla\/\"},{\"@type\":\"ListItem\",\"position\":2,\"name\":\"Riduan Moh: \u201cLa mayor apuesta en vivienda en Melilla es de Gobiernos Socialistas\u201d\"}]},{\"@type\":\"WebSite\",\"@id\":\"https:\/\/agrupacionespsoe.es\/melilla\/#website\",\"url\":\"https:\/\/agrupacionespsoe.es\/melilla\/\",\"name\":\"Agrupaci\u00f3n Socialista de Melilla\",\"description\":\"Agrupaci\u00f3n Socialista de Melilla\",\"publisher\":{\"@id\":\"https:\/\/agrupacionespsoe.es\/melilla\/#organization\"},\"potentialAction\":[{\"@type\":\"SearchAction\",\"target\":{\"@type\":\"EntryPoint\",\"urlTemplate\":\"https:\/\/agrupacionespsoe.es\/melilla\/?s={search_term_string}\"},\"query-input\":{\"@type\":\"PropertyValueSpecification\",\"valueRequired\":true,\"valueName\":\"search_term_string\"}}],\"inLanguage\":\"es\"},{\"@type\":\"Organization\",\"@id\":\"https:\/\/agrupacionespsoe.es\/melilla\/#organization\",\"name\":\"Agrupaci\u00f3n Socialista de Melilla\",\"url\":\"https:\/\/agrupacionespsoe.es\/melilla\/\",\"logo\":{\"@type\":\"ImageObject\",\"inLanguage\":\"es\",\"@id\":\"https:\/\/agrupacionespsoe.es\/melilla\/#\/schema\/logo\/image\/\",\"url\":\"https:\/\/agrupacionespsoe.es\/wp-content\/uploads\/2022\/07\/Logotipo_electoral_del_PSOE.png\",\"contentUrl\":\"https:\/\/agrupacionespsoe.es\/wp-content\/uploads\/2022\/07\/Logotipo_electoral_del_PSOE.png\",\"width\":422,\"height\":422,\"caption\":\"Agrupaci\u00f3n Socialista de Melilla\"},\"image\":{\"@id\":\"https:\/\/agrupacionespsoe.es\/melilla\/#\/schema\/logo\/image\/\"}},{\"@type\":\"Person\",\"@id\":\"https:\/\/agrupacionespsoe.es\/melilla\/#\/schema\/person\/72bb3075a827d0ed0623682b96c92bd6\",\"name\":\"melilla2\",\"image\":{\"@type\":\"ImageObject\",\"inLanguage\":\"es\",\"@id\":\"https:\/\/agrupacionespsoe.es\/melilla\/#\/schema\/person\/image\/\",\"url\":\"https:\/\/secure.gravatar.com\/avatar\/489a178e794e59f00db13a448aabca16?s=96&d=mm&r=g\",\"contentUrl\":\"https:\/\/secure.gravatar.com\/avatar\/489a178e794e59f00db13a448aabca16?s=96&d=mm&r=g\",\"caption\":\"melilla2\"},\"url\":\"https:\/\/agrupacionespsoe.es\/melilla\/author\/melilla2\/\"}]}<\/script>\n<!-- \/ Yoast SEO plugin. -->","yoast_head_json":{"title":"Riduan Moh: \u201cLa mayor apuesta en vivienda en Melilla es de Gobiernos Socialistas\u201d - Agrupaci\u00f3n Socialista de Melilla","robots":{"index":"index","follow":"follow","max-snippet":"max-snippet:-1","max-image-preview":"max-image-preview:large","max-video-preview":"max-video-preview:-1"},"canonical":"https:\/\/agrupacionespsoe.es\/melilla\/riduan-moh-la-mayor-apuesta-en-vivienda-en-melilla-es-de-gobiernos-socialistas\/","og_locale":"es_ES","og_type":"article","og_title":"Riduan Moh: \u201cLa mayor apuesta en vivienda en Melilla es de Gobiernos Socialistas\u201d - Agrupaci\u00f3n Socialista de Melilla","og_description":"Defiende que fruto de este compromiso son los cientos de viviendas p\u00fablicas que hay en diferentes barrios de la ciudad \u201cLos Gobiernos Socialistas han demostrado un compromiso constante con el acceso a la vivienda en Melilla a lo largo de los a\u00f1os\u201d. De esta manera, el diputado del Grupo Municipal Socialista, Riduan Moh, se ha ...","og_url":"https:\/\/agrupacionespsoe.es\/melilla\/riduan-moh-la-mayor-apuesta-en-vivienda-en-melilla-es-de-gobiernos-socialistas\/","og_site_name":"Agrupaci\u00f3n Socialista de Melilla","article_published_time":"2025-03-25T12:54:29+00:00","article_modified_time":"2025-03-25T12:54:30+00:00","og_image":[{"width":2560,"height":1707,"url":"https:\/\/agrupacionespsoe.es\/melilla\/wp-content\/uploads\/sites\/120\/2025\/03\/25_03_2025_RMoh_ViviendaInversion-scaled.jpg","type":"image\/jpeg"}],"author":"melilla2","twitter_card":"summary_large_image","twitter_misc":{"Escrito por":"melilla2","Tiempo de lectura":"4 minutos"},"schema":{"@context":"https:\/\/schema.org","@graph":[{"@type":"Article","@id":"https:\/\/agrupacionespsoe.es\/melilla\/riduan-moh-la-mayor-apuesta-en-vivienda-en-melilla-es-de-gobiernos-socialistas\/#article","isPartOf":{"@id":"https:\/\/agrupacionespsoe.es\/melilla\/riduan-moh-la-mayor-apuesta-en-vivienda-en-melilla-es-de-gobiernos-socialistas\/"},"author":{"name":"melilla2","@id":"https:\/\/agrupacionespsoe.es\/melilla\/#\/schema\/person\/72bb3075a827d0ed0623682b96c92bd6"},"headline":"Riduan Moh: \u201cLa mayor apuesta en vivienda en Melilla es de Gobiernos Socialistas\u201d","datePublished":"2025-03-25T12:54:29+00:00","dateModified":"2025-03-25T12:54:30+00:00","mainEntityOfPage":{"@id":"https:\/\/agrupacionespsoe.es\/melilla\/riduan-moh-la-mayor-apuesta-en-vivienda-en-melilla-es-de-gobiernos-socialistas\/"},"wordCount":692,"commentCount":0,"publisher":{"@id":"https:\/\/agrupacionespsoe.es\/melilla\/#organization"},"image":{"@id":"https:\/\/agrupacionespsoe.es\/melilla\/riduan-moh-la-mayor-apuesta-en-vivienda-en-melilla-es-de-gobiernos-socialistas\/#primaryimage"},"thumbnailUrl":"https:\/\/agrupacionespsoe.es\/melilla\/wp-content\/uploads\/sites\/120\/2025\/03\/25_03_2025_RMoh_ViviendaInversion-scaled.jpg","inLanguage":"es","potentialAction":[{"@type":"CommentAction","name":"Comment","target":["https:\/\/agrupacionespsoe.es\/melilla\/riduan-moh-la-mayor-apuesta-en-vivienda-en-melilla-es-de-gobiernos-socialistas\/#respond"]}]},{"@type":"WebPage","@id":"https:\/\/agrupacionespsoe.es\/melilla\/riduan-moh-la-mayor-apuesta-en-vivienda-en-melilla-es-de-gobiernos-socialistas\/","url":"https:\/\/agrupacionespsoe.es\/melilla\/riduan-moh-la-mayor-apuesta-en-vivienda-en-melilla-es-de-gobiernos-socialistas\/","name":"Riduan Moh: \u201cLa mayor apuesta en vivienda en Melilla es de Gobiernos Socialistas\u201d - Agrupaci\u00f3n Socialista de Melilla","isPartOf":{"@id":"https:\/\/agrupacionespsoe.es\/melilla\/#website"},"primaryImageOfPage":{"@id":"https:\/\/agrupacionespsoe.es\/melilla\/riduan-moh-la-mayor-apuesta-en-vivienda-en-melilla-es-de-gobiernos-socialistas\/#primaryimage"},"image":{"@id":"https:\/\/agrupacionespsoe.es\/melilla\/riduan-moh-la-mayor-apuesta-en-vivienda-en-melilla-es-de-gobiernos-socialistas\/#primaryimage"},"thumbnailUrl":"https:\/\/agrupacionespsoe.es\/melilla\/wp-content\/uploads\/sites\/120\/2025\/03\/25_03_2025_RMoh_ViviendaInversion-scaled.jpg","datePublished":"2025-03-25T12:54:29+00:00","dateModified":"2025-03-25T12:54:30+00:00","breadcrumb":{"@id":"https:\/\/agrupacionespsoe.es\/melilla\/riduan-moh-la-mayor-apuesta-en-vivienda-en-melilla-es-de-gobiernos-socialistas\/#breadcrumb"},"inLanguage":"es","potentialAction":[{"@type":"ReadAction","target":["https:\/\/agrupacionespsoe.es\/melilla\/riduan-moh-la-mayor-apuesta-en-vivienda-en-melilla-es-de-gobiernos-socialistas\/"]}]},{"@type":"ImageObject","inLanguage":"es","@id":"https:\/\/agrupacionespsoe.es\/melilla\/riduan-moh-la-mayor-apuesta-en-vivienda-en-melilla-es-de-gobiernos-socialistas\/#primaryimage","url":"https:\/\/agrupacionespsoe.es\/melilla\/wp-content\/uploads\/sites\/120\/2025\/03\/25_03_2025_RMoh_ViviendaInversion-scaled.jpg","contentUrl":"https:\/\/agrupacionespsoe.es\/melilla\/wp-content\/uploads\/sites\/120\/2025\/03\/25_03_2025_RMoh_ViviendaInversion-scaled.jpg","width":2560,"height":1707},{"@type":"BreadcrumbList","@id":"https:\/\/agrupacionespsoe.es\/melilla\/riduan-moh-la-mayor-apuesta-en-vivienda-en-melilla-es-de-gobiernos-socialistas\/#breadcrumb","itemListElement":[{"@type":"ListItem","position":1,"name":"Portada","item":"https:\/\/agrupacionespsoe.es\/melilla\/"},{"@type":"ListItem","position":2,"name":"Riduan Moh: \u201cLa mayor apuesta en vivienda en Melilla es de Gobiernos Socialistas\u201d"}]},{"@type":"WebSite","@id":"https:\/\/agrupacionespsoe.es\/melilla\/#website","url":"https:\/\/agrupacionespsoe.es\/melilla\/","name":"Agrupaci\u00f3n Socialista de Melilla","description":"Agrupaci\u00f3n Socialista de Melilla","publisher":{"@id":"https:\/\/agrupacionespsoe.es\/melilla\/#organization"},"potentialAction":[{"@type":"SearchAction","target":{"@type":"EntryPoint","urlTemplate":"https:\/\/agrupacionespsoe.es\/melilla\/?s={search_term_string}"},"query-input":{"@type":"PropertyValueSpecification","valueRequired":true,"valueName":"search_term_string"}}],"inLanguage":"es"},{"@type":"Organization","@id":"https:\/\/agrupacionespsoe.es\/melilla\/#organization","name":"Agrupaci\u00f3n Socialista de Melilla","url":"https:\/\/agrupacionespsoe.es\/melilla\/","logo":{"@type":"ImageObject","inLanguage":"es","@id":"https:\/\/agrupacionespsoe.es\/melilla\/#\/schema\/logo\/image\/","url":"https:\/\/agrupacionespsoe.es\/wp-content\/uploads\/2022\/07\/Logotipo_electoral_del_PSOE.png","contentUrl":"https:\/\/agrupacionespsoe.es\/wp-content\/uploads\/2022\/07\/Logotipo_electoral_del_PSOE.png","width":422,"height":422,"caption":"Agrupaci\u00f3n Socialista de Melilla"},"image":{"@id":"https:\/\/agrupacionespsoe.es\/melilla\/#\/schema\/logo\/image\/"}},{"@type":"Person","@id":"https:\/\/agrupacionespsoe.es\/melilla\/#\/schema\/person\/72bb3075a827d0ed0623682b96c92bd6","name":"melilla2","image":{"@type":"ImageObject","inLanguage":"es","@id":"https:\/\/agrupacionespsoe.es\/melilla\/#\/schema\/person\/image\/","url":"https:\/\/secure.gravatar.com\/avatar\/489a178e794e59f00db13a448aabca16?s=96&d=mm&r=g","contentUrl":"https:\/\/secure.gravatar.com\/avatar\/489a178e794e59f00db13a448aabca16?s=96&d=mm&r=g","caption":"melilla2"},"url":"https:\/\/agrupacionespsoe.es\/melilla\/author\/melilla2\/"}]}},"jetpack_featured_media_url":"https:\/\/agrupacionespsoe.es\/melilla\/wp-content\/uploads\/sites\/120\/2025\/03\/25_03_2025_RMoh_ViviendaInversion-scaled.jpg","jetpack_sharing_enabled":true,"_links":{"self":[{"href":"https:\/\/agrupacionespsoe.es\/melilla\/wp-json\/wp\/v2\/posts\/1671","targetHints":{"allow":["GET"]}}],"collection":[{"href":"https:\/\/agrupacionespsoe.es\/melilla\/wp-json\/wp\/v2\/posts"}],"about":[{"href":"https:\/\/agrupacionespsoe.es\/melilla\/wp-json\/wp\/v2\/types\/post"}],"author":[{"embeddable":true,"href":"https:\/\/agrupacionespsoe.es\/melilla\/wp-json\/wp\/v2\/users\/187"}],"replies":[{"embeddable":true,"href":"https:\/\/agrupacionespsoe.es\/melilla\/wp-json\/wp\/v2\/comments?post=1671"}],"version-history":[{"count":1,"href":"https:\/\/agrupacionespsoe.es\/melilla\/wp-json\/wp\/v2\/posts\/1671\/revisions"}],"predecessor-version":[{"id":1673,"href":"https:\/\/agrupacionespsoe.es\/melilla\/wp-json\/wp\/v2\/posts\/1671\/revisions\/1673"}],"wp:featuredmedia":[{"embeddable":true,"href":"https:\/\/agrupacionespsoe.es\/melilla\/wp-json\/wp\/v2\/media\/1672"}],"wp:attachment":[{"href":"https:\/\/agrupacionespsoe.es\/melilla\/wp-json\/wp\/v2\/media?parent=1671"}],"wp:term":[{"taxonomy":"category","embeddable":true,"href":"https:\/\/agrupacionespsoe.es\/melilla\/wp-json\/wp\/v2\/categories?post=1671"},{"taxonomy":"post_tag","embeddable":true,"href":"https:\/\/agrupacionespsoe.es\/melilla\/wp-json\/wp\/v2\/tags?post=1671"}],"curies":[{"name":"wp","href":"https:\/\/api.w.org\/{rel}","templated":true}]}}