{"id":1666,"date":"2025-03-24T11:59:01","date_gmt":"2025-03-24T11:59:01","guid":{"rendered":"https:\/\/agrupacionespsoe.es\/melilla\/?p=1666"},"modified":"2025-03-24T11:59:02","modified_gmt":"2025-03-24T11:59:02","slug":"el-psoe-destaca-la-inversion-historica-en-educacion-del-gobierno-de-espana","status":"publish","type":"post","link":"https:\/\/agrupacionespsoe.es\/melilla\/el-psoe-destaca-la-inversion-historica-en-educacion-del-gobierno-de-espana\/","title":{"rendered":"El PSOE destaca la inversi\u00f3n \u201chist\u00f3rica\u201d en educaci\u00f3n del Gobierno de Espa\u00f1a"},"content":{"rendered":"\n<p><strong>Recalca que este a\u00f1o se destinan 2.544 millones de euros en becas, 1.100 millones m\u00e1s que en 2017 con el Partido Popular<\/strong><\/p>\n\n\n\n<p>\u201cLa inversi\u00f3n del Ministerio de Educaci\u00f3n ha permitido dar un salto de calidad en la educaci\u00f3n p\u00fablica de nuestra ciudad\u201d. El diputado del Grupo Socialista, Riduan Moh, ha destacado la importante inversi\u00f3n en educaci\u00f3n que el Gobierno de Espa\u00f1a ha hecho en los \u00faltimos seis a\u00f1os en Melilla a trav\u00e9s de infraestructuras, becas y empleo p\u00fablico.<\/p>\n\n\n\n<p>As\u00ed, el socialista ha puesto de relieve el enorme aumento en inversi\u00f3n de becas y ayudas al estudio del Gobierno de Pedro S\u00e1nchez. Este a\u00f1o se destinan 2.544 millones de euros para becas, 1.100 millones m\u00e1s que en 2017-2018 cuando el Partido Popular gobernaba en nuestro pa\u00eds. \u201cHablamos de una inversi\u00f3n hist\u00f3rica, con un aumento del 80% respecto al Gobierno anterior\u201d, ha asegurado.<\/p>\n\n\n\n<p>Concretamente, la cuant\u00eda fija de las becas, ligada a la residencia, ha aumentado hasta los 2.700 euros, que en la convocatoria 2023-2024 ya pas\u00f3 de 1.600 a 2.500 euros. \u201cY ahora el Gobierno de Espa\u00f1a ha continuado mejorando la inversi\u00f3n incrementando la cuant\u00eda en 200 euros m\u00e1s para la convocatoria 2025-2026\u201d.&nbsp;<\/p>\n\n\n\n<p>\u201cLas becas y ayudas al estudio repercuten positivamente en nuestra ciudad. Durante la convocatoria anterior se concedieron 1.214 becas; 6.444 ayudas de libros; 615 ayudas de educaci\u00f3n especial; 451 ayudas de comedor; 18 ayudas para el transporte adaptado y 51 para el no adaptado\u201d, ha recalcado.&nbsp;<\/p>\n\n\n\n<p>De esta manera, ha puesto en valor el importante papel que juega la educaci\u00f3n p\u00fablica en nuestra sociedad \u201cproporcionando herramientas y mecanismos, como las becas y ayudas al estudio, para que todos los alumnos y las alumnas puedan acceder y desarrollar su trayectoria educativa con igualdad\u201d.&nbsp;<\/p>\n\n\n\n<p>En ese sentido, ha destacado tambi\u00e9n la mejora del tr\u00e1mite administrativo desde 2023 y que ha permitido que el alumnado reciba el dinero antes de que comience el curso acad\u00e9mico.&nbsp;<\/p>\n\n\n\n<p><strong>Gran apuesta en infraestructura y empleo<\/strong><strong><\/strong><\/p>\n\n\n\n<p>Llegado a este punto, Riduan Moh tambi\u00e9n ha puesto de relieve la gran apuesta de los gobiernos socialistas en nuestra ciudad a trav\u00e9s de las infraestructuras educativas que han permitido dar un \u201csalto de calidad\u201d.<\/p>\n\n\n\n<p>As\u00ed, ha recordado que la Escuela Oficial de Idiomas, el Centro de Adultos y el Conservatorio, el IES Virgen de la Victoria o el reciente CEIP Encarna Le\u00f3n son un claro ejemplo de la inversi\u00f3n en educaci\u00f3n que el Gobierno de Pedro S\u00e1nchez lleva a cabo en Melilla.&nbsp;<\/p>\n\n\n\n<p>Igualmente, ha resaltado la mejora de la oferta de empleo p\u00fablico para conseguir bajar las ratios y mejorar la calidad educativa de Melilla. \u201cDesde que estamos en el Gobierno han salido 424 plazas, adem\u00e1s de las 160 que saldr\u00e1n este a\u00f1o. En cambio, el Gobierno del PP solo sac\u00f3 60 en el mismo periodo\u201d.<\/p>\n\n\n\n<p><strong>Consejo Escolar del Estado<\/strong><\/p>\n\n\n\n<p>Asimismo, entre los logros alcanzados, Riduan Moh ha celebrado que Melilla vaya a tener representaci\u00f3n directa en el Consejo Escolar del Estado. \u201cSe trata de una reivindicaci\u00f3n hist\u00f3rica de todos los sectores educativos de nuestra ciudad y hoy por fin es una realidad gracias a la gesti\u00f3n del PSOE\u201d.&nbsp;<\/p>\n\n\n\n<p>Esta representaci\u00f3n se producir\u00e1 gracias a la reactivaci\u00f3n y participaci\u00f3n activa del Foro por la Educaci\u00f3n en Melilla y Ceuta, que servir\u00e1 para \u201ctener voz y voto\u201d en el Consejo Escolar del Estado.<\/p>\n","protected":false},"excerpt":{"rendered":"<p>Recalca que este a\u00f1o se destinan 2.544 millones de euros en becas, 1.100 millones m\u00e1s que en 2017 con el Partido Popular \u201cLa inversi\u00f3n del Ministerio de Educaci\u00f3n ha permitido dar un salto de calidad en la educaci\u00f3n p\u00fablica de nuestra ciudad\u201d. El diputado del Grupo Socialista, Riduan Moh, ha destacado la importante inversi\u00f3n en &#8230;<\/p>\n","protected":false},"author":187,"featured_media":1667,"comment_status":"open","ping_status":"open","sticky":false,"template":"","format":"standard","meta":{"_jetpack_memberships_contains_paid_content":false,"footnotes":""},"categories":[1],"tags":[],"class_list":["post-1666","post","type-post","status-publish","format-standard","has-post-thumbnail","hentry","category-sin-categoria"],"yoast_head":"<!-- This site is optimized with the Yoast SEO plugin v24.0 - https:\/\/yoast.com\/wordpress\/plugins\/seo\/ -->\n<title>El PSOE destaca la inversi\u00f3n \u201chist\u00f3rica\u201d en educaci\u00f3n del Gobierno de Espa\u00f1a - Agrupaci\u00f3n Socialista de Melilla<\/title>\n<meta name=\"robots\" content=\"index, follow, max-snippet:-1, max-image-preview:large, max-video-preview:-1\" \/>\n<link rel=\"canonical\" href=\"https:\/\/agrupacionespsoe.es\/melilla\/el-psoe-destaca-la-inversion-historica-en-educacion-del-gobierno-de-espana\/\" \/>\n<meta property=\"og:locale\" content=\"es_ES\" \/>\n<meta property=\"og:type\" content=\"article\" \/>\n<meta property=\"og:title\" content=\"El PSOE destaca la inversi\u00f3n \u201chist\u00f3rica\u201d en educaci\u00f3n del Gobierno de Espa\u00f1a - Agrupaci\u00f3n Socialista de Melilla\" \/>\n<meta property=\"og:description\" content=\"Recalca que este a\u00f1o se destinan 2.544 millones de euros en becas, 1.100 millones m\u00e1s que en 2017 con el Partido Popular \u201cLa inversi\u00f3n del Ministerio de Educaci\u00f3n ha permitido dar un salto de calidad en la educaci\u00f3n p\u00fablica de nuestra ciudad\u201d. El diputado del Grupo Socialista, Riduan Moh, ha destacado la importante inversi\u00f3n en ...\" \/>\n<meta property=\"og:url\" content=\"https:\/\/agrupacionespsoe.es\/melilla\/el-psoe-destaca-la-inversion-historica-en-educacion-del-gobierno-de-espana\/\" \/>\n<meta property=\"og:site_name\" content=\"Agrupaci\u00f3n Socialista de Melilla\" \/>\n<meta property=\"article:published_time\" content=\"2025-03-24T11:59:01+00:00\" \/>\n<meta property=\"article:modified_time\" content=\"2025-03-24T11:59:02+00:00\" \/>\n<meta property=\"og:image\" content=\"https:\/\/agrupacionespsoe.es\/melilla\/wp-content\/uploads\/sites\/120\/2025\/03\/24_03_2025_RMoh-scaled.jpg\" \/>\n\t<meta property=\"og:image:width\" content=\"2560\" \/>\n\t<meta property=\"og:image:height\" content=\"1707\" \/>\n\t<meta property=\"og:image:type\" content=\"image\/jpeg\" \/>\n<meta name=\"author\" content=\"melilla2\" \/>\n<meta name=\"twitter:card\" content=\"summary_large_image\" \/>\n<meta name=\"twitter:label1\" content=\"Escrito por\" \/>\n\t<meta name=\"twitter:data1\" content=\"melilla2\" \/>\n\t<meta name=\"twitter:label2\" content=\"Tiempo de lectura\" \/>\n\t<meta name=\"twitter:data2\" content=\"3 minutos\" \/>\n<script type=\"application\/ld+json\" class=\"yoast-schema-graph\">{\"@context\":\"https:\/\/schema.org\",\"@graph\":[{\"@type\":\"Article\",\"@id\":\"https:\/\/agrupacionespsoe.es\/melilla\/el-psoe-destaca-la-inversion-historica-en-educacion-del-gobierno-de-espana\/#article\",\"isPartOf\":{\"@id\":\"https:\/\/agrupacionespsoe.es\/melilla\/el-psoe-destaca-la-inversion-historica-en-educacion-del-gobierno-de-espana\/\"},\"author\":{\"name\":\"melilla2\",\"@id\":\"https:\/\/agrupacionespsoe.es\/melilla\/#\/schema\/person\/72bb3075a827d0ed0623682b96c92bd6\"},\"headline\":\"El PSOE destaca la inversi\u00f3n \u201chist\u00f3rica\u201d en educaci\u00f3n del Gobierno de Espa\u00f1a\",\"datePublished\":\"2025-03-24T11:59:01+00:00\",\"dateModified\":\"2025-03-24T11:59:02+00:00\",\"mainEntityOfPage\":{\"@id\":\"https:\/\/agrupacionespsoe.es\/melilla\/el-psoe-destaca-la-inversion-historica-en-educacion-del-gobierno-de-espana\/\"},\"wordCount\":593,\"commentCount\":0,\"publisher\":{\"@id\":\"https:\/\/agrupacionespsoe.es\/melilla\/#organization\"},\"image\":{\"@id\":\"https:\/\/agrupacionespsoe.es\/melilla\/el-psoe-destaca-la-inversion-historica-en-educacion-del-gobierno-de-espana\/#primaryimage\"},\"thumbnailUrl\":\"https:\/\/agrupacionespsoe.es\/melilla\/wp-content\/uploads\/sites\/120\/2025\/03\/24_03_2025_RMoh-scaled.jpg\",\"inLanguage\":\"es\",\"potentialAction\":[{\"@type\":\"CommentAction\",\"name\":\"Comment\",\"target\":[\"https:\/\/agrupacionespsoe.es\/melilla\/el-psoe-destaca-la-inversion-historica-en-educacion-del-gobierno-de-espana\/#respond\"]}]},{\"@type\":\"WebPage\",\"@id\":\"https:\/\/agrupacionespsoe.es\/melilla\/el-psoe-destaca-la-inversion-historica-en-educacion-del-gobierno-de-espana\/\",\"url\":\"https:\/\/agrupacionespsoe.es\/melilla\/el-psoe-destaca-la-inversion-historica-en-educacion-del-gobierno-de-espana\/\",\"name\":\"El PSOE destaca la inversi\u00f3n \u201chist\u00f3rica\u201d en educaci\u00f3n del Gobierno de Espa\u00f1a - Agrupaci\u00f3n Socialista de Melilla\",\"isPartOf\":{\"@id\":\"https:\/\/agrupacionespsoe.es\/melilla\/#website\"},\"primaryImageOfPage\":{\"@id\":\"https:\/\/agrupacionespsoe.es\/melilla\/el-psoe-destaca-la-inversion-historica-en-educacion-del-gobierno-de-espana\/#primaryimage\"},\"image\":{\"@id\":\"https:\/\/agrupacionespsoe.es\/melilla\/el-psoe-destaca-la-inversion-historica-en-educacion-del-gobierno-de-espana\/#primaryimage\"},\"thumbnailUrl\":\"https:\/\/agrupacionespsoe.es\/melilla\/wp-content\/uploads\/sites\/120\/2025\/03\/24_03_2025_RMoh-scaled.jpg\",\"datePublished\":\"2025-03-24T11:59:01+00:00\",\"dateModified\":\"2025-03-24T11:59:02+00:00\",\"breadcrumb\":{\"@id\":\"https:\/\/agrupacionespsoe.es\/melilla\/el-psoe-destaca-la-inversion-historica-en-educacion-del-gobierno-de-espana\/#breadcrumb\"},\"inLanguage\":\"es\",\"potentialAction\":[{\"@type\":\"ReadAction\",\"target\":[\"https:\/\/agrupacionespsoe.es\/melilla\/el-psoe-destaca-la-inversion-historica-en-educacion-del-gobierno-de-espana\/\"]}]},{\"@type\":\"ImageObject\",\"inLanguage\":\"es\",\"@id\":\"https:\/\/agrupacionespsoe.es\/melilla\/el-psoe-destaca-la-inversion-historica-en-educacion-del-gobierno-de-espana\/#primaryimage\",\"url\":\"https:\/\/agrupacionespsoe.es\/melilla\/wp-content\/uploads\/sites\/120\/2025\/03\/24_03_2025_RMoh-scaled.jpg\",\"contentUrl\":\"https:\/\/agrupacionespsoe.es\/melilla\/wp-content\/uploads\/sites\/120\/2025\/03\/24_03_2025_RMoh-scaled.jpg\",\"width\":2560,\"height\":1707},{\"@type\":\"BreadcrumbList\",\"@id\":\"https:\/\/agrupacionespsoe.es\/melilla\/el-psoe-destaca-la-inversion-historica-en-educacion-del-gobierno-de-espana\/#breadcrumb\",\"itemListElement\":[{\"@type\":\"ListItem\",\"position\":1,\"name\":\"Portada\",\"item\":\"https:\/\/agrupacionespsoe.es\/melilla\/\"},{\"@type\":\"ListItem\",\"position\":2,\"name\":\"El PSOE destaca la inversi\u00f3n \u201chist\u00f3rica\u201d en educaci\u00f3n del Gobierno de Espa\u00f1a\"}]},{\"@type\":\"WebSite\",\"@id\":\"https:\/\/agrupacionespsoe.es\/melilla\/#website\",\"url\":\"https:\/\/agrupacionespsoe.es\/melilla\/\",\"name\":\"Agrupaci\u00f3n Socialista de Melilla\",\"description\":\"Agrupaci\u00f3n Socialista de Melilla\",\"publisher\":{\"@id\":\"https:\/\/agrupacionespsoe.es\/melilla\/#organization\"},\"potentialAction\":[{\"@type\":\"SearchAction\",\"target\":{\"@type\":\"EntryPoint\",\"urlTemplate\":\"https:\/\/agrupacionespsoe.es\/melilla\/?s={search_term_string}\"},\"query-input\":{\"@type\":\"PropertyValueSpecification\",\"valueRequired\":true,\"valueName\":\"search_term_string\"}}],\"inLanguage\":\"es\"},{\"@type\":\"Organization\",\"@id\":\"https:\/\/agrupacionespsoe.es\/melilla\/#organization\",\"name\":\"Agrupaci\u00f3n Socialista de Melilla\",\"url\":\"https:\/\/agrupacionespsoe.es\/melilla\/\",\"logo\":{\"@type\":\"ImageObject\",\"inLanguage\":\"es\",\"@id\":\"https:\/\/agrupacionespsoe.es\/melilla\/#\/schema\/logo\/image\/\",\"url\":\"https:\/\/agrupacionespsoe.es\/wp-content\/uploads\/2022\/07\/Logotipo_electoral_del_PSOE.png\",\"contentUrl\":\"https:\/\/agrupacionespsoe.es\/wp-content\/uploads\/2022\/07\/Logotipo_electoral_del_PSOE.png\",\"width\":422,\"height\":422,\"caption\":\"Agrupaci\u00f3n Socialista de Melilla\"},\"image\":{\"@id\":\"https:\/\/agrupacionespsoe.es\/melilla\/#\/schema\/logo\/image\/\"}},{\"@type\":\"Person\",\"@id\":\"https:\/\/agrupacionespsoe.es\/melilla\/#\/schema\/person\/72bb3075a827d0ed0623682b96c92bd6\",\"name\":\"melilla2\",\"image\":{\"@type\":\"ImageObject\",\"inLanguage\":\"es\",\"@id\":\"https:\/\/agrupacionespsoe.es\/melilla\/#\/schema\/person\/image\/\",\"url\":\"https:\/\/secure.gravatar.com\/avatar\/489a178e794e59f00db13a448aabca16?s=96&d=mm&r=g\",\"contentUrl\":\"https:\/\/secure.gravatar.com\/avatar\/489a178e794e59f00db13a448aabca16?s=96&d=mm&r=g\",\"caption\":\"melilla2\"},\"url\":\"https:\/\/agrupacionespsoe.es\/melilla\/author\/melilla2\/\"}]}<\/script>\n<!-- \/ Yoast SEO plugin. -->","yoast_head_json":{"title":"El PSOE destaca la inversi\u00f3n \u201chist\u00f3rica\u201d en educaci\u00f3n del Gobierno de Espa\u00f1a - Agrupaci\u00f3n Socialista de Melilla","robots":{"index":"index","follow":"follow","max-snippet":"max-snippet:-1","max-image-preview":"max-image-preview:large","max-video-preview":"max-video-preview:-1"},"canonical":"https:\/\/agrupacionespsoe.es\/melilla\/el-psoe-destaca-la-inversion-historica-en-educacion-del-gobierno-de-espana\/","og_locale":"es_ES","og_type":"article","og_title":"El PSOE destaca la inversi\u00f3n \u201chist\u00f3rica\u201d en educaci\u00f3n del Gobierno de Espa\u00f1a - Agrupaci\u00f3n Socialista de Melilla","og_description":"Recalca que este a\u00f1o se destinan 2.544 millones de euros en becas, 1.100 millones m\u00e1s que en 2017 con el Partido Popular \u201cLa inversi\u00f3n del Ministerio de Educaci\u00f3n ha permitido dar un salto de calidad en la educaci\u00f3n p\u00fablica de nuestra ciudad\u201d. El diputado del Grupo Socialista, Riduan Moh, ha destacado la importante inversi\u00f3n en ...","og_url":"https:\/\/agrupacionespsoe.es\/melilla\/el-psoe-destaca-la-inversion-historica-en-educacion-del-gobierno-de-espana\/","og_site_name":"Agrupaci\u00f3n Socialista de Melilla","article_published_time":"2025-03-24T11:59:01+00:00","article_modified_time":"2025-03-24T11:59:02+00:00","og_image":[{"width":2560,"height":1707,"url":"https:\/\/agrupacionespsoe.es\/melilla\/wp-content\/uploads\/sites\/120\/2025\/03\/24_03_2025_RMoh-scaled.jpg","type":"image\/jpeg"}],"author":"melilla2","twitter_card":"summary_large_image","twitter_misc":{"Escrito por":"melilla2","Tiempo de lectura":"3 minutos"},"schema":{"@context":"https:\/\/schema.org","@graph":[{"@type":"Article","@id":"https:\/\/agrupacionespsoe.es\/melilla\/el-psoe-destaca-la-inversion-historica-en-educacion-del-gobierno-de-espana\/#article","isPartOf":{"@id":"https:\/\/agrupacionespsoe.es\/melilla\/el-psoe-destaca-la-inversion-historica-en-educacion-del-gobierno-de-espana\/"},"author":{"name":"melilla2","@id":"https:\/\/agrupacionespsoe.es\/melilla\/#\/schema\/person\/72bb3075a827d0ed0623682b96c92bd6"},"headline":"El PSOE destaca la inversi\u00f3n \u201chist\u00f3rica\u201d en educaci\u00f3n del Gobierno de Espa\u00f1a","datePublished":"2025-03-24T11:59:01+00:00","dateModified":"2025-03-24T11:59:02+00:00","mainEntityOfPage":{"@id":"https:\/\/agrupacionespsoe.es\/melilla\/el-psoe-destaca-la-inversion-historica-en-educacion-del-gobierno-de-espana\/"},"wordCount":593,"commentCount":0,"publisher":{"@id":"https:\/\/agrupacionespsoe.es\/melilla\/#organization"},"image":{"@id":"https:\/\/agrupacionespsoe.es\/melilla\/el-psoe-destaca-la-inversion-historica-en-educacion-del-gobierno-de-espana\/#primaryimage"},"thumbnailUrl":"https:\/\/agrupacionespsoe.es\/melilla\/wp-content\/uploads\/sites\/120\/2025\/03\/24_03_2025_RMoh-scaled.jpg","inLanguage":"es","potentialAction":[{"@type":"CommentAction","name":"Comment","target":["https:\/\/agrupacionespsoe.es\/melilla\/el-psoe-destaca-la-inversion-historica-en-educacion-del-gobierno-de-espana\/#respond"]}]},{"@type":"WebPage","@id":"https:\/\/agrupacionespsoe.es\/melilla\/el-psoe-destaca-la-inversion-historica-en-educacion-del-gobierno-de-espana\/","url":"https:\/\/agrupacionespsoe.es\/melilla\/el-psoe-destaca-la-inversion-historica-en-educacion-del-gobierno-de-espana\/","name":"El PSOE destaca la inversi\u00f3n \u201chist\u00f3rica\u201d en educaci\u00f3n del Gobierno de Espa\u00f1a - Agrupaci\u00f3n Socialista de Melilla","isPartOf":{"@id":"https:\/\/agrupacionespsoe.es\/melilla\/#website"},"primaryImageOfPage":{"@id":"https:\/\/agrupacionespsoe.es\/melilla\/el-psoe-destaca-la-inversion-historica-en-educacion-del-gobierno-de-espana\/#primaryimage"},"image":{"@id":"https:\/\/agrupacionespsoe.es\/melilla\/el-psoe-destaca-la-inversion-historica-en-educacion-del-gobierno-de-espana\/#primaryimage"},"thumbnailUrl":"https:\/\/agrupacionespsoe.es\/melilla\/wp-content\/uploads\/sites\/120\/2025\/03\/24_03_2025_RMoh-scaled.jpg","datePublished":"2025-03-24T11:59:01+00:00","dateModified":"2025-03-24T11:59:02+00:00","breadcrumb":{"@id":"https:\/\/agrupacionespsoe.es\/melilla\/el-psoe-destaca-la-inversion-historica-en-educacion-del-gobierno-de-espana\/#breadcrumb"},"inLanguage":"es","potentialAction":[{"@type":"ReadAction","target":["https:\/\/agrupacionespsoe.es\/melilla\/el-psoe-destaca-la-inversion-historica-en-educacion-del-gobierno-de-espana\/"]}]},{"@type":"ImageObject","inLanguage":"es","@id":"https:\/\/agrupacionespsoe.es\/melilla\/el-psoe-destaca-la-inversion-historica-en-educacion-del-gobierno-de-espana\/#primaryimage","url":"https:\/\/agrupacionespsoe.es\/melilla\/wp-content\/uploads\/sites\/120\/2025\/03\/24_03_2025_RMoh-scaled.jpg","contentUrl":"https:\/\/agrupacionespsoe.es\/melilla\/wp-content\/uploads\/sites\/120\/2025\/03\/24_03_2025_RMoh-scaled.jpg","width":2560,"height":1707},{"@type":"BreadcrumbList","@id":"https:\/\/agrupacionespsoe.es\/melilla\/el-psoe-destaca-la-inversion-historica-en-educacion-del-gobierno-de-espana\/#breadcrumb","itemListElement":[{"@type":"ListItem","position":1,"name":"Portada","item":"https:\/\/agrupacionespsoe.es\/melilla\/"},{"@type":"ListItem","position":2,"name":"El PSOE destaca la inversi\u00f3n \u201chist\u00f3rica\u201d en educaci\u00f3n del Gobierno de Espa\u00f1a"}]},{"@type":"WebSite","@id":"https:\/\/agrupacionespsoe.es\/melilla\/#website","url":"https:\/\/agrupacionespsoe.es\/melilla\/","name":"Agrupaci\u00f3n Socialista de Melilla","description":"Agrupaci\u00f3n Socialista de Melilla","publisher":{"@id":"https:\/\/agrupacionespsoe.es\/melilla\/#organization"},"potentialAction":[{"@type":"SearchAction","target":{"@type":"EntryPoint","urlTemplate":"https:\/\/agrupacionespsoe.es\/melilla\/?s={search_term_string}"},"query-input":{"@type":"PropertyValueSpecification","valueRequired":true,"valueName":"search_term_string"}}],"inLanguage":"es"},{"@type":"Organization","@id":"https:\/\/agrupacionespsoe.es\/melilla\/#organization","name":"Agrupaci\u00f3n Socialista de Melilla","url":"https:\/\/agrupacionespsoe.es\/melilla\/","logo":{"@type":"ImageObject","inLanguage":"es","@id":"https:\/\/agrupacionespsoe.es\/melilla\/#\/schema\/logo\/image\/","url":"https:\/\/agrupacionespsoe.es\/wp-content\/uploads\/2022\/07\/Logotipo_electoral_del_PSOE.png","contentUrl":"https:\/\/agrupacionespsoe.es\/wp-content\/uploads\/2022\/07\/Logotipo_electoral_del_PSOE.png","width":422,"height":422,"caption":"Agrupaci\u00f3n Socialista de Melilla"},"image":{"@id":"https:\/\/agrupacionespsoe.es\/melilla\/#\/schema\/logo\/image\/"}},{"@type":"Person","@id":"https:\/\/agrupacionespsoe.es\/melilla\/#\/schema\/person\/72bb3075a827d0ed0623682b96c92bd6","name":"melilla2","image":{"@type":"ImageObject","inLanguage":"es","@id":"https:\/\/agrupacionespsoe.es\/melilla\/#\/schema\/person\/image\/","url":"https:\/\/secure.gravatar.com\/avatar\/489a178e794e59f00db13a448aabca16?s=96&d=mm&r=g","contentUrl":"https:\/\/secure.gravatar.com\/avatar\/489a178e794e59f00db13a448aabca16?s=96&d=mm&r=g","caption":"melilla2"},"url":"https:\/\/agrupacionespsoe.es\/melilla\/author\/melilla2\/"}]}},"jetpack_featured_media_url":"https:\/\/agrupacionespsoe.es\/melilla\/wp-content\/uploads\/sites\/120\/2025\/03\/24_03_2025_RMoh-scaled.jpg","jetpack_sharing_enabled":true,"_links":{"self":[{"href":"https:\/\/agrupacionespsoe.es\/melilla\/wp-json\/wp\/v2\/posts\/1666","targetHints":{"allow":["GET"]}}],"collection":[{"href":"https:\/\/agrupacionespsoe.es\/melilla\/wp-json\/wp\/v2\/posts"}],"about":[{"href":"https:\/\/agrupacionespsoe.es\/melilla\/wp-json\/wp\/v2\/types\/post"}],"author":[{"embeddable":true,"href":"https:\/\/agrupacionespsoe.es\/melilla\/wp-json\/wp\/v2\/users\/187"}],"replies":[{"embeddable":true,"href":"https:\/\/agrupacionespsoe.es\/melilla\/wp-json\/wp\/v2\/comments?post=1666"}],"version-history":[{"count":1,"href":"https:\/\/agrupacionespsoe.es\/melilla\/wp-json\/wp\/v2\/posts\/1666\/revisions"}],"predecessor-version":[{"id":1668,"href":"https:\/\/agrupacionespsoe.es\/melilla\/wp-json\/wp\/v2\/posts\/1666\/revisions\/1668"}],"wp:featuredmedia":[{"embeddable":true,"href":"https:\/\/agrupacionespsoe.es\/melilla\/wp-json\/wp\/v2\/media\/1667"}],"wp:attachment":[{"href":"https:\/\/agrupacionespsoe.es\/melilla\/wp-json\/wp\/v2\/media?parent=1666"}],"wp:term":[{"taxonomy":"category","embeddable":true,"href":"https:\/\/agrupacionespsoe.es\/melilla\/wp-json\/wp\/v2\/categories?post=1666"},{"taxonomy":"post_tag","embeddable":true,"href":"https:\/\/agrupacionespsoe.es\/melilla\/wp-json\/wp\/v2\/tags?post=1666"}],"curies":[{"name":"wp","href":"https:\/\/api.w.org\/{rel}","templated":true}]}}