{"id":1597,"date":"2025-02-16T18:38:13","date_gmt":"2025-02-16T18:38:13","guid":{"rendered":"https:\/\/agrupacionespsoe.es\/melilla\/?p=1597"},"modified":"2025-02-16T18:38:15","modified_gmt":"2025-02-16T18:38:15","slug":"el-psoe-exige-a-la-ciudad-que-rescinda-de-una-vez-el-contrato-con-alvalop","status":"publish","type":"post","link":"https:\/\/agrupacionespsoe.es\/melilla\/el-psoe-exige-a-la-ciudad-que-rescinda-de-una-vez-el-contrato-con-alvalop\/","title":{"rendered":"El PSOE exige a la Ciudad que rescinda \u201cde una vez\u201d el contrato con Alvalop"},"content":{"rendered":"\n<p><strong>Recuerda que los trabajadores de las ludotecas llevan sufriendo un a\u00f1o por culpa de la inacci\u00f3n del Gobierno Imbroda<\/strong><\/p>\n\n\n\n<p>El Partido Socialista de Melilla ha alzado nuevamente su voz para denunciar la \u201cgrave situaci\u00f3n\u201d que atraviesan los trabajadores de los centros socioeducativos, conocidos como ludotecas, quienes llevan un a\u00f1o sufriendo retrasos e impagos en sus n\u00f3minas. El Portavoz de la Comisi\u00f3n Ejecutiva Regional, Rafael Robles, ha exigido a la Ciudad Aut\u00f3noma que expediente \u201cde una vez por todas\u201d a Alvalop, la empresa responsable.<\/p>\n\n\n\n<p>Robles ha manifestado su profunda preocupaci\u00f3n por la persistencia de esta problem\u00e1tica, que afecta a decenas de familias y pone en riesgo la estabilidad de un servicio fundamental para la comunidad de Melilla.<\/p>\n\n\n\n<p>\u201cLos trabajadores y las trabajadoras de los centros socioeducativos siguen exigiendo el pago de sus n\u00f3minas adeudadas. Una situaci\u00f3n que vienen sufriendo desde hace un a\u00f1o, con continuos retrasos e impagos\u201d, ha declarado.<\/p>\n\n\n\n<p>De esta manera, el portavoz socialista ha recordado que ya en el Pleno de Control del 28 de junio del pasado a\u00f1o, el PSOE advirti\u00f3 sobre la falta de solvencia de la empresa Alvalop, encargada de la gesti\u00f3n de las ludotecas, como principal causa de los problemas de impagos y retrasos que sufr\u00edan los trabajadores. \u201cYa advertimos que ese problema iba a continuar\u201d, ha apuntado.<\/p>\n\n\n\n<p>Sin embargo, a pesar de las advertencias de los socialistas, el Gobierno de Imbroda neg\u00f3 que la situaci\u00f3n pudiera empeorar y no tom\u00f3 medidas para expedientar a la empresa por incumplir sus obligaciones laborales, ni la excluy\u00f3 del concurso.<\/p>\n\n\n\n<p>\u201cNo quisieron expedientar a la empresa por incumplir sus obligaciones laborales, tampoco la dejaron fuera del concurso. Y ha sido la propia inacci\u00f3n del gobierno la que ha provocado esta angustiosa situaci\u00f3n. Se\u00f1ores del PP, \u00bfa qu\u00e9 est\u00e1n esperando?\u201d, ha criticado Robles.<\/p>\n\n\n\n<p>Ante la gravedad de la situaci\u00f3n, el PSOE exige a la Consejer\u00eda de Pol\u00edticas Sociales que rescinda de una vez el contrato con Alvalop, una empresa que, seg\u00fan Robles, \u201cno ha hecho m\u00e1s que maltratar a sus empleados\u201d.<\/p>\n\n\n\n<p>\u201cComo ya hemos hecho desde el principio, los socialistas mostramos nuestro apoyo y solidaridad con estos trabajadores y exigimos a la Consejer\u00eda de Pol\u00edticas Sociales que rescinda de una vez el contrato con Alvalop\u201d, ha afirmado.<\/p>\n\n\n\n<p>El portavoz socialista ha instado al Gobierno de Imbroda a dejar de lado los anuncios y las puestas de primera piedra, y a centrarse \u201cde una vez por todas a velar por el inter\u00e9s y bienestar de la ciudadan\u00eda\u201d.<\/p>\n\n\n\n<p>De este modo, el PSOE de Melilla reitera su compromiso con los trabajadores de las ludotecas y continuar\u00e1 exigiendo soluciones urgentes para garantizar el pago de sus n\u00f3minas y la estabilidad de sus puestos de trabajo.<\/p>\n","protected":false},"excerpt":{"rendered":"<p>Recuerda que los trabajadores de las ludotecas llevan sufriendo un a\u00f1o por culpa de la inacci\u00f3n del Gobierno Imbroda El Partido Socialista de Melilla ha alzado nuevamente su voz para denunciar la \u201cgrave situaci\u00f3n\u201d que atraviesan los trabajadores de los centros socioeducativos, conocidos como ludotecas, quienes llevan un a\u00f1o sufriendo retrasos e impagos en sus &#8230;<\/p>\n","protected":false},"author":187,"featured_media":1598,"comment_status":"open","ping_status":"open","sticky":false,"template":"","format":"standard","meta":{"_jetpack_memberships_contains_paid_content":false,"footnotes":""},"categories":[1],"tags":[],"class_list":["post-1597","post","type-post","status-publish","format-standard","has-post-thumbnail","hentry","category-sin-categoria"],"yoast_head":"<!-- This site is optimized with the Yoast SEO plugin v24.0 - https:\/\/yoast.com\/wordpress\/plugins\/seo\/ -->\n<title>El PSOE exige a la Ciudad que rescinda \u201cde una vez\u201d el contrato con Alvalop - Agrupaci\u00f3n Socialista de Melilla<\/title>\n<meta name=\"robots\" content=\"index, follow, max-snippet:-1, max-image-preview:large, max-video-preview:-1\" \/>\n<link rel=\"canonical\" href=\"https:\/\/agrupacionespsoe.es\/melilla\/el-psoe-exige-a-la-ciudad-que-rescinda-de-una-vez-el-contrato-con-alvalop\/\" \/>\n<meta property=\"og:locale\" content=\"es_ES\" \/>\n<meta property=\"og:type\" content=\"article\" \/>\n<meta property=\"og:title\" content=\"El PSOE exige a la Ciudad que rescinda \u201cde una vez\u201d el contrato con Alvalop - Agrupaci\u00f3n Socialista de Melilla\" \/>\n<meta property=\"og:description\" content=\"Recuerda que los trabajadores de las ludotecas llevan sufriendo un a\u00f1o por culpa de la inacci\u00f3n del Gobierno Imbroda El Partido Socialista de Melilla ha alzado nuevamente su voz para denunciar la \u201cgrave situaci\u00f3n\u201d que atraviesan los trabajadores de los centros socioeducativos, conocidos como ludotecas, quienes llevan un a\u00f1o sufriendo retrasos e impagos en sus ...\" \/>\n<meta property=\"og:url\" content=\"https:\/\/agrupacionespsoe.es\/melilla\/el-psoe-exige-a-la-ciudad-que-rescinda-de-una-vez-el-contrato-con-alvalop\/\" \/>\n<meta property=\"og:site_name\" content=\"Agrupaci\u00f3n Socialista de Melilla\" \/>\n<meta property=\"article:published_time\" content=\"2025-02-16T18:38:13+00:00\" \/>\n<meta property=\"article:modified_time\" content=\"2025-02-16T18:38:15+00:00\" \/>\n<meta property=\"og:image\" content=\"https:\/\/agrupacionespsoe.es\/melilla\/wp-content\/uploads\/sites\/120\/2025\/02\/476650421_1046431344193209_578989204221345793_n.jpg\" \/>\n\t<meta property=\"og:image:width\" content=\"2048\" \/>\n\t<meta property=\"og:image:height\" content=\"1154\" \/>\n\t<meta property=\"og:image:type\" content=\"image\/jpeg\" \/>\n<meta name=\"author\" content=\"melilla2\" \/>\n<meta name=\"twitter:card\" content=\"summary_large_image\" \/>\n<meta name=\"twitter:label1\" content=\"Escrito por\" \/>\n\t<meta name=\"twitter:data1\" content=\"melilla2\" \/>\n\t<meta name=\"twitter:label2\" content=\"Tiempo de lectura\" \/>\n\t<meta name=\"twitter:data2\" content=\"3 minutos\" \/>\n<script type=\"application\/ld+json\" class=\"yoast-schema-graph\">{\"@context\":\"https:\/\/schema.org\",\"@graph\":[{\"@type\":\"Article\",\"@id\":\"https:\/\/agrupacionespsoe.es\/melilla\/el-psoe-exige-a-la-ciudad-que-rescinda-de-una-vez-el-contrato-con-alvalop\/#article\",\"isPartOf\":{\"@id\":\"https:\/\/agrupacionespsoe.es\/melilla\/el-psoe-exige-a-la-ciudad-que-rescinda-de-una-vez-el-contrato-con-alvalop\/\"},\"author\":{\"name\":\"melilla2\",\"@id\":\"https:\/\/agrupacionespsoe.es\/melilla\/#\/schema\/person\/72bb3075a827d0ed0623682b96c92bd6\"},\"headline\":\"El PSOE exige a la Ciudad que rescinda \u201cde una vez\u201d el contrato con Alvalop\",\"datePublished\":\"2025-02-16T18:38:13+00:00\",\"dateModified\":\"2025-02-16T18:38:15+00:00\",\"mainEntityOfPage\":{\"@id\":\"https:\/\/agrupacionespsoe.es\/melilla\/el-psoe-exige-a-la-ciudad-que-rescinda-de-una-vez-el-contrato-con-alvalop\/\"},\"wordCount\":488,\"commentCount\":0,\"publisher\":{\"@id\":\"https:\/\/agrupacionespsoe.es\/melilla\/#organization\"},\"image\":{\"@id\":\"https:\/\/agrupacionespsoe.es\/melilla\/el-psoe-exige-a-la-ciudad-que-rescinda-de-una-vez-el-contrato-con-alvalop\/#primaryimage\"},\"thumbnailUrl\":\"https:\/\/agrupacionespsoe.es\/melilla\/wp-content\/uploads\/sites\/120\/2025\/02\/476650421_1046431344193209_578989204221345793_n.jpg\",\"inLanguage\":\"es\",\"potentialAction\":[{\"@type\":\"CommentAction\",\"name\":\"Comment\",\"target\":[\"https:\/\/agrupacionespsoe.es\/melilla\/el-psoe-exige-a-la-ciudad-que-rescinda-de-una-vez-el-contrato-con-alvalop\/#respond\"]}]},{\"@type\":\"WebPage\",\"@id\":\"https:\/\/agrupacionespsoe.es\/melilla\/el-psoe-exige-a-la-ciudad-que-rescinda-de-una-vez-el-contrato-con-alvalop\/\",\"url\":\"https:\/\/agrupacionespsoe.es\/melilla\/el-psoe-exige-a-la-ciudad-que-rescinda-de-una-vez-el-contrato-con-alvalop\/\",\"name\":\"El PSOE exige a la Ciudad que rescinda \u201cde una vez\u201d el contrato con Alvalop - Agrupaci\u00f3n Socialista de Melilla\",\"isPartOf\":{\"@id\":\"https:\/\/agrupacionespsoe.es\/melilla\/#website\"},\"primaryImageOfPage\":{\"@id\":\"https:\/\/agrupacionespsoe.es\/melilla\/el-psoe-exige-a-la-ciudad-que-rescinda-de-una-vez-el-contrato-con-alvalop\/#primaryimage\"},\"image\":{\"@id\":\"https:\/\/agrupacionespsoe.es\/melilla\/el-psoe-exige-a-la-ciudad-que-rescinda-de-una-vez-el-contrato-con-alvalop\/#primaryimage\"},\"thumbnailUrl\":\"https:\/\/agrupacionespsoe.es\/melilla\/wp-content\/uploads\/sites\/120\/2025\/02\/476650421_1046431344193209_578989204221345793_n.jpg\",\"datePublished\":\"2025-02-16T18:38:13+00:00\",\"dateModified\":\"2025-02-16T18:38:15+00:00\",\"breadcrumb\":{\"@id\":\"https:\/\/agrupacionespsoe.es\/melilla\/el-psoe-exige-a-la-ciudad-que-rescinda-de-una-vez-el-contrato-con-alvalop\/#breadcrumb\"},\"inLanguage\":\"es\",\"potentialAction\":[{\"@type\":\"ReadAction\",\"target\":[\"https:\/\/agrupacionespsoe.es\/melilla\/el-psoe-exige-a-la-ciudad-que-rescinda-de-una-vez-el-contrato-con-alvalop\/\"]}]},{\"@type\":\"ImageObject\",\"inLanguage\":\"es\",\"@id\":\"https:\/\/agrupacionespsoe.es\/melilla\/el-psoe-exige-a-la-ciudad-que-rescinda-de-una-vez-el-contrato-con-alvalop\/#primaryimage\",\"url\":\"https:\/\/agrupacionespsoe.es\/melilla\/wp-content\/uploads\/sites\/120\/2025\/02\/476650421_1046431344193209_578989204221345793_n.jpg\",\"contentUrl\":\"https:\/\/agrupacionespsoe.es\/melilla\/wp-content\/uploads\/sites\/120\/2025\/02\/476650421_1046431344193209_578989204221345793_n.jpg\",\"width\":2048,\"height\":1154},{\"@type\":\"BreadcrumbList\",\"@id\":\"https:\/\/agrupacionespsoe.es\/melilla\/el-psoe-exige-a-la-ciudad-que-rescinda-de-una-vez-el-contrato-con-alvalop\/#breadcrumb\",\"itemListElement\":[{\"@type\":\"ListItem\",\"position\":1,\"name\":\"Portada\",\"item\":\"https:\/\/agrupacionespsoe.es\/melilla\/\"},{\"@type\":\"ListItem\",\"position\":2,\"name\":\"El PSOE exige a la Ciudad que rescinda \u201cde una vez\u201d el contrato con Alvalop\"}]},{\"@type\":\"WebSite\",\"@id\":\"https:\/\/agrupacionespsoe.es\/melilla\/#website\",\"url\":\"https:\/\/agrupacionespsoe.es\/melilla\/\",\"name\":\"Agrupaci\u00f3n Socialista de Melilla\",\"description\":\"Agrupaci\u00f3n Socialista de Melilla\",\"publisher\":{\"@id\":\"https:\/\/agrupacionespsoe.es\/melilla\/#organization\"},\"potentialAction\":[{\"@type\":\"SearchAction\",\"target\":{\"@type\":\"EntryPoint\",\"urlTemplate\":\"https:\/\/agrupacionespsoe.es\/melilla\/?s={search_term_string}\"},\"query-input\":{\"@type\":\"PropertyValueSpecification\",\"valueRequired\":true,\"valueName\":\"search_term_string\"}}],\"inLanguage\":\"es\"},{\"@type\":\"Organization\",\"@id\":\"https:\/\/agrupacionespsoe.es\/melilla\/#organization\",\"name\":\"Agrupaci\u00f3n Socialista de Melilla\",\"url\":\"https:\/\/agrupacionespsoe.es\/melilla\/\",\"logo\":{\"@type\":\"ImageObject\",\"inLanguage\":\"es\",\"@id\":\"https:\/\/agrupacionespsoe.es\/melilla\/#\/schema\/logo\/image\/\",\"url\":\"https:\/\/agrupacionespsoe.es\/wp-content\/uploads\/2022\/07\/Logotipo_electoral_del_PSOE.png\",\"contentUrl\":\"https:\/\/agrupacionespsoe.es\/wp-content\/uploads\/2022\/07\/Logotipo_electoral_del_PSOE.png\",\"width\":422,\"height\":422,\"caption\":\"Agrupaci\u00f3n Socialista de Melilla\"},\"image\":{\"@id\":\"https:\/\/agrupacionespsoe.es\/melilla\/#\/schema\/logo\/image\/\"}},{\"@type\":\"Person\",\"@id\":\"https:\/\/agrupacionespsoe.es\/melilla\/#\/schema\/person\/72bb3075a827d0ed0623682b96c92bd6\",\"name\":\"melilla2\",\"image\":{\"@type\":\"ImageObject\",\"inLanguage\":\"es\",\"@id\":\"https:\/\/agrupacionespsoe.es\/melilla\/#\/schema\/person\/image\/\",\"url\":\"https:\/\/secure.gravatar.com\/avatar\/489a178e794e59f00db13a448aabca16?s=96&d=mm&r=g\",\"contentUrl\":\"https:\/\/secure.gravatar.com\/avatar\/489a178e794e59f00db13a448aabca16?s=96&d=mm&r=g\",\"caption\":\"melilla2\"},\"url\":\"https:\/\/agrupacionespsoe.es\/melilla\/author\/melilla2\/\"}]}<\/script>\n<!-- \/ Yoast SEO plugin. -->","yoast_head_json":{"title":"El PSOE exige a la Ciudad que rescinda \u201cde una vez\u201d el contrato con Alvalop - Agrupaci\u00f3n Socialista de Melilla","robots":{"index":"index","follow":"follow","max-snippet":"max-snippet:-1","max-image-preview":"max-image-preview:large","max-video-preview":"max-video-preview:-1"},"canonical":"https:\/\/agrupacionespsoe.es\/melilla\/el-psoe-exige-a-la-ciudad-que-rescinda-de-una-vez-el-contrato-con-alvalop\/","og_locale":"es_ES","og_type":"article","og_title":"El PSOE exige a la Ciudad que rescinda \u201cde una vez\u201d el contrato con Alvalop - Agrupaci\u00f3n Socialista de Melilla","og_description":"Recuerda que los trabajadores de las ludotecas llevan sufriendo un a\u00f1o por culpa de la inacci\u00f3n del Gobierno Imbroda El Partido Socialista de Melilla ha alzado nuevamente su voz para denunciar la \u201cgrave situaci\u00f3n\u201d que atraviesan los trabajadores de los centros socioeducativos, conocidos como ludotecas, quienes llevan un a\u00f1o sufriendo retrasos e impagos en sus ...","og_url":"https:\/\/agrupacionespsoe.es\/melilla\/el-psoe-exige-a-la-ciudad-que-rescinda-de-una-vez-el-contrato-con-alvalop\/","og_site_name":"Agrupaci\u00f3n Socialista de Melilla","article_published_time":"2025-02-16T18:38:13+00:00","article_modified_time":"2025-02-16T18:38:15+00:00","og_image":[{"width":2048,"height":1154,"url":"https:\/\/agrupacionespsoe.es\/melilla\/wp-content\/uploads\/sites\/120\/2025\/02\/476650421_1046431344193209_578989204221345793_n.jpg","type":"image\/jpeg"}],"author":"melilla2","twitter_card":"summary_large_image","twitter_misc":{"Escrito por":"melilla2","Tiempo de lectura":"3 minutos"},"schema":{"@context":"https:\/\/schema.org","@graph":[{"@type":"Article","@id":"https:\/\/agrupacionespsoe.es\/melilla\/el-psoe-exige-a-la-ciudad-que-rescinda-de-una-vez-el-contrato-con-alvalop\/#article","isPartOf":{"@id":"https:\/\/agrupacionespsoe.es\/melilla\/el-psoe-exige-a-la-ciudad-que-rescinda-de-una-vez-el-contrato-con-alvalop\/"},"author":{"name":"melilla2","@id":"https:\/\/agrupacionespsoe.es\/melilla\/#\/schema\/person\/72bb3075a827d0ed0623682b96c92bd6"},"headline":"El PSOE exige a la Ciudad que rescinda \u201cde una vez\u201d el contrato con Alvalop","datePublished":"2025-02-16T18:38:13+00:00","dateModified":"2025-02-16T18:38:15+00:00","mainEntityOfPage":{"@id":"https:\/\/agrupacionespsoe.es\/melilla\/el-psoe-exige-a-la-ciudad-que-rescinda-de-una-vez-el-contrato-con-alvalop\/"},"wordCount":488,"commentCount":0,"publisher":{"@id":"https:\/\/agrupacionespsoe.es\/melilla\/#organization"},"image":{"@id":"https:\/\/agrupacionespsoe.es\/melilla\/el-psoe-exige-a-la-ciudad-que-rescinda-de-una-vez-el-contrato-con-alvalop\/#primaryimage"},"thumbnailUrl":"https:\/\/agrupacionespsoe.es\/melilla\/wp-content\/uploads\/sites\/120\/2025\/02\/476650421_1046431344193209_578989204221345793_n.jpg","inLanguage":"es","potentialAction":[{"@type":"CommentAction","name":"Comment","target":["https:\/\/agrupacionespsoe.es\/melilla\/el-psoe-exige-a-la-ciudad-que-rescinda-de-una-vez-el-contrato-con-alvalop\/#respond"]}]},{"@type":"WebPage","@id":"https:\/\/agrupacionespsoe.es\/melilla\/el-psoe-exige-a-la-ciudad-que-rescinda-de-una-vez-el-contrato-con-alvalop\/","url":"https:\/\/agrupacionespsoe.es\/melilla\/el-psoe-exige-a-la-ciudad-que-rescinda-de-una-vez-el-contrato-con-alvalop\/","name":"El PSOE exige a la Ciudad que rescinda \u201cde una vez\u201d el contrato con Alvalop - Agrupaci\u00f3n Socialista de Melilla","isPartOf":{"@id":"https:\/\/agrupacionespsoe.es\/melilla\/#website"},"primaryImageOfPage":{"@id":"https:\/\/agrupacionespsoe.es\/melilla\/el-psoe-exige-a-la-ciudad-que-rescinda-de-una-vez-el-contrato-con-alvalop\/#primaryimage"},"image":{"@id":"https:\/\/agrupacionespsoe.es\/melilla\/el-psoe-exige-a-la-ciudad-que-rescinda-de-una-vez-el-contrato-con-alvalop\/#primaryimage"},"thumbnailUrl":"https:\/\/agrupacionespsoe.es\/melilla\/wp-content\/uploads\/sites\/120\/2025\/02\/476650421_1046431344193209_578989204221345793_n.jpg","datePublished":"2025-02-16T18:38:13+00:00","dateModified":"2025-02-16T18:38:15+00:00","breadcrumb":{"@id":"https:\/\/agrupacionespsoe.es\/melilla\/el-psoe-exige-a-la-ciudad-que-rescinda-de-una-vez-el-contrato-con-alvalop\/#breadcrumb"},"inLanguage":"es","potentialAction":[{"@type":"ReadAction","target":["https:\/\/agrupacionespsoe.es\/melilla\/el-psoe-exige-a-la-ciudad-que-rescinda-de-una-vez-el-contrato-con-alvalop\/"]}]},{"@type":"ImageObject","inLanguage":"es","@id":"https:\/\/agrupacionespsoe.es\/melilla\/el-psoe-exige-a-la-ciudad-que-rescinda-de-una-vez-el-contrato-con-alvalop\/#primaryimage","url":"https:\/\/agrupacionespsoe.es\/melilla\/wp-content\/uploads\/sites\/120\/2025\/02\/476650421_1046431344193209_578989204221345793_n.jpg","contentUrl":"https:\/\/agrupacionespsoe.es\/melilla\/wp-content\/uploads\/sites\/120\/2025\/02\/476650421_1046431344193209_578989204221345793_n.jpg","width":2048,"height":1154},{"@type":"BreadcrumbList","@id":"https:\/\/agrupacionespsoe.es\/melilla\/el-psoe-exige-a-la-ciudad-que-rescinda-de-una-vez-el-contrato-con-alvalop\/#breadcrumb","itemListElement":[{"@type":"ListItem","position":1,"name":"Portada","item":"https:\/\/agrupacionespsoe.es\/melilla\/"},{"@type":"ListItem","position":2,"name":"El PSOE exige a la Ciudad que rescinda \u201cde una vez\u201d el contrato con Alvalop"}]},{"@type":"WebSite","@id":"https:\/\/agrupacionespsoe.es\/melilla\/#website","url":"https:\/\/agrupacionespsoe.es\/melilla\/","name":"Agrupaci\u00f3n Socialista de Melilla","description":"Agrupaci\u00f3n Socialista de Melilla","publisher":{"@id":"https:\/\/agrupacionespsoe.es\/melilla\/#organization"},"potentialAction":[{"@type":"SearchAction","target":{"@type":"EntryPoint","urlTemplate":"https:\/\/agrupacionespsoe.es\/melilla\/?s={search_term_string}"},"query-input":{"@type":"PropertyValueSpecification","valueRequired":true,"valueName":"search_term_string"}}],"inLanguage":"es"},{"@type":"Organization","@id":"https:\/\/agrupacionespsoe.es\/melilla\/#organization","name":"Agrupaci\u00f3n Socialista de Melilla","url":"https:\/\/agrupacionespsoe.es\/melilla\/","logo":{"@type":"ImageObject","inLanguage":"es","@id":"https:\/\/agrupacionespsoe.es\/melilla\/#\/schema\/logo\/image\/","url":"https:\/\/agrupacionespsoe.es\/wp-content\/uploads\/2022\/07\/Logotipo_electoral_del_PSOE.png","contentUrl":"https:\/\/agrupacionespsoe.es\/wp-content\/uploads\/2022\/07\/Logotipo_electoral_del_PSOE.png","width":422,"height":422,"caption":"Agrupaci\u00f3n Socialista de Melilla"},"image":{"@id":"https:\/\/agrupacionespsoe.es\/melilla\/#\/schema\/logo\/image\/"}},{"@type":"Person","@id":"https:\/\/agrupacionespsoe.es\/melilla\/#\/schema\/person\/72bb3075a827d0ed0623682b96c92bd6","name":"melilla2","image":{"@type":"ImageObject","inLanguage":"es","@id":"https:\/\/agrupacionespsoe.es\/melilla\/#\/schema\/person\/image\/","url":"https:\/\/secure.gravatar.com\/avatar\/489a178e794e59f00db13a448aabca16?s=96&d=mm&r=g","contentUrl":"https:\/\/secure.gravatar.com\/avatar\/489a178e794e59f00db13a448aabca16?s=96&d=mm&r=g","caption":"melilla2"},"url":"https:\/\/agrupacionespsoe.es\/melilla\/author\/melilla2\/"}]}},"jetpack_featured_media_url":"https:\/\/agrupacionespsoe.es\/melilla\/wp-content\/uploads\/sites\/120\/2025\/02\/476650421_1046431344193209_578989204221345793_n.jpg","jetpack_sharing_enabled":true,"_links":{"self":[{"href":"https:\/\/agrupacionespsoe.es\/melilla\/wp-json\/wp\/v2\/posts\/1597","targetHints":{"allow":["GET"]}}],"collection":[{"href":"https:\/\/agrupacionespsoe.es\/melilla\/wp-json\/wp\/v2\/posts"}],"about":[{"href":"https:\/\/agrupacionespsoe.es\/melilla\/wp-json\/wp\/v2\/types\/post"}],"author":[{"embeddable":true,"href":"https:\/\/agrupacionespsoe.es\/melilla\/wp-json\/wp\/v2\/users\/187"}],"replies":[{"embeddable":true,"href":"https:\/\/agrupacionespsoe.es\/melilla\/wp-json\/wp\/v2\/comments?post=1597"}],"version-history":[{"count":1,"href":"https:\/\/agrupacionespsoe.es\/melilla\/wp-json\/wp\/v2\/posts\/1597\/revisions"}],"predecessor-version":[{"id":1599,"href":"https:\/\/agrupacionespsoe.es\/melilla\/wp-json\/wp\/v2\/posts\/1597\/revisions\/1599"}],"wp:featuredmedia":[{"embeddable":true,"href":"https:\/\/agrupacionespsoe.es\/melilla\/wp-json\/wp\/v2\/media\/1598"}],"wp:attachment":[{"href":"https:\/\/agrupacionespsoe.es\/melilla\/wp-json\/wp\/v2\/media?parent=1597"}],"wp:term":[{"taxonomy":"category","embeddable":true,"href":"https:\/\/agrupacionespsoe.es\/melilla\/wp-json\/wp\/v2\/categories?post=1597"},{"taxonomy":"post_tag","embeddable":true,"href":"https:\/\/agrupacionespsoe.es\/melilla\/wp-json\/wp\/v2\/tags?post=1597"}],"curies":[{"name":"wp","href":"https:\/\/api.w.org\/{rel}","templated":true}]}}