{"id":1591,"date":"2025-02-13T17:44:30","date_gmt":"2025-02-13T17:44:30","guid":{"rendered":"https:\/\/agrupacionespsoe.es\/melilla\/?p=1591"},"modified":"2025-02-13T17:44:32","modified_gmt":"2025-02-13T17:44:32","slug":"segura-todo-lo-que-depende-del-pp-en-educacion-e-igualdad-llega-tarde-y-mal","status":"publish","type":"post","link":"https:\/\/agrupacionespsoe.es\/melilla\/segura-todo-lo-que-depende-del-pp-en-educacion-e-igualdad-llega-tarde-y-mal\/","title":{"rendered":"Segura: \u201cTodo lo que depende del PP en Educaci\u00f3n e Igualdad llega tarde y mal\u201d"},"content":{"rendered":"\n<p><strong>Lamenta que \u201ccon suerte\u201d el Programa de Agentes de Coeducaci\u00f3n comenzar\u00e1 en marzo<\/strong><\/p>\n\n\n\n<p>La secretaria de Igualdad del PSOE en Melilla, Laura Segura, ha denunciado que la Ciudad Aut\u00f3noma no cumpla con su palabra y el Programa de Agentes de Coeducaci\u00f3n no comience hasta la primera semana de marzo \u201ccon suerte\u201d. \u201cEl PP sigue privatizando de un recurso educativo tan importante como este a los centros y alumnos de Melilla\u201d, ha se\u00f1alado.<\/p>\n\n\n\n<p>El Gobierno local anunci\u00f3 que durante los primeros quince d\u00edas de este mes se iba a dar continuidad al Programa de Agentes de Coeducaci\u00f3n, que ha funcionado perfectamente desde el curso 2019-2020 bajo la gesti\u00f3n del Partido Socialista. Sin embargo, Segura ha lamentado que \u00e9sta \u201cno ha sido m\u00e1s que otra de las muchas mentiras a las que nos tiene acostumbrado el Partido Popular\u201d.<\/p>\n\n\n\n<p>Desde el PSOE han informado que la adjudicaci\u00f3n de los agentes de coeducaci\u00f3n no se produjo hasta el pasado martes 11 de febrero, es decir, esta misma semana. Pero el programa no puede comenzar hasta que pasen los 15 d\u00edas h\u00e1biles desde la adjudicaci\u00f3n que marca la normativa.<\/p>\n\n\n\n<p>De esta manera, \u201ccon suerte\u201d, los centros de Melilla podr\u00e1n disponer de las agentes de coeducaci\u00f3n la primera semana de marzo. \u201cEst\u00e1 claro que el concepto de \u2018inminente\u2019 que baraja la viceconsejera de Igualdad es muy distinto\u201d, ha criticado la socialista.<\/p>\n\n\n\n<p><strong>Tarde y mal<\/strong><\/p>\n\n\n\n<p>Desde el PSOE reprochan al Gobierno local que todo lo que depende de ellos en las \u00e1reas de Educaci\u00f3n e Igualdad, y que \u201cs\u00ed son de su competencia\u201d, comienza \u201ctarde y mal\u201d. No s\u00f3lo el Programa de Agentes de Coeducaci\u00f3n llega con seis meses de retraso y casi al final del segundo trimestre, sino que los centros tambi\u00e9n han sufrido los retrasos en los libros de texto o las aulas matinales.<\/p>\n\n\n\n<p>En ese sentido, la secretaria de Igualdad considera \u201cinadmisible\u201d que los trabajadores y trabajadores del Programa de Agentes de Coeducaci\u00f3n hayan vivido todos estos meses con \u201cangustia y preocupaci\u00f3n\u201d ante la incertidumbre de si podr\u00e1n continuar desempe\u00f1ando sus funciones.<\/p>\n\n\n\n<p>\u201cOtro ejemplo m\u00e1s de la nefasta gesti\u00f3n que el Gobierno Imbroda est\u00e1 realizando esta legislatura y por la que estamos pagando todos los melillenses\u201d, ha denunciado Segura.<\/p>\n\n\n\n<p><br>Asimismo, la socialista ha afeado al Partido Popular que saque pecho de su gesti\u00f3n \u201ccuando la realidad es que todos los programas que funcionaron como un reloj con el Partido Socialista, ahora o no empiezan o lo hacen mal y tarde\u201d.<\/p>\n\n\n\n<p>\u201cHemos visto en el Debate de Estado de la Ciudad como el Gobierno de Imbroda se re\u00eda y se jactaba de su gesti\u00f3n. La realidad es muy diferente. Por mucho que se empe\u00f1en los se\u00f1ores del PP, no pueden esconder la larga lista de cosas que est\u00e1n gestionando de mala manera\u201d, ha expuesto.<\/p>\n\n\n\n<p>Por estos motivos, Segura ha instado al Partido Popular, que lleva ya m\u00e1s de a\u00f1o y medio de legislatura, a que se deje de \u201canuncios y cortinas de humo\u201d, y se ponga \u201cde una vez por todas\u201d a trabajar \u201cpor y para los melillenses\u201d.<\/p>\n","protected":false},"excerpt":{"rendered":"<p>Lamenta que \u201ccon suerte\u201d el Programa de Agentes de Coeducaci\u00f3n comenzar\u00e1 en marzo La secretaria de Igualdad del PSOE en Melilla, Laura Segura, ha denunciado que la Ciudad Aut\u00f3noma no cumpla con su palabra y el Programa de Agentes de Coeducaci\u00f3n no comience hasta la primera semana de marzo \u201ccon suerte\u201d. \u201cEl PP sigue privatizando &#8230;<\/p>\n","protected":false},"author":187,"featured_media":1592,"comment_status":"open","ping_status":"open","sticky":false,"template":"","format":"standard","meta":{"_jetpack_memberships_contains_paid_content":false,"footnotes":""},"categories":[1],"tags":[],"class_list":["post-1591","post","type-post","status-publish","format-standard","has-post-thumbnail","hentry","category-sin-categoria"],"yoast_head":"<!-- This site is optimized with the Yoast SEO plugin v24.0 - https:\/\/yoast.com\/wordpress\/plugins\/seo\/ -->\n<title>Segura: \u201cTodo lo que depende del PP en Educaci\u00f3n e Igualdad llega tarde y mal\u201d - Agrupaci\u00f3n Socialista de Melilla<\/title>\n<meta name=\"robots\" content=\"index, follow, max-snippet:-1, max-image-preview:large, max-video-preview:-1\" \/>\n<link rel=\"canonical\" href=\"https:\/\/agrupacionespsoe.es\/melilla\/segura-todo-lo-que-depende-del-pp-en-educacion-e-igualdad-llega-tarde-y-mal\/\" \/>\n<meta property=\"og:locale\" content=\"es_ES\" \/>\n<meta property=\"og:type\" content=\"article\" \/>\n<meta property=\"og:title\" content=\"Segura: \u201cTodo lo que depende del PP en Educaci\u00f3n e Igualdad llega tarde y mal\u201d - Agrupaci\u00f3n Socialista de Melilla\" \/>\n<meta property=\"og:description\" content=\"Lamenta que \u201ccon suerte\u201d el Programa de Agentes de Coeducaci\u00f3n comenzar\u00e1 en marzo La secretaria de Igualdad del PSOE en Melilla, Laura Segura, ha denunciado que la Ciudad Aut\u00f3noma no cumpla con su palabra y el Programa de Agentes de Coeducaci\u00f3n no comience hasta la primera semana de marzo \u201ccon suerte\u201d. \u201cEl PP sigue privatizando ...\" \/>\n<meta property=\"og:url\" content=\"https:\/\/agrupacionespsoe.es\/melilla\/segura-todo-lo-que-depende-del-pp-en-educacion-e-igualdad-llega-tarde-y-mal\/\" \/>\n<meta property=\"og:site_name\" content=\"Agrupaci\u00f3n Socialista de Melilla\" \/>\n<meta property=\"article:published_time\" content=\"2025-02-13T17:44:30+00:00\" \/>\n<meta property=\"article:modified_time\" content=\"2025-02-13T17:44:32+00:00\" \/>\n<meta property=\"og:image\" content=\"https:\/\/agrupacionespsoe.es\/melilla\/wp-content\/uploads\/sites\/120\/2025\/02\/WhatsApp-Image-2025-02-13-at-13.05.07.jpeg\" \/>\n\t<meta property=\"og:image:width\" content=\"2560\" \/>\n\t<meta property=\"og:image:height\" content=\"1706\" \/>\n\t<meta property=\"og:image:type\" content=\"image\/jpeg\" \/>\n<meta name=\"author\" content=\"melilla2\" \/>\n<meta name=\"twitter:card\" content=\"summary_large_image\" \/>\n<meta name=\"twitter:label1\" content=\"Escrito por\" \/>\n\t<meta name=\"twitter:data1\" content=\"melilla2\" \/>\n\t<meta name=\"twitter:label2\" content=\"Tiempo de lectura\" \/>\n\t<meta name=\"twitter:data2\" content=\"3 minutos\" \/>\n<script type=\"application\/ld+json\" class=\"yoast-schema-graph\">{\"@context\":\"https:\/\/schema.org\",\"@graph\":[{\"@type\":\"Article\",\"@id\":\"https:\/\/agrupacionespsoe.es\/melilla\/segura-todo-lo-que-depende-del-pp-en-educacion-e-igualdad-llega-tarde-y-mal\/#article\",\"isPartOf\":{\"@id\":\"https:\/\/agrupacionespsoe.es\/melilla\/segura-todo-lo-que-depende-del-pp-en-educacion-e-igualdad-llega-tarde-y-mal\/\"},\"author\":{\"name\":\"melilla2\",\"@id\":\"https:\/\/agrupacionespsoe.es\/melilla\/#\/schema\/person\/72bb3075a827d0ed0623682b96c92bd6\"},\"headline\":\"Segura: \u201cTodo lo que depende del PP en Educaci\u00f3n e Igualdad llega tarde y mal\u201d\",\"datePublished\":\"2025-02-13T17:44:30+00:00\",\"dateModified\":\"2025-02-13T17:44:32+00:00\",\"mainEntityOfPage\":{\"@id\":\"https:\/\/agrupacionespsoe.es\/melilla\/segura-todo-lo-que-depende-del-pp-en-educacion-e-igualdad-llega-tarde-y-mal\/\"},\"wordCount\":550,\"commentCount\":0,\"publisher\":{\"@id\":\"https:\/\/agrupacionespsoe.es\/melilla\/#organization\"},\"image\":{\"@id\":\"https:\/\/agrupacionespsoe.es\/melilla\/segura-todo-lo-que-depende-del-pp-en-educacion-e-igualdad-llega-tarde-y-mal\/#primaryimage\"},\"thumbnailUrl\":\"https:\/\/agrupacionespsoe.es\/melilla\/wp-content\/uploads\/sites\/120\/2025\/02\/WhatsApp-Image-2025-02-13-at-13.05.07.jpeg\",\"inLanguage\":\"es\",\"potentialAction\":[{\"@type\":\"CommentAction\",\"name\":\"Comment\",\"target\":[\"https:\/\/agrupacionespsoe.es\/melilla\/segura-todo-lo-que-depende-del-pp-en-educacion-e-igualdad-llega-tarde-y-mal\/#respond\"]}]},{\"@type\":\"WebPage\",\"@id\":\"https:\/\/agrupacionespsoe.es\/melilla\/segura-todo-lo-que-depende-del-pp-en-educacion-e-igualdad-llega-tarde-y-mal\/\",\"url\":\"https:\/\/agrupacionespsoe.es\/melilla\/segura-todo-lo-que-depende-del-pp-en-educacion-e-igualdad-llega-tarde-y-mal\/\",\"name\":\"Segura: \u201cTodo lo que depende del PP en Educaci\u00f3n e Igualdad llega tarde y mal\u201d - Agrupaci\u00f3n Socialista de Melilla\",\"isPartOf\":{\"@id\":\"https:\/\/agrupacionespsoe.es\/melilla\/#website\"},\"primaryImageOfPage\":{\"@id\":\"https:\/\/agrupacionespsoe.es\/melilla\/segura-todo-lo-que-depende-del-pp-en-educacion-e-igualdad-llega-tarde-y-mal\/#primaryimage\"},\"image\":{\"@id\":\"https:\/\/agrupacionespsoe.es\/melilla\/segura-todo-lo-que-depende-del-pp-en-educacion-e-igualdad-llega-tarde-y-mal\/#primaryimage\"},\"thumbnailUrl\":\"https:\/\/agrupacionespsoe.es\/melilla\/wp-content\/uploads\/sites\/120\/2025\/02\/WhatsApp-Image-2025-02-13-at-13.05.07.jpeg\",\"datePublished\":\"2025-02-13T17:44:30+00:00\",\"dateModified\":\"2025-02-13T17:44:32+00:00\",\"breadcrumb\":{\"@id\":\"https:\/\/agrupacionespsoe.es\/melilla\/segura-todo-lo-que-depende-del-pp-en-educacion-e-igualdad-llega-tarde-y-mal\/#breadcrumb\"},\"inLanguage\":\"es\",\"potentialAction\":[{\"@type\":\"ReadAction\",\"target\":[\"https:\/\/agrupacionespsoe.es\/melilla\/segura-todo-lo-que-depende-del-pp-en-educacion-e-igualdad-llega-tarde-y-mal\/\"]}]},{\"@type\":\"ImageObject\",\"inLanguage\":\"es\",\"@id\":\"https:\/\/agrupacionespsoe.es\/melilla\/segura-todo-lo-que-depende-del-pp-en-educacion-e-igualdad-llega-tarde-y-mal\/#primaryimage\",\"url\":\"https:\/\/agrupacionespsoe.es\/melilla\/wp-content\/uploads\/sites\/120\/2025\/02\/WhatsApp-Image-2025-02-13-at-13.05.07.jpeg\",\"contentUrl\":\"https:\/\/agrupacionespsoe.es\/melilla\/wp-content\/uploads\/sites\/120\/2025\/02\/WhatsApp-Image-2025-02-13-at-13.05.07.jpeg\",\"width\":2560,\"height\":1706},{\"@type\":\"BreadcrumbList\",\"@id\":\"https:\/\/agrupacionespsoe.es\/melilla\/segura-todo-lo-que-depende-del-pp-en-educacion-e-igualdad-llega-tarde-y-mal\/#breadcrumb\",\"itemListElement\":[{\"@type\":\"ListItem\",\"position\":1,\"name\":\"Portada\",\"item\":\"https:\/\/agrupacionespsoe.es\/melilla\/\"},{\"@type\":\"ListItem\",\"position\":2,\"name\":\"Segura: \u201cTodo lo que depende del PP en Educaci\u00f3n e Igualdad llega tarde y mal\u201d\"}]},{\"@type\":\"WebSite\",\"@id\":\"https:\/\/agrupacionespsoe.es\/melilla\/#website\",\"url\":\"https:\/\/agrupacionespsoe.es\/melilla\/\",\"name\":\"Agrupaci\u00f3n Socialista de Melilla\",\"description\":\"Agrupaci\u00f3n Socialista de Melilla\",\"publisher\":{\"@id\":\"https:\/\/agrupacionespsoe.es\/melilla\/#organization\"},\"potentialAction\":[{\"@type\":\"SearchAction\",\"target\":{\"@type\":\"EntryPoint\",\"urlTemplate\":\"https:\/\/agrupacionespsoe.es\/melilla\/?s={search_term_string}\"},\"query-input\":{\"@type\":\"PropertyValueSpecification\",\"valueRequired\":true,\"valueName\":\"search_term_string\"}}],\"inLanguage\":\"es\"},{\"@type\":\"Organization\",\"@id\":\"https:\/\/agrupacionespsoe.es\/melilla\/#organization\",\"name\":\"Agrupaci\u00f3n Socialista de Melilla\",\"url\":\"https:\/\/agrupacionespsoe.es\/melilla\/\",\"logo\":{\"@type\":\"ImageObject\",\"inLanguage\":\"es\",\"@id\":\"https:\/\/agrupacionespsoe.es\/melilla\/#\/schema\/logo\/image\/\",\"url\":\"https:\/\/agrupacionespsoe.es\/wp-content\/uploads\/2022\/07\/Logotipo_electoral_del_PSOE.png\",\"contentUrl\":\"https:\/\/agrupacionespsoe.es\/wp-content\/uploads\/2022\/07\/Logotipo_electoral_del_PSOE.png\",\"width\":422,\"height\":422,\"caption\":\"Agrupaci\u00f3n Socialista de Melilla\"},\"image\":{\"@id\":\"https:\/\/agrupacionespsoe.es\/melilla\/#\/schema\/logo\/image\/\"}},{\"@type\":\"Person\",\"@id\":\"https:\/\/agrupacionespsoe.es\/melilla\/#\/schema\/person\/72bb3075a827d0ed0623682b96c92bd6\",\"name\":\"melilla2\",\"image\":{\"@type\":\"ImageObject\",\"inLanguage\":\"es\",\"@id\":\"https:\/\/agrupacionespsoe.es\/melilla\/#\/schema\/person\/image\/\",\"url\":\"https:\/\/secure.gravatar.com\/avatar\/489a178e794e59f00db13a448aabca16?s=96&d=mm&r=g\",\"contentUrl\":\"https:\/\/secure.gravatar.com\/avatar\/489a178e794e59f00db13a448aabca16?s=96&d=mm&r=g\",\"caption\":\"melilla2\"},\"url\":\"https:\/\/agrupacionespsoe.es\/melilla\/author\/melilla2\/\"}]}<\/script>\n<!-- \/ Yoast SEO plugin. -->","yoast_head_json":{"title":"Segura: \u201cTodo lo que depende del PP en Educaci\u00f3n e Igualdad llega tarde y mal\u201d - Agrupaci\u00f3n Socialista de Melilla","robots":{"index":"index","follow":"follow","max-snippet":"max-snippet:-1","max-image-preview":"max-image-preview:large","max-video-preview":"max-video-preview:-1"},"canonical":"https:\/\/agrupacionespsoe.es\/melilla\/segura-todo-lo-que-depende-del-pp-en-educacion-e-igualdad-llega-tarde-y-mal\/","og_locale":"es_ES","og_type":"article","og_title":"Segura: \u201cTodo lo que depende del PP en Educaci\u00f3n e Igualdad llega tarde y mal\u201d - Agrupaci\u00f3n Socialista de Melilla","og_description":"Lamenta que \u201ccon suerte\u201d el Programa de Agentes de Coeducaci\u00f3n comenzar\u00e1 en marzo La secretaria de Igualdad del PSOE en Melilla, Laura Segura, ha denunciado que la Ciudad Aut\u00f3noma no cumpla con su palabra y el Programa de Agentes de Coeducaci\u00f3n no comience hasta la primera semana de marzo \u201ccon suerte\u201d. \u201cEl PP sigue privatizando ...","og_url":"https:\/\/agrupacionespsoe.es\/melilla\/segura-todo-lo-que-depende-del-pp-en-educacion-e-igualdad-llega-tarde-y-mal\/","og_site_name":"Agrupaci\u00f3n Socialista de Melilla","article_published_time":"2025-02-13T17:44:30+00:00","article_modified_time":"2025-02-13T17:44:32+00:00","og_image":[{"width":2560,"height":1706,"url":"https:\/\/agrupacionespsoe.es\/melilla\/wp-content\/uploads\/sites\/120\/2025\/02\/WhatsApp-Image-2025-02-13-at-13.05.07.jpeg","type":"image\/jpeg"}],"author":"melilla2","twitter_card":"summary_large_image","twitter_misc":{"Escrito por":"melilla2","Tiempo de lectura":"3 minutos"},"schema":{"@context":"https:\/\/schema.org","@graph":[{"@type":"Article","@id":"https:\/\/agrupacionespsoe.es\/melilla\/segura-todo-lo-que-depende-del-pp-en-educacion-e-igualdad-llega-tarde-y-mal\/#article","isPartOf":{"@id":"https:\/\/agrupacionespsoe.es\/melilla\/segura-todo-lo-que-depende-del-pp-en-educacion-e-igualdad-llega-tarde-y-mal\/"},"author":{"name":"melilla2","@id":"https:\/\/agrupacionespsoe.es\/melilla\/#\/schema\/person\/72bb3075a827d0ed0623682b96c92bd6"},"headline":"Segura: \u201cTodo lo que depende del PP en Educaci\u00f3n e Igualdad llega tarde y mal\u201d","datePublished":"2025-02-13T17:44:30+00:00","dateModified":"2025-02-13T17:44:32+00:00","mainEntityOfPage":{"@id":"https:\/\/agrupacionespsoe.es\/melilla\/segura-todo-lo-que-depende-del-pp-en-educacion-e-igualdad-llega-tarde-y-mal\/"},"wordCount":550,"commentCount":0,"publisher":{"@id":"https:\/\/agrupacionespsoe.es\/melilla\/#organization"},"image":{"@id":"https:\/\/agrupacionespsoe.es\/melilla\/segura-todo-lo-que-depende-del-pp-en-educacion-e-igualdad-llega-tarde-y-mal\/#primaryimage"},"thumbnailUrl":"https:\/\/agrupacionespsoe.es\/melilla\/wp-content\/uploads\/sites\/120\/2025\/02\/WhatsApp-Image-2025-02-13-at-13.05.07.jpeg","inLanguage":"es","potentialAction":[{"@type":"CommentAction","name":"Comment","target":["https:\/\/agrupacionespsoe.es\/melilla\/segura-todo-lo-que-depende-del-pp-en-educacion-e-igualdad-llega-tarde-y-mal\/#respond"]}]},{"@type":"WebPage","@id":"https:\/\/agrupacionespsoe.es\/melilla\/segura-todo-lo-que-depende-del-pp-en-educacion-e-igualdad-llega-tarde-y-mal\/","url":"https:\/\/agrupacionespsoe.es\/melilla\/segura-todo-lo-que-depende-del-pp-en-educacion-e-igualdad-llega-tarde-y-mal\/","name":"Segura: \u201cTodo lo que depende del PP en Educaci\u00f3n e Igualdad llega tarde y mal\u201d - Agrupaci\u00f3n Socialista de Melilla","isPartOf":{"@id":"https:\/\/agrupacionespsoe.es\/melilla\/#website"},"primaryImageOfPage":{"@id":"https:\/\/agrupacionespsoe.es\/melilla\/segura-todo-lo-que-depende-del-pp-en-educacion-e-igualdad-llega-tarde-y-mal\/#primaryimage"},"image":{"@id":"https:\/\/agrupacionespsoe.es\/melilla\/segura-todo-lo-que-depende-del-pp-en-educacion-e-igualdad-llega-tarde-y-mal\/#primaryimage"},"thumbnailUrl":"https:\/\/agrupacionespsoe.es\/melilla\/wp-content\/uploads\/sites\/120\/2025\/02\/WhatsApp-Image-2025-02-13-at-13.05.07.jpeg","datePublished":"2025-02-13T17:44:30+00:00","dateModified":"2025-02-13T17:44:32+00:00","breadcrumb":{"@id":"https:\/\/agrupacionespsoe.es\/melilla\/segura-todo-lo-que-depende-del-pp-en-educacion-e-igualdad-llega-tarde-y-mal\/#breadcrumb"},"inLanguage":"es","potentialAction":[{"@type":"ReadAction","target":["https:\/\/agrupacionespsoe.es\/melilla\/segura-todo-lo-que-depende-del-pp-en-educacion-e-igualdad-llega-tarde-y-mal\/"]}]},{"@type":"ImageObject","inLanguage":"es","@id":"https:\/\/agrupacionespsoe.es\/melilla\/segura-todo-lo-que-depende-del-pp-en-educacion-e-igualdad-llega-tarde-y-mal\/#primaryimage","url":"https:\/\/agrupacionespsoe.es\/melilla\/wp-content\/uploads\/sites\/120\/2025\/02\/WhatsApp-Image-2025-02-13-at-13.05.07.jpeg","contentUrl":"https:\/\/agrupacionespsoe.es\/melilla\/wp-content\/uploads\/sites\/120\/2025\/02\/WhatsApp-Image-2025-02-13-at-13.05.07.jpeg","width":2560,"height":1706},{"@type":"BreadcrumbList","@id":"https:\/\/agrupacionespsoe.es\/melilla\/segura-todo-lo-que-depende-del-pp-en-educacion-e-igualdad-llega-tarde-y-mal\/#breadcrumb","itemListElement":[{"@type":"ListItem","position":1,"name":"Portada","item":"https:\/\/agrupacionespsoe.es\/melilla\/"},{"@type":"ListItem","position":2,"name":"Segura: \u201cTodo lo que depende del PP en Educaci\u00f3n e Igualdad llega tarde y mal\u201d"}]},{"@type":"WebSite","@id":"https:\/\/agrupacionespsoe.es\/melilla\/#website","url":"https:\/\/agrupacionespsoe.es\/melilla\/","name":"Agrupaci\u00f3n Socialista de Melilla","description":"Agrupaci\u00f3n Socialista de Melilla","publisher":{"@id":"https:\/\/agrupacionespsoe.es\/melilla\/#organization"},"potentialAction":[{"@type":"SearchAction","target":{"@type":"EntryPoint","urlTemplate":"https:\/\/agrupacionespsoe.es\/melilla\/?s={search_term_string}"},"query-input":{"@type":"PropertyValueSpecification","valueRequired":true,"valueName":"search_term_string"}}],"inLanguage":"es"},{"@type":"Organization","@id":"https:\/\/agrupacionespsoe.es\/melilla\/#organization","name":"Agrupaci\u00f3n Socialista de Melilla","url":"https:\/\/agrupacionespsoe.es\/melilla\/","logo":{"@type":"ImageObject","inLanguage":"es","@id":"https:\/\/agrupacionespsoe.es\/melilla\/#\/schema\/logo\/image\/","url":"https:\/\/agrupacionespsoe.es\/wp-content\/uploads\/2022\/07\/Logotipo_electoral_del_PSOE.png","contentUrl":"https:\/\/agrupacionespsoe.es\/wp-content\/uploads\/2022\/07\/Logotipo_electoral_del_PSOE.png","width":422,"height":422,"caption":"Agrupaci\u00f3n Socialista de Melilla"},"image":{"@id":"https:\/\/agrupacionespsoe.es\/melilla\/#\/schema\/logo\/image\/"}},{"@type":"Person","@id":"https:\/\/agrupacionespsoe.es\/melilla\/#\/schema\/person\/72bb3075a827d0ed0623682b96c92bd6","name":"melilla2","image":{"@type":"ImageObject","inLanguage":"es","@id":"https:\/\/agrupacionespsoe.es\/melilla\/#\/schema\/person\/image\/","url":"https:\/\/secure.gravatar.com\/avatar\/489a178e794e59f00db13a448aabca16?s=96&d=mm&r=g","contentUrl":"https:\/\/secure.gravatar.com\/avatar\/489a178e794e59f00db13a448aabca16?s=96&d=mm&r=g","caption":"melilla2"},"url":"https:\/\/agrupacionespsoe.es\/melilla\/author\/melilla2\/"}]}},"jetpack_featured_media_url":"https:\/\/agrupacionespsoe.es\/melilla\/wp-content\/uploads\/sites\/120\/2025\/02\/WhatsApp-Image-2025-02-13-at-13.05.07.jpeg","jetpack_sharing_enabled":true,"_links":{"self":[{"href":"https:\/\/agrupacionespsoe.es\/melilla\/wp-json\/wp\/v2\/posts\/1591","targetHints":{"allow":["GET"]}}],"collection":[{"href":"https:\/\/agrupacionespsoe.es\/melilla\/wp-json\/wp\/v2\/posts"}],"about":[{"href":"https:\/\/agrupacionespsoe.es\/melilla\/wp-json\/wp\/v2\/types\/post"}],"author":[{"embeddable":true,"href":"https:\/\/agrupacionespsoe.es\/melilla\/wp-json\/wp\/v2\/users\/187"}],"replies":[{"embeddable":true,"href":"https:\/\/agrupacionespsoe.es\/melilla\/wp-json\/wp\/v2\/comments?post=1591"}],"version-history":[{"count":1,"href":"https:\/\/agrupacionespsoe.es\/melilla\/wp-json\/wp\/v2\/posts\/1591\/revisions"}],"predecessor-version":[{"id":1593,"href":"https:\/\/agrupacionespsoe.es\/melilla\/wp-json\/wp\/v2\/posts\/1591\/revisions\/1593"}],"wp:featuredmedia":[{"embeddable":true,"href":"https:\/\/agrupacionespsoe.es\/melilla\/wp-json\/wp\/v2\/media\/1592"}],"wp:attachment":[{"href":"https:\/\/agrupacionespsoe.es\/melilla\/wp-json\/wp\/v2\/media?parent=1591"}],"wp:term":[{"taxonomy":"category","embeddable":true,"href":"https:\/\/agrupacionespsoe.es\/melilla\/wp-json\/wp\/v2\/categories?post=1591"},{"taxonomy":"post_tag","embeddable":true,"href":"https:\/\/agrupacionespsoe.es\/melilla\/wp-json\/wp\/v2\/tags?post=1591"}],"curies":[{"name":"wp","href":"https:\/\/api.w.org\/{rel}","templated":true}]}}