{"id":1584,"date":"2025-02-11T15:31:58","date_gmt":"2025-02-11T15:31:58","guid":{"rendered":"https:\/\/agrupacionespsoe.es\/melilla\/?p=1584"},"modified":"2025-02-11T15:31:59","modified_gmt":"2025-02-11T15:31:59","slug":"el-psoe-seguira-trabajando-en-pro-de-la-igualdad-y-las-oportunidades-para-las-mujeres-en-la-ciencia","status":"publish","type":"post","link":"https:\/\/agrupacionespsoe.es\/melilla\/el-psoe-seguira-trabajando-en-pro-de-la-igualdad-y-las-oportunidades-para-las-mujeres-en-la-ciencia\/","title":{"rendered":"El PSOE seguir\u00e1 trabajando en pro de la igualdad y las oportunidades para las mujeres en la ciencia"},"content":{"rendered":"\n<p><strong>Segura: \u201cUna sociedad justa, democr\u00e1tica y digna es aquella que hace del compromiso con la igualdad su motor pol\u00edtico\u201d<\/strong><\/p>\n\n\n\n<p>La Secretaria de Igualdad del PSOE de Melilla, Laura Segura, ha subrayado el compromiso de los y las socialistas para promover \u201cde manera decidida el avance del papel y protagonismo de las mujeres en las \u00e1reas cient\u00edficas y tecnol\u00f3gicas, as\u00ed como nuestra voluntad de fomentar la incorporaci\u00f3n de las ni\u00f1as a la vocaci\u00f3n y la carrera cient\u00edfica y las conocidas como disciplinas STEM, es decir, Ciencia, Tecnolog\u00eda, Ingenier\u00eda y Matem\u00e1ticas\u201d.<\/p>\n\n\n\n<p>Con motivo del D\u00eda de la mujer y la ni\u00f1a en la ciencia, la representante de la Comisi\u00f3n Ejecutiva Regional (CER) del PSOE melillense ha dejado claro que \u201cel futuro de nuestro pa\u00eds solo se podr\u00e1 escribir de manera justa si se cuenta con las mujeres, que son la mitad de la poblaci\u00f3n\u201d.<\/p>\n\n\n\n<p>\u201cEl Gobierno de Espa\u00f1a trabaja para favorecer la igualdad y que haya oportunidades para las mujeres en los sectores STEM, las carreras que est\u00e1n llamadas a ocupar el futuro\u201d, ha apuntado y ha incidido en que reivindicar la presencia femenina en las carreras de ciencia implica fomentar la orientaci\u00f3n educativa y profesional con una perspectiva inclusiva y no sexista. \u201cLa clave para impulsar la presencia de las mujeres en estos \u00e1mbitos pasa por promover curr\u00edculos y libros de texto con referentes femeninos, rompiendo los roles y las im\u00e1genes tradicionales que llevan a las chicas a elegir sus estudios influenciadas por prejuicios de g\u00e9nero\u201d, ha argumentado.<\/p>\n\n\n\n<p>La dirigente socialista ha apuntado que promover la participaci\u00f3n de las mujeres en STEM \u201ces un paso fundamental hacia la igualdad real, haciendo posible las mismas oportunidades de contribuir y prosperar en estos campos, evitando, a su vez, desaprovechar una fuente inmensa de talento y competencia investigadora\u201d. \u201cEstamos convencidas de la importancia de la valiosa y determinante contribuci\u00f3n al desarrollo cient\u00edfico y tecnol\u00f3gico y consideramos que su ejemplo sirve como modelo a seguir para las generaciones futuras, inspirando y promoviendo la vocaci\u00f3n de las ni\u00f1as para perseguir sus intereses cient\u00edficos y tecnol\u00f3gicos, desafiando estereotipos y barreras culturales\u201d, ha recalcado.<\/p>\n\n\n\n<p>\u201cDebemos proseguir en la promoci\u00f3n de las vocaciones en las disciplinas STEM desde una edad temprana\u201d, ha agregado Segura, que ha indicado que los programas educativos que fomenten el inter\u00e9s por la ciencia y la tecnolog\u00eda, con la mentor\u00eda de mujeres profesionales y el reconocimiento de sus contribuciones y \u00e9xitos, \u201cayudan a cambiar la percepci\u00f3n de que estos campos son exclusivamente masculinos y motivan a m\u00e1s ni\u00f1as a seguir sus pasos\u201d.<\/p>\n\n\n\n<p><strong>Perspectiva de g\u00e9nero<\/strong><\/p>\n\n\n\n<p>En palabras de Segura, la nueva Ley de la Ciencia, la Tecnolog\u00eda y la Innovaci\u00f3n (CTI), as\u00ed como la gesti\u00f3n del Gobierno de Pedro S\u00e1nchez en materia de ciencia e innovaci\u00f3n, promueven, refuerzan e incluyen medidas desde la perspectiva de g\u00e9nero. \u201cSe trata ya no solo de incorporar a las mujeres a la ciencia en igualdad, sino de hacer de la ciencia y la tecnolog\u00eda un espacio de igualdad\u201d, ha apuntado.<\/p>\n\n\n\n<p>Por ello, ha aseverado que gracias a estas medidas y a la ley se implementan acciones como el establecimiento del Plan de Igualdad y los protocolos frente al acoso sexual con car\u00e1cter obligatorio para entidades de I+D+I del Sector P\u00fablico Estatal. Adem\u00e1s, garantiza la igualdad de oportunidades en procesos de selecci\u00f3n y evaluaci\u00f3n, asegura la composici\u00f3n equilibrada de hombres y mujeres en comit\u00e9s de evaluaci\u00f3n y premios, tomando medidas para evitar los sesgos de g\u00e9nero y garantizando que no se penalicen en las evaluaciones de m\u00e9ritos los tiempos dedicados al cuidado o la maternidad, fomentando medidas concretas para estimular la participaci\u00f3n de mujeres en equipos de I+D.<\/p>\n\n\n\n<p>No solo eso, sino que adem\u00e1s, refuerza la perspectiva de g\u00e9nero en el contenido de la investigaci\u00f3n y la transferencia del conocimiento, promoviendo tambi\u00e9n estudios de g\u00e9nero desde una visi\u00f3n inclusiva y transversal e incorporando dicha perspectiva a los instrumentos m\u00e1s importantes de planificaci\u00f3n para la CTI.<\/p>\n\n\n\n<p>\u201cLa igualdad en el empleo en el \u00e1mbito cient\u00edfico y tecnol\u00f3gico es un asunto central en la Ley de Ciencia, ya que crea un distintivo de igualdad de entre hombres y mujeres en I+D+I para acreditar y reconocer a los centros de I+D+I con pol\u00edticas de igualdad destacadas\u201d, ha apostillado. Asimismo, ha asegurado que la ley ampl\u00eda los derechos por todos los supuestos relacionados con el tiempo dedicado a los cuidados.<\/p>\n\n\n\n<p>\u201cEl PSOE celebra todos estos grandes avances legislativos y las pol\u00edticas en el \u00e1mbito de la ciencia y la innovaci\u00f3n que Espa\u00f1a ha dado con la nueva Ley de Ciencia hacia la igualdad efectiva entre mujeres y hombres en el \u00e1mbito cient\u00edfico y tecnol\u00f3gico\u201d, se ha congratulado.<\/p>\n\n\n\n<p>\u201cEl compromiso feminista del Partido Socialista est\u00e1 presente en cada instituci\u00f3n porque una sociedad justa, democr\u00e1tica y digna es aquella que hace del compromiso con la igualdad su motor pol\u00edtico\u201d, ha asegurado.<\/p>\n","protected":false},"excerpt":{"rendered":"<p>Segura: \u201cUna sociedad justa, democr\u00e1tica y digna es aquella que hace del compromiso con la igualdad su motor pol\u00edtico\u201d La Secretaria de Igualdad del PSOE de Melilla, Laura Segura, ha subrayado el compromiso de los y las socialistas para promover \u201cde manera decidida el avance del papel y protagonismo de las mujeres en las \u00e1reas &#8230;<\/p>\n","protected":false},"author":187,"featured_media":1585,"comment_status":"open","ping_status":"open","sticky":false,"template":"","format":"standard","meta":{"_jetpack_memberships_contains_paid_content":false,"footnotes":""},"categories":[1],"tags":[],"class_list":["post-1584","post","type-post","status-publish","format-standard","has-post-thumbnail","hentry","category-sin-categoria"],"yoast_head":"<!-- This site is optimized with the Yoast SEO plugin v24.0 - https:\/\/yoast.com\/wordpress\/plugins\/seo\/ -->\n<title>El PSOE seguir\u00e1 trabajando en pro de la igualdad y las oportunidades para las mujeres en la ciencia - Agrupaci\u00f3n Socialista de Melilla<\/title>\n<meta name=\"robots\" content=\"index, follow, max-snippet:-1, max-image-preview:large, max-video-preview:-1\" \/>\n<link rel=\"canonical\" href=\"https:\/\/agrupacionespsoe.es\/melilla\/el-psoe-seguira-trabajando-en-pro-de-la-igualdad-y-las-oportunidades-para-las-mujeres-en-la-ciencia\/\" \/>\n<meta property=\"og:locale\" content=\"es_ES\" \/>\n<meta property=\"og:type\" content=\"article\" \/>\n<meta property=\"og:title\" content=\"El PSOE seguir\u00e1 trabajando en pro de la igualdad y las oportunidades para las mujeres en la ciencia - Agrupaci\u00f3n Socialista de Melilla\" \/>\n<meta property=\"og:description\" content=\"Segura: \u201cUna sociedad justa, democr\u00e1tica y digna es aquella que hace del compromiso con la igualdad su motor pol\u00edtico\u201d La Secretaria de Igualdad del PSOE de Melilla, Laura Segura, ha subrayado el compromiso de los y las socialistas para promover \u201cde manera decidida el avance del papel y protagonismo de las mujeres en las \u00e1reas ...\" \/>\n<meta property=\"og:url\" content=\"https:\/\/agrupacionespsoe.es\/melilla\/el-psoe-seguira-trabajando-en-pro-de-la-igualdad-y-las-oportunidades-para-las-mujeres-en-la-ciencia\/\" \/>\n<meta property=\"og:site_name\" content=\"Agrupaci\u00f3n Socialista de Melilla\" \/>\n<meta property=\"article:published_time\" content=\"2025-02-11T15:31:58+00:00\" \/>\n<meta property=\"article:modified_time\" content=\"2025-02-11T15:31:59+00:00\" \/>\n<meta property=\"og:image\" content=\"https:\/\/agrupacionespsoe.es\/melilla\/wp-content\/uploads\/sites\/120\/2025\/02\/WhatsApp-Image-2025-02-11-at-13.53.12.jpeg\" \/>\n\t<meta property=\"og:image:width\" content=\"1600\" \/>\n\t<meta property=\"og:image:height\" content=\"1066\" \/>\n\t<meta property=\"og:image:type\" content=\"image\/jpeg\" \/>\n<meta name=\"author\" content=\"melilla2\" \/>\n<meta name=\"twitter:card\" content=\"summary_large_image\" \/>\n<meta name=\"twitter:label1\" content=\"Escrito por\" \/>\n\t<meta name=\"twitter:data1\" content=\"melilla2\" \/>\n\t<meta name=\"twitter:label2\" content=\"Tiempo de lectura\" \/>\n\t<meta name=\"twitter:data2\" content=\"4 minutos\" \/>\n<script type=\"application\/ld+json\" class=\"yoast-schema-graph\">{\"@context\":\"https:\/\/schema.org\",\"@graph\":[{\"@type\":\"Article\",\"@id\":\"https:\/\/agrupacionespsoe.es\/melilla\/el-psoe-seguira-trabajando-en-pro-de-la-igualdad-y-las-oportunidades-para-las-mujeres-en-la-ciencia\/#article\",\"isPartOf\":{\"@id\":\"https:\/\/agrupacionespsoe.es\/melilla\/el-psoe-seguira-trabajando-en-pro-de-la-igualdad-y-las-oportunidades-para-las-mujeres-en-la-ciencia\/\"},\"author\":{\"name\":\"melilla2\",\"@id\":\"https:\/\/agrupacionespsoe.es\/melilla\/#\/schema\/person\/72bb3075a827d0ed0623682b96c92bd6\"},\"headline\":\"El PSOE seguir\u00e1 trabajando en pro de la igualdad y las oportunidades para las mujeres en la ciencia\",\"datePublished\":\"2025-02-11T15:31:58+00:00\",\"dateModified\":\"2025-02-11T15:31:59+00:00\",\"mainEntityOfPage\":{\"@id\":\"https:\/\/agrupacionespsoe.es\/melilla\/el-psoe-seguira-trabajando-en-pro-de-la-igualdad-y-las-oportunidades-para-las-mujeres-en-la-ciencia\/\"},\"wordCount\":896,\"commentCount\":0,\"publisher\":{\"@id\":\"https:\/\/agrupacionespsoe.es\/melilla\/#organization\"},\"image\":{\"@id\":\"https:\/\/agrupacionespsoe.es\/melilla\/el-psoe-seguira-trabajando-en-pro-de-la-igualdad-y-las-oportunidades-para-las-mujeres-en-la-ciencia\/#primaryimage\"},\"thumbnailUrl\":\"https:\/\/agrupacionespsoe.es\/melilla\/wp-content\/uploads\/sites\/120\/2025\/02\/WhatsApp-Image-2025-02-11-at-13.53.12.jpeg\",\"inLanguage\":\"es\",\"potentialAction\":[{\"@type\":\"CommentAction\",\"name\":\"Comment\",\"target\":[\"https:\/\/agrupacionespsoe.es\/melilla\/el-psoe-seguira-trabajando-en-pro-de-la-igualdad-y-las-oportunidades-para-las-mujeres-en-la-ciencia\/#respond\"]}]},{\"@type\":\"WebPage\",\"@id\":\"https:\/\/agrupacionespsoe.es\/melilla\/el-psoe-seguira-trabajando-en-pro-de-la-igualdad-y-las-oportunidades-para-las-mujeres-en-la-ciencia\/\",\"url\":\"https:\/\/agrupacionespsoe.es\/melilla\/el-psoe-seguira-trabajando-en-pro-de-la-igualdad-y-las-oportunidades-para-las-mujeres-en-la-ciencia\/\",\"name\":\"El PSOE seguir\u00e1 trabajando en pro de la igualdad y las oportunidades para las mujeres en la ciencia - Agrupaci\u00f3n Socialista de Melilla\",\"isPartOf\":{\"@id\":\"https:\/\/agrupacionespsoe.es\/melilla\/#website\"},\"primaryImageOfPage\":{\"@id\":\"https:\/\/agrupacionespsoe.es\/melilla\/el-psoe-seguira-trabajando-en-pro-de-la-igualdad-y-las-oportunidades-para-las-mujeres-en-la-ciencia\/#primaryimage\"},\"image\":{\"@id\":\"https:\/\/agrupacionespsoe.es\/melilla\/el-psoe-seguira-trabajando-en-pro-de-la-igualdad-y-las-oportunidades-para-las-mujeres-en-la-ciencia\/#primaryimage\"},\"thumbnailUrl\":\"https:\/\/agrupacionespsoe.es\/melilla\/wp-content\/uploads\/sites\/120\/2025\/02\/WhatsApp-Image-2025-02-11-at-13.53.12.jpeg\",\"datePublished\":\"2025-02-11T15:31:58+00:00\",\"dateModified\":\"2025-02-11T15:31:59+00:00\",\"breadcrumb\":{\"@id\":\"https:\/\/agrupacionespsoe.es\/melilla\/el-psoe-seguira-trabajando-en-pro-de-la-igualdad-y-las-oportunidades-para-las-mujeres-en-la-ciencia\/#breadcrumb\"},\"inLanguage\":\"es\",\"potentialAction\":[{\"@type\":\"ReadAction\",\"target\":[\"https:\/\/agrupacionespsoe.es\/melilla\/el-psoe-seguira-trabajando-en-pro-de-la-igualdad-y-las-oportunidades-para-las-mujeres-en-la-ciencia\/\"]}]},{\"@type\":\"ImageObject\",\"inLanguage\":\"es\",\"@id\":\"https:\/\/agrupacionespsoe.es\/melilla\/el-psoe-seguira-trabajando-en-pro-de-la-igualdad-y-las-oportunidades-para-las-mujeres-en-la-ciencia\/#primaryimage\",\"url\":\"https:\/\/agrupacionespsoe.es\/melilla\/wp-content\/uploads\/sites\/120\/2025\/02\/WhatsApp-Image-2025-02-11-at-13.53.12.jpeg\",\"contentUrl\":\"https:\/\/agrupacionespsoe.es\/melilla\/wp-content\/uploads\/sites\/120\/2025\/02\/WhatsApp-Image-2025-02-11-at-13.53.12.jpeg\",\"width\":1600,\"height\":1066},{\"@type\":\"BreadcrumbList\",\"@id\":\"https:\/\/agrupacionespsoe.es\/melilla\/el-psoe-seguira-trabajando-en-pro-de-la-igualdad-y-las-oportunidades-para-las-mujeres-en-la-ciencia\/#breadcrumb\",\"itemListElement\":[{\"@type\":\"ListItem\",\"position\":1,\"name\":\"Portada\",\"item\":\"https:\/\/agrupacionespsoe.es\/melilla\/\"},{\"@type\":\"ListItem\",\"position\":2,\"name\":\"El PSOE seguir\u00e1 trabajando en pro de la igualdad y las oportunidades para las mujeres en la ciencia\"}]},{\"@type\":\"WebSite\",\"@id\":\"https:\/\/agrupacionespsoe.es\/melilla\/#website\",\"url\":\"https:\/\/agrupacionespsoe.es\/melilla\/\",\"name\":\"Agrupaci\u00f3n Socialista de Melilla\",\"description\":\"Agrupaci\u00f3n Socialista de Melilla\",\"publisher\":{\"@id\":\"https:\/\/agrupacionespsoe.es\/melilla\/#organization\"},\"potentialAction\":[{\"@type\":\"SearchAction\",\"target\":{\"@type\":\"EntryPoint\",\"urlTemplate\":\"https:\/\/agrupacionespsoe.es\/melilla\/?s={search_term_string}\"},\"query-input\":{\"@type\":\"PropertyValueSpecification\",\"valueRequired\":true,\"valueName\":\"search_term_string\"}}],\"inLanguage\":\"es\"},{\"@type\":\"Organization\",\"@id\":\"https:\/\/agrupacionespsoe.es\/melilla\/#organization\",\"name\":\"Agrupaci\u00f3n Socialista de Melilla\",\"url\":\"https:\/\/agrupacionespsoe.es\/melilla\/\",\"logo\":{\"@type\":\"ImageObject\",\"inLanguage\":\"es\",\"@id\":\"https:\/\/agrupacionespsoe.es\/melilla\/#\/schema\/logo\/image\/\",\"url\":\"https:\/\/agrupacionespsoe.es\/wp-content\/uploads\/2022\/07\/Logotipo_electoral_del_PSOE.png\",\"contentUrl\":\"https:\/\/agrupacionespsoe.es\/wp-content\/uploads\/2022\/07\/Logotipo_electoral_del_PSOE.png\",\"width\":422,\"height\":422,\"caption\":\"Agrupaci\u00f3n Socialista de Melilla\"},\"image\":{\"@id\":\"https:\/\/agrupacionespsoe.es\/melilla\/#\/schema\/logo\/image\/\"}},{\"@type\":\"Person\",\"@id\":\"https:\/\/agrupacionespsoe.es\/melilla\/#\/schema\/person\/72bb3075a827d0ed0623682b96c92bd6\",\"name\":\"melilla2\",\"image\":{\"@type\":\"ImageObject\",\"inLanguage\":\"es\",\"@id\":\"https:\/\/agrupacionespsoe.es\/melilla\/#\/schema\/person\/image\/\",\"url\":\"https:\/\/secure.gravatar.com\/avatar\/489a178e794e59f00db13a448aabca16?s=96&d=mm&r=g\",\"contentUrl\":\"https:\/\/secure.gravatar.com\/avatar\/489a178e794e59f00db13a448aabca16?s=96&d=mm&r=g\",\"caption\":\"melilla2\"},\"url\":\"https:\/\/agrupacionespsoe.es\/melilla\/author\/melilla2\/\"}]}<\/script>\n<!-- \/ Yoast SEO plugin. -->","yoast_head_json":{"title":"El PSOE seguir\u00e1 trabajando en pro de la igualdad y las oportunidades para las mujeres en la ciencia - Agrupaci\u00f3n Socialista de Melilla","robots":{"index":"index","follow":"follow","max-snippet":"max-snippet:-1","max-image-preview":"max-image-preview:large","max-video-preview":"max-video-preview:-1"},"canonical":"https:\/\/agrupacionespsoe.es\/melilla\/el-psoe-seguira-trabajando-en-pro-de-la-igualdad-y-las-oportunidades-para-las-mujeres-en-la-ciencia\/","og_locale":"es_ES","og_type":"article","og_title":"El PSOE seguir\u00e1 trabajando en pro de la igualdad y las oportunidades para las mujeres en la ciencia - Agrupaci\u00f3n Socialista de Melilla","og_description":"Segura: \u201cUna sociedad justa, democr\u00e1tica y digna es aquella que hace del compromiso con la igualdad su motor pol\u00edtico\u201d La Secretaria de Igualdad del PSOE de Melilla, Laura Segura, ha subrayado el compromiso de los y las socialistas para promover \u201cde manera decidida el avance del papel y protagonismo de las mujeres en las \u00e1reas ...","og_url":"https:\/\/agrupacionespsoe.es\/melilla\/el-psoe-seguira-trabajando-en-pro-de-la-igualdad-y-las-oportunidades-para-las-mujeres-en-la-ciencia\/","og_site_name":"Agrupaci\u00f3n Socialista de Melilla","article_published_time":"2025-02-11T15:31:58+00:00","article_modified_time":"2025-02-11T15:31:59+00:00","og_image":[{"width":1600,"height":1066,"url":"https:\/\/agrupacionespsoe.es\/melilla\/wp-content\/uploads\/sites\/120\/2025\/02\/WhatsApp-Image-2025-02-11-at-13.53.12.jpeg","type":"image\/jpeg"}],"author":"melilla2","twitter_card":"summary_large_image","twitter_misc":{"Escrito por":"melilla2","Tiempo de lectura":"4 minutos"},"schema":{"@context":"https:\/\/schema.org","@graph":[{"@type":"Article","@id":"https:\/\/agrupacionespsoe.es\/melilla\/el-psoe-seguira-trabajando-en-pro-de-la-igualdad-y-las-oportunidades-para-las-mujeres-en-la-ciencia\/#article","isPartOf":{"@id":"https:\/\/agrupacionespsoe.es\/melilla\/el-psoe-seguira-trabajando-en-pro-de-la-igualdad-y-las-oportunidades-para-las-mujeres-en-la-ciencia\/"},"author":{"name":"melilla2","@id":"https:\/\/agrupacionespsoe.es\/melilla\/#\/schema\/person\/72bb3075a827d0ed0623682b96c92bd6"},"headline":"El PSOE seguir\u00e1 trabajando en pro de la igualdad y las oportunidades para las mujeres en la ciencia","datePublished":"2025-02-11T15:31:58+00:00","dateModified":"2025-02-11T15:31:59+00:00","mainEntityOfPage":{"@id":"https:\/\/agrupacionespsoe.es\/melilla\/el-psoe-seguira-trabajando-en-pro-de-la-igualdad-y-las-oportunidades-para-las-mujeres-en-la-ciencia\/"},"wordCount":896,"commentCount":0,"publisher":{"@id":"https:\/\/agrupacionespsoe.es\/melilla\/#organization"},"image":{"@id":"https:\/\/agrupacionespsoe.es\/melilla\/el-psoe-seguira-trabajando-en-pro-de-la-igualdad-y-las-oportunidades-para-las-mujeres-en-la-ciencia\/#primaryimage"},"thumbnailUrl":"https:\/\/agrupacionespsoe.es\/melilla\/wp-content\/uploads\/sites\/120\/2025\/02\/WhatsApp-Image-2025-02-11-at-13.53.12.jpeg","inLanguage":"es","potentialAction":[{"@type":"CommentAction","name":"Comment","target":["https:\/\/agrupacionespsoe.es\/melilla\/el-psoe-seguira-trabajando-en-pro-de-la-igualdad-y-las-oportunidades-para-las-mujeres-en-la-ciencia\/#respond"]}]},{"@type":"WebPage","@id":"https:\/\/agrupacionespsoe.es\/melilla\/el-psoe-seguira-trabajando-en-pro-de-la-igualdad-y-las-oportunidades-para-las-mujeres-en-la-ciencia\/","url":"https:\/\/agrupacionespsoe.es\/melilla\/el-psoe-seguira-trabajando-en-pro-de-la-igualdad-y-las-oportunidades-para-las-mujeres-en-la-ciencia\/","name":"El PSOE seguir\u00e1 trabajando en pro de la igualdad y las oportunidades para las mujeres en la ciencia - Agrupaci\u00f3n Socialista de Melilla","isPartOf":{"@id":"https:\/\/agrupacionespsoe.es\/melilla\/#website"},"primaryImageOfPage":{"@id":"https:\/\/agrupacionespsoe.es\/melilla\/el-psoe-seguira-trabajando-en-pro-de-la-igualdad-y-las-oportunidades-para-las-mujeres-en-la-ciencia\/#primaryimage"},"image":{"@id":"https:\/\/agrupacionespsoe.es\/melilla\/el-psoe-seguira-trabajando-en-pro-de-la-igualdad-y-las-oportunidades-para-las-mujeres-en-la-ciencia\/#primaryimage"},"thumbnailUrl":"https:\/\/agrupacionespsoe.es\/melilla\/wp-content\/uploads\/sites\/120\/2025\/02\/WhatsApp-Image-2025-02-11-at-13.53.12.jpeg","datePublished":"2025-02-11T15:31:58+00:00","dateModified":"2025-02-11T15:31:59+00:00","breadcrumb":{"@id":"https:\/\/agrupacionespsoe.es\/melilla\/el-psoe-seguira-trabajando-en-pro-de-la-igualdad-y-las-oportunidades-para-las-mujeres-en-la-ciencia\/#breadcrumb"},"inLanguage":"es","potentialAction":[{"@type":"ReadAction","target":["https:\/\/agrupacionespsoe.es\/melilla\/el-psoe-seguira-trabajando-en-pro-de-la-igualdad-y-las-oportunidades-para-las-mujeres-en-la-ciencia\/"]}]},{"@type":"ImageObject","inLanguage":"es","@id":"https:\/\/agrupacionespsoe.es\/melilla\/el-psoe-seguira-trabajando-en-pro-de-la-igualdad-y-las-oportunidades-para-las-mujeres-en-la-ciencia\/#primaryimage","url":"https:\/\/agrupacionespsoe.es\/melilla\/wp-content\/uploads\/sites\/120\/2025\/02\/WhatsApp-Image-2025-02-11-at-13.53.12.jpeg","contentUrl":"https:\/\/agrupacionespsoe.es\/melilla\/wp-content\/uploads\/sites\/120\/2025\/02\/WhatsApp-Image-2025-02-11-at-13.53.12.jpeg","width":1600,"height":1066},{"@type":"BreadcrumbList","@id":"https:\/\/agrupacionespsoe.es\/melilla\/el-psoe-seguira-trabajando-en-pro-de-la-igualdad-y-las-oportunidades-para-las-mujeres-en-la-ciencia\/#breadcrumb","itemListElement":[{"@type":"ListItem","position":1,"name":"Portada","item":"https:\/\/agrupacionespsoe.es\/melilla\/"},{"@type":"ListItem","position":2,"name":"El PSOE seguir\u00e1 trabajando en pro de la igualdad y las oportunidades para las mujeres en la ciencia"}]},{"@type":"WebSite","@id":"https:\/\/agrupacionespsoe.es\/melilla\/#website","url":"https:\/\/agrupacionespsoe.es\/melilla\/","name":"Agrupaci\u00f3n Socialista de Melilla","description":"Agrupaci\u00f3n Socialista de Melilla","publisher":{"@id":"https:\/\/agrupacionespsoe.es\/melilla\/#organization"},"potentialAction":[{"@type":"SearchAction","target":{"@type":"EntryPoint","urlTemplate":"https:\/\/agrupacionespsoe.es\/melilla\/?s={search_term_string}"},"query-input":{"@type":"PropertyValueSpecification","valueRequired":true,"valueName":"search_term_string"}}],"inLanguage":"es"},{"@type":"Organization","@id":"https:\/\/agrupacionespsoe.es\/melilla\/#organization","name":"Agrupaci\u00f3n Socialista de Melilla","url":"https:\/\/agrupacionespsoe.es\/melilla\/","logo":{"@type":"ImageObject","inLanguage":"es","@id":"https:\/\/agrupacionespsoe.es\/melilla\/#\/schema\/logo\/image\/","url":"https:\/\/agrupacionespsoe.es\/wp-content\/uploads\/2022\/07\/Logotipo_electoral_del_PSOE.png","contentUrl":"https:\/\/agrupacionespsoe.es\/wp-content\/uploads\/2022\/07\/Logotipo_electoral_del_PSOE.png","width":422,"height":422,"caption":"Agrupaci\u00f3n Socialista de Melilla"},"image":{"@id":"https:\/\/agrupacionespsoe.es\/melilla\/#\/schema\/logo\/image\/"}},{"@type":"Person","@id":"https:\/\/agrupacionespsoe.es\/melilla\/#\/schema\/person\/72bb3075a827d0ed0623682b96c92bd6","name":"melilla2","image":{"@type":"ImageObject","inLanguage":"es","@id":"https:\/\/agrupacionespsoe.es\/melilla\/#\/schema\/person\/image\/","url":"https:\/\/secure.gravatar.com\/avatar\/489a178e794e59f00db13a448aabca16?s=96&d=mm&r=g","contentUrl":"https:\/\/secure.gravatar.com\/avatar\/489a178e794e59f00db13a448aabca16?s=96&d=mm&r=g","caption":"melilla2"},"url":"https:\/\/agrupacionespsoe.es\/melilla\/author\/melilla2\/"}]}},"jetpack_featured_media_url":"https:\/\/agrupacionespsoe.es\/melilla\/wp-content\/uploads\/sites\/120\/2025\/02\/WhatsApp-Image-2025-02-11-at-13.53.12.jpeg","jetpack_sharing_enabled":true,"_links":{"self":[{"href":"https:\/\/agrupacionespsoe.es\/melilla\/wp-json\/wp\/v2\/posts\/1584","targetHints":{"allow":["GET"]}}],"collection":[{"href":"https:\/\/agrupacionespsoe.es\/melilla\/wp-json\/wp\/v2\/posts"}],"about":[{"href":"https:\/\/agrupacionespsoe.es\/melilla\/wp-json\/wp\/v2\/types\/post"}],"author":[{"embeddable":true,"href":"https:\/\/agrupacionespsoe.es\/melilla\/wp-json\/wp\/v2\/users\/187"}],"replies":[{"embeddable":true,"href":"https:\/\/agrupacionespsoe.es\/melilla\/wp-json\/wp\/v2\/comments?post=1584"}],"version-history":[{"count":1,"href":"https:\/\/agrupacionespsoe.es\/melilla\/wp-json\/wp\/v2\/posts\/1584\/revisions"}],"predecessor-version":[{"id":1586,"href":"https:\/\/agrupacionespsoe.es\/melilla\/wp-json\/wp\/v2\/posts\/1584\/revisions\/1586"}],"wp:featuredmedia":[{"embeddable":true,"href":"https:\/\/agrupacionespsoe.es\/melilla\/wp-json\/wp\/v2\/media\/1585"}],"wp:attachment":[{"href":"https:\/\/agrupacionespsoe.es\/melilla\/wp-json\/wp\/v2\/media?parent=1584"}],"wp:term":[{"taxonomy":"category","embeddable":true,"href":"https:\/\/agrupacionespsoe.es\/melilla\/wp-json\/wp\/v2\/categories?post=1584"},{"taxonomy":"post_tag","embeddable":true,"href":"https:\/\/agrupacionespsoe.es\/melilla\/wp-json\/wp\/v2\/tags?post=1584"}],"curies":[{"name":"wp","href":"https:\/\/api.w.org\/{rel}","templated":true}]}}