{"id":1581,"date":"2025-02-10T09:56:32","date_gmt":"2025-02-10T09:56:32","guid":{"rendered":"https:\/\/agrupacionespsoe.es\/melilla\/?p=1581"},"modified":"2025-02-10T09:56:33","modified_gmt":"2025-02-10T09:56:33","slug":"el-psoe-insta-a-la-ciudad-para-que-cumpla-su-promesa-de-crear-un-plan-de-empleo-joven","status":"publish","type":"post","link":"https:\/\/agrupacionespsoe.es\/melilla\/el-psoe-insta-a-la-ciudad-para-que-cumpla-su-promesa-de-crear-un-plan-de-empleo-joven\/","title":{"rendered":"El PSOE\u00a0insta\u00a0a la Ciudad\u00a0para que cumpla su promesa de crear un Plan de Empleo Joven"},"content":{"rendered":"\n<p>\u200b<\/p>\n\n\n\n<p><strong>Recuerdan que, a pesar de que el SEPE diera el visto bueno, el Gobierno Imbroda&nbsp;<\/strong><strong>sigue sin contestar<\/strong><strong>&nbsp;para llevarlo a cabo<\/strong><\/p>\n\n\n\n<p>El Grupo Municipal Socialista ha presentado una moci\u00f3n para&nbsp;que la Ciudad Aut\u00f3noma ponga en marcha un Plan de Empleo Joven en colaboraci\u00f3n con el Servicio Estatal P\u00fablico de Empleo (SEPE).&nbsp;<\/p>\n\n\n\n<p>El&nbsp;diputado de la Asamblea,&nbsp;Riduan&nbsp;Moh, ha&nbsp;expuesto quee<a><\/a>l crecimiento de las cifras de&nbsp;desempleo&nbsp;en menores de 30 a\u00f1os y el aumento de los costes&nbsp;de vida,&nbsp;son&nbsp;\u201cgrandes barreras que&nbsp;impiden a&nbsp;los j\u00f3venes comenzar a desarrollarse profesionalmente y emanciparse\u201d.&nbsp;\u201cNo podemos dejar pasar ning\u00fan proyecto que&nbsp;mejore las posibilidades reales de mejorar la empleabilidad&nbsp;entre los j\u00f3venes melillenses\u201d, ha hecho hincapi\u00e9.<\/p>\n\n\n\n<p>Moh&nbsp;ha puesto&nbsp;en valor&nbsp;los \u201cenormes esfuerzos que el Gobierno de Espa\u00f1a hace para fomentar el empleo en nuestra ciudad\u201d.&nbsp;As\u00ed, ha destacado que gracias a la gesti\u00f3n de la Delegada del Gobierno en Melilla, Sabrina&nbsp;Moh, este a\u00f1o 2025 m\u00e1s de 2.300&nbsp;desempleados&nbsp;vayan a contar condos planes de empleo&nbsp;por valor&nbsp;26 millones de euros, \u201cse trata de una cifra hist\u00f3rica y una apuesta sin precedentes por las pol\u00edticas activas de empleo en nuestra ciudad\u201d.<\/p>\n\n\n\n<p>Por ello, los&nbsp;socialistas&nbsp;han insistido a la Ciudad Aut\u00f3noma para que cumplan lo prometido en noviembre de 2024, cuando ofrecieron 5 millones de euros al SEPE para crear un Plan de Empleo Joven con fondos propios. \u201cPese al visto bueno del SEPE, esto no se lleg\u00f3 a materializar porque el Gobierno de la Ciudad nunca respondi\u00f3 al ente p\u00fablico\u201d, ha criticado.<\/p>\n\n\n\n<p>\u201cDada la situaci\u00f3n actual, esta medida permitir\u00eda que los j\u00f3venes desempleados adquieran las habilidades y experiencia necesaria para facilitar su entrada y permanencia en el mercado laboral\u201d, ha&nbsp;recalcado.<\/p>\n\n\n\n<p>\u201cNo podemos permitirnos desperdiciar cualquieraportaci\u00f3n que pueda mejorar la calidad de vida de los melillenses\u201d, ha&nbsp;dejado claro.&nbsp;En este sentido,&nbsp;ha&nbsp;acentuado&nbsp;la&nbsp;\u201cimperiosa necesidad\u201d&nbsp;de que la juventud melillense \u201ctome el relevo\u201d de las anteriores generaciones y aporte el \u201cimpulso vital\u201d que Melilla necesita para afrontar los retos a los que se enfrenta actualmente.&nbsp;<\/p>\n\n\n\n<p>\u201cEs fundamental una mejora de&nbsp;los empleos a los que acceder, pero tambi\u00e9n&nbsp;el acceso a unas pr\u00e1cticas que mejoren el curr\u00edculum de nuestros j\u00f3venes y consigan ser m\u00e1s competitivos en el mercado laboral\u201d, ha subrayado.<\/p>\n","protected":false},"excerpt":{"rendered":"<p>\u200b Recuerdan que, a pesar de que el SEPE diera el visto bueno, el Gobierno Imbroda&nbsp;sigue sin contestar&nbsp;para llevarlo a cabo El Grupo Municipal Socialista ha presentado una moci\u00f3n para&nbsp;que la Ciudad Aut\u00f3noma ponga en marcha un Plan de Empleo Joven en colaboraci\u00f3n con el Servicio Estatal P\u00fablico de Empleo (SEPE).&nbsp; El&nbsp;diputado de la Asamblea,&nbsp;Riduan&nbsp;Moh, &#8230;<\/p>\n","protected":false},"author":187,"featured_media":1583,"comment_status":"open","ping_status":"open","sticky":false,"template":"","format":"standard","meta":{"_jetpack_memberships_contains_paid_content":false,"footnotes":""},"categories":[1],"tags":[],"class_list":["post-1581","post","type-post","status-publish","format-standard","has-post-thumbnail","hentry","category-sin-categoria"],"yoast_head":"<!-- This site is optimized with the Yoast SEO plugin v24.0 - https:\/\/yoast.com\/wordpress\/plugins\/seo\/ -->\n<title>El PSOE\u00a0insta\u00a0a la Ciudad\u00a0para que cumpla su promesa de crear un Plan de Empleo Joven - Agrupaci\u00f3n Socialista de Melilla<\/title>\n<meta name=\"robots\" content=\"index, follow, max-snippet:-1, max-image-preview:large, max-video-preview:-1\" \/>\n<link rel=\"canonical\" href=\"https:\/\/agrupacionespsoe.es\/melilla\/el-psoe-insta-a-la-ciudad-para-que-cumpla-su-promesa-de-crear-un-plan-de-empleo-joven\/\" \/>\n<meta property=\"og:locale\" content=\"es_ES\" \/>\n<meta property=\"og:type\" content=\"article\" \/>\n<meta property=\"og:title\" content=\"El PSOE\u00a0insta\u00a0a la Ciudad\u00a0para que cumpla su promesa de crear un Plan de Empleo Joven - Agrupaci\u00f3n Socialista de Melilla\" \/>\n<meta property=\"og:description\" content=\"\u200b Recuerdan que, a pesar de que el SEPE diera el visto bueno, el Gobierno Imbroda&nbsp;sigue sin contestar&nbsp;para llevarlo a cabo El Grupo Municipal Socialista ha presentado una moci\u00f3n para&nbsp;que la Ciudad Aut\u00f3noma ponga en marcha un Plan de Empleo Joven en colaboraci\u00f3n con el Servicio Estatal P\u00fablico de Empleo (SEPE).&nbsp; El&nbsp;diputado de la Asamblea,&nbsp;Riduan&nbsp;Moh, ...\" \/>\n<meta property=\"og:url\" content=\"https:\/\/agrupacionespsoe.es\/melilla\/el-psoe-insta-a-la-ciudad-para-que-cumpla-su-promesa-de-crear-un-plan-de-empleo-joven\/\" \/>\n<meta property=\"og:site_name\" content=\"Agrupaci\u00f3n Socialista de Melilla\" \/>\n<meta property=\"article:published_time\" content=\"2025-02-10T09:56:32+00:00\" \/>\n<meta property=\"article:modified_time\" content=\"2025-02-10T09:56:33+00:00\" \/>\n<meta property=\"og:image\" content=\"https:\/\/agrupacionespsoe.es\/melilla\/wp-content\/uploads\/sites\/120\/2025\/02\/1f664625-c702-4aff-9fc4-5b4f3158ae17.jpeg\" \/>\n\t<meta property=\"og:image:width\" content=\"2560\" \/>\n\t<meta property=\"og:image:height\" content=\"1706\" \/>\n\t<meta property=\"og:image:type\" content=\"image\/jpeg\" \/>\n<meta name=\"author\" content=\"melilla2\" \/>\n<meta name=\"twitter:card\" content=\"summary_large_image\" \/>\n<meta name=\"twitter:label1\" content=\"Escrito por\" \/>\n\t<meta name=\"twitter:data1\" content=\"melilla2\" \/>\n\t<meta name=\"twitter:label2\" content=\"Tiempo de lectura\" \/>\n\t<meta name=\"twitter:data2\" content=\"2 minutos\" \/>\n<script type=\"application\/ld+json\" class=\"yoast-schema-graph\">{\"@context\":\"https:\/\/schema.org\",\"@graph\":[{\"@type\":\"Article\",\"@id\":\"https:\/\/agrupacionespsoe.es\/melilla\/el-psoe-insta-a-la-ciudad-para-que-cumpla-su-promesa-de-crear-un-plan-de-empleo-joven\/#article\",\"isPartOf\":{\"@id\":\"https:\/\/agrupacionespsoe.es\/melilla\/el-psoe-insta-a-la-ciudad-para-que-cumpla-su-promesa-de-crear-un-plan-de-empleo-joven\/\"},\"author\":{\"name\":\"melilla2\",\"@id\":\"https:\/\/agrupacionespsoe.es\/melilla\/#\/schema\/person\/72bb3075a827d0ed0623682b96c92bd6\"},\"headline\":\"El PSOE\u00a0insta\u00a0a la Ciudad\u00a0para que cumpla su promesa de crear un Plan de Empleo Joven\",\"datePublished\":\"2025-02-10T09:56:32+00:00\",\"dateModified\":\"2025-02-10T09:56:33+00:00\",\"mainEntityOfPage\":{\"@id\":\"https:\/\/agrupacionespsoe.es\/melilla\/el-psoe-insta-a-la-ciudad-para-que-cumpla-su-promesa-de-crear-un-plan-de-empleo-joven\/\"},\"wordCount\":457,\"commentCount\":0,\"publisher\":{\"@id\":\"https:\/\/agrupacionespsoe.es\/melilla\/#organization\"},\"image\":{\"@id\":\"https:\/\/agrupacionespsoe.es\/melilla\/el-psoe-insta-a-la-ciudad-para-que-cumpla-su-promesa-de-crear-un-plan-de-empleo-joven\/#primaryimage\"},\"thumbnailUrl\":\"https:\/\/agrupacionespsoe.es\/melilla\/wp-content\/uploads\/sites\/120\/2025\/02\/1f664625-c702-4aff-9fc4-5b4f3158ae17.jpeg\",\"inLanguage\":\"es\",\"potentialAction\":[{\"@type\":\"CommentAction\",\"name\":\"Comment\",\"target\":[\"https:\/\/agrupacionespsoe.es\/melilla\/el-psoe-insta-a-la-ciudad-para-que-cumpla-su-promesa-de-crear-un-plan-de-empleo-joven\/#respond\"]}]},{\"@type\":\"WebPage\",\"@id\":\"https:\/\/agrupacionespsoe.es\/melilla\/el-psoe-insta-a-la-ciudad-para-que-cumpla-su-promesa-de-crear-un-plan-de-empleo-joven\/\",\"url\":\"https:\/\/agrupacionespsoe.es\/melilla\/el-psoe-insta-a-la-ciudad-para-que-cumpla-su-promesa-de-crear-un-plan-de-empleo-joven\/\",\"name\":\"El PSOE\u00a0insta\u00a0a la Ciudad\u00a0para que cumpla su promesa de crear un Plan de Empleo Joven - Agrupaci\u00f3n Socialista de Melilla\",\"isPartOf\":{\"@id\":\"https:\/\/agrupacionespsoe.es\/melilla\/#website\"},\"primaryImageOfPage\":{\"@id\":\"https:\/\/agrupacionespsoe.es\/melilla\/el-psoe-insta-a-la-ciudad-para-que-cumpla-su-promesa-de-crear-un-plan-de-empleo-joven\/#primaryimage\"},\"image\":{\"@id\":\"https:\/\/agrupacionespsoe.es\/melilla\/el-psoe-insta-a-la-ciudad-para-que-cumpla-su-promesa-de-crear-un-plan-de-empleo-joven\/#primaryimage\"},\"thumbnailUrl\":\"https:\/\/agrupacionespsoe.es\/melilla\/wp-content\/uploads\/sites\/120\/2025\/02\/1f664625-c702-4aff-9fc4-5b4f3158ae17.jpeg\",\"datePublished\":\"2025-02-10T09:56:32+00:00\",\"dateModified\":\"2025-02-10T09:56:33+00:00\",\"breadcrumb\":{\"@id\":\"https:\/\/agrupacionespsoe.es\/melilla\/el-psoe-insta-a-la-ciudad-para-que-cumpla-su-promesa-de-crear-un-plan-de-empleo-joven\/#breadcrumb\"},\"inLanguage\":\"es\",\"potentialAction\":[{\"@type\":\"ReadAction\",\"target\":[\"https:\/\/agrupacionespsoe.es\/melilla\/el-psoe-insta-a-la-ciudad-para-que-cumpla-su-promesa-de-crear-un-plan-de-empleo-joven\/\"]}]},{\"@type\":\"ImageObject\",\"inLanguage\":\"es\",\"@id\":\"https:\/\/agrupacionespsoe.es\/melilla\/el-psoe-insta-a-la-ciudad-para-que-cumpla-su-promesa-de-crear-un-plan-de-empleo-joven\/#primaryimage\",\"url\":\"https:\/\/agrupacionespsoe.es\/melilla\/wp-content\/uploads\/sites\/120\/2025\/02\/1f664625-c702-4aff-9fc4-5b4f3158ae17.jpeg\",\"contentUrl\":\"https:\/\/agrupacionespsoe.es\/melilla\/wp-content\/uploads\/sites\/120\/2025\/02\/1f664625-c702-4aff-9fc4-5b4f3158ae17.jpeg\",\"width\":2560,\"height\":1706},{\"@type\":\"BreadcrumbList\",\"@id\":\"https:\/\/agrupacionespsoe.es\/melilla\/el-psoe-insta-a-la-ciudad-para-que-cumpla-su-promesa-de-crear-un-plan-de-empleo-joven\/#breadcrumb\",\"itemListElement\":[{\"@type\":\"ListItem\",\"position\":1,\"name\":\"Portada\",\"item\":\"https:\/\/agrupacionespsoe.es\/melilla\/\"},{\"@type\":\"ListItem\",\"position\":2,\"name\":\"El PSOE\u00a0insta\u00a0a la Ciudad\u00a0para que cumpla su promesa de crear un Plan de Empleo Joven\"}]},{\"@type\":\"WebSite\",\"@id\":\"https:\/\/agrupacionespsoe.es\/melilla\/#website\",\"url\":\"https:\/\/agrupacionespsoe.es\/melilla\/\",\"name\":\"Agrupaci\u00f3n Socialista de Melilla\",\"description\":\"Agrupaci\u00f3n Socialista de Melilla\",\"publisher\":{\"@id\":\"https:\/\/agrupacionespsoe.es\/melilla\/#organization\"},\"potentialAction\":[{\"@type\":\"SearchAction\",\"target\":{\"@type\":\"EntryPoint\",\"urlTemplate\":\"https:\/\/agrupacionespsoe.es\/melilla\/?s={search_term_string}\"},\"query-input\":{\"@type\":\"PropertyValueSpecification\",\"valueRequired\":true,\"valueName\":\"search_term_string\"}}],\"inLanguage\":\"es\"},{\"@type\":\"Organization\",\"@id\":\"https:\/\/agrupacionespsoe.es\/melilla\/#organization\",\"name\":\"Agrupaci\u00f3n Socialista de Melilla\",\"url\":\"https:\/\/agrupacionespsoe.es\/melilla\/\",\"logo\":{\"@type\":\"ImageObject\",\"inLanguage\":\"es\",\"@id\":\"https:\/\/agrupacionespsoe.es\/melilla\/#\/schema\/logo\/image\/\",\"url\":\"https:\/\/agrupacionespsoe.es\/wp-content\/uploads\/2022\/07\/Logotipo_electoral_del_PSOE.png\",\"contentUrl\":\"https:\/\/agrupacionespsoe.es\/wp-content\/uploads\/2022\/07\/Logotipo_electoral_del_PSOE.png\",\"width\":422,\"height\":422,\"caption\":\"Agrupaci\u00f3n Socialista de Melilla\"},\"image\":{\"@id\":\"https:\/\/agrupacionespsoe.es\/melilla\/#\/schema\/logo\/image\/\"}},{\"@type\":\"Person\",\"@id\":\"https:\/\/agrupacionespsoe.es\/melilla\/#\/schema\/person\/72bb3075a827d0ed0623682b96c92bd6\",\"name\":\"melilla2\",\"image\":{\"@type\":\"ImageObject\",\"inLanguage\":\"es\",\"@id\":\"https:\/\/agrupacionespsoe.es\/melilla\/#\/schema\/person\/image\/\",\"url\":\"https:\/\/secure.gravatar.com\/avatar\/489a178e794e59f00db13a448aabca16?s=96&d=mm&r=g\",\"contentUrl\":\"https:\/\/secure.gravatar.com\/avatar\/489a178e794e59f00db13a448aabca16?s=96&d=mm&r=g\",\"caption\":\"melilla2\"},\"url\":\"https:\/\/agrupacionespsoe.es\/melilla\/author\/melilla2\/\"}]}<\/script>\n<!-- \/ Yoast SEO plugin. -->","yoast_head_json":{"title":"El PSOE\u00a0insta\u00a0a la Ciudad\u00a0para que cumpla su promesa de crear un Plan de Empleo Joven - Agrupaci\u00f3n Socialista de Melilla","robots":{"index":"index","follow":"follow","max-snippet":"max-snippet:-1","max-image-preview":"max-image-preview:large","max-video-preview":"max-video-preview:-1"},"canonical":"https:\/\/agrupacionespsoe.es\/melilla\/el-psoe-insta-a-la-ciudad-para-que-cumpla-su-promesa-de-crear-un-plan-de-empleo-joven\/","og_locale":"es_ES","og_type":"article","og_title":"El PSOE\u00a0insta\u00a0a la Ciudad\u00a0para que cumpla su promesa de crear un Plan de Empleo Joven - Agrupaci\u00f3n Socialista de Melilla","og_description":"\u200b Recuerdan que, a pesar de que el SEPE diera el visto bueno, el Gobierno Imbroda&nbsp;sigue sin contestar&nbsp;para llevarlo a cabo El Grupo Municipal Socialista ha presentado una moci\u00f3n para&nbsp;que la Ciudad Aut\u00f3noma ponga en marcha un Plan de Empleo Joven en colaboraci\u00f3n con el Servicio Estatal P\u00fablico de Empleo (SEPE).&nbsp; El&nbsp;diputado de la Asamblea,&nbsp;Riduan&nbsp;Moh, ...","og_url":"https:\/\/agrupacionespsoe.es\/melilla\/el-psoe-insta-a-la-ciudad-para-que-cumpla-su-promesa-de-crear-un-plan-de-empleo-joven\/","og_site_name":"Agrupaci\u00f3n Socialista de Melilla","article_published_time":"2025-02-10T09:56:32+00:00","article_modified_time":"2025-02-10T09:56:33+00:00","og_image":[{"width":2560,"height":1706,"url":"https:\/\/agrupacionespsoe.es\/melilla\/wp-content\/uploads\/sites\/120\/2025\/02\/1f664625-c702-4aff-9fc4-5b4f3158ae17.jpeg","type":"image\/jpeg"}],"author":"melilla2","twitter_card":"summary_large_image","twitter_misc":{"Escrito por":"melilla2","Tiempo de lectura":"2 minutos"},"schema":{"@context":"https:\/\/schema.org","@graph":[{"@type":"Article","@id":"https:\/\/agrupacionespsoe.es\/melilla\/el-psoe-insta-a-la-ciudad-para-que-cumpla-su-promesa-de-crear-un-plan-de-empleo-joven\/#article","isPartOf":{"@id":"https:\/\/agrupacionespsoe.es\/melilla\/el-psoe-insta-a-la-ciudad-para-que-cumpla-su-promesa-de-crear-un-plan-de-empleo-joven\/"},"author":{"name":"melilla2","@id":"https:\/\/agrupacionespsoe.es\/melilla\/#\/schema\/person\/72bb3075a827d0ed0623682b96c92bd6"},"headline":"El PSOE\u00a0insta\u00a0a la Ciudad\u00a0para que cumpla su promesa de crear un Plan de Empleo Joven","datePublished":"2025-02-10T09:56:32+00:00","dateModified":"2025-02-10T09:56:33+00:00","mainEntityOfPage":{"@id":"https:\/\/agrupacionespsoe.es\/melilla\/el-psoe-insta-a-la-ciudad-para-que-cumpla-su-promesa-de-crear-un-plan-de-empleo-joven\/"},"wordCount":457,"commentCount":0,"publisher":{"@id":"https:\/\/agrupacionespsoe.es\/melilla\/#organization"},"image":{"@id":"https:\/\/agrupacionespsoe.es\/melilla\/el-psoe-insta-a-la-ciudad-para-que-cumpla-su-promesa-de-crear-un-plan-de-empleo-joven\/#primaryimage"},"thumbnailUrl":"https:\/\/agrupacionespsoe.es\/melilla\/wp-content\/uploads\/sites\/120\/2025\/02\/1f664625-c702-4aff-9fc4-5b4f3158ae17.jpeg","inLanguage":"es","potentialAction":[{"@type":"CommentAction","name":"Comment","target":["https:\/\/agrupacionespsoe.es\/melilla\/el-psoe-insta-a-la-ciudad-para-que-cumpla-su-promesa-de-crear-un-plan-de-empleo-joven\/#respond"]}]},{"@type":"WebPage","@id":"https:\/\/agrupacionespsoe.es\/melilla\/el-psoe-insta-a-la-ciudad-para-que-cumpla-su-promesa-de-crear-un-plan-de-empleo-joven\/","url":"https:\/\/agrupacionespsoe.es\/melilla\/el-psoe-insta-a-la-ciudad-para-que-cumpla-su-promesa-de-crear-un-plan-de-empleo-joven\/","name":"El PSOE\u00a0insta\u00a0a la Ciudad\u00a0para que cumpla su promesa de crear un Plan de Empleo Joven - Agrupaci\u00f3n Socialista de Melilla","isPartOf":{"@id":"https:\/\/agrupacionespsoe.es\/melilla\/#website"},"primaryImageOfPage":{"@id":"https:\/\/agrupacionespsoe.es\/melilla\/el-psoe-insta-a-la-ciudad-para-que-cumpla-su-promesa-de-crear-un-plan-de-empleo-joven\/#primaryimage"},"image":{"@id":"https:\/\/agrupacionespsoe.es\/melilla\/el-psoe-insta-a-la-ciudad-para-que-cumpla-su-promesa-de-crear-un-plan-de-empleo-joven\/#primaryimage"},"thumbnailUrl":"https:\/\/agrupacionespsoe.es\/melilla\/wp-content\/uploads\/sites\/120\/2025\/02\/1f664625-c702-4aff-9fc4-5b4f3158ae17.jpeg","datePublished":"2025-02-10T09:56:32+00:00","dateModified":"2025-02-10T09:56:33+00:00","breadcrumb":{"@id":"https:\/\/agrupacionespsoe.es\/melilla\/el-psoe-insta-a-la-ciudad-para-que-cumpla-su-promesa-de-crear-un-plan-de-empleo-joven\/#breadcrumb"},"inLanguage":"es","potentialAction":[{"@type":"ReadAction","target":["https:\/\/agrupacionespsoe.es\/melilla\/el-psoe-insta-a-la-ciudad-para-que-cumpla-su-promesa-de-crear-un-plan-de-empleo-joven\/"]}]},{"@type":"ImageObject","inLanguage":"es","@id":"https:\/\/agrupacionespsoe.es\/melilla\/el-psoe-insta-a-la-ciudad-para-que-cumpla-su-promesa-de-crear-un-plan-de-empleo-joven\/#primaryimage","url":"https:\/\/agrupacionespsoe.es\/melilla\/wp-content\/uploads\/sites\/120\/2025\/02\/1f664625-c702-4aff-9fc4-5b4f3158ae17.jpeg","contentUrl":"https:\/\/agrupacionespsoe.es\/melilla\/wp-content\/uploads\/sites\/120\/2025\/02\/1f664625-c702-4aff-9fc4-5b4f3158ae17.jpeg","width":2560,"height":1706},{"@type":"BreadcrumbList","@id":"https:\/\/agrupacionespsoe.es\/melilla\/el-psoe-insta-a-la-ciudad-para-que-cumpla-su-promesa-de-crear-un-plan-de-empleo-joven\/#breadcrumb","itemListElement":[{"@type":"ListItem","position":1,"name":"Portada","item":"https:\/\/agrupacionespsoe.es\/melilla\/"},{"@type":"ListItem","position":2,"name":"El PSOE\u00a0insta\u00a0a la Ciudad\u00a0para que cumpla su promesa de crear un Plan de Empleo Joven"}]},{"@type":"WebSite","@id":"https:\/\/agrupacionespsoe.es\/melilla\/#website","url":"https:\/\/agrupacionespsoe.es\/melilla\/","name":"Agrupaci\u00f3n Socialista de Melilla","description":"Agrupaci\u00f3n Socialista de Melilla","publisher":{"@id":"https:\/\/agrupacionespsoe.es\/melilla\/#organization"},"potentialAction":[{"@type":"SearchAction","target":{"@type":"EntryPoint","urlTemplate":"https:\/\/agrupacionespsoe.es\/melilla\/?s={search_term_string}"},"query-input":{"@type":"PropertyValueSpecification","valueRequired":true,"valueName":"search_term_string"}}],"inLanguage":"es"},{"@type":"Organization","@id":"https:\/\/agrupacionespsoe.es\/melilla\/#organization","name":"Agrupaci\u00f3n Socialista de Melilla","url":"https:\/\/agrupacionespsoe.es\/melilla\/","logo":{"@type":"ImageObject","inLanguage":"es","@id":"https:\/\/agrupacionespsoe.es\/melilla\/#\/schema\/logo\/image\/","url":"https:\/\/agrupacionespsoe.es\/wp-content\/uploads\/2022\/07\/Logotipo_electoral_del_PSOE.png","contentUrl":"https:\/\/agrupacionespsoe.es\/wp-content\/uploads\/2022\/07\/Logotipo_electoral_del_PSOE.png","width":422,"height":422,"caption":"Agrupaci\u00f3n Socialista de Melilla"},"image":{"@id":"https:\/\/agrupacionespsoe.es\/melilla\/#\/schema\/logo\/image\/"}},{"@type":"Person","@id":"https:\/\/agrupacionespsoe.es\/melilla\/#\/schema\/person\/72bb3075a827d0ed0623682b96c92bd6","name":"melilla2","image":{"@type":"ImageObject","inLanguage":"es","@id":"https:\/\/agrupacionespsoe.es\/melilla\/#\/schema\/person\/image\/","url":"https:\/\/secure.gravatar.com\/avatar\/489a178e794e59f00db13a448aabca16?s=96&d=mm&r=g","contentUrl":"https:\/\/secure.gravatar.com\/avatar\/489a178e794e59f00db13a448aabca16?s=96&d=mm&r=g","caption":"melilla2"},"url":"https:\/\/agrupacionespsoe.es\/melilla\/author\/melilla2\/"}]}},"jetpack_featured_media_url":"https:\/\/agrupacionespsoe.es\/melilla\/wp-content\/uploads\/sites\/120\/2025\/02\/1f664625-c702-4aff-9fc4-5b4f3158ae17.jpeg","jetpack_sharing_enabled":true,"_links":{"self":[{"href":"https:\/\/agrupacionespsoe.es\/melilla\/wp-json\/wp\/v2\/posts\/1581","targetHints":{"allow":["GET"]}}],"collection":[{"href":"https:\/\/agrupacionespsoe.es\/melilla\/wp-json\/wp\/v2\/posts"}],"about":[{"href":"https:\/\/agrupacionespsoe.es\/melilla\/wp-json\/wp\/v2\/types\/post"}],"author":[{"embeddable":true,"href":"https:\/\/agrupacionespsoe.es\/melilla\/wp-json\/wp\/v2\/users\/187"}],"replies":[{"embeddable":true,"href":"https:\/\/agrupacionespsoe.es\/melilla\/wp-json\/wp\/v2\/comments?post=1581"}],"version-history":[{"count":1,"href":"https:\/\/agrupacionespsoe.es\/melilla\/wp-json\/wp\/v2\/posts\/1581\/revisions"}],"predecessor-version":[{"id":1582,"href":"https:\/\/agrupacionespsoe.es\/melilla\/wp-json\/wp\/v2\/posts\/1581\/revisions\/1582"}],"wp:featuredmedia":[{"embeddable":true,"href":"https:\/\/agrupacionespsoe.es\/melilla\/wp-json\/wp\/v2\/media\/1583"}],"wp:attachment":[{"href":"https:\/\/agrupacionespsoe.es\/melilla\/wp-json\/wp\/v2\/media?parent=1581"}],"wp:term":[{"taxonomy":"category","embeddable":true,"href":"https:\/\/agrupacionespsoe.es\/melilla\/wp-json\/wp\/v2\/categories?post=1581"},{"taxonomy":"post_tag","embeddable":true,"href":"https:\/\/agrupacionespsoe.es\/melilla\/wp-json\/wp\/v2\/tags?post=1581"}],"curies":[{"name":"wp","href":"https:\/\/api.w.org\/{rel}","templated":true}]}}