{"id":1569,"date":"2025-02-04T16:46:51","date_gmt":"2025-02-04T16:46:51","guid":{"rendered":"https:\/\/agrupacionespsoe.es\/melilla\/?p=1569"},"modified":"2025-02-04T16:46:52","modified_gmt":"2025-02-04T16:46:52","slug":"el-psoe-denuncia-la-mala-gestion-del-gobierno-imbroda-con-las-politicas-de-educacion-e-igualdad","status":"publish","type":"post","link":"https:\/\/agrupacionespsoe.es\/melilla\/el-psoe-denuncia-la-mala-gestion-del-gobierno-imbroda-con-las-politicas-de-educacion-e-igualdad\/","title":{"rendered":"El PSOE denuncia la mala gesti\u00f3n del Gobierno Imbroda con las pol\u00edticas de educaci\u00f3n e igualdad"},"content":{"rendered":"\n<p><strong>Segura lamenta la angustia e incertidumbre con la que han vivido los agentes de coeducaci\u00f3n durante estos meses<\/strong><\/p>\n\n\n\n<p>\u201cDesde el PP se ha privado a los centros educativos, y especialmente al alumnado de Melilla, de un recurso muy importante como es el Programa de Agentes de Coeducaci\u00f3n\u201d.<\/p>\n\n\n\n<p>La Secretaria de Igualdad del PSOE de Melilla, Laura Segura, ha denunciado la mala gesti\u00f3n del Gobierno de Imbroda, as\u00ed como la desidia del PP con las pol\u00edticas de igualdad, educaci\u00f3n y coeducaci\u00f3n. \u201cHan jugado con los trabajadoras y trabajadores de este recurso, que han tenido que vivir con la angustia, la incertidumbre, el malestar y preocupaci\u00f3n de no ver renovados sus contratos y de no saber si podr\u00edan seguir desarrollando sus funciones\u201d, ha apuntado.<\/p>\n\n\n\n<p>La socialista ha lamentado que a d\u00eda de hoy este recurso no se haya &nbsp;puesto en marcha y que \u201ctodo lo relativo a educaci\u00f3n que ha dependido de Gobierno de Imbroda ha empezado tarde\u201d. As\u00ed, ha recordado este programa comenz\u00f3 en el curso 2019-2020 dentro de la gesti\u00f3n del Partido Socialista y de la mano de la entonces Consejera, Elena Fern\u00e1ndez Trevi\u00f1o, no se haya &nbsp;puesto en marcha y que \u201ctodo lo relativo a educaci\u00f3n que ha dependido de Gobierno de Imbroda ha empezado tarde\u201d.<\/p>\n\n\n\n<p><strong>Medio curso sin Agentes de Coeducaci\u00f3n<\/strong><\/p>\n\n\n\n<p>\u201cNo es de recibo que estemos en el mes de febrero y se haya pasado medio curso escolar sin este recurso\u201d, ha criticado. De este modo, la Secretaria de Igualdad considera \u201cintolerable\u201d que actualmente el Gobierno local no haya contratado a estos agentes y que \u201clos centros de Melilla hayan tenido que desempe\u00f1ar esta labor sin el apoyo y el trabajo de los agentes de coeducaci\u00f3n en las aulas\u201d.<\/p>\n\n\n\n<p>\u201cParece que el macrogobierno de Imbroda est\u00e1 m\u00e1s entretenido en hacer anuncios estrella y poner primeras piedras que en ponerse a trabajar por y para los melillenses, y ni qu\u00e9 decir de ponerse a trabajar por la igualdad\u201d, ha denunciado.<\/p>\n\n\n\n<p><strong>Con el PSOE, desde el primer d\u00eda de curso<\/strong><\/p>\n\n\n\n<p>La dirigente socialista ha recordado que cuando Fern\u00e1ndez Trevi\u00f1o puso en marcha el Programa de Agentes de Coeducaci\u00f3n, financiado por los fondos del Pacto de Estado para prevenir la violencia de g\u00e9nero, \u201cfuncionaba a la perfecci\u00f3n\u201d y supon\u00eda la contrataci\u00f3n de 30 trabajadoras y trabajadores por parte de la Ciudad Aut\u00f3noma desde principio de curso.<\/p>\n\n\n\n<p>Sin embargo, ha denunciado que bajo la gesti\u00f3n del Gobierno Imbroda, no ha sido hasta esta pasada semana cuando la Viceconsejera de Igualdad anunci\u00f3 que se pondr\u00eda en marcha el Programa de Coeducaci\u00f3n durante los primeros 15 d\u00edas de este mes. Todo ello, a pesar de que en mayo la Consejer\u00eda de Igualdad se reuni\u00f3 con la Direcci\u00f3n Provincial de Educaci\u00f3n para la puesta en marcha de este recurso.<\/p>\n\n\n\n<p>\u201cEs ahora, tras la insistencia del PSOE de Melilla, cuando anuncia que se va a dar continuidad a este servicio, como sucedi\u00f3 con los aulas y los recursos de conciliaci\u00f3n\u201d, ha recalcado.<\/p>\n\n\n\n<p><strong>Falta de previsi\u00f3n<\/strong><\/p>\n\n\n\n<p>Los socialistas melillenses han valorado que esta situaci\u00f3n es \u201cuna muestra m\u00e1s de la falta de previsi\u00f3n del Gobierno de la Ciudad\u201d y \u201cpone de manifiesto la falta de compromiso, implicaci\u00f3n y el abandono por parte de este Ejecutivo de las pol\u00edticas de igualdad\u201d.<\/p>\n\n\n\n<p>Pese a ello, Segura se ha mostrado aliviada ya que, por fin, parece que los agentes de coeducaci\u00f3n van a poder llegar a los centros. As\u00ed, ha insistido en que es crucial dar respuesta a una necesidad que desde el PSOE llevan se\u00f1alando desde que comenz\u00f3 el curso escolar.<\/p>\n\n\n\n<p>\u201cEl Gobierno local y las responsables del \u00e1rea de Igualdad tienen que ponerse&nbsp; pongan a trabajar para las y los melillenses y den respuesta, de forma urgente, a estas necesidades\u201d, ha dejado claro. \u201cNo tienen que esperar a que pase medio a\u00f1o y perder un tiempo tan precioso de algo tan importante como es la coeducaci\u00f3n, que fomenta la igualdad y previene la violencia de g\u00e9nero\u201d, ha hecho hincapi\u00e9<\/p>\n","protected":false},"excerpt":{"rendered":"<p>Segura lamenta la angustia e incertidumbre con la que han vivido los agentes de coeducaci\u00f3n durante estos meses \u201cDesde el PP se ha privado a los centros educativos, y especialmente al alumnado de Melilla, de un recurso muy importante como es el Programa de Agentes de Coeducaci\u00f3n\u201d. La Secretaria de Igualdad del PSOE de Melilla, &#8230;<\/p>\n","protected":false},"author":187,"featured_media":1570,"comment_status":"open","ping_status":"open","sticky":false,"template":"","format":"standard","meta":{"_jetpack_memberships_contains_paid_content":false,"footnotes":""},"categories":[1],"tags":[],"class_list":["post-1569","post","type-post","status-publish","format-standard","has-post-thumbnail","hentry","category-sin-categoria"],"yoast_head":"<!-- This site is optimized with the Yoast SEO plugin v24.0 - https:\/\/yoast.com\/wordpress\/plugins\/seo\/ -->\n<title>El PSOE denuncia la mala gesti\u00f3n del Gobierno Imbroda con las pol\u00edticas de educaci\u00f3n e igualdad - Agrupaci\u00f3n Socialista de Melilla<\/title>\n<meta name=\"robots\" content=\"index, follow, max-snippet:-1, max-image-preview:large, max-video-preview:-1\" \/>\n<link rel=\"canonical\" href=\"https:\/\/agrupacionespsoe.es\/melilla\/el-psoe-denuncia-la-mala-gestion-del-gobierno-imbroda-con-las-politicas-de-educacion-e-igualdad\/\" \/>\n<meta property=\"og:locale\" content=\"es_ES\" \/>\n<meta property=\"og:type\" content=\"article\" \/>\n<meta property=\"og:title\" content=\"El PSOE denuncia la mala gesti\u00f3n del Gobierno Imbroda con las pol\u00edticas de educaci\u00f3n e igualdad - Agrupaci\u00f3n Socialista de Melilla\" \/>\n<meta property=\"og:description\" content=\"Segura lamenta la angustia e incertidumbre con la que han vivido los agentes de coeducaci\u00f3n durante estos meses \u201cDesde el PP se ha privado a los centros educativos, y especialmente al alumnado de Melilla, de un recurso muy importante como es el Programa de Agentes de Coeducaci\u00f3n\u201d. La Secretaria de Igualdad del PSOE de Melilla, ...\" \/>\n<meta property=\"og:url\" content=\"https:\/\/agrupacionespsoe.es\/melilla\/el-psoe-denuncia-la-mala-gestion-del-gobierno-imbroda-con-las-politicas-de-educacion-e-igualdad\/\" \/>\n<meta property=\"og:site_name\" content=\"Agrupaci\u00f3n Socialista de Melilla\" \/>\n<meta property=\"article:published_time\" content=\"2025-02-04T16:46:51+00:00\" \/>\n<meta property=\"article:modified_time\" content=\"2025-02-04T16:46:52+00:00\" \/>\n<meta property=\"og:image\" content=\"https:\/\/agrupacionespsoe.es\/melilla\/wp-content\/uploads\/sites\/120\/2025\/02\/WhatsApp-Image-2025-02-04-at-12.38.41.jpeg\" \/>\n\t<meta property=\"og:image:width\" content=\"2560\" \/>\n\t<meta property=\"og:image:height\" content=\"1706\" \/>\n\t<meta property=\"og:image:type\" content=\"image\/jpeg\" \/>\n<meta name=\"author\" content=\"melilla2\" \/>\n<meta name=\"twitter:card\" content=\"summary_large_image\" \/>\n<meta name=\"twitter:label1\" content=\"Escrito por\" \/>\n\t<meta name=\"twitter:data1\" content=\"melilla2\" \/>\n\t<meta name=\"twitter:label2\" content=\"Tiempo de lectura\" \/>\n\t<meta name=\"twitter:data2\" content=\"4 minutos\" \/>\n<script type=\"application\/ld+json\" class=\"yoast-schema-graph\">{\"@context\":\"https:\/\/schema.org\",\"@graph\":[{\"@type\":\"Article\",\"@id\":\"https:\/\/agrupacionespsoe.es\/melilla\/el-psoe-denuncia-la-mala-gestion-del-gobierno-imbroda-con-las-politicas-de-educacion-e-igualdad\/#article\",\"isPartOf\":{\"@id\":\"https:\/\/agrupacionespsoe.es\/melilla\/el-psoe-denuncia-la-mala-gestion-del-gobierno-imbroda-con-las-politicas-de-educacion-e-igualdad\/\"},\"author\":{\"name\":\"melilla2\",\"@id\":\"https:\/\/agrupacionespsoe.es\/melilla\/#\/schema\/person\/72bb3075a827d0ed0623682b96c92bd6\"},\"headline\":\"El PSOE denuncia la mala gesti\u00f3n del Gobierno Imbroda con las pol\u00edticas de educaci\u00f3n e igualdad\",\"datePublished\":\"2025-02-04T16:46:51+00:00\",\"dateModified\":\"2025-02-04T16:46:52+00:00\",\"mainEntityOfPage\":{\"@id\":\"https:\/\/agrupacionespsoe.es\/melilla\/el-psoe-denuncia-la-mala-gestion-del-gobierno-imbroda-con-las-politicas-de-educacion-e-igualdad\/\"},\"wordCount\":718,\"commentCount\":0,\"publisher\":{\"@id\":\"https:\/\/agrupacionespsoe.es\/melilla\/#organization\"},\"image\":{\"@id\":\"https:\/\/agrupacionespsoe.es\/melilla\/el-psoe-denuncia-la-mala-gestion-del-gobierno-imbroda-con-las-politicas-de-educacion-e-igualdad\/#primaryimage\"},\"thumbnailUrl\":\"https:\/\/agrupacionespsoe.es\/melilla\/wp-content\/uploads\/sites\/120\/2025\/02\/WhatsApp-Image-2025-02-04-at-12.38.41.jpeg\",\"inLanguage\":\"es\",\"potentialAction\":[{\"@type\":\"CommentAction\",\"name\":\"Comment\",\"target\":[\"https:\/\/agrupacionespsoe.es\/melilla\/el-psoe-denuncia-la-mala-gestion-del-gobierno-imbroda-con-las-politicas-de-educacion-e-igualdad\/#respond\"]}]},{\"@type\":\"WebPage\",\"@id\":\"https:\/\/agrupacionespsoe.es\/melilla\/el-psoe-denuncia-la-mala-gestion-del-gobierno-imbroda-con-las-politicas-de-educacion-e-igualdad\/\",\"url\":\"https:\/\/agrupacionespsoe.es\/melilla\/el-psoe-denuncia-la-mala-gestion-del-gobierno-imbroda-con-las-politicas-de-educacion-e-igualdad\/\",\"name\":\"El PSOE denuncia la mala gesti\u00f3n del Gobierno Imbroda con las pol\u00edticas de educaci\u00f3n e igualdad - Agrupaci\u00f3n Socialista de Melilla\",\"isPartOf\":{\"@id\":\"https:\/\/agrupacionespsoe.es\/melilla\/#website\"},\"primaryImageOfPage\":{\"@id\":\"https:\/\/agrupacionespsoe.es\/melilla\/el-psoe-denuncia-la-mala-gestion-del-gobierno-imbroda-con-las-politicas-de-educacion-e-igualdad\/#primaryimage\"},\"image\":{\"@id\":\"https:\/\/agrupacionespsoe.es\/melilla\/el-psoe-denuncia-la-mala-gestion-del-gobierno-imbroda-con-las-politicas-de-educacion-e-igualdad\/#primaryimage\"},\"thumbnailUrl\":\"https:\/\/agrupacionespsoe.es\/melilla\/wp-content\/uploads\/sites\/120\/2025\/02\/WhatsApp-Image-2025-02-04-at-12.38.41.jpeg\",\"datePublished\":\"2025-02-04T16:46:51+00:00\",\"dateModified\":\"2025-02-04T16:46:52+00:00\",\"breadcrumb\":{\"@id\":\"https:\/\/agrupacionespsoe.es\/melilla\/el-psoe-denuncia-la-mala-gestion-del-gobierno-imbroda-con-las-politicas-de-educacion-e-igualdad\/#breadcrumb\"},\"inLanguage\":\"es\",\"potentialAction\":[{\"@type\":\"ReadAction\",\"target\":[\"https:\/\/agrupacionespsoe.es\/melilla\/el-psoe-denuncia-la-mala-gestion-del-gobierno-imbroda-con-las-politicas-de-educacion-e-igualdad\/\"]}]},{\"@type\":\"ImageObject\",\"inLanguage\":\"es\",\"@id\":\"https:\/\/agrupacionespsoe.es\/melilla\/el-psoe-denuncia-la-mala-gestion-del-gobierno-imbroda-con-las-politicas-de-educacion-e-igualdad\/#primaryimage\",\"url\":\"https:\/\/agrupacionespsoe.es\/melilla\/wp-content\/uploads\/sites\/120\/2025\/02\/WhatsApp-Image-2025-02-04-at-12.38.41.jpeg\",\"contentUrl\":\"https:\/\/agrupacionespsoe.es\/melilla\/wp-content\/uploads\/sites\/120\/2025\/02\/WhatsApp-Image-2025-02-04-at-12.38.41.jpeg\",\"width\":2560,\"height\":1706},{\"@type\":\"BreadcrumbList\",\"@id\":\"https:\/\/agrupacionespsoe.es\/melilla\/el-psoe-denuncia-la-mala-gestion-del-gobierno-imbroda-con-las-politicas-de-educacion-e-igualdad\/#breadcrumb\",\"itemListElement\":[{\"@type\":\"ListItem\",\"position\":1,\"name\":\"Portada\",\"item\":\"https:\/\/agrupacionespsoe.es\/melilla\/\"},{\"@type\":\"ListItem\",\"position\":2,\"name\":\"El PSOE denuncia la mala gesti\u00f3n del Gobierno Imbroda con las pol\u00edticas de educaci\u00f3n e igualdad\"}]},{\"@type\":\"WebSite\",\"@id\":\"https:\/\/agrupacionespsoe.es\/melilla\/#website\",\"url\":\"https:\/\/agrupacionespsoe.es\/melilla\/\",\"name\":\"Agrupaci\u00f3n Socialista de Melilla\",\"description\":\"Agrupaci\u00f3n Socialista de Melilla\",\"publisher\":{\"@id\":\"https:\/\/agrupacionespsoe.es\/melilla\/#organization\"},\"potentialAction\":[{\"@type\":\"SearchAction\",\"target\":{\"@type\":\"EntryPoint\",\"urlTemplate\":\"https:\/\/agrupacionespsoe.es\/melilla\/?s={search_term_string}\"},\"query-input\":{\"@type\":\"PropertyValueSpecification\",\"valueRequired\":true,\"valueName\":\"search_term_string\"}}],\"inLanguage\":\"es\"},{\"@type\":\"Organization\",\"@id\":\"https:\/\/agrupacionespsoe.es\/melilla\/#organization\",\"name\":\"Agrupaci\u00f3n Socialista de Melilla\",\"url\":\"https:\/\/agrupacionespsoe.es\/melilla\/\",\"logo\":{\"@type\":\"ImageObject\",\"inLanguage\":\"es\",\"@id\":\"https:\/\/agrupacionespsoe.es\/melilla\/#\/schema\/logo\/image\/\",\"url\":\"https:\/\/agrupacionespsoe.es\/wp-content\/uploads\/2022\/07\/Logotipo_electoral_del_PSOE.png\",\"contentUrl\":\"https:\/\/agrupacionespsoe.es\/wp-content\/uploads\/2022\/07\/Logotipo_electoral_del_PSOE.png\",\"width\":422,\"height\":422,\"caption\":\"Agrupaci\u00f3n Socialista de Melilla\"},\"image\":{\"@id\":\"https:\/\/agrupacionespsoe.es\/melilla\/#\/schema\/logo\/image\/\"}},{\"@type\":\"Person\",\"@id\":\"https:\/\/agrupacionespsoe.es\/melilla\/#\/schema\/person\/72bb3075a827d0ed0623682b96c92bd6\",\"name\":\"melilla2\",\"image\":{\"@type\":\"ImageObject\",\"inLanguage\":\"es\",\"@id\":\"https:\/\/agrupacionespsoe.es\/melilla\/#\/schema\/person\/image\/\",\"url\":\"https:\/\/secure.gravatar.com\/avatar\/489a178e794e59f00db13a448aabca16?s=96&d=mm&r=g\",\"contentUrl\":\"https:\/\/secure.gravatar.com\/avatar\/489a178e794e59f00db13a448aabca16?s=96&d=mm&r=g\",\"caption\":\"melilla2\"},\"url\":\"https:\/\/agrupacionespsoe.es\/melilla\/author\/melilla2\/\"}]}<\/script>\n<!-- \/ Yoast SEO plugin. -->","yoast_head_json":{"title":"El PSOE denuncia la mala gesti\u00f3n del Gobierno Imbroda con las pol\u00edticas de educaci\u00f3n e igualdad - Agrupaci\u00f3n Socialista de Melilla","robots":{"index":"index","follow":"follow","max-snippet":"max-snippet:-1","max-image-preview":"max-image-preview:large","max-video-preview":"max-video-preview:-1"},"canonical":"https:\/\/agrupacionespsoe.es\/melilla\/el-psoe-denuncia-la-mala-gestion-del-gobierno-imbroda-con-las-politicas-de-educacion-e-igualdad\/","og_locale":"es_ES","og_type":"article","og_title":"El PSOE denuncia la mala gesti\u00f3n del Gobierno Imbroda con las pol\u00edticas de educaci\u00f3n e igualdad - Agrupaci\u00f3n Socialista de Melilla","og_description":"Segura lamenta la angustia e incertidumbre con la que han vivido los agentes de coeducaci\u00f3n durante estos meses \u201cDesde el PP se ha privado a los centros educativos, y especialmente al alumnado de Melilla, de un recurso muy importante como es el Programa de Agentes de Coeducaci\u00f3n\u201d. La Secretaria de Igualdad del PSOE de Melilla, ...","og_url":"https:\/\/agrupacionespsoe.es\/melilla\/el-psoe-denuncia-la-mala-gestion-del-gobierno-imbroda-con-las-politicas-de-educacion-e-igualdad\/","og_site_name":"Agrupaci\u00f3n Socialista de Melilla","article_published_time":"2025-02-04T16:46:51+00:00","article_modified_time":"2025-02-04T16:46:52+00:00","og_image":[{"width":2560,"height":1706,"url":"https:\/\/agrupacionespsoe.es\/melilla\/wp-content\/uploads\/sites\/120\/2025\/02\/WhatsApp-Image-2025-02-04-at-12.38.41.jpeg","type":"image\/jpeg"}],"author":"melilla2","twitter_card":"summary_large_image","twitter_misc":{"Escrito por":"melilla2","Tiempo de lectura":"4 minutos"},"schema":{"@context":"https:\/\/schema.org","@graph":[{"@type":"Article","@id":"https:\/\/agrupacionespsoe.es\/melilla\/el-psoe-denuncia-la-mala-gestion-del-gobierno-imbroda-con-las-politicas-de-educacion-e-igualdad\/#article","isPartOf":{"@id":"https:\/\/agrupacionespsoe.es\/melilla\/el-psoe-denuncia-la-mala-gestion-del-gobierno-imbroda-con-las-politicas-de-educacion-e-igualdad\/"},"author":{"name":"melilla2","@id":"https:\/\/agrupacionespsoe.es\/melilla\/#\/schema\/person\/72bb3075a827d0ed0623682b96c92bd6"},"headline":"El PSOE denuncia la mala gesti\u00f3n del Gobierno Imbroda con las pol\u00edticas de educaci\u00f3n e igualdad","datePublished":"2025-02-04T16:46:51+00:00","dateModified":"2025-02-04T16:46:52+00:00","mainEntityOfPage":{"@id":"https:\/\/agrupacionespsoe.es\/melilla\/el-psoe-denuncia-la-mala-gestion-del-gobierno-imbroda-con-las-politicas-de-educacion-e-igualdad\/"},"wordCount":718,"commentCount":0,"publisher":{"@id":"https:\/\/agrupacionespsoe.es\/melilla\/#organization"},"image":{"@id":"https:\/\/agrupacionespsoe.es\/melilla\/el-psoe-denuncia-la-mala-gestion-del-gobierno-imbroda-con-las-politicas-de-educacion-e-igualdad\/#primaryimage"},"thumbnailUrl":"https:\/\/agrupacionespsoe.es\/melilla\/wp-content\/uploads\/sites\/120\/2025\/02\/WhatsApp-Image-2025-02-04-at-12.38.41.jpeg","inLanguage":"es","potentialAction":[{"@type":"CommentAction","name":"Comment","target":["https:\/\/agrupacionespsoe.es\/melilla\/el-psoe-denuncia-la-mala-gestion-del-gobierno-imbroda-con-las-politicas-de-educacion-e-igualdad\/#respond"]}]},{"@type":"WebPage","@id":"https:\/\/agrupacionespsoe.es\/melilla\/el-psoe-denuncia-la-mala-gestion-del-gobierno-imbroda-con-las-politicas-de-educacion-e-igualdad\/","url":"https:\/\/agrupacionespsoe.es\/melilla\/el-psoe-denuncia-la-mala-gestion-del-gobierno-imbroda-con-las-politicas-de-educacion-e-igualdad\/","name":"El PSOE denuncia la mala gesti\u00f3n del Gobierno Imbroda con las pol\u00edticas de educaci\u00f3n e igualdad - Agrupaci\u00f3n Socialista de Melilla","isPartOf":{"@id":"https:\/\/agrupacionespsoe.es\/melilla\/#website"},"primaryImageOfPage":{"@id":"https:\/\/agrupacionespsoe.es\/melilla\/el-psoe-denuncia-la-mala-gestion-del-gobierno-imbroda-con-las-politicas-de-educacion-e-igualdad\/#primaryimage"},"image":{"@id":"https:\/\/agrupacionespsoe.es\/melilla\/el-psoe-denuncia-la-mala-gestion-del-gobierno-imbroda-con-las-politicas-de-educacion-e-igualdad\/#primaryimage"},"thumbnailUrl":"https:\/\/agrupacionespsoe.es\/melilla\/wp-content\/uploads\/sites\/120\/2025\/02\/WhatsApp-Image-2025-02-04-at-12.38.41.jpeg","datePublished":"2025-02-04T16:46:51+00:00","dateModified":"2025-02-04T16:46:52+00:00","breadcrumb":{"@id":"https:\/\/agrupacionespsoe.es\/melilla\/el-psoe-denuncia-la-mala-gestion-del-gobierno-imbroda-con-las-politicas-de-educacion-e-igualdad\/#breadcrumb"},"inLanguage":"es","potentialAction":[{"@type":"ReadAction","target":["https:\/\/agrupacionespsoe.es\/melilla\/el-psoe-denuncia-la-mala-gestion-del-gobierno-imbroda-con-las-politicas-de-educacion-e-igualdad\/"]}]},{"@type":"ImageObject","inLanguage":"es","@id":"https:\/\/agrupacionespsoe.es\/melilla\/el-psoe-denuncia-la-mala-gestion-del-gobierno-imbroda-con-las-politicas-de-educacion-e-igualdad\/#primaryimage","url":"https:\/\/agrupacionespsoe.es\/melilla\/wp-content\/uploads\/sites\/120\/2025\/02\/WhatsApp-Image-2025-02-04-at-12.38.41.jpeg","contentUrl":"https:\/\/agrupacionespsoe.es\/melilla\/wp-content\/uploads\/sites\/120\/2025\/02\/WhatsApp-Image-2025-02-04-at-12.38.41.jpeg","width":2560,"height":1706},{"@type":"BreadcrumbList","@id":"https:\/\/agrupacionespsoe.es\/melilla\/el-psoe-denuncia-la-mala-gestion-del-gobierno-imbroda-con-las-politicas-de-educacion-e-igualdad\/#breadcrumb","itemListElement":[{"@type":"ListItem","position":1,"name":"Portada","item":"https:\/\/agrupacionespsoe.es\/melilla\/"},{"@type":"ListItem","position":2,"name":"El PSOE denuncia la mala gesti\u00f3n del Gobierno Imbroda con las pol\u00edticas de educaci\u00f3n e igualdad"}]},{"@type":"WebSite","@id":"https:\/\/agrupacionespsoe.es\/melilla\/#website","url":"https:\/\/agrupacionespsoe.es\/melilla\/","name":"Agrupaci\u00f3n Socialista de Melilla","description":"Agrupaci\u00f3n Socialista de Melilla","publisher":{"@id":"https:\/\/agrupacionespsoe.es\/melilla\/#organization"},"potentialAction":[{"@type":"SearchAction","target":{"@type":"EntryPoint","urlTemplate":"https:\/\/agrupacionespsoe.es\/melilla\/?s={search_term_string}"},"query-input":{"@type":"PropertyValueSpecification","valueRequired":true,"valueName":"search_term_string"}}],"inLanguage":"es"},{"@type":"Organization","@id":"https:\/\/agrupacionespsoe.es\/melilla\/#organization","name":"Agrupaci\u00f3n Socialista de Melilla","url":"https:\/\/agrupacionespsoe.es\/melilla\/","logo":{"@type":"ImageObject","inLanguage":"es","@id":"https:\/\/agrupacionespsoe.es\/melilla\/#\/schema\/logo\/image\/","url":"https:\/\/agrupacionespsoe.es\/wp-content\/uploads\/2022\/07\/Logotipo_electoral_del_PSOE.png","contentUrl":"https:\/\/agrupacionespsoe.es\/wp-content\/uploads\/2022\/07\/Logotipo_electoral_del_PSOE.png","width":422,"height":422,"caption":"Agrupaci\u00f3n Socialista de Melilla"},"image":{"@id":"https:\/\/agrupacionespsoe.es\/melilla\/#\/schema\/logo\/image\/"}},{"@type":"Person","@id":"https:\/\/agrupacionespsoe.es\/melilla\/#\/schema\/person\/72bb3075a827d0ed0623682b96c92bd6","name":"melilla2","image":{"@type":"ImageObject","inLanguage":"es","@id":"https:\/\/agrupacionespsoe.es\/melilla\/#\/schema\/person\/image\/","url":"https:\/\/secure.gravatar.com\/avatar\/489a178e794e59f00db13a448aabca16?s=96&d=mm&r=g","contentUrl":"https:\/\/secure.gravatar.com\/avatar\/489a178e794e59f00db13a448aabca16?s=96&d=mm&r=g","caption":"melilla2"},"url":"https:\/\/agrupacionespsoe.es\/melilla\/author\/melilla2\/"}]}},"jetpack_featured_media_url":"https:\/\/agrupacionespsoe.es\/melilla\/wp-content\/uploads\/sites\/120\/2025\/02\/WhatsApp-Image-2025-02-04-at-12.38.41.jpeg","jetpack_sharing_enabled":true,"_links":{"self":[{"href":"https:\/\/agrupacionespsoe.es\/melilla\/wp-json\/wp\/v2\/posts\/1569","targetHints":{"allow":["GET"]}}],"collection":[{"href":"https:\/\/agrupacionespsoe.es\/melilla\/wp-json\/wp\/v2\/posts"}],"about":[{"href":"https:\/\/agrupacionespsoe.es\/melilla\/wp-json\/wp\/v2\/types\/post"}],"author":[{"embeddable":true,"href":"https:\/\/agrupacionespsoe.es\/melilla\/wp-json\/wp\/v2\/users\/187"}],"replies":[{"embeddable":true,"href":"https:\/\/agrupacionespsoe.es\/melilla\/wp-json\/wp\/v2\/comments?post=1569"}],"version-history":[{"count":1,"href":"https:\/\/agrupacionespsoe.es\/melilla\/wp-json\/wp\/v2\/posts\/1569\/revisions"}],"predecessor-version":[{"id":1571,"href":"https:\/\/agrupacionespsoe.es\/melilla\/wp-json\/wp\/v2\/posts\/1569\/revisions\/1571"}],"wp:featuredmedia":[{"embeddable":true,"href":"https:\/\/agrupacionespsoe.es\/melilla\/wp-json\/wp\/v2\/media\/1570"}],"wp:attachment":[{"href":"https:\/\/agrupacionespsoe.es\/melilla\/wp-json\/wp\/v2\/media?parent=1569"}],"wp:term":[{"taxonomy":"category","embeddable":true,"href":"https:\/\/agrupacionespsoe.es\/melilla\/wp-json\/wp\/v2\/categories?post=1569"},{"taxonomy":"post_tag","embeddable":true,"href":"https:\/\/agrupacionespsoe.es\/melilla\/wp-json\/wp\/v2\/tags?post=1569"}],"curies":[{"name":"wp","href":"https:\/\/api.w.org\/{rel}","templated":true}]}}