{"id":1556,"date":"2025-01-28T17:58:49","date_gmt":"2025-01-28T17:58:49","guid":{"rendered":"https:\/\/agrupacionespsoe.es\/melilla\/?p=1556"},"modified":"2025-01-28T17:58:50","modified_gmt":"2025-01-28T17:58:50","slug":"sabrina-moh-proclamada-secretaria-general-del-psoe-de-melilla","status":"publish","type":"post","link":"https:\/\/agrupacionespsoe.es\/melilla\/sabrina-moh-proclamada-secretaria-general-del-psoe-de-melilla\/","title":{"rendered":"Sabrina Moh proclamada Secretaria General del PSOE de Melilla\u00a0"},"content":{"rendered":"\n<p><strong>El<\/strong> <strong>resto de \u00f3rganos de la formaci\u00f3n as\u00ed como la ponencia marco se aprobar\u00e1n en el Congreso Regional, los d\u00edas 15 y 16 de marzo<\/strong><\/p>\n\n\n\n<p>Sabrina Moh ha sido proclamada Secretaria General del PSOE de Melilla tras ser la \u00fanica candidatura que se ha presentado para liderar la formaci\u00f3n socialista local.<\/p>\n\n\n\n<p>La Comisi\u00f3n Regional de \u00c9tica de los socialistas locales ha verificado esta tarde que el proceso se ha desarrollado conforme a lo establecido y ha comunicado la proclamaci\u00f3n de Moh como Secretaria General.<\/p>\n\n\n\n<p>Moh present\u00f3 ayer lunes su candidatura en la sede del PSOE, arropada por un nutrido grupo de militantes, a los que les traslad\u00f3 las principales l\u00edneas de actuaci\u00f3n que pretende llevar a cabo en los pr\u00f3ximos cuatro a\u00f1os.<\/p>\n\n\n\n<p>Tal y como ha aprobado el Comit\u00e9 Regional del PSOE melillense, la toma de posesi\u00f3n formal del cargo as\u00ed como la elecci\u00f3n del resto de \u00f3rganos de la formaci\u00f3n -la Comisi\u00f3n Ejecutiva Regional (CER), la Comisi\u00f3n Regional de \u00c9tica y uno de los representantes del Comit\u00e9 Federal- y la aprobaci\u00f3n de la ponencia marco, se realizar\u00e1n en el 15\u00ba Congreso Regional, que se va a desarrollar los pr\u00f3ximos 15 y 16 de marzo.<\/p>\n","protected":false},"excerpt":{"rendered":"<p>El resto de \u00f3rganos de la formaci\u00f3n as\u00ed como la ponencia marco se aprobar\u00e1n en el Congreso Regional, los d\u00edas 15 y 16 de marzo Sabrina Moh ha sido proclamada Secretaria General del PSOE de Melilla tras ser la \u00fanica candidatura que se ha presentado para liderar la formaci\u00f3n socialista local. La Comisi\u00f3n Regional de &#8230;<\/p>\n","protected":false},"author":187,"featured_media":1557,"comment_status":"open","ping_status":"open","sticky":false,"template":"","format":"standard","meta":{"_jetpack_memberships_contains_paid_content":false,"footnotes":""},"categories":[1],"tags":[],"class_list":["post-1556","post","type-post","status-publish","format-standard","has-post-thumbnail","hentry","category-sin-categoria"],"yoast_head":"<!-- This site is optimized with the Yoast SEO plugin v24.0 - https:\/\/yoast.com\/wordpress\/plugins\/seo\/ -->\n<title>Sabrina Moh proclamada Secretaria General del PSOE de Melilla\u00a0 - Agrupaci\u00f3n Socialista de Melilla<\/title>\n<meta name=\"robots\" content=\"index, follow, max-snippet:-1, max-image-preview:large, max-video-preview:-1\" \/>\n<link rel=\"canonical\" href=\"https:\/\/agrupacionespsoe.es\/melilla\/sabrina-moh-proclamada-secretaria-general-del-psoe-de-melilla\/\" \/>\n<meta property=\"og:locale\" content=\"es_ES\" \/>\n<meta property=\"og:type\" content=\"article\" \/>\n<meta property=\"og:title\" content=\"Sabrina Moh proclamada Secretaria General del PSOE de Melilla\u00a0 - Agrupaci\u00f3n Socialista de Melilla\" \/>\n<meta property=\"og:description\" content=\"El resto de \u00f3rganos de la formaci\u00f3n as\u00ed como la ponencia marco se aprobar\u00e1n en el Congreso Regional, los d\u00edas 15 y 16 de marzo Sabrina Moh ha sido proclamada Secretaria General del PSOE de Melilla tras ser la \u00fanica candidatura que se ha presentado para liderar la formaci\u00f3n socialista local. La Comisi\u00f3n Regional de ...\" \/>\n<meta property=\"og:url\" content=\"https:\/\/agrupacionespsoe.es\/melilla\/sabrina-moh-proclamada-secretaria-general-del-psoe-de-melilla\/\" \/>\n<meta property=\"og:site_name\" content=\"Agrupaci\u00f3n Socialista de Melilla\" \/>\n<meta property=\"article:published_time\" content=\"2025-01-28T17:58:49+00:00\" \/>\n<meta property=\"article:modified_time\" content=\"2025-01-28T17:58:50+00:00\" \/>\n<meta property=\"og:image\" content=\"https:\/\/agrupacionespsoe.es\/melilla\/wp-content\/uploads\/sites\/120\/2025\/01\/WhatsApp-Image-2025-01-28-at-17.59.48-4.jpeg\" \/>\n\t<meta property=\"og:image:width\" content=\"2560\" \/>\n\t<meta property=\"og:image:height\" content=\"1706\" \/>\n\t<meta property=\"og:image:type\" content=\"image\/jpeg\" \/>\n<meta name=\"author\" content=\"melilla2\" \/>\n<meta name=\"twitter:card\" content=\"summary_large_image\" \/>\n<meta name=\"twitter:label1\" content=\"Escrito por\" \/>\n\t<meta name=\"twitter:data1\" content=\"melilla2\" \/>\n\t<meta name=\"twitter:label2\" content=\"Tiempo de lectura\" \/>\n\t<meta name=\"twitter:data2\" content=\"2 minutos\" \/>\n<script type=\"application\/ld+json\" class=\"yoast-schema-graph\">{\"@context\":\"https:\/\/schema.org\",\"@graph\":[{\"@type\":\"Article\",\"@id\":\"https:\/\/agrupacionespsoe.es\/melilla\/sabrina-moh-proclamada-secretaria-general-del-psoe-de-melilla\/#article\",\"isPartOf\":{\"@id\":\"https:\/\/agrupacionespsoe.es\/melilla\/sabrina-moh-proclamada-secretaria-general-del-psoe-de-melilla\/\"},\"author\":{\"name\":\"melilla2\",\"@id\":\"https:\/\/agrupacionespsoe.es\/melilla\/#\/schema\/person\/72bb3075a827d0ed0623682b96c92bd6\"},\"headline\":\"Sabrina Moh proclamada Secretaria General del PSOE de Melilla\u00a0\",\"datePublished\":\"2025-01-28T17:58:49+00:00\",\"dateModified\":\"2025-01-28T17:58:50+00:00\",\"mainEntityOfPage\":{\"@id\":\"https:\/\/agrupacionespsoe.es\/melilla\/sabrina-moh-proclamada-secretaria-general-del-psoe-de-melilla\/\"},\"wordCount\":217,\"commentCount\":0,\"publisher\":{\"@id\":\"https:\/\/agrupacionespsoe.es\/melilla\/#organization\"},\"image\":{\"@id\":\"https:\/\/agrupacionespsoe.es\/melilla\/sabrina-moh-proclamada-secretaria-general-del-psoe-de-melilla\/#primaryimage\"},\"thumbnailUrl\":\"https:\/\/agrupacionespsoe.es\/melilla\/wp-content\/uploads\/sites\/120\/2025\/01\/WhatsApp-Image-2025-01-28-at-17.59.48-4.jpeg\",\"inLanguage\":\"es\",\"potentialAction\":[{\"@type\":\"CommentAction\",\"name\":\"Comment\",\"target\":[\"https:\/\/agrupacionespsoe.es\/melilla\/sabrina-moh-proclamada-secretaria-general-del-psoe-de-melilla\/#respond\"]}]},{\"@type\":\"WebPage\",\"@id\":\"https:\/\/agrupacionespsoe.es\/melilla\/sabrina-moh-proclamada-secretaria-general-del-psoe-de-melilla\/\",\"url\":\"https:\/\/agrupacionespsoe.es\/melilla\/sabrina-moh-proclamada-secretaria-general-del-psoe-de-melilla\/\",\"name\":\"Sabrina Moh proclamada Secretaria General del PSOE de Melilla\u00a0 - Agrupaci\u00f3n Socialista de Melilla\",\"isPartOf\":{\"@id\":\"https:\/\/agrupacionespsoe.es\/melilla\/#website\"},\"primaryImageOfPage\":{\"@id\":\"https:\/\/agrupacionespsoe.es\/melilla\/sabrina-moh-proclamada-secretaria-general-del-psoe-de-melilla\/#primaryimage\"},\"image\":{\"@id\":\"https:\/\/agrupacionespsoe.es\/melilla\/sabrina-moh-proclamada-secretaria-general-del-psoe-de-melilla\/#primaryimage\"},\"thumbnailUrl\":\"https:\/\/agrupacionespsoe.es\/melilla\/wp-content\/uploads\/sites\/120\/2025\/01\/WhatsApp-Image-2025-01-28-at-17.59.48-4.jpeg\",\"datePublished\":\"2025-01-28T17:58:49+00:00\",\"dateModified\":\"2025-01-28T17:58:50+00:00\",\"breadcrumb\":{\"@id\":\"https:\/\/agrupacionespsoe.es\/melilla\/sabrina-moh-proclamada-secretaria-general-del-psoe-de-melilla\/#breadcrumb\"},\"inLanguage\":\"es\",\"potentialAction\":[{\"@type\":\"ReadAction\",\"target\":[\"https:\/\/agrupacionespsoe.es\/melilla\/sabrina-moh-proclamada-secretaria-general-del-psoe-de-melilla\/\"]}]},{\"@type\":\"ImageObject\",\"inLanguage\":\"es\",\"@id\":\"https:\/\/agrupacionespsoe.es\/melilla\/sabrina-moh-proclamada-secretaria-general-del-psoe-de-melilla\/#primaryimage\",\"url\":\"https:\/\/agrupacionespsoe.es\/melilla\/wp-content\/uploads\/sites\/120\/2025\/01\/WhatsApp-Image-2025-01-28-at-17.59.48-4.jpeg\",\"contentUrl\":\"https:\/\/agrupacionespsoe.es\/melilla\/wp-content\/uploads\/sites\/120\/2025\/01\/WhatsApp-Image-2025-01-28-at-17.59.48-4.jpeg\",\"width\":2560,\"height\":1706},{\"@type\":\"BreadcrumbList\",\"@id\":\"https:\/\/agrupacionespsoe.es\/melilla\/sabrina-moh-proclamada-secretaria-general-del-psoe-de-melilla\/#breadcrumb\",\"itemListElement\":[{\"@type\":\"ListItem\",\"position\":1,\"name\":\"Portada\",\"item\":\"https:\/\/agrupacionespsoe.es\/melilla\/\"},{\"@type\":\"ListItem\",\"position\":2,\"name\":\"Sabrina Moh proclamada Secretaria General del PSOE de Melilla\u00a0\"}]},{\"@type\":\"WebSite\",\"@id\":\"https:\/\/agrupacionespsoe.es\/melilla\/#website\",\"url\":\"https:\/\/agrupacionespsoe.es\/melilla\/\",\"name\":\"Agrupaci\u00f3n Socialista de Melilla\",\"description\":\"Agrupaci\u00f3n Socialista de Melilla\",\"publisher\":{\"@id\":\"https:\/\/agrupacionespsoe.es\/melilla\/#organization\"},\"potentialAction\":[{\"@type\":\"SearchAction\",\"target\":{\"@type\":\"EntryPoint\",\"urlTemplate\":\"https:\/\/agrupacionespsoe.es\/melilla\/?s={search_term_string}\"},\"query-input\":{\"@type\":\"PropertyValueSpecification\",\"valueRequired\":true,\"valueName\":\"search_term_string\"}}],\"inLanguage\":\"es\"},{\"@type\":\"Organization\",\"@id\":\"https:\/\/agrupacionespsoe.es\/melilla\/#organization\",\"name\":\"Agrupaci\u00f3n Socialista de Melilla\",\"url\":\"https:\/\/agrupacionespsoe.es\/melilla\/\",\"logo\":{\"@type\":\"ImageObject\",\"inLanguage\":\"es\",\"@id\":\"https:\/\/agrupacionespsoe.es\/melilla\/#\/schema\/logo\/image\/\",\"url\":\"https:\/\/agrupacionespsoe.es\/wp-content\/uploads\/2022\/07\/Logotipo_electoral_del_PSOE.png\",\"contentUrl\":\"https:\/\/agrupacionespsoe.es\/wp-content\/uploads\/2022\/07\/Logotipo_electoral_del_PSOE.png\",\"width\":422,\"height\":422,\"caption\":\"Agrupaci\u00f3n Socialista de Melilla\"},\"image\":{\"@id\":\"https:\/\/agrupacionespsoe.es\/melilla\/#\/schema\/logo\/image\/\"}},{\"@type\":\"Person\",\"@id\":\"https:\/\/agrupacionespsoe.es\/melilla\/#\/schema\/person\/72bb3075a827d0ed0623682b96c92bd6\",\"name\":\"melilla2\",\"image\":{\"@type\":\"ImageObject\",\"inLanguage\":\"es\",\"@id\":\"https:\/\/agrupacionespsoe.es\/melilla\/#\/schema\/person\/image\/\",\"url\":\"https:\/\/secure.gravatar.com\/avatar\/489a178e794e59f00db13a448aabca16?s=96&d=mm&r=g\",\"contentUrl\":\"https:\/\/secure.gravatar.com\/avatar\/489a178e794e59f00db13a448aabca16?s=96&d=mm&r=g\",\"caption\":\"melilla2\"},\"url\":\"https:\/\/agrupacionespsoe.es\/melilla\/author\/melilla2\/\"}]}<\/script>\n<!-- \/ Yoast SEO plugin. -->","yoast_head_json":{"title":"Sabrina Moh proclamada Secretaria General del PSOE de Melilla\u00a0 - Agrupaci\u00f3n Socialista de Melilla","robots":{"index":"index","follow":"follow","max-snippet":"max-snippet:-1","max-image-preview":"max-image-preview:large","max-video-preview":"max-video-preview:-1"},"canonical":"https:\/\/agrupacionespsoe.es\/melilla\/sabrina-moh-proclamada-secretaria-general-del-psoe-de-melilla\/","og_locale":"es_ES","og_type":"article","og_title":"Sabrina Moh proclamada Secretaria General del PSOE de Melilla\u00a0 - Agrupaci\u00f3n Socialista de Melilla","og_description":"El resto de \u00f3rganos de la formaci\u00f3n as\u00ed como la ponencia marco se aprobar\u00e1n en el Congreso Regional, los d\u00edas 15 y 16 de marzo Sabrina Moh ha sido proclamada Secretaria General del PSOE de Melilla tras ser la \u00fanica candidatura que se ha presentado para liderar la formaci\u00f3n socialista local. La Comisi\u00f3n Regional de ...","og_url":"https:\/\/agrupacionespsoe.es\/melilla\/sabrina-moh-proclamada-secretaria-general-del-psoe-de-melilla\/","og_site_name":"Agrupaci\u00f3n Socialista de Melilla","article_published_time":"2025-01-28T17:58:49+00:00","article_modified_time":"2025-01-28T17:58:50+00:00","og_image":[{"width":2560,"height":1706,"url":"https:\/\/agrupacionespsoe.es\/melilla\/wp-content\/uploads\/sites\/120\/2025\/01\/WhatsApp-Image-2025-01-28-at-17.59.48-4.jpeg","type":"image\/jpeg"}],"author":"melilla2","twitter_card":"summary_large_image","twitter_misc":{"Escrito por":"melilla2","Tiempo de lectura":"2 minutos"},"schema":{"@context":"https:\/\/schema.org","@graph":[{"@type":"Article","@id":"https:\/\/agrupacionespsoe.es\/melilla\/sabrina-moh-proclamada-secretaria-general-del-psoe-de-melilla\/#article","isPartOf":{"@id":"https:\/\/agrupacionespsoe.es\/melilla\/sabrina-moh-proclamada-secretaria-general-del-psoe-de-melilla\/"},"author":{"name":"melilla2","@id":"https:\/\/agrupacionespsoe.es\/melilla\/#\/schema\/person\/72bb3075a827d0ed0623682b96c92bd6"},"headline":"Sabrina Moh proclamada Secretaria General del PSOE de Melilla\u00a0","datePublished":"2025-01-28T17:58:49+00:00","dateModified":"2025-01-28T17:58:50+00:00","mainEntityOfPage":{"@id":"https:\/\/agrupacionespsoe.es\/melilla\/sabrina-moh-proclamada-secretaria-general-del-psoe-de-melilla\/"},"wordCount":217,"commentCount":0,"publisher":{"@id":"https:\/\/agrupacionespsoe.es\/melilla\/#organization"},"image":{"@id":"https:\/\/agrupacionespsoe.es\/melilla\/sabrina-moh-proclamada-secretaria-general-del-psoe-de-melilla\/#primaryimage"},"thumbnailUrl":"https:\/\/agrupacionespsoe.es\/melilla\/wp-content\/uploads\/sites\/120\/2025\/01\/WhatsApp-Image-2025-01-28-at-17.59.48-4.jpeg","inLanguage":"es","potentialAction":[{"@type":"CommentAction","name":"Comment","target":["https:\/\/agrupacionespsoe.es\/melilla\/sabrina-moh-proclamada-secretaria-general-del-psoe-de-melilla\/#respond"]}]},{"@type":"WebPage","@id":"https:\/\/agrupacionespsoe.es\/melilla\/sabrina-moh-proclamada-secretaria-general-del-psoe-de-melilla\/","url":"https:\/\/agrupacionespsoe.es\/melilla\/sabrina-moh-proclamada-secretaria-general-del-psoe-de-melilla\/","name":"Sabrina Moh proclamada Secretaria General del PSOE de Melilla\u00a0 - Agrupaci\u00f3n Socialista de Melilla","isPartOf":{"@id":"https:\/\/agrupacionespsoe.es\/melilla\/#website"},"primaryImageOfPage":{"@id":"https:\/\/agrupacionespsoe.es\/melilla\/sabrina-moh-proclamada-secretaria-general-del-psoe-de-melilla\/#primaryimage"},"image":{"@id":"https:\/\/agrupacionespsoe.es\/melilla\/sabrina-moh-proclamada-secretaria-general-del-psoe-de-melilla\/#primaryimage"},"thumbnailUrl":"https:\/\/agrupacionespsoe.es\/melilla\/wp-content\/uploads\/sites\/120\/2025\/01\/WhatsApp-Image-2025-01-28-at-17.59.48-4.jpeg","datePublished":"2025-01-28T17:58:49+00:00","dateModified":"2025-01-28T17:58:50+00:00","breadcrumb":{"@id":"https:\/\/agrupacionespsoe.es\/melilla\/sabrina-moh-proclamada-secretaria-general-del-psoe-de-melilla\/#breadcrumb"},"inLanguage":"es","potentialAction":[{"@type":"ReadAction","target":["https:\/\/agrupacionespsoe.es\/melilla\/sabrina-moh-proclamada-secretaria-general-del-psoe-de-melilla\/"]}]},{"@type":"ImageObject","inLanguage":"es","@id":"https:\/\/agrupacionespsoe.es\/melilla\/sabrina-moh-proclamada-secretaria-general-del-psoe-de-melilla\/#primaryimage","url":"https:\/\/agrupacionespsoe.es\/melilla\/wp-content\/uploads\/sites\/120\/2025\/01\/WhatsApp-Image-2025-01-28-at-17.59.48-4.jpeg","contentUrl":"https:\/\/agrupacionespsoe.es\/melilla\/wp-content\/uploads\/sites\/120\/2025\/01\/WhatsApp-Image-2025-01-28-at-17.59.48-4.jpeg","width":2560,"height":1706},{"@type":"BreadcrumbList","@id":"https:\/\/agrupacionespsoe.es\/melilla\/sabrina-moh-proclamada-secretaria-general-del-psoe-de-melilla\/#breadcrumb","itemListElement":[{"@type":"ListItem","position":1,"name":"Portada","item":"https:\/\/agrupacionespsoe.es\/melilla\/"},{"@type":"ListItem","position":2,"name":"Sabrina Moh proclamada Secretaria General del PSOE de Melilla\u00a0"}]},{"@type":"WebSite","@id":"https:\/\/agrupacionespsoe.es\/melilla\/#website","url":"https:\/\/agrupacionespsoe.es\/melilla\/","name":"Agrupaci\u00f3n Socialista de Melilla","description":"Agrupaci\u00f3n Socialista de Melilla","publisher":{"@id":"https:\/\/agrupacionespsoe.es\/melilla\/#organization"},"potentialAction":[{"@type":"SearchAction","target":{"@type":"EntryPoint","urlTemplate":"https:\/\/agrupacionespsoe.es\/melilla\/?s={search_term_string}"},"query-input":{"@type":"PropertyValueSpecification","valueRequired":true,"valueName":"search_term_string"}}],"inLanguage":"es"},{"@type":"Organization","@id":"https:\/\/agrupacionespsoe.es\/melilla\/#organization","name":"Agrupaci\u00f3n Socialista de Melilla","url":"https:\/\/agrupacionespsoe.es\/melilla\/","logo":{"@type":"ImageObject","inLanguage":"es","@id":"https:\/\/agrupacionespsoe.es\/melilla\/#\/schema\/logo\/image\/","url":"https:\/\/agrupacionespsoe.es\/wp-content\/uploads\/2022\/07\/Logotipo_electoral_del_PSOE.png","contentUrl":"https:\/\/agrupacionespsoe.es\/wp-content\/uploads\/2022\/07\/Logotipo_electoral_del_PSOE.png","width":422,"height":422,"caption":"Agrupaci\u00f3n Socialista de Melilla"},"image":{"@id":"https:\/\/agrupacionespsoe.es\/melilla\/#\/schema\/logo\/image\/"}},{"@type":"Person","@id":"https:\/\/agrupacionespsoe.es\/melilla\/#\/schema\/person\/72bb3075a827d0ed0623682b96c92bd6","name":"melilla2","image":{"@type":"ImageObject","inLanguage":"es","@id":"https:\/\/agrupacionespsoe.es\/melilla\/#\/schema\/person\/image\/","url":"https:\/\/secure.gravatar.com\/avatar\/489a178e794e59f00db13a448aabca16?s=96&d=mm&r=g","contentUrl":"https:\/\/secure.gravatar.com\/avatar\/489a178e794e59f00db13a448aabca16?s=96&d=mm&r=g","caption":"melilla2"},"url":"https:\/\/agrupacionespsoe.es\/melilla\/author\/melilla2\/"}]}},"jetpack_featured_media_url":"https:\/\/agrupacionespsoe.es\/melilla\/wp-content\/uploads\/sites\/120\/2025\/01\/WhatsApp-Image-2025-01-28-at-17.59.48-4.jpeg","jetpack_sharing_enabled":true,"_links":{"self":[{"href":"https:\/\/agrupacionespsoe.es\/melilla\/wp-json\/wp\/v2\/posts\/1556","targetHints":{"allow":["GET"]}}],"collection":[{"href":"https:\/\/agrupacionespsoe.es\/melilla\/wp-json\/wp\/v2\/posts"}],"about":[{"href":"https:\/\/agrupacionespsoe.es\/melilla\/wp-json\/wp\/v2\/types\/post"}],"author":[{"embeddable":true,"href":"https:\/\/agrupacionespsoe.es\/melilla\/wp-json\/wp\/v2\/users\/187"}],"replies":[{"embeddable":true,"href":"https:\/\/agrupacionespsoe.es\/melilla\/wp-json\/wp\/v2\/comments?post=1556"}],"version-history":[{"count":1,"href":"https:\/\/agrupacionespsoe.es\/melilla\/wp-json\/wp\/v2\/posts\/1556\/revisions"}],"predecessor-version":[{"id":1558,"href":"https:\/\/agrupacionespsoe.es\/melilla\/wp-json\/wp\/v2\/posts\/1556\/revisions\/1558"}],"wp:featuredmedia":[{"embeddable":true,"href":"https:\/\/agrupacionespsoe.es\/melilla\/wp-json\/wp\/v2\/media\/1557"}],"wp:attachment":[{"href":"https:\/\/agrupacionespsoe.es\/melilla\/wp-json\/wp\/v2\/media?parent=1556"}],"wp:term":[{"taxonomy":"category","embeddable":true,"href":"https:\/\/agrupacionespsoe.es\/melilla\/wp-json\/wp\/v2\/categories?post=1556"},{"taxonomy":"post_tag","embeddable":true,"href":"https:\/\/agrupacionespsoe.es\/melilla\/wp-json\/wp\/v2\/tags?post=1556"}],"curies":[{"name":"wp","href":"https:\/\/api.w.org\/{rel}","templated":true}]}}