{"id":1550,"date":"2025-01-26T10:06:59","date_gmt":"2025-01-26T10:06:59","guid":{"rendered":"https:\/\/agrupacionespsoe.es\/melilla\/?p=1550"},"modified":"2025-01-28T09:50:19","modified_gmt":"2025-01-28T09:50:19","slug":"el-psoe-de-melilla-llevara-a-cabo-su-15o-congreso-regional-el-15-y-16-de-marzo","status":"publish","type":"post","link":"https:\/\/agrupacionespsoe.es\/melilla\/el-psoe-de-melilla-llevara-a-cabo-su-15o-congreso-regional-el-15-y-16-de-marzo\/","title":{"rendered":"El PSOE de Melilla llevar\u00e1 a cabo su 15\u00ba Congreso Regional el 15 y 16 de marzo"},"content":{"rendered":"\n<p><strong>La agrupaci\u00f3n socialista ha informado a sus militantes del calendario para el proceso de primarias para la Secretar\u00eda General<\/strong><\/p>\n\n\n\n<figure class=\"wp-block-image size-large\"><img loading=\"lazy\" decoding=\"async\" width=\"1024\" height=\"683\" src=\"https:\/\/agrupacionespsoe.es\/melilla\/wp-content\/uploads\/sites\/120\/2025\/01\/408897552_803176655185347_8496820233166176638_n-1024x683.jpg\" alt=\"\" class=\"wp-image-1551\" srcset=\"https:\/\/agrupacionespsoe.es\/melilla\/wp-content\/uploads\/sites\/120\/2025\/01\/408897552_803176655185347_8496820233166176638_n-1024x683.jpg 1024w, https:\/\/agrupacionespsoe.es\/melilla\/wp-content\/uploads\/sites\/120\/2025\/01\/408897552_803176655185347_8496820233166176638_n-300x200.jpg 300w, https:\/\/agrupacionespsoe.es\/melilla\/wp-content\/uploads\/sites\/120\/2025\/01\/408897552_803176655185347_8496820233166176638_n-768x512.jpg 768w, https:\/\/agrupacionespsoe.es\/melilla\/wp-content\/uploads\/sites\/120\/2025\/01\/408897552_803176655185347_8496820233166176638_n-1536x1024.jpg 1536w, https:\/\/agrupacionespsoe.es\/melilla\/wp-content\/uploads\/sites\/120\/2025\/01\/408897552_803176655185347_8496820233166176638_n.jpg 2048w\" sizes=\"auto, (max-width: 1024px) 100vw, 1024px\" \/><\/figure>\n\n\n\n<p>La Comisi\u00f3n Ejecutiva Regional del PSOE de Melilla, llevar\u00e1 a cabo su 15\u00ba Congreso Regional los pr\u00f3ximos 15 y 16 de marzo. Un conclave que, tal y como recogen los Estatutos Federales, se deben desarrollar en todos los territorios tras la celebraci\u00f3n del Congreso Federal del PSOE, que tuvo lugar en la capital hispalense a finales de noviembre.<\/p>\n\n\n\n<p>Una decisi\u00f3n que el \u00f3rgano ejecutivo de la formaci\u00f3n ha comunicado a sus afiliados, a los que ha trasladado el calendario para este proceso de primarias para la elecci\u00f3n de la persona que ocupe la Secretar\u00eda General de la formaci\u00f3n y el posterior c\u00f3nclave.<\/p>\n\n\n\n<p>As\u00ed, tal y como se ha acordado, la presentaci\u00f3n de candidaturas ser\u00e1 el d\u00eda 27 de enero. La recogida y presentaci\u00f3n de avales podr\u00e1 hacerse desde el 28 de enero hasta el 3 de febrero y la proclamaci\u00f3n provisional de candidatos tendr\u00e1 lugar ese mismo d\u00eda, es decir, el 3 de febrero.<\/p>\n\n\n\n<p>En caso de que haya dos o m\u00e1s candidatos, la campa\u00f1a de informaci\u00f3n tendr\u00e1 lugar entre los d\u00edas 6 y 15 de febrero y la jornada de votaci\u00f3n ser\u00e1 el 16 de febrero. De ser necesario, la segunda vuelta en la jornada de votaci\u00f3n se producir\u00eda el 23 de febrero y la proclamaci\u00f3n del m\u00e1s votado tendr\u00e1 lugar el 27 de febrero.<\/p>\n\n\n\n<p>Durante la celebraci\u00f3n del Congreso Regional, que tendr\u00e1 lugar entre los 15 y 16 de marzo, se elegir\u00e1 el resto de \u00f3rganos de la agrupaci\u00f3n socialista, como la Comisi\u00f3n Ejecutiva Regional (CER), la Comisi\u00f3n Regional de \u00c9tica y uno de los representantes del Comit\u00e9 Federal, entre otros.<\/p>\n\n\n\n<p>En caso de que se haya proclamado una \u00fanica predicandidatura a un \u00fanico precandidato alcance el n\u00famero m\u00ednimo de avales, el \u00f3rgano verificador le proclamar\u00e1 Secretario General.<\/p>\n","protected":false},"excerpt":{"rendered":"<p>La agrupaci\u00f3n socialista ha informado a sus militantes del calendario para el proceso de primarias para la Secretar\u00eda General La Comisi\u00f3n Ejecutiva Regional del PSOE de Melilla, llevar\u00e1 a cabo su 15\u00ba Congreso Regional los pr\u00f3ximos 15 y 16 de marzo. Un conclave que, tal y como recogen los Estatutos Federales, se deben desarrollar en &#8230;<\/p>\n","protected":false},"author":187,"featured_media":0,"comment_status":"open","ping_status":"open","sticky":false,"template":"","format":"standard","meta":{"_jetpack_memberships_contains_paid_content":false,"footnotes":""},"categories":[1],"tags":[],"class_list":["post-1550","post","type-post","status-publish","format-standard","hentry","category-sin-categoria"],"yoast_head":"<!-- This site is optimized with the Yoast SEO plugin v24.0 - https:\/\/yoast.com\/wordpress\/plugins\/seo\/ -->\n<title>El PSOE de Melilla llevar\u00e1 a cabo su 15\u00ba Congreso Regional el 15 y 16 de marzo - Agrupaci\u00f3n Socialista de Melilla<\/title>\n<meta name=\"robots\" content=\"index, follow, max-snippet:-1, max-image-preview:large, max-video-preview:-1\" \/>\n<link rel=\"canonical\" href=\"https:\/\/agrupacionespsoe.es\/melilla\/el-psoe-de-melilla-llevara-a-cabo-su-15o-congreso-regional-el-15-y-16-de-marzo\/\" \/>\n<meta property=\"og:locale\" content=\"es_ES\" \/>\n<meta property=\"og:type\" content=\"article\" \/>\n<meta property=\"og:title\" content=\"El PSOE de Melilla llevar\u00e1 a cabo su 15\u00ba Congreso Regional el 15 y 16 de marzo - Agrupaci\u00f3n Socialista de Melilla\" \/>\n<meta property=\"og:description\" content=\"La agrupaci\u00f3n socialista ha informado a sus militantes del calendario para el proceso de primarias para la Secretar\u00eda General La Comisi\u00f3n Ejecutiva Regional del PSOE de Melilla, llevar\u00e1 a cabo su 15\u00ba Congreso Regional los pr\u00f3ximos 15 y 16 de marzo. Un conclave que, tal y como recogen los Estatutos Federales, se deben desarrollar en ...\" \/>\n<meta property=\"og:url\" content=\"https:\/\/agrupacionespsoe.es\/melilla\/el-psoe-de-melilla-llevara-a-cabo-su-15o-congreso-regional-el-15-y-16-de-marzo\/\" \/>\n<meta property=\"og:site_name\" content=\"Agrupaci\u00f3n Socialista de Melilla\" \/>\n<meta property=\"article:published_time\" content=\"2025-01-26T10:06:59+00:00\" \/>\n<meta property=\"article:modified_time\" content=\"2025-01-28T09:50:19+00:00\" \/>\n<meta property=\"og:image\" content=\"https:\/\/agrupacionespsoe.es\/melilla\/wp-content\/uploads\/sites\/120\/2025\/01\/408897552_803176655185347_8496820233166176638_n.jpg\" \/>\n\t<meta property=\"og:image:width\" content=\"2048\" \/>\n\t<meta property=\"og:image:height\" content=\"1365\" \/>\n\t<meta property=\"og:image:type\" content=\"image\/jpeg\" \/>\n<meta name=\"author\" content=\"melilla2\" \/>\n<meta name=\"twitter:card\" content=\"summary_large_image\" \/>\n<meta name=\"twitter:label1\" content=\"Escrito por\" \/>\n\t<meta name=\"twitter:data1\" content=\"melilla2\" \/>\n\t<meta name=\"twitter:label2\" content=\"Tiempo de lectura\" \/>\n\t<meta name=\"twitter:data2\" content=\"2 minutos\" \/>\n<script type=\"application\/ld+json\" class=\"yoast-schema-graph\">{\"@context\":\"https:\/\/schema.org\",\"@graph\":[{\"@type\":\"Article\",\"@id\":\"https:\/\/agrupacionespsoe.es\/melilla\/el-psoe-de-melilla-llevara-a-cabo-su-15o-congreso-regional-el-15-y-16-de-marzo\/#article\",\"isPartOf\":{\"@id\":\"https:\/\/agrupacionespsoe.es\/melilla\/el-psoe-de-melilla-llevara-a-cabo-su-15o-congreso-regional-el-15-y-16-de-marzo\/\"},\"author\":{\"name\":\"melilla2\",\"@id\":\"https:\/\/agrupacionespsoe.es\/melilla\/#\/schema\/person\/72bb3075a827d0ed0623682b96c92bd6\"},\"headline\":\"El PSOE de Melilla llevar\u00e1 a cabo su 15\u00ba Congreso Regional el 15 y 16 de marzo\",\"datePublished\":\"2025-01-26T10:06:59+00:00\",\"dateModified\":\"2025-01-28T09:50:19+00:00\",\"mainEntityOfPage\":{\"@id\":\"https:\/\/agrupacionespsoe.es\/melilla\/el-psoe-de-melilla-llevara-a-cabo-su-15o-congreso-regional-el-15-y-16-de-marzo\/\"},\"wordCount\":340,\"commentCount\":0,\"publisher\":{\"@id\":\"https:\/\/agrupacionespsoe.es\/melilla\/#organization\"},\"image\":{\"@id\":\"https:\/\/agrupacionespsoe.es\/melilla\/el-psoe-de-melilla-llevara-a-cabo-su-15o-congreso-regional-el-15-y-16-de-marzo\/#primaryimage\"},\"thumbnailUrl\":\"https:\/\/agrupacionespsoe.es\/melilla\/wp-content\/uploads\/sites\/120\/2025\/01\/408897552_803176655185347_8496820233166176638_n-1024x683.jpg\",\"inLanguage\":\"es\",\"potentialAction\":[{\"@type\":\"CommentAction\",\"name\":\"Comment\",\"target\":[\"https:\/\/agrupacionespsoe.es\/melilla\/el-psoe-de-melilla-llevara-a-cabo-su-15o-congreso-regional-el-15-y-16-de-marzo\/#respond\"]}]},{\"@type\":\"WebPage\",\"@id\":\"https:\/\/agrupacionespsoe.es\/melilla\/el-psoe-de-melilla-llevara-a-cabo-su-15o-congreso-regional-el-15-y-16-de-marzo\/\",\"url\":\"https:\/\/agrupacionespsoe.es\/melilla\/el-psoe-de-melilla-llevara-a-cabo-su-15o-congreso-regional-el-15-y-16-de-marzo\/\",\"name\":\"El PSOE de Melilla llevar\u00e1 a cabo su 15\u00ba Congreso Regional el 15 y 16 de marzo - Agrupaci\u00f3n Socialista de Melilla\",\"isPartOf\":{\"@id\":\"https:\/\/agrupacionespsoe.es\/melilla\/#website\"},\"primaryImageOfPage\":{\"@id\":\"https:\/\/agrupacionespsoe.es\/melilla\/el-psoe-de-melilla-llevara-a-cabo-su-15o-congreso-regional-el-15-y-16-de-marzo\/#primaryimage\"},\"image\":{\"@id\":\"https:\/\/agrupacionespsoe.es\/melilla\/el-psoe-de-melilla-llevara-a-cabo-su-15o-congreso-regional-el-15-y-16-de-marzo\/#primaryimage\"},\"thumbnailUrl\":\"https:\/\/agrupacionespsoe.es\/melilla\/wp-content\/uploads\/sites\/120\/2025\/01\/408897552_803176655185347_8496820233166176638_n-1024x683.jpg\",\"datePublished\":\"2025-01-26T10:06:59+00:00\",\"dateModified\":\"2025-01-28T09:50:19+00:00\",\"breadcrumb\":{\"@id\":\"https:\/\/agrupacionespsoe.es\/melilla\/el-psoe-de-melilla-llevara-a-cabo-su-15o-congreso-regional-el-15-y-16-de-marzo\/#breadcrumb\"},\"inLanguage\":\"es\",\"potentialAction\":[{\"@type\":\"ReadAction\",\"target\":[\"https:\/\/agrupacionespsoe.es\/melilla\/el-psoe-de-melilla-llevara-a-cabo-su-15o-congreso-regional-el-15-y-16-de-marzo\/\"]}]},{\"@type\":\"ImageObject\",\"inLanguage\":\"es\",\"@id\":\"https:\/\/agrupacionespsoe.es\/melilla\/el-psoe-de-melilla-llevara-a-cabo-su-15o-congreso-regional-el-15-y-16-de-marzo\/#primaryimage\",\"url\":\"https:\/\/agrupacionespsoe.es\/melilla\/wp-content\/uploads\/sites\/120\/2025\/01\/408897552_803176655185347_8496820233166176638_n.jpg\",\"contentUrl\":\"https:\/\/agrupacionespsoe.es\/melilla\/wp-content\/uploads\/sites\/120\/2025\/01\/408897552_803176655185347_8496820233166176638_n.jpg\",\"width\":2048,\"height\":1365},{\"@type\":\"BreadcrumbList\",\"@id\":\"https:\/\/agrupacionespsoe.es\/melilla\/el-psoe-de-melilla-llevara-a-cabo-su-15o-congreso-regional-el-15-y-16-de-marzo\/#breadcrumb\",\"itemListElement\":[{\"@type\":\"ListItem\",\"position\":1,\"name\":\"Portada\",\"item\":\"https:\/\/agrupacionespsoe.es\/melilla\/\"},{\"@type\":\"ListItem\",\"position\":2,\"name\":\"El PSOE de Melilla llevar\u00e1 a cabo su 15\u00ba Congreso Regional el 15 y 16 de marzo\"}]},{\"@type\":\"WebSite\",\"@id\":\"https:\/\/agrupacionespsoe.es\/melilla\/#website\",\"url\":\"https:\/\/agrupacionespsoe.es\/melilla\/\",\"name\":\"Agrupaci\u00f3n Socialista de Melilla\",\"description\":\"Agrupaci\u00f3n Socialista de Melilla\",\"publisher\":{\"@id\":\"https:\/\/agrupacionespsoe.es\/melilla\/#organization\"},\"potentialAction\":[{\"@type\":\"SearchAction\",\"target\":{\"@type\":\"EntryPoint\",\"urlTemplate\":\"https:\/\/agrupacionespsoe.es\/melilla\/?s={search_term_string}\"},\"query-input\":{\"@type\":\"PropertyValueSpecification\",\"valueRequired\":true,\"valueName\":\"search_term_string\"}}],\"inLanguage\":\"es\"},{\"@type\":\"Organization\",\"@id\":\"https:\/\/agrupacionespsoe.es\/melilla\/#organization\",\"name\":\"Agrupaci\u00f3n Socialista de Melilla\",\"url\":\"https:\/\/agrupacionespsoe.es\/melilla\/\",\"logo\":{\"@type\":\"ImageObject\",\"inLanguage\":\"es\",\"@id\":\"https:\/\/agrupacionespsoe.es\/melilla\/#\/schema\/logo\/image\/\",\"url\":\"https:\/\/agrupacionespsoe.es\/wp-content\/uploads\/2022\/07\/Logotipo_electoral_del_PSOE.png\",\"contentUrl\":\"https:\/\/agrupacionespsoe.es\/wp-content\/uploads\/2022\/07\/Logotipo_electoral_del_PSOE.png\",\"width\":422,\"height\":422,\"caption\":\"Agrupaci\u00f3n Socialista de Melilla\"},\"image\":{\"@id\":\"https:\/\/agrupacionespsoe.es\/melilla\/#\/schema\/logo\/image\/\"}},{\"@type\":\"Person\",\"@id\":\"https:\/\/agrupacionespsoe.es\/melilla\/#\/schema\/person\/72bb3075a827d0ed0623682b96c92bd6\",\"name\":\"melilla2\",\"image\":{\"@type\":\"ImageObject\",\"inLanguage\":\"es\",\"@id\":\"https:\/\/agrupacionespsoe.es\/melilla\/#\/schema\/person\/image\/\",\"url\":\"https:\/\/secure.gravatar.com\/avatar\/489a178e794e59f00db13a448aabca16?s=96&d=mm&r=g\",\"contentUrl\":\"https:\/\/secure.gravatar.com\/avatar\/489a178e794e59f00db13a448aabca16?s=96&d=mm&r=g\",\"caption\":\"melilla2\"},\"url\":\"https:\/\/agrupacionespsoe.es\/melilla\/author\/melilla2\/\"}]}<\/script>\n<!-- \/ Yoast SEO plugin. -->","yoast_head_json":{"title":"El PSOE de Melilla llevar\u00e1 a cabo su 15\u00ba Congreso Regional el 15 y 16 de marzo - Agrupaci\u00f3n Socialista de Melilla","robots":{"index":"index","follow":"follow","max-snippet":"max-snippet:-1","max-image-preview":"max-image-preview:large","max-video-preview":"max-video-preview:-1"},"canonical":"https:\/\/agrupacionespsoe.es\/melilla\/el-psoe-de-melilla-llevara-a-cabo-su-15o-congreso-regional-el-15-y-16-de-marzo\/","og_locale":"es_ES","og_type":"article","og_title":"El PSOE de Melilla llevar\u00e1 a cabo su 15\u00ba Congreso Regional el 15 y 16 de marzo - Agrupaci\u00f3n Socialista de Melilla","og_description":"La agrupaci\u00f3n socialista ha informado a sus militantes del calendario para el proceso de primarias para la Secretar\u00eda General La Comisi\u00f3n Ejecutiva Regional del PSOE de Melilla, llevar\u00e1 a cabo su 15\u00ba Congreso Regional los pr\u00f3ximos 15 y 16 de marzo. Un conclave que, tal y como recogen los Estatutos Federales, se deben desarrollar en ...","og_url":"https:\/\/agrupacionespsoe.es\/melilla\/el-psoe-de-melilla-llevara-a-cabo-su-15o-congreso-regional-el-15-y-16-de-marzo\/","og_site_name":"Agrupaci\u00f3n Socialista de Melilla","article_published_time":"2025-01-26T10:06:59+00:00","article_modified_time":"2025-01-28T09:50:19+00:00","og_image":[{"width":2048,"height":1365,"url":"https:\/\/agrupacionespsoe.es\/melilla\/wp-content\/uploads\/sites\/120\/2025\/01\/408897552_803176655185347_8496820233166176638_n.jpg","type":"image\/jpeg"}],"author":"melilla2","twitter_card":"summary_large_image","twitter_misc":{"Escrito por":"melilla2","Tiempo de lectura":"2 minutos"},"schema":{"@context":"https:\/\/schema.org","@graph":[{"@type":"Article","@id":"https:\/\/agrupacionespsoe.es\/melilla\/el-psoe-de-melilla-llevara-a-cabo-su-15o-congreso-regional-el-15-y-16-de-marzo\/#article","isPartOf":{"@id":"https:\/\/agrupacionespsoe.es\/melilla\/el-psoe-de-melilla-llevara-a-cabo-su-15o-congreso-regional-el-15-y-16-de-marzo\/"},"author":{"name":"melilla2","@id":"https:\/\/agrupacionespsoe.es\/melilla\/#\/schema\/person\/72bb3075a827d0ed0623682b96c92bd6"},"headline":"El PSOE de Melilla llevar\u00e1 a cabo su 15\u00ba Congreso Regional el 15 y 16 de marzo","datePublished":"2025-01-26T10:06:59+00:00","dateModified":"2025-01-28T09:50:19+00:00","mainEntityOfPage":{"@id":"https:\/\/agrupacionespsoe.es\/melilla\/el-psoe-de-melilla-llevara-a-cabo-su-15o-congreso-regional-el-15-y-16-de-marzo\/"},"wordCount":340,"commentCount":0,"publisher":{"@id":"https:\/\/agrupacionespsoe.es\/melilla\/#organization"},"image":{"@id":"https:\/\/agrupacionespsoe.es\/melilla\/el-psoe-de-melilla-llevara-a-cabo-su-15o-congreso-regional-el-15-y-16-de-marzo\/#primaryimage"},"thumbnailUrl":"https:\/\/agrupacionespsoe.es\/melilla\/wp-content\/uploads\/sites\/120\/2025\/01\/408897552_803176655185347_8496820233166176638_n-1024x683.jpg","inLanguage":"es","potentialAction":[{"@type":"CommentAction","name":"Comment","target":["https:\/\/agrupacionespsoe.es\/melilla\/el-psoe-de-melilla-llevara-a-cabo-su-15o-congreso-regional-el-15-y-16-de-marzo\/#respond"]}]},{"@type":"WebPage","@id":"https:\/\/agrupacionespsoe.es\/melilla\/el-psoe-de-melilla-llevara-a-cabo-su-15o-congreso-regional-el-15-y-16-de-marzo\/","url":"https:\/\/agrupacionespsoe.es\/melilla\/el-psoe-de-melilla-llevara-a-cabo-su-15o-congreso-regional-el-15-y-16-de-marzo\/","name":"El PSOE de Melilla llevar\u00e1 a cabo su 15\u00ba Congreso Regional el 15 y 16 de marzo - Agrupaci\u00f3n Socialista de Melilla","isPartOf":{"@id":"https:\/\/agrupacionespsoe.es\/melilla\/#website"},"primaryImageOfPage":{"@id":"https:\/\/agrupacionespsoe.es\/melilla\/el-psoe-de-melilla-llevara-a-cabo-su-15o-congreso-regional-el-15-y-16-de-marzo\/#primaryimage"},"image":{"@id":"https:\/\/agrupacionespsoe.es\/melilla\/el-psoe-de-melilla-llevara-a-cabo-su-15o-congreso-regional-el-15-y-16-de-marzo\/#primaryimage"},"thumbnailUrl":"https:\/\/agrupacionespsoe.es\/melilla\/wp-content\/uploads\/sites\/120\/2025\/01\/408897552_803176655185347_8496820233166176638_n-1024x683.jpg","datePublished":"2025-01-26T10:06:59+00:00","dateModified":"2025-01-28T09:50:19+00:00","breadcrumb":{"@id":"https:\/\/agrupacionespsoe.es\/melilla\/el-psoe-de-melilla-llevara-a-cabo-su-15o-congreso-regional-el-15-y-16-de-marzo\/#breadcrumb"},"inLanguage":"es","potentialAction":[{"@type":"ReadAction","target":["https:\/\/agrupacionespsoe.es\/melilla\/el-psoe-de-melilla-llevara-a-cabo-su-15o-congreso-regional-el-15-y-16-de-marzo\/"]}]},{"@type":"ImageObject","inLanguage":"es","@id":"https:\/\/agrupacionespsoe.es\/melilla\/el-psoe-de-melilla-llevara-a-cabo-su-15o-congreso-regional-el-15-y-16-de-marzo\/#primaryimage","url":"https:\/\/agrupacionespsoe.es\/melilla\/wp-content\/uploads\/sites\/120\/2025\/01\/408897552_803176655185347_8496820233166176638_n.jpg","contentUrl":"https:\/\/agrupacionespsoe.es\/melilla\/wp-content\/uploads\/sites\/120\/2025\/01\/408897552_803176655185347_8496820233166176638_n.jpg","width":2048,"height":1365},{"@type":"BreadcrumbList","@id":"https:\/\/agrupacionespsoe.es\/melilla\/el-psoe-de-melilla-llevara-a-cabo-su-15o-congreso-regional-el-15-y-16-de-marzo\/#breadcrumb","itemListElement":[{"@type":"ListItem","position":1,"name":"Portada","item":"https:\/\/agrupacionespsoe.es\/melilla\/"},{"@type":"ListItem","position":2,"name":"El PSOE de Melilla llevar\u00e1 a cabo su 15\u00ba Congreso Regional el 15 y 16 de marzo"}]},{"@type":"WebSite","@id":"https:\/\/agrupacionespsoe.es\/melilla\/#website","url":"https:\/\/agrupacionespsoe.es\/melilla\/","name":"Agrupaci\u00f3n Socialista de Melilla","description":"Agrupaci\u00f3n Socialista de Melilla","publisher":{"@id":"https:\/\/agrupacionespsoe.es\/melilla\/#organization"},"potentialAction":[{"@type":"SearchAction","target":{"@type":"EntryPoint","urlTemplate":"https:\/\/agrupacionespsoe.es\/melilla\/?s={search_term_string}"},"query-input":{"@type":"PropertyValueSpecification","valueRequired":true,"valueName":"search_term_string"}}],"inLanguage":"es"},{"@type":"Organization","@id":"https:\/\/agrupacionespsoe.es\/melilla\/#organization","name":"Agrupaci\u00f3n Socialista de Melilla","url":"https:\/\/agrupacionespsoe.es\/melilla\/","logo":{"@type":"ImageObject","inLanguage":"es","@id":"https:\/\/agrupacionespsoe.es\/melilla\/#\/schema\/logo\/image\/","url":"https:\/\/agrupacionespsoe.es\/wp-content\/uploads\/2022\/07\/Logotipo_electoral_del_PSOE.png","contentUrl":"https:\/\/agrupacionespsoe.es\/wp-content\/uploads\/2022\/07\/Logotipo_electoral_del_PSOE.png","width":422,"height":422,"caption":"Agrupaci\u00f3n Socialista de Melilla"},"image":{"@id":"https:\/\/agrupacionespsoe.es\/melilla\/#\/schema\/logo\/image\/"}},{"@type":"Person","@id":"https:\/\/agrupacionespsoe.es\/melilla\/#\/schema\/person\/72bb3075a827d0ed0623682b96c92bd6","name":"melilla2","image":{"@type":"ImageObject","inLanguage":"es","@id":"https:\/\/agrupacionespsoe.es\/melilla\/#\/schema\/person\/image\/","url":"https:\/\/secure.gravatar.com\/avatar\/489a178e794e59f00db13a448aabca16?s=96&d=mm&r=g","contentUrl":"https:\/\/secure.gravatar.com\/avatar\/489a178e794e59f00db13a448aabca16?s=96&d=mm&r=g","caption":"melilla2"},"url":"https:\/\/agrupacionespsoe.es\/melilla\/author\/melilla2\/"}]}},"jetpack_featured_media_url":"","jetpack_sharing_enabled":true,"_links":{"self":[{"href":"https:\/\/agrupacionespsoe.es\/melilla\/wp-json\/wp\/v2\/posts\/1550","targetHints":{"allow":["GET"]}}],"collection":[{"href":"https:\/\/agrupacionespsoe.es\/melilla\/wp-json\/wp\/v2\/posts"}],"about":[{"href":"https:\/\/agrupacionespsoe.es\/melilla\/wp-json\/wp\/v2\/types\/post"}],"author":[{"embeddable":true,"href":"https:\/\/agrupacionespsoe.es\/melilla\/wp-json\/wp\/v2\/users\/187"}],"replies":[{"embeddable":true,"href":"https:\/\/agrupacionespsoe.es\/melilla\/wp-json\/wp\/v2\/comments?post=1550"}],"version-history":[{"count":1,"href":"https:\/\/agrupacionespsoe.es\/melilla\/wp-json\/wp\/v2\/posts\/1550\/revisions"}],"predecessor-version":[{"id":1552,"href":"https:\/\/agrupacionespsoe.es\/melilla\/wp-json\/wp\/v2\/posts\/1550\/revisions\/1552"}],"wp:attachment":[{"href":"https:\/\/agrupacionespsoe.es\/melilla\/wp-json\/wp\/v2\/media?parent=1550"}],"wp:term":[{"taxonomy":"category","embeddable":true,"href":"https:\/\/agrupacionespsoe.es\/melilla\/wp-json\/wp\/v2\/categories?post=1550"},{"taxonomy":"post_tag","embeddable":true,"href":"https:\/\/agrupacionespsoe.es\/melilla\/wp-json\/wp\/v2\/tags?post=1550"}],"curies":[{"name":"wp","href":"https:\/\/api.w.org\/{rel}","templated":true}]}}