{"id":1543,"date":"2025-01-23T13:14:18","date_gmt":"2025-01-23T13:14:18","guid":{"rendered":"https:\/\/agrupacionespsoe.es\/melilla\/?p=1543"},"modified":"2025-01-23T13:14:20","modified_gmt":"2025-01-23T13:14:20","slug":"robles-casi-9-000-pensionistas-melillenses-van-a-perder-547-euros-este-ano-por-culpa-del-pp","status":"publish","type":"post","link":"https:\/\/agrupacionespsoe.es\/melilla\/robles-casi-9-000-pensionistas-melillenses-van-a-perder-547-euros-este-ano-por-culpa-del-pp\/","title":{"rendered":"Robles: \u201cCasi 9.000 pensionistas melillenses van a perder 547 euros este a\u00f1o por culpa del PP\u201d"},"content":{"rendered":"\n<p><strong>El PP ha vetado las ayudas a la DANA, la subida de las pensiones o la llegada de 4,5 millones de euros para servicios a Melilla<\/strong><\/p>\n\n\n\n<p>\u201cCasi 9.000 pensionistas de Melilla van a perder 547 euros este a\u00f1o por el veto del PP a la revalorizaci\u00f3n de las pensiones\u201d. El Portavoz de la Comisi\u00f3n Ejecutiva Regional del PSOE en Melilla, Rafael Robles, ha denunciado que el Partido Popular junto a Vox y Junts haya votado en contra de un Real Decreto que conten\u00eda \u201cimportantes medidas de gran impacto\u201d para la calidad de vida de la ciudadan\u00eda.<\/p>\n\n\n\n<p>\u201cLa derecha vuelve a hacer de las suyas y castiga a la ciudadan\u00eda\u201d, ha criticado, dado que por los populares, Vox y Junts han votado \u2018no\u2019 a las ayudas para los damnificados por la DANA, a la revalorizaci\u00f3n de las pensiones, a las entregas a cuenta a las Comunidades y Ciudades Aut\u00f3nomas, destinados a mejorar los servicios p\u00fablicos, como la Sanidad, Educaci\u00f3n o Dependencia, o a la mejora Ingreso M\u00ednimo Vital.<\/p>\n\n\n\n<p>El PSOE ha denunciado que, debido al voto en contra del PP, Melilla dejar\u00e1 de ingresar 4,5 millones de euros en entregas a cuenta, o 500.000 euros en ayudas al transporte urbano.<\/p>\n\n\n\n<p>El socialista ha se\u00f1alado directamente al PP de Melilla, dado que la diputada Sof\u00eda Acedo, con la complicidad del presidente de los populares melillenses, Juan Jos\u00e9 Imbroda, ha votado en contra de la revalorizaci\u00f3n de las pensiones, de mantener los descuentos en el transporte p\u00fablico y de prorrogar la subida del Salario M\u00ednimo Interprofesional (SMI). \u201cTodas estas son medidas que afectan enormemente a miles de melillenses\u201d, ha apuntado.<\/p>\n\n\n\n<p><strong>El \u2018no\u2019 a todo del PP<\/strong><\/p>\n\n\n\n<p>\u201cNo les importa ni Melilla ni Espa\u00f1a, no defienden los intereses de la ciudadan\u00eda. Su \u00fanica aportaci\u00f3n es el \u2018no\u2019 a todo y los mensajes de odio y la crispaci\u00f3n\u201d, ha lamentado Robles.<\/p>\n\n\n\n<p>Es m\u00e1s, el socialista se ha referido al hecho de que los populares \u201ctambi\u00e9n han dicho \u2018no\u2019 a los colectivos m\u00e1s vulnerables de nuestra ciudad\u201d, dado que los beneficiarios del Ingreso M\u00ednimo Vital (IMV) van a dejar de percibir 632 euros este a\u00f1o. \u201cEn nuestra ciudad hay m\u00e1s de 11.000 personas que son beneficiarios de estos ingresos y que salen perjudicados con su voto\u201d, ha apuntado.<\/p>\n\n\n\n<p>\u201cEl PP perjudica a los damnificados por la DANA, a los mayores, a los trabajadores, a los usuarios del transporte urbano, a los pensionistas, a las personas vulnerables\u2026\u201d, ha reiterado. Llegados a este punto, desde el PSOE han dejado claro que con este voto el PP no est\u00e1 castigando al Gobierno de Espa\u00f1a, sino a toda la ciudadan\u00eda. \u201cCon este voto el PP demuestra, una vez m\u00e1s, que tan solo le preocupan sus intereses partidistas. Con este voto, somos los melillenses los que salimos perjudicados y los que vamos a sufrir las consecuencias\u201d, ha recalcado.<\/p>\n","protected":false},"excerpt":{"rendered":"<p>El PP ha vetado las ayudas a la DANA, la subida de las pensiones o la llegada de 4,5 millones de euros para servicios a Melilla \u201cCasi 9.000 pensionistas de Melilla van a perder 547 euros este a\u00f1o por el veto del PP a la revalorizaci\u00f3n de las pensiones\u201d. El Portavoz de la Comisi\u00f3n Ejecutiva &#8230;<\/p>\n","protected":false},"author":187,"featured_media":1544,"comment_status":"open","ping_status":"open","sticky":false,"template":"","format":"standard","meta":{"_jetpack_memberships_contains_paid_content":false,"footnotes":""},"categories":[1],"tags":[],"class_list":["post-1543","post","type-post","status-publish","format-standard","has-post-thumbnail","hentry","category-sin-categoria"],"yoast_head":"<!-- This site is optimized with the Yoast SEO plugin v24.0 - https:\/\/yoast.com\/wordpress\/plugins\/seo\/ -->\n<title>Robles: \u201cCasi 9.000 pensionistas melillenses van a perder 547 euros este a\u00f1o por culpa del PP\u201d - Agrupaci\u00f3n Socialista de Melilla<\/title>\n<meta name=\"robots\" content=\"index, follow, max-snippet:-1, max-image-preview:large, max-video-preview:-1\" \/>\n<link rel=\"canonical\" href=\"https:\/\/agrupacionespsoe.es\/melilla\/robles-casi-9-000-pensionistas-melillenses-van-a-perder-547-euros-este-ano-por-culpa-del-pp\/\" \/>\n<meta property=\"og:locale\" content=\"es_ES\" \/>\n<meta property=\"og:type\" content=\"article\" \/>\n<meta property=\"og:title\" content=\"Robles: \u201cCasi 9.000 pensionistas melillenses van a perder 547 euros este a\u00f1o por culpa del PP\u201d - Agrupaci\u00f3n Socialista de Melilla\" \/>\n<meta property=\"og:description\" content=\"El PP ha vetado las ayudas a la DANA, la subida de las pensiones o la llegada de 4,5 millones de euros para servicios a Melilla \u201cCasi 9.000 pensionistas de Melilla van a perder 547 euros este a\u00f1o por el veto del PP a la revalorizaci\u00f3n de las pensiones\u201d. El Portavoz de la Comisi\u00f3n Ejecutiva ...\" \/>\n<meta property=\"og:url\" content=\"https:\/\/agrupacionespsoe.es\/melilla\/robles-casi-9-000-pensionistas-melillenses-van-a-perder-547-euros-este-ano-por-culpa-del-pp\/\" \/>\n<meta property=\"og:site_name\" content=\"Agrupaci\u00f3n Socialista de Melilla\" \/>\n<meta property=\"article:published_time\" content=\"2025-01-23T13:14:18+00:00\" \/>\n<meta property=\"article:modified_time\" content=\"2025-01-23T13:14:20+00:00\" \/>\n<meta property=\"og:image\" content=\"https:\/\/agrupacionespsoe.es\/melilla\/wp-content\/uploads\/sites\/120\/2025\/01\/2025_01_23_RRobles-scaled.jpg\" \/>\n\t<meta property=\"og:image:width\" content=\"2560\" \/>\n\t<meta property=\"og:image:height\" content=\"1707\" \/>\n\t<meta property=\"og:image:type\" content=\"image\/jpeg\" \/>\n<meta name=\"author\" content=\"melilla2\" \/>\n<meta name=\"twitter:card\" content=\"summary_large_image\" \/>\n<meta name=\"twitter:label1\" content=\"Escrito por\" \/>\n\t<meta name=\"twitter:data1\" content=\"melilla2\" \/>\n\t<meta name=\"twitter:label2\" content=\"Tiempo de lectura\" \/>\n\t<meta name=\"twitter:data2\" content=\"3 minutos\" \/>\n<script type=\"application\/ld+json\" class=\"yoast-schema-graph\">{\"@context\":\"https:\/\/schema.org\",\"@graph\":[{\"@type\":\"Article\",\"@id\":\"https:\/\/agrupacionespsoe.es\/melilla\/robles-casi-9-000-pensionistas-melillenses-van-a-perder-547-euros-este-ano-por-culpa-del-pp\/#article\",\"isPartOf\":{\"@id\":\"https:\/\/agrupacionespsoe.es\/melilla\/robles-casi-9-000-pensionistas-melillenses-van-a-perder-547-euros-este-ano-por-culpa-del-pp\/\"},\"author\":{\"name\":\"melilla2\",\"@id\":\"https:\/\/agrupacionespsoe.es\/melilla\/#\/schema\/person\/72bb3075a827d0ed0623682b96c92bd6\"},\"headline\":\"Robles: \u201cCasi 9.000 pensionistas melillenses van a perder 547 euros este a\u00f1o por culpa del PP\u201d\",\"datePublished\":\"2025-01-23T13:14:18+00:00\",\"dateModified\":\"2025-01-23T13:14:20+00:00\",\"mainEntityOfPage\":{\"@id\":\"https:\/\/agrupacionespsoe.es\/melilla\/robles-casi-9-000-pensionistas-melillenses-van-a-perder-547-euros-este-ano-por-culpa-del-pp\/\"},\"wordCount\":504,\"commentCount\":0,\"publisher\":{\"@id\":\"https:\/\/agrupacionespsoe.es\/melilla\/#organization\"},\"image\":{\"@id\":\"https:\/\/agrupacionespsoe.es\/melilla\/robles-casi-9-000-pensionistas-melillenses-van-a-perder-547-euros-este-ano-por-culpa-del-pp\/#primaryimage\"},\"thumbnailUrl\":\"https:\/\/agrupacionespsoe.es\/melilla\/wp-content\/uploads\/sites\/120\/2025\/01\/2025_01_23_RRobles-scaled.jpg\",\"inLanguage\":\"es\",\"potentialAction\":[{\"@type\":\"CommentAction\",\"name\":\"Comment\",\"target\":[\"https:\/\/agrupacionespsoe.es\/melilla\/robles-casi-9-000-pensionistas-melillenses-van-a-perder-547-euros-este-ano-por-culpa-del-pp\/#respond\"]}]},{\"@type\":\"WebPage\",\"@id\":\"https:\/\/agrupacionespsoe.es\/melilla\/robles-casi-9-000-pensionistas-melillenses-van-a-perder-547-euros-este-ano-por-culpa-del-pp\/\",\"url\":\"https:\/\/agrupacionespsoe.es\/melilla\/robles-casi-9-000-pensionistas-melillenses-van-a-perder-547-euros-este-ano-por-culpa-del-pp\/\",\"name\":\"Robles: \u201cCasi 9.000 pensionistas melillenses van a perder 547 euros este a\u00f1o por culpa del PP\u201d - Agrupaci\u00f3n Socialista de Melilla\",\"isPartOf\":{\"@id\":\"https:\/\/agrupacionespsoe.es\/melilla\/#website\"},\"primaryImageOfPage\":{\"@id\":\"https:\/\/agrupacionespsoe.es\/melilla\/robles-casi-9-000-pensionistas-melillenses-van-a-perder-547-euros-este-ano-por-culpa-del-pp\/#primaryimage\"},\"image\":{\"@id\":\"https:\/\/agrupacionespsoe.es\/melilla\/robles-casi-9-000-pensionistas-melillenses-van-a-perder-547-euros-este-ano-por-culpa-del-pp\/#primaryimage\"},\"thumbnailUrl\":\"https:\/\/agrupacionespsoe.es\/melilla\/wp-content\/uploads\/sites\/120\/2025\/01\/2025_01_23_RRobles-scaled.jpg\",\"datePublished\":\"2025-01-23T13:14:18+00:00\",\"dateModified\":\"2025-01-23T13:14:20+00:00\",\"breadcrumb\":{\"@id\":\"https:\/\/agrupacionespsoe.es\/melilla\/robles-casi-9-000-pensionistas-melillenses-van-a-perder-547-euros-este-ano-por-culpa-del-pp\/#breadcrumb\"},\"inLanguage\":\"es\",\"potentialAction\":[{\"@type\":\"ReadAction\",\"target\":[\"https:\/\/agrupacionespsoe.es\/melilla\/robles-casi-9-000-pensionistas-melillenses-van-a-perder-547-euros-este-ano-por-culpa-del-pp\/\"]}]},{\"@type\":\"ImageObject\",\"inLanguage\":\"es\",\"@id\":\"https:\/\/agrupacionespsoe.es\/melilla\/robles-casi-9-000-pensionistas-melillenses-van-a-perder-547-euros-este-ano-por-culpa-del-pp\/#primaryimage\",\"url\":\"https:\/\/agrupacionespsoe.es\/melilla\/wp-content\/uploads\/sites\/120\/2025\/01\/2025_01_23_RRobles-scaled.jpg\",\"contentUrl\":\"https:\/\/agrupacionespsoe.es\/melilla\/wp-content\/uploads\/sites\/120\/2025\/01\/2025_01_23_RRobles-scaled.jpg\",\"width\":2560,\"height\":1707},{\"@type\":\"BreadcrumbList\",\"@id\":\"https:\/\/agrupacionespsoe.es\/melilla\/robles-casi-9-000-pensionistas-melillenses-van-a-perder-547-euros-este-ano-por-culpa-del-pp\/#breadcrumb\",\"itemListElement\":[{\"@type\":\"ListItem\",\"position\":1,\"name\":\"Portada\",\"item\":\"https:\/\/agrupacionespsoe.es\/melilla\/\"},{\"@type\":\"ListItem\",\"position\":2,\"name\":\"Robles: \u201cCasi 9.000 pensionistas melillenses van a perder 547 euros este a\u00f1o por culpa del PP\u201d\"}]},{\"@type\":\"WebSite\",\"@id\":\"https:\/\/agrupacionespsoe.es\/melilla\/#website\",\"url\":\"https:\/\/agrupacionespsoe.es\/melilla\/\",\"name\":\"Agrupaci\u00f3n Socialista de Melilla\",\"description\":\"Agrupaci\u00f3n Socialista de Melilla\",\"publisher\":{\"@id\":\"https:\/\/agrupacionespsoe.es\/melilla\/#organization\"},\"potentialAction\":[{\"@type\":\"SearchAction\",\"target\":{\"@type\":\"EntryPoint\",\"urlTemplate\":\"https:\/\/agrupacionespsoe.es\/melilla\/?s={search_term_string}\"},\"query-input\":{\"@type\":\"PropertyValueSpecification\",\"valueRequired\":true,\"valueName\":\"search_term_string\"}}],\"inLanguage\":\"es\"},{\"@type\":\"Organization\",\"@id\":\"https:\/\/agrupacionespsoe.es\/melilla\/#organization\",\"name\":\"Agrupaci\u00f3n Socialista de Melilla\",\"url\":\"https:\/\/agrupacionespsoe.es\/melilla\/\",\"logo\":{\"@type\":\"ImageObject\",\"inLanguage\":\"es\",\"@id\":\"https:\/\/agrupacionespsoe.es\/melilla\/#\/schema\/logo\/image\/\",\"url\":\"https:\/\/agrupacionespsoe.es\/wp-content\/uploads\/2022\/07\/Logotipo_electoral_del_PSOE.png\",\"contentUrl\":\"https:\/\/agrupacionespsoe.es\/wp-content\/uploads\/2022\/07\/Logotipo_electoral_del_PSOE.png\",\"width\":422,\"height\":422,\"caption\":\"Agrupaci\u00f3n Socialista de Melilla\"},\"image\":{\"@id\":\"https:\/\/agrupacionespsoe.es\/melilla\/#\/schema\/logo\/image\/\"}},{\"@type\":\"Person\",\"@id\":\"https:\/\/agrupacionespsoe.es\/melilla\/#\/schema\/person\/72bb3075a827d0ed0623682b96c92bd6\",\"name\":\"melilla2\",\"image\":{\"@type\":\"ImageObject\",\"inLanguage\":\"es\",\"@id\":\"https:\/\/agrupacionespsoe.es\/melilla\/#\/schema\/person\/image\/\",\"url\":\"https:\/\/secure.gravatar.com\/avatar\/489a178e794e59f00db13a448aabca16?s=96&d=mm&r=g\",\"contentUrl\":\"https:\/\/secure.gravatar.com\/avatar\/489a178e794e59f00db13a448aabca16?s=96&d=mm&r=g\",\"caption\":\"melilla2\"},\"url\":\"https:\/\/agrupacionespsoe.es\/melilla\/author\/melilla2\/\"}]}<\/script>\n<!-- \/ Yoast SEO plugin. -->","yoast_head_json":{"title":"Robles: \u201cCasi 9.000 pensionistas melillenses van a perder 547 euros este a\u00f1o por culpa del PP\u201d - Agrupaci\u00f3n Socialista de Melilla","robots":{"index":"index","follow":"follow","max-snippet":"max-snippet:-1","max-image-preview":"max-image-preview:large","max-video-preview":"max-video-preview:-1"},"canonical":"https:\/\/agrupacionespsoe.es\/melilla\/robles-casi-9-000-pensionistas-melillenses-van-a-perder-547-euros-este-ano-por-culpa-del-pp\/","og_locale":"es_ES","og_type":"article","og_title":"Robles: \u201cCasi 9.000 pensionistas melillenses van a perder 547 euros este a\u00f1o por culpa del PP\u201d - Agrupaci\u00f3n Socialista de Melilla","og_description":"El PP ha vetado las ayudas a la DANA, la subida de las pensiones o la llegada de 4,5 millones de euros para servicios a Melilla \u201cCasi 9.000 pensionistas de Melilla van a perder 547 euros este a\u00f1o por el veto del PP a la revalorizaci\u00f3n de las pensiones\u201d. El Portavoz de la Comisi\u00f3n Ejecutiva ...","og_url":"https:\/\/agrupacionespsoe.es\/melilla\/robles-casi-9-000-pensionistas-melillenses-van-a-perder-547-euros-este-ano-por-culpa-del-pp\/","og_site_name":"Agrupaci\u00f3n Socialista de Melilla","article_published_time":"2025-01-23T13:14:18+00:00","article_modified_time":"2025-01-23T13:14:20+00:00","og_image":[{"width":2560,"height":1707,"url":"https:\/\/agrupacionespsoe.es\/melilla\/wp-content\/uploads\/sites\/120\/2025\/01\/2025_01_23_RRobles-scaled.jpg","type":"image\/jpeg"}],"author":"melilla2","twitter_card":"summary_large_image","twitter_misc":{"Escrito por":"melilla2","Tiempo de lectura":"3 minutos"},"schema":{"@context":"https:\/\/schema.org","@graph":[{"@type":"Article","@id":"https:\/\/agrupacionespsoe.es\/melilla\/robles-casi-9-000-pensionistas-melillenses-van-a-perder-547-euros-este-ano-por-culpa-del-pp\/#article","isPartOf":{"@id":"https:\/\/agrupacionespsoe.es\/melilla\/robles-casi-9-000-pensionistas-melillenses-van-a-perder-547-euros-este-ano-por-culpa-del-pp\/"},"author":{"name":"melilla2","@id":"https:\/\/agrupacionespsoe.es\/melilla\/#\/schema\/person\/72bb3075a827d0ed0623682b96c92bd6"},"headline":"Robles: \u201cCasi 9.000 pensionistas melillenses van a perder 547 euros este a\u00f1o por culpa del PP\u201d","datePublished":"2025-01-23T13:14:18+00:00","dateModified":"2025-01-23T13:14:20+00:00","mainEntityOfPage":{"@id":"https:\/\/agrupacionespsoe.es\/melilla\/robles-casi-9-000-pensionistas-melillenses-van-a-perder-547-euros-este-ano-por-culpa-del-pp\/"},"wordCount":504,"commentCount":0,"publisher":{"@id":"https:\/\/agrupacionespsoe.es\/melilla\/#organization"},"image":{"@id":"https:\/\/agrupacionespsoe.es\/melilla\/robles-casi-9-000-pensionistas-melillenses-van-a-perder-547-euros-este-ano-por-culpa-del-pp\/#primaryimage"},"thumbnailUrl":"https:\/\/agrupacionespsoe.es\/melilla\/wp-content\/uploads\/sites\/120\/2025\/01\/2025_01_23_RRobles-scaled.jpg","inLanguage":"es","potentialAction":[{"@type":"CommentAction","name":"Comment","target":["https:\/\/agrupacionespsoe.es\/melilla\/robles-casi-9-000-pensionistas-melillenses-van-a-perder-547-euros-este-ano-por-culpa-del-pp\/#respond"]}]},{"@type":"WebPage","@id":"https:\/\/agrupacionespsoe.es\/melilla\/robles-casi-9-000-pensionistas-melillenses-van-a-perder-547-euros-este-ano-por-culpa-del-pp\/","url":"https:\/\/agrupacionespsoe.es\/melilla\/robles-casi-9-000-pensionistas-melillenses-van-a-perder-547-euros-este-ano-por-culpa-del-pp\/","name":"Robles: \u201cCasi 9.000 pensionistas melillenses van a perder 547 euros este a\u00f1o por culpa del PP\u201d - Agrupaci\u00f3n Socialista de Melilla","isPartOf":{"@id":"https:\/\/agrupacionespsoe.es\/melilla\/#website"},"primaryImageOfPage":{"@id":"https:\/\/agrupacionespsoe.es\/melilla\/robles-casi-9-000-pensionistas-melillenses-van-a-perder-547-euros-este-ano-por-culpa-del-pp\/#primaryimage"},"image":{"@id":"https:\/\/agrupacionespsoe.es\/melilla\/robles-casi-9-000-pensionistas-melillenses-van-a-perder-547-euros-este-ano-por-culpa-del-pp\/#primaryimage"},"thumbnailUrl":"https:\/\/agrupacionespsoe.es\/melilla\/wp-content\/uploads\/sites\/120\/2025\/01\/2025_01_23_RRobles-scaled.jpg","datePublished":"2025-01-23T13:14:18+00:00","dateModified":"2025-01-23T13:14:20+00:00","breadcrumb":{"@id":"https:\/\/agrupacionespsoe.es\/melilla\/robles-casi-9-000-pensionistas-melillenses-van-a-perder-547-euros-este-ano-por-culpa-del-pp\/#breadcrumb"},"inLanguage":"es","potentialAction":[{"@type":"ReadAction","target":["https:\/\/agrupacionespsoe.es\/melilla\/robles-casi-9-000-pensionistas-melillenses-van-a-perder-547-euros-este-ano-por-culpa-del-pp\/"]}]},{"@type":"ImageObject","inLanguage":"es","@id":"https:\/\/agrupacionespsoe.es\/melilla\/robles-casi-9-000-pensionistas-melillenses-van-a-perder-547-euros-este-ano-por-culpa-del-pp\/#primaryimage","url":"https:\/\/agrupacionespsoe.es\/melilla\/wp-content\/uploads\/sites\/120\/2025\/01\/2025_01_23_RRobles-scaled.jpg","contentUrl":"https:\/\/agrupacionespsoe.es\/melilla\/wp-content\/uploads\/sites\/120\/2025\/01\/2025_01_23_RRobles-scaled.jpg","width":2560,"height":1707},{"@type":"BreadcrumbList","@id":"https:\/\/agrupacionespsoe.es\/melilla\/robles-casi-9-000-pensionistas-melillenses-van-a-perder-547-euros-este-ano-por-culpa-del-pp\/#breadcrumb","itemListElement":[{"@type":"ListItem","position":1,"name":"Portada","item":"https:\/\/agrupacionespsoe.es\/melilla\/"},{"@type":"ListItem","position":2,"name":"Robles: \u201cCasi 9.000 pensionistas melillenses van a perder 547 euros este a\u00f1o por culpa del PP\u201d"}]},{"@type":"WebSite","@id":"https:\/\/agrupacionespsoe.es\/melilla\/#website","url":"https:\/\/agrupacionespsoe.es\/melilla\/","name":"Agrupaci\u00f3n Socialista de Melilla","description":"Agrupaci\u00f3n Socialista de Melilla","publisher":{"@id":"https:\/\/agrupacionespsoe.es\/melilla\/#organization"},"potentialAction":[{"@type":"SearchAction","target":{"@type":"EntryPoint","urlTemplate":"https:\/\/agrupacionespsoe.es\/melilla\/?s={search_term_string}"},"query-input":{"@type":"PropertyValueSpecification","valueRequired":true,"valueName":"search_term_string"}}],"inLanguage":"es"},{"@type":"Organization","@id":"https:\/\/agrupacionespsoe.es\/melilla\/#organization","name":"Agrupaci\u00f3n Socialista de Melilla","url":"https:\/\/agrupacionespsoe.es\/melilla\/","logo":{"@type":"ImageObject","inLanguage":"es","@id":"https:\/\/agrupacionespsoe.es\/melilla\/#\/schema\/logo\/image\/","url":"https:\/\/agrupacionespsoe.es\/wp-content\/uploads\/2022\/07\/Logotipo_electoral_del_PSOE.png","contentUrl":"https:\/\/agrupacionespsoe.es\/wp-content\/uploads\/2022\/07\/Logotipo_electoral_del_PSOE.png","width":422,"height":422,"caption":"Agrupaci\u00f3n Socialista de Melilla"},"image":{"@id":"https:\/\/agrupacionespsoe.es\/melilla\/#\/schema\/logo\/image\/"}},{"@type":"Person","@id":"https:\/\/agrupacionespsoe.es\/melilla\/#\/schema\/person\/72bb3075a827d0ed0623682b96c92bd6","name":"melilla2","image":{"@type":"ImageObject","inLanguage":"es","@id":"https:\/\/agrupacionespsoe.es\/melilla\/#\/schema\/person\/image\/","url":"https:\/\/secure.gravatar.com\/avatar\/489a178e794e59f00db13a448aabca16?s=96&d=mm&r=g","contentUrl":"https:\/\/secure.gravatar.com\/avatar\/489a178e794e59f00db13a448aabca16?s=96&d=mm&r=g","caption":"melilla2"},"url":"https:\/\/agrupacionespsoe.es\/melilla\/author\/melilla2\/"}]}},"jetpack_featured_media_url":"https:\/\/agrupacionespsoe.es\/melilla\/wp-content\/uploads\/sites\/120\/2025\/01\/2025_01_23_RRobles-scaled.jpg","jetpack_sharing_enabled":true,"_links":{"self":[{"href":"https:\/\/agrupacionespsoe.es\/melilla\/wp-json\/wp\/v2\/posts\/1543","targetHints":{"allow":["GET"]}}],"collection":[{"href":"https:\/\/agrupacionespsoe.es\/melilla\/wp-json\/wp\/v2\/posts"}],"about":[{"href":"https:\/\/agrupacionespsoe.es\/melilla\/wp-json\/wp\/v2\/types\/post"}],"author":[{"embeddable":true,"href":"https:\/\/agrupacionespsoe.es\/melilla\/wp-json\/wp\/v2\/users\/187"}],"replies":[{"embeddable":true,"href":"https:\/\/agrupacionespsoe.es\/melilla\/wp-json\/wp\/v2\/comments?post=1543"}],"version-history":[{"count":1,"href":"https:\/\/agrupacionespsoe.es\/melilla\/wp-json\/wp\/v2\/posts\/1543\/revisions"}],"predecessor-version":[{"id":1545,"href":"https:\/\/agrupacionespsoe.es\/melilla\/wp-json\/wp\/v2\/posts\/1543\/revisions\/1545"}],"wp:featuredmedia":[{"embeddable":true,"href":"https:\/\/agrupacionespsoe.es\/melilla\/wp-json\/wp\/v2\/media\/1544"}],"wp:attachment":[{"href":"https:\/\/agrupacionespsoe.es\/melilla\/wp-json\/wp\/v2\/media?parent=1543"}],"wp:term":[{"taxonomy":"category","embeddable":true,"href":"https:\/\/agrupacionespsoe.es\/melilla\/wp-json\/wp\/v2\/categories?post=1543"},{"taxonomy":"post_tag","embeddable":true,"href":"https:\/\/agrupacionespsoe.es\/melilla\/wp-json\/wp\/v2\/tags?post=1543"}],"curies":[{"name":"wp","href":"https:\/\/api.w.org\/{rel}","templated":true}]}}