{"id":1506,"date":"2025-01-03T19:33:42","date_gmt":"2025-01-03T19:33:42","guid":{"rendered":"https:\/\/agrupacionespsoe.es\/melilla\/?p=1506"},"modified":"2025-01-03T19:33:43","modified_gmt":"2025-01-03T19:33:43","slug":"robles-queremos-reabrir-la-aduana-comercial-porque-es-una-demanda-de-los-melillenses","status":"publish","type":"post","link":"https:\/\/agrupacionespsoe.es\/melilla\/robles-queremos-reabrir-la-aduana-comercial-porque-es-una-demanda-de-los-melillenses\/","title":{"rendered":"Robles: \u201cQueremos reabrir la aduana comercial porque es\u00a0una demanda de\u00a0los\u00a0melillenses\u201d"},"content":{"rendered":"\n<p><strong>\u201cEn el caso de que fuera cierto el que pudieran entrar productos frescos de Marruecos ser\u00eda una buena noticia\u201d, defiende<\/strong><\/p>\n\n\n\n<p>El&nbsp;Portavoz del PSOE de Melilla, Rafael Robles, ha respondido a las amenazas que el presidente de la Ciudad Aut\u00f3noma de Melilla, Juan Jos\u00e9 Imbroda, ha realizado sobre las dudosas informaciones que han aparecido estos \u00faltimos d\u00edas sobre la aduana comercial. \u201cLa falta de memoria del Partido Popular es asombrosa. Imbroda se olvida de la herencia que dej\u00f3 a todos los melillenses cuando gobern\u00f3 en&nbsp;la Ciudad Aut\u00f3noma por \u00faltima vez\u201d.&nbsp;<\/p>\n\n\n\n<p>\u200b<\/p>\n\n\n\n<p>As\u00ed, el&nbsp;Portavoz de los socialistas locales&nbsp;ha destacado&nbsp;c\u00f3mo&nbsp;el Gobierno de Pedro S\u00e1nchez ha obtenido un \u201ccambio radical\u201d de la frontera desde la herencia de Imbroda con el reconocimiento espec\u00edfico de no ser territorio marroqu\u00ed.&nbsp;En el caso de&nbsp;que la informaci\u00f3n fuera cierta y pudieran entrar productos frescos desde Marruecos, &nbsp;afirma que&nbsp;esta ser\u00eda una \u201cbuena noticia para Melilla\u201d<\/p>\n\n\n\n<p>Robles ha lamentado, nuevamente, la \u201cfalta de memoria\u201d que experimentan siempre los populares&nbsp;melillenses. Y es que se olvidan de que la aduana comercial es una herencia del&nbsp;Partido Popular, que era quien gobernaba en 2018.&nbsp;\u201c\u00bfTenemos que recordarle&nbsp;el modelo frontera?\u201d, ha apuntado. Desde entonces, \u201cMelilla ha ganado much\u00edsimo y hemos mejorado incomparablemente durante estos a\u00f1os de Gobierno\u201d, ha afirmado el socialista.&nbsp;<\/p>\n\n\n\n<p><strong>Reacci\u00f3n desmesurada<\/strong><\/p>\n\n\n\n<p>Rafael&nbsp;Robles considera que la reacci\u00f3n del presidente de la Ciudad Aut\u00f3noma est\u00e1 \u201cfuera de lugar\u201d,&nbsp;es completamente \u201cdesmesurada\u201d&nbsp;y est\u00e1&nbsp;repleta de \u201camenazas\u201d al m\u00e1s puro estilo del Partido Popular. \u201cSe pone ante los medios de comunicaci\u00f3n para atacar e insultar, como hace siempre\u201d, ha censurado.<\/p>\n\n\n\n<p>El dirigente socialista ha increpado la \u201cosad\u00eda\u201d del presidente local por amenazar&nbsp;al Gobierno de Espa\u00f1a con ir a juicio si este supuesto acuerdo sigue adelante.&nbsp;\u201c\u00bfC\u00f3mo&nbsp;es capaz de&nbsp;pedir la dimisi\u00f3n de la Delegada del Gobierno por una cuesti\u00f3n de la que no se saben los detalles?\u201d, ha preguntado.&nbsp;\u201c\u00bfSer\u00eda capaz de ir a los juzgados por&nbsp;materializar una demanda de los melillenses, la de volver a introducir productos frescos como la fruta, verdura y pescados?\u201d, ha cuestionado.&nbsp;&nbsp;&nbsp;<\/p>\n\n\n\n<p>En ese sentido, el&nbsp;Portavoz&nbsp;ha recordado que, hasta ahora, toda la informaci\u00f3n oficial de la Delegaci\u00f3n del Gobiernoal respecto es que se \u201cest\u00e1 trabajando y avanzando en la plena normalizaci\u00f3n del tr\u00e1nsito de mercanc\u00edas de la aduana\u201d.&nbsp;<\/p>\n\n\n\n<p>\u201cQueremos reabrir la aduana comercial&nbsp;porque es&nbsp;una demanda&nbsp;de&nbsp;los melillenses. Trabajamos para cumplir nuestros compromisos y eso es lo que hemos hecho todo este tiempo y continuaremos haciendo. Nosotros ponemos realidades encima de la mesa; lo dem\u00e1s es ruido\u201d, ha concluido.<\/p>\n","protected":false},"excerpt":{"rendered":"<p>\u201cEn el caso de que fuera cierto el que pudieran entrar productos frescos de Marruecos ser\u00eda una buena noticia\u201d, defiende El&nbsp;Portavoz del PSOE de Melilla, Rafael Robles, ha respondido a las amenazas que el presidente de la Ciudad Aut\u00f3noma de Melilla, Juan Jos\u00e9 Imbroda, ha realizado sobre las dudosas informaciones que han aparecido estos \u00faltimos &#8230;<\/p>\n","protected":false},"author":187,"featured_media":1452,"comment_status":"open","ping_status":"open","sticky":false,"template":"","format":"standard","meta":{"_jetpack_memberships_contains_paid_content":false,"footnotes":""},"categories":[1],"tags":[],"class_list":["post-1506","post","type-post","status-publish","format-standard","has-post-thumbnail","hentry","category-sin-categoria"],"yoast_head":"<!-- This site is optimized with the Yoast SEO plugin v24.0 - https:\/\/yoast.com\/wordpress\/plugins\/seo\/ -->\n<title>Robles: \u201cQueremos reabrir la aduana comercial porque es\u00a0una demanda de\u00a0los\u00a0melillenses\u201d - Agrupaci\u00f3n Socialista de Melilla<\/title>\n<meta name=\"robots\" content=\"index, follow, max-snippet:-1, max-image-preview:large, max-video-preview:-1\" \/>\n<link rel=\"canonical\" href=\"https:\/\/agrupacionespsoe.es\/melilla\/robles-queremos-reabrir-la-aduana-comercial-porque-es-una-demanda-de-los-melillenses\/\" \/>\n<meta property=\"og:locale\" content=\"es_ES\" \/>\n<meta property=\"og:type\" content=\"article\" \/>\n<meta property=\"og:title\" content=\"Robles: \u201cQueremos reabrir la aduana comercial porque es\u00a0una demanda de\u00a0los\u00a0melillenses\u201d - Agrupaci\u00f3n Socialista de Melilla\" \/>\n<meta property=\"og:description\" content=\"\u201cEn el caso de que fuera cierto el que pudieran entrar productos frescos de Marruecos ser\u00eda una buena noticia\u201d, defiende El&nbsp;Portavoz del PSOE de Melilla, Rafael Robles, ha respondido a las amenazas que el presidente de la Ciudad Aut\u00f3noma de Melilla, Juan Jos\u00e9 Imbroda, ha realizado sobre las dudosas informaciones que han aparecido estos \u00faltimos ...\" \/>\n<meta property=\"og:url\" content=\"https:\/\/agrupacionespsoe.es\/melilla\/robles-queremos-reabrir-la-aduana-comercial-porque-es-una-demanda-de-los-melillenses\/\" \/>\n<meta property=\"og:site_name\" content=\"Agrupaci\u00f3n Socialista de Melilla\" \/>\n<meta property=\"article:published_time\" content=\"2025-01-03T19:33:42+00:00\" \/>\n<meta property=\"article:modified_time\" content=\"2025-01-03T19:33:43+00:00\" \/>\n<meta property=\"og:image\" content=\"https:\/\/agrupacionespsoe.es\/melilla\/wp-content\/uploads\/sites\/120\/2024\/12\/1da6d3a3-985b-4890-aad3-818370db9e5d.jpg\" \/>\n\t<meta property=\"og:image:width\" content=\"1600\" \/>\n\t<meta property=\"og:image:height\" content=\"1066\" \/>\n\t<meta property=\"og:image:type\" content=\"image\/jpeg\" \/>\n<meta name=\"author\" content=\"melilla2\" \/>\n<meta name=\"twitter:card\" content=\"summary_large_image\" \/>\n<meta name=\"twitter:label1\" content=\"Escrito por\" \/>\n\t<meta name=\"twitter:data1\" content=\"melilla2\" \/>\n\t<meta name=\"twitter:label2\" content=\"Tiempo de lectura\" \/>\n\t<meta name=\"twitter:data2\" content=\"3 minutos\" \/>\n<script type=\"application\/ld+json\" class=\"yoast-schema-graph\">{\"@context\":\"https:\/\/schema.org\",\"@graph\":[{\"@type\":\"Article\",\"@id\":\"https:\/\/agrupacionespsoe.es\/melilla\/robles-queremos-reabrir-la-aduana-comercial-porque-es-una-demanda-de-los-melillenses\/#article\",\"isPartOf\":{\"@id\":\"https:\/\/agrupacionespsoe.es\/melilla\/robles-queremos-reabrir-la-aduana-comercial-porque-es-una-demanda-de-los-melillenses\/\"},\"author\":{\"name\":\"melilla2\",\"@id\":\"https:\/\/agrupacionespsoe.es\/melilla\/#\/schema\/person\/72bb3075a827d0ed0623682b96c92bd6\"},\"headline\":\"Robles: \u201cQueremos reabrir la aduana comercial porque es\u00a0una demanda de\u00a0los\u00a0melillenses\u201d\",\"datePublished\":\"2025-01-03T19:33:42+00:00\",\"dateModified\":\"2025-01-03T19:33:43+00:00\",\"mainEntityOfPage\":{\"@id\":\"https:\/\/agrupacionespsoe.es\/melilla\/robles-queremos-reabrir-la-aduana-comercial-porque-es-una-demanda-de-los-melillenses\/\"},\"wordCount\":502,\"commentCount\":0,\"publisher\":{\"@id\":\"https:\/\/agrupacionespsoe.es\/melilla\/#organization\"},\"image\":{\"@id\":\"https:\/\/agrupacionespsoe.es\/melilla\/robles-queremos-reabrir-la-aduana-comercial-porque-es-una-demanda-de-los-melillenses\/#primaryimage\"},\"thumbnailUrl\":\"https:\/\/agrupacionespsoe.es\/melilla\/wp-content\/uploads\/sites\/120\/2024\/12\/1da6d3a3-985b-4890-aad3-818370db9e5d.jpg\",\"inLanguage\":\"es\",\"potentialAction\":[{\"@type\":\"CommentAction\",\"name\":\"Comment\",\"target\":[\"https:\/\/agrupacionespsoe.es\/melilla\/robles-queremos-reabrir-la-aduana-comercial-porque-es-una-demanda-de-los-melillenses\/#respond\"]}]},{\"@type\":\"WebPage\",\"@id\":\"https:\/\/agrupacionespsoe.es\/melilla\/robles-queremos-reabrir-la-aduana-comercial-porque-es-una-demanda-de-los-melillenses\/\",\"url\":\"https:\/\/agrupacionespsoe.es\/melilla\/robles-queremos-reabrir-la-aduana-comercial-porque-es-una-demanda-de-los-melillenses\/\",\"name\":\"Robles: \u201cQueremos reabrir la aduana comercial porque es\u00a0una demanda de\u00a0los\u00a0melillenses\u201d - Agrupaci\u00f3n Socialista de Melilla\",\"isPartOf\":{\"@id\":\"https:\/\/agrupacionespsoe.es\/melilla\/#website\"},\"primaryImageOfPage\":{\"@id\":\"https:\/\/agrupacionespsoe.es\/melilla\/robles-queremos-reabrir-la-aduana-comercial-porque-es-una-demanda-de-los-melillenses\/#primaryimage\"},\"image\":{\"@id\":\"https:\/\/agrupacionespsoe.es\/melilla\/robles-queremos-reabrir-la-aduana-comercial-porque-es-una-demanda-de-los-melillenses\/#primaryimage\"},\"thumbnailUrl\":\"https:\/\/agrupacionespsoe.es\/melilla\/wp-content\/uploads\/sites\/120\/2024\/12\/1da6d3a3-985b-4890-aad3-818370db9e5d.jpg\",\"datePublished\":\"2025-01-03T19:33:42+00:00\",\"dateModified\":\"2025-01-03T19:33:43+00:00\",\"breadcrumb\":{\"@id\":\"https:\/\/agrupacionespsoe.es\/melilla\/robles-queremos-reabrir-la-aduana-comercial-porque-es-una-demanda-de-los-melillenses\/#breadcrumb\"},\"inLanguage\":\"es\",\"potentialAction\":[{\"@type\":\"ReadAction\",\"target\":[\"https:\/\/agrupacionespsoe.es\/melilla\/robles-queremos-reabrir-la-aduana-comercial-porque-es-una-demanda-de-los-melillenses\/\"]}]},{\"@type\":\"ImageObject\",\"inLanguage\":\"es\",\"@id\":\"https:\/\/agrupacionespsoe.es\/melilla\/robles-queremos-reabrir-la-aduana-comercial-porque-es-una-demanda-de-los-melillenses\/#primaryimage\",\"url\":\"https:\/\/agrupacionespsoe.es\/melilla\/wp-content\/uploads\/sites\/120\/2024\/12\/1da6d3a3-985b-4890-aad3-818370db9e5d.jpg\",\"contentUrl\":\"https:\/\/agrupacionespsoe.es\/melilla\/wp-content\/uploads\/sites\/120\/2024\/12\/1da6d3a3-985b-4890-aad3-818370db9e5d.jpg\",\"width\":1600,\"height\":1066},{\"@type\":\"BreadcrumbList\",\"@id\":\"https:\/\/agrupacionespsoe.es\/melilla\/robles-queremos-reabrir-la-aduana-comercial-porque-es-una-demanda-de-los-melillenses\/#breadcrumb\",\"itemListElement\":[{\"@type\":\"ListItem\",\"position\":1,\"name\":\"Portada\",\"item\":\"https:\/\/agrupacionespsoe.es\/melilla\/\"},{\"@type\":\"ListItem\",\"position\":2,\"name\":\"Robles: \u201cQueremos reabrir la aduana comercial porque es\u00a0una demanda de\u00a0los\u00a0melillenses\u201d\"}]},{\"@type\":\"WebSite\",\"@id\":\"https:\/\/agrupacionespsoe.es\/melilla\/#website\",\"url\":\"https:\/\/agrupacionespsoe.es\/melilla\/\",\"name\":\"Agrupaci\u00f3n Socialista de Melilla\",\"description\":\"Agrupaci\u00f3n Socialista de Melilla\",\"publisher\":{\"@id\":\"https:\/\/agrupacionespsoe.es\/melilla\/#organization\"},\"potentialAction\":[{\"@type\":\"SearchAction\",\"target\":{\"@type\":\"EntryPoint\",\"urlTemplate\":\"https:\/\/agrupacionespsoe.es\/melilla\/?s={search_term_string}\"},\"query-input\":{\"@type\":\"PropertyValueSpecification\",\"valueRequired\":true,\"valueName\":\"search_term_string\"}}],\"inLanguage\":\"es\"},{\"@type\":\"Organization\",\"@id\":\"https:\/\/agrupacionespsoe.es\/melilla\/#organization\",\"name\":\"Agrupaci\u00f3n Socialista de Melilla\",\"url\":\"https:\/\/agrupacionespsoe.es\/melilla\/\",\"logo\":{\"@type\":\"ImageObject\",\"inLanguage\":\"es\",\"@id\":\"https:\/\/agrupacionespsoe.es\/melilla\/#\/schema\/logo\/image\/\",\"url\":\"https:\/\/agrupacionespsoe.es\/wp-content\/uploads\/2022\/07\/Logotipo_electoral_del_PSOE.png\",\"contentUrl\":\"https:\/\/agrupacionespsoe.es\/wp-content\/uploads\/2022\/07\/Logotipo_electoral_del_PSOE.png\",\"width\":422,\"height\":422,\"caption\":\"Agrupaci\u00f3n Socialista de Melilla\"},\"image\":{\"@id\":\"https:\/\/agrupacionespsoe.es\/melilla\/#\/schema\/logo\/image\/\"}},{\"@type\":\"Person\",\"@id\":\"https:\/\/agrupacionespsoe.es\/melilla\/#\/schema\/person\/72bb3075a827d0ed0623682b96c92bd6\",\"name\":\"melilla2\",\"image\":{\"@type\":\"ImageObject\",\"inLanguage\":\"es\",\"@id\":\"https:\/\/agrupacionespsoe.es\/melilla\/#\/schema\/person\/image\/\",\"url\":\"https:\/\/secure.gravatar.com\/avatar\/489a178e794e59f00db13a448aabca16?s=96&d=mm&r=g\",\"contentUrl\":\"https:\/\/secure.gravatar.com\/avatar\/489a178e794e59f00db13a448aabca16?s=96&d=mm&r=g\",\"caption\":\"melilla2\"},\"url\":\"https:\/\/agrupacionespsoe.es\/melilla\/author\/melilla2\/\"}]}<\/script>\n<!-- \/ Yoast SEO plugin. -->","yoast_head_json":{"title":"Robles: \u201cQueremos reabrir la aduana comercial porque es\u00a0una demanda de\u00a0los\u00a0melillenses\u201d - Agrupaci\u00f3n Socialista de Melilla","robots":{"index":"index","follow":"follow","max-snippet":"max-snippet:-1","max-image-preview":"max-image-preview:large","max-video-preview":"max-video-preview:-1"},"canonical":"https:\/\/agrupacionespsoe.es\/melilla\/robles-queremos-reabrir-la-aduana-comercial-porque-es-una-demanda-de-los-melillenses\/","og_locale":"es_ES","og_type":"article","og_title":"Robles: \u201cQueremos reabrir la aduana comercial porque es\u00a0una demanda de\u00a0los\u00a0melillenses\u201d - Agrupaci\u00f3n Socialista de Melilla","og_description":"\u201cEn el caso de que fuera cierto el que pudieran entrar productos frescos de Marruecos ser\u00eda una buena noticia\u201d, defiende El&nbsp;Portavoz del PSOE de Melilla, Rafael Robles, ha respondido a las amenazas que el presidente de la Ciudad Aut\u00f3noma de Melilla, Juan Jos\u00e9 Imbroda, ha realizado sobre las dudosas informaciones que han aparecido estos \u00faltimos ...","og_url":"https:\/\/agrupacionespsoe.es\/melilla\/robles-queremos-reabrir-la-aduana-comercial-porque-es-una-demanda-de-los-melillenses\/","og_site_name":"Agrupaci\u00f3n Socialista de Melilla","article_published_time":"2025-01-03T19:33:42+00:00","article_modified_time":"2025-01-03T19:33:43+00:00","og_image":[{"width":1600,"height":1066,"url":"https:\/\/agrupacionespsoe.es\/melilla\/wp-content\/uploads\/sites\/120\/2024\/12\/1da6d3a3-985b-4890-aad3-818370db9e5d.jpg","type":"image\/jpeg"}],"author":"melilla2","twitter_card":"summary_large_image","twitter_misc":{"Escrito por":"melilla2","Tiempo de lectura":"3 minutos"},"schema":{"@context":"https:\/\/schema.org","@graph":[{"@type":"Article","@id":"https:\/\/agrupacionespsoe.es\/melilla\/robles-queremos-reabrir-la-aduana-comercial-porque-es-una-demanda-de-los-melillenses\/#article","isPartOf":{"@id":"https:\/\/agrupacionespsoe.es\/melilla\/robles-queremos-reabrir-la-aduana-comercial-porque-es-una-demanda-de-los-melillenses\/"},"author":{"name":"melilla2","@id":"https:\/\/agrupacionespsoe.es\/melilla\/#\/schema\/person\/72bb3075a827d0ed0623682b96c92bd6"},"headline":"Robles: \u201cQueremos reabrir la aduana comercial porque es\u00a0una demanda de\u00a0los\u00a0melillenses\u201d","datePublished":"2025-01-03T19:33:42+00:00","dateModified":"2025-01-03T19:33:43+00:00","mainEntityOfPage":{"@id":"https:\/\/agrupacionespsoe.es\/melilla\/robles-queremos-reabrir-la-aduana-comercial-porque-es-una-demanda-de-los-melillenses\/"},"wordCount":502,"commentCount":0,"publisher":{"@id":"https:\/\/agrupacionespsoe.es\/melilla\/#organization"},"image":{"@id":"https:\/\/agrupacionespsoe.es\/melilla\/robles-queremos-reabrir-la-aduana-comercial-porque-es-una-demanda-de-los-melillenses\/#primaryimage"},"thumbnailUrl":"https:\/\/agrupacionespsoe.es\/melilla\/wp-content\/uploads\/sites\/120\/2024\/12\/1da6d3a3-985b-4890-aad3-818370db9e5d.jpg","inLanguage":"es","potentialAction":[{"@type":"CommentAction","name":"Comment","target":["https:\/\/agrupacionespsoe.es\/melilla\/robles-queremos-reabrir-la-aduana-comercial-porque-es-una-demanda-de-los-melillenses\/#respond"]}]},{"@type":"WebPage","@id":"https:\/\/agrupacionespsoe.es\/melilla\/robles-queremos-reabrir-la-aduana-comercial-porque-es-una-demanda-de-los-melillenses\/","url":"https:\/\/agrupacionespsoe.es\/melilla\/robles-queremos-reabrir-la-aduana-comercial-porque-es-una-demanda-de-los-melillenses\/","name":"Robles: \u201cQueremos reabrir la aduana comercial porque es\u00a0una demanda de\u00a0los\u00a0melillenses\u201d - Agrupaci\u00f3n Socialista de Melilla","isPartOf":{"@id":"https:\/\/agrupacionespsoe.es\/melilla\/#website"},"primaryImageOfPage":{"@id":"https:\/\/agrupacionespsoe.es\/melilla\/robles-queremos-reabrir-la-aduana-comercial-porque-es-una-demanda-de-los-melillenses\/#primaryimage"},"image":{"@id":"https:\/\/agrupacionespsoe.es\/melilla\/robles-queremos-reabrir-la-aduana-comercial-porque-es-una-demanda-de-los-melillenses\/#primaryimage"},"thumbnailUrl":"https:\/\/agrupacionespsoe.es\/melilla\/wp-content\/uploads\/sites\/120\/2024\/12\/1da6d3a3-985b-4890-aad3-818370db9e5d.jpg","datePublished":"2025-01-03T19:33:42+00:00","dateModified":"2025-01-03T19:33:43+00:00","breadcrumb":{"@id":"https:\/\/agrupacionespsoe.es\/melilla\/robles-queremos-reabrir-la-aduana-comercial-porque-es-una-demanda-de-los-melillenses\/#breadcrumb"},"inLanguage":"es","potentialAction":[{"@type":"ReadAction","target":["https:\/\/agrupacionespsoe.es\/melilla\/robles-queremos-reabrir-la-aduana-comercial-porque-es-una-demanda-de-los-melillenses\/"]}]},{"@type":"ImageObject","inLanguage":"es","@id":"https:\/\/agrupacionespsoe.es\/melilla\/robles-queremos-reabrir-la-aduana-comercial-porque-es-una-demanda-de-los-melillenses\/#primaryimage","url":"https:\/\/agrupacionespsoe.es\/melilla\/wp-content\/uploads\/sites\/120\/2024\/12\/1da6d3a3-985b-4890-aad3-818370db9e5d.jpg","contentUrl":"https:\/\/agrupacionespsoe.es\/melilla\/wp-content\/uploads\/sites\/120\/2024\/12\/1da6d3a3-985b-4890-aad3-818370db9e5d.jpg","width":1600,"height":1066},{"@type":"BreadcrumbList","@id":"https:\/\/agrupacionespsoe.es\/melilla\/robles-queremos-reabrir-la-aduana-comercial-porque-es-una-demanda-de-los-melillenses\/#breadcrumb","itemListElement":[{"@type":"ListItem","position":1,"name":"Portada","item":"https:\/\/agrupacionespsoe.es\/melilla\/"},{"@type":"ListItem","position":2,"name":"Robles: \u201cQueremos reabrir la aduana comercial porque es\u00a0una demanda de\u00a0los\u00a0melillenses\u201d"}]},{"@type":"WebSite","@id":"https:\/\/agrupacionespsoe.es\/melilla\/#website","url":"https:\/\/agrupacionespsoe.es\/melilla\/","name":"Agrupaci\u00f3n Socialista de Melilla","description":"Agrupaci\u00f3n Socialista de Melilla","publisher":{"@id":"https:\/\/agrupacionespsoe.es\/melilla\/#organization"},"potentialAction":[{"@type":"SearchAction","target":{"@type":"EntryPoint","urlTemplate":"https:\/\/agrupacionespsoe.es\/melilla\/?s={search_term_string}"},"query-input":{"@type":"PropertyValueSpecification","valueRequired":true,"valueName":"search_term_string"}}],"inLanguage":"es"},{"@type":"Organization","@id":"https:\/\/agrupacionespsoe.es\/melilla\/#organization","name":"Agrupaci\u00f3n Socialista de Melilla","url":"https:\/\/agrupacionespsoe.es\/melilla\/","logo":{"@type":"ImageObject","inLanguage":"es","@id":"https:\/\/agrupacionespsoe.es\/melilla\/#\/schema\/logo\/image\/","url":"https:\/\/agrupacionespsoe.es\/wp-content\/uploads\/2022\/07\/Logotipo_electoral_del_PSOE.png","contentUrl":"https:\/\/agrupacionespsoe.es\/wp-content\/uploads\/2022\/07\/Logotipo_electoral_del_PSOE.png","width":422,"height":422,"caption":"Agrupaci\u00f3n Socialista de Melilla"},"image":{"@id":"https:\/\/agrupacionespsoe.es\/melilla\/#\/schema\/logo\/image\/"}},{"@type":"Person","@id":"https:\/\/agrupacionespsoe.es\/melilla\/#\/schema\/person\/72bb3075a827d0ed0623682b96c92bd6","name":"melilla2","image":{"@type":"ImageObject","inLanguage":"es","@id":"https:\/\/agrupacionespsoe.es\/melilla\/#\/schema\/person\/image\/","url":"https:\/\/secure.gravatar.com\/avatar\/489a178e794e59f00db13a448aabca16?s=96&d=mm&r=g","contentUrl":"https:\/\/secure.gravatar.com\/avatar\/489a178e794e59f00db13a448aabca16?s=96&d=mm&r=g","caption":"melilla2"},"url":"https:\/\/agrupacionespsoe.es\/melilla\/author\/melilla2\/"}]}},"jetpack_featured_media_url":"https:\/\/agrupacionespsoe.es\/melilla\/wp-content\/uploads\/sites\/120\/2024\/12\/1da6d3a3-985b-4890-aad3-818370db9e5d.jpg","jetpack_sharing_enabled":true,"_links":{"self":[{"href":"https:\/\/agrupacionespsoe.es\/melilla\/wp-json\/wp\/v2\/posts\/1506","targetHints":{"allow":["GET"]}}],"collection":[{"href":"https:\/\/agrupacionespsoe.es\/melilla\/wp-json\/wp\/v2\/posts"}],"about":[{"href":"https:\/\/agrupacionespsoe.es\/melilla\/wp-json\/wp\/v2\/types\/post"}],"author":[{"embeddable":true,"href":"https:\/\/agrupacionespsoe.es\/melilla\/wp-json\/wp\/v2\/users\/187"}],"replies":[{"embeddable":true,"href":"https:\/\/agrupacionespsoe.es\/melilla\/wp-json\/wp\/v2\/comments?post=1506"}],"version-history":[{"count":1,"href":"https:\/\/agrupacionespsoe.es\/melilla\/wp-json\/wp\/v2\/posts\/1506\/revisions"}],"predecessor-version":[{"id":1507,"href":"https:\/\/agrupacionespsoe.es\/melilla\/wp-json\/wp\/v2\/posts\/1506\/revisions\/1507"}],"wp:featuredmedia":[{"embeddable":true,"href":"https:\/\/agrupacionespsoe.es\/melilla\/wp-json\/wp\/v2\/media\/1452"}],"wp:attachment":[{"href":"https:\/\/agrupacionespsoe.es\/melilla\/wp-json\/wp\/v2\/media?parent=1506"}],"wp:term":[{"taxonomy":"category","embeddable":true,"href":"https:\/\/agrupacionespsoe.es\/melilla\/wp-json\/wp\/v2\/categories?post=1506"},{"taxonomy":"post_tag","embeddable":true,"href":"https:\/\/agrupacionespsoe.es\/melilla\/wp-json\/wp\/v2\/tags?post=1506"}],"curies":[{"name":"wp","href":"https:\/\/api.w.org\/{rel}","templated":true}]}}