{"id":1499,"date":"2024-12-28T11:18:58","date_gmt":"2024-12-28T11:18:58","guid":{"rendered":"https:\/\/agrupacionespsoe.es\/melilla\/?p=1499"},"modified":"2024-12-28T11:18:59","modified_gmt":"2024-12-28T11:18:59","slug":"segura-vamos-a-continuar-luchando-contra-la-violencia-de-genero-como-hemos-estado-haciendo-estos-veinte-anos","status":"publish","type":"post","link":"https:\/\/agrupacionespsoe.es\/melilla\/segura-vamos-a-continuar-luchando-contra-la-violencia-de-genero-como-hemos-estado-haciendo-estos-veinte-anos\/","title":{"rendered":"Segura: \u00abVamos a continuar luchando contra la violencia de g\u00e9nero como hemos estado haciendo estos veinte a\u00f1os\u00bb"},"content":{"rendered":"\n<p><strong>La secretaria de Igualdad del PSOE en Melilla recuerda la importancia de la Ley Integral contra la Violencia de G\u00e9nero en su vig\u00e9simo aniversario<\/strong><\/p>\n\n\n\n<p>La secretaria de Igualdad del PSOE en Melilla, Laura Segura, ha puesto en valor la importancia hist\u00f3rica del d\u00eda de hoy, en el que la Ley Integral contra la Violencia de G\u00e9nero celebra su vig\u00e9simo aniversario. \u00abHoy es un d\u00eda importante. Hoy celebramos un hito hist\u00f3rico de nuestro pa\u00eds. Veinte a\u00f1os de una norma pionera que coloc\u00f3 en la esfera p\u00fablica el mayor problema de derechos humanos de nuestra democracia\u00bb, ha destacado.&nbsp;<\/p>\n\n\n\n<p><a><\/a>La socialista ha subrayado que la violencia de g\u00e9nero es una \u201cviolencia estructural\u201d, de ah\u00ed la necesidad de que tenga una respuesta \u201cestructural e integral\u201d desde todas las administraciones para abordarla.<\/p>\n\n\n\n<p><a><\/a>\u201cCon Jos\u00e9 Luis Rodr\u00edguez Zapatero, los y las socialistas nos comprometimos para que esta fuera la primera ley en ser aprobada s\u00ed lleg\u00e1bamos a la Moncloa. Y as\u00ed hicimos en 2004; hoy se cumplen veinte a\u00f1os de derechos, veinte a\u00f1os de justicia social y veinte a\u00f1os de compromisos cumplidos\u00bb.&nbsp;<\/p>\n\n\n\n<p><a><\/a>As\u00ed, Segura ha recordado que hace dos d\u00e9cadas esta ley permiti\u00f3 ofrecer respuesta a la violencia machista desde la educaci\u00f3n, la prevenci\u00f3n, los derechos de las v\u00edctimas y el tratamiento procesal, entre otros \u00e1mbitos, lo que ha permitido multitud de avances a lo largo de estos a\u00f1os.&nbsp;<\/p>\n\n\n\n<p><a><\/a>Esta ley ha consolidado los derechos de todas aquellas mujeres sobre las que se ha ejercido violencia por el simple hecho de ser mujer y ha supuesto un \u00abcompromiso claro\u00bb frente a la violencia machista. \u201cGracias a esta ley tenemos un marco jur\u00eddico imprescindible para visibilizar, sensibilizar y proteger a las v\u00edctimas de violencia de g\u00e9nero\u201d, ha se\u00f1alado.&nbsp;<\/p>\n\n\n\n<p><a><\/a><strong>Un antes y un despu\u00e9s<\/strong><\/p>\n\n\n\n<p><a><\/a>De este modo, la socialista ha hecho una especial menci\u00f3n a Ana Orantes, cuyo asesinato a manos de su exmarido en 1997 marc\u00f3 un antes y un despu\u00e9s en el abordaje de la violencia de g\u00e9nero en Espa\u00f1a.<\/p>\n\n\n\n<p><a><\/a>\u00abAna Orantes puso la voz a lo que muchas mujeres viv\u00edan y en un contexto social que lo permit\u00eda. Sin saberlo, ella impuls\u00f3 el inicio de una concienciaci\u00f3n social sobre la violencia de g\u00e9nero en este pa\u00eds, sacando la violencia machista de la vida privada y convirti\u00e9ndola en una cuesti\u00f3n p\u00fablica\u00bb, ha recordado.&nbsp;<\/p>\n\n\n\n<p><a><\/a>Con Ana Orantes inici\u00f3 una \u00abnueva etapa\u00bb en cuanto a la lucha contra la violencia machista, \u00abentendi\u00e9ndola como una prioridad social y pol\u00edtica, y no una cuesti\u00f3n privada\u00bb.&nbsp;<\/p>\n\n\n\n<p><a><\/a><strong>Seguir luchando<\/strong><\/p>\n\n\n\n<p><a><\/a>Sin embargo, no ha querido pasar por alto las amenazas que hoy en d\u00eda enfrentan estos logros. Segura ha insistido en la necesidad de combatir \u00abahora, m\u00e1s que nunca\u00bb, los mensajes negacionistas que lanzan la derecha y la ultraderecha, que \u00abcrecen cada d\u00eda m\u00e1s\u201d.&nbsp;<\/p>\n\n\n\n<p><a><\/a>Por este motivo, la secretaria de Igualdad ha reafirmado el compromiso del PSOE con la lucha contra la violencia de g\u00e9nero. \u201cMientras que en nuestro pa\u00eds haya una sola mujer que sufra violencia de g\u00e9nero, viva en un contexto de violencia o sea asesinada, tendremos que seguir trabajando intensamente hasta conseguir erradicar de una vez por todas esta lacra\u201d, ha subrayado.&nbsp;<\/p>\n\n\n\n<p><a><\/a>De esta manera, ha hecho hincapi\u00e9 en que el Partido Socialista \u00abtiene historia, tiene memoria, pero sobre todo tiene futuro. El futuro de la lucha contra la violencia machista\u00bb.<\/p>\n","protected":false},"excerpt":{"rendered":"<p>La secretaria de Igualdad del PSOE en Melilla recuerda la importancia de la Ley Integral contra la Violencia de G\u00e9nero en su vig\u00e9simo aniversario La secretaria de Igualdad del PSOE en Melilla, Laura Segura, ha puesto en valor la importancia hist\u00f3rica del d\u00eda de hoy, en el que la Ley Integral contra la Violencia de &#8230;<\/p>\n","protected":false},"author":187,"featured_media":1323,"comment_status":"open","ping_status":"open","sticky":false,"template":"","format":"standard","meta":{"_jetpack_memberships_contains_paid_content":false,"footnotes":""},"categories":[1],"tags":[],"class_list":["post-1499","post","type-post","status-publish","format-standard","has-post-thumbnail","hentry","category-sin-categoria"],"yoast_head":"<!-- This site is optimized with the Yoast SEO plugin v24.0 - https:\/\/yoast.com\/wordpress\/plugins\/seo\/ -->\n<title>Segura: &quot;Vamos a continuar luchando contra la violencia de g\u00e9nero como hemos estado haciendo estos veinte a\u00f1os&quot; - Agrupaci\u00f3n Socialista de Melilla<\/title>\n<meta name=\"robots\" content=\"index, follow, max-snippet:-1, max-image-preview:large, max-video-preview:-1\" \/>\n<link rel=\"canonical\" href=\"https:\/\/agrupacionespsoe.es\/melilla\/segura-vamos-a-continuar-luchando-contra-la-violencia-de-genero-como-hemos-estado-haciendo-estos-veinte-anos\/\" \/>\n<meta property=\"og:locale\" content=\"es_ES\" \/>\n<meta property=\"og:type\" content=\"article\" \/>\n<meta property=\"og:title\" content=\"Segura: &quot;Vamos a continuar luchando contra la violencia de g\u00e9nero como hemos estado haciendo estos veinte a\u00f1os&quot; - Agrupaci\u00f3n Socialista de Melilla\" \/>\n<meta property=\"og:description\" content=\"La secretaria de Igualdad del PSOE en Melilla recuerda la importancia de la Ley Integral contra la Violencia de G\u00e9nero en su vig\u00e9simo aniversario La secretaria de Igualdad del PSOE en Melilla, Laura Segura, ha puesto en valor la importancia hist\u00f3rica del d\u00eda de hoy, en el que la Ley Integral contra la Violencia de ...\" \/>\n<meta property=\"og:url\" content=\"https:\/\/agrupacionespsoe.es\/melilla\/segura-vamos-a-continuar-luchando-contra-la-violencia-de-genero-como-hemos-estado-haciendo-estos-veinte-anos\/\" \/>\n<meta property=\"og:site_name\" content=\"Agrupaci\u00f3n Socialista de Melilla\" \/>\n<meta property=\"article:published_time\" content=\"2024-12-28T11:18:58+00:00\" \/>\n<meta property=\"article:modified_time\" content=\"2024-12-28T11:18:59+00:00\" \/>\n<meta property=\"og:image\" content=\"https:\/\/agrupacionespsoe.es\/melilla\/wp-content\/uploads\/sites\/120\/2024\/10\/LSegura_02Octubre.jpeg\" \/>\n\t<meta property=\"og:image:width\" content=\"2048\" \/>\n\t<meta property=\"og:image:height\" content=\"1364\" \/>\n\t<meta property=\"og:image:type\" content=\"image\/jpeg\" \/>\n<meta name=\"author\" content=\"melilla2\" \/>\n<meta name=\"twitter:card\" content=\"summary_large_image\" \/>\n<meta name=\"twitter:label1\" content=\"Escrito por\" \/>\n\t<meta name=\"twitter:data1\" content=\"melilla2\" \/>\n\t<meta name=\"twitter:label2\" content=\"Tiempo de lectura\" \/>\n\t<meta name=\"twitter:data2\" content=\"3 minutos\" \/>\n<script type=\"application\/ld+json\" class=\"yoast-schema-graph\">{\"@context\":\"https:\/\/schema.org\",\"@graph\":[{\"@type\":\"Article\",\"@id\":\"https:\/\/agrupacionespsoe.es\/melilla\/segura-vamos-a-continuar-luchando-contra-la-violencia-de-genero-como-hemos-estado-haciendo-estos-veinte-anos\/#article\",\"isPartOf\":{\"@id\":\"https:\/\/agrupacionespsoe.es\/melilla\/segura-vamos-a-continuar-luchando-contra-la-violencia-de-genero-como-hemos-estado-haciendo-estos-veinte-anos\/\"},\"author\":{\"name\":\"melilla2\",\"@id\":\"https:\/\/agrupacionespsoe.es\/melilla\/#\/schema\/person\/72bb3075a827d0ed0623682b96c92bd6\"},\"headline\":\"Segura: \u00abVamos a continuar luchando contra la violencia de g\u00e9nero como hemos estado haciendo estos veinte a\u00f1os\u00bb\",\"datePublished\":\"2024-12-28T11:18:58+00:00\",\"dateModified\":\"2024-12-28T11:18:59+00:00\",\"mainEntityOfPage\":{\"@id\":\"https:\/\/agrupacionespsoe.es\/melilla\/segura-vamos-a-continuar-luchando-contra-la-violencia-de-genero-como-hemos-estado-haciendo-estos-veinte-anos\/\"},\"wordCount\":615,\"commentCount\":0,\"publisher\":{\"@id\":\"https:\/\/agrupacionespsoe.es\/melilla\/#organization\"},\"image\":{\"@id\":\"https:\/\/agrupacionespsoe.es\/melilla\/segura-vamos-a-continuar-luchando-contra-la-violencia-de-genero-como-hemos-estado-haciendo-estos-veinte-anos\/#primaryimage\"},\"thumbnailUrl\":\"https:\/\/agrupacionespsoe.es\/melilla\/wp-content\/uploads\/sites\/120\/2024\/10\/LSegura_02Octubre.jpeg\",\"inLanguage\":\"es\",\"potentialAction\":[{\"@type\":\"CommentAction\",\"name\":\"Comment\",\"target\":[\"https:\/\/agrupacionespsoe.es\/melilla\/segura-vamos-a-continuar-luchando-contra-la-violencia-de-genero-como-hemos-estado-haciendo-estos-veinte-anos\/#respond\"]}]},{\"@type\":\"WebPage\",\"@id\":\"https:\/\/agrupacionespsoe.es\/melilla\/segura-vamos-a-continuar-luchando-contra-la-violencia-de-genero-como-hemos-estado-haciendo-estos-veinte-anos\/\",\"url\":\"https:\/\/agrupacionespsoe.es\/melilla\/segura-vamos-a-continuar-luchando-contra-la-violencia-de-genero-como-hemos-estado-haciendo-estos-veinte-anos\/\",\"name\":\"Segura: \\\"Vamos a continuar luchando contra la violencia de g\u00e9nero como hemos estado haciendo estos veinte a\u00f1os\\\" - Agrupaci\u00f3n Socialista de Melilla\",\"isPartOf\":{\"@id\":\"https:\/\/agrupacionespsoe.es\/melilla\/#website\"},\"primaryImageOfPage\":{\"@id\":\"https:\/\/agrupacionespsoe.es\/melilla\/segura-vamos-a-continuar-luchando-contra-la-violencia-de-genero-como-hemos-estado-haciendo-estos-veinte-anos\/#primaryimage\"},\"image\":{\"@id\":\"https:\/\/agrupacionespsoe.es\/melilla\/segura-vamos-a-continuar-luchando-contra-la-violencia-de-genero-como-hemos-estado-haciendo-estos-veinte-anos\/#primaryimage\"},\"thumbnailUrl\":\"https:\/\/agrupacionespsoe.es\/melilla\/wp-content\/uploads\/sites\/120\/2024\/10\/LSegura_02Octubre.jpeg\",\"datePublished\":\"2024-12-28T11:18:58+00:00\",\"dateModified\":\"2024-12-28T11:18:59+00:00\",\"breadcrumb\":{\"@id\":\"https:\/\/agrupacionespsoe.es\/melilla\/segura-vamos-a-continuar-luchando-contra-la-violencia-de-genero-como-hemos-estado-haciendo-estos-veinte-anos\/#breadcrumb\"},\"inLanguage\":\"es\",\"potentialAction\":[{\"@type\":\"ReadAction\",\"target\":[\"https:\/\/agrupacionespsoe.es\/melilla\/segura-vamos-a-continuar-luchando-contra-la-violencia-de-genero-como-hemos-estado-haciendo-estos-veinte-anos\/\"]}]},{\"@type\":\"ImageObject\",\"inLanguage\":\"es\",\"@id\":\"https:\/\/agrupacionespsoe.es\/melilla\/segura-vamos-a-continuar-luchando-contra-la-violencia-de-genero-como-hemos-estado-haciendo-estos-veinte-anos\/#primaryimage\",\"url\":\"https:\/\/agrupacionespsoe.es\/melilla\/wp-content\/uploads\/sites\/120\/2024\/10\/LSegura_02Octubre.jpeg\",\"contentUrl\":\"https:\/\/agrupacionespsoe.es\/melilla\/wp-content\/uploads\/sites\/120\/2024\/10\/LSegura_02Octubre.jpeg\",\"width\":2048,\"height\":1364},{\"@type\":\"BreadcrumbList\",\"@id\":\"https:\/\/agrupacionespsoe.es\/melilla\/segura-vamos-a-continuar-luchando-contra-la-violencia-de-genero-como-hemos-estado-haciendo-estos-veinte-anos\/#breadcrumb\",\"itemListElement\":[{\"@type\":\"ListItem\",\"position\":1,\"name\":\"Portada\",\"item\":\"https:\/\/agrupacionespsoe.es\/melilla\/\"},{\"@type\":\"ListItem\",\"position\":2,\"name\":\"Segura: \u00abVamos a continuar luchando contra la violencia de g\u00e9nero como hemos estado haciendo estos veinte a\u00f1os\u00bb\"}]},{\"@type\":\"WebSite\",\"@id\":\"https:\/\/agrupacionespsoe.es\/melilla\/#website\",\"url\":\"https:\/\/agrupacionespsoe.es\/melilla\/\",\"name\":\"Agrupaci\u00f3n Socialista de Melilla\",\"description\":\"Agrupaci\u00f3n Socialista de Melilla\",\"publisher\":{\"@id\":\"https:\/\/agrupacionespsoe.es\/melilla\/#organization\"},\"potentialAction\":[{\"@type\":\"SearchAction\",\"target\":{\"@type\":\"EntryPoint\",\"urlTemplate\":\"https:\/\/agrupacionespsoe.es\/melilla\/?s={search_term_string}\"},\"query-input\":{\"@type\":\"PropertyValueSpecification\",\"valueRequired\":true,\"valueName\":\"search_term_string\"}}],\"inLanguage\":\"es\"},{\"@type\":\"Organization\",\"@id\":\"https:\/\/agrupacionespsoe.es\/melilla\/#organization\",\"name\":\"Agrupaci\u00f3n Socialista de Melilla\",\"url\":\"https:\/\/agrupacionespsoe.es\/melilla\/\",\"logo\":{\"@type\":\"ImageObject\",\"inLanguage\":\"es\",\"@id\":\"https:\/\/agrupacionespsoe.es\/melilla\/#\/schema\/logo\/image\/\",\"url\":\"https:\/\/agrupacionespsoe.es\/wp-content\/uploads\/2022\/07\/Logotipo_electoral_del_PSOE.png\",\"contentUrl\":\"https:\/\/agrupacionespsoe.es\/wp-content\/uploads\/2022\/07\/Logotipo_electoral_del_PSOE.png\",\"width\":422,\"height\":422,\"caption\":\"Agrupaci\u00f3n Socialista de Melilla\"},\"image\":{\"@id\":\"https:\/\/agrupacionespsoe.es\/melilla\/#\/schema\/logo\/image\/\"}},{\"@type\":\"Person\",\"@id\":\"https:\/\/agrupacionespsoe.es\/melilla\/#\/schema\/person\/72bb3075a827d0ed0623682b96c92bd6\",\"name\":\"melilla2\",\"image\":{\"@type\":\"ImageObject\",\"inLanguage\":\"es\",\"@id\":\"https:\/\/agrupacionespsoe.es\/melilla\/#\/schema\/person\/image\/\",\"url\":\"https:\/\/secure.gravatar.com\/avatar\/489a178e794e59f00db13a448aabca16?s=96&d=mm&r=g\",\"contentUrl\":\"https:\/\/secure.gravatar.com\/avatar\/489a178e794e59f00db13a448aabca16?s=96&d=mm&r=g\",\"caption\":\"melilla2\"},\"url\":\"https:\/\/agrupacionespsoe.es\/melilla\/author\/melilla2\/\"}]}<\/script>\n<!-- \/ Yoast SEO plugin. -->","yoast_head_json":{"title":"Segura: \"Vamos a continuar luchando contra la violencia de g\u00e9nero como hemos estado haciendo estos veinte a\u00f1os\" - Agrupaci\u00f3n Socialista de Melilla","robots":{"index":"index","follow":"follow","max-snippet":"max-snippet:-1","max-image-preview":"max-image-preview:large","max-video-preview":"max-video-preview:-1"},"canonical":"https:\/\/agrupacionespsoe.es\/melilla\/segura-vamos-a-continuar-luchando-contra-la-violencia-de-genero-como-hemos-estado-haciendo-estos-veinte-anos\/","og_locale":"es_ES","og_type":"article","og_title":"Segura: \"Vamos a continuar luchando contra la violencia de g\u00e9nero como hemos estado haciendo estos veinte a\u00f1os\" - Agrupaci\u00f3n Socialista de Melilla","og_description":"La secretaria de Igualdad del PSOE en Melilla recuerda la importancia de la Ley Integral contra la Violencia de G\u00e9nero en su vig\u00e9simo aniversario La secretaria de Igualdad del PSOE en Melilla, Laura Segura, ha puesto en valor la importancia hist\u00f3rica del d\u00eda de hoy, en el que la Ley Integral contra la Violencia de ...","og_url":"https:\/\/agrupacionespsoe.es\/melilla\/segura-vamos-a-continuar-luchando-contra-la-violencia-de-genero-como-hemos-estado-haciendo-estos-veinte-anos\/","og_site_name":"Agrupaci\u00f3n Socialista de Melilla","article_published_time":"2024-12-28T11:18:58+00:00","article_modified_time":"2024-12-28T11:18:59+00:00","og_image":[{"width":2048,"height":1364,"url":"https:\/\/agrupacionespsoe.es\/melilla\/wp-content\/uploads\/sites\/120\/2024\/10\/LSegura_02Octubre.jpeg","type":"image\/jpeg"}],"author":"melilla2","twitter_card":"summary_large_image","twitter_misc":{"Escrito por":"melilla2","Tiempo de lectura":"3 minutos"},"schema":{"@context":"https:\/\/schema.org","@graph":[{"@type":"Article","@id":"https:\/\/agrupacionespsoe.es\/melilla\/segura-vamos-a-continuar-luchando-contra-la-violencia-de-genero-como-hemos-estado-haciendo-estos-veinte-anos\/#article","isPartOf":{"@id":"https:\/\/agrupacionespsoe.es\/melilla\/segura-vamos-a-continuar-luchando-contra-la-violencia-de-genero-como-hemos-estado-haciendo-estos-veinte-anos\/"},"author":{"name":"melilla2","@id":"https:\/\/agrupacionespsoe.es\/melilla\/#\/schema\/person\/72bb3075a827d0ed0623682b96c92bd6"},"headline":"Segura: \u00abVamos a continuar luchando contra la violencia de g\u00e9nero como hemos estado haciendo estos veinte a\u00f1os\u00bb","datePublished":"2024-12-28T11:18:58+00:00","dateModified":"2024-12-28T11:18:59+00:00","mainEntityOfPage":{"@id":"https:\/\/agrupacionespsoe.es\/melilla\/segura-vamos-a-continuar-luchando-contra-la-violencia-de-genero-como-hemos-estado-haciendo-estos-veinte-anos\/"},"wordCount":615,"commentCount":0,"publisher":{"@id":"https:\/\/agrupacionespsoe.es\/melilla\/#organization"},"image":{"@id":"https:\/\/agrupacionespsoe.es\/melilla\/segura-vamos-a-continuar-luchando-contra-la-violencia-de-genero-como-hemos-estado-haciendo-estos-veinte-anos\/#primaryimage"},"thumbnailUrl":"https:\/\/agrupacionespsoe.es\/melilla\/wp-content\/uploads\/sites\/120\/2024\/10\/LSegura_02Octubre.jpeg","inLanguage":"es","potentialAction":[{"@type":"CommentAction","name":"Comment","target":["https:\/\/agrupacionespsoe.es\/melilla\/segura-vamos-a-continuar-luchando-contra-la-violencia-de-genero-como-hemos-estado-haciendo-estos-veinte-anos\/#respond"]}]},{"@type":"WebPage","@id":"https:\/\/agrupacionespsoe.es\/melilla\/segura-vamos-a-continuar-luchando-contra-la-violencia-de-genero-como-hemos-estado-haciendo-estos-veinte-anos\/","url":"https:\/\/agrupacionespsoe.es\/melilla\/segura-vamos-a-continuar-luchando-contra-la-violencia-de-genero-como-hemos-estado-haciendo-estos-veinte-anos\/","name":"Segura: \"Vamos a continuar luchando contra la violencia de g\u00e9nero como hemos estado haciendo estos veinte a\u00f1os\" - Agrupaci\u00f3n Socialista de Melilla","isPartOf":{"@id":"https:\/\/agrupacionespsoe.es\/melilla\/#website"},"primaryImageOfPage":{"@id":"https:\/\/agrupacionespsoe.es\/melilla\/segura-vamos-a-continuar-luchando-contra-la-violencia-de-genero-como-hemos-estado-haciendo-estos-veinte-anos\/#primaryimage"},"image":{"@id":"https:\/\/agrupacionespsoe.es\/melilla\/segura-vamos-a-continuar-luchando-contra-la-violencia-de-genero-como-hemos-estado-haciendo-estos-veinte-anos\/#primaryimage"},"thumbnailUrl":"https:\/\/agrupacionespsoe.es\/melilla\/wp-content\/uploads\/sites\/120\/2024\/10\/LSegura_02Octubre.jpeg","datePublished":"2024-12-28T11:18:58+00:00","dateModified":"2024-12-28T11:18:59+00:00","breadcrumb":{"@id":"https:\/\/agrupacionespsoe.es\/melilla\/segura-vamos-a-continuar-luchando-contra-la-violencia-de-genero-como-hemos-estado-haciendo-estos-veinte-anos\/#breadcrumb"},"inLanguage":"es","potentialAction":[{"@type":"ReadAction","target":["https:\/\/agrupacionespsoe.es\/melilla\/segura-vamos-a-continuar-luchando-contra-la-violencia-de-genero-como-hemos-estado-haciendo-estos-veinte-anos\/"]}]},{"@type":"ImageObject","inLanguage":"es","@id":"https:\/\/agrupacionespsoe.es\/melilla\/segura-vamos-a-continuar-luchando-contra-la-violencia-de-genero-como-hemos-estado-haciendo-estos-veinte-anos\/#primaryimage","url":"https:\/\/agrupacionespsoe.es\/melilla\/wp-content\/uploads\/sites\/120\/2024\/10\/LSegura_02Octubre.jpeg","contentUrl":"https:\/\/agrupacionespsoe.es\/melilla\/wp-content\/uploads\/sites\/120\/2024\/10\/LSegura_02Octubre.jpeg","width":2048,"height":1364},{"@type":"BreadcrumbList","@id":"https:\/\/agrupacionespsoe.es\/melilla\/segura-vamos-a-continuar-luchando-contra-la-violencia-de-genero-como-hemos-estado-haciendo-estos-veinte-anos\/#breadcrumb","itemListElement":[{"@type":"ListItem","position":1,"name":"Portada","item":"https:\/\/agrupacionespsoe.es\/melilla\/"},{"@type":"ListItem","position":2,"name":"Segura: \u00abVamos a continuar luchando contra la violencia de g\u00e9nero como hemos estado haciendo estos veinte a\u00f1os\u00bb"}]},{"@type":"WebSite","@id":"https:\/\/agrupacionespsoe.es\/melilla\/#website","url":"https:\/\/agrupacionespsoe.es\/melilla\/","name":"Agrupaci\u00f3n Socialista de Melilla","description":"Agrupaci\u00f3n Socialista de Melilla","publisher":{"@id":"https:\/\/agrupacionespsoe.es\/melilla\/#organization"},"potentialAction":[{"@type":"SearchAction","target":{"@type":"EntryPoint","urlTemplate":"https:\/\/agrupacionespsoe.es\/melilla\/?s={search_term_string}"},"query-input":{"@type":"PropertyValueSpecification","valueRequired":true,"valueName":"search_term_string"}}],"inLanguage":"es"},{"@type":"Organization","@id":"https:\/\/agrupacionespsoe.es\/melilla\/#organization","name":"Agrupaci\u00f3n Socialista de Melilla","url":"https:\/\/agrupacionespsoe.es\/melilla\/","logo":{"@type":"ImageObject","inLanguage":"es","@id":"https:\/\/agrupacionespsoe.es\/melilla\/#\/schema\/logo\/image\/","url":"https:\/\/agrupacionespsoe.es\/wp-content\/uploads\/2022\/07\/Logotipo_electoral_del_PSOE.png","contentUrl":"https:\/\/agrupacionespsoe.es\/wp-content\/uploads\/2022\/07\/Logotipo_electoral_del_PSOE.png","width":422,"height":422,"caption":"Agrupaci\u00f3n Socialista de Melilla"},"image":{"@id":"https:\/\/agrupacionespsoe.es\/melilla\/#\/schema\/logo\/image\/"}},{"@type":"Person","@id":"https:\/\/agrupacionespsoe.es\/melilla\/#\/schema\/person\/72bb3075a827d0ed0623682b96c92bd6","name":"melilla2","image":{"@type":"ImageObject","inLanguage":"es","@id":"https:\/\/agrupacionespsoe.es\/melilla\/#\/schema\/person\/image\/","url":"https:\/\/secure.gravatar.com\/avatar\/489a178e794e59f00db13a448aabca16?s=96&d=mm&r=g","contentUrl":"https:\/\/secure.gravatar.com\/avatar\/489a178e794e59f00db13a448aabca16?s=96&d=mm&r=g","caption":"melilla2"},"url":"https:\/\/agrupacionespsoe.es\/melilla\/author\/melilla2\/"}]}},"jetpack_featured_media_url":"https:\/\/agrupacionespsoe.es\/melilla\/wp-content\/uploads\/sites\/120\/2024\/10\/LSegura_02Octubre.jpeg","jetpack_sharing_enabled":true,"_links":{"self":[{"href":"https:\/\/agrupacionespsoe.es\/melilla\/wp-json\/wp\/v2\/posts\/1499","targetHints":{"allow":["GET"]}}],"collection":[{"href":"https:\/\/agrupacionespsoe.es\/melilla\/wp-json\/wp\/v2\/posts"}],"about":[{"href":"https:\/\/agrupacionespsoe.es\/melilla\/wp-json\/wp\/v2\/types\/post"}],"author":[{"embeddable":true,"href":"https:\/\/agrupacionespsoe.es\/melilla\/wp-json\/wp\/v2\/users\/187"}],"replies":[{"embeddable":true,"href":"https:\/\/agrupacionespsoe.es\/melilla\/wp-json\/wp\/v2\/comments?post=1499"}],"version-history":[{"count":1,"href":"https:\/\/agrupacionespsoe.es\/melilla\/wp-json\/wp\/v2\/posts\/1499\/revisions"}],"predecessor-version":[{"id":1500,"href":"https:\/\/agrupacionespsoe.es\/melilla\/wp-json\/wp\/v2\/posts\/1499\/revisions\/1500"}],"wp:featuredmedia":[{"embeddable":true,"href":"https:\/\/agrupacionespsoe.es\/melilla\/wp-json\/wp\/v2\/media\/1323"}],"wp:attachment":[{"href":"https:\/\/agrupacionespsoe.es\/melilla\/wp-json\/wp\/v2\/media?parent=1499"}],"wp:term":[{"taxonomy":"category","embeddable":true,"href":"https:\/\/agrupacionespsoe.es\/melilla\/wp-json\/wp\/v2\/categories?post=1499"},{"taxonomy":"post_tag","embeddable":true,"href":"https:\/\/agrupacionespsoe.es\/melilla\/wp-json\/wp\/v2\/tags?post=1499"}],"curies":[{"name":"wp","href":"https:\/\/api.w.org\/{rel}","templated":true}]}}