{"id":1491,"date":"2024-12-22T18:24:07","date_gmt":"2024-12-22T18:24:07","guid":{"rendered":"https:\/\/agrupacionespsoe.es\/melilla\/?p=1491"},"modified":"2024-12-22T18:24:08","modified_gmt":"2024-12-22T18:24:08","slug":"el-psoe-presenta-una-mocion-para-que-la-plaza-multifuncional-cuente-con-iluminacion-sostenible","status":"publish","type":"post","link":"https:\/\/agrupacionespsoe.es\/melilla\/el-psoe-presenta-una-mocion-para-que-la-plaza-multifuncional-cuente-con-iluminacion-sostenible\/","title":{"rendered":"El PSOE presenta una moci\u00f3n para que la Plaza Multifuncional cuente con iluminaci\u00f3n sostenible\u00a0"},"content":{"rendered":"\n<p><strong>Se trata de una \u201csoluci\u00f3n efectiva\u201d para que los melillenses puedan realizar actividades deportivas a cualquier hora del d\u00eda en estas instalaciones<\/strong><\/p>\n\n\n\n<p>El&nbsp;Grupo&nbsp;Socialista de Melilla ha presentado una moci\u00f3n para que la Plaza Multifuncional&nbsp;de San Lorenzo&nbsp;cuente con una iluminaci\u00f3n sostenible durante todos los d\u00edas del a\u00f1o con el fin de que los melillenses puedan realizar actividades f\u00edsicas y deportivas&nbsp;<a><\/a>a cualquier hora.&nbsp;<\/p>\n\n\n\n<p>El secretario de Deportes del PSOE en Melilla, Diego Mu\u00f1oz Ja\u00e9n,&nbsp;ha puesto&nbsp;de relieve&nbsp;el valor educativo de las actividades f\u00edsicas y el deporte para la ciudadan\u00eda, especialmente para los m\u00e1s j\u00f3venes, para evitar el aumento del senderismo, el sobrepeso y la obesidad infantil. Pero tambi\u00e9n son fundamentales para inculcar valores como la cultura del esfuerzo, el trabajo en equipo, la disciplina o el compromiso, adem\u00e1s de las propias cualidades motrices, f\u00edsicas y de salud inherentes a la pr\u00e1ctica.&nbsp;<\/p>\n\n\n\n<p>En este \u00e1mbito, la&nbsp;Plaza Multifuncional&nbsp;juega un papel fundamental en la ciudad de Melilla, al ser&nbsp;uno de los espacios donde se pueden realizar multitud de actividades deportivas al aire libre. Esto la convierte en un lugar c\u00e9ntrico de vital importancia para muchos melillenses.&nbsp;<\/p>\n\n\n\n<p>\u201cPero para que una zona sea de utilidad la gran parte del d\u00eda tiene que contar con una buena iluminaci\u00f3n\u201d, ha recordado. Por este motivo, lamenta que actualmente la explanada no cuente con una iluminaci\u00f3n adecuada y que a ciertas horas de la tarde se quede a oscuras, dificultando que se pueda desarrollar alg\u00fan tipo de deporte en ella una vez que se pone el sol.&nbsp;<\/p>\n\n\n\n<p>Mu\u00f1oz Ja\u00e9n ha puesto de relieve las bondades del clima melillense, que cuenta con muchas \u201choras de luz\u201d al d\u00eda. Sin embargo, en invierno, pasadas las seis y media de la tarde, ya es de noche, como en el resto del territorio nacional. \u201cPor ello, desde el&nbsp;Partido Socialista consideramos esencial tomar medidas para que nuestros ciudadanos y ciudadanas puedan disfrutar de un espacio p\u00fablico en las mejores condiciones de iluminaci\u00f3n\u201d, ha afirmado.&nbsp;<\/p>\n\n\n\n<p>Adem\u00e1s, tal y como ha explicado el socialista, esta moci\u00f3n busca cumplir con el desaf\u00edo clim\u00e1tico actual y los Objetivos de Desarrollo Sostenible, adem\u00e1s de \u201cmejorar la calidad\u201d de las instalaciones deportivas de la ciudad en el entorno viario. \u201cLos Objetivos de Desarrollo Sostenible son cruciales para que los proyectos de iluminaci\u00f3n p\u00fablica cuenten con la eficiencia y la sostenibilidad deseada\u201d, ha se\u00f1alado.&nbsp;<\/p>\n\n\n\n<p>\u201cLa eficiencia energ\u00e9tica en la iluminaci\u00f3n p\u00fablica no solo contribuye a la conservaci\u00f3n del medio ambiente al reducir las emisiones de gases de efecto invernadero sino que tambi\u00e9n supone un ahorro significativo en los costes operativos de las ciudades\u201d, ha aclarado.&nbsp;<\/p>\n\n\n\n<p>En ese sentido, el socialista apuesta por una \u201csoluci\u00f3n efectiva\u201d como es el uso de luces LED en las calles. \u00c9stas, complementadas con tecnolog\u00eda de iluminaci\u00f3n inteligente, permitir\u00edan ajustar el nivel de flujo luminoso seg\u00fan las necesidades espec\u00edficas de cada momento y, de esta manera, poder garantizar que los melillenses disfruten al m\u00e1ximo de la Plaza Multifuncional en las oscuras tardes de invierno.&nbsp;<\/p>\n\n\n\n<p>Por estos motivos, el PSOE solicita que la Ciudad Aut\u00f3noma facilite una iluminaci\u00f3n \u201ceficiente y sostenible\u201d en la Explanada de San Lorenzo hasta, al menos, las 23:59 horas durante todos los d\u00edas del a\u00f1o con el fin de que la ciudadan\u00eda pueda desarrollar actividades de ocio y deporte en buena calidad.<\/p>\n","protected":false},"excerpt":{"rendered":"<p>Se trata de una \u201csoluci\u00f3n efectiva\u201d para que los melillenses puedan realizar actividades deportivas a cualquier hora del d\u00eda en estas instalaciones El&nbsp;Grupo&nbsp;Socialista de Melilla ha presentado una moci\u00f3n para que la Plaza Multifuncional&nbsp;de San Lorenzo&nbsp;cuente con una iluminaci\u00f3n sostenible durante todos los d\u00edas del a\u00f1o con el fin de que los melillenses puedan realizar &#8230;<\/p>\n","protected":false},"author":187,"featured_media":1492,"comment_status":"open","ping_status":"open","sticky":false,"template":"","format":"standard","meta":{"_jetpack_memberships_contains_paid_content":false,"footnotes":""},"categories":[1],"tags":[],"class_list":["post-1491","post","type-post","status-publish","format-standard","has-post-thumbnail","hentry","category-sin-categoria"],"yoast_head":"<!-- This site is optimized with the Yoast SEO plugin v24.0 - https:\/\/yoast.com\/wordpress\/plugins\/seo\/ -->\n<title>El PSOE presenta una moci\u00f3n para que la Plaza Multifuncional cuente con iluminaci\u00f3n sostenible\u00a0 - Agrupaci\u00f3n Socialista de Melilla<\/title>\n<meta name=\"robots\" content=\"index, follow, max-snippet:-1, max-image-preview:large, max-video-preview:-1\" \/>\n<link rel=\"canonical\" href=\"https:\/\/agrupacionespsoe.es\/melilla\/el-psoe-presenta-una-mocion-para-que-la-plaza-multifuncional-cuente-con-iluminacion-sostenible\/\" \/>\n<meta property=\"og:locale\" content=\"es_ES\" \/>\n<meta property=\"og:type\" content=\"article\" \/>\n<meta property=\"og:title\" content=\"El PSOE presenta una moci\u00f3n para que la Plaza Multifuncional cuente con iluminaci\u00f3n sostenible\u00a0 - Agrupaci\u00f3n Socialista de Melilla\" \/>\n<meta property=\"og:description\" content=\"Se trata de una \u201csoluci\u00f3n efectiva\u201d para que los melillenses puedan realizar actividades deportivas a cualquier hora del d\u00eda en estas instalaciones El&nbsp;Grupo&nbsp;Socialista de Melilla ha presentado una moci\u00f3n para que la Plaza Multifuncional&nbsp;de San Lorenzo&nbsp;cuente con una iluminaci\u00f3n sostenible durante todos los d\u00edas del a\u00f1o con el fin de que los melillenses puedan realizar ...\" \/>\n<meta property=\"og:url\" content=\"https:\/\/agrupacionespsoe.es\/melilla\/el-psoe-presenta-una-mocion-para-que-la-plaza-multifuncional-cuente-con-iluminacion-sostenible\/\" \/>\n<meta property=\"og:site_name\" content=\"Agrupaci\u00f3n Socialista de Melilla\" \/>\n<meta property=\"article:published_time\" content=\"2024-12-22T18:24:07+00:00\" \/>\n<meta property=\"article:modified_time\" content=\"2024-12-22T18:24:08+00:00\" \/>\n<meta property=\"og:image\" content=\"https:\/\/agrupacionespsoe.es\/melilla\/wp-content\/uploads\/sites\/120\/2024\/12\/08fee8e4-916b-4879-bf5f-fb75eb9c5e85.jpeg\" \/>\n\t<meta property=\"og:image:width\" content=\"2560\" \/>\n\t<meta property=\"og:image:height\" content=\"1706\" \/>\n\t<meta property=\"og:image:type\" content=\"image\/jpeg\" \/>\n<meta name=\"author\" content=\"melilla2\" \/>\n<meta name=\"twitter:card\" content=\"summary_large_image\" \/>\n<meta name=\"twitter:label1\" content=\"Escrito por\" \/>\n\t<meta name=\"twitter:data1\" content=\"melilla2\" \/>\n\t<meta name=\"twitter:label2\" content=\"Tiempo de lectura\" \/>\n\t<meta name=\"twitter:data2\" content=\"3 minutos\" \/>\n<script type=\"application\/ld+json\" class=\"yoast-schema-graph\">{\"@context\":\"https:\/\/schema.org\",\"@graph\":[{\"@type\":\"Article\",\"@id\":\"https:\/\/agrupacionespsoe.es\/melilla\/el-psoe-presenta-una-mocion-para-que-la-plaza-multifuncional-cuente-con-iluminacion-sostenible\/#article\",\"isPartOf\":{\"@id\":\"https:\/\/agrupacionespsoe.es\/melilla\/el-psoe-presenta-una-mocion-para-que-la-plaza-multifuncional-cuente-con-iluminacion-sostenible\/\"},\"author\":{\"name\":\"melilla2\",\"@id\":\"https:\/\/agrupacionespsoe.es\/melilla\/#\/schema\/person\/72bb3075a827d0ed0623682b96c92bd6\"},\"headline\":\"El PSOE presenta una moci\u00f3n para que la Plaza Multifuncional cuente con iluminaci\u00f3n sostenible\u00a0\",\"datePublished\":\"2024-12-22T18:24:07+00:00\",\"dateModified\":\"2024-12-22T18:24:08+00:00\",\"mainEntityOfPage\":{\"@id\":\"https:\/\/agrupacionespsoe.es\/melilla\/el-psoe-presenta-una-mocion-para-que-la-plaza-multifuncional-cuente-con-iluminacion-sostenible\/\"},\"wordCount\":635,\"commentCount\":0,\"publisher\":{\"@id\":\"https:\/\/agrupacionespsoe.es\/melilla\/#organization\"},\"image\":{\"@id\":\"https:\/\/agrupacionespsoe.es\/melilla\/el-psoe-presenta-una-mocion-para-que-la-plaza-multifuncional-cuente-con-iluminacion-sostenible\/#primaryimage\"},\"thumbnailUrl\":\"https:\/\/agrupacionespsoe.es\/melilla\/wp-content\/uploads\/sites\/120\/2024\/12\/08fee8e4-916b-4879-bf5f-fb75eb9c5e85.jpeg\",\"inLanguage\":\"es\",\"potentialAction\":[{\"@type\":\"CommentAction\",\"name\":\"Comment\",\"target\":[\"https:\/\/agrupacionespsoe.es\/melilla\/el-psoe-presenta-una-mocion-para-que-la-plaza-multifuncional-cuente-con-iluminacion-sostenible\/#respond\"]}]},{\"@type\":\"WebPage\",\"@id\":\"https:\/\/agrupacionespsoe.es\/melilla\/el-psoe-presenta-una-mocion-para-que-la-plaza-multifuncional-cuente-con-iluminacion-sostenible\/\",\"url\":\"https:\/\/agrupacionespsoe.es\/melilla\/el-psoe-presenta-una-mocion-para-que-la-plaza-multifuncional-cuente-con-iluminacion-sostenible\/\",\"name\":\"El PSOE presenta una moci\u00f3n para que la Plaza Multifuncional cuente con iluminaci\u00f3n sostenible\u00a0 - Agrupaci\u00f3n Socialista de Melilla\",\"isPartOf\":{\"@id\":\"https:\/\/agrupacionespsoe.es\/melilla\/#website\"},\"primaryImageOfPage\":{\"@id\":\"https:\/\/agrupacionespsoe.es\/melilla\/el-psoe-presenta-una-mocion-para-que-la-plaza-multifuncional-cuente-con-iluminacion-sostenible\/#primaryimage\"},\"image\":{\"@id\":\"https:\/\/agrupacionespsoe.es\/melilla\/el-psoe-presenta-una-mocion-para-que-la-plaza-multifuncional-cuente-con-iluminacion-sostenible\/#primaryimage\"},\"thumbnailUrl\":\"https:\/\/agrupacionespsoe.es\/melilla\/wp-content\/uploads\/sites\/120\/2024\/12\/08fee8e4-916b-4879-bf5f-fb75eb9c5e85.jpeg\",\"datePublished\":\"2024-12-22T18:24:07+00:00\",\"dateModified\":\"2024-12-22T18:24:08+00:00\",\"breadcrumb\":{\"@id\":\"https:\/\/agrupacionespsoe.es\/melilla\/el-psoe-presenta-una-mocion-para-que-la-plaza-multifuncional-cuente-con-iluminacion-sostenible\/#breadcrumb\"},\"inLanguage\":\"es\",\"potentialAction\":[{\"@type\":\"ReadAction\",\"target\":[\"https:\/\/agrupacionespsoe.es\/melilla\/el-psoe-presenta-una-mocion-para-que-la-plaza-multifuncional-cuente-con-iluminacion-sostenible\/\"]}]},{\"@type\":\"ImageObject\",\"inLanguage\":\"es\",\"@id\":\"https:\/\/agrupacionespsoe.es\/melilla\/el-psoe-presenta-una-mocion-para-que-la-plaza-multifuncional-cuente-con-iluminacion-sostenible\/#primaryimage\",\"url\":\"https:\/\/agrupacionespsoe.es\/melilla\/wp-content\/uploads\/sites\/120\/2024\/12\/08fee8e4-916b-4879-bf5f-fb75eb9c5e85.jpeg\",\"contentUrl\":\"https:\/\/agrupacionespsoe.es\/melilla\/wp-content\/uploads\/sites\/120\/2024\/12\/08fee8e4-916b-4879-bf5f-fb75eb9c5e85.jpeg\",\"width\":2560,\"height\":1706},{\"@type\":\"BreadcrumbList\",\"@id\":\"https:\/\/agrupacionespsoe.es\/melilla\/el-psoe-presenta-una-mocion-para-que-la-plaza-multifuncional-cuente-con-iluminacion-sostenible\/#breadcrumb\",\"itemListElement\":[{\"@type\":\"ListItem\",\"position\":1,\"name\":\"Portada\",\"item\":\"https:\/\/agrupacionespsoe.es\/melilla\/\"},{\"@type\":\"ListItem\",\"position\":2,\"name\":\"El PSOE presenta una moci\u00f3n para que la Plaza Multifuncional cuente con iluminaci\u00f3n sostenible\u00a0\"}]},{\"@type\":\"WebSite\",\"@id\":\"https:\/\/agrupacionespsoe.es\/melilla\/#website\",\"url\":\"https:\/\/agrupacionespsoe.es\/melilla\/\",\"name\":\"Agrupaci\u00f3n Socialista de Melilla\",\"description\":\"Agrupaci\u00f3n Socialista de Melilla\",\"publisher\":{\"@id\":\"https:\/\/agrupacionespsoe.es\/melilla\/#organization\"},\"potentialAction\":[{\"@type\":\"SearchAction\",\"target\":{\"@type\":\"EntryPoint\",\"urlTemplate\":\"https:\/\/agrupacionespsoe.es\/melilla\/?s={search_term_string}\"},\"query-input\":{\"@type\":\"PropertyValueSpecification\",\"valueRequired\":true,\"valueName\":\"search_term_string\"}}],\"inLanguage\":\"es\"},{\"@type\":\"Organization\",\"@id\":\"https:\/\/agrupacionespsoe.es\/melilla\/#organization\",\"name\":\"Agrupaci\u00f3n Socialista de Melilla\",\"url\":\"https:\/\/agrupacionespsoe.es\/melilla\/\",\"logo\":{\"@type\":\"ImageObject\",\"inLanguage\":\"es\",\"@id\":\"https:\/\/agrupacionespsoe.es\/melilla\/#\/schema\/logo\/image\/\",\"url\":\"https:\/\/agrupacionespsoe.es\/wp-content\/uploads\/2022\/07\/Logotipo_electoral_del_PSOE.png\",\"contentUrl\":\"https:\/\/agrupacionespsoe.es\/wp-content\/uploads\/2022\/07\/Logotipo_electoral_del_PSOE.png\",\"width\":422,\"height\":422,\"caption\":\"Agrupaci\u00f3n Socialista de Melilla\"},\"image\":{\"@id\":\"https:\/\/agrupacionespsoe.es\/melilla\/#\/schema\/logo\/image\/\"}},{\"@type\":\"Person\",\"@id\":\"https:\/\/agrupacionespsoe.es\/melilla\/#\/schema\/person\/72bb3075a827d0ed0623682b96c92bd6\",\"name\":\"melilla2\",\"image\":{\"@type\":\"ImageObject\",\"inLanguage\":\"es\",\"@id\":\"https:\/\/agrupacionespsoe.es\/melilla\/#\/schema\/person\/image\/\",\"url\":\"https:\/\/secure.gravatar.com\/avatar\/489a178e794e59f00db13a448aabca16?s=96&d=mm&r=g\",\"contentUrl\":\"https:\/\/secure.gravatar.com\/avatar\/489a178e794e59f00db13a448aabca16?s=96&d=mm&r=g\",\"caption\":\"melilla2\"},\"url\":\"https:\/\/agrupacionespsoe.es\/melilla\/author\/melilla2\/\"}]}<\/script>\n<!-- \/ Yoast SEO plugin. -->","yoast_head_json":{"title":"El PSOE presenta una moci\u00f3n para que la Plaza Multifuncional cuente con iluminaci\u00f3n sostenible\u00a0 - Agrupaci\u00f3n Socialista de Melilla","robots":{"index":"index","follow":"follow","max-snippet":"max-snippet:-1","max-image-preview":"max-image-preview:large","max-video-preview":"max-video-preview:-1"},"canonical":"https:\/\/agrupacionespsoe.es\/melilla\/el-psoe-presenta-una-mocion-para-que-la-plaza-multifuncional-cuente-con-iluminacion-sostenible\/","og_locale":"es_ES","og_type":"article","og_title":"El PSOE presenta una moci\u00f3n para que la Plaza Multifuncional cuente con iluminaci\u00f3n sostenible\u00a0 - Agrupaci\u00f3n Socialista de Melilla","og_description":"Se trata de una \u201csoluci\u00f3n efectiva\u201d para que los melillenses puedan realizar actividades deportivas a cualquier hora del d\u00eda en estas instalaciones El&nbsp;Grupo&nbsp;Socialista de Melilla ha presentado una moci\u00f3n para que la Plaza Multifuncional&nbsp;de San Lorenzo&nbsp;cuente con una iluminaci\u00f3n sostenible durante todos los d\u00edas del a\u00f1o con el fin de que los melillenses puedan realizar ...","og_url":"https:\/\/agrupacionespsoe.es\/melilla\/el-psoe-presenta-una-mocion-para-que-la-plaza-multifuncional-cuente-con-iluminacion-sostenible\/","og_site_name":"Agrupaci\u00f3n Socialista de Melilla","article_published_time":"2024-12-22T18:24:07+00:00","article_modified_time":"2024-12-22T18:24:08+00:00","og_image":[{"width":2560,"height":1706,"url":"https:\/\/agrupacionespsoe.es\/melilla\/wp-content\/uploads\/sites\/120\/2024\/12\/08fee8e4-916b-4879-bf5f-fb75eb9c5e85.jpeg","type":"image\/jpeg"}],"author":"melilla2","twitter_card":"summary_large_image","twitter_misc":{"Escrito por":"melilla2","Tiempo de lectura":"3 minutos"},"schema":{"@context":"https:\/\/schema.org","@graph":[{"@type":"Article","@id":"https:\/\/agrupacionespsoe.es\/melilla\/el-psoe-presenta-una-mocion-para-que-la-plaza-multifuncional-cuente-con-iluminacion-sostenible\/#article","isPartOf":{"@id":"https:\/\/agrupacionespsoe.es\/melilla\/el-psoe-presenta-una-mocion-para-que-la-plaza-multifuncional-cuente-con-iluminacion-sostenible\/"},"author":{"name":"melilla2","@id":"https:\/\/agrupacionespsoe.es\/melilla\/#\/schema\/person\/72bb3075a827d0ed0623682b96c92bd6"},"headline":"El PSOE presenta una moci\u00f3n para que la Plaza Multifuncional cuente con iluminaci\u00f3n sostenible\u00a0","datePublished":"2024-12-22T18:24:07+00:00","dateModified":"2024-12-22T18:24:08+00:00","mainEntityOfPage":{"@id":"https:\/\/agrupacionespsoe.es\/melilla\/el-psoe-presenta-una-mocion-para-que-la-plaza-multifuncional-cuente-con-iluminacion-sostenible\/"},"wordCount":635,"commentCount":0,"publisher":{"@id":"https:\/\/agrupacionespsoe.es\/melilla\/#organization"},"image":{"@id":"https:\/\/agrupacionespsoe.es\/melilla\/el-psoe-presenta-una-mocion-para-que-la-plaza-multifuncional-cuente-con-iluminacion-sostenible\/#primaryimage"},"thumbnailUrl":"https:\/\/agrupacionespsoe.es\/melilla\/wp-content\/uploads\/sites\/120\/2024\/12\/08fee8e4-916b-4879-bf5f-fb75eb9c5e85.jpeg","inLanguage":"es","potentialAction":[{"@type":"CommentAction","name":"Comment","target":["https:\/\/agrupacionespsoe.es\/melilla\/el-psoe-presenta-una-mocion-para-que-la-plaza-multifuncional-cuente-con-iluminacion-sostenible\/#respond"]}]},{"@type":"WebPage","@id":"https:\/\/agrupacionespsoe.es\/melilla\/el-psoe-presenta-una-mocion-para-que-la-plaza-multifuncional-cuente-con-iluminacion-sostenible\/","url":"https:\/\/agrupacionespsoe.es\/melilla\/el-psoe-presenta-una-mocion-para-que-la-plaza-multifuncional-cuente-con-iluminacion-sostenible\/","name":"El PSOE presenta una moci\u00f3n para que la Plaza Multifuncional cuente con iluminaci\u00f3n sostenible\u00a0 - Agrupaci\u00f3n Socialista de Melilla","isPartOf":{"@id":"https:\/\/agrupacionespsoe.es\/melilla\/#website"},"primaryImageOfPage":{"@id":"https:\/\/agrupacionespsoe.es\/melilla\/el-psoe-presenta-una-mocion-para-que-la-plaza-multifuncional-cuente-con-iluminacion-sostenible\/#primaryimage"},"image":{"@id":"https:\/\/agrupacionespsoe.es\/melilla\/el-psoe-presenta-una-mocion-para-que-la-plaza-multifuncional-cuente-con-iluminacion-sostenible\/#primaryimage"},"thumbnailUrl":"https:\/\/agrupacionespsoe.es\/melilla\/wp-content\/uploads\/sites\/120\/2024\/12\/08fee8e4-916b-4879-bf5f-fb75eb9c5e85.jpeg","datePublished":"2024-12-22T18:24:07+00:00","dateModified":"2024-12-22T18:24:08+00:00","breadcrumb":{"@id":"https:\/\/agrupacionespsoe.es\/melilla\/el-psoe-presenta-una-mocion-para-que-la-plaza-multifuncional-cuente-con-iluminacion-sostenible\/#breadcrumb"},"inLanguage":"es","potentialAction":[{"@type":"ReadAction","target":["https:\/\/agrupacionespsoe.es\/melilla\/el-psoe-presenta-una-mocion-para-que-la-plaza-multifuncional-cuente-con-iluminacion-sostenible\/"]}]},{"@type":"ImageObject","inLanguage":"es","@id":"https:\/\/agrupacionespsoe.es\/melilla\/el-psoe-presenta-una-mocion-para-que-la-plaza-multifuncional-cuente-con-iluminacion-sostenible\/#primaryimage","url":"https:\/\/agrupacionespsoe.es\/melilla\/wp-content\/uploads\/sites\/120\/2024\/12\/08fee8e4-916b-4879-bf5f-fb75eb9c5e85.jpeg","contentUrl":"https:\/\/agrupacionespsoe.es\/melilla\/wp-content\/uploads\/sites\/120\/2024\/12\/08fee8e4-916b-4879-bf5f-fb75eb9c5e85.jpeg","width":2560,"height":1706},{"@type":"BreadcrumbList","@id":"https:\/\/agrupacionespsoe.es\/melilla\/el-psoe-presenta-una-mocion-para-que-la-plaza-multifuncional-cuente-con-iluminacion-sostenible\/#breadcrumb","itemListElement":[{"@type":"ListItem","position":1,"name":"Portada","item":"https:\/\/agrupacionespsoe.es\/melilla\/"},{"@type":"ListItem","position":2,"name":"El PSOE presenta una moci\u00f3n para que la Plaza Multifuncional cuente con iluminaci\u00f3n sostenible\u00a0"}]},{"@type":"WebSite","@id":"https:\/\/agrupacionespsoe.es\/melilla\/#website","url":"https:\/\/agrupacionespsoe.es\/melilla\/","name":"Agrupaci\u00f3n Socialista de Melilla","description":"Agrupaci\u00f3n Socialista de Melilla","publisher":{"@id":"https:\/\/agrupacionespsoe.es\/melilla\/#organization"},"potentialAction":[{"@type":"SearchAction","target":{"@type":"EntryPoint","urlTemplate":"https:\/\/agrupacionespsoe.es\/melilla\/?s={search_term_string}"},"query-input":{"@type":"PropertyValueSpecification","valueRequired":true,"valueName":"search_term_string"}}],"inLanguage":"es"},{"@type":"Organization","@id":"https:\/\/agrupacionespsoe.es\/melilla\/#organization","name":"Agrupaci\u00f3n Socialista de Melilla","url":"https:\/\/agrupacionespsoe.es\/melilla\/","logo":{"@type":"ImageObject","inLanguage":"es","@id":"https:\/\/agrupacionespsoe.es\/melilla\/#\/schema\/logo\/image\/","url":"https:\/\/agrupacionespsoe.es\/wp-content\/uploads\/2022\/07\/Logotipo_electoral_del_PSOE.png","contentUrl":"https:\/\/agrupacionespsoe.es\/wp-content\/uploads\/2022\/07\/Logotipo_electoral_del_PSOE.png","width":422,"height":422,"caption":"Agrupaci\u00f3n Socialista de Melilla"},"image":{"@id":"https:\/\/agrupacionespsoe.es\/melilla\/#\/schema\/logo\/image\/"}},{"@type":"Person","@id":"https:\/\/agrupacionespsoe.es\/melilla\/#\/schema\/person\/72bb3075a827d0ed0623682b96c92bd6","name":"melilla2","image":{"@type":"ImageObject","inLanguage":"es","@id":"https:\/\/agrupacionespsoe.es\/melilla\/#\/schema\/person\/image\/","url":"https:\/\/secure.gravatar.com\/avatar\/489a178e794e59f00db13a448aabca16?s=96&d=mm&r=g","contentUrl":"https:\/\/secure.gravatar.com\/avatar\/489a178e794e59f00db13a448aabca16?s=96&d=mm&r=g","caption":"melilla2"},"url":"https:\/\/agrupacionespsoe.es\/melilla\/author\/melilla2\/"}]}},"jetpack_featured_media_url":"https:\/\/agrupacionespsoe.es\/melilla\/wp-content\/uploads\/sites\/120\/2024\/12\/08fee8e4-916b-4879-bf5f-fb75eb9c5e85.jpeg","jetpack_sharing_enabled":true,"_links":{"self":[{"href":"https:\/\/agrupacionespsoe.es\/melilla\/wp-json\/wp\/v2\/posts\/1491","targetHints":{"allow":["GET"]}}],"collection":[{"href":"https:\/\/agrupacionespsoe.es\/melilla\/wp-json\/wp\/v2\/posts"}],"about":[{"href":"https:\/\/agrupacionespsoe.es\/melilla\/wp-json\/wp\/v2\/types\/post"}],"author":[{"embeddable":true,"href":"https:\/\/agrupacionespsoe.es\/melilla\/wp-json\/wp\/v2\/users\/187"}],"replies":[{"embeddable":true,"href":"https:\/\/agrupacionespsoe.es\/melilla\/wp-json\/wp\/v2\/comments?post=1491"}],"version-history":[{"count":1,"href":"https:\/\/agrupacionespsoe.es\/melilla\/wp-json\/wp\/v2\/posts\/1491\/revisions"}],"predecessor-version":[{"id":1493,"href":"https:\/\/agrupacionespsoe.es\/melilla\/wp-json\/wp\/v2\/posts\/1491\/revisions\/1493"}],"wp:featuredmedia":[{"embeddable":true,"href":"https:\/\/agrupacionespsoe.es\/melilla\/wp-json\/wp\/v2\/media\/1492"}],"wp:attachment":[{"href":"https:\/\/agrupacionespsoe.es\/melilla\/wp-json\/wp\/v2\/media?parent=1491"}],"wp:term":[{"taxonomy":"category","embeddable":true,"href":"https:\/\/agrupacionespsoe.es\/melilla\/wp-json\/wp\/v2\/categories?post=1491"},{"taxonomy":"post_tag","embeddable":true,"href":"https:\/\/agrupacionespsoe.es\/melilla\/wp-json\/wp\/v2\/tags?post=1491"}],"curies":[{"name":"wp","href":"https:\/\/api.w.org\/{rel}","templated":true}]}}