{"id":1485,"date":"2024-12-20T16:59:38","date_gmt":"2024-12-20T16:59:38","guid":{"rendered":"https:\/\/agrupacionespsoe.es\/melilla\/?p=1485"},"modified":"2024-12-20T16:59:39","modified_gmt":"2024-12-20T16:59:39","slug":"moh-el-ejemplo-de-gisele-pelicotrompe-el-muro-de-la-verguenza-que-cambia-de-bando","status":"publish","type":"post","link":"https:\/\/agrupacionespsoe.es\/melilla\/moh-el-ejemplo-de-gisele-pelicotrompe-el-muro-de-la-verguenza-que-cambia-de-bando\/","title":{"rendered":"Moh: \u201cEl ejemplo\u00a0de\u00a0Gis\u00e8le\u00a0Pelicotrompe el muro de la verg\u00fcenza, que cambia de bando\u201d"},"content":{"rendered":"\n<p><strong>\u201c<\/strong><strong>La&nbsp;<\/strong><strong>verg\u00fcenza para los violadores, la dignidad para las v\u00edctimas<\/strong><strong>\u201d<\/strong><strong>, deja claro<\/strong><\/p>\n\n\n\n<p><br>\u201cLa lucha de&nbsp;Gis\u00e8le&nbsp;Pelicot&nbsp;por la justicia es un fuerte clamor contra la barbarie de las violaciones. Ya es un referente y s\u00edmbolo en la lucha por la erradicaci\u00f3n de la violencia machista.\u201d, ha&nbsp;manifestado&nbsp;la Secretaria&nbsp;Generaldel&nbsp;PSOE de Melilla,&nbsp;Sabrina&nbsp;Moh.&nbsp;\u201cHoy el mundo es un poco mejor gracias a&nbsp;la valent\u00eda de&nbsp;Gis\u00e8le&nbsp;Pelicot\u201d, ha&nbsp;expresado.<\/p>\n\n\n\n<p>La&nbsp;l\u00edder&nbsp;socialista ha destacado&nbsp;la valent\u00eda de&nbsp;Gis\u00e8lePelicot, quien jug\u00f3 un papel crucial en dar visibilidad y justicia a la lucha contra la violencia machista, al no dudar en enfrentarse al grupo de hombres que, liderados por su propio marido, la violaban sistem\u00e1ticamente mientras este \u00faltimo la drogaba.<\/p>\n\n\n\n<p>\u201cSu valent\u00eda no solo&nbsp;ha levantado&nbsp;las conciencias de millones de mujeres alrededor del mundo, sino que tambi\u00e9n&nbsp;ha impulsado&nbsp;a millones de hombres y personas de todos los \u00e1mbitos a tomar conciencia sobre la importancia de erradicar el machismo y el negacionismo de la violencia machista\u201d, ha recalcado.<\/p>\n\n\n\n<p>En palabras de la&nbsp;Secretaria General, \u201choy las mujeres de todo el mundo&nbsp;podemos decir alto y claro que la lucha contra la violencia machista sigue vigente\u201d. Pese a ello, ha puesto en valor la lucha y las voces de muchas mujeres que hoy se alzan para defender&nbsp;una sociedad libre de violencia hacia las mujeres.<\/p>\n\n\n\n<p>\u201cGracias a&nbsp;Gis\u00e8le&nbsp;Pelicot, se hace justicia.&nbsp;Gracias a&nbsp;Gis\u00e8le&nbsp;Pelicot<a><\/a>&nbsp;la verg\u00fcenza cambia&nbsp;de bando.&nbsp;La verg\u00fcenza para los violadores, la dignidad para las v\u00edctimas\u201d, ha enfatizado.&nbsp;\u201cEs el momento de seguir luchando juntos, con valent\u00eda y determinaci\u00f3n, para que la igualdad y la justicia&nbsp;prevalezcan en nuestra sociedad\u201d, ha finalizado.<\/p>\n\n\n\n<p>Este mensaje reafirma el compromiso del PSOE con la defensa de los derechos de las mujeres y en la lucha constante por erradicar cualquier forma de violencia basada en el g\u00e9nero.<\/p>\n\n\n\n<p><\/p>\n","protected":false},"excerpt":{"rendered":"<p>\u201cLa&nbsp;verg\u00fcenza para los violadores, la dignidad para las v\u00edctimas\u201d, deja claro \u201cLa lucha de&nbsp;Gis\u00e8le&nbsp;Pelicot&nbsp;por la justicia es un fuerte clamor contra la barbarie de las violaciones. Ya es un referente y s\u00edmbolo en la lucha por la erradicaci\u00f3n de la violencia machista.\u201d, ha&nbsp;manifestado&nbsp;la Secretaria&nbsp;Generaldel&nbsp;PSOE de Melilla,&nbsp;Sabrina&nbsp;Moh.&nbsp;\u201cHoy el mundo es un poco mejor gracias a&nbsp;la valent\u00eda &#8230;<\/p>\n","protected":false},"author":187,"featured_media":1487,"comment_status":"open","ping_status":"open","sticky":false,"template":"","format":"standard","meta":{"_jetpack_memberships_contains_paid_content":false,"footnotes":""},"categories":[1],"tags":[],"class_list":["post-1485","post","type-post","status-publish","format-standard","has-post-thumbnail","hentry","category-sin-categoria"],"yoast_head":"<!-- This site is optimized with the Yoast SEO plugin v24.0 - https:\/\/yoast.com\/wordpress\/plugins\/seo\/ -->\n<title>Moh: \u201cEl ejemplo\u00a0de\u00a0Gis\u00e8le\u00a0Pelicotrompe el muro de la verg\u00fcenza, que cambia de bando\u201d - Agrupaci\u00f3n Socialista de Melilla<\/title>\n<meta name=\"robots\" content=\"index, follow, max-snippet:-1, max-image-preview:large, max-video-preview:-1\" \/>\n<link rel=\"canonical\" href=\"https:\/\/agrupacionespsoe.es\/melilla\/moh-el-ejemplo-de-gisele-pelicotrompe-el-muro-de-la-verguenza-que-cambia-de-bando\/\" \/>\n<meta property=\"og:locale\" content=\"es_ES\" \/>\n<meta property=\"og:type\" content=\"article\" \/>\n<meta property=\"og:title\" content=\"Moh: \u201cEl ejemplo\u00a0de\u00a0Gis\u00e8le\u00a0Pelicotrompe el muro de la verg\u00fcenza, que cambia de bando\u201d - Agrupaci\u00f3n Socialista de Melilla\" \/>\n<meta property=\"og:description\" content=\"\u201cLa&nbsp;verg\u00fcenza para los violadores, la dignidad para las v\u00edctimas\u201d, deja claro \u201cLa lucha de&nbsp;Gis\u00e8le&nbsp;Pelicot&nbsp;por la justicia es un fuerte clamor contra la barbarie de las violaciones. Ya es un referente y s\u00edmbolo en la lucha por la erradicaci\u00f3n de la violencia machista.\u201d, ha&nbsp;manifestado&nbsp;la Secretaria&nbsp;Generaldel&nbsp;PSOE de Melilla,&nbsp;Sabrina&nbsp;Moh.&nbsp;\u201cHoy el mundo es un poco mejor gracias a&nbsp;la valent\u00eda ...\" \/>\n<meta property=\"og:url\" content=\"https:\/\/agrupacionespsoe.es\/melilla\/moh-el-ejemplo-de-gisele-pelicotrompe-el-muro-de-la-verguenza-que-cambia-de-bando\/\" \/>\n<meta property=\"og:site_name\" content=\"Agrupaci\u00f3n Socialista de Melilla\" \/>\n<meta property=\"article:published_time\" content=\"2024-12-20T16:59:38+00:00\" \/>\n<meta property=\"article:modified_time\" content=\"2024-12-20T16:59:39+00:00\" \/>\n<meta property=\"og:image\" content=\"https:\/\/agrupacionespsoe.es\/melilla\/wp-content\/uploads\/sites\/120\/2024\/12\/9cfe47cd-20a6-4404-8350-60e8d4d7dbab.jpeg\" \/>\n\t<meta property=\"og:image:width\" content=\"1600\" \/>\n\t<meta property=\"og:image:height\" content=\"1066\" \/>\n\t<meta property=\"og:image:type\" content=\"image\/jpeg\" \/>\n<meta name=\"author\" content=\"melilla2\" \/>\n<meta name=\"twitter:card\" content=\"summary_large_image\" \/>\n<meta name=\"twitter:label1\" content=\"Escrito por\" \/>\n\t<meta name=\"twitter:data1\" content=\"melilla2\" \/>\n\t<meta name=\"twitter:label2\" content=\"Tiempo de lectura\" \/>\n\t<meta name=\"twitter:data2\" content=\"2 minutos\" \/>\n<script type=\"application\/ld+json\" class=\"yoast-schema-graph\">{\"@context\":\"https:\/\/schema.org\",\"@graph\":[{\"@type\":\"Article\",\"@id\":\"https:\/\/agrupacionespsoe.es\/melilla\/moh-el-ejemplo-de-gisele-pelicotrompe-el-muro-de-la-verguenza-que-cambia-de-bando\/#article\",\"isPartOf\":{\"@id\":\"https:\/\/agrupacionespsoe.es\/melilla\/moh-el-ejemplo-de-gisele-pelicotrompe-el-muro-de-la-verguenza-que-cambia-de-bando\/\"},\"author\":{\"name\":\"melilla2\",\"@id\":\"https:\/\/agrupacionespsoe.es\/melilla\/#\/schema\/person\/72bb3075a827d0ed0623682b96c92bd6\"},\"headline\":\"Moh: \u201cEl ejemplo\u00a0de\u00a0Gis\u00e8le\u00a0Pelicotrompe el muro de la verg\u00fcenza, que cambia de bando\u201d\",\"datePublished\":\"2024-12-20T16:59:38+00:00\",\"dateModified\":\"2024-12-20T16:59:39+00:00\",\"mainEntityOfPage\":{\"@id\":\"https:\/\/agrupacionespsoe.es\/melilla\/moh-el-ejemplo-de-gisele-pelicotrompe-el-muro-de-la-verguenza-que-cambia-de-bando\/\"},\"wordCount\":383,\"commentCount\":0,\"publisher\":{\"@id\":\"https:\/\/agrupacionespsoe.es\/melilla\/#organization\"},\"image\":{\"@id\":\"https:\/\/agrupacionespsoe.es\/melilla\/moh-el-ejemplo-de-gisele-pelicotrompe-el-muro-de-la-verguenza-que-cambia-de-bando\/#primaryimage\"},\"thumbnailUrl\":\"https:\/\/agrupacionespsoe.es\/melilla\/wp-content\/uploads\/sites\/120\/2024\/12\/9cfe47cd-20a6-4404-8350-60e8d4d7dbab.jpeg\",\"inLanguage\":\"es\",\"potentialAction\":[{\"@type\":\"CommentAction\",\"name\":\"Comment\",\"target\":[\"https:\/\/agrupacionespsoe.es\/melilla\/moh-el-ejemplo-de-gisele-pelicotrompe-el-muro-de-la-verguenza-que-cambia-de-bando\/#respond\"]}]},{\"@type\":\"WebPage\",\"@id\":\"https:\/\/agrupacionespsoe.es\/melilla\/moh-el-ejemplo-de-gisele-pelicotrompe-el-muro-de-la-verguenza-que-cambia-de-bando\/\",\"url\":\"https:\/\/agrupacionespsoe.es\/melilla\/moh-el-ejemplo-de-gisele-pelicotrompe-el-muro-de-la-verguenza-que-cambia-de-bando\/\",\"name\":\"Moh: \u201cEl ejemplo\u00a0de\u00a0Gis\u00e8le\u00a0Pelicotrompe el muro de la verg\u00fcenza, que cambia de bando\u201d - Agrupaci\u00f3n Socialista de Melilla\",\"isPartOf\":{\"@id\":\"https:\/\/agrupacionespsoe.es\/melilla\/#website\"},\"primaryImageOfPage\":{\"@id\":\"https:\/\/agrupacionespsoe.es\/melilla\/moh-el-ejemplo-de-gisele-pelicotrompe-el-muro-de-la-verguenza-que-cambia-de-bando\/#primaryimage\"},\"image\":{\"@id\":\"https:\/\/agrupacionespsoe.es\/melilla\/moh-el-ejemplo-de-gisele-pelicotrompe-el-muro-de-la-verguenza-que-cambia-de-bando\/#primaryimage\"},\"thumbnailUrl\":\"https:\/\/agrupacionespsoe.es\/melilla\/wp-content\/uploads\/sites\/120\/2024\/12\/9cfe47cd-20a6-4404-8350-60e8d4d7dbab.jpeg\",\"datePublished\":\"2024-12-20T16:59:38+00:00\",\"dateModified\":\"2024-12-20T16:59:39+00:00\",\"breadcrumb\":{\"@id\":\"https:\/\/agrupacionespsoe.es\/melilla\/moh-el-ejemplo-de-gisele-pelicotrompe-el-muro-de-la-verguenza-que-cambia-de-bando\/#breadcrumb\"},\"inLanguage\":\"es\",\"potentialAction\":[{\"@type\":\"ReadAction\",\"target\":[\"https:\/\/agrupacionespsoe.es\/melilla\/moh-el-ejemplo-de-gisele-pelicotrompe-el-muro-de-la-verguenza-que-cambia-de-bando\/\"]}]},{\"@type\":\"ImageObject\",\"inLanguage\":\"es\",\"@id\":\"https:\/\/agrupacionespsoe.es\/melilla\/moh-el-ejemplo-de-gisele-pelicotrompe-el-muro-de-la-verguenza-que-cambia-de-bando\/#primaryimage\",\"url\":\"https:\/\/agrupacionespsoe.es\/melilla\/wp-content\/uploads\/sites\/120\/2024\/12\/9cfe47cd-20a6-4404-8350-60e8d4d7dbab.jpeg\",\"contentUrl\":\"https:\/\/agrupacionespsoe.es\/melilla\/wp-content\/uploads\/sites\/120\/2024\/12\/9cfe47cd-20a6-4404-8350-60e8d4d7dbab.jpeg\",\"width\":1600,\"height\":1066},{\"@type\":\"BreadcrumbList\",\"@id\":\"https:\/\/agrupacionespsoe.es\/melilla\/moh-el-ejemplo-de-gisele-pelicotrompe-el-muro-de-la-verguenza-que-cambia-de-bando\/#breadcrumb\",\"itemListElement\":[{\"@type\":\"ListItem\",\"position\":1,\"name\":\"Portada\",\"item\":\"https:\/\/agrupacionespsoe.es\/melilla\/\"},{\"@type\":\"ListItem\",\"position\":2,\"name\":\"Moh: \u201cEl ejemplo\u00a0de\u00a0Gis\u00e8le\u00a0Pelicotrompe el muro de la verg\u00fcenza, que cambia de bando\u201d\"}]},{\"@type\":\"WebSite\",\"@id\":\"https:\/\/agrupacionespsoe.es\/melilla\/#website\",\"url\":\"https:\/\/agrupacionespsoe.es\/melilla\/\",\"name\":\"Agrupaci\u00f3n Socialista de Melilla\",\"description\":\"Agrupaci\u00f3n Socialista de Melilla\",\"publisher\":{\"@id\":\"https:\/\/agrupacionespsoe.es\/melilla\/#organization\"},\"potentialAction\":[{\"@type\":\"SearchAction\",\"target\":{\"@type\":\"EntryPoint\",\"urlTemplate\":\"https:\/\/agrupacionespsoe.es\/melilla\/?s={search_term_string}\"},\"query-input\":{\"@type\":\"PropertyValueSpecification\",\"valueRequired\":true,\"valueName\":\"search_term_string\"}}],\"inLanguage\":\"es\"},{\"@type\":\"Organization\",\"@id\":\"https:\/\/agrupacionespsoe.es\/melilla\/#organization\",\"name\":\"Agrupaci\u00f3n Socialista de Melilla\",\"url\":\"https:\/\/agrupacionespsoe.es\/melilla\/\",\"logo\":{\"@type\":\"ImageObject\",\"inLanguage\":\"es\",\"@id\":\"https:\/\/agrupacionespsoe.es\/melilla\/#\/schema\/logo\/image\/\",\"url\":\"https:\/\/agrupacionespsoe.es\/wp-content\/uploads\/2022\/07\/Logotipo_electoral_del_PSOE.png\",\"contentUrl\":\"https:\/\/agrupacionespsoe.es\/wp-content\/uploads\/2022\/07\/Logotipo_electoral_del_PSOE.png\",\"width\":422,\"height\":422,\"caption\":\"Agrupaci\u00f3n Socialista de Melilla\"},\"image\":{\"@id\":\"https:\/\/agrupacionespsoe.es\/melilla\/#\/schema\/logo\/image\/\"}},{\"@type\":\"Person\",\"@id\":\"https:\/\/agrupacionespsoe.es\/melilla\/#\/schema\/person\/72bb3075a827d0ed0623682b96c92bd6\",\"name\":\"melilla2\",\"image\":{\"@type\":\"ImageObject\",\"inLanguage\":\"es\",\"@id\":\"https:\/\/agrupacionespsoe.es\/melilla\/#\/schema\/person\/image\/\",\"url\":\"https:\/\/secure.gravatar.com\/avatar\/489a178e794e59f00db13a448aabca16?s=96&d=mm&r=g\",\"contentUrl\":\"https:\/\/secure.gravatar.com\/avatar\/489a178e794e59f00db13a448aabca16?s=96&d=mm&r=g\",\"caption\":\"melilla2\"},\"url\":\"https:\/\/agrupacionespsoe.es\/melilla\/author\/melilla2\/\"}]}<\/script>\n<!-- \/ Yoast SEO plugin. -->","yoast_head_json":{"title":"Moh: \u201cEl ejemplo\u00a0de\u00a0Gis\u00e8le\u00a0Pelicotrompe el muro de la verg\u00fcenza, que cambia de bando\u201d - Agrupaci\u00f3n Socialista de Melilla","robots":{"index":"index","follow":"follow","max-snippet":"max-snippet:-1","max-image-preview":"max-image-preview:large","max-video-preview":"max-video-preview:-1"},"canonical":"https:\/\/agrupacionespsoe.es\/melilla\/moh-el-ejemplo-de-gisele-pelicotrompe-el-muro-de-la-verguenza-que-cambia-de-bando\/","og_locale":"es_ES","og_type":"article","og_title":"Moh: \u201cEl ejemplo\u00a0de\u00a0Gis\u00e8le\u00a0Pelicotrompe el muro de la verg\u00fcenza, que cambia de bando\u201d - Agrupaci\u00f3n Socialista de Melilla","og_description":"\u201cLa&nbsp;verg\u00fcenza para los violadores, la dignidad para las v\u00edctimas\u201d, deja claro \u201cLa lucha de&nbsp;Gis\u00e8le&nbsp;Pelicot&nbsp;por la justicia es un fuerte clamor contra la barbarie de las violaciones. Ya es un referente y s\u00edmbolo en la lucha por la erradicaci\u00f3n de la violencia machista.\u201d, ha&nbsp;manifestado&nbsp;la Secretaria&nbsp;Generaldel&nbsp;PSOE de Melilla,&nbsp;Sabrina&nbsp;Moh.&nbsp;\u201cHoy el mundo es un poco mejor gracias a&nbsp;la valent\u00eda ...","og_url":"https:\/\/agrupacionespsoe.es\/melilla\/moh-el-ejemplo-de-gisele-pelicotrompe-el-muro-de-la-verguenza-que-cambia-de-bando\/","og_site_name":"Agrupaci\u00f3n Socialista de Melilla","article_published_time":"2024-12-20T16:59:38+00:00","article_modified_time":"2024-12-20T16:59:39+00:00","og_image":[{"width":1600,"height":1066,"url":"https:\/\/agrupacionespsoe.es\/melilla\/wp-content\/uploads\/sites\/120\/2024\/12\/9cfe47cd-20a6-4404-8350-60e8d4d7dbab.jpeg","type":"image\/jpeg"}],"author":"melilla2","twitter_card":"summary_large_image","twitter_misc":{"Escrito por":"melilla2","Tiempo de lectura":"2 minutos"},"schema":{"@context":"https:\/\/schema.org","@graph":[{"@type":"Article","@id":"https:\/\/agrupacionespsoe.es\/melilla\/moh-el-ejemplo-de-gisele-pelicotrompe-el-muro-de-la-verguenza-que-cambia-de-bando\/#article","isPartOf":{"@id":"https:\/\/agrupacionespsoe.es\/melilla\/moh-el-ejemplo-de-gisele-pelicotrompe-el-muro-de-la-verguenza-que-cambia-de-bando\/"},"author":{"name":"melilla2","@id":"https:\/\/agrupacionespsoe.es\/melilla\/#\/schema\/person\/72bb3075a827d0ed0623682b96c92bd6"},"headline":"Moh: \u201cEl ejemplo\u00a0de\u00a0Gis\u00e8le\u00a0Pelicotrompe el muro de la verg\u00fcenza, que cambia de bando\u201d","datePublished":"2024-12-20T16:59:38+00:00","dateModified":"2024-12-20T16:59:39+00:00","mainEntityOfPage":{"@id":"https:\/\/agrupacionespsoe.es\/melilla\/moh-el-ejemplo-de-gisele-pelicotrompe-el-muro-de-la-verguenza-que-cambia-de-bando\/"},"wordCount":383,"commentCount":0,"publisher":{"@id":"https:\/\/agrupacionespsoe.es\/melilla\/#organization"},"image":{"@id":"https:\/\/agrupacionespsoe.es\/melilla\/moh-el-ejemplo-de-gisele-pelicotrompe-el-muro-de-la-verguenza-que-cambia-de-bando\/#primaryimage"},"thumbnailUrl":"https:\/\/agrupacionespsoe.es\/melilla\/wp-content\/uploads\/sites\/120\/2024\/12\/9cfe47cd-20a6-4404-8350-60e8d4d7dbab.jpeg","inLanguage":"es","potentialAction":[{"@type":"CommentAction","name":"Comment","target":["https:\/\/agrupacionespsoe.es\/melilla\/moh-el-ejemplo-de-gisele-pelicotrompe-el-muro-de-la-verguenza-que-cambia-de-bando\/#respond"]}]},{"@type":"WebPage","@id":"https:\/\/agrupacionespsoe.es\/melilla\/moh-el-ejemplo-de-gisele-pelicotrompe-el-muro-de-la-verguenza-que-cambia-de-bando\/","url":"https:\/\/agrupacionespsoe.es\/melilla\/moh-el-ejemplo-de-gisele-pelicotrompe-el-muro-de-la-verguenza-que-cambia-de-bando\/","name":"Moh: \u201cEl ejemplo\u00a0de\u00a0Gis\u00e8le\u00a0Pelicotrompe el muro de la verg\u00fcenza, que cambia de bando\u201d - Agrupaci\u00f3n Socialista de Melilla","isPartOf":{"@id":"https:\/\/agrupacionespsoe.es\/melilla\/#website"},"primaryImageOfPage":{"@id":"https:\/\/agrupacionespsoe.es\/melilla\/moh-el-ejemplo-de-gisele-pelicotrompe-el-muro-de-la-verguenza-que-cambia-de-bando\/#primaryimage"},"image":{"@id":"https:\/\/agrupacionespsoe.es\/melilla\/moh-el-ejemplo-de-gisele-pelicotrompe-el-muro-de-la-verguenza-que-cambia-de-bando\/#primaryimage"},"thumbnailUrl":"https:\/\/agrupacionespsoe.es\/melilla\/wp-content\/uploads\/sites\/120\/2024\/12\/9cfe47cd-20a6-4404-8350-60e8d4d7dbab.jpeg","datePublished":"2024-12-20T16:59:38+00:00","dateModified":"2024-12-20T16:59:39+00:00","breadcrumb":{"@id":"https:\/\/agrupacionespsoe.es\/melilla\/moh-el-ejemplo-de-gisele-pelicotrompe-el-muro-de-la-verguenza-que-cambia-de-bando\/#breadcrumb"},"inLanguage":"es","potentialAction":[{"@type":"ReadAction","target":["https:\/\/agrupacionespsoe.es\/melilla\/moh-el-ejemplo-de-gisele-pelicotrompe-el-muro-de-la-verguenza-que-cambia-de-bando\/"]}]},{"@type":"ImageObject","inLanguage":"es","@id":"https:\/\/agrupacionespsoe.es\/melilla\/moh-el-ejemplo-de-gisele-pelicotrompe-el-muro-de-la-verguenza-que-cambia-de-bando\/#primaryimage","url":"https:\/\/agrupacionespsoe.es\/melilla\/wp-content\/uploads\/sites\/120\/2024\/12\/9cfe47cd-20a6-4404-8350-60e8d4d7dbab.jpeg","contentUrl":"https:\/\/agrupacionespsoe.es\/melilla\/wp-content\/uploads\/sites\/120\/2024\/12\/9cfe47cd-20a6-4404-8350-60e8d4d7dbab.jpeg","width":1600,"height":1066},{"@type":"BreadcrumbList","@id":"https:\/\/agrupacionespsoe.es\/melilla\/moh-el-ejemplo-de-gisele-pelicotrompe-el-muro-de-la-verguenza-que-cambia-de-bando\/#breadcrumb","itemListElement":[{"@type":"ListItem","position":1,"name":"Portada","item":"https:\/\/agrupacionespsoe.es\/melilla\/"},{"@type":"ListItem","position":2,"name":"Moh: \u201cEl ejemplo\u00a0de\u00a0Gis\u00e8le\u00a0Pelicotrompe el muro de la verg\u00fcenza, que cambia de bando\u201d"}]},{"@type":"WebSite","@id":"https:\/\/agrupacionespsoe.es\/melilla\/#website","url":"https:\/\/agrupacionespsoe.es\/melilla\/","name":"Agrupaci\u00f3n Socialista de Melilla","description":"Agrupaci\u00f3n Socialista de Melilla","publisher":{"@id":"https:\/\/agrupacionespsoe.es\/melilla\/#organization"},"potentialAction":[{"@type":"SearchAction","target":{"@type":"EntryPoint","urlTemplate":"https:\/\/agrupacionespsoe.es\/melilla\/?s={search_term_string}"},"query-input":{"@type":"PropertyValueSpecification","valueRequired":true,"valueName":"search_term_string"}}],"inLanguage":"es"},{"@type":"Organization","@id":"https:\/\/agrupacionespsoe.es\/melilla\/#organization","name":"Agrupaci\u00f3n Socialista de Melilla","url":"https:\/\/agrupacionespsoe.es\/melilla\/","logo":{"@type":"ImageObject","inLanguage":"es","@id":"https:\/\/agrupacionespsoe.es\/melilla\/#\/schema\/logo\/image\/","url":"https:\/\/agrupacionespsoe.es\/wp-content\/uploads\/2022\/07\/Logotipo_electoral_del_PSOE.png","contentUrl":"https:\/\/agrupacionespsoe.es\/wp-content\/uploads\/2022\/07\/Logotipo_electoral_del_PSOE.png","width":422,"height":422,"caption":"Agrupaci\u00f3n Socialista de Melilla"},"image":{"@id":"https:\/\/agrupacionespsoe.es\/melilla\/#\/schema\/logo\/image\/"}},{"@type":"Person","@id":"https:\/\/agrupacionespsoe.es\/melilla\/#\/schema\/person\/72bb3075a827d0ed0623682b96c92bd6","name":"melilla2","image":{"@type":"ImageObject","inLanguage":"es","@id":"https:\/\/agrupacionespsoe.es\/melilla\/#\/schema\/person\/image\/","url":"https:\/\/secure.gravatar.com\/avatar\/489a178e794e59f00db13a448aabca16?s=96&d=mm&r=g","contentUrl":"https:\/\/secure.gravatar.com\/avatar\/489a178e794e59f00db13a448aabca16?s=96&d=mm&r=g","caption":"melilla2"},"url":"https:\/\/agrupacionespsoe.es\/melilla\/author\/melilla2\/"}]}},"jetpack_featured_media_url":"https:\/\/agrupacionespsoe.es\/melilla\/wp-content\/uploads\/sites\/120\/2024\/12\/9cfe47cd-20a6-4404-8350-60e8d4d7dbab.jpeg","jetpack_sharing_enabled":true,"_links":{"self":[{"href":"https:\/\/agrupacionespsoe.es\/melilla\/wp-json\/wp\/v2\/posts\/1485","targetHints":{"allow":["GET"]}}],"collection":[{"href":"https:\/\/agrupacionespsoe.es\/melilla\/wp-json\/wp\/v2\/posts"}],"about":[{"href":"https:\/\/agrupacionespsoe.es\/melilla\/wp-json\/wp\/v2\/types\/post"}],"author":[{"embeddable":true,"href":"https:\/\/agrupacionespsoe.es\/melilla\/wp-json\/wp\/v2\/users\/187"}],"replies":[{"embeddable":true,"href":"https:\/\/agrupacionespsoe.es\/melilla\/wp-json\/wp\/v2\/comments?post=1485"}],"version-history":[{"count":1,"href":"https:\/\/agrupacionespsoe.es\/melilla\/wp-json\/wp\/v2\/posts\/1485\/revisions"}],"predecessor-version":[{"id":1486,"href":"https:\/\/agrupacionespsoe.es\/melilla\/wp-json\/wp\/v2\/posts\/1485\/revisions\/1486"}],"wp:featuredmedia":[{"embeddable":true,"href":"https:\/\/agrupacionespsoe.es\/melilla\/wp-json\/wp\/v2\/media\/1487"}],"wp:attachment":[{"href":"https:\/\/agrupacionespsoe.es\/melilla\/wp-json\/wp\/v2\/media?parent=1485"}],"wp:term":[{"taxonomy":"category","embeddable":true,"href":"https:\/\/agrupacionespsoe.es\/melilla\/wp-json\/wp\/v2\/categories?post=1485"},{"taxonomy":"post_tag","embeddable":true,"href":"https:\/\/agrupacionespsoe.es\/melilla\/wp-json\/wp\/v2\/tags?post=1485"}],"curies":[{"name":"wp","href":"https:\/\/api.w.org\/{rel}","templated":true}]}}