{"id":9855,"date":"2025-12-05T12:00:00","date_gmt":"2025-12-05T11:00:00","guid":{"rendered":"https:\/\/agrupacionespsoe.es\/castello\/?p=9855"},"modified":"2026-03-24T08:56:32","modified_gmt":"2026-03-24T07:56:32","slug":"bloqueo-a-las-entidades-sociales","status":"publish","type":"post","link":"https:\/\/agrupacionespsoe.es\/castello\/bloqueo-a-las-entidades-sociales\/","title":{"rendered":"Bloqueo a las entidades sociales"},"content":{"rendered":"\n<p>Las entidades sociales molestan al gobierno municipal de <a href=\"https:\/\/agrupacionespsoe.es\/castello\/tag\/begona-carrasco\/\">Bego\u00f1a Carrasco<\/a> en Castell\u00f3, que es pura fachada. Su desprecio a la labor que realizan a diario es constante, por mucho que despu\u00e9s acuda a actos para poner la mejor de las sonrisas y lanzar promesas huecas.<\/p>\n\n\n\n<p>El gobierno de la derecha y la ultraderecha, el del PP y Vox, ha tomado una decisi\u00f3n que le acompa\u00f1ar\u00e1 para siempre. Sin ninguna cobertura legal, ha decidido limitar a dos las subvenciones a las que pueden optar los colectivos sociales de la ciudad, esos que tanta labor desinteresada realizan para llegar donde no llega la administraci\u00f3n.<\/p>\n\n\n\n<p>En el \u00faltimo pleno, el portavoz del gobierno municipal, <a href=\"https:\/\/agrupacionespsoe.es\/castello\/tag\/vicent-sales\/\">Vicent Sales<\/a>, y su amigo ultra <a href=\"https:\/\/agrupacionespsoe.es\/castello\/tag\/alberto-vidal\/\">Alberto Vidal<\/a> llegaron a tildar de \u2018chiringuitos\u2019 al centenar de asociaciones de Castell\u00f3, con un desprecio a su labor inaceptable. \u00bfDe verdad, piensa el PP y Vox, que Cocemfe, Alcer, Afdem, Afanias, Aemec\u2026 y todas las dem\u00e1s son chiringuitos?<\/p>\n\n\n\n<p>Carrasco, coincidiendo con el D\u00eda Internacional y Europeo de las Personas con Discapacidad, realiz\u00f3 su habitual discurso de cara a la galer\u00eda, hablando de un supuesto apoyo a las entidades sociales que, en la pr\u00e1ctica, no existe.<\/p>\n\n\n\n<p>Pero claro, se\u00f1ora alcaldesa, ya sabemos que sus prioridades son otras, como disparar los gastos para su propaganda personal, permitirle a sus socios de Vox lanzar continuamente discursos de odio y atacar sin rubor la econom\u00eda familiar con el &#8216;Basurazo de Carrasco&#8217;.<\/p>\n\n\n\n<p class=\"has-text-align-right\"><em><a href=\"https:\/\/agrupacionespsoe.es\/castello\/tag\/jose-luis-lopez\/\">Jos\u00e9 Luis L\u00f3pez<\/a><\/em><br><em>Portavoz adjunto del Grupo Municipal Socialista<br>en el Ayuntamiento de Castell\u00f3<\/em><\/p>\n","protected":false},"excerpt":{"rendered":"<p>Las entidades sociales molestan al gobierno municipal de Bego\u00f1a Carrasco en Castell\u00f3, que es pura fachada. Su desprecio a la labor que realizan a diario es constante, por mucho que despu\u00e9s acuda a actos para poner la mejor de las sonrisas y lanzar promesas huecas. El gobierno de la derecha y la ultraderecha, el del &#8230;<\/p>\n","protected":false},"author":48,"featured_media":840,"comment_status":"open","ping_status":"open","sticky":false,"template":"","format":"standard","meta":{"_jetpack_memberships_contains_paid_content":false,"footnotes":"","jetpack_publicize_message":"","jetpack_publicize_feature_enabled":true,"jetpack_social_post_already_shared":true,"jetpack_social_options":{"image_generator_settings":{"template":"highway","default_image_id":0,"font":"","enabled":false},"version":2}},"categories":[33,50],"tags":[785,1151,733,85,448,778],"class_list":["post-9855","post","type-post","status-publish","format-standard","has-post-thumbnail","hentry","category-gms","category-opinion","tag-alberto-vidal","tag-basurazo","tag-begona-carrasco","tag-jose-luis-lopez","tag-todos-es","tag-vicent-sales"],"yoast_head":"<!-- This site is optimized with the Yoast SEO plugin v24.0 - https:\/\/yoast.com\/wordpress\/plugins\/seo\/ -->\n<title>Bloqueo a las entidades sociales - PSPV-PSOE CASTELL\u00d3<\/title>\n<meta name=\"robots\" content=\"index, follow, max-snippet:-1, max-image-preview:large, max-video-preview:-1\" \/>\n<link rel=\"canonical\" href=\"https:\/\/agrupacionespsoe.es\/castello\/bloqueo-a-las-entidades-sociales\/\" \/>\n<meta property=\"og:locale\" content=\"es_ES\" \/>\n<meta property=\"og:type\" content=\"article\" \/>\n<meta property=\"og:title\" content=\"Bloqueo a las entidades sociales - PSPV-PSOE CASTELL\u00d3\" \/>\n<meta property=\"og:description\" content=\"Las entidades sociales molestan al gobierno municipal de Bego\u00f1a Carrasco en Castell\u00f3, que es pura fachada. Su desprecio a la labor que realizan a diario es constante, por mucho que despu\u00e9s acuda a actos para poner la mejor de las sonrisas y lanzar promesas huecas. El gobierno de la derecha y la ultraderecha, el del ...\" \/>\n<meta property=\"og:url\" content=\"https:\/\/agrupacionespsoe.es\/castello\/bloqueo-a-las-entidades-sociales\/\" \/>\n<meta property=\"og:site_name\" content=\"PSPV-PSOE CASTELL\u00d3\" \/>\n<meta property=\"article:publisher\" content=\"https:\/\/www.facebook.com\/pspv.castellodelaplana\" \/>\n<meta property=\"article:published_time\" content=\"2025-12-05T11:00:00+00:00\" \/>\n<meta property=\"article:modified_time\" content=\"2026-03-24T07:56:32+00:00\" \/>\n<meta property=\"og:image\" content=\"https:\/\/agrupacionespsoe.es\/castello\/wp-content\/uploads\/sites\/45\/2023\/04\/2.-JOSE-LUIS-LOPEZ-IBANEZ-2-1-scaled.jpg\" \/>\n\t<meta property=\"og:image:width\" content=\"2560\" \/>\n\t<meta property=\"og:image:height\" content=\"2560\" \/>\n\t<meta property=\"og:image:type\" content=\"image\/jpeg\" \/>\n<meta name=\"author\" content=\"castello1\" \/>\n<meta name=\"twitter:card\" content=\"summary_large_image\" \/>\n<meta name=\"twitter:creator\" content=\"@pspv_cs\" \/>\n<meta name=\"twitter:site\" content=\"@pspv_cs\" \/>\n<meta name=\"twitter:label1\" content=\"Escrito por\" \/>\n\t<meta name=\"twitter:data1\" content=\"castello1\" \/>\n\t<meta name=\"twitter:label2\" content=\"Tiempo de lectura\" \/>\n\t<meta name=\"twitter:data2\" content=\"2 minutos\" \/>\n<script type=\"application\/ld+json\" class=\"yoast-schema-graph\">{\"@context\":\"https:\/\/schema.org\",\"@graph\":[{\"@type\":\"Article\",\"@id\":\"https:\/\/agrupacionespsoe.es\/castello\/bloqueo-a-las-entidades-sociales\/#article\",\"isPartOf\":{\"@id\":\"https:\/\/agrupacionespsoe.es\/castello\/bloqueo-a-las-entidades-sociales\/\"},\"author\":{\"name\":\"castello1\",\"@id\":\"https:\/\/agrupacionespsoe.es\/castello\/#\/schema\/person\/f3bc5b2f9dc6a399e9e98596ae24a20a\"},\"headline\":\"Bloqueo a las entidades sociales\",\"datePublished\":\"2025-12-05T11:00:00+00:00\",\"dateModified\":\"2026-03-24T07:56:32+00:00\",\"mainEntityOfPage\":{\"@id\":\"https:\/\/agrupacionespsoe.es\/castello\/bloqueo-a-las-entidades-sociales\/\"},\"wordCount\":265,\"commentCount\":0,\"publisher\":{\"@id\":\"https:\/\/agrupacionespsoe.es\/castello\/#organization\"},\"image\":{\"@id\":\"https:\/\/agrupacionespsoe.es\/castello\/bloqueo-a-las-entidades-sociales\/#primaryimage\"},\"thumbnailUrl\":\"https:\/\/agrupacionespsoe.es\/castello\/wp-content\/uploads\/sites\/45\/2023\/04\/2.-JOSE-LUIS-LOPEZ-IBANEZ-2-1-scaled.jpg\",\"keywords\":[\"Alberto Vidal\",\"Basurazo\",\"Bego\u00f1a Carrasco\",\"Jos\u00e9 Luis L\u00f3pez\",\"Todos\",\"Vicent Sales\"],\"articleSection\":[\"Grupo Municipal Socialista\",\"Opini\u00f3n\"],\"inLanguage\":\"es\",\"potentialAction\":[{\"@type\":\"CommentAction\",\"name\":\"Comment\",\"target\":[\"https:\/\/agrupacionespsoe.es\/castello\/bloqueo-a-las-entidades-sociales\/#respond\"]}]},{\"@type\":\"WebPage\",\"@id\":\"https:\/\/agrupacionespsoe.es\/castello\/bloqueo-a-las-entidades-sociales\/\",\"url\":\"https:\/\/agrupacionespsoe.es\/castello\/bloqueo-a-las-entidades-sociales\/\",\"name\":\"Bloqueo a las entidades sociales - PSPV-PSOE CASTELL\u00d3\",\"isPartOf\":{\"@id\":\"https:\/\/agrupacionespsoe.es\/castello\/#website\"},\"primaryImageOfPage\":{\"@id\":\"https:\/\/agrupacionespsoe.es\/castello\/bloqueo-a-las-entidades-sociales\/#primaryimage\"},\"image\":{\"@id\":\"https:\/\/agrupacionespsoe.es\/castello\/bloqueo-a-las-entidades-sociales\/#primaryimage\"},\"thumbnailUrl\":\"https:\/\/agrupacionespsoe.es\/castello\/wp-content\/uploads\/sites\/45\/2023\/04\/2.-JOSE-LUIS-LOPEZ-IBANEZ-2-1-scaled.jpg\",\"datePublished\":\"2025-12-05T11:00:00+00:00\",\"dateModified\":\"2026-03-24T07:56:32+00:00\",\"breadcrumb\":{\"@id\":\"https:\/\/agrupacionespsoe.es\/castello\/bloqueo-a-las-entidades-sociales\/#breadcrumb\"},\"inLanguage\":\"es\",\"potentialAction\":[{\"@type\":\"ReadAction\",\"target\":[\"https:\/\/agrupacionespsoe.es\/castello\/bloqueo-a-las-entidades-sociales\/\"]}]},{\"@type\":\"ImageObject\",\"inLanguage\":\"es\",\"@id\":\"https:\/\/agrupacionespsoe.es\/castello\/bloqueo-a-las-entidades-sociales\/#primaryimage\",\"url\":\"https:\/\/agrupacionespsoe.es\/castello\/wp-content\/uploads\/sites\/45\/2023\/04\/2.-JOSE-LUIS-LOPEZ-IBANEZ-2-1-scaled.jpg\",\"contentUrl\":\"https:\/\/agrupacionespsoe.es\/castello\/wp-content\/uploads\/sites\/45\/2023\/04\/2.-JOSE-LUIS-LOPEZ-IBANEZ-2-1-scaled.jpg\",\"width\":2560,\"height\":2560},{\"@type\":\"BreadcrumbList\",\"@id\":\"https:\/\/agrupacionespsoe.es\/castello\/bloqueo-a-las-entidades-sociales\/#breadcrumb\",\"itemListElement\":[{\"@type\":\"ListItem\",\"position\":1,\"name\":\"Portada\",\"item\":\"https:\/\/agrupacionespsoe.es\/castello\/\"},{\"@type\":\"ListItem\",\"position\":2,\"name\":\"Bloqueo a las entidades sociales\"}]},{\"@type\":\"WebSite\",\"@id\":\"https:\/\/agrupacionespsoe.es\/castello\/#website\",\"url\":\"https:\/\/agrupacionespsoe.es\/castello\/\",\"name\":\"PSPV-PSOE CASTELL\u00d3\",\"description\":\"PSPV-PSOE | Agrupaci\u00f3 de Castell\u00f3\",\"publisher\":{\"@id\":\"https:\/\/agrupacionespsoe.es\/castello\/#organization\"},\"potentialAction\":[{\"@type\":\"SearchAction\",\"target\":{\"@type\":\"EntryPoint\",\"urlTemplate\":\"https:\/\/agrupacionespsoe.es\/castello\/?s={search_term_string}\"},\"query-input\":{\"@type\":\"PropertyValueSpecification\",\"valueRequired\":true,\"valueName\":\"search_term_string\"}}],\"inLanguage\":\"es\"},{\"@type\":\"Organization\",\"@id\":\"https:\/\/agrupacionespsoe.es\/castello\/#organization\",\"name\":\"PSPV-PSOE Castell\u00f3\",\"url\":\"https:\/\/agrupacionespsoe.es\/castello\/\",\"logo\":{\"@type\":\"ImageObject\",\"inLanguage\":\"es\",\"@id\":\"https:\/\/agrupacionespsoe.es\/castello\/#\/schema\/logo\/image\/\",\"url\":\"https:\/\/agrupacionespsoe.es\/castello\/wp-content\/uploads\/sites\/45\/2023\/04\/PORTADA-PSOE-CASTELLO.jpg\",\"contentUrl\":\"https:\/\/agrupacionespsoe.es\/castello\/wp-content\/uploads\/sites\/45\/2023\/04\/PORTADA-PSOE-CASTELLO.jpg\",\"width\":2500,\"height\":2500,\"caption\":\"PSPV-PSOE Castell\u00f3\"},\"image\":{\"@id\":\"https:\/\/agrupacionespsoe.es\/castello\/#\/schema\/logo\/image\/\"},\"sameAs\":[\"https:\/\/www.facebook.com\/pspv.castellodelaplana\",\"https:\/\/x.com\/pspv_cs\",\"https:\/\/www.instagram.com\/pspvpsoecastello\/\"]},{\"@type\":\"Person\",\"@id\":\"https:\/\/agrupacionespsoe.es\/castello\/#\/schema\/person\/f3bc5b2f9dc6a399e9e98596ae24a20a\",\"name\":\"castello1\",\"image\":{\"@type\":\"ImageObject\",\"inLanguage\":\"es\",\"@id\":\"https:\/\/agrupacionespsoe.es\/castello\/#\/schema\/person\/image\/\",\"url\":\"https:\/\/secure.gravatar.com\/avatar\/5f1da428d6479d1127419c0b58796865?s=96&d=mm&r=g\",\"contentUrl\":\"https:\/\/secure.gravatar.com\/avatar\/5f1da428d6479d1127419c0b58796865?s=96&d=mm&r=g\",\"caption\":\"castello1\"},\"url\":\"https:\/\/agrupacionespsoe.es\/castello\/author\/castello1\/\"}]}<\/script>\n<!-- \/ Yoast SEO plugin. -->","yoast_head_json":{"title":"Bloqueo a las entidades sociales - PSPV-PSOE CASTELL\u00d3","robots":{"index":"index","follow":"follow","max-snippet":"max-snippet:-1","max-image-preview":"max-image-preview:large","max-video-preview":"max-video-preview:-1"},"canonical":"https:\/\/agrupacionespsoe.es\/castello\/bloqueo-a-las-entidades-sociales\/","og_locale":"es_ES","og_type":"article","og_title":"Bloqueo a las entidades sociales - PSPV-PSOE CASTELL\u00d3","og_description":"Las entidades sociales molestan al gobierno municipal de Bego\u00f1a Carrasco en Castell\u00f3, que es pura fachada. Su desprecio a la labor que realizan a diario es constante, por mucho que despu\u00e9s acuda a actos para poner la mejor de las sonrisas y lanzar promesas huecas. El gobierno de la derecha y la ultraderecha, el del ...","og_url":"https:\/\/agrupacionespsoe.es\/castello\/bloqueo-a-las-entidades-sociales\/","og_site_name":"PSPV-PSOE CASTELL\u00d3","article_publisher":"https:\/\/www.facebook.com\/pspv.castellodelaplana","article_published_time":"2025-12-05T11:00:00+00:00","article_modified_time":"2026-03-24T07:56:32+00:00","og_image":[{"width":2560,"height":2560,"url":"https:\/\/agrupacionespsoe.es\/castello\/wp-content\/uploads\/sites\/45\/2023\/04\/2.-JOSE-LUIS-LOPEZ-IBANEZ-2-1-scaled.jpg","type":"image\/jpeg"}],"author":"castello1","twitter_card":"summary_large_image","twitter_creator":"@pspv_cs","twitter_site":"@pspv_cs","twitter_misc":{"Escrito por":"castello1","Tiempo de lectura":"2 minutos"},"schema":{"@context":"https:\/\/schema.org","@graph":[{"@type":"Article","@id":"https:\/\/agrupacionespsoe.es\/castello\/bloqueo-a-las-entidades-sociales\/#article","isPartOf":{"@id":"https:\/\/agrupacionespsoe.es\/castello\/bloqueo-a-las-entidades-sociales\/"},"author":{"name":"castello1","@id":"https:\/\/agrupacionespsoe.es\/castello\/#\/schema\/person\/f3bc5b2f9dc6a399e9e98596ae24a20a"},"headline":"Bloqueo a las entidades sociales","datePublished":"2025-12-05T11:00:00+00:00","dateModified":"2026-03-24T07:56:32+00:00","mainEntityOfPage":{"@id":"https:\/\/agrupacionespsoe.es\/castello\/bloqueo-a-las-entidades-sociales\/"},"wordCount":265,"commentCount":0,"publisher":{"@id":"https:\/\/agrupacionespsoe.es\/castello\/#organization"},"image":{"@id":"https:\/\/agrupacionespsoe.es\/castello\/bloqueo-a-las-entidades-sociales\/#primaryimage"},"thumbnailUrl":"https:\/\/agrupacionespsoe.es\/castello\/wp-content\/uploads\/sites\/45\/2023\/04\/2.-JOSE-LUIS-LOPEZ-IBANEZ-2-1-scaled.jpg","keywords":["Alberto Vidal","Basurazo","Bego\u00f1a Carrasco","Jos\u00e9 Luis L\u00f3pez","Todos","Vicent Sales"],"articleSection":["Grupo Municipal Socialista","Opini\u00f3n"],"inLanguage":"es","potentialAction":[{"@type":"CommentAction","name":"Comment","target":["https:\/\/agrupacionespsoe.es\/castello\/bloqueo-a-las-entidades-sociales\/#respond"]}]},{"@type":"WebPage","@id":"https:\/\/agrupacionespsoe.es\/castello\/bloqueo-a-las-entidades-sociales\/","url":"https:\/\/agrupacionespsoe.es\/castello\/bloqueo-a-las-entidades-sociales\/","name":"Bloqueo a las entidades sociales - PSPV-PSOE CASTELL\u00d3","isPartOf":{"@id":"https:\/\/agrupacionespsoe.es\/castello\/#website"},"primaryImageOfPage":{"@id":"https:\/\/agrupacionespsoe.es\/castello\/bloqueo-a-las-entidades-sociales\/#primaryimage"},"image":{"@id":"https:\/\/agrupacionespsoe.es\/castello\/bloqueo-a-las-entidades-sociales\/#primaryimage"},"thumbnailUrl":"https:\/\/agrupacionespsoe.es\/castello\/wp-content\/uploads\/sites\/45\/2023\/04\/2.-JOSE-LUIS-LOPEZ-IBANEZ-2-1-scaled.jpg","datePublished":"2025-12-05T11:00:00+00:00","dateModified":"2026-03-24T07:56:32+00:00","breadcrumb":{"@id":"https:\/\/agrupacionespsoe.es\/castello\/bloqueo-a-las-entidades-sociales\/#breadcrumb"},"inLanguage":"es","potentialAction":[{"@type":"ReadAction","target":["https:\/\/agrupacionespsoe.es\/castello\/bloqueo-a-las-entidades-sociales\/"]}]},{"@type":"ImageObject","inLanguage":"es","@id":"https:\/\/agrupacionespsoe.es\/castello\/bloqueo-a-las-entidades-sociales\/#primaryimage","url":"https:\/\/agrupacionespsoe.es\/castello\/wp-content\/uploads\/sites\/45\/2023\/04\/2.-JOSE-LUIS-LOPEZ-IBANEZ-2-1-scaled.jpg","contentUrl":"https:\/\/agrupacionespsoe.es\/castello\/wp-content\/uploads\/sites\/45\/2023\/04\/2.-JOSE-LUIS-LOPEZ-IBANEZ-2-1-scaled.jpg","width":2560,"height":2560},{"@type":"BreadcrumbList","@id":"https:\/\/agrupacionespsoe.es\/castello\/bloqueo-a-las-entidades-sociales\/#breadcrumb","itemListElement":[{"@type":"ListItem","position":1,"name":"Portada","item":"https:\/\/agrupacionespsoe.es\/castello\/"},{"@type":"ListItem","position":2,"name":"Bloqueo a las entidades sociales"}]},{"@type":"WebSite","@id":"https:\/\/agrupacionespsoe.es\/castello\/#website","url":"https:\/\/agrupacionespsoe.es\/castello\/","name":"PSPV-PSOE CASTELL\u00d3","description":"PSPV-PSOE | Agrupaci\u00f3 de Castell\u00f3","publisher":{"@id":"https:\/\/agrupacionespsoe.es\/castello\/#organization"},"potentialAction":[{"@type":"SearchAction","target":{"@type":"EntryPoint","urlTemplate":"https:\/\/agrupacionespsoe.es\/castello\/?s={search_term_string}"},"query-input":{"@type":"PropertyValueSpecification","valueRequired":true,"valueName":"search_term_string"}}],"inLanguage":"es"},{"@type":"Organization","@id":"https:\/\/agrupacionespsoe.es\/castello\/#organization","name":"PSPV-PSOE Castell\u00f3","url":"https:\/\/agrupacionespsoe.es\/castello\/","logo":{"@type":"ImageObject","inLanguage":"es","@id":"https:\/\/agrupacionespsoe.es\/castello\/#\/schema\/logo\/image\/","url":"https:\/\/agrupacionespsoe.es\/castello\/wp-content\/uploads\/sites\/45\/2023\/04\/PORTADA-PSOE-CASTELLO.jpg","contentUrl":"https:\/\/agrupacionespsoe.es\/castello\/wp-content\/uploads\/sites\/45\/2023\/04\/PORTADA-PSOE-CASTELLO.jpg","width":2500,"height":2500,"caption":"PSPV-PSOE Castell\u00f3"},"image":{"@id":"https:\/\/agrupacionespsoe.es\/castello\/#\/schema\/logo\/image\/"},"sameAs":["https:\/\/www.facebook.com\/pspv.castellodelaplana","https:\/\/x.com\/pspv_cs","https:\/\/www.instagram.com\/pspvpsoecastello\/"]},{"@type":"Person","@id":"https:\/\/agrupacionespsoe.es\/castello\/#\/schema\/person\/f3bc5b2f9dc6a399e9e98596ae24a20a","name":"castello1","image":{"@type":"ImageObject","inLanguage":"es","@id":"https:\/\/agrupacionespsoe.es\/castello\/#\/schema\/person\/image\/","url":"https:\/\/secure.gravatar.com\/avatar\/5f1da428d6479d1127419c0b58796865?s=96&d=mm&r=g","contentUrl":"https:\/\/secure.gravatar.com\/avatar\/5f1da428d6479d1127419c0b58796865?s=96&d=mm&r=g","caption":"castello1"},"url":"https:\/\/agrupacionespsoe.es\/castello\/author\/castello1\/"}]}},"jetpack_publicize_connections":[],"jetpack_featured_media_url":"https:\/\/agrupacionespsoe.es\/castello\/wp-content\/uploads\/sites\/45\/2023\/04\/2.-JOSE-LUIS-LOPEZ-IBANEZ-2-1-scaled.jpg","jetpack_sharing_enabled":true,"_links":{"self":[{"href":"https:\/\/agrupacionespsoe.es\/castello\/wp-json\/wp\/v2\/posts\/9855","targetHints":{"allow":["GET"]}}],"collection":[{"href":"https:\/\/agrupacionespsoe.es\/castello\/wp-json\/wp\/v2\/posts"}],"about":[{"href":"https:\/\/agrupacionespsoe.es\/castello\/wp-json\/wp\/v2\/types\/post"}],"author":[{"embeddable":true,"href":"https:\/\/agrupacionespsoe.es\/castello\/wp-json\/wp\/v2\/users\/48"}],"replies":[{"embeddable":true,"href":"https:\/\/agrupacionespsoe.es\/castello\/wp-json\/wp\/v2\/comments?post=9855"}],"version-history":[{"count":1,"href":"https:\/\/agrupacionespsoe.es\/castello\/wp-json\/wp\/v2\/posts\/9855\/revisions"}],"predecessor-version":[{"id":9856,"href":"https:\/\/agrupacionespsoe.es\/castello\/wp-json\/wp\/v2\/posts\/9855\/revisions\/9856"}],"wp:featuredmedia":[{"embeddable":true,"href":"https:\/\/agrupacionespsoe.es\/castello\/wp-json\/wp\/v2\/media\/840"}],"wp:attachment":[{"href":"https:\/\/agrupacionespsoe.es\/castello\/wp-json\/wp\/v2\/media?parent=9855"}],"wp:term":[{"taxonomy":"category","embeddable":true,"href":"https:\/\/agrupacionespsoe.es\/castello\/wp-json\/wp\/v2\/categories?post=9855"},{"taxonomy":"post_tag","embeddable":true,"href":"https:\/\/agrupacionespsoe.es\/castello\/wp-json\/wp\/v2\/tags?post=9855"}],"curies":[{"name":"wp","href":"https:\/\/api.w.org\/{rel}","templated":true}]}}