{"id":9324,"date":"2025-10-29T13:55:14","date_gmt":"2025-10-29T12:55:14","guid":{"rendered":"https:\/\/agrupacionespsoe.es\/castello\/?p=9324"},"modified":"2025-10-29T14:06:03","modified_gmt":"2025-10-29T13:06:03","slug":"el-pspv-qualifica-de-indecent-que-vox-aprofite-el-dol-oficial-per-la-dana-de-valencia-per-a-fer-campanya-amb-menors-al-costat-dun-institut-de-castello","status":"publish","type":"post","link":"https:\/\/agrupacionespsoe.es\/castello\/va\/el-pspv-qualifica-de-indecent-que-vox-aprofite-el-dol-oficial-per-la-dana-de-valencia-per-a-fer-campanya-amb-menors-al-costat-dun-institut-de-castello\/","title":{"rendered":"El PSPV qualifica de \u201cindecent\u201d que Vox aprofite el dol oficial per la dana de Val\u00e8ncia per a fer campanya amb menors al costat d&#8217;un institut de Castell\u00f3"},"content":{"rendered":"\n<figure class=\"wp-block-audio\"><audio controls src=\"https:\/\/agrupacionespsoe.es\/castello\/wp-content\/uploads\/sites\/45\/2025\/10\/20251029-El-PSPV-califica-de-indecente-que-Vox-aproveche-el-luto-oficial-por-la-dana-de-Valencia-para-hacer-campana-con-menores-junto-a-un-instituto-de-Castello.mp3\" autoplay><\/audio><\/figure>\n\n\n\n<p>La portaveu del Grup Municipal Socialista a l&#8217;Ajuntament de Castell\u00f3, <a href=\"https:\/\/agrupacionespsoe.es\/castello\/va\/tag\/patricia-puerta-va\/\">Patricia Puerta<\/a>, ha qualificat de \u201cindecent\u201d que Vox haja organitzat hui 29 d&#8217;octubre, dia de l&#8217;aniversari de la dana de Val\u00e8ncia, un acte propagand\u00edstic per a menors d&#8217;edat en una carpa al costat de l&#8217;institut Francisco Ribalta.<\/p>\n\n\n\n<p>Puerta lamenta la \u201cabsoluta falta de respecte de la ultradreta a les v\u00edctimes i a totes i tots els damnificats per la trag\u00e8dia de l&#8217;any passat, m\u00e9s si cap quan hui \u00e9s un dia de dol oficial decretat per la Generalitat Valenciana\u201d.<\/p>\n\n\n\n<p>La portaveu socialista considera \u201clamentable veure hui a dos regidors del govern municipal de <a href=\"https:\/\/agrupacionespsoe.es\/castello\/va\/tag\/begona-carrasco-va\/\">Bego\u00f1a Carrasco<\/a>, <a href=\"https:\/\/agrupacionespsoe.es\/castello\/va\/tag\/antonio-ortola-va\/\">Antonio Ortol\u00e1<\/a> i <a href=\"https:\/\/agrupacionespsoe.es\/castello\/va\/tag\/alberto-vidal-va\/\">Alberto Vidal<\/a>, obviar el dol que viu hui tota la Comunitat Valenciana i posar una carpa propagandista de la ultradreta just a l&#8217;hora en la qual ixen al carrer les i els estudiants de batxillerat, que els recorde s\u00f3n menors d&#8217;edat\u201d.<\/p>\n","protected":false},"excerpt":{"rendered":"<p>La portaveu del Grup Municipal Socialista a l&#8217;Ajuntament de Castell\u00f3, Patricia Puerta, ha qualificat de \u201cindecent\u201d que Vox haja organitzat hui 29 d&#8217;octubre, dia de l&#8217;aniversari de la dana de Val\u00e8ncia, un acte propagand\u00edstic per a menors d&#8217;edat en una carpa al costat de l&#8217;institut Francisco Ribalta. Puerta lamenta la \u201cabsoluta falta de respecte de &#8230;<\/p>\n","protected":false},"author":48,"featured_media":9322,"comment_status":"open","ping_status":"open","sticky":false,"template":"","format":"standard","meta":{"_jetpack_memberships_contains_paid_content":false,"footnotes":"","jetpack_publicize_message":"","jetpack_publicize_feature_enabled":true,"jetpack_social_post_already_shared":true,"jetpack_social_options":{"image_generator_settings":{"template":"highway","default_image_id":0,"font":"","enabled":false},"version":2}},"categories":[22],"tags":[787,739,741,83,446],"class_list":["post-9324","post","type-post","status-publish","format-standard","has-post-thumbnail","hentry","category-gms-va","tag-alberto-vidal-va","tag-antonio-ortola-va","tag-begona-carrasco-va","tag-patricia-puerta-va","tag-todos-va"],"yoast_head":"<!-- This site is optimized with the Yoast SEO plugin v24.0 - https:\/\/yoast.com\/wordpress\/plugins\/seo\/ -->\n<title>El PSPV qualifica de \u201cindecent\u201d que Vox aprofite el dol oficial per la dana de Val\u00e8ncia per a fer campanya amb menors al costat d&#039;un institut de Castell\u00f3 - PSPV-PSOE CASTELL\u00d3<\/title>\n<meta name=\"robots\" content=\"index, follow, max-snippet:-1, max-image-preview:large, max-video-preview:-1\" \/>\n<link rel=\"canonical\" href=\"https:\/\/agrupacionespsoe.es\/castello\/va\/el-pspv-qualifica-de-indecent-que-vox-aprofite-el-dol-oficial-per-la-dana-de-valencia-per-a-fer-campanya-amb-menors-al-costat-dun-institut-de-castello\/\" \/>\n<meta property=\"og:locale\" content=\"es_ES\" \/>\n<meta property=\"og:type\" content=\"article\" \/>\n<meta property=\"og:title\" content=\"El PSPV qualifica de \u201cindecent\u201d que Vox aprofite el dol oficial per la dana de Val\u00e8ncia per a fer campanya amb menors al costat d&#039;un institut de Castell\u00f3 - PSPV-PSOE CASTELL\u00d3\" \/>\n<meta property=\"og:description\" content=\"La portaveu del Grup Municipal Socialista a l&#8217;Ajuntament de Castell\u00f3, Patricia Puerta, ha qualificat de \u201cindecent\u201d que Vox haja organitzat hui 29 d&#8217;octubre, dia de l&#8217;aniversari de la dana de Val\u00e8ncia, un acte propagand\u00edstic per a menors d&#8217;edat en una carpa al costat de l&#8217;institut Francisco Ribalta. Puerta lamenta la \u201cabsoluta falta de respecte de ...\" \/>\n<meta property=\"og:url\" content=\"https:\/\/agrupacionespsoe.es\/castello\/va\/el-pspv-qualifica-de-indecent-que-vox-aprofite-el-dol-oficial-per-la-dana-de-valencia-per-a-fer-campanya-amb-menors-al-costat-dun-institut-de-castello\/\" \/>\n<meta property=\"og:site_name\" content=\"PSPV-PSOE CASTELL\u00d3\" \/>\n<meta property=\"article:publisher\" content=\"https:\/\/www.facebook.com\/pspv.castellodelaplana\" \/>\n<meta property=\"article:published_time\" content=\"2025-10-29T12:55:14+00:00\" \/>\n<meta property=\"article:modified_time\" content=\"2025-10-29T13:06:03+00:00\" \/>\n<meta property=\"og:image\" content=\"https:\/\/agrupacionespsoe.es\/castello\/wp-content\/uploads\/sites\/45\/2025\/10\/20251029-El-PSPV-califica-de-indecente-que-Vox-aproveche-el-luto-oficial-por-la-dana-de-Valencia-para-hacer-campana-con-menores-junto-a-un-instituto-de-Castello.jpg\" \/>\n\t<meta property=\"og:image:width\" content=\"1170\" \/>\n\t<meta property=\"og:image:height\" content=\"1607\" \/>\n\t<meta property=\"og:image:type\" content=\"image\/jpeg\" \/>\n<meta name=\"author\" content=\"castello1\" \/>\n<meta name=\"twitter:card\" content=\"summary_large_image\" \/>\n<meta name=\"twitter:creator\" content=\"@pspv_cs\" \/>\n<meta name=\"twitter:site\" content=\"@pspv_cs\" \/>\n<meta name=\"twitter:label1\" content=\"Escrito por\" \/>\n\t<meta name=\"twitter:data1\" content=\"castello1\" \/>\n\t<meta name=\"twitter:label2\" content=\"Tiempo de lectura\" \/>\n\t<meta name=\"twitter:data2\" content=\"1 minuto\" \/>\n<script type=\"application\/ld+json\" class=\"yoast-schema-graph\">{\"@context\":\"https:\/\/schema.org\",\"@graph\":[{\"@type\":\"Article\",\"@id\":\"https:\/\/agrupacionespsoe.es\/castello\/va\/el-pspv-qualifica-de-indecent-que-vox-aprofite-el-dol-oficial-per-la-dana-de-valencia-per-a-fer-campanya-amb-menors-al-costat-dun-institut-de-castello\/#article\",\"isPartOf\":{\"@id\":\"https:\/\/agrupacionespsoe.es\/castello\/va\/el-pspv-qualifica-de-indecent-que-vox-aprofite-el-dol-oficial-per-la-dana-de-valencia-per-a-fer-campanya-amb-menors-al-costat-dun-institut-de-castello\/\"},\"author\":{\"name\":\"castello1\",\"@id\":\"https:\/\/agrupacionespsoe.es\/castello\/#\/schema\/person\/f3bc5b2f9dc6a399e9e98596ae24a20a\"},\"headline\":\"El PSPV qualifica de \u201cindecent\u201d que Vox aprofite el dol oficial per la dana de Val\u00e8ncia per a fer campanya amb menors al costat d&#8217;un institut de Castell\u00f3\",\"datePublished\":\"2025-10-29T12:55:14+00:00\",\"dateModified\":\"2025-10-29T13:06:03+00:00\",\"mainEntityOfPage\":{\"@id\":\"https:\/\/agrupacionespsoe.es\/castello\/va\/el-pspv-qualifica-de-indecent-que-vox-aprofite-el-dol-oficial-per-la-dana-de-valencia-per-a-fer-campanya-amb-menors-al-costat-dun-institut-de-castello\/\"},\"wordCount\":184,\"commentCount\":0,\"publisher\":{\"@id\":\"https:\/\/agrupacionespsoe.es\/castello\/#organization\"},\"image\":{\"@id\":\"https:\/\/agrupacionespsoe.es\/castello\/va\/el-pspv-qualifica-de-indecent-que-vox-aprofite-el-dol-oficial-per-la-dana-de-valencia-per-a-fer-campanya-amb-menors-al-costat-dun-institut-de-castello\/#primaryimage\"},\"thumbnailUrl\":\"https:\/\/agrupacionespsoe.es\/castello\/wp-content\/uploads\/sites\/45\/2025\/10\/20251029-El-PSPV-califica-de-indecente-que-Vox-aproveche-el-luto-oficial-por-la-dana-de-Valencia-para-hacer-campana-con-menores-junto-a-un-instituto-de-Castello.jpg\",\"keywords\":[\"Alberto Vidal\",\"Antonio Ortol\u00e1\",\"Bego\u00f1a Carrasco\",\"Patricia Puerta\",\"Todos\"],\"articleSection\":[\"Grup Municipal Socialista\"],\"inLanguage\":\"es\",\"potentialAction\":[{\"@type\":\"CommentAction\",\"name\":\"Comment\",\"target\":[\"https:\/\/agrupacionespsoe.es\/castello\/va\/el-pspv-qualifica-de-indecent-que-vox-aprofite-el-dol-oficial-per-la-dana-de-valencia-per-a-fer-campanya-amb-menors-al-costat-dun-institut-de-castello\/#respond\"]}]},{\"@type\":\"WebPage\",\"@id\":\"https:\/\/agrupacionespsoe.es\/castello\/va\/el-pspv-qualifica-de-indecent-que-vox-aprofite-el-dol-oficial-per-la-dana-de-valencia-per-a-fer-campanya-amb-menors-al-costat-dun-institut-de-castello\/\",\"url\":\"https:\/\/agrupacionespsoe.es\/castello\/va\/el-pspv-qualifica-de-indecent-que-vox-aprofite-el-dol-oficial-per-la-dana-de-valencia-per-a-fer-campanya-amb-menors-al-costat-dun-institut-de-castello\/\",\"name\":\"El PSPV qualifica de \u201cindecent\u201d que Vox aprofite el dol oficial per la dana de Val\u00e8ncia per a fer campanya amb menors al costat d'un institut de Castell\u00f3 - PSPV-PSOE CASTELL\u00d3\",\"isPartOf\":{\"@id\":\"https:\/\/agrupacionespsoe.es\/castello\/#website\"},\"primaryImageOfPage\":{\"@id\":\"https:\/\/agrupacionespsoe.es\/castello\/va\/el-pspv-qualifica-de-indecent-que-vox-aprofite-el-dol-oficial-per-la-dana-de-valencia-per-a-fer-campanya-amb-menors-al-costat-dun-institut-de-castello\/#primaryimage\"},\"image\":{\"@id\":\"https:\/\/agrupacionespsoe.es\/castello\/va\/el-pspv-qualifica-de-indecent-que-vox-aprofite-el-dol-oficial-per-la-dana-de-valencia-per-a-fer-campanya-amb-menors-al-costat-dun-institut-de-castello\/#primaryimage\"},\"thumbnailUrl\":\"https:\/\/agrupacionespsoe.es\/castello\/wp-content\/uploads\/sites\/45\/2025\/10\/20251029-El-PSPV-califica-de-indecente-que-Vox-aproveche-el-luto-oficial-por-la-dana-de-Valencia-para-hacer-campana-con-menores-junto-a-un-instituto-de-Castello.jpg\",\"datePublished\":\"2025-10-29T12:55:14+00:00\",\"dateModified\":\"2025-10-29T13:06:03+00:00\",\"breadcrumb\":{\"@id\":\"https:\/\/agrupacionespsoe.es\/castello\/va\/el-pspv-qualifica-de-indecent-que-vox-aprofite-el-dol-oficial-per-la-dana-de-valencia-per-a-fer-campanya-amb-menors-al-costat-dun-institut-de-castello\/#breadcrumb\"},\"inLanguage\":\"es\",\"potentialAction\":[{\"@type\":\"ReadAction\",\"target\":[\"https:\/\/agrupacionespsoe.es\/castello\/va\/el-pspv-qualifica-de-indecent-que-vox-aprofite-el-dol-oficial-per-la-dana-de-valencia-per-a-fer-campanya-amb-menors-al-costat-dun-institut-de-castello\/\"]}]},{\"@type\":\"ImageObject\",\"inLanguage\":\"es\",\"@id\":\"https:\/\/agrupacionespsoe.es\/castello\/va\/el-pspv-qualifica-de-indecent-que-vox-aprofite-el-dol-oficial-per-la-dana-de-valencia-per-a-fer-campanya-amb-menors-al-costat-dun-institut-de-castello\/#primaryimage\",\"url\":\"https:\/\/agrupacionespsoe.es\/castello\/wp-content\/uploads\/sites\/45\/2025\/10\/20251029-El-PSPV-califica-de-indecente-que-Vox-aproveche-el-luto-oficial-por-la-dana-de-Valencia-para-hacer-campana-con-menores-junto-a-un-instituto-de-Castello.jpg\",\"contentUrl\":\"https:\/\/agrupacionespsoe.es\/castello\/wp-content\/uploads\/sites\/45\/2025\/10\/20251029-El-PSPV-califica-de-indecente-que-Vox-aproveche-el-luto-oficial-por-la-dana-de-Valencia-para-hacer-campana-con-menores-junto-a-un-instituto-de-Castello.jpg\",\"width\":1170,\"height\":1607},{\"@type\":\"BreadcrumbList\",\"@id\":\"https:\/\/agrupacionespsoe.es\/castello\/va\/el-pspv-qualifica-de-indecent-que-vox-aprofite-el-dol-oficial-per-la-dana-de-valencia-per-a-fer-campanya-amb-menors-al-costat-dun-institut-de-castello\/#breadcrumb\",\"itemListElement\":[{\"@type\":\"ListItem\",\"position\":1,\"name\":\"Portada\",\"item\":\"https:\/\/agrupacionespsoe.es\/castello\/\"},{\"@type\":\"ListItem\",\"position\":2,\"name\":\"El PSPV qualifica de \u201cindecent\u201d que Vox aprofite el dol oficial per la dana de Val\u00e8ncia per a fer campanya amb menors al costat d&#8217;un institut de Castell\u00f3\"}]},{\"@type\":\"WebSite\",\"@id\":\"https:\/\/agrupacionespsoe.es\/castello\/#website\",\"url\":\"https:\/\/agrupacionespsoe.es\/castello\/\",\"name\":\"PSPV-PSOE CASTELL\u00d3\",\"description\":\"PSPV-PSOE | Agrupaci\u00f3 de Castell\u00f3\",\"publisher\":{\"@id\":\"https:\/\/agrupacionespsoe.es\/castello\/#organization\"},\"potentialAction\":[{\"@type\":\"SearchAction\",\"target\":{\"@type\":\"EntryPoint\",\"urlTemplate\":\"https:\/\/agrupacionespsoe.es\/castello\/?s={search_term_string}\"},\"query-input\":{\"@type\":\"PropertyValueSpecification\",\"valueRequired\":true,\"valueName\":\"search_term_string\"}}],\"inLanguage\":\"es\"},{\"@type\":\"Organization\",\"@id\":\"https:\/\/agrupacionespsoe.es\/castello\/#organization\",\"name\":\"PSPV-PSOE Castell\u00f3\",\"url\":\"https:\/\/agrupacionespsoe.es\/castello\/\",\"logo\":{\"@type\":\"ImageObject\",\"inLanguage\":\"es\",\"@id\":\"https:\/\/agrupacionespsoe.es\/castello\/#\/schema\/logo\/image\/\",\"url\":\"https:\/\/agrupacionespsoe.es\/castello\/wp-content\/uploads\/sites\/45\/2023\/04\/PORTADA-PSOE-CASTELLO.jpg\",\"contentUrl\":\"https:\/\/agrupacionespsoe.es\/castello\/wp-content\/uploads\/sites\/45\/2023\/04\/PORTADA-PSOE-CASTELLO.jpg\",\"width\":2500,\"height\":2500,\"caption\":\"PSPV-PSOE Castell\u00f3\"},\"image\":{\"@id\":\"https:\/\/agrupacionespsoe.es\/castello\/#\/schema\/logo\/image\/\"},\"sameAs\":[\"https:\/\/www.facebook.com\/pspv.castellodelaplana\",\"https:\/\/x.com\/pspv_cs\",\"https:\/\/www.instagram.com\/pspvpsoecastello\/\"]},{\"@type\":\"Person\",\"@id\":\"https:\/\/agrupacionespsoe.es\/castello\/#\/schema\/person\/f3bc5b2f9dc6a399e9e98596ae24a20a\",\"name\":\"castello1\",\"image\":{\"@type\":\"ImageObject\",\"inLanguage\":\"es\",\"@id\":\"https:\/\/agrupacionespsoe.es\/castello\/#\/schema\/person\/image\/\",\"url\":\"https:\/\/secure.gravatar.com\/avatar\/5f1da428d6479d1127419c0b58796865?s=96&d=mm&r=g\",\"contentUrl\":\"https:\/\/secure.gravatar.com\/avatar\/5f1da428d6479d1127419c0b58796865?s=96&d=mm&r=g\",\"caption\":\"castello1\"},\"url\":\"https:\/\/agrupacionespsoe.es\/castello\/author\/castello1\/\"}]}<\/script>\n<!-- \/ Yoast SEO plugin. -->","yoast_head_json":{"title":"El PSPV qualifica de \u201cindecent\u201d que Vox aprofite el dol oficial per la dana de Val\u00e8ncia per a fer campanya amb menors al costat d'un institut de Castell\u00f3 - PSPV-PSOE CASTELL\u00d3","robots":{"index":"index","follow":"follow","max-snippet":"max-snippet:-1","max-image-preview":"max-image-preview:large","max-video-preview":"max-video-preview:-1"},"canonical":"https:\/\/agrupacionespsoe.es\/castello\/va\/el-pspv-qualifica-de-indecent-que-vox-aprofite-el-dol-oficial-per-la-dana-de-valencia-per-a-fer-campanya-amb-menors-al-costat-dun-institut-de-castello\/","og_locale":"es_ES","og_type":"article","og_title":"El PSPV qualifica de \u201cindecent\u201d que Vox aprofite el dol oficial per la dana de Val\u00e8ncia per a fer campanya amb menors al costat d'un institut de Castell\u00f3 - PSPV-PSOE CASTELL\u00d3","og_description":"La portaveu del Grup Municipal Socialista a l&#8217;Ajuntament de Castell\u00f3, Patricia Puerta, ha qualificat de \u201cindecent\u201d que Vox haja organitzat hui 29 d&#8217;octubre, dia de l&#8217;aniversari de la dana de Val\u00e8ncia, un acte propagand\u00edstic per a menors d&#8217;edat en una carpa al costat de l&#8217;institut Francisco Ribalta. Puerta lamenta la \u201cabsoluta falta de respecte de ...","og_url":"https:\/\/agrupacionespsoe.es\/castello\/va\/el-pspv-qualifica-de-indecent-que-vox-aprofite-el-dol-oficial-per-la-dana-de-valencia-per-a-fer-campanya-amb-menors-al-costat-dun-institut-de-castello\/","og_site_name":"PSPV-PSOE CASTELL\u00d3","article_publisher":"https:\/\/www.facebook.com\/pspv.castellodelaplana","article_published_time":"2025-10-29T12:55:14+00:00","article_modified_time":"2025-10-29T13:06:03+00:00","og_image":[{"width":1170,"height":1607,"url":"https:\/\/agrupacionespsoe.es\/castello\/wp-content\/uploads\/sites\/45\/2025\/10\/20251029-El-PSPV-califica-de-indecente-que-Vox-aproveche-el-luto-oficial-por-la-dana-de-Valencia-para-hacer-campana-con-menores-junto-a-un-instituto-de-Castello.jpg","type":"image\/jpeg"}],"author":"castello1","twitter_card":"summary_large_image","twitter_creator":"@pspv_cs","twitter_site":"@pspv_cs","twitter_misc":{"Escrito por":"castello1","Tiempo de lectura":"1 minuto"},"schema":{"@context":"https:\/\/schema.org","@graph":[{"@type":"Article","@id":"https:\/\/agrupacionespsoe.es\/castello\/va\/el-pspv-qualifica-de-indecent-que-vox-aprofite-el-dol-oficial-per-la-dana-de-valencia-per-a-fer-campanya-amb-menors-al-costat-dun-institut-de-castello\/#article","isPartOf":{"@id":"https:\/\/agrupacionespsoe.es\/castello\/va\/el-pspv-qualifica-de-indecent-que-vox-aprofite-el-dol-oficial-per-la-dana-de-valencia-per-a-fer-campanya-amb-menors-al-costat-dun-institut-de-castello\/"},"author":{"name":"castello1","@id":"https:\/\/agrupacionespsoe.es\/castello\/#\/schema\/person\/f3bc5b2f9dc6a399e9e98596ae24a20a"},"headline":"El PSPV qualifica de \u201cindecent\u201d que Vox aprofite el dol oficial per la dana de Val\u00e8ncia per a fer campanya amb menors al costat d&#8217;un institut de Castell\u00f3","datePublished":"2025-10-29T12:55:14+00:00","dateModified":"2025-10-29T13:06:03+00:00","mainEntityOfPage":{"@id":"https:\/\/agrupacionespsoe.es\/castello\/va\/el-pspv-qualifica-de-indecent-que-vox-aprofite-el-dol-oficial-per-la-dana-de-valencia-per-a-fer-campanya-amb-menors-al-costat-dun-institut-de-castello\/"},"wordCount":184,"commentCount":0,"publisher":{"@id":"https:\/\/agrupacionespsoe.es\/castello\/#organization"},"image":{"@id":"https:\/\/agrupacionespsoe.es\/castello\/va\/el-pspv-qualifica-de-indecent-que-vox-aprofite-el-dol-oficial-per-la-dana-de-valencia-per-a-fer-campanya-amb-menors-al-costat-dun-institut-de-castello\/#primaryimage"},"thumbnailUrl":"https:\/\/agrupacionespsoe.es\/castello\/wp-content\/uploads\/sites\/45\/2025\/10\/20251029-El-PSPV-califica-de-indecente-que-Vox-aproveche-el-luto-oficial-por-la-dana-de-Valencia-para-hacer-campana-con-menores-junto-a-un-instituto-de-Castello.jpg","keywords":["Alberto Vidal","Antonio Ortol\u00e1","Bego\u00f1a Carrasco","Patricia Puerta","Todos"],"articleSection":["Grup Municipal Socialista"],"inLanguage":"es","potentialAction":[{"@type":"CommentAction","name":"Comment","target":["https:\/\/agrupacionespsoe.es\/castello\/va\/el-pspv-qualifica-de-indecent-que-vox-aprofite-el-dol-oficial-per-la-dana-de-valencia-per-a-fer-campanya-amb-menors-al-costat-dun-institut-de-castello\/#respond"]}]},{"@type":"WebPage","@id":"https:\/\/agrupacionespsoe.es\/castello\/va\/el-pspv-qualifica-de-indecent-que-vox-aprofite-el-dol-oficial-per-la-dana-de-valencia-per-a-fer-campanya-amb-menors-al-costat-dun-institut-de-castello\/","url":"https:\/\/agrupacionespsoe.es\/castello\/va\/el-pspv-qualifica-de-indecent-que-vox-aprofite-el-dol-oficial-per-la-dana-de-valencia-per-a-fer-campanya-amb-menors-al-costat-dun-institut-de-castello\/","name":"El PSPV qualifica de \u201cindecent\u201d que Vox aprofite el dol oficial per la dana de Val\u00e8ncia per a fer campanya amb menors al costat d'un institut de Castell\u00f3 - PSPV-PSOE CASTELL\u00d3","isPartOf":{"@id":"https:\/\/agrupacionespsoe.es\/castello\/#website"},"primaryImageOfPage":{"@id":"https:\/\/agrupacionespsoe.es\/castello\/va\/el-pspv-qualifica-de-indecent-que-vox-aprofite-el-dol-oficial-per-la-dana-de-valencia-per-a-fer-campanya-amb-menors-al-costat-dun-institut-de-castello\/#primaryimage"},"image":{"@id":"https:\/\/agrupacionespsoe.es\/castello\/va\/el-pspv-qualifica-de-indecent-que-vox-aprofite-el-dol-oficial-per-la-dana-de-valencia-per-a-fer-campanya-amb-menors-al-costat-dun-institut-de-castello\/#primaryimage"},"thumbnailUrl":"https:\/\/agrupacionespsoe.es\/castello\/wp-content\/uploads\/sites\/45\/2025\/10\/20251029-El-PSPV-califica-de-indecente-que-Vox-aproveche-el-luto-oficial-por-la-dana-de-Valencia-para-hacer-campana-con-menores-junto-a-un-instituto-de-Castello.jpg","datePublished":"2025-10-29T12:55:14+00:00","dateModified":"2025-10-29T13:06:03+00:00","breadcrumb":{"@id":"https:\/\/agrupacionespsoe.es\/castello\/va\/el-pspv-qualifica-de-indecent-que-vox-aprofite-el-dol-oficial-per-la-dana-de-valencia-per-a-fer-campanya-amb-menors-al-costat-dun-institut-de-castello\/#breadcrumb"},"inLanguage":"es","potentialAction":[{"@type":"ReadAction","target":["https:\/\/agrupacionespsoe.es\/castello\/va\/el-pspv-qualifica-de-indecent-que-vox-aprofite-el-dol-oficial-per-la-dana-de-valencia-per-a-fer-campanya-amb-menors-al-costat-dun-institut-de-castello\/"]}]},{"@type":"ImageObject","inLanguage":"es","@id":"https:\/\/agrupacionespsoe.es\/castello\/va\/el-pspv-qualifica-de-indecent-que-vox-aprofite-el-dol-oficial-per-la-dana-de-valencia-per-a-fer-campanya-amb-menors-al-costat-dun-institut-de-castello\/#primaryimage","url":"https:\/\/agrupacionespsoe.es\/castello\/wp-content\/uploads\/sites\/45\/2025\/10\/20251029-El-PSPV-califica-de-indecente-que-Vox-aproveche-el-luto-oficial-por-la-dana-de-Valencia-para-hacer-campana-con-menores-junto-a-un-instituto-de-Castello.jpg","contentUrl":"https:\/\/agrupacionespsoe.es\/castello\/wp-content\/uploads\/sites\/45\/2025\/10\/20251029-El-PSPV-califica-de-indecente-que-Vox-aproveche-el-luto-oficial-por-la-dana-de-Valencia-para-hacer-campana-con-menores-junto-a-un-instituto-de-Castello.jpg","width":1170,"height":1607},{"@type":"BreadcrumbList","@id":"https:\/\/agrupacionespsoe.es\/castello\/va\/el-pspv-qualifica-de-indecent-que-vox-aprofite-el-dol-oficial-per-la-dana-de-valencia-per-a-fer-campanya-amb-menors-al-costat-dun-institut-de-castello\/#breadcrumb","itemListElement":[{"@type":"ListItem","position":1,"name":"Portada","item":"https:\/\/agrupacionespsoe.es\/castello\/"},{"@type":"ListItem","position":2,"name":"El PSPV qualifica de \u201cindecent\u201d que Vox aprofite el dol oficial per la dana de Val\u00e8ncia per a fer campanya amb menors al costat d&#8217;un institut de Castell\u00f3"}]},{"@type":"WebSite","@id":"https:\/\/agrupacionespsoe.es\/castello\/#website","url":"https:\/\/agrupacionespsoe.es\/castello\/","name":"PSPV-PSOE CASTELL\u00d3","description":"PSPV-PSOE | Agrupaci\u00f3 de Castell\u00f3","publisher":{"@id":"https:\/\/agrupacionespsoe.es\/castello\/#organization"},"potentialAction":[{"@type":"SearchAction","target":{"@type":"EntryPoint","urlTemplate":"https:\/\/agrupacionespsoe.es\/castello\/?s={search_term_string}"},"query-input":{"@type":"PropertyValueSpecification","valueRequired":true,"valueName":"search_term_string"}}],"inLanguage":"es"},{"@type":"Organization","@id":"https:\/\/agrupacionespsoe.es\/castello\/#organization","name":"PSPV-PSOE Castell\u00f3","url":"https:\/\/agrupacionespsoe.es\/castello\/","logo":{"@type":"ImageObject","inLanguage":"es","@id":"https:\/\/agrupacionespsoe.es\/castello\/#\/schema\/logo\/image\/","url":"https:\/\/agrupacionespsoe.es\/castello\/wp-content\/uploads\/sites\/45\/2023\/04\/PORTADA-PSOE-CASTELLO.jpg","contentUrl":"https:\/\/agrupacionespsoe.es\/castello\/wp-content\/uploads\/sites\/45\/2023\/04\/PORTADA-PSOE-CASTELLO.jpg","width":2500,"height":2500,"caption":"PSPV-PSOE Castell\u00f3"},"image":{"@id":"https:\/\/agrupacionespsoe.es\/castello\/#\/schema\/logo\/image\/"},"sameAs":["https:\/\/www.facebook.com\/pspv.castellodelaplana","https:\/\/x.com\/pspv_cs","https:\/\/www.instagram.com\/pspvpsoecastello\/"]},{"@type":"Person","@id":"https:\/\/agrupacionespsoe.es\/castello\/#\/schema\/person\/f3bc5b2f9dc6a399e9e98596ae24a20a","name":"castello1","image":{"@type":"ImageObject","inLanguage":"es","@id":"https:\/\/agrupacionespsoe.es\/castello\/#\/schema\/person\/image\/","url":"https:\/\/secure.gravatar.com\/avatar\/5f1da428d6479d1127419c0b58796865?s=96&d=mm&r=g","contentUrl":"https:\/\/secure.gravatar.com\/avatar\/5f1da428d6479d1127419c0b58796865?s=96&d=mm&r=g","caption":"castello1"},"url":"https:\/\/agrupacionespsoe.es\/castello\/author\/castello1\/"}]}},"jetpack_publicize_connections":[],"jetpack_featured_media_url":"https:\/\/agrupacionespsoe.es\/castello\/wp-content\/uploads\/sites\/45\/2025\/10\/20251029-El-PSPV-califica-de-indecente-que-Vox-aproveche-el-luto-oficial-por-la-dana-de-Valencia-para-hacer-campana-con-menores-junto-a-un-instituto-de-Castello.jpg","jetpack_sharing_enabled":true,"_links":{"self":[{"href":"https:\/\/agrupacionespsoe.es\/castello\/wp-json\/wp\/v2\/posts\/9324","targetHints":{"allow":["GET"]}}],"collection":[{"href":"https:\/\/agrupacionespsoe.es\/castello\/wp-json\/wp\/v2\/posts"}],"about":[{"href":"https:\/\/agrupacionespsoe.es\/castello\/wp-json\/wp\/v2\/types\/post"}],"author":[{"embeddable":true,"href":"https:\/\/agrupacionespsoe.es\/castello\/wp-json\/wp\/v2\/users\/48"}],"replies":[{"embeddable":true,"href":"https:\/\/agrupacionespsoe.es\/castello\/wp-json\/wp\/v2\/comments?post=9324"}],"version-history":[{"count":2,"href":"https:\/\/agrupacionespsoe.es\/castello\/wp-json\/wp\/v2\/posts\/9324\/revisions"}],"predecessor-version":[{"id":9326,"href":"https:\/\/agrupacionespsoe.es\/castello\/wp-json\/wp\/v2\/posts\/9324\/revisions\/9326"}],"wp:featuredmedia":[{"embeddable":true,"href":"https:\/\/agrupacionespsoe.es\/castello\/wp-json\/wp\/v2\/media\/9322"}],"wp:attachment":[{"href":"https:\/\/agrupacionespsoe.es\/castello\/wp-json\/wp\/v2\/media?parent=9324"}],"wp:term":[{"taxonomy":"category","embeddable":true,"href":"https:\/\/agrupacionespsoe.es\/castello\/wp-json\/wp\/v2\/categories?post=9324"},{"taxonomy":"post_tag","embeddable":true,"href":"https:\/\/agrupacionespsoe.es\/castello\/wp-json\/wp\/v2\/tags?post=9324"}],"curies":[{"name":"wp","href":"https:\/\/api.w.org\/{rel}","templated":true}]}}