{"id":9007,"date":"2025-10-02T12:23:04","date_gmt":"2025-10-02T10:23:04","guid":{"rendered":"https:\/\/agrupacionespsoe.es\/castello\/?p=9007"},"modified":"2025-10-02T12:23:06","modified_gmt":"2025-10-02T10:23:06","slug":"la-piscina-olimpica-sufre-su-cuarto-dia-cerrada-menos-de-un-mes-despues-de-la-parada-tecnica","status":"publish","type":"post","link":"https:\/\/agrupacionespsoe.es\/castello\/la-piscina-olimpica-sufre-su-cuarto-dia-cerrada-menos-de-un-mes-despues-de-la-parada-tecnica\/","title":{"rendered":"La piscina ol\u00edmpica sufre su cuarto d\u00eda cerrada menos de un mes despu\u00e9s de la parada t\u00e9cnica"},"content":{"rendered":"\n<ul class=\"wp-block-list\">\n<li><em>Las familias se desplazan m\u00e1s de 6 kil\u00f3metros para los entrenamientos de waterpolo sin saber cu\u00e1ndo regresar\u00e1 la actividad completa a Gaet\u00e0 Huguet<\/em><\/li>\n<\/ul>\n\n\n\n<figure class=\"wp-block-audio\"><audio controls src=\"https:\/\/agrupacionespsoe.es\/castello\/wp-content\/uploads\/sites\/45\/2025\/10\/20251002-La-piscina-olimpica-sufre-su-cuarto-dia-cerrada-menos-de-un-mes-despues-de-la-parada-tecnica.mp3\" autoplay><\/audio><\/figure>\n\n\n\n<p>El Grupo Municipal Socialista de Castell\u00f3 ha instado a la concejala de Deportes, <a href=\"https:\/\/agrupacionespsoe.es\/castello\/tag\/maica-hurtado\/\">Maica Hurtado<\/a>, a que planifique la reapertura de la piscina ol\u00edmpica, que hoy sufre su cuarto d\u00eda consecutivo de cierre al p\u00fablico. El color verdoso que presentaba el vaso principal del complejo el pasado domingo, durante la celebraci\u00f3n del campeonato de waterpolo, ha llevado a vaciarla y a obligar a las familias a desplazarse incluso hasta el Grau, a m\u00e1s de 6 kil\u00f3metros, para los entrenamientos de los m\u00e1s peque\u00f1os.<\/p>\n\n\n\n<p>Hurtado, que desde el mes pasado s\u00f3lo est\u00e1 al frente de esta delegaci\u00f3n tras apearla la alcaldesa, <a href=\"https:\/\/agrupacionespsoe.es\/castello\/tag\/begona-carrasco\/\">Bego\u00f1a Carrasco<\/a>, de la cartera de Bienestar Social, todav\u00eda no ha informado a las personas usuarias de cu\u00e1ndo abrir\u00e1 la piscina con certeza. Este hecho obliga a los colectivos afectados a trasladarse en persona o llamar al centro deportivo para conocer el avance de las reparaciones. Tampoco el Patronato de Deportes ha actualizado sus comunicaciones desde el lunes.<\/p>\n\n\n\n<p>La incidencia se produce menos de un mes despu\u00e9s de que la piscina ol\u00edmpica haya estado cerrada por parada t\u00e9cnica como todos los veranos. \u201cEntend\u00edamos que Hurtado, que \u00fanicamente tiene que centrarse ya en el \u00e1rea de Deportes, cumplir\u00eda su palabra de \u2018seguir impulsando Castell\u00f3n como Capital del Deporte\u2019, pero lo cierto es que lo \u00fanico que se encuentran las personas que acuden a nadar, cuatro d\u00edas despu\u00e9s, es un cartel en la puerta: \u2018Cerrado por aver\u00eda hasta nuevo aviso\u2019\u201d, ha declarado la portavoz socialista, <a href=\"https:\/\/agrupacionespsoe.es\/castello\/tag\/patricia-puerta\/\">Patricia Puerta<\/a>.<\/p>\n\n\n\n<p>Cerrado estuvo el complejo durante el mes de agosto para el mantenimiento y no se hab\u00eda acabado el mes de septiembre cuando la \u00e9lite del waterpolo se encontr\u00f3 con una piscina verde y las excusas de quien ostenta la m\u00e1xima responsabilidad deportiva desde hace m\u00e1s de dos a\u00f1os.<\/p>\n\n\n\n<p>\u201cEsa \u2018apuesta firme y decidida por el deporte base e inclusivo, reconociendo al mismo tiempo a quienes est\u00e1n en la \u00e9lite\u2019, que defendi\u00f3 el equipo de gobierno en septiembre para justificar la p\u00e9rdida de competencias de Hurtado, se ha traducido en desinformaci\u00f3n, molestias a clubes y particulares y un perjuicio incontestable tambi\u00e9n a personas con discapacidad que necesitan ir a la piscina por motivos de salud\u201d, seg\u00fan Puerta.<\/p>\n","protected":false},"excerpt":{"rendered":"<p>El Grupo Municipal Socialista de Castell\u00f3 ha instado a la concejala de Deportes, Maica Hurtado, a que planifique la reapertura de la piscina ol\u00edmpica, que hoy sufre su cuarto d\u00eda consecutivo de cierre al p\u00fablico. El color verdoso que presentaba el vaso principal del complejo el pasado domingo, durante la celebraci\u00f3n del campeonato de waterpolo, &#8230;<\/p>\n","protected":false},"author":48,"featured_media":9009,"comment_status":"open","ping_status":"open","sticky":false,"template":"","format":"standard","meta":{"_jetpack_memberships_contains_paid_content":false,"footnotes":"","jetpack_publicize_message":"","jetpack_publicize_feature_enabled":true,"jetpack_social_post_already_shared":false,"jetpack_social_options":{"image_generator_settings":{"template":"highway","default_image_id":0,"font":"","enabled":false},"version":2}},"categories":[33],"tags":[733,859,81,448],"class_list":["post-9007","post","type-post","status-publish","format-standard","has-post-thumbnail","hentry","category-gms","tag-begona-carrasco","tag-maica-hurtado","tag-patricia-puerta","tag-todos-es"],"yoast_head":"<!-- This site is optimized with the Yoast SEO plugin v24.0 - https:\/\/yoast.com\/wordpress\/plugins\/seo\/ -->\n<title>La piscina ol\u00edmpica sufre su cuarto d\u00eda cerrada menos de un mes despu\u00e9s de la parada t\u00e9cnica - PSPV-PSOE CASTELL\u00d3<\/title>\n<meta name=\"robots\" content=\"index, follow, max-snippet:-1, max-image-preview:large, max-video-preview:-1\" \/>\n<link rel=\"canonical\" href=\"https:\/\/agrupacionespsoe.es\/castello\/la-piscina-olimpica-sufre-su-cuarto-dia-cerrada-menos-de-un-mes-despues-de-la-parada-tecnica\/\" \/>\n<meta property=\"og:locale\" content=\"es_ES\" \/>\n<meta property=\"og:type\" content=\"article\" \/>\n<meta property=\"og:title\" content=\"La piscina ol\u00edmpica sufre su cuarto d\u00eda cerrada menos de un mes despu\u00e9s de la parada t\u00e9cnica - PSPV-PSOE CASTELL\u00d3\" \/>\n<meta property=\"og:description\" content=\"El Grupo Municipal Socialista de Castell\u00f3 ha instado a la concejala de Deportes, Maica Hurtado, a que planifique la reapertura de la piscina ol\u00edmpica, que hoy sufre su cuarto d\u00eda consecutivo de cierre al p\u00fablico. El color verdoso que presentaba el vaso principal del complejo el pasado domingo, durante la celebraci\u00f3n del campeonato de waterpolo, ...\" \/>\n<meta property=\"og:url\" content=\"https:\/\/agrupacionespsoe.es\/castello\/la-piscina-olimpica-sufre-su-cuarto-dia-cerrada-menos-de-un-mes-despues-de-la-parada-tecnica\/\" \/>\n<meta property=\"og:site_name\" content=\"PSPV-PSOE CASTELL\u00d3\" \/>\n<meta property=\"article:publisher\" content=\"https:\/\/www.facebook.com\/pspv.castellodelaplana\" \/>\n<meta property=\"article:published_time\" content=\"2025-10-02T10:23:04+00:00\" \/>\n<meta property=\"article:modified_time\" content=\"2025-10-02T10:23:06+00:00\" \/>\n<meta property=\"og:image\" content=\"https:\/\/agrupacionespsoe.es\/castello\/wp-content\/uploads\/sites\/45\/2025\/10\/20251002-La-piscina-olimpica-sufre-su-cuarto-dia-cerrada-menos-de-un-mes-despues-de-la-parada-tecnica-scaled.jpg\" \/>\n\t<meta property=\"og:image:width\" content=\"2560\" \/>\n\t<meta property=\"og:image:height\" content=\"1920\" \/>\n\t<meta property=\"og:image:type\" content=\"image\/jpeg\" \/>\n<meta name=\"author\" content=\"castello1\" \/>\n<meta name=\"twitter:card\" content=\"summary_large_image\" \/>\n<meta name=\"twitter:creator\" content=\"@pspv_cs\" \/>\n<meta name=\"twitter:site\" content=\"@pspv_cs\" \/>\n<meta name=\"twitter:label1\" content=\"Escrito por\" \/>\n\t<meta name=\"twitter:data1\" content=\"castello1\" \/>\n\t<meta name=\"twitter:label2\" content=\"Tiempo de lectura\" \/>\n\t<meta name=\"twitter:data2\" content=\"2 minutos\" \/>\n<script type=\"application\/ld+json\" class=\"yoast-schema-graph\">{\"@context\":\"https:\/\/schema.org\",\"@graph\":[{\"@type\":\"Article\",\"@id\":\"https:\/\/agrupacionespsoe.es\/castello\/la-piscina-olimpica-sufre-su-cuarto-dia-cerrada-menos-de-un-mes-despues-de-la-parada-tecnica\/#article\",\"isPartOf\":{\"@id\":\"https:\/\/agrupacionespsoe.es\/castello\/la-piscina-olimpica-sufre-su-cuarto-dia-cerrada-menos-de-un-mes-despues-de-la-parada-tecnica\/\"},\"author\":{\"name\":\"castello1\",\"@id\":\"https:\/\/agrupacionespsoe.es\/castello\/#\/schema\/person\/f3bc5b2f9dc6a399e9e98596ae24a20a\"},\"headline\":\"La piscina ol\u00edmpica sufre su cuarto d\u00eda cerrada menos de un mes despu\u00e9s de la parada t\u00e9cnica\",\"datePublished\":\"2025-10-02T10:23:04+00:00\",\"dateModified\":\"2025-10-02T10:23:06+00:00\",\"mainEntityOfPage\":{\"@id\":\"https:\/\/agrupacionespsoe.es\/castello\/la-piscina-olimpica-sufre-su-cuarto-dia-cerrada-menos-de-un-mes-despues-de-la-parada-tecnica\/\"},\"wordCount\":437,\"commentCount\":0,\"publisher\":{\"@id\":\"https:\/\/agrupacionespsoe.es\/castello\/#organization\"},\"image\":{\"@id\":\"https:\/\/agrupacionespsoe.es\/castello\/la-piscina-olimpica-sufre-su-cuarto-dia-cerrada-menos-de-un-mes-despues-de-la-parada-tecnica\/#primaryimage\"},\"thumbnailUrl\":\"https:\/\/agrupacionespsoe.es\/castello\/wp-content\/uploads\/sites\/45\/2025\/10\/20251002-La-piscina-olimpica-sufre-su-cuarto-dia-cerrada-menos-de-un-mes-despues-de-la-parada-tecnica-scaled.jpg\",\"keywords\":[\"Bego\u00f1a Carrasco\",\"Maica Hurtado\",\"Patricia Puerta\",\"Todos\"],\"articleSection\":[\"Grupo Municipal Socialista\"],\"inLanguage\":\"es\",\"potentialAction\":[{\"@type\":\"CommentAction\",\"name\":\"Comment\",\"target\":[\"https:\/\/agrupacionespsoe.es\/castello\/la-piscina-olimpica-sufre-su-cuarto-dia-cerrada-menos-de-un-mes-despues-de-la-parada-tecnica\/#respond\"]}]},{\"@type\":\"WebPage\",\"@id\":\"https:\/\/agrupacionespsoe.es\/castello\/la-piscina-olimpica-sufre-su-cuarto-dia-cerrada-menos-de-un-mes-despues-de-la-parada-tecnica\/\",\"url\":\"https:\/\/agrupacionespsoe.es\/castello\/la-piscina-olimpica-sufre-su-cuarto-dia-cerrada-menos-de-un-mes-despues-de-la-parada-tecnica\/\",\"name\":\"La piscina ol\u00edmpica sufre su cuarto d\u00eda cerrada menos de un mes despu\u00e9s de la parada t\u00e9cnica - PSPV-PSOE CASTELL\u00d3\",\"isPartOf\":{\"@id\":\"https:\/\/agrupacionespsoe.es\/castello\/#website\"},\"primaryImageOfPage\":{\"@id\":\"https:\/\/agrupacionespsoe.es\/castello\/la-piscina-olimpica-sufre-su-cuarto-dia-cerrada-menos-de-un-mes-despues-de-la-parada-tecnica\/#primaryimage\"},\"image\":{\"@id\":\"https:\/\/agrupacionespsoe.es\/castello\/la-piscina-olimpica-sufre-su-cuarto-dia-cerrada-menos-de-un-mes-despues-de-la-parada-tecnica\/#primaryimage\"},\"thumbnailUrl\":\"https:\/\/agrupacionespsoe.es\/castello\/wp-content\/uploads\/sites\/45\/2025\/10\/20251002-La-piscina-olimpica-sufre-su-cuarto-dia-cerrada-menos-de-un-mes-despues-de-la-parada-tecnica-scaled.jpg\",\"datePublished\":\"2025-10-02T10:23:04+00:00\",\"dateModified\":\"2025-10-02T10:23:06+00:00\",\"breadcrumb\":{\"@id\":\"https:\/\/agrupacionespsoe.es\/castello\/la-piscina-olimpica-sufre-su-cuarto-dia-cerrada-menos-de-un-mes-despues-de-la-parada-tecnica\/#breadcrumb\"},\"inLanguage\":\"es\",\"potentialAction\":[{\"@type\":\"ReadAction\",\"target\":[\"https:\/\/agrupacionespsoe.es\/castello\/la-piscina-olimpica-sufre-su-cuarto-dia-cerrada-menos-de-un-mes-despues-de-la-parada-tecnica\/\"]}]},{\"@type\":\"ImageObject\",\"inLanguage\":\"es\",\"@id\":\"https:\/\/agrupacionespsoe.es\/castello\/la-piscina-olimpica-sufre-su-cuarto-dia-cerrada-menos-de-un-mes-despues-de-la-parada-tecnica\/#primaryimage\",\"url\":\"https:\/\/agrupacionespsoe.es\/castello\/wp-content\/uploads\/sites\/45\/2025\/10\/20251002-La-piscina-olimpica-sufre-su-cuarto-dia-cerrada-menos-de-un-mes-despues-de-la-parada-tecnica-scaled.jpg\",\"contentUrl\":\"https:\/\/agrupacionespsoe.es\/castello\/wp-content\/uploads\/sites\/45\/2025\/10\/20251002-La-piscina-olimpica-sufre-su-cuarto-dia-cerrada-menos-de-un-mes-despues-de-la-parada-tecnica-scaled.jpg\",\"width\":2560,\"height\":1920},{\"@type\":\"BreadcrumbList\",\"@id\":\"https:\/\/agrupacionespsoe.es\/castello\/la-piscina-olimpica-sufre-su-cuarto-dia-cerrada-menos-de-un-mes-despues-de-la-parada-tecnica\/#breadcrumb\",\"itemListElement\":[{\"@type\":\"ListItem\",\"position\":1,\"name\":\"Portada\",\"item\":\"https:\/\/agrupacionespsoe.es\/castello\/\"},{\"@type\":\"ListItem\",\"position\":2,\"name\":\"La piscina ol\u00edmpica sufre su cuarto d\u00eda cerrada menos de un mes despu\u00e9s de la parada t\u00e9cnica\"}]},{\"@type\":\"WebSite\",\"@id\":\"https:\/\/agrupacionespsoe.es\/castello\/#website\",\"url\":\"https:\/\/agrupacionespsoe.es\/castello\/\",\"name\":\"PSPV-PSOE CASTELL\u00d3\",\"description\":\"PSPV-PSOE | Agrupaci\u00f3 de Castell\u00f3\",\"publisher\":{\"@id\":\"https:\/\/agrupacionespsoe.es\/castello\/#organization\"},\"potentialAction\":[{\"@type\":\"SearchAction\",\"target\":{\"@type\":\"EntryPoint\",\"urlTemplate\":\"https:\/\/agrupacionespsoe.es\/castello\/?s={search_term_string}\"},\"query-input\":{\"@type\":\"PropertyValueSpecification\",\"valueRequired\":true,\"valueName\":\"search_term_string\"}}],\"inLanguage\":\"es\"},{\"@type\":\"Organization\",\"@id\":\"https:\/\/agrupacionespsoe.es\/castello\/#organization\",\"name\":\"PSPV-PSOE Castell\u00f3\",\"url\":\"https:\/\/agrupacionespsoe.es\/castello\/\",\"logo\":{\"@type\":\"ImageObject\",\"inLanguage\":\"es\",\"@id\":\"https:\/\/agrupacionespsoe.es\/castello\/#\/schema\/logo\/image\/\",\"url\":\"https:\/\/agrupacionespsoe.es\/castello\/wp-content\/uploads\/sites\/45\/2023\/04\/PORTADA-PSOE-CASTELLO.jpg\",\"contentUrl\":\"https:\/\/agrupacionespsoe.es\/castello\/wp-content\/uploads\/sites\/45\/2023\/04\/PORTADA-PSOE-CASTELLO.jpg\",\"width\":2500,\"height\":2500,\"caption\":\"PSPV-PSOE Castell\u00f3\"},\"image\":{\"@id\":\"https:\/\/agrupacionespsoe.es\/castello\/#\/schema\/logo\/image\/\"},\"sameAs\":[\"https:\/\/www.facebook.com\/pspv.castellodelaplana\",\"https:\/\/x.com\/pspv_cs\",\"https:\/\/www.instagram.com\/pspvpsoecastello\/\"]},{\"@type\":\"Person\",\"@id\":\"https:\/\/agrupacionespsoe.es\/castello\/#\/schema\/person\/f3bc5b2f9dc6a399e9e98596ae24a20a\",\"name\":\"castello1\",\"image\":{\"@type\":\"ImageObject\",\"inLanguage\":\"es\",\"@id\":\"https:\/\/agrupacionespsoe.es\/castello\/#\/schema\/person\/image\/\",\"url\":\"https:\/\/secure.gravatar.com\/avatar\/5f1da428d6479d1127419c0b58796865?s=96&d=mm&r=g\",\"contentUrl\":\"https:\/\/secure.gravatar.com\/avatar\/5f1da428d6479d1127419c0b58796865?s=96&d=mm&r=g\",\"caption\":\"castello1\"},\"url\":\"https:\/\/agrupacionespsoe.es\/castello\/author\/castello1\/\"}]}<\/script>\n<!-- \/ Yoast SEO plugin. -->","yoast_head_json":{"title":"La piscina ol\u00edmpica sufre su cuarto d\u00eda cerrada menos de un mes despu\u00e9s de la parada t\u00e9cnica - PSPV-PSOE CASTELL\u00d3","robots":{"index":"index","follow":"follow","max-snippet":"max-snippet:-1","max-image-preview":"max-image-preview:large","max-video-preview":"max-video-preview:-1"},"canonical":"https:\/\/agrupacionespsoe.es\/castello\/la-piscina-olimpica-sufre-su-cuarto-dia-cerrada-menos-de-un-mes-despues-de-la-parada-tecnica\/","og_locale":"es_ES","og_type":"article","og_title":"La piscina ol\u00edmpica sufre su cuarto d\u00eda cerrada menos de un mes despu\u00e9s de la parada t\u00e9cnica - PSPV-PSOE CASTELL\u00d3","og_description":"El Grupo Municipal Socialista de Castell\u00f3 ha instado a la concejala de Deportes, Maica Hurtado, a que planifique la reapertura de la piscina ol\u00edmpica, que hoy sufre su cuarto d\u00eda consecutivo de cierre al p\u00fablico. El color verdoso que presentaba el vaso principal del complejo el pasado domingo, durante la celebraci\u00f3n del campeonato de waterpolo, ...","og_url":"https:\/\/agrupacionespsoe.es\/castello\/la-piscina-olimpica-sufre-su-cuarto-dia-cerrada-menos-de-un-mes-despues-de-la-parada-tecnica\/","og_site_name":"PSPV-PSOE CASTELL\u00d3","article_publisher":"https:\/\/www.facebook.com\/pspv.castellodelaplana","article_published_time":"2025-10-02T10:23:04+00:00","article_modified_time":"2025-10-02T10:23:06+00:00","og_image":[{"width":2560,"height":1920,"url":"https:\/\/agrupacionespsoe.es\/castello\/wp-content\/uploads\/sites\/45\/2025\/10\/20251002-La-piscina-olimpica-sufre-su-cuarto-dia-cerrada-menos-de-un-mes-despues-de-la-parada-tecnica-scaled.jpg","type":"image\/jpeg"}],"author":"castello1","twitter_card":"summary_large_image","twitter_creator":"@pspv_cs","twitter_site":"@pspv_cs","twitter_misc":{"Escrito por":"castello1","Tiempo de lectura":"2 minutos"},"schema":{"@context":"https:\/\/schema.org","@graph":[{"@type":"Article","@id":"https:\/\/agrupacionespsoe.es\/castello\/la-piscina-olimpica-sufre-su-cuarto-dia-cerrada-menos-de-un-mes-despues-de-la-parada-tecnica\/#article","isPartOf":{"@id":"https:\/\/agrupacionespsoe.es\/castello\/la-piscina-olimpica-sufre-su-cuarto-dia-cerrada-menos-de-un-mes-despues-de-la-parada-tecnica\/"},"author":{"name":"castello1","@id":"https:\/\/agrupacionespsoe.es\/castello\/#\/schema\/person\/f3bc5b2f9dc6a399e9e98596ae24a20a"},"headline":"La piscina ol\u00edmpica sufre su cuarto d\u00eda cerrada menos de un mes despu\u00e9s de la parada t\u00e9cnica","datePublished":"2025-10-02T10:23:04+00:00","dateModified":"2025-10-02T10:23:06+00:00","mainEntityOfPage":{"@id":"https:\/\/agrupacionespsoe.es\/castello\/la-piscina-olimpica-sufre-su-cuarto-dia-cerrada-menos-de-un-mes-despues-de-la-parada-tecnica\/"},"wordCount":437,"commentCount":0,"publisher":{"@id":"https:\/\/agrupacionespsoe.es\/castello\/#organization"},"image":{"@id":"https:\/\/agrupacionespsoe.es\/castello\/la-piscina-olimpica-sufre-su-cuarto-dia-cerrada-menos-de-un-mes-despues-de-la-parada-tecnica\/#primaryimage"},"thumbnailUrl":"https:\/\/agrupacionespsoe.es\/castello\/wp-content\/uploads\/sites\/45\/2025\/10\/20251002-La-piscina-olimpica-sufre-su-cuarto-dia-cerrada-menos-de-un-mes-despues-de-la-parada-tecnica-scaled.jpg","keywords":["Bego\u00f1a Carrasco","Maica Hurtado","Patricia Puerta","Todos"],"articleSection":["Grupo Municipal Socialista"],"inLanguage":"es","potentialAction":[{"@type":"CommentAction","name":"Comment","target":["https:\/\/agrupacionespsoe.es\/castello\/la-piscina-olimpica-sufre-su-cuarto-dia-cerrada-menos-de-un-mes-despues-de-la-parada-tecnica\/#respond"]}]},{"@type":"WebPage","@id":"https:\/\/agrupacionespsoe.es\/castello\/la-piscina-olimpica-sufre-su-cuarto-dia-cerrada-menos-de-un-mes-despues-de-la-parada-tecnica\/","url":"https:\/\/agrupacionespsoe.es\/castello\/la-piscina-olimpica-sufre-su-cuarto-dia-cerrada-menos-de-un-mes-despues-de-la-parada-tecnica\/","name":"La piscina ol\u00edmpica sufre su cuarto d\u00eda cerrada menos de un mes despu\u00e9s de la parada t\u00e9cnica - PSPV-PSOE CASTELL\u00d3","isPartOf":{"@id":"https:\/\/agrupacionespsoe.es\/castello\/#website"},"primaryImageOfPage":{"@id":"https:\/\/agrupacionespsoe.es\/castello\/la-piscina-olimpica-sufre-su-cuarto-dia-cerrada-menos-de-un-mes-despues-de-la-parada-tecnica\/#primaryimage"},"image":{"@id":"https:\/\/agrupacionespsoe.es\/castello\/la-piscina-olimpica-sufre-su-cuarto-dia-cerrada-menos-de-un-mes-despues-de-la-parada-tecnica\/#primaryimage"},"thumbnailUrl":"https:\/\/agrupacionespsoe.es\/castello\/wp-content\/uploads\/sites\/45\/2025\/10\/20251002-La-piscina-olimpica-sufre-su-cuarto-dia-cerrada-menos-de-un-mes-despues-de-la-parada-tecnica-scaled.jpg","datePublished":"2025-10-02T10:23:04+00:00","dateModified":"2025-10-02T10:23:06+00:00","breadcrumb":{"@id":"https:\/\/agrupacionespsoe.es\/castello\/la-piscina-olimpica-sufre-su-cuarto-dia-cerrada-menos-de-un-mes-despues-de-la-parada-tecnica\/#breadcrumb"},"inLanguage":"es","potentialAction":[{"@type":"ReadAction","target":["https:\/\/agrupacionespsoe.es\/castello\/la-piscina-olimpica-sufre-su-cuarto-dia-cerrada-menos-de-un-mes-despues-de-la-parada-tecnica\/"]}]},{"@type":"ImageObject","inLanguage":"es","@id":"https:\/\/agrupacionespsoe.es\/castello\/la-piscina-olimpica-sufre-su-cuarto-dia-cerrada-menos-de-un-mes-despues-de-la-parada-tecnica\/#primaryimage","url":"https:\/\/agrupacionespsoe.es\/castello\/wp-content\/uploads\/sites\/45\/2025\/10\/20251002-La-piscina-olimpica-sufre-su-cuarto-dia-cerrada-menos-de-un-mes-despues-de-la-parada-tecnica-scaled.jpg","contentUrl":"https:\/\/agrupacionespsoe.es\/castello\/wp-content\/uploads\/sites\/45\/2025\/10\/20251002-La-piscina-olimpica-sufre-su-cuarto-dia-cerrada-menos-de-un-mes-despues-de-la-parada-tecnica-scaled.jpg","width":2560,"height":1920},{"@type":"BreadcrumbList","@id":"https:\/\/agrupacionespsoe.es\/castello\/la-piscina-olimpica-sufre-su-cuarto-dia-cerrada-menos-de-un-mes-despues-de-la-parada-tecnica\/#breadcrumb","itemListElement":[{"@type":"ListItem","position":1,"name":"Portada","item":"https:\/\/agrupacionespsoe.es\/castello\/"},{"@type":"ListItem","position":2,"name":"La piscina ol\u00edmpica sufre su cuarto d\u00eda cerrada menos de un mes despu\u00e9s de la parada t\u00e9cnica"}]},{"@type":"WebSite","@id":"https:\/\/agrupacionespsoe.es\/castello\/#website","url":"https:\/\/agrupacionespsoe.es\/castello\/","name":"PSPV-PSOE CASTELL\u00d3","description":"PSPV-PSOE | Agrupaci\u00f3 de Castell\u00f3","publisher":{"@id":"https:\/\/agrupacionespsoe.es\/castello\/#organization"},"potentialAction":[{"@type":"SearchAction","target":{"@type":"EntryPoint","urlTemplate":"https:\/\/agrupacionespsoe.es\/castello\/?s={search_term_string}"},"query-input":{"@type":"PropertyValueSpecification","valueRequired":true,"valueName":"search_term_string"}}],"inLanguage":"es"},{"@type":"Organization","@id":"https:\/\/agrupacionespsoe.es\/castello\/#organization","name":"PSPV-PSOE Castell\u00f3","url":"https:\/\/agrupacionespsoe.es\/castello\/","logo":{"@type":"ImageObject","inLanguage":"es","@id":"https:\/\/agrupacionespsoe.es\/castello\/#\/schema\/logo\/image\/","url":"https:\/\/agrupacionespsoe.es\/castello\/wp-content\/uploads\/sites\/45\/2023\/04\/PORTADA-PSOE-CASTELLO.jpg","contentUrl":"https:\/\/agrupacionespsoe.es\/castello\/wp-content\/uploads\/sites\/45\/2023\/04\/PORTADA-PSOE-CASTELLO.jpg","width":2500,"height":2500,"caption":"PSPV-PSOE Castell\u00f3"},"image":{"@id":"https:\/\/agrupacionespsoe.es\/castello\/#\/schema\/logo\/image\/"},"sameAs":["https:\/\/www.facebook.com\/pspv.castellodelaplana","https:\/\/x.com\/pspv_cs","https:\/\/www.instagram.com\/pspvpsoecastello\/"]},{"@type":"Person","@id":"https:\/\/agrupacionespsoe.es\/castello\/#\/schema\/person\/f3bc5b2f9dc6a399e9e98596ae24a20a","name":"castello1","image":{"@type":"ImageObject","inLanguage":"es","@id":"https:\/\/agrupacionespsoe.es\/castello\/#\/schema\/person\/image\/","url":"https:\/\/secure.gravatar.com\/avatar\/5f1da428d6479d1127419c0b58796865?s=96&d=mm&r=g","contentUrl":"https:\/\/secure.gravatar.com\/avatar\/5f1da428d6479d1127419c0b58796865?s=96&d=mm&r=g","caption":"castello1"},"url":"https:\/\/agrupacionespsoe.es\/castello\/author\/castello1\/"}]}},"jetpack_publicize_connections":[],"jetpack_featured_media_url":"https:\/\/agrupacionespsoe.es\/castello\/wp-content\/uploads\/sites\/45\/2025\/10\/20251002-La-piscina-olimpica-sufre-su-cuarto-dia-cerrada-menos-de-un-mes-despues-de-la-parada-tecnica-scaled.jpg","jetpack_sharing_enabled":true,"_links":{"self":[{"href":"https:\/\/agrupacionespsoe.es\/castello\/wp-json\/wp\/v2\/posts\/9007","targetHints":{"allow":["GET"]}}],"collection":[{"href":"https:\/\/agrupacionespsoe.es\/castello\/wp-json\/wp\/v2\/posts"}],"about":[{"href":"https:\/\/agrupacionespsoe.es\/castello\/wp-json\/wp\/v2\/types\/post"}],"author":[{"embeddable":true,"href":"https:\/\/agrupacionespsoe.es\/castello\/wp-json\/wp\/v2\/users\/48"}],"replies":[{"embeddable":true,"href":"https:\/\/agrupacionespsoe.es\/castello\/wp-json\/wp\/v2\/comments?post=9007"}],"version-history":[{"count":2,"href":"https:\/\/agrupacionespsoe.es\/castello\/wp-json\/wp\/v2\/posts\/9007\/revisions"}],"predecessor-version":[{"id":9011,"href":"https:\/\/agrupacionespsoe.es\/castello\/wp-json\/wp\/v2\/posts\/9007\/revisions\/9011"}],"wp:featuredmedia":[{"embeddable":true,"href":"https:\/\/agrupacionespsoe.es\/castello\/wp-json\/wp\/v2\/media\/9009"}],"wp:attachment":[{"href":"https:\/\/agrupacionespsoe.es\/castello\/wp-json\/wp\/v2\/media?parent=9007"}],"wp:term":[{"taxonomy":"category","embeddable":true,"href":"https:\/\/agrupacionespsoe.es\/castello\/wp-json\/wp\/v2\/categories?post=9007"},{"taxonomy":"post_tag","embeddable":true,"href":"https:\/\/agrupacionespsoe.es\/castello\/wp-json\/wp\/v2\/tags?post=9007"}],"curies":[{"name":"wp","href":"https:\/\/api.w.org\/{rel}","templated":true}]}}