{"id":8978,"date":"2025-09-30T13:18:12","date_gmt":"2025-09-30T11:18:12","guid":{"rendered":"https:\/\/agrupacionespsoe.es\/castello\/?p=8978"},"modified":"2025-09-30T20:10:53","modified_gmt":"2025-09-30T18:10:53","slug":"el-pspv-denuncia-que-el-mal-estado-del-agua-de-la-piscina-olimpica-salera-de-castello-impidio-participar-a-equipos-de-waterpolo-el-fin-de-semana","status":"publish","type":"post","link":"https:\/\/agrupacionespsoe.es\/castello\/el-pspv-denuncia-que-el-mal-estado-del-agua-de-la-piscina-olimpica-salera-de-castello-impidio-participar-a-equipos-de-waterpolo-el-fin-de-semana\/","title":{"rendered":"El PSPV denuncia que el mal estado del agua de la piscina ol\u00edmpica Salera de Castell\u00f3 impidi\u00f3 participar a equipos de waterpolo el fin de semana"},"content":{"rendered":"\n<ul class=\"wp-block-list\">\n<li><em>El Grupo Municipal Socialista ha reclamado explicaciones hoy en el seno de las comisiones de estudio municipales, donde han destacado que muchos usuarios y usuarias se negaron a entrar por el color verde que presentaba el agua<\/em><\/li>\n<\/ul>\n\n\n\n<p>El Grupo Municipal Socialista de Castell\u00f3&nbsp;ha pedido explicaciones hoy por el mal estado de la piscina ol\u00edmpica de Salera, que ha provocado que diversos equipos de waterpolo se hayan negado a entrar en ella durante el pasado fin de semana.<\/p>\n\n\n\n<p>Los representantes del PSPV, en las comisiones de estudio municipales, han denunciado que el agua de la piscina ten\u00eda un color verde que ha llevado a muchos usuarios y usuarias a abandonar las instalaciones, de ah\u00ed que se haya solicitado al ayuntamiento un informe con los controles del agua.<\/p>\n\n\n\n<p>Durante este fin de semana se ha celebrado en la piscina ol\u00edmpica, entre otras actividades, el torneo de presentaci\u00f3n del Club Waterpolo de Castell\u00f3, con la presencia de los equipos cadete y senior de la capital de la Plana y la participaci\u00f3n de otras formaciones, como&nbsp;Nou Godella, UPV y Sharks.<\/p>\n\n\n\n<p><a href=\"https:\/\/agrupacionespsoe.es\/castello\/tag\/patricia-puerta\/\">Patricia Puerta<\/a>, portavoz del Grupo Municipal Socialista, ha se\u00f1alado que \u00abes lamentable la imagen que vendemos de nuestra ciudad a clubes que vienen de otros puntos del pa\u00eds, tanto a nivel deportivo como tur\u00edstico, por lo que reclamamos al gobierno municipal que refuerce el control de nuestras instalaciones deportivas\u00bb.<\/p>\n\n\n\n<p>Puerta, en este sentido, reclama a la concejala de Deportes, <a href=\"https:\/\/agrupacionespsoe.es\/castello\/tag\/maica-hurtado\/\">Maica Hurtado<\/a>, \u201cque se ponga las pilas, porque su alcaldesa, la se\u00f1ora <a href=\"https:\/\/agrupacionespsoe.es\/castello\/tag\/begona-carrasco\/\">Bego\u00f1a Carrasco<\/a>, nos ha vendido que le han quitado la responsabilidad del \u00e1rea de Bienestar Social para poder dedicarse al 100% a deportes, pero ya vemos que a la primera de cambio la situaci\u00f3n le ha superado\u201d.<\/p>\n","protected":false},"excerpt":{"rendered":"<p>El Grupo Municipal Socialista de Castell\u00f3&nbsp;ha pedido explicaciones hoy por el mal estado de la piscina ol\u00edmpica de Salera, que ha provocado que diversos equipos de waterpolo se hayan negado a entrar en ella durante el pasado fin de semana. Los representantes del PSPV, en las comisiones de estudio municipales, han denunciado que el agua &#8230;<\/p>\n","protected":false},"author":48,"featured_media":8981,"comment_status":"closed","ping_status":"open","sticky":false,"template":"","format":"standard","meta":{"_jetpack_memberships_contains_paid_content":false,"footnotes":"","jetpack_publicize_message":"","jetpack_publicize_feature_enabled":true,"jetpack_social_post_already_shared":false,"jetpack_social_options":{"image_generator_settings":{"template":"highway","default_image_id":0,"font":"","enabled":false},"version":2}},"categories":[33],"tags":[733,859,81,448],"class_list":["post-8978","post","type-post","status-publish","format-standard","has-post-thumbnail","hentry","category-gms","tag-begona-carrasco","tag-maica-hurtado","tag-patricia-puerta","tag-todos-es"],"yoast_head":"<!-- This site is optimized with the Yoast SEO plugin v24.0 - https:\/\/yoast.com\/wordpress\/plugins\/seo\/ -->\n<title>El PSPV denuncia que el mal estado del agua de la piscina ol\u00edmpica Salera de Castell\u00f3 impidi\u00f3 participar a equipos de waterpolo el fin de semana - PSPV-PSOE CASTELL\u00d3<\/title>\n<meta name=\"robots\" content=\"index, follow, max-snippet:-1, max-image-preview:large, max-video-preview:-1\" \/>\n<link rel=\"canonical\" href=\"https:\/\/agrupacionespsoe.es\/castello\/el-pspv-denuncia-que-el-mal-estado-del-agua-de-la-piscina-olimpica-salera-de-castello-impidio-participar-a-equipos-de-waterpolo-el-fin-de-semana\/\" \/>\n<meta property=\"og:locale\" content=\"es_ES\" \/>\n<meta property=\"og:type\" content=\"article\" \/>\n<meta property=\"og:title\" content=\"El PSPV denuncia que el mal estado del agua de la piscina ol\u00edmpica Salera de Castell\u00f3 impidi\u00f3 participar a equipos de waterpolo el fin de semana - PSPV-PSOE CASTELL\u00d3\" \/>\n<meta property=\"og:description\" content=\"El Grupo Municipal Socialista de Castell\u00f3&nbsp;ha pedido explicaciones hoy por el mal estado de la piscina ol\u00edmpica de Salera, que ha provocado que diversos equipos de waterpolo se hayan negado a entrar en ella durante el pasado fin de semana. Los representantes del PSPV, en las comisiones de estudio municipales, han denunciado que el agua ...\" \/>\n<meta property=\"og:url\" content=\"https:\/\/agrupacionespsoe.es\/castello\/el-pspv-denuncia-que-el-mal-estado-del-agua-de-la-piscina-olimpica-salera-de-castello-impidio-participar-a-equipos-de-waterpolo-el-fin-de-semana\/\" \/>\n<meta property=\"og:site_name\" content=\"PSPV-PSOE CASTELL\u00d3\" \/>\n<meta property=\"article:publisher\" content=\"https:\/\/www.facebook.com\/pspv.castellodelaplana\" \/>\n<meta property=\"article:published_time\" content=\"2025-09-30T11:18:12+00:00\" \/>\n<meta property=\"article:modified_time\" content=\"2025-09-30T18:10:53+00:00\" \/>\n<meta property=\"og:image\" content=\"https:\/\/agrupacionespsoe.es\/castello\/wp-content\/uploads\/sites\/45\/2025\/09\/img_8082-1.jpg\" \/>\n\t<meta property=\"og:image:width\" content=\"963\" \/>\n\t<meta property=\"og:image:height\" content=\"2000\" \/>\n\t<meta property=\"og:image:type\" content=\"image\/jpeg\" \/>\n<meta name=\"author\" content=\"castello1\" \/>\n<meta name=\"twitter:card\" content=\"summary_large_image\" \/>\n<meta name=\"twitter:creator\" content=\"@pspv_cs\" \/>\n<meta name=\"twitter:site\" content=\"@pspv_cs\" \/>\n<meta name=\"twitter:label1\" content=\"Escrito por\" \/>\n\t<meta name=\"twitter:data1\" content=\"castello1\" \/>\n\t<meta name=\"twitter:label2\" content=\"Tiempo de lectura\" \/>\n\t<meta name=\"twitter:data2\" content=\"2 minutos\" \/>\n<script type=\"application\/ld+json\" class=\"yoast-schema-graph\">{\"@context\":\"https:\/\/schema.org\",\"@graph\":[{\"@type\":\"Article\",\"@id\":\"https:\/\/agrupacionespsoe.es\/castello\/el-pspv-denuncia-que-el-mal-estado-del-agua-de-la-piscina-olimpica-salera-de-castello-impidio-participar-a-equipos-de-waterpolo-el-fin-de-semana\/#article\",\"isPartOf\":{\"@id\":\"https:\/\/agrupacionespsoe.es\/castello\/el-pspv-denuncia-que-el-mal-estado-del-agua-de-la-piscina-olimpica-salera-de-castello-impidio-participar-a-equipos-de-waterpolo-el-fin-de-semana\/\"},\"author\":{\"name\":\"castello1\",\"@id\":\"https:\/\/agrupacionespsoe.es\/castello\/#\/schema\/person\/f3bc5b2f9dc6a399e9e98596ae24a20a\"},\"headline\":\"El PSPV denuncia que el mal estado del agua de la piscina ol\u00edmpica Salera de Castell\u00f3 impidi\u00f3 participar a equipos de waterpolo el fin de semana\",\"datePublished\":\"2025-09-30T11:18:12+00:00\",\"dateModified\":\"2025-09-30T18:10:53+00:00\",\"mainEntityOfPage\":{\"@id\":\"https:\/\/agrupacionespsoe.es\/castello\/el-pspv-denuncia-que-el-mal-estado-del-agua-de-la-piscina-olimpica-salera-de-castello-impidio-participar-a-equipos-de-waterpolo-el-fin-de-semana\/\"},\"wordCount\":325,\"publisher\":{\"@id\":\"https:\/\/agrupacionespsoe.es\/castello\/#organization\"},\"image\":{\"@id\":\"https:\/\/agrupacionespsoe.es\/castello\/el-pspv-denuncia-que-el-mal-estado-del-agua-de-la-piscina-olimpica-salera-de-castello-impidio-participar-a-equipos-de-waterpolo-el-fin-de-semana\/#primaryimage\"},\"thumbnailUrl\":\"https:\/\/agrupacionespsoe.es\/castello\/wp-content\/uploads\/sites\/45\/2025\/09\/img_8082-1.jpg\",\"keywords\":[\"Bego\u00f1a Carrasco\",\"Maica Hurtado\",\"Patricia Puerta\",\"Todos\"],\"articleSection\":[\"Grupo Municipal Socialista\"],\"inLanguage\":\"es\"},{\"@type\":\"WebPage\",\"@id\":\"https:\/\/agrupacionespsoe.es\/castello\/el-pspv-denuncia-que-el-mal-estado-del-agua-de-la-piscina-olimpica-salera-de-castello-impidio-participar-a-equipos-de-waterpolo-el-fin-de-semana\/\",\"url\":\"https:\/\/agrupacionespsoe.es\/castello\/el-pspv-denuncia-que-el-mal-estado-del-agua-de-la-piscina-olimpica-salera-de-castello-impidio-participar-a-equipos-de-waterpolo-el-fin-de-semana\/\",\"name\":\"El PSPV denuncia que el mal estado del agua de la piscina ol\u00edmpica Salera de Castell\u00f3 impidi\u00f3 participar a equipos de waterpolo el fin de semana - PSPV-PSOE CASTELL\u00d3\",\"isPartOf\":{\"@id\":\"https:\/\/agrupacionespsoe.es\/castello\/#website\"},\"primaryImageOfPage\":{\"@id\":\"https:\/\/agrupacionespsoe.es\/castello\/el-pspv-denuncia-que-el-mal-estado-del-agua-de-la-piscina-olimpica-salera-de-castello-impidio-participar-a-equipos-de-waterpolo-el-fin-de-semana\/#primaryimage\"},\"image\":{\"@id\":\"https:\/\/agrupacionespsoe.es\/castello\/el-pspv-denuncia-que-el-mal-estado-del-agua-de-la-piscina-olimpica-salera-de-castello-impidio-participar-a-equipos-de-waterpolo-el-fin-de-semana\/#primaryimage\"},\"thumbnailUrl\":\"https:\/\/agrupacionespsoe.es\/castello\/wp-content\/uploads\/sites\/45\/2025\/09\/img_8082-1.jpg\",\"datePublished\":\"2025-09-30T11:18:12+00:00\",\"dateModified\":\"2025-09-30T18:10:53+00:00\",\"breadcrumb\":{\"@id\":\"https:\/\/agrupacionespsoe.es\/castello\/el-pspv-denuncia-que-el-mal-estado-del-agua-de-la-piscina-olimpica-salera-de-castello-impidio-participar-a-equipos-de-waterpolo-el-fin-de-semana\/#breadcrumb\"},\"inLanguage\":\"es\",\"potentialAction\":[{\"@type\":\"ReadAction\",\"target\":[\"https:\/\/agrupacionespsoe.es\/castello\/el-pspv-denuncia-que-el-mal-estado-del-agua-de-la-piscina-olimpica-salera-de-castello-impidio-participar-a-equipos-de-waterpolo-el-fin-de-semana\/\"]}]},{\"@type\":\"ImageObject\",\"inLanguage\":\"es\",\"@id\":\"https:\/\/agrupacionespsoe.es\/castello\/el-pspv-denuncia-que-el-mal-estado-del-agua-de-la-piscina-olimpica-salera-de-castello-impidio-participar-a-equipos-de-waterpolo-el-fin-de-semana\/#primaryimage\",\"url\":\"https:\/\/agrupacionespsoe.es\/castello\/wp-content\/uploads\/sites\/45\/2025\/09\/img_8082-1.jpg\",\"contentUrl\":\"https:\/\/agrupacionespsoe.es\/castello\/wp-content\/uploads\/sites\/45\/2025\/09\/img_8082-1.jpg\",\"width\":963,\"height\":2000},{\"@type\":\"BreadcrumbList\",\"@id\":\"https:\/\/agrupacionespsoe.es\/castello\/el-pspv-denuncia-que-el-mal-estado-del-agua-de-la-piscina-olimpica-salera-de-castello-impidio-participar-a-equipos-de-waterpolo-el-fin-de-semana\/#breadcrumb\",\"itemListElement\":[{\"@type\":\"ListItem\",\"position\":1,\"name\":\"Portada\",\"item\":\"https:\/\/agrupacionespsoe.es\/castello\/\"},{\"@type\":\"ListItem\",\"position\":2,\"name\":\"El PSPV denuncia que el mal estado del agua de la piscina ol\u00edmpica Salera de Castell\u00f3 impidi\u00f3 participar a equipos de waterpolo el fin de semana\"}]},{\"@type\":\"WebSite\",\"@id\":\"https:\/\/agrupacionespsoe.es\/castello\/#website\",\"url\":\"https:\/\/agrupacionespsoe.es\/castello\/\",\"name\":\"PSPV-PSOE CASTELL\u00d3\",\"description\":\"PSPV-PSOE | Agrupaci\u00f3 de Castell\u00f3\",\"publisher\":{\"@id\":\"https:\/\/agrupacionespsoe.es\/castello\/#organization\"},\"potentialAction\":[{\"@type\":\"SearchAction\",\"target\":{\"@type\":\"EntryPoint\",\"urlTemplate\":\"https:\/\/agrupacionespsoe.es\/castello\/?s={search_term_string}\"},\"query-input\":{\"@type\":\"PropertyValueSpecification\",\"valueRequired\":true,\"valueName\":\"search_term_string\"}}],\"inLanguage\":\"es\"},{\"@type\":\"Organization\",\"@id\":\"https:\/\/agrupacionespsoe.es\/castello\/#organization\",\"name\":\"PSPV-PSOE Castell\u00f3\",\"url\":\"https:\/\/agrupacionespsoe.es\/castello\/\",\"logo\":{\"@type\":\"ImageObject\",\"inLanguage\":\"es\",\"@id\":\"https:\/\/agrupacionespsoe.es\/castello\/#\/schema\/logo\/image\/\",\"url\":\"https:\/\/agrupacionespsoe.es\/castello\/wp-content\/uploads\/sites\/45\/2023\/04\/PORTADA-PSOE-CASTELLO.jpg\",\"contentUrl\":\"https:\/\/agrupacionespsoe.es\/castello\/wp-content\/uploads\/sites\/45\/2023\/04\/PORTADA-PSOE-CASTELLO.jpg\",\"width\":2500,\"height\":2500,\"caption\":\"PSPV-PSOE Castell\u00f3\"},\"image\":{\"@id\":\"https:\/\/agrupacionespsoe.es\/castello\/#\/schema\/logo\/image\/\"},\"sameAs\":[\"https:\/\/www.facebook.com\/pspv.castellodelaplana\",\"https:\/\/x.com\/pspv_cs\",\"https:\/\/www.instagram.com\/pspvpsoecastello\/\"]},{\"@type\":\"Person\",\"@id\":\"https:\/\/agrupacionespsoe.es\/castello\/#\/schema\/person\/f3bc5b2f9dc6a399e9e98596ae24a20a\",\"name\":\"castello1\",\"image\":{\"@type\":\"ImageObject\",\"inLanguage\":\"es\",\"@id\":\"https:\/\/agrupacionespsoe.es\/castello\/#\/schema\/person\/image\/\",\"url\":\"https:\/\/secure.gravatar.com\/avatar\/5f1da428d6479d1127419c0b58796865?s=96&d=mm&r=g\",\"contentUrl\":\"https:\/\/secure.gravatar.com\/avatar\/5f1da428d6479d1127419c0b58796865?s=96&d=mm&r=g\",\"caption\":\"castello1\"},\"url\":\"https:\/\/agrupacionespsoe.es\/castello\/author\/castello1\/\"}]}<\/script>\n<!-- \/ Yoast SEO plugin. -->","yoast_head_json":{"title":"El PSPV denuncia que el mal estado del agua de la piscina ol\u00edmpica Salera de Castell\u00f3 impidi\u00f3 participar a equipos de waterpolo el fin de semana - PSPV-PSOE CASTELL\u00d3","robots":{"index":"index","follow":"follow","max-snippet":"max-snippet:-1","max-image-preview":"max-image-preview:large","max-video-preview":"max-video-preview:-1"},"canonical":"https:\/\/agrupacionespsoe.es\/castello\/el-pspv-denuncia-que-el-mal-estado-del-agua-de-la-piscina-olimpica-salera-de-castello-impidio-participar-a-equipos-de-waterpolo-el-fin-de-semana\/","og_locale":"es_ES","og_type":"article","og_title":"El PSPV denuncia que el mal estado del agua de la piscina ol\u00edmpica Salera de Castell\u00f3 impidi\u00f3 participar a equipos de waterpolo el fin de semana - PSPV-PSOE CASTELL\u00d3","og_description":"El Grupo Municipal Socialista de Castell\u00f3&nbsp;ha pedido explicaciones hoy por el mal estado de la piscina ol\u00edmpica de Salera, que ha provocado que diversos equipos de waterpolo se hayan negado a entrar en ella durante el pasado fin de semana. Los representantes del PSPV, en las comisiones de estudio municipales, han denunciado que el agua ...","og_url":"https:\/\/agrupacionespsoe.es\/castello\/el-pspv-denuncia-que-el-mal-estado-del-agua-de-la-piscina-olimpica-salera-de-castello-impidio-participar-a-equipos-de-waterpolo-el-fin-de-semana\/","og_site_name":"PSPV-PSOE CASTELL\u00d3","article_publisher":"https:\/\/www.facebook.com\/pspv.castellodelaplana","article_published_time":"2025-09-30T11:18:12+00:00","article_modified_time":"2025-09-30T18:10:53+00:00","og_image":[{"width":963,"height":2000,"url":"https:\/\/agrupacionespsoe.es\/castello\/wp-content\/uploads\/sites\/45\/2025\/09\/img_8082-1.jpg","type":"image\/jpeg"}],"author":"castello1","twitter_card":"summary_large_image","twitter_creator":"@pspv_cs","twitter_site":"@pspv_cs","twitter_misc":{"Escrito por":"castello1","Tiempo de lectura":"2 minutos"},"schema":{"@context":"https:\/\/schema.org","@graph":[{"@type":"Article","@id":"https:\/\/agrupacionespsoe.es\/castello\/el-pspv-denuncia-que-el-mal-estado-del-agua-de-la-piscina-olimpica-salera-de-castello-impidio-participar-a-equipos-de-waterpolo-el-fin-de-semana\/#article","isPartOf":{"@id":"https:\/\/agrupacionespsoe.es\/castello\/el-pspv-denuncia-que-el-mal-estado-del-agua-de-la-piscina-olimpica-salera-de-castello-impidio-participar-a-equipos-de-waterpolo-el-fin-de-semana\/"},"author":{"name":"castello1","@id":"https:\/\/agrupacionespsoe.es\/castello\/#\/schema\/person\/f3bc5b2f9dc6a399e9e98596ae24a20a"},"headline":"El PSPV denuncia que el mal estado del agua de la piscina ol\u00edmpica Salera de Castell\u00f3 impidi\u00f3 participar a equipos de waterpolo el fin de semana","datePublished":"2025-09-30T11:18:12+00:00","dateModified":"2025-09-30T18:10:53+00:00","mainEntityOfPage":{"@id":"https:\/\/agrupacionespsoe.es\/castello\/el-pspv-denuncia-que-el-mal-estado-del-agua-de-la-piscina-olimpica-salera-de-castello-impidio-participar-a-equipos-de-waterpolo-el-fin-de-semana\/"},"wordCount":325,"publisher":{"@id":"https:\/\/agrupacionespsoe.es\/castello\/#organization"},"image":{"@id":"https:\/\/agrupacionespsoe.es\/castello\/el-pspv-denuncia-que-el-mal-estado-del-agua-de-la-piscina-olimpica-salera-de-castello-impidio-participar-a-equipos-de-waterpolo-el-fin-de-semana\/#primaryimage"},"thumbnailUrl":"https:\/\/agrupacionespsoe.es\/castello\/wp-content\/uploads\/sites\/45\/2025\/09\/img_8082-1.jpg","keywords":["Bego\u00f1a Carrasco","Maica Hurtado","Patricia Puerta","Todos"],"articleSection":["Grupo Municipal Socialista"],"inLanguage":"es"},{"@type":"WebPage","@id":"https:\/\/agrupacionespsoe.es\/castello\/el-pspv-denuncia-que-el-mal-estado-del-agua-de-la-piscina-olimpica-salera-de-castello-impidio-participar-a-equipos-de-waterpolo-el-fin-de-semana\/","url":"https:\/\/agrupacionespsoe.es\/castello\/el-pspv-denuncia-que-el-mal-estado-del-agua-de-la-piscina-olimpica-salera-de-castello-impidio-participar-a-equipos-de-waterpolo-el-fin-de-semana\/","name":"El PSPV denuncia que el mal estado del agua de la piscina ol\u00edmpica Salera de Castell\u00f3 impidi\u00f3 participar a equipos de waterpolo el fin de semana - PSPV-PSOE CASTELL\u00d3","isPartOf":{"@id":"https:\/\/agrupacionespsoe.es\/castello\/#website"},"primaryImageOfPage":{"@id":"https:\/\/agrupacionespsoe.es\/castello\/el-pspv-denuncia-que-el-mal-estado-del-agua-de-la-piscina-olimpica-salera-de-castello-impidio-participar-a-equipos-de-waterpolo-el-fin-de-semana\/#primaryimage"},"image":{"@id":"https:\/\/agrupacionespsoe.es\/castello\/el-pspv-denuncia-que-el-mal-estado-del-agua-de-la-piscina-olimpica-salera-de-castello-impidio-participar-a-equipos-de-waterpolo-el-fin-de-semana\/#primaryimage"},"thumbnailUrl":"https:\/\/agrupacionespsoe.es\/castello\/wp-content\/uploads\/sites\/45\/2025\/09\/img_8082-1.jpg","datePublished":"2025-09-30T11:18:12+00:00","dateModified":"2025-09-30T18:10:53+00:00","breadcrumb":{"@id":"https:\/\/agrupacionespsoe.es\/castello\/el-pspv-denuncia-que-el-mal-estado-del-agua-de-la-piscina-olimpica-salera-de-castello-impidio-participar-a-equipos-de-waterpolo-el-fin-de-semana\/#breadcrumb"},"inLanguage":"es","potentialAction":[{"@type":"ReadAction","target":["https:\/\/agrupacionespsoe.es\/castello\/el-pspv-denuncia-que-el-mal-estado-del-agua-de-la-piscina-olimpica-salera-de-castello-impidio-participar-a-equipos-de-waterpolo-el-fin-de-semana\/"]}]},{"@type":"ImageObject","inLanguage":"es","@id":"https:\/\/agrupacionespsoe.es\/castello\/el-pspv-denuncia-que-el-mal-estado-del-agua-de-la-piscina-olimpica-salera-de-castello-impidio-participar-a-equipos-de-waterpolo-el-fin-de-semana\/#primaryimage","url":"https:\/\/agrupacionespsoe.es\/castello\/wp-content\/uploads\/sites\/45\/2025\/09\/img_8082-1.jpg","contentUrl":"https:\/\/agrupacionespsoe.es\/castello\/wp-content\/uploads\/sites\/45\/2025\/09\/img_8082-1.jpg","width":963,"height":2000},{"@type":"BreadcrumbList","@id":"https:\/\/agrupacionespsoe.es\/castello\/el-pspv-denuncia-que-el-mal-estado-del-agua-de-la-piscina-olimpica-salera-de-castello-impidio-participar-a-equipos-de-waterpolo-el-fin-de-semana\/#breadcrumb","itemListElement":[{"@type":"ListItem","position":1,"name":"Portada","item":"https:\/\/agrupacionespsoe.es\/castello\/"},{"@type":"ListItem","position":2,"name":"El PSPV denuncia que el mal estado del agua de la piscina ol\u00edmpica Salera de Castell\u00f3 impidi\u00f3 participar a equipos de waterpolo el fin de semana"}]},{"@type":"WebSite","@id":"https:\/\/agrupacionespsoe.es\/castello\/#website","url":"https:\/\/agrupacionespsoe.es\/castello\/","name":"PSPV-PSOE CASTELL\u00d3","description":"PSPV-PSOE | Agrupaci\u00f3 de Castell\u00f3","publisher":{"@id":"https:\/\/agrupacionespsoe.es\/castello\/#organization"},"potentialAction":[{"@type":"SearchAction","target":{"@type":"EntryPoint","urlTemplate":"https:\/\/agrupacionespsoe.es\/castello\/?s={search_term_string}"},"query-input":{"@type":"PropertyValueSpecification","valueRequired":true,"valueName":"search_term_string"}}],"inLanguage":"es"},{"@type":"Organization","@id":"https:\/\/agrupacionespsoe.es\/castello\/#organization","name":"PSPV-PSOE Castell\u00f3","url":"https:\/\/agrupacionespsoe.es\/castello\/","logo":{"@type":"ImageObject","inLanguage":"es","@id":"https:\/\/agrupacionespsoe.es\/castello\/#\/schema\/logo\/image\/","url":"https:\/\/agrupacionespsoe.es\/castello\/wp-content\/uploads\/sites\/45\/2023\/04\/PORTADA-PSOE-CASTELLO.jpg","contentUrl":"https:\/\/agrupacionespsoe.es\/castello\/wp-content\/uploads\/sites\/45\/2023\/04\/PORTADA-PSOE-CASTELLO.jpg","width":2500,"height":2500,"caption":"PSPV-PSOE Castell\u00f3"},"image":{"@id":"https:\/\/agrupacionespsoe.es\/castello\/#\/schema\/logo\/image\/"},"sameAs":["https:\/\/www.facebook.com\/pspv.castellodelaplana","https:\/\/x.com\/pspv_cs","https:\/\/www.instagram.com\/pspvpsoecastello\/"]},{"@type":"Person","@id":"https:\/\/agrupacionespsoe.es\/castello\/#\/schema\/person\/f3bc5b2f9dc6a399e9e98596ae24a20a","name":"castello1","image":{"@type":"ImageObject","inLanguage":"es","@id":"https:\/\/agrupacionespsoe.es\/castello\/#\/schema\/person\/image\/","url":"https:\/\/secure.gravatar.com\/avatar\/5f1da428d6479d1127419c0b58796865?s=96&d=mm&r=g","contentUrl":"https:\/\/secure.gravatar.com\/avatar\/5f1da428d6479d1127419c0b58796865?s=96&d=mm&r=g","caption":"castello1"},"url":"https:\/\/agrupacionespsoe.es\/castello\/author\/castello1\/"}]}},"jetpack_publicize_connections":[],"jetpack_featured_media_url":"https:\/\/agrupacionespsoe.es\/castello\/wp-content\/uploads\/sites\/45\/2025\/09\/img_8082-1.jpg","jetpack_sharing_enabled":true,"_links":{"self":[{"href":"https:\/\/agrupacionespsoe.es\/castello\/wp-json\/wp\/v2\/posts\/8978","targetHints":{"allow":["GET"]}}],"collection":[{"href":"https:\/\/agrupacionespsoe.es\/castello\/wp-json\/wp\/v2\/posts"}],"about":[{"href":"https:\/\/agrupacionespsoe.es\/castello\/wp-json\/wp\/v2\/types\/post"}],"author":[{"embeddable":true,"href":"https:\/\/agrupacionespsoe.es\/castello\/wp-json\/wp\/v2\/users\/48"}],"replies":[{"embeddable":true,"href":"https:\/\/agrupacionespsoe.es\/castello\/wp-json\/wp\/v2\/comments?post=8978"}],"version-history":[{"count":3,"href":"https:\/\/agrupacionespsoe.es\/castello\/wp-json\/wp\/v2\/posts\/8978\/revisions"}],"predecessor-version":[{"id":8985,"href":"https:\/\/agrupacionespsoe.es\/castello\/wp-json\/wp\/v2\/posts\/8978\/revisions\/8985"}],"wp:featuredmedia":[{"embeddable":true,"href":"https:\/\/agrupacionespsoe.es\/castello\/wp-json\/wp\/v2\/media\/8981"}],"wp:attachment":[{"href":"https:\/\/agrupacionespsoe.es\/castello\/wp-json\/wp\/v2\/media?parent=8978"}],"wp:term":[{"taxonomy":"category","embeddable":true,"href":"https:\/\/agrupacionespsoe.es\/castello\/wp-json\/wp\/v2\/categories?post=8978"},{"taxonomy":"post_tag","embeddable":true,"href":"https:\/\/agrupacionespsoe.es\/castello\/wp-json\/wp\/v2\/tags?post=8978"}],"curies":[{"name":"wp","href":"https:\/\/api.w.org\/{rel}","templated":true}]}}