{"id":8846,"date":"2025-09-12T19:09:17","date_gmt":"2025-09-12T17:09:17","guid":{"rendered":"https:\/\/agrupacionespsoe.es\/castello\/?p=8846"},"modified":"2026-03-24T09:13:29","modified_gmt":"2026-03-24T08:13:29","slug":"begona-carrasco-reconoce-que-ester-giner-lleva-2-anos-cobrando-65-000-e-sin-gestionar-nada","status":"publish","type":"post","link":"https:\/\/agrupacionespsoe.es\/castello\/begona-carrasco-reconoce-que-ester-giner-lleva-2-anos-cobrando-65-000-e-sin-gestionar-nada\/","title":{"rendered":"Bego\u00f1a Carrasco reconoce que Ester Giner lleva 2 a\u00f1os cobrando 65.000 \u20ac sin gestionar nada"},"content":{"rendered":"\n<ul class=\"wp-block-list\">\n<li><em>Patricia Puerta, portavoz del Grupo Municipal Socialista en el Ayuntamiento de Castell\u00f3, se\u00f1ala que los cambios de competencias anunciados por la alcaldesa, donde se traspasa el \u00e1rea de Vivienda a Giner, \u201cconfirman que la edil del Grau ha estado todo este tiempo sin presupuesto que gestionar\u201d<\/em><\/li>\n\n\n\n<li><em>La decisi\u00f3n de retirarle las competencias del \u00e1rea social a Hurtado \u201crefleja lo que hemos denunciado de forma continua: el ninguneo de la edil del PP a los colectivos sociales, a los que ha dejado de lado durante todo este tiempo\u201d<\/em><\/li>\n\n\n\n<li><em>La portavoz socialista se\u00f1ala que \u201cla principal remodelaci\u00f3n de gobierno que ten\u00eda que haber hecho Carrasco es destituir al concejal de las Multas, Cristian Ram\u00edrez, al que no solo avala sino que encima le da m\u00e1s competencias\u201d<\/em><\/li>\n<\/ul>\n\n\n\n<figure class=\"wp-block-audio\"><audio controls src=\"https:\/\/agrupacionespsoe.es\/castello\/wp-content\/uploads\/sites\/45\/2025\/09\/20250912-Begona-Carrasco-reconoce-que-Ester-Giner-lleva-2-anos-cobrando-65.000-E-sin-gestionar-nada.mp3\" autoplay><\/audio><\/figure>\n\n\n\n<p>La remodelaci\u00f3n del gobierno municipal de Castell\u00f3 anunciada por <a href=\"https:\/\/agrupacionespsoe.es\/castello\/tag\/begona-carrasco\/\">Bego\u00f1a Carrasco<\/a> \u201cnos muestra dos cosas que dan la raz\u00f3n a los argumentos del Partido Socialista durante estos meses: que la concejala del Grau, <a href=\"https:\/\/agrupacionespsoe.es\/castello\/tag\/esther-giner\/\">Ester Giner<\/a>, lleva dos a\u00f1os cobrando 65.000 euros a\u00f1os a cambio de no gestionar nada y que la hasta ahora concejala de Bienestar Social, <a href=\"https:\/\/agrupacionespsoe.es\/castello\/tag\/maica-hurtado\/\">Maica Hurtado<\/a>, ha quedado en evidencia tras meses de ninguneo a los colectivos sociales de la ciudad\u201d.<\/p>\n\n\n\n<p><a href=\"https:\/\/agrupacionespsoe.es\/castello\/tag\/patricia-puerta\/\">Patricia Puerta<\/a>, portavoz del Grupo Municipal del PSPV, se refiere en este sentido a una redistribuci\u00f3n de competencias de los ediles del PP \u201cque no ha venido acompa\u00f1ada por lo que toda la ciudadan\u00eda reclama a la se\u00f1ora Carrasco: la destituci\u00f3n del concejal de las Multas, <a href=\"https:\/\/agrupacionespsoe.es\/castello\/tag\/cristian-ramirez\/\">Cristian Ram\u00edrez<\/a>, al que adem\u00e1s se premia con el \u00e1rea de Agricultura, cuando lo que ten\u00eda que hacer es dimitir tras acumular m\u00e1s de 170 multas sin pagar en zona azul\u201d.<\/p>\n\n\n\n<p>A juicio de la portavoz socialista, \u201cla alcaldesa tambi\u00e9n ha perdido la oportunidad de desmarcarse de sus socios ultra, retir\u00e1ndole todas sus competencias a los concejales de Vox, que han convertido el gobierno municipal en un escaparate de mensajes de odio, mis\u00f3ginos, hom\u00f3fobos y negacionistas del cambio clim\u00e1tico\u201d. Su permanencia en el gobierno \u201cno hace m\u00e1s que mostrarnos a una alcaldesa c\u00f3moda con ese discurso\u201d, lamenta Puerta.<\/p>\n\n\n\n<p>Sobre Ester Giner, concejala del Grau, la decisi\u00f3n de darle ahora el \u00e1rea de Vivienda \u201cdemuestra, como hemos denunciado desde el Partido Socialista, que la edil del PP ha estado desde 2023 sin tener competencia alguna\u201d. Sobre el futuro. Patricia Puerta se\u00f1ala que \u201ctendremos que ver en qu\u00e9 cambia la pol\u00edtica de vivienda en el ayuntamiento, aunque mucho nos tememos que nada porque ya sabemos que el Partido Popular no cree en la vivienda p\u00fablica, como nos ha demostrado su antecesor en el cargo en el ayuntamiento, <a href=\"https:\/\/agrupacionespsoe.es\/castello\/tag\/sergio-toledo\/\">Sergio Toledo<\/a>\u201d.<\/p>\n\n\n\n<p>En \u201cpeor situaci\u00f3n\u201d se encuentra no obstante Maica Hurtado, que solo tendr\u00e1 que gestionar Deportes al retirarle la alcaldesa las competencias en Bienestar Social. Para la portavoz socialista, \u201cestamos ante un claro caso de desautorizaci\u00f3n por parte de la alcaldesa, quien reconoce as\u00ed impl\u00edcitamente el maltrato que ha dado Hurtado a las necesidades de los colectivos del tercer sector\u201d.<\/p>\n\n\n\n<p>Patricia Puerta asegura que \u201chan sido numerosas las entidades que nos han trasladado su malestar con la edil del PP, que ha arrinconado a las asociaciones en diferentes actos, adem\u00e1s de no ser capaz ni siquiera de responder a simples correos electr\u00f3nicos solicit\u00e1ndole reuniones o ayudas para sus respectivas iniciativas sociales\u201d.<\/p>\n","protected":false},"excerpt":{"rendered":"<p>La remodelaci\u00f3n del gobierno municipal de Castell\u00f3 anunciada por Bego\u00f1a Carrasco \u201cnos muestra dos cosas que dan la raz\u00f3n a los argumentos del Partido Socialista durante estos meses: que la concejala del Grau, Ester Giner, lleva dos a\u00f1os cobrando 65.000 euros a\u00f1os a cambio de no gestionar nada y que la hasta ahora concejala de &#8230;<\/p>\n","protected":false},"author":48,"featured_media":8757,"comment_status":"open","ping_status":"open","sticky":false,"template":"","format":"standard","meta":{"_jetpack_memberships_contains_paid_content":false,"footnotes":"","jetpack_publicize_message":"","jetpack_publicize_feature_enabled":true,"jetpack_social_post_already_shared":false,"jetpack_social_options":{"image_generator_settings":{"template":"highway","default_image_id":0,"font":"","enabled":false},"version":2}},"categories":[33],"tags":[733,735,774,859,1155,81,757,448],"class_list":["post-8846","post","type-post","status-publish","format-standard","has-post-thumbnail","hentry","category-gms","tag-begona-carrasco","tag-cristian-ramirez","tag-esther-giner","tag-maica-hurtado","tag-multas","tag-patricia-puerta","tag-sergio-toledo","tag-todos-es"],"yoast_head":"<!-- This site is optimized with the Yoast SEO plugin v24.0 - https:\/\/yoast.com\/wordpress\/plugins\/seo\/ -->\n<title>Bego\u00f1a Carrasco reconoce que Ester Giner lleva 2 a\u00f1os cobrando 65.000 \u20ac sin gestionar nada - PSPV-PSOE CASTELL\u00d3<\/title>\n<meta name=\"robots\" content=\"index, follow, max-snippet:-1, max-image-preview:large, max-video-preview:-1\" \/>\n<link rel=\"canonical\" href=\"https:\/\/agrupacionespsoe.es\/castello\/begona-carrasco-reconoce-que-ester-giner-lleva-2-anos-cobrando-65-000-e-sin-gestionar-nada\/\" \/>\n<meta property=\"og:locale\" content=\"es_ES\" \/>\n<meta property=\"og:type\" content=\"article\" \/>\n<meta property=\"og:title\" content=\"Bego\u00f1a Carrasco reconoce que Ester Giner lleva 2 a\u00f1os cobrando 65.000 \u20ac sin gestionar nada - PSPV-PSOE CASTELL\u00d3\" \/>\n<meta property=\"og:description\" content=\"La remodelaci\u00f3n del gobierno municipal de Castell\u00f3 anunciada por Bego\u00f1a Carrasco \u201cnos muestra dos cosas que dan la raz\u00f3n a los argumentos del Partido Socialista durante estos meses: que la concejala del Grau, Ester Giner, lleva dos a\u00f1os cobrando 65.000 euros a\u00f1os a cambio de no gestionar nada y que la hasta ahora concejala de ...\" \/>\n<meta property=\"og:url\" content=\"https:\/\/agrupacionespsoe.es\/castello\/begona-carrasco-reconoce-que-ester-giner-lleva-2-anos-cobrando-65-000-e-sin-gestionar-nada\/\" \/>\n<meta property=\"og:site_name\" content=\"PSPV-PSOE CASTELL\u00d3\" \/>\n<meta property=\"article:publisher\" content=\"https:\/\/www.facebook.com\/pspv.castellodelaplana\" \/>\n<meta property=\"article:published_time\" content=\"2025-09-12T17:09:17+00:00\" \/>\n<meta property=\"article:modified_time\" content=\"2026-03-24T08:13:29+00:00\" \/>\n<meta property=\"og:image\" content=\"https:\/\/agrupacionespsoe.es\/castello\/wp-content\/uploads\/sites\/45\/2025\/08\/20250828-El-PSPV-urge-a-Carrasco-que-exija-a-Mazon-el-nuevo-Hospital-General-de-Castello-tras-el-nuevo-retraso-del-solar.jpg\" \/>\n\t<meta property=\"og:image:width\" content=\"2048\" \/>\n\t<meta property=\"og:image:height\" content=\"1536\" \/>\n\t<meta property=\"og:image:type\" content=\"image\/jpeg\" \/>\n<meta name=\"author\" content=\"castello1\" \/>\n<meta name=\"twitter:card\" content=\"summary_large_image\" \/>\n<meta name=\"twitter:creator\" content=\"@pspv_cs\" \/>\n<meta name=\"twitter:site\" content=\"@pspv_cs\" \/>\n<meta name=\"twitter:label1\" content=\"Escrito por\" \/>\n\t<meta name=\"twitter:data1\" content=\"castello1\" \/>\n\t<meta name=\"twitter:label2\" content=\"Tiempo de lectura\" \/>\n\t<meta name=\"twitter:data2\" content=\"3 minutos\" \/>\n<script type=\"application\/ld+json\" class=\"yoast-schema-graph\">{\"@context\":\"https:\/\/schema.org\",\"@graph\":[{\"@type\":\"Article\",\"@id\":\"https:\/\/agrupacionespsoe.es\/castello\/begona-carrasco-reconoce-que-ester-giner-lleva-2-anos-cobrando-65-000-e-sin-gestionar-nada\/#article\",\"isPartOf\":{\"@id\":\"https:\/\/agrupacionespsoe.es\/castello\/begona-carrasco-reconoce-que-ester-giner-lleva-2-anos-cobrando-65-000-e-sin-gestionar-nada\/\"},\"author\":{\"name\":\"castello1\",\"@id\":\"https:\/\/agrupacionespsoe.es\/castello\/#\/schema\/person\/f3bc5b2f9dc6a399e9e98596ae24a20a\"},\"headline\":\"Bego\u00f1a Carrasco reconoce que Ester Giner lleva 2 a\u00f1os cobrando 65.000 \u20ac sin gestionar nada\",\"datePublished\":\"2025-09-12T17:09:17+00:00\",\"dateModified\":\"2026-03-24T08:13:29+00:00\",\"mainEntityOfPage\":{\"@id\":\"https:\/\/agrupacionespsoe.es\/castello\/begona-carrasco-reconoce-que-ester-giner-lleva-2-anos-cobrando-65-000-e-sin-gestionar-nada\/\"},\"wordCount\":590,\"commentCount\":0,\"publisher\":{\"@id\":\"https:\/\/agrupacionespsoe.es\/castello\/#organization\"},\"image\":{\"@id\":\"https:\/\/agrupacionespsoe.es\/castello\/begona-carrasco-reconoce-que-ester-giner-lleva-2-anos-cobrando-65-000-e-sin-gestionar-nada\/#primaryimage\"},\"thumbnailUrl\":\"https:\/\/agrupacionespsoe.es\/castello\/wp-content\/uploads\/sites\/45\/2025\/08\/20250828-El-PSPV-urge-a-Carrasco-que-exija-a-Mazon-el-nuevo-Hospital-General-de-Castello-tras-el-nuevo-retraso-del-solar.jpg\",\"keywords\":[\"Bego\u00f1a Carrasco\",\"Cristian Ram\u00edrez\",\"Esther Giner\",\"Maica Hurtado\",\"Multas\",\"Patricia Puerta\",\"Sergio Toledo\",\"Todos\"],\"articleSection\":[\"Grupo Municipal Socialista\"],\"inLanguage\":\"es\",\"potentialAction\":[{\"@type\":\"CommentAction\",\"name\":\"Comment\",\"target\":[\"https:\/\/agrupacionespsoe.es\/castello\/begona-carrasco-reconoce-que-ester-giner-lleva-2-anos-cobrando-65-000-e-sin-gestionar-nada\/#respond\"]}]},{\"@type\":\"WebPage\",\"@id\":\"https:\/\/agrupacionespsoe.es\/castello\/begona-carrasco-reconoce-que-ester-giner-lleva-2-anos-cobrando-65-000-e-sin-gestionar-nada\/\",\"url\":\"https:\/\/agrupacionespsoe.es\/castello\/begona-carrasco-reconoce-que-ester-giner-lleva-2-anos-cobrando-65-000-e-sin-gestionar-nada\/\",\"name\":\"Bego\u00f1a Carrasco reconoce que Ester Giner lleva 2 a\u00f1os cobrando 65.000 \u20ac sin gestionar nada - PSPV-PSOE CASTELL\u00d3\",\"isPartOf\":{\"@id\":\"https:\/\/agrupacionespsoe.es\/castello\/#website\"},\"primaryImageOfPage\":{\"@id\":\"https:\/\/agrupacionespsoe.es\/castello\/begona-carrasco-reconoce-que-ester-giner-lleva-2-anos-cobrando-65-000-e-sin-gestionar-nada\/#primaryimage\"},\"image\":{\"@id\":\"https:\/\/agrupacionespsoe.es\/castello\/begona-carrasco-reconoce-que-ester-giner-lleva-2-anos-cobrando-65-000-e-sin-gestionar-nada\/#primaryimage\"},\"thumbnailUrl\":\"https:\/\/agrupacionespsoe.es\/castello\/wp-content\/uploads\/sites\/45\/2025\/08\/20250828-El-PSPV-urge-a-Carrasco-que-exija-a-Mazon-el-nuevo-Hospital-General-de-Castello-tras-el-nuevo-retraso-del-solar.jpg\",\"datePublished\":\"2025-09-12T17:09:17+00:00\",\"dateModified\":\"2026-03-24T08:13:29+00:00\",\"breadcrumb\":{\"@id\":\"https:\/\/agrupacionespsoe.es\/castello\/begona-carrasco-reconoce-que-ester-giner-lleva-2-anos-cobrando-65-000-e-sin-gestionar-nada\/#breadcrumb\"},\"inLanguage\":\"es\",\"potentialAction\":[{\"@type\":\"ReadAction\",\"target\":[\"https:\/\/agrupacionespsoe.es\/castello\/begona-carrasco-reconoce-que-ester-giner-lleva-2-anos-cobrando-65-000-e-sin-gestionar-nada\/\"]}]},{\"@type\":\"ImageObject\",\"inLanguage\":\"es\",\"@id\":\"https:\/\/agrupacionespsoe.es\/castello\/begona-carrasco-reconoce-que-ester-giner-lleva-2-anos-cobrando-65-000-e-sin-gestionar-nada\/#primaryimage\",\"url\":\"https:\/\/agrupacionespsoe.es\/castello\/wp-content\/uploads\/sites\/45\/2025\/08\/20250828-El-PSPV-urge-a-Carrasco-que-exija-a-Mazon-el-nuevo-Hospital-General-de-Castello-tras-el-nuevo-retraso-del-solar.jpg\",\"contentUrl\":\"https:\/\/agrupacionespsoe.es\/castello\/wp-content\/uploads\/sites\/45\/2025\/08\/20250828-El-PSPV-urge-a-Carrasco-que-exija-a-Mazon-el-nuevo-Hospital-General-de-Castello-tras-el-nuevo-retraso-del-solar.jpg\",\"width\":2048,\"height\":1536},{\"@type\":\"BreadcrumbList\",\"@id\":\"https:\/\/agrupacionespsoe.es\/castello\/begona-carrasco-reconoce-que-ester-giner-lleva-2-anos-cobrando-65-000-e-sin-gestionar-nada\/#breadcrumb\",\"itemListElement\":[{\"@type\":\"ListItem\",\"position\":1,\"name\":\"Portada\",\"item\":\"https:\/\/agrupacionespsoe.es\/castello\/\"},{\"@type\":\"ListItem\",\"position\":2,\"name\":\"Bego\u00f1a Carrasco reconoce que Ester Giner lleva 2 a\u00f1os cobrando 65.000 \u20ac sin gestionar nada\"}]},{\"@type\":\"WebSite\",\"@id\":\"https:\/\/agrupacionespsoe.es\/castello\/#website\",\"url\":\"https:\/\/agrupacionespsoe.es\/castello\/\",\"name\":\"PSPV-PSOE CASTELL\u00d3\",\"description\":\"PSPV-PSOE | Agrupaci\u00f3 de Castell\u00f3\",\"publisher\":{\"@id\":\"https:\/\/agrupacionespsoe.es\/castello\/#organization\"},\"potentialAction\":[{\"@type\":\"SearchAction\",\"target\":{\"@type\":\"EntryPoint\",\"urlTemplate\":\"https:\/\/agrupacionespsoe.es\/castello\/?s={search_term_string}\"},\"query-input\":{\"@type\":\"PropertyValueSpecification\",\"valueRequired\":true,\"valueName\":\"search_term_string\"}}],\"inLanguage\":\"es\"},{\"@type\":\"Organization\",\"@id\":\"https:\/\/agrupacionespsoe.es\/castello\/#organization\",\"name\":\"PSPV-PSOE Castell\u00f3\",\"url\":\"https:\/\/agrupacionespsoe.es\/castello\/\",\"logo\":{\"@type\":\"ImageObject\",\"inLanguage\":\"es\",\"@id\":\"https:\/\/agrupacionespsoe.es\/castello\/#\/schema\/logo\/image\/\",\"url\":\"https:\/\/agrupacionespsoe.es\/castello\/wp-content\/uploads\/sites\/45\/2023\/04\/PORTADA-PSOE-CASTELLO.jpg\",\"contentUrl\":\"https:\/\/agrupacionespsoe.es\/castello\/wp-content\/uploads\/sites\/45\/2023\/04\/PORTADA-PSOE-CASTELLO.jpg\",\"width\":2500,\"height\":2500,\"caption\":\"PSPV-PSOE Castell\u00f3\"},\"image\":{\"@id\":\"https:\/\/agrupacionespsoe.es\/castello\/#\/schema\/logo\/image\/\"},\"sameAs\":[\"https:\/\/www.facebook.com\/pspv.castellodelaplana\",\"https:\/\/x.com\/pspv_cs\",\"https:\/\/www.instagram.com\/pspvpsoecastello\/\"]},{\"@type\":\"Person\",\"@id\":\"https:\/\/agrupacionespsoe.es\/castello\/#\/schema\/person\/f3bc5b2f9dc6a399e9e98596ae24a20a\",\"name\":\"castello1\",\"image\":{\"@type\":\"ImageObject\",\"inLanguage\":\"es\",\"@id\":\"https:\/\/agrupacionespsoe.es\/castello\/#\/schema\/person\/image\/\",\"url\":\"https:\/\/secure.gravatar.com\/avatar\/5f1da428d6479d1127419c0b58796865?s=96&d=mm&r=g\",\"contentUrl\":\"https:\/\/secure.gravatar.com\/avatar\/5f1da428d6479d1127419c0b58796865?s=96&d=mm&r=g\",\"caption\":\"castello1\"},\"url\":\"https:\/\/agrupacionespsoe.es\/castello\/author\/castello1\/\"}]}<\/script>\n<!-- \/ Yoast SEO plugin. -->","yoast_head_json":{"title":"Bego\u00f1a Carrasco reconoce que Ester Giner lleva 2 a\u00f1os cobrando 65.000 \u20ac sin gestionar nada - PSPV-PSOE CASTELL\u00d3","robots":{"index":"index","follow":"follow","max-snippet":"max-snippet:-1","max-image-preview":"max-image-preview:large","max-video-preview":"max-video-preview:-1"},"canonical":"https:\/\/agrupacionespsoe.es\/castello\/begona-carrasco-reconoce-que-ester-giner-lleva-2-anos-cobrando-65-000-e-sin-gestionar-nada\/","og_locale":"es_ES","og_type":"article","og_title":"Bego\u00f1a Carrasco reconoce que Ester Giner lleva 2 a\u00f1os cobrando 65.000 \u20ac sin gestionar nada - PSPV-PSOE CASTELL\u00d3","og_description":"La remodelaci\u00f3n del gobierno municipal de Castell\u00f3 anunciada por Bego\u00f1a Carrasco \u201cnos muestra dos cosas que dan la raz\u00f3n a los argumentos del Partido Socialista durante estos meses: que la concejala del Grau, Ester Giner, lleva dos a\u00f1os cobrando 65.000 euros a\u00f1os a cambio de no gestionar nada y que la hasta ahora concejala de ...","og_url":"https:\/\/agrupacionespsoe.es\/castello\/begona-carrasco-reconoce-que-ester-giner-lleva-2-anos-cobrando-65-000-e-sin-gestionar-nada\/","og_site_name":"PSPV-PSOE CASTELL\u00d3","article_publisher":"https:\/\/www.facebook.com\/pspv.castellodelaplana","article_published_time":"2025-09-12T17:09:17+00:00","article_modified_time":"2026-03-24T08:13:29+00:00","og_image":[{"width":2048,"height":1536,"url":"https:\/\/agrupacionespsoe.es\/castello\/wp-content\/uploads\/sites\/45\/2025\/08\/20250828-El-PSPV-urge-a-Carrasco-que-exija-a-Mazon-el-nuevo-Hospital-General-de-Castello-tras-el-nuevo-retraso-del-solar.jpg","type":"image\/jpeg"}],"author":"castello1","twitter_card":"summary_large_image","twitter_creator":"@pspv_cs","twitter_site":"@pspv_cs","twitter_misc":{"Escrito por":"castello1","Tiempo de lectura":"3 minutos"},"schema":{"@context":"https:\/\/schema.org","@graph":[{"@type":"Article","@id":"https:\/\/agrupacionespsoe.es\/castello\/begona-carrasco-reconoce-que-ester-giner-lleva-2-anos-cobrando-65-000-e-sin-gestionar-nada\/#article","isPartOf":{"@id":"https:\/\/agrupacionespsoe.es\/castello\/begona-carrasco-reconoce-que-ester-giner-lleva-2-anos-cobrando-65-000-e-sin-gestionar-nada\/"},"author":{"name":"castello1","@id":"https:\/\/agrupacionespsoe.es\/castello\/#\/schema\/person\/f3bc5b2f9dc6a399e9e98596ae24a20a"},"headline":"Bego\u00f1a Carrasco reconoce que Ester Giner lleva 2 a\u00f1os cobrando 65.000 \u20ac sin gestionar nada","datePublished":"2025-09-12T17:09:17+00:00","dateModified":"2026-03-24T08:13:29+00:00","mainEntityOfPage":{"@id":"https:\/\/agrupacionespsoe.es\/castello\/begona-carrasco-reconoce-que-ester-giner-lleva-2-anos-cobrando-65-000-e-sin-gestionar-nada\/"},"wordCount":590,"commentCount":0,"publisher":{"@id":"https:\/\/agrupacionespsoe.es\/castello\/#organization"},"image":{"@id":"https:\/\/agrupacionespsoe.es\/castello\/begona-carrasco-reconoce-que-ester-giner-lleva-2-anos-cobrando-65-000-e-sin-gestionar-nada\/#primaryimage"},"thumbnailUrl":"https:\/\/agrupacionespsoe.es\/castello\/wp-content\/uploads\/sites\/45\/2025\/08\/20250828-El-PSPV-urge-a-Carrasco-que-exija-a-Mazon-el-nuevo-Hospital-General-de-Castello-tras-el-nuevo-retraso-del-solar.jpg","keywords":["Bego\u00f1a Carrasco","Cristian Ram\u00edrez","Esther Giner","Maica Hurtado","Multas","Patricia Puerta","Sergio Toledo","Todos"],"articleSection":["Grupo Municipal Socialista"],"inLanguage":"es","potentialAction":[{"@type":"CommentAction","name":"Comment","target":["https:\/\/agrupacionespsoe.es\/castello\/begona-carrasco-reconoce-que-ester-giner-lleva-2-anos-cobrando-65-000-e-sin-gestionar-nada\/#respond"]}]},{"@type":"WebPage","@id":"https:\/\/agrupacionespsoe.es\/castello\/begona-carrasco-reconoce-que-ester-giner-lleva-2-anos-cobrando-65-000-e-sin-gestionar-nada\/","url":"https:\/\/agrupacionespsoe.es\/castello\/begona-carrasco-reconoce-que-ester-giner-lleva-2-anos-cobrando-65-000-e-sin-gestionar-nada\/","name":"Bego\u00f1a Carrasco reconoce que Ester Giner lleva 2 a\u00f1os cobrando 65.000 \u20ac sin gestionar nada - PSPV-PSOE CASTELL\u00d3","isPartOf":{"@id":"https:\/\/agrupacionespsoe.es\/castello\/#website"},"primaryImageOfPage":{"@id":"https:\/\/agrupacionespsoe.es\/castello\/begona-carrasco-reconoce-que-ester-giner-lleva-2-anos-cobrando-65-000-e-sin-gestionar-nada\/#primaryimage"},"image":{"@id":"https:\/\/agrupacionespsoe.es\/castello\/begona-carrasco-reconoce-que-ester-giner-lleva-2-anos-cobrando-65-000-e-sin-gestionar-nada\/#primaryimage"},"thumbnailUrl":"https:\/\/agrupacionespsoe.es\/castello\/wp-content\/uploads\/sites\/45\/2025\/08\/20250828-El-PSPV-urge-a-Carrasco-que-exija-a-Mazon-el-nuevo-Hospital-General-de-Castello-tras-el-nuevo-retraso-del-solar.jpg","datePublished":"2025-09-12T17:09:17+00:00","dateModified":"2026-03-24T08:13:29+00:00","breadcrumb":{"@id":"https:\/\/agrupacionespsoe.es\/castello\/begona-carrasco-reconoce-que-ester-giner-lleva-2-anos-cobrando-65-000-e-sin-gestionar-nada\/#breadcrumb"},"inLanguage":"es","potentialAction":[{"@type":"ReadAction","target":["https:\/\/agrupacionespsoe.es\/castello\/begona-carrasco-reconoce-que-ester-giner-lleva-2-anos-cobrando-65-000-e-sin-gestionar-nada\/"]}]},{"@type":"ImageObject","inLanguage":"es","@id":"https:\/\/agrupacionespsoe.es\/castello\/begona-carrasco-reconoce-que-ester-giner-lleva-2-anos-cobrando-65-000-e-sin-gestionar-nada\/#primaryimage","url":"https:\/\/agrupacionespsoe.es\/castello\/wp-content\/uploads\/sites\/45\/2025\/08\/20250828-El-PSPV-urge-a-Carrasco-que-exija-a-Mazon-el-nuevo-Hospital-General-de-Castello-tras-el-nuevo-retraso-del-solar.jpg","contentUrl":"https:\/\/agrupacionespsoe.es\/castello\/wp-content\/uploads\/sites\/45\/2025\/08\/20250828-El-PSPV-urge-a-Carrasco-que-exija-a-Mazon-el-nuevo-Hospital-General-de-Castello-tras-el-nuevo-retraso-del-solar.jpg","width":2048,"height":1536},{"@type":"BreadcrumbList","@id":"https:\/\/agrupacionespsoe.es\/castello\/begona-carrasco-reconoce-que-ester-giner-lleva-2-anos-cobrando-65-000-e-sin-gestionar-nada\/#breadcrumb","itemListElement":[{"@type":"ListItem","position":1,"name":"Portada","item":"https:\/\/agrupacionespsoe.es\/castello\/"},{"@type":"ListItem","position":2,"name":"Bego\u00f1a Carrasco reconoce que Ester Giner lleva 2 a\u00f1os cobrando 65.000 \u20ac sin gestionar nada"}]},{"@type":"WebSite","@id":"https:\/\/agrupacionespsoe.es\/castello\/#website","url":"https:\/\/agrupacionespsoe.es\/castello\/","name":"PSPV-PSOE CASTELL\u00d3","description":"PSPV-PSOE | Agrupaci\u00f3 de Castell\u00f3","publisher":{"@id":"https:\/\/agrupacionespsoe.es\/castello\/#organization"},"potentialAction":[{"@type":"SearchAction","target":{"@type":"EntryPoint","urlTemplate":"https:\/\/agrupacionespsoe.es\/castello\/?s={search_term_string}"},"query-input":{"@type":"PropertyValueSpecification","valueRequired":true,"valueName":"search_term_string"}}],"inLanguage":"es"},{"@type":"Organization","@id":"https:\/\/agrupacionespsoe.es\/castello\/#organization","name":"PSPV-PSOE Castell\u00f3","url":"https:\/\/agrupacionespsoe.es\/castello\/","logo":{"@type":"ImageObject","inLanguage":"es","@id":"https:\/\/agrupacionespsoe.es\/castello\/#\/schema\/logo\/image\/","url":"https:\/\/agrupacionespsoe.es\/castello\/wp-content\/uploads\/sites\/45\/2023\/04\/PORTADA-PSOE-CASTELLO.jpg","contentUrl":"https:\/\/agrupacionespsoe.es\/castello\/wp-content\/uploads\/sites\/45\/2023\/04\/PORTADA-PSOE-CASTELLO.jpg","width":2500,"height":2500,"caption":"PSPV-PSOE Castell\u00f3"},"image":{"@id":"https:\/\/agrupacionespsoe.es\/castello\/#\/schema\/logo\/image\/"},"sameAs":["https:\/\/www.facebook.com\/pspv.castellodelaplana","https:\/\/x.com\/pspv_cs","https:\/\/www.instagram.com\/pspvpsoecastello\/"]},{"@type":"Person","@id":"https:\/\/agrupacionespsoe.es\/castello\/#\/schema\/person\/f3bc5b2f9dc6a399e9e98596ae24a20a","name":"castello1","image":{"@type":"ImageObject","inLanguage":"es","@id":"https:\/\/agrupacionespsoe.es\/castello\/#\/schema\/person\/image\/","url":"https:\/\/secure.gravatar.com\/avatar\/5f1da428d6479d1127419c0b58796865?s=96&d=mm&r=g","contentUrl":"https:\/\/secure.gravatar.com\/avatar\/5f1da428d6479d1127419c0b58796865?s=96&d=mm&r=g","caption":"castello1"},"url":"https:\/\/agrupacionespsoe.es\/castello\/author\/castello1\/"}]}},"jetpack_publicize_connections":[],"jetpack_featured_media_url":"https:\/\/agrupacionespsoe.es\/castello\/wp-content\/uploads\/sites\/45\/2025\/08\/20250828-El-PSPV-urge-a-Carrasco-que-exija-a-Mazon-el-nuevo-Hospital-General-de-Castello-tras-el-nuevo-retraso-del-solar.jpg","jetpack_sharing_enabled":true,"_links":{"self":[{"href":"https:\/\/agrupacionespsoe.es\/castello\/wp-json\/wp\/v2\/posts\/8846","targetHints":{"allow":["GET"]}}],"collection":[{"href":"https:\/\/agrupacionespsoe.es\/castello\/wp-json\/wp\/v2\/posts"}],"about":[{"href":"https:\/\/agrupacionespsoe.es\/castello\/wp-json\/wp\/v2\/types\/post"}],"author":[{"embeddable":true,"href":"https:\/\/agrupacionespsoe.es\/castello\/wp-json\/wp\/v2\/users\/48"}],"replies":[{"embeddable":true,"href":"https:\/\/agrupacionespsoe.es\/castello\/wp-json\/wp\/v2\/comments?post=8846"}],"version-history":[{"count":4,"href":"https:\/\/agrupacionespsoe.es\/castello\/wp-json\/wp\/v2\/posts\/8846\/revisions"}],"predecessor-version":[{"id":8851,"href":"https:\/\/agrupacionespsoe.es\/castello\/wp-json\/wp\/v2\/posts\/8846\/revisions\/8851"}],"wp:featuredmedia":[{"embeddable":true,"href":"https:\/\/agrupacionespsoe.es\/castello\/wp-json\/wp\/v2\/media\/8757"}],"wp:attachment":[{"href":"https:\/\/agrupacionespsoe.es\/castello\/wp-json\/wp\/v2\/media?parent=8846"}],"wp:term":[{"taxonomy":"category","embeddable":true,"href":"https:\/\/agrupacionespsoe.es\/castello\/wp-json\/wp\/v2\/categories?post=8846"},{"taxonomy":"post_tag","embeddable":true,"href":"https:\/\/agrupacionespsoe.es\/castello\/wp-json\/wp\/v2\/tags?post=8846"}],"curies":[{"name":"wp","href":"https:\/\/api.w.org\/{rel}","templated":true}]}}