{"id":8795,"date":"2025-09-03T15:20:24","date_gmt":"2025-09-03T13:20:24","guid":{"rendered":"https:\/\/agrupacionespsoe.es\/castello\/?p=8795"},"modified":"2025-09-03T15:20:25","modified_gmt":"2025-09-03T13:20:25","slug":"el-pspv-reclama-a-carrasco-que-amplie-la-partida-dels-bons-de-comerc-en-deixar-sense-repartir-la-meitat-de-les-ajudes-previstes-per-les-obres-de-la-zbe","status":"publish","type":"post","link":"https:\/\/agrupacionespsoe.es\/castello\/va\/el-pspv-reclama-a-carrasco-que-amplie-la-partida-dels-bons-de-comerc-en-deixar-sense-repartir-la-meitat-de-les-ajudes-previstes-per-les-obres-de-la-zbe\/","title":{"rendered":"El PSPV reclama a Carrasco que amplie la partida dels bons de comer\u00e7 en deixar sense repartir la meitat de les ajudes previstes per les obres de la ZBE"},"content":{"rendered":"\n<ul class=\"wp-block-list\">\n<li><em><strong><em>La portaveu del Grup Municipal Socialista, Patricia Puerta reclama a l&#8217;alcaldessa que els diners sense gastar es dirigisca a ampliar els bons comercials, \u201cque ajuden tant als comerciants de la ciutat com a les fam\u00edlies, m\u00e9s si cap quan hem vist que el PP el primer que va fer en el seu moment va ser eliminar els bons de la tornada al col\u00b7le\u201d<\/em><\/strong><\/em><\/li>\n<\/ul>\n\n\n\n<p>L&#8217;alcaldessa de Castell\u00f3, de la m\u00e0 del seu regidor de Comer\u00e7, <a href=\"https:\/\/agrupacionespsoe.es\/castello\/va\/tag\/alberto-vidal-va\/\">Alberto Vidal<\/a>, \u201cser\u00e0 incapa\u00e7 de repartir el mili\u00f3 d&#8217;euros en ajudes a les i els comerciants afectats per les obres que es realitzen en les zones de baixes emissions de la ciutat, perqu\u00e8 ja han anunciat que com a molt es repartiran uns 500.000 euros\u201d.<\/p>\n\n\n\n<p><a href=\"https:\/\/agrupacionespsoe.es\/castello\/va\/tag\/patricia-puerta-va\/\">Patricia Puerta<\/a>, portaveu del Grup Municipal Socialista, recorda que \u201cja les bases van comen\u00e7ar malament en contemplar nom\u00e9s a negocis a peu de carrer i excloure altres situats en entresols, que malgrat estar tamb\u00e9 perjudicats per les obres es van quedar fora i sense opci\u00f3 d&#8217;optar a les compensacions econ\u00f2miques\u201d.<\/p>\n\n\n\n<p>La portaveu socialista assenyala que \u201cel que hauria de fer immediatament la senyora alcaldessa \u00e9s estudiar la f\u00f3rmula perqu\u00e8 eixos diners no es quede com a romanent i ampliar la partida per als bons comercials que se solen donar l&#8217;\u00faltim tram de l&#8217;any, perqu\u00e8 el contrari \u00e9s demostrar que no saben gestionar els recursos municipals\u201d.<\/p>\n\n\n\n<p>Puerta assenyala que ja el mes de setembre \u201csuposa una costa important per a les fam\u00edlies, amb l&#8217;inici del curs i altres despeses que fan necessari que l&#8217;ajuntament estiga al seu costat\u201d. Enfront d&#8217;aix\u00f2, \u201cla senyora <a href=\"https:\/\/agrupacionespsoe.es\/castello\/va\/tag\/begona-carrasco-va\/\">Carrasco<\/a>, amb els seus socis ultres al costat, ja ens va mostrar en el seu moment la seua actitud eliminat els bons de tornada al col\u00b7le que va posar en marxa el PSPV durant els seus anys de govern\u201d.<\/p>\n\n\n\n<p>Malgrat tot, la portaveu socialista assenyala que l&#8217;alcaldessa \u201ct\u00e9 una nova oportunitat per a estar al costat de les fam\u00edlies i destinar els diners que no gastaran en ajudes als comer\u00e7os afectats per les obres de la ZBE a ampliar els bons comercials\u201d. El problema, segons el parer de Patricia Puerta, \u201c\u00e9s que tenim a una alcaldessa preocupada nom\u00e9s per la seua imatge en xarxes socials i a un regidor de Comer\u00e7 ocupat sol a abocar discursos d&#8217;odi i que ja ens ha demostrat els seus continus nyaps, amb campanyes com la del Dia de les Sogres o Sant Valent\u00ed\u201d.<\/p>\n","protected":false},"excerpt":{"rendered":"<p>L&#8217;alcaldessa de Castell\u00f3, de la m\u00e0 del seu regidor de Comer\u00e7, Alberto Vidal, \u201cser\u00e0 incapa\u00e7 de repartir el mili\u00f3 d&#8217;euros en ajudes a les i els comerciants afectats per les obres que es realitzen en les zones de baixes emissions de la ciutat, perqu\u00e8 ja han anunciat que com a molt es repartiran uns 500.000 &#8230;<\/p>\n","protected":false},"author":48,"featured_media":7839,"comment_status":"open","ping_status":"open","sticky":false,"template":"","format":"standard","meta":{"_jetpack_memberships_contains_paid_content":false,"footnotes":"","jetpack_publicize_message":"","jetpack_publicize_feature_enabled":true,"jetpack_social_post_already_shared":false,"jetpack_social_options":{"image_generator_settings":{"template":"highway","default_image_id":0,"font":"","enabled":false},"version":2}},"categories":[22],"tags":[787,741,83,446],"class_list":["post-8795","post","type-post","status-publish","format-standard","has-post-thumbnail","hentry","category-gms-va","tag-alberto-vidal-va","tag-begona-carrasco-va","tag-patricia-puerta-va","tag-todos-va"],"yoast_head":"<!-- This site is optimized with the Yoast SEO plugin v24.0 - https:\/\/yoast.com\/wordpress\/plugins\/seo\/ -->\n<title>El PSPV reclama a Carrasco que amplie la partida dels bons de comer\u00e7 en deixar sense repartir la meitat de les ajudes previstes per les obres de la ZBE - PSPV-PSOE CASTELL\u00d3<\/title>\n<meta name=\"robots\" content=\"index, follow, max-snippet:-1, max-image-preview:large, max-video-preview:-1\" \/>\n<link rel=\"canonical\" href=\"https:\/\/agrupacionespsoe.es\/castello\/va\/el-pspv-reclama-a-carrasco-que-amplie-la-partida-dels-bons-de-comerc-en-deixar-sense-repartir-la-meitat-de-les-ajudes-previstes-per-les-obres-de-la-zbe\/\" \/>\n<meta property=\"og:locale\" content=\"es_ES\" \/>\n<meta property=\"og:type\" content=\"article\" \/>\n<meta property=\"og:title\" content=\"El PSPV reclama a Carrasco que amplie la partida dels bons de comer\u00e7 en deixar sense repartir la meitat de les ajudes previstes per les obres de la ZBE - PSPV-PSOE CASTELL\u00d3\" \/>\n<meta property=\"og:description\" content=\"L&#8217;alcaldessa de Castell\u00f3, de la m\u00e0 del seu regidor de Comer\u00e7, Alberto Vidal, \u201cser\u00e0 incapa\u00e7 de repartir el mili\u00f3 d&#8217;euros en ajudes a les i els comerciants afectats per les obres que es realitzen en les zones de baixes emissions de la ciutat, perqu\u00e8 ja han anunciat que com a molt es repartiran uns 500.000 ...\" \/>\n<meta property=\"og:url\" content=\"https:\/\/agrupacionespsoe.es\/castello\/va\/el-pspv-reclama-a-carrasco-que-amplie-la-partida-dels-bons-de-comerc-en-deixar-sense-repartir-la-meitat-de-les-ajudes-previstes-per-les-obres-de-la-zbe\/\" \/>\n<meta property=\"og:site_name\" content=\"PSPV-PSOE CASTELL\u00d3\" \/>\n<meta property=\"article:publisher\" content=\"https:\/\/www.facebook.com\/pspv.castellodelaplana\" \/>\n<meta property=\"article:published_time\" content=\"2025-09-03T13:20:24+00:00\" \/>\n<meta property=\"article:modified_time\" content=\"2025-09-03T13:20:25+00:00\" \/>\n<meta property=\"og:image\" content=\"https:\/\/agrupacionespsoe.es\/castello\/wp-content\/uploads\/sites\/45\/2025\/04\/20250430-El-PSPV-denuncia-acoso-del-concejal-Alberto-Vidal-a-los-comerciantes-del-Grau-al-amenazarles-con-retirarles-las-ayudas-si-hacen-campanas-sin-el-en-las-fotos.jpeg\" \/>\n\t<meta property=\"og:image:width\" content=\"1600\" \/>\n\t<meta property=\"og:image:height\" content=\"1066\" \/>\n\t<meta property=\"og:image:type\" content=\"image\/jpeg\" \/>\n<meta name=\"author\" content=\"castello1\" \/>\n<meta name=\"twitter:card\" content=\"summary_large_image\" \/>\n<meta name=\"twitter:creator\" content=\"@pspv_cs\" \/>\n<meta name=\"twitter:site\" content=\"@pspv_cs\" \/>\n<meta name=\"twitter:label1\" content=\"Escrito por\" \/>\n\t<meta name=\"twitter:data1\" content=\"castello1\" \/>\n\t<meta name=\"twitter:label2\" content=\"Tiempo de lectura\" \/>\n\t<meta name=\"twitter:data2\" content=\"3 minutos\" \/>\n<script type=\"application\/ld+json\" class=\"yoast-schema-graph\">{\"@context\":\"https:\/\/schema.org\",\"@graph\":[{\"@type\":\"Article\",\"@id\":\"https:\/\/agrupacionespsoe.es\/castello\/va\/el-pspv-reclama-a-carrasco-que-amplie-la-partida-dels-bons-de-comerc-en-deixar-sense-repartir-la-meitat-de-les-ajudes-previstes-per-les-obres-de-la-zbe\/#article\",\"isPartOf\":{\"@id\":\"https:\/\/agrupacionespsoe.es\/castello\/va\/el-pspv-reclama-a-carrasco-que-amplie-la-partida-dels-bons-de-comerc-en-deixar-sense-repartir-la-meitat-de-les-ajudes-previstes-per-les-obres-de-la-zbe\/\"},\"author\":{\"name\":\"castello1\",\"@id\":\"https:\/\/agrupacionespsoe.es\/castello\/#\/schema\/person\/f3bc5b2f9dc6a399e9e98596ae24a20a\"},\"headline\":\"El PSPV reclama a Carrasco que amplie la partida dels bons de comer\u00e7 en deixar sense repartir la meitat de les ajudes previstes per les obres de la ZBE\",\"datePublished\":\"2025-09-03T13:20:24+00:00\",\"dateModified\":\"2025-09-03T13:20:25+00:00\",\"mainEntityOfPage\":{\"@id\":\"https:\/\/agrupacionespsoe.es\/castello\/va\/el-pspv-reclama-a-carrasco-que-amplie-la-partida-dels-bons-de-comerc-en-deixar-sense-repartir-la-meitat-de-les-ajudes-previstes-per-les-obres-de-la-zbe\/\"},\"wordCount\":440,\"commentCount\":0,\"publisher\":{\"@id\":\"https:\/\/agrupacionespsoe.es\/castello\/#organization\"},\"image\":{\"@id\":\"https:\/\/agrupacionespsoe.es\/castello\/va\/el-pspv-reclama-a-carrasco-que-amplie-la-partida-dels-bons-de-comerc-en-deixar-sense-repartir-la-meitat-de-les-ajudes-previstes-per-les-obres-de-la-zbe\/#primaryimage\"},\"thumbnailUrl\":\"https:\/\/agrupacionespsoe.es\/castello\/wp-content\/uploads\/sites\/45\/2025\/04\/20250430-El-PSPV-denuncia-acoso-del-concejal-Alberto-Vidal-a-los-comerciantes-del-Grau-al-amenazarles-con-retirarles-las-ayudas-si-hacen-campanas-sin-el-en-las-fotos.jpeg\",\"keywords\":[\"Alberto Vidal\",\"Bego\u00f1a Carrasco\",\"Patricia Puerta\",\"Todos\"],\"articleSection\":[\"Grup Municipal Socialista\"],\"inLanguage\":\"es\",\"potentialAction\":[{\"@type\":\"CommentAction\",\"name\":\"Comment\",\"target\":[\"https:\/\/agrupacionespsoe.es\/castello\/va\/el-pspv-reclama-a-carrasco-que-amplie-la-partida-dels-bons-de-comerc-en-deixar-sense-repartir-la-meitat-de-les-ajudes-previstes-per-les-obres-de-la-zbe\/#respond\"]}]},{\"@type\":\"WebPage\",\"@id\":\"https:\/\/agrupacionespsoe.es\/castello\/va\/el-pspv-reclama-a-carrasco-que-amplie-la-partida-dels-bons-de-comerc-en-deixar-sense-repartir-la-meitat-de-les-ajudes-previstes-per-les-obres-de-la-zbe\/\",\"url\":\"https:\/\/agrupacionespsoe.es\/castello\/va\/el-pspv-reclama-a-carrasco-que-amplie-la-partida-dels-bons-de-comerc-en-deixar-sense-repartir-la-meitat-de-les-ajudes-previstes-per-les-obres-de-la-zbe\/\",\"name\":\"El PSPV reclama a Carrasco que amplie la partida dels bons de comer\u00e7 en deixar sense repartir la meitat de les ajudes previstes per les obres de la ZBE - PSPV-PSOE CASTELL\u00d3\",\"isPartOf\":{\"@id\":\"https:\/\/agrupacionespsoe.es\/castello\/#website\"},\"primaryImageOfPage\":{\"@id\":\"https:\/\/agrupacionespsoe.es\/castello\/va\/el-pspv-reclama-a-carrasco-que-amplie-la-partida-dels-bons-de-comerc-en-deixar-sense-repartir-la-meitat-de-les-ajudes-previstes-per-les-obres-de-la-zbe\/#primaryimage\"},\"image\":{\"@id\":\"https:\/\/agrupacionespsoe.es\/castello\/va\/el-pspv-reclama-a-carrasco-que-amplie-la-partida-dels-bons-de-comerc-en-deixar-sense-repartir-la-meitat-de-les-ajudes-previstes-per-les-obres-de-la-zbe\/#primaryimage\"},\"thumbnailUrl\":\"https:\/\/agrupacionespsoe.es\/castello\/wp-content\/uploads\/sites\/45\/2025\/04\/20250430-El-PSPV-denuncia-acoso-del-concejal-Alberto-Vidal-a-los-comerciantes-del-Grau-al-amenazarles-con-retirarles-las-ayudas-si-hacen-campanas-sin-el-en-las-fotos.jpeg\",\"datePublished\":\"2025-09-03T13:20:24+00:00\",\"dateModified\":\"2025-09-03T13:20:25+00:00\",\"breadcrumb\":{\"@id\":\"https:\/\/agrupacionespsoe.es\/castello\/va\/el-pspv-reclama-a-carrasco-que-amplie-la-partida-dels-bons-de-comerc-en-deixar-sense-repartir-la-meitat-de-les-ajudes-previstes-per-les-obres-de-la-zbe\/#breadcrumb\"},\"inLanguage\":\"es\",\"potentialAction\":[{\"@type\":\"ReadAction\",\"target\":[\"https:\/\/agrupacionespsoe.es\/castello\/va\/el-pspv-reclama-a-carrasco-que-amplie-la-partida-dels-bons-de-comerc-en-deixar-sense-repartir-la-meitat-de-les-ajudes-previstes-per-les-obres-de-la-zbe\/\"]}]},{\"@type\":\"ImageObject\",\"inLanguage\":\"es\",\"@id\":\"https:\/\/agrupacionespsoe.es\/castello\/va\/el-pspv-reclama-a-carrasco-que-amplie-la-partida-dels-bons-de-comerc-en-deixar-sense-repartir-la-meitat-de-les-ajudes-previstes-per-les-obres-de-la-zbe\/#primaryimage\",\"url\":\"https:\/\/agrupacionespsoe.es\/castello\/wp-content\/uploads\/sites\/45\/2025\/04\/20250430-El-PSPV-denuncia-acoso-del-concejal-Alberto-Vidal-a-los-comerciantes-del-Grau-al-amenazarles-con-retirarles-las-ayudas-si-hacen-campanas-sin-el-en-las-fotos.jpeg\",\"contentUrl\":\"https:\/\/agrupacionespsoe.es\/castello\/wp-content\/uploads\/sites\/45\/2025\/04\/20250430-El-PSPV-denuncia-acoso-del-concejal-Alberto-Vidal-a-los-comerciantes-del-Grau-al-amenazarles-con-retirarles-las-ayudas-si-hacen-campanas-sin-el-en-las-fotos.jpeg\",\"width\":1600,\"height\":1066},{\"@type\":\"BreadcrumbList\",\"@id\":\"https:\/\/agrupacionespsoe.es\/castello\/va\/el-pspv-reclama-a-carrasco-que-amplie-la-partida-dels-bons-de-comerc-en-deixar-sense-repartir-la-meitat-de-les-ajudes-previstes-per-les-obres-de-la-zbe\/#breadcrumb\",\"itemListElement\":[{\"@type\":\"ListItem\",\"position\":1,\"name\":\"Portada\",\"item\":\"https:\/\/agrupacionespsoe.es\/castello\/\"},{\"@type\":\"ListItem\",\"position\":2,\"name\":\"El PSPV reclama a Carrasco que amplie la partida dels bons de comer\u00e7 en deixar sense repartir la meitat de les ajudes previstes per les obres de la ZBE\"}]},{\"@type\":\"WebSite\",\"@id\":\"https:\/\/agrupacionespsoe.es\/castello\/#website\",\"url\":\"https:\/\/agrupacionespsoe.es\/castello\/\",\"name\":\"PSPV-PSOE CASTELL\u00d3\",\"description\":\"PSPV-PSOE | Agrupaci\u00f3 de Castell\u00f3\",\"publisher\":{\"@id\":\"https:\/\/agrupacionespsoe.es\/castello\/#organization\"},\"potentialAction\":[{\"@type\":\"SearchAction\",\"target\":{\"@type\":\"EntryPoint\",\"urlTemplate\":\"https:\/\/agrupacionespsoe.es\/castello\/?s={search_term_string}\"},\"query-input\":{\"@type\":\"PropertyValueSpecification\",\"valueRequired\":true,\"valueName\":\"search_term_string\"}}],\"inLanguage\":\"es\"},{\"@type\":\"Organization\",\"@id\":\"https:\/\/agrupacionespsoe.es\/castello\/#organization\",\"name\":\"PSPV-PSOE Castell\u00f3\",\"url\":\"https:\/\/agrupacionespsoe.es\/castello\/\",\"logo\":{\"@type\":\"ImageObject\",\"inLanguage\":\"es\",\"@id\":\"https:\/\/agrupacionespsoe.es\/castello\/#\/schema\/logo\/image\/\",\"url\":\"https:\/\/agrupacionespsoe.es\/castello\/wp-content\/uploads\/sites\/45\/2023\/04\/PORTADA-PSOE-CASTELLO.jpg\",\"contentUrl\":\"https:\/\/agrupacionespsoe.es\/castello\/wp-content\/uploads\/sites\/45\/2023\/04\/PORTADA-PSOE-CASTELLO.jpg\",\"width\":2500,\"height\":2500,\"caption\":\"PSPV-PSOE Castell\u00f3\"},\"image\":{\"@id\":\"https:\/\/agrupacionespsoe.es\/castello\/#\/schema\/logo\/image\/\"},\"sameAs\":[\"https:\/\/www.facebook.com\/pspv.castellodelaplana\",\"https:\/\/x.com\/pspv_cs\",\"https:\/\/www.instagram.com\/pspvpsoecastello\/\"]},{\"@type\":\"Person\",\"@id\":\"https:\/\/agrupacionespsoe.es\/castello\/#\/schema\/person\/f3bc5b2f9dc6a399e9e98596ae24a20a\",\"name\":\"castello1\",\"image\":{\"@type\":\"ImageObject\",\"inLanguage\":\"es\",\"@id\":\"https:\/\/agrupacionespsoe.es\/castello\/#\/schema\/person\/image\/\",\"url\":\"https:\/\/secure.gravatar.com\/avatar\/5f1da428d6479d1127419c0b58796865?s=96&d=mm&r=g\",\"contentUrl\":\"https:\/\/secure.gravatar.com\/avatar\/5f1da428d6479d1127419c0b58796865?s=96&d=mm&r=g\",\"caption\":\"castello1\"},\"url\":\"https:\/\/agrupacionespsoe.es\/castello\/author\/castello1\/\"}]}<\/script>\n<!-- \/ Yoast SEO plugin. -->","yoast_head_json":{"title":"El PSPV reclama a Carrasco que amplie la partida dels bons de comer\u00e7 en deixar sense repartir la meitat de les ajudes previstes per les obres de la ZBE - PSPV-PSOE CASTELL\u00d3","robots":{"index":"index","follow":"follow","max-snippet":"max-snippet:-1","max-image-preview":"max-image-preview:large","max-video-preview":"max-video-preview:-1"},"canonical":"https:\/\/agrupacionespsoe.es\/castello\/va\/el-pspv-reclama-a-carrasco-que-amplie-la-partida-dels-bons-de-comerc-en-deixar-sense-repartir-la-meitat-de-les-ajudes-previstes-per-les-obres-de-la-zbe\/","og_locale":"es_ES","og_type":"article","og_title":"El PSPV reclama a Carrasco que amplie la partida dels bons de comer\u00e7 en deixar sense repartir la meitat de les ajudes previstes per les obres de la ZBE - PSPV-PSOE CASTELL\u00d3","og_description":"L&#8217;alcaldessa de Castell\u00f3, de la m\u00e0 del seu regidor de Comer\u00e7, Alberto Vidal, \u201cser\u00e0 incapa\u00e7 de repartir el mili\u00f3 d&#8217;euros en ajudes a les i els comerciants afectats per les obres que es realitzen en les zones de baixes emissions de la ciutat, perqu\u00e8 ja han anunciat que com a molt es repartiran uns 500.000 ...","og_url":"https:\/\/agrupacionespsoe.es\/castello\/va\/el-pspv-reclama-a-carrasco-que-amplie-la-partida-dels-bons-de-comerc-en-deixar-sense-repartir-la-meitat-de-les-ajudes-previstes-per-les-obres-de-la-zbe\/","og_site_name":"PSPV-PSOE CASTELL\u00d3","article_publisher":"https:\/\/www.facebook.com\/pspv.castellodelaplana","article_published_time":"2025-09-03T13:20:24+00:00","article_modified_time":"2025-09-03T13:20:25+00:00","og_image":[{"width":1600,"height":1066,"url":"https:\/\/agrupacionespsoe.es\/castello\/wp-content\/uploads\/sites\/45\/2025\/04\/20250430-El-PSPV-denuncia-acoso-del-concejal-Alberto-Vidal-a-los-comerciantes-del-Grau-al-amenazarles-con-retirarles-las-ayudas-si-hacen-campanas-sin-el-en-las-fotos.jpeg","type":"image\/jpeg"}],"author":"castello1","twitter_card":"summary_large_image","twitter_creator":"@pspv_cs","twitter_site":"@pspv_cs","twitter_misc":{"Escrito por":"castello1","Tiempo de lectura":"3 minutos"},"schema":{"@context":"https:\/\/schema.org","@graph":[{"@type":"Article","@id":"https:\/\/agrupacionespsoe.es\/castello\/va\/el-pspv-reclama-a-carrasco-que-amplie-la-partida-dels-bons-de-comerc-en-deixar-sense-repartir-la-meitat-de-les-ajudes-previstes-per-les-obres-de-la-zbe\/#article","isPartOf":{"@id":"https:\/\/agrupacionespsoe.es\/castello\/va\/el-pspv-reclama-a-carrasco-que-amplie-la-partida-dels-bons-de-comerc-en-deixar-sense-repartir-la-meitat-de-les-ajudes-previstes-per-les-obres-de-la-zbe\/"},"author":{"name":"castello1","@id":"https:\/\/agrupacionespsoe.es\/castello\/#\/schema\/person\/f3bc5b2f9dc6a399e9e98596ae24a20a"},"headline":"El PSPV reclama a Carrasco que amplie la partida dels bons de comer\u00e7 en deixar sense repartir la meitat de les ajudes previstes per les obres de la ZBE","datePublished":"2025-09-03T13:20:24+00:00","dateModified":"2025-09-03T13:20:25+00:00","mainEntityOfPage":{"@id":"https:\/\/agrupacionespsoe.es\/castello\/va\/el-pspv-reclama-a-carrasco-que-amplie-la-partida-dels-bons-de-comerc-en-deixar-sense-repartir-la-meitat-de-les-ajudes-previstes-per-les-obres-de-la-zbe\/"},"wordCount":440,"commentCount":0,"publisher":{"@id":"https:\/\/agrupacionespsoe.es\/castello\/#organization"},"image":{"@id":"https:\/\/agrupacionespsoe.es\/castello\/va\/el-pspv-reclama-a-carrasco-que-amplie-la-partida-dels-bons-de-comerc-en-deixar-sense-repartir-la-meitat-de-les-ajudes-previstes-per-les-obres-de-la-zbe\/#primaryimage"},"thumbnailUrl":"https:\/\/agrupacionespsoe.es\/castello\/wp-content\/uploads\/sites\/45\/2025\/04\/20250430-El-PSPV-denuncia-acoso-del-concejal-Alberto-Vidal-a-los-comerciantes-del-Grau-al-amenazarles-con-retirarles-las-ayudas-si-hacen-campanas-sin-el-en-las-fotos.jpeg","keywords":["Alberto Vidal","Bego\u00f1a Carrasco","Patricia Puerta","Todos"],"articleSection":["Grup Municipal Socialista"],"inLanguage":"es","potentialAction":[{"@type":"CommentAction","name":"Comment","target":["https:\/\/agrupacionespsoe.es\/castello\/va\/el-pspv-reclama-a-carrasco-que-amplie-la-partida-dels-bons-de-comerc-en-deixar-sense-repartir-la-meitat-de-les-ajudes-previstes-per-les-obres-de-la-zbe\/#respond"]}]},{"@type":"WebPage","@id":"https:\/\/agrupacionespsoe.es\/castello\/va\/el-pspv-reclama-a-carrasco-que-amplie-la-partida-dels-bons-de-comerc-en-deixar-sense-repartir-la-meitat-de-les-ajudes-previstes-per-les-obres-de-la-zbe\/","url":"https:\/\/agrupacionespsoe.es\/castello\/va\/el-pspv-reclama-a-carrasco-que-amplie-la-partida-dels-bons-de-comerc-en-deixar-sense-repartir-la-meitat-de-les-ajudes-previstes-per-les-obres-de-la-zbe\/","name":"El PSPV reclama a Carrasco que amplie la partida dels bons de comer\u00e7 en deixar sense repartir la meitat de les ajudes previstes per les obres de la ZBE - PSPV-PSOE CASTELL\u00d3","isPartOf":{"@id":"https:\/\/agrupacionespsoe.es\/castello\/#website"},"primaryImageOfPage":{"@id":"https:\/\/agrupacionespsoe.es\/castello\/va\/el-pspv-reclama-a-carrasco-que-amplie-la-partida-dels-bons-de-comerc-en-deixar-sense-repartir-la-meitat-de-les-ajudes-previstes-per-les-obres-de-la-zbe\/#primaryimage"},"image":{"@id":"https:\/\/agrupacionespsoe.es\/castello\/va\/el-pspv-reclama-a-carrasco-que-amplie-la-partida-dels-bons-de-comerc-en-deixar-sense-repartir-la-meitat-de-les-ajudes-previstes-per-les-obres-de-la-zbe\/#primaryimage"},"thumbnailUrl":"https:\/\/agrupacionespsoe.es\/castello\/wp-content\/uploads\/sites\/45\/2025\/04\/20250430-El-PSPV-denuncia-acoso-del-concejal-Alberto-Vidal-a-los-comerciantes-del-Grau-al-amenazarles-con-retirarles-las-ayudas-si-hacen-campanas-sin-el-en-las-fotos.jpeg","datePublished":"2025-09-03T13:20:24+00:00","dateModified":"2025-09-03T13:20:25+00:00","breadcrumb":{"@id":"https:\/\/agrupacionespsoe.es\/castello\/va\/el-pspv-reclama-a-carrasco-que-amplie-la-partida-dels-bons-de-comerc-en-deixar-sense-repartir-la-meitat-de-les-ajudes-previstes-per-les-obres-de-la-zbe\/#breadcrumb"},"inLanguage":"es","potentialAction":[{"@type":"ReadAction","target":["https:\/\/agrupacionespsoe.es\/castello\/va\/el-pspv-reclama-a-carrasco-que-amplie-la-partida-dels-bons-de-comerc-en-deixar-sense-repartir-la-meitat-de-les-ajudes-previstes-per-les-obres-de-la-zbe\/"]}]},{"@type":"ImageObject","inLanguage":"es","@id":"https:\/\/agrupacionespsoe.es\/castello\/va\/el-pspv-reclama-a-carrasco-que-amplie-la-partida-dels-bons-de-comerc-en-deixar-sense-repartir-la-meitat-de-les-ajudes-previstes-per-les-obres-de-la-zbe\/#primaryimage","url":"https:\/\/agrupacionespsoe.es\/castello\/wp-content\/uploads\/sites\/45\/2025\/04\/20250430-El-PSPV-denuncia-acoso-del-concejal-Alberto-Vidal-a-los-comerciantes-del-Grau-al-amenazarles-con-retirarles-las-ayudas-si-hacen-campanas-sin-el-en-las-fotos.jpeg","contentUrl":"https:\/\/agrupacionespsoe.es\/castello\/wp-content\/uploads\/sites\/45\/2025\/04\/20250430-El-PSPV-denuncia-acoso-del-concejal-Alberto-Vidal-a-los-comerciantes-del-Grau-al-amenazarles-con-retirarles-las-ayudas-si-hacen-campanas-sin-el-en-las-fotos.jpeg","width":1600,"height":1066},{"@type":"BreadcrumbList","@id":"https:\/\/agrupacionespsoe.es\/castello\/va\/el-pspv-reclama-a-carrasco-que-amplie-la-partida-dels-bons-de-comerc-en-deixar-sense-repartir-la-meitat-de-les-ajudes-previstes-per-les-obres-de-la-zbe\/#breadcrumb","itemListElement":[{"@type":"ListItem","position":1,"name":"Portada","item":"https:\/\/agrupacionespsoe.es\/castello\/"},{"@type":"ListItem","position":2,"name":"El PSPV reclama a Carrasco que amplie la partida dels bons de comer\u00e7 en deixar sense repartir la meitat de les ajudes previstes per les obres de la ZBE"}]},{"@type":"WebSite","@id":"https:\/\/agrupacionespsoe.es\/castello\/#website","url":"https:\/\/agrupacionespsoe.es\/castello\/","name":"PSPV-PSOE CASTELL\u00d3","description":"PSPV-PSOE | Agrupaci\u00f3 de Castell\u00f3","publisher":{"@id":"https:\/\/agrupacionespsoe.es\/castello\/#organization"},"potentialAction":[{"@type":"SearchAction","target":{"@type":"EntryPoint","urlTemplate":"https:\/\/agrupacionespsoe.es\/castello\/?s={search_term_string}"},"query-input":{"@type":"PropertyValueSpecification","valueRequired":true,"valueName":"search_term_string"}}],"inLanguage":"es"},{"@type":"Organization","@id":"https:\/\/agrupacionespsoe.es\/castello\/#organization","name":"PSPV-PSOE Castell\u00f3","url":"https:\/\/agrupacionespsoe.es\/castello\/","logo":{"@type":"ImageObject","inLanguage":"es","@id":"https:\/\/agrupacionespsoe.es\/castello\/#\/schema\/logo\/image\/","url":"https:\/\/agrupacionespsoe.es\/castello\/wp-content\/uploads\/sites\/45\/2023\/04\/PORTADA-PSOE-CASTELLO.jpg","contentUrl":"https:\/\/agrupacionespsoe.es\/castello\/wp-content\/uploads\/sites\/45\/2023\/04\/PORTADA-PSOE-CASTELLO.jpg","width":2500,"height":2500,"caption":"PSPV-PSOE Castell\u00f3"},"image":{"@id":"https:\/\/agrupacionespsoe.es\/castello\/#\/schema\/logo\/image\/"},"sameAs":["https:\/\/www.facebook.com\/pspv.castellodelaplana","https:\/\/x.com\/pspv_cs","https:\/\/www.instagram.com\/pspvpsoecastello\/"]},{"@type":"Person","@id":"https:\/\/agrupacionespsoe.es\/castello\/#\/schema\/person\/f3bc5b2f9dc6a399e9e98596ae24a20a","name":"castello1","image":{"@type":"ImageObject","inLanguage":"es","@id":"https:\/\/agrupacionespsoe.es\/castello\/#\/schema\/person\/image\/","url":"https:\/\/secure.gravatar.com\/avatar\/5f1da428d6479d1127419c0b58796865?s=96&d=mm&r=g","contentUrl":"https:\/\/secure.gravatar.com\/avatar\/5f1da428d6479d1127419c0b58796865?s=96&d=mm&r=g","caption":"castello1"},"url":"https:\/\/agrupacionespsoe.es\/castello\/author\/castello1\/"}]}},"jetpack_publicize_connections":[],"jetpack_featured_media_url":"https:\/\/agrupacionespsoe.es\/castello\/wp-content\/uploads\/sites\/45\/2025\/04\/20250430-El-PSPV-denuncia-acoso-del-concejal-Alberto-Vidal-a-los-comerciantes-del-Grau-al-amenazarles-con-retirarles-las-ayudas-si-hacen-campanas-sin-el-en-las-fotos.jpeg","jetpack_sharing_enabled":true,"_links":{"self":[{"href":"https:\/\/agrupacionespsoe.es\/castello\/wp-json\/wp\/v2\/posts\/8795","targetHints":{"allow":["GET"]}}],"collection":[{"href":"https:\/\/agrupacionespsoe.es\/castello\/wp-json\/wp\/v2\/posts"}],"about":[{"href":"https:\/\/agrupacionespsoe.es\/castello\/wp-json\/wp\/v2\/types\/post"}],"author":[{"embeddable":true,"href":"https:\/\/agrupacionespsoe.es\/castello\/wp-json\/wp\/v2\/users\/48"}],"replies":[{"embeddable":true,"href":"https:\/\/agrupacionespsoe.es\/castello\/wp-json\/wp\/v2\/comments?post=8795"}],"version-history":[{"count":2,"href":"https:\/\/agrupacionespsoe.es\/castello\/wp-json\/wp\/v2\/posts\/8795\/revisions"}],"predecessor-version":[{"id":8797,"href":"https:\/\/agrupacionespsoe.es\/castello\/wp-json\/wp\/v2\/posts\/8795\/revisions\/8797"}],"wp:featuredmedia":[{"embeddable":true,"href":"https:\/\/agrupacionespsoe.es\/castello\/wp-json\/wp\/v2\/media\/7839"}],"wp:attachment":[{"href":"https:\/\/agrupacionespsoe.es\/castello\/wp-json\/wp\/v2\/media?parent=8795"}],"wp:term":[{"taxonomy":"category","embeddable":true,"href":"https:\/\/agrupacionespsoe.es\/castello\/wp-json\/wp\/v2\/categories?post=8795"},{"taxonomy":"post_tag","embeddable":true,"href":"https:\/\/agrupacionespsoe.es\/castello\/wp-json\/wp\/v2\/tags?post=8795"}],"curies":[{"name":"wp","href":"https:\/\/api.w.org\/{rel}","templated":true}]}}