{"id":8670,"date":"2025-08-13T12:56:53","date_gmt":"2025-08-13T10:56:53","guid":{"rendered":"https:\/\/agrupacionespsoe.es\/castello\/?p=8670"},"modified":"2025-08-13T12:56:54","modified_gmt":"2025-08-13T10:56:54","slug":"begona-carrasco-reconoce-que-no-es-prioritario-para-el-pp-continuar-con-el-corredor-ambiental-del-riu-sec-clave-para-dignificar-el-distrito-oeste","status":"publish","type":"post","link":"https:\/\/agrupacionespsoe.es\/castello\/begona-carrasco-reconoce-que-no-es-prioritario-para-el-pp-continuar-con-el-corredor-ambiental-del-riu-sec-clave-para-dignificar-el-distrito-oeste\/","title":{"rendered":"Bego\u00f1a Carrasco\u00a0reconoce que no es prioritario para el PP continuar con el corredor ambiental del Riu Sec, clave para dignificar el distrito oeste"},"content":{"rendered":"\n<ul class=\"wp-block-list\">\n<li><em><strong>La alcaldesa de Castell\u00f3 ha respondido a los representantes vecinales que solo se har\u00e1 cuando se consigan fondos europeos, \u201cpero ya nos ha dejado claro que tiene otras prioridades porque en la \u00faltima convocatoria ha pedido\u00a0ayudas\u00a0para varios proyectos, entre los que no aparece este\u00a0corredor ambiental\u201d, se\u00f1ala Patricia Puerta, portavoz del Grupo Municipal Socialista.<\/strong><\/em><\/li>\n<\/ul>\n\n\n\n<figure class=\"wp-block-audio\"><audio controls src=\"https:\/\/agrupacionespsoe.es\/castello\/wp-content\/uploads\/sites\/45\/2025\/08\/20250813-Begona-Carrasco-reconoce-que-no-es-prioritario-para-el-PP-continuar-con-el-corredor-ambiental-del-Riu-Sec-clave-para-dignificar-el-distrito-oeste.mp3\" autoplay><\/audio><\/figure>\n\n\n\n<p>El pleno municipal del pasado 31 de julio, donde una representante vecinal hizo uso de la pregunta ciudadana para reclamar al gobierno PPVox que contin\u00fae con el proyecto del corredor ambiental del Riu Sec, \u201cvolvi\u00f3 a dejar constancia del nulo inter\u00e9s que tiene la se\u00f1ora <a href=\"https:\/\/agrupacionespsoe.es\/castello\/tag\/begona-carrasco\/\">Bego\u00f1a Carrasco<\/a> por este proyecto y la habitual manipulaci\u00f3n de la realidad por parte de su portavoz, <a href=\"https:\/\/agrupacionespsoe.es\/castello\/tag\/vicent-sales\/\">Vicent Sales<\/a>\u201d.<\/p>\n\n\n\n<p><a href=\"https:\/\/agrupacionespsoe.es\/castello\/tag\/patricia-puerta\/\">Patricia Puerta<\/a>, portavoz del Grupo Municipal Socialista, ha destacado al respecto que \u201ctodos y todas pudimos comprobar que esta actuaci\u00f3n, clave para dignificar el distrito oeste de la ciudad, no es prioritaria para Carrasco\u201d. Y esta realidad queda demostrada \u201ccuando al final de la pregunta ciudadana la alcaldesa reconoci\u00f3 que para desarrollar todas las fases necesitan fondos europeos, pero ocult\u00f3 que en una reciente petici\u00f3n de dinero a Europa\u00a0prometi\u00f3 diversos\u00a0proyectos, entre los que no aparec\u00eda el corredor ambiental del Riu Sec\u201d.<\/p>\n\n\n\n<p>Para la portavoz socialista, \u201csi tan implicados est\u00e1n con esta iniciativa deb\u00edan haberlo demostrado con este paquete de ayudas que se han&nbsp;reclamado a Europa, pero prefieren enga\u00f1ar con sus medias verdades a la ciudadan\u00eda y, en especial, a los vecinos y vecinas del distrito oeste\u201d. A ello se une la \u201cprepotencia, una vez m\u00e1s, del portavoz del gobierno municipal, Vicent Sales, que pr\u00e1cticamente afe\u00f3 a la representante vecinal que trasladase al pleno su preocupaci\u00f3n por el corredor ambiental\u201d.<\/p>\n\n\n\n<p>Trasformar el Riu Sec en un eje vertebrador desde el punto de vista ambiental, social y paisaj\u00edstico fue el objetivo de una actuaci\u00f3n presentada en 2018 por el anterior gobierno de progreso del Acord de Fadrell liderado por el Partido Socialista. Proyectado para su desarrollo integral hasta 2028, estaba estructurado en ocho zonas, con una longitud total de 4,3 kil\u00f3metros, y pudo iniciar la primera fase, de 3,6 millones de euros, gracias a la captaci\u00f3n de fondos europeos por parte del gobierno socialista.<\/p>\n\n\n\n<p>Como recalca Patricia Puerta, hace unas semanas \u201cvimos un nuevo posado de fotos de Carrasco, donde fue capaz de poner en valor esta primera fase que impulsamos desde el Acord de Fadrell, que incluye una pasarela ciclopeatonal, zonas de estancia y de descanso, nuevas \u00e1reas verdes y la adecuaci\u00f3n del entorno de la ermita de Sant Joanet del Riu, pero con la cobard\u00eda de no decir en ese momento que no iba a priorizar el resto de actuaciones\u00bb.<\/p>\n\n\n\n<p>Puerta ha recordado tambi\u00e9n las declaraciones del concejal de Urbanismo, <a href=\"https:\/\/agrupacionespsoe.es\/castello\/tag\/sergio-toledo\/\">Sergio Toledo<\/a>, en los medios de comunicaci\u00f3n \u00abdonde dej\u00f3 claro\u00a0que van a dejar\u00a0morir\u00a0el proyecto del corredor medioambiental del Riu Sec\u00a0porque no es prioritario\u00bb. La prueba de ello es que,\u00a0como ya se ha denunciado desde el Grupo Municipal Socialista, en\u00a0la\u00a0\u00faltima\u00a0petici\u00f3n de fondos europeos para nuevos proyectos en la ciudad \u00abCarrasco no fue capaz de\u00a0solicitar\u00a0euro alguno para continuar con las fases pendientes\u00bb.<\/p>\n","protected":false},"excerpt":{"rendered":"<p>El pleno municipal del pasado 31 de julio, donde una representante vecinal hizo uso de la pregunta ciudadana para reclamar al gobierno PPVox que contin\u00fae con el proyecto del corredor ambiental del Riu Sec, \u201cvolvi\u00f3 a dejar constancia del nulo inter\u00e9s que tiene la se\u00f1ora Bego\u00f1a Carrasco por este proyecto y la habitual manipulaci\u00f3n de &#8230;<\/p>\n","protected":false},"author":48,"featured_media":8648,"comment_status":"open","ping_status":"open","sticky":false,"template":"","format":"standard","meta":{"_jetpack_memberships_contains_paid_content":false,"footnotes":"","jetpack_publicize_message":"","jetpack_publicize_feature_enabled":true,"jetpack_social_post_already_shared":false,"jetpack_social_options":{"image_generator_settings":{"template":"highway","default_image_id":0,"font":"","enabled":false},"version":2}},"categories":[33],"tags":[733,81,757,448,778],"class_list":["post-8670","post","type-post","status-publish","format-standard","has-post-thumbnail","hentry","category-gms","tag-begona-carrasco","tag-patricia-puerta","tag-sergio-toledo","tag-todos-es","tag-vicent-sales"],"yoast_head":"<!-- This site is optimized with the Yoast SEO plugin v24.0 - https:\/\/yoast.com\/wordpress\/plugins\/seo\/ -->\n<title>Bego\u00f1a Carrasco\u00a0reconoce que no es prioritario para el PP continuar con el corredor ambiental del Riu Sec, clave para dignificar el distrito oeste - PSPV-PSOE CASTELL\u00d3<\/title>\n<meta name=\"robots\" content=\"index, follow, max-snippet:-1, max-image-preview:large, max-video-preview:-1\" \/>\n<link rel=\"canonical\" href=\"https:\/\/agrupacionespsoe.es\/castello\/begona-carrasco-reconoce-que-no-es-prioritario-para-el-pp-continuar-con-el-corredor-ambiental-del-riu-sec-clave-para-dignificar-el-distrito-oeste\/\" \/>\n<meta property=\"og:locale\" content=\"es_ES\" \/>\n<meta property=\"og:type\" content=\"article\" \/>\n<meta property=\"og:title\" content=\"Bego\u00f1a Carrasco\u00a0reconoce que no es prioritario para el PP continuar con el corredor ambiental del Riu Sec, clave para dignificar el distrito oeste - PSPV-PSOE CASTELL\u00d3\" \/>\n<meta property=\"og:description\" content=\"El pleno municipal del pasado 31 de julio, donde una representante vecinal hizo uso de la pregunta ciudadana para reclamar al gobierno PPVox que contin\u00fae con el proyecto del corredor ambiental del Riu Sec, \u201cvolvi\u00f3 a dejar constancia del nulo inter\u00e9s que tiene la se\u00f1ora Bego\u00f1a Carrasco por este proyecto y la habitual manipulaci\u00f3n de ...\" \/>\n<meta property=\"og:url\" content=\"https:\/\/agrupacionespsoe.es\/castello\/begona-carrasco-reconoce-que-no-es-prioritario-para-el-pp-continuar-con-el-corredor-ambiental-del-riu-sec-clave-para-dignificar-el-distrito-oeste\/\" \/>\n<meta property=\"og:site_name\" content=\"PSPV-PSOE CASTELL\u00d3\" \/>\n<meta property=\"article:publisher\" content=\"https:\/\/www.facebook.com\/pspv.castellodelaplana\" \/>\n<meta property=\"article:published_time\" content=\"2025-08-13T10:56:53+00:00\" \/>\n<meta property=\"article:modified_time\" content=\"2025-08-13T10:56:54+00:00\" \/>\n<meta property=\"og:image\" content=\"https:\/\/agrupacionespsoe.es\/castello\/wp-content\/uploads\/sites\/45\/2025\/08\/20250809-El-PSPV-de-Castello-propone-cinco-iniciativas-para-ayudar-a-las-familias-a-acceder-a-una-vivienda-digna.jpeg\" \/>\n\t<meta property=\"og:image:width\" content=\"1600\" \/>\n\t<meta property=\"og:image:height\" content=\"1066\" \/>\n\t<meta property=\"og:image:type\" content=\"image\/jpeg\" \/>\n<meta name=\"author\" content=\"castello1\" \/>\n<meta name=\"twitter:card\" content=\"summary_large_image\" \/>\n<meta name=\"twitter:creator\" content=\"@pspv_cs\" \/>\n<meta name=\"twitter:site\" content=\"@pspv_cs\" \/>\n<meta name=\"twitter:label1\" content=\"Escrito por\" \/>\n\t<meta name=\"twitter:data1\" content=\"castello1\" \/>\n\t<meta name=\"twitter:label2\" content=\"Tiempo de lectura\" \/>\n\t<meta name=\"twitter:data2\" content=\"3 minutos\" \/>\n<script type=\"application\/ld+json\" class=\"yoast-schema-graph\">{\"@context\":\"https:\/\/schema.org\",\"@graph\":[{\"@type\":\"Article\",\"@id\":\"https:\/\/agrupacionespsoe.es\/castello\/begona-carrasco-reconoce-que-no-es-prioritario-para-el-pp-continuar-con-el-corredor-ambiental-del-riu-sec-clave-para-dignificar-el-distrito-oeste\/#article\",\"isPartOf\":{\"@id\":\"https:\/\/agrupacionespsoe.es\/castello\/begona-carrasco-reconoce-que-no-es-prioritario-para-el-pp-continuar-con-el-corredor-ambiental-del-riu-sec-clave-para-dignificar-el-distrito-oeste\/\"},\"author\":{\"name\":\"castello1\",\"@id\":\"https:\/\/agrupacionespsoe.es\/castello\/#\/schema\/person\/f3bc5b2f9dc6a399e9e98596ae24a20a\"},\"headline\":\"Bego\u00f1a Carrasco\u00a0reconoce que no es prioritario para el PP continuar con el corredor ambiental del Riu Sec, clave para dignificar el distrito oeste\",\"datePublished\":\"2025-08-13T10:56:53+00:00\",\"dateModified\":\"2025-08-13T10:56:54+00:00\",\"mainEntityOfPage\":{\"@id\":\"https:\/\/agrupacionespsoe.es\/castello\/begona-carrasco-reconoce-que-no-es-prioritario-para-el-pp-continuar-con-el-corredor-ambiental-del-riu-sec-clave-para-dignificar-el-distrito-oeste\/\"},\"wordCount\":569,\"commentCount\":0,\"publisher\":{\"@id\":\"https:\/\/agrupacionespsoe.es\/castello\/#organization\"},\"image\":{\"@id\":\"https:\/\/agrupacionespsoe.es\/castello\/begona-carrasco-reconoce-que-no-es-prioritario-para-el-pp-continuar-con-el-corredor-ambiental-del-riu-sec-clave-para-dignificar-el-distrito-oeste\/#primaryimage\"},\"thumbnailUrl\":\"https:\/\/agrupacionespsoe.es\/castello\/wp-content\/uploads\/sites\/45\/2025\/08\/20250809-El-PSPV-de-Castello-propone-cinco-iniciativas-para-ayudar-a-las-familias-a-acceder-a-una-vivienda-digna.jpeg\",\"keywords\":[\"Bego\u00f1a Carrasco\",\"Patricia Puerta\",\"Sergio Toledo\",\"Todos\",\"Vicent Sales\"],\"articleSection\":[\"Grupo Municipal Socialista\"],\"inLanguage\":\"es\",\"potentialAction\":[{\"@type\":\"CommentAction\",\"name\":\"Comment\",\"target\":[\"https:\/\/agrupacionespsoe.es\/castello\/begona-carrasco-reconoce-que-no-es-prioritario-para-el-pp-continuar-con-el-corredor-ambiental-del-riu-sec-clave-para-dignificar-el-distrito-oeste\/#respond\"]}]},{\"@type\":\"WebPage\",\"@id\":\"https:\/\/agrupacionespsoe.es\/castello\/begona-carrasco-reconoce-que-no-es-prioritario-para-el-pp-continuar-con-el-corredor-ambiental-del-riu-sec-clave-para-dignificar-el-distrito-oeste\/\",\"url\":\"https:\/\/agrupacionespsoe.es\/castello\/begona-carrasco-reconoce-que-no-es-prioritario-para-el-pp-continuar-con-el-corredor-ambiental-del-riu-sec-clave-para-dignificar-el-distrito-oeste\/\",\"name\":\"Bego\u00f1a Carrasco\u00a0reconoce que no es prioritario para el PP continuar con el corredor ambiental del Riu Sec, clave para dignificar el distrito oeste - PSPV-PSOE CASTELL\u00d3\",\"isPartOf\":{\"@id\":\"https:\/\/agrupacionespsoe.es\/castello\/#website\"},\"primaryImageOfPage\":{\"@id\":\"https:\/\/agrupacionespsoe.es\/castello\/begona-carrasco-reconoce-que-no-es-prioritario-para-el-pp-continuar-con-el-corredor-ambiental-del-riu-sec-clave-para-dignificar-el-distrito-oeste\/#primaryimage\"},\"image\":{\"@id\":\"https:\/\/agrupacionespsoe.es\/castello\/begona-carrasco-reconoce-que-no-es-prioritario-para-el-pp-continuar-con-el-corredor-ambiental-del-riu-sec-clave-para-dignificar-el-distrito-oeste\/#primaryimage\"},\"thumbnailUrl\":\"https:\/\/agrupacionespsoe.es\/castello\/wp-content\/uploads\/sites\/45\/2025\/08\/20250809-El-PSPV-de-Castello-propone-cinco-iniciativas-para-ayudar-a-las-familias-a-acceder-a-una-vivienda-digna.jpeg\",\"datePublished\":\"2025-08-13T10:56:53+00:00\",\"dateModified\":\"2025-08-13T10:56:54+00:00\",\"breadcrumb\":{\"@id\":\"https:\/\/agrupacionespsoe.es\/castello\/begona-carrasco-reconoce-que-no-es-prioritario-para-el-pp-continuar-con-el-corredor-ambiental-del-riu-sec-clave-para-dignificar-el-distrito-oeste\/#breadcrumb\"},\"inLanguage\":\"es\",\"potentialAction\":[{\"@type\":\"ReadAction\",\"target\":[\"https:\/\/agrupacionespsoe.es\/castello\/begona-carrasco-reconoce-que-no-es-prioritario-para-el-pp-continuar-con-el-corredor-ambiental-del-riu-sec-clave-para-dignificar-el-distrito-oeste\/\"]}]},{\"@type\":\"ImageObject\",\"inLanguage\":\"es\",\"@id\":\"https:\/\/agrupacionespsoe.es\/castello\/begona-carrasco-reconoce-que-no-es-prioritario-para-el-pp-continuar-con-el-corredor-ambiental-del-riu-sec-clave-para-dignificar-el-distrito-oeste\/#primaryimage\",\"url\":\"https:\/\/agrupacionespsoe.es\/castello\/wp-content\/uploads\/sites\/45\/2025\/08\/20250809-El-PSPV-de-Castello-propone-cinco-iniciativas-para-ayudar-a-las-familias-a-acceder-a-una-vivienda-digna.jpeg\",\"contentUrl\":\"https:\/\/agrupacionespsoe.es\/castello\/wp-content\/uploads\/sites\/45\/2025\/08\/20250809-El-PSPV-de-Castello-propone-cinco-iniciativas-para-ayudar-a-las-familias-a-acceder-a-una-vivienda-digna.jpeg\",\"width\":1600,\"height\":1066},{\"@type\":\"BreadcrumbList\",\"@id\":\"https:\/\/agrupacionespsoe.es\/castello\/begona-carrasco-reconoce-que-no-es-prioritario-para-el-pp-continuar-con-el-corredor-ambiental-del-riu-sec-clave-para-dignificar-el-distrito-oeste\/#breadcrumb\",\"itemListElement\":[{\"@type\":\"ListItem\",\"position\":1,\"name\":\"Portada\",\"item\":\"https:\/\/agrupacionespsoe.es\/castello\/\"},{\"@type\":\"ListItem\",\"position\":2,\"name\":\"Bego\u00f1a Carrasco\u00a0reconoce que no es prioritario para el PP continuar con el corredor ambiental del Riu Sec, clave para dignificar el distrito oeste\"}]},{\"@type\":\"WebSite\",\"@id\":\"https:\/\/agrupacionespsoe.es\/castello\/#website\",\"url\":\"https:\/\/agrupacionespsoe.es\/castello\/\",\"name\":\"PSPV-PSOE CASTELL\u00d3\",\"description\":\"PSPV-PSOE | Agrupaci\u00f3 de Castell\u00f3\",\"publisher\":{\"@id\":\"https:\/\/agrupacionespsoe.es\/castello\/#organization\"},\"potentialAction\":[{\"@type\":\"SearchAction\",\"target\":{\"@type\":\"EntryPoint\",\"urlTemplate\":\"https:\/\/agrupacionespsoe.es\/castello\/?s={search_term_string}\"},\"query-input\":{\"@type\":\"PropertyValueSpecification\",\"valueRequired\":true,\"valueName\":\"search_term_string\"}}],\"inLanguage\":\"es\"},{\"@type\":\"Organization\",\"@id\":\"https:\/\/agrupacionespsoe.es\/castello\/#organization\",\"name\":\"PSPV-PSOE Castell\u00f3\",\"url\":\"https:\/\/agrupacionespsoe.es\/castello\/\",\"logo\":{\"@type\":\"ImageObject\",\"inLanguage\":\"es\",\"@id\":\"https:\/\/agrupacionespsoe.es\/castello\/#\/schema\/logo\/image\/\",\"url\":\"https:\/\/agrupacionespsoe.es\/castello\/wp-content\/uploads\/sites\/45\/2023\/04\/PORTADA-PSOE-CASTELLO.jpg\",\"contentUrl\":\"https:\/\/agrupacionespsoe.es\/castello\/wp-content\/uploads\/sites\/45\/2023\/04\/PORTADA-PSOE-CASTELLO.jpg\",\"width\":2500,\"height\":2500,\"caption\":\"PSPV-PSOE Castell\u00f3\"},\"image\":{\"@id\":\"https:\/\/agrupacionespsoe.es\/castello\/#\/schema\/logo\/image\/\"},\"sameAs\":[\"https:\/\/www.facebook.com\/pspv.castellodelaplana\",\"https:\/\/x.com\/pspv_cs\",\"https:\/\/www.instagram.com\/pspvpsoecastello\/\"]},{\"@type\":\"Person\",\"@id\":\"https:\/\/agrupacionespsoe.es\/castello\/#\/schema\/person\/f3bc5b2f9dc6a399e9e98596ae24a20a\",\"name\":\"castello1\",\"image\":{\"@type\":\"ImageObject\",\"inLanguage\":\"es\",\"@id\":\"https:\/\/agrupacionespsoe.es\/castello\/#\/schema\/person\/image\/\",\"url\":\"https:\/\/secure.gravatar.com\/avatar\/5f1da428d6479d1127419c0b58796865?s=96&d=mm&r=g\",\"contentUrl\":\"https:\/\/secure.gravatar.com\/avatar\/5f1da428d6479d1127419c0b58796865?s=96&d=mm&r=g\",\"caption\":\"castello1\"},\"url\":\"https:\/\/agrupacionespsoe.es\/castello\/author\/castello1\/\"}]}<\/script>\n<!-- \/ Yoast SEO plugin. -->","yoast_head_json":{"title":"Bego\u00f1a Carrasco\u00a0reconoce que no es prioritario para el PP continuar con el corredor ambiental del Riu Sec, clave para dignificar el distrito oeste - PSPV-PSOE CASTELL\u00d3","robots":{"index":"index","follow":"follow","max-snippet":"max-snippet:-1","max-image-preview":"max-image-preview:large","max-video-preview":"max-video-preview:-1"},"canonical":"https:\/\/agrupacionespsoe.es\/castello\/begona-carrasco-reconoce-que-no-es-prioritario-para-el-pp-continuar-con-el-corredor-ambiental-del-riu-sec-clave-para-dignificar-el-distrito-oeste\/","og_locale":"es_ES","og_type":"article","og_title":"Bego\u00f1a Carrasco\u00a0reconoce que no es prioritario para el PP continuar con el corredor ambiental del Riu Sec, clave para dignificar el distrito oeste - PSPV-PSOE CASTELL\u00d3","og_description":"El pleno municipal del pasado 31 de julio, donde una representante vecinal hizo uso de la pregunta ciudadana para reclamar al gobierno PPVox que contin\u00fae con el proyecto del corredor ambiental del Riu Sec, \u201cvolvi\u00f3 a dejar constancia del nulo inter\u00e9s que tiene la se\u00f1ora Bego\u00f1a Carrasco por este proyecto y la habitual manipulaci\u00f3n de ...","og_url":"https:\/\/agrupacionespsoe.es\/castello\/begona-carrasco-reconoce-que-no-es-prioritario-para-el-pp-continuar-con-el-corredor-ambiental-del-riu-sec-clave-para-dignificar-el-distrito-oeste\/","og_site_name":"PSPV-PSOE CASTELL\u00d3","article_publisher":"https:\/\/www.facebook.com\/pspv.castellodelaplana","article_published_time":"2025-08-13T10:56:53+00:00","article_modified_time":"2025-08-13T10:56:54+00:00","og_image":[{"width":1600,"height":1066,"url":"https:\/\/agrupacionespsoe.es\/castello\/wp-content\/uploads\/sites\/45\/2025\/08\/20250809-El-PSPV-de-Castello-propone-cinco-iniciativas-para-ayudar-a-las-familias-a-acceder-a-una-vivienda-digna.jpeg","type":"image\/jpeg"}],"author":"castello1","twitter_card":"summary_large_image","twitter_creator":"@pspv_cs","twitter_site":"@pspv_cs","twitter_misc":{"Escrito por":"castello1","Tiempo de lectura":"3 minutos"},"schema":{"@context":"https:\/\/schema.org","@graph":[{"@type":"Article","@id":"https:\/\/agrupacionespsoe.es\/castello\/begona-carrasco-reconoce-que-no-es-prioritario-para-el-pp-continuar-con-el-corredor-ambiental-del-riu-sec-clave-para-dignificar-el-distrito-oeste\/#article","isPartOf":{"@id":"https:\/\/agrupacionespsoe.es\/castello\/begona-carrasco-reconoce-que-no-es-prioritario-para-el-pp-continuar-con-el-corredor-ambiental-del-riu-sec-clave-para-dignificar-el-distrito-oeste\/"},"author":{"name":"castello1","@id":"https:\/\/agrupacionespsoe.es\/castello\/#\/schema\/person\/f3bc5b2f9dc6a399e9e98596ae24a20a"},"headline":"Bego\u00f1a Carrasco\u00a0reconoce que no es prioritario para el PP continuar con el corredor ambiental del Riu Sec, clave para dignificar el distrito oeste","datePublished":"2025-08-13T10:56:53+00:00","dateModified":"2025-08-13T10:56:54+00:00","mainEntityOfPage":{"@id":"https:\/\/agrupacionespsoe.es\/castello\/begona-carrasco-reconoce-que-no-es-prioritario-para-el-pp-continuar-con-el-corredor-ambiental-del-riu-sec-clave-para-dignificar-el-distrito-oeste\/"},"wordCount":569,"commentCount":0,"publisher":{"@id":"https:\/\/agrupacionespsoe.es\/castello\/#organization"},"image":{"@id":"https:\/\/agrupacionespsoe.es\/castello\/begona-carrasco-reconoce-que-no-es-prioritario-para-el-pp-continuar-con-el-corredor-ambiental-del-riu-sec-clave-para-dignificar-el-distrito-oeste\/#primaryimage"},"thumbnailUrl":"https:\/\/agrupacionespsoe.es\/castello\/wp-content\/uploads\/sites\/45\/2025\/08\/20250809-El-PSPV-de-Castello-propone-cinco-iniciativas-para-ayudar-a-las-familias-a-acceder-a-una-vivienda-digna.jpeg","keywords":["Bego\u00f1a Carrasco","Patricia Puerta","Sergio Toledo","Todos","Vicent Sales"],"articleSection":["Grupo Municipal Socialista"],"inLanguage":"es","potentialAction":[{"@type":"CommentAction","name":"Comment","target":["https:\/\/agrupacionespsoe.es\/castello\/begona-carrasco-reconoce-que-no-es-prioritario-para-el-pp-continuar-con-el-corredor-ambiental-del-riu-sec-clave-para-dignificar-el-distrito-oeste\/#respond"]}]},{"@type":"WebPage","@id":"https:\/\/agrupacionespsoe.es\/castello\/begona-carrasco-reconoce-que-no-es-prioritario-para-el-pp-continuar-con-el-corredor-ambiental-del-riu-sec-clave-para-dignificar-el-distrito-oeste\/","url":"https:\/\/agrupacionespsoe.es\/castello\/begona-carrasco-reconoce-que-no-es-prioritario-para-el-pp-continuar-con-el-corredor-ambiental-del-riu-sec-clave-para-dignificar-el-distrito-oeste\/","name":"Bego\u00f1a Carrasco\u00a0reconoce que no es prioritario para el PP continuar con el corredor ambiental del Riu Sec, clave para dignificar el distrito oeste - PSPV-PSOE CASTELL\u00d3","isPartOf":{"@id":"https:\/\/agrupacionespsoe.es\/castello\/#website"},"primaryImageOfPage":{"@id":"https:\/\/agrupacionespsoe.es\/castello\/begona-carrasco-reconoce-que-no-es-prioritario-para-el-pp-continuar-con-el-corredor-ambiental-del-riu-sec-clave-para-dignificar-el-distrito-oeste\/#primaryimage"},"image":{"@id":"https:\/\/agrupacionespsoe.es\/castello\/begona-carrasco-reconoce-que-no-es-prioritario-para-el-pp-continuar-con-el-corredor-ambiental-del-riu-sec-clave-para-dignificar-el-distrito-oeste\/#primaryimage"},"thumbnailUrl":"https:\/\/agrupacionespsoe.es\/castello\/wp-content\/uploads\/sites\/45\/2025\/08\/20250809-El-PSPV-de-Castello-propone-cinco-iniciativas-para-ayudar-a-las-familias-a-acceder-a-una-vivienda-digna.jpeg","datePublished":"2025-08-13T10:56:53+00:00","dateModified":"2025-08-13T10:56:54+00:00","breadcrumb":{"@id":"https:\/\/agrupacionespsoe.es\/castello\/begona-carrasco-reconoce-que-no-es-prioritario-para-el-pp-continuar-con-el-corredor-ambiental-del-riu-sec-clave-para-dignificar-el-distrito-oeste\/#breadcrumb"},"inLanguage":"es","potentialAction":[{"@type":"ReadAction","target":["https:\/\/agrupacionespsoe.es\/castello\/begona-carrasco-reconoce-que-no-es-prioritario-para-el-pp-continuar-con-el-corredor-ambiental-del-riu-sec-clave-para-dignificar-el-distrito-oeste\/"]}]},{"@type":"ImageObject","inLanguage":"es","@id":"https:\/\/agrupacionespsoe.es\/castello\/begona-carrasco-reconoce-que-no-es-prioritario-para-el-pp-continuar-con-el-corredor-ambiental-del-riu-sec-clave-para-dignificar-el-distrito-oeste\/#primaryimage","url":"https:\/\/agrupacionespsoe.es\/castello\/wp-content\/uploads\/sites\/45\/2025\/08\/20250809-El-PSPV-de-Castello-propone-cinco-iniciativas-para-ayudar-a-las-familias-a-acceder-a-una-vivienda-digna.jpeg","contentUrl":"https:\/\/agrupacionespsoe.es\/castello\/wp-content\/uploads\/sites\/45\/2025\/08\/20250809-El-PSPV-de-Castello-propone-cinco-iniciativas-para-ayudar-a-las-familias-a-acceder-a-una-vivienda-digna.jpeg","width":1600,"height":1066},{"@type":"BreadcrumbList","@id":"https:\/\/agrupacionespsoe.es\/castello\/begona-carrasco-reconoce-que-no-es-prioritario-para-el-pp-continuar-con-el-corredor-ambiental-del-riu-sec-clave-para-dignificar-el-distrito-oeste\/#breadcrumb","itemListElement":[{"@type":"ListItem","position":1,"name":"Portada","item":"https:\/\/agrupacionespsoe.es\/castello\/"},{"@type":"ListItem","position":2,"name":"Bego\u00f1a Carrasco\u00a0reconoce que no es prioritario para el PP continuar con el corredor ambiental del Riu Sec, clave para dignificar el distrito oeste"}]},{"@type":"WebSite","@id":"https:\/\/agrupacionespsoe.es\/castello\/#website","url":"https:\/\/agrupacionespsoe.es\/castello\/","name":"PSPV-PSOE CASTELL\u00d3","description":"PSPV-PSOE | Agrupaci\u00f3 de Castell\u00f3","publisher":{"@id":"https:\/\/agrupacionespsoe.es\/castello\/#organization"},"potentialAction":[{"@type":"SearchAction","target":{"@type":"EntryPoint","urlTemplate":"https:\/\/agrupacionespsoe.es\/castello\/?s={search_term_string}"},"query-input":{"@type":"PropertyValueSpecification","valueRequired":true,"valueName":"search_term_string"}}],"inLanguage":"es"},{"@type":"Organization","@id":"https:\/\/agrupacionespsoe.es\/castello\/#organization","name":"PSPV-PSOE Castell\u00f3","url":"https:\/\/agrupacionespsoe.es\/castello\/","logo":{"@type":"ImageObject","inLanguage":"es","@id":"https:\/\/agrupacionespsoe.es\/castello\/#\/schema\/logo\/image\/","url":"https:\/\/agrupacionespsoe.es\/castello\/wp-content\/uploads\/sites\/45\/2023\/04\/PORTADA-PSOE-CASTELLO.jpg","contentUrl":"https:\/\/agrupacionespsoe.es\/castello\/wp-content\/uploads\/sites\/45\/2023\/04\/PORTADA-PSOE-CASTELLO.jpg","width":2500,"height":2500,"caption":"PSPV-PSOE Castell\u00f3"},"image":{"@id":"https:\/\/agrupacionespsoe.es\/castello\/#\/schema\/logo\/image\/"},"sameAs":["https:\/\/www.facebook.com\/pspv.castellodelaplana","https:\/\/x.com\/pspv_cs","https:\/\/www.instagram.com\/pspvpsoecastello\/"]},{"@type":"Person","@id":"https:\/\/agrupacionespsoe.es\/castello\/#\/schema\/person\/f3bc5b2f9dc6a399e9e98596ae24a20a","name":"castello1","image":{"@type":"ImageObject","inLanguage":"es","@id":"https:\/\/agrupacionespsoe.es\/castello\/#\/schema\/person\/image\/","url":"https:\/\/secure.gravatar.com\/avatar\/5f1da428d6479d1127419c0b58796865?s=96&d=mm&r=g","contentUrl":"https:\/\/secure.gravatar.com\/avatar\/5f1da428d6479d1127419c0b58796865?s=96&d=mm&r=g","caption":"castello1"},"url":"https:\/\/agrupacionespsoe.es\/castello\/author\/castello1\/"}]}},"jetpack_publicize_connections":[],"jetpack_featured_media_url":"https:\/\/agrupacionespsoe.es\/castello\/wp-content\/uploads\/sites\/45\/2025\/08\/20250809-El-PSPV-de-Castello-propone-cinco-iniciativas-para-ayudar-a-las-familias-a-acceder-a-una-vivienda-digna.jpeg","jetpack_sharing_enabled":true,"_links":{"self":[{"href":"https:\/\/agrupacionespsoe.es\/castello\/wp-json\/wp\/v2\/posts\/8670","targetHints":{"allow":["GET"]}}],"collection":[{"href":"https:\/\/agrupacionespsoe.es\/castello\/wp-json\/wp\/v2\/posts"}],"about":[{"href":"https:\/\/agrupacionespsoe.es\/castello\/wp-json\/wp\/v2\/types\/post"}],"author":[{"embeddable":true,"href":"https:\/\/agrupacionespsoe.es\/castello\/wp-json\/wp\/v2\/users\/48"}],"replies":[{"embeddable":true,"href":"https:\/\/agrupacionespsoe.es\/castello\/wp-json\/wp\/v2\/comments?post=8670"}],"version-history":[{"count":2,"href":"https:\/\/agrupacionespsoe.es\/castello\/wp-json\/wp\/v2\/posts\/8670\/revisions"}],"predecessor-version":[{"id":8673,"href":"https:\/\/agrupacionespsoe.es\/castello\/wp-json\/wp\/v2\/posts\/8670\/revisions\/8673"}],"wp:featuredmedia":[{"embeddable":true,"href":"https:\/\/agrupacionespsoe.es\/castello\/wp-json\/wp\/v2\/media\/8648"}],"wp:attachment":[{"href":"https:\/\/agrupacionespsoe.es\/castello\/wp-json\/wp\/v2\/media?parent=8670"}],"wp:term":[{"taxonomy":"category","embeddable":true,"href":"https:\/\/agrupacionespsoe.es\/castello\/wp-json\/wp\/v2\/categories?post=8670"},{"taxonomy":"post_tag","embeddable":true,"href":"https:\/\/agrupacionespsoe.es\/castello\/wp-json\/wp\/v2\/tags?post=8670"}],"curies":[{"name":"wp","href":"https:\/\/api.w.org\/{rel}","templated":true}]}}