{"id":8410,"date":"2025-07-07T16:18:41","date_gmt":"2025-07-07T14:18:41","guid":{"rendered":"https:\/\/agrupacionespsoe.es\/castello\/?p=8410"},"modified":"2025-07-07T16:21:00","modified_gmt":"2025-07-07T14:21:00","slug":"el-pspv-invita-a-vicent-sales-a-darse-una-vuelta-por-las-mananas-por-el-registro-general-para-que-vea-las-largas-colas-que-padece-la-ciudadania","status":"publish","type":"post","link":"https:\/\/agrupacionespsoe.es\/castello\/el-pspv-invita-a-vicent-sales-a-darse-una-vuelta-por-las-mananas-por-el-registro-general-para-que-vea-las-largas-colas-que-padece-la-ciudadania\/","title":{"rendered":"El PSPV \u2018invita\u2019 a Vicent Sales a \u201cdarse una vuelta por las ma\u00f1anas por el Registro General para que vea las largas colas que padece la ciudadan\u00eda\u201d"},"content":{"rendered":"\n<ul class=\"wp-block-list\">\n<li><em><strong>El portavoz adjunto del Grupo Municipal Socialista, Jos\u00e9 Luis L\u00f3pez, califica de \u201ctomadura de pelo\u201d que desde el equipo de gobierno se diga que \u201cse ha aliviado el colapso\u201d a primera hora de la ma\u00f1ana en las oficinas del edificio noble del Ayuntamiento de Castell\u00f3<\/strong><\/em><\/li>\n<\/ul>\n\n\n\n<p>El portavoz adjunto del Grupo Municipal Socialista, <a href=\"https:\/\/agrupacionespsoe.es\/castello\/tag\/jose-luis-lopez\/\">Jos\u00e9 Luis L\u00f3pez<\/a>, ha calificado de \u201ctomadura de pelo\u201d las palabras del portavoz del equipo de gobierno, <a href=\"https:\/\/agrupacionespsoe.es\/castello\/tag\/vicent-sales\/\">Vicent Sales<\/a>, aseverando que el actual equipo de gobierno ha conseguido \u201caliviar el colapso\u201d que se produc\u00eda en las oficinas del Registro General del edificio noble del Ayuntamiento de Castell\u00f3.<\/p>\n\n\n\n<p>L\u00f3pez, al respecto, se\u00f1ala que \u201cno pasa un d\u00eda sin que decenas de castellonenses tengan que hacer horas de espera al sol en la plaza Mayor para poder ser atendidos en la franja que va de 9 a 11 horas, que es la que est\u00e1 habilitada para las personas que no cuentan sin cita previa\u201d.<\/p>\n\n\n\n<p>Para el portavoz adjunto socialista, \u201cque esta lamentable imagen se produzca a diario y el equipo de gobierno sea incapaz de buscar soluciones, como es estudiar la manera de reforzar la atenci\u00f3n al p\u00fablico, dice mucho del actual equipo de gobierno PPVox, m\u00e1s centrado en la propaganda y el postureo de la se\u00f1ora <a href=\"https:\/\/agrupacionespsoe.es\/castello\/tag\/begona-carrasco\/\">Bego\u00f1a Carrasco<\/a> que en el d\u00eda a d\u00eda de la ciudadan\u00eda\u201d.<\/p>\n\n\n\n<p>Como se\u00f1ala Jos\u00e9 Luis L\u00f3pez, \u201cson muchos los vecinos y vecinas que necesitan con urgencia realizar un tr\u00e1mite y no pueden esperar en ocasiones m\u00e1s de un mes, que es la fecha que a veces se da en el caso de pedir cita previa\u201d. Pese a ello, \u201cla alcaldesa de Castell\u00f3 se preocupa m\u00e1s por hacerse v\u00eddeos con drones asomada a su balc\u00f3n que de atender a las y los castellonenses que pasan horas al sol al lado del despacho de Carrasco\u201d.<\/p>\n","protected":false},"excerpt":{"rendered":"<p>El portavoz adjunto del Grupo Municipal Socialista, Jos\u00e9 Luis L\u00f3pez, ha calificado de \u201ctomadura de pelo\u201d las palabras del portavoz del equipo de gobierno, Vicent Sales, aseverando que el actual equipo de gobierno ha conseguido \u201caliviar el colapso\u201d que se produc\u00eda en las oficinas del Registro General del edificio noble del Ayuntamiento de Castell\u00f3. L\u00f3pez, &#8230;<\/p>\n","protected":false},"author":48,"featured_media":8411,"comment_status":"open","ping_status":"open","sticky":false,"template":"","format":"standard","meta":{"_jetpack_memberships_contains_paid_content":false,"footnotes":"","jetpack_publicize_message":"","jetpack_publicize_feature_enabled":true,"jetpack_social_post_already_shared":false,"jetpack_social_options":{"image_generator_settings":{"template":"highway","default_image_id":0,"font":"","enabled":false},"version":2}},"categories":[33],"tags":[733,85,448,778],"class_list":["post-8410","post","type-post","status-publish","format-standard","has-post-thumbnail","hentry","category-gms","tag-begona-carrasco","tag-jose-luis-lopez","tag-todos-es","tag-vicent-sales"],"yoast_head":"<!-- This site is optimized with the Yoast SEO plugin v24.0 - https:\/\/yoast.com\/wordpress\/plugins\/seo\/ -->\n<title>El PSPV \u2018invita\u2019 a Vicent Sales a \u201cdarse una vuelta por las ma\u00f1anas por el Registro General para que vea las largas colas que padece la ciudadan\u00eda\u201d - PSPV-PSOE CASTELL\u00d3<\/title>\n<meta name=\"robots\" content=\"index, follow, max-snippet:-1, max-image-preview:large, max-video-preview:-1\" \/>\n<link rel=\"canonical\" href=\"https:\/\/agrupacionespsoe.es\/castello\/el-pspv-invita-a-vicent-sales-a-darse-una-vuelta-por-las-mananas-por-el-registro-general-para-que-vea-las-largas-colas-que-padece-la-ciudadania\/\" \/>\n<meta property=\"og:locale\" content=\"es_ES\" \/>\n<meta property=\"og:type\" content=\"article\" \/>\n<meta property=\"og:title\" content=\"El PSPV \u2018invita\u2019 a Vicent Sales a \u201cdarse una vuelta por las ma\u00f1anas por el Registro General para que vea las largas colas que padece la ciudadan\u00eda\u201d - PSPV-PSOE CASTELL\u00d3\" \/>\n<meta property=\"og:description\" content=\"El portavoz adjunto del Grupo Municipal Socialista, Jos\u00e9 Luis L\u00f3pez, ha calificado de \u201ctomadura de pelo\u201d las palabras del portavoz del equipo de gobierno, Vicent Sales, aseverando que el actual equipo de gobierno ha conseguido \u201caliviar el colapso\u201d que se produc\u00eda en las oficinas del Registro General del edificio noble del Ayuntamiento de Castell\u00f3. L\u00f3pez, ...\" \/>\n<meta property=\"og:url\" content=\"https:\/\/agrupacionespsoe.es\/castello\/el-pspv-invita-a-vicent-sales-a-darse-una-vuelta-por-las-mananas-por-el-registro-general-para-que-vea-las-largas-colas-que-padece-la-ciudadania\/\" \/>\n<meta property=\"og:site_name\" content=\"PSPV-PSOE CASTELL\u00d3\" \/>\n<meta property=\"article:publisher\" content=\"https:\/\/www.facebook.com\/pspv.castellodelaplana\" \/>\n<meta property=\"article:published_time\" content=\"2025-07-07T14:18:41+00:00\" \/>\n<meta property=\"article:modified_time\" content=\"2025-07-07T14:21:00+00:00\" \/>\n<meta property=\"og:image\" content=\"https:\/\/agrupacionespsoe.es\/castello\/wp-content\/uploads\/sites\/45\/2025\/07\/20250707-El-PSPV-\u2018invita-a-Vicent-Sales-a-darse-una-vuelta-por-las-mananas-por-el-Registro-General-para-que-vea-las-largas-colas-que-padece-la-ciudadania.jpg\" \/>\n\t<meta property=\"og:image:width\" content=\"1170\" \/>\n\t<meta property=\"og:image:height\" content=\"1715\" \/>\n\t<meta property=\"og:image:type\" content=\"image\/jpeg\" \/>\n<meta name=\"author\" content=\"castello1\" \/>\n<meta name=\"twitter:card\" content=\"summary_large_image\" \/>\n<meta name=\"twitter:creator\" content=\"@pspv_cs\" \/>\n<meta name=\"twitter:site\" content=\"@pspv_cs\" \/>\n<meta name=\"twitter:label1\" content=\"Escrito por\" \/>\n\t<meta name=\"twitter:data1\" content=\"castello1\" \/>\n\t<meta name=\"twitter:label2\" content=\"Tiempo de lectura\" \/>\n\t<meta name=\"twitter:data2\" content=\"1 minuto\" \/>\n<script type=\"application\/ld+json\" class=\"yoast-schema-graph\">{\"@context\":\"https:\/\/schema.org\",\"@graph\":[{\"@type\":\"Article\",\"@id\":\"https:\/\/agrupacionespsoe.es\/castello\/el-pspv-invita-a-vicent-sales-a-darse-una-vuelta-por-las-mananas-por-el-registro-general-para-que-vea-las-largas-colas-que-padece-la-ciudadania\/#article\",\"isPartOf\":{\"@id\":\"https:\/\/agrupacionespsoe.es\/castello\/el-pspv-invita-a-vicent-sales-a-darse-una-vuelta-por-las-mananas-por-el-registro-general-para-que-vea-las-largas-colas-que-padece-la-ciudadania\/\"},\"author\":{\"name\":\"castello1\",\"@id\":\"https:\/\/agrupacionespsoe.es\/castello\/#\/schema\/person\/f3bc5b2f9dc6a399e9e98596ae24a20a\"},\"headline\":\"El PSPV \u2018invita\u2019 a Vicent Sales a \u201cdarse una vuelta por las ma\u00f1anas por el Registro General para que vea las largas colas que padece la ciudadan\u00eda\u201d\",\"datePublished\":\"2025-07-07T14:18:41+00:00\",\"dateModified\":\"2025-07-07T14:21:00+00:00\",\"mainEntityOfPage\":{\"@id\":\"https:\/\/agrupacionespsoe.es\/castello\/el-pspv-invita-a-vicent-sales-a-darse-una-vuelta-por-las-mananas-por-el-registro-general-para-que-vea-las-largas-colas-que-padece-la-ciudadania\/\"},\"wordCount\":349,\"commentCount\":0,\"publisher\":{\"@id\":\"https:\/\/agrupacionespsoe.es\/castello\/#organization\"},\"image\":{\"@id\":\"https:\/\/agrupacionespsoe.es\/castello\/el-pspv-invita-a-vicent-sales-a-darse-una-vuelta-por-las-mananas-por-el-registro-general-para-que-vea-las-largas-colas-que-padece-la-ciudadania\/#primaryimage\"},\"thumbnailUrl\":\"https:\/\/agrupacionespsoe.es\/castello\/wp-content\/uploads\/sites\/45\/2025\/07\/20250707-El-PSPV-\u2018invita-a-Vicent-Sales-a-darse-una-vuelta-por-las-mananas-por-el-Registro-General-para-que-vea-las-largas-colas-que-padece-la-ciudadania.jpg\",\"keywords\":[\"Bego\u00f1a Carrasco\",\"Jos\u00e9 Luis L\u00f3pez\",\"Todos\",\"Vicent Sales\"],\"articleSection\":[\"Grupo Municipal Socialista\"],\"inLanguage\":\"es\",\"potentialAction\":[{\"@type\":\"CommentAction\",\"name\":\"Comment\",\"target\":[\"https:\/\/agrupacionespsoe.es\/castello\/el-pspv-invita-a-vicent-sales-a-darse-una-vuelta-por-las-mananas-por-el-registro-general-para-que-vea-las-largas-colas-que-padece-la-ciudadania\/#respond\"]}]},{\"@type\":\"WebPage\",\"@id\":\"https:\/\/agrupacionespsoe.es\/castello\/el-pspv-invita-a-vicent-sales-a-darse-una-vuelta-por-las-mananas-por-el-registro-general-para-que-vea-las-largas-colas-que-padece-la-ciudadania\/\",\"url\":\"https:\/\/agrupacionespsoe.es\/castello\/el-pspv-invita-a-vicent-sales-a-darse-una-vuelta-por-las-mananas-por-el-registro-general-para-que-vea-las-largas-colas-que-padece-la-ciudadania\/\",\"name\":\"El PSPV \u2018invita\u2019 a Vicent Sales a \u201cdarse una vuelta por las ma\u00f1anas por el Registro General para que vea las largas colas que padece la ciudadan\u00eda\u201d - PSPV-PSOE CASTELL\u00d3\",\"isPartOf\":{\"@id\":\"https:\/\/agrupacionespsoe.es\/castello\/#website\"},\"primaryImageOfPage\":{\"@id\":\"https:\/\/agrupacionespsoe.es\/castello\/el-pspv-invita-a-vicent-sales-a-darse-una-vuelta-por-las-mananas-por-el-registro-general-para-que-vea-las-largas-colas-que-padece-la-ciudadania\/#primaryimage\"},\"image\":{\"@id\":\"https:\/\/agrupacionespsoe.es\/castello\/el-pspv-invita-a-vicent-sales-a-darse-una-vuelta-por-las-mananas-por-el-registro-general-para-que-vea-las-largas-colas-que-padece-la-ciudadania\/#primaryimage\"},\"thumbnailUrl\":\"https:\/\/agrupacionespsoe.es\/castello\/wp-content\/uploads\/sites\/45\/2025\/07\/20250707-El-PSPV-\u2018invita-a-Vicent-Sales-a-darse-una-vuelta-por-las-mananas-por-el-Registro-General-para-que-vea-las-largas-colas-que-padece-la-ciudadania.jpg\",\"datePublished\":\"2025-07-07T14:18:41+00:00\",\"dateModified\":\"2025-07-07T14:21:00+00:00\",\"breadcrumb\":{\"@id\":\"https:\/\/agrupacionespsoe.es\/castello\/el-pspv-invita-a-vicent-sales-a-darse-una-vuelta-por-las-mananas-por-el-registro-general-para-que-vea-las-largas-colas-que-padece-la-ciudadania\/#breadcrumb\"},\"inLanguage\":\"es\",\"potentialAction\":[{\"@type\":\"ReadAction\",\"target\":[\"https:\/\/agrupacionespsoe.es\/castello\/el-pspv-invita-a-vicent-sales-a-darse-una-vuelta-por-las-mananas-por-el-registro-general-para-que-vea-las-largas-colas-que-padece-la-ciudadania\/\"]}]},{\"@type\":\"ImageObject\",\"inLanguage\":\"es\",\"@id\":\"https:\/\/agrupacionespsoe.es\/castello\/el-pspv-invita-a-vicent-sales-a-darse-una-vuelta-por-las-mananas-por-el-registro-general-para-que-vea-las-largas-colas-que-padece-la-ciudadania\/#primaryimage\",\"url\":\"https:\/\/agrupacionespsoe.es\/castello\/wp-content\/uploads\/sites\/45\/2025\/07\/20250707-El-PSPV-\u2018invita-a-Vicent-Sales-a-darse-una-vuelta-por-las-mananas-por-el-Registro-General-para-que-vea-las-largas-colas-que-padece-la-ciudadania.jpg\",\"contentUrl\":\"https:\/\/agrupacionespsoe.es\/castello\/wp-content\/uploads\/sites\/45\/2025\/07\/20250707-El-PSPV-\u2018invita-a-Vicent-Sales-a-darse-una-vuelta-por-las-mananas-por-el-Registro-General-para-que-vea-las-largas-colas-que-padece-la-ciudadania.jpg\",\"width\":1170,\"height\":1715},{\"@type\":\"BreadcrumbList\",\"@id\":\"https:\/\/agrupacionespsoe.es\/castello\/el-pspv-invita-a-vicent-sales-a-darse-una-vuelta-por-las-mananas-por-el-registro-general-para-que-vea-las-largas-colas-que-padece-la-ciudadania\/#breadcrumb\",\"itemListElement\":[{\"@type\":\"ListItem\",\"position\":1,\"name\":\"Portada\",\"item\":\"https:\/\/agrupacionespsoe.es\/castello\/\"},{\"@type\":\"ListItem\",\"position\":2,\"name\":\"El PSPV \u2018invita\u2019 a Vicent Sales a \u201cdarse una vuelta por las ma\u00f1anas por el Registro General para que vea las largas colas que padece la ciudadan\u00eda\u201d\"}]},{\"@type\":\"WebSite\",\"@id\":\"https:\/\/agrupacionespsoe.es\/castello\/#website\",\"url\":\"https:\/\/agrupacionespsoe.es\/castello\/\",\"name\":\"PSPV-PSOE CASTELL\u00d3\",\"description\":\"PSPV-PSOE | Agrupaci\u00f3 de Castell\u00f3\",\"publisher\":{\"@id\":\"https:\/\/agrupacionespsoe.es\/castello\/#organization\"},\"potentialAction\":[{\"@type\":\"SearchAction\",\"target\":{\"@type\":\"EntryPoint\",\"urlTemplate\":\"https:\/\/agrupacionespsoe.es\/castello\/?s={search_term_string}\"},\"query-input\":{\"@type\":\"PropertyValueSpecification\",\"valueRequired\":true,\"valueName\":\"search_term_string\"}}],\"inLanguage\":\"es\"},{\"@type\":\"Organization\",\"@id\":\"https:\/\/agrupacionespsoe.es\/castello\/#organization\",\"name\":\"PSPV-PSOE Castell\u00f3\",\"url\":\"https:\/\/agrupacionespsoe.es\/castello\/\",\"logo\":{\"@type\":\"ImageObject\",\"inLanguage\":\"es\",\"@id\":\"https:\/\/agrupacionespsoe.es\/castello\/#\/schema\/logo\/image\/\",\"url\":\"https:\/\/agrupacionespsoe.es\/castello\/wp-content\/uploads\/sites\/45\/2023\/04\/PORTADA-PSOE-CASTELLO.jpg\",\"contentUrl\":\"https:\/\/agrupacionespsoe.es\/castello\/wp-content\/uploads\/sites\/45\/2023\/04\/PORTADA-PSOE-CASTELLO.jpg\",\"width\":2500,\"height\":2500,\"caption\":\"PSPV-PSOE Castell\u00f3\"},\"image\":{\"@id\":\"https:\/\/agrupacionespsoe.es\/castello\/#\/schema\/logo\/image\/\"},\"sameAs\":[\"https:\/\/www.facebook.com\/pspv.castellodelaplana\",\"https:\/\/x.com\/pspv_cs\",\"https:\/\/www.instagram.com\/pspvpsoecastello\/\"]},{\"@type\":\"Person\",\"@id\":\"https:\/\/agrupacionespsoe.es\/castello\/#\/schema\/person\/f3bc5b2f9dc6a399e9e98596ae24a20a\",\"name\":\"castello1\",\"image\":{\"@type\":\"ImageObject\",\"inLanguage\":\"es\",\"@id\":\"https:\/\/agrupacionespsoe.es\/castello\/#\/schema\/person\/image\/\",\"url\":\"https:\/\/secure.gravatar.com\/avatar\/5f1da428d6479d1127419c0b58796865?s=96&d=mm&r=g\",\"contentUrl\":\"https:\/\/secure.gravatar.com\/avatar\/5f1da428d6479d1127419c0b58796865?s=96&d=mm&r=g\",\"caption\":\"castello1\"},\"url\":\"https:\/\/agrupacionespsoe.es\/castello\/author\/castello1\/\"}]}<\/script>\n<!-- \/ Yoast SEO plugin. -->","yoast_head_json":{"title":"El PSPV \u2018invita\u2019 a Vicent Sales a \u201cdarse una vuelta por las ma\u00f1anas por el Registro General para que vea las largas colas que padece la ciudadan\u00eda\u201d - PSPV-PSOE CASTELL\u00d3","robots":{"index":"index","follow":"follow","max-snippet":"max-snippet:-1","max-image-preview":"max-image-preview:large","max-video-preview":"max-video-preview:-1"},"canonical":"https:\/\/agrupacionespsoe.es\/castello\/el-pspv-invita-a-vicent-sales-a-darse-una-vuelta-por-las-mananas-por-el-registro-general-para-que-vea-las-largas-colas-que-padece-la-ciudadania\/","og_locale":"es_ES","og_type":"article","og_title":"El PSPV \u2018invita\u2019 a Vicent Sales a \u201cdarse una vuelta por las ma\u00f1anas por el Registro General para que vea las largas colas que padece la ciudadan\u00eda\u201d - PSPV-PSOE CASTELL\u00d3","og_description":"El portavoz adjunto del Grupo Municipal Socialista, Jos\u00e9 Luis L\u00f3pez, ha calificado de \u201ctomadura de pelo\u201d las palabras del portavoz del equipo de gobierno, Vicent Sales, aseverando que el actual equipo de gobierno ha conseguido \u201caliviar el colapso\u201d que se produc\u00eda en las oficinas del Registro General del edificio noble del Ayuntamiento de Castell\u00f3. L\u00f3pez, ...","og_url":"https:\/\/agrupacionespsoe.es\/castello\/el-pspv-invita-a-vicent-sales-a-darse-una-vuelta-por-las-mananas-por-el-registro-general-para-que-vea-las-largas-colas-que-padece-la-ciudadania\/","og_site_name":"PSPV-PSOE CASTELL\u00d3","article_publisher":"https:\/\/www.facebook.com\/pspv.castellodelaplana","article_published_time":"2025-07-07T14:18:41+00:00","article_modified_time":"2025-07-07T14:21:00+00:00","og_image":[{"width":1170,"height":1715,"url":"https:\/\/agrupacionespsoe.es\/castello\/wp-content\/uploads\/sites\/45\/2025\/07\/20250707-El-PSPV-\u2018invita-a-Vicent-Sales-a-darse-una-vuelta-por-las-mananas-por-el-Registro-General-para-que-vea-las-largas-colas-que-padece-la-ciudadania.jpg","type":"image\/jpeg"}],"author":"castello1","twitter_card":"summary_large_image","twitter_creator":"@pspv_cs","twitter_site":"@pspv_cs","twitter_misc":{"Escrito por":"castello1","Tiempo de lectura":"1 minuto"},"schema":{"@context":"https:\/\/schema.org","@graph":[{"@type":"Article","@id":"https:\/\/agrupacionespsoe.es\/castello\/el-pspv-invita-a-vicent-sales-a-darse-una-vuelta-por-las-mananas-por-el-registro-general-para-que-vea-las-largas-colas-que-padece-la-ciudadania\/#article","isPartOf":{"@id":"https:\/\/agrupacionespsoe.es\/castello\/el-pspv-invita-a-vicent-sales-a-darse-una-vuelta-por-las-mananas-por-el-registro-general-para-que-vea-las-largas-colas-que-padece-la-ciudadania\/"},"author":{"name":"castello1","@id":"https:\/\/agrupacionespsoe.es\/castello\/#\/schema\/person\/f3bc5b2f9dc6a399e9e98596ae24a20a"},"headline":"El PSPV \u2018invita\u2019 a Vicent Sales a \u201cdarse una vuelta por las ma\u00f1anas por el Registro General para que vea las largas colas que padece la ciudadan\u00eda\u201d","datePublished":"2025-07-07T14:18:41+00:00","dateModified":"2025-07-07T14:21:00+00:00","mainEntityOfPage":{"@id":"https:\/\/agrupacionespsoe.es\/castello\/el-pspv-invita-a-vicent-sales-a-darse-una-vuelta-por-las-mananas-por-el-registro-general-para-que-vea-las-largas-colas-que-padece-la-ciudadania\/"},"wordCount":349,"commentCount":0,"publisher":{"@id":"https:\/\/agrupacionespsoe.es\/castello\/#organization"},"image":{"@id":"https:\/\/agrupacionespsoe.es\/castello\/el-pspv-invita-a-vicent-sales-a-darse-una-vuelta-por-las-mananas-por-el-registro-general-para-que-vea-las-largas-colas-que-padece-la-ciudadania\/#primaryimage"},"thumbnailUrl":"https:\/\/agrupacionespsoe.es\/castello\/wp-content\/uploads\/sites\/45\/2025\/07\/20250707-El-PSPV-\u2018invita-a-Vicent-Sales-a-darse-una-vuelta-por-las-mananas-por-el-Registro-General-para-que-vea-las-largas-colas-que-padece-la-ciudadania.jpg","keywords":["Bego\u00f1a Carrasco","Jos\u00e9 Luis L\u00f3pez","Todos","Vicent Sales"],"articleSection":["Grupo Municipal Socialista"],"inLanguage":"es","potentialAction":[{"@type":"CommentAction","name":"Comment","target":["https:\/\/agrupacionespsoe.es\/castello\/el-pspv-invita-a-vicent-sales-a-darse-una-vuelta-por-las-mananas-por-el-registro-general-para-que-vea-las-largas-colas-que-padece-la-ciudadania\/#respond"]}]},{"@type":"WebPage","@id":"https:\/\/agrupacionespsoe.es\/castello\/el-pspv-invita-a-vicent-sales-a-darse-una-vuelta-por-las-mananas-por-el-registro-general-para-que-vea-las-largas-colas-que-padece-la-ciudadania\/","url":"https:\/\/agrupacionespsoe.es\/castello\/el-pspv-invita-a-vicent-sales-a-darse-una-vuelta-por-las-mananas-por-el-registro-general-para-que-vea-las-largas-colas-que-padece-la-ciudadania\/","name":"El PSPV \u2018invita\u2019 a Vicent Sales a \u201cdarse una vuelta por las ma\u00f1anas por el Registro General para que vea las largas colas que padece la ciudadan\u00eda\u201d - PSPV-PSOE CASTELL\u00d3","isPartOf":{"@id":"https:\/\/agrupacionespsoe.es\/castello\/#website"},"primaryImageOfPage":{"@id":"https:\/\/agrupacionespsoe.es\/castello\/el-pspv-invita-a-vicent-sales-a-darse-una-vuelta-por-las-mananas-por-el-registro-general-para-que-vea-las-largas-colas-que-padece-la-ciudadania\/#primaryimage"},"image":{"@id":"https:\/\/agrupacionespsoe.es\/castello\/el-pspv-invita-a-vicent-sales-a-darse-una-vuelta-por-las-mananas-por-el-registro-general-para-que-vea-las-largas-colas-que-padece-la-ciudadania\/#primaryimage"},"thumbnailUrl":"https:\/\/agrupacionespsoe.es\/castello\/wp-content\/uploads\/sites\/45\/2025\/07\/20250707-El-PSPV-\u2018invita-a-Vicent-Sales-a-darse-una-vuelta-por-las-mananas-por-el-Registro-General-para-que-vea-las-largas-colas-que-padece-la-ciudadania.jpg","datePublished":"2025-07-07T14:18:41+00:00","dateModified":"2025-07-07T14:21:00+00:00","breadcrumb":{"@id":"https:\/\/agrupacionespsoe.es\/castello\/el-pspv-invita-a-vicent-sales-a-darse-una-vuelta-por-las-mananas-por-el-registro-general-para-que-vea-las-largas-colas-que-padece-la-ciudadania\/#breadcrumb"},"inLanguage":"es","potentialAction":[{"@type":"ReadAction","target":["https:\/\/agrupacionespsoe.es\/castello\/el-pspv-invita-a-vicent-sales-a-darse-una-vuelta-por-las-mananas-por-el-registro-general-para-que-vea-las-largas-colas-que-padece-la-ciudadania\/"]}]},{"@type":"ImageObject","inLanguage":"es","@id":"https:\/\/agrupacionespsoe.es\/castello\/el-pspv-invita-a-vicent-sales-a-darse-una-vuelta-por-las-mananas-por-el-registro-general-para-que-vea-las-largas-colas-que-padece-la-ciudadania\/#primaryimage","url":"https:\/\/agrupacionespsoe.es\/castello\/wp-content\/uploads\/sites\/45\/2025\/07\/20250707-El-PSPV-\u2018invita-a-Vicent-Sales-a-darse-una-vuelta-por-las-mananas-por-el-Registro-General-para-que-vea-las-largas-colas-que-padece-la-ciudadania.jpg","contentUrl":"https:\/\/agrupacionespsoe.es\/castello\/wp-content\/uploads\/sites\/45\/2025\/07\/20250707-El-PSPV-\u2018invita-a-Vicent-Sales-a-darse-una-vuelta-por-las-mananas-por-el-Registro-General-para-que-vea-las-largas-colas-que-padece-la-ciudadania.jpg","width":1170,"height":1715},{"@type":"BreadcrumbList","@id":"https:\/\/agrupacionespsoe.es\/castello\/el-pspv-invita-a-vicent-sales-a-darse-una-vuelta-por-las-mananas-por-el-registro-general-para-que-vea-las-largas-colas-que-padece-la-ciudadania\/#breadcrumb","itemListElement":[{"@type":"ListItem","position":1,"name":"Portada","item":"https:\/\/agrupacionespsoe.es\/castello\/"},{"@type":"ListItem","position":2,"name":"El PSPV \u2018invita\u2019 a Vicent Sales a \u201cdarse una vuelta por las ma\u00f1anas por el Registro General para que vea las largas colas que padece la ciudadan\u00eda\u201d"}]},{"@type":"WebSite","@id":"https:\/\/agrupacionespsoe.es\/castello\/#website","url":"https:\/\/agrupacionespsoe.es\/castello\/","name":"PSPV-PSOE CASTELL\u00d3","description":"PSPV-PSOE | Agrupaci\u00f3 de Castell\u00f3","publisher":{"@id":"https:\/\/agrupacionespsoe.es\/castello\/#organization"},"potentialAction":[{"@type":"SearchAction","target":{"@type":"EntryPoint","urlTemplate":"https:\/\/agrupacionespsoe.es\/castello\/?s={search_term_string}"},"query-input":{"@type":"PropertyValueSpecification","valueRequired":true,"valueName":"search_term_string"}}],"inLanguage":"es"},{"@type":"Organization","@id":"https:\/\/agrupacionespsoe.es\/castello\/#organization","name":"PSPV-PSOE Castell\u00f3","url":"https:\/\/agrupacionespsoe.es\/castello\/","logo":{"@type":"ImageObject","inLanguage":"es","@id":"https:\/\/agrupacionespsoe.es\/castello\/#\/schema\/logo\/image\/","url":"https:\/\/agrupacionespsoe.es\/castello\/wp-content\/uploads\/sites\/45\/2023\/04\/PORTADA-PSOE-CASTELLO.jpg","contentUrl":"https:\/\/agrupacionespsoe.es\/castello\/wp-content\/uploads\/sites\/45\/2023\/04\/PORTADA-PSOE-CASTELLO.jpg","width":2500,"height":2500,"caption":"PSPV-PSOE Castell\u00f3"},"image":{"@id":"https:\/\/agrupacionespsoe.es\/castello\/#\/schema\/logo\/image\/"},"sameAs":["https:\/\/www.facebook.com\/pspv.castellodelaplana","https:\/\/x.com\/pspv_cs","https:\/\/www.instagram.com\/pspvpsoecastello\/"]},{"@type":"Person","@id":"https:\/\/agrupacionespsoe.es\/castello\/#\/schema\/person\/f3bc5b2f9dc6a399e9e98596ae24a20a","name":"castello1","image":{"@type":"ImageObject","inLanguage":"es","@id":"https:\/\/agrupacionespsoe.es\/castello\/#\/schema\/person\/image\/","url":"https:\/\/secure.gravatar.com\/avatar\/5f1da428d6479d1127419c0b58796865?s=96&d=mm&r=g","contentUrl":"https:\/\/secure.gravatar.com\/avatar\/5f1da428d6479d1127419c0b58796865?s=96&d=mm&r=g","caption":"castello1"},"url":"https:\/\/agrupacionespsoe.es\/castello\/author\/castello1\/"}]}},"jetpack_publicize_connections":[],"jetpack_featured_media_url":"https:\/\/agrupacionespsoe.es\/castello\/wp-content\/uploads\/sites\/45\/2025\/07\/20250707-El-PSPV-\u2018invita-a-Vicent-Sales-a-darse-una-vuelta-por-las-mananas-por-el-Registro-General-para-que-vea-las-largas-colas-que-padece-la-ciudadania.jpg","jetpack_sharing_enabled":true,"_links":{"self":[{"href":"https:\/\/agrupacionespsoe.es\/castello\/wp-json\/wp\/v2\/posts\/8410","targetHints":{"allow":["GET"]}}],"collection":[{"href":"https:\/\/agrupacionespsoe.es\/castello\/wp-json\/wp\/v2\/posts"}],"about":[{"href":"https:\/\/agrupacionespsoe.es\/castello\/wp-json\/wp\/v2\/types\/post"}],"author":[{"embeddable":true,"href":"https:\/\/agrupacionespsoe.es\/castello\/wp-json\/wp\/v2\/users\/48"}],"replies":[{"embeddable":true,"href":"https:\/\/agrupacionespsoe.es\/castello\/wp-json\/wp\/v2\/comments?post=8410"}],"version-history":[{"count":3,"href":"https:\/\/agrupacionespsoe.es\/castello\/wp-json\/wp\/v2\/posts\/8410\/revisions"}],"predecessor-version":[{"id":8417,"href":"https:\/\/agrupacionespsoe.es\/castello\/wp-json\/wp\/v2\/posts\/8410\/revisions\/8417"}],"wp:featuredmedia":[{"embeddable":true,"href":"https:\/\/agrupacionespsoe.es\/castello\/wp-json\/wp\/v2\/media\/8411"}],"wp:attachment":[{"href":"https:\/\/agrupacionespsoe.es\/castello\/wp-json\/wp\/v2\/media?parent=8410"}],"wp:term":[{"taxonomy":"category","embeddable":true,"href":"https:\/\/agrupacionespsoe.es\/castello\/wp-json\/wp\/v2\/categories?post=8410"},{"taxonomy":"post_tag","embeddable":true,"href":"https:\/\/agrupacionespsoe.es\/castello\/wp-json\/wp\/v2\/tags?post=8410"}],"curies":[{"name":"wp","href":"https:\/\/api.w.org\/{rel}","templated":true}]}}