{"id":8215,"date":"2025-06-12T13:44:45","date_gmt":"2025-06-12T11:44:45","guid":{"rendered":"https:\/\/agrupacionespsoe.es\/castello\/?p=8215"},"modified":"2025-06-12T13:44:46","modified_gmt":"2025-06-12T11:44:46","slug":"el-trasllat-de-deposits-de-laerodrom-de-castello-confirma-que-deixa-la-base-demergencies-inoperativa-i-demostra-les-mentides-de-sales","status":"publish","type":"post","link":"https:\/\/agrupacionespsoe.es\/castello\/va\/el-trasllat-de-deposits-de-laerodrom-de-castello-confirma-que-deixa-la-base-demergencies-inoperativa-i-demostra-les-mentides-de-sales\/","title":{"rendered":"El trasllat de dep\u00f2sits de l&#8217;aer\u00f2drom de Castell\u00f3 confirma que deixa la base d&#8217;emerg\u00e8ncies inoperativa i demostra les \u201cmentides de Sales\u201d"},"content":{"rendered":"\n<ul class=\"wp-block-list\">\n<li><strong>La portaveu del Grup Municipal Socialista, Patricia Puerta, insisteix que la falta de planificaci\u00f3 de l&#8217;ajuntament de Bego\u00f1a Carrasco provoca que les obres del nou aparcament en Ferrandis Salvador, que obliguen al trasllat de les instal\u00b7lacions d&#8217;emerg\u00e8ncies, es realitzen en plena campanya d&#8217;incendis<\/strong><\/li>\n<\/ul>\n\n\n\n<figure class=\"wp-block-audio\"><audio controls src=\"https:\/\/agrupacionespsoe.es\/castello\/wp-content\/uploads\/sites\/45\/2025\/06\/20250612-El-traslado-de-depositos-del-aerodromo-de-Castello-confirma-que-deja-la-base-de-emergencias-inoperativa-y-demuestra-las-mentiras-de-Sales.mp3\" autoplay><\/audio><\/figure>\n\n\n\n<p>El trasllat aquests dies de les instal\u00b7lacions de la base d&#8217;emerg\u00e8ncies de l&#8217;aer\u00f2drom de Castell\u00f3 deixa inoperatius els serveis d&#8217;extinci\u00f3 d&#8217;incendis \u201cquan iniciem la pitjor \u00e8poca de l&#8217;any en q\u00fcestions d&#8217;alerta en les zones forestals de la prov\u00edncia\u201d, assenyala <a href=\"https:\/\/agrupacionespsoe.es\/castello\/va\/tag\/patricia-puerta-va\/\">Patricia Puerta<\/a>, portaveu del Grup Municipal Socialista a l&#8217;ajuntament.<\/p>\n\n\n\n<p>Des d&#8217;ahir dimecres, com demostren les imatges, s&#8217;est\u00e0 procedint a moure tota l&#8217;estructura de la base d&#8217;emerg\u00e8ncies, que continuar\u00e0 aquests dies amb el trasllat dels dep\u00f2sits d&#8217;aigua i combustible, a m\u00e9s de la casetes del personal. I tot aix\u00f2 \u201cper la lamentable planificaci\u00f3 per part de l&#8217;ajuntament de <a href=\"https:\/\/agrupacionespsoe.es\/castello\/va\/tag\/begona-carrasco-va\/\">Bego\u00f1a Carrasco<\/a>, que en lloc d&#8217;esperar que acabe la campanya d&#8217;incendis ha decidit crear en aquests moments un nou aparcament al costat de Ferrandis Salvador, afectant de manera directa a la base d&#8217;emerg\u00e8ncies\u201d.<\/p>\n\n\n\n<p>Sobre aquest tema, la portaveu socialista ha insistit que \u201cno tenim per descomptat res en contra d&#8217;aquesta nova \u00e0rea per a aparcar, per\u00f2 la l\u00f2gica fa pensar que aquests treballs, si afectaven la zona dels serveis antiincendis, havien d&#8217;haver-se deixat per a tardor\u201d.<\/p>\n\n\n\n<p>Aquest trasllat ara de les instal\u00b7lacions \u201cdeixen a m\u00e9s en evid\u00e8ncia, una vegada m\u00e9s, al rei de la mentida de l&#8217;Ajuntament de Castell\u00f3, el portaveu del govern municipal <a href=\"https:\/\/agrupacionespsoe.es\/castello\/va\/tag\/vicent-sales-va\/\">Vicent Sales<\/a>, capa\u00e7 si es fes un v\u00eddeo manipulant la veritat, en una zona que ni tan sols era la de la base d&#8217;emerg\u00e8ncies, per a dir que tot funcionava de manera correcta, quan la realitat \u00e9s totalment distinta\u201d.<\/p>\n\n\n\n<p>Fa unes setmanes es va iniciar l&#8217;asfaltat de la zona de c\u00e0rrega i estacionament dels avions que, al mateix temps, dona acc\u00e9s a la pista central. Una veja acabada aquesta fase, comen\u00e7a ara el trasllat de tots els dep\u00f2sits de combustible, aigua i les casetes de descans de les tripulacions.<\/p>\n\n\n\n<p>En aquesta base d&#8217;emerg\u00e8ncies han arribat a operar fins a 18 avions en incendis com l&#8217;ocorregut fa tres anys a Bej\u00eds. \u00abActualment, i en plena campanya contra incendis, cap avi\u00f3 pot operar des de la principal base a\u00e8ria contra incendis forestals de la Comunitat Valenciana per la p\u00e8ssima gesti\u00f3 del govern de Bego\u00f1a Carrasco\u00bb, afig Puerta.<\/p>\n\n\n\n<p>El propi personal d&#8217;emerg\u00e8ncies del recinte ha compartit en xarxes socials les imatges actuals de la base, \u201cque confirmen que l&#8217;alcaldessa ha prioritzat la construcci\u00f3 d&#8217;un p\u00e0rquing per a anar a la platja abans que la seguretat de la poblaci\u00f3 de tota la prov\u00edncia\u201d.<\/p>\n","protected":false},"excerpt":{"rendered":"<p>El trasllat aquests dies de les instal\u00b7lacions de la base d&#8217;emerg\u00e8ncies de l&#8217;aer\u00f2drom de Castell\u00f3 deixa inoperatius els serveis d&#8217;extinci\u00f3 d&#8217;incendis \u201cquan iniciem la pitjor \u00e8poca de l&#8217;any en q\u00fcestions d&#8217;alerta en les zones forestals de la prov\u00edncia\u201d, assenyala Patricia Puerta, portaveu del Grup Municipal Socialista a l&#8217;ajuntament. Des d&#8217;ahir dimecres, com demostren les imatges, &#8230;<\/p>\n","protected":false},"author":48,"featured_media":8214,"comment_status":"open","ping_status":"open","sticky":false,"template":"","format":"standard","meta":{"_jetpack_memberships_contains_paid_content":false,"footnotes":"","jetpack_publicize_message":"","jetpack_publicize_feature_enabled":true,"jetpack_social_post_already_shared":false,"jetpack_social_options":{"image_generator_settings":{"template":"highway","default_image_id":0,"font":"","enabled":false},"version":2}},"categories":[22],"tags":[741,83,446,780],"class_list":["post-8215","post","type-post","status-publish","format-standard","has-post-thumbnail","hentry","category-gms-va","tag-begona-carrasco-va","tag-patricia-puerta-va","tag-todos-va","tag-vicent-sales-va"],"yoast_head":"<!-- This site is optimized with the Yoast SEO plugin v24.0 - https:\/\/yoast.com\/wordpress\/plugins\/seo\/ -->\n<title>El trasllat de dep\u00f2sits de l&#039;aer\u00f2drom de Castell\u00f3 confirma que deixa la base d&#039;emerg\u00e8ncies inoperativa i demostra les \u201cmentides de Sales\u201d - PSPV-PSOE CASTELL\u00d3<\/title>\n<meta name=\"robots\" content=\"index, follow, max-snippet:-1, max-image-preview:large, max-video-preview:-1\" \/>\n<link rel=\"canonical\" href=\"https:\/\/agrupacionespsoe.es\/castello\/va\/el-trasllat-de-deposits-de-laerodrom-de-castello-confirma-que-deixa-la-base-demergencies-inoperativa-i-demostra-les-mentides-de-sales\/\" \/>\n<meta property=\"og:locale\" content=\"es_ES\" \/>\n<meta property=\"og:type\" content=\"article\" \/>\n<meta property=\"og:title\" content=\"El trasllat de dep\u00f2sits de l&#039;aer\u00f2drom de Castell\u00f3 confirma que deixa la base d&#039;emerg\u00e8ncies inoperativa i demostra les \u201cmentides de Sales\u201d - PSPV-PSOE CASTELL\u00d3\" \/>\n<meta property=\"og:description\" content=\"El trasllat aquests dies de les instal\u00b7lacions de la base d&#8217;emerg\u00e8ncies de l&#8217;aer\u00f2drom de Castell\u00f3 deixa inoperatius els serveis d&#8217;extinci\u00f3 d&#8217;incendis \u201cquan iniciem la pitjor \u00e8poca de l&#8217;any en q\u00fcestions d&#8217;alerta en les zones forestals de la prov\u00edncia\u201d, assenyala Patricia Puerta, portaveu del Grup Municipal Socialista a l&#8217;ajuntament. Des d&#8217;ahir dimecres, com demostren les imatges, ...\" \/>\n<meta property=\"og:url\" content=\"https:\/\/agrupacionespsoe.es\/castello\/va\/el-trasllat-de-deposits-de-laerodrom-de-castello-confirma-que-deixa-la-base-demergencies-inoperativa-i-demostra-les-mentides-de-sales\/\" \/>\n<meta property=\"og:site_name\" content=\"PSPV-PSOE CASTELL\u00d3\" \/>\n<meta property=\"article:publisher\" content=\"https:\/\/www.facebook.com\/pspv.castellodelaplana\" \/>\n<meta property=\"article:published_time\" content=\"2025-06-12T11:44:45+00:00\" \/>\n<meta property=\"article:modified_time\" content=\"2025-06-12T11:44:46+00:00\" \/>\n<meta property=\"og:image\" content=\"https:\/\/agrupacionespsoe.es\/castello\/wp-content\/uploads\/sites\/45\/2025\/06\/20250612-El-traslado-de-depositos-del-aerodromo-de-Castello-confirma-que-deja-la-base-de-emergencias-inoperativa-y-demuestra-las-mentiras-de-Sales.jpeg\" \/>\n\t<meta property=\"og:image:width\" content=\"1280\" \/>\n\t<meta property=\"og:image:height\" content=\"720\" \/>\n\t<meta property=\"og:image:type\" content=\"image\/jpeg\" \/>\n<meta name=\"author\" content=\"castello1\" \/>\n<meta name=\"twitter:card\" content=\"summary_large_image\" \/>\n<meta name=\"twitter:creator\" content=\"@pspv_cs\" \/>\n<meta name=\"twitter:site\" content=\"@pspv_cs\" \/>\n<meta name=\"twitter:label1\" content=\"Escrito por\" \/>\n\t<meta name=\"twitter:data1\" content=\"castello1\" \/>\n\t<meta name=\"twitter:label2\" content=\"Tiempo de lectura\" \/>\n\t<meta name=\"twitter:data2\" content=\"3 minutos\" \/>\n<script type=\"application\/ld+json\" class=\"yoast-schema-graph\">{\"@context\":\"https:\/\/schema.org\",\"@graph\":[{\"@type\":\"Article\",\"@id\":\"https:\/\/agrupacionespsoe.es\/castello\/va\/el-trasllat-de-deposits-de-laerodrom-de-castello-confirma-que-deixa-la-base-demergencies-inoperativa-i-demostra-les-mentides-de-sales\/#article\",\"isPartOf\":{\"@id\":\"https:\/\/agrupacionespsoe.es\/castello\/va\/el-trasllat-de-deposits-de-laerodrom-de-castello-confirma-que-deixa-la-base-demergencies-inoperativa-i-demostra-les-mentides-de-sales\/\"},\"author\":{\"name\":\"castello1\",\"@id\":\"https:\/\/agrupacionespsoe.es\/castello\/#\/schema\/person\/f3bc5b2f9dc6a399e9e98596ae24a20a\"},\"headline\":\"El trasllat de dep\u00f2sits de l&#8217;aer\u00f2drom de Castell\u00f3 confirma que deixa la base d&#8217;emerg\u00e8ncies inoperativa i demostra les \u201cmentides de Sales\u201d\",\"datePublished\":\"2025-06-12T11:44:45+00:00\",\"dateModified\":\"2025-06-12T11:44:46+00:00\",\"mainEntityOfPage\":{\"@id\":\"https:\/\/agrupacionespsoe.es\/castello\/va\/el-trasllat-de-deposits-de-laerodrom-de-castello-confirma-que-deixa-la-base-demergencies-inoperativa-i-demostra-les-mentides-de-sales\/\"},\"wordCount\":487,\"commentCount\":0,\"publisher\":{\"@id\":\"https:\/\/agrupacionespsoe.es\/castello\/#organization\"},\"image\":{\"@id\":\"https:\/\/agrupacionespsoe.es\/castello\/va\/el-trasllat-de-deposits-de-laerodrom-de-castello-confirma-que-deixa-la-base-demergencies-inoperativa-i-demostra-les-mentides-de-sales\/#primaryimage\"},\"thumbnailUrl\":\"https:\/\/agrupacionespsoe.es\/castello\/wp-content\/uploads\/sites\/45\/2025\/06\/20250612-El-traslado-de-depositos-del-aerodromo-de-Castello-confirma-que-deja-la-base-de-emergencias-inoperativa-y-demuestra-las-mentiras-de-Sales.jpeg\",\"keywords\":[\"Bego\u00f1a Carrasco\",\"Patricia Puerta\",\"Todos\",\"Vicent Sales\"],\"articleSection\":[\"Grup Municipal Socialista\"],\"inLanguage\":\"es\",\"potentialAction\":[{\"@type\":\"CommentAction\",\"name\":\"Comment\",\"target\":[\"https:\/\/agrupacionespsoe.es\/castello\/va\/el-trasllat-de-deposits-de-laerodrom-de-castello-confirma-que-deixa-la-base-demergencies-inoperativa-i-demostra-les-mentides-de-sales\/#respond\"]}]},{\"@type\":\"WebPage\",\"@id\":\"https:\/\/agrupacionespsoe.es\/castello\/va\/el-trasllat-de-deposits-de-laerodrom-de-castello-confirma-que-deixa-la-base-demergencies-inoperativa-i-demostra-les-mentides-de-sales\/\",\"url\":\"https:\/\/agrupacionespsoe.es\/castello\/va\/el-trasllat-de-deposits-de-laerodrom-de-castello-confirma-que-deixa-la-base-demergencies-inoperativa-i-demostra-les-mentides-de-sales\/\",\"name\":\"El trasllat de dep\u00f2sits de l'aer\u00f2drom de Castell\u00f3 confirma que deixa la base d'emerg\u00e8ncies inoperativa i demostra les \u201cmentides de Sales\u201d - PSPV-PSOE CASTELL\u00d3\",\"isPartOf\":{\"@id\":\"https:\/\/agrupacionespsoe.es\/castello\/#website\"},\"primaryImageOfPage\":{\"@id\":\"https:\/\/agrupacionespsoe.es\/castello\/va\/el-trasllat-de-deposits-de-laerodrom-de-castello-confirma-que-deixa-la-base-demergencies-inoperativa-i-demostra-les-mentides-de-sales\/#primaryimage\"},\"image\":{\"@id\":\"https:\/\/agrupacionespsoe.es\/castello\/va\/el-trasllat-de-deposits-de-laerodrom-de-castello-confirma-que-deixa-la-base-demergencies-inoperativa-i-demostra-les-mentides-de-sales\/#primaryimage\"},\"thumbnailUrl\":\"https:\/\/agrupacionespsoe.es\/castello\/wp-content\/uploads\/sites\/45\/2025\/06\/20250612-El-traslado-de-depositos-del-aerodromo-de-Castello-confirma-que-deja-la-base-de-emergencias-inoperativa-y-demuestra-las-mentiras-de-Sales.jpeg\",\"datePublished\":\"2025-06-12T11:44:45+00:00\",\"dateModified\":\"2025-06-12T11:44:46+00:00\",\"breadcrumb\":{\"@id\":\"https:\/\/agrupacionespsoe.es\/castello\/va\/el-trasllat-de-deposits-de-laerodrom-de-castello-confirma-que-deixa-la-base-demergencies-inoperativa-i-demostra-les-mentides-de-sales\/#breadcrumb\"},\"inLanguage\":\"es\",\"potentialAction\":[{\"@type\":\"ReadAction\",\"target\":[\"https:\/\/agrupacionespsoe.es\/castello\/va\/el-trasllat-de-deposits-de-laerodrom-de-castello-confirma-que-deixa-la-base-demergencies-inoperativa-i-demostra-les-mentides-de-sales\/\"]}]},{\"@type\":\"ImageObject\",\"inLanguage\":\"es\",\"@id\":\"https:\/\/agrupacionespsoe.es\/castello\/va\/el-trasllat-de-deposits-de-laerodrom-de-castello-confirma-que-deixa-la-base-demergencies-inoperativa-i-demostra-les-mentides-de-sales\/#primaryimage\",\"url\":\"https:\/\/agrupacionespsoe.es\/castello\/wp-content\/uploads\/sites\/45\/2025\/06\/20250612-El-traslado-de-depositos-del-aerodromo-de-Castello-confirma-que-deja-la-base-de-emergencias-inoperativa-y-demuestra-las-mentiras-de-Sales.jpeg\",\"contentUrl\":\"https:\/\/agrupacionespsoe.es\/castello\/wp-content\/uploads\/sites\/45\/2025\/06\/20250612-El-traslado-de-depositos-del-aerodromo-de-Castello-confirma-que-deja-la-base-de-emergencias-inoperativa-y-demuestra-las-mentiras-de-Sales.jpeg\",\"width\":1280,\"height\":720},{\"@type\":\"BreadcrumbList\",\"@id\":\"https:\/\/agrupacionespsoe.es\/castello\/va\/el-trasllat-de-deposits-de-laerodrom-de-castello-confirma-que-deixa-la-base-demergencies-inoperativa-i-demostra-les-mentides-de-sales\/#breadcrumb\",\"itemListElement\":[{\"@type\":\"ListItem\",\"position\":1,\"name\":\"Portada\",\"item\":\"https:\/\/agrupacionespsoe.es\/castello\/\"},{\"@type\":\"ListItem\",\"position\":2,\"name\":\"El trasllat de dep\u00f2sits de l&#8217;aer\u00f2drom de Castell\u00f3 confirma que deixa la base d&#8217;emerg\u00e8ncies inoperativa i demostra les \u201cmentides de Sales\u201d\"}]},{\"@type\":\"WebSite\",\"@id\":\"https:\/\/agrupacionespsoe.es\/castello\/#website\",\"url\":\"https:\/\/agrupacionespsoe.es\/castello\/\",\"name\":\"PSPV-PSOE CASTELL\u00d3\",\"description\":\"PSPV-PSOE | Agrupaci\u00f3 de Castell\u00f3\",\"publisher\":{\"@id\":\"https:\/\/agrupacionespsoe.es\/castello\/#organization\"},\"potentialAction\":[{\"@type\":\"SearchAction\",\"target\":{\"@type\":\"EntryPoint\",\"urlTemplate\":\"https:\/\/agrupacionespsoe.es\/castello\/?s={search_term_string}\"},\"query-input\":{\"@type\":\"PropertyValueSpecification\",\"valueRequired\":true,\"valueName\":\"search_term_string\"}}],\"inLanguage\":\"es\"},{\"@type\":\"Organization\",\"@id\":\"https:\/\/agrupacionespsoe.es\/castello\/#organization\",\"name\":\"PSPV-PSOE Castell\u00f3\",\"url\":\"https:\/\/agrupacionespsoe.es\/castello\/\",\"logo\":{\"@type\":\"ImageObject\",\"inLanguage\":\"es\",\"@id\":\"https:\/\/agrupacionespsoe.es\/castello\/#\/schema\/logo\/image\/\",\"url\":\"https:\/\/agrupacionespsoe.es\/castello\/wp-content\/uploads\/sites\/45\/2023\/04\/PORTADA-PSOE-CASTELLO.jpg\",\"contentUrl\":\"https:\/\/agrupacionespsoe.es\/castello\/wp-content\/uploads\/sites\/45\/2023\/04\/PORTADA-PSOE-CASTELLO.jpg\",\"width\":2500,\"height\":2500,\"caption\":\"PSPV-PSOE Castell\u00f3\"},\"image\":{\"@id\":\"https:\/\/agrupacionespsoe.es\/castello\/#\/schema\/logo\/image\/\"},\"sameAs\":[\"https:\/\/www.facebook.com\/pspv.castellodelaplana\",\"https:\/\/x.com\/pspv_cs\",\"https:\/\/www.instagram.com\/pspvpsoecastello\/\"]},{\"@type\":\"Person\",\"@id\":\"https:\/\/agrupacionespsoe.es\/castello\/#\/schema\/person\/f3bc5b2f9dc6a399e9e98596ae24a20a\",\"name\":\"castello1\",\"image\":{\"@type\":\"ImageObject\",\"inLanguage\":\"es\",\"@id\":\"https:\/\/agrupacionespsoe.es\/castello\/#\/schema\/person\/image\/\",\"url\":\"https:\/\/secure.gravatar.com\/avatar\/5f1da428d6479d1127419c0b58796865?s=96&d=mm&r=g\",\"contentUrl\":\"https:\/\/secure.gravatar.com\/avatar\/5f1da428d6479d1127419c0b58796865?s=96&d=mm&r=g\",\"caption\":\"castello1\"},\"url\":\"https:\/\/agrupacionespsoe.es\/castello\/author\/castello1\/\"}]}<\/script>\n<!-- \/ Yoast SEO plugin. -->","yoast_head_json":{"title":"El trasllat de dep\u00f2sits de l'aer\u00f2drom de Castell\u00f3 confirma que deixa la base d'emerg\u00e8ncies inoperativa i demostra les \u201cmentides de Sales\u201d - PSPV-PSOE CASTELL\u00d3","robots":{"index":"index","follow":"follow","max-snippet":"max-snippet:-1","max-image-preview":"max-image-preview:large","max-video-preview":"max-video-preview:-1"},"canonical":"https:\/\/agrupacionespsoe.es\/castello\/va\/el-trasllat-de-deposits-de-laerodrom-de-castello-confirma-que-deixa-la-base-demergencies-inoperativa-i-demostra-les-mentides-de-sales\/","og_locale":"es_ES","og_type":"article","og_title":"El trasllat de dep\u00f2sits de l'aer\u00f2drom de Castell\u00f3 confirma que deixa la base d'emerg\u00e8ncies inoperativa i demostra les \u201cmentides de Sales\u201d - PSPV-PSOE CASTELL\u00d3","og_description":"El trasllat aquests dies de les instal\u00b7lacions de la base d&#8217;emerg\u00e8ncies de l&#8217;aer\u00f2drom de Castell\u00f3 deixa inoperatius els serveis d&#8217;extinci\u00f3 d&#8217;incendis \u201cquan iniciem la pitjor \u00e8poca de l&#8217;any en q\u00fcestions d&#8217;alerta en les zones forestals de la prov\u00edncia\u201d, assenyala Patricia Puerta, portaveu del Grup Municipal Socialista a l&#8217;ajuntament. Des d&#8217;ahir dimecres, com demostren les imatges, ...","og_url":"https:\/\/agrupacionespsoe.es\/castello\/va\/el-trasllat-de-deposits-de-laerodrom-de-castello-confirma-que-deixa-la-base-demergencies-inoperativa-i-demostra-les-mentides-de-sales\/","og_site_name":"PSPV-PSOE CASTELL\u00d3","article_publisher":"https:\/\/www.facebook.com\/pspv.castellodelaplana","article_published_time":"2025-06-12T11:44:45+00:00","article_modified_time":"2025-06-12T11:44:46+00:00","og_image":[{"width":1280,"height":720,"url":"https:\/\/agrupacionespsoe.es\/castello\/wp-content\/uploads\/sites\/45\/2025\/06\/20250612-El-traslado-de-depositos-del-aerodromo-de-Castello-confirma-que-deja-la-base-de-emergencias-inoperativa-y-demuestra-las-mentiras-de-Sales.jpeg","type":"image\/jpeg"}],"author":"castello1","twitter_card":"summary_large_image","twitter_creator":"@pspv_cs","twitter_site":"@pspv_cs","twitter_misc":{"Escrito por":"castello1","Tiempo de lectura":"3 minutos"},"schema":{"@context":"https:\/\/schema.org","@graph":[{"@type":"Article","@id":"https:\/\/agrupacionespsoe.es\/castello\/va\/el-trasllat-de-deposits-de-laerodrom-de-castello-confirma-que-deixa-la-base-demergencies-inoperativa-i-demostra-les-mentides-de-sales\/#article","isPartOf":{"@id":"https:\/\/agrupacionespsoe.es\/castello\/va\/el-trasllat-de-deposits-de-laerodrom-de-castello-confirma-que-deixa-la-base-demergencies-inoperativa-i-demostra-les-mentides-de-sales\/"},"author":{"name":"castello1","@id":"https:\/\/agrupacionespsoe.es\/castello\/#\/schema\/person\/f3bc5b2f9dc6a399e9e98596ae24a20a"},"headline":"El trasllat de dep\u00f2sits de l&#8217;aer\u00f2drom de Castell\u00f3 confirma que deixa la base d&#8217;emerg\u00e8ncies inoperativa i demostra les \u201cmentides de Sales\u201d","datePublished":"2025-06-12T11:44:45+00:00","dateModified":"2025-06-12T11:44:46+00:00","mainEntityOfPage":{"@id":"https:\/\/agrupacionespsoe.es\/castello\/va\/el-trasllat-de-deposits-de-laerodrom-de-castello-confirma-que-deixa-la-base-demergencies-inoperativa-i-demostra-les-mentides-de-sales\/"},"wordCount":487,"commentCount":0,"publisher":{"@id":"https:\/\/agrupacionespsoe.es\/castello\/#organization"},"image":{"@id":"https:\/\/agrupacionespsoe.es\/castello\/va\/el-trasllat-de-deposits-de-laerodrom-de-castello-confirma-que-deixa-la-base-demergencies-inoperativa-i-demostra-les-mentides-de-sales\/#primaryimage"},"thumbnailUrl":"https:\/\/agrupacionespsoe.es\/castello\/wp-content\/uploads\/sites\/45\/2025\/06\/20250612-El-traslado-de-depositos-del-aerodromo-de-Castello-confirma-que-deja-la-base-de-emergencias-inoperativa-y-demuestra-las-mentiras-de-Sales.jpeg","keywords":["Bego\u00f1a Carrasco","Patricia Puerta","Todos","Vicent Sales"],"articleSection":["Grup Municipal Socialista"],"inLanguage":"es","potentialAction":[{"@type":"CommentAction","name":"Comment","target":["https:\/\/agrupacionespsoe.es\/castello\/va\/el-trasllat-de-deposits-de-laerodrom-de-castello-confirma-que-deixa-la-base-demergencies-inoperativa-i-demostra-les-mentides-de-sales\/#respond"]}]},{"@type":"WebPage","@id":"https:\/\/agrupacionespsoe.es\/castello\/va\/el-trasllat-de-deposits-de-laerodrom-de-castello-confirma-que-deixa-la-base-demergencies-inoperativa-i-demostra-les-mentides-de-sales\/","url":"https:\/\/agrupacionespsoe.es\/castello\/va\/el-trasllat-de-deposits-de-laerodrom-de-castello-confirma-que-deixa-la-base-demergencies-inoperativa-i-demostra-les-mentides-de-sales\/","name":"El trasllat de dep\u00f2sits de l'aer\u00f2drom de Castell\u00f3 confirma que deixa la base d'emerg\u00e8ncies inoperativa i demostra les \u201cmentides de Sales\u201d - PSPV-PSOE CASTELL\u00d3","isPartOf":{"@id":"https:\/\/agrupacionespsoe.es\/castello\/#website"},"primaryImageOfPage":{"@id":"https:\/\/agrupacionespsoe.es\/castello\/va\/el-trasllat-de-deposits-de-laerodrom-de-castello-confirma-que-deixa-la-base-demergencies-inoperativa-i-demostra-les-mentides-de-sales\/#primaryimage"},"image":{"@id":"https:\/\/agrupacionespsoe.es\/castello\/va\/el-trasllat-de-deposits-de-laerodrom-de-castello-confirma-que-deixa-la-base-demergencies-inoperativa-i-demostra-les-mentides-de-sales\/#primaryimage"},"thumbnailUrl":"https:\/\/agrupacionespsoe.es\/castello\/wp-content\/uploads\/sites\/45\/2025\/06\/20250612-El-traslado-de-depositos-del-aerodromo-de-Castello-confirma-que-deja-la-base-de-emergencias-inoperativa-y-demuestra-las-mentiras-de-Sales.jpeg","datePublished":"2025-06-12T11:44:45+00:00","dateModified":"2025-06-12T11:44:46+00:00","breadcrumb":{"@id":"https:\/\/agrupacionespsoe.es\/castello\/va\/el-trasllat-de-deposits-de-laerodrom-de-castello-confirma-que-deixa-la-base-demergencies-inoperativa-i-demostra-les-mentides-de-sales\/#breadcrumb"},"inLanguage":"es","potentialAction":[{"@type":"ReadAction","target":["https:\/\/agrupacionespsoe.es\/castello\/va\/el-trasllat-de-deposits-de-laerodrom-de-castello-confirma-que-deixa-la-base-demergencies-inoperativa-i-demostra-les-mentides-de-sales\/"]}]},{"@type":"ImageObject","inLanguage":"es","@id":"https:\/\/agrupacionespsoe.es\/castello\/va\/el-trasllat-de-deposits-de-laerodrom-de-castello-confirma-que-deixa-la-base-demergencies-inoperativa-i-demostra-les-mentides-de-sales\/#primaryimage","url":"https:\/\/agrupacionespsoe.es\/castello\/wp-content\/uploads\/sites\/45\/2025\/06\/20250612-El-traslado-de-depositos-del-aerodromo-de-Castello-confirma-que-deja-la-base-de-emergencias-inoperativa-y-demuestra-las-mentiras-de-Sales.jpeg","contentUrl":"https:\/\/agrupacionespsoe.es\/castello\/wp-content\/uploads\/sites\/45\/2025\/06\/20250612-El-traslado-de-depositos-del-aerodromo-de-Castello-confirma-que-deja-la-base-de-emergencias-inoperativa-y-demuestra-las-mentiras-de-Sales.jpeg","width":1280,"height":720},{"@type":"BreadcrumbList","@id":"https:\/\/agrupacionespsoe.es\/castello\/va\/el-trasllat-de-deposits-de-laerodrom-de-castello-confirma-que-deixa-la-base-demergencies-inoperativa-i-demostra-les-mentides-de-sales\/#breadcrumb","itemListElement":[{"@type":"ListItem","position":1,"name":"Portada","item":"https:\/\/agrupacionespsoe.es\/castello\/"},{"@type":"ListItem","position":2,"name":"El trasllat de dep\u00f2sits de l&#8217;aer\u00f2drom de Castell\u00f3 confirma que deixa la base d&#8217;emerg\u00e8ncies inoperativa i demostra les \u201cmentides de Sales\u201d"}]},{"@type":"WebSite","@id":"https:\/\/agrupacionespsoe.es\/castello\/#website","url":"https:\/\/agrupacionespsoe.es\/castello\/","name":"PSPV-PSOE CASTELL\u00d3","description":"PSPV-PSOE | Agrupaci\u00f3 de Castell\u00f3","publisher":{"@id":"https:\/\/agrupacionespsoe.es\/castello\/#organization"},"potentialAction":[{"@type":"SearchAction","target":{"@type":"EntryPoint","urlTemplate":"https:\/\/agrupacionespsoe.es\/castello\/?s={search_term_string}"},"query-input":{"@type":"PropertyValueSpecification","valueRequired":true,"valueName":"search_term_string"}}],"inLanguage":"es"},{"@type":"Organization","@id":"https:\/\/agrupacionespsoe.es\/castello\/#organization","name":"PSPV-PSOE Castell\u00f3","url":"https:\/\/agrupacionespsoe.es\/castello\/","logo":{"@type":"ImageObject","inLanguage":"es","@id":"https:\/\/agrupacionespsoe.es\/castello\/#\/schema\/logo\/image\/","url":"https:\/\/agrupacionespsoe.es\/castello\/wp-content\/uploads\/sites\/45\/2023\/04\/PORTADA-PSOE-CASTELLO.jpg","contentUrl":"https:\/\/agrupacionespsoe.es\/castello\/wp-content\/uploads\/sites\/45\/2023\/04\/PORTADA-PSOE-CASTELLO.jpg","width":2500,"height":2500,"caption":"PSPV-PSOE Castell\u00f3"},"image":{"@id":"https:\/\/agrupacionespsoe.es\/castello\/#\/schema\/logo\/image\/"},"sameAs":["https:\/\/www.facebook.com\/pspv.castellodelaplana","https:\/\/x.com\/pspv_cs","https:\/\/www.instagram.com\/pspvpsoecastello\/"]},{"@type":"Person","@id":"https:\/\/agrupacionespsoe.es\/castello\/#\/schema\/person\/f3bc5b2f9dc6a399e9e98596ae24a20a","name":"castello1","image":{"@type":"ImageObject","inLanguage":"es","@id":"https:\/\/agrupacionespsoe.es\/castello\/#\/schema\/person\/image\/","url":"https:\/\/secure.gravatar.com\/avatar\/5f1da428d6479d1127419c0b58796865?s=96&d=mm&r=g","contentUrl":"https:\/\/secure.gravatar.com\/avatar\/5f1da428d6479d1127419c0b58796865?s=96&d=mm&r=g","caption":"castello1"},"url":"https:\/\/agrupacionespsoe.es\/castello\/author\/castello1\/"}]}},"jetpack_publicize_connections":[],"jetpack_featured_media_url":"https:\/\/agrupacionespsoe.es\/castello\/wp-content\/uploads\/sites\/45\/2025\/06\/20250612-El-traslado-de-depositos-del-aerodromo-de-Castello-confirma-que-deja-la-base-de-emergencias-inoperativa-y-demuestra-las-mentiras-de-Sales.jpeg","jetpack_sharing_enabled":true,"_links":{"self":[{"href":"https:\/\/agrupacionespsoe.es\/castello\/wp-json\/wp\/v2\/posts\/8215","targetHints":{"allow":["GET"]}}],"collection":[{"href":"https:\/\/agrupacionespsoe.es\/castello\/wp-json\/wp\/v2\/posts"}],"about":[{"href":"https:\/\/agrupacionespsoe.es\/castello\/wp-json\/wp\/v2\/types\/post"}],"author":[{"embeddable":true,"href":"https:\/\/agrupacionespsoe.es\/castello\/wp-json\/wp\/v2\/users\/48"}],"replies":[{"embeddable":true,"href":"https:\/\/agrupacionespsoe.es\/castello\/wp-json\/wp\/v2\/comments?post=8215"}],"version-history":[{"count":1,"href":"https:\/\/agrupacionespsoe.es\/castello\/wp-json\/wp\/v2\/posts\/8215\/revisions"}],"predecessor-version":[{"id":8216,"href":"https:\/\/agrupacionespsoe.es\/castello\/wp-json\/wp\/v2\/posts\/8215\/revisions\/8216"}],"wp:featuredmedia":[{"embeddable":true,"href":"https:\/\/agrupacionespsoe.es\/castello\/wp-json\/wp\/v2\/media\/8214"}],"wp:attachment":[{"href":"https:\/\/agrupacionespsoe.es\/castello\/wp-json\/wp\/v2\/media?parent=8215"}],"wp:term":[{"taxonomy":"category","embeddable":true,"href":"https:\/\/agrupacionespsoe.es\/castello\/wp-json\/wp\/v2\/categories?post=8215"},{"taxonomy":"post_tag","embeddable":true,"href":"https:\/\/agrupacionespsoe.es\/castello\/wp-json\/wp\/v2\/tags?post=8215"}],"curies":[{"name":"wp","href":"https:\/\/api.w.org\/{rel}","templated":true}]}}