{"id":8211,"date":"2025-06-12T13:42:38","date_gmt":"2025-06-12T11:42:38","guid":{"rendered":"https:\/\/agrupacionespsoe.es\/castello\/?p=8211"},"modified":"2025-06-12T13:42:58","modified_gmt":"2025-06-12T11:42:58","slug":"el-traslado-de-depositos-del-aerodromo-de-castello-confirma-que-deja-la-base-de-emergencias-inoperativa-y-demuestra-las-mentiras-de-sales","status":"publish","type":"post","link":"https:\/\/agrupacionespsoe.es\/castello\/el-traslado-de-depositos-del-aerodromo-de-castello-confirma-que-deja-la-base-de-emergencias-inoperativa-y-demuestra-las-mentiras-de-sales\/","title":{"rendered":"El traslado de dep\u00f3sitos del aer\u00f3dromo de Castell\u00f3 confirma que deja la base de emergencias inoperativa y demuestra las \u201cmentiras de Sales\u201d"},"content":{"rendered":"\n<ul class=\"wp-block-list\">\n<li><em><strong>La portavoz del Grupo Municipal Socialista, Patricia Puerta, insiste en que la falta de planificaci\u00f3n del ayuntamiento de Bego\u00f1a Carrasco provoca que las obras del nuevo aparcamiento en Ferrandis Salvador, que obligan al traslado de las instalaciones de emergencias, se realicen en plena campa\u00f1a de incendios<\/strong><\/em><\/li>\n<\/ul>\n\n\n\n<figure class=\"wp-block-audio\"><audio controls src=\"https:\/\/agrupacionespsoe.es\/castello\/wp-content\/uploads\/sites\/45\/2025\/06\/20250612-El-traslado-de-depositos-del-aerodromo-de-Castello-confirma-que-deja-la-base-de-emergencias-inoperativa-y-demuestra-las-mentiras-de-Sales.mp3\" autoplay><\/audio><\/figure>\n\n\n\n<p>El traslado estos d\u00edas de las instalaciones de la base de emergencias del aer\u00f3dromo de Castell\u00f3 deja inoperativos los servicios de extinci\u00f3n de incendios \u201ccuando iniciamos la peor \u00e9poca del a\u00f1o en cuestiones de alerta en las zonas forestales de la provincia\u201d, se\u00f1ala <a href=\"https:\/\/agrupacionespsoe.es\/castello\/tag\/patricia-puerta\/\">Patricia Puerta<\/a>, portavoz del Grupo Municipal Socialista en el ayuntamiento.<\/p>\n\n\n\n<p>Desde ayer mi\u00e9rcoles, como demuestran las im\u00e1genes, se est\u00e1 procediendo a mover toda la estructura de la base de emergencias, que continuar\u00e1 estos d\u00edas con el traslado de los dep\u00f3sitos de agua y combustible, adem\u00e1s de la casetas del personal. Y todo ello \u201cpor la lamentable planificaci\u00f3n por parte del ayuntamiento de <a href=\"https:\/\/agrupacionespsoe.es\/castello\/tag\/begona-carrasco\/\">Bego\u00f1a Carrasco<\/a>, que en lugar de esperar a que acabe la campa\u00f1a de incendios ha decidido crear en estos momentos un nuevo aparcamiento junto a Ferrandis Salvador, afectando de forma directa a la base de emergencias\u201d.<\/p>\n\n\n\n<p>Al respecto, la portavoz socialista ha insistido en que \u201cno tenemos por supuesto nada en contra de esta nueva \u00e1rea para aparcar, pero la l\u00f3gica hace pensar que estos trabajos, si afectaban a la zona de los servicios antiincendios, ten\u00edan que haberse dejado para oto\u00f1o\u201d.<\/p>\n\n\n\n<p>Este traslado ahora de las instalaciones \u201cdejan adem\u00e1s en evidencia, una vez m\u00e1s, al rey de la mentira del Ayuntamiento de Castell\u00f3, el portavoz del gobierno municipal <a href=\"https:\/\/agrupacionespsoe.es\/castello\/tag\/vicent-sales\/\">Vicent Sales<\/a>, capaz de hacerse un v\u00eddeo manipulando la verdad, en una zona que ni siquiera era la de la base de emergencias, para decir que todo funcionaba de forma correcta, cuando la realidad es totalmente distinta\u201d.<\/p>\n\n\n\n<p>Hace unas semanas se inici\u00f3 el asfaltado de la zona de carga y estacionamiento de los aviones que, al mismo tiempo, da acceso a la pista central. Una vea acabada esta fase, empieza ahora el traslado de todos los dep\u00f3sitos de combustible, agua y las casetas de descanso de las tripulaciones.<\/p>\n\n\n\n<p>En esta base de emergencias han llegado a operar hasta 18 aviones en incendios como el ocurrido hace tres a\u00f1os en Bej\u00eds. \u00abActualmente, y en plena campa\u00f1a contra incendios, ning\u00fan avi\u00f3n puede operar desde la principal base a\u00e9rea contra incendios forestales de la Comunitat Valenciana por la p\u00e9sima gesti\u00f3n del gobierno de Bego\u00f1a Carrasco\u00bb, a\u00f1ade Puerta.<\/p>\n\n\n\n<p>El propio personal de emergencias del recinto ha compartido en redes sociales las im\u00e1genes actuales de la base, \u201cque confirman que la alcaldesa ha priorizado la construcci\u00f3n de un&nbsp;<em>parking<\/em>&nbsp;para ir a la playa antes que la seguridad de la poblaci\u00f3n de toda la provincia\u201d.<\/p>\n","protected":false},"excerpt":{"rendered":"<p>El traslado estos d\u00edas de las instalaciones de la base de emergencias del aer\u00f3dromo de Castell\u00f3 deja inoperativos los servicios de extinci\u00f3n de incendios \u201ccuando iniciamos la peor \u00e9poca del a\u00f1o en cuestiones de alerta en las zonas forestales de la provincia\u201d, se\u00f1ala Patricia Puerta, portavoz del Grupo Municipal Socialista en el ayuntamiento. Desde ayer &#8230;<\/p>\n","protected":false},"author":48,"featured_media":8214,"comment_status":"open","ping_status":"open","sticky":false,"template":"","format":"standard","meta":{"_jetpack_memberships_contains_paid_content":false,"footnotes":"","jetpack_publicize_message":"","jetpack_publicize_feature_enabled":true,"jetpack_social_post_already_shared":false,"jetpack_social_options":{"image_generator_settings":{"template":"highway","default_image_id":0,"font":"","enabled":false},"version":2}},"categories":[33],"tags":[733,81,448,778],"class_list":["post-8211","post","type-post","status-publish","format-standard","has-post-thumbnail","hentry","category-gms","tag-begona-carrasco","tag-patricia-puerta","tag-todos-es","tag-vicent-sales"],"yoast_head":"<!-- This site is optimized with the Yoast SEO plugin v24.0 - https:\/\/yoast.com\/wordpress\/plugins\/seo\/ -->\n<title>El traslado de dep\u00f3sitos del aer\u00f3dromo de Castell\u00f3 confirma que deja la base de emergencias inoperativa y demuestra las \u201cmentiras de Sales\u201d - PSPV-PSOE CASTELL\u00d3<\/title>\n<meta name=\"robots\" content=\"index, follow, max-snippet:-1, max-image-preview:large, max-video-preview:-1\" \/>\n<link rel=\"canonical\" href=\"https:\/\/agrupacionespsoe.es\/castello\/el-traslado-de-depositos-del-aerodromo-de-castello-confirma-que-deja-la-base-de-emergencias-inoperativa-y-demuestra-las-mentiras-de-sales\/\" \/>\n<meta property=\"og:locale\" content=\"es_ES\" \/>\n<meta property=\"og:type\" content=\"article\" \/>\n<meta property=\"og:title\" content=\"El traslado de dep\u00f3sitos del aer\u00f3dromo de Castell\u00f3 confirma que deja la base de emergencias inoperativa y demuestra las \u201cmentiras de Sales\u201d - PSPV-PSOE CASTELL\u00d3\" \/>\n<meta property=\"og:description\" content=\"El traslado estos d\u00edas de las instalaciones de la base de emergencias del aer\u00f3dromo de Castell\u00f3 deja inoperativos los servicios de extinci\u00f3n de incendios \u201ccuando iniciamos la peor \u00e9poca del a\u00f1o en cuestiones de alerta en las zonas forestales de la provincia\u201d, se\u00f1ala Patricia Puerta, portavoz del Grupo Municipal Socialista en el ayuntamiento. Desde ayer ...\" \/>\n<meta property=\"og:url\" content=\"https:\/\/agrupacionespsoe.es\/castello\/el-traslado-de-depositos-del-aerodromo-de-castello-confirma-que-deja-la-base-de-emergencias-inoperativa-y-demuestra-las-mentiras-de-sales\/\" \/>\n<meta property=\"og:site_name\" content=\"PSPV-PSOE CASTELL\u00d3\" \/>\n<meta property=\"article:publisher\" content=\"https:\/\/www.facebook.com\/pspv.castellodelaplana\" \/>\n<meta property=\"article:published_time\" content=\"2025-06-12T11:42:38+00:00\" \/>\n<meta property=\"article:modified_time\" content=\"2025-06-12T11:42:58+00:00\" \/>\n<meta property=\"og:image\" content=\"https:\/\/agrupacionespsoe.es\/castello\/wp-content\/uploads\/sites\/45\/2025\/06\/20250612-El-traslado-de-depositos-del-aerodromo-de-Castello-confirma-que-deja-la-base-de-emergencias-inoperativa-y-demuestra-las-mentiras-de-Sales.jpeg\" \/>\n\t<meta property=\"og:image:width\" content=\"1280\" \/>\n\t<meta property=\"og:image:height\" content=\"720\" \/>\n\t<meta property=\"og:image:type\" content=\"image\/jpeg\" \/>\n<meta name=\"author\" content=\"castello1\" \/>\n<meta name=\"twitter:card\" content=\"summary_large_image\" \/>\n<meta name=\"twitter:creator\" content=\"@pspv_cs\" \/>\n<meta name=\"twitter:site\" content=\"@pspv_cs\" \/>\n<meta name=\"twitter:label1\" content=\"Escrito por\" \/>\n\t<meta name=\"twitter:data1\" content=\"castello1\" \/>\n\t<meta name=\"twitter:label2\" content=\"Tiempo de lectura\" \/>\n\t<meta name=\"twitter:data2\" content=\"3 minutos\" \/>\n<script type=\"application\/ld+json\" class=\"yoast-schema-graph\">{\"@context\":\"https:\/\/schema.org\",\"@graph\":[{\"@type\":\"Article\",\"@id\":\"https:\/\/agrupacionespsoe.es\/castello\/el-traslado-de-depositos-del-aerodromo-de-castello-confirma-que-deja-la-base-de-emergencias-inoperativa-y-demuestra-las-mentiras-de-sales\/#article\",\"isPartOf\":{\"@id\":\"https:\/\/agrupacionespsoe.es\/castello\/el-traslado-de-depositos-del-aerodromo-de-castello-confirma-que-deja-la-base-de-emergencias-inoperativa-y-demuestra-las-mentiras-de-sales\/\"},\"author\":{\"name\":\"castello1\",\"@id\":\"https:\/\/agrupacionespsoe.es\/castello\/#\/schema\/person\/f3bc5b2f9dc6a399e9e98596ae24a20a\"},\"headline\":\"El traslado de dep\u00f3sitos del aer\u00f3dromo de Castell\u00f3 confirma que deja la base de emergencias inoperativa y demuestra las \u201cmentiras de Sales\u201d\",\"datePublished\":\"2025-06-12T11:42:38+00:00\",\"dateModified\":\"2025-06-12T11:42:58+00:00\",\"mainEntityOfPage\":{\"@id\":\"https:\/\/agrupacionespsoe.es\/castello\/el-traslado-de-depositos-del-aerodromo-de-castello-confirma-que-deja-la-base-de-emergencias-inoperativa-y-demuestra-las-mentiras-de-sales\/\"},\"wordCount\":510,\"commentCount\":0,\"publisher\":{\"@id\":\"https:\/\/agrupacionespsoe.es\/castello\/#organization\"},\"image\":{\"@id\":\"https:\/\/agrupacionespsoe.es\/castello\/el-traslado-de-depositos-del-aerodromo-de-castello-confirma-que-deja-la-base-de-emergencias-inoperativa-y-demuestra-las-mentiras-de-sales\/#primaryimage\"},\"thumbnailUrl\":\"https:\/\/agrupacionespsoe.es\/castello\/wp-content\/uploads\/sites\/45\/2025\/06\/20250612-El-traslado-de-depositos-del-aerodromo-de-Castello-confirma-que-deja-la-base-de-emergencias-inoperativa-y-demuestra-las-mentiras-de-Sales.jpeg\",\"keywords\":[\"Bego\u00f1a Carrasco\",\"Patricia Puerta\",\"Todos\",\"Vicent Sales\"],\"articleSection\":[\"Grupo Municipal Socialista\"],\"inLanguage\":\"es\",\"potentialAction\":[{\"@type\":\"CommentAction\",\"name\":\"Comment\",\"target\":[\"https:\/\/agrupacionespsoe.es\/castello\/el-traslado-de-depositos-del-aerodromo-de-castello-confirma-que-deja-la-base-de-emergencias-inoperativa-y-demuestra-las-mentiras-de-sales\/#respond\"]}]},{\"@type\":\"WebPage\",\"@id\":\"https:\/\/agrupacionespsoe.es\/castello\/el-traslado-de-depositos-del-aerodromo-de-castello-confirma-que-deja-la-base-de-emergencias-inoperativa-y-demuestra-las-mentiras-de-sales\/\",\"url\":\"https:\/\/agrupacionespsoe.es\/castello\/el-traslado-de-depositos-del-aerodromo-de-castello-confirma-que-deja-la-base-de-emergencias-inoperativa-y-demuestra-las-mentiras-de-sales\/\",\"name\":\"El traslado de dep\u00f3sitos del aer\u00f3dromo de Castell\u00f3 confirma que deja la base de emergencias inoperativa y demuestra las \u201cmentiras de Sales\u201d - PSPV-PSOE CASTELL\u00d3\",\"isPartOf\":{\"@id\":\"https:\/\/agrupacionespsoe.es\/castello\/#website\"},\"primaryImageOfPage\":{\"@id\":\"https:\/\/agrupacionespsoe.es\/castello\/el-traslado-de-depositos-del-aerodromo-de-castello-confirma-que-deja-la-base-de-emergencias-inoperativa-y-demuestra-las-mentiras-de-sales\/#primaryimage\"},\"image\":{\"@id\":\"https:\/\/agrupacionespsoe.es\/castello\/el-traslado-de-depositos-del-aerodromo-de-castello-confirma-que-deja-la-base-de-emergencias-inoperativa-y-demuestra-las-mentiras-de-sales\/#primaryimage\"},\"thumbnailUrl\":\"https:\/\/agrupacionespsoe.es\/castello\/wp-content\/uploads\/sites\/45\/2025\/06\/20250612-El-traslado-de-depositos-del-aerodromo-de-Castello-confirma-que-deja-la-base-de-emergencias-inoperativa-y-demuestra-las-mentiras-de-Sales.jpeg\",\"datePublished\":\"2025-06-12T11:42:38+00:00\",\"dateModified\":\"2025-06-12T11:42:58+00:00\",\"breadcrumb\":{\"@id\":\"https:\/\/agrupacionespsoe.es\/castello\/el-traslado-de-depositos-del-aerodromo-de-castello-confirma-que-deja-la-base-de-emergencias-inoperativa-y-demuestra-las-mentiras-de-sales\/#breadcrumb\"},\"inLanguage\":\"es\",\"potentialAction\":[{\"@type\":\"ReadAction\",\"target\":[\"https:\/\/agrupacionespsoe.es\/castello\/el-traslado-de-depositos-del-aerodromo-de-castello-confirma-que-deja-la-base-de-emergencias-inoperativa-y-demuestra-las-mentiras-de-sales\/\"]}]},{\"@type\":\"ImageObject\",\"inLanguage\":\"es\",\"@id\":\"https:\/\/agrupacionespsoe.es\/castello\/el-traslado-de-depositos-del-aerodromo-de-castello-confirma-que-deja-la-base-de-emergencias-inoperativa-y-demuestra-las-mentiras-de-sales\/#primaryimage\",\"url\":\"https:\/\/agrupacionespsoe.es\/castello\/wp-content\/uploads\/sites\/45\/2025\/06\/20250612-El-traslado-de-depositos-del-aerodromo-de-Castello-confirma-que-deja-la-base-de-emergencias-inoperativa-y-demuestra-las-mentiras-de-Sales.jpeg\",\"contentUrl\":\"https:\/\/agrupacionespsoe.es\/castello\/wp-content\/uploads\/sites\/45\/2025\/06\/20250612-El-traslado-de-depositos-del-aerodromo-de-Castello-confirma-que-deja-la-base-de-emergencias-inoperativa-y-demuestra-las-mentiras-de-Sales.jpeg\",\"width\":1280,\"height\":720},{\"@type\":\"BreadcrumbList\",\"@id\":\"https:\/\/agrupacionespsoe.es\/castello\/el-traslado-de-depositos-del-aerodromo-de-castello-confirma-que-deja-la-base-de-emergencias-inoperativa-y-demuestra-las-mentiras-de-sales\/#breadcrumb\",\"itemListElement\":[{\"@type\":\"ListItem\",\"position\":1,\"name\":\"Portada\",\"item\":\"https:\/\/agrupacionespsoe.es\/castello\/\"},{\"@type\":\"ListItem\",\"position\":2,\"name\":\"El traslado de dep\u00f3sitos del aer\u00f3dromo de Castell\u00f3 confirma que deja la base de emergencias inoperativa y demuestra las \u201cmentiras de Sales\u201d\"}]},{\"@type\":\"WebSite\",\"@id\":\"https:\/\/agrupacionespsoe.es\/castello\/#website\",\"url\":\"https:\/\/agrupacionespsoe.es\/castello\/\",\"name\":\"PSPV-PSOE CASTELL\u00d3\",\"description\":\"PSPV-PSOE | Agrupaci\u00f3 de Castell\u00f3\",\"publisher\":{\"@id\":\"https:\/\/agrupacionespsoe.es\/castello\/#organization\"},\"potentialAction\":[{\"@type\":\"SearchAction\",\"target\":{\"@type\":\"EntryPoint\",\"urlTemplate\":\"https:\/\/agrupacionespsoe.es\/castello\/?s={search_term_string}\"},\"query-input\":{\"@type\":\"PropertyValueSpecification\",\"valueRequired\":true,\"valueName\":\"search_term_string\"}}],\"inLanguage\":\"es\"},{\"@type\":\"Organization\",\"@id\":\"https:\/\/agrupacionespsoe.es\/castello\/#organization\",\"name\":\"PSPV-PSOE Castell\u00f3\",\"url\":\"https:\/\/agrupacionespsoe.es\/castello\/\",\"logo\":{\"@type\":\"ImageObject\",\"inLanguage\":\"es\",\"@id\":\"https:\/\/agrupacionespsoe.es\/castello\/#\/schema\/logo\/image\/\",\"url\":\"https:\/\/agrupacionespsoe.es\/castello\/wp-content\/uploads\/sites\/45\/2023\/04\/PORTADA-PSOE-CASTELLO.jpg\",\"contentUrl\":\"https:\/\/agrupacionespsoe.es\/castello\/wp-content\/uploads\/sites\/45\/2023\/04\/PORTADA-PSOE-CASTELLO.jpg\",\"width\":2500,\"height\":2500,\"caption\":\"PSPV-PSOE Castell\u00f3\"},\"image\":{\"@id\":\"https:\/\/agrupacionespsoe.es\/castello\/#\/schema\/logo\/image\/\"},\"sameAs\":[\"https:\/\/www.facebook.com\/pspv.castellodelaplana\",\"https:\/\/x.com\/pspv_cs\",\"https:\/\/www.instagram.com\/pspvpsoecastello\/\"]},{\"@type\":\"Person\",\"@id\":\"https:\/\/agrupacionespsoe.es\/castello\/#\/schema\/person\/f3bc5b2f9dc6a399e9e98596ae24a20a\",\"name\":\"castello1\",\"image\":{\"@type\":\"ImageObject\",\"inLanguage\":\"es\",\"@id\":\"https:\/\/agrupacionespsoe.es\/castello\/#\/schema\/person\/image\/\",\"url\":\"https:\/\/secure.gravatar.com\/avatar\/5f1da428d6479d1127419c0b58796865?s=96&d=mm&r=g\",\"contentUrl\":\"https:\/\/secure.gravatar.com\/avatar\/5f1da428d6479d1127419c0b58796865?s=96&d=mm&r=g\",\"caption\":\"castello1\"},\"url\":\"https:\/\/agrupacionespsoe.es\/castello\/author\/castello1\/\"}]}<\/script>\n<!-- \/ Yoast SEO plugin. -->","yoast_head_json":{"title":"El traslado de dep\u00f3sitos del aer\u00f3dromo de Castell\u00f3 confirma que deja la base de emergencias inoperativa y demuestra las \u201cmentiras de Sales\u201d - PSPV-PSOE CASTELL\u00d3","robots":{"index":"index","follow":"follow","max-snippet":"max-snippet:-1","max-image-preview":"max-image-preview:large","max-video-preview":"max-video-preview:-1"},"canonical":"https:\/\/agrupacionespsoe.es\/castello\/el-traslado-de-depositos-del-aerodromo-de-castello-confirma-que-deja-la-base-de-emergencias-inoperativa-y-demuestra-las-mentiras-de-sales\/","og_locale":"es_ES","og_type":"article","og_title":"El traslado de dep\u00f3sitos del aer\u00f3dromo de Castell\u00f3 confirma que deja la base de emergencias inoperativa y demuestra las \u201cmentiras de Sales\u201d - PSPV-PSOE CASTELL\u00d3","og_description":"El traslado estos d\u00edas de las instalaciones de la base de emergencias del aer\u00f3dromo de Castell\u00f3 deja inoperativos los servicios de extinci\u00f3n de incendios \u201ccuando iniciamos la peor \u00e9poca del a\u00f1o en cuestiones de alerta en las zonas forestales de la provincia\u201d, se\u00f1ala Patricia Puerta, portavoz del Grupo Municipal Socialista en el ayuntamiento. Desde ayer ...","og_url":"https:\/\/agrupacionespsoe.es\/castello\/el-traslado-de-depositos-del-aerodromo-de-castello-confirma-que-deja-la-base-de-emergencias-inoperativa-y-demuestra-las-mentiras-de-sales\/","og_site_name":"PSPV-PSOE CASTELL\u00d3","article_publisher":"https:\/\/www.facebook.com\/pspv.castellodelaplana","article_published_time":"2025-06-12T11:42:38+00:00","article_modified_time":"2025-06-12T11:42:58+00:00","og_image":[{"width":1280,"height":720,"url":"https:\/\/agrupacionespsoe.es\/castello\/wp-content\/uploads\/sites\/45\/2025\/06\/20250612-El-traslado-de-depositos-del-aerodromo-de-Castello-confirma-que-deja-la-base-de-emergencias-inoperativa-y-demuestra-las-mentiras-de-Sales.jpeg","type":"image\/jpeg"}],"author":"castello1","twitter_card":"summary_large_image","twitter_creator":"@pspv_cs","twitter_site":"@pspv_cs","twitter_misc":{"Escrito por":"castello1","Tiempo de lectura":"3 minutos"},"schema":{"@context":"https:\/\/schema.org","@graph":[{"@type":"Article","@id":"https:\/\/agrupacionespsoe.es\/castello\/el-traslado-de-depositos-del-aerodromo-de-castello-confirma-que-deja-la-base-de-emergencias-inoperativa-y-demuestra-las-mentiras-de-sales\/#article","isPartOf":{"@id":"https:\/\/agrupacionespsoe.es\/castello\/el-traslado-de-depositos-del-aerodromo-de-castello-confirma-que-deja-la-base-de-emergencias-inoperativa-y-demuestra-las-mentiras-de-sales\/"},"author":{"name":"castello1","@id":"https:\/\/agrupacionespsoe.es\/castello\/#\/schema\/person\/f3bc5b2f9dc6a399e9e98596ae24a20a"},"headline":"El traslado de dep\u00f3sitos del aer\u00f3dromo de Castell\u00f3 confirma que deja la base de emergencias inoperativa y demuestra las \u201cmentiras de Sales\u201d","datePublished":"2025-06-12T11:42:38+00:00","dateModified":"2025-06-12T11:42:58+00:00","mainEntityOfPage":{"@id":"https:\/\/agrupacionespsoe.es\/castello\/el-traslado-de-depositos-del-aerodromo-de-castello-confirma-que-deja-la-base-de-emergencias-inoperativa-y-demuestra-las-mentiras-de-sales\/"},"wordCount":510,"commentCount":0,"publisher":{"@id":"https:\/\/agrupacionespsoe.es\/castello\/#organization"},"image":{"@id":"https:\/\/agrupacionespsoe.es\/castello\/el-traslado-de-depositos-del-aerodromo-de-castello-confirma-que-deja-la-base-de-emergencias-inoperativa-y-demuestra-las-mentiras-de-sales\/#primaryimage"},"thumbnailUrl":"https:\/\/agrupacionespsoe.es\/castello\/wp-content\/uploads\/sites\/45\/2025\/06\/20250612-El-traslado-de-depositos-del-aerodromo-de-Castello-confirma-que-deja-la-base-de-emergencias-inoperativa-y-demuestra-las-mentiras-de-Sales.jpeg","keywords":["Bego\u00f1a Carrasco","Patricia Puerta","Todos","Vicent Sales"],"articleSection":["Grupo Municipal Socialista"],"inLanguage":"es","potentialAction":[{"@type":"CommentAction","name":"Comment","target":["https:\/\/agrupacionespsoe.es\/castello\/el-traslado-de-depositos-del-aerodromo-de-castello-confirma-que-deja-la-base-de-emergencias-inoperativa-y-demuestra-las-mentiras-de-sales\/#respond"]}]},{"@type":"WebPage","@id":"https:\/\/agrupacionespsoe.es\/castello\/el-traslado-de-depositos-del-aerodromo-de-castello-confirma-que-deja-la-base-de-emergencias-inoperativa-y-demuestra-las-mentiras-de-sales\/","url":"https:\/\/agrupacionespsoe.es\/castello\/el-traslado-de-depositos-del-aerodromo-de-castello-confirma-que-deja-la-base-de-emergencias-inoperativa-y-demuestra-las-mentiras-de-sales\/","name":"El traslado de dep\u00f3sitos del aer\u00f3dromo de Castell\u00f3 confirma que deja la base de emergencias inoperativa y demuestra las \u201cmentiras de Sales\u201d - PSPV-PSOE CASTELL\u00d3","isPartOf":{"@id":"https:\/\/agrupacionespsoe.es\/castello\/#website"},"primaryImageOfPage":{"@id":"https:\/\/agrupacionespsoe.es\/castello\/el-traslado-de-depositos-del-aerodromo-de-castello-confirma-que-deja-la-base-de-emergencias-inoperativa-y-demuestra-las-mentiras-de-sales\/#primaryimage"},"image":{"@id":"https:\/\/agrupacionespsoe.es\/castello\/el-traslado-de-depositos-del-aerodromo-de-castello-confirma-que-deja-la-base-de-emergencias-inoperativa-y-demuestra-las-mentiras-de-sales\/#primaryimage"},"thumbnailUrl":"https:\/\/agrupacionespsoe.es\/castello\/wp-content\/uploads\/sites\/45\/2025\/06\/20250612-El-traslado-de-depositos-del-aerodromo-de-Castello-confirma-que-deja-la-base-de-emergencias-inoperativa-y-demuestra-las-mentiras-de-Sales.jpeg","datePublished":"2025-06-12T11:42:38+00:00","dateModified":"2025-06-12T11:42:58+00:00","breadcrumb":{"@id":"https:\/\/agrupacionespsoe.es\/castello\/el-traslado-de-depositos-del-aerodromo-de-castello-confirma-que-deja-la-base-de-emergencias-inoperativa-y-demuestra-las-mentiras-de-sales\/#breadcrumb"},"inLanguage":"es","potentialAction":[{"@type":"ReadAction","target":["https:\/\/agrupacionespsoe.es\/castello\/el-traslado-de-depositos-del-aerodromo-de-castello-confirma-que-deja-la-base-de-emergencias-inoperativa-y-demuestra-las-mentiras-de-sales\/"]}]},{"@type":"ImageObject","inLanguage":"es","@id":"https:\/\/agrupacionespsoe.es\/castello\/el-traslado-de-depositos-del-aerodromo-de-castello-confirma-que-deja-la-base-de-emergencias-inoperativa-y-demuestra-las-mentiras-de-sales\/#primaryimage","url":"https:\/\/agrupacionespsoe.es\/castello\/wp-content\/uploads\/sites\/45\/2025\/06\/20250612-El-traslado-de-depositos-del-aerodromo-de-Castello-confirma-que-deja-la-base-de-emergencias-inoperativa-y-demuestra-las-mentiras-de-Sales.jpeg","contentUrl":"https:\/\/agrupacionespsoe.es\/castello\/wp-content\/uploads\/sites\/45\/2025\/06\/20250612-El-traslado-de-depositos-del-aerodromo-de-Castello-confirma-que-deja-la-base-de-emergencias-inoperativa-y-demuestra-las-mentiras-de-Sales.jpeg","width":1280,"height":720},{"@type":"BreadcrumbList","@id":"https:\/\/agrupacionespsoe.es\/castello\/el-traslado-de-depositos-del-aerodromo-de-castello-confirma-que-deja-la-base-de-emergencias-inoperativa-y-demuestra-las-mentiras-de-sales\/#breadcrumb","itemListElement":[{"@type":"ListItem","position":1,"name":"Portada","item":"https:\/\/agrupacionespsoe.es\/castello\/"},{"@type":"ListItem","position":2,"name":"El traslado de dep\u00f3sitos del aer\u00f3dromo de Castell\u00f3 confirma que deja la base de emergencias inoperativa y demuestra las \u201cmentiras de Sales\u201d"}]},{"@type":"WebSite","@id":"https:\/\/agrupacionespsoe.es\/castello\/#website","url":"https:\/\/agrupacionespsoe.es\/castello\/","name":"PSPV-PSOE CASTELL\u00d3","description":"PSPV-PSOE | Agrupaci\u00f3 de Castell\u00f3","publisher":{"@id":"https:\/\/agrupacionespsoe.es\/castello\/#organization"},"potentialAction":[{"@type":"SearchAction","target":{"@type":"EntryPoint","urlTemplate":"https:\/\/agrupacionespsoe.es\/castello\/?s={search_term_string}"},"query-input":{"@type":"PropertyValueSpecification","valueRequired":true,"valueName":"search_term_string"}}],"inLanguage":"es"},{"@type":"Organization","@id":"https:\/\/agrupacionespsoe.es\/castello\/#organization","name":"PSPV-PSOE Castell\u00f3","url":"https:\/\/agrupacionespsoe.es\/castello\/","logo":{"@type":"ImageObject","inLanguage":"es","@id":"https:\/\/agrupacionespsoe.es\/castello\/#\/schema\/logo\/image\/","url":"https:\/\/agrupacionespsoe.es\/castello\/wp-content\/uploads\/sites\/45\/2023\/04\/PORTADA-PSOE-CASTELLO.jpg","contentUrl":"https:\/\/agrupacionespsoe.es\/castello\/wp-content\/uploads\/sites\/45\/2023\/04\/PORTADA-PSOE-CASTELLO.jpg","width":2500,"height":2500,"caption":"PSPV-PSOE Castell\u00f3"},"image":{"@id":"https:\/\/agrupacionespsoe.es\/castello\/#\/schema\/logo\/image\/"},"sameAs":["https:\/\/www.facebook.com\/pspv.castellodelaplana","https:\/\/x.com\/pspv_cs","https:\/\/www.instagram.com\/pspvpsoecastello\/"]},{"@type":"Person","@id":"https:\/\/agrupacionespsoe.es\/castello\/#\/schema\/person\/f3bc5b2f9dc6a399e9e98596ae24a20a","name":"castello1","image":{"@type":"ImageObject","inLanguage":"es","@id":"https:\/\/agrupacionespsoe.es\/castello\/#\/schema\/person\/image\/","url":"https:\/\/secure.gravatar.com\/avatar\/5f1da428d6479d1127419c0b58796865?s=96&d=mm&r=g","contentUrl":"https:\/\/secure.gravatar.com\/avatar\/5f1da428d6479d1127419c0b58796865?s=96&d=mm&r=g","caption":"castello1"},"url":"https:\/\/agrupacionespsoe.es\/castello\/author\/castello1\/"}]}},"jetpack_publicize_connections":[],"jetpack_featured_media_url":"https:\/\/agrupacionespsoe.es\/castello\/wp-content\/uploads\/sites\/45\/2025\/06\/20250612-El-traslado-de-depositos-del-aerodromo-de-Castello-confirma-que-deja-la-base-de-emergencias-inoperativa-y-demuestra-las-mentiras-de-Sales.jpeg","jetpack_sharing_enabled":true,"_links":{"self":[{"href":"https:\/\/agrupacionespsoe.es\/castello\/wp-json\/wp\/v2\/posts\/8211","targetHints":{"allow":["GET"]}}],"collection":[{"href":"https:\/\/agrupacionespsoe.es\/castello\/wp-json\/wp\/v2\/posts"}],"about":[{"href":"https:\/\/agrupacionespsoe.es\/castello\/wp-json\/wp\/v2\/types\/post"}],"author":[{"embeddable":true,"href":"https:\/\/agrupacionespsoe.es\/castello\/wp-json\/wp\/v2\/users\/48"}],"replies":[{"embeddable":true,"href":"https:\/\/agrupacionespsoe.es\/castello\/wp-json\/wp\/v2\/comments?post=8211"}],"version-history":[{"count":1,"href":"https:\/\/agrupacionespsoe.es\/castello\/wp-json\/wp\/v2\/posts\/8211\/revisions"}],"predecessor-version":[{"id":8213,"href":"https:\/\/agrupacionespsoe.es\/castello\/wp-json\/wp\/v2\/posts\/8211\/revisions\/8213"}],"wp:featuredmedia":[{"embeddable":true,"href":"https:\/\/agrupacionespsoe.es\/castello\/wp-json\/wp\/v2\/media\/8214"}],"wp:attachment":[{"href":"https:\/\/agrupacionespsoe.es\/castello\/wp-json\/wp\/v2\/media?parent=8211"}],"wp:term":[{"taxonomy":"category","embeddable":true,"href":"https:\/\/agrupacionespsoe.es\/castello\/wp-json\/wp\/v2\/categories?post=8211"},{"taxonomy":"post_tag","embeddable":true,"href":"https:\/\/agrupacionespsoe.es\/castello\/wp-json\/wp\/v2\/tags?post=8211"}],"curies":[{"name":"wp","href":"https:\/\/api.w.org\/{rel}","templated":true}]}}