{"id":8188,"date":"2025-06-11T19:07:36","date_gmt":"2025-06-11T17:07:36","guid":{"rendered":"https:\/\/agrupacionespsoe.es\/castello\/?p=8188"},"modified":"2026-03-24T09:08:37","modified_gmt":"2026-03-24T08:08:37","slug":"el-pspv-defineix-els-dos-anys-de-govern-de-begona-carrasco-com-una-agencia-despectacles-i-saraus-que-aposta-per-lodi-i-els-insults","status":"publish","type":"post","link":"https:\/\/agrupacionespsoe.es\/castello\/va\/el-pspv-defineix-els-dos-anys-de-govern-de-begona-carrasco-com-una-agencia-despectacles-i-saraus-que-aposta-per-lodi-i-els-insults\/","title":{"rendered":"El PSPV defineix els dos anys de govern de Bego\u00f1a Carrasco com \u201cuna ag\u00e8ncia d&#8217;espectacles i saraus\u201d que aposta per \u201cl&#8217;odi i els insults\u201d"},"content":{"rendered":"\n<ul class=\"wp-block-list\">\n<li><em><strong><em>Patricia Puerta, portaveu del Grup Municipal Socialista, destaca l&#8217;incompliment del pacte PPVox \u201cperqu\u00e8 dels 90 punts que arreplegava l&#8217;acord del Govern de la Vergonya nom\u00e9s han executat 19, dels quals 9 eren ja her\u00e8ncia de l&#8217;anterior govern progressista de l\u2019Acord de Fadrell\u201d<\/em><\/strong><\/em><\/li>\n<\/ul>\n\n\n\n<ul class=\"wp-block-list\">\n<li><em><strong><em>Rafa Sim\u00f3, secretari general del PSPV, defensa el treball de fiscalitzaci\u00f3 i la \u201calternativa\u201d en la qual est\u00e0 treballant el Partit Socialista i assegura que PP i Vox \u201cestan nom\u00e9s preocupats a veure qui flama m\u00e9s l&#8217;atenci\u00f3, uns amb els seus discursos d&#8217;odi i altres, amb fotos i reels\u201d<\/em><\/strong><\/em><\/li>\n<\/ul>\n\n\n\n<ul class=\"wp-block-list\">\n<li><em><strong>Jos\u00e9 Luis L\u00f3pez, portaveu adjunt del Grup Municipal Socialista, lamenta que Castell\u00f3 \u201ctinga una alcaldessa que ha perm\u00e9s i permet que la mentida, el racisme i l&#8217;homof\u00f2bia formen part del dia a dia del govern municipal que presideix\u201d<\/strong><\/em><\/li>\n<\/ul>\n\n\n\n<ul class=\"wp-block-list\">\n<li><em><strong><em>Jos\u00e9 Luis L\u00f3renz, diputat auton\u00f2mic, recalca que Castell\u00f3, en q\u00fcestions de serveis socials, educaci\u00f3, sanitat i habitatge, \u201cest\u00e0 pitjor que fa dos anys perqu\u00e8, a m\u00e9s, Bego\u00f1a Carrasco no reivindica res a Carlos Maz\u00f3n\u201d.<\/em><\/strong><\/em><\/li>\n<\/ul>\n\n\n\n<figure class=\"wp-block-audio\"><audio controls src=\"https:\/\/agrupacionespsoe.es\/castello\/wp-content\/uploads\/sites\/45\/2025\/06\/20250611-El-PSPV-define-los-dos-anos-de-gobierno-de-Begona-Carrasco-como-una-agencia-de-espectaculos-y-saraos-que-apuesta-por-el-odio-y-los-insultos.mp3\" autoplay><\/audio><\/figure>\n\n\n\n<p>Dos anys de govern de <a href=\"https:\/\/agrupacionespsoe.es\/castello\/va\/tag\/begona-carrasco-va\/\">Bego\u00f1a Carrasco<\/a> marcats per la radicalitzaci\u00f3, el \u2018postureo\u2019, els discursos d&#8217;odi, els nyaps i el desmantellament de l&#8217;Estat del Benestar a Castell\u00f3. Aquesta \u00e9s la radiografia de la gesti\u00f3 del Partit Popular i Vox al capdavant de l&#8217;ajuntament, \u201cque han aconseguit convertir la ciutat en cont\u00ednua xafogor nacional\u201d, assenyala <a href=\"https:\/\/agrupacionespsoe.es\/castello\/va\/tag\/patricia-puerta-va\/\">Patricia Puerta<\/a>, portaveu del Grup Municipal Socialista, declaracions realitzades en el balan\u00e7 de l&#8217;equador de mandat al costat del portaveu adjunt, <a href=\"https:\/\/agrupacionespsoe.es\/castello\/va\/tag\/jose-luis-lopez-va\/\">Jos\u00e9 Luis L\u00f3pez<\/a>; el secretari general del PSPV de Castell\u00f3 i diputat auton\u00f2mic, <a href=\"https:\/\/agrupacionespsoe.es\/castello\/va\/tag\/rafa-simo-va\/\">Rafa Sim\u00f3<\/a>, i el tamb\u00e9 representant socialista en Les Corts <a href=\"https:\/\/agrupacionespsoe.es\/castello\/va\/tag\/jose-luis-lorenz-va\/\">Jos\u00e9 Luis L\u00f3renz<\/a>.<\/p>\n\n\n\n<p>En la seua intervenci\u00f3, Patricia Puerta ha assenyalat que \u201cel Govern del no-res del qual parlem fa un any s&#8217;ha convertit en el Govern de la Vergonya\u201d, fins al punt de convertir \u201cuna ciutat solid\u00e0ria, sostenible i moderna en una ciutat radical\u201d. Aix\u00f2 s&#8217;ha tradu\u00eft en un clar incompliment del pacte de la dreta i la ultradreta, \u201cperqu\u00e8 dels 90 punts que arreplegava nom\u00e9s han executat 19, i aix\u00f2 tenint en compte que 9 d&#8217;ells eren her\u00e8ncia dels desenvolupats per l\u2019Acord de Fadrell\u201d.<\/p>\n\n\n\n<p>La llista d&#8217;incompliments \u201c\u00e9s llarga\u201d, com la \u201cinexistent promoci\u00f3 de l&#8217;habitatge p\u00fablic amb lloguers assequibles per a la gent jove\u201d, o el fam\u00f3s pla estrat\u00e8gic de neteja \u201cque nom\u00e9s sembla existir en la pla\u00e7a Major i lim\u00edtrofs, perqu\u00e8 nom\u00e9s basta passejar-se pels barris per a veure que estan absolutament abandonats\u201d. En aquesta l\u00ednia, Patricia Puerta ha incidit en l&#8217;artificial baixada d&#8217;impostos a la ciutadania, \u201cperqu\u00e8 ja veuran els ve\u00efns i ve\u00efnes el que hauran de pagar de taxa pel \u2018Basurazo de Carrasco\u2019: fins a 200 euros\u201d.<\/p>\n\n\n\n<p>Altres anuncis \u201cque s&#8217;han quedat en res\u201d s\u00f3n l&#8217;erradicaci\u00f3 de les plagues de mosquits, rates i paneroles, la irreal policia de barri, la regularitzaci\u00f3 dels habitatges de la Marjaleria o la infermera escolar. Enfront d&#8217;aix\u00f2, \u201cmolts nyaps en la gesti\u00f3, com tots hem pogut veure amb les campanyes comercials del Dia de la Sogra i de Sant Valent\u00ed, o el fiasco de les primeres ajudes als comer\u00e7os afectats per les obres de la Zona de Baixes Emissions\u201d.<\/p>\n\n\n\n<p>Per a Patricia Puerta, \u201cen una cosa si que ha complit Carrasco, que \u00e9s el situar-nos en el mapa nacional, per\u00f2 el de la vergonya\u201d. El cas m\u00e9s cridaner \u00e9s del regidor de Mobilitat, <a href=\"https:\/\/agrupacionespsoe.es\/castello\/va\/tag\/cristian-ramirez-va\/\">Cristian Ram\u00edrez<\/a>, \u201cperqu\u00e8 \u00e9s inconcebible que continue cobrant 62.000 euros a l&#8217;any pese a l&#8217;esc\u00e0ndol de 170 multes que va acumular en zona blava, de les quals 105 mai es van arribar a pagar\u201d, o que \u201ctinguem una regidora al Grau, <a href=\"https:\/\/agrupacionespsoe.es\/castello\/va\/tag\/esther-giner-va\/\">Ester Giner<\/a>, que ens costa, al costat dels seus assessors 110.000 euros a l&#8217;any, m\u00e9s diners del pressupost que ha de gestionar\u201d.<\/p>\n\n\n\n<p>Enfront d&#8217;aix\u00f2, el PSPV \u201cha fet un continu treball de fiscalitzaci\u00f3 per a posar en valor el nostre model de ciutat\u201d. En aquest sentit, des del Grup Municipal Socialista s&#8217;han presentat en aquests dos anys 96 iniciatives plen\u00e0ries, 125 precs i preguntes plen\u00e0ries, 1.160 precs les comissions municipals, 65 esmenes als pressupostos de 2024 i 76 als comptes municipals de 2025. I al costat d&#8217;aix\u00f2, reunions amb entitats ve\u00efnals i c\u00edviques de tota \u00edndole \u201cper a defensar els interessos de les i els castellonencs\u201d.<br><br><strong>\u201cUn 10 a Carrasco en saraus, espectacles i m\u00e0rqueting\u201d<\/strong><br>Rafa Sim\u00f3, amb ironia, ha assenyalat que \u201cno suspendrem al PP en tot, perqu\u00e8 Bego\u00f1a Carrasco es mereix un 10 en saraus, espectacles i m\u00e0rqueting\u201d. El secretari general del PSPV a Castell\u00f3, en aquesta l\u00ednia, ha destacat que el govern municipal de Castell\u00f3, en aquests dos anys, \u201cm\u00e9s que un govern que soluciona problemes s&#8217;ha convertit en una ag\u00e8ncia d&#8217;espectacles\u201d.<\/p>\n\n\n\n<p>Al seu judici, PP i Vox \u201cestan mes preocupat a veure qui flama m\u00e9s l&#8217;atenci\u00f3: una part d&#8217;ells en discursos d&#8217;odi i una altra, en fotos i \u2018reels\u2019\u201d. Enfront d&#8217;ells, en qualsevol cas, \u201cestar\u00e0 el Partit Socialista, que no es quedar\u00e0 callat i que est\u00e0 construint una alternativa\u201d.<br><br>En aquest balan\u00e7 de dos anys, \u201cCastell\u00f3 est\u00e0 pitjor que en 2023, perqu\u00e8 estan m\u00e9s preocupats del \u2018postureo\u2019 que de solucionar problemes, i perqu\u00e8 s\u00f3n ostatges d&#8217;un <a href=\"https:\/\/agrupacionespsoe.es\/castello\/va\/tag\/carlos-mazon-va\/\">Carlos Maz\u00f3n<\/a> que des de fa 7 mesos no aporta res positiu a la Comunitat Valenciana i a Castell\u00f3\u201d. Enfront d&#8217;aix\u00f2, \u201ci a pesar que el Partit Popular pressiona als col\u00b7lectius perqu\u00e8 no es facen fotos amb nosaltres, continuarem escoltant la ciutadania i a construir una alternativa\u201d.<\/p>\n\n\n\n<p><strong>Silenci davant els insults<\/strong><br>Per part seua, el portaveu adjunt del Grup Municipal Socialista, Jos\u00e9 Luis L\u00f3pez, ha lamentat que al capdavant de l&#8217;Ajuntament de Castell\u00f3 hi haja una alcaldessa, Bego\u00f1a Carrasco, \u201cque ha perm\u00e9s i permet que la mentida i els discurs d&#8217;odi insults formen part del dia a dia de l&#8217;ajuntament\u201d.<\/p>\n\n\n\n<figure class=\"wp-block-image size-large\"><img loading=\"lazy\" decoding=\"async\" width=\"1101\" height=\"826\" data-attachment-id=\"8195\" data-permalink=\"https:\/\/agrupacionespsoe.es\/castello\/20250611-el-pspv-define-los-dos-anos-de-gobierno-de-begona-carrasco-como-una-agencia-de-espectaculos-y-saraos-que-apuesta-lopez-2\/\" data-orig-file=\"https:\/\/agrupacionespsoe.es\/castello\/wp-content\/uploads\/sites\/45\/2025\/06\/20250611-El-PSPV-define-los-dos-anos-de-gobierno-de-Begona-Carrasco-como-una-agencia-de-espectaculos-y-saraos-que-apuesta-Lopez-edited.jpeg\" data-orig-size=\"1101,826\" data-comments-opened=\"1\" data-image-meta=\"{&quot;aperture&quot;:&quot;0&quot;,&quot;credit&quot;:&quot;&quot;,&quot;camera&quot;:&quot;&quot;,&quot;caption&quot;:&quot;&quot;,&quot;created_timestamp&quot;:&quot;0&quot;,&quot;copyright&quot;:&quot;&quot;,&quot;focal_length&quot;:&quot;0&quot;,&quot;iso&quot;:&quot;0&quot;,&quot;shutter_speed&quot;:&quot;0&quot;,&quot;title&quot;:&quot;&quot;,&quot;orientation&quot;:&quot;0&quot;}\" data-image-title=\"20250611 &#8211; El PSPV define los dos an\u0303os de gobierno de Begon\u0303a Carrasco como \u201cuna agencia de especta\u0301culos y saraos\u201d que apuesta &#8211; Lo\u0301pez\" data-image-description=\"\" data-image-caption=\"\" data-medium-file=\"https:\/\/agrupacionespsoe.es\/castello\/wp-content\/uploads\/sites\/45\/2025\/06\/20250611-El-PSPV-define-los-dos-anos-de-gobierno-de-Begona-Carrasco-como-una-agencia-de-espectaculos-y-saraos-que-apuesta-Lopez-edited-300x225.jpeg\" data-large-file=\"https:\/\/agrupacionespsoe.es\/castello\/wp-content\/uploads\/sites\/45\/2025\/06\/20250611-El-PSPV-define-los-dos-anos-de-gobierno-de-Begona-Carrasco-como-una-agencia-de-espectaculos-y-saraos-que-apuesta-Lopez-edited-1024x768.jpeg\" src=\"https:\/\/agrupacionespsoe.es\/castello\/wp-content\/uploads\/sites\/45\/2025\/06\/20250611-El-PSPV-define-los-dos-anos-de-gobierno-de-Begona-Carrasco-como-una-agencia-de-espectaculos-y-saraos-que-apuesta-Lopez-edited.jpeg\" alt=\"\" class=\"wp-image-8195\" srcset=\"https:\/\/agrupacionespsoe.es\/castello\/wp-content\/uploads\/sites\/45\/2025\/06\/20250611-El-PSPV-define-los-dos-anos-de-gobierno-de-Begona-Carrasco-como-una-agencia-de-espectaculos-y-saraos-que-apuesta-Lopez-edited.jpeg 1101w, https:\/\/agrupacionespsoe.es\/castello\/wp-content\/uploads\/sites\/45\/2025\/06\/20250611-El-PSPV-define-los-dos-anos-de-gobierno-de-Begona-Carrasco-como-una-agencia-de-espectaculos-y-saraos-que-apuesta-Lopez-edited-300x225.jpeg 300w, https:\/\/agrupacionespsoe.es\/castello\/wp-content\/uploads\/sites\/45\/2025\/06\/20250611-El-PSPV-define-los-dos-anos-de-gobierno-de-Begona-Carrasco-como-una-agencia-de-espectaculos-y-saraos-que-apuesta-Lopez-edited-1024x768.jpeg 1024w, https:\/\/agrupacionespsoe.es\/castello\/wp-content\/uploads\/sites\/45\/2025\/06\/20250611-El-PSPV-define-los-dos-anos-de-gobierno-de-Begona-Carrasco-como-una-agencia-de-espectaculos-y-saraos-que-apuesta-Lopez-edited-768x576.jpeg 768w\" sizes=\"auto, (max-width: 1101px) 100vw, 1101px\" \/><\/figure>\n\n\n\n<p>Exemples hi ha molts, \u201ccom la intervenci\u00f3 en el ple d&#8217;un membre del govern municipal comparant el dret de la dona a interrompre el seu embar\u00e0s amb l&#8217;Holocaust, tot amb el silenci de Carrasco\u201d. O el \u201catac continuat a la cooperaci\u00f3 al desenvolupament, eliminant qualsevol ajuda a la poblaci\u00f3 palestina i negant fins i tot el genocidi en Palestina per part d&#8217;Israel\u201d.<\/p>\n\n\n\n<p>L\u00f3pez ha subratllat a m\u00e9s l&#8217;habitual discurs del regidor de Seguretat de Bego\u00f1a Carrasco, <strong><a href=\"https:\/\/agrupacionespsoe.es\/castello\/va\/tag\/antonio-ortola-va\/\">Antonio Ortol\u00e1<\/a><\/strong>, vinculant sempre immigraci\u00f3 amb delinq\u00fc\u00e8ncia que, a m\u00e9s de no ser cert, \u00e9s racista\u201d. O que el regidor de Fam\u00edlia, <a href=\"https:\/\/agrupacionespsoe.es\/castello\/va\/tag\/alberto-vidal-va\/\">Alberto Vidal<\/a>, es mofe de la lluita dels col\u00b7lectius LGTBI, a m\u00e9s de les paraules de l&#8217;edil de Turisme, <a href=\"https:\/\/agrupacionespsoe.es\/castello\/va\/tag\/arantxa-miralles-va\/\">Arantxa Miralles<\/a>, \u201cafirmant que no existeix un canvi clim\u00e0tic sin\u00f3 sol temps canviant\u201d.<br><br>Amb tot aquest panorama de fons, \u201cel problema no s\u00f3n nom\u00e9s els comentaris que s&#8217;aboquen, sin\u00f3 el silenci c\u00f2mplice de Bego\u00f1a Carrasco, que per a maquillar la seua imatge es limita a convocar, per exemple, el Dia de l&#8217;Orgull sense anar de bracet dels col\u00b7lectius, un acte que no \u00e9s una festa, com diu Carrasco, sin\u00f3 una reivindicaci\u00f3\u201d.<br><strong><br>Carrasco abandona l&#8217;educaci\u00f3 i la sanitat<\/strong><br>Finalment, Jos\u00e9 Luis L\u00f3renz, diputat auton\u00f2mic del PSPV, ha recalcat que Castell\u00f3, en q\u00fcestions de serveis socials, educaci\u00f3, sanitat i habitatge, \u201cest\u00e0 pitjor que fa dos anys perqu\u00e8 tenim una alcaldessa que, a m\u00e9s, no reivindica a Maz\u00f3n\u201d.<\/p>\n\n\n\n<figure class=\"wp-block-image size-large\"><img loading=\"lazy\" decoding=\"async\" width=\"1536\" height=\"1152\" data-attachment-id=\"8193\" data-permalink=\"https:\/\/agrupacionespsoe.es\/castello\/20250611-el-pspv-define-los-dos-anos-de-gobierno-de-begona-carrasco-como-una-agencia-de-espectaculos-y-saraos-que-apuesta-lorenz-2\/\" data-orig-file=\"https:\/\/agrupacionespsoe.es\/castello\/wp-content\/uploads\/sites\/45\/2025\/06\/20250611-El-PSPV-define-los-dos-anos-de-gobierno-de-Begona-Carrasco-como-una-agencia-de-espectaculos-y-saraos-que-apuesta-Lorenz-edited.jpeg\" data-orig-size=\"1536,1152\" data-comments-opened=\"1\" data-image-meta=\"{&quot;aperture&quot;:&quot;0&quot;,&quot;credit&quot;:&quot;&quot;,&quot;camera&quot;:&quot;&quot;,&quot;caption&quot;:&quot;&quot;,&quot;created_timestamp&quot;:&quot;0&quot;,&quot;copyright&quot;:&quot;&quot;,&quot;focal_length&quot;:&quot;0&quot;,&quot;iso&quot;:&quot;0&quot;,&quot;shutter_speed&quot;:&quot;0&quot;,&quot;title&quot;:&quot;&quot;,&quot;orientation&quot;:&quot;0&quot;}\" data-image-title=\"20250611 &#8211; El PSPV define los dos an\u0303os de gobierno de Begon\u0303a Carrasco como \u201cuna agencia de especta\u0301culos y saraos\u201d que apuesta &#8211; Lorenz\" data-image-description=\"\" data-image-caption=\"\" data-medium-file=\"https:\/\/agrupacionespsoe.es\/castello\/wp-content\/uploads\/sites\/45\/2025\/06\/20250611-El-PSPV-define-los-dos-anos-de-gobierno-de-Begona-Carrasco-como-una-agencia-de-espectaculos-y-saraos-que-apuesta-Lorenz-edited-300x225.jpeg\" data-large-file=\"https:\/\/agrupacionespsoe.es\/castello\/wp-content\/uploads\/sites\/45\/2025\/06\/20250611-El-PSPV-define-los-dos-anos-de-gobierno-de-Begona-Carrasco-como-una-agencia-de-espectaculos-y-saraos-que-apuesta-Lorenz-edited-1024x768.jpeg\" src=\"https:\/\/agrupacionespsoe.es\/castello\/wp-content\/uploads\/sites\/45\/2025\/06\/20250611-El-PSPV-define-los-dos-anos-de-gobierno-de-Begona-Carrasco-como-una-agencia-de-espectaculos-y-saraos-que-apuesta-Lorenz-edited.jpeg\" alt=\"\" class=\"wp-image-8193\" srcset=\"https:\/\/agrupacionespsoe.es\/castello\/wp-content\/uploads\/sites\/45\/2025\/06\/20250611-El-PSPV-define-los-dos-anos-de-gobierno-de-Begona-Carrasco-como-una-agencia-de-espectaculos-y-saraos-que-apuesta-Lorenz-edited.jpeg 1536w, https:\/\/agrupacionespsoe.es\/castello\/wp-content\/uploads\/sites\/45\/2025\/06\/20250611-El-PSPV-define-los-dos-anos-de-gobierno-de-Begona-Carrasco-como-una-agencia-de-espectaculos-y-saraos-que-apuesta-Lorenz-edited-300x225.jpeg 300w, https:\/\/agrupacionespsoe.es\/castello\/wp-content\/uploads\/sites\/45\/2025\/06\/20250611-El-PSPV-define-los-dos-anos-de-gobierno-de-Begona-Carrasco-como-una-agencia-de-espectaculos-y-saraos-que-apuesta-Lorenz-edited-1024x768.jpeg 1024w, https:\/\/agrupacionespsoe.es\/castello\/wp-content\/uploads\/sites\/45\/2025\/06\/20250611-El-PSPV-define-los-dos-anos-de-gobierno-de-Begona-Carrasco-como-una-agencia-de-espectaculos-y-saraos-que-apuesta-Lorenz-edited-768x576.jpeg 768w\" sizes=\"auto, (max-width: 1536px) 100vw, 1536px\" \/><\/figure>\n\n\n\n<p>A la ciutat s\u00ed que hi ha dos nous col\u00b7legis que estan a punt d&#8217;obrir les seues portes, el Mestre Can\u00f3s i el Sebasti\u00e1n Elcano , \u201cper\u00f2 que ning\u00fa oblide, per moltes fotos que es fa\u00e7a Carrasco, que han sigut possibles gr\u00e0cies als governs de progr\u00e9s liderats pel PSPV\u201d. Lorenz, a m\u00e9s, ha recordat que l\u2019Acord de Fadrell \u201cva deixar preparades cinc mem\u00f2ries de col\u00b7legis que estan en situaci\u00f3 lamentable -Antoni Armelles, Bisbe Climent, Cervantes, Sant Agust\u00ed i Carles Selma- per\u00f2 Carrasco els ha deixats de costat\u201d. I com el temps passa, \u201cja hi ha dos centres que necessiten tamb\u00e9 intervencions, com el Jaume I i el Soler i Godes\u201d. A m\u00e9s, \u201cper molt que prometen no hi ha ni hi haur\u00e0 res amb l&#8217;IES Cr\u00e8mor i el nou conservatori\u201d.<\/p>\n\n\n\n<p>En temes de sanitat, \u201cles llistes d&#8217;espera en intervencions quir\u00fargiques a l&#8217;Hospital Provincial s&#8217;han incrementat un 8% i en el General en un 82%, la pitjor dada de tota la Comunitat Valenciana\u201d. Els problemes creixen a m\u00e9s en serveis socials, \u201cperqu\u00e8 s&#8217;est\u00e0 privatitzant l&#8217;atenci\u00f3 els nostres majors\u201d, igual que en habitatge per a les fam\u00edlies necessitades i la joventut, \u201cperqu\u00e8 el preu de la VPO s&#8217;ha incrementat fins als 2.400 euros per metre quadrat, una \u00e0rea on l&#8217;\u00fanica preocupaci\u00f3 del PP \u00e9s l&#8217;especulaci\u00f3\u201d.<\/p>\n","protected":false},"excerpt":{"rendered":"<p>Dos anys de govern de Bego\u00f1a Carrasco marcats per la radicalitzaci\u00f3, el \u2018postureo\u2019, els discursos d&#8217;odi, els nyaps i el desmantellament de l&#8217;Estat del Benestar a Castell\u00f3. Aquesta \u00e9s la radiografia de la gesti\u00f3 del Partit Popular i Vox al capdavant de l&#8217;ajuntament, \u201cque han aconseguit convertir la ciutat en cont\u00ednua xafogor nacional\u201d, assenyala Patricia &#8230;<\/p>\n","protected":false},"author":48,"featured_media":8183,"comment_status":"open","ping_status":"open","sticky":false,"template":"","format":"standard","meta":{"_jetpack_memberships_contains_paid_content":false,"footnotes":"","jetpack_publicize_message":"","jetpack_publicize_feature_enabled":true,"jetpack_social_post_already_shared":false,"jetpack_social_options":{"image_generator_settings":{"template":"highway","default_image_id":0,"font":"","enabled":false},"version":2}},"categories":[22],"tags":[787,739,792,1153,753,743,776,87,489,1157,83,426,446],"class_list":["post-8188","post","type-post","status-publish","format-standard","has-post-thumbnail","hentry","category-gms-va","tag-alberto-vidal-va","tag-antonio-ortola-va","tag-arantxa-miralles-va","tag-basurazo-va","tag-carlos-mazon-va","tag-cristian-ramirez-va","tag-esther-giner-va","tag-jose-luis-lopez-va","tag-jose-luis-lorenz-va","tag-multes","tag-patricia-puerta-va","tag-rafa-simo-va","tag-todos-va"],"yoast_head":"<!-- This site is optimized with the Yoast SEO plugin v24.0 - https:\/\/yoast.com\/wordpress\/plugins\/seo\/ -->\n<title>El PSPV defineix els dos anys de govern de Bego\u00f1a Carrasco com \u201cuna ag\u00e8ncia d&#039;espectacles i saraus\u201d que aposta per \u201cl&#039;odi i els insults\u201d - PSPV-PSOE CASTELL\u00d3<\/title>\n<meta name=\"robots\" content=\"index, follow, max-snippet:-1, max-image-preview:large, max-video-preview:-1\" \/>\n<link rel=\"canonical\" href=\"https:\/\/agrupacionespsoe.es\/castello\/va\/el-pspv-defineix-els-dos-anys-de-govern-de-begona-carrasco-com-una-agencia-despectacles-i-saraus-que-aposta-per-lodi-i-els-insults\/\" \/>\n<meta property=\"og:locale\" content=\"es_ES\" \/>\n<meta property=\"og:type\" content=\"article\" \/>\n<meta property=\"og:title\" content=\"El PSPV defineix els dos anys de govern de Bego\u00f1a Carrasco com \u201cuna ag\u00e8ncia d&#039;espectacles i saraus\u201d que aposta per \u201cl&#039;odi i els insults\u201d - PSPV-PSOE CASTELL\u00d3\" \/>\n<meta property=\"og:description\" content=\"Dos anys de govern de Bego\u00f1a Carrasco marcats per la radicalitzaci\u00f3, el \u2018postureo\u2019, els discursos d&#8217;odi, els nyaps i el desmantellament de l&#8217;Estat del Benestar a Castell\u00f3. Aquesta \u00e9s la radiografia de la gesti\u00f3 del Partit Popular i Vox al capdavant de l&#8217;ajuntament, \u201cque han aconseguit convertir la ciutat en cont\u00ednua xafogor nacional\u201d, assenyala Patricia ...\" \/>\n<meta property=\"og:url\" content=\"https:\/\/agrupacionespsoe.es\/castello\/va\/el-pspv-defineix-els-dos-anys-de-govern-de-begona-carrasco-com-una-agencia-despectacles-i-saraus-que-aposta-per-lodi-i-els-insults\/\" \/>\n<meta property=\"og:site_name\" content=\"PSPV-PSOE CASTELL\u00d3\" \/>\n<meta property=\"article:publisher\" content=\"https:\/\/www.facebook.com\/pspv.castellodelaplana\" \/>\n<meta property=\"article:published_time\" content=\"2025-06-11T17:07:36+00:00\" \/>\n<meta property=\"article:modified_time\" content=\"2026-03-24T08:08:37+00:00\" \/>\n<meta property=\"og:image\" content=\"https:\/\/agrupacionespsoe.es\/castello\/wp-content\/uploads\/sites\/45\/2025\/06\/20250611-El-PSPV-define-los-dos-anos-de-gobierno-de-Begona-Carrasco-como-una-agencia-de-espectaculos-y-saraos-que-apuesta-por-el-odio-y-los-insultos.jpeg\" \/>\n\t<meta property=\"og:image:width\" content=\"2048\" \/>\n\t<meta property=\"og:image:height\" content=\"1536\" \/>\n\t<meta property=\"og:image:type\" content=\"image\/jpeg\" \/>\n<meta name=\"author\" content=\"castello1\" \/>\n<meta name=\"twitter:card\" content=\"summary_large_image\" \/>\n<meta name=\"twitter:creator\" content=\"@pspv_cs\" \/>\n<meta name=\"twitter:site\" content=\"@pspv_cs\" \/>\n<meta name=\"twitter:label1\" content=\"Escrito por\" \/>\n\t<meta name=\"twitter:data1\" content=\"castello1\" \/>\n\t<meta name=\"twitter:label2\" content=\"Tiempo de lectura\" \/>\n\t<meta name=\"twitter:data2\" content=\"7 minutos\" \/>\n<script type=\"application\/ld+json\" class=\"yoast-schema-graph\">{\"@context\":\"https:\/\/schema.org\",\"@graph\":[{\"@type\":\"Article\",\"@id\":\"https:\/\/agrupacionespsoe.es\/castello\/va\/el-pspv-defineix-els-dos-anys-de-govern-de-begona-carrasco-com-una-agencia-despectacles-i-saraus-que-aposta-per-lodi-i-els-insults\/#article\",\"isPartOf\":{\"@id\":\"https:\/\/agrupacionespsoe.es\/castello\/va\/el-pspv-defineix-els-dos-anys-de-govern-de-begona-carrasco-com-una-agencia-despectacles-i-saraus-que-aposta-per-lodi-i-els-insults\/\"},\"author\":{\"name\":\"castello1\",\"@id\":\"https:\/\/agrupacionespsoe.es\/castello\/#\/schema\/person\/f3bc5b2f9dc6a399e9e98596ae24a20a\"},\"headline\":\"El PSPV defineix els dos anys de govern de Bego\u00f1a Carrasco com \u201cuna ag\u00e8ncia d&#8217;espectacles i saraus\u201d que aposta per \u201cl&#8217;odi i els insults\u201d\",\"datePublished\":\"2025-06-11T17:07:36+00:00\",\"dateModified\":\"2026-03-24T08:08:37+00:00\",\"mainEntityOfPage\":{\"@id\":\"https:\/\/agrupacionespsoe.es\/castello\/va\/el-pspv-defineix-els-dos-anys-de-govern-de-begona-carrasco-com-una-agencia-despectacles-i-saraus-que-aposta-per-lodi-i-els-insults\/\"},\"wordCount\":1474,\"commentCount\":0,\"publisher\":{\"@id\":\"https:\/\/agrupacionespsoe.es\/castello\/#organization\"},\"image\":{\"@id\":\"https:\/\/agrupacionespsoe.es\/castello\/va\/el-pspv-defineix-els-dos-anys-de-govern-de-begona-carrasco-com-una-agencia-despectacles-i-saraus-que-aposta-per-lodi-i-els-insults\/#primaryimage\"},\"thumbnailUrl\":\"https:\/\/agrupacionespsoe.es\/castello\/wp-content\/uploads\/sites\/45\/2025\/06\/20250611-El-PSPV-define-los-dos-anos-de-gobierno-de-Begona-Carrasco-como-una-agencia-de-espectaculos-y-saraos-que-apuesta-por-el-odio-y-los-insultos.jpeg\",\"keywords\":[\"Alberto Vidal\",\"Antonio Ortol\u00e1\",\"Arantxa Miralles\",\"Basurazo\",\"Carlos Maz\u00f3n\",\"Cristian Ram\u00edrez\",\"Esther Giner\",\"Jos\u00e9 Luis L\u00f3pez\",\"Jos\u00e9 Luis Lorenz\",\"Multes\",\"Patricia Puerta\",\"Rafa Sim\u00f3\",\"Todos\"],\"articleSection\":[\"Grup Municipal Socialista\"],\"inLanguage\":\"es\",\"potentialAction\":[{\"@type\":\"CommentAction\",\"name\":\"Comment\",\"target\":[\"https:\/\/agrupacionespsoe.es\/castello\/va\/el-pspv-defineix-els-dos-anys-de-govern-de-begona-carrasco-com-una-agencia-despectacles-i-saraus-que-aposta-per-lodi-i-els-insults\/#respond\"]}]},{\"@type\":\"WebPage\",\"@id\":\"https:\/\/agrupacionespsoe.es\/castello\/va\/el-pspv-defineix-els-dos-anys-de-govern-de-begona-carrasco-com-una-agencia-despectacles-i-saraus-que-aposta-per-lodi-i-els-insults\/\",\"url\":\"https:\/\/agrupacionespsoe.es\/castello\/va\/el-pspv-defineix-els-dos-anys-de-govern-de-begona-carrasco-com-una-agencia-despectacles-i-saraus-que-aposta-per-lodi-i-els-insults\/\",\"name\":\"El PSPV defineix els dos anys de govern de Bego\u00f1a Carrasco com \u201cuna ag\u00e8ncia d'espectacles i saraus\u201d que aposta per \u201cl'odi i els insults\u201d - PSPV-PSOE CASTELL\u00d3\",\"isPartOf\":{\"@id\":\"https:\/\/agrupacionespsoe.es\/castello\/#website\"},\"primaryImageOfPage\":{\"@id\":\"https:\/\/agrupacionespsoe.es\/castello\/va\/el-pspv-defineix-els-dos-anys-de-govern-de-begona-carrasco-com-una-agencia-despectacles-i-saraus-que-aposta-per-lodi-i-els-insults\/#primaryimage\"},\"image\":{\"@id\":\"https:\/\/agrupacionespsoe.es\/castello\/va\/el-pspv-defineix-els-dos-anys-de-govern-de-begona-carrasco-com-una-agencia-despectacles-i-saraus-que-aposta-per-lodi-i-els-insults\/#primaryimage\"},\"thumbnailUrl\":\"https:\/\/agrupacionespsoe.es\/castello\/wp-content\/uploads\/sites\/45\/2025\/06\/20250611-El-PSPV-define-los-dos-anos-de-gobierno-de-Begona-Carrasco-como-una-agencia-de-espectaculos-y-saraos-que-apuesta-por-el-odio-y-los-insultos.jpeg\",\"datePublished\":\"2025-06-11T17:07:36+00:00\",\"dateModified\":\"2026-03-24T08:08:37+00:00\",\"breadcrumb\":{\"@id\":\"https:\/\/agrupacionespsoe.es\/castello\/va\/el-pspv-defineix-els-dos-anys-de-govern-de-begona-carrasco-com-una-agencia-despectacles-i-saraus-que-aposta-per-lodi-i-els-insults\/#breadcrumb\"},\"inLanguage\":\"es\",\"potentialAction\":[{\"@type\":\"ReadAction\",\"target\":[\"https:\/\/agrupacionespsoe.es\/castello\/va\/el-pspv-defineix-els-dos-anys-de-govern-de-begona-carrasco-com-una-agencia-despectacles-i-saraus-que-aposta-per-lodi-i-els-insults\/\"]}]},{\"@type\":\"ImageObject\",\"inLanguage\":\"es\",\"@id\":\"https:\/\/agrupacionespsoe.es\/castello\/va\/el-pspv-defineix-els-dos-anys-de-govern-de-begona-carrasco-com-una-agencia-despectacles-i-saraus-que-aposta-per-lodi-i-els-insults\/#primaryimage\",\"url\":\"https:\/\/agrupacionespsoe.es\/castello\/wp-content\/uploads\/sites\/45\/2025\/06\/20250611-El-PSPV-define-los-dos-anos-de-gobierno-de-Begona-Carrasco-como-una-agencia-de-espectaculos-y-saraos-que-apuesta-por-el-odio-y-los-insultos.jpeg\",\"contentUrl\":\"https:\/\/agrupacionespsoe.es\/castello\/wp-content\/uploads\/sites\/45\/2025\/06\/20250611-El-PSPV-define-los-dos-anos-de-gobierno-de-Begona-Carrasco-como-una-agencia-de-espectaculos-y-saraos-que-apuesta-por-el-odio-y-los-insultos.jpeg\",\"width\":2048,\"height\":1536},{\"@type\":\"BreadcrumbList\",\"@id\":\"https:\/\/agrupacionespsoe.es\/castello\/va\/el-pspv-defineix-els-dos-anys-de-govern-de-begona-carrasco-com-una-agencia-despectacles-i-saraus-que-aposta-per-lodi-i-els-insults\/#breadcrumb\",\"itemListElement\":[{\"@type\":\"ListItem\",\"position\":1,\"name\":\"Portada\",\"item\":\"https:\/\/agrupacionespsoe.es\/castello\/\"},{\"@type\":\"ListItem\",\"position\":2,\"name\":\"El PSPV defineix els dos anys de govern de Bego\u00f1a Carrasco com \u201cuna ag\u00e8ncia d&#8217;espectacles i saraus\u201d que aposta per \u201cl&#8217;odi i els insults\u201d\"}]},{\"@type\":\"WebSite\",\"@id\":\"https:\/\/agrupacionespsoe.es\/castello\/#website\",\"url\":\"https:\/\/agrupacionespsoe.es\/castello\/\",\"name\":\"PSPV-PSOE CASTELL\u00d3\",\"description\":\"PSPV-PSOE | Agrupaci\u00f3 de Castell\u00f3\",\"publisher\":{\"@id\":\"https:\/\/agrupacionespsoe.es\/castello\/#organization\"},\"potentialAction\":[{\"@type\":\"SearchAction\",\"target\":{\"@type\":\"EntryPoint\",\"urlTemplate\":\"https:\/\/agrupacionespsoe.es\/castello\/?s={search_term_string}\"},\"query-input\":{\"@type\":\"PropertyValueSpecification\",\"valueRequired\":true,\"valueName\":\"search_term_string\"}}],\"inLanguage\":\"es\"},{\"@type\":\"Organization\",\"@id\":\"https:\/\/agrupacionespsoe.es\/castello\/#organization\",\"name\":\"PSPV-PSOE Castell\u00f3\",\"url\":\"https:\/\/agrupacionespsoe.es\/castello\/\",\"logo\":{\"@type\":\"ImageObject\",\"inLanguage\":\"es\",\"@id\":\"https:\/\/agrupacionespsoe.es\/castello\/#\/schema\/logo\/image\/\",\"url\":\"https:\/\/agrupacionespsoe.es\/castello\/wp-content\/uploads\/sites\/45\/2023\/04\/PORTADA-PSOE-CASTELLO.jpg\",\"contentUrl\":\"https:\/\/agrupacionespsoe.es\/castello\/wp-content\/uploads\/sites\/45\/2023\/04\/PORTADA-PSOE-CASTELLO.jpg\",\"width\":2500,\"height\":2500,\"caption\":\"PSPV-PSOE Castell\u00f3\"},\"image\":{\"@id\":\"https:\/\/agrupacionespsoe.es\/castello\/#\/schema\/logo\/image\/\"},\"sameAs\":[\"https:\/\/www.facebook.com\/pspv.castellodelaplana\",\"https:\/\/x.com\/pspv_cs\",\"https:\/\/www.instagram.com\/pspvpsoecastello\/\"]},{\"@type\":\"Person\",\"@id\":\"https:\/\/agrupacionespsoe.es\/castello\/#\/schema\/person\/f3bc5b2f9dc6a399e9e98596ae24a20a\",\"name\":\"castello1\",\"image\":{\"@type\":\"ImageObject\",\"inLanguage\":\"es\",\"@id\":\"https:\/\/agrupacionespsoe.es\/castello\/#\/schema\/person\/image\/\",\"url\":\"https:\/\/secure.gravatar.com\/avatar\/5f1da428d6479d1127419c0b58796865?s=96&d=mm&r=g\",\"contentUrl\":\"https:\/\/secure.gravatar.com\/avatar\/5f1da428d6479d1127419c0b58796865?s=96&d=mm&r=g\",\"caption\":\"castello1\"},\"url\":\"https:\/\/agrupacionespsoe.es\/castello\/author\/castello1\/\"}]}<\/script>\n<!-- \/ Yoast SEO plugin. -->","yoast_head_json":{"title":"El PSPV defineix els dos anys de govern de Bego\u00f1a Carrasco com \u201cuna ag\u00e8ncia d'espectacles i saraus\u201d que aposta per \u201cl'odi i els insults\u201d - PSPV-PSOE CASTELL\u00d3","robots":{"index":"index","follow":"follow","max-snippet":"max-snippet:-1","max-image-preview":"max-image-preview:large","max-video-preview":"max-video-preview:-1"},"canonical":"https:\/\/agrupacionespsoe.es\/castello\/va\/el-pspv-defineix-els-dos-anys-de-govern-de-begona-carrasco-com-una-agencia-despectacles-i-saraus-que-aposta-per-lodi-i-els-insults\/","og_locale":"es_ES","og_type":"article","og_title":"El PSPV defineix els dos anys de govern de Bego\u00f1a Carrasco com \u201cuna ag\u00e8ncia d'espectacles i saraus\u201d que aposta per \u201cl'odi i els insults\u201d - PSPV-PSOE CASTELL\u00d3","og_description":"Dos anys de govern de Bego\u00f1a Carrasco marcats per la radicalitzaci\u00f3, el \u2018postureo\u2019, els discursos d&#8217;odi, els nyaps i el desmantellament de l&#8217;Estat del Benestar a Castell\u00f3. Aquesta \u00e9s la radiografia de la gesti\u00f3 del Partit Popular i Vox al capdavant de l&#8217;ajuntament, \u201cque han aconseguit convertir la ciutat en cont\u00ednua xafogor nacional\u201d, assenyala Patricia ...","og_url":"https:\/\/agrupacionespsoe.es\/castello\/va\/el-pspv-defineix-els-dos-anys-de-govern-de-begona-carrasco-com-una-agencia-despectacles-i-saraus-que-aposta-per-lodi-i-els-insults\/","og_site_name":"PSPV-PSOE CASTELL\u00d3","article_publisher":"https:\/\/www.facebook.com\/pspv.castellodelaplana","article_published_time":"2025-06-11T17:07:36+00:00","article_modified_time":"2026-03-24T08:08:37+00:00","og_image":[{"width":2048,"height":1536,"url":"https:\/\/agrupacionespsoe.es\/castello\/wp-content\/uploads\/sites\/45\/2025\/06\/20250611-El-PSPV-define-los-dos-anos-de-gobierno-de-Begona-Carrasco-como-una-agencia-de-espectaculos-y-saraos-que-apuesta-por-el-odio-y-los-insultos.jpeg","type":"image\/jpeg"}],"author":"castello1","twitter_card":"summary_large_image","twitter_creator":"@pspv_cs","twitter_site":"@pspv_cs","twitter_misc":{"Escrito por":"castello1","Tiempo de lectura":"7 minutos"},"schema":{"@context":"https:\/\/schema.org","@graph":[{"@type":"Article","@id":"https:\/\/agrupacionespsoe.es\/castello\/va\/el-pspv-defineix-els-dos-anys-de-govern-de-begona-carrasco-com-una-agencia-despectacles-i-saraus-que-aposta-per-lodi-i-els-insults\/#article","isPartOf":{"@id":"https:\/\/agrupacionespsoe.es\/castello\/va\/el-pspv-defineix-els-dos-anys-de-govern-de-begona-carrasco-com-una-agencia-despectacles-i-saraus-que-aposta-per-lodi-i-els-insults\/"},"author":{"name":"castello1","@id":"https:\/\/agrupacionespsoe.es\/castello\/#\/schema\/person\/f3bc5b2f9dc6a399e9e98596ae24a20a"},"headline":"El PSPV defineix els dos anys de govern de Bego\u00f1a Carrasco com \u201cuna ag\u00e8ncia d&#8217;espectacles i saraus\u201d que aposta per \u201cl&#8217;odi i els insults\u201d","datePublished":"2025-06-11T17:07:36+00:00","dateModified":"2026-03-24T08:08:37+00:00","mainEntityOfPage":{"@id":"https:\/\/agrupacionespsoe.es\/castello\/va\/el-pspv-defineix-els-dos-anys-de-govern-de-begona-carrasco-com-una-agencia-despectacles-i-saraus-que-aposta-per-lodi-i-els-insults\/"},"wordCount":1474,"commentCount":0,"publisher":{"@id":"https:\/\/agrupacionespsoe.es\/castello\/#organization"},"image":{"@id":"https:\/\/agrupacionespsoe.es\/castello\/va\/el-pspv-defineix-els-dos-anys-de-govern-de-begona-carrasco-com-una-agencia-despectacles-i-saraus-que-aposta-per-lodi-i-els-insults\/#primaryimage"},"thumbnailUrl":"https:\/\/agrupacionespsoe.es\/castello\/wp-content\/uploads\/sites\/45\/2025\/06\/20250611-El-PSPV-define-los-dos-anos-de-gobierno-de-Begona-Carrasco-como-una-agencia-de-espectaculos-y-saraos-que-apuesta-por-el-odio-y-los-insultos.jpeg","keywords":["Alberto Vidal","Antonio Ortol\u00e1","Arantxa Miralles","Basurazo","Carlos Maz\u00f3n","Cristian Ram\u00edrez","Esther Giner","Jos\u00e9 Luis L\u00f3pez","Jos\u00e9 Luis Lorenz","Multes","Patricia Puerta","Rafa Sim\u00f3","Todos"],"articleSection":["Grup Municipal Socialista"],"inLanguage":"es","potentialAction":[{"@type":"CommentAction","name":"Comment","target":["https:\/\/agrupacionespsoe.es\/castello\/va\/el-pspv-defineix-els-dos-anys-de-govern-de-begona-carrasco-com-una-agencia-despectacles-i-saraus-que-aposta-per-lodi-i-els-insults\/#respond"]}]},{"@type":"WebPage","@id":"https:\/\/agrupacionespsoe.es\/castello\/va\/el-pspv-defineix-els-dos-anys-de-govern-de-begona-carrasco-com-una-agencia-despectacles-i-saraus-que-aposta-per-lodi-i-els-insults\/","url":"https:\/\/agrupacionespsoe.es\/castello\/va\/el-pspv-defineix-els-dos-anys-de-govern-de-begona-carrasco-com-una-agencia-despectacles-i-saraus-que-aposta-per-lodi-i-els-insults\/","name":"El PSPV defineix els dos anys de govern de Bego\u00f1a Carrasco com \u201cuna ag\u00e8ncia d'espectacles i saraus\u201d que aposta per \u201cl'odi i els insults\u201d - PSPV-PSOE CASTELL\u00d3","isPartOf":{"@id":"https:\/\/agrupacionespsoe.es\/castello\/#website"},"primaryImageOfPage":{"@id":"https:\/\/agrupacionespsoe.es\/castello\/va\/el-pspv-defineix-els-dos-anys-de-govern-de-begona-carrasco-com-una-agencia-despectacles-i-saraus-que-aposta-per-lodi-i-els-insults\/#primaryimage"},"image":{"@id":"https:\/\/agrupacionespsoe.es\/castello\/va\/el-pspv-defineix-els-dos-anys-de-govern-de-begona-carrasco-com-una-agencia-despectacles-i-saraus-que-aposta-per-lodi-i-els-insults\/#primaryimage"},"thumbnailUrl":"https:\/\/agrupacionespsoe.es\/castello\/wp-content\/uploads\/sites\/45\/2025\/06\/20250611-El-PSPV-define-los-dos-anos-de-gobierno-de-Begona-Carrasco-como-una-agencia-de-espectaculos-y-saraos-que-apuesta-por-el-odio-y-los-insultos.jpeg","datePublished":"2025-06-11T17:07:36+00:00","dateModified":"2026-03-24T08:08:37+00:00","breadcrumb":{"@id":"https:\/\/agrupacionespsoe.es\/castello\/va\/el-pspv-defineix-els-dos-anys-de-govern-de-begona-carrasco-com-una-agencia-despectacles-i-saraus-que-aposta-per-lodi-i-els-insults\/#breadcrumb"},"inLanguage":"es","potentialAction":[{"@type":"ReadAction","target":["https:\/\/agrupacionespsoe.es\/castello\/va\/el-pspv-defineix-els-dos-anys-de-govern-de-begona-carrasco-com-una-agencia-despectacles-i-saraus-que-aposta-per-lodi-i-els-insults\/"]}]},{"@type":"ImageObject","inLanguage":"es","@id":"https:\/\/agrupacionespsoe.es\/castello\/va\/el-pspv-defineix-els-dos-anys-de-govern-de-begona-carrasco-com-una-agencia-despectacles-i-saraus-que-aposta-per-lodi-i-els-insults\/#primaryimage","url":"https:\/\/agrupacionespsoe.es\/castello\/wp-content\/uploads\/sites\/45\/2025\/06\/20250611-El-PSPV-define-los-dos-anos-de-gobierno-de-Begona-Carrasco-como-una-agencia-de-espectaculos-y-saraos-que-apuesta-por-el-odio-y-los-insultos.jpeg","contentUrl":"https:\/\/agrupacionespsoe.es\/castello\/wp-content\/uploads\/sites\/45\/2025\/06\/20250611-El-PSPV-define-los-dos-anos-de-gobierno-de-Begona-Carrasco-como-una-agencia-de-espectaculos-y-saraos-que-apuesta-por-el-odio-y-los-insultos.jpeg","width":2048,"height":1536},{"@type":"BreadcrumbList","@id":"https:\/\/agrupacionespsoe.es\/castello\/va\/el-pspv-defineix-els-dos-anys-de-govern-de-begona-carrasco-com-una-agencia-despectacles-i-saraus-que-aposta-per-lodi-i-els-insults\/#breadcrumb","itemListElement":[{"@type":"ListItem","position":1,"name":"Portada","item":"https:\/\/agrupacionespsoe.es\/castello\/"},{"@type":"ListItem","position":2,"name":"El PSPV defineix els dos anys de govern de Bego\u00f1a Carrasco com \u201cuna ag\u00e8ncia d&#8217;espectacles i saraus\u201d que aposta per \u201cl&#8217;odi i els insults\u201d"}]},{"@type":"WebSite","@id":"https:\/\/agrupacionespsoe.es\/castello\/#website","url":"https:\/\/agrupacionespsoe.es\/castello\/","name":"PSPV-PSOE CASTELL\u00d3","description":"PSPV-PSOE | Agrupaci\u00f3 de Castell\u00f3","publisher":{"@id":"https:\/\/agrupacionespsoe.es\/castello\/#organization"},"potentialAction":[{"@type":"SearchAction","target":{"@type":"EntryPoint","urlTemplate":"https:\/\/agrupacionespsoe.es\/castello\/?s={search_term_string}"},"query-input":{"@type":"PropertyValueSpecification","valueRequired":true,"valueName":"search_term_string"}}],"inLanguage":"es"},{"@type":"Organization","@id":"https:\/\/agrupacionespsoe.es\/castello\/#organization","name":"PSPV-PSOE Castell\u00f3","url":"https:\/\/agrupacionespsoe.es\/castello\/","logo":{"@type":"ImageObject","inLanguage":"es","@id":"https:\/\/agrupacionespsoe.es\/castello\/#\/schema\/logo\/image\/","url":"https:\/\/agrupacionespsoe.es\/castello\/wp-content\/uploads\/sites\/45\/2023\/04\/PORTADA-PSOE-CASTELLO.jpg","contentUrl":"https:\/\/agrupacionespsoe.es\/castello\/wp-content\/uploads\/sites\/45\/2023\/04\/PORTADA-PSOE-CASTELLO.jpg","width":2500,"height":2500,"caption":"PSPV-PSOE Castell\u00f3"},"image":{"@id":"https:\/\/agrupacionespsoe.es\/castello\/#\/schema\/logo\/image\/"},"sameAs":["https:\/\/www.facebook.com\/pspv.castellodelaplana","https:\/\/x.com\/pspv_cs","https:\/\/www.instagram.com\/pspvpsoecastello\/"]},{"@type":"Person","@id":"https:\/\/agrupacionespsoe.es\/castello\/#\/schema\/person\/f3bc5b2f9dc6a399e9e98596ae24a20a","name":"castello1","image":{"@type":"ImageObject","inLanguage":"es","@id":"https:\/\/agrupacionespsoe.es\/castello\/#\/schema\/person\/image\/","url":"https:\/\/secure.gravatar.com\/avatar\/5f1da428d6479d1127419c0b58796865?s=96&d=mm&r=g","contentUrl":"https:\/\/secure.gravatar.com\/avatar\/5f1da428d6479d1127419c0b58796865?s=96&d=mm&r=g","caption":"castello1"},"url":"https:\/\/agrupacionespsoe.es\/castello\/author\/castello1\/"}]}},"jetpack_publicize_connections":[],"jetpack_featured_media_url":"https:\/\/agrupacionespsoe.es\/castello\/wp-content\/uploads\/sites\/45\/2025\/06\/20250611-El-PSPV-define-los-dos-anos-de-gobierno-de-Begona-Carrasco-como-una-agencia-de-espectaculos-y-saraos-que-apuesta-por-el-odio-y-los-insultos.jpeg","jetpack_sharing_enabled":true,"_links":{"self":[{"href":"https:\/\/agrupacionespsoe.es\/castello\/wp-json\/wp\/v2\/posts\/8188","targetHints":{"allow":["GET"]}}],"collection":[{"href":"https:\/\/agrupacionespsoe.es\/castello\/wp-json\/wp\/v2\/posts"}],"about":[{"href":"https:\/\/agrupacionespsoe.es\/castello\/wp-json\/wp\/v2\/types\/post"}],"author":[{"embeddable":true,"href":"https:\/\/agrupacionespsoe.es\/castello\/wp-json\/wp\/v2\/users\/48"}],"replies":[{"embeddable":true,"href":"https:\/\/agrupacionespsoe.es\/castello\/wp-json\/wp\/v2\/comments?post=8188"}],"version-history":[{"count":4,"href":"https:\/\/agrupacionespsoe.es\/castello\/wp-json\/wp\/v2\/posts\/8188\/revisions"}],"predecessor-version":[{"id":8197,"href":"https:\/\/agrupacionespsoe.es\/castello\/wp-json\/wp\/v2\/posts\/8188\/revisions\/8197"}],"wp:featuredmedia":[{"embeddable":true,"href":"https:\/\/agrupacionespsoe.es\/castello\/wp-json\/wp\/v2\/media\/8183"}],"wp:attachment":[{"href":"https:\/\/agrupacionespsoe.es\/castello\/wp-json\/wp\/v2\/media?parent=8188"}],"wp:term":[{"taxonomy":"category","embeddable":true,"href":"https:\/\/agrupacionespsoe.es\/castello\/wp-json\/wp\/v2\/categories?post=8188"},{"taxonomy":"post_tag","embeddable":true,"href":"https:\/\/agrupacionespsoe.es\/castello\/wp-json\/wp\/v2\/tags?post=8188"}],"curies":[{"name":"wp","href":"https:\/\/api.w.org\/{rel}","templated":true}]}}