{"id":8180,"date":"2025-06-11T19:01:36","date_gmt":"2025-06-11T17:01:36","guid":{"rendered":"https:\/\/agrupacionespsoe.es\/castello\/?p=8180"},"modified":"2026-03-24T09:13:44","modified_gmt":"2026-03-24T08:13:44","slug":"el-pspv-define-los-dos-anos-de-gobierno-de-begona-carrasco-como-una-agencia-de-espectaculos-y-saraos-que-apuesta-por-el-odio-y-los-insultos","status":"publish","type":"post","link":"https:\/\/agrupacionespsoe.es\/castello\/el-pspv-define-los-dos-anos-de-gobierno-de-begona-carrasco-como-una-agencia-de-espectaculos-y-saraos-que-apuesta-por-el-odio-y-los-insultos\/","title":{"rendered":"El PSPV define los dos a\u00f1os de gobierno de Bego\u00f1a Carrasco como \u201cuna agencia de espect\u00e1culos y saraos\u201d que apuesta por \u201cel odio y los insultos\u201d"},"content":{"rendered":"\n<ul class=\"wp-block-list\">\n<li><em><strong>Patricia Puerta, portavoz del Grupo Municipal Socialista, destaca el incumplimiento del pacto PPVox \u201cpues de los 90 puntos que recog\u00eda el acuerdo del Gobierno de la Verg\u00fcenza solo han ejecutado 19, de los que 9 eran ya herencia del anterior gobierno progresista del Acord de Fadrell\u201d<\/strong><\/em><\/li>\n<\/ul>\n\n\n\n<ul class=\"wp-block-list\">\n<li><em><strong>Rafa Sim\u00f3, secretario general del PSPV, defiende el trabajo de fiscalizaci\u00f3n y la \u201calternativa\u201d en la que est\u00e1 trabajando el Partido Socialista y asegura que PP y Vox \u201cest\u00e1n solo preocupados en ver qui\u00e9n llama m\u00e1s la atenci\u00f3n, unos con sus discursos de odio y otros, con fotos y reels\u201d<\/strong><\/em><\/li>\n<\/ul>\n\n\n\n<ul class=\"wp-block-list\">\n<li><em><strong>Jos\u00e9 Luis L\u00f3pez, portavoz adjunto del Grupo Municipal Socialista, lamenta que Castell\u00f3 \u201ctenga una alcaldesa que ha permitido y permite que la mentira, el racismo y la homofobia formen parte del d\u00eda a d\u00eda del gobierno municipal que preside\u201d<\/strong><\/em><\/li>\n<\/ul>\n\n\n\n<ul class=\"wp-block-list\">\n<li><em><strong>Jos\u00e9 Luis L\u00f3renz, diputado auton\u00f3mico, recalca que Castell\u00f3, en cuestiones de servicios sociales, educaci\u00f3n, sanidad y vivienda, \u201cest\u00e1 peor que hace dos a\u00f1os porque, adem\u00e1s, Bego\u00f1a Carrasco no reivindica nada a Carlos Maz\u00f3n\u201d<\/strong><\/em><\/li>\n<\/ul>\n\n\n\n<figure class=\"wp-block-audio\"><audio controls src=\"https:\/\/agrupacionespsoe.es\/castello\/wp-content\/uploads\/sites\/45\/2025\/06\/20250611-El-PSPV-define-los-dos-anos-de-gobierno-de-Begona-Carrasco-como-una-agencia-de-espectaculos-y-saraos-que-apuesta-por-el-odio-y-los-insultos.mp3\" autoplay><\/audio><\/figure>\n\n\n\n<p>Dos a\u00f1os de gobierno de <a href=\"https:\/\/agrupacionespsoe.es\/castello\/tag\/begona-carrasco\/\">Bego\u00f1a Carrasco<\/a> marcados por la radicalizaci\u00f3n, el postureo, los discursos de odio, las chapuzas y el desmantelamiento del Estado del Bienestar en Castell\u00f3. Esta es la radiograf\u00eda de la gesti\u00f3n del Partido Popular y Vox al frente del ayuntamiento, \u201cque han logrado convertir la ciudad en continuo bochorno nacional\u201d, se\u00f1ala <a href=\"https:\/\/agrupacionespsoe.es\/castello\/tag\/patricia-puerta\/\">Patricia Puerta<\/a>, portavoz del Grupo Municipal Socialista, declaraciones realizadas en el balance del ecuador de mandato junto al portavoz adjunto, <a href=\"https:\/\/agrupacionespsoe.es\/castello\/tag\/jose-luis-lopez\/\">Jos\u00e9 Luis L\u00f3pez<\/a>; el secretario general del PSPV de Castell\u00f3 y diputado auton\u00f3mico, <a href=\"https:\/\/agrupacionespsoe.es\/castello\/tag\/rafa-simo\/\">Rafa Sim\u00f3<\/a>, y el tambi\u00e9n representante socialista en Les Corts <a href=\"https:\/\/agrupacionespsoe.es\/castello\/tag\/jose-luis-lorenz\/\">Jos\u00e9 Luis L\u00f3renz<\/a>.<\/p>\n\n\n\n<p>En su intervenci\u00f3n, Patricia Puerta ha se\u00f1alado que \u201cel Gobierno de la Nada del que hablamos hace un a\u00f1o se ha convertido en el Gobierno de la Verg\u00fcenza\u201d, hasta el punto de convertir \u201cuna ciudad solidaria, sostenible y moderna en una ciudad radical\u201d. Esto se ha traducido en un incumplimiento del pacto de la derecha y la ultraderecha, \u201cpues de los 90 puntos que recog\u00eda solo han ejecutado 19, y eso teniendo en cuenta que 9 eran herencia del Acord de Fadrell\u201d.<\/p>\n\n\n\n<p>La lista de incumplimientos \u201ces larga\u201d, como la \u201cinexistente promoci\u00f3n de la vivienda p\u00fablica con alquileres asequibles para la gente joven\u201d, o el famoso plan estrat\u00e9gico de limpieza \u201cque solo parece existir en la plaza Mayor y aleda\u00f1os, porque solo basta pasearse por los barrios para ver que est\u00e1n absolutamente abandonados\u201d. En esta l\u00ednea, Patricia Puerta ha incidido en la artificial bajada de impuestos a la ciudadan\u00eda, \u201cporque ya ver\u00e1n los vecinos y vecinas lo que van a tener que pagar de tasa por el Basurazo de Carrasco: hasta 200 euros\u201d.<\/p>\n\n\n\n<p>Otros anuncios \u201cque se han quedado en nada\u201d son la erradicaci\u00f3n de las plagas de mosquitos, ratas y cucarachas, la irreal polic\u00eda de barrio, la regularizaci\u00f3n de las viviendas de la marjaleria o la enfermera escolar. Frente a ello, \u201cmuchas chapuzas en la gesti\u00f3n, como todos hemos podido ver con las campa\u00f1as comerciales del D\u00eda de la Suegra y de San Valent\u00edn, o el fiasco de las primeras ayudas a los comercios afectados por las obras de la Zona de Bajas Emisiones\u201d.<\/p>\n\n\n\n<p>Para Patricia Puerta, \u201cen una cosa si que ha cumplido Carrasco, que es el situarnos en el mapa nacional, pero el de la verg\u00fcenza\u201d. El caso m\u00e1s llamativo es del concejal de Movilidad, <a href=\"https:\/\/agrupacionespsoe.es\/castello\/tag\/cristian-ramirez\/\">Cristian Ram\u00edrez<\/a>, \u201cpues es inconcebible que siga cobrando 62.000 euros al a\u00f1o pese al esc\u00e1ndalo de 170 multas que acumul\u00f3 en zona azul, de las que 105 nunca se llegaron a pagar\u201d, o que \u201ctengamos una concejala en el Grau, <a href=\"https:\/\/agrupacionespsoe.es\/castello\/tag\/esther-giner\/\">Ester Giner<\/a>, que nos cuesta, junto a sus asesores 110.000 euros al a\u00f1o, m\u00e1s dinero del presupuesto que tiene que gestionar\u201d.<\/p>\n\n\n\n<p>Frente a ello, el PSPV \u201cha realizado un continuo trabajo de fiscalizaci\u00f3n para poner en valor nuestro modelo de ciudad\u201d. En este sentido, desde el Grupo Municipal Socialista se han presentado en estos dos a\u00f1os 96 iniciativas plenarias, 125 ruegos y preguntas plenarias, 1.160 ruegos las comisiones municipales, 65 enmiendas a los presupuestos de 2024 y 76 a las cuentas municipales de 2025. Y junto a ello, reuniones con entidades vecinales y c\u00edvicas de toda \u00edndole \u201cpara defender los intereses de las y los castellonenses\u201d.<\/p>\n\n\n\n<p>\u201c<strong>Un 10 a Carrasco en saraos, espect\u00e1culos y\u00a0<\/strong><em><strong>marketing<\/strong><\/em><br>Rafa Sim\u00f3, con iron\u00eda, ha se\u00f1alado que \u201cno vamos a suspender al PP en todo, porque Bego\u00f1a Carrasco se merece un 10 en saraos, espect\u00e1culos y\u00a0<em>marketing\u201d<\/em>. El secretario general del PSPV en Castell\u00f3, en esta l\u00ednea, ha destacado que el gobierno municipal de Castell\u00f3, en estos dos a\u00f1os, \u201cm\u00e1s que un gobierno que soluciona problemas se ha convertido en una agencia de espect\u00e1culos\u201d.<\/p>\n\n\n\n<p>A su juicio, PP y Vox \u201cest\u00e1n mas preocupado en ver qui\u00e9n llama m\u00e1s la atenci\u00f3n: una parte de ellos en discursos de odio y otra, en fotos y reels\u201d. Frente a ellos, en cualquier caso, \u201cestar\u00e1 el Partido Socialista, que no se va a quedar callado y que est\u00e1 construyendo una alternativa\u201d.<\/p>\n\n\n\n<p>En este balance de dos a\u00f1os, \u201cCastell\u00f3 est\u00e1 peor que en 2023, porque est\u00e1n m\u00e1s preocupados del postureo que de solucionar problemas, y porque son rehenes de un <a href=\"https:\/\/agrupacionespsoe.es\/castello\/tag\/carlos-mazon\/\">Carlos Maz\u00f3n<\/a> que desde hace 7 meses no aporta nada positivo a la Comunitat Valenciana y a Castell\u00f3\u201d. Frente a ello, \u201cy a pesar de que el Partido Popular presiona a los colectivos para que no se hagan fotos con nosotros, vamos a seguir escuchando a la ciudadan\u00eda y a construir una alternativa\u201d.<\/p>\n\n\n\n<p><strong>Silencio ante los insultos<\/strong><br>Por su parte, el portavoz adjunto del Grupo Municipal Socialista, Jos\u00e9 Luis L\u00f3pez, ha lamentado que al frente del Ayuntamiento de Castell\u00f3 haya una alcaldesa, Bego\u00f1a Carrasco, \u201cque ha permitido y permite que la mentira y los discurso de odio insultos formen parte del d\u00eda a d\u00eda del ayuntamiento\u201d.<\/p>\n\n\n\n<figure class=\"wp-block-image size-large\"><img loading=\"lazy\" decoding=\"async\" width=\"1101\" height=\"826\" data-attachment-id=\"8195\" data-permalink=\"https:\/\/agrupacionespsoe.es\/castello\/20250611-el-pspv-define-los-dos-anos-de-gobierno-de-begona-carrasco-como-una-agencia-de-espectaculos-y-saraos-que-apuesta-lopez-2\/\" data-orig-file=\"https:\/\/agrupacionespsoe.es\/castello\/wp-content\/uploads\/sites\/45\/2025\/06\/20250611-El-PSPV-define-los-dos-anos-de-gobierno-de-Begona-Carrasco-como-una-agencia-de-espectaculos-y-saraos-que-apuesta-Lopez-edited.jpeg\" data-orig-size=\"1101,826\" data-comments-opened=\"1\" data-image-meta=\"{&quot;aperture&quot;:&quot;0&quot;,&quot;credit&quot;:&quot;&quot;,&quot;camera&quot;:&quot;&quot;,&quot;caption&quot;:&quot;&quot;,&quot;created_timestamp&quot;:&quot;0&quot;,&quot;copyright&quot;:&quot;&quot;,&quot;focal_length&quot;:&quot;0&quot;,&quot;iso&quot;:&quot;0&quot;,&quot;shutter_speed&quot;:&quot;0&quot;,&quot;title&quot;:&quot;&quot;,&quot;orientation&quot;:&quot;0&quot;}\" data-image-title=\"20250611 &#8211; El PSPV define los dos an\u0303os de gobierno de Begon\u0303a Carrasco como \u201cuna agencia de especta\u0301culos y saraos\u201d que apuesta &#8211; Lo\u0301pez\" data-image-description=\"\" data-image-caption=\"\" data-medium-file=\"https:\/\/agrupacionespsoe.es\/castello\/wp-content\/uploads\/sites\/45\/2025\/06\/20250611-El-PSPV-define-los-dos-anos-de-gobierno-de-Begona-Carrasco-como-una-agencia-de-espectaculos-y-saraos-que-apuesta-Lopez-edited-300x225.jpeg\" data-large-file=\"https:\/\/agrupacionespsoe.es\/castello\/wp-content\/uploads\/sites\/45\/2025\/06\/20250611-El-PSPV-define-los-dos-anos-de-gobierno-de-Begona-Carrasco-como-una-agencia-de-espectaculos-y-saraos-que-apuesta-Lopez-edited-1024x768.jpeg\" src=\"https:\/\/agrupacionespsoe.es\/castello\/wp-content\/uploads\/sites\/45\/2025\/06\/20250611-El-PSPV-define-los-dos-anos-de-gobierno-de-Begona-Carrasco-como-una-agencia-de-espectaculos-y-saraos-que-apuesta-Lopez-edited.jpeg\" alt=\"\" class=\"wp-image-8195\" srcset=\"https:\/\/agrupacionespsoe.es\/castello\/wp-content\/uploads\/sites\/45\/2025\/06\/20250611-El-PSPV-define-los-dos-anos-de-gobierno-de-Begona-Carrasco-como-una-agencia-de-espectaculos-y-saraos-que-apuesta-Lopez-edited.jpeg 1101w, https:\/\/agrupacionespsoe.es\/castello\/wp-content\/uploads\/sites\/45\/2025\/06\/20250611-El-PSPV-define-los-dos-anos-de-gobierno-de-Begona-Carrasco-como-una-agencia-de-espectaculos-y-saraos-que-apuesta-Lopez-edited-300x225.jpeg 300w, https:\/\/agrupacionespsoe.es\/castello\/wp-content\/uploads\/sites\/45\/2025\/06\/20250611-El-PSPV-define-los-dos-anos-de-gobierno-de-Begona-Carrasco-como-una-agencia-de-espectaculos-y-saraos-que-apuesta-Lopez-edited-1024x768.jpeg 1024w, https:\/\/agrupacionespsoe.es\/castello\/wp-content\/uploads\/sites\/45\/2025\/06\/20250611-El-PSPV-define-los-dos-anos-de-gobierno-de-Begona-Carrasco-como-una-agencia-de-espectaculos-y-saraos-que-apuesta-Lopez-edited-768x576.jpeg 768w\" sizes=\"auto, (max-width: 1101px) 100vw, 1101px\" \/><\/figure>\n\n\n\n<p>Ejemplos hay muchos, \u201ccomo la intervenci\u00f3n en el pleno de un miembro del gobierno municipal comparando el derecho de la mujer a interrumpir su embarazo con el Holocausto, todo con el silencio de Carrasco\u201d. O el \u201cataque continuado a la cooperaci\u00f3n al desarrollo, eliminando cualquier ayuda a la poblaci\u00f3n palestina y negando incluso el genocidio en Palestina por parte de Israel\u201d.<\/p>\n\n\n\n<p>L\u00f3pez ha subrayado adem\u00e1s el habitual discurso del concejal de Seguridad de Bego\u00f1a Carrasco, <a href=\"https:\/\/agrupacionespsoe.es\/castello\/tag\/antonio-ortola\/\">Antonio Ortol\u00e1<\/a>, vinculando siempre inmigraci\u00f3n con delincuencia que, adem\u00e1s de no ser cierto, es racista\u201d. O que el concejal de Familia, <a href=\"https:\/\/agrupacionespsoe.es\/castello\/tag\/alberto-vidal\/\">Alberto Vidal<\/a>, se mofe de la lucha de los colectivos LGTBI, adem\u00e1s de las palabras de la edil de Turismo, <a href=\"https:\/\/agrupacionespsoe.es\/castello\/tag\/arantxa-miralles\/\">Arantxa Miralles<\/a>, \u201cafirmando que no existe un cambio clim\u00e1tico sino solo tiempo cambiante\u201d.<\/p>\n\n\n\n<p>Con todo este panorama de fondo, \u201cel problema no son solo los comentarios que se vierten, sino el silencio c\u00f3mplice de Bego\u00f1a Carrasco, que para maquillar su imagen se limita a convocar, por ejemplo, el D\u00eda del Orgullo sin ir de la mano de los colectivos, un acto que no es una fiesta, como dice Carrasco, sino una reivindicaci\u00f3n\u201d.<\/p>\n\n\n\n<p><strong>Carrasco abandona la educaci\u00f3n y la sanidad<\/strong><br>Finalmente, Jos\u00e9 Luis L\u00f3renz, diputado auton\u00f3mico del PSPV, ha recalcado que Castell\u00f3, en cuestiones de servicios sociales, educaci\u00f3n, sanidad y vivienda, \u201cest\u00e1 peor que hace dos a\u00f1os porque tenemos una alcaldesa que, adem\u00e1s, no reivindica a Maz\u00f3n\u201d.<\/p>\n\n\n\n<figure class=\"wp-block-image size-large\"><img loading=\"lazy\" decoding=\"async\" width=\"1536\" height=\"1152\" data-attachment-id=\"8193\" data-permalink=\"https:\/\/agrupacionespsoe.es\/castello\/20250611-el-pspv-define-los-dos-anos-de-gobierno-de-begona-carrasco-como-una-agencia-de-espectaculos-y-saraos-que-apuesta-lorenz-2\/\" data-orig-file=\"https:\/\/agrupacionespsoe.es\/castello\/wp-content\/uploads\/sites\/45\/2025\/06\/20250611-El-PSPV-define-los-dos-anos-de-gobierno-de-Begona-Carrasco-como-una-agencia-de-espectaculos-y-saraos-que-apuesta-Lorenz-edited.jpeg\" data-orig-size=\"1536,1152\" data-comments-opened=\"1\" data-image-meta=\"{&quot;aperture&quot;:&quot;0&quot;,&quot;credit&quot;:&quot;&quot;,&quot;camera&quot;:&quot;&quot;,&quot;caption&quot;:&quot;&quot;,&quot;created_timestamp&quot;:&quot;0&quot;,&quot;copyright&quot;:&quot;&quot;,&quot;focal_length&quot;:&quot;0&quot;,&quot;iso&quot;:&quot;0&quot;,&quot;shutter_speed&quot;:&quot;0&quot;,&quot;title&quot;:&quot;&quot;,&quot;orientation&quot;:&quot;0&quot;}\" data-image-title=\"20250611 &#8211; El PSPV define los dos an\u0303os de gobierno de Begon\u0303a Carrasco como \u201cuna agencia de especta\u0301culos y saraos\u201d que apuesta &#8211; Lorenz\" data-image-description=\"\" data-image-caption=\"\" data-medium-file=\"https:\/\/agrupacionespsoe.es\/castello\/wp-content\/uploads\/sites\/45\/2025\/06\/20250611-El-PSPV-define-los-dos-anos-de-gobierno-de-Begona-Carrasco-como-una-agencia-de-espectaculos-y-saraos-que-apuesta-Lorenz-edited-300x225.jpeg\" data-large-file=\"https:\/\/agrupacionespsoe.es\/castello\/wp-content\/uploads\/sites\/45\/2025\/06\/20250611-El-PSPV-define-los-dos-anos-de-gobierno-de-Begona-Carrasco-como-una-agencia-de-espectaculos-y-saraos-que-apuesta-Lorenz-edited-1024x768.jpeg\" src=\"https:\/\/agrupacionespsoe.es\/castello\/wp-content\/uploads\/sites\/45\/2025\/06\/20250611-El-PSPV-define-los-dos-anos-de-gobierno-de-Begona-Carrasco-como-una-agencia-de-espectaculos-y-saraos-que-apuesta-Lorenz-edited.jpeg\" alt=\"\" class=\"wp-image-8193\" srcset=\"https:\/\/agrupacionespsoe.es\/castello\/wp-content\/uploads\/sites\/45\/2025\/06\/20250611-El-PSPV-define-los-dos-anos-de-gobierno-de-Begona-Carrasco-como-una-agencia-de-espectaculos-y-saraos-que-apuesta-Lorenz-edited.jpeg 1536w, https:\/\/agrupacionespsoe.es\/castello\/wp-content\/uploads\/sites\/45\/2025\/06\/20250611-El-PSPV-define-los-dos-anos-de-gobierno-de-Begona-Carrasco-como-una-agencia-de-espectaculos-y-saraos-que-apuesta-Lorenz-edited-300x225.jpeg 300w, https:\/\/agrupacionespsoe.es\/castello\/wp-content\/uploads\/sites\/45\/2025\/06\/20250611-El-PSPV-define-los-dos-anos-de-gobierno-de-Begona-Carrasco-como-una-agencia-de-espectaculos-y-saraos-que-apuesta-Lorenz-edited-1024x768.jpeg 1024w, https:\/\/agrupacionespsoe.es\/castello\/wp-content\/uploads\/sites\/45\/2025\/06\/20250611-El-PSPV-define-los-dos-anos-de-gobierno-de-Begona-Carrasco-como-una-agencia-de-espectaculos-y-saraos-que-apuesta-Lorenz-edited-768x576.jpeg 768w\" sizes=\"auto, (max-width: 1536px) 100vw, 1536px\" \/><\/figure>\n\n\n\n<p>En la ciudad s\u00ed hay dos nuevos colegios que est\u00e1n a punto de abrir sus puertas, el Mestre Can\u00f3s y el Sebasti\u00e1n Elcano , \u201cpero que nadie olvide, por muchas fotos que se haga Carrasco, que han sido posibles gracias a los gobiernos de progreso liderados por el PSPV\u201d. L\u00f3renz, adem\u00e1s, ha recordado que el Acord de Fadrell \u201cdej\u00f3 preparadas cinco memorias de colegios que est\u00e1n en situaci\u00f3n lamentable -Antonio Armelles, Bisbe Climent, Cervantes, San Agust\u00edn y Carles Selma- pero Carrasco los ha dejado de lado\u201d. Y como el tiempo pasa, \u201cya hay dos centros que necesitan tambi\u00e9n intervenciones, como el Jaume I y el Soler i Godes\u201d. Adem\u00e1s, \u201cpor mucho que prometan no hay ni habr\u00e1 nada con el IES Cr\u00e8mor y el nuevo conservatorio\u201d.<\/p>\n\n\n\n<p>En temas de sanidad, \u201clas listas de espera en intervenciones quir\u00fargicas en el Hospital Provincial se han incrementado un 8% y en el General en un 82%, el peor dato de toda la Comunitat Valenciana\u201d. Los problemas crecen adem\u00e1s en servicios sociales, \u201cpues se est\u00e1 privatizando la atenci\u00f3n nuestros mayores\u201d, igual que en vivienda para las familias necesitadas y la juventud, \u201cpues el precio de la VPO se ha incrementado hasta los 2.400 euros por metro cuadrado, un \u00e1rea donde la \u00fanica preocupaci\u00f3n del PP es la especulaci\u00f3n\u201d.<\/p>\n","protected":false},"excerpt":{"rendered":"<p>Dos a\u00f1os de gobierno de Bego\u00f1a Carrasco marcados por la radicalizaci\u00f3n, el postureo, los discursos de odio, las chapuzas y el desmantelamiento del Estado del Bienestar en Castell\u00f3. Esta es la radiograf\u00eda de la gesti\u00f3n del Partido Popular y Vox al frente del ayuntamiento, \u201cque han logrado convertir la ciudad en continuo bochorno nacional\u201d, se\u00f1ala &#8230;<\/p>\n","protected":false},"author":48,"featured_media":8183,"comment_status":"open","ping_status":"open","sticky":false,"template":"","format":"standard","meta":{"_jetpack_memberships_contains_paid_content":false,"footnotes":"","jetpack_publicize_message":"","jetpack_publicize_feature_enabled":true,"jetpack_social_post_already_shared":false,"jetpack_social_options":{"image_generator_settings":{"template":"highway","default_image_id":0,"font":"","enabled":false},"version":2}},"categories":[33],"tags":[785,737,790,1151,751,735,774,85,487,1155,81,423,448],"class_list":["post-8180","post","type-post","status-publish","format-standard","has-post-thumbnail","hentry","category-gms","tag-alberto-vidal","tag-antonio-ortola","tag-arantxa-miralles","tag-basurazo","tag-carlos-mazon","tag-cristian-ramirez","tag-esther-giner","tag-jose-luis-lopez","tag-jose-luis-lorenz","tag-multas","tag-patricia-puerta","tag-rafa-simo","tag-todos-es"],"yoast_head":"<!-- This site is optimized with the Yoast SEO plugin v24.0 - https:\/\/yoast.com\/wordpress\/plugins\/seo\/ -->\n<title>El PSPV define los dos a\u00f1os de gobierno de Bego\u00f1a Carrasco como \u201cuna agencia de espect\u00e1culos y saraos\u201d que apuesta por \u201cel odio y los insultos\u201d - PSPV-PSOE CASTELL\u00d3<\/title>\n<meta name=\"robots\" content=\"index, follow, max-snippet:-1, max-image-preview:large, max-video-preview:-1\" \/>\n<link rel=\"canonical\" href=\"https:\/\/agrupacionespsoe.es\/castello\/el-pspv-define-los-dos-anos-de-gobierno-de-begona-carrasco-como-una-agencia-de-espectaculos-y-saraos-que-apuesta-por-el-odio-y-los-insultos\/\" \/>\n<meta property=\"og:locale\" content=\"es_ES\" \/>\n<meta property=\"og:type\" content=\"article\" \/>\n<meta property=\"og:title\" content=\"El PSPV define los dos a\u00f1os de gobierno de Bego\u00f1a Carrasco como \u201cuna agencia de espect\u00e1culos y saraos\u201d que apuesta por \u201cel odio y los insultos\u201d - PSPV-PSOE CASTELL\u00d3\" \/>\n<meta property=\"og:description\" content=\"Dos a\u00f1os de gobierno de Bego\u00f1a Carrasco marcados por la radicalizaci\u00f3n, el postureo, los discursos de odio, las chapuzas y el desmantelamiento del Estado del Bienestar en Castell\u00f3. Esta es la radiograf\u00eda de la gesti\u00f3n del Partido Popular y Vox al frente del ayuntamiento, \u201cque han logrado convertir la ciudad en continuo bochorno nacional\u201d, se\u00f1ala ...\" \/>\n<meta property=\"og:url\" content=\"https:\/\/agrupacionespsoe.es\/castello\/el-pspv-define-los-dos-anos-de-gobierno-de-begona-carrasco-como-una-agencia-de-espectaculos-y-saraos-que-apuesta-por-el-odio-y-los-insultos\/\" \/>\n<meta property=\"og:site_name\" content=\"PSPV-PSOE CASTELL\u00d3\" \/>\n<meta property=\"article:publisher\" content=\"https:\/\/www.facebook.com\/pspv.castellodelaplana\" \/>\n<meta property=\"article:published_time\" content=\"2025-06-11T17:01:36+00:00\" \/>\n<meta property=\"article:modified_time\" content=\"2026-03-24T08:13:44+00:00\" \/>\n<meta property=\"og:image\" content=\"https:\/\/agrupacionespsoe.es\/castello\/wp-content\/uploads\/sites\/45\/2025\/06\/20250611-El-PSPV-define-los-dos-anos-de-gobierno-de-Begona-Carrasco-como-una-agencia-de-espectaculos-y-saraos-que-apuesta-por-el-odio-y-los-insultos.jpeg\" \/>\n\t<meta property=\"og:image:width\" content=\"2048\" \/>\n\t<meta property=\"og:image:height\" content=\"1536\" \/>\n\t<meta property=\"og:image:type\" content=\"image\/jpeg\" \/>\n<meta name=\"author\" content=\"castello1\" \/>\n<meta name=\"twitter:card\" content=\"summary_large_image\" \/>\n<meta name=\"twitter:creator\" content=\"@pspv_cs\" \/>\n<meta name=\"twitter:site\" content=\"@pspv_cs\" \/>\n<meta name=\"twitter:label1\" content=\"Escrito por\" \/>\n\t<meta name=\"twitter:data1\" content=\"castello1\" \/>\n\t<meta name=\"twitter:label2\" content=\"Tiempo de lectura\" \/>\n\t<meta name=\"twitter:data2\" content=\"8 minutos\" \/>\n<script type=\"application\/ld+json\" class=\"yoast-schema-graph\">{\"@context\":\"https:\/\/schema.org\",\"@graph\":[{\"@type\":\"Article\",\"@id\":\"https:\/\/agrupacionespsoe.es\/castello\/el-pspv-define-los-dos-anos-de-gobierno-de-begona-carrasco-como-una-agencia-de-espectaculos-y-saraos-que-apuesta-por-el-odio-y-los-insultos\/#article\",\"isPartOf\":{\"@id\":\"https:\/\/agrupacionespsoe.es\/castello\/el-pspv-define-los-dos-anos-de-gobierno-de-begona-carrasco-como-una-agencia-de-espectaculos-y-saraos-que-apuesta-por-el-odio-y-los-insultos\/\"},\"author\":{\"name\":\"castello1\",\"@id\":\"https:\/\/agrupacionespsoe.es\/castello\/#\/schema\/person\/f3bc5b2f9dc6a399e9e98596ae24a20a\"},\"headline\":\"El PSPV define los dos a\u00f1os de gobierno de Bego\u00f1a Carrasco como \u201cuna agencia de espect\u00e1culos y saraos\u201d que apuesta por \u201cel odio y los insultos\u201d\",\"datePublished\":\"2025-06-11T17:01:36+00:00\",\"dateModified\":\"2026-03-24T08:13:44+00:00\",\"mainEntityOfPage\":{\"@id\":\"https:\/\/agrupacionespsoe.es\/castello\/el-pspv-define-los-dos-anos-de-gobierno-de-begona-carrasco-como-una-agencia-de-espectaculos-y-saraos-que-apuesta-por-el-odio-y-los-insultos\/\"},\"wordCount\":1528,\"commentCount\":0,\"publisher\":{\"@id\":\"https:\/\/agrupacionespsoe.es\/castello\/#organization\"},\"image\":{\"@id\":\"https:\/\/agrupacionespsoe.es\/castello\/el-pspv-define-los-dos-anos-de-gobierno-de-begona-carrasco-como-una-agencia-de-espectaculos-y-saraos-que-apuesta-por-el-odio-y-los-insultos\/#primaryimage\"},\"thumbnailUrl\":\"https:\/\/agrupacionespsoe.es\/castello\/wp-content\/uploads\/sites\/45\/2025\/06\/20250611-El-PSPV-define-los-dos-anos-de-gobierno-de-Begona-Carrasco-como-una-agencia-de-espectaculos-y-saraos-que-apuesta-por-el-odio-y-los-insultos.jpeg\",\"keywords\":[\"Alberto Vidal\",\"Antonio Ortol\u00e1\",\"Arantxa Miralles\",\"Basurazo\",\"Carlos Maz\u00f3n\",\"Cristian Ram\u00edrez\",\"Esther Giner\",\"Jos\u00e9 Luis L\u00f3pez\",\"Jos\u00e9 Luis Lorenz\",\"Multas\",\"Patricia Puerta\",\"Rafa Sim\u00f3\",\"Todos\"],\"articleSection\":[\"Grupo Municipal Socialista\"],\"inLanguage\":\"es\",\"potentialAction\":[{\"@type\":\"CommentAction\",\"name\":\"Comment\",\"target\":[\"https:\/\/agrupacionespsoe.es\/castello\/el-pspv-define-los-dos-anos-de-gobierno-de-begona-carrasco-como-una-agencia-de-espectaculos-y-saraos-que-apuesta-por-el-odio-y-los-insultos\/#respond\"]}]},{\"@type\":\"WebPage\",\"@id\":\"https:\/\/agrupacionespsoe.es\/castello\/el-pspv-define-los-dos-anos-de-gobierno-de-begona-carrasco-como-una-agencia-de-espectaculos-y-saraos-que-apuesta-por-el-odio-y-los-insultos\/\",\"url\":\"https:\/\/agrupacionespsoe.es\/castello\/el-pspv-define-los-dos-anos-de-gobierno-de-begona-carrasco-como-una-agencia-de-espectaculos-y-saraos-que-apuesta-por-el-odio-y-los-insultos\/\",\"name\":\"El PSPV define los dos a\u00f1os de gobierno de Bego\u00f1a Carrasco como \u201cuna agencia de espect\u00e1culos y saraos\u201d que apuesta por \u201cel odio y los insultos\u201d - PSPV-PSOE CASTELL\u00d3\",\"isPartOf\":{\"@id\":\"https:\/\/agrupacionespsoe.es\/castello\/#website\"},\"primaryImageOfPage\":{\"@id\":\"https:\/\/agrupacionespsoe.es\/castello\/el-pspv-define-los-dos-anos-de-gobierno-de-begona-carrasco-como-una-agencia-de-espectaculos-y-saraos-que-apuesta-por-el-odio-y-los-insultos\/#primaryimage\"},\"image\":{\"@id\":\"https:\/\/agrupacionespsoe.es\/castello\/el-pspv-define-los-dos-anos-de-gobierno-de-begona-carrasco-como-una-agencia-de-espectaculos-y-saraos-que-apuesta-por-el-odio-y-los-insultos\/#primaryimage\"},\"thumbnailUrl\":\"https:\/\/agrupacionespsoe.es\/castello\/wp-content\/uploads\/sites\/45\/2025\/06\/20250611-El-PSPV-define-los-dos-anos-de-gobierno-de-Begona-Carrasco-como-una-agencia-de-espectaculos-y-saraos-que-apuesta-por-el-odio-y-los-insultos.jpeg\",\"datePublished\":\"2025-06-11T17:01:36+00:00\",\"dateModified\":\"2026-03-24T08:13:44+00:00\",\"breadcrumb\":{\"@id\":\"https:\/\/agrupacionespsoe.es\/castello\/el-pspv-define-los-dos-anos-de-gobierno-de-begona-carrasco-como-una-agencia-de-espectaculos-y-saraos-que-apuesta-por-el-odio-y-los-insultos\/#breadcrumb\"},\"inLanguage\":\"es\",\"potentialAction\":[{\"@type\":\"ReadAction\",\"target\":[\"https:\/\/agrupacionespsoe.es\/castello\/el-pspv-define-los-dos-anos-de-gobierno-de-begona-carrasco-como-una-agencia-de-espectaculos-y-saraos-que-apuesta-por-el-odio-y-los-insultos\/\"]}]},{\"@type\":\"ImageObject\",\"inLanguage\":\"es\",\"@id\":\"https:\/\/agrupacionespsoe.es\/castello\/el-pspv-define-los-dos-anos-de-gobierno-de-begona-carrasco-como-una-agencia-de-espectaculos-y-saraos-que-apuesta-por-el-odio-y-los-insultos\/#primaryimage\",\"url\":\"https:\/\/agrupacionespsoe.es\/castello\/wp-content\/uploads\/sites\/45\/2025\/06\/20250611-El-PSPV-define-los-dos-anos-de-gobierno-de-Begona-Carrasco-como-una-agencia-de-espectaculos-y-saraos-que-apuesta-por-el-odio-y-los-insultos.jpeg\",\"contentUrl\":\"https:\/\/agrupacionespsoe.es\/castello\/wp-content\/uploads\/sites\/45\/2025\/06\/20250611-El-PSPV-define-los-dos-anos-de-gobierno-de-Begona-Carrasco-como-una-agencia-de-espectaculos-y-saraos-que-apuesta-por-el-odio-y-los-insultos.jpeg\",\"width\":2048,\"height\":1536},{\"@type\":\"BreadcrumbList\",\"@id\":\"https:\/\/agrupacionespsoe.es\/castello\/el-pspv-define-los-dos-anos-de-gobierno-de-begona-carrasco-como-una-agencia-de-espectaculos-y-saraos-que-apuesta-por-el-odio-y-los-insultos\/#breadcrumb\",\"itemListElement\":[{\"@type\":\"ListItem\",\"position\":1,\"name\":\"Portada\",\"item\":\"https:\/\/agrupacionespsoe.es\/castello\/\"},{\"@type\":\"ListItem\",\"position\":2,\"name\":\"El PSPV define los dos a\u00f1os de gobierno de Bego\u00f1a Carrasco como \u201cuna agencia de espect\u00e1culos y saraos\u201d que apuesta por \u201cel odio y los insultos\u201d\"}]},{\"@type\":\"WebSite\",\"@id\":\"https:\/\/agrupacionespsoe.es\/castello\/#website\",\"url\":\"https:\/\/agrupacionespsoe.es\/castello\/\",\"name\":\"PSPV-PSOE CASTELL\u00d3\",\"description\":\"PSPV-PSOE | Agrupaci\u00f3 de Castell\u00f3\",\"publisher\":{\"@id\":\"https:\/\/agrupacionespsoe.es\/castello\/#organization\"},\"potentialAction\":[{\"@type\":\"SearchAction\",\"target\":{\"@type\":\"EntryPoint\",\"urlTemplate\":\"https:\/\/agrupacionespsoe.es\/castello\/?s={search_term_string}\"},\"query-input\":{\"@type\":\"PropertyValueSpecification\",\"valueRequired\":true,\"valueName\":\"search_term_string\"}}],\"inLanguage\":\"es\"},{\"@type\":\"Organization\",\"@id\":\"https:\/\/agrupacionespsoe.es\/castello\/#organization\",\"name\":\"PSPV-PSOE Castell\u00f3\",\"url\":\"https:\/\/agrupacionespsoe.es\/castello\/\",\"logo\":{\"@type\":\"ImageObject\",\"inLanguage\":\"es\",\"@id\":\"https:\/\/agrupacionespsoe.es\/castello\/#\/schema\/logo\/image\/\",\"url\":\"https:\/\/agrupacionespsoe.es\/castello\/wp-content\/uploads\/sites\/45\/2023\/04\/PORTADA-PSOE-CASTELLO.jpg\",\"contentUrl\":\"https:\/\/agrupacionespsoe.es\/castello\/wp-content\/uploads\/sites\/45\/2023\/04\/PORTADA-PSOE-CASTELLO.jpg\",\"width\":2500,\"height\":2500,\"caption\":\"PSPV-PSOE Castell\u00f3\"},\"image\":{\"@id\":\"https:\/\/agrupacionespsoe.es\/castello\/#\/schema\/logo\/image\/\"},\"sameAs\":[\"https:\/\/www.facebook.com\/pspv.castellodelaplana\",\"https:\/\/x.com\/pspv_cs\",\"https:\/\/www.instagram.com\/pspvpsoecastello\/\"]},{\"@type\":\"Person\",\"@id\":\"https:\/\/agrupacionespsoe.es\/castello\/#\/schema\/person\/f3bc5b2f9dc6a399e9e98596ae24a20a\",\"name\":\"castello1\",\"image\":{\"@type\":\"ImageObject\",\"inLanguage\":\"es\",\"@id\":\"https:\/\/agrupacionespsoe.es\/castello\/#\/schema\/person\/image\/\",\"url\":\"https:\/\/secure.gravatar.com\/avatar\/5f1da428d6479d1127419c0b58796865?s=96&d=mm&r=g\",\"contentUrl\":\"https:\/\/secure.gravatar.com\/avatar\/5f1da428d6479d1127419c0b58796865?s=96&d=mm&r=g\",\"caption\":\"castello1\"},\"url\":\"https:\/\/agrupacionespsoe.es\/castello\/author\/castello1\/\"}]}<\/script>\n<!-- \/ Yoast SEO plugin. -->","yoast_head_json":{"title":"El PSPV define los dos a\u00f1os de gobierno de Bego\u00f1a Carrasco como \u201cuna agencia de espect\u00e1culos y saraos\u201d que apuesta por \u201cel odio y los insultos\u201d - PSPV-PSOE CASTELL\u00d3","robots":{"index":"index","follow":"follow","max-snippet":"max-snippet:-1","max-image-preview":"max-image-preview:large","max-video-preview":"max-video-preview:-1"},"canonical":"https:\/\/agrupacionespsoe.es\/castello\/el-pspv-define-los-dos-anos-de-gobierno-de-begona-carrasco-como-una-agencia-de-espectaculos-y-saraos-que-apuesta-por-el-odio-y-los-insultos\/","og_locale":"es_ES","og_type":"article","og_title":"El PSPV define los dos a\u00f1os de gobierno de Bego\u00f1a Carrasco como \u201cuna agencia de espect\u00e1culos y saraos\u201d que apuesta por \u201cel odio y los insultos\u201d - PSPV-PSOE CASTELL\u00d3","og_description":"Dos a\u00f1os de gobierno de Bego\u00f1a Carrasco marcados por la radicalizaci\u00f3n, el postureo, los discursos de odio, las chapuzas y el desmantelamiento del Estado del Bienestar en Castell\u00f3. Esta es la radiograf\u00eda de la gesti\u00f3n del Partido Popular y Vox al frente del ayuntamiento, \u201cque han logrado convertir la ciudad en continuo bochorno nacional\u201d, se\u00f1ala ...","og_url":"https:\/\/agrupacionespsoe.es\/castello\/el-pspv-define-los-dos-anos-de-gobierno-de-begona-carrasco-como-una-agencia-de-espectaculos-y-saraos-que-apuesta-por-el-odio-y-los-insultos\/","og_site_name":"PSPV-PSOE CASTELL\u00d3","article_publisher":"https:\/\/www.facebook.com\/pspv.castellodelaplana","article_published_time":"2025-06-11T17:01:36+00:00","article_modified_time":"2026-03-24T08:13:44+00:00","og_image":[{"width":2048,"height":1536,"url":"https:\/\/agrupacionespsoe.es\/castello\/wp-content\/uploads\/sites\/45\/2025\/06\/20250611-El-PSPV-define-los-dos-anos-de-gobierno-de-Begona-Carrasco-como-una-agencia-de-espectaculos-y-saraos-que-apuesta-por-el-odio-y-los-insultos.jpeg","type":"image\/jpeg"}],"author":"castello1","twitter_card":"summary_large_image","twitter_creator":"@pspv_cs","twitter_site":"@pspv_cs","twitter_misc":{"Escrito por":"castello1","Tiempo de lectura":"8 minutos"},"schema":{"@context":"https:\/\/schema.org","@graph":[{"@type":"Article","@id":"https:\/\/agrupacionespsoe.es\/castello\/el-pspv-define-los-dos-anos-de-gobierno-de-begona-carrasco-como-una-agencia-de-espectaculos-y-saraos-que-apuesta-por-el-odio-y-los-insultos\/#article","isPartOf":{"@id":"https:\/\/agrupacionespsoe.es\/castello\/el-pspv-define-los-dos-anos-de-gobierno-de-begona-carrasco-como-una-agencia-de-espectaculos-y-saraos-que-apuesta-por-el-odio-y-los-insultos\/"},"author":{"name":"castello1","@id":"https:\/\/agrupacionespsoe.es\/castello\/#\/schema\/person\/f3bc5b2f9dc6a399e9e98596ae24a20a"},"headline":"El PSPV define los dos a\u00f1os de gobierno de Bego\u00f1a Carrasco como \u201cuna agencia de espect\u00e1culos y saraos\u201d que apuesta por \u201cel odio y los insultos\u201d","datePublished":"2025-06-11T17:01:36+00:00","dateModified":"2026-03-24T08:13:44+00:00","mainEntityOfPage":{"@id":"https:\/\/agrupacionespsoe.es\/castello\/el-pspv-define-los-dos-anos-de-gobierno-de-begona-carrasco-como-una-agencia-de-espectaculos-y-saraos-que-apuesta-por-el-odio-y-los-insultos\/"},"wordCount":1528,"commentCount":0,"publisher":{"@id":"https:\/\/agrupacionespsoe.es\/castello\/#organization"},"image":{"@id":"https:\/\/agrupacionespsoe.es\/castello\/el-pspv-define-los-dos-anos-de-gobierno-de-begona-carrasco-como-una-agencia-de-espectaculos-y-saraos-que-apuesta-por-el-odio-y-los-insultos\/#primaryimage"},"thumbnailUrl":"https:\/\/agrupacionespsoe.es\/castello\/wp-content\/uploads\/sites\/45\/2025\/06\/20250611-El-PSPV-define-los-dos-anos-de-gobierno-de-Begona-Carrasco-como-una-agencia-de-espectaculos-y-saraos-que-apuesta-por-el-odio-y-los-insultos.jpeg","keywords":["Alberto Vidal","Antonio Ortol\u00e1","Arantxa Miralles","Basurazo","Carlos Maz\u00f3n","Cristian Ram\u00edrez","Esther Giner","Jos\u00e9 Luis L\u00f3pez","Jos\u00e9 Luis Lorenz","Multas","Patricia Puerta","Rafa Sim\u00f3","Todos"],"articleSection":["Grupo Municipal Socialista"],"inLanguage":"es","potentialAction":[{"@type":"CommentAction","name":"Comment","target":["https:\/\/agrupacionespsoe.es\/castello\/el-pspv-define-los-dos-anos-de-gobierno-de-begona-carrasco-como-una-agencia-de-espectaculos-y-saraos-que-apuesta-por-el-odio-y-los-insultos\/#respond"]}]},{"@type":"WebPage","@id":"https:\/\/agrupacionespsoe.es\/castello\/el-pspv-define-los-dos-anos-de-gobierno-de-begona-carrasco-como-una-agencia-de-espectaculos-y-saraos-que-apuesta-por-el-odio-y-los-insultos\/","url":"https:\/\/agrupacionespsoe.es\/castello\/el-pspv-define-los-dos-anos-de-gobierno-de-begona-carrasco-como-una-agencia-de-espectaculos-y-saraos-que-apuesta-por-el-odio-y-los-insultos\/","name":"El PSPV define los dos a\u00f1os de gobierno de Bego\u00f1a Carrasco como \u201cuna agencia de espect\u00e1culos y saraos\u201d que apuesta por \u201cel odio y los insultos\u201d - PSPV-PSOE CASTELL\u00d3","isPartOf":{"@id":"https:\/\/agrupacionespsoe.es\/castello\/#website"},"primaryImageOfPage":{"@id":"https:\/\/agrupacionespsoe.es\/castello\/el-pspv-define-los-dos-anos-de-gobierno-de-begona-carrasco-como-una-agencia-de-espectaculos-y-saraos-que-apuesta-por-el-odio-y-los-insultos\/#primaryimage"},"image":{"@id":"https:\/\/agrupacionespsoe.es\/castello\/el-pspv-define-los-dos-anos-de-gobierno-de-begona-carrasco-como-una-agencia-de-espectaculos-y-saraos-que-apuesta-por-el-odio-y-los-insultos\/#primaryimage"},"thumbnailUrl":"https:\/\/agrupacionespsoe.es\/castello\/wp-content\/uploads\/sites\/45\/2025\/06\/20250611-El-PSPV-define-los-dos-anos-de-gobierno-de-Begona-Carrasco-como-una-agencia-de-espectaculos-y-saraos-que-apuesta-por-el-odio-y-los-insultos.jpeg","datePublished":"2025-06-11T17:01:36+00:00","dateModified":"2026-03-24T08:13:44+00:00","breadcrumb":{"@id":"https:\/\/agrupacionespsoe.es\/castello\/el-pspv-define-los-dos-anos-de-gobierno-de-begona-carrasco-como-una-agencia-de-espectaculos-y-saraos-que-apuesta-por-el-odio-y-los-insultos\/#breadcrumb"},"inLanguage":"es","potentialAction":[{"@type":"ReadAction","target":["https:\/\/agrupacionespsoe.es\/castello\/el-pspv-define-los-dos-anos-de-gobierno-de-begona-carrasco-como-una-agencia-de-espectaculos-y-saraos-que-apuesta-por-el-odio-y-los-insultos\/"]}]},{"@type":"ImageObject","inLanguage":"es","@id":"https:\/\/agrupacionespsoe.es\/castello\/el-pspv-define-los-dos-anos-de-gobierno-de-begona-carrasco-como-una-agencia-de-espectaculos-y-saraos-que-apuesta-por-el-odio-y-los-insultos\/#primaryimage","url":"https:\/\/agrupacionespsoe.es\/castello\/wp-content\/uploads\/sites\/45\/2025\/06\/20250611-El-PSPV-define-los-dos-anos-de-gobierno-de-Begona-Carrasco-como-una-agencia-de-espectaculos-y-saraos-que-apuesta-por-el-odio-y-los-insultos.jpeg","contentUrl":"https:\/\/agrupacionespsoe.es\/castello\/wp-content\/uploads\/sites\/45\/2025\/06\/20250611-El-PSPV-define-los-dos-anos-de-gobierno-de-Begona-Carrasco-como-una-agencia-de-espectaculos-y-saraos-que-apuesta-por-el-odio-y-los-insultos.jpeg","width":2048,"height":1536},{"@type":"BreadcrumbList","@id":"https:\/\/agrupacionespsoe.es\/castello\/el-pspv-define-los-dos-anos-de-gobierno-de-begona-carrasco-como-una-agencia-de-espectaculos-y-saraos-que-apuesta-por-el-odio-y-los-insultos\/#breadcrumb","itemListElement":[{"@type":"ListItem","position":1,"name":"Portada","item":"https:\/\/agrupacionespsoe.es\/castello\/"},{"@type":"ListItem","position":2,"name":"El PSPV define los dos a\u00f1os de gobierno de Bego\u00f1a Carrasco como \u201cuna agencia de espect\u00e1culos y saraos\u201d que apuesta por \u201cel odio y los insultos\u201d"}]},{"@type":"WebSite","@id":"https:\/\/agrupacionespsoe.es\/castello\/#website","url":"https:\/\/agrupacionespsoe.es\/castello\/","name":"PSPV-PSOE CASTELL\u00d3","description":"PSPV-PSOE | Agrupaci\u00f3 de Castell\u00f3","publisher":{"@id":"https:\/\/agrupacionespsoe.es\/castello\/#organization"},"potentialAction":[{"@type":"SearchAction","target":{"@type":"EntryPoint","urlTemplate":"https:\/\/agrupacionespsoe.es\/castello\/?s={search_term_string}"},"query-input":{"@type":"PropertyValueSpecification","valueRequired":true,"valueName":"search_term_string"}}],"inLanguage":"es"},{"@type":"Organization","@id":"https:\/\/agrupacionespsoe.es\/castello\/#organization","name":"PSPV-PSOE Castell\u00f3","url":"https:\/\/agrupacionespsoe.es\/castello\/","logo":{"@type":"ImageObject","inLanguage":"es","@id":"https:\/\/agrupacionespsoe.es\/castello\/#\/schema\/logo\/image\/","url":"https:\/\/agrupacionespsoe.es\/castello\/wp-content\/uploads\/sites\/45\/2023\/04\/PORTADA-PSOE-CASTELLO.jpg","contentUrl":"https:\/\/agrupacionespsoe.es\/castello\/wp-content\/uploads\/sites\/45\/2023\/04\/PORTADA-PSOE-CASTELLO.jpg","width":2500,"height":2500,"caption":"PSPV-PSOE Castell\u00f3"},"image":{"@id":"https:\/\/agrupacionespsoe.es\/castello\/#\/schema\/logo\/image\/"},"sameAs":["https:\/\/www.facebook.com\/pspv.castellodelaplana","https:\/\/x.com\/pspv_cs","https:\/\/www.instagram.com\/pspvpsoecastello\/"]},{"@type":"Person","@id":"https:\/\/agrupacionespsoe.es\/castello\/#\/schema\/person\/f3bc5b2f9dc6a399e9e98596ae24a20a","name":"castello1","image":{"@type":"ImageObject","inLanguage":"es","@id":"https:\/\/agrupacionespsoe.es\/castello\/#\/schema\/person\/image\/","url":"https:\/\/secure.gravatar.com\/avatar\/5f1da428d6479d1127419c0b58796865?s=96&d=mm&r=g","contentUrl":"https:\/\/secure.gravatar.com\/avatar\/5f1da428d6479d1127419c0b58796865?s=96&d=mm&r=g","caption":"castello1"},"url":"https:\/\/agrupacionespsoe.es\/castello\/author\/castello1\/"}]}},"jetpack_publicize_connections":[],"jetpack_featured_media_url":"https:\/\/agrupacionespsoe.es\/castello\/wp-content\/uploads\/sites\/45\/2025\/06\/20250611-El-PSPV-define-los-dos-anos-de-gobierno-de-Begona-Carrasco-como-una-agencia-de-espectaculos-y-saraos-que-apuesta-por-el-odio-y-los-insultos.jpeg","jetpack_sharing_enabled":true,"_links":{"self":[{"href":"https:\/\/agrupacionespsoe.es\/castello\/wp-json\/wp\/v2\/posts\/8180","targetHints":{"allow":["GET"]}}],"collection":[{"href":"https:\/\/agrupacionespsoe.es\/castello\/wp-json\/wp\/v2\/posts"}],"about":[{"href":"https:\/\/agrupacionespsoe.es\/castello\/wp-json\/wp\/v2\/types\/post"}],"author":[{"embeddable":true,"href":"https:\/\/agrupacionespsoe.es\/castello\/wp-json\/wp\/v2\/users\/48"}],"replies":[{"embeddable":true,"href":"https:\/\/agrupacionespsoe.es\/castello\/wp-json\/wp\/v2\/comments?post=8180"}],"version-history":[{"count":7,"href":"https:\/\/agrupacionespsoe.es\/castello\/wp-json\/wp\/v2\/posts\/8180\/revisions"}],"predecessor-version":[{"id":8200,"href":"https:\/\/agrupacionespsoe.es\/castello\/wp-json\/wp\/v2\/posts\/8180\/revisions\/8200"}],"wp:featuredmedia":[{"embeddable":true,"href":"https:\/\/agrupacionespsoe.es\/castello\/wp-json\/wp\/v2\/media\/8183"}],"wp:attachment":[{"href":"https:\/\/agrupacionespsoe.es\/castello\/wp-json\/wp\/v2\/media?parent=8180"}],"wp:term":[{"taxonomy":"category","embeddable":true,"href":"https:\/\/agrupacionespsoe.es\/castello\/wp-json\/wp\/v2\/categories?post=8180"},{"taxonomy":"post_tag","embeddable":true,"href":"https:\/\/agrupacionespsoe.es\/castello\/wp-json\/wp\/v2\/tags?post=8180"}],"curies":[{"name":"wp","href":"https:\/\/api.w.org\/{rel}","templated":true}]}}