{"id":8177,"date":"2025-06-10T17:22:59","date_gmt":"2025-06-10T15:22:59","guid":{"rendered":"https:\/\/agrupacionespsoe.es\/castello\/?p=8177"},"modified":"2025-06-10T17:23:00","modified_gmt":"2025-06-10T15:23:00","slug":"el-pspv-lamenta-la-nul%c2%b7la-reivindicacio-de-carrasco-a-mazon-en-permetre-el-desmantellament-del-consultori-auxiliar-del-carrer-churruca-del-grau","status":"publish","type":"post","link":"https:\/\/agrupacionespsoe.es\/castello\/va\/el-pspv-lamenta-la-nul%c2%b7la-reivindicacio-de-carrasco-a-mazon-en-permetre-el-desmantellament-del-consultori-auxiliar-del-carrer-churruca-del-grau\/","title":{"rendered":"El PSPV lamenta la \u201cnul\u00b7la reivindicaci\u00f3\u201d de Carrasco a Maz\u00f3n en permetre el desmantellament del consultori auxiliar del carrer Churruca del Grau"},"content":{"rendered":"\n<figure class=\"wp-block-audio\"><audio controls src=\"https:\/\/agrupacionespsoe.es\/castello\/wp-content\/uploads\/sites\/45\/2025\/06\/20250610-El-PSPV-lamenta-la-nula-reivindicacion-de-Carrasco-a-Mazon-al-permitir-el-desmantelamiento-del-consultorio-auxiliar-de-la-calle-Churruca-del-Grau.mp3\" autoplay><\/audio><\/figure>\n\n\n\n<p>La Conselleria de Sanitat del govern de <a href=\"https:\/\/agrupacionespsoe.es\/castello\/va\/tag\/carlos-mazon-va\/\">Carlos Maz\u00f3n<\/a> \u201cest\u00e0 desmantellant a poc a poc l&#8217;atenci\u00f3 sanit\u00e0ria al Grau de Castell\u00f3 sense que l&#8217;alcaldessa, <a href=\"https:\/\/agrupacionespsoe.es\/castello\/va\/tag\/begona-carrasco-va\/\">Bego\u00f1a Carrasco<\/a>, alce la veu per a impedir aquest nou atac als serveis p\u00fablics en reduir la plantilla de metges del consultori auxiliar del carrer Churruca\u201d.<\/p>\n\n\n\n<p><a href=\"https:\/\/agrupacionespsoe.es\/castello\/va\/tag\/mary-carmen-ribera-va\/\">Mary Carmen Ribera<\/a>, regidora del Grup Municipal Socialista, ha lamentat la \u201cmanipulaci\u00f3 de la realitat\u201d per part de Carrasco i la seua regidora del Grau, <a href=\"https:\/\/agrupacionespsoe.es\/castello\/va\/tag\/esther-giner-va\/\">Ester Giner<\/a>, \u201cque embenen en els mitjans de comunicaci\u00f3 que s&#8217;est\u00e0 invertint en una millor atenci\u00f3 sanit\u00e0ria, quan la realitat \u00e9s que estan deixant de costat als ve\u00efns i ve\u00efnes del barri del Serrallo\u201d.<\/p>\n\n\n\n<p>L&#8217;\u00fanica veritat, \u201cper molt que Carrasco i Giner el vulguen tapar, \u00e9s que el consultori auxiliar del carrer Churruca perdr\u00e0 un metge, perqu\u00e8 sembla ser que el Partit Popular vol concentrar-lo tot en un \u00fanic centre, el situat en l&#8217;avinguda Sebastian Elcano\u201d. Sobre aquest tema, Mary Carmen Ribera ha qualificat de \u201cinacceptable\u201d aquesta decisi\u00f3, \u201cperqu\u00e8 el consultori del carrer Churruca \u00e9s un centre de barri, plenament assentat i que at\u00e9n moltes persones majors amb problemes de mobilitat\u201d.<\/p>\n\n\n\n<p>De fet, com recorda l&#8217;edil socialista, \u201cels ve\u00efns i ve\u00efnes del Grau han iniciat ja una campanya de recollida de signatures perqu\u00e8 no porten avant una mesura que obligar\u00e0 a moltes persones del Serrallo a haver d&#8217;anar al centre de Sebastian Elcano\u201d. Per a Mary Carmen Ribera, \u201cel problema afegit ac\u00ed \u00e9s que tenim a una alcaldessa, Bego\u00f1a Carrasco, i a una regidora del Grau, Ester Giner, submises a Maz\u00f3n i que no s\u00f3n capaces de defensar els interessos dels grauers i graueres enfront de les sigles del PP\u201d.<\/p>\n","protected":false},"excerpt":{"rendered":"<p>La Conselleria de Sanitat del govern de Carlos Maz\u00f3n \u201cest\u00e0 desmantellant a poc a poc l&#8217;atenci\u00f3 sanit\u00e0ria al Grau de Castell\u00f3 sense que l&#8217;alcaldessa, Bego\u00f1a Carrasco, alce la veu per a impedir aquest nou atac als serveis p\u00fablics en reduir la plantilla de metges del consultori auxiliar del carrer Churruca\u201d. Mary Carmen Ribera, regidora del &#8230;<\/p>\n","protected":false},"author":48,"featured_media":7496,"comment_status":"open","ping_status":"open","sticky":false,"template":"","format":"standard","meta":{"_jetpack_memberships_contains_paid_content":false,"footnotes":"","jetpack_publicize_message":"","jetpack_publicize_feature_enabled":true,"jetpack_social_post_already_shared":false,"jetpack_social_options":{"image_generator_settings":{"template":"highway","default_image_id":0,"font":"","enabled":false},"version":2}},"categories":[22],"tags":[741,753,776,101,446],"class_list":["post-8177","post","type-post","status-publish","format-standard","has-post-thumbnail","hentry","category-gms-va","tag-begona-carrasco-va","tag-carlos-mazon-va","tag-esther-giner-va","tag-mary-carmen-ribera-va","tag-todos-va"],"yoast_head":"<!-- This site is optimized with the Yoast SEO plugin v24.0 - https:\/\/yoast.com\/wordpress\/plugins\/seo\/ -->\n<title>El PSPV lamenta la \u201cnul\u00b7la reivindicaci\u00f3\u201d de Carrasco a Maz\u00f3n en permetre el desmantellament del consultori auxiliar del carrer Churruca del Grau - PSPV-PSOE CASTELL\u00d3<\/title>\n<meta name=\"robots\" content=\"index, follow, max-snippet:-1, max-image-preview:large, max-video-preview:-1\" \/>\n<link rel=\"canonical\" href=\"https:\/\/agrupacionespsoe.es\/castello\/va\/el-pspv-lamenta-la-nul\u00b7la-reivindicacio-de-carrasco-a-mazon-en-permetre-el-desmantellament-del-consultori-auxiliar-del-carrer-churruca-del-grau\/\" \/>\n<meta property=\"og:locale\" content=\"es_ES\" \/>\n<meta property=\"og:type\" content=\"article\" \/>\n<meta property=\"og:title\" content=\"El PSPV lamenta la \u201cnul\u00b7la reivindicaci\u00f3\u201d de Carrasco a Maz\u00f3n en permetre el desmantellament del consultori auxiliar del carrer Churruca del Grau - PSPV-PSOE CASTELL\u00d3\" \/>\n<meta property=\"og:description\" content=\"La Conselleria de Sanitat del govern de Carlos Maz\u00f3n \u201cest\u00e0 desmantellant a poc a poc l&#8217;atenci\u00f3 sanit\u00e0ria al Grau de Castell\u00f3 sense que l&#8217;alcaldessa, Bego\u00f1a Carrasco, alce la veu per a impedir aquest nou atac als serveis p\u00fablics en reduir la plantilla de metges del consultori auxiliar del carrer Churruca\u201d. Mary Carmen Ribera, regidora del ...\" \/>\n<meta property=\"og:url\" content=\"https:\/\/agrupacionespsoe.es\/castello\/va\/el-pspv-lamenta-la-nul\u00b7la-reivindicacio-de-carrasco-a-mazon-en-permetre-el-desmantellament-del-consultori-auxiliar-del-carrer-churruca-del-grau\/\" \/>\n<meta property=\"og:site_name\" content=\"PSPV-PSOE CASTELL\u00d3\" \/>\n<meta property=\"article:publisher\" content=\"https:\/\/www.facebook.com\/pspv.castellodelaplana\" \/>\n<meta property=\"article:published_time\" content=\"2025-06-10T15:22:59+00:00\" \/>\n<meta property=\"article:modified_time\" content=\"2025-06-10T15:23:00+00:00\" \/>\n<meta property=\"og:image\" content=\"https:\/\/agrupacionespsoe.es\/castello\/wp-content\/uploads\/sites\/45\/2025\/03\/20250306-El-PSPV-exige-a-Carrasco-que-abandone-su-sumision-a-Mazon-y-reclame-de-inmediato-mejoras-sanitarias-en-Castello-ante-el-aumento-de-las-listas-de-espera.jpeg\" \/>\n\t<meta property=\"og:image:width\" content=\"1600\" \/>\n\t<meta property=\"og:image:height\" content=\"1066\" \/>\n\t<meta property=\"og:image:type\" content=\"image\/jpeg\" \/>\n<meta name=\"author\" content=\"castello1\" \/>\n<meta name=\"twitter:card\" content=\"summary_large_image\" \/>\n<meta name=\"twitter:creator\" content=\"@pspv_cs\" \/>\n<meta name=\"twitter:site\" content=\"@pspv_cs\" \/>\n<meta name=\"twitter:label1\" content=\"Escrito por\" \/>\n\t<meta name=\"twitter:data1\" content=\"castello1\" \/>\n\t<meta name=\"twitter:label2\" content=\"Tiempo de lectura\" \/>\n\t<meta name=\"twitter:data2\" content=\"2 minutos\" \/>\n<script type=\"application\/ld+json\" class=\"yoast-schema-graph\">{\"@context\":\"https:\/\/schema.org\",\"@graph\":[{\"@type\":\"Article\",\"@id\":\"https:\/\/agrupacionespsoe.es\/castello\/va\/el-pspv-lamenta-la-nul%c2%b7la-reivindicacio-de-carrasco-a-mazon-en-permetre-el-desmantellament-del-consultori-auxiliar-del-carrer-churruca-del-grau\/#article\",\"isPartOf\":{\"@id\":\"https:\/\/agrupacionespsoe.es\/castello\/va\/el-pspv-lamenta-la-nul%c2%b7la-reivindicacio-de-carrasco-a-mazon-en-permetre-el-desmantellament-del-consultori-auxiliar-del-carrer-churruca-del-grau\/\"},\"author\":{\"name\":\"castello1\",\"@id\":\"https:\/\/agrupacionespsoe.es\/castello\/#\/schema\/person\/f3bc5b2f9dc6a399e9e98596ae24a20a\"},\"headline\":\"El PSPV lamenta la \u201cnul\u00b7la reivindicaci\u00f3\u201d de Carrasco a Maz\u00f3n en permetre el desmantellament del consultori auxiliar del carrer Churruca del Grau\",\"datePublished\":\"2025-06-10T15:22:59+00:00\",\"dateModified\":\"2025-06-10T15:23:00+00:00\",\"mainEntityOfPage\":{\"@id\":\"https:\/\/agrupacionespsoe.es\/castello\/va\/el-pspv-lamenta-la-nul%c2%b7la-reivindicacio-de-carrasco-a-mazon-en-permetre-el-desmantellament-del-consultori-auxiliar-del-carrer-churruca-del-grau\/\"},\"wordCount\":313,\"commentCount\":0,\"publisher\":{\"@id\":\"https:\/\/agrupacionespsoe.es\/castello\/#organization\"},\"image\":{\"@id\":\"https:\/\/agrupacionespsoe.es\/castello\/va\/el-pspv-lamenta-la-nul%c2%b7la-reivindicacio-de-carrasco-a-mazon-en-permetre-el-desmantellament-del-consultori-auxiliar-del-carrer-churruca-del-grau\/#primaryimage\"},\"thumbnailUrl\":\"https:\/\/agrupacionespsoe.es\/castello\/wp-content\/uploads\/sites\/45\/2025\/03\/20250306-El-PSPV-exige-a-Carrasco-que-abandone-su-sumision-a-Mazon-y-reclame-de-inmediato-mejoras-sanitarias-en-Castello-ante-el-aumento-de-las-listas-de-espera.jpeg\",\"keywords\":[\"Bego\u00f1a Carrasco\",\"Carlos Maz\u00f3n\",\"Esther Giner\",\"Mary Carmen Ribera\",\"Todos\"],\"articleSection\":[\"Grup Municipal Socialista\"],\"inLanguage\":\"es\",\"potentialAction\":[{\"@type\":\"CommentAction\",\"name\":\"Comment\",\"target\":[\"https:\/\/agrupacionespsoe.es\/castello\/va\/el-pspv-lamenta-la-nul%c2%b7la-reivindicacio-de-carrasco-a-mazon-en-permetre-el-desmantellament-del-consultori-auxiliar-del-carrer-churruca-del-grau\/#respond\"]}]},{\"@type\":\"WebPage\",\"@id\":\"https:\/\/agrupacionespsoe.es\/castello\/va\/el-pspv-lamenta-la-nul%c2%b7la-reivindicacio-de-carrasco-a-mazon-en-permetre-el-desmantellament-del-consultori-auxiliar-del-carrer-churruca-del-grau\/\",\"url\":\"https:\/\/agrupacionespsoe.es\/castello\/va\/el-pspv-lamenta-la-nul%c2%b7la-reivindicacio-de-carrasco-a-mazon-en-permetre-el-desmantellament-del-consultori-auxiliar-del-carrer-churruca-del-grau\/\",\"name\":\"El PSPV lamenta la \u201cnul\u00b7la reivindicaci\u00f3\u201d de Carrasco a Maz\u00f3n en permetre el desmantellament del consultori auxiliar del carrer Churruca del Grau - PSPV-PSOE CASTELL\u00d3\",\"isPartOf\":{\"@id\":\"https:\/\/agrupacionespsoe.es\/castello\/#website\"},\"primaryImageOfPage\":{\"@id\":\"https:\/\/agrupacionespsoe.es\/castello\/va\/el-pspv-lamenta-la-nul%c2%b7la-reivindicacio-de-carrasco-a-mazon-en-permetre-el-desmantellament-del-consultori-auxiliar-del-carrer-churruca-del-grau\/#primaryimage\"},\"image\":{\"@id\":\"https:\/\/agrupacionespsoe.es\/castello\/va\/el-pspv-lamenta-la-nul%c2%b7la-reivindicacio-de-carrasco-a-mazon-en-permetre-el-desmantellament-del-consultori-auxiliar-del-carrer-churruca-del-grau\/#primaryimage\"},\"thumbnailUrl\":\"https:\/\/agrupacionespsoe.es\/castello\/wp-content\/uploads\/sites\/45\/2025\/03\/20250306-El-PSPV-exige-a-Carrasco-que-abandone-su-sumision-a-Mazon-y-reclame-de-inmediato-mejoras-sanitarias-en-Castello-ante-el-aumento-de-las-listas-de-espera.jpeg\",\"datePublished\":\"2025-06-10T15:22:59+00:00\",\"dateModified\":\"2025-06-10T15:23:00+00:00\",\"breadcrumb\":{\"@id\":\"https:\/\/agrupacionespsoe.es\/castello\/va\/el-pspv-lamenta-la-nul%c2%b7la-reivindicacio-de-carrasco-a-mazon-en-permetre-el-desmantellament-del-consultori-auxiliar-del-carrer-churruca-del-grau\/#breadcrumb\"},\"inLanguage\":\"es\",\"potentialAction\":[{\"@type\":\"ReadAction\",\"target\":[\"https:\/\/agrupacionespsoe.es\/castello\/va\/el-pspv-lamenta-la-nul%c2%b7la-reivindicacio-de-carrasco-a-mazon-en-permetre-el-desmantellament-del-consultori-auxiliar-del-carrer-churruca-del-grau\/\"]}]},{\"@type\":\"ImageObject\",\"inLanguage\":\"es\",\"@id\":\"https:\/\/agrupacionespsoe.es\/castello\/va\/el-pspv-lamenta-la-nul%c2%b7la-reivindicacio-de-carrasco-a-mazon-en-permetre-el-desmantellament-del-consultori-auxiliar-del-carrer-churruca-del-grau\/#primaryimage\",\"url\":\"https:\/\/agrupacionespsoe.es\/castello\/wp-content\/uploads\/sites\/45\/2025\/03\/20250306-El-PSPV-exige-a-Carrasco-que-abandone-su-sumision-a-Mazon-y-reclame-de-inmediato-mejoras-sanitarias-en-Castello-ante-el-aumento-de-las-listas-de-espera.jpeg\",\"contentUrl\":\"https:\/\/agrupacionespsoe.es\/castello\/wp-content\/uploads\/sites\/45\/2025\/03\/20250306-El-PSPV-exige-a-Carrasco-que-abandone-su-sumision-a-Mazon-y-reclame-de-inmediato-mejoras-sanitarias-en-Castello-ante-el-aumento-de-las-listas-de-espera.jpeg\",\"width\":1600,\"height\":1066},{\"@type\":\"BreadcrumbList\",\"@id\":\"https:\/\/agrupacionespsoe.es\/castello\/va\/el-pspv-lamenta-la-nul%c2%b7la-reivindicacio-de-carrasco-a-mazon-en-permetre-el-desmantellament-del-consultori-auxiliar-del-carrer-churruca-del-grau\/#breadcrumb\",\"itemListElement\":[{\"@type\":\"ListItem\",\"position\":1,\"name\":\"Portada\",\"item\":\"https:\/\/agrupacionespsoe.es\/castello\/\"},{\"@type\":\"ListItem\",\"position\":2,\"name\":\"El PSPV lamenta la \u201cnul\u00b7la reivindicaci\u00f3\u201d de Carrasco a Maz\u00f3n en permetre el desmantellament del consultori auxiliar del carrer Churruca del Grau\"}]},{\"@type\":\"WebSite\",\"@id\":\"https:\/\/agrupacionespsoe.es\/castello\/#website\",\"url\":\"https:\/\/agrupacionespsoe.es\/castello\/\",\"name\":\"PSPV-PSOE CASTELL\u00d3\",\"description\":\"PSPV-PSOE | Agrupaci\u00f3 de Castell\u00f3\",\"publisher\":{\"@id\":\"https:\/\/agrupacionespsoe.es\/castello\/#organization\"},\"potentialAction\":[{\"@type\":\"SearchAction\",\"target\":{\"@type\":\"EntryPoint\",\"urlTemplate\":\"https:\/\/agrupacionespsoe.es\/castello\/?s={search_term_string}\"},\"query-input\":{\"@type\":\"PropertyValueSpecification\",\"valueRequired\":true,\"valueName\":\"search_term_string\"}}],\"inLanguage\":\"es\"},{\"@type\":\"Organization\",\"@id\":\"https:\/\/agrupacionespsoe.es\/castello\/#organization\",\"name\":\"PSPV-PSOE Castell\u00f3\",\"url\":\"https:\/\/agrupacionespsoe.es\/castello\/\",\"logo\":{\"@type\":\"ImageObject\",\"inLanguage\":\"es\",\"@id\":\"https:\/\/agrupacionespsoe.es\/castello\/#\/schema\/logo\/image\/\",\"url\":\"https:\/\/agrupacionespsoe.es\/castello\/wp-content\/uploads\/sites\/45\/2023\/04\/PORTADA-PSOE-CASTELLO.jpg\",\"contentUrl\":\"https:\/\/agrupacionespsoe.es\/castello\/wp-content\/uploads\/sites\/45\/2023\/04\/PORTADA-PSOE-CASTELLO.jpg\",\"width\":2500,\"height\":2500,\"caption\":\"PSPV-PSOE Castell\u00f3\"},\"image\":{\"@id\":\"https:\/\/agrupacionespsoe.es\/castello\/#\/schema\/logo\/image\/\"},\"sameAs\":[\"https:\/\/www.facebook.com\/pspv.castellodelaplana\",\"https:\/\/x.com\/pspv_cs\",\"https:\/\/www.instagram.com\/pspvpsoecastello\/\"]},{\"@type\":\"Person\",\"@id\":\"https:\/\/agrupacionespsoe.es\/castello\/#\/schema\/person\/f3bc5b2f9dc6a399e9e98596ae24a20a\",\"name\":\"castello1\",\"image\":{\"@type\":\"ImageObject\",\"inLanguage\":\"es\",\"@id\":\"https:\/\/agrupacionespsoe.es\/castello\/#\/schema\/person\/image\/\",\"url\":\"https:\/\/secure.gravatar.com\/avatar\/5f1da428d6479d1127419c0b58796865?s=96&d=mm&r=g\",\"contentUrl\":\"https:\/\/secure.gravatar.com\/avatar\/5f1da428d6479d1127419c0b58796865?s=96&d=mm&r=g\",\"caption\":\"castello1\"},\"url\":\"https:\/\/agrupacionespsoe.es\/castello\/author\/castello1\/\"}]}<\/script>\n<!-- \/ Yoast SEO plugin. -->","yoast_head_json":{"title":"El PSPV lamenta la \u201cnul\u00b7la reivindicaci\u00f3\u201d de Carrasco a Maz\u00f3n en permetre el desmantellament del consultori auxiliar del carrer Churruca del Grau - PSPV-PSOE CASTELL\u00d3","robots":{"index":"index","follow":"follow","max-snippet":"max-snippet:-1","max-image-preview":"max-image-preview:large","max-video-preview":"max-video-preview:-1"},"canonical":"https:\/\/agrupacionespsoe.es\/castello\/va\/el-pspv-lamenta-la-nul\u00b7la-reivindicacio-de-carrasco-a-mazon-en-permetre-el-desmantellament-del-consultori-auxiliar-del-carrer-churruca-del-grau\/","og_locale":"es_ES","og_type":"article","og_title":"El PSPV lamenta la \u201cnul\u00b7la reivindicaci\u00f3\u201d de Carrasco a Maz\u00f3n en permetre el desmantellament del consultori auxiliar del carrer Churruca del Grau - PSPV-PSOE CASTELL\u00d3","og_description":"La Conselleria de Sanitat del govern de Carlos Maz\u00f3n \u201cest\u00e0 desmantellant a poc a poc l&#8217;atenci\u00f3 sanit\u00e0ria al Grau de Castell\u00f3 sense que l&#8217;alcaldessa, Bego\u00f1a Carrasco, alce la veu per a impedir aquest nou atac als serveis p\u00fablics en reduir la plantilla de metges del consultori auxiliar del carrer Churruca\u201d. Mary Carmen Ribera, regidora del ...","og_url":"https:\/\/agrupacionespsoe.es\/castello\/va\/el-pspv-lamenta-la-nul\u00b7la-reivindicacio-de-carrasco-a-mazon-en-permetre-el-desmantellament-del-consultori-auxiliar-del-carrer-churruca-del-grau\/","og_site_name":"PSPV-PSOE CASTELL\u00d3","article_publisher":"https:\/\/www.facebook.com\/pspv.castellodelaplana","article_published_time":"2025-06-10T15:22:59+00:00","article_modified_time":"2025-06-10T15:23:00+00:00","og_image":[{"width":1600,"height":1066,"url":"https:\/\/agrupacionespsoe.es\/castello\/wp-content\/uploads\/sites\/45\/2025\/03\/20250306-El-PSPV-exige-a-Carrasco-que-abandone-su-sumision-a-Mazon-y-reclame-de-inmediato-mejoras-sanitarias-en-Castello-ante-el-aumento-de-las-listas-de-espera.jpeg","type":"image\/jpeg"}],"author":"castello1","twitter_card":"summary_large_image","twitter_creator":"@pspv_cs","twitter_site":"@pspv_cs","twitter_misc":{"Escrito por":"castello1","Tiempo de lectura":"2 minutos"},"schema":{"@context":"https:\/\/schema.org","@graph":[{"@type":"Article","@id":"https:\/\/agrupacionespsoe.es\/castello\/va\/el-pspv-lamenta-la-nul%c2%b7la-reivindicacio-de-carrasco-a-mazon-en-permetre-el-desmantellament-del-consultori-auxiliar-del-carrer-churruca-del-grau\/#article","isPartOf":{"@id":"https:\/\/agrupacionespsoe.es\/castello\/va\/el-pspv-lamenta-la-nul%c2%b7la-reivindicacio-de-carrasco-a-mazon-en-permetre-el-desmantellament-del-consultori-auxiliar-del-carrer-churruca-del-grau\/"},"author":{"name":"castello1","@id":"https:\/\/agrupacionespsoe.es\/castello\/#\/schema\/person\/f3bc5b2f9dc6a399e9e98596ae24a20a"},"headline":"El PSPV lamenta la \u201cnul\u00b7la reivindicaci\u00f3\u201d de Carrasco a Maz\u00f3n en permetre el desmantellament del consultori auxiliar del carrer Churruca del Grau","datePublished":"2025-06-10T15:22:59+00:00","dateModified":"2025-06-10T15:23:00+00:00","mainEntityOfPage":{"@id":"https:\/\/agrupacionespsoe.es\/castello\/va\/el-pspv-lamenta-la-nul%c2%b7la-reivindicacio-de-carrasco-a-mazon-en-permetre-el-desmantellament-del-consultori-auxiliar-del-carrer-churruca-del-grau\/"},"wordCount":313,"commentCount":0,"publisher":{"@id":"https:\/\/agrupacionespsoe.es\/castello\/#organization"},"image":{"@id":"https:\/\/agrupacionespsoe.es\/castello\/va\/el-pspv-lamenta-la-nul%c2%b7la-reivindicacio-de-carrasco-a-mazon-en-permetre-el-desmantellament-del-consultori-auxiliar-del-carrer-churruca-del-grau\/#primaryimage"},"thumbnailUrl":"https:\/\/agrupacionespsoe.es\/castello\/wp-content\/uploads\/sites\/45\/2025\/03\/20250306-El-PSPV-exige-a-Carrasco-que-abandone-su-sumision-a-Mazon-y-reclame-de-inmediato-mejoras-sanitarias-en-Castello-ante-el-aumento-de-las-listas-de-espera.jpeg","keywords":["Bego\u00f1a Carrasco","Carlos Maz\u00f3n","Esther Giner","Mary Carmen Ribera","Todos"],"articleSection":["Grup Municipal Socialista"],"inLanguage":"es","potentialAction":[{"@type":"CommentAction","name":"Comment","target":["https:\/\/agrupacionespsoe.es\/castello\/va\/el-pspv-lamenta-la-nul%c2%b7la-reivindicacio-de-carrasco-a-mazon-en-permetre-el-desmantellament-del-consultori-auxiliar-del-carrer-churruca-del-grau\/#respond"]}]},{"@type":"WebPage","@id":"https:\/\/agrupacionespsoe.es\/castello\/va\/el-pspv-lamenta-la-nul%c2%b7la-reivindicacio-de-carrasco-a-mazon-en-permetre-el-desmantellament-del-consultori-auxiliar-del-carrer-churruca-del-grau\/","url":"https:\/\/agrupacionespsoe.es\/castello\/va\/el-pspv-lamenta-la-nul%c2%b7la-reivindicacio-de-carrasco-a-mazon-en-permetre-el-desmantellament-del-consultori-auxiliar-del-carrer-churruca-del-grau\/","name":"El PSPV lamenta la \u201cnul\u00b7la reivindicaci\u00f3\u201d de Carrasco a Maz\u00f3n en permetre el desmantellament del consultori auxiliar del carrer Churruca del Grau - PSPV-PSOE CASTELL\u00d3","isPartOf":{"@id":"https:\/\/agrupacionespsoe.es\/castello\/#website"},"primaryImageOfPage":{"@id":"https:\/\/agrupacionespsoe.es\/castello\/va\/el-pspv-lamenta-la-nul%c2%b7la-reivindicacio-de-carrasco-a-mazon-en-permetre-el-desmantellament-del-consultori-auxiliar-del-carrer-churruca-del-grau\/#primaryimage"},"image":{"@id":"https:\/\/agrupacionespsoe.es\/castello\/va\/el-pspv-lamenta-la-nul%c2%b7la-reivindicacio-de-carrasco-a-mazon-en-permetre-el-desmantellament-del-consultori-auxiliar-del-carrer-churruca-del-grau\/#primaryimage"},"thumbnailUrl":"https:\/\/agrupacionespsoe.es\/castello\/wp-content\/uploads\/sites\/45\/2025\/03\/20250306-El-PSPV-exige-a-Carrasco-que-abandone-su-sumision-a-Mazon-y-reclame-de-inmediato-mejoras-sanitarias-en-Castello-ante-el-aumento-de-las-listas-de-espera.jpeg","datePublished":"2025-06-10T15:22:59+00:00","dateModified":"2025-06-10T15:23:00+00:00","breadcrumb":{"@id":"https:\/\/agrupacionespsoe.es\/castello\/va\/el-pspv-lamenta-la-nul%c2%b7la-reivindicacio-de-carrasco-a-mazon-en-permetre-el-desmantellament-del-consultori-auxiliar-del-carrer-churruca-del-grau\/#breadcrumb"},"inLanguage":"es","potentialAction":[{"@type":"ReadAction","target":["https:\/\/agrupacionespsoe.es\/castello\/va\/el-pspv-lamenta-la-nul%c2%b7la-reivindicacio-de-carrasco-a-mazon-en-permetre-el-desmantellament-del-consultori-auxiliar-del-carrer-churruca-del-grau\/"]}]},{"@type":"ImageObject","inLanguage":"es","@id":"https:\/\/agrupacionespsoe.es\/castello\/va\/el-pspv-lamenta-la-nul%c2%b7la-reivindicacio-de-carrasco-a-mazon-en-permetre-el-desmantellament-del-consultori-auxiliar-del-carrer-churruca-del-grau\/#primaryimage","url":"https:\/\/agrupacionespsoe.es\/castello\/wp-content\/uploads\/sites\/45\/2025\/03\/20250306-El-PSPV-exige-a-Carrasco-que-abandone-su-sumision-a-Mazon-y-reclame-de-inmediato-mejoras-sanitarias-en-Castello-ante-el-aumento-de-las-listas-de-espera.jpeg","contentUrl":"https:\/\/agrupacionespsoe.es\/castello\/wp-content\/uploads\/sites\/45\/2025\/03\/20250306-El-PSPV-exige-a-Carrasco-que-abandone-su-sumision-a-Mazon-y-reclame-de-inmediato-mejoras-sanitarias-en-Castello-ante-el-aumento-de-las-listas-de-espera.jpeg","width":1600,"height":1066},{"@type":"BreadcrumbList","@id":"https:\/\/agrupacionespsoe.es\/castello\/va\/el-pspv-lamenta-la-nul%c2%b7la-reivindicacio-de-carrasco-a-mazon-en-permetre-el-desmantellament-del-consultori-auxiliar-del-carrer-churruca-del-grau\/#breadcrumb","itemListElement":[{"@type":"ListItem","position":1,"name":"Portada","item":"https:\/\/agrupacionespsoe.es\/castello\/"},{"@type":"ListItem","position":2,"name":"El PSPV lamenta la \u201cnul\u00b7la reivindicaci\u00f3\u201d de Carrasco a Maz\u00f3n en permetre el desmantellament del consultori auxiliar del carrer Churruca del Grau"}]},{"@type":"WebSite","@id":"https:\/\/agrupacionespsoe.es\/castello\/#website","url":"https:\/\/agrupacionespsoe.es\/castello\/","name":"PSPV-PSOE CASTELL\u00d3","description":"PSPV-PSOE | Agrupaci\u00f3 de Castell\u00f3","publisher":{"@id":"https:\/\/agrupacionespsoe.es\/castello\/#organization"},"potentialAction":[{"@type":"SearchAction","target":{"@type":"EntryPoint","urlTemplate":"https:\/\/agrupacionespsoe.es\/castello\/?s={search_term_string}"},"query-input":{"@type":"PropertyValueSpecification","valueRequired":true,"valueName":"search_term_string"}}],"inLanguage":"es"},{"@type":"Organization","@id":"https:\/\/agrupacionespsoe.es\/castello\/#organization","name":"PSPV-PSOE Castell\u00f3","url":"https:\/\/agrupacionespsoe.es\/castello\/","logo":{"@type":"ImageObject","inLanguage":"es","@id":"https:\/\/agrupacionespsoe.es\/castello\/#\/schema\/logo\/image\/","url":"https:\/\/agrupacionespsoe.es\/castello\/wp-content\/uploads\/sites\/45\/2023\/04\/PORTADA-PSOE-CASTELLO.jpg","contentUrl":"https:\/\/agrupacionespsoe.es\/castello\/wp-content\/uploads\/sites\/45\/2023\/04\/PORTADA-PSOE-CASTELLO.jpg","width":2500,"height":2500,"caption":"PSPV-PSOE Castell\u00f3"},"image":{"@id":"https:\/\/agrupacionespsoe.es\/castello\/#\/schema\/logo\/image\/"},"sameAs":["https:\/\/www.facebook.com\/pspv.castellodelaplana","https:\/\/x.com\/pspv_cs","https:\/\/www.instagram.com\/pspvpsoecastello\/"]},{"@type":"Person","@id":"https:\/\/agrupacionespsoe.es\/castello\/#\/schema\/person\/f3bc5b2f9dc6a399e9e98596ae24a20a","name":"castello1","image":{"@type":"ImageObject","inLanguage":"es","@id":"https:\/\/agrupacionespsoe.es\/castello\/#\/schema\/person\/image\/","url":"https:\/\/secure.gravatar.com\/avatar\/5f1da428d6479d1127419c0b58796865?s=96&d=mm&r=g","contentUrl":"https:\/\/secure.gravatar.com\/avatar\/5f1da428d6479d1127419c0b58796865?s=96&d=mm&r=g","caption":"castello1"},"url":"https:\/\/agrupacionespsoe.es\/castello\/author\/castello1\/"}]}},"jetpack_publicize_connections":[],"jetpack_featured_media_url":"https:\/\/agrupacionespsoe.es\/castello\/wp-content\/uploads\/sites\/45\/2025\/03\/20250306-El-PSPV-exige-a-Carrasco-que-abandone-su-sumision-a-Mazon-y-reclame-de-inmediato-mejoras-sanitarias-en-Castello-ante-el-aumento-de-las-listas-de-espera.jpeg","jetpack_sharing_enabled":true,"_links":{"self":[{"href":"https:\/\/agrupacionespsoe.es\/castello\/wp-json\/wp\/v2\/posts\/8177","targetHints":{"allow":["GET"]}}],"collection":[{"href":"https:\/\/agrupacionespsoe.es\/castello\/wp-json\/wp\/v2\/posts"}],"about":[{"href":"https:\/\/agrupacionespsoe.es\/castello\/wp-json\/wp\/v2\/types\/post"}],"author":[{"embeddable":true,"href":"https:\/\/agrupacionespsoe.es\/castello\/wp-json\/wp\/v2\/users\/48"}],"replies":[{"embeddable":true,"href":"https:\/\/agrupacionespsoe.es\/castello\/wp-json\/wp\/v2\/comments?post=8177"}],"version-history":[{"count":2,"href":"https:\/\/agrupacionespsoe.es\/castello\/wp-json\/wp\/v2\/posts\/8177\/revisions"}],"predecessor-version":[{"id":8179,"href":"https:\/\/agrupacionespsoe.es\/castello\/wp-json\/wp\/v2\/posts\/8177\/revisions\/8179"}],"wp:featuredmedia":[{"embeddable":true,"href":"https:\/\/agrupacionespsoe.es\/castello\/wp-json\/wp\/v2\/media\/7496"}],"wp:attachment":[{"href":"https:\/\/agrupacionespsoe.es\/castello\/wp-json\/wp\/v2\/media?parent=8177"}],"wp:term":[{"taxonomy":"category","embeddable":true,"href":"https:\/\/agrupacionespsoe.es\/castello\/wp-json\/wp\/v2\/categories?post=8177"},{"taxonomy":"post_tag","embeddable":true,"href":"https:\/\/agrupacionespsoe.es\/castello\/wp-json\/wp\/v2\/tags?post=8177"}],"curies":[{"name":"wp","href":"https:\/\/api.w.org\/{rel}","templated":true}]}}