{"id":8133,"date":"2025-06-04T13:07:56","date_gmt":"2025-06-04T11:07:56","guid":{"rendered":"https:\/\/agrupacionespsoe.es\/castello\/?p=8133"},"modified":"2025-06-04T13:07:57","modified_gmt":"2025-06-04T11:07:57","slug":"begona-carrasco-es-lunica-culpable-que-castello-tinga-un-govern-municipal-homofob-que-ataca-i-veta-a-col%c2%b7lectius-lgtbi","status":"publish","type":"post","link":"https:\/\/agrupacionespsoe.es\/castello\/va\/begona-carrasco-es-lunica-culpable-que-castello-tinga-un-govern-municipal-homofob-que-ataca-i-veta-a-col%c2%b7lectius-lgtbi\/","title":{"rendered":"\u201cBego\u00f1a Carrasco \u00e9s l&#8217;\u00fanica culpable que Castell\u00f3 tinga un govern municipal hom\u00f2fob que ataca i veta a col\u00b7lectius LGTBI\u201d"},"content":{"rendered":"\n<ul class=\"wp-block-list\">\n<li><em><strong>Jos\u00e9 Luis L\u00f3pez, portaveu adjunt del Grup Municipal Socialista, assenyala que \u00abuna alcaldessa compromesa de veritat trencaria el pacte de manera immediata amb la ultradreta i, a m\u00e9s, organitzaria actes pel Dia de l&#8217;Orgull comptant amb totes les entitats LGTBI de la ciutat, als quals ha censurat i que no prendran part en aquesta farsa\u201d.<\/strong><\/em><\/li>\n<\/ul>\n\n\n\n<figure class=\"wp-block-audio\"><audio controls src=\"https:\/\/agrupacionespsoe.es\/castello\/wp-content\/uploads\/sites\/45\/2025\/06\/20250604-Begona-Carrasco-es-la-unica-culpable-de-que-Castello-tenga-un-gobierno-municipal-homofobo-que-ataca-y-veta-a-colectivos-LGTBI.mp3\" autoplay><\/audio><\/figure>\n\n\n\n<p>L&#8217;alcaldessa de Castell\u00f3, <a href=\"https:\/\/agrupacionespsoe.es\/castello\/va\/tag\/begona-carrasco-va\/\">Bego\u00f1a Carrasco<\/a>, \u201c\u00e9s l&#8217;\u00fanica culpable que la nostra ciutat torne a eixir en el mapa de la vergonya nacional com a exemple de govern municipal hom\u00f2fob\u201d. <a href=\"https:\/\/agrupacionespsoe.es\/castello\/va\/tag\/jose-luis-lopez-va\/\">Jos\u00e9 Luis L\u00f3pez<\/a>, portaveu adjunt del Grup Municipal Socialista a l&#8217;Ajuntament de Castell\u00f3, assegura que Carrasco \u201ctorna a ser la reina del \u2018postureo\u2019, perqu\u00e8 una alcaldessa compromesa de veritat amb els drets dels col\u00b7lectius LGTBI trencaria el pacte de manera immediata amb la ultradreta i, a m\u00e9s, organitzaria actes pel Dia de l&#8217;Orgull comptant amb totes les entitats LGTBI de la ciutat, als quals ha vetat i que no prendran part en aquesta farsa\u201d.<\/p>\n\n\n\n<p>Per a L\u00f3pez, \u201cen aquests dos anys del Govern de la Vergonya la ciutadania ja ha comen\u00e7at a veure la veritable cara de Carrasco: una alcaldessa feble i mimetitzada amb la ultradreta, perqu\u00e8 l&#8217;\u00fanic cam\u00ed que hauria d&#8217;adoptar, si de veritat, vol apartar-se dels discursos d&#8217;odi, racistes i hom\u00f2fobs dels seus socis de Vox, \u00e9s destituir-los i no mantindre&#8217;ls en l&#8217;equip de govern amb \u2018sueldazos\u2019\u201d.<\/p>\n\n\n\n<p>El problema, tal com assenyala el portaveu adjunt socialista, \u201cno \u00e9s escoltar barbaritats en boca de l&#8217;edil dels nyaps, <a href=\"https:\/\/agrupacionespsoe.es\/castello\/va\/tag\/alberto-vidal-va\/\">Alberto Vidal<\/a>, o de la seua cap, <a href=\"https:\/\/agrupacionespsoe.es\/castello\/va\/tag\/llanos-masso-va\/\">Llanos Mass\u00f3<\/a>, demanant que les fam\u00edlies no porten als seus fills i filles pel centre de la ciutat per a no coincidir amb actes pel Dia de l&#8217;Orgull, sin\u00f3 tindre a una alcaldessa que s&#8217;assega c\u00f2moda amb un govern municipal que dona absoluta xafogor i que frega, si \u00e9s que no ho ha fet ja, els delictes d&#8217;odi\u201d.<\/p>\n\n\n\n<p>Bego\u00f1a Carrasco, com explica Jos\u00e9 Luis L\u00f3pez, \u201cmanipula a m\u00e9s a les i els castellonencs fent creure que ha organitzat uns actes pel Dia de l&#8217;Orgull que compta amb tots i totes, perqu\u00e8 l&#8217;\u00fanica realitat \u00e9s que els col\u00b7lectius LGTBI de la ciutat han abandonat la plataforma en la qual es recolza l&#8217;alcaldessa al no sentir-se representats\u201d.<\/p>\n","protected":false},"excerpt":{"rendered":"<p>L&#8217;alcaldessa de Castell\u00f3, Bego\u00f1a Carrasco, \u201c\u00e9s l&#8217;\u00fanica culpable que la nostra ciutat torne a eixir en el mapa de la vergonya nacional com a exemple de govern municipal hom\u00f2fob\u201d. Jos\u00e9 Luis L\u00f3pez, portaveu adjunt del Grup Municipal Socialista a l&#8217;Ajuntament de Castell\u00f3, assegura que Carrasco \u201ctorna a ser la reina del \u2018postureo\u2019, perqu\u00e8 una alcaldessa &#8230;<\/p>\n","protected":false},"author":48,"featured_media":8126,"comment_status":"open","ping_status":"open","sticky":false,"template":"","format":"standard","meta":{"_jetpack_memberships_contains_paid_content":false,"footnotes":"","jetpack_publicize_message":"","jetpack_publicize_feature_enabled":true,"jetpack_social_post_already_shared":false,"jetpack_social_options":{"image_generator_settings":{"template":"highway","default_image_id":0,"font":"","enabled":false},"version":2}},"categories":[22],"tags":[787,741,87,798,446],"class_list":["post-8133","post","type-post","status-publish","format-standard","has-post-thumbnail","hentry","category-gms-va","tag-alberto-vidal-va","tag-begona-carrasco-va","tag-jose-luis-lopez-va","tag-llanos-masso-va","tag-todos-va"],"yoast_head":"<!-- This site is optimized with the Yoast SEO plugin v24.0 - https:\/\/yoast.com\/wordpress\/plugins\/seo\/ -->\n<title>\u201cBego\u00f1a Carrasco \u00e9s l&#039;\u00fanica culpable que Castell\u00f3 tinga un govern municipal hom\u00f2fob que ataca i veta a col\u00b7lectius LGTBI\u201d - PSPV-PSOE CASTELL\u00d3<\/title>\n<meta name=\"robots\" content=\"index, follow, max-snippet:-1, max-image-preview:large, max-video-preview:-1\" \/>\n<link rel=\"canonical\" href=\"https:\/\/agrupacionespsoe.es\/castello\/va\/begona-carrasco-es-lunica-culpable-que-castello-tinga-un-govern-municipal-homofob-que-ataca-i-veta-a-col\u00b7lectius-lgtbi\/\" \/>\n<meta property=\"og:locale\" content=\"es_ES\" \/>\n<meta property=\"og:type\" content=\"article\" \/>\n<meta property=\"og:title\" content=\"\u201cBego\u00f1a Carrasco \u00e9s l&#039;\u00fanica culpable que Castell\u00f3 tinga un govern municipal hom\u00f2fob que ataca i veta a col\u00b7lectius LGTBI\u201d - PSPV-PSOE CASTELL\u00d3\" \/>\n<meta property=\"og:description\" content=\"L&#8217;alcaldessa de Castell\u00f3, Bego\u00f1a Carrasco, \u201c\u00e9s l&#8217;\u00fanica culpable que la nostra ciutat torne a eixir en el mapa de la vergonya nacional com a exemple de govern municipal hom\u00f2fob\u201d. Jos\u00e9 Luis L\u00f3pez, portaveu adjunt del Grup Municipal Socialista a l&#8217;Ajuntament de Castell\u00f3, assegura que Carrasco \u201ctorna a ser la reina del \u2018postureo\u2019, perqu\u00e8 una alcaldessa ...\" \/>\n<meta property=\"og:url\" content=\"https:\/\/agrupacionespsoe.es\/castello\/va\/begona-carrasco-es-lunica-culpable-que-castello-tinga-un-govern-municipal-homofob-que-ataca-i-veta-a-col\u00b7lectius-lgtbi\/\" \/>\n<meta property=\"og:site_name\" content=\"PSPV-PSOE CASTELL\u00d3\" \/>\n<meta property=\"article:publisher\" content=\"https:\/\/www.facebook.com\/pspv.castellodelaplana\" \/>\n<meta property=\"article:published_time\" content=\"2025-06-04T11:07:56+00:00\" \/>\n<meta property=\"article:modified_time\" content=\"2025-06-04T11:07:57+00:00\" \/>\n<meta property=\"og:image\" content=\"https:\/\/agrupacionespsoe.es\/castello\/wp-content\/uploads\/sites\/45\/2025\/06\/20250604-Begona-Carrasco-es-la-unica-culpable-de-que-Castello-tenga-un-gobierno-municipal-homofobo-que-ataca-y-veta-a-colectivos-LGTBI-scaled.jpg\" \/>\n\t<meta property=\"og:image:width\" content=\"2560\" \/>\n\t<meta property=\"og:image:height\" content=\"1920\" \/>\n\t<meta property=\"og:image:type\" content=\"image\/jpeg\" \/>\n<meta name=\"author\" content=\"castello1\" \/>\n<meta name=\"twitter:card\" content=\"summary_large_image\" \/>\n<meta name=\"twitter:creator\" content=\"@pspv_cs\" \/>\n<meta name=\"twitter:site\" content=\"@pspv_cs\" \/>\n<meta name=\"twitter:label1\" content=\"Escrito por\" \/>\n\t<meta name=\"twitter:data1\" content=\"castello1\" \/>\n\t<meta name=\"twitter:label2\" content=\"Tiempo de lectura\" \/>\n\t<meta name=\"twitter:data2\" content=\"2 minutos\" \/>\n<script type=\"application\/ld+json\" class=\"yoast-schema-graph\">{\"@context\":\"https:\/\/schema.org\",\"@graph\":[{\"@type\":\"Article\",\"@id\":\"https:\/\/agrupacionespsoe.es\/castello\/va\/begona-carrasco-es-lunica-culpable-que-castello-tinga-un-govern-municipal-homofob-que-ataca-i-veta-a-col%c2%b7lectius-lgtbi\/#article\",\"isPartOf\":{\"@id\":\"https:\/\/agrupacionespsoe.es\/castello\/va\/begona-carrasco-es-lunica-culpable-que-castello-tinga-un-govern-municipal-homofob-que-ataca-i-veta-a-col%c2%b7lectius-lgtbi\/\"},\"author\":{\"name\":\"castello1\",\"@id\":\"https:\/\/agrupacionespsoe.es\/castello\/#\/schema\/person\/f3bc5b2f9dc6a399e9e98596ae24a20a\"},\"headline\":\"\u201cBego\u00f1a Carrasco \u00e9s l&#8217;\u00fanica culpable que Castell\u00f3 tinga un govern municipal hom\u00f2fob que ataca i veta a col\u00b7lectius LGTBI\u201d\",\"datePublished\":\"2025-06-04T11:07:56+00:00\",\"dateModified\":\"2025-06-04T11:07:57+00:00\",\"mainEntityOfPage\":{\"@id\":\"https:\/\/agrupacionespsoe.es\/castello\/va\/begona-carrasco-es-lunica-culpable-que-castello-tinga-un-govern-municipal-homofob-que-ataca-i-veta-a-col%c2%b7lectius-lgtbi\/\"},\"wordCount\":406,\"commentCount\":0,\"publisher\":{\"@id\":\"https:\/\/agrupacionespsoe.es\/castello\/#organization\"},\"image\":{\"@id\":\"https:\/\/agrupacionespsoe.es\/castello\/va\/begona-carrasco-es-lunica-culpable-que-castello-tinga-un-govern-municipal-homofob-que-ataca-i-veta-a-col%c2%b7lectius-lgtbi\/#primaryimage\"},\"thumbnailUrl\":\"https:\/\/agrupacionespsoe.es\/castello\/wp-content\/uploads\/sites\/45\/2025\/06\/20250604-Begona-Carrasco-es-la-unica-culpable-de-que-Castello-tenga-un-gobierno-municipal-homofobo-que-ataca-y-veta-a-colectivos-LGTBI-scaled.jpg\",\"keywords\":[\"Alberto Vidal\",\"Bego\u00f1a Carrasco\",\"Jos\u00e9 Luis L\u00f3pez\",\"Llanos Mass\u00f3\",\"Todos\"],\"articleSection\":[\"Grup Municipal Socialista\"],\"inLanguage\":\"es\",\"potentialAction\":[{\"@type\":\"CommentAction\",\"name\":\"Comment\",\"target\":[\"https:\/\/agrupacionespsoe.es\/castello\/va\/begona-carrasco-es-lunica-culpable-que-castello-tinga-un-govern-municipal-homofob-que-ataca-i-veta-a-col%c2%b7lectius-lgtbi\/#respond\"]}]},{\"@type\":\"WebPage\",\"@id\":\"https:\/\/agrupacionespsoe.es\/castello\/va\/begona-carrasco-es-lunica-culpable-que-castello-tinga-un-govern-municipal-homofob-que-ataca-i-veta-a-col%c2%b7lectius-lgtbi\/\",\"url\":\"https:\/\/agrupacionespsoe.es\/castello\/va\/begona-carrasco-es-lunica-culpable-que-castello-tinga-un-govern-municipal-homofob-que-ataca-i-veta-a-col%c2%b7lectius-lgtbi\/\",\"name\":\"\u201cBego\u00f1a Carrasco \u00e9s l'\u00fanica culpable que Castell\u00f3 tinga un govern municipal hom\u00f2fob que ataca i veta a col\u00b7lectius LGTBI\u201d - PSPV-PSOE CASTELL\u00d3\",\"isPartOf\":{\"@id\":\"https:\/\/agrupacionespsoe.es\/castello\/#website\"},\"primaryImageOfPage\":{\"@id\":\"https:\/\/agrupacionespsoe.es\/castello\/va\/begona-carrasco-es-lunica-culpable-que-castello-tinga-un-govern-municipal-homofob-que-ataca-i-veta-a-col%c2%b7lectius-lgtbi\/#primaryimage\"},\"image\":{\"@id\":\"https:\/\/agrupacionespsoe.es\/castello\/va\/begona-carrasco-es-lunica-culpable-que-castello-tinga-un-govern-municipal-homofob-que-ataca-i-veta-a-col%c2%b7lectius-lgtbi\/#primaryimage\"},\"thumbnailUrl\":\"https:\/\/agrupacionespsoe.es\/castello\/wp-content\/uploads\/sites\/45\/2025\/06\/20250604-Begona-Carrasco-es-la-unica-culpable-de-que-Castello-tenga-un-gobierno-municipal-homofobo-que-ataca-y-veta-a-colectivos-LGTBI-scaled.jpg\",\"datePublished\":\"2025-06-04T11:07:56+00:00\",\"dateModified\":\"2025-06-04T11:07:57+00:00\",\"breadcrumb\":{\"@id\":\"https:\/\/agrupacionespsoe.es\/castello\/va\/begona-carrasco-es-lunica-culpable-que-castello-tinga-un-govern-municipal-homofob-que-ataca-i-veta-a-col%c2%b7lectius-lgtbi\/#breadcrumb\"},\"inLanguage\":\"es\",\"potentialAction\":[{\"@type\":\"ReadAction\",\"target\":[\"https:\/\/agrupacionespsoe.es\/castello\/va\/begona-carrasco-es-lunica-culpable-que-castello-tinga-un-govern-municipal-homofob-que-ataca-i-veta-a-col%c2%b7lectius-lgtbi\/\"]}]},{\"@type\":\"ImageObject\",\"inLanguage\":\"es\",\"@id\":\"https:\/\/agrupacionespsoe.es\/castello\/va\/begona-carrasco-es-lunica-culpable-que-castello-tinga-un-govern-municipal-homofob-que-ataca-i-veta-a-col%c2%b7lectius-lgtbi\/#primaryimage\",\"url\":\"https:\/\/agrupacionespsoe.es\/castello\/wp-content\/uploads\/sites\/45\/2025\/06\/20250604-Begona-Carrasco-es-la-unica-culpable-de-que-Castello-tenga-un-gobierno-municipal-homofobo-que-ataca-y-veta-a-colectivos-LGTBI-scaled.jpg\",\"contentUrl\":\"https:\/\/agrupacionespsoe.es\/castello\/wp-content\/uploads\/sites\/45\/2025\/06\/20250604-Begona-Carrasco-es-la-unica-culpable-de-que-Castello-tenga-un-gobierno-municipal-homofobo-que-ataca-y-veta-a-colectivos-LGTBI-scaled.jpg\",\"width\":2560,\"height\":1920},{\"@type\":\"BreadcrumbList\",\"@id\":\"https:\/\/agrupacionespsoe.es\/castello\/va\/begona-carrasco-es-lunica-culpable-que-castello-tinga-un-govern-municipal-homofob-que-ataca-i-veta-a-col%c2%b7lectius-lgtbi\/#breadcrumb\",\"itemListElement\":[{\"@type\":\"ListItem\",\"position\":1,\"name\":\"Portada\",\"item\":\"https:\/\/agrupacionespsoe.es\/castello\/\"},{\"@type\":\"ListItem\",\"position\":2,\"name\":\"\u201cBego\u00f1a Carrasco \u00e9s l&#8217;\u00fanica culpable que Castell\u00f3 tinga un govern municipal hom\u00f2fob que ataca i veta a col\u00b7lectius LGTBI\u201d\"}]},{\"@type\":\"WebSite\",\"@id\":\"https:\/\/agrupacionespsoe.es\/castello\/#website\",\"url\":\"https:\/\/agrupacionespsoe.es\/castello\/\",\"name\":\"PSPV-PSOE CASTELL\u00d3\",\"description\":\"PSPV-PSOE | Agrupaci\u00f3 de Castell\u00f3\",\"publisher\":{\"@id\":\"https:\/\/agrupacionespsoe.es\/castello\/#organization\"},\"potentialAction\":[{\"@type\":\"SearchAction\",\"target\":{\"@type\":\"EntryPoint\",\"urlTemplate\":\"https:\/\/agrupacionespsoe.es\/castello\/?s={search_term_string}\"},\"query-input\":{\"@type\":\"PropertyValueSpecification\",\"valueRequired\":true,\"valueName\":\"search_term_string\"}}],\"inLanguage\":\"es\"},{\"@type\":\"Organization\",\"@id\":\"https:\/\/agrupacionespsoe.es\/castello\/#organization\",\"name\":\"PSPV-PSOE Castell\u00f3\",\"url\":\"https:\/\/agrupacionespsoe.es\/castello\/\",\"logo\":{\"@type\":\"ImageObject\",\"inLanguage\":\"es\",\"@id\":\"https:\/\/agrupacionespsoe.es\/castello\/#\/schema\/logo\/image\/\",\"url\":\"https:\/\/agrupacionespsoe.es\/castello\/wp-content\/uploads\/sites\/45\/2023\/04\/PORTADA-PSOE-CASTELLO.jpg\",\"contentUrl\":\"https:\/\/agrupacionespsoe.es\/castello\/wp-content\/uploads\/sites\/45\/2023\/04\/PORTADA-PSOE-CASTELLO.jpg\",\"width\":2500,\"height\":2500,\"caption\":\"PSPV-PSOE Castell\u00f3\"},\"image\":{\"@id\":\"https:\/\/agrupacionespsoe.es\/castello\/#\/schema\/logo\/image\/\"},\"sameAs\":[\"https:\/\/www.facebook.com\/pspv.castellodelaplana\",\"https:\/\/x.com\/pspv_cs\",\"https:\/\/www.instagram.com\/pspvpsoecastello\/\"]},{\"@type\":\"Person\",\"@id\":\"https:\/\/agrupacionespsoe.es\/castello\/#\/schema\/person\/f3bc5b2f9dc6a399e9e98596ae24a20a\",\"name\":\"castello1\",\"image\":{\"@type\":\"ImageObject\",\"inLanguage\":\"es\",\"@id\":\"https:\/\/agrupacionespsoe.es\/castello\/#\/schema\/person\/image\/\",\"url\":\"https:\/\/secure.gravatar.com\/avatar\/5f1da428d6479d1127419c0b58796865?s=96&d=mm&r=g\",\"contentUrl\":\"https:\/\/secure.gravatar.com\/avatar\/5f1da428d6479d1127419c0b58796865?s=96&d=mm&r=g\",\"caption\":\"castello1\"},\"url\":\"https:\/\/agrupacionespsoe.es\/castello\/author\/castello1\/\"}]}<\/script>\n<!-- \/ Yoast SEO plugin. -->","yoast_head_json":{"title":"\u201cBego\u00f1a Carrasco \u00e9s l'\u00fanica culpable que Castell\u00f3 tinga un govern municipal hom\u00f2fob que ataca i veta a col\u00b7lectius LGTBI\u201d - PSPV-PSOE CASTELL\u00d3","robots":{"index":"index","follow":"follow","max-snippet":"max-snippet:-1","max-image-preview":"max-image-preview:large","max-video-preview":"max-video-preview:-1"},"canonical":"https:\/\/agrupacionespsoe.es\/castello\/va\/begona-carrasco-es-lunica-culpable-que-castello-tinga-un-govern-municipal-homofob-que-ataca-i-veta-a-col\u00b7lectius-lgtbi\/","og_locale":"es_ES","og_type":"article","og_title":"\u201cBego\u00f1a Carrasco \u00e9s l'\u00fanica culpable que Castell\u00f3 tinga un govern municipal hom\u00f2fob que ataca i veta a col\u00b7lectius LGTBI\u201d - PSPV-PSOE CASTELL\u00d3","og_description":"L&#8217;alcaldessa de Castell\u00f3, Bego\u00f1a Carrasco, \u201c\u00e9s l&#8217;\u00fanica culpable que la nostra ciutat torne a eixir en el mapa de la vergonya nacional com a exemple de govern municipal hom\u00f2fob\u201d. Jos\u00e9 Luis L\u00f3pez, portaveu adjunt del Grup Municipal Socialista a l&#8217;Ajuntament de Castell\u00f3, assegura que Carrasco \u201ctorna a ser la reina del \u2018postureo\u2019, perqu\u00e8 una alcaldessa ...","og_url":"https:\/\/agrupacionespsoe.es\/castello\/va\/begona-carrasco-es-lunica-culpable-que-castello-tinga-un-govern-municipal-homofob-que-ataca-i-veta-a-col\u00b7lectius-lgtbi\/","og_site_name":"PSPV-PSOE CASTELL\u00d3","article_publisher":"https:\/\/www.facebook.com\/pspv.castellodelaplana","article_published_time":"2025-06-04T11:07:56+00:00","article_modified_time":"2025-06-04T11:07:57+00:00","og_image":[{"width":2560,"height":1920,"url":"https:\/\/agrupacionespsoe.es\/castello\/wp-content\/uploads\/sites\/45\/2025\/06\/20250604-Begona-Carrasco-es-la-unica-culpable-de-que-Castello-tenga-un-gobierno-municipal-homofobo-que-ataca-y-veta-a-colectivos-LGTBI-scaled.jpg","type":"image\/jpeg"}],"author":"castello1","twitter_card":"summary_large_image","twitter_creator":"@pspv_cs","twitter_site":"@pspv_cs","twitter_misc":{"Escrito por":"castello1","Tiempo de lectura":"2 minutos"},"schema":{"@context":"https:\/\/schema.org","@graph":[{"@type":"Article","@id":"https:\/\/agrupacionespsoe.es\/castello\/va\/begona-carrasco-es-lunica-culpable-que-castello-tinga-un-govern-municipal-homofob-que-ataca-i-veta-a-col%c2%b7lectius-lgtbi\/#article","isPartOf":{"@id":"https:\/\/agrupacionespsoe.es\/castello\/va\/begona-carrasco-es-lunica-culpable-que-castello-tinga-un-govern-municipal-homofob-que-ataca-i-veta-a-col%c2%b7lectius-lgtbi\/"},"author":{"name":"castello1","@id":"https:\/\/agrupacionespsoe.es\/castello\/#\/schema\/person\/f3bc5b2f9dc6a399e9e98596ae24a20a"},"headline":"\u201cBego\u00f1a Carrasco \u00e9s l&#8217;\u00fanica culpable que Castell\u00f3 tinga un govern municipal hom\u00f2fob que ataca i veta a col\u00b7lectius LGTBI\u201d","datePublished":"2025-06-04T11:07:56+00:00","dateModified":"2025-06-04T11:07:57+00:00","mainEntityOfPage":{"@id":"https:\/\/agrupacionespsoe.es\/castello\/va\/begona-carrasco-es-lunica-culpable-que-castello-tinga-un-govern-municipal-homofob-que-ataca-i-veta-a-col%c2%b7lectius-lgtbi\/"},"wordCount":406,"commentCount":0,"publisher":{"@id":"https:\/\/agrupacionespsoe.es\/castello\/#organization"},"image":{"@id":"https:\/\/agrupacionespsoe.es\/castello\/va\/begona-carrasco-es-lunica-culpable-que-castello-tinga-un-govern-municipal-homofob-que-ataca-i-veta-a-col%c2%b7lectius-lgtbi\/#primaryimage"},"thumbnailUrl":"https:\/\/agrupacionespsoe.es\/castello\/wp-content\/uploads\/sites\/45\/2025\/06\/20250604-Begona-Carrasco-es-la-unica-culpable-de-que-Castello-tenga-un-gobierno-municipal-homofobo-que-ataca-y-veta-a-colectivos-LGTBI-scaled.jpg","keywords":["Alberto Vidal","Bego\u00f1a Carrasco","Jos\u00e9 Luis L\u00f3pez","Llanos Mass\u00f3","Todos"],"articleSection":["Grup Municipal Socialista"],"inLanguage":"es","potentialAction":[{"@type":"CommentAction","name":"Comment","target":["https:\/\/agrupacionespsoe.es\/castello\/va\/begona-carrasco-es-lunica-culpable-que-castello-tinga-un-govern-municipal-homofob-que-ataca-i-veta-a-col%c2%b7lectius-lgtbi\/#respond"]}]},{"@type":"WebPage","@id":"https:\/\/agrupacionespsoe.es\/castello\/va\/begona-carrasco-es-lunica-culpable-que-castello-tinga-un-govern-municipal-homofob-que-ataca-i-veta-a-col%c2%b7lectius-lgtbi\/","url":"https:\/\/agrupacionespsoe.es\/castello\/va\/begona-carrasco-es-lunica-culpable-que-castello-tinga-un-govern-municipal-homofob-que-ataca-i-veta-a-col%c2%b7lectius-lgtbi\/","name":"\u201cBego\u00f1a Carrasco \u00e9s l'\u00fanica culpable que Castell\u00f3 tinga un govern municipal hom\u00f2fob que ataca i veta a col\u00b7lectius LGTBI\u201d - PSPV-PSOE CASTELL\u00d3","isPartOf":{"@id":"https:\/\/agrupacionespsoe.es\/castello\/#website"},"primaryImageOfPage":{"@id":"https:\/\/agrupacionespsoe.es\/castello\/va\/begona-carrasco-es-lunica-culpable-que-castello-tinga-un-govern-municipal-homofob-que-ataca-i-veta-a-col%c2%b7lectius-lgtbi\/#primaryimage"},"image":{"@id":"https:\/\/agrupacionespsoe.es\/castello\/va\/begona-carrasco-es-lunica-culpable-que-castello-tinga-un-govern-municipal-homofob-que-ataca-i-veta-a-col%c2%b7lectius-lgtbi\/#primaryimage"},"thumbnailUrl":"https:\/\/agrupacionespsoe.es\/castello\/wp-content\/uploads\/sites\/45\/2025\/06\/20250604-Begona-Carrasco-es-la-unica-culpable-de-que-Castello-tenga-un-gobierno-municipal-homofobo-que-ataca-y-veta-a-colectivos-LGTBI-scaled.jpg","datePublished":"2025-06-04T11:07:56+00:00","dateModified":"2025-06-04T11:07:57+00:00","breadcrumb":{"@id":"https:\/\/agrupacionespsoe.es\/castello\/va\/begona-carrasco-es-lunica-culpable-que-castello-tinga-un-govern-municipal-homofob-que-ataca-i-veta-a-col%c2%b7lectius-lgtbi\/#breadcrumb"},"inLanguage":"es","potentialAction":[{"@type":"ReadAction","target":["https:\/\/agrupacionespsoe.es\/castello\/va\/begona-carrasco-es-lunica-culpable-que-castello-tinga-un-govern-municipal-homofob-que-ataca-i-veta-a-col%c2%b7lectius-lgtbi\/"]}]},{"@type":"ImageObject","inLanguage":"es","@id":"https:\/\/agrupacionespsoe.es\/castello\/va\/begona-carrasco-es-lunica-culpable-que-castello-tinga-un-govern-municipal-homofob-que-ataca-i-veta-a-col%c2%b7lectius-lgtbi\/#primaryimage","url":"https:\/\/agrupacionespsoe.es\/castello\/wp-content\/uploads\/sites\/45\/2025\/06\/20250604-Begona-Carrasco-es-la-unica-culpable-de-que-Castello-tenga-un-gobierno-municipal-homofobo-que-ataca-y-veta-a-colectivos-LGTBI-scaled.jpg","contentUrl":"https:\/\/agrupacionespsoe.es\/castello\/wp-content\/uploads\/sites\/45\/2025\/06\/20250604-Begona-Carrasco-es-la-unica-culpable-de-que-Castello-tenga-un-gobierno-municipal-homofobo-que-ataca-y-veta-a-colectivos-LGTBI-scaled.jpg","width":2560,"height":1920},{"@type":"BreadcrumbList","@id":"https:\/\/agrupacionespsoe.es\/castello\/va\/begona-carrasco-es-lunica-culpable-que-castello-tinga-un-govern-municipal-homofob-que-ataca-i-veta-a-col%c2%b7lectius-lgtbi\/#breadcrumb","itemListElement":[{"@type":"ListItem","position":1,"name":"Portada","item":"https:\/\/agrupacionespsoe.es\/castello\/"},{"@type":"ListItem","position":2,"name":"\u201cBego\u00f1a Carrasco \u00e9s l&#8217;\u00fanica culpable que Castell\u00f3 tinga un govern municipal hom\u00f2fob que ataca i veta a col\u00b7lectius LGTBI\u201d"}]},{"@type":"WebSite","@id":"https:\/\/agrupacionespsoe.es\/castello\/#website","url":"https:\/\/agrupacionespsoe.es\/castello\/","name":"PSPV-PSOE CASTELL\u00d3","description":"PSPV-PSOE | Agrupaci\u00f3 de Castell\u00f3","publisher":{"@id":"https:\/\/agrupacionespsoe.es\/castello\/#organization"},"potentialAction":[{"@type":"SearchAction","target":{"@type":"EntryPoint","urlTemplate":"https:\/\/agrupacionespsoe.es\/castello\/?s={search_term_string}"},"query-input":{"@type":"PropertyValueSpecification","valueRequired":true,"valueName":"search_term_string"}}],"inLanguage":"es"},{"@type":"Organization","@id":"https:\/\/agrupacionespsoe.es\/castello\/#organization","name":"PSPV-PSOE Castell\u00f3","url":"https:\/\/agrupacionespsoe.es\/castello\/","logo":{"@type":"ImageObject","inLanguage":"es","@id":"https:\/\/agrupacionespsoe.es\/castello\/#\/schema\/logo\/image\/","url":"https:\/\/agrupacionespsoe.es\/castello\/wp-content\/uploads\/sites\/45\/2023\/04\/PORTADA-PSOE-CASTELLO.jpg","contentUrl":"https:\/\/agrupacionespsoe.es\/castello\/wp-content\/uploads\/sites\/45\/2023\/04\/PORTADA-PSOE-CASTELLO.jpg","width":2500,"height":2500,"caption":"PSPV-PSOE Castell\u00f3"},"image":{"@id":"https:\/\/agrupacionespsoe.es\/castello\/#\/schema\/logo\/image\/"},"sameAs":["https:\/\/www.facebook.com\/pspv.castellodelaplana","https:\/\/x.com\/pspv_cs","https:\/\/www.instagram.com\/pspvpsoecastello\/"]},{"@type":"Person","@id":"https:\/\/agrupacionespsoe.es\/castello\/#\/schema\/person\/f3bc5b2f9dc6a399e9e98596ae24a20a","name":"castello1","image":{"@type":"ImageObject","inLanguage":"es","@id":"https:\/\/agrupacionespsoe.es\/castello\/#\/schema\/person\/image\/","url":"https:\/\/secure.gravatar.com\/avatar\/5f1da428d6479d1127419c0b58796865?s=96&d=mm&r=g","contentUrl":"https:\/\/secure.gravatar.com\/avatar\/5f1da428d6479d1127419c0b58796865?s=96&d=mm&r=g","caption":"castello1"},"url":"https:\/\/agrupacionespsoe.es\/castello\/author\/castello1\/"}]}},"jetpack_publicize_connections":[],"jetpack_featured_media_url":"https:\/\/agrupacionespsoe.es\/castello\/wp-content\/uploads\/sites\/45\/2025\/06\/20250604-Begona-Carrasco-es-la-unica-culpable-de-que-Castello-tenga-un-gobierno-municipal-homofobo-que-ataca-y-veta-a-colectivos-LGTBI-scaled.jpg","jetpack_sharing_enabled":true,"_links":{"self":[{"href":"https:\/\/agrupacionespsoe.es\/castello\/wp-json\/wp\/v2\/posts\/8133","targetHints":{"allow":["GET"]}}],"collection":[{"href":"https:\/\/agrupacionespsoe.es\/castello\/wp-json\/wp\/v2\/posts"}],"about":[{"href":"https:\/\/agrupacionespsoe.es\/castello\/wp-json\/wp\/v2\/types\/post"}],"author":[{"embeddable":true,"href":"https:\/\/agrupacionespsoe.es\/castello\/wp-json\/wp\/v2\/users\/48"}],"replies":[{"embeddable":true,"href":"https:\/\/agrupacionespsoe.es\/castello\/wp-json\/wp\/v2\/comments?post=8133"}],"version-history":[{"count":2,"href":"https:\/\/agrupacionespsoe.es\/castello\/wp-json\/wp\/v2\/posts\/8133\/revisions"}],"predecessor-version":[{"id":8135,"href":"https:\/\/agrupacionespsoe.es\/castello\/wp-json\/wp\/v2\/posts\/8133\/revisions\/8135"}],"wp:featuredmedia":[{"embeddable":true,"href":"https:\/\/agrupacionespsoe.es\/castello\/wp-json\/wp\/v2\/media\/8126"}],"wp:attachment":[{"href":"https:\/\/agrupacionespsoe.es\/castello\/wp-json\/wp\/v2\/media?parent=8133"}],"wp:term":[{"taxonomy":"category","embeddable":true,"href":"https:\/\/agrupacionespsoe.es\/castello\/wp-json\/wp\/v2\/categories?post=8133"},{"taxonomy":"post_tag","embeddable":true,"href":"https:\/\/agrupacionespsoe.es\/castello\/wp-json\/wp\/v2\/tags?post=8133"}],"curies":[{"name":"wp","href":"https:\/\/api.w.org\/{rel}","templated":true}]}}