{"id":8063,"date":"2025-05-27T18:24:18","date_gmt":"2025-05-27T16:24:18","guid":{"rendered":"https:\/\/agrupacionespsoe.es\/castello\/?p=8063"},"modified":"2025-05-27T18:24:19","modified_gmt":"2025-05-27T16:24:19","slug":"cap-avio-antiincendis-operara-en-laerodrom-de-castello-durant-almenys-un-mes-per-les-obres-del-parquing-de-ferrandis-salvador","status":"publish","type":"post","link":"https:\/\/agrupacionespsoe.es\/castello\/va\/cap-avio-antiincendis-operara-en-laerodrom-de-castello-durant-almenys-un-mes-per-les-obres-del-parquing-de-ferrandis-salvador\/","title":{"rendered":"Cap avi\u00f3 antiincendis operar\u00e0 en l\u2019aer\u00f2drom de Castell\u00f3 durant almenys un mes per les obres del p\u00e0rquing de Ferrandis Salvador"},"content":{"rendered":"\n<ul class=\"wp-block-list\">\n<li><em><strong>La portaveu del Grup Municipal Socialista, Patricia Puerta, acusa l\u2019equip de govern de manipular les imatges gravades en la base d\u2019emerg\u00e8ncies i extinci\u00f3 d\u2019incendis<\/strong><\/em><\/li>\n<\/ul>\n\n\n\n<ul class=\"wp-block-list\">\n<li><em><strong>La falta de previsi\u00f3 de les obres del p\u00e0rquing inutilitza la zona de c\u00e0rrega dels avions<\/strong><\/em><\/li>\n<\/ul>\n\n\n\n<p>Cap avi\u00f3 antiincendis operar\u00e0 en l&#8217;aer\u00f2drom de Castell\u00f3 durant almenys un mes, com va denunciar el Grup Municipal Socialista de la capital la setmana passada i confirma personal d&#8217;emerg\u00e8ncies de la base.<\/p>\n\n\n\n<p>La falta de previsi\u00f3 de l&#8217;equip de govern municipal PP-Vox en la planificaci\u00f3 de les obres del p\u00e0rquing de Ferrandis Salvador ha deixat inoperatives les instal\u00b7lacions en plena campanya contra el foc, fet al qual se suma la recent manipulaci\u00f3 d&#8217;imatges del recinte per part del Partit Popular en un exercici d&#8217;evitar responsabilitats.<\/p>\n\n\n\n<p>Aix\u00ed, les obres en la base d&#8217;emerg\u00e8ncies i extinci\u00f3 d&#8217;incendis situada en l&#8217;aer\u00f2drom de Castell\u00f3 van comen\u00e7ar fa 15 dies. \u00c9s a dir, fa ja mig mes que la zona de c\u00e0rrega dels avions d&#8217;emerg\u00e8ncies es troba inoperativa, un fet que obliga a inutilitzar la base malgrat la pujada de les temperatures i el risc d&#8217;incendis.<\/p>\n\n\n\n<p>En aquesta base d&#8217;emerg\u00e8ncies han arribat a operar fins a 18 avions en incendis com l&#8217;ocorregut fa tres anys a Beg\u00eds. \u00abActualment, i en plena campanya contra incendis, cap avi\u00f3 pot operar des de la principal base a\u00e8ria contra incendis forestals de la Comunitat Valenciana per la p\u00e8ssima gesti\u00f3 del govern de <a href=\"https:\/\/agrupacionespsoe.es\/castello\/va\/tag\/begona-carrasco-va\/\">Bego\u00f1a Carrasco<\/a>\u00bb, en paraules de la portaveu socialista, <a href=\"https:\/\/agrupacionespsoe.es\/castello\/va\/tag\/patricia-puerta-va\/\">Patricia Puerta<\/a>.<\/p>\n\n\n\n<p>A m\u00e9s, Puerta ha acusat la tinenta d&#8217;alcaldia del Grau, <a href=\"https:\/\/agrupacionespsoe.es\/castello\/va\/tag\/esther-giner-va\/\">Esther Giner<\/a>, i al portaveu del govern municipal, <a href=\"https:\/\/agrupacionespsoe.es\/castello\/va\/tag\/vicent-sales-va\/\">Vicent Sales<\/a>, de \u00abtractar de manipular la realitat gravant un v\u00eddeo en la zona oposada de l&#8217;aeroclub d&#8217;on es troba la base d&#8217;emerg\u00e8ncies\u00bb.<\/p>\n\n\n\n<p>De fet, el propi personal d&#8217;emerg\u00e8ncies del recinte ha compartit en xarxes socials les imatges actuals de la base, que confirmen que l&#8217;alcaldessa ha prioritzat la construcci\u00f3 d&#8217;un p\u00e0rquing per a anar a la platja abans que la seguretat de la poblaci\u00f3 de tota la prov\u00edncia.<\/p>\n\n\n\n<p>\u00abPer qu\u00e8 no mostren les imatges actuals de la base? Molt senzill, perqu\u00e8 aleshores haurien de recon\u00e8ixer que la base est\u00e0 inoperativa\u00bb, ha defensat la portaveu socialista.<\/p>\n\n\n\n<p>En data d&#8217;avui ha comen\u00e7at l&#8217;asfaltat de la zona de c\u00e0rrega i estacionament dels avions que, al mateix temps, dona acc\u00e9s a la pista central. Quan els operaris acaben amb aquest asfaltat traslladaran tots els dip\u00f2sits de combustible i les casetes de descans de les tripulacions.<\/p>\n\n\n\n<p>\u00ab\u00c9s a dir, que en el millor dels casos i en plena campanya contra incendis, la base d&#8217;emerg\u00e8ncies estar\u00e0 inoperativa m\u00e9s d&#8217;un mes\u00bb, segons Puerta. La proposta del Grup Municipal Socialista, \u00abdavant tal irresponsabilitat\u00bb, \u00e9s que acaben d&#8217;asfaltar la zona de c\u00e0rrega i estacionament dels avions d&#8217;emerg\u00e8ncies i que no traslladen els dip\u00f2sits i les casetes fins que finalitze la campanya contra incendis, de manera que la base d&#8217;emerg\u00e8ncies torne a estar operativa com m\u00e9s aviat millor.<\/p>\n","protected":false},"excerpt":{"rendered":"<p>Cap avi\u00f3 antiincendis operar\u00e0 en l&#8217;aer\u00f2drom de Castell\u00f3 durant almenys un mes, com va denunciar el Grup Municipal Socialista de la capital la setmana passada i confirma personal d&#8217;emerg\u00e8ncies de la base. La falta de previsi\u00f3 de l&#8217;equip de govern municipal PP-Vox en la planificaci\u00f3 de les obres del p\u00e0rquing de Ferrandis Salvador ha deixat &#8230;<\/p>\n","protected":false},"author":48,"featured_media":8059,"comment_status":"open","ping_status":"open","sticky":false,"template":"","format":"standard","meta":{"_jetpack_memberships_contains_paid_content":false,"footnotes":"","jetpack_publicize_message":"","jetpack_publicize_feature_enabled":true,"jetpack_social_post_already_shared":false,"jetpack_social_options":{"image_generator_settings":{"template":"highway","default_image_id":0,"font":"","enabled":false},"version":2}},"categories":[22],"tags":[97,741,776,101,83,446,780],"class_list":["post-8063","post","type-post","status-publish","format-standard","has-post-thumbnail","hentry","category-gms-va","tag-anun-lainez-va","tag-begona-carrasco-va","tag-esther-giner-va","tag-mary-carmen-ribera-va","tag-patricia-puerta-va","tag-todos-va","tag-vicent-sales-va"],"yoast_head":"<!-- This site is optimized with the Yoast SEO plugin v24.0 - https:\/\/yoast.com\/wordpress\/plugins\/seo\/ -->\n<title>Cap avi\u00f3 antiincendis operar\u00e0 en l\u2019aer\u00f2drom de Castell\u00f3 durant almenys un mes per les obres del p\u00e0rquing de Ferrandis Salvador - PSPV-PSOE CASTELL\u00d3<\/title>\n<meta name=\"robots\" content=\"index, follow, max-snippet:-1, max-image-preview:large, max-video-preview:-1\" \/>\n<link rel=\"canonical\" href=\"https:\/\/agrupacionespsoe.es\/castello\/va\/cap-avio-antiincendis-operara-en-laerodrom-de-castello-durant-almenys-un-mes-per-les-obres-del-parquing-de-ferrandis-salvador\/\" \/>\n<meta property=\"og:locale\" content=\"es_ES\" \/>\n<meta property=\"og:type\" content=\"article\" \/>\n<meta property=\"og:title\" content=\"Cap avi\u00f3 antiincendis operar\u00e0 en l\u2019aer\u00f2drom de Castell\u00f3 durant almenys un mes per les obres del p\u00e0rquing de Ferrandis Salvador - PSPV-PSOE CASTELL\u00d3\" \/>\n<meta property=\"og:description\" content=\"Cap avi\u00f3 antiincendis operar\u00e0 en l&#8217;aer\u00f2drom de Castell\u00f3 durant almenys un mes, com va denunciar el Grup Municipal Socialista de la capital la setmana passada i confirma personal d&#8217;emerg\u00e8ncies de la base. La falta de previsi\u00f3 de l&#8217;equip de govern municipal PP-Vox en la planificaci\u00f3 de les obres del p\u00e0rquing de Ferrandis Salvador ha deixat ...\" \/>\n<meta property=\"og:url\" content=\"https:\/\/agrupacionespsoe.es\/castello\/va\/cap-avio-antiincendis-operara-en-laerodrom-de-castello-durant-almenys-un-mes-per-les-obres-del-parquing-de-ferrandis-salvador\/\" \/>\n<meta property=\"og:site_name\" content=\"PSPV-PSOE CASTELL\u00d3\" \/>\n<meta property=\"article:publisher\" content=\"https:\/\/www.facebook.com\/pspv.castellodelaplana\" \/>\n<meta property=\"article:published_time\" content=\"2025-05-27T16:24:18+00:00\" \/>\n<meta property=\"article:modified_time\" content=\"2025-05-27T16:24:19+00:00\" \/>\n<meta property=\"og:image\" content=\"https:\/\/agrupacionespsoe.es\/castello\/wp-content\/uploads\/sites\/45\/2025\/05\/20250527-Ningun-avion-antiincendios-operara-en-el-aerodromo-de-Castello-durante-al-menos-un-mes-por-las-obras-del-parking-de-Ferrandis-Salvador-scaled.jpg\" \/>\n\t<meta property=\"og:image:width\" content=\"2560\" \/>\n\t<meta property=\"og:image:height\" content=\"1920\" \/>\n\t<meta property=\"og:image:type\" content=\"image\/jpeg\" \/>\n<meta name=\"author\" content=\"castello1\" \/>\n<meta name=\"twitter:card\" content=\"summary_large_image\" \/>\n<meta name=\"twitter:creator\" content=\"@pspv_cs\" \/>\n<meta name=\"twitter:site\" content=\"@pspv_cs\" \/>\n<meta name=\"twitter:label1\" content=\"Escrito por\" \/>\n\t<meta name=\"twitter:data1\" content=\"castello1\" \/>\n\t<meta name=\"twitter:label2\" content=\"Tiempo de lectura\" \/>\n\t<meta name=\"twitter:data2\" content=\"3 minutos\" \/>\n<script type=\"application\/ld+json\" class=\"yoast-schema-graph\">{\"@context\":\"https:\/\/schema.org\",\"@graph\":[{\"@type\":\"Article\",\"@id\":\"https:\/\/agrupacionespsoe.es\/castello\/va\/cap-avio-antiincendis-operara-en-laerodrom-de-castello-durant-almenys-un-mes-per-les-obres-del-parquing-de-ferrandis-salvador\/#article\",\"isPartOf\":{\"@id\":\"https:\/\/agrupacionespsoe.es\/castello\/va\/cap-avio-antiincendis-operara-en-laerodrom-de-castello-durant-almenys-un-mes-per-les-obres-del-parquing-de-ferrandis-salvador\/\"},\"author\":{\"name\":\"castello1\",\"@id\":\"https:\/\/agrupacionespsoe.es\/castello\/#\/schema\/person\/f3bc5b2f9dc6a399e9e98596ae24a20a\"},\"headline\":\"Cap avi\u00f3 antiincendis operar\u00e0 en l\u2019aer\u00f2drom de Castell\u00f3 durant almenys un mes per les obres del p\u00e0rquing de Ferrandis Salvador\",\"datePublished\":\"2025-05-27T16:24:18+00:00\",\"dateModified\":\"2025-05-27T16:24:19+00:00\",\"mainEntityOfPage\":{\"@id\":\"https:\/\/agrupacionespsoe.es\/castello\/va\/cap-avio-antiincendis-operara-en-laerodrom-de-castello-durant-almenys-un-mes-per-les-obres-del-parquing-de-ferrandis-salvador\/\"},\"wordCount\":539,\"commentCount\":0,\"publisher\":{\"@id\":\"https:\/\/agrupacionespsoe.es\/castello\/#organization\"},\"image\":{\"@id\":\"https:\/\/agrupacionespsoe.es\/castello\/va\/cap-avio-antiincendis-operara-en-laerodrom-de-castello-durant-almenys-un-mes-per-les-obres-del-parquing-de-ferrandis-salvador\/#primaryimage\"},\"thumbnailUrl\":\"https:\/\/agrupacionespsoe.es\/castello\/wp-content\/uploads\/sites\/45\/2025\/05\/20250527-Ningun-avion-antiincendios-operara-en-el-aerodromo-de-Castello-durante-al-menos-un-mes-por-las-obras-del-parking-de-Ferrandis-Salvador-scaled.jpg\",\"keywords\":[\"Anun L\u00e1inez\",\"Bego\u00f1a Carrasco\",\"Esther Giner\",\"Mary Carmen Ribera\",\"Patricia Puerta\",\"Todos\",\"Vicent Sales\"],\"articleSection\":[\"Grup Municipal Socialista\"],\"inLanguage\":\"es\",\"potentialAction\":[{\"@type\":\"CommentAction\",\"name\":\"Comment\",\"target\":[\"https:\/\/agrupacionespsoe.es\/castello\/va\/cap-avio-antiincendis-operara-en-laerodrom-de-castello-durant-almenys-un-mes-per-les-obres-del-parquing-de-ferrandis-salvador\/#respond\"]}]},{\"@type\":\"WebPage\",\"@id\":\"https:\/\/agrupacionespsoe.es\/castello\/va\/cap-avio-antiincendis-operara-en-laerodrom-de-castello-durant-almenys-un-mes-per-les-obres-del-parquing-de-ferrandis-salvador\/\",\"url\":\"https:\/\/agrupacionespsoe.es\/castello\/va\/cap-avio-antiincendis-operara-en-laerodrom-de-castello-durant-almenys-un-mes-per-les-obres-del-parquing-de-ferrandis-salvador\/\",\"name\":\"Cap avi\u00f3 antiincendis operar\u00e0 en l\u2019aer\u00f2drom de Castell\u00f3 durant almenys un mes per les obres del p\u00e0rquing de Ferrandis Salvador - PSPV-PSOE CASTELL\u00d3\",\"isPartOf\":{\"@id\":\"https:\/\/agrupacionespsoe.es\/castello\/#website\"},\"primaryImageOfPage\":{\"@id\":\"https:\/\/agrupacionespsoe.es\/castello\/va\/cap-avio-antiincendis-operara-en-laerodrom-de-castello-durant-almenys-un-mes-per-les-obres-del-parquing-de-ferrandis-salvador\/#primaryimage\"},\"image\":{\"@id\":\"https:\/\/agrupacionespsoe.es\/castello\/va\/cap-avio-antiincendis-operara-en-laerodrom-de-castello-durant-almenys-un-mes-per-les-obres-del-parquing-de-ferrandis-salvador\/#primaryimage\"},\"thumbnailUrl\":\"https:\/\/agrupacionespsoe.es\/castello\/wp-content\/uploads\/sites\/45\/2025\/05\/20250527-Ningun-avion-antiincendios-operara-en-el-aerodromo-de-Castello-durante-al-menos-un-mes-por-las-obras-del-parking-de-Ferrandis-Salvador-scaled.jpg\",\"datePublished\":\"2025-05-27T16:24:18+00:00\",\"dateModified\":\"2025-05-27T16:24:19+00:00\",\"breadcrumb\":{\"@id\":\"https:\/\/agrupacionespsoe.es\/castello\/va\/cap-avio-antiincendis-operara-en-laerodrom-de-castello-durant-almenys-un-mes-per-les-obres-del-parquing-de-ferrandis-salvador\/#breadcrumb\"},\"inLanguage\":\"es\",\"potentialAction\":[{\"@type\":\"ReadAction\",\"target\":[\"https:\/\/agrupacionespsoe.es\/castello\/va\/cap-avio-antiincendis-operara-en-laerodrom-de-castello-durant-almenys-un-mes-per-les-obres-del-parquing-de-ferrandis-salvador\/\"]}]},{\"@type\":\"ImageObject\",\"inLanguage\":\"es\",\"@id\":\"https:\/\/agrupacionespsoe.es\/castello\/va\/cap-avio-antiincendis-operara-en-laerodrom-de-castello-durant-almenys-un-mes-per-les-obres-del-parquing-de-ferrandis-salvador\/#primaryimage\",\"url\":\"https:\/\/agrupacionespsoe.es\/castello\/wp-content\/uploads\/sites\/45\/2025\/05\/20250527-Ningun-avion-antiincendios-operara-en-el-aerodromo-de-Castello-durante-al-menos-un-mes-por-las-obras-del-parking-de-Ferrandis-Salvador-scaled.jpg\",\"contentUrl\":\"https:\/\/agrupacionespsoe.es\/castello\/wp-content\/uploads\/sites\/45\/2025\/05\/20250527-Ningun-avion-antiincendios-operara-en-el-aerodromo-de-Castello-durante-al-menos-un-mes-por-las-obras-del-parking-de-Ferrandis-Salvador-scaled.jpg\",\"width\":2560,\"height\":1920},{\"@type\":\"BreadcrumbList\",\"@id\":\"https:\/\/agrupacionespsoe.es\/castello\/va\/cap-avio-antiincendis-operara-en-laerodrom-de-castello-durant-almenys-un-mes-per-les-obres-del-parquing-de-ferrandis-salvador\/#breadcrumb\",\"itemListElement\":[{\"@type\":\"ListItem\",\"position\":1,\"name\":\"Portada\",\"item\":\"https:\/\/agrupacionespsoe.es\/castello\/\"},{\"@type\":\"ListItem\",\"position\":2,\"name\":\"Cap avi\u00f3 antiincendis operar\u00e0 en l\u2019aer\u00f2drom de Castell\u00f3 durant almenys un mes per les obres del p\u00e0rquing de Ferrandis Salvador\"}]},{\"@type\":\"WebSite\",\"@id\":\"https:\/\/agrupacionespsoe.es\/castello\/#website\",\"url\":\"https:\/\/agrupacionespsoe.es\/castello\/\",\"name\":\"PSPV-PSOE CASTELL\u00d3\",\"description\":\"PSPV-PSOE | Agrupaci\u00f3 de Castell\u00f3\",\"publisher\":{\"@id\":\"https:\/\/agrupacionespsoe.es\/castello\/#organization\"},\"potentialAction\":[{\"@type\":\"SearchAction\",\"target\":{\"@type\":\"EntryPoint\",\"urlTemplate\":\"https:\/\/agrupacionespsoe.es\/castello\/?s={search_term_string}\"},\"query-input\":{\"@type\":\"PropertyValueSpecification\",\"valueRequired\":true,\"valueName\":\"search_term_string\"}}],\"inLanguage\":\"es\"},{\"@type\":\"Organization\",\"@id\":\"https:\/\/agrupacionespsoe.es\/castello\/#organization\",\"name\":\"PSPV-PSOE Castell\u00f3\",\"url\":\"https:\/\/agrupacionespsoe.es\/castello\/\",\"logo\":{\"@type\":\"ImageObject\",\"inLanguage\":\"es\",\"@id\":\"https:\/\/agrupacionespsoe.es\/castello\/#\/schema\/logo\/image\/\",\"url\":\"https:\/\/agrupacionespsoe.es\/castello\/wp-content\/uploads\/sites\/45\/2023\/04\/PORTADA-PSOE-CASTELLO.jpg\",\"contentUrl\":\"https:\/\/agrupacionespsoe.es\/castello\/wp-content\/uploads\/sites\/45\/2023\/04\/PORTADA-PSOE-CASTELLO.jpg\",\"width\":2500,\"height\":2500,\"caption\":\"PSPV-PSOE Castell\u00f3\"},\"image\":{\"@id\":\"https:\/\/agrupacionespsoe.es\/castello\/#\/schema\/logo\/image\/\"},\"sameAs\":[\"https:\/\/www.facebook.com\/pspv.castellodelaplana\",\"https:\/\/x.com\/pspv_cs\",\"https:\/\/www.instagram.com\/pspvpsoecastello\/\"]},{\"@type\":\"Person\",\"@id\":\"https:\/\/agrupacionespsoe.es\/castello\/#\/schema\/person\/f3bc5b2f9dc6a399e9e98596ae24a20a\",\"name\":\"castello1\",\"image\":{\"@type\":\"ImageObject\",\"inLanguage\":\"es\",\"@id\":\"https:\/\/agrupacionespsoe.es\/castello\/#\/schema\/person\/image\/\",\"url\":\"https:\/\/secure.gravatar.com\/avatar\/5f1da428d6479d1127419c0b58796865?s=96&d=mm&r=g\",\"contentUrl\":\"https:\/\/secure.gravatar.com\/avatar\/5f1da428d6479d1127419c0b58796865?s=96&d=mm&r=g\",\"caption\":\"castello1\"},\"url\":\"https:\/\/agrupacionespsoe.es\/castello\/author\/castello1\/\"}]}<\/script>\n<!-- \/ Yoast SEO plugin. -->","yoast_head_json":{"title":"Cap avi\u00f3 antiincendis operar\u00e0 en l\u2019aer\u00f2drom de Castell\u00f3 durant almenys un mes per les obres del p\u00e0rquing de Ferrandis Salvador - PSPV-PSOE CASTELL\u00d3","robots":{"index":"index","follow":"follow","max-snippet":"max-snippet:-1","max-image-preview":"max-image-preview:large","max-video-preview":"max-video-preview:-1"},"canonical":"https:\/\/agrupacionespsoe.es\/castello\/va\/cap-avio-antiincendis-operara-en-laerodrom-de-castello-durant-almenys-un-mes-per-les-obres-del-parquing-de-ferrandis-salvador\/","og_locale":"es_ES","og_type":"article","og_title":"Cap avi\u00f3 antiincendis operar\u00e0 en l\u2019aer\u00f2drom de Castell\u00f3 durant almenys un mes per les obres del p\u00e0rquing de Ferrandis Salvador - PSPV-PSOE CASTELL\u00d3","og_description":"Cap avi\u00f3 antiincendis operar\u00e0 en l&#8217;aer\u00f2drom de Castell\u00f3 durant almenys un mes, com va denunciar el Grup Municipal Socialista de la capital la setmana passada i confirma personal d&#8217;emerg\u00e8ncies de la base. La falta de previsi\u00f3 de l&#8217;equip de govern municipal PP-Vox en la planificaci\u00f3 de les obres del p\u00e0rquing de Ferrandis Salvador ha deixat ...","og_url":"https:\/\/agrupacionespsoe.es\/castello\/va\/cap-avio-antiincendis-operara-en-laerodrom-de-castello-durant-almenys-un-mes-per-les-obres-del-parquing-de-ferrandis-salvador\/","og_site_name":"PSPV-PSOE CASTELL\u00d3","article_publisher":"https:\/\/www.facebook.com\/pspv.castellodelaplana","article_published_time":"2025-05-27T16:24:18+00:00","article_modified_time":"2025-05-27T16:24:19+00:00","og_image":[{"width":2560,"height":1920,"url":"https:\/\/agrupacionespsoe.es\/castello\/wp-content\/uploads\/sites\/45\/2025\/05\/20250527-Ningun-avion-antiincendios-operara-en-el-aerodromo-de-Castello-durante-al-menos-un-mes-por-las-obras-del-parking-de-Ferrandis-Salvador-scaled.jpg","type":"image\/jpeg"}],"author":"castello1","twitter_card":"summary_large_image","twitter_creator":"@pspv_cs","twitter_site":"@pspv_cs","twitter_misc":{"Escrito por":"castello1","Tiempo de lectura":"3 minutos"},"schema":{"@context":"https:\/\/schema.org","@graph":[{"@type":"Article","@id":"https:\/\/agrupacionespsoe.es\/castello\/va\/cap-avio-antiincendis-operara-en-laerodrom-de-castello-durant-almenys-un-mes-per-les-obres-del-parquing-de-ferrandis-salvador\/#article","isPartOf":{"@id":"https:\/\/agrupacionespsoe.es\/castello\/va\/cap-avio-antiincendis-operara-en-laerodrom-de-castello-durant-almenys-un-mes-per-les-obres-del-parquing-de-ferrandis-salvador\/"},"author":{"name":"castello1","@id":"https:\/\/agrupacionespsoe.es\/castello\/#\/schema\/person\/f3bc5b2f9dc6a399e9e98596ae24a20a"},"headline":"Cap avi\u00f3 antiincendis operar\u00e0 en l\u2019aer\u00f2drom de Castell\u00f3 durant almenys un mes per les obres del p\u00e0rquing de Ferrandis Salvador","datePublished":"2025-05-27T16:24:18+00:00","dateModified":"2025-05-27T16:24:19+00:00","mainEntityOfPage":{"@id":"https:\/\/agrupacionespsoe.es\/castello\/va\/cap-avio-antiincendis-operara-en-laerodrom-de-castello-durant-almenys-un-mes-per-les-obres-del-parquing-de-ferrandis-salvador\/"},"wordCount":539,"commentCount":0,"publisher":{"@id":"https:\/\/agrupacionespsoe.es\/castello\/#organization"},"image":{"@id":"https:\/\/agrupacionespsoe.es\/castello\/va\/cap-avio-antiincendis-operara-en-laerodrom-de-castello-durant-almenys-un-mes-per-les-obres-del-parquing-de-ferrandis-salvador\/#primaryimage"},"thumbnailUrl":"https:\/\/agrupacionespsoe.es\/castello\/wp-content\/uploads\/sites\/45\/2025\/05\/20250527-Ningun-avion-antiincendios-operara-en-el-aerodromo-de-Castello-durante-al-menos-un-mes-por-las-obras-del-parking-de-Ferrandis-Salvador-scaled.jpg","keywords":["Anun L\u00e1inez","Bego\u00f1a Carrasco","Esther Giner","Mary Carmen Ribera","Patricia Puerta","Todos","Vicent Sales"],"articleSection":["Grup Municipal Socialista"],"inLanguage":"es","potentialAction":[{"@type":"CommentAction","name":"Comment","target":["https:\/\/agrupacionespsoe.es\/castello\/va\/cap-avio-antiincendis-operara-en-laerodrom-de-castello-durant-almenys-un-mes-per-les-obres-del-parquing-de-ferrandis-salvador\/#respond"]}]},{"@type":"WebPage","@id":"https:\/\/agrupacionespsoe.es\/castello\/va\/cap-avio-antiincendis-operara-en-laerodrom-de-castello-durant-almenys-un-mes-per-les-obres-del-parquing-de-ferrandis-salvador\/","url":"https:\/\/agrupacionespsoe.es\/castello\/va\/cap-avio-antiincendis-operara-en-laerodrom-de-castello-durant-almenys-un-mes-per-les-obres-del-parquing-de-ferrandis-salvador\/","name":"Cap avi\u00f3 antiincendis operar\u00e0 en l\u2019aer\u00f2drom de Castell\u00f3 durant almenys un mes per les obres del p\u00e0rquing de Ferrandis Salvador - PSPV-PSOE CASTELL\u00d3","isPartOf":{"@id":"https:\/\/agrupacionespsoe.es\/castello\/#website"},"primaryImageOfPage":{"@id":"https:\/\/agrupacionespsoe.es\/castello\/va\/cap-avio-antiincendis-operara-en-laerodrom-de-castello-durant-almenys-un-mes-per-les-obres-del-parquing-de-ferrandis-salvador\/#primaryimage"},"image":{"@id":"https:\/\/agrupacionespsoe.es\/castello\/va\/cap-avio-antiincendis-operara-en-laerodrom-de-castello-durant-almenys-un-mes-per-les-obres-del-parquing-de-ferrandis-salvador\/#primaryimage"},"thumbnailUrl":"https:\/\/agrupacionespsoe.es\/castello\/wp-content\/uploads\/sites\/45\/2025\/05\/20250527-Ningun-avion-antiincendios-operara-en-el-aerodromo-de-Castello-durante-al-menos-un-mes-por-las-obras-del-parking-de-Ferrandis-Salvador-scaled.jpg","datePublished":"2025-05-27T16:24:18+00:00","dateModified":"2025-05-27T16:24:19+00:00","breadcrumb":{"@id":"https:\/\/agrupacionespsoe.es\/castello\/va\/cap-avio-antiincendis-operara-en-laerodrom-de-castello-durant-almenys-un-mes-per-les-obres-del-parquing-de-ferrandis-salvador\/#breadcrumb"},"inLanguage":"es","potentialAction":[{"@type":"ReadAction","target":["https:\/\/agrupacionespsoe.es\/castello\/va\/cap-avio-antiincendis-operara-en-laerodrom-de-castello-durant-almenys-un-mes-per-les-obres-del-parquing-de-ferrandis-salvador\/"]}]},{"@type":"ImageObject","inLanguage":"es","@id":"https:\/\/agrupacionespsoe.es\/castello\/va\/cap-avio-antiincendis-operara-en-laerodrom-de-castello-durant-almenys-un-mes-per-les-obres-del-parquing-de-ferrandis-salvador\/#primaryimage","url":"https:\/\/agrupacionespsoe.es\/castello\/wp-content\/uploads\/sites\/45\/2025\/05\/20250527-Ningun-avion-antiincendios-operara-en-el-aerodromo-de-Castello-durante-al-menos-un-mes-por-las-obras-del-parking-de-Ferrandis-Salvador-scaled.jpg","contentUrl":"https:\/\/agrupacionespsoe.es\/castello\/wp-content\/uploads\/sites\/45\/2025\/05\/20250527-Ningun-avion-antiincendios-operara-en-el-aerodromo-de-Castello-durante-al-menos-un-mes-por-las-obras-del-parking-de-Ferrandis-Salvador-scaled.jpg","width":2560,"height":1920},{"@type":"BreadcrumbList","@id":"https:\/\/agrupacionespsoe.es\/castello\/va\/cap-avio-antiincendis-operara-en-laerodrom-de-castello-durant-almenys-un-mes-per-les-obres-del-parquing-de-ferrandis-salvador\/#breadcrumb","itemListElement":[{"@type":"ListItem","position":1,"name":"Portada","item":"https:\/\/agrupacionespsoe.es\/castello\/"},{"@type":"ListItem","position":2,"name":"Cap avi\u00f3 antiincendis operar\u00e0 en l\u2019aer\u00f2drom de Castell\u00f3 durant almenys un mes per les obres del p\u00e0rquing de Ferrandis Salvador"}]},{"@type":"WebSite","@id":"https:\/\/agrupacionespsoe.es\/castello\/#website","url":"https:\/\/agrupacionespsoe.es\/castello\/","name":"PSPV-PSOE CASTELL\u00d3","description":"PSPV-PSOE | Agrupaci\u00f3 de Castell\u00f3","publisher":{"@id":"https:\/\/agrupacionespsoe.es\/castello\/#organization"},"potentialAction":[{"@type":"SearchAction","target":{"@type":"EntryPoint","urlTemplate":"https:\/\/agrupacionespsoe.es\/castello\/?s={search_term_string}"},"query-input":{"@type":"PropertyValueSpecification","valueRequired":true,"valueName":"search_term_string"}}],"inLanguage":"es"},{"@type":"Organization","@id":"https:\/\/agrupacionespsoe.es\/castello\/#organization","name":"PSPV-PSOE Castell\u00f3","url":"https:\/\/agrupacionespsoe.es\/castello\/","logo":{"@type":"ImageObject","inLanguage":"es","@id":"https:\/\/agrupacionespsoe.es\/castello\/#\/schema\/logo\/image\/","url":"https:\/\/agrupacionespsoe.es\/castello\/wp-content\/uploads\/sites\/45\/2023\/04\/PORTADA-PSOE-CASTELLO.jpg","contentUrl":"https:\/\/agrupacionespsoe.es\/castello\/wp-content\/uploads\/sites\/45\/2023\/04\/PORTADA-PSOE-CASTELLO.jpg","width":2500,"height":2500,"caption":"PSPV-PSOE Castell\u00f3"},"image":{"@id":"https:\/\/agrupacionespsoe.es\/castello\/#\/schema\/logo\/image\/"},"sameAs":["https:\/\/www.facebook.com\/pspv.castellodelaplana","https:\/\/x.com\/pspv_cs","https:\/\/www.instagram.com\/pspvpsoecastello\/"]},{"@type":"Person","@id":"https:\/\/agrupacionespsoe.es\/castello\/#\/schema\/person\/f3bc5b2f9dc6a399e9e98596ae24a20a","name":"castello1","image":{"@type":"ImageObject","inLanguage":"es","@id":"https:\/\/agrupacionespsoe.es\/castello\/#\/schema\/person\/image\/","url":"https:\/\/secure.gravatar.com\/avatar\/5f1da428d6479d1127419c0b58796865?s=96&d=mm&r=g","contentUrl":"https:\/\/secure.gravatar.com\/avatar\/5f1da428d6479d1127419c0b58796865?s=96&d=mm&r=g","caption":"castello1"},"url":"https:\/\/agrupacionespsoe.es\/castello\/author\/castello1\/"}]}},"jetpack_publicize_connections":[],"jetpack_featured_media_url":"https:\/\/agrupacionespsoe.es\/castello\/wp-content\/uploads\/sites\/45\/2025\/05\/20250527-Ningun-avion-antiincendios-operara-en-el-aerodromo-de-Castello-durante-al-menos-un-mes-por-las-obras-del-parking-de-Ferrandis-Salvador-scaled.jpg","jetpack_sharing_enabled":true,"_links":{"self":[{"href":"https:\/\/agrupacionespsoe.es\/castello\/wp-json\/wp\/v2\/posts\/8063","targetHints":{"allow":["GET"]}}],"collection":[{"href":"https:\/\/agrupacionespsoe.es\/castello\/wp-json\/wp\/v2\/posts"}],"about":[{"href":"https:\/\/agrupacionespsoe.es\/castello\/wp-json\/wp\/v2\/types\/post"}],"author":[{"embeddable":true,"href":"https:\/\/agrupacionespsoe.es\/castello\/wp-json\/wp\/v2\/users\/48"}],"replies":[{"embeddable":true,"href":"https:\/\/agrupacionespsoe.es\/castello\/wp-json\/wp\/v2\/comments?post=8063"}],"version-history":[{"count":2,"href":"https:\/\/agrupacionespsoe.es\/castello\/wp-json\/wp\/v2\/posts\/8063\/revisions"}],"predecessor-version":[{"id":8065,"href":"https:\/\/agrupacionespsoe.es\/castello\/wp-json\/wp\/v2\/posts\/8063\/revisions\/8065"}],"wp:featuredmedia":[{"embeddable":true,"href":"https:\/\/agrupacionespsoe.es\/castello\/wp-json\/wp\/v2\/media\/8059"}],"wp:attachment":[{"href":"https:\/\/agrupacionespsoe.es\/castello\/wp-json\/wp\/v2\/media?parent=8063"}],"wp:term":[{"taxonomy":"category","embeddable":true,"href":"https:\/\/agrupacionespsoe.es\/castello\/wp-json\/wp\/v2\/categories?post=8063"},{"taxonomy":"post_tag","embeddable":true,"href":"https:\/\/agrupacionespsoe.es\/castello\/wp-json\/wp\/v2\/tags?post=8063"}],"curies":[{"name":"wp","href":"https:\/\/api.w.org\/{rel}","templated":true}]}}