{"id":8058,"date":"2025-05-27T18:22:15","date_gmt":"2025-05-27T16:22:15","guid":{"rendered":"https:\/\/agrupacionespsoe.es\/castello\/?p=8058"},"modified":"2025-05-27T18:22:37","modified_gmt":"2025-05-27T16:22:37","slug":"ningun-avion-antiincendios-operara-en-el-aerodromo-de-castello-durante-al-menos-un-mes-por-las-obras-del-parking-de-ferrandis-salvador","status":"publish","type":"post","link":"https:\/\/agrupacionespsoe.es\/castello\/ningun-avion-antiincendios-operara-en-el-aerodromo-de-castello-durante-al-menos-un-mes-por-las-obras-del-parking-de-ferrandis-salvador\/","title":{"rendered":"Ning\u00fan avi\u00f3n antiincendios operar\u00e1 en el\u00a0aer\u00f3dromo de Castell\u00f3 durante al menos\u00a0un mes\u00a0por las obras del parking de Ferrandis Salvador"},"content":{"rendered":"\n<ul class=\"wp-block-list\">\n<li><em><strong>La portavoz del Grupo Municipal Socialista, Patricia Puerta, acusa al equipo de gobierno de manipular las im\u00e1genes grabadas en la base de emergencias y extinci\u00f3n de incendios<\/strong><\/em><\/li>\n<\/ul>\n\n\n\n<ul class=\"wp-block-list\">\n<li><em><strong>La falta de previsi\u00f3n de las obras del parking inutiliza la zona de carga de los aviones<\/strong><\/em><\/li>\n<\/ul>\n\n\n\n<p>Ning\u00fan avi\u00f3n antiincendios operar\u00e1 en el aer\u00f3dromo de Castell\u00f3 durante al menos un mes, como denunci\u00f3 el Grupo Municipal Socialista de la capital la semana pasada y confirma personal de emergencias de la base.<\/p>\n\n\n\n<p>La falta de previsi\u00f3n del equipo de gobierno municipal PP-Vox en la planificaci\u00f3n de las obras del parking de Ferrandis Salvador ha dejado inoperativas las instalaciones en plena campa\u00f1a contra el fuego, hecho al que se suma la reciente manipulaci\u00f3n de im\u00e1genes del recinto por parte del Partido Popular en un ejercicio de evitar responsabilidades.<\/p>\n\n\n\n<p>As\u00ed, las obras en la base de emergencias y extinci\u00f3n de incendios ubicada en el aer\u00f3dromo de Castell\u00f3 comenzaron hace 15 d\u00edas. Es decir, hace ya medio mes que la zona de carga de los aviones de emergencias se encuentra inoperativa, un hecho que obliga a inutilizar la base a pesar de la subida de las temperaturas y el riesgo de incendios.<\/p>\n\n\n\n<p>En esta base de emergencias han llegado a operar hasta 18 aviones en incendios como el ocurrido hace tres a\u00f1os en Bej\u00eds. \u00abActualmente, y en plena campa\u00f1a contra incendios, ning\u00fan avi\u00f3n puede operar desde la principal base a\u00e9rea contra incendios forestales de la Comunitat Valenciana por la p\u00e9sima gesti\u00f3n del gobierno de <a href=\"https:\/\/agrupacionespsoe.es\/castello\/tag\/begona-carrasco\/\">Bego\u00f1a Carrasco<\/a>\u00bb, en palabras de la portavoz socialista, <a href=\"https:\/\/agrupacionespsoe.es\/castello\/tag\/patricia-puerta\/\">Patricia Puerta<\/a>.<\/p>\n\n\n\n<p>Adem\u00e1s, Puerta ha acusado a la teniente de alcald\u00eda del Grau, <a href=\"https:\/\/agrupacionespsoe.es\/castello\/tag\/esther-giner\/\">Esther Giner<\/a>, y al portavoz del gobierno municipal, <a href=\"https:\/\/agrupacionespsoe.es\/castello\/tag\/vicent-sales\/\">Vicent Sales<\/a>, de \u00abtratar de manipular la realidad grabando un v\u00eddeo en la zona opuesta del aeroclub de donde se encuentra la base de emergencias\u00bb.<\/p>\n\n\n\n<p>De hecho, el propio personal de emergencias del recinto ha compartido en redes sociales las im\u00e1genes actuales de la base, que confirman que la alcaldesa ha priorizado la construcci\u00f3n de un parking para ir a la playa antes que la seguridad de la poblaci\u00f3n de toda la provincia.<\/p>\n\n\n\n<p>\u00ab\u00bfPor qu\u00e9 no muestran las im\u00e1genes actuales de la base? Muy sencillo, porque entonces tendr\u00edan que reconocer que la base est\u00e1 inoperativa\u00bb, ha defendido la portavoz socialista.<\/p>\n\n\n\n<p>A fecha de hoy ha comenzado el asfaltado de la zona de carga y estacionamiento de los aviones que, al mismo tiempo, da acceso a la pista central. Cuando los operarios terminen con este asfaltado trasladar\u00e1n todos los dep\u00f3sitos de combustible y las casetas de descanso de las tripulaciones.<\/p>\n\n\n\n<p>\u00abEs decir, que en el mejor de los casos y en plena campa\u00f1a contra incendios, la base de emergencias va a estar inoperativa m\u00e1s de un mes\u00bb, seg\u00fan Puerta. La propuesta del Grupo Municipal Socialista, \u00abante tal irresponsabilidad\u00bb, es que terminen de asfaltar la zona de carga y estacionamiento de los aviones de emergencias y que no acometan el traslado de los dep\u00f3sitos y las casetas hasta que finalice la campa\u00f1a contra incendios, de manera que la base de emergencias vuelva a estar operativa cuanto antes.<\/p>\n","protected":false},"excerpt":{"rendered":"<p>Ning\u00fan avi\u00f3n antiincendios operar\u00e1 en el aer\u00f3dromo de Castell\u00f3 durante al menos un mes, como denunci\u00f3 el Grupo Municipal Socialista de la capital la semana pasada y confirma personal de emergencias de la base. La falta de previsi\u00f3n del equipo de gobierno municipal PP-Vox en la planificaci\u00f3n de las obras del parking de Ferrandis Salvador &#8230;<\/p>\n","protected":false},"author":48,"featured_media":8059,"comment_status":"open","ping_status":"open","sticky":false,"template":"","format":"standard","meta":{"_jetpack_memberships_contains_paid_content":false,"footnotes":"","jetpack_publicize_message":"","jetpack_publicize_feature_enabled":true,"jetpack_social_post_already_shared":false,"jetpack_social_options":{"image_generator_settings":{"template":"highway","default_image_id":0,"font":"","enabled":false},"version":2}},"categories":[33],"tags":[95,733,774,99,81,448,778],"class_list":["post-8058","post","type-post","status-publish","format-standard","has-post-thumbnail","hentry","category-gms","tag-anun-lainez","tag-begona-carrasco","tag-esther-giner","tag-mary-carmen-ribera","tag-patricia-puerta","tag-todos-es","tag-vicent-sales"],"yoast_head":"<!-- This site is optimized with the Yoast SEO plugin v24.0 - https:\/\/yoast.com\/wordpress\/plugins\/seo\/ -->\n<title>Ning\u00fan avi\u00f3n antiincendios operar\u00e1 en el\u00a0aer\u00f3dromo de Castell\u00f3 durante al menos\u00a0un mes\u00a0por las obras del parking de Ferrandis Salvador - PSPV-PSOE CASTELL\u00d3<\/title>\n<meta name=\"robots\" content=\"index, follow, max-snippet:-1, max-image-preview:large, max-video-preview:-1\" \/>\n<link rel=\"canonical\" href=\"https:\/\/agrupacionespsoe.es\/castello\/ningun-avion-antiincendios-operara-en-el-aerodromo-de-castello-durante-al-menos-un-mes-por-las-obras-del-parking-de-ferrandis-salvador\/\" \/>\n<meta property=\"og:locale\" content=\"es_ES\" \/>\n<meta property=\"og:type\" content=\"article\" \/>\n<meta property=\"og:title\" content=\"Ning\u00fan avi\u00f3n antiincendios operar\u00e1 en el\u00a0aer\u00f3dromo de Castell\u00f3 durante al menos\u00a0un mes\u00a0por las obras del parking de Ferrandis Salvador - PSPV-PSOE CASTELL\u00d3\" \/>\n<meta property=\"og:description\" content=\"Ning\u00fan avi\u00f3n antiincendios operar\u00e1 en el aer\u00f3dromo de Castell\u00f3 durante al menos un mes, como denunci\u00f3 el Grupo Municipal Socialista de la capital la semana pasada y confirma personal de emergencias de la base. La falta de previsi\u00f3n del equipo de gobierno municipal PP-Vox en la planificaci\u00f3n de las obras del parking de Ferrandis Salvador ...\" \/>\n<meta property=\"og:url\" content=\"https:\/\/agrupacionespsoe.es\/castello\/ningun-avion-antiincendios-operara-en-el-aerodromo-de-castello-durante-al-menos-un-mes-por-las-obras-del-parking-de-ferrandis-salvador\/\" \/>\n<meta property=\"og:site_name\" content=\"PSPV-PSOE CASTELL\u00d3\" \/>\n<meta property=\"article:publisher\" content=\"https:\/\/www.facebook.com\/pspv.castellodelaplana\" \/>\n<meta property=\"article:published_time\" content=\"2025-05-27T16:22:15+00:00\" \/>\n<meta property=\"article:modified_time\" content=\"2025-05-27T16:22:37+00:00\" \/>\n<meta property=\"og:image\" content=\"https:\/\/agrupacionespsoe.es\/castello\/wp-content\/uploads\/sites\/45\/2025\/05\/20250527-Ningun-avion-antiincendios-operara-en-el-aerodromo-de-Castello-durante-al-menos-un-mes-por-las-obras-del-parking-de-Ferrandis-Salvador-scaled.jpg\" \/>\n\t<meta property=\"og:image:width\" content=\"2560\" \/>\n\t<meta property=\"og:image:height\" content=\"1920\" \/>\n\t<meta property=\"og:image:type\" content=\"image\/jpeg\" \/>\n<meta name=\"author\" content=\"castello1\" \/>\n<meta name=\"twitter:card\" content=\"summary_large_image\" \/>\n<meta name=\"twitter:creator\" content=\"@pspv_cs\" \/>\n<meta name=\"twitter:site\" content=\"@pspv_cs\" \/>\n<meta name=\"twitter:label1\" content=\"Escrito por\" \/>\n\t<meta name=\"twitter:data1\" content=\"castello1\" \/>\n\t<meta name=\"twitter:label2\" content=\"Tiempo de lectura\" \/>\n\t<meta name=\"twitter:data2\" content=\"3 minutos\" \/>\n<script type=\"application\/ld+json\" class=\"yoast-schema-graph\">{\"@context\":\"https:\/\/schema.org\",\"@graph\":[{\"@type\":\"Article\",\"@id\":\"https:\/\/agrupacionespsoe.es\/castello\/ningun-avion-antiincendios-operara-en-el-aerodromo-de-castello-durante-al-menos-un-mes-por-las-obras-del-parking-de-ferrandis-salvador\/#article\",\"isPartOf\":{\"@id\":\"https:\/\/agrupacionespsoe.es\/castello\/ningun-avion-antiincendios-operara-en-el-aerodromo-de-castello-durante-al-menos-un-mes-por-las-obras-del-parking-de-ferrandis-salvador\/\"},\"author\":{\"name\":\"castello1\",\"@id\":\"https:\/\/agrupacionespsoe.es\/castello\/#\/schema\/person\/f3bc5b2f9dc6a399e9e98596ae24a20a\"},\"headline\":\"Ning\u00fan avi\u00f3n antiincendios operar\u00e1 en el\u00a0aer\u00f3dromo de Castell\u00f3 durante al menos\u00a0un mes\u00a0por las obras del parking de Ferrandis Salvador\",\"datePublished\":\"2025-05-27T16:22:15+00:00\",\"dateModified\":\"2025-05-27T16:22:37+00:00\",\"mainEntityOfPage\":{\"@id\":\"https:\/\/agrupacionespsoe.es\/castello\/ningun-avion-antiincendios-operara-en-el-aerodromo-de-castello-durante-al-menos-un-mes-por-las-obras-del-parking-de-ferrandis-salvador\/\"},\"wordCount\":572,\"commentCount\":0,\"publisher\":{\"@id\":\"https:\/\/agrupacionespsoe.es\/castello\/#organization\"},\"image\":{\"@id\":\"https:\/\/agrupacionespsoe.es\/castello\/ningun-avion-antiincendios-operara-en-el-aerodromo-de-castello-durante-al-menos-un-mes-por-las-obras-del-parking-de-ferrandis-salvador\/#primaryimage\"},\"thumbnailUrl\":\"https:\/\/agrupacionespsoe.es\/castello\/wp-content\/uploads\/sites\/45\/2025\/05\/20250527-Ningun-avion-antiincendios-operara-en-el-aerodromo-de-Castello-durante-al-menos-un-mes-por-las-obras-del-parking-de-Ferrandis-Salvador-scaled.jpg\",\"keywords\":[\"Anun L\u00e1inez\",\"Bego\u00f1a Carrasco\",\"Esther Giner\",\"Mary Carmen Ribera\",\"Patricia Puerta\",\"Todos\",\"Vicent Sales\"],\"articleSection\":[\"Grupo Municipal Socialista\"],\"inLanguage\":\"es\",\"potentialAction\":[{\"@type\":\"CommentAction\",\"name\":\"Comment\",\"target\":[\"https:\/\/agrupacionespsoe.es\/castello\/ningun-avion-antiincendios-operara-en-el-aerodromo-de-castello-durante-al-menos-un-mes-por-las-obras-del-parking-de-ferrandis-salvador\/#respond\"]}]},{\"@type\":\"WebPage\",\"@id\":\"https:\/\/agrupacionespsoe.es\/castello\/ningun-avion-antiincendios-operara-en-el-aerodromo-de-castello-durante-al-menos-un-mes-por-las-obras-del-parking-de-ferrandis-salvador\/\",\"url\":\"https:\/\/agrupacionespsoe.es\/castello\/ningun-avion-antiincendios-operara-en-el-aerodromo-de-castello-durante-al-menos-un-mes-por-las-obras-del-parking-de-ferrandis-salvador\/\",\"name\":\"Ning\u00fan avi\u00f3n antiincendios operar\u00e1 en el\u00a0aer\u00f3dromo de Castell\u00f3 durante al menos\u00a0un mes\u00a0por las obras del parking de Ferrandis Salvador - PSPV-PSOE CASTELL\u00d3\",\"isPartOf\":{\"@id\":\"https:\/\/agrupacionespsoe.es\/castello\/#website\"},\"primaryImageOfPage\":{\"@id\":\"https:\/\/agrupacionespsoe.es\/castello\/ningun-avion-antiincendios-operara-en-el-aerodromo-de-castello-durante-al-menos-un-mes-por-las-obras-del-parking-de-ferrandis-salvador\/#primaryimage\"},\"image\":{\"@id\":\"https:\/\/agrupacionespsoe.es\/castello\/ningun-avion-antiincendios-operara-en-el-aerodromo-de-castello-durante-al-menos-un-mes-por-las-obras-del-parking-de-ferrandis-salvador\/#primaryimage\"},\"thumbnailUrl\":\"https:\/\/agrupacionespsoe.es\/castello\/wp-content\/uploads\/sites\/45\/2025\/05\/20250527-Ningun-avion-antiincendios-operara-en-el-aerodromo-de-Castello-durante-al-menos-un-mes-por-las-obras-del-parking-de-Ferrandis-Salvador-scaled.jpg\",\"datePublished\":\"2025-05-27T16:22:15+00:00\",\"dateModified\":\"2025-05-27T16:22:37+00:00\",\"breadcrumb\":{\"@id\":\"https:\/\/agrupacionespsoe.es\/castello\/ningun-avion-antiincendios-operara-en-el-aerodromo-de-castello-durante-al-menos-un-mes-por-las-obras-del-parking-de-ferrandis-salvador\/#breadcrumb\"},\"inLanguage\":\"es\",\"potentialAction\":[{\"@type\":\"ReadAction\",\"target\":[\"https:\/\/agrupacionespsoe.es\/castello\/ningun-avion-antiincendios-operara-en-el-aerodromo-de-castello-durante-al-menos-un-mes-por-las-obras-del-parking-de-ferrandis-salvador\/\"]}]},{\"@type\":\"ImageObject\",\"inLanguage\":\"es\",\"@id\":\"https:\/\/agrupacionespsoe.es\/castello\/ningun-avion-antiincendios-operara-en-el-aerodromo-de-castello-durante-al-menos-un-mes-por-las-obras-del-parking-de-ferrandis-salvador\/#primaryimage\",\"url\":\"https:\/\/agrupacionespsoe.es\/castello\/wp-content\/uploads\/sites\/45\/2025\/05\/20250527-Ningun-avion-antiincendios-operara-en-el-aerodromo-de-Castello-durante-al-menos-un-mes-por-las-obras-del-parking-de-Ferrandis-Salvador-scaled.jpg\",\"contentUrl\":\"https:\/\/agrupacionespsoe.es\/castello\/wp-content\/uploads\/sites\/45\/2025\/05\/20250527-Ningun-avion-antiincendios-operara-en-el-aerodromo-de-Castello-durante-al-menos-un-mes-por-las-obras-del-parking-de-Ferrandis-Salvador-scaled.jpg\",\"width\":2560,\"height\":1920},{\"@type\":\"BreadcrumbList\",\"@id\":\"https:\/\/agrupacionespsoe.es\/castello\/ningun-avion-antiincendios-operara-en-el-aerodromo-de-castello-durante-al-menos-un-mes-por-las-obras-del-parking-de-ferrandis-salvador\/#breadcrumb\",\"itemListElement\":[{\"@type\":\"ListItem\",\"position\":1,\"name\":\"Portada\",\"item\":\"https:\/\/agrupacionespsoe.es\/castello\/\"},{\"@type\":\"ListItem\",\"position\":2,\"name\":\"Ning\u00fan avi\u00f3n antiincendios operar\u00e1 en el\u00a0aer\u00f3dromo de Castell\u00f3 durante al menos\u00a0un mes\u00a0por las obras del parking de Ferrandis Salvador\"}]},{\"@type\":\"WebSite\",\"@id\":\"https:\/\/agrupacionespsoe.es\/castello\/#website\",\"url\":\"https:\/\/agrupacionespsoe.es\/castello\/\",\"name\":\"PSPV-PSOE CASTELL\u00d3\",\"description\":\"PSPV-PSOE | Agrupaci\u00f3 de Castell\u00f3\",\"publisher\":{\"@id\":\"https:\/\/agrupacionespsoe.es\/castello\/#organization\"},\"potentialAction\":[{\"@type\":\"SearchAction\",\"target\":{\"@type\":\"EntryPoint\",\"urlTemplate\":\"https:\/\/agrupacionespsoe.es\/castello\/?s={search_term_string}\"},\"query-input\":{\"@type\":\"PropertyValueSpecification\",\"valueRequired\":true,\"valueName\":\"search_term_string\"}}],\"inLanguage\":\"es\"},{\"@type\":\"Organization\",\"@id\":\"https:\/\/agrupacionespsoe.es\/castello\/#organization\",\"name\":\"PSPV-PSOE Castell\u00f3\",\"url\":\"https:\/\/agrupacionespsoe.es\/castello\/\",\"logo\":{\"@type\":\"ImageObject\",\"inLanguage\":\"es\",\"@id\":\"https:\/\/agrupacionespsoe.es\/castello\/#\/schema\/logo\/image\/\",\"url\":\"https:\/\/agrupacionespsoe.es\/castello\/wp-content\/uploads\/sites\/45\/2023\/04\/PORTADA-PSOE-CASTELLO.jpg\",\"contentUrl\":\"https:\/\/agrupacionespsoe.es\/castello\/wp-content\/uploads\/sites\/45\/2023\/04\/PORTADA-PSOE-CASTELLO.jpg\",\"width\":2500,\"height\":2500,\"caption\":\"PSPV-PSOE Castell\u00f3\"},\"image\":{\"@id\":\"https:\/\/agrupacionespsoe.es\/castello\/#\/schema\/logo\/image\/\"},\"sameAs\":[\"https:\/\/www.facebook.com\/pspv.castellodelaplana\",\"https:\/\/x.com\/pspv_cs\",\"https:\/\/www.instagram.com\/pspvpsoecastello\/\"]},{\"@type\":\"Person\",\"@id\":\"https:\/\/agrupacionespsoe.es\/castello\/#\/schema\/person\/f3bc5b2f9dc6a399e9e98596ae24a20a\",\"name\":\"castello1\",\"image\":{\"@type\":\"ImageObject\",\"inLanguage\":\"es\",\"@id\":\"https:\/\/agrupacionespsoe.es\/castello\/#\/schema\/person\/image\/\",\"url\":\"https:\/\/secure.gravatar.com\/avatar\/5f1da428d6479d1127419c0b58796865?s=96&d=mm&r=g\",\"contentUrl\":\"https:\/\/secure.gravatar.com\/avatar\/5f1da428d6479d1127419c0b58796865?s=96&d=mm&r=g\",\"caption\":\"castello1\"},\"url\":\"https:\/\/agrupacionespsoe.es\/castello\/author\/castello1\/\"}]}<\/script>\n<!-- \/ Yoast SEO plugin. -->","yoast_head_json":{"title":"Ning\u00fan avi\u00f3n antiincendios operar\u00e1 en el\u00a0aer\u00f3dromo de Castell\u00f3 durante al menos\u00a0un mes\u00a0por las obras del parking de Ferrandis Salvador - PSPV-PSOE CASTELL\u00d3","robots":{"index":"index","follow":"follow","max-snippet":"max-snippet:-1","max-image-preview":"max-image-preview:large","max-video-preview":"max-video-preview:-1"},"canonical":"https:\/\/agrupacionespsoe.es\/castello\/ningun-avion-antiincendios-operara-en-el-aerodromo-de-castello-durante-al-menos-un-mes-por-las-obras-del-parking-de-ferrandis-salvador\/","og_locale":"es_ES","og_type":"article","og_title":"Ning\u00fan avi\u00f3n antiincendios operar\u00e1 en el\u00a0aer\u00f3dromo de Castell\u00f3 durante al menos\u00a0un mes\u00a0por las obras del parking de Ferrandis Salvador - PSPV-PSOE CASTELL\u00d3","og_description":"Ning\u00fan avi\u00f3n antiincendios operar\u00e1 en el aer\u00f3dromo de Castell\u00f3 durante al menos un mes, como denunci\u00f3 el Grupo Municipal Socialista de la capital la semana pasada y confirma personal de emergencias de la base. La falta de previsi\u00f3n del equipo de gobierno municipal PP-Vox en la planificaci\u00f3n de las obras del parking de Ferrandis Salvador ...","og_url":"https:\/\/agrupacionespsoe.es\/castello\/ningun-avion-antiincendios-operara-en-el-aerodromo-de-castello-durante-al-menos-un-mes-por-las-obras-del-parking-de-ferrandis-salvador\/","og_site_name":"PSPV-PSOE CASTELL\u00d3","article_publisher":"https:\/\/www.facebook.com\/pspv.castellodelaplana","article_published_time":"2025-05-27T16:22:15+00:00","article_modified_time":"2025-05-27T16:22:37+00:00","og_image":[{"width":2560,"height":1920,"url":"https:\/\/agrupacionespsoe.es\/castello\/wp-content\/uploads\/sites\/45\/2025\/05\/20250527-Ningun-avion-antiincendios-operara-en-el-aerodromo-de-Castello-durante-al-menos-un-mes-por-las-obras-del-parking-de-Ferrandis-Salvador-scaled.jpg","type":"image\/jpeg"}],"author":"castello1","twitter_card":"summary_large_image","twitter_creator":"@pspv_cs","twitter_site":"@pspv_cs","twitter_misc":{"Escrito por":"castello1","Tiempo de lectura":"3 minutos"},"schema":{"@context":"https:\/\/schema.org","@graph":[{"@type":"Article","@id":"https:\/\/agrupacionespsoe.es\/castello\/ningun-avion-antiincendios-operara-en-el-aerodromo-de-castello-durante-al-menos-un-mes-por-las-obras-del-parking-de-ferrandis-salvador\/#article","isPartOf":{"@id":"https:\/\/agrupacionespsoe.es\/castello\/ningun-avion-antiincendios-operara-en-el-aerodromo-de-castello-durante-al-menos-un-mes-por-las-obras-del-parking-de-ferrandis-salvador\/"},"author":{"name":"castello1","@id":"https:\/\/agrupacionespsoe.es\/castello\/#\/schema\/person\/f3bc5b2f9dc6a399e9e98596ae24a20a"},"headline":"Ning\u00fan avi\u00f3n antiincendios operar\u00e1 en el\u00a0aer\u00f3dromo de Castell\u00f3 durante al menos\u00a0un mes\u00a0por las obras del parking de Ferrandis Salvador","datePublished":"2025-05-27T16:22:15+00:00","dateModified":"2025-05-27T16:22:37+00:00","mainEntityOfPage":{"@id":"https:\/\/agrupacionespsoe.es\/castello\/ningun-avion-antiincendios-operara-en-el-aerodromo-de-castello-durante-al-menos-un-mes-por-las-obras-del-parking-de-ferrandis-salvador\/"},"wordCount":572,"commentCount":0,"publisher":{"@id":"https:\/\/agrupacionespsoe.es\/castello\/#organization"},"image":{"@id":"https:\/\/agrupacionespsoe.es\/castello\/ningun-avion-antiincendios-operara-en-el-aerodromo-de-castello-durante-al-menos-un-mes-por-las-obras-del-parking-de-ferrandis-salvador\/#primaryimage"},"thumbnailUrl":"https:\/\/agrupacionespsoe.es\/castello\/wp-content\/uploads\/sites\/45\/2025\/05\/20250527-Ningun-avion-antiincendios-operara-en-el-aerodromo-de-Castello-durante-al-menos-un-mes-por-las-obras-del-parking-de-Ferrandis-Salvador-scaled.jpg","keywords":["Anun L\u00e1inez","Bego\u00f1a Carrasco","Esther Giner","Mary Carmen Ribera","Patricia Puerta","Todos","Vicent Sales"],"articleSection":["Grupo Municipal Socialista"],"inLanguage":"es","potentialAction":[{"@type":"CommentAction","name":"Comment","target":["https:\/\/agrupacionespsoe.es\/castello\/ningun-avion-antiincendios-operara-en-el-aerodromo-de-castello-durante-al-menos-un-mes-por-las-obras-del-parking-de-ferrandis-salvador\/#respond"]}]},{"@type":"WebPage","@id":"https:\/\/agrupacionespsoe.es\/castello\/ningun-avion-antiincendios-operara-en-el-aerodromo-de-castello-durante-al-menos-un-mes-por-las-obras-del-parking-de-ferrandis-salvador\/","url":"https:\/\/agrupacionespsoe.es\/castello\/ningun-avion-antiincendios-operara-en-el-aerodromo-de-castello-durante-al-menos-un-mes-por-las-obras-del-parking-de-ferrandis-salvador\/","name":"Ning\u00fan avi\u00f3n antiincendios operar\u00e1 en el\u00a0aer\u00f3dromo de Castell\u00f3 durante al menos\u00a0un mes\u00a0por las obras del parking de Ferrandis Salvador - PSPV-PSOE CASTELL\u00d3","isPartOf":{"@id":"https:\/\/agrupacionespsoe.es\/castello\/#website"},"primaryImageOfPage":{"@id":"https:\/\/agrupacionespsoe.es\/castello\/ningun-avion-antiincendios-operara-en-el-aerodromo-de-castello-durante-al-menos-un-mes-por-las-obras-del-parking-de-ferrandis-salvador\/#primaryimage"},"image":{"@id":"https:\/\/agrupacionespsoe.es\/castello\/ningun-avion-antiincendios-operara-en-el-aerodromo-de-castello-durante-al-menos-un-mes-por-las-obras-del-parking-de-ferrandis-salvador\/#primaryimage"},"thumbnailUrl":"https:\/\/agrupacionespsoe.es\/castello\/wp-content\/uploads\/sites\/45\/2025\/05\/20250527-Ningun-avion-antiincendios-operara-en-el-aerodromo-de-Castello-durante-al-menos-un-mes-por-las-obras-del-parking-de-Ferrandis-Salvador-scaled.jpg","datePublished":"2025-05-27T16:22:15+00:00","dateModified":"2025-05-27T16:22:37+00:00","breadcrumb":{"@id":"https:\/\/agrupacionespsoe.es\/castello\/ningun-avion-antiincendios-operara-en-el-aerodromo-de-castello-durante-al-menos-un-mes-por-las-obras-del-parking-de-ferrandis-salvador\/#breadcrumb"},"inLanguage":"es","potentialAction":[{"@type":"ReadAction","target":["https:\/\/agrupacionespsoe.es\/castello\/ningun-avion-antiincendios-operara-en-el-aerodromo-de-castello-durante-al-menos-un-mes-por-las-obras-del-parking-de-ferrandis-salvador\/"]}]},{"@type":"ImageObject","inLanguage":"es","@id":"https:\/\/agrupacionespsoe.es\/castello\/ningun-avion-antiincendios-operara-en-el-aerodromo-de-castello-durante-al-menos-un-mes-por-las-obras-del-parking-de-ferrandis-salvador\/#primaryimage","url":"https:\/\/agrupacionespsoe.es\/castello\/wp-content\/uploads\/sites\/45\/2025\/05\/20250527-Ningun-avion-antiincendios-operara-en-el-aerodromo-de-Castello-durante-al-menos-un-mes-por-las-obras-del-parking-de-Ferrandis-Salvador-scaled.jpg","contentUrl":"https:\/\/agrupacionespsoe.es\/castello\/wp-content\/uploads\/sites\/45\/2025\/05\/20250527-Ningun-avion-antiincendios-operara-en-el-aerodromo-de-Castello-durante-al-menos-un-mes-por-las-obras-del-parking-de-Ferrandis-Salvador-scaled.jpg","width":2560,"height":1920},{"@type":"BreadcrumbList","@id":"https:\/\/agrupacionespsoe.es\/castello\/ningun-avion-antiincendios-operara-en-el-aerodromo-de-castello-durante-al-menos-un-mes-por-las-obras-del-parking-de-ferrandis-salvador\/#breadcrumb","itemListElement":[{"@type":"ListItem","position":1,"name":"Portada","item":"https:\/\/agrupacionespsoe.es\/castello\/"},{"@type":"ListItem","position":2,"name":"Ning\u00fan avi\u00f3n antiincendios operar\u00e1 en el\u00a0aer\u00f3dromo de Castell\u00f3 durante al menos\u00a0un mes\u00a0por las obras del parking de Ferrandis Salvador"}]},{"@type":"WebSite","@id":"https:\/\/agrupacionespsoe.es\/castello\/#website","url":"https:\/\/agrupacionespsoe.es\/castello\/","name":"PSPV-PSOE CASTELL\u00d3","description":"PSPV-PSOE | Agrupaci\u00f3 de Castell\u00f3","publisher":{"@id":"https:\/\/agrupacionespsoe.es\/castello\/#organization"},"potentialAction":[{"@type":"SearchAction","target":{"@type":"EntryPoint","urlTemplate":"https:\/\/agrupacionespsoe.es\/castello\/?s={search_term_string}"},"query-input":{"@type":"PropertyValueSpecification","valueRequired":true,"valueName":"search_term_string"}}],"inLanguage":"es"},{"@type":"Organization","@id":"https:\/\/agrupacionespsoe.es\/castello\/#organization","name":"PSPV-PSOE Castell\u00f3","url":"https:\/\/agrupacionespsoe.es\/castello\/","logo":{"@type":"ImageObject","inLanguage":"es","@id":"https:\/\/agrupacionespsoe.es\/castello\/#\/schema\/logo\/image\/","url":"https:\/\/agrupacionespsoe.es\/castello\/wp-content\/uploads\/sites\/45\/2023\/04\/PORTADA-PSOE-CASTELLO.jpg","contentUrl":"https:\/\/agrupacionespsoe.es\/castello\/wp-content\/uploads\/sites\/45\/2023\/04\/PORTADA-PSOE-CASTELLO.jpg","width":2500,"height":2500,"caption":"PSPV-PSOE Castell\u00f3"},"image":{"@id":"https:\/\/agrupacionespsoe.es\/castello\/#\/schema\/logo\/image\/"},"sameAs":["https:\/\/www.facebook.com\/pspv.castellodelaplana","https:\/\/x.com\/pspv_cs","https:\/\/www.instagram.com\/pspvpsoecastello\/"]},{"@type":"Person","@id":"https:\/\/agrupacionespsoe.es\/castello\/#\/schema\/person\/f3bc5b2f9dc6a399e9e98596ae24a20a","name":"castello1","image":{"@type":"ImageObject","inLanguage":"es","@id":"https:\/\/agrupacionespsoe.es\/castello\/#\/schema\/person\/image\/","url":"https:\/\/secure.gravatar.com\/avatar\/5f1da428d6479d1127419c0b58796865?s=96&d=mm&r=g","contentUrl":"https:\/\/secure.gravatar.com\/avatar\/5f1da428d6479d1127419c0b58796865?s=96&d=mm&r=g","caption":"castello1"},"url":"https:\/\/agrupacionespsoe.es\/castello\/author\/castello1\/"}]}},"jetpack_publicize_connections":[],"jetpack_featured_media_url":"https:\/\/agrupacionespsoe.es\/castello\/wp-content\/uploads\/sites\/45\/2025\/05\/20250527-Ningun-avion-antiincendios-operara-en-el-aerodromo-de-Castello-durante-al-menos-un-mes-por-las-obras-del-parking-de-Ferrandis-Salvador-scaled.jpg","jetpack_sharing_enabled":true,"_links":{"self":[{"href":"https:\/\/agrupacionespsoe.es\/castello\/wp-json\/wp\/v2\/posts\/8058","targetHints":{"allow":["GET"]}}],"collection":[{"href":"https:\/\/agrupacionespsoe.es\/castello\/wp-json\/wp\/v2\/posts"}],"about":[{"href":"https:\/\/agrupacionespsoe.es\/castello\/wp-json\/wp\/v2\/types\/post"}],"author":[{"embeddable":true,"href":"https:\/\/agrupacionespsoe.es\/castello\/wp-json\/wp\/v2\/users\/48"}],"replies":[{"embeddable":true,"href":"https:\/\/agrupacionespsoe.es\/castello\/wp-json\/wp\/v2\/comments?post=8058"}],"version-history":[{"count":3,"href":"https:\/\/agrupacionespsoe.es\/castello\/wp-json\/wp\/v2\/posts\/8058\/revisions"}],"predecessor-version":[{"id":8062,"href":"https:\/\/agrupacionespsoe.es\/castello\/wp-json\/wp\/v2\/posts\/8058\/revisions\/8062"}],"wp:featuredmedia":[{"embeddable":true,"href":"https:\/\/agrupacionespsoe.es\/castello\/wp-json\/wp\/v2\/media\/8059"}],"wp:attachment":[{"href":"https:\/\/agrupacionespsoe.es\/castello\/wp-json\/wp\/v2\/media?parent=8058"}],"wp:term":[{"taxonomy":"category","embeddable":true,"href":"https:\/\/agrupacionespsoe.es\/castello\/wp-json\/wp\/v2\/categories?post=8058"},{"taxonomy":"post_tag","embeddable":true,"href":"https:\/\/agrupacionespsoe.es\/castello\/wp-json\/wp\/v2\/tags?post=8058"}],"curies":[{"name":"wp","href":"https:\/\/api.w.org\/{rel}","templated":true}]}}