{"id":7774,"date":"2025-04-16T16:51:08","date_gmt":"2025-04-16T14:51:08","guid":{"rendered":"https:\/\/agrupacionespsoe.es\/castello\/?p=7774"},"modified":"2026-03-24T08:57:15","modified_gmt":"2026-03-24T07:57:15","slug":"el-pspv-reclama-la-factura-de-la-comilona-de-10-400-e-de-pp-i-vox-en-un-restaurant-de-castello-i-quins-membres-de-lequip-de-govern-van-assistir-al-sopar","status":"publish","type":"post","link":"https:\/\/agrupacionespsoe.es\/castello\/va\/el-pspv-reclama-la-factura-de-la-comilona-de-10-400-e-de-pp-i-vox-en-un-restaurant-de-castello-i-quins-membres-de-lequip-de-govern-van-assistir-al-sopar\/","title":{"rendered":"El PSPV reclama la factura de la \u2018comilona\u2019 de 10.400 \u20ac de PP i Vox en un restaurant de Castell\u00f3 i quins membres de l&#8217;equip de govern van assistir al sopar"},"content":{"rendered":"\n<ul class=\"wp-block-list\">\n<li><em><strong>La portaveu del Grup Municipal Socialista, Patricia Puerta, considera que la ciutadania \u201cha de saber en qu\u00e8 es van gastar tants diners des del govern municipal el passat 6 de mar\u00e7, als quals no els importa malbaratar mentre exhaureixen la butxaca de les fam\u00edlies amb el \u2018Basurazo de Carrasco\u2019\u201d<\/strong><\/em><\/li>\n<\/ul>\n\n\n\n<ul class=\"wp-block-list\">\n<li><em><strong>Puerta recorda a m\u00e9s que el contracte amb el restaurant es va realitzar \u201cde manera irregular\u201dperqu\u00e8 les normes arrepleguen que nom\u00e9s es poden adjudicar de manera directa contractes menors inferiors a 3.000 euros<\/strong><\/em><\/li>\n<\/ul>\n\n\n\n<p>El Grup Municipal Socialista a l&#8217;Ajuntament de Castell\u00f3 ha sol\u00b7licitat c\u00f2pia de la factura de la \u2018comilona\u2019 de 10.400 euros de PP i Vox en un restaurant de la capital de la Plana el passat 6 de mar\u00e7. La portaveu socialista, <strong>Patricia Puerta<\/strong>, assenyala que \u00abla ciutadania ha de con\u00e9ixer en qu\u00e8 es van gastar tants diners, per la qual cosa tamb\u00e9 volem saber quins membres de l&#8217;equip de govern de <strong>Bego\u00f1a Carrasco<\/strong> van ser a un sopar amb men\u00fas de m\u00e9s de 100 euros\u00bb.<\/p>\n\n\n\n<p>Es tracta d&#8217;un contracte, aprovat pel Consell Rector del Patronat Municipal de Turisme, per a organitzar un sopar amb representants de 34 empreses que van participar en un congr\u00e9s de ecoplatges. Per a Patricia Puerta, \u201c\u00e9s lamentable el malbaratament dels diners p\u00fablics per part de Bego\u00f1a Carrasco, perqu\u00e8 assumim que cal atendre q\u00fcestions de protocol, per\u00f2 segur que hi ha opcions m\u00e9s econ\u00f2miques que men\u00fas de m\u00e9s de 100 euros per comensal\u201d.<\/p>\n\n\n\n<p>A m\u00e9s, el contracte s&#8217;ha realitzat \u201cde manera irregular\u201d, perqu\u00e8 les normes arrepleguen que nom\u00e9s es poden adjudicar de manera directa contractes menors inferiors a 3.000 euros, \u201ci aquest el sobrepassa en m\u00e9s de 7.000 euros, encara que aix\u00f2 sembla que li importa poc a la senyora Carrasco i el seu edil de Turisme\u201d, recorda.<\/p>\n\n\n\n<p>Puerta assenyala que \u201cestem davant un exemple m\u00e9s de com gestiona l&#8217;ajuntament Bego\u00f1a Carrasco\u201d. Tal com apunta, \u201ctenim una alcaldessa que se salta les normes, a m\u00e9s de balafiar els diners de tota la ciutadania per al seu autobombo mentre exhaureix les butxaques de les i els castellonencs amb taxes com el \u2018Basurazo de Carrasco\u2019, que suposar\u00e0 que moltes fam\u00edlies hagen de pagar el doble que en 2024, amb quantitats en alguns casos que poden superar els 200 euros\u201d.<\/p>\n","protected":false},"excerpt":{"rendered":"<p>El Grup Municipal Socialista a l&#8217;Ajuntament de Castell\u00f3 ha sol\u00b7licitat c\u00f2pia de la factura de la \u2018comilona\u2019 de 10.400 euros de PP i Vox en un restaurant de la capital de la Plana el passat 6 de mar\u00e7. La portaveu socialista, Patricia Puerta, assenyala que \u00abla ciutadania ha de con\u00e9ixer en qu\u00e8 es van gastar &#8230;<\/p>\n","protected":false},"author":48,"featured_media":5035,"comment_status":"open","ping_status":"open","sticky":false,"template":"","format":"standard","meta":{"_jetpack_memberships_contains_paid_content":false,"footnotes":"","jetpack_publicize_message":"","jetpack_publicize_feature_enabled":true,"jetpack_social_post_already_shared":false,"jetpack_social_options":{"image_generator_settings":{"template":"highway","default_image_id":0,"font":"","enabled":false},"version":2}},"categories":[22],"tags":[1153,83,446],"class_list":["post-7774","post","type-post","status-publish","format-standard","has-post-thumbnail","hentry","category-gms-va","tag-basurazo-va","tag-patricia-puerta-va","tag-todos-va"],"yoast_head":"<!-- This site is optimized with the Yoast SEO plugin v24.0 - https:\/\/yoast.com\/wordpress\/plugins\/seo\/ -->\n<title>El PSPV reclama la factura de la \u2018comilona\u2019 de 10.400 \u20ac de PP i Vox en un restaurant de Castell\u00f3 i quins membres de l&#039;equip de govern van assistir al sopar - PSPV-PSOE CASTELL\u00d3<\/title>\n<meta name=\"robots\" content=\"index, follow, max-snippet:-1, max-image-preview:large, max-video-preview:-1\" \/>\n<link rel=\"canonical\" href=\"https:\/\/agrupacionespsoe.es\/castello\/va\/el-pspv-reclama-la-factura-de-la-comilona-de-10-400-e-de-pp-i-vox-en-un-restaurant-de-castello-i-quins-membres-de-lequip-de-govern-van-assistir-al-sopar\/\" \/>\n<meta property=\"og:locale\" content=\"es_ES\" \/>\n<meta property=\"og:type\" content=\"article\" \/>\n<meta property=\"og:title\" content=\"El PSPV reclama la factura de la \u2018comilona\u2019 de 10.400 \u20ac de PP i Vox en un restaurant de Castell\u00f3 i quins membres de l&#039;equip de govern van assistir al sopar - PSPV-PSOE CASTELL\u00d3\" \/>\n<meta property=\"og:description\" content=\"El Grup Municipal Socialista a l&#8217;Ajuntament de Castell\u00f3 ha sol\u00b7licitat c\u00f2pia de la factura de la \u2018comilona\u2019 de 10.400 euros de PP i Vox en un restaurant de la capital de la Plana el passat 6 de mar\u00e7. La portaveu socialista, Patricia Puerta, assenyala que \u00abla ciutadania ha de con\u00e9ixer en qu\u00e8 es van gastar ...\" \/>\n<meta property=\"og:url\" content=\"https:\/\/agrupacionespsoe.es\/castello\/va\/el-pspv-reclama-la-factura-de-la-comilona-de-10-400-e-de-pp-i-vox-en-un-restaurant-de-castello-i-quins-membres-de-lequip-de-govern-van-assistir-al-sopar\/\" \/>\n<meta property=\"og:site_name\" content=\"PSPV-PSOE CASTELL\u00d3\" \/>\n<meta property=\"article:publisher\" content=\"https:\/\/www.facebook.com\/pspv.castellodelaplana\" \/>\n<meta property=\"article:published_time\" content=\"2025-04-16T14:51:08+00:00\" \/>\n<meta property=\"article:modified_time\" content=\"2026-03-24T07:57:15+00:00\" \/>\n<meta property=\"og:image\" content=\"https:\/\/agrupacionespsoe.es\/castello\/wp-content\/uploads\/sites\/45\/2024\/05\/20240529-El-PSPV-de-Castello-critica-el-veto-de-Begona-Carrasco-a-reclamar-a-la-Generalitat-la-mejora-de-servicios-para-la-residencia-de-personas-mayores-dependientes-Lledo.jpeg\" \/>\n\t<meta property=\"og:image:width\" content=\"1600\" \/>\n\t<meta property=\"og:image:height\" content=\"1066\" \/>\n\t<meta property=\"og:image:type\" content=\"image\/jpeg\" \/>\n<meta name=\"author\" content=\"castello1\" \/>\n<meta name=\"twitter:card\" content=\"summary_large_image\" \/>\n<meta name=\"twitter:creator\" content=\"@pspv_cs\" \/>\n<meta name=\"twitter:site\" content=\"@pspv_cs\" \/>\n<meta name=\"twitter:label1\" content=\"Escrito por\" \/>\n\t<meta name=\"twitter:data1\" content=\"castello1\" \/>\n\t<meta name=\"twitter:label2\" content=\"Tiempo de lectura\" \/>\n\t<meta name=\"twitter:data2\" content=\"2 minutos\" \/>\n<script type=\"application\/ld+json\" class=\"yoast-schema-graph\">{\"@context\":\"https:\/\/schema.org\",\"@graph\":[{\"@type\":\"Article\",\"@id\":\"https:\/\/agrupacionespsoe.es\/castello\/va\/el-pspv-reclama-la-factura-de-la-comilona-de-10-400-e-de-pp-i-vox-en-un-restaurant-de-castello-i-quins-membres-de-lequip-de-govern-van-assistir-al-sopar\/#article\",\"isPartOf\":{\"@id\":\"https:\/\/agrupacionespsoe.es\/castello\/va\/el-pspv-reclama-la-factura-de-la-comilona-de-10-400-e-de-pp-i-vox-en-un-restaurant-de-castello-i-quins-membres-de-lequip-de-govern-van-assistir-al-sopar\/\"},\"author\":{\"name\":\"castello1\",\"@id\":\"https:\/\/agrupacionespsoe.es\/castello\/#\/schema\/person\/f3bc5b2f9dc6a399e9e98596ae24a20a\"},\"headline\":\"El PSPV reclama la factura de la \u2018comilona\u2019 de 10.400 \u20ac de PP i Vox en un restaurant de Castell\u00f3 i quins membres de l&#8217;equip de govern van assistir al sopar\",\"datePublished\":\"2025-04-16T14:51:08+00:00\",\"dateModified\":\"2026-03-24T07:57:15+00:00\",\"mainEntityOfPage\":{\"@id\":\"https:\/\/agrupacionespsoe.es\/castello\/va\/el-pspv-reclama-la-factura-de-la-comilona-de-10-400-e-de-pp-i-vox-en-un-restaurant-de-castello-i-quins-membres-de-lequip-de-govern-van-assistir-al-sopar\/\"},\"wordCount\":416,\"commentCount\":0,\"publisher\":{\"@id\":\"https:\/\/agrupacionespsoe.es\/castello\/#organization\"},\"image\":{\"@id\":\"https:\/\/agrupacionespsoe.es\/castello\/va\/el-pspv-reclama-la-factura-de-la-comilona-de-10-400-e-de-pp-i-vox-en-un-restaurant-de-castello-i-quins-membres-de-lequip-de-govern-van-assistir-al-sopar\/#primaryimage\"},\"thumbnailUrl\":\"https:\/\/agrupacionespsoe.es\/castello\/wp-content\/uploads\/sites\/45\/2024\/05\/20240529-El-PSPV-de-Castello-critica-el-veto-de-Begona-Carrasco-a-reclamar-a-la-Generalitat-la-mejora-de-servicios-para-la-residencia-de-personas-mayores-dependientes-Lledo.jpeg\",\"keywords\":[\"Basurazo\",\"Patricia Puerta\",\"Todos\"],\"articleSection\":[\"Grup Municipal Socialista\"],\"inLanguage\":\"es\",\"potentialAction\":[{\"@type\":\"CommentAction\",\"name\":\"Comment\",\"target\":[\"https:\/\/agrupacionespsoe.es\/castello\/va\/el-pspv-reclama-la-factura-de-la-comilona-de-10-400-e-de-pp-i-vox-en-un-restaurant-de-castello-i-quins-membres-de-lequip-de-govern-van-assistir-al-sopar\/#respond\"]}]},{\"@type\":\"WebPage\",\"@id\":\"https:\/\/agrupacionespsoe.es\/castello\/va\/el-pspv-reclama-la-factura-de-la-comilona-de-10-400-e-de-pp-i-vox-en-un-restaurant-de-castello-i-quins-membres-de-lequip-de-govern-van-assistir-al-sopar\/\",\"url\":\"https:\/\/agrupacionespsoe.es\/castello\/va\/el-pspv-reclama-la-factura-de-la-comilona-de-10-400-e-de-pp-i-vox-en-un-restaurant-de-castello-i-quins-membres-de-lequip-de-govern-van-assistir-al-sopar\/\",\"name\":\"El PSPV reclama la factura de la \u2018comilona\u2019 de 10.400 \u20ac de PP i Vox en un restaurant de Castell\u00f3 i quins membres de l'equip de govern van assistir al sopar - PSPV-PSOE CASTELL\u00d3\",\"isPartOf\":{\"@id\":\"https:\/\/agrupacionespsoe.es\/castello\/#website\"},\"primaryImageOfPage\":{\"@id\":\"https:\/\/agrupacionespsoe.es\/castello\/va\/el-pspv-reclama-la-factura-de-la-comilona-de-10-400-e-de-pp-i-vox-en-un-restaurant-de-castello-i-quins-membres-de-lequip-de-govern-van-assistir-al-sopar\/#primaryimage\"},\"image\":{\"@id\":\"https:\/\/agrupacionespsoe.es\/castello\/va\/el-pspv-reclama-la-factura-de-la-comilona-de-10-400-e-de-pp-i-vox-en-un-restaurant-de-castello-i-quins-membres-de-lequip-de-govern-van-assistir-al-sopar\/#primaryimage\"},\"thumbnailUrl\":\"https:\/\/agrupacionespsoe.es\/castello\/wp-content\/uploads\/sites\/45\/2024\/05\/20240529-El-PSPV-de-Castello-critica-el-veto-de-Begona-Carrasco-a-reclamar-a-la-Generalitat-la-mejora-de-servicios-para-la-residencia-de-personas-mayores-dependientes-Lledo.jpeg\",\"datePublished\":\"2025-04-16T14:51:08+00:00\",\"dateModified\":\"2026-03-24T07:57:15+00:00\",\"breadcrumb\":{\"@id\":\"https:\/\/agrupacionespsoe.es\/castello\/va\/el-pspv-reclama-la-factura-de-la-comilona-de-10-400-e-de-pp-i-vox-en-un-restaurant-de-castello-i-quins-membres-de-lequip-de-govern-van-assistir-al-sopar\/#breadcrumb\"},\"inLanguage\":\"es\",\"potentialAction\":[{\"@type\":\"ReadAction\",\"target\":[\"https:\/\/agrupacionespsoe.es\/castello\/va\/el-pspv-reclama-la-factura-de-la-comilona-de-10-400-e-de-pp-i-vox-en-un-restaurant-de-castello-i-quins-membres-de-lequip-de-govern-van-assistir-al-sopar\/\"]}]},{\"@type\":\"ImageObject\",\"inLanguage\":\"es\",\"@id\":\"https:\/\/agrupacionespsoe.es\/castello\/va\/el-pspv-reclama-la-factura-de-la-comilona-de-10-400-e-de-pp-i-vox-en-un-restaurant-de-castello-i-quins-membres-de-lequip-de-govern-van-assistir-al-sopar\/#primaryimage\",\"url\":\"https:\/\/agrupacionespsoe.es\/castello\/wp-content\/uploads\/sites\/45\/2024\/05\/20240529-El-PSPV-de-Castello-critica-el-veto-de-Begona-Carrasco-a-reclamar-a-la-Generalitat-la-mejora-de-servicios-para-la-residencia-de-personas-mayores-dependientes-Lledo.jpeg\",\"contentUrl\":\"https:\/\/agrupacionespsoe.es\/castello\/wp-content\/uploads\/sites\/45\/2024\/05\/20240529-El-PSPV-de-Castello-critica-el-veto-de-Begona-Carrasco-a-reclamar-a-la-Generalitat-la-mejora-de-servicios-para-la-residencia-de-personas-mayores-dependientes-Lledo.jpeg\",\"width\":1600,\"height\":1066},{\"@type\":\"BreadcrumbList\",\"@id\":\"https:\/\/agrupacionespsoe.es\/castello\/va\/el-pspv-reclama-la-factura-de-la-comilona-de-10-400-e-de-pp-i-vox-en-un-restaurant-de-castello-i-quins-membres-de-lequip-de-govern-van-assistir-al-sopar\/#breadcrumb\",\"itemListElement\":[{\"@type\":\"ListItem\",\"position\":1,\"name\":\"Portada\",\"item\":\"https:\/\/agrupacionespsoe.es\/castello\/\"},{\"@type\":\"ListItem\",\"position\":2,\"name\":\"El PSPV reclama la factura de la \u2018comilona\u2019 de 10.400 \u20ac de PP i Vox en un restaurant de Castell\u00f3 i quins membres de l&#8217;equip de govern van assistir al sopar\"}]},{\"@type\":\"WebSite\",\"@id\":\"https:\/\/agrupacionespsoe.es\/castello\/#website\",\"url\":\"https:\/\/agrupacionespsoe.es\/castello\/\",\"name\":\"PSPV-PSOE CASTELL\u00d3\",\"description\":\"PSPV-PSOE | Agrupaci\u00f3 de Castell\u00f3\",\"publisher\":{\"@id\":\"https:\/\/agrupacionespsoe.es\/castello\/#organization\"},\"potentialAction\":[{\"@type\":\"SearchAction\",\"target\":{\"@type\":\"EntryPoint\",\"urlTemplate\":\"https:\/\/agrupacionespsoe.es\/castello\/?s={search_term_string}\"},\"query-input\":{\"@type\":\"PropertyValueSpecification\",\"valueRequired\":true,\"valueName\":\"search_term_string\"}}],\"inLanguage\":\"es\"},{\"@type\":\"Organization\",\"@id\":\"https:\/\/agrupacionespsoe.es\/castello\/#organization\",\"name\":\"PSPV-PSOE Castell\u00f3\",\"url\":\"https:\/\/agrupacionespsoe.es\/castello\/\",\"logo\":{\"@type\":\"ImageObject\",\"inLanguage\":\"es\",\"@id\":\"https:\/\/agrupacionespsoe.es\/castello\/#\/schema\/logo\/image\/\",\"url\":\"https:\/\/agrupacionespsoe.es\/castello\/wp-content\/uploads\/sites\/45\/2023\/04\/PORTADA-PSOE-CASTELLO.jpg\",\"contentUrl\":\"https:\/\/agrupacionespsoe.es\/castello\/wp-content\/uploads\/sites\/45\/2023\/04\/PORTADA-PSOE-CASTELLO.jpg\",\"width\":2500,\"height\":2500,\"caption\":\"PSPV-PSOE Castell\u00f3\"},\"image\":{\"@id\":\"https:\/\/agrupacionespsoe.es\/castello\/#\/schema\/logo\/image\/\"},\"sameAs\":[\"https:\/\/www.facebook.com\/pspv.castellodelaplana\",\"https:\/\/x.com\/pspv_cs\",\"https:\/\/www.instagram.com\/pspvpsoecastello\/\"]},{\"@type\":\"Person\",\"@id\":\"https:\/\/agrupacionespsoe.es\/castello\/#\/schema\/person\/f3bc5b2f9dc6a399e9e98596ae24a20a\",\"name\":\"castello1\",\"image\":{\"@type\":\"ImageObject\",\"inLanguage\":\"es\",\"@id\":\"https:\/\/agrupacionespsoe.es\/castello\/#\/schema\/person\/image\/\",\"url\":\"https:\/\/secure.gravatar.com\/avatar\/5f1da428d6479d1127419c0b58796865?s=96&d=mm&r=g\",\"contentUrl\":\"https:\/\/secure.gravatar.com\/avatar\/5f1da428d6479d1127419c0b58796865?s=96&d=mm&r=g\",\"caption\":\"castello1\"},\"url\":\"https:\/\/agrupacionespsoe.es\/castello\/author\/castello1\/\"}]}<\/script>\n<!-- \/ Yoast SEO plugin. -->","yoast_head_json":{"title":"El PSPV reclama la factura de la \u2018comilona\u2019 de 10.400 \u20ac de PP i Vox en un restaurant de Castell\u00f3 i quins membres de l'equip de govern van assistir al sopar - PSPV-PSOE CASTELL\u00d3","robots":{"index":"index","follow":"follow","max-snippet":"max-snippet:-1","max-image-preview":"max-image-preview:large","max-video-preview":"max-video-preview:-1"},"canonical":"https:\/\/agrupacionespsoe.es\/castello\/va\/el-pspv-reclama-la-factura-de-la-comilona-de-10-400-e-de-pp-i-vox-en-un-restaurant-de-castello-i-quins-membres-de-lequip-de-govern-van-assistir-al-sopar\/","og_locale":"es_ES","og_type":"article","og_title":"El PSPV reclama la factura de la \u2018comilona\u2019 de 10.400 \u20ac de PP i Vox en un restaurant de Castell\u00f3 i quins membres de l'equip de govern van assistir al sopar - PSPV-PSOE CASTELL\u00d3","og_description":"El Grup Municipal Socialista a l&#8217;Ajuntament de Castell\u00f3 ha sol\u00b7licitat c\u00f2pia de la factura de la \u2018comilona\u2019 de 10.400 euros de PP i Vox en un restaurant de la capital de la Plana el passat 6 de mar\u00e7. La portaveu socialista, Patricia Puerta, assenyala que \u00abla ciutadania ha de con\u00e9ixer en qu\u00e8 es van gastar ...","og_url":"https:\/\/agrupacionespsoe.es\/castello\/va\/el-pspv-reclama-la-factura-de-la-comilona-de-10-400-e-de-pp-i-vox-en-un-restaurant-de-castello-i-quins-membres-de-lequip-de-govern-van-assistir-al-sopar\/","og_site_name":"PSPV-PSOE CASTELL\u00d3","article_publisher":"https:\/\/www.facebook.com\/pspv.castellodelaplana","article_published_time":"2025-04-16T14:51:08+00:00","article_modified_time":"2026-03-24T07:57:15+00:00","og_image":[{"width":1600,"height":1066,"url":"https:\/\/agrupacionespsoe.es\/castello\/wp-content\/uploads\/sites\/45\/2024\/05\/20240529-El-PSPV-de-Castello-critica-el-veto-de-Begona-Carrasco-a-reclamar-a-la-Generalitat-la-mejora-de-servicios-para-la-residencia-de-personas-mayores-dependientes-Lledo.jpeg","type":"image\/jpeg"}],"author":"castello1","twitter_card":"summary_large_image","twitter_creator":"@pspv_cs","twitter_site":"@pspv_cs","twitter_misc":{"Escrito por":"castello1","Tiempo de lectura":"2 minutos"},"schema":{"@context":"https:\/\/schema.org","@graph":[{"@type":"Article","@id":"https:\/\/agrupacionespsoe.es\/castello\/va\/el-pspv-reclama-la-factura-de-la-comilona-de-10-400-e-de-pp-i-vox-en-un-restaurant-de-castello-i-quins-membres-de-lequip-de-govern-van-assistir-al-sopar\/#article","isPartOf":{"@id":"https:\/\/agrupacionespsoe.es\/castello\/va\/el-pspv-reclama-la-factura-de-la-comilona-de-10-400-e-de-pp-i-vox-en-un-restaurant-de-castello-i-quins-membres-de-lequip-de-govern-van-assistir-al-sopar\/"},"author":{"name":"castello1","@id":"https:\/\/agrupacionespsoe.es\/castello\/#\/schema\/person\/f3bc5b2f9dc6a399e9e98596ae24a20a"},"headline":"El PSPV reclama la factura de la \u2018comilona\u2019 de 10.400 \u20ac de PP i Vox en un restaurant de Castell\u00f3 i quins membres de l&#8217;equip de govern van assistir al sopar","datePublished":"2025-04-16T14:51:08+00:00","dateModified":"2026-03-24T07:57:15+00:00","mainEntityOfPage":{"@id":"https:\/\/agrupacionespsoe.es\/castello\/va\/el-pspv-reclama-la-factura-de-la-comilona-de-10-400-e-de-pp-i-vox-en-un-restaurant-de-castello-i-quins-membres-de-lequip-de-govern-van-assistir-al-sopar\/"},"wordCount":416,"commentCount":0,"publisher":{"@id":"https:\/\/agrupacionespsoe.es\/castello\/#organization"},"image":{"@id":"https:\/\/agrupacionespsoe.es\/castello\/va\/el-pspv-reclama-la-factura-de-la-comilona-de-10-400-e-de-pp-i-vox-en-un-restaurant-de-castello-i-quins-membres-de-lequip-de-govern-van-assistir-al-sopar\/#primaryimage"},"thumbnailUrl":"https:\/\/agrupacionespsoe.es\/castello\/wp-content\/uploads\/sites\/45\/2024\/05\/20240529-El-PSPV-de-Castello-critica-el-veto-de-Begona-Carrasco-a-reclamar-a-la-Generalitat-la-mejora-de-servicios-para-la-residencia-de-personas-mayores-dependientes-Lledo.jpeg","keywords":["Basurazo","Patricia Puerta","Todos"],"articleSection":["Grup Municipal Socialista"],"inLanguage":"es","potentialAction":[{"@type":"CommentAction","name":"Comment","target":["https:\/\/agrupacionespsoe.es\/castello\/va\/el-pspv-reclama-la-factura-de-la-comilona-de-10-400-e-de-pp-i-vox-en-un-restaurant-de-castello-i-quins-membres-de-lequip-de-govern-van-assistir-al-sopar\/#respond"]}]},{"@type":"WebPage","@id":"https:\/\/agrupacionespsoe.es\/castello\/va\/el-pspv-reclama-la-factura-de-la-comilona-de-10-400-e-de-pp-i-vox-en-un-restaurant-de-castello-i-quins-membres-de-lequip-de-govern-van-assistir-al-sopar\/","url":"https:\/\/agrupacionespsoe.es\/castello\/va\/el-pspv-reclama-la-factura-de-la-comilona-de-10-400-e-de-pp-i-vox-en-un-restaurant-de-castello-i-quins-membres-de-lequip-de-govern-van-assistir-al-sopar\/","name":"El PSPV reclama la factura de la \u2018comilona\u2019 de 10.400 \u20ac de PP i Vox en un restaurant de Castell\u00f3 i quins membres de l'equip de govern van assistir al sopar - PSPV-PSOE CASTELL\u00d3","isPartOf":{"@id":"https:\/\/agrupacionespsoe.es\/castello\/#website"},"primaryImageOfPage":{"@id":"https:\/\/agrupacionespsoe.es\/castello\/va\/el-pspv-reclama-la-factura-de-la-comilona-de-10-400-e-de-pp-i-vox-en-un-restaurant-de-castello-i-quins-membres-de-lequip-de-govern-van-assistir-al-sopar\/#primaryimage"},"image":{"@id":"https:\/\/agrupacionespsoe.es\/castello\/va\/el-pspv-reclama-la-factura-de-la-comilona-de-10-400-e-de-pp-i-vox-en-un-restaurant-de-castello-i-quins-membres-de-lequip-de-govern-van-assistir-al-sopar\/#primaryimage"},"thumbnailUrl":"https:\/\/agrupacionespsoe.es\/castello\/wp-content\/uploads\/sites\/45\/2024\/05\/20240529-El-PSPV-de-Castello-critica-el-veto-de-Begona-Carrasco-a-reclamar-a-la-Generalitat-la-mejora-de-servicios-para-la-residencia-de-personas-mayores-dependientes-Lledo.jpeg","datePublished":"2025-04-16T14:51:08+00:00","dateModified":"2026-03-24T07:57:15+00:00","breadcrumb":{"@id":"https:\/\/agrupacionespsoe.es\/castello\/va\/el-pspv-reclama-la-factura-de-la-comilona-de-10-400-e-de-pp-i-vox-en-un-restaurant-de-castello-i-quins-membres-de-lequip-de-govern-van-assistir-al-sopar\/#breadcrumb"},"inLanguage":"es","potentialAction":[{"@type":"ReadAction","target":["https:\/\/agrupacionespsoe.es\/castello\/va\/el-pspv-reclama-la-factura-de-la-comilona-de-10-400-e-de-pp-i-vox-en-un-restaurant-de-castello-i-quins-membres-de-lequip-de-govern-van-assistir-al-sopar\/"]}]},{"@type":"ImageObject","inLanguage":"es","@id":"https:\/\/agrupacionespsoe.es\/castello\/va\/el-pspv-reclama-la-factura-de-la-comilona-de-10-400-e-de-pp-i-vox-en-un-restaurant-de-castello-i-quins-membres-de-lequip-de-govern-van-assistir-al-sopar\/#primaryimage","url":"https:\/\/agrupacionespsoe.es\/castello\/wp-content\/uploads\/sites\/45\/2024\/05\/20240529-El-PSPV-de-Castello-critica-el-veto-de-Begona-Carrasco-a-reclamar-a-la-Generalitat-la-mejora-de-servicios-para-la-residencia-de-personas-mayores-dependientes-Lledo.jpeg","contentUrl":"https:\/\/agrupacionespsoe.es\/castello\/wp-content\/uploads\/sites\/45\/2024\/05\/20240529-El-PSPV-de-Castello-critica-el-veto-de-Begona-Carrasco-a-reclamar-a-la-Generalitat-la-mejora-de-servicios-para-la-residencia-de-personas-mayores-dependientes-Lledo.jpeg","width":1600,"height":1066},{"@type":"BreadcrumbList","@id":"https:\/\/agrupacionespsoe.es\/castello\/va\/el-pspv-reclama-la-factura-de-la-comilona-de-10-400-e-de-pp-i-vox-en-un-restaurant-de-castello-i-quins-membres-de-lequip-de-govern-van-assistir-al-sopar\/#breadcrumb","itemListElement":[{"@type":"ListItem","position":1,"name":"Portada","item":"https:\/\/agrupacionespsoe.es\/castello\/"},{"@type":"ListItem","position":2,"name":"El PSPV reclama la factura de la \u2018comilona\u2019 de 10.400 \u20ac de PP i Vox en un restaurant de Castell\u00f3 i quins membres de l&#8217;equip de govern van assistir al sopar"}]},{"@type":"WebSite","@id":"https:\/\/agrupacionespsoe.es\/castello\/#website","url":"https:\/\/agrupacionespsoe.es\/castello\/","name":"PSPV-PSOE CASTELL\u00d3","description":"PSPV-PSOE | Agrupaci\u00f3 de Castell\u00f3","publisher":{"@id":"https:\/\/agrupacionespsoe.es\/castello\/#organization"},"potentialAction":[{"@type":"SearchAction","target":{"@type":"EntryPoint","urlTemplate":"https:\/\/agrupacionespsoe.es\/castello\/?s={search_term_string}"},"query-input":{"@type":"PropertyValueSpecification","valueRequired":true,"valueName":"search_term_string"}}],"inLanguage":"es"},{"@type":"Organization","@id":"https:\/\/agrupacionespsoe.es\/castello\/#organization","name":"PSPV-PSOE Castell\u00f3","url":"https:\/\/agrupacionespsoe.es\/castello\/","logo":{"@type":"ImageObject","inLanguage":"es","@id":"https:\/\/agrupacionespsoe.es\/castello\/#\/schema\/logo\/image\/","url":"https:\/\/agrupacionespsoe.es\/castello\/wp-content\/uploads\/sites\/45\/2023\/04\/PORTADA-PSOE-CASTELLO.jpg","contentUrl":"https:\/\/agrupacionespsoe.es\/castello\/wp-content\/uploads\/sites\/45\/2023\/04\/PORTADA-PSOE-CASTELLO.jpg","width":2500,"height":2500,"caption":"PSPV-PSOE Castell\u00f3"},"image":{"@id":"https:\/\/agrupacionespsoe.es\/castello\/#\/schema\/logo\/image\/"},"sameAs":["https:\/\/www.facebook.com\/pspv.castellodelaplana","https:\/\/x.com\/pspv_cs","https:\/\/www.instagram.com\/pspvpsoecastello\/"]},{"@type":"Person","@id":"https:\/\/agrupacionespsoe.es\/castello\/#\/schema\/person\/f3bc5b2f9dc6a399e9e98596ae24a20a","name":"castello1","image":{"@type":"ImageObject","inLanguage":"es","@id":"https:\/\/agrupacionespsoe.es\/castello\/#\/schema\/person\/image\/","url":"https:\/\/secure.gravatar.com\/avatar\/5f1da428d6479d1127419c0b58796865?s=96&d=mm&r=g","contentUrl":"https:\/\/secure.gravatar.com\/avatar\/5f1da428d6479d1127419c0b58796865?s=96&d=mm&r=g","caption":"castello1"},"url":"https:\/\/agrupacionespsoe.es\/castello\/author\/castello1\/"}]}},"jetpack_publicize_connections":[],"jetpack_featured_media_url":"https:\/\/agrupacionespsoe.es\/castello\/wp-content\/uploads\/sites\/45\/2024\/05\/20240529-El-PSPV-de-Castello-critica-el-veto-de-Begona-Carrasco-a-reclamar-a-la-Generalitat-la-mejora-de-servicios-para-la-residencia-de-personas-mayores-dependientes-Lledo.jpeg","jetpack_sharing_enabled":true,"_links":{"self":[{"href":"https:\/\/agrupacionespsoe.es\/castello\/wp-json\/wp\/v2\/posts\/7774","targetHints":{"allow":["GET"]}}],"collection":[{"href":"https:\/\/agrupacionespsoe.es\/castello\/wp-json\/wp\/v2\/posts"}],"about":[{"href":"https:\/\/agrupacionespsoe.es\/castello\/wp-json\/wp\/v2\/types\/post"}],"author":[{"embeddable":true,"href":"https:\/\/agrupacionespsoe.es\/castello\/wp-json\/wp\/v2\/users\/48"}],"replies":[{"embeddable":true,"href":"https:\/\/agrupacionespsoe.es\/castello\/wp-json\/wp\/v2\/comments?post=7774"}],"version-history":[{"count":2,"href":"https:\/\/agrupacionespsoe.es\/castello\/wp-json\/wp\/v2\/posts\/7774\/revisions"}],"predecessor-version":[{"id":7776,"href":"https:\/\/agrupacionespsoe.es\/castello\/wp-json\/wp\/v2\/posts\/7774\/revisions\/7776"}],"wp:featuredmedia":[{"embeddable":true,"href":"https:\/\/agrupacionespsoe.es\/castello\/wp-json\/wp\/v2\/media\/5035"}],"wp:attachment":[{"href":"https:\/\/agrupacionespsoe.es\/castello\/wp-json\/wp\/v2\/media?parent=7774"}],"wp:term":[{"taxonomy":"category","embeddable":true,"href":"https:\/\/agrupacionespsoe.es\/castello\/wp-json\/wp\/v2\/categories?post=7774"},{"taxonomy":"post_tag","embeddable":true,"href":"https:\/\/agrupacionespsoe.es\/castello\/wp-json\/wp\/v2\/tags?post=7774"}],"curies":[{"name":"wp","href":"https:\/\/api.w.org\/{rel}","templated":true}]}}