{"id":7686,"date":"2025-04-07T19:32:34","date_gmt":"2025-04-07T17:32:34","guid":{"rendered":"https:\/\/agrupacionespsoe.es\/castello\/?p=7686"},"modified":"2025-04-08T19:34:10","modified_gmt":"2025-04-08T17:34:10","slug":"la-plaga-de-mosquitos-que-afecta-a-la-marjaleria-y-la-zona-del-raval-universitari-vuelve-a-pillar-a-begona-carrasco-sin-los-deberes-hechos-para-frenar-las-plagas","status":"publish","type":"post","link":"https:\/\/agrupacionespsoe.es\/castello\/la-plaga-de-mosquitos-que-afecta-a-la-marjaleria-y-la-zona-del-raval-universitari-vuelve-a-pillar-a-begona-carrasco-sin-los-deberes-hechos-para-frenar-las-plagas\/","title":{"rendered":"La plaga de mosquitos que afecta a la Marjaleria y la zona del Raval Universitari \u201cvuelve a pillar a Bego\u00f1a Carrasco sin los deberes hechos\u201d para frenar las plagas"},"content":{"rendered":"\n<ul class=\"wp-block-list\">\n<li><em><strong>La concejala socialista Mary Carmen Ribera denuncia \u201cel abandono que sufre la ciudadan\u00eda por parte de equipo de gobierno PPVox, \u201cincapaces un a\u00f1o m\u00e1s de prevenir la aparici\u00f3n masiva de d\u00edpteros en Castell\u00f3\u201d<\/strong><\/em><\/li>\n<\/ul>\n\n\n\n<p>La alcaldesa de Castell\u00f3, <strong>Bego\u00f1a Carrasco<\/strong>, \u201cha quedado retratada, un a\u00f1o m\u00e1s, por su incapacidad para prevenir la presencia de mosquitos ya que estamos a principios de abril y las plagas comienzan a ser ya un serio problema en diferentes puntos de la ciudad, como la Marjaleria o la zona del Raval Universitari\u201d, se\u00f1ala <strong>Mary Carmen Ribera<\/strong>, concejala del Grupo Municipal Socialista.<\/p>\n\n\n\n<p>Tras vivir un \u00faltimo tramo de invierno e inicio de primavera lluvioso, \u201ctodos y todas, menos el equipo de gobierno de la se\u00f1ora Carrasco, sab\u00edamos que era cuesti\u00f3n de d\u00edas que comenzasen a proliferar los mosquitos, en especial ahora con temperaturas cada vez m\u00e1s elevadas\u201d. Pese a ello, \u201cBego\u00f1a Carrasco, que tanta alarma social expon\u00eda cuando era jefa de la oposici\u00f3n, parece que tiene otras preocupaciones, como llenar de fotos las redes sociales para su propaganda y postureo y dejar de lado las necesidades de la ciudadan\u00eda\u201d.<\/p>\n\n\n\n<p>Mary Carmen Ribera, responsable en el grupo socialista de las \u00e1reas de Salud P\u00fablica y Grau, recuerda que a los mosquitos \u201cse les combate durante todo el a\u00f1o, en especial cuando se acumula agua y comienzan a subir las temperaturas, pero un a\u00f1o m\u00e1s el equipo de gobierno PPVox ha mostrado su incapacidad para avanzarse a la situaci\u00f3n\u201d.<\/p>\n\n\n\n<p>Desde el Grupo Municipal Socialista, en este sentido, se ha trasladado esta realidad a la Comisi\u00f3n de Estudio de Ciudadan\u00eda, Participaci\u00f3n y Seguridad, donde se ha reclamado que se refuerce de manera inmediata la campa\u00f1a para frenar el aumento de mosquitos, \u201cque puede llegar a generar un claro problema de salud p\u00fablica\u201d, explica Ribera.<\/p>\n","protected":false},"excerpt":{"rendered":"<p>La alcaldesa de Castell\u00f3, Bego\u00f1a Carrasco, \u201cha quedado retratada, un a\u00f1o m\u00e1s, por su incapacidad para prevenir la presencia de mosquitos ya que estamos a principios de abril y las plagas comienzan a ser ya un serio problema en diferentes puntos de la ciudad, como la Marjaleria o la zona del Raval Universitari\u201d, se\u00f1ala Mary &#8230;<\/p>\n","protected":false},"author":48,"featured_media":7687,"comment_status":"open","ping_status":"open","sticky":false,"template":"","format":"standard","meta":{"_jetpack_memberships_contains_paid_content":false,"footnotes":"","jetpack_publicize_message":"","jetpack_publicize_feature_enabled":true,"jetpack_social_post_already_shared":false,"jetpack_social_options":{"image_generator_settings":{"template":"highway","default_image_id":0,"font":"","enabled":false},"version":2}},"categories":[33],"tags":[99,448],"class_list":["post-7686","post","type-post","status-publish","format-standard","has-post-thumbnail","hentry","category-gms","tag-mary-carmen-ribera","tag-todos-es"],"yoast_head":"<!-- This site is optimized with the Yoast SEO plugin v24.0 - https:\/\/yoast.com\/wordpress\/plugins\/seo\/ -->\n<title>La plaga de mosquitos que afecta a la Marjaleria y la zona del Raval Universitari \u201cvuelve a pillar a Bego\u00f1a Carrasco sin los deberes hechos\u201d para frenar las plagas - PSPV-PSOE CASTELL\u00d3<\/title>\n<meta name=\"robots\" content=\"index, follow, max-snippet:-1, max-image-preview:large, max-video-preview:-1\" \/>\n<link rel=\"canonical\" href=\"https:\/\/agrupacionespsoe.es\/castello\/la-plaga-de-mosquitos-que-afecta-a-la-marjaleria-y-la-zona-del-raval-universitari-vuelve-a-pillar-a-begona-carrasco-sin-los-deberes-hechos-para-frenar-las-plagas\/\" \/>\n<meta property=\"og:locale\" content=\"es_ES\" \/>\n<meta property=\"og:type\" content=\"article\" \/>\n<meta property=\"og:title\" content=\"La plaga de mosquitos que afecta a la Marjaleria y la zona del Raval Universitari \u201cvuelve a pillar a Bego\u00f1a Carrasco sin los deberes hechos\u201d para frenar las plagas - PSPV-PSOE CASTELL\u00d3\" \/>\n<meta property=\"og:description\" content=\"La alcaldesa de Castell\u00f3, Bego\u00f1a Carrasco, \u201cha quedado retratada, un a\u00f1o m\u00e1s, por su incapacidad para prevenir la presencia de mosquitos ya que estamos a principios de abril y las plagas comienzan a ser ya un serio problema en diferentes puntos de la ciudad, como la Marjaleria o la zona del Raval Universitari\u201d, se\u00f1ala Mary ...\" \/>\n<meta property=\"og:url\" content=\"https:\/\/agrupacionespsoe.es\/castello\/la-plaga-de-mosquitos-que-afecta-a-la-marjaleria-y-la-zona-del-raval-universitari-vuelve-a-pillar-a-begona-carrasco-sin-los-deberes-hechos-para-frenar-las-plagas\/\" \/>\n<meta property=\"og:site_name\" content=\"PSPV-PSOE CASTELL\u00d3\" \/>\n<meta property=\"article:publisher\" content=\"https:\/\/www.facebook.com\/pspv.castellodelaplana\" \/>\n<meta property=\"article:published_time\" content=\"2025-04-07T17:32:34+00:00\" \/>\n<meta property=\"article:modified_time\" content=\"2025-04-08T17:34:10+00:00\" \/>\n<meta property=\"og:image\" content=\"https:\/\/agrupacionespsoe.es\/castello\/wp-content\/uploads\/sites\/45\/2025\/04\/20240407-La-plaga-de-mosquitos-que-afecta-a-la-Marjaleria-y-la-zona-del-Raval-Universitari-vuelve-a-pillar-a-Begona-Carrasco-sin-los-deberes-hechos-para-frenar-las-plagas.jpeg\" \/>\n\t<meta property=\"og:image:width\" content=\"1600\" \/>\n\t<meta property=\"og:image:height\" content=\"1062\" \/>\n\t<meta property=\"og:image:type\" content=\"image\/jpeg\" \/>\n<meta name=\"author\" content=\"castello1\" \/>\n<meta name=\"twitter:card\" content=\"summary_large_image\" \/>\n<meta name=\"twitter:creator\" content=\"@pspv_cs\" \/>\n<meta name=\"twitter:site\" content=\"@pspv_cs\" \/>\n<meta name=\"twitter:label1\" content=\"Escrito por\" \/>\n\t<meta name=\"twitter:data1\" content=\"castello1\" \/>\n\t<meta name=\"twitter:label2\" content=\"Tiempo de lectura\" \/>\n\t<meta name=\"twitter:data2\" content=\"2 minutos\" \/>\n<script type=\"application\/ld+json\" class=\"yoast-schema-graph\">{\"@context\":\"https:\/\/schema.org\",\"@graph\":[{\"@type\":\"Article\",\"@id\":\"https:\/\/agrupacionespsoe.es\/castello\/la-plaga-de-mosquitos-que-afecta-a-la-marjaleria-y-la-zona-del-raval-universitari-vuelve-a-pillar-a-begona-carrasco-sin-los-deberes-hechos-para-frenar-las-plagas\/#article\",\"isPartOf\":{\"@id\":\"https:\/\/agrupacionespsoe.es\/castello\/la-plaga-de-mosquitos-que-afecta-a-la-marjaleria-y-la-zona-del-raval-universitari-vuelve-a-pillar-a-begona-carrasco-sin-los-deberes-hechos-para-frenar-las-plagas\/\"},\"author\":{\"name\":\"castello1\",\"@id\":\"https:\/\/agrupacionespsoe.es\/castello\/#\/schema\/person\/f3bc5b2f9dc6a399e9e98596ae24a20a\"},\"headline\":\"La plaga de mosquitos que afecta a la Marjaleria y la zona del Raval Universitari \u201cvuelve a pillar a Bego\u00f1a Carrasco sin los deberes hechos\u201d para frenar las plagas\",\"datePublished\":\"2025-04-07T17:32:34+00:00\",\"dateModified\":\"2025-04-08T17:34:10+00:00\",\"mainEntityOfPage\":{\"@id\":\"https:\/\/agrupacionespsoe.es\/castello\/la-plaga-de-mosquitos-que-afecta-a-la-marjaleria-y-la-zona-del-raval-universitari-vuelve-a-pillar-a-begona-carrasco-sin-los-deberes-hechos-para-frenar-las-plagas\/\"},\"wordCount\":352,\"commentCount\":0,\"publisher\":{\"@id\":\"https:\/\/agrupacionespsoe.es\/castello\/#organization\"},\"image\":{\"@id\":\"https:\/\/agrupacionespsoe.es\/castello\/la-plaga-de-mosquitos-que-afecta-a-la-marjaleria-y-la-zona-del-raval-universitari-vuelve-a-pillar-a-begona-carrasco-sin-los-deberes-hechos-para-frenar-las-plagas\/#primaryimage\"},\"thumbnailUrl\":\"https:\/\/agrupacionespsoe.es\/castello\/wp-content\/uploads\/sites\/45\/2025\/04\/20240407-La-plaga-de-mosquitos-que-afecta-a-la-Marjaleria-y-la-zona-del-Raval-Universitari-vuelve-a-pillar-a-Begona-Carrasco-sin-los-deberes-hechos-para-frenar-las-plagas.jpeg\",\"keywords\":[\"Mary Carmen Ribera\",\"Todos\"],\"articleSection\":[\"Grupo Municipal Socialista\"],\"inLanguage\":\"es\",\"potentialAction\":[{\"@type\":\"CommentAction\",\"name\":\"Comment\",\"target\":[\"https:\/\/agrupacionespsoe.es\/castello\/la-plaga-de-mosquitos-que-afecta-a-la-marjaleria-y-la-zona-del-raval-universitari-vuelve-a-pillar-a-begona-carrasco-sin-los-deberes-hechos-para-frenar-las-plagas\/#respond\"]}]},{\"@type\":\"WebPage\",\"@id\":\"https:\/\/agrupacionespsoe.es\/castello\/la-plaga-de-mosquitos-que-afecta-a-la-marjaleria-y-la-zona-del-raval-universitari-vuelve-a-pillar-a-begona-carrasco-sin-los-deberes-hechos-para-frenar-las-plagas\/\",\"url\":\"https:\/\/agrupacionespsoe.es\/castello\/la-plaga-de-mosquitos-que-afecta-a-la-marjaleria-y-la-zona-del-raval-universitari-vuelve-a-pillar-a-begona-carrasco-sin-los-deberes-hechos-para-frenar-las-plagas\/\",\"name\":\"La plaga de mosquitos que afecta a la Marjaleria y la zona del Raval Universitari \u201cvuelve a pillar a Bego\u00f1a Carrasco sin los deberes hechos\u201d para frenar las plagas - PSPV-PSOE CASTELL\u00d3\",\"isPartOf\":{\"@id\":\"https:\/\/agrupacionespsoe.es\/castello\/#website\"},\"primaryImageOfPage\":{\"@id\":\"https:\/\/agrupacionespsoe.es\/castello\/la-plaga-de-mosquitos-que-afecta-a-la-marjaleria-y-la-zona-del-raval-universitari-vuelve-a-pillar-a-begona-carrasco-sin-los-deberes-hechos-para-frenar-las-plagas\/#primaryimage\"},\"image\":{\"@id\":\"https:\/\/agrupacionespsoe.es\/castello\/la-plaga-de-mosquitos-que-afecta-a-la-marjaleria-y-la-zona-del-raval-universitari-vuelve-a-pillar-a-begona-carrasco-sin-los-deberes-hechos-para-frenar-las-plagas\/#primaryimage\"},\"thumbnailUrl\":\"https:\/\/agrupacionespsoe.es\/castello\/wp-content\/uploads\/sites\/45\/2025\/04\/20240407-La-plaga-de-mosquitos-que-afecta-a-la-Marjaleria-y-la-zona-del-Raval-Universitari-vuelve-a-pillar-a-Begona-Carrasco-sin-los-deberes-hechos-para-frenar-las-plagas.jpeg\",\"datePublished\":\"2025-04-07T17:32:34+00:00\",\"dateModified\":\"2025-04-08T17:34:10+00:00\",\"breadcrumb\":{\"@id\":\"https:\/\/agrupacionespsoe.es\/castello\/la-plaga-de-mosquitos-que-afecta-a-la-marjaleria-y-la-zona-del-raval-universitari-vuelve-a-pillar-a-begona-carrasco-sin-los-deberes-hechos-para-frenar-las-plagas\/#breadcrumb\"},\"inLanguage\":\"es\",\"potentialAction\":[{\"@type\":\"ReadAction\",\"target\":[\"https:\/\/agrupacionespsoe.es\/castello\/la-plaga-de-mosquitos-que-afecta-a-la-marjaleria-y-la-zona-del-raval-universitari-vuelve-a-pillar-a-begona-carrasco-sin-los-deberes-hechos-para-frenar-las-plagas\/\"]}]},{\"@type\":\"ImageObject\",\"inLanguage\":\"es\",\"@id\":\"https:\/\/agrupacionespsoe.es\/castello\/la-plaga-de-mosquitos-que-afecta-a-la-marjaleria-y-la-zona-del-raval-universitari-vuelve-a-pillar-a-begona-carrasco-sin-los-deberes-hechos-para-frenar-las-plagas\/#primaryimage\",\"url\":\"https:\/\/agrupacionespsoe.es\/castello\/wp-content\/uploads\/sites\/45\/2025\/04\/20240407-La-plaga-de-mosquitos-que-afecta-a-la-Marjaleria-y-la-zona-del-Raval-Universitari-vuelve-a-pillar-a-Begona-Carrasco-sin-los-deberes-hechos-para-frenar-las-plagas.jpeg\",\"contentUrl\":\"https:\/\/agrupacionespsoe.es\/castello\/wp-content\/uploads\/sites\/45\/2025\/04\/20240407-La-plaga-de-mosquitos-que-afecta-a-la-Marjaleria-y-la-zona-del-Raval-Universitari-vuelve-a-pillar-a-Begona-Carrasco-sin-los-deberes-hechos-para-frenar-las-plagas.jpeg\",\"width\":1600,\"height\":1062},{\"@type\":\"BreadcrumbList\",\"@id\":\"https:\/\/agrupacionespsoe.es\/castello\/la-plaga-de-mosquitos-que-afecta-a-la-marjaleria-y-la-zona-del-raval-universitari-vuelve-a-pillar-a-begona-carrasco-sin-los-deberes-hechos-para-frenar-las-plagas\/#breadcrumb\",\"itemListElement\":[{\"@type\":\"ListItem\",\"position\":1,\"name\":\"Portada\",\"item\":\"https:\/\/agrupacionespsoe.es\/castello\/\"},{\"@type\":\"ListItem\",\"position\":2,\"name\":\"La plaga de mosquitos que afecta a la Marjaleria y la zona del Raval Universitari \u201cvuelve a pillar a Bego\u00f1a Carrasco sin los deberes hechos\u201d para frenar las plagas\"}]},{\"@type\":\"WebSite\",\"@id\":\"https:\/\/agrupacionespsoe.es\/castello\/#website\",\"url\":\"https:\/\/agrupacionespsoe.es\/castello\/\",\"name\":\"PSPV-PSOE CASTELL\u00d3\",\"description\":\"PSPV-PSOE | Agrupaci\u00f3 de Castell\u00f3\",\"publisher\":{\"@id\":\"https:\/\/agrupacionespsoe.es\/castello\/#organization\"},\"potentialAction\":[{\"@type\":\"SearchAction\",\"target\":{\"@type\":\"EntryPoint\",\"urlTemplate\":\"https:\/\/agrupacionespsoe.es\/castello\/?s={search_term_string}\"},\"query-input\":{\"@type\":\"PropertyValueSpecification\",\"valueRequired\":true,\"valueName\":\"search_term_string\"}}],\"inLanguage\":\"es\"},{\"@type\":\"Organization\",\"@id\":\"https:\/\/agrupacionespsoe.es\/castello\/#organization\",\"name\":\"PSPV-PSOE Castell\u00f3\",\"url\":\"https:\/\/agrupacionespsoe.es\/castello\/\",\"logo\":{\"@type\":\"ImageObject\",\"inLanguage\":\"es\",\"@id\":\"https:\/\/agrupacionespsoe.es\/castello\/#\/schema\/logo\/image\/\",\"url\":\"https:\/\/agrupacionespsoe.es\/castello\/wp-content\/uploads\/sites\/45\/2023\/04\/PORTADA-PSOE-CASTELLO.jpg\",\"contentUrl\":\"https:\/\/agrupacionespsoe.es\/castello\/wp-content\/uploads\/sites\/45\/2023\/04\/PORTADA-PSOE-CASTELLO.jpg\",\"width\":2500,\"height\":2500,\"caption\":\"PSPV-PSOE Castell\u00f3\"},\"image\":{\"@id\":\"https:\/\/agrupacionespsoe.es\/castello\/#\/schema\/logo\/image\/\"},\"sameAs\":[\"https:\/\/www.facebook.com\/pspv.castellodelaplana\",\"https:\/\/x.com\/pspv_cs\",\"https:\/\/www.instagram.com\/pspvpsoecastello\/\"]},{\"@type\":\"Person\",\"@id\":\"https:\/\/agrupacionespsoe.es\/castello\/#\/schema\/person\/f3bc5b2f9dc6a399e9e98596ae24a20a\",\"name\":\"castello1\",\"image\":{\"@type\":\"ImageObject\",\"inLanguage\":\"es\",\"@id\":\"https:\/\/agrupacionespsoe.es\/castello\/#\/schema\/person\/image\/\",\"url\":\"https:\/\/secure.gravatar.com\/avatar\/5f1da428d6479d1127419c0b58796865?s=96&d=mm&r=g\",\"contentUrl\":\"https:\/\/secure.gravatar.com\/avatar\/5f1da428d6479d1127419c0b58796865?s=96&d=mm&r=g\",\"caption\":\"castello1\"},\"url\":\"https:\/\/agrupacionespsoe.es\/castello\/author\/castello1\/\"}]}<\/script>\n<!-- \/ Yoast SEO plugin. -->","yoast_head_json":{"title":"La plaga de mosquitos que afecta a la Marjaleria y la zona del Raval Universitari \u201cvuelve a pillar a Bego\u00f1a Carrasco sin los deberes hechos\u201d para frenar las plagas - PSPV-PSOE CASTELL\u00d3","robots":{"index":"index","follow":"follow","max-snippet":"max-snippet:-1","max-image-preview":"max-image-preview:large","max-video-preview":"max-video-preview:-1"},"canonical":"https:\/\/agrupacionespsoe.es\/castello\/la-plaga-de-mosquitos-que-afecta-a-la-marjaleria-y-la-zona-del-raval-universitari-vuelve-a-pillar-a-begona-carrasco-sin-los-deberes-hechos-para-frenar-las-plagas\/","og_locale":"es_ES","og_type":"article","og_title":"La plaga de mosquitos que afecta a la Marjaleria y la zona del Raval Universitari \u201cvuelve a pillar a Bego\u00f1a Carrasco sin los deberes hechos\u201d para frenar las plagas - PSPV-PSOE CASTELL\u00d3","og_description":"La alcaldesa de Castell\u00f3, Bego\u00f1a Carrasco, \u201cha quedado retratada, un a\u00f1o m\u00e1s, por su incapacidad para prevenir la presencia de mosquitos ya que estamos a principios de abril y las plagas comienzan a ser ya un serio problema en diferentes puntos de la ciudad, como la Marjaleria o la zona del Raval Universitari\u201d, se\u00f1ala Mary ...","og_url":"https:\/\/agrupacionespsoe.es\/castello\/la-plaga-de-mosquitos-que-afecta-a-la-marjaleria-y-la-zona-del-raval-universitari-vuelve-a-pillar-a-begona-carrasco-sin-los-deberes-hechos-para-frenar-las-plagas\/","og_site_name":"PSPV-PSOE CASTELL\u00d3","article_publisher":"https:\/\/www.facebook.com\/pspv.castellodelaplana","article_published_time":"2025-04-07T17:32:34+00:00","article_modified_time":"2025-04-08T17:34:10+00:00","og_image":[{"width":1600,"height":1062,"url":"https:\/\/agrupacionespsoe.es\/castello\/wp-content\/uploads\/sites\/45\/2025\/04\/20240407-La-plaga-de-mosquitos-que-afecta-a-la-Marjaleria-y-la-zona-del-Raval-Universitari-vuelve-a-pillar-a-Begona-Carrasco-sin-los-deberes-hechos-para-frenar-las-plagas.jpeg","type":"image\/jpeg"}],"author":"castello1","twitter_card":"summary_large_image","twitter_creator":"@pspv_cs","twitter_site":"@pspv_cs","twitter_misc":{"Escrito por":"castello1","Tiempo de lectura":"2 minutos"},"schema":{"@context":"https:\/\/schema.org","@graph":[{"@type":"Article","@id":"https:\/\/agrupacionespsoe.es\/castello\/la-plaga-de-mosquitos-que-afecta-a-la-marjaleria-y-la-zona-del-raval-universitari-vuelve-a-pillar-a-begona-carrasco-sin-los-deberes-hechos-para-frenar-las-plagas\/#article","isPartOf":{"@id":"https:\/\/agrupacionespsoe.es\/castello\/la-plaga-de-mosquitos-que-afecta-a-la-marjaleria-y-la-zona-del-raval-universitari-vuelve-a-pillar-a-begona-carrasco-sin-los-deberes-hechos-para-frenar-las-plagas\/"},"author":{"name":"castello1","@id":"https:\/\/agrupacionespsoe.es\/castello\/#\/schema\/person\/f3bc5b2f9dc6a399e9e98596ae24a20a"},"headline":"La plaga de mosquitos que afecta a la Marjaleria y la zona del Raval Universitari \u201cvuelve a pillar a Bego\u00f1a Carrasco sin los deberes hechos\u201d para frenar las plagas","datePublished":"2025-04-07T17:32:34+00:00","dateModified":"2025-04-08T17:34:10+00:00","mainEntityOfPage":{"@id":"https:\/\/agrupacionespsoe.es\/castello\/la-plaga-de-mosquitos-que-afecta-a-la-marjaleria-y-la-zona-del-raval-universitari-vuelve-a-pillar-a-begona-carrasco-sin-los-deberes-hechos-para-frenar-las-plagas\/"},"wordCount":352,"commentCount":0,"publisher":{"@id":"https:\/\/agrupacionespsoe.es\/castello\/#organization"},"image":{"@id":"https:\/\/agrupacionespsoe.es\/castello\/la-plaga-de-mosquitos-que-afecta-a-la-marjaleria-y-la-zona-del-raval-universitari-vuelve-a-pillar-a-begona-carrasco-sin-los-deberes-hechos-para-frenar-las-plagas\/#primaryimage"},"thumbnailUrl":"https:\/\/agrupacionespsoe.es\/castello\/wp-content\/uploads\/sites\/45\/2025\/04\/20240407-La-plaga-de-mosquitos-que-afecta-a-la-Marjaleria-y-la-zona-del-Raval-Universitari-vuelve-a-pillar-a-Begona-Carrasco-sin-los-deberes-hechos-para-frenar-las-plagas.jpeg","keywords":["Mary Carmen Ribera","Todos"],"articleSection":["Grupo Municipal Socialista"],"inLanguage":"es","potentialAction":[{"@type":"CommentAction","name":"Comment","target":["https:\/\/agrupacionespsoe.es\/castello\/la-plaga-de-mosquitos-que-afecta-a-la-marjaleria-y-la-zona-del-raval-universitari-vuelve-a-pillar-a-begona-carrasco-sin-los-deberes-hechos-para-frenar-las-plagas\/#respond"]}]},{"@type":"WebPage","@id":"https:\/\/agrupacionespsoe.es\/castello\/la-plaga-de-mosquitos-que-afecta-a-la-marjaleria-y-la-zona-del-raval-universitari-vuelve-a-pillar-a-begona-carrasco-sin-los-deberes-hechos-para-frenar-las-plagas\/","url":"https:\/\/agrupacionespsoe.es\/castello\/la-plaga-de-mosquitos-que-afecta-a-la-marjaleria-y-la-zona-del-raval-universitari-vuelve-a-pillar-a-begona-carrasco-sin-los-deberes-hechos-para-frenar-las-plagas\/","name":"La plaga de mosquitos que afecta a la Marjaleria y la zona del Raval Universitari \u201cvuelve a pillar a Bego\u00f1a Carrasco sin los deberes hechos\u201d para frenar las plagas - PSPV-PSOE CASTELL\u00d3","isPartOf":{"@id":"https:\/\/agrupacionespsoe.es\/castello\/#website"},"primaryImageOfPage":{"@id":"https:\/\/agrupacionespsoe.es\/castello\/la-plaga-de-mosquitos-que-afecta-a-la-marjaleria-y-la-zona-del-raval-universitari-vuelve-a-pillar-a-begona-carrasco-sin-los-deberes-hechos-para-frenar-las-plagas\/#primaryimage"},"image":{"@id":"https:\/\/agrupacionespsoe.es\/castello\/la-plaga-de-mosquitos-que-afecta-a-la-marjaleria-y-la-zona-del-raval-universitari-vuelve-a-pillar-a-begona-carrasco-sin-los-deberes-hechos-para-frenar-las-plagas\/#primaryimage"},"thumbnailUrl":"https:\/\/agrupacionespsoe.es\/castello\/wp-content\/uploads\/sites\/45\/2025\/04\/20240407-La-plaga-de-mosquitos-que-afecta-a-la-Marjaleria-y-la-zona-del-Raval-Universitari-vuelve-a-pillar-a-Begona-Carrasco-sin-los-deberes-hechos-para-frenar-las-plagas.jpeg","datePublished":"2025-04-07T17:32:34+00:00","dateModified":"2025-04-08T17:34:10+00:00","breadcrumb":{"@id":"https:\/\/agrupacionespsoe.es\/castello\/la-plaga-de-mosquitos-que-afecta-a-la-marjaleria-y-la-zona-del-raval-universitari-vuelve-a-pillar-a-begona-carrasco-sin-los-deberes-hechos-para-frenar-las-plagas\/#breadcrumb"},"inLanguage":"es","potentialAction":[{"@type":"ReadAction","target":["https:\/\/agrupacionespsoe.es\/castello\/la-plaga-de-mosquitos-que-afecta-a-la-marjaleria-y-la-zona-del-raval-universitari-vuelve-a-pillar-a-begona-carrasco-sin-los-deberes-hechos-para-frenar-las-plagas\/"]}]},{"@type":"ImageObject","inLanguage":"es","@id":"https:\/\/agrupacionespsoe.es\/castello\/la-plaga-de-mosquitos-que-afecta-a-la-marjaleria-y-la-zona-del-raval-universitari-vuelve-a-pillar-a-begona-carrasco-sin-los-deberes-hechos-para-frenar-las-plagas\/#primaryimage","url":"https:\/\/agrupacionespsoe.es\/castello\/wp-content\/uploads\/sites\/45\/2025\/04\/20240407-La-plaga-de-mosquitos-que-afecta-a-la-Marjaleria-y-la-zona-del-Raval-Universitari-vuelve-a-pillar-a-Begona-Carrasco-sin-los-deberes-hechos-para-frenar-las-plagas.jpeg","contentUrl":"https:\/\/agrupacionespsoe.es\/castello\/wp-content\/uploads\/sites\/45\/2025\/04\/20240407-La-plaga-de-mosquitos-que-afecta-a-la-Marjaleria-y-la-zona-del-Raval-Universitari-vuelve-a-pillar-a-Begona-Carrasco-sin-los-deberes-hechos-para-frenar-las-plagas.jpeg","width":1600,"height":1062},{"@type":"BreadcrumbList","@id":"https:\/\/agrupacionespsoe.es\/castello\/la-plaga-de-mosquitos-que-afecta-a-la-marjaleria-y-la-zona-del-raval-universitari-vuelve-a-pillar-a-begona-carrasco-sin-los-deberes-hechos-para-frenar-las-plagas\/#breadcrumb","itemListElement":[{"@type":"ListItem","position":1,"name":"Portada","item":"https:\/\/agrupacionespsoe.es\/castello\/"},{"@type":"ListItem","position":2,"name":"La plaga de mosquitos que afecta a la Marjaleria y la zona del Raval Universitari \u201cvuelve a pillar a Bego\u00f1a Carrasco sin los deberes hechos\u201d para frenar las plagas"}]},{"@type":"WebSite","@id":"https:\/\/agrupacionespsoe.es\/castello\/#website","url":"https:\/\/agrupacionespsoe.es\/castello\/","name":"PSPV-PSOE CASTELL\u00d3","description":"PSPV-PSOE | Agrupaci\u00f3 de Castell\u00f3","publisher":{"@id":"https:\/\/agrupacionespsoe.es\/castello\/#organization"},"potentialAction":[{"@type":"SearchAction","target":{"@type":"EntryPoint","urlTemplate":"https:\/\/agrupacionespsoe.es\/castello\/?s={search_term_string}"},"query-input":{"@type":"PropertyValueSpecification","valueRequired":true,"valueName":"search_term_string"}}],"inLanguage":"es"},{"@type":"Organization","@id":"https:\/\/agrupacionespsoe.es\/castello\/#organization","name":"PSPV-PSOE Castell\u00f3","url":"https:\/\/agrupacionespsoe.es\/castello\/","logo":{"@type":"ImageObject","inLanguage":"es","@id":"https:\/\/agrupacionespsoe.es\/castello\/#\/schema\/logo\/image\/","url":"https:\/\/agrupacionespsoe.es\/castello\/wp-content\/uploads\/sites\/45\/2023\/04\/PORTADA-PSOE-CASTELLO.jpg","contentUrl":"https:\/\/agrupacionespsoe.es\/castello\/wp-content\/uploads\/sites\/45\/2023\/04\/PORTADA-PSOE-CASTELLO.jpg","width":2500,"height":2500,"caption":"PSPV-PSOE Castell\u00f3"},"image":{"@id":"https:\/\/agrupacionespsoe.es\/castello\/#\/schema\/logo\/image\/"},"sameAs":["https:\/\/www.facebook.com\/pspv.castellodelaplana","https:\/\/x.com\/pspv_cs","https:\/\/www.instagram.com\/pspvpsoecastello\/"]},{"@type":"Person","@id":"https:\/\/agrupacionespsoe.es\/castello\/#\/schema\/person\/f3bc5b2f9dc6a399e9e98596ae24a20a","name":"castello1","image":{"@type":"ImageObject","inLanguage":"es","@id":"https:\/\/agrupacionespsoe.es\/castello\/#\/schema\/person\/image\/","url":"https:\/\/secure.gravatar.com\/avatar\/5f1da428d6479d1127419c0b58796865?s=96&d=mm&r=g","contentUrl":"https:\/\/secure.gravatar.com\/avatar\/5f1da428d6479d1127419c0b58796865?s=96&d=mm&r=g","caption":"castello1"},"url":"https:\/\/agrupacionespsoe.es\/castello\/author\/castello1\/"}]}},"jetpack_publicize_connections":[],"jetpack_featured_media_url":"https:\/\/agrupacionespsoe.es\/castello\/wp-content\/uploads\/sites\/45\/2025\/04\/20240407-La-plaga-de-mosquitos-que-afecta-a-la-Marjaleria-y-la-zona-del-Raval-Universitari-vuelve-a-pillar-a-Begona-Carrasco-sin-los-deberes-hechos-para-frenar-las-plagas.jpeg","jetpack_sharing_enabled":true,"_links":{"self":[{"href":"https:\/\/agrupacionespsoe.es\/castello\/wp-json\/wp\/v2\/posts\/7686","targetHints":{"allow":["GET"]}}],"collection":[{"href":"https:\/\/agrupacionespsoe.es\/castello\/wp-json\/wp\/v2\/posts"}],"about":[{"href":"https:\/\/agrupacionespsoe.es\/castello\/wp-json\/wp\/v2\/types\/post"}],"author":[{"embeddable":true,"href":"https:\/\/agrupacionespsoe.es\/castello\/wp-json\/wp\/v2\/users\/48"}],"replies":[{"embeddable":true,"href":"https:\/\/agrupacionespsoe.es\/castello\/wp-json\/wp\/v2\/comments?post=7686"}],"version-history":[{"count":1,"href":"https:\/\/agrupacionespsoe.es\/castello\/wp-json\/wp\/v2\/posts\/7686\/revisions"}],"predecessor-version":[{"id":7688,"href":"https:\/\/agrupacionespsoe.es\/castello\/wp-json\/wp\/v2\/posts\/7686\/revisions\/7688"}],"wp:featuredmedia":[{"embeddable":true,"href":"https:\/\/agrupacionespsoe.es\/castello\/wp-json\/wp\/v2\/media\/7687"}],"wp:attachment":[{"href":"https:\/\/agrupacionespsoe.es\/castello\/wp-json\/wp\/v2\/media?parent=7686"}],"wp:term":[{"taxonomy":"category","embeddable":true,"href":"https:\/\/agrupacionespsoe.es\/castello\/wp-json\/wp\/v2\/categories?post=7686"},{"taxonomy":"post_tag","embeddable":true,"href":"https:\/\/agrupacionespsoe.es\/castello\/wp-json\/wp\/v2\/tags?post=7686"}],"curies":[{"name":"wp","href":"https:\/\/api.w.org\/{rel}","templated":true}]}}