{"id":7651,"date":"2025-04-04T11:52:16","date_gmt":"2025-04-04T09:52:16","guid":{"rendered":"https:\/\/agrupacionespsoe.es\/castello\/?p=7651"},"modified":"2025-04-04T11:58:18","modified_gmt":"2025-04-04T09:58:18","slug":"carrasco-menyste-als-clubs-esportius","status":"publish","type":"post","link":"https:\/\/agrupacionespsoe.es\/castello\/va\/carrasco-menyste-als-clubs-esportius\/","title":{"rendered":"Carrasco menyst\u00e9 als clubs esportius"},"content":{"rendered":"\n<p>El passat 18 de mar\u00e7 es va celebrar una sessi\u00f3 extraordin\u00e0ria del Consell Rector del Patronat Municipal d&#8217;Esports de Castell\u00f3, reuni\u00f3 a la que no va assistir cap representant dels diferents clubs de la ciutat.<\/p>\n\n\n\n<p>Este succ\u00e9s ja ha ocorregut\u00a0m\u00e9s vegades en estos quasi dos anys de govern de PP-VOX i per al Grup Municipal Socialista s\u00f3n diverses les raons, imputables per descomptat a la p\u00e8ssima planificaci\u00f3 del govern de la senyora alcaldessa, <strong>Bego\u00f1a Carrasco<\/strong>, i de la seua regidora d&#8217;Esports, <strong>Maica Hurtado<\/strong>.<\/p>\n\n\n\n<p>Perqu\u00e8 la realitat \u00e9s aquesta: abusen de les convocat\u00f2ries extraordin\u00e0ries i\/o urgents i l&#8217;horari, amb reunions al mat\u00ed o al migdia en lloc de la vesprada, \u00e9s un gran obstacle ja que els representants de clubs treballen. A m\u00e9s, a l&#8217;hora d&#8217;elaborar els pressupostos del Patronat no es compte amb l&#8217;opini\u00f3 i suggeriments dels clubs pese a ser els mes interessats en qu\u00e8 l&#8217;esport a Castell\u00f3 funcione.<\/p>\n\n\n\n<p>Des del PSPV sempre defendrem que no es poden aprovar pressupostos per a l&#8217;esport donant l&#8217;esquena als clubs. Carrasco&nbsp;i&nbsp;Hurtado saben que poden comptar amb la nostra col\u00b7laboraci\u00f3, com ja hem demostrat. Com a dada cal dir que, en alguna d&#8217;estes sessions del Patronat d&#8217;Esports, sense la pres\u00e8ncia de representants del Grup Socialista no hi haguera hagut suficients membres del Consell Rector i no s&#8217;haguera pogut celebrar.<\/p>\n\n\n\n<p>L&#8217;\u00fanica condici\u00f3 que posem \u00e9s que escolten els clubs de Castell\u00f3, que atenguen les seues demandes i que no els utilitzen \u00fanicament per a fins pol\u00edtics i partidistes.<\/p>\n\n\n\n<p class=\"has-text-align-right\"><em><strong>Jos\u00e9 Segura<\/strong><\/em><br><em>Regidor\u00a0del<\/em> <em>Grup Municipal Socialista<\/em> <em>a l\u2019Ajuntament\u00a0de Castell\u00f3<\/em><\/p>\n","protected":false},"excerpt":{"rendered":"<p>El passat 18 de mar\u00e7 es va celebrar una sessi\u00f3 extraordin\u00e0ria del Consell Rector del Patronat Municipal d&#8217;Esports de Castell\u00f3, reuni\u00f3 a la que no va assistir cap representant dels diferents clubs de la ciutat. Este succ\u00e9s ja ha ocorregut\u00a0m\u00e9s vegades en estos quasi dos anys de govern de PP-VOX i per al Grup Municipal &#8230;<\/p>\n","protected":false},"author":48,"featured_media":7673,"comment_status":"open","ping_status":"open","sticky":false,"template":"","format":"standard","meta":{"_jetpack_memberships_contains_paid_content":false,"footnotes":"","jetpack_publicize_message":"","jetpack_publicize_feature_enabled":true,"jetpack_social_post_already_shared":false,"jetpack_social_options":{"image_generator_settings":{"template":"highway","default_image_id":0,"font":"","enabled":false},"version":2}},"categories":[22,70],"tags":[113,446],"class_list":["post-7651","post","type-post","status-publish","format-standard","has-post-thumbnail","hentry","category-gms-va","category-opinio","tag-jose-segura-va","tag-todos-va"],"yoast_head":"<!-- This site is optimized with the Yoast SEO plugin v24.0 - https:\/\/yoast.com\/wordpress\/plugins\/seo\/ -->\n<title>Carrasco menyst\u00e9 als clubs esportius - PSPV-PSOE CASTELL\u00d3<\/title>\n<meta name=\"robots\" content=\"index, follow, max-snippet:-1, max-image-preview:large, max-video-preview:-1\" \/>\n<link rel=\"canonical\" href=\"https:\/\/agrupacionespsoe.es\/castello\/va\/carrasco-menyste-als-clubs-esportius\/\" \/>\n<meta property=\"og:locale\" content=\"es_ES\" \/>\n<meta property=\"og:type\" content=\"article\" \/>\n<meta property=\"og:title\" content=\"Carrasco menyst\u00e9 als clubs esportius - PSPV-PSOE CASTELL\u00d3\" \/>\n<meta property=\"og:description\" content=\"El passat 18 de mar\u00e7 es va celebrar una sessi\u00f3 extraordin\u00e0ria del Consell Rector del Patronat Municipal d&#8217;Esports de Castell\u00f3, reuni\u00f3 a la que no va assistir cap representant dels diferents clubs de la ciutat. Este succ\u00e9s ja ha ocorregut\u00a0m\u00e9s vegades en estos quasi dos anys de govern de PP-VOX i per al Grup Municipal ...\" \/>\n<meta property=\"og:url\" content=\"https:\/\/agrupacionespsoe.es\/castello\/va\/carrasco-menyste-als-clubs-esportius\/\" \/>\n<meta property=\"og:site_name\" content=\"PSPV-PSOE CASTELL\u00d3\" \/>\n<meta property=\"article:publisher\" content=\"https:\/\/www.facebook.com\/pspv.castellodelaplana\" \/>\n<meta property=\"article:published_time\" content=\"2025-04-04T09:52:16+00:00\" \/>\n<meta property=\"article:modified_time\" content=\"2025-04-04T09:58:18+00:00\" \/>\n<meta property=\"og:image\" content=\"https:\/\/agrupacionespsoe.es\/castello\/wp-content\/uploads\/sites\/45\/2025\/04\/10.-JOSE-SEGURA-PALLARES-2-scaled-1.jpg\" \/>\n\t<meta property=\"og:image:width\" content=\"2560\" \/>\n\t<meta property=\"og:image:height\" content=\"2560\" \/>\n\t<meta property=\"og:image:type\" content=\"image\/jpeg\" \/>\n<meta name=\"author\" content=\"castello1\" \/>\n<meta name=\"twitter:card\" content=\"summary_large_image\" \/>\n<meta name=\"twitter:creator\" content=\"@pspv_cs\" \/>\n<meta name=\"twitter:site\" content=\"@pspv_cs\" \/>\n<meta name=\"twitter:label1\" content=\"Escrito por\" \/>\n\t<meta name=\"twitter:data1\" content=\"castello1\" \/>\n\t<meta name=\"twitter:label2\" content=\"Tiempo de lectura\" \/>\n\t<meta name=\"twitter:data2\" content=\"2 minutos\" \/>\n<script type=\"application\/ld+json\" class=\"yoast-schema-graph\">{\"@context\":\"https:\/\/schema.org\",\"@graph\":[{\"@type\":\"Article\",\"@id\":\"https:\/\/agrupacionespsoe.es\/castello\/va\/carrasco-menyste-als-clubs-esportius\/#article\",\"isPartOf\":{\"@id\":\"https:\/\/agrupacionespsoe.es\/castello\/va\/carrasco-menyste-als-clubs-esportius\/\"},\"author\":{\"name\":\"castello1\",\"@id\":\"https:\/\/agrupacionespsoe.es\/castello\/#\/schema\/person\/f3bc5b2f9dc6a399e9e98596ae24a20a\"},\"headline\":\"Carrasco menyst\u00e9 als clubs esportius\",\"datePublished\":\"2025-04-04T09:52:16+00:00\",\"dateModified\":\"2025-04-04T09:58:18+00:00\",\"mainEntityOfPage\":{\"@id\":\"https:\/\/agrupacionespsoe.es\/castello\/va\/carrasco-menyste-als-clubs-esportius\/\"},\"wordCount\":279,\"commentCount\":0,\"publisher\":{\"@id\":\"https:\/\/agrupacionespsoe.es\/castello\/#organization\"},\"image\":{\"@id\":\"https:\/\/agrupacionespsoe.es\/castello\/va\/carrasco-menyste-als-clubs-esportius\/#primaryimage\"},\"thumbnailUrl\":\"https:\/\/agrupacionespsoe.es\/castello\/wp-content\/uploads\/sites\/45\/2025\/04\/10.-JOSE-SEGURA-PALLARES-2-scaled-1.jpg\",\"keywords\":[\"Jos\u00e9 Segura\",\"Todos\"],\"articleSection\":[\"Grup Municipal Socialista\",\"Opini\u00f3\"],\"inLanguage\":\"es\",\"potentialAction\":[{\"@type\":\"CommentAction\",\"name\":\"Comment\",\"target\":[\"https:\/\/agrupacionespsoe.es\/castello\/va\/carrasco-menyste-als-clubs-esportius\/#respond\"]}]},{\"@type\":\"WebPage\",\"@id\":\"https:\/\/agrupacionespsoe.es\/castello\/va\/carrasco-menyste-als-clubs-esportius\/\",\"url\":\"https:\/\/agrupacionespsoe.es\/castello\/va\/carrasco-menyste-als-clubs-esportius\/\",\"name\":\"Carrasco menyst\u00e9 als clubs esportius - PSPV-PSOE CASTELL\u00d3\",\"isPartOf\":{\"@id\":\"https:\/\/agrupacionespsoe.es\/castello\/#website\"},\"primaryImageOfPage\":{\"@id\":\"https:\/\/agrupacionespsoe.es\/castello\/va\/carrasco-menyste-als-clubs-esportius\/#primaryimage\"},\"image\":{\"@id\":\"https:\/\/agrupacionespsoe.es\/castello\/va\/carrasco-menyste-als-clubs-esportius\/#primaryimage\"},\"thumbnailUrl\":\"https:\/\/agrupacionespsoe.es\/castello\/wp-content\/uploads\/sites\/45\/2025\/04\/10.-JOSE-SEGURA-PALLARES-2-scaled-1.jpg\",\"datePublished\":\"2025-04-04T09:52:16+00:00\",\"dateModified\":\"2025-04-04T09:58:18+00:00\",\"breadcrumb\":{\"@id\":\"https:\/\/agrupacionespsoe.es\/castello\/va\/carrasco-menyste-als-clubs-esportius\/#breadcrumb\"},\"inLanguage\":\"es\",\"potentialAction\":[{\"@type\":\"ReadAction\",\"target\":[\"https:\/\/agrupacionespsoe.es\/castello\/va\/carrasco-menyste-als-clubs-esportius\/\"]}]},{\"@type\":\"ImageObject\",\"inLanguage\":\"es\",\"@id\":\"https:\/\/agrupacionespsoe.es\/castello\/va\/carrasco-menyste-als-clubs-esportius\/#primaryimage\",\"url\":\"https:\/\/agrupacionespsoe.es\/castello\/wp-content\/uploads\/sites\/45\/2025\/04\/10.-JOSE-SEGURA-PALLARES-2-scaled-1.jpg\",\"contentUrl\":\"https:\/\/agrupacionespsoe.es\/castello\/wp-content\/uploads\/sites\/45\/2025\/04\/10.-JOSE-SEGURA-PALLARES-2-scaled-1.jpg\",\"width\":2560,\"height\":2560},{\"@type\":\"BreadcrumbList\",\"@id\":\"https:\/\/agrupacionespsoe.es\/castello\/va\/carrasco-menyste-als-clubs-esportius\/#breadcrumb\",\"itemListElement\":[{\"@type\":\"ListItem\",\"position\":1,\"name\":\"Portada\",\"item\":\"https:\/\/agrupacionespsoe.es\/castello\/\"},{\"@type\":\"ListItem\",\"position\":2,\"name\":\"Carrasco menyst\u00e9 als clubs esportius\"}]},{\"@type\":\"WebSite\",\"@id\":\"https:\/\/agrupacionespsoe.es\/castello\/#website\",\"url\":\"https:\/\/agrupacionespsoe.es\/castello\/\",\"name\":\"PSPV-PSOE CASTELL\u00d3\",\"description\":\"PSPV-PSOE | Agrupaci\u00f3 de Castell\u00f3\",\"publisher\":{\"@id\":\"https:\/\/agrupacionespsoe.es\/castello\/#organization\"},\"potentialAction\":[{\"@type\":\"SearchAction\",\"target\":{\"@type\":\"EntryPoint\",\"urlTemplate\":\"https:\/\/agrupacionespsoe.es\/castello\/?s={search_term_string}\"},\"query-input\":{\"@type\":\"PropertyValueSpecification\",\"valueRequired\":true,\"valueName\":\"search_term_string\"}}],\"inLanguage\":\"es\"},{\"@type\":\"Organization\",\"@id\":\"https:\/\/agrupacionespsoe.es\/castello\/#organization\",\"name\":\"PSPV-PSOE Castell\u00f3\",\"url\":\"https:\/\/agrupacionespsoe.es\/castello\/\",\"logo\":{\"@type\":\"ImageObject\",\"inLanguage\":\"es\",\"@id\":\"https:\/\/agrupacionespsoe.es\/castello\/#\/schema\/logo\/image\/\",\"url\":\"https:\/\/agrupacionespsoe.es\/castello\/wp-content\/uploads\/sites\/45\/2023\/04\/PORTADA-PSOE-CASTELLO.jpg\",\"contentUrl\":\"https:\/\/agrupacionespsoe.es\/castello\/wp-content\/uploads\/sites\/45\/2023\/04\/PORTADA-PSOE-CASTELLO.jpg\",\"width\":2500,\"height\":2500,\"caption\":\"PSPV-PSOE Castell\u00f3\"},\"image\":{\"@id\":\"https:\/\/agrupacionespsoe.es\/castello\/#\/schema\/logo\/image\/\"},\"sameAs\":[\"https:\/\/www.facebook.com\/pspv.castellodelaplana\",\"https:\/\/x.com\/pspv_cs\",\"https:\/\/www.instagram.com\/pspvpsoecastello\/\"]},{\"@type\":\"Person\",\"@id\":\"https:\/\/agrupacionespsoe.es\/castello\/#\/schema\/person\/f3bc5b2f9dc6a399e9e98596ae24a20a\",\"name\":\"castello1\",\"image\":{\"@type\":\"ImageObject\",\"inLanguage\":\"es\",\"@id\":\"https:\/\/agrupacionespsoe.es\/castello\/#\/schema\/person\/image\/\",\"url\":\"https:\/\/secure.gravatar.com\/avatar\/5f1da428d6479d1127419c0b58796865?s=96&d=mm&r=g\",\"contentUrl\":\"https:\/\/secure.gravatar.com\/avatar\/5f1da428d6479d1127419c0b58796865?s=96&d=mm&r=g\",\"caption\":\"castello1\"},\"url\":\"https:\/\/agrupacionespsoe.es\/castello\/author\/castello1\/\"}]}<\/script>\n<!-- \/ Yoast SEO plugin. -->","yoast_head_json":{"title":"Carrasco menyst\u00e9 als clubs esportius - PSPV-PSOE CASTELL\u00d3","robots":{"index":"index","follow":"follow","max-snippet":"max-snippet:-1","max-image-preview":"max-image-preview:large","max-video-preview":"max-video-preview:-1"},"canonical":"https:\/\/agrupacionespsoe.es\/castello\/va\/carrasco-menyste-als-clubs-esportius\/","og_locale":"es_ES","og_type":"article","og_title":"Carrasco menyst\u00e9 als clubs esportius - PSPV-PSOE CASTELL\u00d3","og_description":"El passat 18 de mar\u00e7 es va celebrar una sessi\u00f3 extraordin\u00e0ria del Consell Rector del Patronat Municipal d&#8217;Esports de Castell\u00f3, reuni\u00f3 a la que no va assistir cap representant dels diferents clubs de la ciutat. Este succ\u00e9s ja ha ocorregut\u00a0m\u00e9s vegades en estos quasi dos anys de govern de PP-VOX i per al Grup Municipal ...","og_url":"https:\/\/agrupacionespsoe.es\/castello\/va\/carrasco-menyste-als-clubs-esportius\/","og_site_name":"PSPV-PSOE CASTELL\u00d3","article_publisher":"https:\/\/www.facebook.com\/pspv.castellodelaplana","article_published_time":"2025-04-04T09:52:16+00:00","article_modified_time":"2025-04-04T09:58:18+00:00","og_image":[{"width":2560,"height":2560,"url":"https:\/\/agrupacionespsoe.es\/castello\/wp-content\/uploads\/sites\/45\/2025\/04\/10.-JOSE-SEGURA-PALLARES-2-scaled-1.jpg","type":"image\/jpeg"}],"author":"castello1","twitter_card":"summary_large_image","twitter_creator":"@pspv_cs","twitter_site":"@pspv_cs","twitter_misc":{"Escrito por":"castello1","Tiempo de lectura":"2 minutos"},"schema":{"@context":"https:\/\/schema.org","@graph":[{"@type":"Article","@id":"https:\/\/agrupacionespsoe.es\/castello\/va\/carrasco-menyste-als-clubs-esportius\/#article","isPartOf":{"@id":"https:\/\/agrupacionespsoe.es\/castello\/va\/carrasco-menyste-als-clubs-esportius\/"},"author":{"name":"castello1","@id":"https:\/\/agrupacionespsoe.es\/castello\/#\/schema\/person\/f3bc5b2f9dc6a399e9e98596ae24a20a"},"headline":"Carrasco menyst\u00e9 als clubs esportius","datePublished":"2025-04-04T09:52:16+00:00","dateModified":"2025-04-04T09:58:18+00:00","mainEntityOfPage":{"@id":"https:\/\/agrupacionespsoe.es\/castello\/va\/carrasco-menyste-als-clubs-esportius\/"},"wordCount":279,"commentCount":0,"publisher":{"@id":"https:\/\/agrupacionespsoe.es\/castello\/#organization"},"image":{"@id":"https:\/\/agrupacionespsoe.es\/castello\/va\/carrasco-menyste-als-clubs-esportius\/#primaryimage"},"thumbnailUrl":"https:\/\/agrupacionespsoe.es\/castello\/wp-content\/uploads\/sites\/45\/2025\/04\/10.-JOSE-SEGURA-PALLARES-2-scaled-1.jpg","keywords":["Jos\u00e9 Segura","Todos"],"articleSection":["Grup Municipal Socialista","Opini\u00f3"],"inLanguage":"es","potentialAction":[{"@type":"CommentAction","name":"Comment","target":["https:\/\/agrupacionespsoe.es\/castello\/va\/carrasco-menyste-als-clubs-esportius\/#respond"]}]},{"@type":"WebPage","@id":"https:\/\/agrupacionespsoe.es\/castello\/va\/carrasco-menyste-als-clubs-esportius\/","url":"https:\/\/agrupacionespsoe.es\/castello\/va\/carrasco-menyste-als-clubs-esportius\/","name":"Carrasco menyst\u00e9 als clubs esportius - PSPV-PSOE CASTELL\u00d3","isPartOf":{"@id":"https:\/\/agrupacionespsoe.es\/castello\/#website"},"primaryImageOfPage":{"@id":"https:\/\/agrupacionespsoe.es\/castello\/va\/carrasco-menyste-als-clubs-esportius\/#primaryimage"},"image":{"@id":"https:\/\/agrupacionespsoe.es\/castello\/va\/carrasco-menyste-als-clubs-esportius\/#primaryimage"},"thumbnailUrl":"https:\/\/agrupacionespsoe.es\/castello\/wp-content\/uploads\/sites\/45\/2025\/04\/10.-JOSE-SEGURA-PALLARES-2-scaled-1.jpg","datePublished":"2025-04-04T09:52:16+00:00","dateModified":"2025-04-04T09:58:18+00:00","breadcrumb":{"@id":"https:\/\/agrupacionespsoe.es\/castello\/va\/carrasco-menyste-als-clubs-esportius\/#breadcrumb"},"inLanguage":"es","potentialAction":[{"@type":"ReadAction","target":["https:\/\/agrupacionespsoe.es\/castello\/va\/carrasco-menyste-als-clubs-esportius\/"]}]},{"@type":"ImageObject","inLanguage":"es","@id":"https:\/\/agrupacionespsoe.es\/castello\/va\/carrasco-menyste-als-clubs-esportius\/#primaryimage","url":"https:\/\/agrupacionespsoe.es\/castello\/wp-content\/uploads\/sites\/45\/2025\/04\/10.-JOSE-SEGURA-PALLARES-2-scaled-1.jpg","contentUrl":"https:\/\/agrupacionespsoe.es\/castello\/wp-content\/uploads\/sites\/45\/2025\/04\/10.-JOSE-SEGURA-PALLARES-2-scaled-1.jpg","width":2560,"height":2560},{"@type":"BreadcrumbList","@id":"https:\/\/agrupacionespsoe.es\/castello\/va\/carrasco-menyste-als-clubs-esportius\/#breadcrumb","itemListElement":[{"@type":"ListItem","position":1,"name":"Portada","item":"https:\/\/agrupacionespsoe.es\/castello\/"},{"@type":"ListItem","position":2,"name":"Carrasco menyst\u00e9 als clubs esportius"}]},{"@type":"WebSite","@id":"https:\/\/agrupacionespsoe.es\/castello\/#website","url":"https:\/\/agrupacionespsoe.es\/castello\/","name":"PSPV-PSOE CASTELL\u00d3","description":"PSPV-PSOE | Agrupaci\u00f3 de Castell\u00f3","publisher":{"@id":"https:\/\/agrupacionespsoe.es\/castello\/#organization"},"potentialAction":[{"@type":"SearchAction","target":{"@type":"EntryPoint","urlTemplate":"https:\/\/agrupacionespsoe.es\/castello\/?s={search_term_string}"},"query-input":{"@type":"PropertyValueSpecification","valueRequired":true,"valueName":"search_term_string"}}],"inLanguage":"es"},{"@type":"Organization","@id":"https:\/\/agrupacionespsoe.es\/castello\/#organization","name":"PSPV-PSOE Castell\u00f3","url":"https:\/\/agrupacionespsoe.es\/castello\/","logo":{"@type":"ImageObject","inLanguage":"es","@id":"https:\/\/agrupacionespsoe.es\/castello\/#\/schema\/logo\/image\/","url":"https:\/\/agrupacionespsoe.es\/castello\/wp-content\/uploads\/sites\/45\/2023\/04\/PORTADA-PSOE-CASTELLO.jpg","contentUrl":"https:\/\/agrupacionespsoe.es\/castello\/wp-content\/uploads\/sites\/45\/2023\/04\/PORTADA-PSOE-CASTELLO.jpg","width":2500,"height":2500,"caption":"PSPV-PSOE Castell\u00f3"},"image":{"@id":"https:\/\/agrupacionespsoe.es\/castello\/#\/schema\/logo\/image\/"},"sameAs":["https:\/\/www.facebook.com\/pspv.castellodelaplana","https:\/\/x.com\/pspv_cs","https:\/\/www.instagram.com\/pspvpsoecastello\/"]},{"@type":"Person","@id":"https:\/\/agrupacionespsoe.es\/castello\/#\/schema\/person\/f3bc5b2f9dc6a399e9e98596ae24a20a","name":"castello1","image":{"@type":"ImageObject","inLanguage":"es","@id":"https:\/\/agrupacionespsoe.es\/castello\/#\/schema\/person\/image\/","url":"https:\/\/secure.gravatar.com\/avatar\/5f1da428d6479d1127419c0b58796865?s=96&d=mm&r=g","contentUrl":"https:\/\/secure.gravatar.com\/avatar\/5f1da428d6479d1127419c0b58796865?s=96&d=mm&r=g","caption":"castello1"},"url":"https:\/\/agrupacionespsoe.es\/castello\/author\/castello1\/"}]}},"jetpack_publicize_connections":[],"jetpack_featured_media_url":"https:\/\/agrupacionespsoe.es\/castello\/wp-content\/uploads\/sites\/45\/2025\/04\/10.-JOSE-SEGURA-PALLARES-2-scaled-1.jpg","jetpack_sharing_enabled":true,"_links":{"self":[{"href":"https:\/\/agrupacionespsoe.es\/castello\/wp-json\/wp\/v2\/posts\/7651","targetHints":{"allow":["GET"]}}],"collection":[{"href":"https:\/\/agrupacionespsoe.es\/castello\/wp-json\/wp\/v2\/posts"}],"about":[{"href":"https:\/\/agrupacionespsoe.es\/castello\/wp-json\/wp\/v2\/types\/post"}],"author":[{"embeddable":true,"href":"https:\/\/agrupacionespsoe.es\/castello\/wp-json\/wp\/v2\/users\/48"}],"replies":[{"embeddable":true,"href":"https:\/\/agrupacionespsoe.es\/castello\/wp-json\/wp\/v2\/comments?post=7651"}],"version-history":[{"count":1,"href":"https:\/\/agrupacionespsoe.es\/castello\/wp-json\/wp\/v2\/posts\/7651\/revisions"}],"predecessor-version":[{"id":7652,"href":"https:\/\/agrupacionespsoe.es\/castello\/wp-json\/wp\/v2\/posts\/7651\/revisions\/7652"}],"wp:featuredmedia":[{"embeddable":true,"href":"https:\/\/agrupacionespsoe.es\/castello\/wp-json\/wp\/v2\/media\/7673"}],"wp:attachment":[{"href":"https:\/\/agrupacionespsoe.es\/castello\/wp-json\/wp\/v2\/media?parent=7651"}],"wp:term":[{"taxonomy":"category","embeddable":true,"href":"https:\/\/agrupacionespsoe.es\/castello\/wp-json\/wp\/v2\/categories?post=7651"},{"taxonomy":"post_tag","embeddable":true,"href":"https:\/\/agrupacionespsoe.es\/castello\/wp-json\/wp\/v2\/tags?post=7651"}],"curies":[{"name":"wp","href":"https:\/\/api.w.org\/{rel}","templated":true}]}}