{"id":7434,"date":"2025-02-27T13:55:56","date_gmt":"2025-02-27T12:55:56","guid":{"rendered":"https:\/\/agrupacionespsoe.es\/castello\/?p=7434"},"modified":"2025-11-21T10:50:29","modified_gmt":"2025-11-21T09:50:29","slug":"el-pspv-lamenta-la-oportunidad-perdida-de-carrasco-para-distanciarse-de-las-tesis-ultras-de-vox-al-mantener-como-concejal-del-gobierno-a-alberto-vidal","status":"publish","type":"post","link":"https:\/\/agrupacionespsoe.es\/castello\/el-pspv-lamenta-la-oportunidad-perdida-de-carrasco-para-distanciarse-de-las-tesis-ultras-de-vox-al-mantener-como-concejal-del-gobierno-a-alberto-vidal\/","title":{"rendered":"El PSPV lamenta la \u201coportunidad perdida\u201d de Carrasco para distanciarse de las tesis ultras de Vox al mantener como concejal del gobierno a Alberto Vidal"},"content":{"rendered":"\n<ul class=\"wp-block-list\">\n<li><em><strong>Patricia Puerta, portavoz del Grupo Municipal Socialista, acusa a a la alcaldesa de Castell\u00f3, Bego\u00f1a Carrasco, de \u201cpermitir que&nbsp;el ayuntamiento se haya convertido en el altavoz del gobierno municipal para lanzar mensajes de odio, racistas, xen\u00f3fobos y machistas, adem\u00e1s del bochorno que supone que el edil de Familia compare el aborto con el Holocausto\u201d<\/strong><\/em><\/li>\n<\/ul>\n\n\n\n<ul class=\"wp-block-list\">\n<li><em><strong>El concejal socialista Ximo Giner califica de \u201cindignante\u201d el \u201capoyo del PP a las chapuzas del concejal de Comercio con una enmienda a la totalidad que ha indignado a los y las comerciantes de Castell\u00f3\u201d<\/strong><\/em><\/li>\n<\/ul>\n\n\n\n<ul class=\"wp-block-list\">\n<li><em><strong>La edil socialista M\u00f3nica Barab\u00e1s ha destacado el acuerdo entre PSPV, Comprom\u00eds y el PP para dar luz verde a una moci\u00f3n en defensa de la reivindicaci\u00f3n de los derechos de las mujeres y trabajadoras en el 8M, pero ha reclamado a la alcaldesa que \u201csea firme frente a Vox y aplique de verdad m\u00e1s pol\u00edticas de igualdad\u201d<\/strong><\/em><\/li>\n<\/ul>\n\n\n\n<figure class=\"wp-block-embed is-type-video is-provider-youtube wp-block-embed-youtube wp-embed-aspect-16-9 wp-has-aspect-ratio\"><div class=\"wp-block-embed__wrapper\">\n<iframe loading=\"lazy\" title=\"El PSPV lamenta la \u201coportunidad perdida\u201d de Carrasco para distanciarse de las tesis ultras de Vox\" width=\"500\" height=\"281\" src=\"https:\/\/www.youtube.com\/embed\/x5Nr6rCDVTI?feature=oembed\" frameborder=\"0\" allow=\"accelerometer; autoplay; clipboard-write; encrypted-media; gyroscope; picture-in-picture; web-share\" referrerpolicy=\"strict-origin-when-cross-origin\" allowfullscreen><\/iframe>\n<\/div><\/figure>\n\n\n\n<p>La portavoz del Grup Municipal Socialista en el Ayuntamiento de Castell\u00f3, <strong><a href=\"https:\/\/agrupacionespsoe.es\/castello\/tag\/patricia-puerta\/\">Patricia Puerta<\/a><\/strong>, ha lamentado hoy la \u201coportunidad perdida\u201d de la alcaldesa, <strong><a href=\"https:\/\/agrupacionespsoe.es\/castello\/tag\/begona-carrasco\/\">Bego\u00f1a Carrasco<\/a><\/strong>, \u201cpara separarse de los discursos de odio y machistas de sus socios ultras, porque su voto en contra a la reprobaci\u00f3n del concejal de Familia y Comercio, <strong><a href=\"https:\/\/agrupacionespsoe.es\/castello\/tag\/alberto-vidal\/\">Alberto Vidal<\/a><\/strong>, por comparar el derecho de la mujer a abortar con el Holocausto es, sin duda, avalar los desprop\u00f3sitos que escuchamos de forma habitual en los plenos\u201d.<\/p>\n\n\n\n<p>Los representantes de Vox, a juicio de Puerta, \u201chan convertido el ayuntamiento en su altavoz para lanzar mensajes de odio y, tambi\u00e9n, para poner en cuesti\u00f3n un derecho de la mujer, llamando asesinas de forma indirecta a aquellas que de manera voluntaria deciden interrumpir su embarazo haciendo uso de un derecho fundamental que est\u00e1 amparado por la Ley\u201d.<\/p>\n\n\n\n<p>Ante tal ataque a los derechos de las mujeres, \u201cnadie ha pedido disculpas ni ha recriminado nada al concejal ultra por sus nefastas declaraciones, ni siquiera la se\u00f1ora Carrasco, responsable del \u00e1rea de Igualdad de esta casa, que dice bien poco de su forma de velar por los derechos de las mujeres\u201d.<\/p>\n\n\n\n<p>Para la portavoz socialista, \u201cAlberto Vidal ha cruzado una l\u00ednea que deber\u00eda ser infranqueable, ha faltado el respeto a la memoria de las v\u00edctimas del Holocausto y ha puesto en cuesti\u00f3n un derecho fundamental de la mujer que nos permite decidir libremente sobre nuestro propio cuerpo\u201d. El Ayuntamiento de Castell\u00f3, a su juicio, \u201cha de defender un aborto libre, seguro y gratuito, adem\u00e1s de trabajar para garantizar la libertad y la dignidad de todas las mujeres frente a los ataques de la extrema derecha, de la que nadie puede ser c\u00f3mplice, aunque ya vemos que s\u00ed est\u00e1 si\u00e9ndolo la se\u00f1ora Carrasco\u201d.<\/p>\n\n\n\n<p><strong>Moci\u00f3n sobre el 8M<\/strong><\/p>\n\n\n\n<p>Otro de los debates del pleno de febrero se ha centrado en la moci\u00f3n conjunta que han presentado PSPV, Comprom\u00eds y PP para la defensa y la reivindicaci\u00f3n de los derechos de las mujeres trabajadoras en el 8M. Un texto que deja claro que sin feminismo no hay democracia y que hay que seguir avanzando en el reto de conseguir una sociedad verdaderamente justa e igualitaria, con igualdad salarial entre hombres y mujeres, sin violencias machistas.<\/p>\n\n\n\n<p>La moci\u00f3n, como ha recordado la concejala socialista <strong><a href=\"https:\/\/agrupacionespsoe.es\/castello\/tag\/monica-barabas\/\">M\u00f3nica Barab\u00e1s<\/a><\/strong>, insta al ayuntamiento a facilitar \u2018La Casa de Les Dones\u2019 al movimiento feminista, a dejar patente un compromiso decidido por elaborar pol\u00edticas de igualdad de car\u00e1cter transversal, a contratar con empresas que tengan planes de igualdad, a incluir la perspectiva de g\u00e9nero en la contrataci\u00f3n p\u00fablica a garantizar la formaci\u00f3n en igualdad y, tambi\u00e9n, a aumentar las campa\u00f1as municipales dirigidas a erradicar las desigualdades de g\u00e9nero.<\/p>\n\n\n\n<p>Barab\u00e1s, en este sentido, ha se\u00f1alado a la alcaldesa que \u201cest\u00e1 muy bien firmar esta moci\u00f3n, pero la realidad es que todo apunta a que se quedar\u00e1 en un papel mojado si el PP sigue blanqueando a Vox, sus socios de gobierno\u201d. De hecho, ha recalcado que la votaci\u00f3n de hoy no tendr\u00e1 sentido si Bego\u00f1a Carrasco le permite a sus compa\u00f1eros ultras de viaje que presuman de haber impedido que se haya aumentado, en el presupuesto de 2025, la partida en materia de Igualdad\u201d.<\/p>\n\n\n\n<p>Para la edil socialista, \u201cest\u00e1n bien gestos como el de esta moci\u00f3n conjunta, pero es sin duda totalmente insuficiente porque el PP es incapaz de apoyar nuestra moci\u00f3n para reprobar a Alberto Vidal tras comparar en el pasado pleno el derecho de la mujer a interrumpir su embarazo con el Holocausto\u201d. Seg\u00fan ha recalcado Barab\u00e1s, \u201ceso s\u00ed ser\u00eda posicionarse y no llevar de adorno las competencias en materia de igualdad\u201d.<\/p>\n\n\n\n<p>La representante del PSPV ha recriminado adem\u00e1s a Carrasco que \u201chaya sido capaz de contraprogramar la manifestaci\u00f3n del 8 de Marzo para que no pueda acabar, como es tradicional, en la plaza Mayor. Para impedirlo, \u201cha decidido convocar ese mismo d\u00eda, y a la misma hora, el acto de nombramiento de los pregoneros de las fiestas, lo que obliga a cambiar el recorrido de la manifestaci\u00f3n e impide que acabe en la plaza Mayor\u201d. Para Barab\u00e1s, \u201csi la alcaldesa es, como dice, tan defensora de la mujer, donde deber\u00eda de estar es encabezando la manifestaci\u00f3n del 8 de marzo y no contraprogramando\u201d.<\/p>\n\n\n\n<p>Pese a todo, la edil socialista ha calificado como un \u201cpeque\u00f1o paso\u201d la moci\u00f3n aprobada hoy por las tres formaciones, pero ha avisado que desde el Grupo Municipal Socialista estaremos vigilando que se haga realidad cada uno de los compromisos adquiridos hoy\u201d.<\/p>\n\n\n\n<p><strong>Indignaci\u00f3n del comercio<\/strong><\/p>\n\n\n\n<p>Respecto a la moci\u00f3n de Comprom\u00eds para la dinamizaci\u00f3n y el impulso del comercio local de Castell\u00f3, finalmente PP y Vox han sacado adelante una enmienda a la totalidad que, a juicio del concejal socialista <strong><a href=\"https:\/\/agrupacionespsoe.es\/castello\/tag\/joaquin-giner\/\">Joaqu\u00edn Giner<\/a><\/strong>, \u201ces una tomadura de pelo\u201d.<\/p>\n\n\n\n<p>Para Giner, \u00abde nuevo la se\u00f1ora Carrasco ha vuelto a perder una gran oportunidad para darle un tir\u00f3n de orejas al concejal de Comercio, a su concejal, porque la propia alcaldesa, en reuniones con los representantes del sector comercial, ha reconocido que Vidal es un incompetente\u00bb. Por ello, \u00abel nuevo respaldo de la alcaldesa a Vidal solo refleja que es reh\u00e9n de sus socios de Vox, para seguir as\u00ed en la poltrona, pues incapaz de escuchar a los y las comerciantes, a los que de verdad se debe\u00bb.<\/p>\n\n\n\n<p>Sobre la enmienda a la totalidad de PP y Vox, Joaqu\u00edn Giner le ha preguntado a la alcaldesa si ha hablado con los y las comerciantes de la ciudad, porque no es que est\u00e9n decepcionados, es que est\u00e1n enojados\u00bb. Alberto Vidal \u00abya no es el concejal de Comercio, es el concejal del D\u00eda de la Suegra y es el concejal de las Chapuzas que hizo el rid\u00edculo con las bases para ayudar al comercio afectado por las obras en la Zona de Bajas Emisiones, unas bases que ni se ley\u00f3 y que tuvo que rehacer porque dejaba fuera de las ayudas a gran parte de los comercios\u00bb. Para Joaqu\u00edn Giner, Vidal \u00abes tambi\u00e9n el concejal del Rid\u00edculo, porque inventarse una campa\u00f1a para dinamizar el sector en San Valent\u00edn con vales vac\u00edos de contenido es digno de un incompetente\u00bb.<\/p>\n\n\n\n<p>En esta l\u00ednea, el concejal socialista ha hecho menci\u00f3n al punto uno de la enmienda a la totalidad, que b\u00e1sicamente pretende \u2018reconocer y respaldar\u2019 las acciones de Vidal en apoyo al comercio local. \u00ab\u00bfEn serio valoran positivamente las iniciativas de dinamizaci\u00f3n implementadas? \u00bfEl D\u00eda de la Suegra, San Valent\u00edn, la Recreaci\u00f3n de los Tercios?\u00bb, ha se\u00f1alado Joaqu\u00edn Giner, quien le ha preguntado a la alcaldesa si de verdad ha hablado con los y las comerciantes porque con esta enmienda a la totalidad les est\u00e1n faltando al respeto\u00bb.<\/p>\n","protected":false},"excerpt":{"rendered":"<p>La portavoz del Grup Municipal Socialista en el Ayuntamiento de Castell\u00f3, Patricia Puerta, ha lamentado hoy la \u201coportunidad perdida\u201d de la alcaldesa, Bego\u00f1a Carrasco, \u201cpara separarse de los discursos de odio y machistas de sus socios ultras, porque su voto en contra a la reprobaci\u00f3n del concejal de Familia y Comercio, Alberto Vidal, por comparar &#8230;<\/p>\n","protected":false},"author":48,"featured_media":7435,"comment_status":"open","ping_status":"open","sticky":false,"template":"","format":"standard","meta":{"_jetpack_memberships_contains_paid_content":false,"footnotes":"","jetpack_publicize_message":"","jetpack_publicize_feature_enabled":true,"jetpack_social_post_already_shared":false,"jetpack_social_options":{"image_generator_settings":{"template":"highway","default_image_id":0,"font":"","enabled":false},"version":2}},"categories":[33],"tags":[785,733,103,99,81,448],"class_list":["post-7434","post","type-post","status-publish","format-standard","has-post-thumbnail","hentry","category-gms","tag-alberto-vidal","tag-begona-carrasco","tag-joaquin-giner","tag-mary-carmen-ribera","tag-patricia-puerta","tag-todos-es"],"yoast_head":"<!-- This site is optimized with the Yoast SEO plugin v24.0 - https:\/\/yoast.com\/wordpress\/plugins\/seo\/ -->\n<title>El PSPV lamenta la \u201coportunidad perdida\u201d de Carrasco para distanciarse de las tesis ultras de Vox al mantener como concejal del gobierno a Alberto Vidal - PSPV-PSOE CASTELL\u00d3<\/title>\n<meta name=\"robots\" content=\"index, follow, max-snippet:-1, max-image-preview:large, max-video-preview:-1\" \/>\n<link rel=\"canonical\" href=\"https:\/\/agrupacionespsoe.es\/castello\/el-pspv-lamenta-la-oportunidad-perdida-de-carrasco-para-distanciarse-de-las-tesis-ultras-de-vox-al-mantener-como-concejal-del-gobierno-a-alberto-vidal\/\" \/>\n<meta property=\"og:locale\" content=\"es_ES\" \/>\n<meta property=\"og:type\" content=\"article\" \/>\n<meta property=\"og:title\" content=\"El PSPV lamenta la \u201coportunidad perdida\u201d de Carrasco para distanciarse de las tesis ultras de Vox al mantener como concejal del gobierno a Alberto Vidal - PSPV-PSOE CASTELL\u00d3\" \/>\n<meta property=\"og:description\" content=\"La portavoz del Grup Municipal Socialista en el Ayuntamiento de Castell\u00f3, Patricia Puerta, ha lamentado hoy la \u201coportunidad perdida\u201d de la alcaldesa, Bego\u00f1a Carrasco, \u201cpara separarse de los discursos de odio y machistas de sus socios ultras, porque su voto en contra a la reprobaci\u00f3n del concejal de Familia y Comercio, Alberto Vidal, por comparar ...\" \/>\n<meta property=\"og:url\" content=\"https:\/\/agrupacionespsoe.es\/castello\/el-pspv-lamenta-la-oportunidad-perdida-de-carrasco-para-distanciarse-de-las-tesis-ultras-de-vox-al-mantener-como-concejal-del-gobierno-a-alberto-vidal\/\" \/>\n<meta property=\"og:site_name\" content=\"PSPV-PSOE CASTELL\u00d3\" \/>\n<meta property=\"article:publisher\" content=\"https:\/\/www.facebook.com\/pspv.castellodelaplana\" \/>\n<meta property=\"article:published_time\" content=\"2025-02-27T12:55:56+00:00\" \/>\n<meta property=\"article:modified_time\" content=\"2025-11-21T09:50:29+00:00\" \/>\n<meta property=\"og:image\" content=\"https:\/\/agrupacionespsoe.es\/castello\/wp-content\/uploads\/sites\/45\/2025\/02\/20250227-El-PSPV-lamenta-la-oportunidad-perdida-de-Carrasco-para-distanciarse-de-las-tesis-ultras-de-Vox-al-mantener-como-concejal-del-gobierno-a-Alberto-Vidal-scaled.jpg\" \/>\n\t<meta property=\"og:image:width\" content=\"2560\" \/>\n\t<meta property=\"og:image:height\" content=\"1365\" \/>\n\t<meta property=\"og:image:type\" content=\"image\/jpeg\" \/>\n<meta name=\"author\" content=\"castello1\" \/>\n<meta name=\"twitter:card\" content=\"summary_large_image\" \/>\n<meta name=\"twitter:creator\" content=\"@pspv_cs\" \/>\n<meta name=\"twitter:site\" content=\"@pspv_cs\" \/>\n<meta name=\"twitter:label1\" content=\"Escrito por\" \/>\n\t<meta name=\"twitter:data1\" content=\"castello1\" \/>\n\t<meta name=\"twitter:label2\" content=\"Tiempo de lectura\" \/>\n\t<meta name=\"twitter:data2\" content=\"6 minutos\" \/>\n<script type=\"application\/ld+json\" class=\"yoast-schema-graph\">{\"@context\":\"https:\/\/schema.org\",\"@graph\":[{\"@type\":\"Article\",\"@id\":\"https:\/\/agrupacionespsoe.es\/castello\/el-pspv-lamenta-la-oportunidad-perdida-de-carrasco-para-distanciarse-de-las-tesis-ultras-de-vox-al-mantener-como-concejal-del-gobierno-a-alberto-vidal\/#article\",\"isPartOf\":{\"@id\":\"https:\/\/agrupacionespsoe.es\/castello\/el-pspv-lamenta-la-oportunidad-perdida-de-carrasco-para-distanciarse-de-las-tesis-ultras-de-vox-al-mantener-como-concejal-del-gobierno-a-alberto-vidal\/\"},\"author\":{\"name\":\"castello1\",\"@id\":\"https:\/\/agrupacionespsoe.es\/castello\/#\/schema\/person\/f3bc5b2f9dc6a399e9e98596ae24a20a\"},\"headline\":\"El PSPV lamenta la \u201coportunidad perdida\u201d de Carrasco para distanciarse de las tesis ultras de Vox al mantener como concejal del gobierno a Alberto Vidal\",\"datePublished\":\"2025-02-27T12:55:56+00:00\",\"dateModified\":\"2025-11-21T09:50:29+00:00\",\"mainEntityOfPage\":{\"@id\":\"https:\/\/agrupacionespsoe.es\/castello\/el-pspv-lamenta-la-oportunidad-perdida-de-carrasco-para-distanciarse-de-las-tesis-ultras-de-vox-al-mantener-como-concejal-del-gobierno-a-alberto-vidal\/\"},\"wordCount\":1370,\"commentCount\":0,\"publisher\":{\"@id\":\"https:\/\/agrupacionespsoe.es\/castello\/#organization\"},\"image\":{\"@id\":\"https:\/\/agrupacionespsoe.es\/castello\/el-pspv-lamenta-la-oportunidad-perdida-de-carrasco-para-distanciarse-de-las-tesis-ultras-de-vox-al-mantener-como-concejal-del-gobierno-a-alberto-vidal\/#primaryimage\"},\"thumbnailUrl\":\"https:\/\/agrupacionespsoe.es\/castello\/wp-content\/uploads\/sites\/45\/2025\/02\/20250227-El-PSPV-lamenta-la-oportunidad-perdida-de-Carrasco-para-distanciarse-de-las-tesis-ultras-de-Vox-al-mantener-como-concejal-del-gobierno-a-Alberto-Vidal-scaled.jpg\",\"keywords\":[\"Alberto Vidal\",\"Bego\u00f1a Carrasco\",\"Joaqu\u00edn Giner\",\"Mary Carmen Ribera\",\"Patricia Puerta\",\"Todos\"],\"articleSection\":[\"Grupo Municipal Socialista\"],\"inLanguage\":\"es\",\"potentialAction\":[{\"@type\":\"CommentAction\",\"name\":\"Comment\",\"target\":[\"https:\/\/agrupacionespsoe.es\/castello\/el-pspv-lamenta-la-oportunidad-perdida-de-carrasco-para-distanciarse-de-las-tesis-ultras-de-vox-al-mantener-como-concejal-del-gobierno-a-alberto-vidal\/#respond\"]}]},{\"@type\":\"WebPage\",\"@id\":\"https:\/\/agrupacionespsoe.es\/castello\/el-pspv-lamenta-la-oportunidad-perdida-de-carrasco-para-distanciarse-de-las-tesis-ultras-de-vox-al-mantener-como-concejal-del-gobierno-a-alberto-vidal\/\",\"url\":\"https:\/\/agrupacionespsoe.es\/castello\/el-pspv-lamenta-la-oportunidad-perdida-de-carrasco-para-distanciarse-de-las-tesis-ultras-de-vox-al-mantener-como-concejal-del-gobierno-a-alberto-vidal\/\",\"name\":\"El PSPV lamenta la \u201coportunidad perdida\u201d de Carrasco para distanciarse de las tesis ultras de Vox al mantener como concejal del gobierno a Alberto Vidal - PSPV-PSOE CASTELL\u00d3\",\"isPartOf\":{\"@id\":\"https:\/\/agrupacionespsoe.es\/castello\/#website\"},\"primaryImageOfPage\":{\"@id\":\"https:\/\/agrupacionespsoe.es\/castello\/el-pspv-lamenta-la-oportunidad-perdida-de-carrasco-para-distanciarse-de-las-tesis-ultras-de-vox-al-mantener-como-concejal-del-gobierno-a-alberto-vidal\/#primaryimage\"},\"image\":{\"@id\":\"https:\/\/agrupacionespsoe.es\/castello\/el-pspv-lamenta-la-oportunidad-perdida-de-carrasco-para-distanciarse-de-las-tesis-ultras-de-vox-al-mantener-como-concejal-del-gobierno-a-alberto-vidal\/#primaryimage\"},\"thumbnailUrl\":\"https:\/\/agrupacionespsoe.es\/castello\/wp-content\/uploads\/sites\/45\/2025\/02\/20250227-El-PSPV-lamenta-la-oportunidad-perdida-de-Carrasco-para-distanciarse-de-las-tesis-ultras-de-Vox-al-mantener-como-concejal-del-gobierno-a-Alberto-Vidal-scaled.jpg\",\"datePublished\":\"2025-02-27T12:55:56+00:00\",\"dateModified\":\"2025-11-21T09:50:29+00:00\",\"breadcrumb\":{\"@id\":\"https:\/\/agrupacionespsoe.es\/castello\/el-pspv-lamenta-la-oportunidad-perdida-de-carrasco-para-distanciarse-de-las-tesis-ultras-de-vox-al-mantener-como-concejal-del-gobierno-a-alberto-vidal\/#breadcrumb\"},\"inLanguage\":\"es\",\"potentialAction\":[{\"@type\":\"ReadAction\",\"target\":[\"https:\/\/agrupacionespsoe.es\/castello\/el-pspv-lamenta-la-oportunidad-perdida-de-carrasco-para-distanciarse-de-las-tesis-ultras-de-vox-al-mantener-como-concejal-del-gobierno-a-alberto-vidal\/\"]}]},{\"@type\":\"ImageObject\",\"inLanguage\":\"es\",\"@id\":\"https:\/\/agrupacionespsoe.es\/castello\/el-pspv-lamenta-la-oportunidad-perdida-de-carrasco-para-distanciarse-de-las-tesis-ultras-de-vox-al-mantener-como-concejal-del-gobierno-a-alberto-vidal\/#primaryimage\",\"url\":\"https:\/\/agrupacionespsoe.es\/castello\/wp-content\/uploads\/sites\/45\/2025\/02\/20250227-El-PSPV-lamenta-la-oportunidad-perdida-de-Carrasco-para-distanciarse-de-las-tesis-ultras-de-Vox-al-mantener-como-concejal-del-gobierno-a-Alberto-Vidal-scaled.jpg\",\"contentUrl\":\"https:\/\/agrupacionespsoe.es\/castello\/wp-content\/uploads\/sites\/45\/2025\/02\/20250227-El-PSPV-lamenta-la-oportunidad-perdida-de-Carrasco-para-distanciarse-de-las-tesis-ultras-de-Vox-al-mantener-como-concejal-del-gobierno-a-Alberto-Vidal-scaled.jpg\",\"width\":2560,\"height\":1365},{\"@type\":\"BreadcrumbList\",\"@id\":\"https:\/\/agrupacionespsoe.es\/castello\/el-pspv-lamenta-la-oportunidad-perdida-de-carrasco-para-distanciarse-de-las-tesis-ultras-de-vox-al-mantener-como-concejal-del-gobierno-a-alberto-vidal\/#breadcrumb\",\"itemListElement\":[{\"@type\":\"ListItem\",\"position\":1,\"name\":\"Portada\",\"item\":\"https:\/\/agrupacionespsoe.es\/castello\/\"},{\"@type\":\"ListItem\",\"position\":2,\"name\":\"El PSPV lamenta la \u201coportunidad perdida\u201d de Carrasco para distanciarse de las tesis ultras de Vox al mantener como concejal del gobierno a Alberto Vidal\"}]},{\"@type\":\"WebSite\",\"@id\":\"https:\/\/agrupacionespsoe.es\/castello\/#website\",\"url\":\"https:\/\/agrupacionespsoe.es\/castello\/\",\"name\":\"PSPV-PSOE CASTELL\u00d3\",\"description\":\"PSPV-PSOE | Agrupaci\u00f3 de Castell\u00f3\",\"publisher\":{\"@id\":\"https:\/\/agrupacionespsoe.es\/castello\/#organization\"},\"potentialAction\":[{\"@type\":\"SearchAction\",\"target\":{\"@type\":\"EntryPoint\",\"urlTemplate\":\"https:\/\/agrupacionespsoe.es\/castello\/?s={search_term_string}\"},\"query-input\":{\"@type\":\"PropertyValueSpecification\",\"valueRequired\":true,\"valueName\":\"search_term_string\"}}],\"inLanguage\":\"es\"},{\"@type\":\"Organization\",\"@id\":\"https:\/\/agrupacionespsoe.es\/castello\/#organization\",\"name\":\"PSPV-PSOE Castell\u00f3\",\"url\":\"https:\/\/agrupacionespsoe.es\/castello\/\",\"logo\":{\"@type\":\"ImageObject\",\"inLanguage\":\"es\",\"@id\":\"https:\/\/agrupacionespsoe.es\/castello\/#\/schema\/logo\/image\/\",\"url\":\"https:\/\/agrupacionespsoe.es\/castello\/wp-content\/uploads\/sites\/45\/2023\/04\/PORTADA-PSOE-CASTELLO.jpg\",\"contentUrl\":\"https:\/\/agrupacionespsoe.es\/castello\/wp-content\/uploads\/sites\/45\/2023\/04\/PORTADA-PSOE-CASTELLO.jpg\",\"width\":2500,\"height\":2500,\"caption\":\"PSPV-PSOE Castell\u00f3\"},\"image\":{\"@id\":\"https:\/\/agrupacionespsoe.es\/castello\/#\/schema\/logo\/image\/\"},\"sameAs\":[\"https:\/\/www.facebook.com\/pspv.castellodelaplana\",\"https:\/\/x.com\/pspv_cs\",\"https:\/\/www.instagram.com\/pspvpsoecastello\/\"]},{\"@type\":\"Person\",\"@id\":\"https:\/\/agrupacionespsoe.es\/castello\/#\/schema\/person\/f3bc5b2f9dc6a399e9e98596ae24a20a\",\"name\":\"castello1\",\"image\":{\"@type\":\"ImageObject\",\"inLanguage\":\"es\",\"@id\":\"https:\/\/agrupacionespsoe.es\/castello\/#\/schema\/person\/image\/\",\"url\":\"https:\/\/secure.gravatar.com\/avatar\/5f1da428d6479d1127419c0b58796865?s=96&d=mm&r=g\",\"contentUrl\":\"https:\/\/secure.gravatar.com\/avatar\/5f1da428d6479d1127419c0b58796865?s=96&d=mm&r=g\",\"caption\":\"castello1\"},\"url\":\"https:\/\/agrupacionespsoe.es\/castello\/author\/castello1\/\"}]}<\/script>\n<!-- \/ Yoast SEO plugin. -->","yoast_head_json":{"title":"El PSPV lamenta la \u201coportunidad perdida\u201d de Carrasco para distanciarse de las tesis ultras de Vox al mantener como concejal del gobierno a Alberto Vidal - PSPV-PSOE CASTELL\u00d3","robots":{"index":"index","follow":"follow","max-snippet":"max-snippet:-1","max-image-preview":"max-image-preview:large","max-video-preview":"max-video-preview:-1"},"canonical":"https:\/\/agrupacionespsoe.es\/castello\/el-pspv-lamenta-la-oportunidad-perdida-de-carrasco-para-distanciarse-de-las-tesis-ultras-de-vox-al-mantener-como-concejal-del-gobierno-a-alberto-vidal\/","og_locale":"es_ES","og_type":"article","og_title":"El PSPV lamenta la \u201coportunidad perdida\u201d de Carrasco para distanciarse de las tesis ultras de Vox al mantener como concejal del gobierno a Alberto Vidal - PSPV-PSOE CASTELL\u00d3","og_description":"La portavoz del Grup Municipal Socialista en el Ayuntamiento de Castell\u00f3, Patricia Puerta, ha lamentado hoy la \u201coportunidad perdida\u201d de la alcaldesa, Bego\u00f1a Carrasco, \u201cpara separarse de los discursos de odio y machistas de sus socios ultras, porque su voto en contra a la reprobaci\u00f3n del concejal de Familia y Comercio, Alberto Vidal, por comparar ...","og_url":"https:\/\/agrupacionespsoe.es\/castello\/el-pspv-lamenta-la-oportunidad-perdida-de-carrasco-para-distanciarse-de-las-tesis-ultras-de-vox-al-mantener-como-concejal-del-gobierno-a-alberto-vidal\/","og_site_name":"PSPV-PSOE CASTELL\u00d3","article_publisher":"https:\/\/www.facebook.com\/pspv.castellodelaplana","article_published_time":"2025-02-27T12:55:56+00:00","article_modified_time":"2025-11-21T09:50:29+00:00","og_image":[{"width":2560,"height":1365,"url":"https:\/\/agrupacionespsoe.es\/castello\/wp-content\/uploads\/sites\/45\/2025\/02\/20250227-El-PSPV-lamenta-la-oportunidad-perdida-de-Carrasco-para-distanciarse-de-las-tesis-ultras-de-Vox-al-mantener-como-concejal-del-gobierno-a-Alberto-Vidal-scaled.jpg","type":"image\/jpeg"}],"author":"castello1","twitter_card":"summary_large_image","twitter_creator":"@pspv_cs","twitter_site":"@pspv_cs","twitter_misc":{"Escrito por":"castello1","Tiempo de lectura":"6 minutos"},"schema":{"@context":"https:\/\/schema.org","@graph":[{"@type":"Article","@id":"https:\/\/agrupacionespsoe.es\/castello\/el-pspv-lamenta-la-oportunidad-perdida-de-carrasco-para-distanciarse-de-las-tesis-ultras-de-vox-al-mantener-como-concejal-del-gobierno-a-alberto-vidal\/#article","isPartOf":{"@id":"https:\/\/agrupacionespsoe.es\/castello\/el-pspv-lamenta-la-oportunidad-perdida-de-carrasco-para-distanciarse-de-las-tesis-ultras-de-vox-al-mantener-como-concejal-del-gobierno-a-alberto-vidal\/"},"author":{"name":"castello1","@id":"https:\/\/agrupacionespsoe.es\/castello\/#\/schema\/person\/f3bc5b2f9dc6a399e9e98596ae24a20a"},"headline":"El PSPV lamenta la \u201coportunidad perdida\u201d de Carrasco para distanciarse de las tesis ultras de Vox al mantener como concejal del gobierno a Alberto Vidal","datePublished":"2025-02-27T12:55:56+00:00","dateModified":"2025-11-21T09:50:29+00:00","mainEntityOfPage":{"@id":"https:\/\/agrupacionespsoe.es\/castello\/el-pspv-lamenta-la-oportunidad-perdida-de-carrasco-para-distanciarse-de-las-tesis-ultras-de-vox-al-mantener-como-concejal-del-gobierno-a-alberto-vidal\/"},"wordCount":1370,"commentCount":0,"publisher":{"@id":"https:\/\/agrupacionespsoe.es\/castello\/#organization"},"image":{"@id":"https:\/\/agrupacionespsoe.es\/castello\/el-pspv-lamenta-la-oportunidad-perdida-de-carrasco-para-distanciarse-de-las-tesis-ultras-de-vox-al-mantener-como-concejal-del-gobierno-a-alberto-vidal\/#primaryimage"},"thumbnailUrl":"https:\/\/agrupacionespsoe.es\/castello\/wp-content\/uploads\/sites\/45\/2025\/02\/20250227-El-PSPV-lamenta-la-oportunidad-perdida-de-Carrasco-para-distanciarse-de-las-tesis-ultras-de-Vox-al-mantener-como-concejal-del-gobierno-a-Alberto-Vidal-scaled.jpg","keywords":["Alberto Vidal","Bego\u00f1a Carrasco","Joaqu\u00edn Giner","Mary Carmen Ribera","Patricia Puerta","Todos"],"articleSection":["Grupo Municipal Socialista"],"inLanguage":"es","potentialAction":[{"@type":"CommentAction","name":"Comment","target":["https:\/\/agrupacionespsoe.es\/castello\/el-pspv-lamenta-la-oportunidad-perdida-de-carrasco-para-distanciarse-de-las-tesis-ultras-de-vox-al-mantener-como-concejal-del-gobierno-a-alberto-vidal\/#respond"]}]},{"@type":"WebPage","@id":"https:\/\/agrupacionespsoe.es\/castello\/el-pspv-lamenta-la-oportunidad-perdida-de-carrasco-para-distanciarse-de-las-tesis-ultras-de-vox-al-mantener-como-concejal-del-gobierno-a-alberto-vidal\/","url":"https:\/\/agrupacionespsoe.es\/castello\/el-pspv-lamenta-la-oportunidad-perdida-de-carrasco-para-distanciarse-de-las-tesis-ultras-de-vox-al-mantener-como-concejal-del-gobierno-a-alberto-vidal\/","name":"El PSPV lamenta la \u201coportunidad perdida\u201d de Carrasco para distanciarse de las tesis ultras de Vox al mantener como concejal del gobierno a Alberto Vidal - PSPV-PSOE CASTELL\u00d3","isPartOf":{"@id":"https:\/\/agrupacionespsoe.es\/castello\/#website"},"primaryImageOfPage":{"@id":"https:\/\/agrupacionespsoe.es\/castello\/el-pspv-lamenta-la-oportunidad-perdida-de-carrasco-para-distanciarse-de-las-tesis-ultras-de-vox-al-mantener-como-concejal-del-gobierno-a-alberto-vidal\/#primaryimage"},"image":{"@id":"https:\/\/agrupacionespsoe.es\/castello\/el-pspv-lamenta-la-oportunidad-perdida-de-carrasco-para-distanciarse-de-las-tesis-ultras-de-vox-al-mantener-como-concejal-del-gobierno-a-alberto-vidal\/#primaryimage"},"thumbnailUrl":"https:\/\/agrupacionespsoe.es\/castello\/wp-content\/uploads\/sites\/45\/2025\/02\/20250227-El-PSPV-lamenta-la-oportunidad-perdida-de-Carrasco-para-distanciarse-de-las-tesis-ultras-de-Vox-al-mantener-como-concejal-del-gobierno-a-Alberto-Vidal-scaled.jpg","datePublished":"2025-02-27T12:55:56+00:00","dateModified":"2025-11-21T09:50:29+00:00","breadcrumb":{"@id":"https:\/\/agrupacionespsoe.es\/castello\/el-pspv-lamenta-la-oportunidad-perdida-de-carrasco-para-distanciarse-de-las-tesis-ultras-de-vox-al-mantener-como-concejal-del-gobierno-a-alberto-vidal\/#breadcrumb"},"inLanguage":"es","potentialAction":[{"@type":"ReadAction","target":["https:\/\/agrupacionespsoe.es\/castello\/el-pspv-lamenta-la-oportunidad-perdida-de-carrasco-para-distanciarse-de-las-tesis-ultras-de-vox-al-mantener-como-concejal-del-gobierno-a-alberto-vidal\/"]}]},{"@type":"ImageObject","inLanguage":"es","@id":"https:\/\/agrupacionespsoe.es\/castello\/el-pspv-lamenta-la-oportunidad-perdida-de-carrasco-para-distanciarse-de-las-tesis-ultras-de-vox-al-mantener-como-concejal-del-gobierno-a-alberto-vidal\/#primaryimage","url":"https:\/\/agrupacionespsoe.es\/castello\/wp-content\/uploads\/sites\/45\/2025\/02\/20250227-El-PSPV-lamenta-la-oportunidad-perdida-de-Carrasco-para-distanciarse-de-las-tesis-ultras-de-Vox-al-mantener-como-concejal-del-gobierno-a-Alberto-Vidal-scaled.jpg","contentUrl":"https:\/\/agrupacionespsoe.es\/castello\/wp-content\/uploads\/sites\/45\/2025\/02\/20250227-El-PSPV-lamenta-la-oportunidad-perdida-de-Carrasco-para-distanciarse-de-las-tesis-ultras-de-Vox-al-mantener-como-concejal-del-gobierno-a-Alberto-Vidal-scaled.jpg","width":2560,"height":1365},{"@type":"BreadcrumbList","@id":"https:\/\/agrupacionespsoe.es\/castello\/el-pspv-lamenta-la-oportunidad-perdida-de-carrasco-para-distanciarse-de-las-tesis-ultras-de-vox-al-mantener-como-concejal-del-gobierno-a-alberto-vidal\/#breadcrumb","itemListElement":[{"@type":"ListItem","position":1,"name":"Portada","item":"https:\/\/agrupacionespsoe.es\/castello\/"},{"@type":"ListItem","position":2,"name":"El PSPV lamenta la \u201coportunidad perdida\u201d de Carrasco para distanciarse de las tesis ultras de Vox al mantener como concejal del gobierno a Alberto Vidal"}]},{"@type":"WebSite","@id":"https:\/\/agrupacionespsoe.es\/castello\/#website","url":"https:\/\/agrupacionespsoe.es\/castello\/","name":"PSPV-PSOE CASTELL\u00d3","description":"PSPV-PSOE | Agrupaci\u00f3 de Castell\u00f3","publisher":{"@id":"https:\/\/agrupacionespsoe.es\/castello\/#organization"},"potentialAction":[{"@type":"SearchAction","target":{"@type":"EntryPoint","urlTemplate":"https:\/\/agrupacionespsoe.es\/castello\/?s={search_term_string}"},"query-input":{"@type":"PropertyValueSpecification","valueRequired":true,"valueName":"search_term_string"}}],"inLanguage":"es"},{"@type":"Organization","@id":"https:\/\/agrupacionespsoe.es\/castello\/#organization","name":"PSPV-PSOE Castell\u00f3","url":"https:\/\/agrupacionespsoe.es\/castello\/","logo":{"@type":"ImageObject","inLanguage":"es","@id":"https:\/\/agrupacionespsoe.es\/castello\/#\/schema\/logo\/image\/","url":"https:\/\/agrupacionespsoe.es\/castello\/wp-content\/uploads\/sites\/45\/2023\/04\/PORTADA-PSOE-CASTELLO.jpg","contentUrl":"https:\/\/agrupacionespsoe.es\/castello\/wp-content\/uploads\/sites\/45\/2023\/04\/PORTADA-PSOE-CASTELLO.jpg","width":2500,"height":2500,"caption":"PSPV-PSOE Castell\u00f3"},"image":{"@id":"https:\/\/agrupacionespsoe.es\/castello\/#\/schema\/logo\/image\/"},"sameAs":["https:\/\/www.facebook.com\/pspv.castellodelaplana","https:\/\/x.com\/pspv_cs","https:\/\/www.instagram.com\/pspvpsoecastello\/"]},{"@type":"Person","@id":"https:\/\/agrupacionespsoe.es\/castello\/#\/schema\/person\/f3bc5b2f9dc6a399e9e98596ae24a20a","name":"castello1","image":{"@type":"ImageObject","inLanguage":"es","@id":"https:\/\/agrupacionespsoe.es\/castello\/#\/schema\/person\/image\/","url":"https:\/\/secure.gravatar.com\/avatar\/5f1da428d6479d1127419c0b58796865?s=96&d=mm&r=g","contentUrl":"https:\/\/secure.gravatar.com\/avatar\/5f1da428d6479d1127419c0b58796865?s=96&d=mm&r=g","caption":"castello1"},"url":"https:\/\/agrupacionespsoe.es\/castello\/author\/castello1\/"}]}},"jetpack_publicize_connections":[],"jetpack_featured_media_url":"https:\/\/agrupacionespsoe.es\/castello\/wp-content\/uploads\/sites\/45\/2025\/02\/20250227-El-PSPV-lamenta-la-oportunidad-perdida-de-Carrasco-para-distanciarse-de-las-tesis-ultras-de-Vox-al-mantener-como-concejal-del-gobierno-a-Alberto-Vidal-scaled.jpg","jetpack_sharing_enabled":true,"_links":{"self":[{"href":"https:\/\/agrupacionespsoe.es\/castello\/wp-json\/wp\/v2\/posts\/7434","targetHints":{"allow":["GET"]}}],"collection":[{"href":"https:\/\/agrupacionespsoe.es\/castello\/wp-json\/wp\/v2\/posts"}],"about":[{"href":"https:\/\/agrupacionespsoe.es\/castello\/wp-json\/wp\/v2\/types\/post"}],"author":[{"embeddable":true,"href":"https:\/\/agrupacionespsoe.es\/castello\/wp-json\/wp\/v2\/users\/48"}],"replies":[{"embeddable":true,"href":"https:\/\/agrupacionespsoe.es\/castello\/wp-json\/wp\/v2\/comments?post=7434"}],"version-history":[{"count":4,"href":"https:\/\/agrupacionespsoe.es\/castello\/wp-json\/wp\/v2\/posts\/7434\/revisions"}],"predecessor-version":[{"id":9712,"href":"https:\/\/agrupacionespsoe.es\/castello\/wp-json\/wp\/v2\/posts\/7434\/revisions\/9712"}],"wp:featuredmedia":[{"embeddable":true,"href":"https:\/\/agrupacionespsoe.es\/castello\/wp-json\/wp\/v2\/media\/7435"}],"wp:attachment":[{"href":"https:\/\/agrupacionespsoe.es\/castello\/wp-json\/wp\/v2\/media?parent=7434"}],"wp:term":[{"taxonomy":"category","embeddable":true,"href":"https:\/\/agrupacionespsoe.es\/castello\/wp-json\/wp\/v2\/categories?post=7434"},{"taxonomy":"post_tag","embeddable":true,"href":"https:\/\/agrupacionespsoe.es\/castello\/wp-json\/wp\/v2\/tags?post=7434"}],"curies":[{"name":"wp","href":"https:\/\/api.w.org\/{rel}","templated":true}]}}