{"id":7399,"date":"2025-02-24T19:03:08","date_gmt":"2025-02-24T18:03:08","guid":{"rendered":"https:\/\/agrupacionespsoe.es\/castello\/?p=7399"},"modified":"2025-02-24T19:03:08","modified_gmt":"2025-02-24T18:03:08","slug":"carrasco-blanqueja-a-vox-en-permetre-que-vidal-siga-jurat-del-concurs-digualtat-relats-de-dones-malgrat-els-seus-continus-atacs-als-drets-de-la-dona","status":"publish","type":"post","link":"https:\/\/agrupacionespsoe.es\/castello\/va\/carrasco-blanqueja-a-vox-en-permetre-que-vidal-siga-jurat-del-concurs-digualtat-relats-de-dones-malgrat-els-seus-continus-atacs-als-drets-de-la-dona\/","title":{"rendered":"Carrasco blanqueja a Vox en permetre que Vidal siga jurat del concurs d&#8217;Igualtat \u2018Relats de Dones\u2019 malgrat els seus continus atacs als drets de la dona"},"content":{"rendered":"\n<ul class=\"wp-block-list\">\n<li><em><strong>La regidora socialista M\u00f3nica Barab\u00e1s assegura que \u00e9s \u201cuna aixecada de camisa\u201d que el regidor de Fam\u00edlia, que exigeix cont\u00ednuament reduir el pressupost d&#8217;igualtat, que nega la viol\u00e8ncia masclista o que compara l&#8217;avortament amb l&#8217;Holocaust, participe en un esdeveniment que busca premiar \u2018relats que aposten per la superaci\u00f3 d&#8217;estereotips i rols masculins i femenins tradicionals\u2019<\/strong><\/em><\/li>\n<\/ul>\n\n\n\n<ul class=\"wp-block-list\">\n<li><em><strong>Barab\u00e1s assenyala que \u201cel PP de la senyora Carrasco \u00e9s l&#8217;\u00fanic culpable de ficar en el govern municipal a la ultradreta i que es vete hui per part de Vox les propostes de declaracions institucionals amb motiu del 8 de Mar\u00e7, el Dia Internacional de la Dona\u201d<\/strong><\/em><\/li>\n<\/ul>\n\n\n\n<p><strong>M\u00f2nica Barab\u00e1s<\/strong>, regidora del Grup Municipal Socialista a l\u2019Ajuntament de Castell\u00f3, ha qualificat de \u201caixecada de camisa\u201d que l&#8217;alcaldessa, <strong>Bego\u00f1a Carrasco<\/strong>, assumisca que el regidor de Comer\u00e7, Consum, Fam\u00edlia i Inf\u00e0ncia, <strong>Alberto Vidal<\/strong>, forme part del jurat del concurs \u2018Relats de Dones\u2019, la decisi\u00f3 de les quals ha de con\u00e9ixer-se abans del mes d&#8217;abril de 2025.<\/p>\n\n\n\n<p>Per a Barab\u00e1s, \u201cque es permeta a Vidal, que exigeix de manera cont\u00ednua que es rebaixe el pressupost de l&#8217;\u00e0rea d&#8217;Igualtat, que nega la viol\u00e8ncia masclista i que compara l&#8217;avortament amb l&#8217;Holocaust, ser una de les persones que ha de valorar els treballs del concurs \u00e9s un reflex del blanqueig de la senyora Carrasco als seus amics i amigues de Vox, amb els qui est\u00e0 absolutament mimetitzada\u201d.<\/p>\n\n\n\n<p>Estem parlant d&#8217;un concurs organitzat per l&#8217;\u00e0rea d&#8217;Igualtat que cerca, entre altres aspectes, premiar relats que utilitzen llenguatge inclusiu i que defensen valors que no sigan discriminatoris ni sexistes, a m\u00e9s de fomentar la superaci\u00f3 d&#8217;estereotips o rols masculins i femenins tradicionals. \u201cAcceptar que Vidal siga part del jurat \u00e9s un insult per a totes les dones que lluiten di\u00e0riament per la igualtat, una igualtat en la qual no cree una ultradreta que campa a pler a l&#8217;ajuntament gr\u00e0cies a Bego\u00f1a Carrasco\u201d, lamenta M\u00f3nica Barab\u00e1s.<\/p>\n\n\n\n<p>L&#8217;actitud negacionista de Vox ha quedat de manifest hui, quan en la Junta de Portaveus ha vetat les dues propostes de declaracions institucionals, una d&#8217;elles del Partit Socialista, per a commemorar el 8 de Mar\u00e7 el Dia Internacional de la Dones. Per a Barab\u00e1s, \u201cel problema ja no \u00e9s Vox nom\u00e9s, sin\u00f3 Bego\u00f1a Carrasco, incapa\u00e7 de controlar als seus socis, una alcaldessa que, si de veritat creguera en la igualtat, expulsaria del seu govern als protectors del masclisme\u201d.<\/p>\n","protected":false},"excerpt":{"rendered":"<p>M\u00f2nica Barab\u00e1s, regidora del Grup Municipal Socialista a l\u2019Ajuntament de Castell\u00f3, ha qualificat de \u201caixecada de camisa\u201d que l&#8217;alcaldessa, Bego\u00f1a Carrasco, assumisca que el regidor de Comer\u00e7, Consum, Fam\u00edlia i Inf\u00e0ncia, Alberto Vidal, forme part del jurat del concurs \u2018Relats de Dones\u2019, la decisi\u00f3 de les quals ha de con\u00e9ixer-se abans del mes d&#8217;abril de &#8230;<\/p>\n","protected":false},"author":48,"featured_media":7395,"comment_status":"closed","ping_status":"open","sticky":false,"template":"","format":"standard","meta":{"_jetpack_memberships_contains_paid_content":false,"footnotes":"","jetpack_publicize_message":"","jetpack_publicize_feature_enabled":true,"jetpack_social_post_already_shared":false,"jetpack_social_options":{"image_generator_settings":{"template":"highway","default_image_id":0,"font":"","enabled":false},"version":2}},"categories":[22],"tags":[109,446],"class_list":["post-7399","post","type-post","status-publish","format-standard","has-post-thumbnail","hentry","category-gms-va","tag-monica-barabas-va","tag-todos-va"],"yoast_head":"<!-- This site is optimized with the Yoast SEO plugin v24.0 - https:\/\/yoast.com\/wordpress\/plugins\/seo\/ -->\n<title>Carrasco blanqueja a Vox en permetre que Vidal siga jurat del concurs d&#039;Igualtat \u2018Relats de Dones\u2019 malgrat els seus continus atacs als drets de la dona - PSPV-PSOE CASTELL\u00d3<\/title>\n<meta name=\"robots\" content=\"index, follow, max-snippet:-1, max-image-preview:large, max-video-preview:-1\" \/>\n<link rel=\"canonical\" href=\"https:\/\/agrupacionespsoe.es\/castello\/va\/carrasco-blanqueja-a-vox-en-permetre-que-vidal-siga-jurat-del-concurs-digualtat-relats-de-dones-malgrat-els-seus-continus-atacs-als-drets-de-la-dona\/\" \/>\n<meta property=\"og:locale\" content=\"es_ES\" \/>\n<meta property=\"og:type\" content=\"article\" \/>\n<meta property=\"og:title\" content=\"Carrasco blanqueja a Vox en permetre que Vidal siga jurat del concurs d&#039;Igualtat \u2018Relats de Dones\u2019 malgrat els seus continus atacs als drets de la dona - PSPV-PSOE CASTELL\u00d3\" \/>\n<meta property=\"og:description\" content=\"M\u00f2nica Barab\u00e1s, regidora del Grup Municipal Socialista a l\u2019Ajuntament de Castell\u00f3, ha qualificat de \u201caixecada de camisa\u201d que l&#8217;alcaldessa, Bego\u00f1a Carrasco, assumisca que el regidor de Comer\u00e7, Consum, Fam\u00edlia i Inf\u00e0ncia, Alberto Vidal, forme part del jurat del concurs \u2018Relats de Dones\u2019, la decisi\u00f3 de les quals ha de con\u00e9ixer-se abans del mes d&#8217;abril de ...\" \/>\n<meta property=\"og:url\" content=\"https:\/\/agrupacionespsoe.es\/castello\/va\/carrasco-blanqueja-a-vox-en-permetre-que-vidal-siga-jurat-del-concurs-digualtat-relats-de-dones-malgrat-els-seus-continus-atacs-als-drets-de-la-dona\/\" \/>\n<meta property=\"og:site_name\" content=\"PSPV-PSOE CASTELL\u00d3\" \/>\n<meta property=\"article:publisher\" content=\"https:\/\/www.facebook.com\/pspv.castellodelaplana\" \/>\n<meta property=\"article:published_time\" content=\"2025-02-24T18:03:08+00:00\" \/>\n<meta property=\"og:image\" content=\"https:\/\/agrupacionespsoe.es\/castello\/wp-content\/uploads\/sites\/45\/2025\/02\/img_7413-1.jpg\" \/>\n\t<meta property=\"og:image:width\" content=\"1600\" \/>\n\t<meta property=\"og:image:height\" content=\"1066\" \/>\n\t<meta property=\"og:image:type\" content=\"image\/jpeg\" \/>\n<meta name=\"author\" content=\"castello1\" \/>\n<meta name=\"twitter:card\" content=\"summary_large_image\" \/>\n<meta name=\"twitter:creator\" content=\"@pspv_cs\" \/>\n<meta name=\"twitter:site\" content=\"@pspv_cs\" \/>\n<meta name=\"twitter:label1\" content=\"Escrito por\" \/>\n\t<meta name=\"twitter:data1\" content=\"castello1\" \/>\n\t<meta name=\"twitter:label2\" content=\"Tiempo de lectura\" \/>\n\t<meta name=\"twitter:data2\" content=\"2 minutos\" \/>\n<script type=\"application\/ld+json\" class=\"yoast-schema-graph\">{\"@context\":\"https:\/\/schema.org\",\"@graph\":[{\"@type\":\"Article\",\"@id\":\"https:\/\/agrupacionespsoe.es\/castello\/va\/carrasco-blanqueja-a-vox-en-permetre-que-vidal-siga-jurat-del-concurs-digualtat-relats-de-dones-malgrat-els-seus-continus-atacs-als-drets-de-la-dona\/#article\",\"isPartOf\":{\"@id\":\"https:\/\/agrupacionespsoe.es\/castello\/va\/carrasco-blanqueja-a-vox-en-permetre-que-vidal-siga-jurat-del-concurs-digualtat-relats-de-dones-malgrat-els-seus-continus-atacs-als-drets-de-la-dona\/\"},\"author\":{\"name\":\"castello1\",\"@id\":\"https:\/\/agrupacionespsoe.es\/castello\/#\/schema\/person\/f3bc5b2f9dc6a399e9e98596ae24a20a\"},\"headline\":\"Carrasco blanqueja a Vox en permetre que Vidal siga jurat del concurs d&#8217;Igualtat \u2018Relats de Dones\u2019 malgrat els seus continus atacs als drets de la dona\",\"datePublished\":\"2025-02-24T18:03:08+00:00\",\"dateModified\":\"2025-02-24T18:03:08+00:00\",\"mainEntityOfPage\":{\"@id\":\"https:\/\/agrupacionespsoe.es\/castello\/va\/carrasco-blanqueja-a-vox-en-permetre-que-vidal-siga-jurat-del-concurs-digualtat-relats-de-dones-malgrat-els-seus-continus-atacs-als-drets-de-la-dona\/\"},\"wordCount\":439,\"publisher\":{\"@id\":\"https:\/\/agrupacionespsoe.es\/castello\/#organization\"},\"image\":{\"@id\":\"https:\/\/agrupacionespsoe.es\/castello\/va\/carrasco-blanqueja-a-vox-en-permetre-que-vidal-siga-jurat-del-concurs-digualtat-relats-de-dones-malgrat-els-seus-continus-atacs-als-drets-de-la-dona\/#primaryimage\"},\"thumbnailUrl\":\"https:\/\/agrupacionespsoe.es\/castello\/wp-content\/uploads\/sites\/45\/2025\/02\/img_7413-1.jpg\",\"keywords\":[\"M\u00f3nica Barab\u00e1s\",\"Todos\"],\"articleSection\":[\"Grup Municipal Socialista\"],\"inLanguage\":\"es\"},{\"@type\":\"WebPage\",\"@id\":\"https:\/\/agrupacionespsoe.es\/castello\/va\/carrasco-blanqueja-a-vox-en-permetre-que-vidal-siga-jurat-del-concurs-digualtat-relats-de-dones-malgrat-els-seus-continus-atacs-als-drets-de-la-dona\/\",\"url\":\"https:\/\/agrupacionespsoe.es\/castello\/va\/carrasco-blanqueja-a-vox-en-permetre-que-vidal-siga-jurat-del-concurs-digualtat-relats-de-dones-malgrat-els-seus-continus-atacs-als-drets-de-la-dona\/\",\"name\":\"Carrasco blanqueja a Vox en permetre que Vidal siga jurat del concurs d'Igualtat \u2018Relats de Dones\u2019 malgrat els seus continus atacs als drets de la dona - PSPV-PSOE CASTELL\u00d3\",\"isPartOf\":{\"@id\":\"https:\/\/agrupacionespsoe.es\/castello\/#website\"},\"primaryImageOfPage\":{\"@id\":\"https:\/\/agrupacionespsoe.es\/castello\/va\/carrasco-blanqueja-a-vox-en-permetre-que-vidal-siga-jurat-del-concurs-digualtat-relats-de-dones-malgrat-els-seus-continus-atacs-als-drets-de-la-dona\/#primaryimage\"},\"image\":{\"@id\":\"https:\/\/agrupacionespsoe.es\/castello\/va\/carrasco-blanqueja-a-vox-en-permetre-que-vidal-siga-jurat-del-concurs-digualtat-relats-de-dones-malgrat-els-seus-continus-atacs-als-drets-de-la-dona\/#primaryimage\"},\"thumbnailUrl\":\"https:\/\/agrupacionespsoe.es\/castello\/wp-content\/uploads\/sites\/45\/2025\/02\/img_7413-1.jpg\",\"datePublished\":\"2025-02-24T18:03:08+00:00\",\"dateModified\":\"2025-02-24T18:03:08+00:00\",\"breadcrumb\":{\"@id\":\"https:\/\/agrupacionespsoe.es\/castello\/va\/carrasco-blanqueja-a-vox-en-permetre-que-vidal-siga-jurat-del-concurs-digualtat-relats-de-dones-malgrat-els-seus-continus-atacs-als-drets-de-la-dona\/#breadcrumb\"},\"inLanguage\":\"es\",\"potentialAction\":[{\"@type\":\"ReadAction\",\"target\":[\"https:\/\/agrupacionespsoe.es\/castello\/va\/carrasco-blanqueja-a-vox-en-permetre-que-vidal-siga-jurat-del-concurs-digualtat-relats-de-dones-malgrat-els-seus-continus-atacs-als-drets-de-la-dona\/\"]}]},{\"@type\":\"ImageObject\",\"inLanguage\":\"es\",\"@id\":\"https:\/\/agrupacionespsoe.es\/castello\/va\/carrasco-blanqueja-a-vox-en-permetre-que-vidal-siga-jurat-del-concurs-digualtat-relats-de-dones-malgrat-els-seus-continus-atacs-als-drets-de-la-dona\/#primaryimage\",\"url\":\"https:\/\/agrupacionespsoe.es\/castello\/wp-content\/uploads\/sites\/45\/2025\/02\/img_7413-1.jpg\",\"contentUrl\":\"https:\/\/agrupacionespsoe.es\/castello\/wp-content\/uploads\/sites\/45\/2025\/02\/img_7413-1.jpg\",\"width\":1600,\"height\":1066},{\"@type\":\"BreadcrumbList\",\"@id\":\"https:\/\/agrupacionespsoe.es\/castello\/va\/carrasco-blanqueja-a-vox-en-permetre-que-vidal-siga-jurat-del-concurs-digualtat-relats-de-dones-malgrat-els-seus-continus-atacs-als-drets-de-la-dona\/#breadcrumb\",\"itemListElement\":[{\"@type\":\"ListItem\",\"position\":1,\"name\":\"Portada\",\"item\":\"https:\/\/agrupacionespsoe.es\/castello\/\"},{\"@type\":\"ListItem\",\"position\":2,\"name\":\"Carrasco blanqueja a Vox en permetre que Vidal siga jurat del concurs d&#8217;Igualtat \u2018Relats de Dones\u2019 malgrat els seus continus atacs als drets de la dona\"}]},{\"@type\":\"WebSite\",\"@id\":\"https:\/\/agrupacionespsoe.es\/castello\/#website\",\"url\":\"https:\/\/agrupacionespsoe.es\/castello\/\",\"name\":\"PSPV-PSOE CASTELL\u00d3\",\"description\":\"PSPV-PSOE | Agrupaci\u00f3 de Castell\u00f3\",\"publisher\":{\"@id\":\"https:\/\/agrupacionespsoe.es\/castello\/#organization\"},\"potentialAction\":[{\"@type\":\"SearchAction\",\"target\":{\"@type\":\"EntryPoint\",\"urlTemplate\":\"https:\/\/agrupacionespsoe.es\/castello\/?s={search_term_string}\"},\"query-input\":{\"@type\":\"PropertyValueSpecification\",\"valueRequired\":true,\"valueName\":\"search_term_string\"}}],\"inLanguage\":\"es\"},{\"@type\":\"Organization\",\"@id\":\"https:\/\/agrupacionespsoe.es\/castello\/#organization\",\"name\":\"PSPV-PSOE Castell\u00f3\",\"url\":\"https:\/\/agrupacionespsoe.es\/castello\/\",\"logo\":{\"@type\":\"ImageObject\",\"inLanguage\":\"es\",\"@id\":\"https:\/\/agrupacionespsoe.es\/castello\/#\/schema\/logo\/image\/\",\"url\":\"https:\/\/agrupacionespsoe.es\/castello\/wp-content\/uploads\/sites\/45\/2023\/04\/PORTADA-PSOE-CASTELLO.jpg\",\"contentUrl\":\"https:\/\/agrupacionespsoe.es\/castello\/wp-content\/uploads\/sites\/45\/2023\/04\/PORTADA-PSOE-CASTELLO.jpg\",\"width\":2500,\"height\":2500,\"caption\":\"PSPV-PSOE Castell\u00f3\"},\"image\":{\"@id\":\"https:\/\/agrupacionespsoe.es\/castello\/#\/schema\/logo\/image\/\"},\"sameAs\":[\"https:\/\/www.facebook.com\/pspv.castellodelaplana\",\"https:\/\/x.com\/pspv_cs\",\"https:\/\/www.instagram.com\/pspvpsoecastello\/\"]},{\"@type\":\"Person\",\"@id\":\"https:\/\/agrupacionespsoe.es\/castello\/#\/schema\/person\/f3bc5b2f9dc6a399e9e98596ae24a20a\",\"name\":\"castello1\",\"image\":{\"@type\":\"ImageObject\",\"inLanguage\":\"es\",\"@id\":\"https:\/\/agrupacionespsoe.es\/castello\/#\/schema\/person\/image\/\",\"url\":\"https:\/\/secure.gravatar.com\/avatar\/5f1da428d6479d1127419c0b58796865?s=96&d=mm&r=g\",\"contentUrl\":\"https:\/\/secure.gravatar.com\/avatar\/5f1da428d6479d1127419c0b58796865?s=96&d=mm&r=g\",\"caption\":\"castello1\"},\"url\":\"https:\/\/agrupacionespsoe.es\/castello\/author\/castello1\/\"}]}<\/script>\n<!-- \/ Yoast SEO plugin. -->","yoast_head_json":{"title":"Carrasco blanqueja a Vox en permetre que Vidal siga jurat del concurs d'Igualtat \u2018Relats de Dones\u2019 malgrat els seus continus atacs als drets de la dona - PSPV-PSOE CASTELL\u00d3","robots":{"index":"index","follow":"follow","max-snippet":"max-snippet:-1","max-image-preview":"max-image-preview:large","max-video-preview":"max-video-preview:-1"},"canonical":"https:\/\/agrupacionespsoe.es\/castello\/va\/carrasco-blanqueja-a-vox-en-permetre-que-vidal-siga-jurat-del-concurs-digualtat-relats-de-dones-malgrat-els-seus-continus-atacs-als-drets-de-la-dona\/","og_locale":"es_ES","og_type":"article","og_title":"Carrasco blanqueja a Vox en permetre que Vidal siga jurat del concurs d'Igualtat \u2018Relats de Dones\u2019 malgrat els seus continus atacs als drets de la dona - PSPV-PSOE CASTELL\u00d3","og_description":"M\u00f2nica Barab\u00e1s, regidora del Grup Municipal Socialista a l\u2019Ajuntament de Castell\u00f3, ha qualificat de \u201caixecada de camisa\u201d que l&#8217;alcaldessa, Bego\u00f1a Carrasco, assumisca que el regidor de Comer\u00e7, Consum, Fam\u00edlia i Inf\u00e0ncia, Alberto Vidal, forme part del jurat del concurs \u2018Relats de Dones\u2019, la decisi\u00f3 de les quals ha de con\u00e9ixer-se abans del mes d&#8217;abril de ...","og_url":"https:\/\/agrupacionespsoe.es\/castello\/va\/carrasco-blanqueja-a-vox-en-permetre-que-vidal-siga-jurat-del-concurs-digualtat-relats-de-dones-malgrat-els-seus-continus-atacs-als-drets-de-la-dona\/","og_site_name":"PSPV-PSOE CASTELL\u00d3","article_publisher":"https:\/\/www.facebook.com\/pspv.castellodelaplana","article_published_time":"2025-02-24T18:03:08+00:00","og_image":[{"width":1600,"height":1066,"url":"https:\/\/agrupacionespsoe.es\/castello\/wp-content\/uploads\/sites\/45\/2025\/02\/img_7413-1.jpg","type":"image\/jpeg"}],"author":"castello1","twitter_card":"summary_large_image","twitter_creator":"@pspv_cs","twitter_site":"@pspv_cs","twitter_misc":{"Escrito por":"castello1","Tiempo de lectura":"2 minutos"},"schema":{"@context":"https:\/\/schema.org","@graph":[{"@type":"Article","@id":"https:\/\/agrupacionespsoe.es\/castello\/va\/carrasco-blanqueja-a-vox-en-permetre-que-vidal-siga-jurat-del-concurs-digualtat-relats-de-dones-malgrat-els-seus-continus-atacs-als-drets-de-la-dona\/#article","isPartOf":{"@id":"https:\/\/agrupacionespsoe.es\/castello\/va\/carrasco-blanqueja-a-vox-en-permetre-que-vidal-siga-jurat-del-concurs-digualtat-relats-de-dones-malgrat-els-seus-continus-atacs-als-drets-de-la-dona\/"},"author":{"name":"castello1","@id":"https:\/\/agrupacionespsoe.es\/castello\/#\/schema\/person\/f3bc5b2f9dc6a399e9e98596ae24a20a"},"headline":"Carrasco blanqueja a Vox en permetre que Vidal siga jurat del concurs d&#8217;Igualtat \u2018Relats de Dones\u2019 malgrat els seus continus atacs als drets de la dona","datePublished":"2025-02-24T18:03:08+00:00","dateModified":"2025-02-24T18:03:08+00:00","mainEntityOfPage":{"@id":"https:\/\/agrupacionespsoe.es\/castello\/va\/carrasco-blanqueja-a-vox-en-permetre-que-vidal-siga-jurat-del-concurs-digualtat-relats-de-dones-malgrat-els-seus-continus-atacs-als-drets-de-la-dona\/"},"wordCount":439,"publisher":{"@id":"https:\/\/agrupacionespsoe.es\/castello\/#organization"},"image":{"@id":"https:\/\/agrupacionespsoe.es\/castello\/va\/carrasco-blanqueja-a-vox-en-permetre-que-vidal-siga-jurat-del-concurs-digualtat-relats-de-dones-malgrat-els-seus-continus-atacs-als-drets-de-la-dona\/#primaryimage"},"thumbnailUrl":"https:\/\/agrupacionespsoe.es\/castello\/wp-content\/uploads\/sites\/45\/2025\/02\/img_7413-1.jpg","keywords":["M\u00f3nica Barab\u00e1s","Todos"],"articleSection":["Grup Municipal Socialista"],"inLanguage":"es"},{"@type":"WebPage","@id":"https:\/\/agrupacionespsoe.es\/castello\/va\/carrasco-blanqueja-a-vox-en-permetre-que-vidal-siga-jurat-del-concurs-digualtat-relats-de-dones-malgrat-els-seus-continus-atacs-als-drets-de-la-dona\/","url":"https:\/\/agrupacionespsoe.es\/castello\/va\/carrasco-blanqueja-a-vox-en-permetre-que-vidal-siga-jurat-del-concurs-digualtat-relats-de-dones-malgrat-els-seus-continus-atacs-als-drets-de-la-dona\/","name":"Carrasco blanqueja a Vox en permetre que Vidal siga jurat del concurs d'Igualtat \u2018Relats de Dones\u2019 malgrat els seus continus atacs als drets de la dona - PSPV-PSOE CASTELL\u00d3","isPartOf":{"@id":"https:\/\/agrupacionespsoe.es\/castello\/#website"},"primaryImageOfPage":{"@id":"https:\/\/agrupacionespsoe.es\/castello\/va\/carrasco-blanqueja-a-vox-en-permetre-que-vidal-siga-jurat-del-concurs-digualtat-relats-de-dones-malgrat-els-seus-continus-atacs-als-drets-de-la-dona\/#primaryimage"},"image":{"@id":"https:\/\/agrupacionespsoe.es\/castello\/va\/carrasco-blanqueja-a-vox-en-permetre-que-vidal-siga-jurat-del-concurs-digualtat-relats-de-dones-malgrat-els-seus-continus-atacs-als-drets-de-la-dona\/#primaryimage"},"thumbnailUrl":"https:\/\/agrupacionespsoe.es\/castello\/wp-content\/uploads\/sites\/45\/2025\/02\/img_7413-1.jpg","datePublished":"2025-02-24T18:03:08+00:00","dateModified":"2025-02-24T18:03:08+00:00","breadcrumb":{"@id":"https:\/\/agrupacionespsoe.es\/castello\/va\/carrasco-blanqueja-a-vox-en-permetre-que-vidal-siga-jurat-del-concurs-digualtat-relats-de-dones-malgrat-els-seus-continus-atacs-als-drets-de-la-dona\/#breadcrumb"},"inLanguage":"es","potentialAction":[{"@type":"ReadAction","target":["https:\/\/agrupacionespsoe.es\/castello\/va\/carrasco-blanqueja-a-vox-en-permetre-que-vidal-siga-jurat-del-concurs-digualtat-relats-de-dones-malgrat-els-seus-continus-atacs-als-drets-de-la-dona\/"]}]},{"@type":"ImageObject","inLanguage":"es","@id":"https:\/\/agrupacionespsoe.es\/castello\/va\/carrasco-blanqueja-a-vox-en-permetre-que-vidal-siga-jurat-del-concurs-digualtat-relats-de-dones-malgrat-els-seus-continus-atacs-als-drets-de-la-dona\/#primaryimage","url":"https:\/\/agrupacionespsoe.es\/castello\/wp-content\/uploads\/sites\/45\/2025\/02\/img_7413-1.jpg","contentUrl":"https:\/\/agrupacionespsoe.es\/castello\/wp-content\/uploads\/sites\/45\/2025\/02\/img_7413-1.jpg","width":1600,"height":1066},{"@type":"BreadcrumbList","@id":"https:\/\/agrupacionespsoe.es\/castello\/va\/carrasco-blanqueja-a-vox-en-permetre-que-vidal-siga-jurat-del-concurs-digualtat-relats-de-dones-malgrat-els-seus-continus-atacs-als-drets-de-la-dona\/#breadcrumb","itemListElement":[{"@type":"ListItem","position":1,"name":"Portada","item":"https:\/\/agrupacionespsoe.es\/castello\/"},{"@type":"ListItem","position":2,"name":"Carrasco blanqueja a Vox en permetre que Vidal siga jurat del concurs d&#8217;Igualtat \u2018Relats de Dones\u2019 malgrat els seus continus atacs als drets de la dona"}]},{"@type":"WebSite","@id":"https:\/\/agrupacionespsoe.es\/castello\/#website","url":"https:\/\/agrupacionespsoe.es\/castello\/","name":"PSPV-PSOE CASTELL\u00d3","description":"PSPV-PSOE | Agrupaci\u00f3 de Castell\u00f3","publisher":{"@id":"https:\/\/agrupacionespsoe.es\/castello\/#organization"},"potentialAction":[{"@type":"SearchAction","target":{"@type":"EntryPoint","urlTemplate":"https:\/\/agrupacionespsoe.es\/castello\/?s={search_term_string}"},"query-input":{"@type":"PropertyValueSpecification","valueRequired":true,"valueName":"search_term_string"}}],"inLanguage":"es"},{"@type":"Organization","@id":"https:\/\/agrupacionespsoe.es\/castello\/#organization","name":"PSPV-PSOE Castell\u00f3","url":"https:\/\/agrupacionespsoe.es\/castello\/","logo":{"@type":"ImageObject","inLanguage":"es","@id":"https:\/\/agrupacionespsoe.es\/castello\/#\/schema\/logo\/image\/","url":"https:\/\/agrupacionespsoe.es\/castello\/wp-content\/uploads\/sites\/45\/2023\/04\/PORTADA-PSOE-CASTELLO.jpg","contentUrl":"https:\/\/agrupacionespsoe.es\/castello\/wp-content\/uploads\/sites\/45\/2023\/04\/PORTADA-PSOE-CASTELLO.jpg","width":2500,"height":2500,"caption":"PSPV-PSOE Castell\u00f3"},"image":{"@id":"https:\/\/agrupacionespsoe.es\/castello\/#\/schema\/logo\/image\/"},"sameAs":["https:\/\/www.facebook.com\/pspv.castellodelaplana","https:\/\/x.com\/pspv_cs","https:\/\/www.instagram.com\/pspvpsoecastello\/"]},{"@type":"Person","@id":"https:\/\/agrupacionespsoe.es\/castello\/#\/schema\/person\/f3bc5b2f9dc6a399e9e98596ae24a20a","name":"castello1","image":{"@type":"ImageObject","inLanguage":"es","@id":"https:\/\/agrupacionespsoe.es\/castello\/#\/schema\/person\/image\/","url":"https:\/\/secure.gravatar.com\/avatar\/5f1da428d6479d1127419c0b58796865?s=96&d=mm&r=g","contentUrl":"https:\/\/secure.gravatar.com\/avatar\/5f1da428d6479d1127419c0b58796865?s=96&d=mm&r=g","caption":"castello1"},"url":"https:\/\/agrupacionespsoe.es\/castello\/author\/castello1\/"}]}},"jetpack_publicize_connections":[],"jetpack_featured_media_url":"https:\/\/agrupacionespsoe.es\/castello\/wp-content\/uploads\/sites\/45\/2025\/02\/img_7413-1.jpg","jetpack_sharing_enabled":true,"_links":{"self":[{"href":"https:\/\/agrupacionespsoe.es\/castello\/wp-json\/wp\/v2\/posts\/7399","targetHints":{"allow":["GET"]}}],"collection":[{"href":"https:\/\/agrupacionespsoe.es\/castello\/wp-json\/wp\/v2\/posts"}],"about":[{"href":"https:\/\/agrupacionespsoe.es\/castello\/wp-json\/wp\/v2\/types\/post"}],"author":[{"embeddable":true,"href":"https:\/\/agrupacionespsoe.es\/castello\/wp-json\/wp\/v2\/users\/48"}],"replies":[{"embeddable":true,"href":"https:\/\/agrupacionespsoe.es\/castello\/wp-json\/wp\/v2\/comments?post=7399"}],"version-history":[{"count":2,"href":"https:\/\/agrupacionespsoe.es\/castello\/wp-json\/wp\/v2\/posts\/7399\/revisions"}],"predecessor-version":[{"id":7401,"href":"https:\/\/agrupacionespsoe.es\/castello\/wp-json\/wp\/v2\/posts\/7399\/revisions\/7401"}],"wp:featuredmedia":[{"embeddable":true,"href":"https:\/\/agrupacionespsoe.es\/castello\/wp-json\/wp\/v2\/media\/7395"}],"wp:attachment":[{"href":"https:\/\/agrupacionespsoe.es\/castello\/wp-json\/wp\/v2\/media?parent=7399"}],"wp:term":[{"taxonomy":"category","embeddable":true,"href":"https:\/\/agrupacionespsoe.es\/castello\/wp-json\/wp\/v2\/categories?post=7399"},{"taxonomy":"post_tag","embeddable":true,"href":"https:\/\/agrupacionespsoe.es\/castello\/wp-json\/wp\/v2\/tags?post=7399"}],"curies":[{"name":"wp","href":"https:\/\/api.w.org\/{rel}","templated":true}]}}