{"id":7236,"date":"2025-02-07T12:00:00","date_gmt":"2025-02-07T11:00:00","guid":{"rendered":"https:\/\/agrupacionespsoe.es\/castello\/?p=7236"},"modified":"2025-02-07T09:49:10","modified_gmt":"2025-02-07T08:49:10","slug":"malas-practicas-democraticas","status":"publish","type":"post","link":"https:\/\/agrupacionespsoe.es\/castello\/malas-practicas-democraticas\/","title":{"rendered":"Malas pr\u00e1cticas democr\u00e1ticas"},"content":{"rendered":"\n<p>El concejal de Seguridad Ciudadana y Emergencias, <strong>Antonio Ortol\u00e1<\/strong>, est\u00e1 encantado de conocerse. Vive sumergido en una mentira constante, pero llega a autoconvencerse de que su gesti\u00f3n es ejemplar.<\/p>\n\n\n\n<p>Lo suyo es puro teatro, una representaci\u00f3n diaria en la que est\u00e1 m\u00e1s preocupado por recibir \u2018likes\u2019 en las redes sociales que por gobernar: poca verdad y mucha mentira, algo que marca sin duda el d\u00eda a d\u00eda del Gobierno de la Verg\u00fcenza del bipartito PP-Vox que preside <strong>Bego\u00f1a Carrasco<\/strong>.<\/p>\n\n\n\n<p>La ciudadan\u00eda a\u00fan espera la Polic\u00eda de Barrio, que haya una vigilancia constante en todos los distritos m\u00e1s all\u00e1 del despliegue por el centro. Otra burla m\u00e1s.<\/p>\n\n\n\n<p>Dignificar la Polic\u00eda Local no es izar banderas en la puerta de Tetu\u00e1n XIV, utilizando para ello la imagen de los agentes para una foto de portada. Por cierto, un acto al que ni siquiera fuimos invitados.<\/p>\n\n\n\n<p>Mejorar el d\u00eda a d\u00eda de la Polic\u00eda Local y los Bomberos no es llenarse la boca diciendo que se aumenta el presupuesto para uniformes, pero silenciar la reducci\u00f3n dr\u00e1stica de partidas destinadas a la formaci\u00f3n o a material t\u00e9cnico.<\/p>\n\n\n\n<p>Quiz\u00e1s absorto en sus continuos discursos de odio, al se\u00f1or Ortol\u00e1 se le olvida que existe una Agrupaci\u00f3n Municipal de Voluntarios de Protecci\u00f3n Civil que cumplen con su cometido pese al ninguneo del concejal responsable.<\/p>\n\n\n\n<p>Tampoco se acuerda de cumplir con la obligaci\u00f3n legal de dar informaci\u00f3n a los sindicatos, ni de contestar al propio S\u00edndic de Greuges. Claro, para \u00e9l debe ser prioritario grabarse v\u00eddeos donde queda retratado.<\/p>\n\n\n\n<p class=\"has-text-align-right\"><em><strong>Anunciaci\u00f3n Lainez<\/strong><\/em><br><em>Concejala del Grupo Municipal Socialista<\/em> <em>en el Ayuntamiento de Castell\u00f3<\/em><\/p>\n","protected":false},"excerpt":{"rendered":"<p>El concejal de Seguridad Ciudadana y Emergencias, Antonio Ortol\u00e1, est\u00e1 encantado de conocerse. Vive sumergido en una mentira constante, pero llega a autoconvencerse de que su gesti\u00f3n es ejemplar. Lo suyo es puro teatro, una representaci\u00f3n diaria en la que est\u00e1 m\u00e1s preocupado por recibir \u2018likes\u2019 en las redes sociales que por gobernar: poca verdad &#8230;<\/p>\n","protected":false},"author":48,"featured_media":503,"comment_status":"open","ping_status":"open","sticky":false,"template":"","format":"standard","meta":{"_jetpack_memberships_contains_paid_content":false,"footnotes":"","jetpack_publicize_message":"","jetpack_publicize_feature_enabled":true,"jetpack_social_post_already_shared":false,"jetpack_social_options":{"image_generator_settings":{"template":"highway","default_image_id":0,"font":"","enabled":false},"version":2}},"categories":[33,50],"tags":[95,448],"class_list":["post-7236","post","type-post","status-publish","format-standard","has-post-thumbnail","hentry","category-gms","category-opinion","tag-anun-lainez","tag-todos-es"],"yoast_head":"<!-- This site is optimized with the Yoast SEO plugin v24.0 - https:\/\/yoast.com\/wordpress\/plugins\/seo\/ -->\n<title>Malas pr\u00e1cticas democr\u00e1ticas - PSPV-PSOE CASTELL\u00d3<\/title>\n<meta name=\"robots\" content=\"index, follow, max-snippet:-1, max-image-preview:large, max-video-preview:-1\" \/>\n<link rel=\"canonical\" href=\"https:\/\/agrupacionespsoe.es\/castello\/malas-practicas-democraticas\/\" \/>\n<meta property=\"og:locale\" content=\"es_ES\" \/>\n<meta property=\"og:type\" content=\"article\" \/>\n<meta property=\"og:title\" content=\"Malas pr\u00e1cticas democr\u00e1ticas - PSPV-PSOE CASTELL\u00d3\" \/>\n<meta property=\"og:description\" content=\"El concejal de Seguridad Ciudadana y Emergencias, Antonio Ortol\u00e1, est\u00e1 encantado de conocerse. Vive sumergido en una mentira constante, pero llega a autoconvencerse de que su gesti\u00f3n es ejemplar. Lo suyo es puro teatro, una representaci\u00f3n diaria en la que est\u00e1 m\u00e1s preocupado por recibir \u2018likes\u2019 en las redes sociales que por gobernar: poca verdad ...\" \/>\n<meta property=\"og:url\" content=\"https:\/\/agrupacionespsoe.es\/castello\/malas-practicas-democraticas\/\" \/>\n<meta property=\"og:site_name\" content=\"PSPV-PSOE CASTELL\u00d3\" \/>\n<meta property=\"article:publisher\" content=\"https:\/\/www.facebook.com\/pspv.castellodelaplana\" \/>\n<meta property=\"article:published_time\" content=\"2025-02-07T11:00:00+00:00\" \/>\n<meta property=\"article:modified_time\" content=\"2025-02-07T08:49:10+00:00\" \/>\n<meta property=\"og:image\" content=\"https:\/\/agrupacionespsoe.es\/castello\/wp-content\/uploads\/sites\/45\/2023\/04\/5.-ANUNCIACION-LAINEZ-CASTEL-2-scaled.jpg\" \/>\n\t<meta property=\"og:image:width\" content=\"2560\" \/>\n\t<meta property=\"og:image:height\" content=\"2560\" \/>\n\t<meta property=\"og:image:type\" content=\"image\/jpeg\" \/>\n<meta name=\"author\" content=\"castello1\" \/>\n<meta name=\"twitter:card\" content=\"summary_large_image\" \/>\n<meta name=\"twitter:creator\" content=\"@pspv_cs\" \/>\n<meta name=\"twitter:site\" content=\"@pspv_cs\" \/>\n<meta name=\"twitter:label1\" content=\"Escrito por\" \/>\n\t<meta name=\"twitter:data1\" content=\"castello1\" \/>\n\t<meta name=\"twitter:label2\" content=\"Tiempo de lectura\" \/>\n\t<meta name=\"twitter:data2\" content=\"2 minutos\" \/>\n<script type=\"application\/ld+json\" class=\"yoast-schema-graph\">{\"@context\":\"https:\/\/schema.org\",\"@graph\":[{\"@type\":\"Article\",\"@id\":\"https:\/\/agrupacionespsoe.es\/castello\/malas-practicas-democraticas\/#article\",\"isPartOf\":{\"@id\":\"https:\/\/agrupacionespsoe.es\/castello\/malas-practicas-democraticas\/\"},\"author\":{\"name\":\"castello1\",\"@id\":\"https:\/\/agrupacionespsoe.es\/castello\/#\/schema\/person\/f3bc5b2f9dc6a399e9e98596ae24a20a\"},\"headline\":\"Malas pr\u00e1cticas democr\u00e1ticas\",\"datePublished\":\"2025-02-07T11:00:00+00:00\",\"dateModified\":\"2025-02-07T08:49:10+00:00\",\"mainEntityOfPage\":{\"@id\":\"https:\/\/agrupacionespsoe.es\/castello\/malas-practicas-democraticas\/\"},\"wordCount\":299,\"commentCount\":0,\"publisher\":{\"@id\":\"https:\/\/agrupacionespsoe.es\/castello\/#organization\"},\"image\":{\"@id\":\"https:\/\/agrupacionespsoe.es\/castello\/malas-practicas-democraticas\/#primaryimage\"},\"thumbnailUrl\":\"https:\/\/agrupacionespsoe.es\/castello\/wp-content\/uploads\/sites\/45\/2023\/04\/5.-ANUNCIACION-LAINEZ-CASTEL-2-scaled.jpg\",\"keywords\":[\"Anun L\u00e1inez\",\"Todos\"],\"articleSection\":[\"Grupo Municipal Socialista\",\"Opini\u00f3n\"],\"inLanguage\":\"es\",\"potentialAction\":[{\"@type\":\"CommentAction\",\"name\":\"Comment\",\"target\":[\"https:\/\/agrupacionespsoe.es\/castello\/malas-practicas-democraticas\/#respond\"]}]},{\"@type\":\"WebPage\",\"@id\":\"https:\/\/agrupacionespsoe.es\/castello\/malas-practicas-democraticas\/\",\"url\":\"https:\/\/agrupacionespsoe.es\/castello\/malas-practicas-democraticas\/\",\"name\":\"Malas pr\u00e1cticas democr\u00e1ticas - PSPV-PSOE CASTELL\u00d3\",\"isPartOf\":{\"@id\":\"https:\/\/agrupacionespsoe.es\/castello\/#website\"},\"primaryImageOfPage\":{\"@id\":\"https:\/\/agrupacionespsoe.es\/castello\/malas-practicas-democraticas\/#primaryimage\"},\"image\":{\"@id\":\"https:\/\/agrupacionespsoe.es\/castello\/malas-practicas-democraticas\/#primaryimage\"},\"thumbnailUrl\":\"https:\/\/agrupacionespsoe.es\/castello\/wp-content\/uploads\/sites\/45\/2023\/04\/5.-ANUNCIACION-LAINEZ-CASTEL-2-scaled.jpg\",\"datePublished\":\"2025-02-07T11:00:00+00:00\",\"dateModified\":\"2025-02-07T08:49:10+00:00\",\"breadcrumb\":{\"@id\":\"https:\/\/agrupacionespsoe.es\/castello\/malas-practicas-democraticas\/#breadcrumb\"},\"inLanguage\":\"es\",\"potentialAction\":[{\"@type\":\"ReadAction\",\"target\":[\"https:\/\/agrupacionespsoe.es\/castello\/malas-practicas-democraticas\/\"]}]},{\"@type\":\"ImageObject\",\"inLanguage\":\"es\",\"@id\":\"https:\/\/agrupacionespsoe.es\/castello\/malas-practicas-democraticas\/#primaryimage\",\"url\":\"https:\/\/agrupacionespsoe.es\/castello\/wp-content\/uploads\/sites\/45\/2023\/04\/5.-ANUNCIACION-LAINEZ-CASTEL-2-scaled.jpg\",\"contentUrl\":\"https:\/\/agrupacionespsoe.es\/castello\/wp-content\/uploads\/sites\/45\/2023\/04\/5.-ANUNCIACION-LAINEZ-CASTEL-2-scaled.jpg\",\"width\":2560,\"height\":2560},{\"@type\":\"BreadcrumbList\",\"@id\":\"https:\/\/agrupacionespsoe.es\/castello\/malas-practicas-democraticas\/#breadcrumb\",\"itemListElement\":[{\"@type\":\"ListItem\",\"position\":1,\"name\":\"Portada\",\"item\":\"https:\/\/agrupacionespsoe.es\/castello\/\"},{\"@type\":\"ListItem\",\"position\":2,\"name\":\"Malas pr\u00e1cticas democr\u00e1ticas\"}]},{\"@type\":\"WebSite\",\"@id\":\"https:\/\/agrupacionespsoe.es\/castello\/#website\",\"url\":\"https:\/\/agrupacionespsoe.es\/castello\/\",\"name\":\"PSPV-PSOE CASTELL\u00d3\",\"description\":\"PSPV-PSOE | Agrupaci\u00f3 de Castell\u00f3\",\"publisher\":{\"@id\":\"https:\/\/agrupacionespsoe.es\/castello\/#organization\"},\"potentialAction\":[{\"@type\":\"SearchAction\",\"target\":{\"@type\":\"EntryPoint\",\"urlTemplate\":\"https:\/\/agrupacionespsoe.es\/castello\/?s={search_term_string}\"},\"query-input\":{\"@type\":\"PropertyValueSpecification\",\"valueRequired\":true,\"valueName\":\"search_term_string\"}}],\"inLanguage\":\"es\"},{\"@type\":\"Organization\",\"@id\":\"https:\/\/agrupacionespsoe.es\/castello\/#organization\",\"name\":\"PSPV-PSOE Castell\u00f3\",\"url\":\"https:\/\/agrupacionespsoe.es\/castello\/\",\"logo\":{\"@type\":\"ImageObject\",\"inLanguage\":\"es\",\"@id\":\"https:\/\/agrupacionespsoe.es\/castello\/#\/schema\/logo\/image\/\",\"url\":\"https:\/\/agrupacionespsoe.es\/castello\/wp-content\/uploads\/sites\/45\/2023\/04\/PORTADA-PSOE-CASTELLO.jpg\",\"contentUrl\":\"https:\/\/agrupacionespsoe.es\/castello\/wp-content\/uploads\/sites\/45\/2023\/04\/PORTADA-PSOE-CASTELLO.jpg\",\"width\":2500,\"height\":2500,\"caption\":\"PSPV-PSOE Castell\u00f3\"},\"image\":{\"@id\":\"https:\/\/agrupacionespsoe.es\/castello\/#\/schema\/logo\/image\/\"},\"sameAs\":[\"https:\/\/www.facebook.com\/pspv.castellodelaplana\",\"https:\/\/x.com\/pspv_cs\",\"https:\/\/www.instagram.com\/pspvpsoecastello\/\"]},{\"@type\":\"Person\",\"@id\":\"https:\/\/agrupacionespsoe.es\/castello\/#\/schema\/person\/f3bc5b2f9dc6a399e9e98596ae24a20a\",\"name\":\"castello1\",\"image\":{\"@type\":\"ImageObject\",\"inLanguage\":\"es\",\"@id\":\"https:\/\/agrupacionespsoe.es\/castello\/#\/schema\/person\/image\/\",\"url\":\"https:\/\/secure.gravatar.com\/avatar\/5f1da428d6479d1127419c0b58796865?s=96&d=mm&r=g\",\"contentUrl\":\"https:\/\/secure.gravatar.com\/avatar\/5f1da428d6479d1127419c0b58796865?s=96&d=mm&r=g\",\"caption\":\"castello1\"},\"url\":\"https:\/\/agrupacionespsoe.es\/castello\/author\/castello1\/\"}]}<\/script>\n<!-- \/ Yoast SEO plugin. -->","yoast_head_json":{"title":"Malas pr\u00e1cticas democr\u00e1ticas - PSPV-PSOE CASTELL\u00d3","robots":{"index":"index","follow":"follow","max-snippet":"max-snippet:-1","max-image-preview":"max-image-preview:large","max-video-preview":"max-video-preview:-1"},"canonical":"https:\/\/agrupacionespsoe.es\/castello\/malas-practicas-democraticas\/","og_locale":"es_ES","og_type":"article","og_title":"Malas pr\u00e1cticas democr\u00e1ticas - PSPV-PSOE CASTELL\u00d3","og_description":"El concejal de Seguridad Ciudadana y Emergencias, Antonio Ortol\u00e1, est\u00e1 encantado de conocerse. Vive sumergido en una mentira constante, pero llega a autoconvencerse de que su gesti\u00f3n es ejemplar. Lo suyo es puro teatro, una representaci\u00f3n diaria en la que est\u00e1 m\u00e1s preocupado por recibir \u2018likes\u2019 en las redes sociales que por gobernar: poca verdad ...","og_url":"https:\/\/agrupacionespsoe.es\/castello\/malas-practicas-democraticas\/","og_site_name":"PSPV-PSOE CASTELL\u00d3","article_publisher":"https:\/\/www.facebook.com\/pspv.castellodelaplana","article_published_time":"2025-02-07T11:00:00+00:00","article_modified_time":"2025-02-07T08:49:10+00:00","og_image":[{"width":2560,"height":2560,"url":"https:\/\/agrupacionespsoe.es\/castello\/wp-content\/uploads\/sites\/45\/2023\/04\/5.-ANUNCIACION-LAINEZ-CASTEL-2-scaled.jpg","type":"image\/jpeg"}],"author":"castello1","twitter_card":"summary_large_image","twitter_creator":"@pspv_cs","twitter_site":"@pspv_cs","twitter_misc":{"Escrito por":"castello1","Tiempo de lectura":"2 minutos"},"schema":{"@context":"https:\/\/schema.org","@graph":[{"@type":"Article","@id":"https:\/\/agrupacionespsoe.es\/castello\/malas-practicas-democraticas\/#article","isPartOf":{"@id":"https:\/\/agrupacionespsoe.es\/castello\/malas-practicas-democraticas\/"},"author":{"name":"castello1","@id":"https:\/\/agrupacionespsoe.es\/castello\/#\/schema\/person\/f3bc5b2f9dc6a399e9e98596ae24a20a"},"headline":"Malas pr\u00e1cticas democr\u00e1ticas","datePublished":"2025-02-07T11:00:00+00:00","dateModified":"2025-02-07T08:49:10+00:00","mainEntityOfPage":{"@id":"https:\/\/agrupacionespsoe.es\/castello\/malas-practicas-democraticas\/"},"wordCount":299,"commentCount":0,"publisher":{"@id":"https:\/\/agrupacionespsoe.es\/castello\/#organization"},"image":{"@id":"https:\/\/agrupacionespsoe.es\/castello\/malas-practicas-democraticas\/#primaryimage"},"thumbnailUrl":"https:\/\/agrupacionespsoe.es\/castello\/wp-content\/uploads\/sites\/45\/2023\/04\/5.-ANUNCIACION-LAINEZ-CASTEL-2-scaled.jpg","keywords":["Anun L\u00e1inez","Todos"],"articleSection":["Grupo Municipal Socialista","Opini\u00f3n"],"inLanguage":"es","potentialAction":[{"@type":"CommentAction","name":"Comment","target":["https:\/\/agrupacionespsoe.es\/castello\/malas-practicas-democraticas\/#respond"]}]},{"@type":"WebPage","@id":"https:\/\/agrupacionespsoe.es\/castello\/malas-practicas-democraticas\/","url":"https:\/\/agrupacionespsoe.es\/castello\/malas-practicas-democraticas\/","name":"Malas pr\u00e1cticas democr\u00e1ticas - PSPV-PSOE CASTELL\u00d3","isPartOf":{"@id":"https:\/\/agrupacionespsoe.es\/castello\/#website"},"primaryImageOfPage":{"@id":"https:\/\/agrupacionespsoe.es\/castello\/malas-practicas-democraticas\/#primaryimage"},"image":{"@id":"https:\/\/agrupacionespsoe.es\/castello\/malas-practicas-democraticas\/#primaryimage"},"thumbnailUrl":"https:\/\/agrupacionespsoe.es\/castello\/wp-content\/uploads\/sites\/45\/2023\/04\/5.-ANUNCIACION-LAINEZ-CASTEL-2-scaled.jpg","datePublished":"2025-02-07T11:00:00+00:00","dateModified":"2025-02-07T08:49:10+00:00","breadcrumb":{"@id":"https:\/\/agrupacionespsoe.es\/castello\/malas-practicas-democraticas\/#breadcrumb"},"inLanguage":"es","potentialAction":[{"@type":"ReadAction","target":["https:\/\/agrupacionespsoe.es\/castello\/malas-practicas-democraticas\/"]}]},{"@type":"ImageObject","inLanguage":"es","@id":"https:\/\/agrupacionespsoe.es\/castello\/malas-practicas-democraticas\/#primaryimage","url":"https:\/\/agrupacionespsoe.es\/castello\/wp-content\/uploads\/sites\/45\/2023\/04\/5.-ANUNCIACION-LAINEZ-CASTEL-2-scaled.jpg","contentUrl":"https:\/\/agrupacionespsoe.es\/castello\/wp-content\/uploads\/sites\/45\/2023\/04\/5.-ANUNCIACION-LAINEZ-CASTEL-2-scaled.jpg","width":2560,"height":2560},{"@type":"BreadcrumbList","@id":"https:\/\/agrupacionespsoe.es\/castello\/malas-practicas-democraticas\/#breadcrumb","itemListElement":[{"@type":"ListItem","position":1,"name":"Portada","item":"https:\/\/agrupacionespsoe.es\/castello\/"},{"@type":"ListItem","position":2,"name":"Malas pr\u00e1cticas democr\u00e1ticas"}]},{"@type":"WebSite","@id":"https:\/\/agrupacionespsoe.es\/castello\/#website","url":"https:\/\/agrupacionespsoe.es\/castello\/","name":"PSPV-PSOE CASTELL\u00d3","description":"PSPV-PSOE | Agrupaci\u00f3 de Castell\u00f3","publisher":{"@id":"https:\/\/agrupacionespsoe.es\/castello\/#organization"},"potentialAction":[{"@type":"SearchAction","target":{"@type":"EntryPoint","urlTemplate":"https:\/\/agrupacionespsoe.es\/castello\/?s={search_term_string}"},"query-input":{"@type":"PropertyValueSpecification","valueRequired":true,"valueName":"search_term_string"}}],"inLanguage":"es"},{"@type":"Organization","@id":"https:\/\/agrupacionespsoe.es\/castello\/#organization","name":"PSPV-PSOE Castell\u00f3","url":"https:\/\/agrupacionespsoe.es\/castello\/","logo":{"@type":"ImageObject","inLanguage":"es","@id":"https:\/\/agrupacionespsoe.es\/castello\/#\/schema\/logo\/image\/","url":"https:\/\/agrupacionespsoe.es\/castello\/wp-content\/uploads\/sites\/45\/2023\/04\/PORTADA-PSOE-CASTELLO.jpg","contentUrl":"https:\/\/agrupacionespsoe.es\/castello\/wp-content\/uploads\/sites\/45\/2023\/04\/PORTADA-PSOE-CASTELLO.jpg","width":2500,"height":2500,"caption":"PSPV-PSOE Castell\u00f3"},"image":{"@id":"https:\/\/agrupacionespsoe.es\/castello\/#\/schema\/logo\/image\/"},"sameAs":["https:\/\/www.facebook.com\/pspv.castellodelaplana","https:\/\/x.com\/pspv_cs","https:\/\/www.instagram.com\/pspvpsoecastello\/"]},{"@type":"Person","@id":"https:\/\/agrupacionespsoe.es\/castello\/#\/schema\/person\/f3bc5b2f9dc6a399e9e98596ae24a20a","name":"castello1","image":{"@type":"ImageObject","inLanguage":"es","@id":"https:\/\/agrupacionespsoe.es\/castello\/#\/schema\/person\/image\/","url":"https:\/\/secure.gravatar.com\/avatar\/5f1da428d6479d1127419c0b58796865?s=96&d=mm&r=g","contentUrl":"https:\/\/secure.gravatar.com\/avatar\/5f1da428d6479d1127419c0b58796865?s=96&d=mm&r=g","caption":"castello1"},"url":"https:\/\/agrupacionespsoe.es\/castello\/author\/castello1\/"}]}},"jetpack_publicize_connections":[],"jetpack_featured_media_url":"https:\/\/agrupacionespsoe.es\/castello\/wp-content\/uploads\/sites\/45\/2023\/04\/5.-ANUNCIACION-LAINEZ-CASTEL-2-scaled.jpg","jetpack_sharing_enabled":true,"_links":{"self":[{"href":"https:\/\/agrupacionespsoe.es\/castello\/wp-json\/wp\/v2\/posts\/7236","targetHints":{"allow":["GET"]}}],"collection":[{"href":"https:\/\/agrupacionespsoe.es\/castello\/wp-json\/wp\/v2\/posts"}],"about":[{"href":"https:\/\/agrupacionespsoe.es\/castello\/wp-json\/wp\/v2\/types\/post"}],"author":[{"embeddable":true,"href":"https:\/\/agrupacionespsoe.es\/castello\/wp-json\/wp\/v2\/users\/48"}],"replies":[{"embeddable":true,"href":"https:\/\/agrupacionespsoe.es\/castello\/wp-json\/wp\/v2\/comments?post=7236"}],"version-history":[{"count":1,"href":"https:\/\/agrupacionespsoe.es\/castello\/wp-json\/wp\/v2\/posts\/7236\/revisions"}],"predecessor-version":[{"id":7237,"href":"https:\/\/agrupacionespsoe.es\/castello\/wp-json\/wp\/v2\/posts\/7236\/revisions\/7237"}],"wp:featuredmedia":[{"embeddable":true,"href":"https:\/\/agrupacionespsoe.es\/castello\/wp-json\/wp\/v2\/media\/503"}],"wp:attachment":[{"href":"https:\/\/agrupacionespsoe.es\/castello\/wp-json\/wp\/v2\/media?parent=7236"}],"wp:term":[{"taxonomy":"category","embeddable":true,"href":"https:\/\/agrupacionespsoe.es\/castello\/wp-json\/wp\/v2\/categories?post=7236"},{"taxonomy":"post_tag","embeddable":true,"href":"https:\/\/agrupacionespsoe.es\/castello\/wp-json\/wp\/v2\/tags?post=7236"}],"curies":[{"name":"wp","href":"https:\/\/api.w.org\/{rel}","templated":true}]}}