{"id":7054,"date":"2025-01-16T17:15:16","date_gmt":"2025-01-16T16:15:16","guid":{"rendered":"https:\/\/agrupacionespsoe.es\/castello\/?p=7054"},"modified":"2026-03-24T09:08:49","modified_gmt":"2026-03-24T08:08:49","slug":"el-pspv-lamenta-la-oportunitat-perduda-de-carrasco-per-a-dotar-a-castello-dels-projectes-ambientals-socials-urbans-i-docupacio-que-ha-eliminat-per-a-2025","status":"publish","type":"post","link":"https:\/\/agrupacionespsoe.es\/castello\/va\/el-pspv-lamenta-la-oportunitat-perduda-de-carrasco-per-a-dotar-a-castello-dels-projectes-ambientals-socials-urbans-i-docupacio-que-ha-eliminat-per-a-2025\/","title":{"rendered":"El PSPV lamenta la \u201coportunitat perduda\u201d de Carrasco per a dotar a Castell\u00f3 dels projectes ambientals, socials, urbans i d&#8217;ocupaci\u00f3 que ha eliminat per a 2025"},"content":{"rendered":"\n<ul class=\"wp-block-list\">\n<li><em><strong>La portaveu socialista, Patricia Puerta, assenyala que els comptes municipals per al present any mantenen els projectes heretats de l\u00a1Acord de Fadrell i torna a pressupostar actuacions \u201cque van ser incapaces d&#8217;executar l&#8217;any passat\u201d<\/strong><\/em><\/li>\n<\/ul>\n\n\n\n<ul class=\"wp-block-list\">\n<li><em><strong>Puerta assegura que la \u201cprincipal caracter\u00edstica dels pressupostos ideats per PP i Vox, votats en contra pel Grup Municipal Socialista, \u00e9s \u201cla mentida, el negacionisme, la propaganda i l&#8217;aband\u00f3 dels barris\u201d, i acusa a Bego\u00f1a Carrasco d&#8217;haver-se \u201cmimetitzat per complet amb els seus socis ultres\u201d<\/strong><\/em><\/li>\n<\/ul>\n\n\n\n<figure class=\"wp-block-embed is-type-video is-provider-youtube wp-block-embed-youtube wp-embed-aspect-16-9 wp-has-aspect-ratio\"><div class=\"wp-block-embed__wrapper\">\n<iframe loading=\"lazy\" title=\"El PSPV lamenta la \u201coportunidad perdida\u201d de Carrasco para dotar a Castell\u00f3 de los proyectos ambienta\" width=\"500\" height=\"281\" src=\"https:\/\/www.youtube.com\/embed\/YxhMC3aeQ3E?feature=oembed\" frameborder=\"0\" allow=\"accelerometer; autoplay; clipboard-write; encrypted-media; gyroscope; picture-in-picture; web-share\" referrerpolicy=\"strict-origin-when-cross-origin\" allowfullscreen><\/iframe>\n<\/div><\/figure>\n\n\n\n<p>El Grup Municipal Socialista ha votat hui en contra del pressupost municipal per a 2025 dissenyat per PP i Vox \u201csense di\u00e0leg i passant el corr\u00f3\u201d, uns comptes en les quals \u201cla senyora Bego\u00f1a Carrasco ens ha demostrat que s&#8217;ha mimetitzat totalment amb les tesis m\u00e9s ultres dels seus soci\u201d. El projecte plasmat hui en el ple per la dreta \u201c\u00e9s la constataci\u00f3 del frac\u00e0s del pressupost de 2024, perqu\u00e8 ens tornen a portar nombroses actuacions promeses, i no executades, l&#8217;any passat, per la qual cosa ens preguntem si durant el present exercici continuaran enganyant i manipulant a la ciutadania\u201d.<\/p>\n\n\n\n<p>Aix\u00ed ho ha destacat la portaveu del Grup Municipal Socialista, <strong>Patricia Puerta<\/strong>, qui ha lamentat que el govern de la dreta \u201chaja rebutjat nostres 37 esmenes, per valor de 4 milions d&#8217;euros, que l&#8217;\u00fanica cosa que buscaven era donar-li als comptes de 2025 el vessant social, feminista, ambiental i solid\u00e0ria que han anul\u00b7lat per complet\u201d.<br><br>La portaveu socialista ha incidit en qu\u00e8 la gesti\u00f3 de Carrasco des de juny de 2023 t\u00e9 quatre pilars: \u201cseguir avant amb els projectes heretats del Partit Socialista, que sembla que no tenia tan mal model per a la ciutat com sempre han venut des del PP; mimetitzar-se amb la ultradreta, perqu\u00e8 neguen el canvi clim\u00e0tic i desmantellen el sistema d&#8217;ajudes a les entitats socials; enganyar la ciutadania, perqu\u00e8 ja sabem que per al portaveu del govern, Vicent Sales, mentir no \u00e9s delicte, i fer de la propaganda el seu model per a vendre-li a les i els castellonencs una ciutat ideal que nom\u00e9s es preocupa pel centre\u201d.<\/p>\n\n\n\n<p>Un exemple de la \u201cmanipulaci\u00f3\u201d a la qual sotmet el PP als ve\u00efns i ve\u00efnes de Castell\u00f3 \u00e9s el denominat Pla Barris, gestionat en el seu moment pel PSPV, que contempla invertir 17 milions per a millorar l&#8217;accessibilitat i efici\u00e8ncia energ\u00e8tica dels grups Rafalafena-Tarongers, Cernuda i Velasco, Sequiol, Jos\u00e9 Antonio i Mediterrani. El Partit Popular, en l&#8217;actualitat, \u201cha decidit deixar a les 596 fam\u00edlies beneficiades sense els ascensors compromesos al\u00b7ludint al fet que s&#8217;han incrementat els costos, quan el que hauria de fer, com hem proposat des del PSPV amb les nostres esmenes, \u00e9s destinar partides per a assumir eixe augment de preus\u201d. A aix\u00f2 s&#8217;uneix \u201cla cont\u00ednua mentida que amb el PSPV s&#8217;anava a cobrar als ve\u00efns el 10% de les obres, quan els documents que hui hem mostrat en el ple mostren que \u00e9s una nova faula de <strong>Bego\u00f1a Carrasco<\/strong>, <strong>Vicent Sales<\/strong> i <strong>Sergio Toledo<\/strong>\u201d.<br><br>I \u00e9s que el \u201cengany forma part de l&#8217;ADN del PP, perqu\u00e8 escoltar per exemple fa un any a la senyora alcaldessa dir que mantenen intacte l&#8217;esfor\u00e7 a protegir els col\u00b7lectius i a tots els que necessiten atenci\u00f3, a m\u00e9s d&#8217;assenyalar que executen projectes perqu\u00e8 Castell\u00f3 siga terra de llibertat, respecte i toler\u00e0ncia, \u00e9s una aut\u00e8ntica burla, primer perqu\u00e8 aix\u00f2 \u00e9s incompatible amb governar amb la ultradreta i, segon, perqu\u00e8 hi ha retallades que ho fan inviable\u201d.<\/p>\n\n\n\n<p><strong>Cristian Ram\u00edrez<\/strong><br>Per a 2025 \u201ctraiem el cap a una retallada de 2,2 milions d&#8217;euros en foment d&#8217;ocupaci\u00f3\u201d, al que s&#8217;uneix que hagen fet desapar\u00e9ixer totes les partides destinades a l&#8217;Agenda 2030. \u201cFins a quin punt Carrasco s&#8217;ha mimetitzat amb Vox quan han decidit abandonar la Xarxa Espanyola de Ciutats pel Clima, amb la trag\u00e8dia encara recent que tenim de la Dana a Val\u00e8ncia\u201d, comenta la portaveu socialista. El cost econ\u00f2mic per a l&#8217;ajuntament suposava nom\u00e9s pagar a l&#8217;any 700 euros, d&#8217;aqu\u00ed ve que Patricia Puerta haja ironitzat dient-li a l&#8217;alcaldessa que \u201cpodia haver-li amprat els diners al seu regidor estrela, <strong>Cristian Ram\u00edrez<\/strong>, perqu\u00e8 amb tot el que s&#8217;ha estalviat en les multes que mai va pagar podria pagar la ronda en defensa del clima durant 12 anys\u201d.<\/p>\n\n\n\n<p>La portaveu socialista ha insistit que Carrasco \u201cva vendre l&#8217;any passat projectes que ens torna a vendre aquest 2025 perqu\u00e8 no han fet absolutament res, com l&#8217;obertura de l&#8217;Oficina de Discapacitat, la rehabilitaci\u00f3 de l&#8217;edifici de la Marina, la millora del magatzem de gaiates o la reforma de la tinen\u00e7a d&#8217;alcaldia del Grau\u201d. Al seu judici, \u201cestem per segon any consecutiu davant una realitat: que el PP no t\u00e9 un projecte de ciutat, que Carrasco nom\u00e9s es dedica al \u2018postureo\u2019 i que \u00e9s incapa\u00e7 de reivindicar davant <strong>Maz\u00f3n<\/strong>, encara que potser el primer que hauria de reclamar-li \u00e9s la seua dimissi\u00f3 per la seua nefasta gesti\u00f3 de la Dana de Val\u00e8ncia del passat 29 d&#8217;octubre\u201d.<\/p>\n\n\n\n<p><br><strong>Debat sobre la plantilles<\/strong><br>Sobre el debat en l&#8217;aprovaci\u00f3 de la plantilla de l&#8217;ajuntament i dels seus respectius patronats i consorcis, l&#8217;encarregada de defensar la postura socialista ha sigut la regidora <strong>M\u00f3nica Barab\u00e1s<\/strong>, qui ha lamentat que s&#8217;haja emportat per a la seua aprovaci\u00f3 un projecte que \u201cno at\u00e9n les necessitats dels departaments municipals\u201d.<br><br>Barab\u00e1s ha recordat a Carrasco que en 2025, \u201cper molt que ens vulga vendre la moto l&#8217;alcaldessa, pagarem en conjunt m\u00e9s imposats perqu\u00e8 PP i Vox han sigut incapa\u00e7os de compensar el \u2018basurazo\u2019 de Carrasco\u201d. Aix\u00f2 s\u00ed, ha deixat clar que per al Partit Socialista \u201cno valen les demag\u00f2gies i populisme, perqu\u00e8 entenem que cal pagar impostos ja que s\u00f3n la garantia de disposar de serveis p\u00fablics de qualitat, una cosa en la qual no cree el binomi PPVox all\u00e0 on governen\u201d.<br><br>M\u00f3nica Barab\u00e1s ha subratllat que les i els castellonencs \u201cens mereixem uns serveis de qualitat, dins del termini i en la forma corresponent, per\u00f2 sense personal suficient aquests serveis poden perillar\u201d. Lamentablement, \u201cla proposta de la plantilla de PPVox \u00e9s pr\u00e0cticament la radiografia de les pol\u00edtiques que es volen dur a terme senyora Carrasco i un clar exemple que quan governen passen el corr\u00f3 i no consensuen ni amb la part t\u00e8cnica, ni amb la sindical, ni amb la pol\u00edtica\u201d.<\/p>\n","protected":false},"excerpt":{"rendered":"<p>El Grup Municipal Socialista ha votat hui en contra del pressupost municipal per a 2025 dissenyat per PP i Vox \u201csense di\u00e0leg i passant el corr\u00f3\u201d, uns comptes en les quals \u201cla senyora Bego\u00f1a Carrasco ens ha demostrat que s&#8217;ha mimetitzat totalment amb les tesis m\u00e9s ultres dels seus soci\u201d. El projecte plasmat hui en &#8230;<\/p>\n","protected":false},"author":48,"featured_media":7051,"comment_status":"open","ping_status":"open","sticky":false,"template":"","format":"standard","meta":{"_jetpack_memberships_contains_paid_content":false,"footnotes":"","jetpack_publicize_message":"","jetpack_publicize_feature_enabled":true,"jetpack_social_post_already_shared":false,"jetpack_social_options":{"image_generator_settings":{"template":"highway","default_image_id":0,"font":"","enabled":false},"version":2}},"categories":[22],"tags":[1153,109,1157,83,446],"class_list":["post-7054","post","type-post","status-publish","format-standard","has-post-thumbnail","hentry","category-gms-va","tag-basurazo-va","tag-monica-barabas-va","tag-multes","tag-patricia-puerta-va","tag-todos-va"],"yoast_head":"<!-- This site is optimized with the Yoast SEO plugin v24.0 - https:\/\/yoast.com\/wordpress\/plugins\/seo\/ -->\n<title>El PSPV lamenta la \u201coportunitat perduda\u201d de Carrasco per a dotar a Castell\u00f3 dels projectes ambientals, socials, urbans i d&#039;ocupaci\u00f3 que ha eliminat per a 2025 - PSPV-PSOE CASTELL\u00d3<\/title>\n<meta name=\"robots\" content=\"index, follow, max-snippet:-1, max-image-preview:large, max-video-preview:-1\" \/>\n<link rel=\"canonical\" href=\"https:\/\/agrupacionespsoe.es\/castello\/va\/el-pspv-lamenta-la-oportunitat-perduda-de-carrasco-per-a-dotar-a-castello-dels-projectes-ambientals-socials-urbans-i-docupacio-que-ha-eliminat-per-a-2025\/\" \/>\n<meta property=\"og:locale\" content=\"es_ES\" \/>\n<meta property=\"og:type\" content=\"article\" \/>\n<meta property=\"og:title\" content=\"El PSPV lamenta la \u201coportunitat perduda\u201d de Carrasco per a dotar a Castell\u00f3 dels projectes ambientals, socials, urbans i d&#039;ocupaci\u00f3 que ha eliminat per a 2025 - PSPV-PSOE CASTELL\u00d3\" \/>\n<meta property=\"og:description\" content=\"El Grup Municipal Socialista ha votat hui en contra del pressupost municipal per a 2025 dissenyat per PP i Vox \u201csense di\u00e0leg i passant el corr\u00f3\u201d, uns comptes en les quals \u201cla senyora Bego\u00f1a Carrasco ens ha demostrat que s&#8217;ha mimetitzat totalment amb les tesis m\u00e9s ultres dels seus soci\u201d. El projecte plasmat hui en ...\" \/>\n<meta property=\"og:url\" content=\"https:\/\/agrupacionespsoe.es\/castello\/va\/el-pspv-lamenta-la-oportunitat-perduda-de-carrasco-per-a-dotar-a-castello-dels-projectes-ambientals-socials-urbans-i-docupacio-que-ha-eliminat-per-a-2025\/\" \/>\n<meta property=\"og:site_name\" content=\"PSPV-PSOE CASTELL\u00d3\" \/>\n<meta property=\"article:publisher\" content=\"https:\/\/www.facebook.com\/pspv.castellodelaplana\" \/>\n<meta property=\"article:published_time\" content=\"2025-01-16T16:15:16+00:00\" \/>\n<meta property=\"article:modified_time\" content=\"2026-03-24T08:08:49+00:00\" \/>\n<meta property=\"og:image\" content=\"https:\/\/agrupacionespsoe.es\/castello\/wp-content\/uploads\/sites\/45\/2025\/01\/20250116-El-PSPV-lamenta-la-oportunidad-perdida-de-Carrasco-para-dotar-a-Castello-de-los-proyectos-ambientales-scaled.jpg\" \/>\n\t<meta property=\"og:image:width\" content=\"2560\" \/>\n\t<meta property=\"og:image:height\" content=\"1920\" \/>\n\t<meta property=\"og:image:type\" content=\"image\/jpeg\" \/>\n<meta name=\"author\" content=\"castello1\" \/>\n<meta name=\"twitter:card\" content=\"summary_large_image\" \/>\n<meta name=\"twitter:creator\" content=\"@pspv_cs\" \/>\n<meta name=\"twitter:site\" content=\"@pspv_cs\" \/>\n<meta name=\"twitter:label1\" content=\"Escrito por\" \/>\n\t<meta name=\"twitter:data1\" content=\"castello1\" \/>\n\t<meta name=\"twitter:label2\" content=\"Tiempo de lectura\" \/>\n\t<meta name=\"twitter:data2\" content=\"5 minutos\" \/>\n<script type=\"application\/ld+json\" class=\"yoast-schema-graph\">{\"@context\":\"https:\/\/schema.org\",\"@graph\":[{\"@type\":\"Article\",\"@id\":\"https:\/\/agrupacionespsoe.es\/castello\/va\/el-pspv-lamenta-la-oportunitat-perduda-de-carrasco-per-a-dotar-a-castello-dels-projectes-ambientals-socials-urbans-i-docupacio-que-ha-eliminat-per-a-2025\/#article\",\"isPartOf\":{\"@id\":\"https:\/\/agrupacionespsoe.es\/castello\/va\/el-pspv-lamenta-la-oportunitat-perduda-de-carrasco-per-a-dotar-a-castello-dels-projectes-ambientals-socials-urbans-i-docupacio-que-ha-eliminat-per-a-2025\/\"},\"author\":{\"name\":\"castello1\",\"@id\":\"https:\/\/agrupacionespsoe.es\/castello\/#\/schema\/person\/f3bc5b2f9dc6a399e9e98596ae24a20a\"},\"headline\":\"El PSPV lamenta la \u201coportunitat perduda\u201d de Carrasco per a dotar a Castell\u00f3 dels projectes ambientals, socials, urbans i d&#8217;ocupaci\u00f3 que ha eliminat per a 2025\",\"datePublished\":\"2025-01-16T16:15:16+00:00\",\"dateModified\":\"2026-03-24T08:08:49+00:00\",\"mainEntityOfPage\":{\"@id\":\"https:\/\/agrupacionespsoe.es\/castello\/va\/el-pspv-lamenta-la-oportunitat-perduda-de-carrasco-per-a-dotar-a-castello-dels-projectes-ambientals-socials-urbans-i-docupacio-que-ha-eliminat-per-a-2025\/\"},\"wordCount\":1090,\"commentCount\":0,\"publisher\":{\"@id\":\"https:\/\/agrupacionespsoe.es\/castello\/#organization\"},\"image\":{\"@id\":\"https:\/\/agrupacionespsoe.es\/castello\/va\/el-pspv-lamenta-la-oportunitat-perduda-de-carrasco-per-a-dotar-a-castello-dels-projectes-ambientals-socials-urbans-i-docupacio-que-ha-eliminat-per-a-2025\/#primaryimage\"},\"thumbnailUrl\":\"https:\/\/agrupacionespsoe.es\/castello\/wp-content\/uploads\/sites\/45\/2025\/01\/20250116-El-PSPV-lamenta-la-oportunidad-perdida-de-Carrasco-para-dotar-a-Castello-de-los-proyectos-ambientales-scaled.jpg\",\"keywords\":[\"Basurazo\",\"M\u00f3nica Barab\u00e1s\",\"Multes\",\"Patricia Puerta\",\"Todos\"],\"articleSection\":[\"Grup Municipal Socialista\"],\"inLanguage\":\"es\",\"potentialAction\":[{\"@type\":\"CommentAction\",\"name\":\"Comment\",\"target\":[\"https:\/\/agrupacionespsoe.es\/castello\/va\/el-pspv-lamenta-la-oportunitat-perduda-de-carrasco-per-a-dotar-a-castello-dels-projectes-ambientals-socials-urbans-i-docupacio-que-ha-eliminat-per-a-2025\/#respond\"]}]},{\"@type\":\"WebPage\",\"@id\":\"https:\/\/agrupacionespsoe.es\/castello\/va\/el-pspv-lamenta-la-oportunitat-perduda-de-carrasco-per-a-dotar-a-castello-dels-projectes-ambientals-socials-urbans-i-docupacio-que-ha-eliminat-per-a-2025\/\",\"url\":\"https:\/\/agrupacionespsoe.es\/castello\/va\/el-pspv-lamenta-la-oportunitat-perduda-de-carrasco-per-a-dotar-a-castello-dels-projectes-ambientals-socials-urbans-i-docupacio-que-ha-eliminat-per-a-2025\/\",\"name\":\"El PSPV lamenta la \u201coportunitat perduda\u201d de Carrasco per a dotar a Castell\u00f3 dels projectes ambientals, socials, urbans i d'ocupaci\u00f3 que ha eliminat per a 2025 - PSPV-PSOE CASTELL\u00d3\",\"isPartOf\":{\"@id\":\"https:\/\/agrupacionespsoe.es\/castello\/#website\"},\"primaryImageOfPage\":{\"@id\":\"https:\/\/agrupacionespsoe.es\/castello\/va\/el-pspv-lamenta-la-oportunitat-perduda-de-carrasco-per-a-dotar-a-castello-dels-projectes-ambientals-socials-urbans-i-docupacio-que-ha-eliminat-per-a-2025\/#primaryimage\"},\"image\":{\"@id\":\"https:\/\/agrupacionespsoe.es\/castello\/va\/el-pspv-lamenta-la-oportunitat-perduda-de-carrasco-per-a-dotar-a-castello-dels-projectes-ambientals-socials-urbans-i-docupacio-que-ha-eliminat-per-a-2025\/#primaryimage\"},\"thumbnailUrl\":\"https:\/\/agrupacionespsoe.es\/castello\/wp-content\/uploads\/sites\/45\/2025\/01\/20250116-El-PSPV-lamenta-la-oportunidad-perdida-de-Carrasco-para-dotar-a-Castello-de-los-proyectos-ambientales-scaled.jpg\",\"datePublished\":\"2025-01-16T16:15:16+00:00\",\"dateModified\":\"2026-03-24T08:08:49+00:00\",\"breadcrumb\":{\"@id\":\"https:\/\/agrupacionespsoe.es\/castello\/va\/el-pspv-lamenta-la-oportunitat-perduda-de-carrasco-per-a-dotar-a-castello-dels-projectes-ambientals-socials-urbans-i-docupacio-que-ha-eliminat-per-a-2025\/#breadcrumb\"},\"inLanguage\":\"es\",\"potentialAction\":[{\"@type\":\"ReadAction\",\"target\":[\"https:\/\/agrupacionespsoe.es\/castello\/va\/el-pspv-lamenta-la-oportunitat-perduda-de-carrasco-per-a-dotar-a-castello-dels-projectes-ambientals-socials-urbans-i-docupacio-que-ha-eliminat-per-a-2025\/\"]}]},{\"@type\":\"ImageObject\",\"inLanguage\":\"es\",\"@id\":\"https:\/\/agrupacionespsoe.es\/castello\/va\/el-pspv-lamenta-la-oportunitat-perduda-de-carrasco-per-a-dotar-a-castello-dels-projectes-ambientals-socials-urbans-i-docupacio-que-ha-eliminat-per-a-2025\/#primaryimage\",\"url\":\"https:\/\/agrupacionespsoe.es\/castello\/wp-content\/uploads\/sites\/45\/2025\/01\/20250116-El-PSPV-lamenta-la-oportunidad-perdida-de-Carrasco-para-dotar-a-Castello-de-los-proyectos-ambientales-scaled.jpg\",\"contentUrl\":\"https:\/\/agrupacionespsoe.es\/castello\/wp-content\/uploads\/sites\/45\/2025\/01\/20250116-El-PSPV-lamenta-la-oportunidad-perdida-de-Carrasco-para-dotar-a-Castello-de-los-proyectos-ambientales-scaled.jpg\",\"width\":2560,\"height\":1920},{\"@type\":\"BreadcrumbList\",\"@id\":\"https:\/\/agrupacionespsoe.es\/castello\/va\/el-pspv-lamenta-la-oportunitat-perduda-de-carrasco-per-a-dotar-a-castello-dels-projectes-ambientals-socials-urbans-i-docupacio-que-ha-eliminat-per-a-2025\/#breadcrumb\",\"itemListElement\":[{\"@type\":\"ListItem\",\"position\":1,\"name\":\"Portada\",\"item\":\"https:\/\/agrupacionespsoe.es\/castello\/\"},{\"@type\":\"ListItem\",\"position\":2,\"name\":\"El PSPV lamenta la \u201coportunitat perduda\u201d de Carrasco per a dotar a Castell\u00f3 dels projectes ambientals, socials, urbans i d&#8217;ocupaci\u00f3 que ha eliminat per a 2025\"}]},{\"@type\":\"WebSite\",\"@id\":\"https:\/\/agrupacionespsoe.es\/castello\/#website\",\"url\":\"https:\/\/agrupacionespsoe.es\/castello\/\",\"name\":\"PSPV-PSOE CASTELL\u00d3\",\"description\":\"PSPV-PSOE | Agrupaci\u00f3 de Castell\u00f3\",\"publisher\":{\"@id\":\"https:\/\/agrupacionespsoe.es\/castello\/#organization\"},\"potentialAction\":[{\"@type\":\"SearchAction\",\"target\":{\"@type\":\"EntryPoint\",\"urlTemplate\":\"https:\/\/agrupacionespsoe.es\/castello\/?s={search_term_string}\"},\"query-input\":{\"@type\":\"PropertyValueSpecification\",\"valueRequired\":true,\"valueName\":\"search_term_string\"}}],\"inLanguage\":\"es\"},{\"@type\":\"Organization\",\"@id\":\"https:\/\/agrupacionespsoe.es\/castello\/#organization\",\"name\":\"PSPV-PSOE Castell\u00f3\",\"url\":\"https:\/\/agrupacionespsoe.es\/castello\/\",\"logo\":{\"@type\":\"ImageObject\",\"inLanguage\":\"es\",\"@id\":\"https:\/\/agrupacionespsoe.es\/castello\/#\/schema\/logo\/image\/\",\"url\":\"https:\/\/agrupacionespsoe.es\/castello\/wp-content\/uploads\/sites\/45\/2023\/04\/PORTADA-PSOE-CASTELLO.jpg\",\"contentUrl\":\"https:\/\/agrupacionespsoe.es\/castello\/wp-content\/uploads\/sites\/45\/2023\/04\/PORTADA-PSOE-CASTELLO.jpg\",\"width\":2500,\"height\":2500,\"caption\":\"PSPV-PSOE Castell\u00f3\"},\"image\":{\"@id\":\"https:\/\/agrupacionespsoe.es\/castello\/#\/schema\/logo\/image\/\"},\"sameAs\":[\"https:\/\/www.facebook.com\/pspv.castellodelaplana\",\"https:\/\/x.com\/pspv_cs\",\"https:\/\/www.instagram.com\/pspvpsoecastello\/\"]},{\"@type\":\"Person\",\"@id\":\"https:\/\/agrupacionespsoe.es\/castello\/#\/schema\/person\/f3bc5b2f9dc6a399e9e98596ae24a20a\",\"name\":\"castello1\",\"image\":{\"@type\":\"ImageObject\",\"inLanguage\":\"es\",\"@id\":\"https:\/\/agrupacionespsoe.es\/castello\/#\/schema\/person\/image\/\",\"url\":\"https:\/\/secure.gravatar.com\/avatar\/5f1da428d6479d1127419c0b58796865?s=96&d=mm&r=g\",\"contentUrl\":\"https:\/\/secure.gravatar.com\/avatar\/5f1da428d6479d1127419c0b58796865?s=96&d=mm&r=g\",\"caption\":\"castello1\"},\"url\":\"https:\/\/agrupacionespsoe.es\/castello\/author\/castello1\/\"}]}<\/script>\n<!-- \/ Yoast SEO plugin. -->","yoast_head_json":{"title":"El PSPV lamenta la \u201coportunitat perduda\u201d de Carrasco per a dotar a Castell\u00f3 dels projectes ambientals, socials, urbans i d'ocupaci\u00f3 que ha eliminat per a 2025 - PSPV-PSOE CASTELL\u00d3","robots":{"index":"index","follow":"follow","max-snippet":"max-snippet:-1","max-image-preview":"max-image-preview:large","max-video-preview":"max-video-preview:-1"},"canonical":"https:\/\/agrupacionespsoe.es\/castello\/va\/el-pspv-lamenta-la-oportunitat-perduda-de-carrasco-per-a-dotar-a-castello-dels-projectes-ambientals-socials-urbans-i-docupacio-que-ha-eliminat-per-a-2025\/","og_locale":"es_ES","og_type":"article","og_title":"El PSPV lamenta la \u201coportunitat perduda\u201d de Carrasco per a dotar a Castell\u00f3 dels projectes ambientals, socials, urbans i d'ocupaci\u00f3 que ha eliminat per a 2025 - PSPV-PSOE CASTELL\u00d3","og_description":"El Grup Municipal Socialista ha votat hui en contra del pressupost municipal per a 2025 dissenyat per PP i Vox \u201csense di\u00e0leg i passant el corr\u00f3\u201d, uns comptes en les quals \u201cla senyora Bego\u00f1a Carrasco ens ha demostrat que s&#8217;ha mimetitzat totalment amb les tesis m\u00e9s ultres dels seus soci\u201d. El projecte plasmat hui en ...","og_url":"https:\/\/agrupacionespsoe.es\/castello\/va\/el-pspv-lamenta-la-oportunitat-perduda-de-carrasco-per-a-dotar-a-castello-dels-projectes-ambientals-socials-urbans-i-docupacio-que-ha-eliminat-per-a-2025\/","og_site_name":"PSPV-PSOE CASTELL\u00d3","article_publisher":"https:\/\/www.facebook.com\/pspv.castellodelaplana","article_published_time":"2025-01-16T16:15:16+00:00","article_modified_time":"2026-03-24T08:08:49+00:00","og_image":[{"width":2560,"height":1920,"url":"https:\/\/agrupacionespsoe.es\/castello\/wp-content\/uploads\/sites\/45\/2025\/01\/20250116-El-PSPV-lamenta-la-oportunidad-perdida-de-Carrasco-para-dotar-a-Castello-de-los-proyectos-ambientales-scaled.jpg","type":"image\/jpeg"}],"author":"castello1","twitter_card":"summary_large_image","twitter_creator":"@pspv_cs","twitter_site":"@pspv_cs","twitter_misc":{"Escrito por":"castello1","Tiempo de lectura":"5 minutos"},"schema":{"@context":"https:\/\/schema.org","@graph":[{"@type":"Article","@id":"https:\/\/agrupacionespsoe.es\/castello\/va\/el-pspv-lamenta-la-oportunitat-perduda-de-carrasco-per-a-dotar-a-castello-dels-projectes-ambientals-socials-urbans-i-docupacio-que-ha-eliminat-per-a-2025\/#article","isPartOf":{"@id":"https:\/\/agrupacionespsoe.es\/castello\/va\/el-pspv-lamenta-la-oportunitat-perduda-de-carrasco-per-a-dotar-a-castello-dels-projectes-ambientals-socials-urbans-i-docupacio-que-ha-eliminat-per-a-2025\/"},"author":{"name":"castello1","@id":"https:\/\/agrupacionespsoe.es\/castello\/#\/schema\/person\/f3bc5b2f9dc6a399e9e98596ae24a20a"},"headline":"El PSPV lamenta la \u201coportunitat perduda\u201d de Carrasco per a dotar a Castell\u00f3 dels projectes ambientals, socials, urbans i d&#8217;ocupaci\u00f3 que ha eliminat per a 2025","datePublished":"2025-01-16T16:15:16+00:00","dateModified":"2026-03-24T08:08:49+00:00","mainEntityOfPage":{"@id":"https:\/\/agrupacionespsoe.es\/castello\/va\/el-pspv-lamenta-la-oportunitat-perduda-de-carrasco-per-a-dotar-a-castello-dels-projectes-ambientals-socials-urbans-i-docupacio-que-ha-eliminat-per-a-2025\/"},"wordCount":1090,"commentCount":0,"publisher":{"@id":"https:\/\/agrupacionespsoe.es\/castello\/#organization"},"image":{"@id":"https:\/\/agrupacionespsoe.es\/castello\/va\/el-pspv-lamenta-la-oportunitat-perduda-de-carrasco-per-a-dotar-a-castello-dels-projectes-ambientals-socials-urbans-i-docupacio-que-ha-eliminat-per-a-2025\/#primaryimage"},"thumbnailUrl":"https:\/\/agrupacionespsoe.es\/castello\/wp-content\/uploads\/sites\/45\/2025\/01\/20250116-El-PSPV-lamenta-la-oportunidad-perdida-de-Carrasco-para-dotar-a-Castello-de-los-proyectos-ambientales-scaled.jpg","keywords":["Basurazo","M\u00f3nica Barab\u00e1s","Multes","Patricia Puerta","Todos"],"articleSection":["Grup Municipal Socialista"],"inLanguage":"es","potentialAction":[{"@type":"CommentAction","name":"Comment","target":["https:\/\/agrupacionespsoe.es\/castello\/va\/el-pspv-lamenta-la-oportunitat-perduda-de-carrasco-per-a-dotar-a-castello-dels-projectes-ambientals-socials-urbans-i-docupacio-que-ha-eliminat-per-a-2025\/#respond"]}]},{"@type":"WebPage","@id":"https:\/\/agrupacionespsoe.es\/castello\/va\/el-pspv-lamenta-la-oportunitat-perduda-de-carrasco-per-a-dotar-a-castello-dels-projectes-ambientals-socials-urbans-i-docupacio-que-ha-eliminat-per-a-2025\/","url":"https:\/\/agrupacionespsoe.es\/castello\/va\/el-pspv-lamenta-la-oportunitat-perduda-de-carrasco-per-a-dotar-a-castello-dels-projectes-ambientals-socials-urbans-i-docupacio-que-ha-eliminat-per-a-2025\/","name":"El PSPV lamenta la \u201coportunitat perduda\u201d de Carrasco per a dotar a Castell\u00f3 dels projectes ambientals, socials, urbans i d'ocupaci\u00f3 que ha eliminat per a 2025 - PSPV-PSOE CASTELL\u00d3","isPartOf":{"@id":"https:\/\/agrupacionespsoe.es\/castello\/#website"},"primaryImageOfPage":{"@id":"https:\/\/agrupacionespsoe.es\/castello\/va\/el-pspv-lamenta-la-oportunitat-perduda-de-carrasco-per-a-dotar-a-castello-dels-projectes-ambientals-socials-urbans-i-docupacio-que-ha-eliminat-per-a-2025\/#primaryimage"},"image":{"@id":"https:\/\/agrupacionespsoe.es\/castello\/va\/el-pspv-lamenta-la-oportunitat-perduda-de-carrasco-per-a-dotar-a-castello-dels-projectes-ambientals-socials-urbans-i-docupacio-que-ha-eliminat-per-a-2025\/#primaryimage"},"thumbnailUrl":"https:\/\/agrupacionespsoe.es\/castello\/wp-content\/uploads\/sites\/45\/2025\/01\/20250116-El-PSPV-lamenta-la-oportunidad-perdida-de-Carrasco-para-dotar-a-Castello-de-los-proyectos-ambientales-scaled.jpg","datePublished":"2025-01-16T16:15:16+00:00","dateModified":"2026-03-24T08:08:49+00:00","breadcrumb":{"@id":"https:\/\/agrupacionespsoe.es\/castello\/va\/el-pspv-lamenta-la-oportunitat-perduda-de-carrasco-per-a-dotar-a-castello-dels-projectes-ambientals-socials-urbans-i-docupacio-que-ha-eliminat-per-a-2025\/#breadcrumb"},"inLanguage":"es","potentialAction":[{"@type":"ReadAction","target":["https:\/\/agrupacionespsoe.es\/castello\/va\/el-pspv-lamenta-la-oportunitat-perduda-de-carrasco-per-a-dotar-a-castello-dels-projectes-ambientals-socials-urbans-i-docupacio-que-ha-eliminat-per-a-2025\/"]}]},{"@type":"ImageObject","inLanguage":"es","@id":"https:\/\/agrupacionespsoe.es\/castello\/va\/el-pspv-lamenta-la-oportunitat-perduda-de-carrasco-per-a-dotar-a-castello-dels-projectes-ambientals-socials-urbans-i-docupacio-que-ha-eliminat-per-a-2025\/#primaryimage","url":"https:\/\/agrupacionespsoe.es\/castello\/wp-content\/uploads\/sites\/45\/2025\/01\/20250116-El-PSPV-lamenta-la-oportunidad-perdida-de-Carrasco-para-dotar-a-Castello-de-los-proyectos-ambientales-scaled.jpg","contentUrl":"https:\/\/agrupacionespsoe.es\/castello\/wp-content\/uploads\/sites\/45\/2025\/01\/20250116-El-PSPV-lamenta-la-oportunidad-perdida-de-Carrasco-para-dotar-a-Castello-de-los-proyectos-ambientales-scaled.jpg","width":2560,"height":1920},{"@type":"BreadcrumbList","@id":"https:\/\/agrupacionespsoe.es\/castello\/va\/el-pspv-lamenta-la-oportunitat-perduda-de-carrasco-per-a-dotar-a-castello-dels-projectes-ambientals-socials-urbans-i-docupacio-que-ha-eliminat-per-a-2025\/#breadcrumb","itemListElement":[{"@type":"ListItem","position":1,"name":"Portada","item":"https:\/\/agrupacionespsoe.es\/castello\/"},{"@type":"ListItem","position":2,"name":"El PSPV lamenta la \u201coportunitat perduda\u201d de Carrasco per a dotar a Castell\u00f3 dels projectes ambientals, socials, urbans i d&#8217;ocupaci\u00f3 que ha eliminat per a 2025"}]},{"@type":"WebSite","@id":"https:\/\/agrupacionespsoe.es\/castello\/#website","url":"https:\/\/agrupacionespsoe.es\/castello\/","name":"PSPV-PSOE CASTELL\u00d3","description":"PSPV-PSOE | Agrupaci\u00f3 de Castell\u00f3","publisher":{"@id":"https:\/\/agrupacionespsoe.es\/castello\/#organization"},"potentialAction":[{"@type":"SearchAction","target":{"@type":"EntryPoint","urlTemplate":"https:\/\/agrupacionespsoe.es\/castello\/?s={search_term_string}"},"query-input":{"@type":"PropertyValueSpecification","valueRequired":true,"valueName":"search_term_string"}}],"inLanguage":"es"},{"@type":"Organization","@id":"https:\/\/agrupacionespsoe.es\/castello\/#organization","name":"PSPV-PSOE Castell\u00f3","url":"https:\/\/agrupacionespsoe.es\/castello\/","logo":{"@type":"ImageObject","inLanguage":"es","@id":"https:\/\/agrupacionespsoe.es\/castello\/#\/schema\/logo\/image\/","url":"https:\/\/agrupacionespsoe.es\/castello\/wp-content\/uploads\/sites\/45\/2023\/04\/PORTADA-PSOE-CASTELLO.jpg","contentUrl":"https:\/\/agrupacionespsoe.es\/castello\/wp-content\/uploads\/sites\/45\/2023\/04\/PORTADA-PSOE-CASTELLO.jpg","width":2500,"height":2500,"caption":"PSPV-PSOE Castell\u00f3"},"image":{"@id":"https:\/\/agrupacionespsoe.es\/castello\/#\/schema\/logo\/image\/"},"sameAs":["https:\/\/www.facebook.com\/pspv.castellodelaplana","https:\/\/x.com\/pspv_cs","https:\/\/www.instagram.com\/pspvpsoecastello\/"]},{"@type":"Person","@id":"https:\/\/agrupacionespsoe.es\/castello\/#\/schema\/person\/f3bc5b2f9dc6a399e9e98596ae24a20a","name":"castello1","image":{"@type":"ImageObject","inLanguage":"es","@id":"https:\/\/agrupacionespsoe.es\/castello\/#\/schema\/person\/image\/","url":"https:\/\/secure.gravatar.com\/avatar\/5f1da428d6479d1127419c0b58796865?s=96&d=mm&r=g","contentUrl":"https:\/\/secure.gravatar.com\/avatar\/5f1da428d6479d1127419c0b58796865?s=96&d=mm&r=g","caption":"castello1"},"url":"https:\/\/agrupacionespsoe.es\/castello\/author\/castello1\/"}]}},"jetpack_publicize_connections":[],"jetpack_featured_media_url":"https:\/\/agrupacionespsoe.es\/castello\/wp-content\/uploads\/sites\/45\/2025\/01\/20250116-El-PSPV-lamenta-la-oportunidad-perdida-de-Carrasco-para-dotar-a-Castello-de-los-proyectos-ambientales-scaled.jpg","jetpack_sharing_enabled":true,"_links":{"self":[{"href":"https:\/\/agrupacionespsoe.es\/castello\/wp-json\/wp\/v2\/posts\/7054","targetHints":{"allow":["GET"]}}],"collection":[{"href":"https:\/\/agrupacionespsoe.es\/castello\/wp-json\/wp\/v2\/posts"}],"about":[{"href":"https:\/\/agrupacionespsoe.es\/castello\/wp-json\/wp\/v2\/types\/post"}],"author":[{"embeddable":true,"href":"https:\/\/agrupacionespsoe.es\/castello\/wp-json\/wp\/v2\/users\/48"}],"replies":[{"embeddable":true,"href":"https:\/\/agrupacionespsoe.es\/castello\/wp-json\/wp\/v2\/comments?post=7054"}],"version-history":[{"count":3,"href":"https:\/\/agrupacionespsoe.es\/castello\/wp-json\/wp\/v2\/posts\/7054\/revisions"}],"predecessor-version":[{"id":7059,"href":"https:\/\/agrupacionespsoe.es\/castello\/wp-json\/wp\/v2\/posts\/7054\/revisions\/7059"}],"wp:featuredmedia":[{"embeddable":true,"href":"https:\/\/agrupacionespsoe.es\/castello\/wp-json\/wp\/v2\/media\/7051"}],"wp:attachment":[{"href":"https:\/\/agrupacionespsoe.es\/castello\/wp-json\/wp\/v2\/media?parent=7054"}],"wp:term":[{"taxonomy":"category","embeddable":true,"href":"https:\/\/agrupacionespsoe.es\/castello\/wp-json\/wp\/v2\/categories?post=7054"},{"taxonomy":"post_tag","embeddable":true,"href":"https:\/\/agrupacionespsoe.es\/castello\/wp-json\/wp\/v2\/tags?post=7054"}],"curies":[{"name":"wp","href":"https:\/\/api.w.org\/{rel}","templated":true}]}}