{"id":7048,"date":"2025-01-16T17:04:09","date_gmt":"2025-01-16T16:04:09","guid":{"rendered":"https:\/\/agrupacionespsoe.es\/castello\/?p=7048"},"modified":"2026-03-24T09:13:55","modified_gmt":"2026-03-24T08:13:55","slug":"el-pspv-lamenta-la-oportunidad-perdida-de-carrasco-para-dotar-a-castello-de-los-proyectos-ambientales-sociales-urbanos-y-de-empleo-que-ha-eliminado-para-2025","status":"publish","type":"post","link":"https:\/\/agrupacionespsoe.es\/castello\/el-pspv-lamenta-la-oportunidad-perdida-de-carrasco-para-dotar-a-castello-de-los-proyectos-ambientales-sociales-urbanos-y-de-empleo-que-ha-eliminado-para-2025\/","title":{"rendered":"El PSPV lamenta la \u201coportunidad perdida\u201d de Carrasco para dotar a Castell\u00f3 de los proyectos ambientales, sociales, urbanos y de empleo que ha eliminado para 2025"},"content":{"rendered":"\n<ul class=\"wp-block-list\">\n<li><em><strong>La portavoz socialista, Patricia Puerta, se\u00f1ala que las cuentas municipales para el presente a\u00f1o mantienen los proyectos heredados del Acord de Fadrell y vuelve a presupuestar actuaciones \u201cque fueron incapaces de ejecutar el a\u00f1o pasado\u201d<\/strong><\/em><\/li>\n<\/ul>\n\n\n\n<ul class=\"wp-block-list\">\n<li><em><strong>Puerta asegura que la \u201cprincipal caracter\u00edstica de los presupuestos ideados por PP y Vox, votados en contra por el Grupo Municipal Socialista, es \u201cla mentira, el negacionismo, la propaganda y el abandono de los barrios\u201d, y acusa a Bego\u00f1a Carraco de haberse \u201cmimetizado por completo con sus socios ultras\u201d<\/strong><\/em><\/li>\n<\/ul>\n\n\n\n<figure class=\"wp-block-embed is-type-video is-provider-youtube wp-block-embed-youtube wp-embed-aspect-16-9 wp-has-aspect-ratio\"><div class=\"wp-block-embed__wrapper\">\n<iframe loading=\"lazy\" title=\"El PSPV lamenta la \u201coportunidad perdida\u201d de Carrasco para dotar a Castell\u00f3 de los proyectos ambienta\" width=\"500\" height=\"281\" src=\"https:\/\/www.youtube.com\/embed\/YxhMC3aeQ3E?feature=oembed\" frameborder=\"0\" allow=\"accelerometer; autoplay; clipboard-write; encrypted-media; gyroscope; picture-in-picture; web-share\" referrerpolicy=\"strict-origin-when-cross-origin\" allowfullscreen><\/iframe>\n<\/div><\/figure>\n\n\n\n<p>El Grupo Municipal Socialista ha votado hoy en contra del presupuesto municipal para 2025 dise\u00f1ado por PP y Vox \u201csin di\u00e1logo y pasando el rodillo\u201d, unas cuentas en las que \u201cla se\u00f1ora Bego\u00f1a Carrasco nos ha demostrado que se ha mimetizado totalmente con las tesis m\u00e1s ultras de sus socio\u201d. El proyecto plasmado hoy en el pleno por la derecha \u201ces la constataci\u00f3n del fracaso del presupuesto de 2024, porque nos vuelven a traer numerosas actuaciones prometidas, y no ejecutadas, el a\u00f1o pasado, por lo que nos preguntamos si durante el presente ejercicio van a seguir enga\u00f1ando y manipulando a la ciudadan\u00eda\u201d.<\/p>\n\n\n\n<p>As\u00ed lo ha destacado la portavoz del Grupo Municipal Socialista, <strong>Patricia Puerta<\/strong>, quien ha lamentado que el gobierno de la derecha \u201chaya rechazado nuestras 37 enmiendas, por valor de 4 millones de euros, que lo \u00fanico que buscaban era darle a las cuentas de 2025 la vertiente social, feminista, ambiental y solidaria que han anulado por completo\u201d.<\/p>\n\n\n\n<p>La portavoz socialista ha incidido en que la gesti\u00f3n de Carrasco desde junio de 2023 tiene cuatro pilares: \u201cseguir adelante con los proyectos heredados del Partido Socialista, que parece que no ten\u00eda tan mal modelo para la ciudad como siempre han vendido desde el PP; mimetizarse con la ultraderecha, porque niegan el cambio clim\u00e1tico y desmantelan el sistema de ayudas a las entidades sociales; enga\u00f1ar a la ciudadan\u00eda, porque ya sabemos que para el portavoz del gobierno, Vicent Sales, mentir no es delito, y hacer de la propaganda su modelo para venderle a las y los castellonenses una ciudad ideal que solo se preocupa por el centro\u201d.<\/p>\n\n\n\n<p>Un ejemplo de la \u201cmanipulaci\u00f3n\u201d a la que somete el PP a los vecinos y vecinas de Castell\u00f3 es el denominado Plan Barrios, gestionado en su d\u00eda por el PSPV, que contempla invertir 17 millones para mejorar la accesibilidad y eficiencia energ\u00e9tica de los grupos Rafalafena-Tarongers, Cernuda y Velasco, Sequiol, Jos\u00e9 Antonio y Mediterr\u00e1neo. El Partido Popular, en la actualidad, \u201cha decidido dejar a las 596 familias beneficiadas sin los ascensores comprometidos aludiendo a que se han incrementado los costes, cuando lo que deber\u00eda hacer, como hemos propuesto desde el PSPV con nuestras enmiendas, es destinar partidas para asumir ese aumento de precios\u201d. A ello se une \u201cla continua mentira de que con el PSPV se iba a cobrar a los vecinos el 10 % de las obras, cuando los documentos que hoy hemos mostrado en el pleno muestran que es una nueva patra\u00f1a de <strong>Bego\u00f1a Carrasco<\/strong>, <strong>Vicent Sales<\/strong> y <strong>Sergio Toledo<\/strong>\u201d.<\/p>\n\n\n\n<p>Y es que el \u201cenga\u00f1o forma parte del ADN del PP, porque escuchar por ejemplo hace un a\u00f1o a la se\u00f1ora alcaldesa decir que mantienen intacto el esfuerzo en proteger a los colectivos y a todos los que necesitan atenci\u00f3n, adem\u00e1s de se\u00f1alar que ejecutan proyectos para que Castell\u00f3 sea tierra de libertad, respeto y tolerancia, es una aut\u00e9ntica burla, primero porque eso es incompatible con gobernar con la ultraderecha y, segundo, porque hay recortes que lo hacen inviable\u201d.<\/p>\n\n\n\n<p><strong>Cristian Ram\u00edrez<\/strong><br>Para 2025 \u201cnos asomamos a un recorte de 2,2 millones de euros en fomento de empleo\u201d, a lo que se une que hayan hecho desaparecer todas las partidas destinadas a la Agenda 2030. \u201cHasta qu\u00e9 punto Carrasco se ha mimetizado con Vox cuando han decidido abandonar la Red Espa\u00f1ola de Ciudades por el Clima, con la tragedia a\u00fan reciente que tenemos de la Dana en Valencia\u201d, comenta la portavoz socialista. El coste econ\u00f3mico para el ayuntamiento supon\u00eda solo pagar al a\u00f1o 700 euros, de ah\u00ed que Patricia Puerta haya ironizado dici\u00e9ndole a la alcaldesa que \u201cpod\u00eda haberle pedido prestado el dinero a su concejal estrella, <strong>Cristian Ram\u00edrez<\/strong>, porque con todo lo que se ha ahorrado en las multas que nunca pag\u00f3 podr\u00eda pagar la ronda en defensa del clima durante 12 a\u00f1os\u201d.<\/p>\n\n\n\n<p>La portavoz socialista ha insistido en que Carrasco \u201cvendi\u00f3 el a\u00f1o pasado proyectos que nos vuelve a vender este 2025 porque no han hecho absolutamente nada, como la apertura de la Oficina de Discapacidad, la rehabilitaci\u00f3n del edificio de la Marina, la mejora del almac\u00e9n de gaiatas o la reforma de la tenencia de alcald\u00eda del Grau\u201d. A su juicio, \u201cestamos por segundo a\u00f1o consecutivo ante una realidad: que el PP no tiene un proyecto de ciudad, que Carrasco solo se dedica al postureo y que es incapaz de reivindicar ante <strong>Maz\u00f3n<\/strong>, aunque quiz\u00e1s lo primero que deber\u00eda reclamarle es su dimisi\u00f3n por su nefasta gesti\u00f3n de la Dana de Valencia del pasado 29 de octubre\u201d.<\/p>\n\n\n\n<p><strong>Debate sobre la plantillas<\/strong><br>Sobre el debate en la aprobaci\u00f3n de la plantilla del ayuntamiento y de sus respectivos patronatos y consorcios, la encargada de defender la postura socialista ha sido la concejala <strong>M\u00f3nica Barab\u00e1s<\/strong>, quien ha lamentado que se haya llevado para su aprobaci\u00f3n un proyecto que \u201cno atiende las necesidades de los departamentos municipales\u201d.<\/p>\n\n\n\n<p>Barab\u00e1s ha recordado a Carrasco que en 2025, \u201cpor mucho que nos quiera vender la moto la alcaldesa, vamos a pagar en conjunto m\u00e1s impuestos porque PP y Vox han sido incapaces de compensar el basurazo de Carrasco\u201d. Eso s\u00ed, ha dejado claro que para el Partido Socialista \u201cno valen las demagogias y populismo, pues entendemos que hay que pagar impuestos ya que son la garant\u00eda de disponer de servicios p\u00fablicos de calidad, algo en lo que no cree el binomio PPVox all\u00e1 donde gobiernan\u201d.<\/p>\n\n\n\n<p>M\u00f3nica Barab\u00e1s ha subrayado que las y los castellonenses \u201cnos merecemos unos servicios de calidad, en tiempo y forma, pero sin personal suficiente estos servicios pueden peligrar\u201d. Lamentablemente, \u201cla propuesta de la plantilla de PPVox es pr\u00e1cticamente la radiograf\u00eda de las pol\u00edticas que se quieren llevar a cabo se\u00f1ora Carrasco y un claro ejemplo de que cuando gobiernan pasan el rodillo y no consens\u00faan ni con la parte t\u00e9cnica, ni con la sindical, ni con la pol\u00edtica\u201d.<\/p>\n","protected":false},"excerpt":{"rendered":"<p>El Grupo Municipal Socialista ha votado hoy en contra del presupuesto municipal para 2025 dise\u00f1ado por PP y Vox \u201csin di\u00e1logo y pasando el rodillo\u201d, unas cuentas en las que \u201cla se\u00f1ora Bego\u00f1a Carrasco nos ha demostrado que se ha mimetizado totalmente con las tesis m\u00e1s ultras de sus socio\u201d. El proyecto plasmado hoy en &#8230;<\/p>\n","protected":false},"author":48,"featured_media":7051,"comment_status":"open","ping_status":"open","sticky":false,"template":"","format":"standard","meta":{"_jetpack_memberships_contains_paid_content":false,"footnotes":"","jetpack_publicize_message":"","jetpack_publicize_feature_enabled":true,"jetpack_social_post_already_shared":false,"jetpack_social_options":{"image_generator_settings":{"template":"highway","default_image_id":0,"font":"","enabled":false},"version":2}},"categories":[33],"tags":[1151,107,1155,81,448],"class_list":["post-7048","post","type-post","status-publish","format-standard","has-post-thumbnail","hentry","category-gms","tag-basurazo","tag-monica-barabas","tag-multas","tag-patricia-puerta","tag-todos-es"],"yoast_head":"<!-- This site is optimized with the Yoast SEO plugin v24.0 - https:\/\/yoast.com\/wordpress\/plugins\/seo\/ -->\n<title>El PSPV lamenta la \u201coportunidad perdida\u201d de Carrasco para dotar a Castell\u00f3 de los proyectos ambientales, sociales, urbanos y de empleo que ha eliminado para 2025 - PSPV-PSOE CASTELL\u00d3<\/title>\n<meta name=\"robots\" content=\"index, follow, max-snippet:-1, max-image-preview:large, max-video-preview:-1\" \/>\n<link rel=\"canonical\" href=\"https:\/\/agrupacionespsoe.es\/castello\/el-pspv-lamenta-la-oportunidad-perdida-de-carrasco-para-dotar-a-castello-de-los-proyectos-ambientales-sociales-urbanos-y-de-empleo-que-ha-eliminado-para-2025\/\" \/>\n<meta property=\"og:locale\" content=\"es_ES\" \/>\n<meta property=\"og:type\" content=\"article\" \/>\n<meta property=\"og:title\" content=\"El PSPV lamenta la \u201coportunidad perdida\u201d de Carrasco para dotar a Castell\u00f3 de los proyectos ambientales, sociales, urbanos y de empleo que ha eliminado para 2025 - PSPV-PSOE CASTELL\u00d3\" \/>\n<meta property=\"og:description\" content=\"El Grupo Municipal Socialista ha votado hoy en contra del presupuesto municipal para 2025 dise\u00f1ado por PP y Vox \u201csin di\u00e1logo y pasando el rodillo\u201d, unas cuentas en las que \u201cla se\u00f1ora Bego\u00f1a Carrasco nos ha demostrado que se ha mimetizado totalmente con las tesis m\u00e1s ultras de sus socio\u201d. El proyecto plasmado hoy en ...\" \/>\n<meta property=\"og:url\" content=\"https:\/\/agrupacionespsoe.es\/castello\/el-pspv-lamenta-la-oportunidad-perdida-de-carrasco-para-dotar-a-castello-de-los-proyectos-ambientales-sociales-urbanos-y-de-empleo-que-ha-eliminado-para-2025\/\" \/>\n<meta property=\"og:site_name\" content=\"PSPV-PSOE CASTELL\u00d3\" \/>\n<meta property=\"article:publisher\" content=\"https:\/\/www.facebook.com\/pspv.castellodelaplana\" \/>\n<meta property=\"article:published_time\" content=\"2025-01-16T16:04:09+00:00\" \/>\n<meta property=\"article:modified_time\" content=\"2026-03-24T08:13:55+00:00\" \/>\n<meta property=\"og:image\" content=\"https:\/\/agrupacionespsoe.es\/castello\/wp-content\/uploads\/sites\/45\/2025\/01\/20250116-El-PSPV-lamenta-la-oportunidad-perdida-de-Carrasco-para-dotar-a-Castello-de-los-proyectos-ambientales-scaled.jpg\" \/>\n\t<meta property=\"og:image:width\" content=\"2560\" \/>\n\t<meta property=\"og:image:height\" content=\"1920\" \/>\n\t<meta property=\"og:image:type\" content=\"image\/jpeg\" \/>\n<meta name=\"author\" content=\"castello1\" \/>\n<meta name=\"twitter:card\" content=\"summary_large_image\" \/>\n<meta name=\"twitter:creator\" content=\"@pspv_cs\" \/>\n<meta name=\"twitter:site\" content=\"@pspv_cs\" \/>\n<meta name=\"twitter:label1\" content=\"Escrito por\" \/>\n\t<meta name=\"twitter:data1\" content=\"castello1\" \/>\n\t<meta name=\"twitter:label2\" content=\"Tiempo de lectura\" \/>\n\t<meta name=\"twitter:data2\" content=\"6 minutos\" \/>\n<script type=\"application\/ld+json\" class=\"yoast-schema-graph\">{\"@context\":\"https:\/\/schema.org\",\"@graph\":[{\"@type\":\"Article\",\"@id\":\"https:\/\/agrupacionespsoe.es\/castello\/el-pspv-lamenta-la-oportunidad-perdida-de-carrasco-para-dotar-a-castello-de-los-proyectos-ambientales-sociales-urbanos-y-de-empleo-que-ha-eliminado-para-2025\/#article\",\"isPartOf\":{\"@id\":\"https:\/\/agrupacionespsoe.es\/castello\/el-pspv-lamenta-la-oportunidad-perdida-de-carrasco-para-dotar-a-castello-de-los-proyectos-ambientales-sociales-urbanos-y-de-empleo-que-ha-eliminado-para-2025\/\"},\"author\":{\"name\":\"castello1\",\"@id\":\"https:\/\/agrupacionespsoe.es\/castello\/#\/schema\/person\/f3bc5b2f9dc6a399e9e98596ae24a20a\"},\"headline\":\"El PSPV lamenta la \u201coportunidad perdida\u201d de Carrasco para dotar a Castell\u00f3 de los proyectos ambientales, sociales, urbanos y de empleo que ha eliminado para 2025\",\"datePublished\":\"2025-01-16T16:04:09+00:00\",\"dateModified\":\"2026-03-24T08:13:55+00:00\",\"mainEntityOfPage\":{\"@id\":\"https:\/\/agrupacionespsoe.es\/castello\/el-pspv-lamenta-la-oportunidad-perdida-de-carrasco-para-dotar-a-castello-de-los-proyectos-ambientales-sociales-urbanos-y-de-empleo-que-ha-eliminado-para-2025\/\"},\"wordCount\":1133,\"commentCount\":0,\"publisher\":{\"@id\":\"https:\/\/agrupacionespsoe.es\/castello\/#organization\"},\"image\":{\"@id\":\"https:\/\/agrupacionespsoe.es\/castello\/el-pspv-lamenta-la-oportunidad-perdida-de-carrasco-para-dotar-a-castello-de-los-proyectos-ambientales-sociales-urbanos-y-de-empleo-que-ha-eliminado-para-2025\/#primaryimage\"},\"thumbnailUrl\":\"https:\/\/agrupacionespsoe.es\/castello\/wp-content\/uploads\/sites\/45\/2025\/01\/20250116-El-PSPV-lamenta-la-oportunidad-perdida-de-Carrasco-para-dotar-a-Castello-de-los-proyectos-ambientales-scaled.jpg\",\"keywords\":[\"Basurazo\",\"M\u00f3nica Barab\u00e1s\",\"Multas\",\"Patricia Puerta\",\"Todos\"],\"articleSection\":[\"Grupo Municipal Socialista\"],\"inLanguage\":\"es\",\"potentialAction\":[{\"@type\":\"CommentAction\",\"name\":\"Comment\",\"target\":[\"https:\/\/agrupacionespsoe.es\/castello\/el-pspv-lamenta-la-oportunidad-perdida-de-carrasco-para-dotar-a-castello-de-los-proyectos-ambientales-sociales-urbanos-y-de-empleo-que-ha-eliminado-para-2025\/#respond\"]}]},{\"@type\":\"WebPage\",\"@id\":\"https:\/\/agrupacionespsoe.es\/castello\/el-pspv-lamenta-la-oportunidad-perdida-de-carrasco-para-dotar-a-castello-de-los-proyectos-ambientales-sociales-urbanos-y-de-empleo-que-ha-eliminado-para-2025\/\",\"url\":\"https:\/\/agrupacionespsoe.es\/castello\/el-pspv-lamenta-la-oportunidad-perdida-de-carrasco-para-dotar-a-castello-de-los-proyectos-ambientales-sociales-urbanos-y-de-empleo-que-ha-eliminado-para-2025\/\",\"name\":\"El PSPV lamenta la \u201coportunidad perdida\u201d de Carrasco para dotar a Castell\u00f3 de los proyectos ambientales, sociales, urbanos y de empleo que ha eliminado para 2025 - PSPV-PSOE CASTELL\u00d3\",\"isPartOf\":{\"@id\":\"https:\/\/agrupacionespsoe.es\/castello\/#website\"},\"primaryImageOfPage\":{\"@id\":\"https:\/\/agrupacionespsoe.es\/castello\/el-pspv-lamenta-la-oportunidad-perdida-de-carrasco-para-dotar-a-castello-de-los-proyectos-ambientales-sociales-urbanos-y-de-empleo-que-ha-eliminado-para-2025\/#primaryimage\"},\"image\":{\"@id\":\"https:\/\/agrupacionespsoe.es\/castello\/el-pspv-lamenta-la-oportunidad-perdida-de-carrasco-para-dotar-a-castello-de-los-proyectos-ambientales-sociales-urbanos-y-de-empleo-que-ha-eliminado-para-2025\/#primaryimage\"},\"thumbnailUrl\":\"https:\/\/agrupacionespsoe.es\/castello\/wp-content\/uploads\/sites\/45\/2025\/01\/20250116-El-PSPV-lamenta-la-oportunidad-perdida-de-Carrasco-para-dotar-a-Castello-de-los-proyectos-ambientales-scaled.jpg\",\"datePublished\":\"2025-01-16T16:04:09+00:00\",\"dateModified\":\"2026-03-24T08:13:55+00:00\",\"breadcrumb\":{\"@id\":\"https:\/\/agrupacionespsoe.es\/castello\/el-pspv-lamenta-la-oportunidad-perdida-de-carrasco-para-dotar-a-castello-de-los-proyectos-ambientales-sociales-urbanos-y-de-empleo-que-ha-eliminado-para-2025\/#breadcrumb\"},\"inLanguage\":\"es\",\"potentialAction\":[{\"@type\":\"ReadAction\",\"target\":[\"https:\/\/agrupacionespsoe.es\/castello\/el-pspv-lamenta-la-oportunidad-perdida-de-carrasco-para-dotar-a-castello-de-los-proyectos-ambientales-sociales-urbanos-y-de-empleo-que-ha-eliminado-para-2025\/\"]}]},{\"@type\":\"ImageObject\",\"inLanguage\":\"es\",\"@id\":\"https:\/\/agrupacionespsoe.es\/castello\/el-pspv-lamenta-la-oportunidad-perdida-de-carrasco-para-dotar-a-castello-de-los-proyectos-ambientales-sociales-urbanos-y-de-empleo-que-ha-eliminado-para-2025\/#primaryimage\",\"url\":\"https:\/\/agrupacionespsoe.es\/castello\/wp-content\/uploads\/sites\/45\/2025\/01\/20250116-El-PSPV-lamenta-la-oportunidad-perdida-de-Carrasco-para-dotar-a-Castello-de-los-proyectos-ambientales-scaled.jpg\",\"contentUrl\":\"https:\/\/agrupacionespsoe.es\/castello\/wp-content\/uploads\/sites\/45\/2025\/01\/20250116-El-PSPV-lamenta-la-oportunidad-perdida-de-Carrasco-para-dotar-a-Castello-de-los-proyectos-ambientales-scaled.jpg\",\"width\":2560,\"height\":1920},{\"@type\":\"BreadcrumbList\",\"@id\":\"https:\/\/agrupacionespsoe.es\/castello\/el-pspv-lamenta-la-oportunidad-perdida-de-carrasco-para-dotar-a-castello-de-los-proyectos-ambientales-sociales-urbanos-y-de-empleo-que-ha-eliminado-para-2025\/#breadcrumb\",\"itemListElement\":[{\"@type\":\"ListItem\",\"position\":1,\"name\":\"Portada\",\"item\":\"https:\/\/agrupacionespsoe.es\/castello\/\"},{\"@type\":\"ListItem\",\"position\":2,\"name\":\"El PSPV lamenta la \u201coportunidad perdida\u201d de Carrasco para dotar a Castell\u00f3 de los proyectos ambientales, sociales, urbanos y de empleo que ha eliminado para 2025\"}]},{\"@type\":\"WebSite\",\"@id\":\"https:\/\/agrupacionespsoe.es\/castello\/#website\",\"url\":\"https:\/\/agrupacionespsoe.es\/castello\/\",\"name\":\"PSPV-PSOE CASTELL\u00d3\",\"description\":\"PSPV-PSOE | Agrupaci\u00f3 de Castell\u00f3\",\"publisher\":{\"@id\":\"https:\/\/agrupacionespsoe.es\/castello\/#organization\"},\"potentialAction\":[{\"@type\":\"SearchAction\",\"target\":{\"@type\":\"EntryPoint\",\"urlTemplate\":\"https:\/\/agrupacionespsoe.es\/castello\/?s={search_term_string}\"},\"query-input\":{\"@type\":\"PropertyValueSpecification\",\"valueRequired\":true,\"valueName\":\"search_term_string\"}}],\"inLanguage\":\"es\"},{\"@type\":\"Organization\",\"@id\":\"https:\/\/agrupacionespsoe.es\/castello\/#organization\",\"name\":\"PSPV-PSOE Castell\u00f3\",\"url\":\"https:\/\/agrupacionespsoe.es\/castello\/\",\"logo\":{\"@type\":\"ImageObject\",\"inLanguage\":\"es\",\"@id\":\"https:\/\/agrupacionespsoe.es\/castello\/#\/schema\/logo\/image\/\",\"url\":\"https:\/\/agrupacionespsoe.es\/castello\/wp-content\/uploads\/sites\/45\/2023\/04\/PORTADA-PSOE-CASTELLO.jpg\",\"contentUrl\":\"https:\/\/agrupacionespsoe.es\/castello\/wp-content\/uploads\/sites\/45\/2023\/04\/PORTADA-PSOE-CASTELLO.jpg\",\"width\":2500,\"height\":2500,\"caption\":\"PSPV-PSOE Castell\u00f3\"},\"image\":{\"@id\":\"https:\/\/agrupacionespsoe.es\/castello\/#\/schema\/logo\/image\/\"},\"sameAs\":[\"https:\/\/www.facebook.com\/pspv.castellodelaplana\",\"https:\/\/x.com\/pspv_cs\",\"https:\/\/www.instagram.com\/pspvpsoecastello\/\"]},{\"@type\":\"Person\",\"@id\":\"https:\/\/agrupacionespsoe.es\/castello\/#\/schema\/person\/f3bc5b2f9dc6a399e9e98596ae24a20a\",\"name\":\"castello1\",\"image\":{\"@type\":\"ImageObject\",\"inLanguage\":\"es\",\"@id\":\"https:\/\/agrupacionespsoe.es\/castello\/#\/schema\/person\/image\/\",\"url\":\"https:\/\/secure.gravatar.com\/avatar\/5f1da428d6479d1127419c0b58796865?s=96&d=mm&r=g\",\"contentUrl\":\"https:\/\/secure.gravatar.com\/avatar\/5f1da428d6479d1127419c0b58796865?s=96&d=mm&r=g\",\"caption\":\"castello1\"},\"url\":\"https:\/\/agrupacionespsoe.es\/castello\/author\/castello1\/\"}]}<\/script>\n<!-- \/ Yoast SEO plugin. -->","yoast_head_json":{"title":"El PSPV lamenta la \u201coportunidad perdida\u201d de Carrasco para dotar a Castell\u00f3 de los proyectos ambientales, sociales, urbanos y de empleo que ha eliminado para 2025 - PSPV-PSOE CASTELL\u00d3","robots":{"index":"index","follow":"follow","max-snippet":"max-snippet:-1","max-image-preview":"max-image-preview:large","max-video-preview":"max-video-preview:-1"},"canonical":"https:\/\/agrupacionespsoe.es\/castello\/el-pspv-lamenta-la-oportunidad-perdida-de-carrasco-para-dotar-a-castello-de-los-proyectos-ambientales-sociales-urbanos-y-de-empleo-que-ha-eliminado-para-2025\/","og_locale":"es_ES","og_type":"article","og_title":"El PSPV lamenta la \u201coportunidad perdida\u201d de Carrasco para dotar a Castell\u00f3 de los proyectos ambientales, sociales, urbanos y de empleo que ha eliminado para 2025 - PSPV-PSOE CASTELL\u00d3","og_description":"El Grupo Municipal Socialista ha votado hoy en contra del presupuesto municipal para 2025 dise\u00f1ado por PP y Vox \u201csin di\u00e1logo y pasando el rodillo\u201d, unas cuentas en las que \u201cla se\u00f1ora Bego\u00f1a Carrasco nos ha demostrado que se ha mimetizado totalmente con las tesis m\u00e1s ultras de sus socio\u201d. El proyecto plasmado hoy en ...","og_url":"https:\/\/agrupacionespsoe.es\/castello\/el-pspv-lamenta-la-oportunidad-perdida-de-carrasco-para-dotar-a-castello-de-los-proyectos-ambientales-sociales-urbanos-y-de-empleo-que-ha-eliminado-para-2025\/","og_site_name":"PSPV-PSOE CASTELL\u00d3","article_publisher":"https:\/\/www.facebook.com\/pspv.castellodelaplana","article_published_time":"2025-01-16T16:04:09+00:00","article_modified_time":"2026-03-24T08:13:55+00:00","og_image":[{"width":2560,"height":1920,"url":"https:\/\/agrupacionespsoe.es\/castello\/wp-content\/uploads\/sites\/45\/2025\/01\/20250116-El-PSPV-lamenta-la-oportunidad-perdida-de-Carrasco-para-dotar-a-Castello-de-los-proyectos-ambientales-scaled.jpg","type":"image\/jpeg"}],"author":"castello1","twitter_card":"summary_large_image","twitter_creator":"@pspv_cs","twitter_site":"@pspv_cs","twitter_misc":{"Escrito por":"castello1","Tiempo de lectura":"6 minutos"},"schema":{"@context":"https:\/\/schema.org","@graph":[{"@type":"Article","@id":"https:\/\/agrupacionespsoe.es\/castello\/el-pspv-lamenta-la-oportunidad-perdida-de-carrasco-para-dotar-a-castello-de-los-proyectos-ambientales-sociales-urbanos-y-de-empleo-que-ha-eliminado-para-2025\/#article","isPartOf":{"@id":"https:\/\/agrupacionespsoe.es\/castello\/el-pspv-lamenta-la-oportunidad-perdida-de-carrasco-para-dotar-a-castello-de-los-proyectos-ambientales-sociales-urbanos-y-de-empleo-que-ha-eliminado-para-2025\/"},"author":{"name":"castello1","@id":"https:\/\/agrupacionespsoe.es\/castello\/#\/schema\/person\/f3bc5b2f9dc6a399e9e98596ae24a20a"},"headline":"El PSPV lamenta la \u201coportunidad perdida\u201d de Carrasco para dotar a Castell\u00f3 de los proyectos ambientales, sociales, urbanos y de empleo que ha eliminado para 2025","datePublished":"2025-01-16T16:04:09+00:00","dateModified":"2026-03-24T08:13:55+00:00","mainEntityOfPage":{"@id":"https:\/\/agrupacionespsoe.es\/castello\/el-pspv-lamenta-la-oportunidad-perdida-de-carrasco-para-dotar-a-castello-de-los-proyectos-ambientales-sociales-urbanos-y-de-empleo-que-ha-eliminado-para-2025\/"},"wordCount":1133,"commentCount":0,"publisher":{"@id":"https:\/\/agrupacionespsoe.es\/castello\/#organization"},"image":{"@id":"https:\/\/agrupacionespsoe.es\/castello\/el-pspv-lamenta-la-oportunidad-perdida-de-carrasco-para-dotar-a-castello-de-los-proyectos-ambientales-sociales-urbanos-y-de-empleo-que-ha-eliminado-para-2025\/#primaryimage"},"thumbnailUrl":"https:\/\/agrupacionespsoe.es\/castello\/wp-content\/uploads\/sites\/45\/2025\/01\/20250116-El-PSPV-lamenta-la-oportunidad-perdida-de-Carrasco-para-dotar-a-Castello-de-los-proyectos-ambientales-scaled.jpg","keywords":["Basurazo","M\u00f3nica Barab\u00e1s","Multas","Patricia Puerta","Todos"],"articleSection":["Grupo Municipal Socialista"],"inLanguage":"es","potentialAction":[{"@type":"CommentAction","name":"Comment","target":["https:\/\/agrupacionespsoe.es\/castello\/el-pspv-lamenta-la-oportunidad-perdida-de-carrasco-para-dotar-a-castello-de-los-proyectos-ambientales-sociales-urbanos-y-de-empleo-que-ha-eliminado-para-2025\/#respond"]}]},{"@type":"WebPage","@id":"https:\/\/agrupacionespsoe.es\/castello\/el-pspv-lamenta-la-oportunidad-perdida-de-carrasco-para-dotar-a-castello-de-los-proyectos-ambientales-sociales-urbanos-y-de-empleo-que-ha-eliminado-para-2025\/","url":"https:\/\/agrupacionespsoe.es\/castello\/el-pspv-lamenta-la-oportunidad-perdida-de-carrasco-para-dotar-a-castello-de-los-proyectos-ambientales-sociales-urbanos-y-de-empleo-que-ha-eliminado-para-2025\/","name":"El PSPV lamenta la \u201coportunidad perdida\u201d de Carrasco para dotar a Castell\u00f3 de los proyectos ambientales, sociales, urbanos y de empleo que ha eliminado para 2025 - PSPV-PSOE CASTELL\u00d3","isPartOf":{"@id":"https:\/\/agrupacionespsoe.es\/castello\/#website"},"primaryImageOfPage":{"@id":"https:\/\/agrupacionespsoe.es\/castello\/el-pspv-lamenta-la-oportunidad-perdida-de-carrasco-para-dotar-a-castello-de-los-proyectos-ambientales-sociales-urbanos-y-de-empleo-que-ha-eliminado-para-2025\/#primaryimage"},"image":{"@id":"https:\/\/agrupacionespsoe.es\/castello\/el-pspv-lamenta-la-oportunidad-perdida-de-carrasco-para-dotar-a-castello-de-los-proyectos-ambientales-sociales-urbanos-y-de-empleo-que-ha-eliminado-para-2025\/#primaryimage"},"thumbnailUrl":"https:\/\/agrupacionespsoe.es\/castello\/wp-content\/uploads\/sites\/45\/2025\/01\/20250116-El-PSPV-lamenta-la-oportunidad-perdida-de-Carrasco-para-dotar-a-Castello-de-los-proyectos-ambientales-scaled.jpg","datePublished":"2025-01-16T16:04:09+00:00","dateModified":"2026-03-24T08:13:55+00:00","breadcrumb":{"@id":"https:\/\/agrupacionespsoe.es\/castello\/el-pspv-lamenta-la-oportunidad-perdida-de-carrasco-para-dotar-a-castello-de-los-proyectos-ambientales-sociales-urbanos-y-de-empleo-que-ha-eliminado-para-2025\/#breadcrumb"},"inLanguage":"es","potentialAction":[{"@type":"ReadAction","target":["https:\/\/agrupacionespsoe.es\/castello\/el-pspv-lamenta-la-oportunidad-perdida-de-carrasco-para-dotar-a-castello-de-los-proyectos-ambientales-sociales-urbanos-y-de-empleo-que-ha-eliminado-para-2025\/"]}]},{"@type":"ImageObject","inLanguage":"es","@id":"https:\/\/agrupacionespsoe.es\/castello\/el-pspv-lamenta-la-oportunidad-perdida-de-carrasco-para-dotar-a-castello-de-los-proyectos-ambientales-sociales-urbanos-y-de-empleo-que-ha-eliminado-para-2025\/#primaryimage","url":"https:\/\/agrupacionespsoe.es\/castello\/wp-content\/uploads\/sites\/45\/2025\/01\/20250116-El-PSPV-lamenta-la-oportunidad-perdida-de-Carrasco-para-dotar-a-Castello-de-los-proyectos-ambientales-scaled.jpg","contentUrl":"https:\/\/agrupacionespsoe.es\/castello\/wp-content\/uploads\/sites\/45\/2025\/01\/20250116-El-PSPV-lamenta-la-oportunidad-perdida-de-Carrasco-para-dotar-a-Castello-de-los-proyectos-ambientales-scaled.jpg","width":2560,"height":1920},{"@type":"BreadcrumbList","@id":"https:\/\/agrupacionespsoe.es\/castello\/el-pspv-lamenta-la-oportunidad-perdida-de-carrasco-para-dotar-a-castello-de-los-proyectos-ambientales-sociales-urbanos-y-de-empleo-que-ha-eliminado-para-2025\/#breadcrumb","itemListElement":[{"@type":"ListItem","position":1,"name":"Portada","item":"https:\/\/agrupacionespsoe.es\/castello\/"},{"@type":"ListItem","position":2,"name":"El PSPV lamenta la \u201coportunidad perdida\u201d de Carrasco para dotar a Castell\u00f3 de los proyectos ambientales, sociales, urbanos y de empleo que ha eliminado para 2025"}]},{"@type":"WebSite","@id":"https:\/\/agrupacionespsoe.es\/castello\/#website","url":"https:\/\/agrupacionespsoe.es\/castello\/","name":"PSPV-PSOE CASTELL\u00d3","description":"PSPV-PSOE | Agrupaci\u00f3 de Castell\u00f3","publisher":{"@id":"https:\/\/agrupacionespsoe.es\/castello\/#organization"},"potentialAction":[{"@type":"SearchAction","target":{"@type":"EntryPoint","urlTemplate":"https:\/\/agrupacionespsoe.es\/castello\/?s={search_term_string}"},"query-input":{"@type":"PropertyValueSpecification","valueRequired":true,"valueName":"search_term_string"}}],"inLanguage":"es"},{"@type":"Organization","@id":"https:\/\/agrupacionespsoe.es\/castello\/#organization","name":"PSPV-PSOE Castell\u00f3","url":"https:\/\/agrupacionespsoe.es\/castello\/","logo":{"@type":"ImageObject","inLanguage":"es","@id":"https:\/\/agrupacionespsoe.es\/castello\/#\/schema\/logo\/image\/","url":"https:\/\/agrupacionespsoe.es\/castello\/wp-content\/uploads\/sites\/45\/2023\/04\/PORTADA-PSOE-CASTELLO.jpg","contentUrl":"https:\/\/agrupacionespsoe.es\/castello\/wp-content\/uploads\/sites\/45\/2023\/04\/PORTADA-PSOE-CASTELLO.jpg","width":2500,"height":2500,"caption":"PSPV-PSOE Castell\u00f3"},"image":{"@id":"https:\/\/agrupacionespsoe.es\/castello\/#\/schema\/logo\/image\/"},"sameAs":["https:\/\/www.facebook.com\/pspv.castellodelaplana","https:\/\/x.com\/pspv_cs","https:\/\/www.instagram.com\/pspvpsoecastello\/"]},{"@type":"Person","@id":"https:\/\/agrupacionespsoe.es\/castello\/#\/schema\/person\/f3bc5b2f9dc6a399e9e98596ae24a20a","name":"castello1","image":{"@type":"ImageObject","inLanguage":"es","@id":"https:\/\/agrupacionespsoe.es\/castello\/#\/schema\/person\/image\/","url":"https:\/\/secure.gravatar.com\/avatar\/5f1da428d6479d1127419c0b58796865?s=96&d=mm&r=g","contentUrl":"https:\/\/secure.gravatar.com\/avatar\/5f1da428d6479d1127419c0b58796865?s=96&d=mm&r=g","caption":"castello1"},"url":"https:\/\/agrupacionespsoe.es\/castello\/author\/castello1\/"}]}},"jetpack_publicize_connections":[],"jetpack_featured_media_url":"https:\/\/agrupacionespsoe.es\/castello\/wp-content\/uploads\/sites\/45\/2025\/01\/20250116-El-PSPV-lamenta-la-oportunidad-perdida-de-Carrasco-para-dotar-a-Castello-de-los-proyectos-ambientales-scaled.jpg","jetpack_sharing_enabled":true,"_links":{"self":[{"href":"https:\/\/agrupacionespsoe.es\/castello\/wp-json\/wp\/v2\/posts\/7048","targetHints":{"allow":["GET"]}}],"collection":[{"href":"https:\/\/agrupacionespsoe.es\/castello\/wp-json\/wp\/v2\/posts"}],"about":[{"href":"https:\/\/agrupacionespsoe.es\/castello\/wp-json\/wp\/v2\/types\/post"}],"author":[{"embeddable":true,"href":"https:\/\/agrupacionespsoe.es\/castello\/wp-json\/wp\/v2\/users\/48"}],"replies":[{"embeddable":true,"href":"https:\/\/agrupacionespsoe.es\/castello\/wp-json\/wp\/v2\/comments?post=7048"}],"version-history":[{"count":3,"href":"https:\/\/agrupacionespsoe.es\/castello\/wp-json\/wp\/v2\/posts\/7048\/revisions"}],"predecessor-version":[{"id":7053,"href":"https:\/\/agrupacionespsoe.es\/castello\/wp-json\/wp\/v2\/posts\/7048\/revisions\/7053"}],"wp:featuredmedia":[{"embeddable":true,"href":"https:\/\/agrupacionespsoe.es\/castello\/wp-json\/wp\/v2\/media\/7051"}],"wp:attachment":[{"href":"https:\/\/agrupacionespsoe.es\/castello\/wp-json\/wp\/v2\/media?parent=7048"}],"wp:term":[{"taxonomy":"category","embeddable":true,"href":"https:\/\/agrupacionespsoe.es\/castello\/wp-json\/wp\/v2\/categories?post=7048"},{"taxonomy":"post_tag","embeddable":true,"href":"https:\/\/agrupacionespsoe.es\/castello\/wp-json\/wp\/v2\/tags?post=7048"}],"curies":[{"name":"wp","href":"https:\/\/api.w.org\/{rel}","templated":true}]}}