{"id":6760,"date":"2024-11-29T00:40:11","date_gmt":"2024-11-28T23:40:11","guid":{"rendered":"https:\/\/agrupacionespsoe.es\/castello\/?p=6760"},"modified":"2024-11-29T00:40:12","modified_gmt":"2024-11-28T23:40:12","slug":"el-pspv-critica-el-rebuig-de-begona-carrasco-a-reclamar-a-mazon-els-nous-col%c2%b7legis-per-a-castello-arreplegats-en-el-pla-edificant-que-van-impulsar-lacord-de-fadrell-i-el-botanic","status":"publish","type":"post","link":"https:\/\/agrupacionespsoe.es\/castello\/va\/el-pspv-critica-el-rebuig-de-begona-carrasco-a-reclamar-a-mazon-els-nous-col%c2%b7legis-per-a-castello-arreplegats-en-el-pla-edificant-que-van-impulsar-lacord-de-fadrell-i-el-botanic\/","title":{"rendered":"El PSPV critica el rebuig de Bego\u00f1a Carrasco a reclamar a Maz\u00f3n els nous col\u00b7legis per a Castell\u00f3 arreplegats en el Pla Edificant que van impulsar l\u2019Acord de Fadrell i el Bot\u00e0nic"},"content":{"rendered":"\n<ul class=\"wp-block-list\">\n<li><em><strong>L&#8217;Ajuntament de Castell\u00f3 aprova una moci\u00f3 conjunta de PSPV, Comprom\u00eds i PP, amb el vot en contra de Vox, per a donar lectura en l&#8217;inici de cada ple del mes de novembre els noms de les dones, xiquets i xiquetes assassinades per la viol\u00e8ncia masclista<\/strong><\/em><\/li>\n\n\n\n<li><em><strong>El ple ratifica una declaraci\u00f3 institucional, presentada pel Grup Socialista, per a instar a la Generalitat a reclamar els recursos, dispositius i programes necessaris per a l&#8217;atenci\u00f3 adequada dels problemes de salut mental<\/strong><\/em><\/li>\n<\/ul>\n\n\n\n<figure class=\"wp-block-video\"><video autoplay controls src=\"https:\/\/agrupacionespsoe.es\/castello\/wp-content\/uploads\/sites\/45\/2024\/11\/20241128-El-PSPV-critica-el-rechazo-de-Begona-Carrasco-a-reclamar-a-Mazon-los-nuevos-colegios-para-Castello.mp4\"><\/video><\/figure>\n\n\n\n<p>El portaveu adjunt del Grup Municipal Socialista de l&#8217;Ajuntament de Castell\u00f3, <strong>Jos\u00e9 Luis L\u00f3pez<\/strong>, ha lamentat hui que l&#8217;alcaldessa, <strong>Bego\u00f1a Carrasco<\/strong>, \u201ctorne a posar-se de perfil davant el seu encara cap <strong>Carlos Maz\u00f3n<\/strong> i es negue a reclamar-li les inversions necess\u00e0ries per a construir nous col\u00b7legis a la ciutat de Castell\u00f3\u201d. El Partit Popular i Vox han decidit votar en contra de la moci\u00f3, presentada pel PSPV i ampliada amb una esmena de Comprom\u00eds, \u201cper a exigir a la Generalitat la realitzaci\u00f3 de les infraestructures educatives necess\u00e0ries a la ciutat\u201d.<\/p>\n\n\n\n<p>La proposta socialista incidia en les reformes parcials dels col\u00b7legis Soler i Godes i Jaume I, activar el projecte d&#8217;obra de la IES Cr\u00e8mor durant l&#8217;any 2025 i reclamar un calendari d&#8217;actuacions per a millorar les infraestructures educatives de la ciutat de tots els nivells, prioritzant les actuacions aprovades per unanimitat pel Consell Escolar Municipal de mar\u00e7 de 2023, com els nous col\u00b7legis Bisbe Climent, Sant Agust\u00ed, Antonio Armelles, Cervantes o a Carles Selma.<\/p>\n\n\n\n<p>En el debat plenari, Jos\u00e9 Luis L\u00f3pez ha recordat el treball desenvolupat durant els governs de progr\u00e9s de l\u2019Acord de Fadrell i el Bot\u00e0nic, \u201cperqu\u00e8 invertir en educaci\u00f3 p\u00fablica \u00e9s invertir en igualtat per a tots\u201d. Enfront d&#8217;aix\u00f2, \u201cja veiem que per al govern del PP aix\u00f2 no \u00e9s una prioritat, fins al punt que han eliminat de manera fulminant el Pla Edificant\u201d.<\/p>\n\n\n\n<p>Tal com ha destacat el portaveu adjunt socialista, \u201cen any i mig de govern del PP a Castell\u00f3 i la Generalitat \u201cno s&#8217;ha aconseguit cap inversi\u00f3 nova per a infraestructures educatives\u201d, per la qual cosa li ha demanat a Carrasco i la seua regidora d&#8217;Educaci\u00f3, <strong>Mar\u00eda Espa\u00f1a<\/strong>, \u201cque es posen a treballar i reclamen a Maz\u00f3n, o al qual li esperem que substitu\u00efsca a curt termini\u201d.<\/p>\n\n\n\n<p><strong>Viol\u00e8ncia masclista<\/strong><br>D&#8217;altra banda, PSPV, Comprom\u00eds i PP han aprovat una moci\u00f3 conjunta, amb el vot en contra de Vox, que permetr\u00e0 a l&#8217;Ajuntament de Castell\u00f3 a partir d&#8217;ara, en els plens ordinaris que se celebren cada mes de novembre, donar lectura del nom de les dones, xiquets i xiquetes. L&#8217;objectiu, visibilitzar la viol\u00e8ncia masclista.<\/p>\n\n\n\n<p>La regidora socialista <strong>M\u00f3nica Barab\u00e1s<\/strong>, encarregada de defensar la proposta, ha recordat que la idea inicial era realitzar la lectura en cada ple, \u201cencara que a fi d&#8217;aconseguir un major consens hem hagut d&#8217;acceptar la versi\u00f3 m\u00e9s \u2018light\u2019 que volia l&#8217;alcaldessa\u201d. Per a Barab\u00e1s, \u201cproposta primera de llegir el nom de totes les v\u00edctimes ple despr\u00e9s de ple no seria pesat, com han arribat a dir des de l&#8217;equip de govern, sin\u00f3 un recordatori de com els homes han posat fi a les vides de les dones, i a vegades amb al vida dels seus fills i filles, de manera salvatge\u201d. Malgrat aix\u00f2, confia l&#8217;edil socialista que aquest \u201csiga un primer pas perqu\u00e8 l&#8217;alcaldessa deixe de blanquejar a Vox\u201d.<\/p>\n\n\n\n<p><strong>Pla de mobilitat<\/strong><br>Pel que respecta a la pr\u00f2rroga del Pla de Mobilitat Urbana Sostenible, aprovada pel govern municipal amb l&#8217;abstenci\u00f3 del PSPV, el regidor socialista <strong>Jorge Ribes<\/strong> ha explicat que \u201cno votarem en contra d&#8217;un pla que vam posar en marxa amb els anteriors governs de progr\u00e9s, per\u00f2 \u00e9s lamentable que el binomi PP VOX porten al capdavant del Govern Municipal 15 mesos amb un Pla de Mobilitat que sabien que anava a caducar, i els ha caducat, igual que porten 15 mesos amb una Ordenan\u00e7a de Mobilitat, ja redactada des de la legislatura passada, que encara no han sigut capaces de portar a ple\u201d.<\/p>\n\n\n\n<p>Ribes, qui ha recordat que, literalment, \u201cl&#8217;\u00fanica iniciativa pol\u00edtica en mat\u00e8ria de Mobilitat ha sigut suprimir el bo de transport p\u00fablic gratu\u00eft per a joves\u201d, ha destacat que amb aquesta pr\u00f2rroga \u201ces reflecteix la incongru\u00e8ncia del PP i Vox, que reiteradament han criticat el contingut del Pla per\u00f2 que ara, davant la falta de treball, i molt probablement sense si m\u00e9s no haver-li-ho llegit, prorrogaran un document que, quina ironia, defensa la conversi\u00f3 en zona de vianants de l&#8217;avinguda Lled\u00f3, eixa actuaci\u00f3 contra la qual es manifestaven fa uns mesos\u201d.<\/p>\n\n\n\n<p>Jorge Ribes ha defensat en tot moment la rellev\u00e0ncia del Pla de Mobilitat Urbana Sostenible que va aprovar el govern anterior liderat pel PSPV, \u201cpla que ha servit de base durant dues legislatures per a avan\u00e7ar en carrils bici, per a apostar pels espais per als vianants i per a insistir en la promoci\u00f3 del transport p\u00fablic a la nostra ciutat\u201d.<br><br><strong>Declaraci\u00f3 institucional pel Dia Internacional de la Salut Mental<\/strong><br>D&#8217;altra banda, el ple ha aprovat de manera un\u00e0nime la Declaraci\u00f3 Institucional presentada pel grup Socialista pel Dia Internacional de la Salut Mental. Un acord que suposa un \u201ccomprom\u00eds de l&#8217;ajuntament amb la salut mental\u201d i la necessitat de fer passos per a millorar l&#8217;atenci\u00f3.<\/p>\n\n\n\n<p>Aix\u00ed, d&#8217;una banda se sol\u00b7licita a la Conselleria de Sanitat que augmente de manera progressiva les plantilles de les Unitats de Salut Mental fins a aconseguir unes r\u00e0tios adequades. A aix\u00f2 s&#8217;uneix reclamar a la Generalitat els recursos, dispositius i programes necessaris per a l&#8217;atenci\u00f3 al trastorn mental greu, refor\u00e7ant la col\u00b7laboraci\u00f3 amb el tercer sector.<\/p>\n\n\n\n<p>En aquesta l\u00ednia, s&#8217;exigeix a la Generalitat una bona atenci\u00f3 per al Trastorn Mental Com\u00fa, impulsant la incorporaci\u00f3 de psic\u00f2legs cl\u00ednics en tots els Centres de Salut del municipi de Castell\u00f3, a m\u00e9s de demandar a l&#8217;administraci\u00f3 auton\u00f2mica programes preventius a les aules, ensenyant habilitats d&#8217;afrontament, de gesti\u00f3 de les emocions, d&#8217;autoacceptaci\u00f3 i dissenyant itineraris d&#8217;educaci\u00f3 emocional adequats.<\/p>\n","protected":false},"excerpt":{"rendered":"<p>El portaveu adjunt del Grup Municipal Socialista de l&#8217;Ajuntament de Castell\u00f3, Jos\u00e9 Luis L\u00f3pez, ha lamentat hui que l&#8217;alcaldessa, Bego\u00f1a Carrasco, \u201ctorne a posar-se de perfil davant el seu encara cap Carlos Maz\u00f3n i es negue a reclamar-li les inversions necess\u00e0ries per a construir nous col\u00b7legis a la ciutat de Castell\u00f3\u201d. El Partit Popular i &#8230;<\/p>\n","protected":false},"author":48,"featured_media":6753,"comment_status":"open","ping_status":"open","sticky":false,"template":"","format":"standard","meta":{"_jetpack_memberships_contains_paid_content":false,"footnotes":"","jetpack_publicize_message":"","jetpack_publicize_feature_enabled":true,"jetpack_social_post_already_shared":false,"jetpack_social_options":{"image_generator_settings":{"template":"highway","default_image_id":0,"font":"","enabled":false},"version":2}},"categories":[22],"tags":[93,87,109,446],"class_list":["post-6760","post","type-post","status-publish","format-standard","has-post-thumbnail","hentry","category-gms-va","tag-jorge-ribes-va","tag-jose-luis-lopez-va","tag-monica-barabas-va","tag-todos-va"],"yoast_head":"<!-- This site is optimized with the Yoast SEO plugin v24.0 - https:\/\/yoast.com\/wordpress\/plugins\/seo\/ -->\n<title>El PSPV critica el rebuig de Bego\u00f1a Carrasco a reclamar a Maz\u00f3n els nous col\u00b7legis per a Castell\u00f3 arreplegats en el Pla Edificant que van impulsar l\u2019Acord de Fadrell i el Bot\u00e0nic - PSPV-PSOE CASTELL\u00d3<\/title>\n<meta name=\"robots\" content=\"index, follow, max-snippet:-1, max-image-preview:large, max-video-preview:-1\" \/>\n<link rel=\"canonical\" href=\"https:\/\/agrupacionespsoe.es\/castello\/va\/el-pspv-critica-el-rebuig-de-begona-carrasco-a-reclamar-a-mazon-els-nous-col\u00b7legis-per-a-castello-arreplegats-en-el-pla-edificant-que-van-impulsar-lacord-de-fadrell-i-el-botanic\/\" \/>\n<meta property=\"og:locale\" content=\"es_ES\" \/>\n<meta property=\"og:type\" content=\"article\" \/>\n<meta property=\"og:title\" content=\"El PSPV critica el rebuig de Bego\u00f1a Carrasco a reclamar a Maz\u00f3n els nous col\u00b7legis per a Castell\u00f3 arreplegats en el Pla Edificant que van impulsar l\u2019Acord de Fadrell i el Bot\u00e0nic - PSPV-PSOE CASTELL\u00d3\" \/>\n<meta property=\"og:description\" content=\"El portaveu adjunt del Grup Municipal Socialista de l&#8217;Ajuntament de Castell\u00f3, Jos\u00e9 Luis L\u00f3pez, ha lamentat hui que l&#8217;alcaldessa, Bego\u00f1a Carrasco, \u201ctorne a posar-se de perfil davant el seu encara cap Carlos Maz\u00f3n i es negue a reclamar-li les inversions necess\u00e0ries per a construir nous col\u00b7legis a la ciutat de Castell\u00f3\u201d. El Partit Popular i ...\" \/>\n<meta property=\"og:url\" content=\"https:\/\/agrupacionespsoe.es\/castello\/va\/el-pspv-critica-el-rebuig-de-begona-carrasco-a-reclamar-a-mazon-els-nous-col\u00b7legis-per-a-castello-arreplegats-en-el-pla-edificant-que-van-impulsar-lacord-de-fadrell-i-el-botanic\/\" \/>\n<meta property=\"og:site_name\" content=\"PSPV-PSOE CASTELL\u00d3\" \/>\n<meta property=\"article:publisher\" content=\"https:\/\/www.facebook.com\/pspv.castellodelaplana\" \/>\n<meta property=\"article:published_time\" content=\"2024-11-28T23:40:11+00:00\" \/>\n<meta property=\"article:modified_time\" content=\"2024-11-28T23:40:12+00:00\" \/>\n<meta property=\"og:image\" content=\"https:\/\/agrupacionespsoe.es\/castello\/wp-content\/uploads\/sites\/45\/2024\/11\/20241128-El-PSPV-critica-el-rechazo-de-Begona-Carrasco-a-reclamar-a-Mazon-los-nuevos-colegios-para-Castello.jpg\" \/>\n\t<meta property=\"og:image:width\" content=\"2016\" \/>\n\t<meta property=\"og:image:height\" content=\"1512\" \/>\n\t<meta property=\"og:image:type\" content=\"image\/jpeg\" \/>\n<meta name=\"author\" content=\"castello1\" \/>\n<meta name=\"twitter:card\" content=\"summary_large_image\" \/>\n<meta name=\"twitter:creator\" content=\"@pspv_cs\" \/>\n<meta name=\"twitter:site\" content=\"@pspv_cs\" \/>\n<meta name=\"twitter:label1\" content=\"Escrito por\" \/>\n\t<meta name=\"twitter:data1\" content=\"castello1\" \/>\n\t<meta name=\"twitter:label2\" content=\"Tiempo de lectura\" \/>\n\t<meta name=\"twitter:data2\" content=\"5 minutos\" \/>\n<script type=\"application\/ld+json\" class=\"yoast-schema-graph\">{\"@context\":\"https:\/\/schema.org\",\"@graph\":[{\"@type\":\"Article\",\"@id\":\"https:\/\/agrupacionespsoe.es\/castello\/va\/el-pspv-critica-el-rebuig-de-begona-carrasco-a-reclamar-a-mazon-els-nous-col%c2%b7legis-per-a-castello-arreplegats-en-el-pla-edificant-que-van-impulsar-lacord-de-fadrell-i-el-botanic\/#article\",\"isPartOf\":{\"@id\":\"https:\/\/agrupacionespsoe.es\/castello\/va\/el-pspv-critica-el-rebuig-de-begona-carrasco-a-reclamar-a-mazon-els-nous-col%c2%b7legis-per-a-castello-arreplegats-en-el-pla-edificant-que-van-impulsar-lacord-de-fadrell-i-el-botanic\/\"},\"author\":{\"name\":\"castello1\",\"@id\":\"https:\/\/agrupacionespsoe.es\/castello\/#\/schema\/person\/f3bc5b2f9dc6a399e9e98596ae24a20a\"},\"headline\":\"El PSPV critica el rebuig de Bego\u00f1a Carrasco a reclamar a Maz\u00f3n els nous col\u00b7legis per a Castell\u00f3 arreplegats en el Pla Edificant que van impulsar l\u2019Acord de Fadrell i el Bot\u00e0nic\",\"datePublished\":\"2024-11-28T23:40:11+00:00\",\"dateModified\":\"2024-11-28T23:40:12+00:00\",\"mainEntityOfPage\":{\"@id\":\"https:\/\/agrupacionespsoe.es\/castello\/va\/el-pspv-critica-el-rebuig-de-begona-carrasco-a-reclamar-a-mazon-els-nous-col%c2%b7legis-per-a-castello-arreplegats-en-el-pla-edificant-que-van-impulsar-lacord-de-fadrell-i-el-botanic\/\"},\"wordCount\":1058,\"commentCount\":0,\"publisher\":{\"@id\":\"https:\/\/agrupacionespsoe.es\/castello\/#organization\"},\"image\":{\"@id\":\"https:\/\/agrupacionespsoe.es\/castello\/va\/el-pspv-critica-el-rebuig-de-begona-carrasco-a-reclamar-a-mazon-els-nous-col%c2%b7legis-per-a-castello-arreplegats-en-el-pla-edificant-que-van-impulsar-lacord-de-fadrell-i-el-botanic\/#primaryimage\"},\"thumbnailUrl\":\"https:\/\/agrupacionespsoe.es\/castello\/wp-content\/uploads\/sites\/45\/2024\/11\/20241128-El-PSPV-critica-el-rechazo-de-Begona-Carrasco-a-reclamar-a-Mazon-los-nuevos-colegios-para-Castello.jpg\",\"keywords\":[\"Jorge Ribes\",\"Jos\u00e9 Luis L\u00f3pez\",\"M\u00f3nica Barab\u00e1s\",\"Todos\"],\"articleSection\":[\"Grup Municipal Socialista\"],\"inLanguage\":\"es\",\"potentialAction\":[{\"@type\":\"CommentAction\",\"name\":\"Comment\",\"target\":[\"https:\/\/agrupacionespsoe.es\/castello\/va\/el-pspv-critica-el-rebuig-de-begona-carrasco-a-reclamar-a-mazon-els-nous-col%c2%b7legis-per-a-castello-arreplegats-en-el-pla-edificant-que-van-impulsar-lacord-de-fadrell-i-el-botanic\/#respond\"]}]},{\"@type\":\"WebPage\",\"@id\":\"https:\/\/agrupacionespsoe.es\/castello\/va\/el-pspv-critica-el-rebuig-de-begona-carrasco-a-reclamar-a-mazon-els-nous-col%c2%b7legis-per-a-castello-arreplegats-en-el-pla-edificant-que-van-impulsar-lacord-de-fadrell-i-el-botanic\/\",\"url\":\"https:\/\/agrupacionespsoe.es\/castello\/va\/el-pspv-critica-el-rebuig-de-begona-carrasco-a-reclamar-a-mazon-els-nous-col%c2%b7legis-per-a-castello-arreplegats-en-el-pla-edificant-que-van-impulsar-lacord-de-fadrell-i-el-botanic\/\",\"name\":\"El PSPV critica el rebuig de Bego\u00f1a Carrasco a reclamar a Maz\u00f3n els nous col\u00b7legis per a Castell\u00f3 arreplegats en el Pla Edificant que van impulsar l\u2019Acord de Fadrell i el Bot\u00e0nic - PSPV-PSOE CASTELL\u00d3\",\"isPartOf\":{\"@id\":\"https:\/\/agrupacionespsoe.es\/castello\/#website\"},\"primaryImageOfPage\":{\"@id\":\"https:\/\/agrupacionespsoe.es\/castello\/va\/el-pspv-critica-el-rebuig-de-begona-carrasco-a-reclamar-a-mazon-els-nous-col%c2%b7legis-per-a-castello-arreplegats-en-el-pla-edificant-que-van-impulsar-lacord-de-fadrell-i-el-botanic\/#primaryimage\"},\"image\":{\"@id\":\"https:\/\/agrupacionespsoe.es\/castello\/va\/el-pspv-critica-el-rebuig-de-begona-carrasco-a-reclamar-a-mazon-els-nous-col%c2%b7legis-per-a-castello-arreplegats-en-el-pla-edificant-que-van-impulsar-lacord-de-fadrell-i-el-botanic\/#primaryimage\"},\"thumbnailUrl\":\"https:\/\/agrupacionespsoe.es\/castello\/wp-content\/uploads\/sites\/45\/2024\/11\/20241128-El-PSPV-critica-el-rechazo-de-Begona-Carrasco-a-reclamar-a-Mazon-los-nuevos-colegios-para-Castello.jpg\",\"datePublished\":\"2024-11-28T23:40:11+00:00\",\"dateModified\":\"2024-11-28T23:40:12+00:00\",\"breadcrumb\":{\"@id\":\"https:\/\/agrupacionespsoe.es\/castello\/va\/el-pspv-critica-el-rebuig-de-begona-carrasco-a-reclamar-a-mazon-els-nous-col%c2%b7legis-per-a-castello-arreplegats-en-el-pla-edificant-que-van-impulsar-lacord-de-fadrell-i-el-botanic\/#breadcrumb\"},\"inLanguage\":\"es\",\"potentialAction\":[{\"@type\":\"ReadAction\",\"target\":[\"https:\/\/agrupacionespsoe.es\/castello\/va\/el-pspv-critica-el-rebuig-de-begona-carrasco-a-reclamar-a-mazon-els-nous-col%c2%b7legis-per-a-castello-arreplegats-en-el-pla-edificant-que-van-impulsar-lacord-de-fadrell-i-el-botanic\/\"]}]},{\"@type\":\"ImageObject\",\"inLanguage\":\"es\",\"@id\":\"https:\/\/agrupacionespsoe.es\/castello\/va\/el-pspv-critica-el-rebuig-de-begona-carrasco-a-reclamar-a-mazon-els-nous-col%c2%b7legis-per-a-castello-arreplegats-en-el-pla-edificant-que-van-impulsar-lacord-de-fadrell-i-el-botanic\/#primaryimage\",\"url\":\"https:\/\/agrupacionespsoe.es\/castello\/wp-content\/uploads\/sites\/45\/2024\/11\/20241128-El-PSPV-critica-el-rechazo-de-Begona-Carrasco-a-reclamar-a-Mazon-los-nuevos-colegios-para-Castello.jpg\",\"contentUrl\":\"https:\/\/agrupacionespsoe.es\/castello\/wp-content\/uploads\/sites\/45\/2024\/11\/20241128-El-PSPV-critica-el-rechazo-de-Begona-Carrasco-a-reclamar-a-Mazon-los-nuevos-colegios-para-Castello.jpg\",\"width\":2016,\"height\":1512},{\"@type\":\"BreadcrumbList\",\"@id\":\"https:\/\/agrupacionespsoe.es\/castello\/va\/el-pspv-critica-el-rebuig-de-begona-carrasco-a-reclamar-a-mazon-els-nous-col%c2%b7legis-per-a-castello-arreplegats-en-el-pla-edificant-que-van-impulsar-lacord-de-fadrell-i-el-botanic\/#breadcrumb\",\"itemListElement\":[{\"@type\":\"ListItem\",\"position\":1,\"name\":\"Portada\",\"item\":\"https:\/\/agrupacionespsoe.es\/castello\/\"},{\"@type\":\"ListItem\",\"position\":2,\"name\":\"El PSPV critica el rebuig de Bego\u00f1a Carrasco a reclamar a Maz\u00f3n els nous col\u00b7legis per a Castell\u00f3 arreplegats en el Pla Edificant que van impulsar l\u2019Acord de Fadrell i el Bot\u00e0nic\"}]},{\"@type\":\"WebSite\",\"@id\":\"https:\/\/agrupacionespsoe.es\/castello\/#website\",\"url\":\"https:\/\/agrupacionespsoe.es\/castello\/\",\"name\":\"PSPV-PSOE CASTELL\u00d3\",\"description\":\"PSPV-PSOE | Agrupaci\u00f3 de Castell\u00f3\",\"publisher\":{\"@id\":\"https:\/\/agrupacionespsoe.es\/castello\/#organization\"},\"potentialAction\":[{\"@type\":\"SearchAction\",\"target\":{\"@type\":\"EntryPoint\",\"urlTemplate\":\"https:\/\/agrupacionespsoe.es\/castello\/?s={search_term_string}\"},\"query-input\":{\"@type\":\"PropertyValueSpecification\",\"valueRequired\":true,\"valueName\":\"search_term_string\"}}],\"inLanguage\":\"es\"},{\"@type\":\"Organization\",\"@id\":\"https:\/\/agrupacionespsoe.es\/castello\/#organization\",\"name\":\"PSPV-PSOE Castell\u00f3\",\"url\":\"https:\/\/agrupacionespsoe.es\/castello\/\",\"logo\":{\"@type\":\"ImageObject\",\"inLanguage\":\"es\",\"@id\":\"https:\/\/agrupacionespsoe.es\/castello\/#\/schema\/logo\/image\/\",\"url\":\"https:\/\/agrupacionespsoe.es\/castello\/wp-content\/uploads\/sites\/45\/2023\/04\/PORTADA-PSOE-CASTELLO.jpg\",\"contentUrl\":\"https:\/\/agrupacionespsoe.es\/castello\/wp-content\/uploads\/sites\/45\/2023\/04\/PORTADA-PSOE-CASTELLO.jpg\",\"width\":2500,\"height\":2500,\"caption\":\"PSPV-PSOE Castell\u00f3\"},\"image\":{\"@id\":\"https:\/\/agrupacionespsoe.es\/castello\/#\/schema\/logo\/image\/\"},\"sameAs\":[\"https:\/\/www.facebook.com\/pspv.castellodelaplana\",\"https:\/\/x.com\/pspv_cs\",\"https:\/\/www.instagram.com\/pspvpsoecastello\/\"]},{\"@type\":\"Person\",\"@id\":\"https:\/\/agrupacionespsoe.es\/castello\/#\/schema\/person\/f3bc5b2f9dc6a399e9e98596ae24a20a\",\"name\":\"castello1\",\"image\":{\"@type\":\"ImageObject\",\"inLanguage\":\"es\",\"@id\":\"https:\/\/agrupacionespsoe.es\/castello\/#\/schema\/person\/image\/\",\"url\":\"https:\/\/secure.gravatar.com\/avatar\/5f1da428d6479d1127419c0b58796865?s=96&d=mm&r=g\",\"contentUrl\":\"https:\/\/secure.gravatar.com\/avatar\/5f1da428d6479d1127419c0b58796865?s=96&d=mm&r=g\",\"caption\":\"castello1\"},\"url\":\"https:\/\/agrupacionespsoe.es\/castello\/author\/castello1\/\"}]}<\/script>\n<!-- \/ Yoast SEO plugin. -->","yoast_head_json":{"title":"El PSPV critica el rebuig de Bego\u00f1a Carrasco a reclamar a Maz\u00f3n els nous col\u00b7legis per a Castell\u00f3 arreplegats en el Pla Edificant que van impulsar l\u2019Acord de Fadrell i el Bot\u00e0nic - PSPV-PSOE CASTELL\u00d3","robots":{"index":"index","follow":"follow","max-snippet":"max-snippet:-1","max-image-preview":"max-image-preview:large","max-video-preview":"max-video-preview:-1"},"canonical":"https:\/\/agrupacionespsoe.es\/castello\/va\/el-pspv-critica-el-rebuig-de-begona-carrasco-a-reclamar-a-mazon-els-nous-col\u00b7legis-per-a-castello-arreplegats-en-el-pla-edificant-que-van-impulsar-lacord-de-fadrell-i-el-botanic\/","og_locale":"es_ES","og_type":"article","og_title":"El PSPV critica el rebuig de Bego\u00f1a Carrasco a reclamar a Maz\u00f3n els nous col\u00b7legis per a Castell\u00f3 arreplegats en el Pla Edificant que van impulsar l\u2019Acord de Fadrell i el Bot\u00e0nic - PSPV-PSOE CASTELL\u00d3","og_description":"El portaveu adjunt del Grup Municipal Socialista de l&#8217;Ajuntament de Castell\u00f3, Jos\u00e9 Luis L\u00f3pez, ha lamentat hui que l&#8217;alcaldessa, Bego\u00f1a Carrasco, \u201ctorne a posar-se de perfil davant el seu encara cap Carlos Maz\u00f3n i es negue a reclamar-li les inversions necess\u00e0ries per a construir nous col\u00b7legis a la ciutat de Castell\u00f3\u201d. El Partit Popular i ...","og_url":"https:\/\/agrupacionespsoe.es\/castello\/va\/el-pspv-critica-el-rebuig-de-begona-carrasco-a-reclamar-a-mazon-els-nous-col\u00b7legis-per-a-castello-arreplegats-en-el-pla-edificant-que-van-impulsar-lacord-de-fadrell-i-el-botanic\/","og_site_name":"PSPV-PSOE CASTELL\u00d3","article_publisher":"https:\/\/www.facebook.com\/pspv.castellodelaplana","article_published_time":"2024-11-28T23:40:11+00:00","article_modified_time":"2024-11-28T23:40:12+00:00","og_image":[{"width":2016,"height":1512,"url":"https:\/\/agrupacionespsoe.es\/castello\/wp-content\/uploads\/sites\/45\/2024\/11\/20241128-El-PSPV-critica-el-rechazo-de-Begona-Carrasco-a-reclamar-a-Mazon-los-nuevos-colegios-para-Castello.jpg","type":"image\/jpeg"}],"author":"castello1","twitter_card":"summary_large_image","twitter_creator":"@pspv_cs","twitter_site":"@pspv_cs","twitter_misc":{"Escrito por":"castello1","Tiempo de lectura":"5 minutos"},"schema":{"@context":"https:\/\/schema.org","@graph":[{"@type":"Article","@id":"https:\/\/agrupacionespsoe.es\/castello\/va\/el-pspv-critica-el-rebuig-de-begona-carrasco-a-reclamar-a-mazon-els-nous-col%c2%b7legis-per-a-castello-arreplegats-en-el-pla-edificant-que-van-impulsar-lacord-de-fadrell-i-el-botanic\/#article","isPartOf":{"@id":"https:\/\/agrupacionespsoe.es\/castello\/va\/el-pspv-critica-el-rebuig-de-begona-carrasco-a-reclamar-a-mazon-els-nous-col%c2%b7legis-per-a-castello-arreplegats-en-el-pla-edificant-que-van-impulsar-lacord-de-fadrell-i-el-botanic\/"},"author":{"name":"castello1","@id":"https:\/\/agrupacionespsoe.es\/castello\/#\/schema\/person\/f3bc5b2f9dc6a399e9e98596ae24a20a"},"headline":"El PSPV critica el rebuig de Bego\u00f1a Carrasco a reclamar a Maz\u00f3n els nous col\u00b7legis per a Castell\u00f3 arreplegats en el Pla Edificant que van impulsar l\u2019Acord de Fadrell i el Bot\u00e0nic","datePublished":"2024-11-28T23:40:11+00:00","dateModified":"2024-11-28T23:40:12+00:00","mainEntityOfPage":{"@id":"https:\/\/agrupacionespsoe.es\/castello\/va\/el-pspv-critica-el-rebuig-de-begona-carrasco-a-reclamar-a-mazon-els-nous-col%c2%b7legis-per-a-castello-arreplegats-en-el-pla-edificant-que-van-impulsar-lacord-de-fadrell-i-el-botanic\/"},"wordCount":1058,"commentCount":0,"publisher":{"@id":"https:\/\/agrupacionespsoe.es\/castello\/#organization"},"image":{"@id":"https:\/\/agrupacionespsoe.es\/castello\/va\/el-pspv-critica-el-rebuig-de-begona-carrasco-a-reclamar-a-mazon-els-nous-col%c2%b7legis-per-a-castello-arreplegats-en-el-pla-edificant-que-van-impulsar-lacord-de-fadrell-i-el-botanic\/#primaryimage"},"thumbnailUrl":"https:\/\/agrupacionespsoe.es\/castello\/wp-content\/uploads\/sites\/45\/2024\/11\/20241128-El-PSPV-critica-el-rechazo-de-Begona-Carrasco-a-reclamar-a-Mazon-los-nuevos-colegios-para-Castello.jpg","keywords":["Jorge Ribes","Jos\u00e9 Luis L\u00f3pez","M\u00f3nica Barab\u00e1s","Todos"],"articleSection":["Grup Municipal Socialista"],"inLanguage":"es","potentialAction":[{"@type":"CommentAction","name":"Comment","target":["https:\/\/agrupacionespsoe.es\/castello\/va\/el-pspv-critica-el-rebuig-de-begona-carrasco-a-reclamar-a-mazon-els-nous-col%c2%b7legis-per-a-castello-arreplegats-en-el-pla-edificant-que-van-impulsar-lacord-de-fadrell-i-el-botanic\/#respond"]}]},{"@type":"WebPage","@id":"https:\/\/agrupacionespsoe.es\/castello\/va\/el-pspv-critica-el-rebuig-de-begona-carrasco-a-reclamar-a-mazon-els-nous-col%c2%b7legis-per-a-castello-arreplegats-en-el-pla-edificant-que-van-impulsar-lacord-de-fadrell-i-el-botanic\/","url":"https:\/\/agrupacionespsoe.es\/castello\/va\/el-pspv-critica-el-rebuig-de-begona-carrasco-a-reclamar-a-mazon-els-nous-col%c2%b7legis-per-a-castello-arreplegats-en-el-pla-edificant-que-van-impulsar-lacord-de-fadrell-i-el-botanic\/","name":"El PSPV critica el rebuig de Bego\u00f1a Carrasco a reclamar a Maz\u00f3n els nous col\u00b7legis per a Castell\u00f3 arreplegats en el Pla Edificant que van impulsar l\u2019Acord de Fadrell i el Bot\u00e0nic - PSPV-PSOE CASTELL\u00d3","isPartOf":{"@id":"https:\/\/agrupacionespsoe.es\/castello\/#website"},"primaryImageOfPage":{"@id":"https:\/\/agrupacionespsoe.es\/castello\/va\/el-pspv-critica-el-rebuig-de-begona-carrasco-a-reclamar-a-mazon-els-nous-col%c2%b7legis-per-a-castello-arreplegats-en-el-pla-edificant-que-van-impulsar-lacord-de-fadrell-i-el-botanic\/#primaryimage"},"image":{"@id":"https:\/\/agrupacionespsoe.es\/castello\/va\/el-pspv-critica-el-rebuig-de-begona-carrasco-a-reclamar-a-mazon-els-nous-col%c2%b7legis-per-a-castello-arreplegats-en-el-pla-edificant-que-van-impulsar-lacord-de-fadrell-i-el-botanic\/#primaryimage"},"thumbnailUrl":"https:\/\/agrupacionespsoe.es\/castello\/wp-content\/uploads\/sites\/45\/2024\/11\/20241128-El-PSPV-critica-el-rechazo-de-Begona-Carrasco-a-reclamar-a-Mazon-los-nuevos-colegios-para-Castello.jpg","datePublished":"2024-11-28T23:40:11+00:00","dateModified":"2024-11-28T23:40:12+00:00","breadcrumb":{"@id":"https:\/\/agrupacionespsoe.es\/castello\/va\/el-pspv-critica-el-rebuig-de-begona-carrasco-a-reclamar-a-mazon-els-nous-col%c2%b7legis-per-a-castello-arreplegats-en-el-pla-edificant-que-van-impulsar-lacord-de-fadrell-i-el-botanic\/#breadcrumb"},"inLanguage":"es","potentialAction":[{"@type":"ReadAction","target":["https:\/\/agrupacionespsoe.es\/castello\/va\/el-pspv-critica-el-rebuig-de-begona-carrasco-a-reclamar-a-mazon-els-nous-col%c2%b7legis-per-a-castello-arreplegats-en-el-pla-edificant-que-van-impulsar-lacord-de-fadrell-i-el-botanic\/"]}]},{"@type":"ImageObject","inLanguage":"es","@id":"https:\/\/agrupacionespsoe.es\/castello\/va\/el-pspv-critica-el-rebuig-de-begona-carrasco-a-reclamar-a-mazon-els-nous-col%c2%b7legis-per-a-castello-arreplegats-en-el-pla-edificant-que-van-impulsar-lacord-de-fadrell-i-el-botanic\/#primaryimage","url":"https:\/\/agrupacionespsoe.es\/castello\/wp-content\/uploads\/sites\/45\/2024\/11\/20241128-El-PSPV-critica-el-rechazo-de-Begona-Carrasco-a-reclamar-a-Mazon-los-nuevos-colegios-para-Castello.jpg","contentUrl":"https:\/\/agrupacionespsoe.es\/castello\/wp-content\/uploads\/sites\/45\/2024\/11\/20241128-El-PSPV-critica-el-rechazo-de-Begona-Carrasco-a-reclamar-a-Mazon-los-nuevos-colegios-para-Castello.jpg","width":2016,"height":1512},{"@type":"BreadcrumbList","@id":"https:\/\/agrupacionespsoe.es\/castello\/va\/el-pspv-critica-el-rebuig-de-begona-carrasco-a-reclamar-a-mazon-els-nous-col%c2%b7legis-per-a-castello-arreplegats-en-el-pla-edificant-que-van-impulsar-lacord-de-fadrell-i-el-botanic\/#breadcrumb","itemListElement":[{"@type":"ListItem","position":1,"name":"Portada","item":"https:\/\/agrupacionespsoe.es\/castello\/"},{"@type":"ListItem","position":2,"name":"El PSPV critica el rebuig de Bego\u00f1a Carrasco a reclamar a Maz\u00f3n els nous col\u00b7legis per a Castell\u00f3 arreplegats en el Pla Edificant que van impulsar l\u2019Acord de Fadrell i el Bot\u00e0nic"}]},{"@type":"WebSite","@id":"https:\/\/agrupacionespsoe.es\/castello\/#website","url":"https:\/\/agrupacionespsoe.es\/castello\/","name":"PSPV-PSOE CASTELL\u00d3","description":"PSPV-PSOE | Agrupaci\u00f3 de Castell\u00f3","publisher":{"@id":"https:\/\/agrupacionespsoe.es\/castello\/#organization"},"potentialAction":[{"@type":"SearchAction","target":{"@type":"EntryPoint","urlTemplate":"https:\/\/agrupacionespsoe.es\/castello\/?s={search_term_string}"},"query-input":{"@type":"PropertyValueSpecification","valueRequired":true,"valueName":"search_term_string"}}],"inLanguage":"es"},{"@type":"Organization","@id":"https:\/\/agrupacionespsoe.es\/castello\/#organization","name":"PSPV-PSOE Castell\u00f3","url":"https:\/\/agrupacionespsoe.es\/castello\/","logo":{"@type":"ImageObject","inLanguage":"es","@id":"https:\/\/agrupacionespsoe.es\/castello\/#\/schema\/logo\/image\/","url":"https:\/\/agrupacionespsoe.es\/castello\/wp-content\/uploads\/sites\/45\/2023\/04\/PORTADA-PSOE-CASTELLO.jpg","contentUrl":"https:\/\/agrupacionespsoe.es\/castello\/wp-content\/uploads\/sites\/45\/2023\/04\/PORTADA-PSOE-CASTELLO.jpg","width":2500,"height":2500,"caption":"PSPV-PSOE Castell\u00f3"},"image":{"@id":"https:\/\/agrupacionespsoe.es\/castello\/#\/schema\/logo\/image\/"},"sameAs":["https:\/\/www.facebook.com\/pspv.castellodelaplana","https:\/\/x.com\/pspv_cs","https:\/\/www.instagram.com\/pspvpsoecastello\/"]},{"@type":"Person","@id":"https:\/\/agrupacionespsoe.es\/castello\/#\/schema\/person\/f3bc5b2f9dc6a399e9e98596ae24a20a","name":"castello1","image":{"@type":"ImageObject","inLanguage":"es","@id":"https:\/\/agrupacionespsoe.es\/castello\/#\/schema\/person\/image\/","url":"https:\/\/secure.gravatar.com\/avatar\/5f1da428d6479d1127419c0b58796865?s=96&d=mm&r=g","contentUrl":"https:\/\/secure.gravatar.com\/avatar\/5f1da428d6479d1127419c0b58796865?s=96&d=mm&r=g","caption":"castello1"},"url":"https:\/\/agrupacionespsoe.es\/castello\/author\/castello1\/"}]}},"jetpack_publicize_connections":[],"jetpack_featured_media_url":"https:\/\/agrupacionespsoe.es\/castello\/wp-content\/uploads\/sites\/45\/2024\/11\/20241128-El-PSPV-critica-el-rechazo-de-Begona-Carrasco-a-reclamar-a-Mazon-los-nuevos-colegios-para-Castello.jpg","jetpack_sharing_enabled":true,"_links":{"self":[{"href":"https:\/\/agrupacionespsoe.es\/castello\/wp-json\/wp\/v2\/posts\/6760","targetHints":{"allow":["GET"]}}],"collection":[{"href":"https:\/\/agrupacionespsoe.es\/castello\/wp-json\/wp\/v2\/posts"}],"about":[{"href":"https:\/\/agrupacionespsoe.es\/castello\/wp-json\/wp\/v2\/types\/post"}],"author":[{"embeddable":true,"href":"https:\/\/agrupacionespsoe.es\/castello\/wp-json\/wp\/v2\/users\/48"}],"replies":[{"embeddable":true,"href":"https:\/\/agrupacionespsoe.es\/castello\/wp-json\/wp\/v2\/comments?post=6760"}],"version-history":[{"count":1,"href":"https:\/\/agrupacionespsoe.es\/castello\/wp-json\/wp\/v2\/posts\/6760\/revisions"}],"predecessor-version":[{"id":6761,"href":"https:\/\/agrupacionespsoe.es\/castello\/wp-json\/wp\/v2\/posts\/6760\/revisions\/6761"}],"wp:featuredmedia":[{"embeddable":true,"href":"https:\/\/agrupacionespsoe.es\/castello\/wp-json\/wp\/v2\/media\/6753"}],"wp:attachment":[{"href":"https:\/\/agrupacionespsoe.es\/castello\/wp-json\/wp\/v2\/media?parent=6760"}],"wp:term":[{"taxonomy":"category","embeddable":true,"href":"https:\/\/agrupacionespsoe.es\/castello\/wp-json\/wp\/v2\/categories?post=6760"},{"taxonomy":"post_tag","embeddable":true,"href":"https:\/\/agrupacionespsoe.es\/castello\/wp-json\/wp\/v2\/tags?post=6760"}],"curies":[{"name":"wp","href":"https:\/\/api.w.org\/{rel}","templated":true}]}}