{"id":6752,"date":"2024-11-29T00:29:57","date_gmt":"2024-11-28T23:29:57","guid":{"rendered":"https:\/\/agrupacionespsoe.es\/castello\/?p=6752"},"modified":"2024-11-29T00:41:24","modified_gmt":"2024-11-28T23:41:24","slug":"el-pspv-critica-el-rechazo-de-begona-carrasco-a-reclamar-a-mazon-los-nuevos-colegios-para-castello-recogidos-en-el-pla-edificant-que-impulsaron-lacord-de-fadrell-y-el-botanic","status":"publish","type":"post","link":"https:\/\/agrupacionespsoe.es\/castello\/el-pspv-critica-el-rechazo-de-begona-carrasco-a-reclamar-a-mazon-los-nuevos-colegios-para-castello-recogidos-en-el-pla-edificant-que-impulsaron-lacord-de-fadrell-y-el-botanic\/","title":{"rendered":"El PSPV critica el rechazo de Bego\u00f1a Carrasco a reclamar a Maz\u00f3n los nuevos colegios para Castell\u00f3 recogidos en el Pla Edificant que impulsaron l\u2019Acord de Fadrell y el Bot\u00e0nic"},"content":{"rendered":"\n<ul class=\"wp-block-list\">\n<li><em><strong>El Ayuntamiento de Castell\u00f3 aprueba una moci\u00f3n conjunta de PSPV, Comprom\u00eds y PP, con el voto en contra de Vox, para dar lectura en el inicio de cada pleno del mes de noviembre los nombres de las mujeres, ni\u00f1os y ni\u00f1as asesinadas por la violencia machista<\/strong><\/em><\/li>\n\n\n\n<li><em><strong>El pleno ratifica una declaraci\u00f3n institucional, presentada por el Grupo Socialista, para instar a la Generalitat a reclamar los recursos, dispositivos y programas necesarios para la atenci\u00f3n adecuada de los problemas de salud mental<\/strong><\/em><\/li>\n<\/ul>\n\n\n\n<figure class=\"wp-block-video\"><video autoplay controls src=\"https:\/\/agrupacionespsoe.es\/castello\/wp-content\/uploads\/sites\/45\/2024\/11\/20241128-El-PSPV-critica-el-rechazo-de-Begona-Carrasco-a-reclamar-a-Mazon-los-nuevos-colegios-para-Castello.mp4\"><\/video><\/figure>\n\n\n\n<p>El portavoz adjunto del Grupo Municipal Socialista del Ayuntamiento de Castell\u00f3, <strong>Jos\u00e9 Luis L\u00f3pez<\/strong>, ha lamentado hoy que la alcaldesa, <strong>Bego\u00f1a Carrasco<\/strong>, \u201cvuelva a ponerse de perfil ante su todav\u00eda jefe <strong>Carlos Maz\u00f3n<\/strong> y se niegue a reclamarle las inversiones necesarias para construir nuevos colegios en la ciudad de Castell\u00f3\u201d. El Partido Popular y Vox han decidido votar en contra de la moci\u00f3n, presentada por el PSPV y ampliada con una enmienda de Comprom\u00eds, \u201cpara exigir a la Generalitat la realizaci\u00f3n de las infraestructuras educativas necesarias en la ciudad\u201d.<\/p>\n\n\n\n<p>La propuesta socialista incid\u00eda en las reformas parciales de los colegios Soler y Godes y Jaime I, activar el proyecto de obra de la IES Cr\u00e8mor durante el a\u00f1o 2025 y reclamar un calendario de actuaciones para mejorar las infraestructuras educativas de la ciudad de todos los niveles, priorizando las actuaciones aprobadas por unanimidad por el Consejo Escolar Municipal de marzo de 2023, como los nuevos colegios Obispo Climent, San Agust\u00edn, Antonio Armelles, Cervantes o a Carles Selma.<\/p>\n\n\n\n<p>En el debate plenario, Jos\u00e9 Luis L\u00f3pez ha recordado el trabajo desarrollado durante los gobiernos de progreso de l\u2019Acord de Fadrell y el Bot\u00e0nic, \u201cporque invertir en educaci\u00f3n p\u00fablica es invertir en igualdad para todos\u201d. Frente a ello, \u201cya vemos que para el gobierno del PP esto no es una prioridad, hasta el punto de que han eliminado de forma fulminante el Pla Edificant\u201d.<\/p>\n\n\n\n<p>Tal y como ha destacado el portavoz adjunto socialista, \u201cen a\u00f1o y medio de gobierno del PP en Castell\u00f3 y la Generalitat \u201cno se ha conseguido ninguna inversi\u00f3n nueva para infraestructuras educativas\u201d, por lo que le ha pedido a Carrasco y su concejala de Educaci\u00f3n, <strong>Mar\u00eda Espa\u00f1a<\/strong>, \u201cque se pongan a trabajar y reclamen a Maz\u00f3n, o al que le esperemos que sustituya a corto plazo\u201d.<\/p>\n\n\n\n<p><strong>Violencia machista<\/strong><br>Por otro lado, PSPV, Comprom\u00eds y PP han aprobado una moci\u00f3n conjunta, con el voto en contra de Vox, que permitir\u00e1 al Ayuntamiento de Castell\u00f3 a partir de ahora, en los plenos ordinarios que se celebren cada mes de noviembre, dar lectura del nombre de las mujeres, ni\u00f1os y ni\u00f1as. El objetivo, visibilizar la violencia machista.<\/p>\n\n\n\n<p>La concejala socialista <strong>M\u00f3nica Barab\u00e1s<\/strong>, encargada de defender la propuesta, ha recordado que la idea inicial era realizar la lectura en cada pleno, \u201caunque en aras de lograr un mayor consenso hemos tenido que aceptar la versi\u00f3n m\u00e1s \u2018light\u2019 que quer\u00eda la alcaldesa\u201d. Para Barab\u00e1s, \u201cla propuesta primera de leer el nombre de todas las v\u00edctimas pleno tras pleno no ser\u00eda cansino, como han llegado a decir desde el equipo de gobierno, sino un recordatorio de c\u00f3mo los hombres han acabado con las vidas de las mujeres, y en ocasiones con al vida de sus hijos e hijas, de manera salvaje\u201d. Pese a ello, conf\u00eda la edil socialista en que este \u201csea un primer paso para que la alcaldesa deje de blanquear a Vox\u201d.<\/p>\n\n\n\n<p><strong>Plan de movilidad<\/strong><br>Por lo que respecta a la pr\u00f3rroga del Plan de Movilidad Urbana Sostenible, aprobada por el gobierno municipal con la abstenci\u00f3n del PSPV, el concejal socialista<strong> Jorge Ribes<\/strong> ha explicado que \u201cno vamos a votar en contra de un plan que pusimos en marcha con los anteriores gobiernos de progreso, pero es lamentable que el binomio PP VOX lleven al frente del Gobierno Municipal 15 meses con un Plan de Movilidad que sab\u00edan que iba a caducar, y les ha caducado, igual que llevan 15 meses con una Ordenanza de Movilidad, ya redactada desde la legislatura pasada, que a\u00fan no han sido capaces de traer a pleno\u201d.<\/p>\n\n\n\n<p>Ribes, quien ha recordado que, literalmente, \u201cla \u00fanica iniciativa pol\u00edtica en materia de Movilidad ha sido suprimir el bono de transporte p\u00fablico gratuito para j\u00f3venes\u201d, ha destacado que con esta pr\u00f3rroga \u201cse refleja la incongruencia del PP y Vox, que reiteradamente han criticado el contenido del Plan pero que ahora, ante la falta de trabajo, y muy probablemente sin siquiera hab\u00e9rselo le\u00eddo, van a prorrogar un documento que, vaya iron\u00eda, defiende la peatonalizaci\u00f3n de la avenida Lid\u00f3n, esa actuaci\u00f3n contra la que se manifestaban hace unos meses\u201d.<\/p>\n\n\n\n<p>Jorge Ribes ha defendido en todo momento la relevancia del Plan de Movilidad Urbana Sostenible que aprob\u00f3 el gobierno anterior liderado por el PSPV, \u201cplan que ha servido de base durante dos legislaturas para avanzar en carriles bici, para apostar por los espacios peatonales y para insistir en la promoci\u00f3n del transporte p\u00fablico en nuestra ciudad\u201d.<\/p>\n\n\n\n<p><strong>Declaraci\u00f3n institucional por el D\u00eda Internacional de la Salud Mental<\/strong><br>Por otro lado, el pleno ha aprobado de forma un\u00e1nime la Declaraci\u00f3n Institucional presentada por el grupo Socialista por el D\u00eda Internacional de la Salud Mental. Un acuerdo que supone un \u201ccompromiso del ayuntamiento con la salud mental\u201d y la necesidad de dar pasos para mejorar la atenci\u00f3n.<\/p>\n\n\n\n<p>As\u00ed, por un lado se solicita a la Conseller\u00eda de Sanidad que aumente de manera progresiva las plantillas de las Unidades de Salud Mental hasta conseguir unas ratios adecuadas. A ello se une reclamar a la Generalitat los recursos, dispositivos y programas necesarios para la atenci\u00f3n al trastorno mental grave, reforzando la colaboraci\u00f3n con el tercer sector.<\/p>\n\n\n\n<p>En esta l\u00ednea, se exige a la Generalitat una buena atenci\u00f3n para el Trastorno Mental Com\u00fan, impulsando la incorporaci\u00f3n de psic\u00f3logos cl\u00ednicos en todos los Centros de Salud del municipio de Castell\u00f3, adem\u00e1s de demandar a la administraci\u00f3n auton\u00f3mica programas preventivos en las aulas, ense\u00f1ando habilidades de afrontamiento, de gesti\u00f3n de las emociones, de autoaceptaci\u00f3n y dise\u00f1ando itinerarios de educaci\u00f3n emocional adecuados.<\/p>\n","protected":false},"excerpt":{"rendered":"<p>El portavoz adjunto del Grupo Municipal Socialista del Ayuntamiento de Castell\u00f3, Jos\u00e9 Luis L\u00f3pez, ha lamentado hoy que la alcaldesa, Bego\u00f1a Carrasco, \u201cvuelva a ponerse de perfil ante su todav\u00eda jefe Carlos Maz\u00f3n y se niegue a reclamarle las inversiones necesarias para construir nuevos colegios en la ciudad de Castell\u00f3\u201d. El Partido Popular y Vox &#8230;<\/p>\n","protected":false},"author":48,"featured_media":6753,"comment_status":"open","ping_status":"open","sticky":false,"template":"","format":"standard","meta":{"_jetpack_memberships_contains_paid_content":false,"footnotes":"","jetpack_publicize_message":"","jetpack_publicize_feature_enabled":true,"jetpack_social_post_already_shared":false,"jetpack_social_options":{"image_generator_settings":{"template":"highway","default_image_id":0,"font":"","enabled":false},"version":2}},"categories":[33],"tags":[91,85,107,448],"class_list":["post-6752","post","type-post","status-publish","format-standard","has-post-thumbnail","hentry","category-gms","tag-jorge-ribes","tag-jose-luis-lopez","tag-monica-barabas","tag-todos-es"],"yoast_head":"<!-- This site is optimized with the Yoast SEO plugin v24.0 - https:\/\/yoast.com\/wordpress\/plugins\/seo\/ -->\n<title>El PSPV critica el rechazo de Bego\u00f1a Carrasco a reclamar a Maz\u00f3n los nuevos colegios para Castell\u00f3 recogidos en el Pla Edificant que impulsaron l\u2019Acord de Fadrell y el Bot\u00e0nic - PSPV-PSOE CASTELL\u00d3<\/title>\n<meta name=\"robots\" content=\"index, follow, max-snippet:-1, max-image-preview:large, max-video-preview:-1\" \/>\n<link rel=\"canonical\" href=\"https:\/\/agrupacionespsoe.es\/castello\/el-pspv-critica-el-rechazo-de-begona-carrasco-a-reclamar-a-mazon-los-nuevos-colegios-para-castello-recogidos-en-el-pla-edificant-que-impulsaron-lacord-de-fadrell-y-el-botanic\/\" \/>\n<meta property=\"og:locale\" content=\"es_ES\" \/>\n<meta property=\"og:type\" content=\"article\" \/>\n<meta property=\"og:title\" content=\"El PSPV critica el rechazo de Bego\u00f1a Carrasco a reclamar a Maz\u00f3n los nuevos colegios para Castell\u00f3 recogidos en el Pla Edificant que impulsaron l\u2019Acord de Fadrell y el Bot\u00e0nic - PSPV-PSOE CASTELL\u00d3\" \/>\n<meta property=\"og:description\" content=\"El portavoz adjunto del Grupo Municipal Socialista del Ayuntamiento de Castell\u00f3, Jos\u00e9 Luis L\u00f3pez, ha lamentado hoy que la alcaldesa, Bego\u00f1a Carrasco, \u201cvuelva a ponerse de perfil ante su todav\u00eda jefe Carlos Maz\u00f3n y se niegue a reclamarle las inversiones necesarias para construir nuevos colegios en la ciudad de Castell\u00f3\u201d. El Partido Popular y Vox ...\" \/>\n<meta property=\"og:url\" content=\"https:\/\/agrupacionespsoe.es\/castello\/el-pspv-critica-el-rechazo-de-begona-carrasco-a-reclamar-a-mazon-los-nuevos-colegios-para-castello-recogidos-en-el-pla-edificant-que-impulsaron-lacord-de-fadrell-y-el-botanic\/\" \/>\n<meta property=\"og:site_name\" content=\"PSPV-PSOE CASTELL\u00d3\" \/>\n<meta property=\"article:publisher\" content=\"https:\/\/www.facebook.com\/pspv.castellodelaplana\" \/>\n<meta property=\"article:published_time\" content=\"2024-11-28T23:29:57+00:00\" \/>\n<meta property=\"article:modified_time\" content=\"2024-11-28T23:41:24+00:00\" \/>\n<meta property=\"og:image\" content=\"https:\/\/agrupacionespsoe.es\/castello\/wp-content\/uploads\/sites\/45\/2024\/11\/20241128-El-PSPV-critica-el-rechazo-de-Begona-Carrasco-a-reclamar-a-Mazon-los-nuevos-colegios-para-Castello.jpg\" \/>\n\t<meta property=\"og:image:width\" content=\"2016\" \/>\n\t<meta property=\"og:image:height\" content=\"1512\" \/>\n\t<meta property=\"og:image:type\" content=\"image\/jpeg\" \/>\n<meta name=\"author\" content=\"castello1\" \/>\n<meta name=\"twitter:card\" content=\"summary_large_image\" \/>\n<meta name=\"twitter:creator\" content=\"@pspv_cs\" \/>\n<meta name=\"twitter:site\" content=\"@pspv_cs\" \/>\n<meta name=\"twitter:label1\" content=\"Escrito por\" \/>\n\t<meta name=\"twitter:data1\" content=\"castello1\" \/>\n\t<meta name=\"twitter:label2\" content=\"Tiempo de lectura\" \/>\n\t<meta name=\"twitter:data2\" content=\"5 minutos\" \/>\n<script type=\"application\/ld+json\" class=\"yoast-schema-graph\">{\"@context\":\"https:\/\/schema.org\",\"@graph\":[{\"@type\":\"Article\",\"@id\":\"https:\/\/agrupacionespsoe.es\/castello\/el-pspv-critica-el-rechazo-de-begona-carrasco-a-reclamar-a-mazon-los-nuevos-colegios-para-castello-recogidos-en-el-pla-edificant-que-impulsaron-lacord-de-fadrell-y-el-botanic\/#article\",\"isPartOf\":{\"@id\":\"https:\/\/agrupacionespsoe.es\/castello\/el-pspv-critica-el-rechazo-de-begona-carrasco-a-reclamar-a-mazon-los-nuevos-colegios-para-castello-recogidos-en-el-pla-edificant-que-impulsaron-lacord-de-fadrell-y-el-botanic\/\"},\"author\":{\"name\":\"castello1\",\"@id\":\"https:\/\/agrupacionespsoe.es\/castello\/#\/schema\/person\/f3bc5b2f9dc6a399e9e98596ae24a20a\"},\"headline\":\"El PSPV critica el rechazo de Bego\u00f1a Carrasco a reclamar a Maz\u00f3n los nuevos colegios para Castell\u00f3 recogidos en el Pla Edificant que impulsaron l\u2019Acord de Fadrell y el Bot\u00e0nic\",\"datePublished\":\"2024-11-28T23:29:57+00:00\",\"dateModified\":\"2024-11-28T23:41:24+00:00\",\"mainEntityOfPage\":{\"@id\":\"https:\/\/agrupacionespsoe.es\/castello\/el-pspv-critica-el-rechazo-de-begona-carrasco-a-reclamar-a-mazon-los-nuevos-colegios-para-castello-recogidos-en-el-pla-edificant-que-impulsaron-lacord-de-fadrell-y-el-botanic\/\"},\"wordCount\":1100,\"commentCount\":0,\"publisher\":{\"@id\":\"https:\/\/agrupacionespsoe.es\/castello\/#organization\"},\"image\":{\"@id\":\"https:\/\/agrupacionespsoe.es\/castello\/el-pspv-critica-el-rechazo-de-begona-carrasco-a-reclamar-a-mazon-los-nuevos-colegios-para-castello-recogidos-en-el-pla-edificant-que-impulsaron-lacord-de-fadrell-y-el-botanic\/#primaryimage\"},\"thumbnailUrl\":\"https:\/\/agrupacionespsoe.es\/castello\/wp-content\/uploads\/sites\/45\/2024\/11\/20241128-El-PSPV-critica-el-rechazo-de-Begona-Carrasco-a-reclamar-a-Mazon-los-nuevos-colegios-para-Castello.jpg\",\"keywords\":[\"Jorge Ribes\",\"Jos\u00e9 Luis L\u00f3pez\",\"M\u00f3nica Barab\u00e1s\",\"Todos\"],\"articleSection\":[\"Grupo Municipal Socialista\"],\"inLanguage\":\"es\",\"potentialAction\":[{\"@type\":\"CommentAction\",\"name\":\"Comment\",\"target\":[\"https:\/\/agrupacionespsoe.es\/castello\/el-pspv-critica-el-rechazo-de-begona-carrasco-a-reclamar-a-mazon-los-nuevos-colegios-para-castello-recogidos-en-el-pla-edificant-que-impulsaron-lacord-de-fadrell-y-el-botanic\/#respond\"]}]},{\"@type\":\"WebPage\",\"@id\":\"https:\/\/agrupacionespsoe.es\/castello\/el-pspv-critica-el-rechazo-de-begona-carrasco-a-reclamar-a-mazon-los-nuevos-colegios-para-castello-recogidos-en-el-pla-edificant-que-impulsaron-lacord-de-fadrell-y-el-botanic\/\",\"url\":\"https:\/\/agrupacionespsoe.es\/castello\/el-pspv-critica-el-rechazo-de-begona-carrasco-a-reclamar-a-mazon-los-nuevos-colegios-para-castello-recogidos-en-el-pla-edificant-que-impulsaron-lacord-de-fadrell-y-el-botanic\/\",\"name\":\"El PSPV critica el rechazo de Bego\u00f1a Carrasco a reclamar a Maz\u00f3n los nuevos colegios para Castell\u00f3 recogidos en el Pla Edificant que impulsaron l\u2019Acord de Fadrell y el Bot\u00e0nic - PSPV-PSOE CASTELL\u00d3\",\"isPartOf\":{\"@id\":\"https:\/\/agrupacionespsoe.es\/castello\/#website\"},\"primaryImageOfPage\":{\"@id\":\"https:\/\/agrupacionespsoe.es\/castello\/el-pspv-critica-el-rechazo-de-begona-carrasco-a-reclamar-a-mazon-los-nuevos-colegios-para-castello-recogidos-en-el-pla-edificant-que-impulsaron-lacord-de-fadrell-y-el-botanic\/#primaryimage\"},\"image\":{\"@id\":\"https:\/\/agrupacionespsoe.es\/castello\/el-pspv-critica-el-rechazo-de-begona-carrasco-a-reclamar-a-mazon-los-nuevos-colegios-para-castello-recogidos-en-el-pla-edificant-que-impulsaron-lacord-de-fadrell-y-el-botanic\/#primaryimage\"},\"thumbnailUrl\":\"https:\/\/agrupacionespsoe.es\/castello\/wp-content\/uploads\/sites\/45\/2024\/11\/20241128-El-PSPV-critica-el-rechazo-de-Begona-Carrasco-a-reclamar-a-Mazon-los-nuevos-colegios-para-Castello.jpg\",\"datePublished\":\"2024-11-28T23:29:57+00:00\",\"dateModified\":\"2024-11-28T23:41:24+00:00\",\"breadcrumb\":{\"@id\":\"https:\/\/agrupacionespsoe.es\/castello\/el-pspv-critica-el-rechazo-de-begona-carrasco-a-reclamar-a-mazon-los-nuevos-colegios-para-castello-recogidos-en-el-pla-edificant-que-impulsaron-lacord-de-fadrell-y-el-botanic\/#breadcrumb\"},\"inLanguage\":\"es\",\"potentialAction\":[{\"@type\":\"ReadAction\",\"target\":[\"https:\/\/agrupacionespsoe.es\/castello\/el-pspv-critica-el-rechazo-de-begona-carrasco-a-reclamar-a-mazon-los-nuevos-colegios-para-castello-recogidos-en-el-pla-edificant-que-impulsaron-lacord-de-fadrell-y-el-botanic\/\"]}]},{\"@type\":\"ImageObject\",\"inLanguage\":\"es\",\"@id\":\"https:\/\/agrupacionespsoe.es\/castello\/el-pspv-critica-el-rechazo-de-begona-carrasco-a-reclamar-a-mazon-los-nuevos-colegios-para-castello-recogidos-en-el-pla-edificant-que-impulsaron-lacord-de-fadrell-y-el-botanic\/#primaryimage\",\"url\":\"https:\/\/agrupacionespsoe.es\/castello\/wp-content\/uploads\/sites\/45\/2024\/11\/20241128-El-PSPV-critica-el-rechazo-de-Begona-Carrasco-a-reclamar-a-Mazon-los-nuevos-colegios-para-Castello.jpg\",\"contentUrl\":\"https:\/\/agrupacionespsoe.es\/castello\/wp-content\/uploads\/sites\/45\/2024\/11\/20241128-El-PSPV-critica-el-rechazo-de-Begona-Carrasco-a-reclamar-a-Mazon-los-nuevos-colegios-para-Castello.jpg\",\"width\":2016,\"height\":1512},{\"@type\":\"BreadcrumbList\",\"@id\":\"https:\/\/agrupacionespsoe.es\/castello\/el-pspv-critica-el-rechazo-de-begona-carrasco-a-reclamar-a-mazon-los-nuevos-colegios-para-castello-recogidos-en-el-pla-edificant-que-impulsaron-lacord-de-fadrell-y-el-botanic\/#breadcrumb\",\"itemListElement\":[{\"@type\":\"ListItem\",\"position\":1,\"name\":\"Portada\",\"item\":\"https:\/\/agrupacionespsoe.es\/castello\/\"},{\"@type\":\"ListItem\",\"position\":2,\"name\":\"El PSPV critica el rechazo de Bego\u00f1a Carrasco a reclamar a Maz\u00f3n los nuevos colegios para Castell\u00f3 recogidos en el Pla Edificant que impulsaron l\u2019Acord de Fadrell y el Bot\u00e0nic\"}]},{\"@type\":\"WebSite\",\"@id\":\"https:\/\/agrupacionespsoe.es\/castello\/#website\",\"url\":\"https:\/\/agrupacionespsoe.es\/castello\/\",\"name\":\"PSPV-PSOE CASTELL\u00d3\",\"description\":\"PSPV-PSOE | Agrupaci\u00f3 de Castell\u00f3\",\"publisher\":{\"@id\":\"https:\/\/agrupacionespsoe.es\/castello\/#organization\"},\"potentialAction\":[{\"@type\":\"SearchAction\",\"target\":{\"@type\":\"EntryPoint\",\"urlTemplate\":\"https:\/\/agrupacionespsoe.es\/castello\/?s={search_term_string}\"},\"query-input\":{\"@type\":\"PropertyValueSpecification\",\"valueRequired\":true,\"valueName\":\"search_term_string\"}}],\"inLanguage\":\"es\"},{\"@type\":\"Organization\",\"@id\":\"https:\/\/agrupacionespsoe.es\/castello\/#organization\",\"name\":\"PSPV-PSOE Castell\u00f3\",\"url\":\"https:\/\/agrupacionespsoe.es\/castello\/\",\"logo\":{\"@type\":\"ImageObject\",\"inLanguage\":\"es\",\"@id\":\"https:\/\/agrupacionespsoe.es\/castello\/#\/schema\/logo\/image\/\",\"url\":\"https:\/\/agrupacionespsoe.es\/castello\/wp-content\/uploads\/sites\/45\/2023\/04\/PORTADA-PSOE-CASTELLO.jpg\",\"contentUrl\":\"https:\/\/agrupacionespsoe.es\/castello\/wp-content\/uploads\/sites\/45\/2023\/04\/PORTADA-PSOE-CASTELLO.jpg\",\"width\":2500,\"height\":2500,\"caption\":\"PSPV-PSOE Castell\u00f3\"},\"image\":{\"@id\":\"https:\/\/agrupacionespsoe.es\/castello\/#\/schema\/logo\/image\/\"},\"sameAs\":[\"https:\/\/www.facebook.com\/pspv.castellodelaplana\",\"https:\/\/x.com\/pspv_cs\",\"https:\/\/www.instagram.com\/pspvpsoecastello\/\"]},{\"@type\":\"Person\",\"@id\":\"https:\/\/agrupacionespsoe.es\/castello\/#\/schema\/person\/f3bc5b2f9dc6a399e9e98596ae24a20a\",\"name\":\"castello1\",\"image\":{\"@type\":\"ImageObject\",\"inLanguage\":\"es\",\"@id\":\"https:\/\/agrupacionespsoe.es\/castello\/#\/schema\/person\/image\/\",\"url\":\"https:\/\/secure.gravatar.com\/avatar\/5f1da428d6479d1127419c0b58796865?s=96&d=mm&r=g\",\"contentUrl\":\"https:\/\/secure.gravatar.com\/avatar\/5f1da428d6479d1127419c0b58796865?s=96&d=mm&r=g\",\"caption\":\"castello1\"},\"url\":\"https:\/\/agrupacionespsoe.es\/castello\/author\/castello1\/\"}]}<\/script>\n<!-- \/ Yoast SEO plugin. -->","yoast_head_json":{"title":"El PSPV critica el rechazo de Bego\u00f1a Carrasco a reclamar a Maz\u00f3n los nuevos colegios para Castell\u00f3 recogidos en el Pla Edificant que impulsaron l\u2019Acord de Fadrell y el Bot\u00e0nic - PSPV-PSOE CASTELL\u00d3","robots":{"index":"index","follow":"follow","max-snippet":"max-snippet:-1","max-image-preview":"max-image-preview:large","max-video-preview":"max-video-preview:-1"},"canonical":"https:\/\/agrupacionespsoe.es\/castello\/el-pspv-critica-el-rechazo-de-begona-carrasco-a-reclamar-a-mazon-los-nuevos-colegios-para-castello-recogidos-en-el-pla-edificant-que-impulsaron-lacord-de-fadrell-y-el-botanic\/","og_locale":"es_ES","og_type":"article","og_title":"El PSPV critica el rechazo de Bego\u00f1a Carrasco a reclamar a Maz\u00f3n los nuevos colegios para Castell\u00f3 recogidos en el Pla Edificant que impulsaron l\u2019Acord de Fadrell y el Bot\u00e0nic - PSPV-PSOE CASTELL\u00d3","og_description":"El portavoz adjunto del Grupo Municipal Socialista del Ayuntamiento de Castell\u00f3, Jos\u00e9 Luis L\u00f3pez, ha lamentado hoy que la alcaldesa, Bego\u00f1a Carrasco, \u201cvuelva a ponerse de perfil ante su todav\u00eda jefe Carlos Maz\u00f3n y se niegue a reclamarle las inversiones necesarias para construir nuevos colegios en la ciudad de Castell\u00f3\u201d. El Partido Popular y Vox ...","og_url":"https:\/\/agrupacionespsoe.es\/castello\/el-pspv-critica-el-rechazo-de-begona-carrasco-a-reclamar-a-mazon-los-nuevos-colegios-para-castello-recogidos-en-el-pla-edificant-que-impulsaron-lacord-de-fadrell-y-el-botanic\/","og_site_name":"PSPV-PSOE CASTELL\u00d3","article_publisher":"https:\/\/www.facebook.com\/pspv.castellodelaplana","article_published_time":"2024-11-28T23:29:57+00:00","article_modified_time":"2024-11-28T23:41:24+00:00","og_image":[{"width":2016,"height":1512,"url":"https:\/\/agrupacionespsoe.es\/castello\/wp-content\/uploads\/sites\/45\/2024\/11\/20241128-El-PSPV-critica-el-rechazo-de-Begona-Carrasco-a-reclamar-a-Mazon-los-nuevos-colegios-para-Castello.jpg","type":"image\/jpeg"}],"author":"castello1","twitter_card":"summary_large_image","twitter_creator":"@pspv_cs","twitter_site":"@pspv_cs","twitter_misc":{"Escrito por":"castello1","Tiempo de lectura":"5 minutos"},"schema":{"@context":"https:\/\/schema.org","@graph":[{"@type":"Article","@id":"https:\/\/agrupacionespsoe.es\/castello\/el-pspv-critica-el-rechazo-de-begona-carrasco-a-reclamar-a-mazon-los-nuevos-colegios-para-castello-recogidos-en-el-pla-edificant-que-impulsaron-lacord-de-fadrell-y-el-botanic\/#article","isPartOf":{"@id":"https:\/\/agrupacionespsoe.es\/castello\/el-pspv-critica-el-rechazo-de-begona-carrasco-a-reclamar-a-mazon-los-nuevos-colegios-para-castello-recogidos-en-el-pla-edificant-que-impulsaron-lacord-de-fadrell-y-el-botanic\/"},"author":{"name":"castello1","@id":"https:\/\/agrupacionespsoe.es\/castello\/#\/schema\/person\/f3bc5b2f9dc6a399e9e98596ae24a20a"},"headline":"El PSPV critica el rechazo de Bego\u00f1a Carrasco a reclamar a Maz\u00f3n los nuevos colegios para Castell\u00f3 recogidos en el Pla Edificant que impulsaron l\u2019Acord de Fadrell y el Bot\u00e0nic","datePublished":"2024-11-28T23:29:57+00:00","dateModified":"2024-11-28T23:41:24+00:00","mainEntityOfPage":{"@id":"https:\/\/agrupacionespsoe.es\/castello\/el-pspv-critica-el-rechazo-de-begona-carrasco-a-reclamar-a-mazon-los-nuevos-colegios-para-castello-recogidos-en-el-pla-edificant-que-impulsaron-lacord-de-fadrell-y-el-botanic\/"},"wordCount":1100,"commentCount":0,"publisher":{"@id":"https:\/\/agrupacionespsoe.es\/castello\/#organization"},"image":{"@id":"https:\/\/agrupacionespsoe.es\/castello\/el-pspv-critica-el-rechazo-de-begona-carrasco-a-reclamar-a-mazon-los-nuevos-colegios-para-castello-recogidos-en-el-pla-edificant-que-impulsaron-lacord-de-fadrell-y-el-botanic\/#primaryimage"},"thumbnailUrl":"https:\/\/agrupacionespsoe.es\/castello\/wp-content\/uploads\/sites\/45\/2024\/11\/20241128-El-PSPV-critica-el-rechazo-de-Begona-Carrasco-a-reclamar-a-Mazon-los-nuevos-colegios-para-Castello.jpg","keywords":["Jorge Ribes","Jos\u00e9 Luis L\u00f3pez","M\u00f3nica Barab\u00e1s","Todos"],"articleSection":["Grupo Municipal Socialista"],"inLanguage":"es","potentialAction":[{"@type":"CommentAction","name":"Comment","target":["https:\/\/agrupacionespsoe.es\/castello\/el-pspv-critica-el-rechazo-de-begona-carrasco-a-reclamar-a-mazon-los-nuevos-colegios-para-castello-recogidos-en-el-pla-edificant-que-impulsaron-lacord-de-fadrell-y-el-botanic\/#respond"]}]},{"@type":"WebPage","@id":"https:\/\/agrupacionespsoe.es\/castello\/el-pspv-critica-el-rechazo-de-begona-carrasco-a-reclamar-a-mazon-los-nuevos-colegios-para-castello-recogidos-en-el-pla-edificant-que-impulsaron-lacord-de-fadrell-y-el-botanic\/","url":"https:\/\/agrupacionespsoe.es\/castello\/el-pspv-critica-el-rechazo-de-begona-carrasco-a-reclamar-a-mazon-los-nuevos-colegios-para-castello-recogidos-en-el-pla-edificant-que-impulsaron-lacord-de-fadrell-y-el-botanic\/","name":"El PSPV critica el rechazo de Bego\u00f1a Carrasco a reclamar a Maz\u00f3n los nuevos colegios para Castell\u00f3 recogidos en el Pla Edificant que impulsaron l\u2019Acord de Fadrell y el Bot\u00e0nic - PSPV-PSOE CASTELL\u00d3","isPartOf":{"@id":"https:\/\/agrupacionespsoe.es\/castello\/#website"},"primaryImageOfPage":{"@id":"https:\/\/agrupacionespsoe.es\/castello\/el-pspv-critica-el-rechazo-de-begona-carrasco-a-reclamar-a-mazon-los-nuevos-colegios-para-castello-recogidos-en-el-pla-edificant-que-impulsaron-lacord-de-fadrell-y-el-botanic\/#primaryimage"},"image":{"@id":"https:\/\/agrupacionespsoe.es\/castello\/el-pspv-critica-el-rechazo-de-begona-carrasco-a-reclamar-a-mazon-los-nuevos-colegios-para-castello-recogidos-en-el-pla-edificant-que-impulsaron-lacord-de-fadrell-y-el-botanic\/#primaryimage"},"thumbnailUrl":"https:\/\/agrupacionespsoe.es\/castello\/wp-content\/uploads\/sites\/45\/2024\/11\/20241128-El-PSPV-critica-el-rechazo-de-Begona-Carrasco-a-reclamar-a-Mazon-los-nuevos-colegios-para-Castello.jpg","datePublished":"2024-11-28T23:29:57+00:00","dateModified":"2024-11-28T23:41:24+00:00","breadcrumb":{"@id":"https:\/\/agrupacionespsoe.es\/castello\/el-pspv-critica-el-rechazo-de-begona-carrasco-a-reclamar-a-mazon-los-nuevos-colegios-para-castello-recogidos-en-el-pla-edificant-que-impulsaron-lacord-de-fadrell-y-el-botanic\/#breadcrumb"},"inLanguage":"es","potentialAction":[{"@type":"ReadAction","target":["https:\/\/agrupacionespsoe.es\/castello\/el-pspv-critica-el-rechazo-de-begona-carrasco-a-reclamar-a-mazon-los-nuevos-colegios-para-castello-recogidos-en-el-pla-edificant-que-impulsaron-lacord-de-fadrell-y-el-botanic\/"]}]},{"@type":"ImageObject","inLanguage":"es","@id":"https:\/\/agrupacionespsoe.es\/castello\/el-pspv-critica-el-rechazo-de-begona-carrasco-a-reclamar-a-mazon-los-nuevos-colegios-para-castello-recogidos-en-el-pla-edificant-que-impulsaron-lacord-de-fadrell-y-el-botanic\/#primaryimage","url":"https:\/\/agrupacionespsoe.es\/castello\/wp-content\/uploads\/sites\/45\/2024\/11\/20241128-El-PSPV-critica-el-rechazo-de-Begona-Carrasco-a-reclamar-a-Mazon-los-nuevos-colegios-para-Castello.jpg","contentUrl":"https:\/\/agrupacionespsoe.es\/castello\/wp-content\/uploads\/sites\/45\/2024\/11\/20241128-El-PSPV-critica-el-rechazo-de-Begona-Carrasco-a-reclamar-a-Mazon-los-nuevos-colegios-para-Castello.jpg","width":2016,"height":1512},{"@type":"BreadcrumbList","@id":"https:\/\/agrupacionespsoe.es\/castello\/el-pspv-critica-el-rechazo-de-begona-carrasco-a-reclamar-a-mazon-los-nuevos-colegios-para-castello-recogidos-en-el-pla-edificant-que-impulsaron-lacord-de-fadrell-y-el-botanic\/#breadcrumb","itemListElement":[{"@type":"ListItem","position":1,"name":"Portada","item":"https:\/\/agrupacionespsoe.es\/castello\/"},{"@type":"ListItem","position":2,"name":"El PSPV critica el rechazo de Bego\u00f1a Carrasco a reclamar a Maz\u00f3n los nuevos colegios para Castell\u00f3 recogidos en el Pla Edificant que impulsaron l\u2019Acord de Fadrell y el Bot\u00e0nic"}]},{"@type":"WebSite","@id":"https:\/\/agrupacionespsoe.es\/castello\/#website","url":"https:\/\/agrupacionespsoe.es\/castello\/","name":"PSPV-PSOE CASTELL\u00d3","description":"PSPV-PSOE | Agrupaci\u00f3 de Castell\u00f3","publisher":{"@id":"https:\/\/agrupacionespsoe.es\/castello\/#organization"},"potentialAction":[{"@type":"SearchAction","target":{"@type":"EntryPoint","urlTemplate":"https:\/\/agrupacionespsoe.es\/castello\/?s={search_term_string}"},"query-input":{"@type":"PropertyValueSpecification","valueRequired":true,"valueName":"search_term_string"}}],"inLanguage":"es"},{"@type":"Organization","@id":"https:\/\/agrupacionespsoe.es\/castello\/#organization","name":"PSPV-PSOE Castell\u00f3","url":"https:\/\/agrupacionespsoe.es\/castello\/","logo":{"@type":"ImageObject","inLanguage":"es","@id":"https:\/\/agrupacionespsoe.es\/castello\/#\/schema\/logo\/image\/","url":"https:\/\/agrupacionespsoe.es\/castello\/wp-content\/uploads\/sites\/45\/2023\/04\/PORTADA-PSOE-CASTELLO.jpg","contentUrl":"https:\/\/agrupacionespsoe.es\/castello\/wp-content\/uploads\/sites\/45\/2023\/04\/PORTADA-PSOE-CASTELLO.jpg","width":2500,"height":2500,"caption":"PSPV-PSOE Castell\u00f3"},"image":{"@id":"https:\/\/agrupacionespsoe.es\/castello\/#\/schema\/logo\/image\/"},"sameAs":["https:\/\/www.facebook.com\/pspv.castellodelaplana","https:\/\/x.com\/pspv_cs","https:\/\/www.instagram.com\/pspvpsoecastello\/"]},{"@type":"Person","@id":"https:\/\/agrupacionespsoe.es\/castello\/#\/schema\/person\/f3bc5b2f9dc6a399e9e98596ae24a20a","name":"castello1","image":{"@type":"ImageObject","inLanguage":"es","@id":"https:\/\/agrupacionespsoe.es\/castello\/#\/schema\/person\/image\/","url":"https:\/\/secure.gravatar.com\/avatar\/5f1da428d6479d1127419c0b58796865?s=96&d=mm&r=g","contentUrl":"https:\/\/secure.gravatar.com\/avatar\/5f1da428d6479d1127419c0b58796865?s=96&d=mm&r=g","caption":"castello1"},"url":"https:\/\/agrupacionespsoe.es\/castello\/author\/castello1\/"}]}},"jetpack_publicize_connections":[],"jetpack_featured_media_url":"https:\/\/agrupacionespsoe.es\/castello\/wp-content\/uploads\/sites\/45\/2024\/11\/20241128-El-PSPV-critica-el-rechazo-de-Begona-Carrasco-a-reclamar-a-Mazon-los-nuevos-colegios-para-Castello.jpg","jetpack_sharing_enabled":true,"_links":{"self":[{"href":"https:\/\/agrupacionespsoe.es\/castello\/wp-json\/wp\/v2\/posts\/6752","targetHints":{"allow":["GET"]}}],"collection":[{"href":"https:\/\/agrupacionespsoe.es\/castello\/wp-json\/wp\/v2\/posts"}],"about":[{"href":"https:\/\/agrupacionespsoe.es\/castello\/wp-json\/wp\/v2\/types\/post"}],"author":[{"embeddable":true,"href":"https:\/\/agrupacionespsoe.es\/castello\/wp-json\/wp\/v2\/users\/48"}],"replies":[{"embeddable":true,"href":"https:\/\/agrupacionespsoe.es\/castello\/wp-json\/wp\/v2\/comments?post=6752"}],"version-history":[{"count":3,"href":"https:\/\/agrupacionespsoe.es\/castello\/wp-json\/wp\/v2\/posts\/6752\/revisions"}],"predecessor-version":[{"id":6762,"href":"https:\/\/agrupacionespsoe.es\/castello\/wp-json\/wp\/v2\/posts\/6752\/revisions\/6762"}],"wp:featuredmedia":[{"embeddable":true,"href":"https:\/\/agrupacionespsoe.es\/castello\/wp-json\/wp\/v2\/media\/6753"}],"wp:attachment":[{"href":"https:\/\/agrupacionespsoe.es\/castello\/wp-json\/wp\/v2\/media?parent=6752"}],"wp:term":[{"taxonomy":"category","embeddable":true,"href":"https:\/\/agrupacionespsoe.es\/castello\/wp-json\/wp\/v2\/categories?post=6752"},{"taxonomy":"post_tag","embeddable":true,"href":"https:\/\/agrupacionespsoe.es\/castello\/wp-json\/wp\/v2\/tags?post=6752"}],"curies":[{"name":"wp","href":"https:\/\/api.w.org\/{rel}","templated":true}]}}