{"id":6715,"date":"2024-11-21T16:29:39","date_gmt":"2024-11-21T15:29:39","guid":{"rendered":"https:\/\/agrupacionespsoe.es\/castello\/?p=6715"},"modified":"2024-11-21T16:29:39","modified_gmt":"2024-11-21T15:29:39","slug":"el-pspv-presenta-una-mocio-perque-es-done-lectura-en-linici-dels-plens-de-castello-dels-noms-de-dones-xiquets-i-xiquetes-assassinades-per-la-violencia-masclista","status":"publish","type":"post","link":"https:\/\/agrupacionespsoe.es\/castello\/va\/el-pspv-presenta-una-mocio-perque-es-done-lectura-en-linici-dels-plens-de-castello-dels-noms-de-dones-xiquets-i-xiquetes-assassinades-per-la-violencia-masclista\/","title":{"rendered":"El PSPV presenta una moci\u00f3 perqu\u00e8 es done lectura en l&#8217;inici dels plens de Castell\u00f3 dels noms de dones, xiquets i xiquetes assassinades per la viol\u00e8ncia masclista"},"content":{"rendered":"\n<p>El Grup Municipal Socialista de Castell\u00f3 ha registrat una moci\u00f3 perqu\u00e8 en l&#8217;inici dels plens de l&#8217;ajuntament es done lectura dels noms de les dones, xiquets i xiquetes assassinades per la viol\u00e8ncia masclista de l&#8217;any en curs, \u201cuna proposta que t\u00e9 com a objectiu visibilitzar i explicitar el comprom\u00eds del consistori castellonenc en la lluita contra la seua erradicaci\u00f3\u201d, assenyala l&#8217;edil socialista<strong> M\u00f3nica Barab\u00e1s<\/strong>.<\/p>\n\n\n\n<p>El PSPV-PSOE reconeix d&#8217;aquesta manera la labor que realitzen di\u00e0riament les diferents associacions feministes, col\u00b7lectius des d&#8217;on part aquesta iniciativa, \u201cque fem nostra i, com no podia&nbsp;ser&nbsp;d&#8217;una altra manera, traslladem al ple per a la seua aprovaci\u00f3 per part de la corporaci\u00f3\u201d.<\/p>\n\n\n\n<p>La moci\u00f3 ser\u00e0 debatuda en la sessi\u00f3 plen\u00e0ria del pr\u00f2xim dijous 28 de novembre. Com destaca Barab\u00e1s, \u201csom conscients que els negacionistes de Vox la menysprearan, per\u00f2 volem pensar que tirar\u00e0 avant amb el suport el grup popular si, com tant diu p\u00fablicament l&#8217;alcaldessa, <strong>Bego\u00f1a Carrasco<\/strong>, est\u00e0 tan compromesa per a combatre la viol\u00e8ncia masclista\u201d.<\/p>\n\n\n\n<p>Barab\u00e1s, en aquest sentit, reclama al PP \u201cque es deixe de demag\u00f2gies, que \u00e9s el que marca els seus discursos quan debatem sobre la viol\u00e8ncia de g\u00e8nere, i fa\u00e7a un pas m\u00e9s en l&#8217;inexcusable comprom\u00eds que ha de tindre la nostra ciutat amb l&#8217;erradicaci\u00f3 del masclisme, perqu\u00e8 un pas arrere seria abra\u00e7ar-se a les tesis de la ultradreta de Vox\u201d.<\/p>\n\n\n\n<p>L&#8217;Ajuntament de Castell\u00f3, tal com es recorda en la moci\u00f3, \u00e9s l&#8217;administraci\u00f3 p\u00fablica m\u00e9s pr\u00f2xima a la ciutadania, per la qual cosa t\u00e9, no sols el deure moral, sin\u00f3 tamb\u00e9 l&#8217;obligaci\u00f3 legal de \u00abdur a terme actuacions que posen de manifest el nostre comprom\u00eds amb l&#8217;erradicaci\u00f3 d&#8217;una viol\u00e8ncia que es reconeix present en tots els \u00e0mbits de la nostra societat i que t\u00e9 el seu major i m\u00e9s tr\u00e0gic exponent en els 1.284 assassinats de dones registrats des de 2003, 40 d&#8217;ells en el present any\u00bb.<\/p>\n\n\n\n<p>Actualment, \u00abquan alguns sectors reaccionaris tracten de negar i aix\u00ed invisibilitzar aquesta realitat, hem de demostrar que la lluita contra la viol\u00e8ncia masclista ha de ser un eix transversal en la nostra actuaci\u00f3 com a persones amb c\u00e0rrec p\u00fablic, traslladant aix\u00ed als qui puguen estar patint aquesta situaci\u00f3 el nostre suport i la nostra solidaritat, al marge de la nostra posici\u00f3 ideol\u00f2gica\u00bb.<\/p>\n\n\n\n<p>En una societat legalment igualit\u00e0ria, les xifres de morts i agressions contra les dones i les xiquetes i els xiquets \u00abcontinuen sent aclaparadores i, any rere any, ens indiquen que hui m\u00e9s que mai \u00e9s necessari incrementar esfor\u00e7os i erradicar aquelles actituds i comportaments que reprodueixen la desigualtat i que estan en l&#8217;origen de la viol\u00e8ncia de g\u00e8nere, contribuint a perpetuar-la\u00bb.<\/p>\n\n\n\n<p>Per aix\u00f2, des del Grup Municipal Socialista s&#8217;insisteix que \u00abla superaci\u00f3 d&#8217;aquesta mena de viol\u00e8ncia, encara que \u00e9s molt complexa, s&#8217;inicia atallant la desigualtat hist\u00f2rica entre homes i dones, abordant-la des d&#8217;un comprom\u00eds real, amb la implementaci\u00f3 de mesures integrals eficaces que es tradu\u00efsquen en pol\u00edtiques preventives i d&#8217;intervenci\u00f3 des de les edats m\u00e9s primerenques\u00bb.<\/p>\n","protected":false},"excerpt":{"rendered":"<p>El Grup Municipal Socialista de Castell\u00f3 ha registrat una moci\u00f3 perqu\u00e8 en l&#8217;inici dels plens de l&#8217;ajuntament es done lectura dels noms de les dones, xiquets i xiquetes assassinades per la viol\u00e8ncia masclista de l&#8217;any en curs, \u201cuna proposta que t\u00e9 com a objectiu visibilitzar i explicitar el comprom\u00eds del consistori castellonenc en la lluita &#8230;<\/p>\n","protected":false},"author":48,"featured_media":6714,"comment_status":"open","ping_status":"open","sticky":false,"template":"","format":"standard","meta":{"_jetpack_memberships_contains_paid_content":false,"footnotes":"","jetpack_publicize_message":"","jetpack_publicize_feature_enabled":true,"jetpack_social_post_already_shared":false,"jetpack_social_options":{"image_generator_settings":{"template":"highway","default_image_id":0,"font":"","enabled":false},"version":2}},"categories":[22],"tags":[109,446],"class_list":["post-6715","post","type-post","status-publish","format-standard","has-post-thumbnail","hentry","category-gms-va","tag-monica-barabas-va","tag-todos-va"],"yoast_head":"<!-- This site is optimized with the Yoast SEO plugin v24.0 - https:\/\/yoast.com\/wordpress\/plugins\/seo\/ -->\n<title>El PSPV presenta una moci\u00f3 perqu\u00e8 es done lectura en l&#039;inici dels plens de Castell\u00f3 dels noms de dones, xiquets i xiquetes assassinades per la viol\u00e8ncia masclista - PSPV-PSOE CASTELL\u00d3<\/title>\n<meta name=\"robots\" content=\"index, follow, max-snippet:-1, max-image-preview:large, max-video-preview:-1\" \/>\n<link rel=\"canonical\" href=\"https:\/\/agrupacionespsoe.es\/castello\/va\/el-pspv-presenta-una-mocio-perque-es-done-lectura-en-linici-dels-plens-de-castello-dels-noms-de-dones-xiquets-i-xiquetes-assassinades-per-la-violencia-masclista\/\" \/>\n<meta property=\"og:locale\" content=\"es_ES\" \/>\n<meta property=\"og:type\" content=\"article\" \/>\n<meta property=\"og:title\" content=\"El PSPV presenta una moci\u00f3 perqu\u00e8 es done lectura en l&#039;inici dels plens de Castell\u00f3 dels noms de dones, xiquets i xiquetes assassinades per la viol\u00e8ncia masclista - PSPV-PSOE CASTELL\u00d3\" \/>\n<meta property=\"og:description\" content=\"El Grup Municipal Socialista de Castell\u00f3 ha registrat una moci\u00f3 perqu\u00e8 en l&#8217;inici dels plens de l&#8217;ajuntament es done lectura dels noms de les dones, xiquets i xiquetes assassinades per la viol\u00e8ncia masclista de l&#8217;any en curs, \u201cuna proposta que t\u00e9 com a objectiu visibilitzar i explicitar el comprom\u00eds del consistori castellonenc en la lluita ...\" \/>\n<meta property=\"og:url\" content=\"https:\/\/agrupacionespsoe.es\/castello\/va\/el-pspv-presenta-una-mocio-perque-es-done-lectura-en-linici-dels-plens-de-castello-dels-noms-de-dones-xiquets-i-xiquetes-assassinades-per-la-violencia-masclista\/\" \/>\n<meta property=\"og:site_name\" content=\"PSPV-PSOE CASTELL\u00d3\" \/>\n<meta property=\"article:publisher\" content=\"https:\/\/www.facebook.com\/pspv.castellodelaplana\" \/>\n<meta property=\"article:published_time\" content=\"2024-11-21T15:29:39+00:00\" \/>\n<meta property=\"og:image\" content=\"https:\/\/agrupacionespsoe.es\/castello\/wp-content\/uploads\/sites\/45\/2024\/11\/20241121-El-PSPV-presenta-una-mocion-para-que-se-de-lectura-en-el-inicio-de-los-plenos-de-Castello-de-los-nombres-de-mujeres-ninos-y-ninas-asesinadas-por-la-violencia-machista.jpeg\" \/>\n\t<meta property=\"og:image:width\" content=\"2560\" \/>\n\t<meta property=\"og:image:height\" content=\"1706\" \/>\n\t<meta property=\"og:image:type\" content=\"image\/jpeg\" \/>\n<meta name=\"author\" content=\"castello1\" \/>\n<meta name=\"twitter:card\" content=\"summary_large_image\" \/>\n<meta name=\"twitter:creator\" content=\"@pspv_cs\" \/>\n<meta name=\"twitter:site\" content=\"@pspv_cs\" \/>\n<meta name=\"twitter:label1\" content=\"Escrito por\" \/>\n\t<meta name=\"twitter:data1\" content=\"castello1\" \/>\n\t<meta name=\"twitter:label2\" content=\"Tiempo de lectura\" \/>\n\t<meta name=\"twitter:data2\" content=\"3 minutos\" \/>\n<script type=\"application\/ld+json\" class=\"yoast-schema-graph\">{\"@context\":\"https:\/\/schema.org\",\"@graph\":[{\"@type\":\"Article\",\"@id\":\"https:\/\/agrupacionespsoe.es\/castello\/va\/el-pspv-presenta-una-mocio-perque-es-done-lectura-en-linici-dels-plens-de-castello-dels-noms-de-dones-xiquets-i-xiquetes-assassinades-per-la-violencia-masclista\/#article\",\"isPartOf\":{\"@id\":\"https:\/\/agrupacionespsoe.es\/castello\/va\/el-pspv-presenta-una-mocio-perque-es-done-lectura-en-linici-dels-plens-de-castello-dels-noms-de-dones-xiquets-i-xiquetes-assassinades-per-la-violencia-masclista\/\"},\"author\":{\"name\":\"castello1\",\"@id\":\"https:\/\/agrupacionespsoe.es\/castello\/#\/schema\/person\/f3bc5b2f9dc6a399e9e98596ae24a20a\"},\"headline\":\"El PSPV presenta una moci\u00f3 perqu\u00e8 es done lectura en l&#8217;inici dels plens de Castell\u00f3 dels noms de dones, xiquets i xiquetes assassinades per la viol\u00e8ncia masclista\",\"datePublished\":\"2024-11-21T15:29:39+00:00\",\"dateModified\":\"2024-11-21T15:29:39+00:00\",\"mainEntityOfPage\":{\"@id\":\"https:\/\/agrupacionespsoe.es\/castello\/va\/el-pspv-presenta-una-mocio-perque-es-done-lectura-en-linici-dels-plens-de-castello-dels-noms-de-dones-xiquets-i-xiquetes-assassinades-per-la-violencia-masclista\/\"},\"wordCount\":555,\"commentCount\":0,\"publisher\":{\"@id\":\"https:\/\/agrupacionespsoe.es\/castello\/#organization\"},\"image\":{\"@id\":\"https:\/\/agrupacionespsoe.es\/castello\/va\/el-pspv-presenta-una-mocio-perque-es-done-lectura-en-linici-dels-plens-de-castello-dels-noms-de-dones-xiquets-i-xiquetes-assassinades-per-la-violencia-masclista\/#primaryimage\"},\"thumbnailUrl\":\"https:\/\/agrupacionespsoe.es\/castello\/wp-content\/uploads\/sites\/45\/2024\/11\/20241121-El-PSPV-presenta-una-mocion-para-que-se-de-lectura-en-el-inicio-de-los-plenos-de-Castello-de-los-nombres-de-mujeres-ninos-y-ninas-asesinadas-por-la-violencia-machista.jpeg\",\"keywords\":[\"M\u00f3nica Barab\u00e1s\",\"Todos\"],\"articleSection\":[\"Grup Municipal Socialista\"],\"inLanguage\":\"es\",\"potentialAction\":[{\"@type\":\"CommentAction\",\"name\":\"Comment\",\"target\":[\"https:\/\/agrupacionespsoe.es\/castello\/va\/el-pspv-presenta-una-mocio-perque-es-done-lectura-en-linici-dels-plens-de-castello-dels-noms-de-dones-xiquets-i-xiquetes-assassinades-per-la-violencia-masclista\/#respond\"]}]},{\"@type\":\"WebPage\",\"@id\":\"https:\/\/agrupacionespsoe.es\/castello\/va\/el-pspv-presenta-una-mocio-perque-es-done-lectura-en-linici-dels-plens-de-castello-dels-noms-de-dones-xiquets-i-xiquetes-assassinades-per-la-violencia-masclista\/\",\"url\":\"https:\/\/agrupacionespsoe.es\/castello\/va\/el-pspv-presenta-una-mocio-perque-es-done-lectura-en-linici-dels-plens-de-castello-dels-noms-de-dones-xiquets-i-xiquetes-assassinades-per-la-violencia-masclista\/\",\"name\":\"El PSPV presenta una moci\u00f3 perqu\u00e8 es done lectura en l'inici dels plens de Castell\u00f3 dels noms de dones, xiquets i xiquetes assassinades per la viol\u00e8ncia masclista - PSPV-PSOE CASTELL\u00d3\",\"isPartOf\":{\"@id\":\"https:\/\/agrupacionespsoe.es\/castello\/#website\"},\"primaryImageOfPage\":{\"@id\":\"https:\/\/agrupacionespsoe.es\/castello\/va\/el-pspv-presenta-una-mocio-perque-es-done-lectura-en-linici-dels-plens-de-castello-dels-noms-de-dones-xiquets-i-xiquetes-assassinades-per-la-violencia-masclista\/#primaryimage\"},\"image\":{\"@id\":\"https:\/\/agrupacionespsoe.es\/castello\/va\/el-pspv-presenta-una-mocio-perque-es-done-lectura-en-linici-dels-plens-de-castello-dels-noms-de-dones-xiquets-i-xiquetes-assassinades-per-la-violencia-masclista\/#primaryimage\"},\"thumbnailUrl\":\"https:\/\/agrupacionespsoe.es\/castello\/wp-content\/uploads\/sites\/45\/2024\/11\/20241121-El-PSPV-presenta-una-mocion-para-que-se-de-lectura-en-el-inicio-de-los-plenos-de-Castello-de-los-nombres-de-mujeres-ninos-y-ninas-asesinadas-por-la-violencia-machista.jpeg\",\"datePublished\":\"2024-11-21T15:29:39+00:00\",\"dateModified\":\"2024-11-21T15:29:39+00:00\",\"breadcrumb\":{\"@id\":\"https:\/\/agrupacionespsoe.es\/castello\/va\/el-pspv-presenta-una-mocio-perque-es-done-lectura-en-linici-dels-plens-de-castello-dels-noms-de-dones-xiquets-i-xiquetes-assassinades-per-la-violencia-masclista\/#breadcrumb\"},\"inLanguage\":\"es\",\"potentialAction\":[{\"@type\":\"ReadAction\",\"target\":[\"https:\/\/agrupacionespsoe.es\/castello\/va\/el-pspv-presenta-una-mocio-perque-es-done-lectura-en-linici-dels-plens-de-castello-dels-noms-de-dones-xiquets-i-xiquetes-assassinades-per-la-violencia-masclista\/\"]}]},{\"@type\":\"ImageObject\",\"inLanguage\":\"es\",\"@id\":\"https:\/\/agrupacionespsoe.es\/castello\/va\/el-pspv-presenta-una-mocio-perque-es-done-lectura-en-linici-dels-plens-de-castello-dels-noms-de-dones-xiquets-i-xiquetes-assassinades-per-la-violencia-masclista\/#primaryimage\",\"url\":\"https:\/\/agrupacionespsoe.es\/castello\/wp-content\/uploads\/sites\/45\/2024\/11\/20241121-El-PSPV-presenta-una-mocion-para-que-se-de-lectura-en-el-inicio-de-los-plenos-de-Castello-de-los-nombres-de-mujeres-ninos-y-ninas-asesinadas-por-la-violencia-machista.jpeg\",\"contentUrl\":\"https:\/\/agrupacionespsoe.es\/castello\/wp-content\/uploads\/sites\/45\/2024\/11\/20241121-El-PSPV-presenta-una-mocion-para-que-se-de-lectura-en-el-inicio-de-los-plenos-de-Castello-de-los-nombres-de-mujeres-ninos-y-ninas-asesinadas-por-la-violencia-machista.jpeg\",\"width\":2560,\"height\":1706,\"caption\":\"M\u00f3nica Barabas\"},{\"@type\":\"BreadcrumbList\",\"@id\":\"https:\/\/agrupacionespsoe.es\/castello\/va\/el-pspv-presenta-una-mocio-perque-es-done-lectura-en-linici-dels-plens-de-castello-dels-noms-de-dones-xiquets-i-xiquetes-assassinades-per-la-violencia-masclista\/#breadcrumb\",\"itemListElement\":[{\"@type\":\"ListItem\",\"position\":1,\"name\":\"Portada\",\"item\":\"https:\/\/agrupacionespsoe.es\/castello\/\"},{\"@type\":\"ListItem\",\"position\":2,\"name\":\"El PSPV presenta una moci\u00f3 perqu\u00e8 es done lectura en l&#8217;inici dels plens de Castell\u00f3 dels noms de dones, xiquets i xiquetes assassinades per la viol\u00e8ncia masclista\"}]},{\"@type\":\"WebSite\",\"@id\":\"https:\/\/agrupacionespsoe.es\/castello\/#website\",\"url\":\"https:\/\/agrupacionespsoe.es\/castello\/\",\"name\":\"PSPV-PSOE CASTELL\u00d3\",\"description\":\"PSPV-PSOE | Agrupaci\u00f3 de Castell\u00f3\",\"publisher\":{\"@id\":\"https:\/\/agrupacionespsoe.es\/castello\/#organization\"},\"potentialAction\":[{\"@type\":\"SearchAction\",\"target\":{\"@type\":\"EntryPoint\",\"urlTemplate\":\"https:\/\/agrupacionespsoe.es\/castello\/?s={search_term_string}\"},\"query-input\":{\"@type\":\"PropertyValueSpecification\",\"valueRequired\":true,\"valueName\":\"search_term_string\"}}],\"inLanguage\":\"es\"},{\"@type\":\"Organization\",\"@id\":\"https:\/\/agrupacionespsoe.es\/castello\/#organization\",\"name\":\"PSPV-PSOE Castell\u00f3\",\"url\":\"https:\/\/agrupacionespsoe.es\/castello\/\",\"logo\":{\"@type\":\"ImageObject\",\"inLanguage\":\"es\",\"@id\":\"https:\/\/agrupacionespsoe.es\/castello\/#\/schema\/logo\/image\/\",\"url\":\"https:\/\/agrupacionespsoe.es\/castello\/wp-content\/uploads\/sites\/45\/2023\/04\/PORTADA-PSOE-CASTELLO.jpg\",\"contentUrl\":\"https:\/\/agrupacionespsoe.es\/castello\/wp-content\/uploads\/sites\/45\/2023\/04\/PORTADA-PSOE-CASTELLO.jpg\",\"width\":2500,\"height\":2500,\"caption\":\"PSPV-PSOE Castell\u00f3\"},\"image\":{\"@id\":\"https:\/\/agrupacionespsoe.es\/castello\/#\/schema\/logo\/image\/\"},\"sameAs\":[\"https:\/\/www.facebook.com\/pspv.castellodelaplana\",\"https:\/\/x.com\/pspv_cs\",\"https:\/\/www.instagram.com\/pspvpsoecastello\/\"]},{\"@type\":\"Person\",\"@id\":\"https:\/\/agrupacionespsoe.es\/castello\/#\/schema\/person\/f3bc5b2f9dc6a399e9e98596ae24a20a\",\"name\":\"castello1\",\"image\":{\"@type\":\"ImageObject\",\"inLanguage\":\"es\",\"@id\":\"https:\/\/agrupacionespsoe.es\/castello\/#\/schema\/person\/image\/\",\"url\":\"https:\/\/secure.gravatar.com\/avatar\/5f1da428d6479d1127419c0b58796865?s=96&d=mm&r=g\",\"contentUrl\":\"https:\/\/secure.gravatar.com\/avatar\/5f1da428d6479d1127419c0b58796865?s=96&d=mm&r=g\",\"caption\":\"castello1\"},\"url\":\"https:\/\/agrupacionespsoe.es\/castello\/author\/castello1\/\"}]}<\/script>\n<!-- \/ Yoast SEO plugin. -->","yoast_head_json":{"title":"El PSPV presenta una moci\u00f3 perqu\u00e8 es done lectura en l'inici dels plens de Castell\u00f3 dels noms de dones, xiquets i xiquetes assassinades per la viol\u00e8ncia masclista - PSPV-PSOE CASTELL\u00d3","robots":{"index":"index","follow":"follow","max-snippet":"max-snippet:-1","max-image-preview":"max-image-preview:large","max-video-preview":"max-video-preview:-1"},"canonical":"https:\/\/agrupacionespsoe.es\/castello\/va\/el-pspv-presenta-una-mocio-perque-es-done-lectura-en-linici-dels-plens-de-castello-dels-noms-de-dones-xiquets-i-xiquetes-assassinades-per-la-violencia-masclista\/","og_locale":"es_ES","og_type":"article","og_title":"El PSPV presenta una moci\u00f3 perqu\u00e8 es done lectura en l'inici dels plens de Castell\u00f3 dels noms de dones, xiquets i xiquetes assassinades per la viol\u00e8ncia masclista - PSPV-PSOE CASTELL\u00d3","og_description":"El Grup Municipal Socialista de Castell\u00f3 ha registrat una moci\u00f3 perqu\u00e8 en l&#8217;inici dels plens de l&#8217;ajuntament es done lectura dels noms de les dones, xiquets i xiquetes assassinades per la viol\u00e8ncia masclista de l&#8217;any en curs, \u201cuna proposta que t\u00e9 com a objectiu visibilitzar i explicitar el comprom\u00eds del consistori castellonenc en la lluita ...","og_url":"https:\/\/agrupacionespsoe.es\/castello\/va\/el-pspv-presenta-una-mocio-perque-es-done-lectura-en-linici-dels-plens-de-castello-dels-noms-de-dones-xiquets-i-xiquetes-assassinades-per-la-violencia-masclista\/","og_site_name":"PSPV-PSOE CASTELL\u00d3","article_publisher":"https:\/\/www.facebook.com\/pspv.castellodelaplana","article_published_time":"2024-11-21T15:29:39+00:00","og_image":[{"width":2560,"height":1706,"url":"https:\/\/agrupacionespsoe.es\/castello\/wp-content\/uploads\/sites\/45\/2024\/11\/20241121-El-PSPV-presenta-una-mocion-para-que-se-de-lectura-en-el-inicio-de-los-plenos-de-Castello-de-los-nombres-de-mujeres-ninos-y-ninas-asesinadas-por-la-violencia-machista.jpeg","type":"image\/jpeg"}],"author":"castello1","twitter_card":"summary_large_image","twitter_creator":"@pspv_cs","twitter_site":"@pspv_cs","twitter_misc":{"Escrito por":"castello1","Tiempo de lectura":"3 minutos"},"schema":{"@context":"https:\/\/schema.org","@graph":[{"@type":"Article","@id":"https:\/\/agrupacionespsoe.es\/castello\/va\/el-pspv-presenta-una-mocio-perque-es-done-lectura-en-linici-dels-plens-de-castello-dels-noms-de-dones-xiquets-i-xiquetes-assassinades-per-la-violencia-masclista\/#article","isPartOf":{"@id":"https:\/\/agrupacionespsoe.es\/castello\/va\/el-pspv-presenta-una-mocio-perque-es-done-lectura-en-linici-dels-plens-de-castello-dels-noms-de-dones-xiquets-i-xiquetes-assassinades-per-la-violencia-masclista\/"},"author":{"name":"castello1","@id":"https:\/\/agrupacionespsoe.es\/castello\/#\/schema\/person\/f3bc5b2f9dc6a399e9e98596ae24a20a"},"headline":"El PSPV presenta una moci\u00f3 perqu\u00e8 es done lectura en l&#8217;inici dels plens de Castell\u00f3 dels noms de dones, xiquets i xiquetes assassinades per la viol\u00e8ncia masclista","datePublished":"2024-11-21T15:29:39+00:00","dateModified":"2024-11-21T15:29:39+00:00","mainEntityOfPage":{"@id":"https:\/\/agrupacionespsoe.es\/castello\/va\/el-pspv-presenta-una-mocio-perque-es-done-lectura-en-linici-dels-plens-de-castello-dels-noms-de-dones-xiquets-i-xiquetes-assassinades-per-la-violencia-masclista\/"},"wordCount":555,"commentCount":0,"publisher":{"@id":"https:\/\/agrupacionespsoe.es\/castello\/#organization"},"image":{"@id":"https:\/\/agrupacionespsoe.es\/castello\/va\/el-pspv-presenta-una-mocio-perque-es-done-lectura-en-linici-dels-plens-de-castello-dels-noms-de-dones-xiquets-i-xiquetes-assassinades-per-la-violencia-masclista\/#primaryimage"},"thumbnailUrl":"https:\/\/agrupacionespsoe.es\/castello\/wp-content\/uploads\/sites\/45\/2024\/11\/20241121-El-PSPV-presenta-una-mocion-para-que-se-de-lectura-en-el-inicio-de-los-plenos-de-Castello-de-los-nombres-de-mujeres-ninos-y-ninas-asesinadas-por-la-violencia-machista.jpeg","keywords":["M\u00f3nica Barab\u00e1s","Todos"],"articleSection":["Grup Municipal Socialista"],"inLanguage":"es","potentialAction":[{"@type":"CommentAction","name":"Comment","target":["https:\/\/agrupacionespsoe.es\/castello\/va\/el-pspv-presenta-una-mocio-perque-es-done-lectura-en-linici-dels-plens-de-castello-dels-noms-de-dones-xiquets-i-xiquetes-assassinades-per-la-violencia-masclista\/#respond"]}]},{"@type":"WebPage","@id":"https:\/\/agrupacionespsoe.es\/castello\/va\/el-pspv-presenta-una-mocio-perque-es-done-lectura-en-linici-dels-plens-de-castello-dels-noms-de-dones-xiquets-i-xiquetes-assassinades-per-la-violencia-masclista\/","url":"https:\/\/agrupacionespsoe.es\/castello\/va\/el-pspv-presenta-una-mocio-perque-es-done-lectura-en-linici-dels-plens-de-castello-dels-noms-de-dones-xiquets-i-xiquetes-assassinades-per-la-violencia-masclista\/","name":"El PSPV presenta una moci\u00f3 perqu\u00e8 es done lectura en l'inici dels plens de Castell\u00f3 dels noms de dones, xiquets i xiquetes assassinades per la viol\u00e8ncia masclista - PSPV-PSOE CASTELL\u00d3","isPartOf":{"@id":"https:\/\/agrupacionespsoe.es\/castello\/#website"},"primaryImageOfPage":{"@id":"https:\/\/agrupacionespsoe.es\/castello\/va\/el-pspv-presenta-una-mocio-perque-es-done-lectura-en-linici-dels-plens-de-castello-dels-noms-de-dones-xiquets-i-xiquetes-assassinades-per-la-violencia-masclista\/#primaryimage"},"image":{"@id":"https:\/\/agrupacionespsoe.es\/castello\/va\/el-pspv-presenta-una-mocio-perque-es-done-lectura-en-linici-dels-plens-de-castello-dels-noms-de-dones-xiquets-i-xiquetes-assassinades-per-la-violencia-masclista\/#primaryimage"},"thumbnailUrl":"https:\/\/agrupacionespsoe.es\/castello\/wp-content\/uploads\/sites\/45\/2024\/11\/20241121-El-PSPV-presenta-una-mocion-para-que-se-de-lectura-en-el-inicio-de-los-plenos-de-Castello-de-los-nombres-de-mujeres-ninos-y-ninas-asesinadas-por-la-violencia-machista.jpeg","datePublished":"2024-11-21T15:29:39+00:00","dateModified":"2024-11-21T15:29:39+00:00","breadcrumb":{"@id":"https:\/\/agrupacionespsoe.es\/castello\/va\/el-pspv-presenta-una-mocio-perque-es-done-lectura-en-linici-dels-plens-de-castello-dels-noms-de-dones-xiquets-i-xiquetes-assassinades-per-la-violencia-masclista\/#breadcrumb"},"inLanguage":"es","potentialAction":[{"@type":"ReadAction","target":["https:\/\/agrupacionespsoe.es\/castello\/va\/el-pspv-presenta-una-mocio-perque-es-done-lectura-en-linici-dels-plens-de-castello-dels-noms-de-dones-xiquets-i-xiquetes-assassinades-per-la-violencia-masclista\/"]}]},{"@type":"ImageObject","inLanguage":"es","@id":"https:\/\/agrupacionespsoe.es\/castello\/va\/el-pspv-presenta-una-mocio-perque-es-done-lectura-en-linici-dels-plens-de-castello-dels-noms-de-dones-xiquets-i-xiquetes-assassinades-per-la-violencia-masclista\/#primaryimage","url":"https:\/\/agrupacionespsoe.es\/castello\/wp-content\/uploads\/sites\/45\/2024\/11\/20241121-El-PSPV-presenta-una-mocion-para-que-se-de-lectura-en-el-inicio-de-los-plenos-de-Castello-de-los-nombres-de-mujeres-ninos-y-ninas-asesinadas-por-la-violencia-machista.jpeg","contentUrl":"https:\/\/agrupacionespsoe.es\/castello\/wp-content\/uploads\/sites\/45\/2024\/11\/20241121-El-PSPV-presenta-una-mocion-para-que-se-de-lectura-en-el-inicio-de-los-plenos-de-Castello-de-los-nombres-de-mujeres-ninos-y-ninas-asesinadas-por-la-violencia-machista.jpeg","width":2560,"height":1706,"caption":"M\u00f3nica Barabas"},{"@type":"BreadcrumbList","@id":"https:\/\/agrupacionespsoe.es\/castello\/va\/el-pspv-presenta-una-mocio-perque-es-done-lectura-en-linici-dels-plens-de-castello-dels-noms-de-dones-xiquets-i-xiquetes-assassinades-per-la-violencia-masclista\/#breadcrumb","itemListElement":[{"@type":"ListItem","position":1,"name":"Portada","item":"https:\/\/agrupacionespsoe.es\/castello\/"},{"@type":"ListItem","position":2,"name":"El PSPV presenta una moci\u00f3 perqu\u00e8 es done lectura en l&#8217;inici dels plens de Castell\u00f3 dels noms de dones, xiquets i xiquetes assassinades per la viol\u00e8ncia masclista"}]},{"@type":"WebSite","@id":"https:\/\/agrupacionespsoe.es\/castello\/#website","url":"https:\/\/agrupacionespsoe.es\/castello\/","name":"PSPV-PSOE CASTELL\u00d3","description":"PSPV-PSOE | Agrupaci\u00f3 de Castell\u00f3","publisher":{"@id":"https:\/\/agrupacionespsoe.es\/castello\/#organization"},"potentialAction":[{"@type":"SearchAction","target":{"@type":"EntryPoint","urlTemplate":"https:\/\/agrupacionespsoe.es\/castello\/?s={search_term_string}"},"query-input":{"@type":"PropertyValueSpecification","valueRequired":true,"valueName":"search_term_string"}}],"inLanguage":"es"},{"@type":"Organization","@id":"https:\/\/agrupacionespsoe.es\/castello\/#organization","name":"PSPV-PSOE Castell\u00f3","url":"https:\/\/agrupacionespsoe.es\/castello\/","logo":{"@type":"ImageObject","inLanguage":"es","@id":"https:\/\/agrupacionespsoe.es\/castello\/#\/schema\/logo\/image\/","url":"https:\/\/agrupacionespsoe.es\/castello\/wp-content\/uploads\/sites\/45\/2023\/04\/PORTADA-PSOE-CASTELLO.jpg","contentUrl":"https:\/\/agrupacionespsoe.es\/castello\/wp-content\/uploads\/sites\/45\/2023\/04\/PORTADA-PSOE-CASTELLO.jpg","width":2500,"height":2500,"caption":"PSPV-PSOE Castell\u00f3"},"image":{"@id":"https:\/\/agrupacionespsoe.es\/castello\/#\/schema\/logo\/image\/"},"sameAs":["https:\/\/www.facebook.com\/pspv.castellodelaplana","https:\/\/x.com\/pspv_cs","https:\/\/www.instagram.com\/pspvpsoecastello\/"]},{"@type":"Person","@id":"https:\/\/agrupacionespsoe.es\/castello\/#\/schema\/person\/f3bc5b2f9dc6a399e9e98596ae24a20a","name":"castello1","image":{"@type":"ImageObject","inLanguage":"es","@id":"https:\/\/agrupacionespsoe.es\/castello\/#\/schema\/person\/image\/","url":"https:\/\/secure.gravatar.com\/avatar\/5f1da428d6479d1127419c0b58796865?s=96&d=mm&r=g","contentUrl":"https:\/\/secure.gravatar.com\/avatar\/5f1da428d6479d1127419c0b58796865?s=96&d=mm&r=g","caption":"castello1"},"url":"https:\/\/agrupacionespsoe.es\/castello\/author\/castello1\/"}]}},"jetpack_publicize_connections":[],"jetpack_featured_media_url":"https:\/\/agrupacionespsoe.es\/castello\/wp-content\/uploads\/sites\/45\/2024\/11\/20241121-El-PSPV-presenta-una-mocion-para-que-se-de-lectura-en-el-inicio-de-los-plenos-de-Castello-de-los-nombres-de-mujeres-ninos-y-ninas-asesinadas-por-la-violencia-machista.jpeg","jetpack_sharing_enabled":true,"_links":{"self":[{"href":"https:\/\/agrupacionespsoe.es\/castello\/wp-json\/wp\/v2\/posts\/6715","targetHints":{"allow":["GET"]}}],"collection":[{"href":"https:\/\/agrupacionespsoe.es\/castello\/wp-json\/wp\/v2\/posts"}],"about":[{"href":"https:\/\/agrupacionespsoe.es\/castello\/wp-json\/wp\/v2\/types\/post"}],"author":[{"embeddable":true,"href":"https:\/\/agrupacionespsoe.es\/castello\/wp-json\/wp\/v2\/users\/48"}],"replies":[{"embeddable":true,"href":"https:\/\/agrupacionespsoe.es\/castello\/wp-json\/wp\/v2\/comments?post=6715"}],"version-history":[{"count":1,"href":"https:\/\/agrupacionespsoe.es\/castello\/wp-json\/wp\/v2\/posts\/6715\/revisions"}],"predecessor-version":[{"id":6716,"href":"https:\/\/agrupacionespsoe.es\/castello\/wp-json\/wp\/v2\/posts\/6715\/revisions\/6716"}],"wp:featuredmedia":[{"embeddable":true,"href":"https:\/\/agrupacionespsoe.es\/castello\/wp-json\/wp\/v2\/media\/6714"}],"wp:attachment":[{"href":"https:\/\/agrupacionespsoe.es\/castello\/wp-json\/wp\/v2\/media?parent=6715"}],"wp:term":[{"taxonomy":"category","embeddable":true,"href":"https:\/\/agrupacionespsoe.es\/castello\/wp-json\/wp\/v2\/categories?post=6715"},{"taxonomy":"post_tag","embeddable":true,"href":"https:\/\/agrupacionespsoe.es\/castello\/wp-json\/wp\/v2\/tags?post=6715"}],"curies":[{"name":"wp","href":"https:\/\/api.w.org\/{rel}","templated":true}]}}