{"id":6712,"date":"2024-11-21T16:27:08","date_gmt":"2024-11-21T15:27:08","guid":{"rendered":"https:\/\/agrupacionespsoe.es\/castello\/?p=6712"},"modified":"2024-11-21T16:28:28","modified_gmt":"2024-11-21T15:28:28","slug":"el-pspv-presenta-una-mocion-para-que-se-de-lectura-en-el-inicio-de-los-plenos-de-castello-de-los-nombres-de-mujeres-ninos-y-ninas-asesinadas-por-la-violencia-machista","status":"publish","type":"post","link":"https:\/\/agrupacionespsoe.es\/castello\/el-pspv-presenta-una-mocion-para-que-se-de-lectura-en-el-inicio-de-los-plenos-de-castello-de-los-nombres-de-mujeres-ninos-y-ninas-asesinadas-por-la-violencia-machista\/","title":{"rendered":"El PSPV presenta una moci\u00f3n para que se d\u00e9 lectura en el inicio de los plenos de Castell\u00f3 de los nombres de mujeres, ni\u00f1os y ni\u00f1as asesinadas por la violencia machista"},"content":{"rendered":"\n<p>El Grupo Municipal Socialista de Castell\u00f3 ha registrado una moci\u00f3n para que en el inicio de los plenos del ayuntamiento se d\u00e9 lectura de los nombres de las mujeres, ni\u00f1os y ni\u00f1as asesinadas por la violencia machista del a\u00f1o en curso, \u201cuna propuesta que tiene como objetivo visibilizar y explicitar el compromiso del consistorio castellonense en la lucha contra su erradicaci\u00f3n\u201d, se\u00f1ala la edil socialista<strong> M\u00f3nica Barab\u00e1s<\/strong>.<\/p>\n\n\n\n<p>El PSPV-PSOE reconoce de esta manera la labor que realizan a diario las diferentes asociaciones feministas, colectivos desde donde parte esta iniciativa, \u201cque hacemos nuestra y, como no pod\u00eda ser de otra manera, trasladamos al pleno para su aprobaci\u00f3n por parte de la corporaci\u00f3n\u201d.<\/p>\n\n\n\n<p>La moci\u00f3n ser\u00e1 debatida en\u00a0la sesi\u00f3n plenaria\u00a0del\u00a0pr\u00f3ximo\u00a0jueves 28 de noviembre.\u00a0Como destaca Barab\u00e1s, \u201csomos conscientes de que los negacionistas de Vox van a despreciarla, pero queremos pensar que saldr\u00e1 adelante con el apoyo el grupo popular si, como tanto dice p\u00fablicamente la alcaldesa, <strong>Bego\u00f1a Carrasco<\/strong>, est\u00e1 tan comprometida para combatir la violencia machista\u201d.<\/p>\n\n\n\n<p>Barab\u00e1s, en este sentido, reclama al PP \u201cque se deje de demagogias, que es lo que marca sus discursos cuando debatimos sobre la violencia de g\u00e9nero, y d\u00e9 un paso m\u00e1s en el inexcusable compromiso que debe tener nuestra ciudad con la erradicaci\u00f3n del machismo, porque un paso atr\u00e1s ser\u00eda abrazarse a las tesis de la ultraderecha de Vox\u201d.<\/p>\n\n\n\n<p>El Ayuntamiento de Castell\u00f3, tal y como se recuerda en la moci\u00f3n, es la administraci\u00f3n p\u00fablica m\u00e1s pr\u00f3xima a la ciudadan\u00eda, por lo que tiene, no solo el deber moral, sino tambi\u00e9n la obligaci\u00f3n legal de \u00abllevar a cabo actuaciones que pongan de manifiesto nuestro compromiso con la erradicaci\u00f3n de una violencia que se reconoce presente en todos los \u00e1mbitos de nuestra sociedad y que tiene su mayor y m\u00e1s tr\u00e1gico exponente en los 1.284 asesinatos de mujeres registrados desde 2003, 40 de ellos en el presente a\u00f1o\u00bb.<\/p>\n\n\n\n<p>Actualmente, \u00abcuando algunos sectores reaccionarios tratan de negar y as\u00ed invisibilizar esta realidad, tenemos que demostrar que la lucha contra la violencia machista tiene que ser un eje transversal en nuestra actuaci\u00f3n como personas con cargo p\u00fablico, trasladando as\u00ed a quienes puedan estar sufriendo esta situaci\u00f3n nuestro apoyo y nuestra solidaridad, al margen de nuestra posici\u00f3n ideol\u00f3gica\u00bb.<br><br>En una sociedad legalmente igualitaria, las cifras de muertes y agresiones contra las mujeres y las ni\u00f1as y los ni\u00f1os \u00abcontin\u00faan siendo abrumadoras y, a\u00f1o tras a\u00f1o, nos indican que hoy m\u00e1s que nunca es necesario incrementar esfuerzos y erradicar aquellas actitudes y comportamientos que reproducen la desigualdad y que est\u00e1n en el origen de la violencia de g\u00e9nero, contribuyendo a perpetuarla\u00bb.<\/p>\n\n\n\n<p>Por ello, desde el Grupo Municipal Socialista se insiste en que \u00abla superaci\u00f3n de este tipo de violencia, aunque es muy compleja, se inicia atajando la desigualdad hist\u00f3rica entre hombres y mujeres, abord\u00e1ndola desde un compromiso real, con la implementaci\u00f3n de medidas integrales eficaces que se traduzcan en pol\u00edticas preventivas y de intervenci\u00f3n desde las edades m\u00e1s tempranas\u00bb.<\/p>\n\n\n\n<p><\/p>\n","protected":false},"excerpt":{"rendered":"<p>El Grupo Municipal Socialista de Castell\u00f3 ha registrado una moci\u00f3n para que en el inicio de los plenos del ayuntamiento se d\u00e9 lectura de los nombres de las mujeres, ni\u00f1os y ni\u00f1as asesinadas por la violencia machista del a\u00f1o en curso, \u201cuna propuesta que tiene como objetivo visibilizar y explicitar el compromiso del consistorio castellonense &#8230;<\/p>\n","protected":false},"author":48,"featured_media":6714,"comment_status":"open","ping_status":"open","sticky":false,"template":"","format":"standard","meta":{"_jetpack_memberships_contains_paid_content":false,"footnotes":"","jetpack_publicize_message":"","jetpack_publicize_feature_enabled":true,"jetpack_social_post_already_shared":false,"jetpack_social_options":{"image_generator_settings":{"template":"highway","default_image_id":0,"font":"","enabled":false},"version":2}},"categories":[33],"tags":[107,448],"class_list":["post-6712","post","type-post","status-publish","format-standard","has-post-thumbnail","hentry","category-gms","tag-monica-barabas","tag-todos-es"],"yoast_head":"<!-- This site is optimized with the Yoast SEO plugin v24.0 - https:\/\/yoast.com\/wordpress\/plugins\/seo\/ -->\n<title>El PSPV presenta una moci\u00f3n para que se d\u00e9 lectura en el inicio de los plenos de Castell\u00f3 de los nombres de mujeres, ni\u00f1os y ni\u00f1as asesinadas por la violencia machista - PSPV-PSOE CASTELL\u00d3<\/title>\n<meta name=\"robots\" content=\"index, follow, max-snippet:-1, max-image-preview:large, max-video-preview:-1\" \/>\n<link rel=\"canonical\" href=\"https:\/\/agrupacionespsoe.es\/castello\/el-pspv-presenta-una-mocion-para-que-se-de-lectura-en-el-inicio-de-los-plenos-de-castello-de-los-nombres-de-mujeres-ninos-y-ninas-asesinadas-por-la-violencia-machista\/\" \/>\n<meta property=\"og:locale\" content=\"es_ES\" \/>\n<meta property=\"og:type\" content=\"article\" \/>\n<meta property=\"og:title\" content=\"El PSPV presenta una moci\u00f3n para que se d\u00e9 lectura en el inicio de los plenos de Castell\u00f3 de los nombres de mujeres, ni\u00f1os y ni\u00f1as asesinadas por la violencia machista - PSPV-PSOE CASTELL\u00d3\" \/>\n<meta property=\"og:description\" content=\"El Grupo Municipal Socialista de Castell\u00f3 ha registrado una moci\u00f3n para que en el inicio de los plenos del ayuntamiento se d\u00e9 lectura de los nombres de las mujeres, ni\u00f1os y ni\u00f1as asesinadas por la violencia machista del a\u00f1o en curso, \u201cuna propuesta que tiene como objetivo visibilizar y explicitar el compromiso del consistorio castellonense ...\" \/>\n<meta property=\"og:url\" content=\"https:\/\/agrupacionespsoe.es\/castello\/el-pspv-presenta-una-mocion-para-que-se-de-lectura-en-el-inicio-de-los-plenos-de-castello-de-los-nombres-de-mujeres-ninos-y-ninas-asesinadas-por-la-violencia-machista\/\" \/>\n<meta property=\"og:site_name\" content=\"PSPV-PSOE CASTELL\u00d3\" \/>\n<meta property=\"article:publisher\" content=\"https:\/\/www.facebook.com\/pspv.castellodelaplana\" \/>\n<meta property=\"article:published_time\" content=\"2024-11-21T15:27:08+00:00\" \/>\n<meta property=\"article:modified_time\" content=\"2024-11-21T15:28:28+00:00\" \/>\n<meta property=\"og:image\" content=\"https:\/\/agrupacionespsoe.es\/castello\/wp-content\/uploads\/sites\/45\/2024\/11\/20241121-El-PSPV-presenta-una-mocion-para-que-se-de-lectura-en-el-inicio-de-los-plenos-de-Castello-de-los-nombres-de-mujeres-ninos-y-ninas-asesinadas-por-la-violencia-machista.jpeg\" \/>\n\t<meta property=\"og:image:width\" content=\"2560\" \/>\n\t<meta property=\"og:image:height\" content=\"1706\" \/>\n\t<meta property=\"og:image:type\" content=\"image\/jpeg\" \/>\n<meta name=\"author\" content=\"castello1\" \/>\n<meta name=\"twitter:card\" content=\"summary_large_image\" \/>\n<meta name=\"twitter:creator\" content=\"@pspv_cs\" \/>\n<meta name=\"twitter:site\" content=\"@pspv_cs\" \/>\n<meta name=\"twitter:label1\" content=\"Escrito por\" \/>\n\t<meta name=\"twitter:data1\" content=\"castello1\" \/>\n\t<meta name=\"twitter:label2\" content=\"Tiempo de lectura\" \/>\n\t<meta name=\"twitter:data2\" content=\"3 minutos\" \/>\n<script type=\"application\/ld+json\" class=\"yoast-schema-graph\">{\"@context\":\"https:\/\/schema.org\",\"@graph\":[{\"@type\":\"Article\",\"@id\":\"https:\/\/agrupacionespsoe.es\/castello\/el-pspv-presenta-una-mocion-para-que-se-de-lectura-en-el-inicio-de-los-plenos-de-castello-de-los-nombres-de-mujeres-ninos-y-ninas-asesinadas-por-la-violencia-machista\/#article\",\"isPartOf\":{\"@id\":\"https:\/\/agrupacionespsoe.es\/castello\/el-pspv-presenta-una-mocion-para-que-se-de-lectura-en-el-inicio-de-los-plenos-de-castello-de-los-nombres-de-mujeres-ninos-y-ninas-asesinadas-por-la-violencia-machista\/\"},\"author\":{\"name\":\"castello1\",\"@id\":\"https:\/\/agrupacionespsoe.es\/castello\/#\/schema\/person\/f3bc5b2f9dc6a399e9e98596ae24a20a\"},\"headline\":\"El PSPV presenta una moci\u00f3n para que se d\u00e9 lectura en el inicio de los plenos de Castell\u00f3 de los nombres de mujeres, ni\u00f1os y ni\u00f1as asesinadas por la violencia machista\",\"datePublished\":\"2024-11-21T15:27:08+00:00\",\"dateModified\":\"2024-11-21T15:28:28+00:00\",\"mainEntityOfPage\":{\"@id\":\"https:\/\/agrupacionespsoe.es\/castello\/el-pspv-presenta-una-mocion-para-que-se-de-lectura-en-el-inicio-de-los-plenos-de-castello-de-los-nombres-de-mujeres-ninos-y-ninas-asesinadas-por-la-violencia-machista\/\"},\"wordCount\":577,\"commentCount\":0,\"publisher\":{\"@id\":\"https:\/\/agrupacionespsoe.es\/castello\/#organization\"},\"image\":{\"@id\":\"https:\/\/agrupacionespsoe.es\/castello\/el-pspv-presenta-una-mocion-para-que-se-de-lectura-en-el-inicio-de-los-plenos-de-castello-de-los-nombres-de-mujeres-ninos-y-ninas-asesinadas-por-la-violencia-machista\/#primaryimage\"},\"thumbnailUrl\":\"https:\/\/agrupacionespsoe.es\/castello\/wp-content\/uploads\/sites\/45\/2024\/11\/20241121-El-PSPV-presenta-una-mocion-para-que-se-de-lectura-en-el-inicio-de-los-plenos-de-Castello-de-los-nombres-de-mujeres-ninos-y-ninas-asesinadas-por-la-violencia-machista.jpeg\",\"keywords\":[\"M\u00f3nica Barab\u00e1s\",\"Todos\"],\"articleSection\":[\"Grupo Municipal Socialista\"],\"inLanguage\":\"es\",\"potentialAction\":[{\"@type\":\"CommentAction\",\"name\":\"Comment\",\"target\":[\"https:\/\/agrupacionespsoe.es\/castello\/el-pspv-presenta-una-mocion-para-que-se-de-lectura-en-el-inicio-de-los-plenos-de-castello-de-los-nombres-de-mujeres-ninos-y-ninas-asesinadas-por-la-violencia-machista\/#respond\"]}]},{\"@type\":\"WebPage\",\"@id\":\"https:\/\/agrupacionespsoe.es\/castello\/el-pspv-presenta-una-mocion-para-que-se-de-lectura-en-el-inicio-de-los-plenos-de-castello-de-los-nombres-de-mujeres-ninos-y-ninas-asesinadas-por-la-violencia-machista\/\",\"url\":\"https:\/\/agrupacionespsoe.es\/castello\/el-pspv-presenta-una-mocion-para-que-se-de-lectura-en-el-inicio-de-los-plenos-de-castello-de-los-nombres-de-mujeres-ninos-y-ninas-asesinadas-por-la-violencia-machista\/\",\"name\":\"El PSPV presenta una moci\u00f3n para que se d\u00e9 lectura en el inicio de los plenos de Castell\u00f3 de los nombres de mujeres, ni\u00f1os y ni\u00f1as asesinadas por la violencia machista - PSPV-PSOE CASTELL\u00d3\",\"isPartOf\":{\"@id\":\"https:\/\/agrupacionespsoe.es\/castello\/#website\"},\"primaryImageOfPage\":{\"@id\":\"https:\/\/agrupacionespsoe.es\/castello\/el-pspv-presenta-una-mocion-para-que-se-de-lectura-en-el-inicio-de-los-plenos-de-castello-de-los-nombres-de-mujeres-ninos-y-ninas-asesinadas-por-la-violencia-machista\/#primaryimage\"},\"image\":{\"@id\":\"https:\/\/agrupacionespsoe.es\/castello\/el-pspv-presenta-una-mocion-para-que-se-de-lectura-en-el-inicio-de-los-plenos-de-castello-de-los-nombres-de-mujeres-ninos-y-ninas-asesinadas-por-la-violencia-machista\/#primaryimage\"},\"thumbnailUrl\":\"https:\/\/agrupacionespsoe.es\/castello\/wp-content\/uploads\/sites\/45\/2024\/11\/20241121-El-PSPV-presenta-una-mocion-para-que-se-de-lectura-en-el-inicio-de-los-plenos-de-Castello-de-los-nombres-de-mujeres-ninos-y-ninas-asesinadas-por-la-violencia-machista.jpeg\",\"datePublished\":\"2024-11-21T15:27:08+00:00\",\"dateModified\":\"2024-11-21T15:28:28+00:00\",\"breadcrumb\":{\"@id\":\"https:\/\/agrupacionespsoe.es\/castello\/el-pspv-presenta-una-mocion-para-que-se-de-lectura-en-el-inicio-de-los-plenos-de-castello-de-los-nombres-de-mujeres-ninos-y-ninas-asesinadas-por-la-violencia-machista\/#breadcrumb\"},\"inLanguage\":\"es\",\"potentialAction\":[{\"@type\":\"ReadAction\",\"target\":[\"https:\/\/agrupacionespsoe.es\/castello\/el-pspv-presenta-una-mocion-para-que-se-de-lectura-en-el-inicio-de-los-plenos-de-castello-de-los-nombres-de-mujeres-ninos-y-ninas-asesinadas-por-la-violencia-machista\/\"]}]},{\"@type\":\"ImageObject\",\"inLanguage\":\"es\",\"@id\":\"https:\/\/agrupacionespsoe.es\/castello\/el-pspv-presenta-una-mocion-para-que-se-de-lectura-en-el-inicio-de-los-plenos-de-castello-de-los-nombres-de-mujeres-ninos-y-ninas-asesinadas-por-la-violencia-machista\/#primaryimage\",\"url\":\"https:\/\/agrupacionespsoe.es\/castello\/wp-content\/uploads\/sites\/45\/2024\/11\/20241121-El-PSPV-presenta-una-mocion-para-que-se-de-lectura-en-el-inicio-de-los-plenos-de-Castello-de-los-nombres-de-mujeres-ninos-y-ninas-asesinadas-por-la-violencia-machista.jpeg\",\"contentUrl\":\"https:\/\/agrupacionespsoe.es\/castello\/wp-content\/uploads\/sites\/45\/2024\/11\/20241121-El-PSPV-presenta-una-mocion-para-que-se-de-lectura-en-el-inicio-de-los-plenos-de-Castello-de-los-nombres-de-mujeres-ninos-y-ninas-asesinadas-por-la-violencia-machista.jpeg\",\"width\":2560,\"height\":1706,\"caption\":\"M\u00f3nica Barabas\"},{\"@type\":\"BreadcrumbList\",\"@id\":\"https:\/\/agrupacionespsoe.es\/castello\/el-pspv-presenta-una-mocion-para-que-se-de-lectura-en-el-inicio-de-los-plenos-de-castello-de-los-nombres-de-mujeres-ninos-y-ninas-asesinadas-por-la-violencia-machista\/#breadcrumb\",\"itemListElement\":[{\"@type\":\"ListItem\",\"position\":1,\"name\":\"Portada\",\"item\":\"https:\/\/agrupacionespsoe.es\/castello\/\"},{\"@type\":\"ListItem\",\"position\":2,\"name\":\"El PSPV presenta una moci\u00f3n para que se d\u00e9 lectura en el inicio de los plenos de Castell\u00f3 de los nombres de mujeres, ni\u00f1os y ni\u00f1as asesinadas por la violencia machista\"}]},{\"@type\":\"WebSite\",\"@id\":\"https:\/\/agrupacionespsoe.es\/castello\/#website\",\"url\":\"https:\/\/agrupacionespsoe.es\/castello\/\",\"name\":\"PSPV-PSOE CASTELL\u00d3\",\"description\":\"PSPV-PSOE | Agrupaci\u00f3 de Castell\u00f3\",\"publisher\":{\"@id\":\"https:\/\/agrupacionespsoe.es\/castello\/#organization\"},\"potentialAction\":[{\"@type\":\"SearchAction\",\"target\":{\"@type\":\"EntryPoint\",\"urlTemplate\":\"https:\/\/agrupacionespsoe.es\/castello\/?s={search_term_string}\"},\"query-input\":{\"@type\":\"PropertyValueSpecification\",\"valueRequired\":true,\"valueName\":\"search_term_string\"}}],\"inLanguage\":\"es\"},{\"@type\":\"Organization\",\"@id\":\"https:\/\/agrupacionespsoe.es\/castello\/#organization\",\"name\":\"PSPV-PSOE Castell\u00f3\",\"url\":\"https:\/\/agrupacionespsoe.es\/castello\/\",\"logo\":{\"@type\":\"ImageObject\",\"inLanguage\":\"es\",\"@id\":\"https:\/\/agrupacionespsoe.es\/castello\/#\/schema\/logo\/image\/\",\"url\":\"https:\/\/agrupacionespsoe.es\/castello\/wp-content\/uploads\/sites\/45\/2023\/04\/PORTADA-PSOE-CASTELLO.jpg\",\"contentUrl\":\"https:\/\/agrupacionespsoe.es\/castello\/wp-content\/uploads\/sites\/45\/2023\/04\/PORTADA-PSOE-CASTELLO.jpg\",\"width\":2500,\"height\":2500,\"caption\":\"PSPV-PSOE Castell\u00f3\"},\"image\":{\"@id\":\"https:\/\/agrupacionespsoe.es\/castello\/#\/schema\/logo\/image\/\"},\"sameAs\":[\"https:\/\/www.facebook.com\/pspv.castellodelaplana\",\"https:\/\/x.com\/pspv_cs\",\"https:\/\/www.instagram.com\/pspvpsoecastello\/\"]},{\"@type\":\"Person\",\"@id\":\"https:\/\/agrupacionespsoe.es\/castello\/#\/schema\/person\/f3bc5b2f9dc6a399e9e98596ae24a20a\",\"name\":\"castello1\",\"image\":{\"@type\":\"ImageObject\",\"inLanguage\":\"es\",\"@id\":\"https:\/\/agrupacionespsoe.es\/castello\/#\/schema\/person\/image\/\",\"url\":\"https:\/\/secure.gravatar.com\/avatar\/5f1da428d6479d1127419c0b58796865?s=96&d=mm&r=g\",\"contentUrl\":\"https:\/\/secure.gravatar.com\/avatar\/5f1da428d6479d1127419c0b58796865?s=96&d=mm&r=g\",\"caption\":\"castello1\"},\"url\":\"https:\/\/agrupacionespsoe.es\/castello\/author\/castello1\/\"}]}<\/script>\n<!-- \/ Yoast SEO plugin. -->","yoast_head_json":{"title":"El PSPV presenta una moci\u00f3n para que se d\u00e9 lectura en el inicio de los plenos de Castell\u00f3 de los nombres de mujeres, ni\u00f1os y ni\u00f1as asesinadas por la violencia machista - PSPV-PSOE CASTELL\u00d3","robots":{"index":"index","follow":"follow","max-snippet":"max-snippet:-1","max-image-preview":"max-image-preview:large","max-video-preview":"max-video-preview:-1"},"canonical":"https:\/\/agrupacionespsoe.es\/castello\/el-pspv-presenta-una-mocion-para-que-se-de-lectura-en-el-inicio-de-los-plenos-de-castello-de-los-nombres-de-mujeres-ninos-y-ninas-asesinadas-por-la-violencia-machista\/","og_locale":"es_ES","og_type":"article","og_title":"El PSPV presenta una moci\u00f3n para que se d\u00e9 lectura en el inicio de los plenos de Castell\u00f3 de los nombres de mujeres, ni\u00f1os y ni\u00f1as asesinadas por la violencia machista - PSPV-PSOE CASTELL\u00d3","og_description":"El Grupo Municipal Socialista de Castell\u00f3 ha registrado una moci\u00f3n para que en el inicio de los plenos del ayuntamiento se d\u00e9 lectura de los nombres de las mujeres, ni\u00f1os y ni\u00f1as asesinadas por la violencia machista del a\u00f1o en curso, \u201cuna propuesta que tiene como objetivo visibilizar y explicitar el compromiso del consistorio castellonense ...","og_url":"https:\/\/agrupacionespsoe.es\/castello\/el-pspv-presenta-una-mocion-para-que-se-de-lectura-en-el-inicio-de-los-plenos-de-castello-de-los-nombres-de-mujeres-ninos-y-ninas-asesinadas-por-la-violencia-machista\/","og_site_name":"PSPV-PSOE CASTELL\u00d3","article_publisher":"https:\/\/www.facebook.com\/pspv.castellodelaplana","article_published_time":"2024-11-21T15:27:08+00:00","article_modified_time":"2024-11-21T15:28:28+00:00","og_image":[{"width":2560,"height":1706,"url":"https:\/\/agrupacionespsoe.es\/castello\/wp-content\/uploads\/sites\/45\/2024\/11\/20241121-El-PSPV-presenta-una-mocion-para-que-se-de-lectura-en-el-inicio-de-los-plenos-de-Castello-de-los-nombres-de-mujeres-ninos-y-ninas-asesinadas-por-la-violencia-machista.jpeg","type":"image\/jpeg"}],"author":"castello1","twitter_card":"summary_large_image","twitter_creator":"@pspv_cs","twitter_site":"@pspv_cs","twitter_misc":{"Escrito por":"castello1","Tiempo de lectura":"3 minutos"},"schema":{"@context":"https:\/\/schema.org","@graph":[{"@type":"Article","@id":"https:\/\/agrupacionespsoe.es\/castello\/el-pspv-presenta-una-mocion-para-que-se-de-lectura-en-el-inicio-de-los-plenos-de-castello-de-los-nombres-de-mujeres-ninos-y-ninas-asesinadas-por-la-violencia-machista\/#article","isPartOf":{"@id":"https:\/\/agrupacionespsoe.es\/castello\/el-pspv-presenta-una-mocion-para-que-se-de-lectura-en-el-inicio-de-los-plenos-de-castello-de-los-nombres-de-mujeres-ninos-y-ninas-asesinadas-por-la-violencia-machista\/"},"author":{"name":"castello1","@id":"https:\/\/agrupacionespsoe.es\/castello\/#\/schema\/person\/f3bc5b2f9dc6a399e9e98596ae24a20a"},"headline":"El PSPV presenta una moci\u00f3n para que se d\u00e9 lectura en el inicio de los plenos de Castell\u00f3 de los nombres de mujeres, ni\u00f1os y ni\u00f1as asesinadas por la violencia machista","datePublished":"2024-11-21T15:27:08+00:00","dateModified":"2024-11-21T15:28:28+00:00","mainEntityOfPage":{"@id":"https:\/\/agrupacionespsoe.es\/castello\/el-pspv-presenta-una-mocion-para-que-se-de-lectura-en-el-inicio-de-los-plenos-de-castello-de-los-nombres-de-mujeres-ninos-y-ninas-asesinadas-por-la-violencia-machista\/"},"wordCount":577,"commentCount":0,"publisher":{"@id":"https:\/\/agrupacionespsoe.es\/castello\/#organization"},"image":{"@id":"https:\/\/agrupacionespsoe.es\/castello\/el-pspv-presenta-una-mocion-para-que-se-de-lectura-en-el-inicio-de-los-plenos-de-castello-de-los-nombres-de-mujeres-ninos-y-ninas-asesinadas-por-la-violencia-machista\/#primaryimage"},"thumbnailUrl":"https:\/\/agrupacionespsoe.es\/castello\/wp-content\/uploads\/sites\/45\/2024\/11\/20241121-El-PSPV-presenta-una-mocion-para-que-se-de-lectura-en-el-inicio-de-los-plenos-de-Castello-de-los-nombres-de-mujeres-ninos-y-ninas-asesinadas-por-la-violencia-machista.jpeg","keywords":["M\u00f3nica Barab\u00e1s","Todos"],"articleSection":["Grupo Municipal Socialista"],"inLanguage":"es","potentialAction":[{"@type":"CommentAction","name":"Comment","target":["https:\/\/agrupacionespsoe.es\/castello\/el-pspv-presenta-una-mocion-para-que-se-de-lectura-en-el-inicio-de-los-plenos-de-castello-de-los-nombres-de-mujeres-ninos-y-ninas-asesinadas-por-la-violencia-machista\/#respond"]}]},{"@type":"WebPage","@id":"https:\/\/agrupacionespsoe.es\/castello\/el-pspv-presenta-una-mocion-para-que-se-de-lectura-en-el-inicio-de-los-plenos-de-castello-de-los-nombres-de-mujeres-ninos-y-ninas-asesinadas-por-la-violencia-machista\/","url":"https:\/\/agrupacionespsoe.es\/castello\/el-pspv-presenta-una-mocion-para-que-se-de-lectura-en-el-inicio-de-los-plenos-de-castello-de-los-nombres-de-mujeres-ninos-y-ninas-asesinadas-por-la-violencia-machista\/","name":"El PSPV presenta una moci\u00f3n para que se d\u00e9 lectura en el inicio de los plenos de Castell\u00f3 de los nombres de mujeres, ni\u00f1os y ni\u00f1as asesinadas por la violencia machista - PSPV-PSOE CASTELL\u00d3","isPartOf":{"@id":"https:\/\/agrupacionespsoe.es\/castello\/#website"},"primaryImageOfPage":{"@id":"https:\/\/agrupacionespsoe.es\/castello\/el-pspv-presenta-una-mocion-para-que-se-de-lectura-en-el-inicio-de-los-plenos-de-castello-de-los-nombres-de-mujeres-ninos-y-ninas-asesinadas-por-la-violencia-machista\/#primaryimage"},"image":{"@id":"https:\/\/agrupacionespsoe.es\/castello\/el-pspv-presenta-una-mocion-para-que-se-de-lectura-en-el-inicio-de-los-plenos-de-castello-de-los-nombres-de-mujeres-ninos-y-ninas-asesinadas-por-la-violencia-machista\/#primaryimage"},"thumbnailUrl":"https:\/\/agrupacionespsoe.es\/castello\/wp-content\/uploads\/sites\/45\/2024\/11\/20241121-El-PSPV-presenta-una-mocion-para-que-se-de-lectura-en-el-inicio-de-los-plenos-de-Castello-de-los-nombres-de-mujeres-ninos-y-ninas-asesinadas-por-la-violencia-machista.jpeg","datePublished":"2024-11-21T15:27:08+00:00","dateModified":"2024-11-21T15:28:28+00:00","breadcrumb":{"@id":"https:\/\/agrupacionespsoe.es\/castello\/el-pspv-presenta-una-mocion-para-que-se-de-lectura-en-el-inicio-de-los-plenos-de-castello-de-los-nombres-de-mujeres-ninos-y-ninas-asesinadas-por-la-violencia-machista\/#breadcrumb"},"inLanguage":"es","potentialAction":[{"@type":"ReadAction","target":["https:\/\/agrupacionespsoe.es\/castello\/el-pspv-presenta-una-mocion-para-que-se-de-lectura-en-el-inicio-de-los-plenos-de-castello-de-los-nombres-de-mujeres-ninos-y-ninas-asesinadas-por-la-violencia-machista\/"]}]},{"@type":"ImageObject","inLanguage":"es","@id":"https:\/\/agrupacionespsoe.es\/castello\/el-pspv-presenta-una-mocion-para-que-se-de-lectura-en-el-inicio-de-los-plenos-de-castello-de-los-nombres-de-mujeres-ninos-y-ninas-asesinadas-por-la-violencia-machista\/#primaryimage","url":"https:\/\/agrupacionespsoe.es\/castello\/wp-content\/uploads\/sites\/45\/2024\/11\/20241121-El-PSPV-presenta-una-mocion-para-que-se-de-lectura-en-el-inicio-de-los-plenos-de-Castello-de-los-nombres-de-mujeres-ninos-y-ninas-asesinadas-por-la-violencia-machista.jpeg","contentUrl":"https:\/\/agrupacionespsoe.es\/castello\/wp-content\/uploads\/sites\/45\/2024\/11\/20241121-El-PSPV-presenta-una-mocion-para-que-se-de-lectura-en-el-inicio-de-los-plenos-de-Castello-de-los-nombres-de-mujeres-ninos-y-ninas-asesinadas-por-la-violencia-machista.jpeg","width":2560,"height":1706,"caption":"M\u00f3nica Barabas"},{"@type":"BreadcrumbList","@id":"https:\/\/agrupacionespsoe.es\/castello\/el-pspv-presenta-una-mocion-para-que-se-de-lectura-en-el-inicio-de-los-plenos-de-castello-de-los-nombres-de-mujeres-ninos-y-ninas-asesinadas-por-la-violencia-machista\/#breadcrumb","itemListElement":[{"@type":"ListItem","position":1,"name":"Portada","item":"https:\/\/agrupacionespsoe.es\/castello\/"},{"@type":"ListItem","position":2,"name":"El PSPV presenta una moci\u00f3n para que se d\u00e9 lectura en el inicio de los plenos de Castell\u00f3 de los nombres de mujeres, ni\u00f1os y ni\u00f1as asesinadas por la violencia machista"}]},{"@type":"WebSite","@id":"https:\/\/agrupacionespsoe.es\/castello\/#website","url":"https:\/\/agrupacionespsoe.es\/castello\/","name":"PSPV-PSOE CASTELL\u00d3","description":"PSPV-PSOE | Agrupaci\u00f3 de Castell\u00f3","publisher":{"@id":"https:\/\/agrupacionespsoe.es\/castello\/#organization"},"potentialAction":[{"@type":"SearchAction","target":{"@type":"EntryPoint","urlTemplate":"https:\/\/agrupacionespsoe.es\/castello\/?s={search_term_string}"},"query-input":{"@type":"PropertyValueSpecification","valueRequired":true,"valueName":"search_term_string"}}],"inLanguage":"es"},{"@type":"Organization","@id":"https:\/\/agrupacionespsoe.es\/castello\/#organization","name":"PSPV-PSOE Castell\u00f3","url":"https:\/\/agrupacionespsoe.es\/castello\/","logo":{"@type":"ImageObject","inLanguage":"es","@id":"https:\/\/agrupacionespsoe.es\/castello\/#\/schema\/logo\/image\/","url":"https:\/\/agrupacionespsoe.es\/castello\/wp-content\/uploads\/sites\/45\/2023\/04\/PORTADA-PSOE-CASTELLO.jpg","contentUrl":"https:\/\/agrupacionespsoe.es\/castello\/wp-content\/uploads\/sites\/45\/2023\/04\/PORTADA-PSOE-CASTELLO.jpg","width":2500,"height":2500,"caption":"PSPV-PSOE Castell\u00f3"},"image":{"@id":"https:\/\/agrupacionespsoe.es\/castello\/#\/schema\/logo\/image\/"},"sameAs":["https:\/\/www.facebook.com\/pspv.castellodelaplana","https:\/\/x.com\/pspv_cs","https:\/\/www.instagram.com\/pspvpsoecastello\/"]},{"@type":"Person","@id":"https:\/\/agrupacionespsoe.es\/castello\/#\/schema\/person\/f3bc5b2f9dc6a399e9e98596ae24a20a","name":"castello1","image":{"@type":"ImageObject","inLanguage":"es","@id":"https:\/\/agrupacionespsoe.es\/castello\/#\/schema\/person\/image\/","url":"https:\/\/secure.gravatar.com\/avatar\/5f1da428d6479d1127419c0b58796865?s=96&d=mm&r=g","contentUrl":"https:\/\/secure.gravatar.com\/avatar\/5f1da428d6479d1127419c0b58796865?s=96&d=mm&r=g","caption":"castello1"},"url":"https:\/\/agrupacionespsoe.es\/castello\/author\/castello1\/"}]}},"jetpack_publicize_connections":[],"jetpack_featured_media_url":"https:\/\/agrupacionespsoe.es\/castello\/wp-content\/uploads\/sites\/45\/2024\/11\/20241121-El-PSPV-presenta-una-mocion-para-que-se-de-lectura-en-el-inicio-de-los-plenos-de-Castello-de-los-nombres-de-mujeres-ninos-y-ninas-asesinadas-por-la-violencia-machista.jpeg","jetpack_sharing_enabled":true,"_links":{"self":[{"href":"https:\/\/agrupacionespsoe.es\/castello\/wp-json\/wp\/v2\/posts\/6712","targetHints":{"allow":["GET"]}}],"collection":[{"href":"https:\/\/agrupacionespsoe.es\/castello\/wp-json\/wp\/v2\/posts"}],"about":[{"href":"https:\/\/agrupacionespsoe.es\/castello\/wp-json\/wp\/v2\/types\/post"}],"author":[{"embeddable":true,"href":"https:\/\/agrupacionespsoe.es\/castello\/wp-json\/wp\/v2\/users\/48"}],"replies":[{"embeddable":true,"href":"https:\/\/agrupacionespsoe.es\/castello\/wp-json\/wp\/v2\/comments?post=6712"}],"version-history":[{"count":1,"href":"https:\/\/agrupacionespsoe.es\/castello\/wp-json\/wp\/v2\/posts\/6712\/revisions"}],"predecessor-version":[{"id":6713,"href":"https:\/\/agrupacionespsoe.es\/castello\/wp-json\/wp\/v2\/posts\/6712\/revisions\/6713"}],"wp:featuredmedia":[{"embeddable":true,"href":"https:\/\/agrupacionespsoe.es\/castello\/wp-json\/wp\/v2\/media\/6714"}],"wp:attachment":[{"href":"https:\/\/agrupacionespsoe.es\/castello\/wp-json\/wp\/v2\/media?parent=6712"}],"wp:term":[{"taxonomy":"category","embeddable":true,"href":"https:\/\/agrupacionespsoe.es\/castello\/wp-json\/wp\/v2\/categories?post=6712"},{"taxonomy":"post_tag","embeddable":true,"href":"https:\/\/agrupacionespsoe.es\/castello\/wp-json\/wp\/v2\/tags?post=6712"}],"curies":[{"name":"wp","href":"https:\/\/api.w.org\/{rel}","templated":true}]}}