{"id":6563,"date":"2024-11-01T11:32:10","date_gmt":"2024-11-01T10:32:10","guid":{"rendered":"https:\/\/agrupacionespsoe.es\/castello\/?p=6563"},"modified":"2024-11-01T11:37:07","modified_gmt":"2024-11-01T10:37:07","slug":"alberto-i-el-melancolico","status":"publish","type":"post","link":"https:\/\/agrupacionespsoe.es\/castello\/alberto-i-el-melancolico\/","title":{"rendered":"Alberto I El Melanc\u00f3lico"},"content":{"rendered":"\n<p><strong>Alberto Vidal<\/strong> est\u00e1 melanc\u00f3lico, porque su sue\u00f1o era haber vivido en la Espa\u00f1a Imperial en la que nunca se pon\u00eda el sol. Ha tenido mala suerte. Le ha tocado la del siglo XXI: la Espa\u00f1a que lucha por los derechos de las mujeres, que combate la violencia machista, que trabaja contra el cambio clim\u00e1tico, que defiende los derechos sociales y la educaci\u00f3n y sanidad p\u00fablica\u2026 La Espa\u00f1a que apuesta por ser naci\u00f3n acogedora de las personas que huyen de sus pa\u00edses por buscar una vida mejor.<\/p>\n\n\n\n<p>Alberto I El Melanc\u00f3lico quiso viajar en el tiempo, por eso el concejal de Comercio y Familia se invent\u00f3, con el dinero de toda la ciudadan\u00eda, la \u2018Recreaci\u00f3n de los Tercios de Flandes\u2019, a los que pas\u00f3 revista cual Felipe II. Un evento justificado por Alberto I para \u2018apoyar al comercio local\u2019, un evento fuera de lugar bajo el silencio de Bego\u00f1a Carrasco.<\/p>\n\n\n\n<p>El rey Alberto I no da una. Se invent\u00f3 la mis\u00f3gina campa\u00f1a del D\u00eda de la Suegra que fue un absoluto fiasco, en la que se oblig\u00f3 al sector comercial a aplicar descuentos a cambio\u2026 de nada.<\/p>\n\n\n\n<p>Por no hablar de las ayudas al comercio afectado por las obras en la ciudad: un rid\u00edculo monumental que le oblig\u00f3 a rehacer unas bases desastrosas, sin consenso alguno con el sector.&nbsp;<\/p>\n\n\n\n<p>Y suma y sigue. Ahora reubica el evento \u2018Moda Local al teu Costat\u2019, suspendido por la lluvia, al s\u00e1bado 30 de noviembre, justo un d\u00eda despu\u00e9s de una de las campa\u00f1as comerciales m\u00e1s potentes del a\u00f1o: el \u2018Black Friday\u2019. Si lo quer\u00eda hacer peor, no pod\u00eda.&nbsp;<\/p>\n\n\n\n<p>Nadie al tim\u00f3n del comercio de Castell\u00f3.<\/p>\n\n\n\n<p class=\"has-text-align-right\"><em><strong>Joaqu\u00edn<\/strong> <strong>Giner<\/strong><\/em><br><em>Concejal del Grupo Municipal Socialista en el Ayuntamiento de Castell\u00f3<\/em><\/p>\n","protected":false},"excerpt":{"rendered":"<p>Alberto Vidal est\u00e1 melanc\u00f3lico, porque su sue\u00f1o era haber vivido en la Espa\u00f1a Imperial en la que nunca se pon\u00eda el sol. Ha tenido mala suerte. Le ha tocado la del siglo XXI: la Espa\u00f1a que lucha por los derechos de las mujeres, que combate la violencia machista, que trabaja contra el cambio clim\u00e1tico, que &#8230;<\/p>\n","protected":false},"author":48,"featured_media":509,"comment_status":"closed","ping_status":"open","sticky":false,"template":"","format":"standard","meta":{"_jetpack_memberships_contains_paid_content":false,"footnotes":"","jetpack_publicize_message":"","jetpack_publicize_feature_enabled":true,"jetpack_social_post_already_shared":false,"jetpack_social_options":{"image_generator_settings":{"template":"highway","default_image_id":0,"font":"","enabled":false},"version":2}},"categories":[33,50],"tags":[103,448],"class_list":["post-6563","post","type-post","status-publish","format-standard","has-post-thumbnail","hentry","category-gms","category-opinion","tag-joaquin-giner","tag-todos-es"],"yoast_head":"<!-- This site is optimized with the Yoast SEO plugin v24.0 - https:\/\/yoast.com\/wordpress\/plugins\/seo\/ -->\n<title>Alberto I El Melanc\u00f3lico - PSPV-PSOE CASTELL\u00d3<\/title>\n<meta name=\"robots\" content=\"index, follow, max-snippet:-1, max-image-preview:large, max-video-preview:-1\" \/>\n<link rel=\"canonical\" href=\"https:\/\/agrupacionespsoe.es\/castello\/alberto-i-el-melancolico\/\" \/>\n<meta property=\"og:locale\" content=\"es_ES\" \/>\n<meta property=\"og:type\" content=\"article\" \/>\n<meta property=\"og:title\" content=\"Alberto I El Melanc\u00f3lico - PSPV-PSOE CASTELL\u00d3\" \/>\n<meta property=\"og:description\" content=\"Alberto Vidal est\u00e1 melanc\u00f3lico, porque su sue\u00f1o era haber vivido en la Espa\u00f1a Imperial en la que nunca se pon\u00eda el sol. Ha tenido mala suerte. Le ha tocado la del siglo XXI: la Espa\u00f1a que lucha por los derechos de las mujeres, que combate la violencia machista, que trabaja contra el cambio clim\u00e1tico, que ...\" \/>\n<meta property=\"og:url\" content=\"https:\/\/agrupacionespsoe.es\/castello\/alberto-i-el-melancolico\/\" \/>\n<meta property=\"og:site_name\" content=\"PSPV-PSOE CASTELL\u00d3\" \/>\n<meta property=\"article:publisher\" content=\"https:\/\/www.facebook.com\/pspv.castellodelaplana\" \/>\n<meta property=\"article:published_time\" content=\"2024-11-01T10:32:10+00:00\" \/>\n<meta property=\"article:modified_time\" content=\"2024-11-01T10:37:07+00:00\" \/>\n<meta property=\"og:image\" content=\"https:\/\/agrupacionespsoe.es\/castello\/wp-content\/uploads\/sites\/45\/2023\/04\/8.-JOAQUIN-GINER-PASCUAL-2-scaled.jpg\" \/>\n\t<meta property=\"og:image:width\" content=\"2560\" \/>\n\t<meta property=\"og:image:height\" content=\"2560\" \/>\n\t<meta property=\"og:image:type\" content=\"image\/jpeg\" \/>\n<meta name=\"author\" content=\"castello1\" \/>\n<meta name=\"twitter:card\" content=\"summary_large_image\" \/>\n<meta name=\"twitter:creator\" content=\"@pspv_cs\" \/>\n<meta name=\"twitter:site\" content=\"@pspv_cs\" \/>\n<meta name=\"twitter:label1\" content=\"Escrito por\" \/>\n\t<meta name=\"twitter:data1\" content=\"castello1\" \/>\n\t<meta name=\"twitter:label2\" content=\"Tiempo de lectura\" \/>\n\t<meta name=\"twitter:data2\" content=\"2 minutos\" \/>\n<script type=\"application\/ld+json\" class=\"yoast-schema-graph\">{\"@context\":\"https:\/\/schema.org\",\"@graph\":[{\"@type\":\"Article\",\"@id\":\"https:\/\/agrupacionespsoe.es\/castello\/alberto-i-el-melancolico\/#article\",\"isPartOf\":{\"@id\":\"https:\/\/agrupacionespsoe.es\/castello\/alberto-i-el-melancolico\/\"},\"author\":{\"name\":\"castello1\",\"@id\":\"https:\/\/agrupacionespsoe.es\/castello\/#\/schema\/person\/f3bc5b2f9dc6a399e9e98596ae24a20a\"},\"headline\":\"Alberto I El Melanc\u00f3lico\",\"datePublished\":\"2024-11-01T10:32:10+00:00\",\"dateModified\":\"2024-11-01T10:37:07+00:00\",\"mainEntityOfPage\":{\"@id\":\"https:\/\/agrupacionespsoe.es\/castello\/alberto-i-el-melancolico\/\"},\"wordCount\":318,\"publisher\":{\"@id\":\"https:\/\/agrupacionespsoe.es\/castello\/#organization\"},\"image\":{\"@id\":\"https:\/\/agrupacionespsoe.es\/castello\/alberto-i-el-melancolico\/#primaryimage\"},\"thumbnailUrl\":\"https:\/\/agrupacionespsoe.es\/castello\/wp-content\/uploads\/sites\/45\/2023\/04\/8.-JOAQUIN-GINER-PASCUAL-2-scaled.jpg\",\"keywords\":[\"Joaqu\u00edn Giner\",\"Todos\"],\"articleSection\":[\"Grupo Municipal Socialista\",\"Opini\u00f3n\"],\"inLanguage\":\"es\"},{\"@type\":\"WebPage\",\"@id\":\"https:\/\/agrupacionespsoe.es\/castello\/alberto-i-el-melancolico\/\",\"url\":\"https:\/\/agrupacionespsoe.es\/castello\/alberto-i-el-melancolico\/\",\"name\":\"Alberto I El Melanc\u00f3lico - PSPV-PSOE CASTELL\u00d3\",\"isPartOf\":{\"@id\":\"https:\/\/agrupacionespsoe.es\/castello\/#website\"},\"primaryImageOfPage\":{\"@id\":\"https:\/\/agrupacionespsoe.es\/castello\/alberto-i-el-melancolico\/#primaryimage\"},\"image\":{\"@id\":\"https:\/\/agrupacionespsoe.es\/castello\/alberto-i-el-melancolico\/#primaryimage\"},\"thumbnailUrl\":\"https:\/\/agrupacionespsoe.es\/castello\/wp-content\/uploads\/sites\/45\/2023\/04\/8.-JOAQUIN-GINER-PASCUAL-2-scaled.jpg\",\"datePublished\":\"2024-11-01T10:32:10+00:00\",\"dateModified\":\"2024-11-01T10:37:07+00:00\",\"breadcrumb\":{\"@id\":\"https:\/\/agrupacionespsoe.es\/castello\/alberto-i-el-melancolico\/#breadcrumb\"},\"inLanguage\":\"es\",\"potentialAction\":[{\"@type\":\"ReadAction\",\"target\":[\"https:\/\/agrupacionespsoe.es\/castello\/alberto-i-el-melancolico\/\"]}]},{\"@type\":\"ImageObject\",\"inLanguage\":\"es\",\"@id\":\"https:\/\/agrupacionespsoe.es\/castello\/alberto-i-el-melancolico\/#primaryimage\",\"url\":\"https:\/\/agrupacionespsoe.es\/castello\/wp-content\/uploads\/sites\/45\/2023\/04\/8.-JOAQUIN-GINER-PASCUAL-2-scaled.jpg\",\"contentUrl\":\"https:\/\/agrupacionespsoe.es\/castello\/wp-content\/uploads\/sites\/45\/2023\/04\/8.-JOAQUIN-GINER-PASCUAL-2-scaled.jpg\",\"width\":2560,\"height\":2560},{\"@type\":\"BreadcrumbList\",\"@id\":\"https:\/\/agrupacionespsoe.es\/castello\/alberto-i-el-melancolico\/#breadcrumb\",\"itemListElement\":[{\"@type\":\"ListItem\",\"position\":1,\"name\":\"Portada\",\"item\":\"https:\/\/agrupacionespsoe.es\/castello\/\"},{\"@type\":\"ListItem\",\"position\":2,\"name\":\"Alberto I El Melanc\u00f3lico\"}]},{\"@type\":\"WebSite\",\"@id\":\"https:\/\/agrupacionespsoe.es\/castello\/#website\",\"url\":\"https:\/\/agrupacionespsoe.es\/castello\/\",\"name\":\"PSPV-PSOE CASTELL\u00d3\",\"description\":\"PSPV-PSOE | Agrupaci\u00f3 de Castell\u00f3\",\"publisher\":{\"@id\":\"https:\/\/agrupacionespsoe.es\/castello\/#organization\"},\"potentialAction\":[{\"@type\":\"SearchAction\",\"target\":{\"@type\":\"EntryPoint\",\"urlTemplate\":\"https:\/\/agrupacionespsoe.es\/castello\/?s={search_term_string}\"},\"query-input\":{\"@type\":\"PropertyValueSpecification\",\"valueRequired\":true,\"valueName\":\"search_term_string\"}}],\"inLanguage\":\"es\"},{\"@type\":\"Organization\",\"@id\":\"https:\/\/agrupacionespsoe.es\/castello\/#organization\",\"name\":\"PSPV-PSOE Castell\u00f3\",\"url\":\"https:\/\/agrupacionespsoe.es\/castello\/\",\"logo\":{\"@type\":\"ImageObject\",\"inLanguage\":\"es\",\"@id\":\"https:\/\/agrupacionespsoe.es\/castello\/#\/schema\/logo\/image\/\",\"url\":\"https:\/\/agrupacionespsoe.es\/castello\/wp-content\/uploads\/sites\/45\/2023\/04\/PORTADA-PSOE-CASTELLO.jpg\",\"contentUrl\":\"https:\/\/agrupacionespsoe.es\/castello\/wp-content\/uploads\/sites\/45\/2023\/04\/PORTADA-PSOE-CASTELLO.jpg\",\"width\":2500,\"height\":2500,\"caption\":\"PSPV-PSOE Castell\u00f3\"},\"image\":{\"@id\":\"https:\/\/agrupacionespsoe.es\/castello\/#\/schema\/logo\/image\/\"},\"sameAs\":[\"https:\/\/www.facebook.com\/pspv.castellodelaplana\",\"https:\/\/x.com\/pspv_cs\",\"https:\/\/www.instagram.com\/pspvpsoecastello\/\"]},{\"@type\":\"Person\",\"@id\":\"https:\/\/agrupacionespsoe.es\/castello\/#\/schema\/person\/f3bc5b2f9dc6a399e9e98596ae24a20a\",\"name\":\"castello1\",\"image\":{\"@type\":\"ImageObject\",\"inLanguage\":\"es\",\"@id\":\"https:\/\/agrupacionespsoe.es\/castello\/#\/schema\/person\/image\/\",\"url\":\"https:\/\/secure.gravatar.com\/avatar\/5f1da428d6479d1127419c0b58796865?s=96&d=mm&r=g\",\"contentUrl\":\"https:\/\/secure.gravatar.com\/avatar\/5f1da428d6479d1127419c0b58796865?s=96&d=mm&r=g\",\"caption\":\"castello1\"},\"url\":\"https:\/\/agrupacionespsoe.es\/castello\/author\/castello1\/\"}]}<\/script>\n<!-- \/ Yoast SEO plugin. -->","yoast_head_json":{"title":"Alberto I El Melanc\u00f3lico - PSPV-PSOE CASTELL\u00d3","robots":{"index":"index","follow":"follow","max-snippet":"max-snippet:-1","max-image-preview":"max-image-preview:large","max-video-preview":"max-video-preview:-1"},"canonical":"https:\/\/agrupacionespsoe.es\/castello\/alberto-i-el-melancolico\/","og_locale":"es_ES","og_type":"article","og_title":"Alberto I El Melanc\u00f3lico - PSPV-PSOE CASTELL\u00d3","og_description":"Alberto Vidal est\u00e1 melanc\u00f3lico, porque su sue\u00f1o era haber vivido en la Espa\u00f1a Imperial en la que nunca se pon\u00eda el sol. Ha tenido mala suerte. Le ha tocado la del siglo XXI: la Espa\u00f1a que lucha por los derechos de las mujeres, que combate la violencia machista, que trabaja contra el cambio clim\u00e1tico, que ...","og_url":"https:\/\/agrupacionespsoe.es\/castello\/alberto-i-el-melancolico\/","og_site_name":"PSPV-PSOE CASTELL\u00d3","article_publisher":"https:\/\/www.facebook.com\/pspv.castellodelaplana","article_published_time":"2024-11-01T10:32:10+00:00","article_modified_time":"2024-11-01T10:37:07+00:00","og_image":[{"width":2560,"height":2560,"url":"https:\/\/agrupacionespsoe.es\/castello\/wp-content\/uploads\/sites\/45\/2023\/04\/8.-JOAQUIN-GINER-PASCUAL-2-scaled.jpg","type":"image\/jpeg"}],"author":"castello1","twitter_card":"summary_large_image","twitter_creator":"@pspv_cs","twitter_site":"@pspv_cs","twitter_misc":{"Escrito por":"castello1","Tiempo de lectura":"2 minutos"},"schema":{"@context":"https:\/\/schema.org","@graph":[{"@type":"Article","@id":"https:\/\/agrupacionespsoe.es\/castello\/alberto-i-el-melancolico\/#article","isPartOf":{"@id":"https:\/\/agrupacionespsoe.es\/castello\/alberto-i-el-melancolico\/"},"author":{"name":"castello1","@id":"https:\/\/agrupacionespsoe.es\/castello\/#\/schema\/person\/f3bc5b2f9dc6a399e9e98596ae24a20a"},"headline":"Alberto I El Melanc\u00f3lico","datePublished":"2024-11-01T10:32:10+00:00","dateModified":"2024-11-01T10:37:07+00:00","mainEntityOfPage":{"@id":"https:\/\/agrupacionespsoe.es\/castello\/alberto-i-el-melancolico\/"},"wordCount":318,"publisher":{"@id":"https:\/\/agrupacionespsoe.es\/castello\/#organization"},"image":{"@id":"https:\/\/agrupacionespsoe.es\/castello\/alberto-i-el-melancolico\/#primaryimage"},"thumbnailUrl":"https:\/\/agrupacionespsoe.es\/castello\/wp-content\/uploads\/sites\/45\/2023\/04\/8.-JOAQUIN-GINER-PASCUAL-2-scaled.jpg","keywords":["Joaqu\u00edn Giner","Todos"],"articleSection":["Grupo Municipal Socialista","Opini\u00f3n"],"inLanguage":"es"},{"@type":"WebPage","@id":"https:\/\/agrupacionespsoe.es\/castello\/alberto-i-el-melancolico\/","url":"https:\/\/agrupacionespsoe.es\/castello\/alberto-i-el-melancolico\/","name":"Alberto I El Melanc\u00f3lico - PSPV-PSOE CASTELL\u00d3","isPartOf":{"@id":"https:\/\/agrupacionespsoe.es\/castello\/#website"},"primaryImageOfPage":{"@id":"https:\/\/agrupacionespsoe.es\/castello\/alberto-i-el-melancolico\/#primaryimage"},"image":{"@id":"https:\/\/agrupacionespsoe.es\/castello\/alberto-i-el-melancolico\/#primaryimage"},"thumbnailUrl":"https:\/\/agrupacionespsoe.es\/castello\/wp-content\/uploads\/sites\/45\/2023\/04\/8.-JOAQUIN-GINER-PASCUAL-2-scaled.jpg","datePublished":"2024-11-01T10:32:10+00:00","dateModified":"2024-11-01T10:37:07+00:00","breadcrumb":{"@id":"https:\/\/agrupacionespsoe.es\/castello\/alberto-i-el-melancolico\/#breadcrumb"},"inLanguage":"es","potentialAction":[{"@type":"ReadAction","target":["https:\/\/agrupacionespsoe.es\/castello\/alberto-i-el-melancolico\/"]}]},{"@type":"ImageObject","inLanguage":"es","@id":"https:\/\/agrupacionespsoe.es\/castello\/alberto-i-el-melancolico\/#primaryimage","url":"https:\/\/agrupacionespsoe.es\/castello\/wp-content\/uploads\/sites\/45\/2023\/04\/8.-JOAQUIN-GINER-PASCUAL-2-scaled.jpg","contentUrl":"https:\/\/agrupacionespsoe.es\/castello\/wp-content\/uploads\/sites\/45\/2023\/04\/8.-JOAQUIN-GINER-PASCUAL-2-scaled.jpg","width":2560,"height":2560},{"@type":"BreadcrumbList","@id":"https:\/\/agrupacionespsoe.es\/castello\/alberto-i-el-melancolico\/#breadcrumb","itemListElement":[{"@type":"ListItem","position":1,"name":"Portada","item":"https:\/\/agrupacionespsoe.es\/castello\/"},{"@type":"ListItem","position":2,"name":"Alberto I El Melanc\u00f3lico"}]},{"@type":"WebSite","@id":"https:\/\/agrupacionespsoe.es\/castello\/#website","url":"https:\/\/agrupacionespsoe.es\/castello\/","name":"PSPV-PSOE CASTELL\u00d3","description":"PSPV-PSOE | Agrupaci\u00f3 de Castell\u00f3","publisher":{"@id":"https:\/\/agrupacionespsoe.es\/castello\/#organization"},"potentialAction":[{"@type":"SearchAction","target":{"@type":"EntryPoint","urlTemplate":"https:\/\/agrupacionespsoe.es\/castello\/?s={search_term_string}"},"query-input":{"@type":"PropertyValueSpecification","valueRequired":true,"valueName":"search_term_string"}}],"inLanguage":"es"},{"@type":"Organization","@id":"https:\/\/agrupacionespsoe.es\/castello\/#organization","name":"PSPV-PSOE Castell\u00f3","url":"https:\/\/agrupacionespsoe.es\/castello\/","logo":{"@type":"ImageObject","inLanguage":"es","@id":"https:\/\/agrupacionespsoe.es\/castello\/#\/schema\/logo\/image\/","url":"https:\/\/agrupacionespsoe.es\/castello\/wp-content\/uploads\/sites\/45\/2023\/04\/PORTADA-PSOE-CASTELLO.jpg","contentUrl":"https:\/\/agrupacionespsoe.es\/castello\/wp-content\/uploads\/sites\/45\/2023\/04\/PORTADA-PSOE-CASTELLO.jpg","width":2500,"height":2500,"caption":"PSPV-PSOE Castell\u00f3"},"image":{"@id":"https:\/\/agrupacionespsoe.es\/castello\/#\/schema\/logo\/image\/"},"sameAs":["https:\/\/www.facebook.com\/pspv.castellodelaplana","https:\/\/x.com\/pspv_cs","https:\/\/www.instagram.com\/pspvpsoecastello\/"]},{"@type":"Person","@id":"https:\/\/agrupacionespsoe.es\/castello\/#\/schema\/person\/f3bc5b2f9dc6a399e9e98596ae24a20a","name":"castello1","image":{"@type":"ImageObject","inLanguage":"es","@id":"https:\/\/agrupacionespsoe.es\/castello\/#\/schema\/person\/image\/","url":"https:\/\/secure.gravatar.com\/avatar\/5f1da428d6479d1127419c0b58796865?s=96&d=mm&r=g","contentUrl":"https:\/\/secure.gravatar.com\/avatar\/5f1da428d6479d1127419c0b58796865?s=96&d=mm&r=g","caption":"castello1"},"url":"https:\/\/agrupacionespsoe.es\/castello\/author\/castello1\/"}]}},"jetpack_publicize_connections":[],"jetpack_featured_media_url":"https:\/\/agrupacionespsoe.es\/castello\/wp-content\/uploads\/sites\/45\/2023\/04\/8.-JOAQUIN-GINER-PASCUAL-2-scaled.jpg","jetpack_sharing_enabled":true,"_links":{"self":[{"href":"https:\/\/agrupacionespsoe.es\/castello\/wp-json\/wp\/v2\/posts\/6563","targetHints":{"allow":["GET"]}}],"collection":[{"href":"https:\/\/agrupacionespsoe.es\/castello\/wp-json\/wp\/v2\/posts"}],"about":[{"href":"https:\/\/agrupacionespsoe.es\/castello\/wp-json\/wp\/v2\/types\/post"}],"author":[{"embeddable":true,"href":"https:\/\/agrupacionespsoe.es\/castello\/wp-json\/wp\/v2\/users\/48"}],"replies":[{"embeddable":true,"href":"https:\/\/agrupacionespsoe.es\/castello\/wp-json\/wp\/v2\/comments?post=6563"}],"version-history":[{"count":2,"href":"https:\/\/agrupacionespsoe.es\/castello\/wp-json\/wp\/v2\/posts\/6563\/revisions"}],"predecessor-version":[{"id":6565,"href":"https:\/\/agrupacionespsoe.es\/castello\/wp-json\/wp\/v2\/posts\/6563\/revisions\/6565"}],"wp:featuredmedia":[{"embeddable":true,"href":"https:\/\/agrupacionespsoe.es\/castello\/wp-json\/wp\/v2\/media\/509"}],"wp:attachment":[{"href":"https:\/\/agrupacionespsoe.es\/castello\/wp-json\/wp\/v2\/media?parent=6563"}],"wp:term":[{"taxonomy":"category","embeddable":true,"href":"https:\/\/agrupacionespsoe.es\/castello\/wp-json\/wp\/v2\/categories?post=6563"},{"taxonomy":"post_tag","embeddable":true,"href":"https:\/\/agrupacionespsoe.es\/castello\/wp-json\/wp\/v2\/tags?post=6563"}],"curies":[{"name":"wp","href":"https:\/\/api.w.org\/{rel}","templated":true}]}}