{"id":6454,"date":"2024-10-24T14:10:17","date_gmt":"2024-10-24T12:10:17","guid":{"rendered":"https:\/\/agrupacionespsoe.es\/castello\/?p=6454"},"modified":"2026-03-24T09:09:00","modified_gmt":"2026-03-24T08:09:00","slug":"el-pspv-vota-en-contra-duna-pujada-dimpostos-del-govern-de-begona-carrasco-que-suposara-a-les-families-pagar-una-mitjana-de-86-euros-mes-en-2025","status":"publish","type":"post","link":"https:\/\/agrupacionespsoe.es\/castello\/va\/el-pspv-vota-en-contra-duna-pujada-dimpostos-del-govern-de-begona-carrasco-que-suposara-a-les-families-pagar-una-mitjana-de-86-euros-mes-en-2025\/","title":{"rendered":"El PSPV vota en contra d&#8217;una pujada d&#8217;impostos del govern de Bego\u00f1a Carrasco que suposar\u00e0 a les fam\u00edlies pagar una mitjana de 86 euros m\u00e9s en 2025"},"content":{"rendered":"\n<ul class=\"wp-block-list\">\n<li><em><strong>La regidora socialista M\u00f3nica Barab\u00e1s ha acusat a Bego\u00f1a Carrasco de &#8220;ocultar la pujada de la taxa d&#8217;escombraries, prometent en la campanya electoral de 2023 baixar els impostos a la ciutadania, quan sabia que aquesta taxa havia d&#8217;aplicar-se a partir d&#8217;abril de 2025 en compliment d&#8217;una directiva europea&#8221;<\/strong><\/em><\/li>\n\n\n\n<li><em><strong>La revisi\u00f3 de les ordenances fiscals, aprovada hui amb el vot a favor de PP i Vox, suposar\u00e0 en termes generals que una fam\u00edlia que tinga un habitatge d&#8217;un valor cadastral de 70.000 \u20ac s veur\u00e0 rebaixat el seu IBI en nom\u00e9s 8 \u20ac, al que se sumar\u00e0 una rebaixa de tot just 2 \u20ac si disposa d&#8217;un vehicle mitj\u00e0 de 10 CV\u201d<\/strong><\/em><\/li>\n\n\n\n<li><em><strong>Enfront d&#8217;aix\u00f2, PP i Vox han aprovat hui una pujada de la taxa d&#8217;escombraries amb un increment mitj\u00e0 de 96 euros, &#8220;amb el que al final haurem de cada fam\u00edlia de Castell\u00f3 haur\u00e0 de pagar en 2025 una mitjana de 86 euros m\u00e9s en impostos&#8221;<\/strong><\/em><\/li>\n\n\n\n<li><em><strong>Per a M\u00f3nica Barab\u00e1s, &#8220;estem davant un nou engany de Carrasco i del Partit Popular, incapa\u00e7 de prendre mesures valentes per a compensar l&#8217;augment de la taxa d&#8217;escombraries, d&#8217;obligat compliment perqu\u00e8 aix\u00ed ho va marcar una directiva europea que, cal recordar-ho, va ser impulsada en 2008 per un comissari europeu del grup de centre dreta al qual pertany el PP&#8221;<\/strong><\/em><\/li>\n<\/ul>\n\n\n\n<figure class=\"wp-block-video\"><video autoplay controls src=\"https:\/\/agrupacionespsoe.es\/castello\/wp-content\/uploads\/sites\/45\/2024\/10\/20241024-El-PSPV-vota-en-contra-de-una-subida-de-impuestos-del-gobierno-de-Begona-Carrasco-que-supondra-a-las-familias-pagar-una-media-de-86-euros-mas-en-2025.mp4\"><\/video><\/figure>\n\n\n\n<p>El govern de la dreta i la ultradreta liderat per <strong>Bego\u00f1a Carrasco<\/strong> \u201cha perpetrat hui\u201d un augment de la pressi\u00f3 fiscal a les fam\u00edlies de Castell\u00f3 que suposar\u00e0 una mitjana de m\u00e9s de 86 euros m\u00e9s a pagar durant 2025\u201d. Malgrat les propostes fiscals del Grup Municipal Socialista, en les quals es plantejaven \u201cmesures valentes\u201d per a compensar l&#8217;increment de la taxa d&#8217;escombraries l&#8217;any que ve, \u201cCarrasco ens ha tornat a demostrar hui dues coses: que \u00e9s incapa\u00e7 de gestionar i que fa de la mentida el principal instrument de la seua activitat pol\u00edtica\u201d.<br><br>La regidora socialista<strong> M\u00f3nica Barab\u00e1s<\/strong> ha sigut l&#8217;encarregada defensar les tesis del PSPV en el ple extraordinari celebrat aquest mat\u00ed, en el qual \u201cla ultradreta de Vox i la dreta ultra del PP\u201d han votat en conjunt \u201ca favor de cobrar-li m\u00e9s als i les castellonenques en 2025\u201d. De les cinc ordenances aprovades hui, el PSPV s&#8217;ha abstingut en la d&#8217;ocupaci\u00f3 de via p\u00fablica, per\u00f2 ha votat en contra de les quatre restants: l&#8217;Impost de B\u00e9ns immobles, l&#8217;Impost sobre l&#8217;Increment del Valor dels Terrenys de Naturalesa Urbana, l&#8217;Ordenan\u00e7a Fiscal de l&#8217;Impost sobre Vehicles de Tracci\u00f3 Mec\u00e0nica i la modificaci\u00f3 de l&#8217;Ordenan\u00e7a Fiscal de les taxes per recollida de residus s\u00f2lids urbans, tractament i eliminaci\u00f3.<br><br>Barab\u00e1s, en la seua intervenci\u00f3, ha acusat a Bego\u00f1a Carrasco de \u201cvoler ocultar sempre la pujada de la taxa d&#8217;escombraries, prometent en la campanya electoral de 2023 baixar els impostos a la ciutadania quan sabia que aquesta taxa havia d&#8217;aplicar-se a partir d&#8217;abril de 2025 en compliment de les directives europees&#8221;.<br><br>La revisi\u00f3 de les ordenances fiscals que han plantejat PP i Vox \u201csuposar\u00e0 en termes generals que una fam\u00edlia que tinga un habitatge d&#8217;un valor cadastral de 70.000 \u20ac veur\u00e0 rebaixat el seu IBI en nom\u00e9s 8 \u20ac, al que se sumar\u00e0 una rebaixa de tot just 2 \u20ac si disposa d&#8217;un vehicle mitj\u00e0 de 10 CV\u201d. Enfront d&#8217;aix\u00f2, el govern de Carrasco &#8220;ha ratificat hui una pujada de la taxa d&#8217;escombraries amb un increment mitj\u00e0 de 96 euros, amb el que al final haurem de cada fam\u00edlia de Castell\u00f3 haur\u00e0 de pagar en 2025 una mitjana de 86 euros m\u00e9s en impostos\u201d.<br><br>I per al sector hostaler, \u201cja sabem que presumiran\u201d de mantindre l&#8217;exempci\u00f3 de les taxes d&#8217;ocupaci\u00f3 de via p\u00fablica (OVP), \u201cper\u00f2 la realitat \u00e9s que un bar amb una superf\u00edcie de 125 metres quadrats i una OVP de 11,8 m\u00b2 pagar\u00e0 1.345 euros en 2025 en multiplicar per 2 el cost de les escombraries, una taxa que tamb\u00e9 es duplicar\u00e0 per a la resta de negocis sense que el PP fa\u00e7a res per compensar-ho\u201d.<br><br>Per a la regidora socialista, &#8220;estem davant la plasmaci\u00f3 d&#8217;un nou engany de Carrasco i del Partit Popular, incapa\u00e7os de prendre mesures valentes per a compensar l&#8217;augment de la taxa d&#8217;escombraries, d&#8217;obligat compliment perqu\u00e8 aix\u00ed ho va marcar una directiva europea que, cal recordar-ho, va ser impulsada en 2008 per un comissari europeu del grup al qual pertany el PP&#8221;.<br><br>El problema, com ha exposat la regidora socialista, \u00e9s que \u201cBego\u00f1a Carrasco, i el PP en general, han sigut esclaus de les seues paraules, venent cont\u00ednuament fum amb les seues promeses populistes de baixada d&#8217;impostos coneixent l&#8217;exist\u00e8ncia d&#8217;aquesta taxa\u201d.<br><br><strong>Demag\u00f2gia sobre les escombraries<\/strong><br>En el debat plenari, M\u00f3nica Barab\u00e1s ha recordat que l&#8217;augment de la taxa local de residus s\u00f2lids urbans en 2025 part d&#8217;una directiva europea imposada en 2008 pel comissari de Medi Ambient Stavros Dimas, representant del centredreta europeu\u201d. Una directiva que va obligar els estats membres a prendre mesures pel que fa a les taxes i sistemes de pagament.<br><br>Aix\u00f2 va portar a l&#8217;aprovaci\u00f3, en el Congr\u00e9s dels Diputats, de la Llei\/2022 del 8 d&#8217;abril, \u201cLlei a la qual el Partit Popular no es va oposar encara que aix\u00f2 no haja impedit que la presidenta provincial del PP, Marta Barrachina, haja mentit sense embuts en escriure aquests dies en un article d&#8217;opini\u00f3 que el PP va votar en contra: aix\u00f2 \u00e9s fals\u201d.<br><br>Una Llei de 2022 que, en qualsevol cas, \u201ccomplia amb les recomanacions de la Comissi\u00f3 Europea i que arreplegava la necessitat d&#8217;implantar, en el termini de tres anys, una taxa pel servei de recollida, transport i tractament de residus\u201d. L&#8217;any passat, en 2023, la Comissi\u00f3 Europea \u201cva tornar apuntar que Espanya estava en risc d&#8217;incompliment dels objectius de residus municipals en 2025, la qual cosa podia implicar sancions, i aix\u00f2 tamb\u00e9 ho sabia el PP\u201d.<br><br>Per a M\u00f3nica Barab\u00e1s, \u201cel lamentable de tot aquest tema \u00e9s que ac\u00ed no hi havia cap guerra que obrir, perqu\u00e8 es tractava de complir la llei, i el PP tenia la possibilitat d&#8217;haver realitzat reunions de treball amb el Partit Socialista per a buscar f\u00f3rmules que esmorte\u00efren de manera conjunta aquest augment de la taxa, per\u00f2 mai han volgut dialogar\u201d.<\/p>\n","protected":false},"excerpt":{"rendered":"<p>El govern de la dreta i la ultradreta liderat per Bego\u00f1a Carrasco \u201cha perpetrat hui\u201d un augment de la pressi\u00f3 fiscal a les fam\u00edlies de Castell\u00f3 que suposar\u00e0 una mitjana de m\u00e9s de 86 euros m\u00e9s a pagar durant 2025\u201d. Malgrat les propostes fiscals del Grup Municipal Socialista, en les quals es plantejaven \u201cmesures valentes\u201d &#8230;<\/p>\n","protected":false},"author":48,"featured_media":6451,"comment_status":"open","ping_status":"open","sticky":false,"template":"","format":"standard","meta":{"_jetpack_memberships_contains_paid_content":false,"footnotes":"","jetpack_publicize_message":"","jetpack_publicize_feature_enabled":true,"jetpack_social_post_already_shared":false,"jetpack_social_options":{"image_generator_settings":{"template":"highway","default_image_id":0,"font":"","enabled":false},"version":2}},"categories":[22],"tags":[109,1157,446],"class_list":["post-6454","post","type-post","status-publish","format-standard","has-post-thumbnail","hentry","category-gms-va","tag-monica-barabas-va","tag-multes","tag-todos-va"],"yoast_head":"<!-- This site is optimized with the Yoast SEO plugin v24.0 - https:\/\/yoast.com\/wordpress\/plugins\/seo\/ -->\n<title>El PSPV vota en contra d&#039;una pujada d&#039;impostos del govern de Bego\u00f1a Carrasco que suposar\u00e0 a les fam\u00edlies pagar una mitjana de 86 euros m\u00e9s en 2025 - PSPV-PSOE CASTELL\u00d3<\/title>\n<meta name=\"robots\" content=\"index, follow, max-snippet:-1, max-image-preview:large, max-video-preview:-1\" \/>\n<link rel=\"canonical\" href=\"https:\/\/agrupacionespsoe.es\/castello\/va\/el-pspv-vota-en-contra-duna-pujada-dimpostos-del-govern-de-begona-carrasco-que-suposara-a-les-families-pagar-una-mitjana-de-86-euros-mes-en-2025\/\" \/>\n<meta property=\"og:locale\" content=\"es_ES\" \/>\n<meta property=\"og:type\" content=\"article\" \/>\n<meta property=\"og:title\" content=\"El PSPV vota en contra d&#039;una pujada d&#039;impostos del govern de Bego\u00f1a Carrasco que suposar\u00e0 a les fam\u00edlies pagar una mitjana de 86 euros m\u00e9s en 2025 - PSPV-PSOE CASTELL\u00d3\" \/>\n<meta property=\"og:description\" content=\"El govern de la dreta i la ultradreta liderat per Bego\u00f1a Carrasco \u201cha perpetrat hui\u201d un augment de la pressi\u00f3 fiscal a les fam\u00edlies de Castell\u00f3 que suposar\u00e0 una mitjana de m\u00e9s de 86 euros m\u00e9s a pagar durant 2025\u201d. Malgrat les propostes fiscals del Grup Municipal Socialista, en les quals es plantejaven \u201cmesures valentes\u201d ...\" \/>\n<meta property=\"og:url\" content=\"https:\/\/agrupacionespsoe.es\/castello\/va\/el-pspv-vota-en-contra-duna-pujada-dimpostos-del-govern-de-begona-carrasco-que-suposara-a-les-families-pagar-una-mitjana-de-86-euros-mes-en-2025\/\" \/>\n<meta property=\"og:site_name\" content=\"PSPV-PSOE CASTELL\u00d3\" \/>\n<meta property=\"article:publisher\" content=\"https:\/\/www.facebook.com\/pspv.castellodelaplana\" \/>\n<meta property=\"article:published_time\" content=\"2024-10-24T12:10:17+00:00\" \/>\n<meta property=\"article:modified_time\" content=\"2026-03-24T08:09:00+00:00\" \/>\n<meta property=\"og:image\" content=\"https:\/\/agrupacionespsoe.es\/castello\/wp-content\/uploads\/sites\/45\/2024\/10\/20241024-El-PSPV-vota-en-contra-de-una-subida-de-impuestos-del-gobierno-de-Begona-Carrasco-que-supondra-a-las-familias-pagar-una-media-de-86-euros-mas-en-2025-scaled.jpg\" \/>\n\t<meta property=\"og:image:width\" content=\"2560\" \/>\n\t<meta property=\"og:image:height\" content=\"1920\" \/>\n\t<meta property=\"og:image:type\" content=\"image\/jpeg\" \/>\n<meta name=\"author\" content=\"castello1\" \/>\n<meta name=\"twitter:card\" content=\"summary_large_image\" \/>\n<meta name=\"twitter:creator\" content=\"@pspv_cs\" \/>\n<meta name=\"twitter:site\" content=\"@pspv_cs\" \/>\n<meta name=\"twitter:label1\" content=\"Escrito por\" \/>\n\t<meta name=\"twitter:data1\" content=\"castello1\" \/>\n\t<meta name=\"twitter:label2\" content=\"Tiempo de lectura\" \/>\n\t<meta name=\"twitter:data2\" content=\"5 minutos\" \/>\n<script type=\"application\/ld+json\" class=\"yoast-schema-graph\">{\"@context\":\"https:\/\/schema.org\",\"@graph\":[{\"@type\":\"Article\",\"@id\":\"https:\/\/agrupacionespsoe.es\/castello\/va\/el-pspv-vota-en-contra-duna-pujada-dimpostos-del-govern-de-begona-carrasco-que-suposara-a-les-families-pagar-una-mitjana-de-86-euros-mes-en-2025\/#article\",\"isPartOf\":{\"@id\":\"https:\/\/agrupacionespsoe.es\/castello\/va\/el-pspv-vota-en-contra-duna-pujada-dimpostos-del-govern-de-begona-carrasco-que-suposara-a-les-families-pagar-una-mitjana-de-86-euros-mes-en-2025\/\"},\"author\":{\"name\":\"castello1\",\"@id\":\"https:\/\/agrupacionespsoe.es\/castello\/#\/schema\/person\/f3bc5b2f9dc6a399e9e98596ae24a20a\"},\"headline\":\"El PSPV vota en contra d&#8217;una pujada d&#8217;impostos del govern de Bego\u00f1a Carrasco que suposar\u00e0 a les fam\u00edlies pagar una mitjana de 86 euros m\u00e9s en 2025\",\"datePublished\":\"2024-10-24T12:10:17+00:00\",\"dateModified\":\"2026-03-24T08:09:00+00:00\",\"mainEntityOfPage\":{\"@id\":\"https:\/\/agrupacionespsoe.es\/castello\/va\/el-pspv-vota-en-contra-duna-pujada-dimpostos-del-govern-de-begona-carrasco-que-suposara-a-les-families-pagar-una-mitjana-de-86-euros-mes-en-2025\/\"},\"wordCount\":1046,\"commentCount\":0,\"publisher\":{\"@id\":\"https:\/\/agrupacionespsoe.es\/castello\/#organization\"},\"image\":{\"@id\":\"https:\/\/agrupacionespsoe.es\/castello\/va\/el-pspv-vota-en-contra-duna-pujada-dimpostos-del-govern-de-begona-carrasco-que-suposara-a-les-families-pagar-una-mitjana-de-86-euros-mes-en-2025\/#primaryimage\"},\"thumbnailUrl\":\"https:\/\/agrupacionespsoe.es\/castello\/wp-content\/uploads\/sites\/45\/2024\/10\/20241024-El-PSPV-vota-en-contra-de-una-subida-de-impuestos-del-gobierno-de-Begona-Carrasco-que-supondra-a-las-familias-pagar-una-media-de-86-euros-mas-en-2025-scaled.jpg\",\"keywords\":[\"M\u00f3nica Barab\u00e1s\",\"Multes\",\"Todos\"],\"articleSection\":[\"Grup Municipal Socialista\"],\"inLanguage\":\"es\",\"potentialAction\":[{\"@type\":\"CommentAction\",\"name\":\"Comment\",\"target\":[\"https:\/\/agrupacionespsoe.es\/castello\/va\/el-pspv-vota-en-contra-duna-pujada-dimpostos-del-govern-de-begona-carrasco-que-suposara-a-les-families-pagar-una-mitjana-de-86-euros-mes-en-2025\/#respond\"]}]},{\"@type\":\"WebPage\",\"@id\":\"https:\/\/agrupacionespsoe.es\/castello\/va\/el-pspv-vota-en-contra-duna-pujada-dimpostos-del-govern-de-begona-carrasco-que-suposara-a-les-families-pagar-una-mitjana-de-86-euros-mes-en-2025\/\",\"url\":\"https:\/\/agrupacionespsoe.es\/castello\/va\/el-pspv-vota-en-contra-duna-pujada-dimpostos-del-govern-de-begona-carrasco-que-suposara-a-les-families-pagar-una-mitjana-de-86-euros-mes-en-2025\/\",\"name\":\"El PSPV vota en contra d'una pujada d'impostos del govern de Bego\u00f1a Carrasco que suposar\u00e0 a les fam\u00edlies pagar una mitjana de 86 euros m\u00e9s en 2025 - PSPV-PSOE CASTELL\u00d3\",\"isPartOf\":{\"@id\":\"https:\/\/agrupacionespsoe.es\/castello\/#website\"},\"primaryImageOfPage\":{\"@id\":\"https:\/\/agrupacionespsoe.es\/castello\/va\/el-pspv-vota-en-contra-duna-pujada-dimpostos-del-govern-de-begona-carrasco-que-suposara-a-les-families-pagar-una-mitjana-de-86-euros-mes-en-2025\/#primaryimage\"},\"image\":{\"@id\":\"https:\/\/agrupacionespsoe.es\/castello\/va\/el-pspv-vota-en-contra-duna-pujada-dimpostos-del-govern-de-begona-carrasco-que-suposara-a-les-families-pagar-una-mitjana-de-86-euros-mes-en-2025\/#primaryimage\"},\"thumbnailUrl\":\"https:\/\/agrupacionespsoe.es\/castello\/wp-content\/uploads\/sites\/45\/2024\/10\/20241024-El-PSPV-vota-en-contra-de-una-subida-de-impuestos-del-gobierno-de-Begona-Carrasco-que-supondra-a-las-familias-pagar-una-media-de-86-euros-mas-en-2025-scaled.jpg\",\"datePublished\":\"2024-10-24T12:10:17+00:00\",\"dateModified\":\"2026-03-24T08:09:00+00:00\",\"breadcrumb\":{\"@id\":\"https:\/\/agrupacionespsoe.es\/castello\/va\/el-pspv-vota-en-contra-duna-pujada-dimpostos-del-govern-de-begona-carrasco-que-suposara-a-les-families-pagar-una-mitjana-de-86-euros-mes-en-2025\/#breadcrumb\"},\"inLanguage\":\"es\",\"potentialAction\":[{\"@type\":\"ReadAction\",\"target\":[\"https:\/\/agrupacionespsoe.es\/castello\/va\/el-pspv-vota-en-contra-duna-pujada-dimpostos-del-govern-de-begona-carrasco-que-suposara-a-les-families-pagar-una-mitjana-de-86-euros-mes-en-2025\/\"]}]},{\"@type\":\"ImageObject\",\"inLanguage\":\"es\",\"@id\":\"https:\/\/agrupacionespsoe.es\/castello\/va\/el-pspv-vota-en-contra-duna-pujada-dimpostos-del-govern-de-begona-carrasco-que-suposara-a-les-families-pagar-una-mitjana-de-86-euros-mes-en-2025\/#primaryimage\",\"url\":\"https:\/\/agrupacionespsoe.es\/castello\/wp-content\/uploads\/sites\/45\/2024\/10\/20241024-El-PSPV-vota-en-contra-de-una-subida-de-impuestos-del-gobierno-de-Begona-Carrasco-que-supondra-a-las-familias-pagar-una-media-de-86-euros-mas-en-2025-scaled.jpg\",\"contentUrl\":\"https:\/\/agrupacionespsoe.es\/castello\/wp-content\/uploads\/sites\/45\/2024\/10\/20241024-El-PSPV-vota-en-contra-de-una-subida-de-impuestos-del-gobierno-de-Begona-Carrasco-que-supondra-a-las-familias-pagar-una-media-de-86-euros-mas-en-2025-scaled.jpg\",\"width\":2560,\"height\":1920},{\"@type\":\"BreadcrumbList\",\"@id\":\"https:\/\/agrupacionespsoe.es\/castello\/va\/el-pspv-vota-en-contra-duna-pujada-dimpostos-del-govern-de-begona-carrasco-que-suposara-a-les-families-pagar-una-mitjana-de-86-euros-mes-en-2025\/#breadcrumb\",\"itemListElement\":[{\"@type\":\"ListItem\",\"position\":1,\"name\":\"Portada\",\"item\":\"https:\/\/agrupacionespsoe.es\/castello\/\"},{\"@type\":\"ListItem\",\"position\":2,\"name\":\"El PSPV vota en contra d&#8217;una pujada d&#8217;impostos del govern de Bego\u00f1a Carrasco que suposar\u00e0 a les fam\u00edlies pagar una mitjana de 86 euros m\u00e9s en 2025\"}]},{\"@type\":\"WebSite\",\"@id\":\"https:\/\/agrupacionespsoe.es\/castello\/#website\",\"url\":\"https:\/\/agrupacionespsoe.es\/castello\/\",\"name\":\"PSPV-PSOE CASTELL\u00d3\",\"description\":\"PSPV-PSOE | Agrupaci\u00f3 de Castell\u00f3\",\"publisher\":{\"@id\":\"https:\/\/agrupacionespsoe.es\/castello\/#organization\"},\"potentialAction\":[{\"@type\":\"SearchAction\",\"target\":{\"@type\":\"EntryPoint\",\"urlTemplate\":\"https:\/\/agrupacionespsoe.es\/castello\/?s={search_term_string}\"},\"query-input\":{\"@type\":\"PropertyValueSpecification\",\"valueRequired\":true,\"valueName\":\"search_term_string\"}}],\"inLanguage\":\"es\"},{\"@type\":\"Organization\",\"@id\":\"https:\/\/agrupacionespsoe.es\/castello\/#organization\",\"name\":\"PSPV-PSOE Castell\u00f3\",\"url\":\"https:\/\/agrupacionespsoe.es\/castello\/\",\"logo\":{\"@type\":\"ImageObject\",\"inLanguage\":\"es\",\"@id\":\"https:\/\/agrupacionespsoe.es\/castello\/#\/schema\/logo\/image\/\",\"url\":\"https:\/\/agrupacionespsoe.es\/castello\/wp-content\/uploads\/sites\/45\/2023\/04\/PORTADA-PSOE-CASTELLO.jpg\",\"contentUrl\":\"https:\/\/agrupacionespsoe.es\/castello\/wp-content\/uploads\/sites\/45\/2023\/04\/PORTADA-PSOE-CASTELLO.jpg\",\"width\":2500,\"height\":2500,\"caption\":\"PSPV-PSOE Castell\u00f3\"},\"image\":{\"@id\":\"https:\/\/agrupacionespsoe.es\/castello\/#\/schema\/logo\/image\/\"},\"sameAs\":[\"https:\/\/www.facebook.com\/pspv.castellodelaplana\",\"https:\/\/x.com\/pspv_cs\",\"https:\/\/www.instagram.com\/pspvpsoecastello\/\"]},{\"@type\":\"Person\",\"@id\":\"https:\/\/agrupacionespsoe.es\/castello\/#\/schema\/person\/f3bc5b2f9dc6a399e9e98596ae24a20a\",\"name\":\"castello1\",\"image\":{\"@type\":\"ImageObject\",\"inLanguage\":\"es\",\"@id\":\"https:\/\/agrupacionespsoe.es\/castello\/#\/schema\/person\/image\/\",\"url\":\"https:\/\/secure.gravatar.com\/avatar\/5f1da428d6479d1127419c0b58796865?s=96&d=mm&r=g\",\"contentUrl\":\"https:\/\/secure.gravatar.com\/avatar\/5f1da428d6479d1127419c0b58796865?s=96&d=mm&r=g\",\"caption\":\"castello1\"},\"url\":\"https:\/\/agrupacionespsoe.es\/castello\/author\/castello1\/\"}]}<\/script>\n<!-- \/ Yoast SEO plugin. -->","yoast_head_json":{"title":"El PSPV vota en contra d'una pujada d'impostos del govern de Bego\u00f1a Carrasco que suposar\u00e0 a les fam\u00edlies pagar una mitjana de 86 euros m\u00e9s en 2025 - PSPV-PSOE CASTELL\u00d3","robots":{"index":"index","follow":"follow","max-snippet":"max-snippet:-1","max-image-preview":"max-image-preview:large","max-video-preview":"max-video-preview:-1"},"canonical":"https:\/\/agrupacionespsoe.es\/castello\/va\/el-pspv-vota-en-contra-duna-pujada-dimpostos-del-govern-de-begona-carrasco-que-suposara-a-les-families-pagar-una-mitjana-de-86-euros-mes-en-2025\/","og_locale":"es_ES","og_type":"article","og_title":"El PSPV vota en contra d'una pujada d'impostos del govern de Bego\u00f1a Carrasco que suposar\u00e0 a les fam\u00edlies pagar una mitjana de 86 euros m\u00e9s en 2025 - PSPV-PSOE CASTELL\u00d3","og_description":"El govern de la dreta i la ultradreta liderat per Bego\u00f1a Carrasco \u201cha perpetrat hui\u201d un augment de la pressi\u00f3 fiscal a les fam\u00edlies de Castell\u00f3 que suposar\u00e0 una mitjana de m\u00e9s de 86 euros m\u00e9s a pagar durant 2025\u201d. Malgrat les propostes fiscals del Grup Municipal Socialista, en les quals es plantejaven \u201cmesures valentes\u201d ...","og_url":"https:\/\/agrupacionespsoe.es\/castello\/va\/el-pspv-vota-en-contra-duna-pujada-dimpostos-del-govern-de-begona-carrasco-que-suposara-a-les-families-pagar-una-mitjana-de-86-euros-mes-en-2025\/","og_site_name":"PSPV-PSOE CASTELL\u00d3","article_publisher":"https:\/\/www.facebook.com\/pspv.castellodelaplana","article_published_time":"2024-10-24T12:10:17+00:00","article_modified_time":"2026-03-24T08:09:00+00:00","og_image":[{"width":2560,"height":1920,"url":"https:\/\/agrupacionespsoe.es\/castello\/wp-content\/uploads\/sites\/45\/2024\/10\/20241024-El-PSPV-vota-en-contra-de-una-subida-de-impuestos-del-gobierno-de-Begona-Carrasco-que-supondra-a-las-familias-pagar-una-media-de-86-euros-mas-en-2025-scaled.jpg","type":"image\/jpeg"}],"author":"castello1","twitter_card":"summary_large_image","twitter_creator":"@pspv_cs","twitter_site":"@pspv_cs","twitter_misc":{"Escrito por":"castello1","Tiempo de lectura":"5 minutos"},"schema":{"@context":"https:\/\/schema.org","@graph":[{"@type":"Article","@id":"https:\/\/agrupacionespsoe.es\/castello\/va\/el-pspv-vota-en-contra-duna-pujada-dimpostos-del-govern-de-begona-carrasco-que-suposara-a-les-families-pagar-una-mitjana-de-86-euros-mes-en-2025\/#article","isPartOf":{"@id":"https:\/\/agrupacionespsoe.es\/castello\/va\/el-pspv-vota-en-contra-duna-pujada-dimpostos-del-govern-de-begona-carrasco-que-suposara-a-les-families-pagar-una-mitjana-de-86-euros-mes-en-2025\/"},"author":{"name":"castello1","@id":"https:\/\/agrupacionespsoe.es\/castello\/#\/schema\/person\/f3bc5b2f9dc6a399e9e98596ae24a20a"},"headline":"El PSPV vota en contra d&#8217;una pujada d&#8217;impostos del govern de Bego\u00f1a Carrasco que suposar\u00e0 a les fam\u00edlies pagar una mitjana de 86 euros m\u00e9s en 2025","datePublished":"2024-10-24T12:10:17+00:00","dateModified":"2026-03-24T08:09:00+00:00","mainEntityOfPage":{"@id":"https:\/\/agrupacionespsoe.es\/castello\/va\/el-pspv-vota-en-contra-duna-pujada-dimpostos-del-govern-de-begona-carrasco-que-suposara-a-les-families-pagar-una-mitjana-de-86-euros-mes-en-2025\/"},"wordCount":1046,"commentCount":0,"publisher":{"@id":"https:\/\/agrupacionespsoe.es\/castello\/#organization"},"image":{"@id":"https:\/\/agrupacionespsoe.es\/castello\/va\/el-pspv-vota-en-contra-duna-pujada-dimpostos-del-govern-de-begona-carrasco-que-suposara-a-les-families-pagar-una-mitjana-de-86-euros-mes-en-2025\/#primaryimage"},"thumbnailUrl":"https:\/\/agrupacionespsoe.es\/castello\/wp-content\/uploads\/sites\/45\/2024\/10\/20241024-El-PSPV-vota-en-contra-de-una-subida-de-impuestos-del-gobierno-de-Begona-Carrasco-que-supondra-a-las-familias-pagar-una-media-de-86-euros-mas-en-2025-scaled.jpg","keywords":["M\u00f3nica Barab\u00e1s","Multes","Todos"],"articleSection":["Grup Municipal Socialista"],"inLanguage":"es","potentialAction":[{"@type":"CommentAction","name":"Comment","target":["https:\/\/agrupacionespsoe.es\/castello\/va\/el-pspv-vota-en-contra-duna-pujada-dimpostos-del-govern-de-begona-carrasco-que-suposara-a-les-families-pagar-una-mitjana-de-86-euros-mes-en-2025\/#respond"]}]},{"@type":"WebPage","@id":"https:\/\/agrupacionespsoe.es\/castello\/va\/el-pspv-vota-en-contra-duna-pujada-dimpostos-del-govern-de-begona-carrasco-que-suposara-a-les-families-pagar-una-mitjana-de-86-euros-mes-en-2025\/","url":"https:\/\/agrupacionespsoe.es\/castello\/va\/el-pspv-vota-en-contra-duna-pujada-dimpostos-del-govern-de-begona-carrasco-que-suposara-a-les-families-pagar-una-mitjana-de-86-euros-mes-en-2025\/","name":"El PSPV vota en contra d'una pujada d'impostos del govern de Bego\u00f1a Carrasco que suposar\u00e0 a les fam\u00edlies pagar una mitjana de 86 euros m\u00e9s en 2025 - PSPV-PSOE CASTELL\u00d3","isPartOf":{"@id":"https:\/\/agrupacionespsoe.es\/castello\/#website"},"primaryImageOfPage":{"@id":"https:\/\/agrupacionespsoe.es\/castello\/va\/el-pspv-vota-en-contra-duna-pujada-dimpostos-del-govern-de-begona-carrasco-que-suposara-a-les-families-pagar-una-mitjana-de-86-euros-mes-en-2025\/#primaryimage"},"image":{"@id":"https:\/\/agrupacionespsoe.es\/castello\/va\/el-pspv-vota-en-contra-duna-pujada-dimpostos-del-govern-de-begona-carrasco-que-suposara-a-les-families-pagar-una-mitjana-de-86-euros-mes-en-2025\/#primaryimage"},"thumbnailUrl":"https:\/\/agrupacionespsoe.es\/castello\/wp-content\/uploads\/sites\/45\/2024\/10\/20241024-El-PSPV-vota-en-contra-de-una-subida-de-impuestos-del-gobierno-de-Begona-Carrasco-que-supondra-a-las-familias-pagar-una-media-de-86-euros-mas-en-2025-scaled.jpg","datePublished":"2024-10-24T12:10:17+00:00","dateModified":"2026-03-24T08:09:00+00:00","breadcrumb":{"@id":"https:\/\/agrupacionespsoe.es\/castello\/va\/el-pspv-vota-en-contra-duna-pujada-dimpostos-del-govern-de-begona-carrasco-que-suposara-a-les-families-pagar-una-mitjana-de-86-euros-mes-en-2025\/#breadcrumb"},"inLanguage":"es","potentialAction":[{"@type":"ReadAction","target":["https:\/\/agrupacionespsoe.es\/castello\/va\/el-pspv-vota-en-contra-duna-pujada-dimpostos-del-govern-de-begona-carrasco-que-suposara-a-les-families-pagar-una-mitjana-de-86-euros-mes-en-2025\/"]}]},{"@type":"ImageObject","inLanguage":"es","@id":"https:\/\/agrupacionespsoe.es\/castello\/va\/el-pspv-vota-en-contra-duna-pujada-dimpostos-del-govern-de-begona-carrasco-que-suposara-a-les-families-pagar-una-mitjana-de-86-euros-mes-en-2025\/#primaryimage","url":"https:\/\/agrupacionespsoe.es\/castello\/wp-content\/uploads\/sites\/45\/2024\/10\/20241024-El-PSPV-vota-en-contra-de-una-subida-de-impuestos-del-gobierno-de-Begona-Carrasco-que-supondra-a-las-familias-pagar-una-media-de-86-euros-mas-en-2025-scaled.jpg","contentUrl":"https:\/\/agrupacionespsoe.es\/castello\/wp-content\/uploads\/sites\/45\/2024\/10\/20241024-El-PSPV-vota-en-contra-de-una-subida-de-impuestos-del-gobierno-de-Begona-Carrasco-que-supondra-a-las-familias-pagar-una-media-de-86-euros-mas-en-2025-scaled.jpg","width":2560,"height":1920},{"@type":"BreadcrumbList","@id":"https:\/\/agrupacionespsoe.es\/castello\/va\/el-pspv-vota-en-contra-duna-pujada-dimpostos-del-govern-de-begona-carrasco-que-suposara-a-les-families-pagar-una-mitjana-de-86-euros-mes-en-2025\/#breadcrumb","itemListElement":[{"@type":"ListItem","position":1,"name":"Portada","item":"https:\/\/agrupacionespsoe.es\/castello\/"},{"@type":"ListItem","position":2,"name":"El PSPV vota en contra d&#8217;una pujada d&#8217;impostos del govern de Bego\u00f1a Carrasco que suposar\u00e0 a les fam\u00edlies pagar una mitjana de 86 euros m\u00e9s en 2025"}]},{"@type":"WebSite","@id":"https:\/\/agrupacionespsoe.es\/castello\/#website","url":"https:\/\/agrupacionespsoe.es\/castello\/","name":"PSPV-PSOE CASTELL\u00d3","description":"PSPV-PSOE | Agrupaci\u00f3 de Castell\u00f3","publisher":{"@id":"https:\/\/agrupacionespsoe.es\/castello\/#organization"},"potentialAction":[{"@type":"SearchAction","target":{"@type":"EntryPoint","urlTemplate":"https:\/\/agrupacionespsoe.es\/castello\/?s={search_term_string}"},"query-input":{"@type":"PropertyValueSpecification","valueRequired":true,"valueName":"search_term_string"}}],"inLanguage":"es"},{"@type":"Organization","@id":"https:\/\/agrupacionespsoe.es\/castello\/#organization","name":"PSPV-PSOE Castell\u00f3","url":"https:\/\/agrupacionespsoe.es\/castello\/","logo":{"@type":"ImageObject","inLanguage":"es","@id":"https:\/\/agrupacionespsoe.es\/castello\/#\/schema\/logo\/image\/","url":"https:\/\/agrupacionespsoe.es\/castello\/wp-content\/uploads\/sites\/45\/2023\/04\/PORTADA-PSOE-CASTELLO.jpg","contentUrl":"https:\/\/agrupacionespsoe.es\/castello\/wp-content\/uploads\/sites\/45\/2023\/04\/PORTADA-PSOE-CASTELLO.jpg","width":2500,"height":2500,"caption":"PSPV-PSOE Castell\u00f3"},"image":{"@id":"https:\/\/agrupacionespsoe.es\/castello\/#\/schema\/logo\/image\/"},"sameAs":["https:\/\/www.facebook.com\/pspv.castellodelaplana","https:\/\/x.com\/pspv_cs","https:\/\/www.instagram.com\/pspvpsoecastello\/"]},{"@type":"Person","@id":"https:\/\/agrupacionespsoe.es\/castello\/#\/schema\/person\/f3bc5b2f9dc6a399e9e98596ae24a20a","name":"castello1","image":{"@type":"ImageObject","inLanguage":"es","@id":"https:\/\/agrupacionespsoe.es\/castello\/#\/schema\/person\/image\/","url":"https:\/\/secure.gravatar.com\/avatar\/5f1da428d6479d1127419c0b58796865?s=96&d=mm&r=g","contentUrl":"https:\/\/secure.gravatar.com\/avatar\/5f1da428d6479d1127419c0b58796865?s=96&d=mm&r=g","caption":"castello1"},"url":"https:\/\/agrupacionespsoe.es\/castello\/author\/castello1\/"}]}},"jetpack_publicize_connections":[],"jetpack_featured_media_url":"https:\/\/agrupacionespsoe.es\/castello\/wp-content\/uploads\/sites\/45\/2024\/10\/20241024-El-PSPV-vota-en-contra-de-una-subida-de-impuestos-del-gobierno-de-Begona-Carrasco-que-supondra-a-las-familias-pagar-una-media-de-86-euros-mas-en-2025-scaled.jpg","jetpack_sharing_enabled":true,"_links":{"self":[{"href":"https:\/\/agrupacionespsoe.es\/castello\/wp-json\/wp\/v2\/posts\/6454","targetHints":{"allow":["GET"]}}],"collection":[{"href":"https:\/\/agrupacionespsoe.es\/castello\/wp-json\/wp\/v2\/posts"}],"about":[{"href":"https:\/\/agrupacionespsoe.es\/castello\/wp-json\/wp\/v2\/types\/post"}],"author":[{"embeddable":true,"href":"https:\/\/agrupacionespsoe.es\/castello\/wp-json\/wp\/v2\/users\/48"}],"replies":[{"embeddable":true,"href":"https:\/\/agrupacionespsoe.es\/castello\/wp-json\/wp\/v2\/comments?post=6454"}],"version-history":[{"count":2,"href":"https:\/\/agrupacionespsoe.es\/castello\/wp-json\/wp\/v2\/posts\/6454\/revisions"}],"predecessor-version":[{"id":6456,"href":"https:\/\/agrupacionespsoe.es\/castello\/wp-json\/wp\/v2\/posts\/6454\/revisions\/6456"}],"wp:featuredmedia":[{"embeddable":true,"href":"https:\/\/agrupacionespsoe.es\/castello\/wp-json\/wp\/v2\/media\/6451"}],"wp:attachment":[{"href":"https:\/\/agrupacionespsoe.es\/castello\/wp-json\/wp\/v2\/media?parent=6454"}],"wp:term":[{"taxonomy":"category","embeddable":true,"href":"https:\/\/agrupacionespsoe.es\/castello\/wp-json\/wp\/v2\/categories?post=6454"},{"taxonomy":"post_tag","embeddable":true,"href":"https:\/\/agrupacionespsoe.es\/castello\/wp-json\/wp\/v2\/tags?post=6454"}],"curies":[{"name":"wp","href":"https:\/\/api.w.org\/{rel}","templated":true}]}}